{"id":2697057,"date":"2026-05-01T21:09:11","date_gmt":"2026-05-01T20:09:11","guid":{"rendered":"https:\/\/www.pressenza.com\/?p=2697057"},"modified":"2026-05-01T21:09:11","modified_gmt":"2026-05-01T20:09:11","slug":"les-medias-face-a-la-crise-du-pluralisme-une-derive-qui-menace-la-democratie","status":"publish","type":"post","link":"https:\/\/www.pressenza.com\/fr\/2026\/05\/les-medias-face-a-la-crise-du-pluralisme-une-derive-qui-menace-la-democratie\/","title":{"rendered":"Les m\u00e9dias face \u00e0 la crise du pluralisme : une d\u00e9rive qui menace la d\u00e9mocratie"},"content":{"rendered":"<div class=\"page\" role=\"region\" data-page-number=\"1\" data-l10n-id=\"pdfjs-page-landmark\" data-l10n-args=\"{&quot;page&quot;:1}\" data-loaded=\"true\" aria-label=\"Page 1\">\n<div tabindex=\"0\" data-main-rotation=\"0\">\n<div><b><span style=\"color: #444444;\">\u00ab\u00a0A l\u2019\u2019occasion de la journ\u00e9e internationale de la Libert\u00e9 de la presse de ce 3 mai,<\/span><\/b><\/div>\n<div><b><span style=\"color: #444444;\">Nous avons, avec Habiba et quelques autres pr\u00e9par\u00e9 ce \u00ab\u00a0Point de vue \u00bb \u00a0centr\u00e9esur la question du respect du pluralisme dans la presse et mes m\u00e9dias.\u00a0 <\/span><\/b><b><span style=\"color: #444444;\">Une presse libre sans pluralisme ne serait qu\u2019une grave illusion d\u00e9mocratique, non ?<\/span><\/b><\/div>\n<div><b><span style=\"color: #444444;\">Si vous approuvez le contenu de cet article, vous pouvez le signer et le renvoyer <\/span><\/b><b><u><span style=\"color: #ff4013;\">d\u00e8s que possible et avant dimanche matin 3 mai au plus tard<\/span><\/u><span style=\"color: #444444;\">.<\/span><\/b><\/div>\n<div><b><span style=\"color: #444444;\">Pierrick Hamon\u00a0<\/span><\/b><\/div>\n<div>\n<div>\n<div>\n<div>D\u00e9l\u00e9gu\u00e9 g\u00e9n\u00e9ral \/\u00a0I-Dialogos think tank<\/div>\n<\/div>\n<\/div>\n<\/div>\n<\/div>\n<div tabindex=\"0\" data-main-rotation=\"0\"><\/div>\n<div class=\"textLayer\" tabindex=\"0\" data-main-rotation=\"0\"><span id=\"p3R_mc42\" class=\"markedContent\"><span dir=\"ltr\" role=\"presentation\">La diversit\u00e9 de l\u2019information semble, \u00e0 premi\u00e8re vue, mieux respect\u00e9e qu\u2019auparavant. Mais ce <\/span><\/span><span id=\"p3R_mc43\" class=\"markedContent\"><span dir=\"ltr\" role=\"presentation\">progr\u00e8s apparent doit moins aux m\u00e9dias traditionnels qu\u2019\u00e0 l\u2019essor des r\u00e9seaux sociaux, devenus, <\/span><\/span><span id=\"p3R_mc44\" class=\"markedContent\"><span dir=\"ltr\" role=\"presentation\">malgr\u00e9 leurs d\u00e9rives, des espaces de pluralit\u00e9. C\u2019est l\u00e0 un paradox<\/span><\/span><span id=\"p3R_mc45\" class=\"markedContent\"><span dir=\"ltr\" role=\"presentation\">e majeur : alors que les <\/span><\/span><span id=\"p3R_mc46\" class=\"markedContent\"><span dir=\"ltr\" role=\"presentation\">plateformes num\u00e9riques sont souvent accus\u00e9es<\/span><\/span><span id=\"p3R_mc47\" class=\"markedContent\"> <span dir=\"ltr\" role=\"presentation\">&#8211;<\/span><\/span><span id=\"p3R_mc48\" class=\"markedContent\"><\/span><span id=\"p3R_mc49\" class=\"markedContent\"> <span dir=\"ltr\" role=\"presentation\">\u00e0 juste titre<\/span><\/span><span id=\"p3R_mc50\" class=\"markedContent\"> <span dir=\"ltr\" role=\"presentation\">&#8211;<\/span><\/span><span id=\"p3R_mc51\" class=\"markedContent\"><\/span><span id=\"p3R_mc52\" class=\"markedContent\"> <span dir=\"ltr\" role=\"presentation\">de favoriser la d\u00e9sinformation,<\/span><\/span><span id=\"p3R_mc53\" class=\"markedContent\"><br role=\"presentation\" \/><span dir=\"ltr\" role=\"presentation\">elles offrent aussi des possibilit\u00e9s d\u2019expression que les m\u00e9dias \u00e9tablis tendent de plus en plus \u00e0 <\/span><\/span><span id=\"p3R_mc54\" class=\"markedContent\"><span dir=\"ltr\" role=\"presentation\">restreindre.<\/span><\/span><\/div>\n<div class=\"textLayer\" tabindex=\"0\" data-main-rotation=\"0\"><span id=\"p3R_mc55\" class=\"markedContent\"><\/span><span id=\"p3R_mc56\" class=\"markedContent\"><br role=\"presentation\" \/><span dir=\"ltr\" role=\"presentation\">Car dans ces derniers<\/span><\/span><span id=\"p3R_mc57\" class=\"markedContent\"><\/span><span id=\"p3R_mc58\" class=\"markedContent\"> <span dir=\"ltr\" role=\"presentation\">la diversit\u00e9 des points de vue recule. Les visions alternatives, les <\/span><\/span><span id=\"p3R_mc59\" class=\"markedContent\"><span dir=\"ltr\" role=\"presentation\">\u00e9clairages diff\u00e9rents sur les \u00e9v\u00e9nements, sont progressivement marginalis\u00e9s<\/span><\/span><span id=\"p3R_mc60\" class=\"markedContent\"><\/span><span id=\"p3R_mc61\" class=\"markedContent\"> <span dir=\"ltr\" role=\"presentation\">et m\u00eame \u00e9cart\u00e9s<\/span><\/span><span id=\"p3R_mc62\" class=\"markedContent\"><span dir=\"ltr\" role=\"presentation\">.<\/span><\/span><span id=\"p3R_mc63\" class=\"markedContent\"><br role=\"presentation\" \/><span dir=\"ltr\" role=\"presentation\">Le journalisme<\/span> <span dir=\"ltr\" role=\"presentation\">d\u2019investigation,<\/span> <span dir=\"ltr\" role=\"presentation\">au<\/span> <span dir=\"ltr\" role=\"presentation\">sens<\/span> <span dir=\"ltr\" role=\"presentation\">exigeant<\/span> <span dir=\"ltr\" role=\"presentation\">du<\/span> <span dir=\"ltr\" role=\"presentation\">terme<\/span><\/span><span id=\"p3R_mc64\" class=\"markedContent\"><span dir=\"ltr\" role=\"presentation\">,<\/span><\/span><span id=\"p3R_mc65\" class=\"markedContent\"><\/span><span id=\"p3R_mc66\" class=\"markedContent\"> <span dir=\"ltr\" role=\"presentation\">celui qui v\u00e9rifie,<\/span> <span dir=\"ltr\" role=\"presentation\">recoupe, <\/span><\/span><span id=\"p3R_mc67\" class=\"markedContent\"><span dir=\"ltr\" role=\"presentation\">contextualise, confronte<\/span><\/span><span id=\"p3R_mc68\" class=\"markedContent\"><span dir=\"ltr\" role=\"presentation\">,<\/span><\/span><span id=\"p3R_mc69\" class=\"markedContent\"><\/span><span id=\"p3R_mc70\" class=\"markedContent\"> <span dir=\"ltr\" role=\"presentation\">semble s\u2019effacer au profit d\u2019un traitement r\u00e9p\u00e9titif<\/span><\/span><span id=\"p3R_mc71\" class=\"markedContent\"> <span dir=\"ltr\" role=\"presentation\">et<\/span><\/span><span id=\"p3R_mc72\" class=\"markedContent\"> <span dir=\"ltr\" role=\"presentation\">b<\/span><\/span><span id=\"p3R_mc73\" class=\"markedContent\"><span dir=\"ltr\" role=\"presentation\">iais\u00e9<\/span><\/span><span id=\"p3R_mc74\" class=\"markedContent\"> <span dir=\"ltr\" role=\"presentation\">de <\/span><\/span><span id=\"p3R_mc75\" class=\"markedContent\"><span dir=\"ltr\" role=\"presentation\">l\u2019information.<\/span><\/span><span id=\"p3R_mc76\" class=\"markedContent\"><\/span><span id=\"p3R_mc77\" class=\"markedContent\"> <span dir=\"ltr\" role=\"presentation\">Non pas l\u2019<\/span><\/span><span id=\"p3R_mc78\" class=\"markedContent\"><span dir=\"ltr\" role=\"presentation\">\u00ab<\/span><\/span><span id=\"p3R_mc79\" class=\"markedContent\"><\/span><span id=\"p3R_mc80\" class=\"markedContent\"> <span dir=\"ltr\" role=\"presentation\">investigation<\/span><\/span><span id=\"p3R_mc81\" class=\"markedContent\"> <span dir=\"ltr\" role=\"presentation\">spectacle<\/span><\/span><span id=\"p3R_mc82\" class=\"markedContent\"><\/span><span id=\"p3R_mc83\" class=\"markedContent\"> <span dir=\"ltr\" role=\"presentation\">\u00bb<\/span><\/span><span id=\"p3R_mc84\" class=\"markedContent\"> <span dir=\"ltr\" role=\"presentation\">de fa\u00e7ade qui amplifie<\/span><\/span><span id=\"p3R_mc85\" class=\"markedContent\"> <span dir=\"ltr\" role=\"presentation\">\u00e0 grands bruits<\/span><\/span><span id=\"p3R_mc86\" class=\"markedContent\"> <span dir=\"ltr\" role=\"presentation\">des <\/span><\/span><span id=\"p3R_mc87\" class=\"markedContent\"><span dir=\"ltr\" role=\"presentation\">constats d\u00e9j\u00e0 connus, mais celle qui caract\u00e9risait<\/span><\/span><span id=\"p3R_mc88\" class=\"markedContent\"> <span dir=\"ltr\" role=\"presentation\">les<\/span><\/span><span id=\"p3R_mc89\" class=\"markedContent\"> <span dir=\"ltr\" role=\"presentation\">grandes p\u00e9riodes du<\/span><\/span><span id=\"p3R_mc90\" class=\"markedContent\"> <span dir=\"ltr\" role=\"presentation\">Washington Post<\/span><\/span><span id=\"p3R_mc91\" class=\"markedContent\"><span dir=\"ltr\" role=\"presentation\">, du <\/span><\/span><span id=\"p3R_mc92\" class=\"markedContent\"><span dir=\"ltr\" role=\"presentation\">New York Times<\/span><\/span><span id=\"p3R_mc93\" class=\"markedContent\"><\/span><span id=\"p3R_mc94\" class=\"markedContent\"> <span dir=\"ltr\" role=\"presentation\">et d\u2019autres titres majeurs, lorsque la recherche de la v\u00e9rit\u00e9 primait sur la vitesse <\/span><\/span><span id=\"p3R_mc95\" class=\"markedContent\"><span dir=\"ltr\" role=\"presentation\">et le commentaire.<\/span><\/span><span id=\"p3R_mc96\" class=\"markedContent\"><\/span><span id=\"p3R_mc97\" class=\"markedContent\"><br role=\"presentation\" \/><span dir=\"ltr\" role=\"presentation\">Pris dans la pression du flux continu et de la concurrence num\u00e9rique, nombre de journalistes se <\/span><\/span><span id=\"p3R_mc98\" class=\"markedContent\"><span dir=\"ltr\" role=\"presentation\">contentent d\u00e9sormais de reprendre des d\u00e9p\u00eaches d\u2019agence, parfois ajust\u00e9es, mais<\/span><\/span><span id=\"p3R_mc99\" class=\"markedContent\"><span dir=\"ltr\" role=\"presentation\">, pris<\/span><\/span><span id=\"p3R_mc100\" class=\"markedContent\"><\/span><span id=\"p3R_mc101\" class=\"markedContent\"> <span dir=\"ltr\" role=\"presentation\">pa<\/span><\/span><span id=\"p3R_mc102\" class=\"markedContent\"><span dir=\"ltr\" role=\"presentation\">r <\/span><\/span><span id=\"p3R_mc104\" class=\"markedContent\"><span dir=\"ltr\" role=\"presentation\">l\u2019urgence,<\/span><\/span><span id=\"p3R_mc105\" class=\"markedContent\"><\/span><span id=\"p3R_mc106\" class=\"markedContent\"> <span dir=\"ltr\" role=\"presentation\">rarement v\u00e9rifi\u00e9es en profondeur. Les sources sont<\/span><\/span><span id=\"p3R_mc107\" class=\"markedContent\"> <span dir=\"ltr\" role=\"presentation\">ainsi<\/span><\/span><span id=\"p3R_mc108\" class=\"markedContent\"> <span dir=\"ltr\" role=\"presentation\">peu interrog\u00e9es, rarement <\/span><\/span><span id=\"p3R_mc109\" class=\"markedContent\"><span dir=\"ltr\" role=\"presentation\">explicit\u00e9es, et la complexit\u00e9 des situations c\u00e8de le pas \u00e0 des narrations simplifi\u00e9es. Cette<\/span><\/span><span id=\"p3R_mc110\" class=\"markedContent\"><br role=\"presentation\" \/><span dir=\"ltr\" role=\"presentation\">\u00e9volution ne rel\u00e8ve pas seulement de contraintes \u00e9conomiques ou techniques ; elle traduit aussi <\/span><\/span><span id=\"p3R_mc111\" class=\"markedContent\"><span dir=\"ltr\" role=\"presentation\">un d\u00e9placement des priorit\u00e9s dans la prat<\/span><\/span><span id=\"p3R_mc112\" class=\"markedContent\"><span dir=\"ltr\" role=\"presentation\">iq<\/span><\/span><span id=\"p3R_mc113\" class=\"markedContent\"><span dir=\"ltr\" role=\"presentation\">ue journalistique.<\/span><\/span><span id=\"p3R_mc114\" class=\"markedContent\"><\/span><span id=\"p3R_mc115\" class=\"markedContent\"><\/span><\/div>\n<h3 class=\"textLayer\" tabindex=\"0\" data-main-rotation=\"0\"><span id=\"p3R_mc115\" class=\"markedContent\"><span dir=\"ltr\" role=\"presentation\">1. La concentration des m\u00e9dias est elle la seule explication<\/span><\/span><span id=\"p3R_mc116\" class=\"markedContent\"><\/span><span id=\"p3R_mc117\" class=\"markedContent\"> <span dir=\"ltr\" role=\"presentation\">?<\/span><\/span><span id=\"p3R_mc118\" class=\"markedContent\"><\/span><span id=\"p3R_mc119\" class=\"markedContent\"><br role=\"presentation\" \/><\/span><\/h3>\n<p class=\"textLayer\" tabindex=\"0\" data-main-rotation=\"0\"><span id=\"p3R_mc119\" class=\"markedContent\"><span dir=\"ltr\" role=\"presentation\">La concentration des m\u00e9dias est un fait r\u00e9el et pr\u00e9occupant, notamment lorsqu\u2019une part <\/span><\/span><span id=\"p3R_mc120\" class=\"markedContent\"><span dir=\"ltr\" role=\"presentation\">importante de l\u2019information d\u00e9pend de quelques groupes industriels, financiers ou id\u00e9ologiques.<\/span><\/span><span id=\"p3R_mc121\" class=\"markedContent\"><br role=\"presentation\" \/><span dir=\"ltr\" role=\"presentation\">Mais elle n\u2019explique pas \u00e0 elle seule l\u2019homog\u00e9n\u00e9it\u00e9 croissante des analys<\/span><\/span><span id=\"p3R_mc122\" class=\"markedContent\"><span dir=\"ltr\" role=\"presentation\">es. Celle<\/span><\/span><span id=\"p3R_mc123\" class=\"markedContent\"><span dir=\"ltr\" role=\"presentation\">&#8211;<\/span><\/span><span id=\"p3R_mc124\" class=\"markedContent\"><span dir=\"ltr\" role=\"presentation\">ci tient<\/span><\/span><span id=\"p3R_mc125\" class=\"markedContent\"> <span dir=\"ltr\" role=\"presentation\">donc <\/span><\/span><span id=\"p3R_mc126\" class=\"markedContent\"><span dir=\"ltr\" role=\"presentation\">probablement<\/span><\/span><span id=\"p3R_mc127\" class=\"markedContent\"> <span dir=\"ltr\" role=\"presentation\">aussi \u00e0 la d\u00e9pendance aux agences, aux sources institutionnelles, \u00e0 la peur de la <\/span><\/span><span id=\"p3R_mc128\" class=\"markedContent\"><span dir=\"ltr\" role=\"presentation\">dissonance, aux logiques d\u2019audience et \u00e0 la pr\u00e9carisation du m\u00e9tier journalistique.<\/span><\/span><span id=\"p3R_mc129\" class=\"markedContent\"><\/span><span id=\"p3R_mc130\" class=\"markedContent\"><br role=\"presentation\" \/><span dir=\"ltr\" role=\"presentation\">Il faut en outre \u00e9viter une lecture trop occidentalo<\/span><\/span><span id=\"p3R_mc131\" class=\"markedContent\"><span dir=\"ltr\" role=\"presentation\">&#8211;<\/span><\/span><span id=\"p3R_mc132\" class=\"markedContent\"><span dir=\"ltr\" role=\"presentation\">centr\u00e9e. Dans de nombreux pays autoritaires, <\/span><\/span><span id=\"p3R_mc133\" class=\"markedContent\"><span dir=\"ltr\" role=\"presentation\">et pas seulement au \u00ab<\/span><\/span><span id=\"p3R_mc134\" class=\"markedContent\"><\/span><span id=\"p3R_mc135\" class=\"markedContent\"> <span dir=\"ltr\" role=\"presentation\">Sud<\/span><\/span><span id=\"p3R_mc136\" class=\"markedContent\"><\/span><span id=\"p3R_mc137\" class=\"markedContent\"> <span dir=\"ltr\" role=\"presentation\">\u00bb, le probl\u00e8me n\u2019est pas uniquement la concentration priv\u00e9e, mais le <\/span><\/span><span id=\"p3R_mc138\" class=\"markedContent\"><span dir=\"ltr\" role=\"presentation\">contr\u00f4le direct ou indirect des m\u00e9dias par les gouvernements, l<\/span><\/span><span id=\"p3R_mc139\" class=\"markedContent\"><span dir=\"ltr\" role=\"presentation\">es partis dominants, l\u2019arm\u00e9e ou<\/span><\/span><span id=\"p3R_mc140\" class=\"markedContent\"><span dir=\"ltr\" role=\"presentation\">des oligarques li\u00e9s au pouvoir. La libert\u00e9 de la presse, la vraie, est ainsi en situation tr\u00e8s grave <\/span><\/span><span id=\"p3R_mc141\" class=\"markedContent\"><span dir=\"ltr\" role=\"presentation\">pour plus de la moiti\u00e9 de la population mondiale, tandis que la fragilit\u00e9 \u00e9conomique des m\u00e9dias<\/span><\/span><span id=\"p3R_mc142\" class=\"markedContent\"><span dir=\"ltr\" role=\"presentation\">devient elle<\/span><\/span><span id=\"p3R_mc143\" class=\"markedContent\"><span dir=\"ltr\" role=\"presentation\">&#8211;<\/span><\/span><span id=\"p3R_mc144\" class=\"markedContent\"><span dir=\"ltr\" role=\"presentation\">m\u00eame une menac<\/span><\/span><span id=\"p3R_mc145\" class=\"markedContent\"><span dir=\"ltr\" role=\"presentation\">e majeure pour l\u2019ind\u00e9pendance \u00e9ditoriale.<\/span><\/span><span id=\"p3R_mc146\" class=\"markedContent\"><\/span><span id=\"p3R_mc147\" class=\"markedContent\"><\/span><\/p>\n<h3 class=\"annotationLayer\" data-main-rotation=\"0\"><span id=\"p33R_mc0\" class=\"markedContent\"><span dir=\"ltr\" role=\"presentation\">2. La disqualification morale pour \u00e9viter la confrontation des id\u00e9es<\/span><\/span><span id=\"p33R_mc1\" class=\"markedContent\"><\/span><span id=\"p33R_mc2\" class=\"markedContent\"> <span dir=\"ltr\" role=\"presentation\">?<\/span><\/span><\/h3>\n<\/div>\n<div class=\"page\" role=\"region\" data-page-number=\"2\" data-l10n-id=\"pdfjs-page-landmark\" data-l10n-args=\"{&quot;page&quot;:2}\" aria-label=\"Page 2\" data-loaded=\"true\">\n<p class=\"textLayer\" tabindex=\"0\" data-main-rotation=\"0\"><span id=\"p33R_mc4\" class=\"markedContent\"><span dir=\"ltr\" role=\"presentation\">Dans les D\u00e9mocraties europ\u00e9ennes, ce qui est p<\/span><\/span><span id=\"p33R_mc5\" class=\"markedContent\"><span dir=\"ltr\" role=\"presentation\">lus pr\u00e9occupant encore, toute analyse divergente<\/span><\/span><span id=\"p33R_mc6\" class=\"markedContent\"><br role=\"presentation\" \/><span dir=\"ltr\" role=\"presentation\">tend \u00e0 \u00eatre disqualifi\u00e9e. Elle est rapidement renvoy\u00e9e \u00e0 des cat\u00e9gories<\/span><\/span><span id=\"p33R_mc7\" class=\"markedContent\"> <span dir=\"ltr\" role=\"presentation\">manich\u00e9ennes<\/span><\/span><span id=\"p33R_mc8\" class=\"markedContent\"><\/span><span id=\"p33R_mc9\" class=\"markedContent\"> <span dir=\"ltr\" role=\"presentation\">&#8211;<\/span><\/span><span id=\"p33R_mc10\" class=\"markedContent\"><\/span><span id=\"p33R_mc11\" class=\"markedContent\"> <span dir=\"ltr\" role=\"presentation\">le Bien <\/span><\/span><span id=\"p33R_mc12\" class=\"markedContent\"><span dir=\"ltr\" role=\"presentation\">contre<\/span> <span dir=\"ltr\" role=\"presentation\">le<\/span> <span dir=\"ltr\" role=\"presentation\">Mal<\/span><\/span><span id=\"p33R_mc13\" class=\"markedContent\"><\/span><span id=\"p33R_mc14\" class=\"markedContent\"> <span dir=\"ltr\" role=\"presentation\">&#8211;<\/span><\/span><span id=\"p33R_mc15\" class=\"markedContent\"><\/span><span id=\"p33R_mc16\" class=\"markedContent\"> <span dir=\"ltr\" role=\"presentation\">et<\/span> <span dir=\"ltr\" role=\"presentation\">infamantes<\/span><\/span><span id=\"p33R_mc17\" class=\"markedContent\"><\/span><span id=\"p33R_mc18\" class=\"markedContent\"> <span dir=\"ltr\" role=\"presentation\">&#8211;<\/span><\/span><span id=\"p33R_mc19\" class=\"markedContent\"><\/span><span id=\"p33R_mc20\" class=\"markedContent\"> <span dir=\"ltr\" role=\"presentation\">colonialiste,<\/span><\/span><span id=\"p33R_mc21\" class=\"markedContent\"> <span dir=\"ltr\" role=\"presentation\">complotiste,<\/span><\/span><span id=\"p33R_mc22\" class=\"markedContent\"> <span dir=\"ltr\" role=\"presentation\">p\u00e9tainiste,<\/span><\/span><span id=\"p33R_mc23\" class=\"markedContent\"> <span dir=\"ltr\" role=\"presentation\">poutiniste,<\/span><\/span><span id=\"p33R_mc24\" class=\"markedContent\"><span dir=\"ltr\" role=\"presentation\">n\u00e9gationniste,<\/span><\/span><span id=\"p33R_mc25\" class=\"markedContent\"><\/span><span id=\"p33R_mc26\" class=\"markedContent\"> <span dir=\"ltr\" role=\"presentation\">terroriste,<\/span><\/span><span id=\"p33R_mc27\" class=\"markedContent\"> <span dir=\"ltr\" role=\"presentation\">islamiste,<\/span><\/span><span id=\"p33R_mc28\" class=\"markedContent\"> <span dir=\"ltr\" role=\"presentation\">extr\u00e9miste,<\/span><\/span><span id=\"p33R_mc29\" class=\"markedContent\"> <span dir=\"ltr\" role=\"presentation\">communautariste,<\/span><\/span><span id=\"p33R_mc30\" class=\"markedContent\"> <span dir=\"ltr\" role=\"presentation\">etc<\/span><\/span><span id=\"p33R_mc31\" class=\"markedContent\"><span dir=\"ltr\" role=\"presentation\">\u2026<\/span><\/span><span id=\"p33R_mc32\" class=\"markedContent\"><\/span><span id=\"p33R_mc33\" class=\"markedContent\"> <span dir=\"ltr\" role=\"presentation\">&#8211;<\/span><\/span><span id=\"p33R_mc34\" class=\"markedContent\"><\/span><span id=\"p33R_mc35\" class=\"markedContent\"> <span dir=\"ltr\" role=\"presentation\">qui tiennent lieu <\/span><\/span><span id=\"p33R_mc36\" class=\"markedContent\"><span dir=\"ltr\" role=\"presentation\">d\u2019argument et dispensent de toute discussion.<\/span><\/span><span id=\"p33R_mc37\" class=\"markedContent\"><\/span><span id=\"p33R_mc38\" class=\"markedContent\"><br role=\"presentation\" \/><span dir=\"ltr\" role=\"presentation\">Ce glissement vers une forme de stigmatisation contribue \u00e0 appauvrir le d\u00e9bat public, en <\/span><\/span><span id=\"p33R_mc39\" class=\"markedContent\"><span dir=\"ltr\" role=\"presentation\">substituant la disqualification morale \u00e0 la confrontation des id\u00e9es.<\/span><\/span><span id=\"p33R_mc40\" class=\"markedContent\"><\/span><span id=\"p33R_mc41\" class=\"markedContent\"><br role=\"presentation\" \/><span dir=\"ltr\" role=\"presentation\">Les cha\u00eenes d\u2019information en continu accentuent cette tendance. Elles mobilisent des \u00ab experts<\/span><\/span><span id=\"p33R_mc42\" class=\"markedContent\"><span dir=\"ltr\" role=\"presentation\">\u00bb<\/span><\/span><span id=\"p33R_mc43\" class=\"markedContent\"> <span dir=\"ltr\" role=\"presentation\">&#8211;<\/span><\/span><span id=\"p33R_mc44\" class=\"markedContent\"><\/span><span id=\"p33R_mc45\" class=\"markedContent\"> <span dir=\"ltr\" role=\"presentation\">apr\u00e8s le temps des m\u00e9decins<\/span><\/span><span id=\"p33R_mc46\" class=\"markedContent\"> <span dir=\"ltr\" role=\"presentation\">est venu celui des<\/span><\/span><span id=\"p33R_mc47\" class=\"markedContent\"> <span dir=\"ltr\" role=\"presentation\">ex<\/span><\/span><span id=\"p33R_mc48\" class=\"markedContent\"><span dir=\"ltr\" role=\"presentation\">&#8211;<\/span><\/span><span id=\"p33R_mc49\" class=\"markedContent\"><span dir=\"ltr\" role=\"presentation\">militaires<\/span><\/span><span id=\"p33R_mc50\" class=\"markedContent\"> <span dir=\"ltr\" role=\"presentation\">&#8211;<\/span><\/span><span id=\"p33R_mc51\" class=\"markedContent\"><\/span><span id=\"p33R_mc52\" class=\"markedContent\"> <span dir=\"ltr\" role=\"presentation\">omnipr\u00e9sents<\/span><\/span><span id=\"p33R_mc53\" class=\"markedContent\"><\/span><span id=\"p33R_mc54\" class=\"markedContent\"> <span dir=\"ltr\" role=\"presentation\">sur les plateaux <\/span><\/span><span id=\"p33R_mc55\" class=\"markedContent\"><span dir=\"ltr\" role=\"presentation\">TV<\/span><\/span><span id=\"p33R_mc56\" class=\"markedContent\"><span dir=\"ltr\" role=\"presentation\">, parfois auto<\/span><\/span><span id=\"p33R_mc57\" class=\"markedContent\"><span dir=\"ltr\" role=\"presentation\">&#8211;<\/span><\/span><span id=\"p33R_mc58\" class=\"markedContent\"><span dir=\"ltr\" role=\"presentation\">proclam\u00e9s, dont la r\u00e9p\u00e9tition des interventions rappelle, par certains aspects, <\/span><\/span><span id=\"p33R_mc59\" class=\"markedContent\"><span dir=\"ltr\" role=\"presentation\">les dispositifs m\u00e9diatiques observ\u00e9s durant la crise sanitaire<\/span><\/span><span id=\"p33R_mc60\" class=\"markedContent\"><\/span><span id=\"p33R_mc61\" class=\"markedContent\"> <span dir=\"ltr\" role=\"presentation\">du Covid<\/span><\/span><span id=\"p33R_mc62\" class=\"markedContent\"><span dir=\"ltr\" role=\"presentation\">. L\u2019analyse y devient<\/span><\/span><span id=\"p33R_mc63\" class=\"markedContent\"><br role=\"presentation\" \/><span dir=\"ltr\" role=\"presentation\">souvent pr\u00e9visible, format\u00e9e, inscrite dans des grilles de lecture peu renouvel\u00e9es<\/span><\/span><span id=\"p33R_mc64\" class=\"markedContent\"><\/span><span id=\"p33R_mc65\" class=\"markedContent\"> <span dir=\"ltr\" role=\"presentation\">et, parfois, peu <\/span><\/span><span id=\"p33R_mc66\" class=\"markedContent\"><span dir=\"ltr\" role=\"presentation\">soucieuse de d\u00e9ontologie.<\/span><\/span><span id=\"p33R_mc67\" class=\"markedContent\"><\/span><span id=\"p33R_mc68\" class=\"markedContent\"><br role=\"presentation\" \/><span dir=\"ltr\" role=\"presentation\">Le traitement m\u00e9diatique de l\u2019actualit\u00e9, et pas seulement r\u00e9cente, met ainsi en \u00e9vidence les <\/span><\/span><span id=\"p33R_mc69\" class=\"markedContent\"><span dir=\"ltr\" role=\"presentation\">limites<\/span> <span dir=\"ltr\" role=\"presentation\">d\u2019approches<\/span> <span dir=\"ltr\" role=\"presentation\">fond\u00e9es<\/span> <span dir=\"ltr\" role=\"presentation\">sur<\/span> <span dir=\"ltr\" role=\"presentation\">des<\/span> <span dir=\"ltr\" role=\"presentation\">sch\u00e9mas<\/span> <span dir=\"ltr\" role=\"presentation\">st\u00e9r\u00e9otyp\u00e9s.<\/span> <span dir=\"ltr\" role=\"presentation\">L\u2019\u00e9motion<\/span> <span dir=\"ltr\" role=\"presentation\">y<\/span> <span dir=\"ltr\" role=\"presentation\">prime<\/span> <span dir=\"ltr\" role=\"presentation\">sur<\/span> <span dir=\"ltr\" role=\"presentation\">la <\/span><\/span><span id=\"p33R_mc70\" class=\"markedContent\"><span dir=\"ltr\" role=\"presentation\">compr\u00e9hension, le court terme sur la mise en perspective, au d\u00e9triment de l\u2019\u00e9cout<\/span><\/span><span id=\"p33R_mc71\" class=\"markedContent\"><span dir=\"ltr\" role=\"presentation\">e des acteurs <\/span><\/span><span id=\"p33R_mc72\" class=\"markedContent\"><span dir=\"ltr\" role=\"presentation\">concern\u00e9s et de la prise en compte de la diversit\u00e9 des situations, notamment internationales.<\/span><\/span><span id=\"p33R_mc73\" class=\"markedContent\"><\/span><span id=\"p33R_mc74\" class=\"markedContent\"><br role=\"presentation\" \/><span dir=\"ltr\" role=\"presentation\">Pourtant<\/span><\/span><span id=\"p33R_mc75\" class=\"markedContent\"><span dir=\"ltr\" role=\"presentation\">, \u00e0 l\u2019inverse, la<\/span><\/span><span id=\"p33R_mc76\" class=\"markedContent\"> <span dir=\"ltr\" role=\"presentation\">D<\/span><\/span><span id=\"p33R_mc77\" class=\"markedContent\"><span dir=\"ltr\" role=\"presentation\">iplomatie<\/span><\/span><span id=\"p33R_mc78\" class=\"markedContent\"> <span dir=\"ltr\" role=\"presentation\">&#8211;<\/span><\/span><span id=\"p33R_mc79\" class=\"markedContent\"><\/span><span id=\"p33R_mc80\" class=\"markedContent\"> <span dir=\"ltr\" role=\"presentation\">lorsqu\u2019elle demeure fid\u00e8le \u00e0 ses principes<\/span><\/span><span id=\"p33R_mc81\" class=\"markedContent\"> <span dir=\"ltr\" role=\"presentation\">h\u00e9las de plus en <\/span><\/span><span id=\"p33R_mc82\" class=\"markedContent\"><span dir=\"ltr\" role=\"presentation\">plus n\u00e9glig\u00e9s<\/span><\/span><span id=\"p33R_mc83\" class=\"markedContent\"> <span dir=\"ltr\" role=\"presentation\">&#8211;<\/span><\/span><span id=\"p33R_mc84\" class=\"markedContent\"><\/span><span id=\"p33R_mc85\" class=\"markedContent\"> <span dir=\"ltr\" role=\"presentation\">repose pr\u00e9cis\u00e9ment sur le dialogue, l\u2019\u00e9coute et la reconnaissance de la <\/span><\/span><span id=\"p33R_mc86\" class=\"markedContent\"><span dir=\"ltr\" role=\"presentation\">complexit\u00e9.<\/span><\/span><span id=\"p33R_mc87\" class=\"markedContent\"> <span dir=\"ltr\" role=\"presentation\">La<\/span> <span dir=\"ltr\" role=\"presentation\">contestation<\/span> <span dir=\"ltr\" role=\"presentation\">du<\/span> <span dir=\"ltr\" role=\"presentation\">multilat\u00e9ralisme<\/span> <span dir=\"ltr\" role=\"presentation\">et<\/span> <span dir=\"ltr\" role=\"presentation\">du<\/span> <span dir=\"ltr\" role=\"presentation\">r\u00f4le<\/span> <span dir=\"ltr\" role=\"presentation\">des<\/span> <span dir=\"ltr\" role=\"presentation\">Nations<\/span> <span dir=\"ltr\" role=\"presentation\">Unies<\/span> <span dir=\"ltr\" role=\"presentation\">ne<\/span> <span dir=\"ltr\" role=\"presentation\">fait <\/span><\/span><span id=\"p33R_mc88\" class=\"markedContent\"><span dir=\"ltr\" role=\"presentation\">qu\u2019amplifier<\/span> <span dir=\"ltr\" role=\"presentation\">cette<\/span> <span dir=\"ltr\" role=\"presentation\">dangereuse<\/span> <span dir=\"ltr\" role=\"presentation\">\u00e9volution.<\/span> <span dir=\"ltr\" role=\"presentation\">La<\/span> <span dir=\"ltr\" role=\"presentation\">Diplomatie<\/span> <span dir=\"ltr\" role=\"presentation\">devrait<\/span> <span dir=\"ltr\" role=\"presentation\">pourtant<\/span><\/span><span id=\"p33R_mc89\" class=\"markedContent\"> <span dir=\"ltr\" role=\"presentation\">constitue<\/span><\/span><span id=\"p33R_mc90\" class=\"markedContent\"><span dir=\"ltr\" role=\"presentation\">r<\/span><\/span><span id=\"p33R_mc91\" class=\"markedContent\"><\/span><span id=\"p33R_mc92\" class=\"markedContent\"> <span dir=\"ltr\" role=\"presentation\">un<\/span><\/span><span id=\"p33R_mc93\" class=\"markedContent\"><br role=\"presentation\" \/><span dir=\"ltr\" role=\"presentation\">contrepoint essentiel aux logiques d\u2019affrontement, dont l\u2019actualit\u00e9 ne cesse de souligner les <\/span><\/span><span id=\"p33R_mc94\" class=\"markedContent\"><span dir=\"ltr\" role=\"presentation\">limites.<\/span><\/span><span id=\"p33R_mc95\" class=\"markedContent\"><\/span><span id=\"p33R_mc96\" class=\"markedContent\"><br role=\"presentation\" \/><span dir=\"ltr\" role=\"presentation\">Dans ce contexte, la responsabilit\u00e9 des m\u00e9dias est consid\u00e9rable. Ils devraient pouvoir se <\/span><\/span><span id=\"p33R_mc97\" class=\"markedContent\"><span dir=\"ltr\" role=\"presentation\">ressourcer, se r\u00e9interroger, afin de d\u00e9passer \u00e0 la fois la pression des r\u00e9seaux sociaux et les <\/span><\/span><span id=\"p33R_mc98\" class=\"markedContent\"><span dir=\"ltr\" role=\"presentation\">risques de manipulation qui y sont associ\u00e9s. Leur enjeu n\u2019est p<\/span><\/span><span id=\"p33R_mc99\" class=\"markedContent\"><span dir=\"ltr\" role=\"presentation\">lu<\/span><\/span><span id=\"p33R_mc100\" class=\"markedContent\"><span dir=\"ltr\" role=\"presentation\">s seulement de survivre, mais <\/span><\/span><span id=\"p33R_mc101\" class=\"markedContent\"><span dir=\"ltr\" role=\"presentation\">de se r\u00e9inventer comme acteurs centraux d\u2019un d\u00e9bat public \u00e9clair\u00e9.<\/span><\/span><span id=\"p33R_mc102\" class=\"markedContent\"><\/span><span id=\"p33R_mc103\" class=\"markedContent\"><br role=\"presentation\" \/><\/span><\/p>\n<h3 class=\"textLayer\" tabindex=\"0\" data-main-rotation=\"0\"><span id=\"p33R_mc103\" class=\"markedContent\"><span dir=\"ltr\" role=\"presentation\">Mais alors, q<\/span><\/span><span id=\"p33R_mc104\" class=\"markedContent\"><span dir=\"ltr\" role=\"presentation\">u\u2019est<\/span><\/span><span id=\"p33R_mc105\" class=\"markedContent\"><span dir=\"ltr\" role=\"presentation\">&#8211;<\/span><\/span><span id=\"p33R_mc106\" class=\"markedContent\"><span dir=\"ltr\" role=\"presentation\">ce qu\u2019\u00eatre journaliste aujourd\u2019hui ?<\/span><\/span><span id=\"p33R_mc107\" class=\"markedContent\"><\/span><span id=\"p33R_mc108\" class=\"markedContent\"><br role=\"presentation\" \/><\/span><\/h3>\n<p class=\"textLayer\" tabindex=\"0\" data-main-rotation=\"0\"><span id=\"p33R_mc108\" class=\"markedContent\"><span dir=\"ltr\" role=\"presentation\">Face aux transformations technologiques, \u00e0 l\u2019\u00e9mergence de nouveaux acteurs de l\u2019information, <\/span><\/span><span id=\"p33R_mc109\" class=\"markedContent\"><span dir=\"ltr\" role=\"presentation\">\u00e0 la concurrence des plateformes, cette question m\u00e9rite d\u2019\u00eatre repos\u00e9e. Plusieurs \u00e9tudes ont <\/span><\/span><span id=\"p33R_mc110\" class=\"markedContent\"><span dir=\"ltr\" role=\"presentation\">montr\u00e9 un glissement significatif dans la cr\u00e9dibilit\u00e9 accord\u00e9e aux m\u00e9d<\/span><\/span><span id=\"p33R_mc111\" class=\"markedContent\"><span dir=\"ltr\" role=\"presentation\">ias<\/span><\/span><span id=\"p33R_mc112\" class=\"markedContent\"><\/span><span id=\"p33R_mc113\" class=\"markedContent\"> <span dir=\"ltr\" role=\"presentation\">et pas seulement chez <\/span><\/span><span id=\"p33R_mc114\" class=\"markedContent\"><span dir=\"ltr\" role=\"presentation\">les jeunes<\/span><\/span><span id=\"p33R_mc115\" class=\"markedContent\"><span dir=\"ltr\" role=\"presentation\">. Peut<\/span><\/span><span id=\"p33R_mc116\" class=\"markedContent\"><span dir=\"ltr\" role=\"presentation\">&#8211;<\/span><\/span><span id=\"p33R_mc117\" class=\"markedContent\"><span dir=\"ltr\" role=\"presentation\">on vraiment consid\u00e9rer comme fortuite la crise de confiance qu\u2019ils traversent ?<\/span><\/span><span id=\"p33R_mc118\" class=\"markedContent\"><\/span><span id=\"p33R_mc119\" class=\"markedContent\"><br role=\"presentation\" \/><span dir=\"ltr\" role=\"presentation\">Dans une d\u00e9mocratie,<\/span><\/span><span id=\"p33R_mc120\" class=\"markedContent\"> <span dir=\"ltr\" role=\"presentation\">quelles qu\u2019en soient les formes,<\/span><\/span><span id=\"p33R_mc121\" class=\"markedContent\"> <span dir=\"ltr\" role=\"presentation\">le r\u00f4le des m\u00e9dias<\/span><\/span><span id=\"p33R_mc122\" class=\"markedContent\"><\/span><span id=\"p33R_mc123\" class=\"markedContent\"> <span dir=\"ltr\" role=\"presentation\">devrait<\/span><\/span><span id=\"p33R_mc124\" class=\"markedContent\"><\/span><span id=\"p33R_mc125\" class=\"markedContent\"> <span dir=\"ltr\" role=\"presentation\">r<\/span><\/span><span id=\"p33R_mc126\" class=\"markedContent\"><span dir=\"ltr\" role=\"presentation\">est<\/span><\/span><span id=\"p33R_mc127\" class=\"markedContent\"><span dir=\"ltr\" role=\"presentation\">e<\/span><\/span><span id=\"p33R_mc128\" class=\"markedContent\"><span dir=\"ltr\" role=\"presentation\">r <\/span><\/span><span id=\"p33R_mc130\" class=\"markedContent\"><span dir=\"ltr\" role=\"presentation\">fondamental. L\u2019opinion publique et la d\u00e9cision citoyenne se construisent<\/span><\/span><span id=\"p33R_mc131\" class=\"markedContent\"><span dir=\"ltr\" role=\"presentation\">, on l\u2019oublie trop <\/span><\/span><span id=\"p33R_mc132\" class=\"markedContent\"><span dir=\"ltr\" role=\"presentation\">souvent,<\/span><\/span><span id=\"p33R_mc133\" class=\"markedContent\"><\/span><span id=\"p33R_mc134\" class=\"markedContent\"> <span dir=\"ltr\" role=\"presentation\">en grande partie \u00e0 travers eux. Mais que devient cette fonction lorsque le journaliste <\/span><\/span><span id=\"p33R_mc135\" class=\"markedContent\"><span dir=\"ltr\" role=\"presentation\">perd sa distance critique, lorsque l\u2019impartialit\u00e9 est rel\u00e9gu\u00e9e au second plan ?<\/span><\/span><span id=\"p33R_mc136\" class=\"markedContent\"><\/span><span id=\"p33R_mc137\" class=\"markedContent\"><br role=\"presentation\" \/><span dir=\"ltr\" role=\"presentation\">Le journalisme militant constitue un genre reconnu<\/span><\/span><span id=\"p33R_mc138\" class=\"markedContent\"><\/span><span id=\"p33R_mc139\" class=\"markedContent\"> <span dir=\"ltr\" role=\"presentation\">mais parfois aussi confondu<\/span><\/span><span id=\"p33R_mc140\" class=\"markedContent\"><span dir=\"ltr\" role=\"presentation\">.<\/span><\/span><span id=\"p33R_mc141\" class=\"markedContent\"> <span dir=\"ltr\" role=\"presentation\">L<\/span><\/span><span id=\"p33R_mc142\" class=\"markedContent\"><span dir=\"ltr\" role=\"presentation\">orsqu\u2019il tend <\/span><\/span><span id=\"p33R_mc143\" class=\"markedContent\"><span dir=\"ltr\" role=\"presentation\">\u00e0 devenir dominant,<\/span><\/span><span id=\"p33R_mc144\" class=\"markedContent\"> <span dir=\"ltr\" role=\"presentation\">y compris<\/span><\/span><span id=\"p33R_mc145\" class=\"markedContent\"><\/span><span id=\"p33R_mc146\" class=\"markedContent\"> <span dir=\"ltr\" role=\"presentation\">dans l<\/span><\/span><span id=\"p33R_mc147\" class=\"markedContent\"><span dir=\"ltr\" role=\"presentation\">a \u00ab<\/span><\/span><span id=\"p33R_mc148\" class=\"markedContent\"><\/span><span id=\"p33R_mc149\" class=\"markedContent\"> <span dir=\"ltr\" role=\"presentation\">Grande presse<\/span><\/span><span id=\"p33R_mc150\" class=\"markedContent\"><\/span><span id=\"p33R_mc151\" class=\"markedContent\"> <span dir=\"ltr\" role=\"presentation\">\u00bb,<\/span><\/span><span id=\"p33R_mc152\" class=\"markedContent\"> <span dir=\"ltr\" role=\"presentation\">il modifie profond\u00e9ment la nature du <\/span><\/span><span id=\"p33R_mc153\" class=\"markedContent\"><span dir=\"ltr\" role=\"presentation\">d\u00e9bat.<\/span><\/span><span id=\"p33R_mc154\" class=\"markedContent\"><\/span><\/p>\n<\/div>\n<div class=\"page\" role=\"region\" data-page-number=\"3\" data-l10n-id=\"pdfjs-page-landmark\" data-l10n-args=\"{&quot;page&quot;:3}\" aria-label=\"Page 3\" data-loaded=\"true\">\n<h3 class=\"textLayer\" tabindex=\"0\" data-main-rotation=\"0\"><span class=\"markedContent\" aria-hidden=\"true\"><span dir=\"ltr\" role=\"presentation\">3 <\/span><\/span><span id=\"p40R_mc0\" class=\"markedContent\"><span dir=\"ltr\" role=\"presentation\">La signature de certains<\/span><\/span><span id=\"p40R_mc1\" class=\"markedContent\"><\/span><span id=\"p40R_mc2\" class=\"markedContent\"> <span dir=\"ltr\" role=\"presentation\">journalistes<\/span><\/span><span id=\"p40R_mc3\" class=\"markedContent\"> <span dir=\"ltr\" role=\"presentation\">suffit parfois \u00e0 anticiper le contenu de leurs articles, rendant<\/span><\/span><span id=\"p40R_mc4\" class=\"markedContent\"><span dir=\"ltr\" role=\"presentation\">leur lecture presque superflue.<\/span><\/span><\/h3>\n<p class=\"textLayer\" tabindex=\"0\" data-main-rotation=\"0\"><span id=\"p40R_mc4\" class=\"markedContent\"><span dir=\"ltr\" role=\"presentation\"> Informer ne consiste pourtant pas \u00e0 imposer une v\u00e9rit\u00e9, mais \u00e0 <\/span><\/span><span id=\"p40R_mc5\" class=\"markedContent\"><span dir=\"ltr\" role=\"presentation\">\u00e9clairer le r\u00e9el dans toute sa complexit\u00e9.<\/span><\/span><span id=\"p40R_mc6\" class=\"markedContent\"><\/span><span id=\"p40R_mc7\" class=\"markedContent\"><br role=\"presentation\" \/><span dir=\"ltr\" role=\"presentation\">Le grand journaliste Jacques Duquesne<\/span><\/span><span id=\"p40R_mc8\" class=\"markedContent\"><span dir=\"ltr\" role=\"presentation\">, trop vite oubli\u00e9,<\/span><\/span><span id=\"p40R_mc9\" class=\"markedContent\"><\/span><span id=\"p40R_mc10\" class=\"markedContent\"> <span dir=\"ltr\" role=\"presentation\">le rappelait avec justesse :<\/span><\/span><span id=\"p40R_mc11\" class=\"markedContent\"><\/span><span id=\"p40R_mc12\" class=\"markedContent\"> <span dir=\"ltr\" role=\"presentation\">J\u2019ai voulu <\/span><\/span><span id=\"p40R_mc13\" class=\"markedContent\"><\/span><span id=\"p40R_mc13\" class=\"markedContent\"><span dir=\"ltr\" role=\"presentation\">\u00eatre journaliste non pour dire ce qu\u2019il fallait penser, mais pour raconter et expliquer.<\/span><\/span><span id=\"p40R_mc14\" class=\"markedContent\"><\/span><span id=\"p40R_mc15\" class=\"markedContent\"><br role=\"presentation\" \/><\/span><\/p>\n<p class=\"textLayer\" tabindex=\"0\" data-main-rotation=\"0\"><span id=\"p40R_mc15\" class=\"markedContent\"><span dir=\"ltr\" role=\"presentation\">Les<\/span><\/span><span id=\"p40R_mc16\" class=\"markedContent\"> <span dir=\"ltr\" role=\"presentation\">philosophes<\/span><\/span><span id=\"p40R_mc17\" class=\"markedContent\"><\/span><span id=\"p40R_mc18\" class=\"markedContent\"> <span dir=\"ltr\" role=\"presentation\">J\u00fcrgen Habermas<\/span><\/span><span id=\"p40R_mc19\" class=\"markedContent\"> <span dir=\"ltr\" role=\"presentation\">&#8211;<\/span><\/span><span id=\"p40R_mc20\" class=\"markedContent\"><\/span><span id=\"p40R_mc21\" class=\"markedContent\"> <span dir=\"ltr\" role=\"presentation\">qui vient de nous quitter<\/span><\/span><span id=\"p40R_mc22\" class=\"markedContent\"> <span dir=\"ltr\" role=\"presentation\">&#8211;<\/span><\/span><span id=\"p40R_mc23\" class=\"markedContent\"><\/span><span id=\"p40R_mc24\" class=\"markedContent\"> <span dir=\"ltr\" role=\"presentation\">et Edgar Morin<\/span><\/span><span id=\"p40R_mc25\" class=\"markedContent\"><span dir=\"ltr\" role=\"presentation\">,<\/span><\/span><span id=\"p40R_mc26\" class=\"markedContent\"><\/span><span id=\"p40R_mc27\" class=\"markedContent\"> <span dir=\"ltr\" role=\"presentation\">avaie<\/span><\/span><span id=\"p40R_mc28\" class=\"markedContent\"><span dir=\"ltr\" role=\"presentation\">nt lanc\u00e9 un <\/span><\/span><span id=\"p40R_mc29\" class=\"markedContent\"><span dir=\"ltr\" role=\"presentation\">appel au dialogue, au d\u00e9bat et \u00e0 la raison.<\/span><\/span><span id=\"p40R_mc30\" class=\"markedContent\"> <span dir=\"ltr\" role=\"presentation\">Tous deux, de la m\u00eame g\u00e9n\u00e9ration, ont connu les <\/span><\/span><span id=\"p40R_mc31\" class=\"markedContent\"><span dir=\"ltr\" role=\"presentation\">d\u00e9sastres du pr\u00e9c\u00e9dent conflit mondial.<\/span><\/span><span id=\"p40R_mc32\" class=\"markedContent\"><\/span><span id=\"p40R_mc33\" class=\"markedContent\"> <span dir=\"ltr\" role=\"presentation\">Ils savent de quoi ils parlent face \u00e0 la multiplication, <\/span><\/span><span id=\"p40R_mc34\" class=\"markedContent\"><span dir=\"ltr\" role=\"presentation\">dans les m\u00e9dias et sur les r\u00e9seaux sociaux, de discours bellicistes d\u2019un simpliste confondant,<\/span><\/span><span id=\"p40R_mc35\" class=\"markedContent\"><br role=\"presentation\" \/><span dir=\"ltr\" role=\"presentation\">oppos\u00e9s \u00e0 toute<\/span><\/span><span id=\"p40R_mc36\" class=\"markedContent\"><\/span><span id=\"p40R_mc37\" class=\"markedContent\"> <span dir=\"ltr\" role=\"presentation\">recherche de compromis, m\u00eame diplomatique. Les Gouvernements ne sont pas <\/span><\/span><span id=\"p40R_mc38\" class=\"markedContent\"><span dir=\"ltr\" role=\"presentation\">en reste.<\/span><\/span><span id=\"p40R_mc39\" class=\"markedContent\"><\/span><span id=\"p40R_mc40\" class=\"markedContent\"><\/span><span id=\"p40R_mc41\" class=\"markedContent\"><br role=\"presentation\" \/><\/span><\/p>\n<p class=\"textLayer\" tabindex=\"0\" data-main-rotation=\"0\"><span id=\"p40R_mc41\" class=\"markedContent\"><span dir=\"ltr\" role=\"presentation\">Pour<\/span><\/span><span id=\"p40R_mc42\" class=\"markedContent\"> <span dir=\"ltr\" role=\"presentation\">le philosophe allemand<\/span><\/span><span id=\"p40R_mc43\" class=\"markedContent\"><span dir=\"ltr\" role=\"presentation\">, l\u2019espace public doit \u00eatre un lieu de d\u00e9lib\u00e9ration rationnelle, o\u00f9 des <\/span><\/span><span id=\"p40R_mc44\" class=\"markedContent\"><span dir=\"ltr\" role=\"presentation\">arguments contradictoires peuvent se confronter librement.<\/span><\/span><span id=\"p40R_mc45\" class=\"markedContent\"><\/span><span id=\"p40R_mc46\" class=\"markedContent\"><br role=\"presentation\" \/><span dir=\"ltr\" role=\"presentation\">Mais cette condition suppose une pluralit\u00e9 r\u00e9elle des points de vue. Pour<\/span><\/span><span id=\"p40R_mc47\" class=\"markedContent\"> <span dir=\"ltr\" role=\"presentation\">Edgar<\/span><\/span><span id=\"p40R_mc48\" class=\"markedContent\"> <span dir=\"ltr\" role=\"presentation\">Morin, <\/span><\/span><span id=\"p40R_mc49\" class=\"markedContent\"><span dir=\"ltr\" role=\"presentation\">comprendre<\/span> <span dir=\"ltr\" role=\"presentation\">le<\/span> <span dir=\"ltr\" role=\"presentation\">monde<\/span> <span dir=\"ltr\" role=\"presentation\">exige<\/span> <span dir=\"ltr\" role=\"presentation\">une<\/span> <span dir=\"ltr\" role=\"presentation\">pens\u00e9e<\/span> <span dir=\"ltr\" role=\"presentation\">complexe,<\/span> <span dir=\"ltr\" role=\"presentation\">capable<\/span> <span dir=\"ltr\" role=\"presentation\">d\u2019articuler<\/span> <span dir=\"ltr\" role=\"presentation\">contradictions, <\/span><\/span><span id=\"p40R_mc50\" class=\"markedContent\"><span dir=\"ltr\" role=\"presentation\">incertitudes et interd\u00e9pendances.<\/span><\/span><span id=\"p40R_mc51\" class=\"markedContent\"><\/span><span id=\"p40R_mc52\" class=\"markedContent\"><\/span><span id=\"p40R_mc53\" class=\"markedContent\"><br role=\"presentation\" \/><\/span><\/p>\n<p class=\"textLayer\" tabindex=\"0\" data-main-rotation=\"0\"><span id=\"p40R_mc53\" class=\"markedContent\"><span dir=\"ltr\" role=\"presentation\">Or, le traitement m\u00e9diatique des grands conflits tend \u00e0 produire l\u2019inverse. Qu\u2019il s\u2019agisse de <\/span><\/span><span id=\"p40R_mc54\" class=\"markedContent\"><span dir=\"ltr\" role=\"presentation\">l\u2019Ukraine, d<\/span><\/span><span id=\"p40R_mc55\" class=\"markedContent\"><span dir=\"ltr\" role=\"presentation\">e la Palestine<\/span><\/span><span id=\"p40R_mc56\" class=\"markedContent\"><span dir=\"ltr\" role=\"presentation\">,<\/span><\/span><span id=\"p40R_mc57\" class=\"markedContent\"> <span dir=\"ltr\" role=\"presentation\">d\u2019Isra\u00ebl,<\/span><\/span><span id=\"p40R_mc58\" class=\"markedContent\"> <span dir=\"ltr\" role=\"presentation\">de l\u2019Iran<\/span><\/span><span id=\"p40R_mc59\" class=\"markedContent\"><\/span><span id=\"p40R_mc60\" class=\"markedContent\"> <span dir=\"ltr\" role=\"presentation\">ou d\u2019autres<\/span><\/span><span id=\"p40R_mc61\" class=\"markedContent\"><span dir=\"ltr\" role=\"presentation\">, une m\u00eame logique appara\u00eet : celle d\u2019un <\/span><\/span><span id=\"p40R_mc62\" class=\"markedContent\"><span dir=\"ltr\" role=\"presentation\">r\u00e9cit simplifi\u00e9, parfois caricatural,<\/span><\/span><span id=\"p40R_mc63\" class=\"markedContent\"> <span dir=\"ltr\" role=\"presentation\">souvent belliciste,<\/span><\/span><span id=\"p40R_mc64\" class=\"markedContent\"> <span dir=\"ltr\" role=\"presentation\">au d\u00e9triment de la complexit\u00e9 des <\/span><\/span><span id=\"p40R_mc65\" class=\"markedContent\"><span dir=\"ltr\" role=\"presentation\">situations. Certains conflits occupent durablement l\u2019espace m\u00e9diatique, tandis que d\u2019autres<\/span><\/span><span id=\"p40R_mc66\" class=\"markedContent\"><span dir=\"ltr\" role=\"presentation\">,<\/span><\/span><span id=\"p40R_mc67\" class=\"markedContent\"><br role=\"presentation\" \/><span dir=\"ltr\" role=\"presentation\">notamment en Afrique<\/span><\/span><span id=\"p40R_mc68\" class=\"markedContent\"><span dir=\"ltr\" role=\"presentation\">, RDC, Soudan ou<\/span><\/span><span id=\"p40R_mc69\" class=\"markedContent\"> <span dir=\"ltr\" role=\"presentation\">au Sahel<\/span><\/span><span id=\"p40R_mc70\" class=\"markedContent\"><span dir=\"ltr\" role=\"presentation\">,<\/span><\/span><span id=\"p40R_mc71\" class=\"markedContent\"><\/span><span id=\"p40R_mc72\" class=\"markedContent\"> <span dir=\"ltr\" role=\"presentation\">voire Cuba,<\/span><\/span><span id=\"p40R_mc73\" class=\"markedContent\"> <span dir=\"ltr\" role=\"presentation\">restent largement invisibles.<\/span><\/span><span id=\"p40R_mc74\" class=\"markedContent\"><\/span><span id=\"p40R_mc75\" class=\"markedContent\"><br role=\"presentation\" \/><span dir=\"ltr\" role=\"presentation\">Certaines vies sont incarn\u00e9es, d\u2019autres deviennent abstraites<\/span><\/span><span id=\"p40R_mc76\" class=\"markedContent\"><\/span><span id=\"p40R_mc77\" class=\"markedContent\"> <span dir=\"ltr\" role=\"presentation\">ou n\u00e9glig\u00e9es au profit de discours <\/span><\/span><span id=\"p40R_mc78\" class=\"markedContent\"><span dir=\"ltr\" role=\"presentation\">militaristes sur fond de vid\u00e9os tout aussi abstraites mille fois pr\u00e9sent\u00e9es<\/span><\/span><span id=\"p40R_mc79\" class=\"markedContent\"><span dir=\"ltr\" role=\"presentation\">.<\/span><\/span><span id=\"p40R_mc80\" class=\"markedContent\"><\/span><span id=\"p40R_mc81\" class=\"markedContent\"><br role=\"presentation\" \/><span dir=\"ltr\" role=\"presentation\">Derri\u00e8re la d\u00e9nonciation des \u00ab fake news \u00bb<\/span><\/span><span id=\"p40R_mc82\" class=\"markedContent\"> <span dir=\"ltr\" role=\"presentation\">&#8211;<\/span><\/span><span id=\"p40R_mc83\" class=\"markedContent\"><\/span><span id=\"p40R_mc84\" class=\"markedContent\"> <span dir=\"ltr\" role=\"presentation\">notion dont la d\u00e9finition d\u00e9pend toujours d\u2019un <\/span><\/span><span id=\"p40R_mc85\" class=\"markedContent\"><span dir=\"ltr\" role=\"presentation\">pouvoir de qualification<\/span><\/span><span id=\"p40R_mc86\" class=\"markedContent\"> <span dir=\"ltr\" role=\"presentation\">&#8211;<\/span><\/span><span id=\"p40R_mc87\" class=\"markedContent\"><\/span><span id=\"p40R_mc88\" class=\"markedContent\"> <span dir=\"ltr\" role=\"presentation\">se joue une crise plus profonde : l\u2019affaiblissement du pluralisme r\u00e9el.<\/span><\/span><\/p>\n<p class=\"textLayer\" tabindex=\"0\" data-main-rotation=\"0\"><span id=\"p40R_mc90\" class=\"markedContent\"><span dir=\"ltr\" role=\"presentation\">14 journalistes<\/span><\/span><span id=\"p40R_mc91\" class=\"markedContent\"> <span dir=\"ltr\" role=\"presentation\">italiens<\/span><\/span><span id=\"p40R_mc92\" class=\"markedContent\"> <span dir=\"ltr\" role=\"presentation\">contre toute \u00ab narration partiale et hyper simpliste \u00bb<\/span><\/span><span id=\"p40R_mc93\" class=\"markedContent\"><\/span><span id=\"p40R_mc94\" class=\"markedContent\"><br role=\"presentation\" \/><span dir=\"ltr\" role=\"presentation\">La tribune publi\u00e9e en 202<\/span><\/span><span id=\"p40R_mc95\" class=\"markedContent\"><span dir=\"ltr\" role=\"presentation\">2<\/span><\/span><span id=\"p40R_mc96\" class=\"markedContent\"><span dir=\"ltr\" role=\"presentation\">, apr\u00e8s l\u2019invasion russe en Ukraine,<\/span><\/span><span id=\"p40R_mc97\" class=\"markedContent\"><\/span><span id=\"p40R_mc98\" class=\"markedContent\"> <span dir=\"ltr\" role=\"presentation\">par quatorze journalistes italiens,<\/span><\/span><span id=\"p40R_mc99\" class=\"markedContent\"><span dir=\"ltr\" role=\"presentation\">anciens correspondants de guerre, rejoints par plus de 150 confr\u00e8res, en<\/span><\/span><span id=\"p40R_mc100\" class=\"markedContent\"> <span dir=\"ltr\" role=\"presentation\">a<\/span><\/span><span id=\"p40R_mc101\" class=\"markedContent\"> <span dir=\"ltr\" role=\"presentation\">constitu<\/span><\/span><span id=\"p40R_mc102\" class=\"markedContent\"><span dir=\"ltr\" role=\"presentation\">\u00e9<\/span><\/span><span id=\"p40R_mc103\" class=\"markedContent\"><\/span><span id=\"p40R_mc104\" class=\"markedContent\"> <span dir=\"ltr\" role=\"presentation\">une <\/span><\/span><span id=\"p40R_mc105\" class=\"markedContent\"><span dir=\"ltr\" role=\"presentation\">illustration marquante.<\/span><\/span><span id=\"p40R_mc106\" class=\"markedContent\"><\/span><span id=\"p40R_mc107\" class=\"markedContent\"><br role=\"presentation\" \/><span dir=\"ltr\" role=\"presentation\">Ce texte d\u00e9non\u00e7ait une \u00ab<\/span><\/span><span id=\"p40R_mc108\" class=\"markedContent\"> <span dir=\"ltr\" role=\"presentation\">narration partiale et hyper simpliste<\/span><\/span><span id=\"p40R_mc109\" class=\"markedContent\"><\/span><span id=\"p40R_mc110\" class=\"markedContent\"> <span dir=\"ltr\" role=\"presentation\">\u00bb du conflit<\/span><\/span><span id=\"p40R_mc111\" class=\"markedContent\"><\/span><span id=\"p40R_mc112\" class=\"markedContent\"> <span dir=\"ltr\" role=\"presentation\">et rappelait que <\/span><\/span><span id=\"p40R_mc113\" class=\"markedContent\"><span dir=\"ltr\" role=\"presentation\">l\u2019information journalistique est un bien trop pr\u00e9cieux pour \u00eatre confondu avec de la propagande, <\/span><\/span><span id=\"p40R_mc114\" class=\"markedContent\"><span dir=\"ltr\" role=\"presentation\">f<\/span><\/span><span id=\"p40R_mc115\" class=\"markedContent\"><span dir=\"ltr\" role=\"presentation\">ut<\/span><\/span><span id=\"p40R_mc116\" class=\"markedContent\"><span dir=\"ltr\" role=\"presentation\">&#8211;<\/span><\/span><span id=\"p40R_mc117\" class=\"markedContent\"><span dir=\"ltr\" role=\"presentation\">elle contre<\/span><\/span><span id=\"p40R_mc118\" class=\"markedContent\"><span dir=\"ltr\" role=\"presentation\">&#8211;<\/span><\/span><span id=\"p40R_mc119\" class=\"markedContent\"><span dir=\"ltr\" role=\"presentation\">propagande. Fait r\u00e9v\u00e9lateur<\/span><\/span><span id=\"p40R_mc120\" class=\"markedContent\"> <span dir=\"ltr\" role=\"presentation\">qui interroge quand m\u00eame<\/span><\/span><span id=\"p40R_mc121\" class=\"markedContent\"> <span dir=\"ltr\" role=\"presentation\">: cette tribune a suscit\u00e9 <\/span><\/span><span id=\"p40R_mc122\" class=\"markedContent\"><span dir=\"ltr\" role=\"presentation\">un d\u00e9bat important en Italie et en Allemagne, mais est rest\u00e9e largement ignor\u00e9e en France.<\/span><\/span><span id=\"p40R_mc123\" class=\"markedContent\"><\/span><span id=\"p40R_mc124\" class=\"markedContent\"><br role=\"presentation\" \/><span dir=\"ltr\" role=\"presentation\">Outre<\/span><\/span><span id=\"p40R_mc125\" class=\"markedContent\"><span dir=\"ltr\" role=\"presentation\">&#8211;<\/span><\/span><span id=\"p40R_mc126\" class=\"markedContent\"><span dir=\"ltr\" role=\"presentation\">Rhin et au<\/span><\/span><span id=\"p40R_mc127\" class=\"markedContent\"><span dir=\"ltr\" role=\"presentation\">&#8211;<\/span><\/span><span id=\"p40R_mc128\" class=\"markedContent\"><span dir=\"ltr\" role=\"presentation\">del\u00e0 des Alpes, les intellectuels s\u2019opposent, parfois vivement, entre approches <\/span><\/span><span id=\"p40R_mc129\" class=\"markedContent\"><span dir=\"ltr\" role=\"presentation\">diplomatiques<\/span> <span dir=\"ltr\" role=\"presentation\">et logiques<\/span> <span dir=\"ltr\" role=\"presentation\">militaires.<\/span> <span dir=\"ltr\" role=\"presentation\">Artistes,<\/span> <span dir=\"ltr\" role=\"presentation\">\u00e9crivains,<\/span> <span dir=\"ltr\" role=\"presentation\">chercheurs<\/span> <span dir=\"ltr\" role=\"presentation\">y<\/span> <span dir=\"ltr\" role=\"presentation\">confrontent leurs <\/span><\/span><span id=\"p40R_mc130\" class=\"markedContent\"><span dir=\"ltr\" role=\"presentation\">analyses. Le d\u00e9bat existe. En France, il semble plus contraint : tout<\/span><\/span><span id=\"p40R_mc131\" class=\"markedContent\"><span dir=\"ltr\" role=\"presentation\">e voix dissonante est <\/span><\/span><span id=\"p40R_mc132\" class=\"markedContent\"><span dir=\"ltr\" role=\"presentation\">rapidement suspect\u00e9e,<\/span><\/span><span id=\"p40R_mc133\" class=\"markedContent\"> <span dir=\"ltr\" role=\"presentation\">souvent<\/span><\/span><span id=\"p40R_mc134\" class=\"markedContent\"><\/span><span id=\"p40R_mc135\" class=\"markedContent\"> <span dir=\"ltr\" role=\"presentation\">disqualifi\u00e9e.<\/span><\/span><span id=\"p40R_mc136\" class=\"markedContent\"><\/span><\/p>\n<\/div>\n<div class=\"page\" role=\"region\" data-page-number=\"4\" data-l10n-id=\"pdfjs-page-landmark\" data-l10n-args=\"{&quot;page&quot;:4}\" aria-label=\"Page 4\" data-loaded=\"true\">\n<h3 class=\"textLayer\" tabindex=\"0\" data-main-rotation=\"0\"><span class=\"markedContent\" aria-hidden=\"true\"><span dir=\"ltr\" role=\"presentation\">4 <\/span><\/span><span id=\"p47R_mc0\" class=\"markedContent\"><span dir=\"ltr\" role=\"presentation\">Le traitement de certaines figures intellectuelles en t\u00e9moigne.<\/span><\/span><\/h3>\n<div class=\"textLayer\" tabindex=\"0\" data-main-rotation=\"0\"><span id=\"p47R_mc1\" class=\"markedContent\"><span dir=\"ltr\" role=\"presentation\">L<\/span><\/span><span id=\"p47R_mc2\" class=\"markedContent\"><span dir=\"ltr\" role=\"presentation\">e<\/span><\/span><span id=\"p47R_mc3\" class=\"markedContent\"><span dir=\"ltr\" role=\"presentation\">s<\/span><\/span><span id=\"p47R_mc5\" class=\"markedContent\"><span dir=\"ltr\" role=\"presentation\">cas<\/span><\/span><span id=\"p47R_mc6\" class=\"markedContent\"><span dir=\"ltr\" role=\"presentation\">, en France,<\/span><\/span><span id=\"p47R_mc8\" class=\"markedContent\"><span dir=\"ltr\" role=\"presentation\">d<\/span><\/span><span id=\"p47R_mc9\" class=\"markedContent\"><span dir=\"ltr\" role=\"presentation\">u romancier <\/span><\/span><span id=\"p47R_mc11\" class=\"markedContent\"><span dir=\"ltr\" role=\"presentation\">Boualem Sansal,<\/span><\/span><span id=\"p47R_mc12\" class=\"markedContent\"><span dir=\"ltr\" role=\"presentation\">et<\/span><\/span><span id=\"p47R_mc13\" class=\"markedContent\"><span dir=\"ltr\" role=\"presentation\">du sociologue Fran\u00e7ois Burgat, sp\u00e9cialiste reconnu du monde arabe,<\/span><\/span><span id=\"p47R_mc14\" class=\"markedContent\"><br role=\"presentation\" \/><span dir=\"ltr\" role=\"presentation\">illustrent cette difficult\u00e9 croissante \u00e0 distinguer entre expliquer un ph\u00e9nom\u00e8ne et le justifier.<\/span><\/span><span id=\"p47R_mc15\" class=\"markedContent\"><br role=\"presentation\" \/><span dir=\"ltr\" role=\"presentation\">Dans ces situations, l\u2019analyse est parfois interpr\u00e9t\u00e9e comme une prise de position, et la <\/span><\/span><span id=\"p47R_mc16\" class=\"markedContent\"><span dir=\"ltr\" role=\"presentation\">d<\/span><\/span><span id=\"p47R_mc17\" class=\"markedContent\"><span dir=\"ltr\" role=\"presentation\">iscussion c\u00e8de la place \u00e0 la pol\u00e9miqu<\/span><\/span><span id=\"p47R_mc18\" class=\"markedContent\"><span dir=\"ltr\" role=\"presentation\">e<\/span><\/span><span id=\"p47R_mc19\" class=\"markedContent\"><span dir=\"ltr\" role=\"presentation\">.<\/span><\/span><\/div>\n<div tabindex=\"0\" data-main-rotation=\"0\"><\/div>\n<div class=\"textLayer\" tabindex=\"0\" data-main-rotation=\"0\"><strong><span id=\"p47R_mc22\" class=\"markedContent\"><span dir=\"ltr\" role=\"presentation\">Dangereuse confusion entre d\u00e9sinformation et d\u00e9saccord<\/span><\/span><\/strong><\/div>\n<div class=\"textLayer\" tabindex=\"0\" data-main-rotation=\"0\"><span id=\"p47R_mc25\" class=\"markedContent\"><span dir=\"ltr\" role=\"presentation\">Plus g\u00e9n\u00e9ralement, l<\/span><\/span><span id=\"p47R_mc26\" class=\"markedContent\"><span dir=\"ltr\" role=\"presentation\">e recours croissant<\/span><\/span><span id=\"p47R_mc28\" class=\"markedContent\"><span dir=\"ltr\" role=\"presentation\">\u00e0 des qualifications morales<\/span><\/span><span id=\"p47R_mc30\" class=\"markedContent\"><span dir=\"ltr\" role=\"presentation\">&#8211;<\/span><\/span><span id=\"p47R_mc32\" class=\"markedContent\"><span dir=\"ltr\" role=\"presentation\">au nom d\u2019un humanisme<\/span><\/span><span id=\"p47R_mc34\" class=\"markedContent\"><br role=\"presentation\" \/><span dir=\"ltr\" role=\"presentation\">opportun\u00e9ment interpr\u00e9t\u00e9<\/span><\/span><span id=\"p47R_mc35\" class=\"markedContent\"><span dir=\"ltr\" role=\"presentation\">\u2013<\/span><\/span><span id=\"p47R_mc37\" class=\"markedContent\"><span dir=\"ltr\" role=\"presentation\">et surtout<\/span><\/span><span id=\"p47R_mc39\" class=\"markedContent\"><span dir=\"ltr\" role=\"presentation\">juridique<\/span><\/span><span id=\"p47R_mc40\" class=\"markedContent\"><span dir=\"ltr\" role=\"presentation\">,<\/span><\/span><span id=\"p47R_mc42\" class=\"markedContent\"><span dir=\"ltr\" role=\"presentation\">tend \u00e0 se substituer au d\u00e9bat intellectuel.<\/span><\/span><span id=\"p47R_mc46\" class=\"markedContent\"><br role=\"presentation\" \/><span dir=\"ltr\" role=\"presentation\">La lutte contre les manipulations, parfois un peu vite qualifi\u00e9e d\u2019\u00a0\u00bb<\/span><\/span><span id=\"p47R_mc47\" class=\"markedContent\"><span dir=\"ltr\" role=\"presentation\">ing\u00e9rences<\/span><\/span><span id=\"p47R_mc48\" class=\"markedContent\"><span dir=\"ltr\" role=\"presentation\">\u00e9trang\u00e8res<\/span><\/span><span id=\"p47R_mc49\" class=\"markedContent\"><span dir=\"ltr\" role=\"presentation\">\u00ab\u00a0<\/span><\/span><span id=\"p47R_mc50\" class=\"markedContent\"><span dir=\"ltr\" role=\"presentation\">,<\/span><\/span><span id=\"p47R_mc52\" class=\"markedContent\"><span dir=\"ltr\" role=\"presentation\">est <\/span><\/span><span id=\"p47R_mc53\" class=\"markedContent\"><span dir=\"ltr\" role=\"presentation\">certes n\u00e9cessaire, mais elle ne doit pas conduire, dans une d\u00e9rive kafka\u00efenne<\/span><\/span><span id=\"p47R_mc54\" class=\"markedContent\"><span dir=\"ltr\" role=\"presentation\">,<\/span><\/span><span id=\"p47R_mc56\" class=\"markedContent\"><span dir=\"ltr\" role=\"presentation\">\u00e0 contr\u00f4ler et <\/span><\/span><span id=\"p47R_mc57\" class=\"markedContent\"><span dir=\"ltr\" role=\"presentation\">sanctionner les citoyens qui pourraient contester le<\/span><\/span><span id=\"p47R_mc58\" class=\"markedContent\"><span dir=\"ltr\" role=\"presentation\">\u00ab\u00a0<\/span><\/span><span id=\"p47R_mc60\" class=\"markedContent\"><span dir=\"ltr\" role=\"presentation\">narratif<\/span><\/span><span id=\"p47R_mc62\" class=\"markedContent\"><span dir=\"ltr\" role=\"presentation\">\u00ab\u00a0<\/span><\/span><span id=\"p47R_mc64\" class=\"markedContent\"><span dir=\"ltr\" role=\"presentation\">officiel.<\/span><\/span><span id=\"p47R_mc66\" class=\"markedContent\"><br role=\"presentation\" \/><span dir=\"ltr\" role=\"presentation\">Ce<\/span><\/span><span id=\"p47R_mc67\" class=\"markedContent\"><span dir=\"ltr\" role=\"presentation\">s<\/span><\/span><span id=\"p47R_mc69\" class=\"markedContent\"><span dir=\"ltr\" role=\"presentation\">accusatio<\/span><\/span><span id=\"p47R_mc70\" class=\"markedContent\"><span dir=\"ltr\" role=\"presentation\">ns,<\/span><\/span><span id=\"p47R_mc72\" class=\"markedContent\"><span dir=\"ltr\" role=\"presentation\">r\u00e9elle<\/span><\/span><span id=\"p47R_mc73\" class=\"markedContent\"><span dir=\"ltr\" role=\"presentation\">s<\/span><\/span><span id=\"p47R_mc74\" class=\"markedContent\"><span dir=\"ltr\" role=\"presentation\">sans aucun doute<\/span><\/span><span id=\"p47R_mc75\" class=\"markedContent\"><span dir=\"ltr\" role=\"presentation\">,<\/span><\/span><span id=\"p47R_mc77\" class=\"markedContent\"><span dir=\"ltr\" role=\"presentation\">et de toutes parts,<\/span><\/span><span id=\"p47R_mc78\" class=\"markedContent\"><span dir=\"ltr\" role=\"presentation\">est<\/span><\/span><span id=\"p47R_mc79\" class=\"markedContent\"><span dir=\"ltr\" role=\"presentation\">de plus en plus<\/span><\/span><span id=\"p47R_mc80\" class=\"markedContent\"><span dir=\"ltr\" role=\"presentation\">mobilis\u00e9e<\/span><\/span><span id=\"p47R_mc81\" class=\"markedContent\"><span dir=\"ltr\" role=\"presentation\">, avec<\/span><\/span><span id=\"p47R_mc82\" class=\"markedContent\"><span dir=\"ltr\" role=\"presentation\">la complicit\u00e9 de certaines \u00ab<\/span><\/span><span id=\"p47R_mc84\" class=\"markedContent\"><span dir=\"ltr\" role=\"presentation\">ONGs<\/span><\/span><span id=\"p47R_mc86\" class=\"markedContent\"><span dir=\"ltr\" role=\"presentation\">\u00bb<\/span><\/span><span id=\"p47R_mc88\" class=\"markedContent\"><span dir=\"ltr\" role=\"presentation\">pour disqualifier toute contestation,<\/span><\/span><span id=\"p47R_mc90\" class=\"markedContent\"><span dir=\"ltr\" role=\"presentation\">en la ramenant \u00e0 une <\/span><\/span><span id=\"p47R_mc91\" class=\"markedContent\"><span dir=\"ltr\" role=\"presentation\">manipulation ext\u00e9rieure. Entre r\u00e9alit\u00e9 et instrumentalisation, cet argument contribue<\/span><\/span><span id=\"p47R_mc92\" class=\"markedContent\"><span dir=\"ltr\" role=\"presentation\">de plus en <\/span><\/span><span id=\"p47R_mc93\" class=\"markedContent\"><span dir=\"ltr\" role=\"presentation\">plus<\/span><\/span><span id=\"p47R_mc94\" class=\"markedContent\"><span dir=\"ltr\" role=\"presentation\">\u00e0 installer un climat de suspicion qui restreint encore davantage le champ des analyses <\/span><\/span><span id=\"p47R_mc95\" class=\"markedContent\"><span dir=\"ltr\" role=\"presentation\">l\u00e9gitimes<\/span><\/span><span id=\"p47R_mc97\" class=\"markedContent\"><span dir=\"ltr\" role=\"presentation\">et frise<\/span><\/span><span id=\"p47R_mc98\" class=\"markedContent\"><span dir=\"ltr\" role=\"presentation\">r\u00e9guli\u00e8rement<\/span><\/span><span id=\"p47R_mc99\" class=\"markedContent\"><span dir=\"ltr\" role=\"presentation\">la censure<\/span><\/span><span id=\"p47R_mc100\" class=\"markedContent\"><span dir=\"ltr\" role=\"presentation\">.<\/span><\/span><span id=\"p47R_mc103\" class=\"markedContent\"><br role=\"presentation\" \/><\/span><\/div>\n<div tabindex=\"0\" data-main-rotation=\"0\"><\/div>\n<div class=\"textLayer\" tabindex=\"0\" data-main-rotation=\"0\"><span id=\"p47R_mc103\" class=\"markedContent\"><span dir=\"ltr\" role=\"presentation\">Par contre, silence<\/span><\/span><span id=\"p47R_mc104\" class=\"markedContent\"><span dir=\"ltr\" role=\"presentation\">g\u00ean\u00e9<\/span><\/span><span id=\"p47R_mc106\" class=\"markedContent\"><span dir=\"ltr\" role=\"presentation\">concernant<\/span><\/span><span id=\"p47R_mc107\" class=\"markedContent\"><span dir=\"ltr\" role=\"presentation\">l<\/span><\/span><span id=\"p47R_mc108\" class=\"markedContent\"><span dir=\"ltr\" role=\"presentation\">es ing\u00e9rences occidentales dans les \u00e9lections r\u00e9centes dans <\/span><\/span><span id=\"p47R_mc109\" class=\"markedContent\"><span dir=\"ltr\" role=\"presentation\">plusieurs pays europ\u00e9ens, au moins autant que celles de<\/span><\/span><span id=\"p47R_mc111\" class=\"markedContent\"><span dir=\"ltr\" role=\"presentation\">la<\/span><\/span><span id=\"p47R_mc112\" class=\"markedContent\"><span dir=\"ltr\" role=\"presentation\">Russie<\/span><\/span><span id=\"p47R_mc113\" class=\"markedContent\"><span dir=\"ltr\" role=\"presentation\">, entre autres.<\/span><\/span><span id=\"p47R_mc115\" class=\"markedContent\"><br role=\"presentation\" \/><span dir=\"ltr\" role=\"presentation\">Et les r\u00e9seaux sociaux<\/span><\/span><span id=\"p47R_mc117\" class=\"markedContent\"><span dir=\"ltr\" role=\"presentation\">: menace et\/ou espace de libert\u00e9<\/span><\/span><span id=\"p47R_mc119\" class=\"markedContent\"><span dir=\"ltr\" role=\"presentation\">?<\/span><\/span><span id=\"p47R_mc121\" class=\"markedContent\"><br role=\"presentation\" \/><span dir=\"ltr\" role=\"presentation\">Dans ce contexte<\/span><\/span><span id=\"p47R_mc123\" class=\"markedContent\"><span dir=\"ltr\" role=\"presentation\">en effet<\/span><\/span><span id=\"p47R_mc124\" class=\"markedContent\"><span dir=\"ltr\" role=\"presentation\">, les r\u00e9seaux sociaux apparaissent paradoxalement comme un espace <\/span><\/span><span id=\"p47R_mc125\" class=\"markedContent\"><span dir=\"ltr\" role=\"presentation\">de respiration. Certes, ils favorisent la fragmentation et la polarisation. Mais ils permettent aussi <\/span><\/span><span id=\"p47R_mc126\" class=\"markedContent\"><span dir=\"ltr\" role=\"presentation\">l\u2019expression de voix absentes des m\u00e9dias traditionnels.<\/span><\/span><span id=\"p47R_mc128\" class=\"markedContent\"><br role=\"presentation\" \/><\/span><\/div>\n<div tabindex=\"0\" data-main-rotation=\"0\"><\/div>\n<div class=\"textLayer\" tabindex=\"0\" data-main-rotation=\"0\"><span id=\"p47R_mc128\" class=\"markedContent\"><span dir=\"ltr\" role=\"presentation\">Un autre signal pr\u00e9occupant tient au rapport des jeunes \u00e0 l\u2019information. De plus en plus, ils <\/span><\/span><span id=\"p47R_mc129\" class=\"markedContent\"><span dir=\"ltr\" role=\"presentation\">privil\u00e9gient<\/span> <span dir=\"ltr\" role=\"presentation\">les<\/span> <span dir=\"ltr\" role=\"presentation\">r\u00e9seaux<\/span> <span dir=\"ltr\" role=\"presentation\">sociaux<\/span> <span dir=\"ltr\" role=\"presentation\">aux<\/span> <span dir=\"ltr\" role=\"presentation\">m\u00e9dias<\/span> <span dir=\"ltr\" role=\"presentation\">traditionnels,<\/span> <span dir=\"ltr\" role=\"presentation\">attir\u00e9s<\/span> <span dir=\"ltr\" role=\"presentation\">par<\/span> <span dir=\"ltr\" role=\"presentation\">des<\/span> <span dir=\"ltr\" role=\"presentation\">formats<\/span> <span dir=\"ltr\" role=\"presentation\">plus <\/span><\/span><span id=\"p47R_mc130\" class=\"markedContent\"><span dir=\"ltr\" role=\"presentation\">accessibles et imm\u00e9diats.<\/span><\/span><span id=\"p47R_mc132\" class=\"markedContent\"><br role=\"presentation\" \/><span dir=\"ltr\" role=\"presentation\">Si cette \u00e9volution \u00e9largit l\u2019acc\u00e8s \u00e0 l\u2019information, elle en modifie aussi les rep\u00e8res, en renfor\u00e7ant <\/span><\/span><span id=\"p47R_mc133\" class=\"markedContent\"><span dir=\"ltr\" role=\"presentation\">le r\u00f4le des plateformes et de leurs logiques algorithmiques, avec des effets encore incertains sur<\/span><\/span><span id=\"p47R_mc134\" class=\"markedContent\"><span dir=\"ltr\" role=\"presentation\">le pluralisme et le d\u00e9bat public.<\/span><\/span><span id=\"p47R_mc136\" class=\"markedContent\"><br role=\"presentation\" \/><span dir=\"ltr\" role=\"presentation\">Enfin, le num\u00e9rique ne constitue pas automatiquement une solution pluraliste. Il ouvre certes <\/span><\/span><span id=\"p47R_mc137\" class=\"markedContent\"><span dir=\"ltr\" role=\"presentation\">des espaces d\u2019expression, mais il d\u00e9place aussi le pouvoir vers les grandes plateformes, leurs <\/span><\/span><span id=\"p47R_mc138\" class=\"markedContent\"><span dir=\"ltr\" role=\"presentation\">algorithmes, leurs mod\u00e8les publicitaires et leurs logiques de viral<\/span><\/span><span id=\"p47R_mc139\" class=\"markedContent\"><span dir=\"ltr\" role=\"presentation\">it\u00e9. L\u2019information passe de <\/span><\/span><span id=\"p47R_mc140\" class=\"markedContent\"><span dir=\"ltr\" role=\"presentation\">plus en plus par les r\u00e9seaux sociaux, la vid\u00e9o, les influenceurs et d\u00e9sormais les r\u00e9ponses <\/span><\/span><span id=\"p47R_mc141\" class=\"markedContent\"><span dir=\"ltr\" role=\"presentation\">g\u00e9n\u00e9r\u00e9es par l\u2019IA, ce qui fragmente l\u2019espace public sans garantir une meilleure qualit\u00e9 <\/span><\/span><span id=\"p47R_mc142\" class=\"markedContent\"><span dir=\"ltr\" role=\"presentation\">d\u00e9mocratique.<\/span><\/span><\/div>\n<h3 class=\"textLayer\" tabindex=\"0\" data-main-rotation=\"0\"><span id=\"p47R_mc144\" class=\"markedContent\"><span dir=\"ltr\" role=\"presentation\">Et puis q<\/span><\/span><span id=\"p47R_mc145\" class=\"markedContent\"><span dir=\"ltr\" role=\"presentation\">u\u2019est<\/span><\/span><span id=\"p47R_mc146\" class=\"markedContent\"><span dir=\"ltr\" role=\"presentation\">&#8211;<\/span><\/span><span id=\"p47R_mc147\" class=\"markedContent\"><span dir=\"ltr\" role=\"presentation\">ce qu\u2019une presse libre sans pluralisme<\/span><\/span><span id=\"p47R_mc149\" class=\"markedContent\"><span dir=\"ltr\" role=\"presentation\">?<\/span><\/span><\/h3>\n<div class=\"textLayer\" tabindex=\"0\" data-main-rotation=\"0\"><span id=\"p47R_mc152\" class=\"markedContent\"><span dir=\"ltr\" role=\"presentation\">Comment reconstruire un espace public capable d\u2019accueillir des analyses divergentes sans les <\/span><\/span><span id=\"p47R_mc153\" class=\"markedContent\"><span dir=\"ltr\" role=\"presentation\">disqualifier a priori ?<\/span><\/span><\/div>\n<div class=\"textLayer\" tabindex=\"0\" data-main-rotation=\"0\"><span id=\"p47R_mc155\" class=\"markedContent\"><span dir=\"ltr\" role=\"presentation\">La question centrale n\u2019est<\/span><\/span><span id=\"p47R_mc156\" class=\"markedContent\"><span dir=\"ltr\" role=\"presentation\">donc<\/span><\/span><span id=\"p47R_mc157\" class=\"markedContent\"><span dir=\"ltr\" role=\"presentation\">plus seulement celle de la v\u00e9rit\u00e9, mais <\/span><\/span><span id=\"p47R_mc158\" class=\"markedContent\"><span dir=\"ltr\" role=\"presentation\">donc aussi,<\/span><\/span><span id=\"p47R_mc159\" class=\"markedContent\"><span dir=\"ltr\" role=\"presentation\">celle du pluralisme.<\/span><\/span><\/div>\n<\/div>\n<div class=\"canvasWrapper\">\n<p class=\"p1\">Ces interrogations renvoient aussi aux d\u00e9s\u00e9quilibres entre le Nord et le Sud dans la production et la circulation de l\u2019information.<\/p>\n<p class=\"p1\">Pourquoi les m\u00e9dias du Nord peinent-ils tant \u00e0 percevoir certains \u00e9v\u00e9nements dans toute leur complexit\u00e9, notamment lorsqu\u2019ils se d\u00e9roulent hors de leur espace ? Et pourquoi les journalistes du Sud reprennent-ils souvent ces m\u00eames grilles de lecture ?<\/p>\n<p class=\"p1\">Ces questions invitent \u00e0 un travail de contextualisation et de mise en perspective. Elles interrogent les pratiques professionnelles autant que les structures de pouvoir qui traversent lechamp m\u00e9diatique. La profession ne peut \u00e9viter ces interrogations.<\/p>\n<p class=\"p1\">Elle doit se pencher \u00e0 nouveau sur ce qui semblait acquis : la v\u00e9rification des sources, la pluralit\u00e9 des points de vue, la capacit\u00e9 \u00e0 penser la complexit\u00e9. Le journalisme doit imp\u00e9rativement se r\u00e9inventer, m\u00eame dans la diversit\u00e9. Non pour rivaliser avec les r\u00e9seaux sociaux, mais pour retrouver ce qui fonde sa l\u00e9gitimit\u00e9.<\/p>\n<p class=\"p2\"><span class=\"s1\">Car, comme le soulignent <\/span>les grandes r\u00e9f\u00e9rences du think tank I-Dialogos<b><i>,<\/i><\/b> L\u00e9opold S\u00e9dar Senghor, Fran\u00e7ois Julien, Souleymane Bachir Diagne :<\/p>\n<p class=\"p1\"><b>Sans diversit\u00e9 des regards,<\/b><\/p>\n<p class=\"p1\"><b>il n\u2019y a ni compr\u00e9hension lucide, ni dialogue, ni d\u00e9mocratie vivante<\/b>.<\/p>\n<p class=\"p3\"><b>Habiba Mejri Cheikh <\/b><i>(Tunis, 10.05.2024) <\/i>Journaliste tunisienneex DG Presse et Communication de l\u2019OUA \u00e0 Addis-Abbeba<\/p>\n<p class=\"p1\"><i>\u00ab La hi\u00e9rarchisation des vies humaines, les deux poids deux mesures et les double standards <\/i><i>m\u00e9diatiques y sont \u00e9rig\u00e9s en r\u00e8gle absolue. La bombe aveugle et assassine lorsqu\u2019elle fauche <\/i><i>un Ukrainien, devient \u00ab droit \u00e0 se d\u00e9fendre \u00bb, lorsque la victime est Palestinienne. C\u2019est ainsi <\/i><i>et pas autrement, personne ne doit oser se demander pourquoi, sinon il sera tr\u00e8s vite catapult\u00e9 <\/i><i>dans les th\u00e9ories du complot, ou bien, et c\u2018est encore plus net, plus propre, tax\u00e9<\/i><i>communautarisme, de terrorisme ou d\u2019antis\u00e9mitisme et r\u00e9duit au silence m\u00e9diatique.<\/i><i> <\/i><i>M\u00eame si <\/i><i>les m\u00e9dias occidentaux ne forment pas un bloc monolithique, m\u00eame si certains se d\u00e9marquent, <\/i><i>il n&rsquo;en demeure pas moins qu&rsquo;ils v\u00e9hiculent, dans toute leur diversit\u00e9, via leurs journalistes, une <\/i><i>conception r\u00e9ductrice, qui n&rsquo;int\u00e8gre gu\u00e8re la diversit\u00e9 philosophique, culturelle et spirituelle de <\/i><i>l&rsquo;ensemble des peuples du monde. Il n\u2019y a pas lieu de chercher un coupable et surtout pas <\/i><i>seulement du c\u00f4t\u00e9 des professionnels des m\u00e9dias. Beaucoup essaient, non sans mal, de faire <\/i><i>correctement leur m\u00e9tier et certains r\u00e9ussissent m\u00eame \u00e0 nous informer. Notre propos plaide <\/i><i>pour la construction d\u2019un discours de tol\u00e9rance et de dialogue respectueux qui fera avancer <\/i><i>l\u2019agenda de la paix dont notre monde a grandement besoin. Une couverture m\u00e9diatique <\/i><i>\u00e9quilibr\u00e9e et professionnelle qui ne met pas en p\u00e9ril la d\u00e9mocratie. Rien de plus !!! \u00bb<\/i><\/p>\n<\/div>\n","protected":false},"excerpt":{"rendered":"<p>\u00ab\u00a0A l\u2019\u2019occasion de la journ\u00e9e internationale de la Libert\u00e9 de la presse de ce 3 mai, Nous avons, avec Habiba et quelques autres pr\u00e9par\u00e9 ce \u00ab\u00a0Point de vue \u00bb \u00a0centr\u00e9esur la question du respect du pluralisme dans la presse et&hellip;<\/p>\n","protected":false},"author":2277,"featured_media":2604758,"comment_status":"closed","ping_status":"closed","sticky":false,"template":"","format":"standard","meta":{"footnotes":""},"categories":[151,11386,94,85],"tags":[6080,3937,1182],"class_list":["post-2697057","post","type-post","status-publish","format-standard","has-post-thumbnail","hentry","category-communique-de-presse","category-contenu-original","category-culture-fr","category-europe-fr","tag-information","tag-liberte-de-la-presse","tag-media-fr"],"yoast_head":"<!-- This site is optimized with the Yoast SEO plugin v27.1.1 - https:\/\/yoast.com\/product\/yoast-seo-wordpress\/ -->\n<title>Les m\u00e9dias face \u00e0 la crise du pluralisme : une d\u00e9rive qui menace la d\u00e9mocratie<\/title>\n<meta name=\"description\" content=\"&quot;A l\u2019\u2019occasion de la journ\u00e9e internationale de la Libert\u00e9 de la presse de ce 3 mai, Nous avons, avec Habiba et quelques autres pr\u00e9par\u00e9 ce &quot;Point de vue \u00bb\" \/>\n<meta name=\"robots\" content=\"index, follow, max-snippet:-1, max-image-preview:large, max-video-preview:-1\" \/>\n<link rel=\"canonical\" href=\"https:\/\/www.pressenza.com\/fr\/2026\/05\/les-medias-face-a-la-crise-du-pluralisme-une-derive-qui-menace-la-democratie\/\" \/>\n<meta property=\"og:locale\" content=\"fr_FR\" \/>\n<meta property=\"og:type\" content=\"article\" \/>\n<meta property=\"og:title\" content=\"Les m\u00e9dias face \u00e0 la crise du pluralisme : une d\u00e9rive qui menace la d\u00e9mocratie\" \/>\n<meta property=\"og:description\" content=\"&quot;A l\u2019\u2019occasion de la journ\u00e9e internationale de la Libert\u00e9 de la presse de ce 3 mai, Nous avons, avec Habiba et quelques autres pr\u00e9par\u00e9 ce &quot;Point de vue \u00bb\" \/>\n<meta property=\"og:url\" content=\"https:\/\/www.pressenza.com\/fr\/2026\/05\/les-medias-face-a-la-crise-du-pluralisme-une-derive-qui-menace-la-democratie\/\" \/>\n<meta property=\"og:site_name\" content=\"Pressenza\" \/>\n<meta property=\"article:publisher\" content=\"https:\/\/www.facebook.com\/PressenzaItalia\" \/>\n<meta property=\"article:published_time\" content=\"2026-05-01T20:09:11+00:00\" \/>\n<meta property=\"og:image\" content=\"https:\/\/www.pressenza.com\/wp-content\/uploads\/2025\/05\/Jornalistas-palestinianos-Foto-de-Osama-Eid-Wikimedia-Commons.jpeg\" \/>\n\t<meta property=\"og:image:width\" content=\"1024\" \/>\n\t<meta property=\"og:image:height\" content=\"538\" \/>\n\t<meta property=\"og:image:type\" content=\"image\/jpeg\" \/>\n<meta name=\"author\" content=\"I-Dialogos\" \/>\n<meta name=\"twitter:card\" content=\"summary_large_image\" \/>\n<meta name=\"twitter:creator\" content=\"@PressenzaIPA\" \/>\n<meta name=\"twitter:site\" content=\"@PressenzaIPA\" \/>\n<meta name=\"twitter:label1\" content=\"\u00c9crit par\" \/>\n\t<meta name=\"twitter:data1\" content=\"I-Dialogos\" \/>\n\t<meta name=\"twitter:label2\" content=\"Dur\u00e9e de lecture estim\u00e9e\" \/>\n\t<meta name=\"twitter:data2\" content=\"12 minutes\" \/>\n<script type=\"application\/ld+json\" class=\"yoast-schema-graph\">{\"@context\":\"https:\/\/schema.org\",\"@graph\":[{\"@type\":\"Article\",\"@id\":\"https:\/\/www.pressenza.com\/fr\/2026\/05\/les-medias-face-a-la-crise-du-pluralisme-une-derive-qui-menace-la-democratie\/#article\",\"isPartOf\":{\"@id\":\"https:\/\/www.pressenza.com\/fr\/2026\/05\/les-medias-face-a-la-crise-du-pluralisme-une-derive-qui-menace-la-democratie\/\"},\"author\":{\"name\":\"I-Dialogos\",\"@id\":\"https:\/\/www.pressenza.com\/fr\/#\/schema\/person\/704187f59ecda5f59baaa0c532930302\"},\"headline\":\"Les m\u00e9dias face \u00e0 la crise du pluralisme : une d\u00e9rive qui menace la d\u00e9mocratie\",\"datePublished\":\"2026-05-01T20:09:11+00:00\",\"mainEntityOfPage\":{\"@id\":\"https:\/\/www.pressenza.com\/fr\/2026\/05\/les-medias-face-a-la-crise-du-pluralisme-une-derive-qui-menace-la-democratie\/\"},\"wordCount\":2668,\"publisher\":{\"@id\":\"https:\/\/www.pressenza.com\/fr\/#organization\"},\"image\":{\"@id\":\"https:\/\/www.pressenza.com\/fr\/2026\/05\/les-medias-face-a-la-crise-du-pluralisme-une-derive-qui-menace-la-democratie\/#primaryimage\"},\"thumbnailUrl\":\"https:\/\/www.pressenza.com\/wp-content\/uploads\/2025\/05\/Jornalistas-palestinianos-Foto-de-Osama-Eid-Wikimedia-Commons.jpeg\",\"keywords\":[\"information\",\"libert\u00e9 de la presse\",\"m\u00e9dia\"],\"articleSection\":[\"Communiqu\u00e9s de Presse\",\"Contenu Original\",\"Culture et M\u00e9dias\",\"Europe\"],\"inLanguage\":\"fr-FR\"},{\"@type\":\"WebPage\",\"@id\":\"https:\/\/www.pressenza.com\/fr\/2026\/05\/les-medias-face-a-la-crise-du-pluralisme-une-derive-qui-menace-la-democratie\/\",\"url\":\"https:\/\/www.pressenza.com\/fr\/2026\/05\/les-medias-face-a-la-crise-du-pluralisme-une-derive-qui-menace-la-democratie\/\",\"name\":\"Les m\u00e9dias face \u00e0 la crise du pluralisme : une d\u00e9rive qui menace la d\u00e9mocratie\",\"isPartOf\":{\"@id\":\"https:\/\/www.pressenza.com\/fr\/#website\"},\"primaryImageOfPage\":{\"@id\":\"https:\/\/www.pressenza.com\/fr\/2026\/05\/les-medias-face-a-la-crise-du-pluralisme-une-derive-qui-menace-la-democratie\/#primaryimage\"},\"image\":{\"@id\":\"https:\/\/www.pressenza.com\/fr\/2026\/05\/les-medias-face-a-la-crise-du-pluralisme-une-derive-qui-menace-la-democratie\/#primaryimage\"},\"thumbnailUrl\":\"https:\/\/www.pressenza.com\/wp-content\/uploads\/2025\/05\/Jornalistas-palestinianos-Foto-de-Osama-Eid-Wikimedia-Commons.jpeg\",\"datePublished\":\"2026-05-01T20:09:11+00:00\",\"description\":\"\\\"A l\u2019\u2019occasion de la journ\u00e9e internationale de la Libert\u00e9 de la presse de ce 3 mai, Nous avons, avec Habiba et quelques autres pr\u00e9par\u00e9 ce \\\"Point de vue \u00bb\",\"breadcrumb\":{\"@id\":\"https:\/\/www.pressenza.com\/fr\/2026\/05\/les-medias-face-a-la-crise-du-pluralisme-une-derive-qui-menace-la-democratie\/#breadcrumb\"},\"inLanguage\":\"fr-FR\",\"potentialAction\":[{\"@type\":\"ReadAction\",\"target\":[\"https:\/\/www.pressenza.com\/fr\/2026\/05\/les-medias-face-a-la-crise-du-pluralisme-une-derive-qui-menace-la-democratie\/\"]}]},{\"@type\":\"ImageObject\",\"inLanguage\":\"fr-FR\",\"@id\":\"https:\/\/www.pressenza.com\/fr\/2026\/05\/les-medias-face-a-la-crise-du-pluralisme-une-derive-qui-menace-la-democratie\/#primaryimage\",\"url\":\"https:\/\/www.pressenza.com\/wp-content\/uploads\/2025\/05\/Jornalistas-palestinianos-Foto-de-Osama-Eid-Wikimedia-Commons.jpeg\",\"contentUrl\":\"https:\/\/www.pressenza.com\/wp-content\/uploads\/2025\/05\/Jornalistas-palestinianos-Foto-de-Osama-Eid-Wikimedia-Commons.jpeg\",\"width\":1024,\"height\":538},{\"@type\":\"BreadcrumbList\",\"@id\":\"https:\/\/www.pressenza.com\/fr\/2026\/05\/les-medias-face-a-la-crise-du-pluralisme-une-derive-qui-menace-la-democratie\/#breadcrumb\",\"itemListElement\":[{\"@type\":\"ListItem\",\"position\":1,\"name\":\"Accueil\",\"item\":\"https:\/\/www.pressenza.com\/fr\/\"},{\"@type\":\"ListItem\",\"position\":2,\"name\":\"Les m\u00e9dias face \u00e0 la crise du pluralisme : une d\u00e9rive qui menace la d\u00e9mocratie\"}]},{\"@type\":\"WebSite\",\"@id\":\"https:\/\/www.pressenza.com\/fr\/#website\",\"url\":\"https:\/\/www.pressenza.com\/fr\/\",\"name\":\"Pressenza\",\"description\":\"International Press Agency\",\"publisher\":{\"@id\":\"https:\/\/www.pressenza.com\/fr\/#organization\"},\"potentialAction\":[{\"@type\":\"SearchAction\",\"target\":{\"@type\":\"EntryPoint\",\"urlTemplate\":\"https:\/\/www.pressenza.com\/fr\/?s={search_term_string}\"},\"query-input\":{\"@type\":\"PropertyValueSpecification\",\"valueRequired\":true,\"valueName\":\"search_term_string\"}}],\"inLanguage\":\"fr-FR\"},{\"@type\":\"Organization\",\"@id\":\"https:\/\/www.pressenza.com\/fr\/#organization\",\"name\":\"Pressenza\",\"url\":\"https:\/\/www.pressenza.com\/fr\/\",\"logo\":{\"@type\":\"ImageObject\",\"inLanguage\":\"fr-FR\",\"@id\":\"https:\/\/www.pressenza.com\/fr\/#\/schema\/logo\/image\/\",\"url\":\"https:\/\/www.pressenza.com\/wp-content\/uploads\/2022\/10\/pressenza_logo_200x200.jpg\",\"contentUrl\":\"https:\/\/www.pressenza.com\/wp-content\/uploads\/2022\/10\/pressenza_logo_200x200.jpg\",\"width\":200,\"height\":200,\"caption\":\"Pressenza\"},\"image\":{\"@id\":\"https:\/\/www.pressenza.com\/fr\/#\/schema\/logo\/image\/\"},\"sameAs\":[\"https:\/\/www.facebook.com\/PressenzaItalia\",\"https:\/\/x.com\/PressenzaIPA\"]},{\"@type\":\"Person\",\"@id\":\"https:\/\/www.pressenza.com\/fr\/#\/schema\/person\/704187f59ecda5f59baaa0c532930302\",\"name\":\"I-Dialogos\",\"description\":\"Association qui vise \u00e0 contribuer \u00e0 am\u00e9liorer le dialogue entre les peuples et citoyens du monde dans le cadre d'un r\u00e9seau international ouvert \u00e0 toutes les langues et cultures, et, notamment, mais pas exclusivement, au sein de la Francophonie, et ce, par l'\u00e9laboration en commun, et la diffusion, d'analyses et recommandations.\",\"sameAs\":[\"https:\/\/www.i-dialogos.com\/\"],\"url\":\"https:\/\/www.pressenza.com\/fr\/author\/i-dialogos\/\"}]}<\/script>\n<!-- \/ Yoast SEO plugin. -->","yoast_head_json":{"title":"Les m\u00e9dias face \u00e0 la crise du pluralisme : une d\u00e9rive qui menace la d\u00e9mocratie","description":"\"A l\u2019\u2019occasion de la journ\u00e9e internationale de la Libert\u00e9 de la presse de ce 3 mai, Nous avons, avec Habiba et quelques autres pr\u00e9par\u00e9 ce \"Point de vue \u00bb","robots":{"index":"index","follow":"follow","max-snippet":"max-snippet:-1","max-image-preview":"max-image-preview:large","max-video-preview":"max-video-preview:-1"},"canonical":"https:\/\/www.pressenza.com\/fr\/2026\/05\/les-medias-face-a-la-crise-du-pluralisme-une-derive-qui-menace-la-democratie\/","og_locale":"fr_FR","og_type":"article","og_title":"Les m\u00e9dias face \u00e0 la crise du pluralisme : une d\u00e9rive qui menace la d\u00e9mocratie","og_description":"\"A l\u2019\u2019occasion de la journ\u00e9e internationale de la Libert\u00e9 de la presse de ce 3 mai, Nous avons, avec Habiba et quelques autres pr\u00e9par\u00e9 ce \"Point de vue \u00bb","og_url":"https:\/\/www.pressenza.com\/fr\/2026\/05\/les-medias-face-a-la-crise-du-pluralisme-une-derive-qui-menace-la-democratie\/","og_site_name":"Pressenza","article_publisher":"https:\/\/www.facebook.com\/PressenzaItalia","article_published_time":"2026-05-01T20:09:11+00:00","og_image":[{"width":1024,"height":538,"url":"https:\/\/www.pressenza.com\/wp-content\/uploads\/2025\/05\/Jornalistas-palestinianos-Foto-de-Osama-Eid-Wikimedia-Commons.jpeg","type":"image\/jpeg"}],"author":"I-Dialogos","twitter_card":"summary_large_image","twitter_creator":"@PressenzaIPA","twitter_site":"@PressenzaIPA","twitter_misc":{"\u00c9crit par":"I-Dialogos","Dur\u00e9e de lecture estim\u00e9e":"12 minutes"},"schema":{"@context":"https:\/\/schema.org","@graph":[{"@type":"Article","@id":"https:\/\/www.pressenza.com\/fr\/2026\/05\/les-medias-face-a-la-crise-du-pluralisme-une-derive-qui-menace-la-democratie\/#article","isPartOf":{"@id":"https:\/\/www.pressenza.com\/fr\/2026\/05\/les-medias-face-a-la-crise-du-pluralisme-une-derive-qui-menace-la-democratie\/"},"author":{"name":"I-Dialogos","@id":"https:\/\/www.pressenza.com\/fr\/#\/schema\/person\/704187f59ecda5f59baaa0c532930302"},"headline":"Les m\u00e9dias face \u00e0 la crise du pluralisme : une d\u00e9rive qui menace la d\u00e9mocratie","datePublished":"2026-05-01T20:09:11+00:00","mainEntityOfPage":{"@id":"https:\/\/www.pressenza.com\/fr\/2026\/05\/les-medias-face-a-la-crise-du-pluralisme-une-derive-qui-menace-la-democratie\/"},"wordCount":2668,"publisher":{"@id":"https:\/\/www.pressenza.com\/fr\/#organization"},"image":{"@id":"https:\/\/www.pressenza.com\/fr\/2026\/05\/les-medias-face-a-la-crise-du-pluralisme-une-derive-qui-menace-la-democratie\/#primaryimage"},"thumbnailUrl":"https:\/\/www.pressenza.com\/wp-content\/uploads\/2025\/05\/Jornalistas-palestinianos-Foto-de-Osama-Eid-Wikimedia-Commons.jpeg","keywords":["information","libert\u00e9 de la presse","m\u00e9dia"],"articleSection":["Communiqu\u00e9s de Presse","Contenu Original","Culture et M\u00e9dias","Europe"],"inLanguage":"fr-FR"},{"@type":"WebPage","@id":"https:\/\/www.pressenza.com\/fr\/2026\/05\/les-medias-face-a-la-crise-du-pluralisme-une-derive-qui-menace-la-democratie\/","url":"https:\/\/www.pressenza.com\/fr\/2026\/05\/les-medias-face-a-la-crise-du-pluralisme-une-derive-qui-menace-la-democratie\/","name":"Les m\u00e9dias face \u00e0 la crise du pluralisme : une d\u00e9rive qui menace la d\u00e9mocratie","isPartOf":{"@id":"https:\/\/www.pressenza.com\/fr\/#website"},"primaryImageOfPage":{"@id":"https:\/\/www.pressenza.com\/fr\/2026\/05\/les-medias-face-a-la-crise-du-pluralisme-une-derive-qui-menace-la-democratie\/#primaryimage"},"image":{"@id":"https:\/\/www.pressenza.com\/fr\/2026\/05\/les-medias-face-a-la-crise-du-pluralisme-une-derive-qui-menace-la-democratie\/#primaryimage"},"thumbnailUrl":"https:\/\/www.pressenza.com\/wp-content\/uploads\/2025\/05\/Jornalistas-palestinianos-Foto-de-Osama-Eid-Wikimedia-Commons.jpeg","datePublished":"2026-05-01T20:09:11+00:00","description":"\"A l\u2019\u2019occasion de la journ\u00e9e internationale de la Libert\u00e9 de la presse de ce 3 mai, Nous avons, avec Habiba et quelques autres pr\u00e9par\u00e9 ce \"Point de vue \u00bb","breadcrumb":{"@id":"https:\/\/www.pressenza.com\/fr\/2026\/05\/les-medias-face-a-la-crise-du-pluralisme-une-derive-qui-menace-la-democratie\/#breadcrumb"},"inLanguage":"fr-FR","potentialAction":[{"@type":"ReadAction","target":["https:\/\/www.pressenza.com\/fr\/2026\/05\/les-medias-face-a-la-crise-du-pluralisme-une-derive-qui-menace-la-democratie\/"]}]},{"@type":"ImageObject","inLanguage":"fr-FR","@id":"https:\/\/www.pressenza.com\/fr\/2026\/05\/les-medias-face-a-la-crise-du-pluralisme-une-derive-qui-menace-la-democratie\/#primaryimage","url":"https:\/\/www.pressenza.com\/wp-content\/uploads\/2025\/05\/Jornalistas-palestinianos-Foto-de-Osama-Eid-Wikimedia-Commons.jpeg","contentUrl":"https:\/\/www.pressenza.com\/wp-content\/uploads\/2025\/05\/Jornalistas-palestinianos-Foto-de-Osama-Eid-Wikimedia-Commons.jpeg","width":1024,"height":538},{"@type":"BreadcrumbList","@id":"https:\/\/www.pressenza.com\/fr\/2026\/05\/les-medias-face-a-la-crise-du-pluralisme-une-derive-qui-menace-la-democratie\/#breadcrumb","itemListElement":[{"@type":"ListItem","position":1,"name":"Accueil","item":"https:\/\/www.pressenza.com\/fr\/"},{"@type":"ListItem","position":2,"name":"Les m\u00e9dias face \u00e0 la crise du pluralisme : une d\u00e9rive qui menace la d\u00e9mocratie"}]},{"@type":"WebSite","@id":"https:\/\/www.pressenza.com\/fr\/#website","url":"https:\/\/www.pressenza.com\/fr\/","name":"Pressenza","description":"International Press Agency","publisher":{"@id":"https:\/\/www.pressenza.com\/fr\/#organization"},"potentialAction":[{"@type":"SearchAction","target":{"@type":"EntryPoint","urlTemplate":"https:\/\/www.pressenza.com\/fr\/?s={search_term_string}"},"query-input":{"@type":"PropertyValueSpecification","valueRequired":true,"valueName":"search_term_string"}}],"inLanguage":"fr-FR"},{"@type":"Organization","@id":"https:\/\/www.pressenza.com\/fr\/#organization","name":"Pressenza","url":"https:\/\/www.pressenza.com\/fr\/","logo":{"@type":"ImageObject","inLanguage":"fr-FR","@id":"https:\/\/www.pressenza.com\/fr\/#\/schema\/logo\/image\/","url":"https:\/\/www.pressenza.com\/wp-content\/uploads\/2022\/10\/pressenza_logo_200x200.jpg","contentUrl":"https:\/\/www.pressenza.com\/wp-content\/uploads\/2022\/10\/pressenza_logo_200x200.jpg","width":200,"height":200,"caption":"Pressenza"},"image":{"@id":"https:\/\/www.pressenza.com\/fr\/#\/schema\/logo\/image\/"},"sameAs":["https:\/\/www.facebook.com\/PressenzaItalia","https:\/\/x.com\/PressenzaIPA"]},{"@type":"Person","@id":"https:\/\/www.pressenza.com\/fr\/#\/schema\/person\/704187f59ecda5f59baaa0c532930302","name":"I-Dialogos","description":"Association qui vise \u00e0 contribuer \u00e0 am\u00e9liorer le dialogue entre les peuples et citoyens du monde dans le cadre d'un r\u00e9seau international ouvert \u00e0 toutes les langues et cultures, et, notamment, mais pas exclusivement, au sein de la Francophonie, et ce, par l'\u00e9laboration en commun, et la diffusion, d'analyses et recommandations.","sameAs":["https:\/\/www.i-dialogos.com\/"],"url":"https:\/\/www.pressenza.com\/fr\/author\/i-dialogos\/"}]}},"place":"France","original_article_url":"","_links":{"self":[{"href":"https:\/\/www.pressenza.com\/fr\/wp-json\/wp\/v2\/posts\/2697057","targetHints":{"allow":["GET"]}}],"collection":[{"href":"https:\/\/www.pressenza.com\/fr\/wp-json\/wp\/v2\/posts"}],"about":[{"href":"https:\/\/www.pressenza.com\/fr\/wp-json\/wp\/v2\/types\/post"}],"author":[{"embeddable":true,"href":"https:\/\/www.pressenza.com\/fr\/wp-json\/wp\/v2\/users\/2277"}],"replies":[{"embeddable":true,"href":"https:\/\/www.pressenza.com\/fr\/wp-json\/wp\/v2\/comments?post=2697057"}],"version-history":[{"count":1,"href":"https:\/\/www.pressenza.com\/fr\/wp-json\/wp\/v2\/posts\/2697057\/revisions"}],"predecessor-version":[{"id":2697113,"href":"https:\/\/www.pressenza.com\/fr\/wp-json\/wp\/v2\/posts\/2697057\/revisions\/2697113"}],"wp:featuredmedia":[{"embeddable":true,"href":"https:\/\/www.pressenza.com\/fr\/wp-json\/wp\/v2\/media\/2604758"}],"wp:attachment":[{"href":"https:\/\/www.pressenza.com\/fr\/wp-json\/wp\/v2\/media?parent=2697057"}],"wp:term":[{"taxonomy":"category","embeddable":true,"href":"https:\/\/www.pressenza.com\/fr\/wp-json\/wp\/v2\/categories?post=2697057"},{"taxonomy":"post_tag","embeddable":true,"href":"https:\/\/www.pressenza.com\/fr\/wp-json\/wp\/v2\/tags?post=2697057"}],"curies":[{"name":"wp","href":"https:\/\/api.w.org\/{rel}","templated":true}]}}