{"id":2696893,"date":"2026-04-30T22:12:01","date_gmt":"2026-04-30T21:12:01","guid":{"rendered":"https:\/\/www.pressenza.com\/?p=2696893"},"modified":"2026-04-30T22:12:01","modified_gmt":"2026-04-30T21:12:01","slug":"israel-intercepte-la-flottille-global-sumud-dans-les-eaux-internationales-et-ouvre-une-nouvelle-crise-de-droit-international","status":"publish","type":"post","link":"https:\/\/www.pressenza.com\/fr\/2026\/04\/israel-intercepte-la-flottille-global-sumud-dans-les-eaux-internationales-et-ouvre-une-nouvelle-crise-de-droit-international\/","title":{"rendered":"Isra\u00ebl intercepte la flottille Global Sumud dans les eaux internationales et ouvre une nouvelle crise de droit international"},"content":{"rendered":"<blockquote><p><strong>La mission civile qui faisait route vers Gaza a \u00e9t\u00e9 arraisonn\u00e9e pr\u00e8s de la Cr\u00e8te, \u00e0 des centaines de milles de la bande de Gaza. Des organisations de d\u00e9fense des droits humains et des sources palestiniennes d\u00e9noncent une arrestation ill\u00e9gale de civils, un blocage des communications et une nouvelle extension extraterritoriale de la part d&rsquo;Isra\u00ebl.<\/strong><\/p><\/blockquote>\n<p>29 avril 2026. Mer M\u00e9diterran\u00e9e. Les forces isra\u00e9liennes ont intercept\u00e9 des bateaux de la flottille Global Sumud dans les eaux internationales, pr\u00e8s de l&rsquo;\u00eele grecque de Cr\u00e8te et \u00e0 des centaines de milles de Gaza, selon les informations fournies par la flottille elle-m\u00eame, Al Jazeera, Greenpeace et des m\u00e9dias r\u00e9gionaux. L&rsquo;op\u00e9ration a donn\u00e9 lieu \u00e0 des abordages, au blocage des communications, \u00e0 la pr\u00e9sence de vedettes militaires et de drones, et \u00e0 la perte de contact avec plusieurs navires. La flottille d\u00e9nonce le fait que des civils de diff\u00e9rentes nationalit\u00e9s ont \u00e9t\u00e9 arr\u00eat\u00e9s alors qu&rsquo;ils participaient \u00e0 une mission humanitaire non violente visant \u00e0 briser le blocus de Gaza.<\/p>\n<p>La version relay\u00e9e par des sources palestiniennes et par la flotte Global Sumud elle-m\u00eame qualifie cet incident d&rsquo;enl\u00e8vement de civils en haute mer. Le Centre d&rsquo;information palestinien a indiqu\u00e9 qu&rsquo;au moins 15 bateaux auraient \u00e9t\u00e9 intercept\u00e9s et que les communications d&rsquo;urgence avaient \u00e9t\u00e9 bloqu\u00e9es. Quds News Network a \u00e9galement fait \u00e9tat de cette interception dans les eaux internationales.<\/p>\n<p>D&rsquo;un point de vue juridique, la question centrale est grave : si l&rsquo;op\u00e9ration s&rsquo;est d\u00e9roul\u00e9e en dehors des eaux territoriales isra\u00e9liennes et loin de Gaza, Isra\u00ebl n&rsquo;avait pas le droit de saisir ces navires civils. Cette interception peut constituer une violation de la libert\u00e9 de navigation, une d\u00e9tention arbitraire de civils et un franchissement des limites du blocus naval impos\u00e9 \u00e0 Gaza. La qualification de \u00ab piraterie \u00bb a un impact politique et m\u00e9diatique, m\u00eame si, techniquement, le droit maritime r\u00e9serve g\u00e9n\u00e9ralement ce terme aux actes commis par des acteurs priv\u00e9s ; lorsqu\u2019une force \u00e9tatique intervient, les fondements juridiques les plus solides sont la capture ill\u00e9gale, l\u2019usage extraterritorial de la force et la violation potentielle du droit international humanitaire et des droits de humains.<\/p>\n<p>Greenpeace International a indiqu\u00e9 que son navire, l&rsquo;Arctic Sunrise, avait \u00e9t\u00e9 t\u00e9moin d&rsquo;actes de harc\u00e8lement et d&rsquo;abordages contre la flottille dans les eaux internationales, \u00e0 environ 45 milles marins \u00e0 l&rsquo;ouest de Cyth\u00e8re et \u00e0 quelque 600 milles de Gaza. Amnesty International avait averti avant le d\u00e9part que les \u00c9tats devaient garantir le passage en toute s\u00e9curit\u00e9 de la flottille et avait qualifi\u00e9 le blocus isra\u00e9lien sur Gaza d&rsquo;ill\u00e9gal.<\/p>\n<p>Cette op\u00e9ration relance \u00e9galement le d\u00e9bat sur la responsabilit\u00e9 des \u00c9tats tiers. Si des navires transportant des citoyens europ\u00e9ens, latino-am\u00e9ricains, africains ou asiatiques ont \u00e9t\u00e9 arraisonn\u00e9s en dehors de la juridiction isra\u00e9lienne, leurs gouvernements ont l&rsquo;obligation d&rsquo;exiger des informations imm\u00e9diates sur le sort de leurs ressortissants, leurs conditions de d\u00e9tention, l&rsquo;acc\u00e8s consulaire et leur lib\u00e9ration. Le silence diplomatique, dans ce contexte, n&rsquo;est pas synonyme de neutralit\u00e9 : il peut s&rsquo;apparenter \u00e0 une tol\u00e9rance de fait face \u00e0 l&rsquo;extension du contr\u00f4le isra\u00e9lien sur la M\u00e9diterran\u00e9e orientale.<\/p>\n<p>Isra\u00ebl soutient que la flottille cherchait \u00e0 d\u00e9fier un blocus naval et que l&rsquo;aide devait \u00eatre achemin\u00e9e par des voies \u00ab officielles \u00bb. Cependant, cette d\u00e9fense se heurte au lieu o\u00f9 l&rsquo;op\u00e9ration aurait eu lieu : pr\u00e8s de la Cr\u00e8te, \u00e0 plus de 1 000 kilom\u00e8tres d&rsquo;Isra\u00ebl et loin du littoral de Gaza.<\/p>\n<p>Cet \u00e9v\u00e9nement s&rsquo;inscrit dans un contexte de si\u00e8ge prolong\u00e9 de Gaza, de famine, de destructions massives d&rsquo;infrastructures civiles et de d\u00e9nonciations r\u00e9p\u00e9t\u00e9es de crimes internationaux. C&rsquo;est pourquoi cette interception ne peut \u00eatre consid\u00e9r\u00e9e comme un incident maritime isol\u00e9, mais comme une extension du blocus aux eaux internationales et comme un avertissement direct aux missions civiles qui tentent de briser le si\u00e8ge humanitaire.<\/p>\n<p>Au moment de la r\u00e9daction de cet article, les informations disponibles confirment l&rsquo;interception d&rsquo;une partie de la flottille, la perte de contact avec plusieurs navires et des all\u00e9gations d&rsquo;arrestation de civils. Trois \u00e9l\u00e9ments essentiels restent \u00e0 \u00e9claircir : le nombre exact de navires arraisonn\u00e9s, l&rsquo;identit\u00e9 des personnes arr\u00eat\u00e9es et le lieu exact o\u00f9 elles ont \u00e9t\u00e9 emmen\u00e9es.<\/p>\n<p>La conclusion juridique pr\u00e9liminaire est claire : s\u2019il s\u2019av\u00e8re qu\u2019Isra\u00ebl a arraisonn\u00e9 des navires civils dans les eaux internationales, sans fondement juridique suffisant et en bloquant les communications d\u2019urgence, cette affaire doit \u00eatre consid\u00e9r\u00e9e comme une violation grave du droit international, pouvant entra\u00eener des responsabilit\u00e9s pour d\u00e9tention arbitraire, ing\u00e9rence illicite dans la navigation civile et recours \u00e0 la force en dehors de son territoire contre une mission humanitaire.<\/p>\n","protected":false},"excerpt":{"rendered":"<p>La mission civile qui faisait route vers Gaza a \u00e9t\u00e9 arraisonn\u00e9e pr\u00e8s de la Cr\u00e8te, \u00e0 des centaines de milles de la bande de Gaza. Des organisations de d\u00e9fense des droits humains et des sources palestiniennes d\u00e9noncent une arrestation ill\u00e9gale&hellip;<\/p>\n","protected":false},"author":1757,"featured_media":2696894,"comment_status":"closed","ping_status":"closed","sticky":false,"template":"","format":"standard","meta":{"footnotes":""},"categories":[11386,94,98,40,90,95],"tags":[155889,602],"class_list":["post-2696893","post","type-post","status-publish","format-standard","has-post-thumbnail","hentry","category-contenu-original","category-culture-fr","category-droits-de-lhomme","category-international-fr","category-moyen-orient","category-affaires-etrangeres","tag-flottille-sumud","tag-moyen-orient-2"],"yoast_head":"<!-- This site is optimized with the Yoast SEO plugin v27.1.1 - https:\/\/yoast.com\/product\/yoast-seo-wordpress\/ -->\n<title>Isra\u00ebl intercepte la flottille Global Sumud dans les eaux internationales et ouvre une nouvelle crise de droit international<\/title>\n<meta name=\"description\" content=\"La mission civile qui faisait route vers Gaza a \u00e9t\u00e9 arraisonn\u00e9e pr\u00e8s de la Cr\u00e8te, \u00e0 des centaines de milles de la bande de Gaza. Des organisations de\" \/>\n<meta name=\"robots\" content=\"index, follow, max-snippet:-1, max-image-preview:large, max-video-preview:-1\" \/>\n<link rel=\"canonical\" href=\"https:\/\/www.pressenza.com\/fr\/2026\/04\/israel-intercepte-la-flottille-global-sumud-dans-les-eaux-internationales-et-ouvre-une-nouvelle-crise-de-droit-international\/\" \/>\n<meta property=\"og:locale\" content=\"fr_FR\" \/>\n<meta property=\"og:type\" content=\"article\" \/>\n<meta property=\"og:title\" content=\"Isra\u00ebl intercepte la flottille Global Sumud dans les eaux internationales et ouvre une nouvelle crise de droit international\" \/>\n<meta property=\"og:description\" content=\"La mission civile qui faisait route vers Gaza a \u00e9t\u00e9 arraisonn\u00e9e pr\u00e8s de la Cr\u00e8te, \u00e0 des centaines de milles de la bande de Gaza. Des organisations de\" \/>\n<meta property=\"og:url\" content=\"https:\/\/www.pressenza.com\/fr\/2026\/04\/israel-intercepte-la-flottille-global-sumud-dans-les-eaux-internationales-et-ouvre-une-nouvelle-crise-de-droit-international\/\" \/>\n<meta property=\"og:site_name\" content=\"Pressenza\" \/>\n<meta property=\"article:publisher\" content=\"https:\/\/www.facebook.com\/PressenzaItalia\" \/>\n<meta property=\"article:published_time\" content=\"2026-04-30T21:12:01+00:00\" \/>\n<meta property=\"og:image\" content=\"https:\/\/www.pressenza.com\/wp-content\/uploads\/2026\/04\/Flotilla-SUMUD-de-apoyo-a-Palestina.jpeg\" \/>\n\t<meta property=\"og:image:width\" content=\"1168\" \/>\n\t<meta property=\"og:image:height\" content=\"784\" \/>\n\t<meta property=\"og:image:type\" content=\"image\/jpeg\" \/>\n<meta name=\"author\" content=\"Claudia Aranda\" \/>\n<meta name=\"twitter:card\" content=\"summary_large_image\" \/>\n<meta name=\"twitter:creator\" content=\"@PressenzaIPA\" \/>\n<meta name=\"twitter:site\" content=\"@PressenzaIPA\" \/>\n<meta name=\"twitter:label1\" content=\"\u00c9crit par\" \/>\n\t<meta name=\"twitter:data1\" content=\"Claudia Aranda\" \/>\n\t<meta name=\"twitter:label2\" content=\"Dur\u00e9e de lecture estim\u00e9e\" \/>\n\t<meta name=\"twitter:data2\" content=\"4 minutes\" \/>\n<script type=\"application\/ld+json\" class=\"yoast-schema-graph\">{\"@context\":\"https:\/\/schema.org\",\"@graph\":[{\"@type\":\"Article\",\"@id\":\"https:\/\/www.pressenza.com\/fr\/2026\/04\/israel-intercepte-la-flottille-global-sumud-dans-les-eaux-internationales-et-ouvre-une-nouvelle-crise-de-droit-international\/#article\",\"isPartOf\":{\"@id\":\"https:\/\/www.pressenza.com\/fr\/2026\/04\/israel-intercepte-la-flottille-global-sumud-dans-les-eaux-internationales-et-ouvre-une-nouvelle-crise-de-droit-international\/\"},\"author\":{\"name\":\"Claudia Aranda\",\"@id\":\"https:\/\/www.pressenza.com\/fr\/#\/schema\/person\/7c99b7f1e26cb9e5efedc0b26a398fb5\"},\"headline\":\"Isra\u00ebl intercepte la flottille Global Sumud dans les eaux internationales et ouvre une nouvelle crise de droit international\",\"datePublished\":\"2026-04-30T21:12:01+00:00\",\"mainEntityOfPage\":{\"@id\":\"https:\/\/www.pressenza.com\/fr\/2026\/04\/israel-intercepte-la-flottille-global-sumud-dans-les-eaux-internationales-et-ouvre-une-nouvelle-crise-de-droit-international\/\"},\"wordCount\":860,\"publisher\":{\"@id\":\"https:\/\/www.pressenza.com\/fr\/#organization\"},\"image\":{\"@id\":\"https:\/\/www.pressenza.com\/fr\/2026\/04\/israel-intercepte-la-flottille-global-sumud-dans-les-eaux-internationales-et-ouvre-une-nouvelle-crise-de-droit-international\/#primaryimage\"},\"thumbnailUrl\":\"https:\/\/www.pressenza.com\/wp-content\/uploads\/2026\/04\/Flotilla-SUMUD-de-apoyo-a-Palestina.jpeg\",\"keywords\":[\"Flottille Sumud\",\"Moyen-Orient\"],\"articleSection\":[\"Contenu Original\",\"Culture et M\u00e9dias\",\"Droits humains\",\"International\",\"Proche et Moyen-Orient\",\"Relations internationales\"],\"inLanguage\":\"fr-FR\"},{\"@type\":\"WebPage\",\"@id\":\"https:\/\/www.pressenza.com\/fr\/2026\/04\/israel-intercepte-la-flottille-global-sumud-dans-les-eaux-internationales-et-ouvre-une-nouvelle-crise-de-droit-international\/\",\"url\":\"https:\/\/www.pressenza.com\/fr\/2026\/04\/israel-intercepte-la-flottille-global-sumud-dans-les-eaux-internationales-et-ouvre-une-nouvelle-crise-de-droit-international\/\",\"name\":\"Isra\u00ebl intercepte la flottille Global Sumud dans les eaux internationales et ouvre une nouvelle crise de droit international\",\"isPartOf\":{\"@id\":\"https:\/\/www.pressenza.com\/fr\/#website\"},\"primaryImageOfPage\":{\"@id\":\"https:\/\/www.pressenza.com\/fr\/2026\/04\/israel-intercepte-la-flottille-global-sumud-dans-les-eaux-internationales-et-ouvre-une-nouvelle-crise-de-droit-international\/#primaryimage\"},\"image\":{\"@id\":\"https:\/\/www.pressenza.com\/fr\/2026\/04\/israel-intercepte-la-flottille-global-sumud-dans-les-eaux-internationales-et-ouvre-une-nouvelle-crise-de-droit-international\/#primaryimage\"},\"thumbnailUrl\":\"https:\/\/www.pressenza.com\/wp-content\/uploads\/2026\/04\/Flotilla-SUMUD-de-apoyo-a-Palestina.jpeg\",\"datePublished\":\"2026-04-30T21:12:01+00:00\",\"description\":\"La mission civile qui faisait route vers Gaza a \u00e9t\u00e9 arraisonn\u00e9e pr\u00e8s de la Cr\u00e8te, \u00e0 des centaines de milles de la bande de Gaza. Des organisations de\",\"breadcrumb\":{\"@id\":\"https:\/\/www.pressenza.com\/fr\/2026\/04\/israel-intercepte-la-flottille-global-sumud-dans-les-eaux-internationales-et-ouvre-une-nouvelle-crise-de-droit-international\/#breadcrumb\"},\"inLanguage\":\"fr-FR\",\"potentialAction\":[{\"@type\":\"ReadAction\",\"target\":[\"https:\/\/www.pressenza.com\/fr\/2026\/04\/israel-intercepte-la-flottille-global-sumud-dans-les-eaux-internationales-et-ouvre-une-nouvelle-crise-de-droit-international\/\"]}]},{\"@type\":\"ImageObject\",\"inLanguage\":\"fr-FR\",\"@id\":\"https:\/\/www.pressenza.com\/fr\/2026\/04\/israel-intercepte-la-flottille-global-sumud-dans-les-eaux-internationales-et-ouvre-une-nouvelle-crise-de-droit-international\/#primaryimage\",\"url\":\"https:\/\/www.pressenza.com\/wp-content\/uploads\/2026\/04\/Flotilla-SUMUD-de-apoyo-a-Palestina.jpeg\",\"contentUrl\":\"https:\/\/www.pressenza.com\/wp-content\/uploads\/2026\/04\/Flotilla-SUMUD-de-apoyo-a-Palestina.jpeg\",\"width\":1168,\"height\":784},{\"@type\":\"BreadcrumbList\",\"@id\":\"https:\/\/www.pressenza.com\/fr\/2026\/04\/israel-intercepte-la-flottille-global-sumud-dans-les-eaux-internationales-et-ouvre-une-nouvelle-crise-de-droit-international\/#breadcrumb\",\"itemListElement\":[{\"@type\":\"ListItem\",\"position\":1,\"name\":\"Accueil\",\"item\":\"https:\/\/www.pressenza.com\/fr\/\"},{\"@type\":\"ListItem\",\"position\":2,\"name\":\"Isra\u00ebl intercepte la flottille Global Sumud dans les eaux internationales et ouvre une nouvelle crise de droit international\"}]},{\"@type\":\"WebSite\",\"@id\":\"https:\/\/www.pressenza.com\/fr\/#website\",\"url\":\"https:\/\/www.pressenza.com\/fr\/\",\"name\":\"Pressenza\",\"description\":\"International Press Agency\",\"publisher\":{\"@id\":\"https:\/\/www.pressenza.com\/fr\/#organization\"},\"potentialAction\":[{\"@type\":\"SearchAction\",\"target\":{\"@type\":\"EntryPoint\",\"urlTemplate\":\"https:\/\/www.pressenza.com\/fr\/?s={search_term_string}\"},\"query-input\":{\"@type\":\"PropertyValueSpecification\",\"valueRequired\":true,\"valueName\":\"search_term_string\"}}],\"inLanguage\":\"fr-FR\"},{\"@type\":\"Organization\",\"@id\":\"https:\/\/www.pressenza.com\/fr\/#organization\",\"name\":\"Pressenza\",\"url\":\"https:\/\/www.pressenza.com\/fr\/\",\"logo\":{\"@type\":\"ImageObject\",\"inLanguage\":\"fr-FR\",\"@id\":\"https:\/\/www.pressenza.com\/fr\/#\/schema\/logo\/image\/\",\"url\":\"https:\/\/www.pressenza.com\/wp-content\/uploads\/2022\/10\/pressenza_logo_200x200.jpg\",\"contentUrl\":\"https:\/\/www.pressenza.com\/wp-content\/uploads\/2022\/10\/pressenza_logo_200x200.jpg\",\"width\":200,\"height\":200,\"caption\":\"Pressenza\"},\"image\":{\"@id\":\"https:\/\/www.pressenza.com\/fr\/#\/schema\/logo\/image\/\"},\"sameAs\":[\"https:\/\/www.facebook.com\/PressenzaItalia\",\"https:\/\/x.com\/PressenzaIPA\"]},{\"@type\":\"Person\",\"@id\":\"https:\/\/www.pressenza.com\/fr\/#\/schema\/person\/7c99b7f1e26cb9e5efedc0b26a398fb5\",\"name\":\"Claudia Aranda\",\"description\":\"Chilean journalist specializing in Semiotics and Political Analysis. As an international analyst, she focuses on prospective analysis of social processes. Based in Montreal, Quebec, she covers news for Pressenza and explores contemporary philosophical debates within the context of current events. Her work emphasizes human rights, geopolitics, armed conflict, the environment, and technological development. She is a humanist and an activist for social justice causes.\",\"url\":\"https:\/\/www.pressenza.com\/fr\/author\/claudia-aranda\/\"}]}<\/script>\n<!-- \/ Yoast SEO plugin. -->","yoast_head_json":{"title":"Isra\u00ebl intercepte la flottille Global Sumud dans les eaux internationales et ouvre une nouvelle crise de droit international","description":"La mission civile qui faisait route vers Gaza a \u00e9t\u00e9 arraisonn\u00e9e pr\u00e8s de la Cr\u00e8te, \u00e0 des centaines de milles de la bande de Gaza. Des organisations de","robots":{"index":"index","follow":"follow","max-snippet":"max-snippet:-1","max-image-preview":"max-image-preview:large","max-video-preview":"max-video-preview:-1"},"canonical":"https:\/\/www.pressenza.com\/fr\/2026\/04\/israel-intercepte-la-flottille-global-sumud-dans-les-eaux-internationales-et-ouvre-une-nouvelle-crise-de-droit-international\/","og_locale":"fr_FR","og_type":"article","og_title":"Isra\u00ebl intercepte la flottille Global Sumud dans les eaux internationales et ouvre une nouvelle crise de droit international","og_description":"La mission civile qui faisait route vers Gaza a \u00e9t\u00e9 arraisonn\u00e9e pr\u00e8s de la Cr\u00e8te, \u00e0 des centaines de milles de la bande de Gaza. Des organisations de","og_url":"https:\/\/www.pressenza.com\/fr\/2026\/04\/israel-intercepte-la-flottille-global-sumud-dans-les-eaux-internationales-et-ouvre-une-nouvelle-crise-de-droit-international\/","og_site_name":"Pressenza","article_publisher":"https:\/\/www.facebook.com\/PressenzaItalia","article_published_time":"2026-04-30T21:12:01+00:00","og_image":[{"width":1168,"height":784,"url":"https:\/\/www.pressenza.com\/wp-content\/uploads\/2026\/04\/Flotilla-SUMUD-de-apoyo-a-Palestina.jpeg","type":"image\/jpeg"}],"author":"Claudia Aranda","twitter_card":"summary_large_image","twitter_creator":"@PressenzaIPA","twitter_site":"@PressenzaIPA","twitter_misc":{"\u00c9crit par":"Claudia Aranda","Dur\u00e9e de lecture estim\u00e9e":"4 minutes"},"schema":{"@context":"https:\/\/schema.org","@graph":[{"@type":"Article","@id":"https:\/\/www.pressenza.com\/fr\/2026\/04\/israel-intercepte-la-flottille-global-sumud-dans-les-eaux-internationales-et-ouvre-une-nouvelle-crise-de-droit-international\/#article","isPartOf":{"@id":"https:\/\/www.pressenza.com\/fr\/2026\/04\/israel-intercepte-la-flottille-global-sumud-dans-les-eaux-internationales-et-ouvre-une-nouvelle-crise-de-droit-international\/"},"author":{"name":"Claudia Aranda","@id":"https:\/\/www.pressenza.com\/fr\/#\/schema\/person\/7c99b7f1e26cb9e5efedc0b26a398fb5"},"headline":"Isra\u00ebl intercepte la flottille Global Sumud dans les eaux internationales et ouvre une nouvelle crise de droit international","datePublished":"2026-04-30T21:12:01+00:00","mainEntityOfPage":{"@id":"https:\/\/www.pressenza.com\/fr\/2026\/04\/israel-intercepte-la-flottille-global-sumud-dans-les-eaux-internationales-et-ouvre-une-nouvelle-crise-de-droit-international\/"},"wordCount":860,"publisher":{"@id":"https:\/\/www.pressenza.com\/fr\/#organization"},"image":{"@id":"https:\/\/www.pressenza.com\/fr\/2026\/04\/israel-intercepte-la-flottille-global-sumud-dans-les-eaux-internationales-et-ouvre-une-nouvelle-crise-de-droit-international\/#primaryimage"},"thumbnailUrl":"https:\/\/www.pressenza.com\/wp-content\/uploads\/2026\/04\/Flotilla-SUMUD-de-apoyo-a-Palestina.jpeg","keywords":["Flottille Sumud","Moyen-Orient"],"articleSection":["Contenu Original","Culture et M\u00e9dias","Droits humains","International","Proche et Moyen-Orient","Relations internationales"],"inLanguage":"fr-FR"},{"@type":"WebPage","@id":"https:\/\/www.pressenza.com\/fr\/2026\/04\/israel-intercepte-la-flottille-global-sumud-dans-les-eaux-internationales-et-ouvre-une-nouvelle-crise-de-droit-international\/","url":"https:\/\/www.pressenza.com\/fr\/2026\/04\/israel-intercepte-la-flottille-global-sumud-dans-les-eaux-internationales-et-ouvre-une-nouvelle-crise-de-droit-international\/","name":"Isra\u00ebl intercepte la flottille Global Sumud dans les eaux internationales et ouvre une nouvelle crise de droit international","isPartOf":{"@id":"https:\/\/www.pressenza.com\/fr\/#website"},"primaryImageOfPage":{"@id":"https:\/\/www.pressenza.com\/fr\/2026\/04\/israel-intercepte-la-flottille-global-sumud-dans-les-eaux-internationales-et-ouvre-une-nouvelle-crise-de-droit-international\/#primaryimage"},"image":{"@id":"https:\/\/www.pressenza.com\/fr\/2026\/04\/israel-intercepte-la-flottille-global-sumud-dans-les-eaux-internationales-et-ouvre-une-nouvelle-crise-de-droit-international\/#primaryimage"},"thumbnailUrl":"https:\/\/www.pressenza.com\/wp-content\/uploads\/2026\/04\/Flotilla-SUMUD-de-apoyo-a-Palestina.jpeg","datePublished":"2026-04-30T21:12:01+00:00","description":"La mission civile qui faisait route vers Gaza a \u00e9t\u00e9 arraisonn\u00e9e pr\u00e8s de la Cr\u00e8te, \u00e0 des centaines de milles de la bande de Gaza. Des organisations de","breadcrumb":{"@id":"https:\/\/www.pressenza.com\/fr\/2026\/04\/israel-intercepte-la-flottille-global-sumud-dans-les-eaux-internationales-et-ouvre-une-nouvelle-crise-de-droit-international\/#breadcrumb"},"inLanguage":"fr-FR","potentialAction":[{"@type":"ReadAction","target":["https:\/\/www.pressenza.com\/fr\/2026\/04\/israel-intercepte-la-flottille-global-sumud-dans-les-eaux-internationales-et-ouvre-une-nouvelle-crise-de-droit-international\/"]}]},{"@type":"ImageObject","inLanguage":"fr-FR","@id":"https:\/\/www.pressenza.com\/fr\/2026\/04\/israel-intercepte-la-flottille-global-sumud-dans-les-eaux-internationales-et-ouvre-une-nouvelle-crise-de-droit-international\/#primaryimage","url":"https:\/\/www.pressenza.com\/wp-content\/uploads\/2026\/04\/Flotilla-SUMUD-de-apoyo-a-Palestina.jpeg","contentUrl":"https:\/\/www.pressenza.com\/wp-content\/uploads\/2026\/04\/Flotilla-SUMUD-de-apoyo-a-Palestina.jpeg","width":1168,"height":784},{"@type":"BreadcrumbList","@id":"https:\/\/www.pressenza.com\/fr\/2026\/04\/israel-intercepte-la-flottille-global-sumud-dans-les-eaux-internationales-et-ouvre-une-nouvelle-crise-de-droit-international\/#breadcrumb","itemListElement":[{"@type":"ListItem","position":1,"name":"Accueil","item":"https:\/\/www.pressenza.com\/fr\/"},{"@type":"ListItem","position":2,"name":"Isra\u00ebl intercepte la flottille Global Sumud dans les eaux internationales et ouvre une nouvelle crise de droit international"}]},{"@type":"WebSite","@id":"https:\/\/www.pressenza.com\/fr\/#website","url":"https:\/\/www.pressenza.com\/fr\/","name":"Pressenza","description":"International Press Agency","publisher":{"@id":"https:\/\/www.pressenza.com\/fr\/#organization"},"potentialAction":[{"@type":"SearchAction","target":{"@type":"EntryPoint","urlTemplate":"https:\/\/www.pressenza.com\/fr\/?s={search_term_string}"},"query-input":{"@type":"PropertyValueSpecification","valueRequired":true,"valueName":"search_term_string"}}],"inLanguage":"fr-FR"},{"@type":"Organization","@id":"https:\/\/www.pressenza.com\/fr\/#organization","name":"Pressenza","url":"https:\/\/www.pressenza.com\/fr\/","logo":{"@type":"ImageObject","inLanguage":"fr-FR","@id":"https:\/\/www.pressenza.com\/fr\/#\/schema\/logo\/image\/","url":"https:\/\/www.pressenza.com\/wp-content\/uploads\/2022\/10\/pressenza_logo_200x200.jpg","contentUrl":"https:\/\/www.pressenza.com\/wp-content\/uploads\/2022\/10\/pressenza_logo_200x200.jpg","width":200,"height":200,"caption":"Pressenza"},"image":{"@id":"https:\/\/www.pressenza.com\/fr\/#\/schema\/logo\/image\/"},"sameAs":["https:\/\/www.facebook.com\/PressenzaItalia","https:\/\/x.com\/PressenzaIPA"]},{"@type":"Person","@id":"https:\/\/www.pressenza.com\/fr\/#\/schema\/person\/7c99b7f1e26cb9e5efedc0b26a398fb5","name":"Claudia Aranda","description":"Chilean journalist specializing in Semiotics and Political Analysis. As an international analyst, she focuses on prospective analysis of social processes. Based in Montreal, Quebec, she covers news for Pressenza and explores contemporary philosophical debates within the context of current events. Her work emphasizes human rights, geopolitics, armed conflict, the environment, and technological development. She is a humanist and an activist for social justice causes.","url":"https:\/\/www.pressenza.com\/fr\/author\/claudia-aranda\/"}]}},"place":"","original_article_url":"","_links":{"self":[{"href":"https:\/\/www.pressenza.com\/fr\/wp-json\/wp\/v2\/posts\/2696893","targetHints":{"allow":["GET"]}}],"collection":[{"href":"https:\/\/www.pressenza.com\/fr\/wp-json\/wp\/v2\/posts"}],"about":[{"href":"https:\/\/www.pressenza.com\/fr\/wp-json\/wp\/v2\/types\/post"}],"author":[{"embeddable":true,"href":"https:\/\/www.pressenza.com\/fr\/wp-json\/wp\/v2\/users\/1757"}],"replies":[{"embeddable":true,"href":"https:\/\/www.pressenza.com\/fr\/wp-json\/wp\/v2\/comments?post=2696893"}],"version-history":[{"count":1,"href":"https:\/\/www.pressenza.com\/fr\/wp-json\/wp\/v2\/posts\/2696893\/revisions"}],"predecessor-version":[{"id":2696896,"href":"https:\/\/www.pressenza.com\/fr\/wp-json\/wp\/v2\/posts\/2696893\/revisions\/2696896"}],"wp:featuredmedia":[{"embeddable":true,"href":"https:\/\/www.pressenza.com\/fr\/wp-json\/wp\/v2\/media\/2696894"}],"wp:attachment":[{"href":"https:\/\/www.pressenza.com\/fr\/wp-json\/wp\/v2\/media?parent=2696893"}],"wp:term":[{"taxonomy":"category","embeddable":true,"href":"https:\/\/www.pressenza.com\/fr\/wp-json\/wp\/v2\/categories?post=2696893"},{"taxonomy":"post_tag","embeddable":true,"href":"https:\/\/www.pressenza.com\/fr\/wp-json\/wp\/v2\/tags?post=2696893"}],"curies":[{"name":"wp","href":"https:\/\/api.w.org\/{rel}","templated":true}]}}