{"id":2696853,"date":"2026-04-30T21:41:08","date_gmt":"2026-04-30T20:41:08","guid":{"rendered":"https:\/\/www.pressenza.com\/?p=2696853"},"modified":"2026-04-30T21:41:08","modified_gmt":"2026-04-30T20:41:08","slug":"aung-san-suu-kyi-la-femme-la-plus-redoutee-par-les-generaux-est-a-nouveau-libre","status":"publish","type":"post","link":"https:\/\/www.pressenza.com\/fr\/2026\/04\/aung-san-suu-kyi-la-femme-la-plus-redoutee-par-les-generaux-est-a-nouveau-libre\/","title":{"rendered":"Aung San Suu Kyi : la femme la plus redout\u00e9e par les g\u00e9n\u00e9raux est \u00e0 nouveau libre"},"content":{"rendered":"<p>Aung San Suu Kyi, la dirigeante birmane laur\u00e9ate du Prix Nobel de la paix, poss\u00e8de quelque chose que les g\u00e9n\u00e9raux n\u2019ont jamais eu : elle est l\u00e9gitim\u00e9e par le mandat que le peuple lui a confi\u00e9 pour gouverner le pays. Les g\u00e9n\u00e9raux, en revanche, n\u2019ont jamais \u00e9t\u00e9 \u00e9lus et, aux yeux du peuple, ils ne jouissent d\u2019aucune autorit\u00e9 reconnue.<\/p>\n<p>Dans son premier discours politique, le 26 ao\u00fbt 1988, une femme de quarante-trois ans, novice en politique, qui vivait encore quelques semaines auparavant \u00e0 Cambridge avec son mari et ses deux enfants, propuls\u00e9e dans la m\u00eal\u00e9e par les chefs de la r\u00e9volte qui lui demand\u00e8rent, en vertu de sa lign\u00e9e en tant que fille du h\u00e9ros national de l\u2019ind\u00e9pendance birmane, de prendre la t\u00eate de la r\u00e9volution, eut l\u2019audace de qualifier l\u2019insurrection populaire en cours depuis le mois d\u2019ao\u00fbt de \u00ab deuxi\u00e8me lutte pour l\u2019ind\u00e9pendance \u00bb et entra d\u00e8s lors en politique. Son message politique a depuis lors consist\u00e9 \u00e0 d\u00e9fier sans rel\u00e2che toute autorit\u00e9 et tout ordre injustes. Elle encourageait les gens \u00e0 s\u2019engager dans une r\u00e9sistance politique non violente.<\/p>\n<p>Son objectif politique a toujours \u00e9t\u00e9 clair et ouvertement d\u00e9clar\u00e9 : renverser le r\u00e9gime dictatorial et \u00e9tablir un ordre d\u00e9mocratique afin de garantir l&rsquo;\u00e9galit\u00e9 des droits et la dignit\u00e9 dans un \u00c9tat conf\u00e9d\u00e9r\u00e9. C&rsquo;est pr\u00e9cis\u00e9ment gr\u00e2ce \u00e0 l&rsquo;insurrection g\u00e9n\u00e9rale d&rsquo;ao\u00fbt 1988 que la prise de conscience des id\u00e9aux d\u00e9mocratiques parmi les Birmans s&rsquo;est consid\u00e9rablement accrue depuis lors. C&rsquo;est pour cette raison que les g\u00e9n\u00e9raux l&rsquo;ont plac\u00e9e en r\u00e9sidence surveill\u00e9e d\u00e8s le 20 juillet 1989. Plus de trente-cinq ans se sont \u00e9coul\u00e9s depuis, dont vingt qu&rsquo;Aung San Suu Kyi a pass\u00e9s en r\u00e9sidence surveill\u00e9e, voire en prison comme ces cinq derni\u00e8res ann\u00e9es.<\/p>\n<p>Mais aujourd\u2019hui, la nouvelle que nous attendions tous est enfin tomb\u00e9e : cette nuit, elle a \u00e9t\u00e9 lib\u00e9r\u00e9e et conduite dans \u00ab une maison \u00bb, certainement en r\u00e9sidence surveill\u00e9e. Nous esp\u00e9rons avoir bient\u00f4t de ses nouvelles.<\/p>\n","protected":false},"excerpt":{"rendered":"<p>Aung San Suu Kyi, la dirigeante birmane laur\u00e9ate du Prix Nobel de la paix, poss\u00e8de quelque chose que les g\u00e9n\u00e9raux n\u2019ont jamais eu : elle est l\u00e9gitim\u00e9e par le mandat que le peuple lui a confi\u00e9 pour gouverner le pays.&hellip;<\/p>\n","protected":false},"author":1795,"featured_media":994006,"comment_status":"closed","ping_status":"closed","sticky":false,"template":"","format":"standard","meta":{"footnotes":""},"categories":[11386,124282,93],"tags":[151236,2862],"class_list":["post-2696853","post","type-post","status-publish","format-standard","has-post-thumbnail","hentry","category-contenu-original","category-news-fr","category-politique","tag-aung-san-suu-kyi","tag-birmanie"],"yoast_head":"<!-- This site is optimized with the Yoast SEO plugin v27.1.1 - https:\/\/yoast.com\/product\/yoast-seo-wordpress\/ -->\n<title>Aung San Suu Kyi : la femme la plus redout\u00e9e par les g\u00e9n\u00e9raux est \u00e0 nouveau libre<\/title>\n<meta name=\"description\" content=\"Aung San Suu Kyi, la dirigeante birmane laur\u00e9ate du Prix Nobel de la paix, poss\u00e8de quelque chose que les g\u00e9n\u00e9raux n\u2019ont jamais eu : elle est l\u00e9gitim\u00e9e par\" \/>\n<meta name=\"robots\" content=\"index, follow, max-snippet:-1, max-image-preview:large, max-video-preview:-1\" \/>\n<link rel=\"canonical\" href=\"https:\/\/www.pressenza.com\/fr\/2026\/04\/aung-san-suu-kyi-la-femme-la-plus-redoutee-par-les-generaux-est-a-nouveau-libre\/\" \/>\n<meta property=\"og:locale\" content=\"fr_FR\" \/>\n<meta property=\"og:type\" content=\"article\" \/>\n<meta property=\"og:title\" content=\"Aung San Suu Kyi : la femme la plus redout\u00e9e par les g\u00e9n\u00e9raux est \u00e0 nouveau libre\" \/>\n<meta property=\"og:description\" content=\"Aung San Suu Kyi, la dirigeante birmane laur\u00e9ate du Prix Nobel de la paix, poss\u00e8de quelque chose que les g\u00e9n\u00e9raux n\u2019ont jamais eu : elle est l\u00e9gitim\u00e9e par\" \/>\n<meta property=\"og:url\" content=\"https:\/\/www.pressenza.com\/fr\/2026\/04\/aung-san-suu-kyi-la-femme-la-plus-redoutee-par-les-generaux-est-a-nouveau-libre\/\" \/>\n<meta property=\"og:site_name\" content=\"Pressenza\" \/>\n<meta property=\"article:publisher\" content=\"https:\/\/www.facebook.com\/PressenzaItalia\" \/>\n<meta property=\"article:published_time\" content=\"2026-04-30T20:41:08+00:00\" \/>\n<meta property=\"og:image\" content=\"https:\/\/www.pressenza.com\/wp-content\/uploads\/2019\/12\/Aung_San_Suu_Kyi_31_ott_13_021.jpg\" \/>\n\t<meta property=\"og:image:width\" content=\"1024\" \/>\n\t<meta property=\"og:image:height\" content=\"680\" \/>\n\t<meta property=\"og:image:type\" content=\"image\/jpeg\" \/>\n<meta name=\"author\" content=\"Fiorella Carollo\" \/>\n<meta name=\"twitter:card\" content=\"summary_large_image\" \/>\n<meta name=\"twitter:creator\" content=\"@PressenzaIPA\" \/>\n<meta name=\"twitter:site\" content=\"@PressenzaIPA\" \/>\n<meta name=\"twitter:label1\" content=\"\u00c9crit par\" \/>\n\t<meta name=\"twitter:data1\" content=\"Fiorella Carollo\" \/>\n\t<meta name=\"twitter:label2\" content=\"Dur\u00e9e de lecture estim\u00e9e\" \/>\n\t<meta name=\"twitter:data2\" content=\"2 minutes\" \/>\n<script type=\"application\/ld+json\" class=\"yoast-schema-graph\">{\"@context\":\"https:\/\/schema.org\",\"@graph\":[{\"@type\":\"Article\",\"@id\":\"https:\/\/www.pressenza.com\/fr\/2026\/04\/aung-san-suu-kyi-la-femme-la-plus-redoutee-par-les-generaux-est-a-nouveau-libre\/#article\",\"isPartOf\":{\"@id\":\"https:\/\/www.pressenza.com\/fr\/2026\/04\/aung-san-suu-kyi-la-femme-la-plus-redoutee-par-les-generaux-est-a-nouveau-libre\/\"},\"author\":{\"name\":\"Fiorella Carollo\",\"@id\":\"https:\/\/www.pressenza.com\/fr\/#\/schema\/person\/84ebf19dce4d902a223619c900b9d714\"},\"headline\":\"Aung San Suu Kyi : la femme la plus redout\u00e9e par les g\u00e9n\u00e9raux est \u00e0 nouveau libre\",\"datePublished\":\"2026-04-30T20:41:08+00:00\",\"mainEntityOfPage\":{\"@id\":\"https:\/\/www.pressenza.com\/fr\/2026\/04\/aung-san-suu-kyi-la-femme-la-plus-redoutee-par-les-generaux-est-a-nouveau-libre\/\"},\"wordCount\":396,\"publisher\":{\"@id\":\"https:\/\/www.pressenza.com\/fr\/#organization\"},\"image\":{\"@id\":\"https:\/\/www.pressenza.com\/fr\/2026\/04\/aung-san-suu-kyi-la-femme-la-plus-redoutee-par-les-generaux-est-a-nouveau-libre\/#primaryimage\"},\"thumbnailUrl\":\"https:\/\/www.pressenza.com\/wp-content\/uploads\/2019\/12\/Aung_San_Suu_Kyi_31_ott_13_021.jpg\",\"keywords\":[\"Aung San Suu Kyi\",\"Birmanie\"],\"articleSection\":[\"Contenu Original\",\"News\",\"Politique\"],\"inLanguage\":\"fr-FR\"},{\"@type\":\"WebPage\",\"@id\":\"https:\/\/www.pressenza.com\/fr\/2026\/04\/aung-san-suu-kyi-la-femme-la-plus-redoutee-par-les-generaux-est-a-nouveau-libre\/\",\"url\":\"https:\/\/www.pressenza.com\/fr\/2026\/04\/aung-san-suu-kyi-la-femme-la-plus-redoutee-par-les-generaux-est-a-nouveau-libre\/\",\"name\":\"Aung San Suu Kyi : la femme la plus redout\u00e9e par les g\u00e9n\u00e9raux est \u00e0 nouveau libre\",\"isPartOf\":{\"@id\":\"https:\/\/www.pressenza.com\/fr\/#website\"},\"primaryImageOfPage\":{\"@id\":\"https:\/\/www.pressenza.com\/fr\/2026\/04\/aung-san-suu-kyi-la-femme-la-plus-redoutee-par-les-generaux-est-a-nouveau-libre\/#primaryimage\"},\"image\":{\"@id\":\"https:\/\/www.pressenza.com\/fr\/2026\/04\/aung-san-suu-kyi-la-femme-la-plus-redoutee-par-les-generaux-est-a-nouveau-libre\/#primaryimage\"},\"thumbnailUrl\":\"https:\/\/www.pressenza.com\/wp-content\/uploads\/2019\/12\/Aung_San_Suu_Kyi_31_ott_13_021.jpg\",\"datePublished\":\"2026-04-30T20:41:08+00:00\",\"description\":\"Aung San Suu Kyi, la dirigeante birmane laur\u00e9ate du Prix Nobel de la paix, poss\u00e8de quelque chose que les g\u00e9n\u00e9raux n\u2019ont jamais eu : elle est l\u00e9gitim\u00e9e par\",\"breadcrumb\":{\"@id\":\"https:\/\/www.pressenza.com\/fr\/2026\/04\/aung-san-suu-kyi-la-femme-la-plus-redoutee-par-les-generaux-est-a-nouveau-libre\/#breadcrumb\"},\"inLanguage\":\"fr-FR\",\"potentialAction\":[{\"@type\":\"ReadAction\",\"target\":[\"https:\/\/www.pressenza.com\/fr\/2026\/04\/aung-san-suu-kyi-la-femme-la-plus-redoutee-par-les-generaux-est-a-nouveau-libre\/\"]}]},{\"@type\":\"ImageObject\",\"inLanguage\":\"fr-FR\",\"@id\":\"https:\/\/www.pressenza.com\/fr\/2026\/04\/aung-san-suu-kyi-la-femme-la-plus-redoutee-par-les-generaux-est-a-nouveau-libre\/#primaryimage\",\"url\":\"https:\/\/www.pressenza.com\/wp-content\/uploads\/2019\/12\/Aung_San_Suu_Kyi_31_ott_13_021.jpg\",\"contentUrl\":\"https:\/\/www.pressenza.com\/wp-content\/uploads\/2019\/12\/Aung_San_Suu_Kyi_31_ott_13_021.jpg\",\"width\":1024,\"height\":680},{\"@type\":\"BreadcrumbList\",\"@id\":\"https:\/\/www.pressenza.com\/fr\/2026\/04\/aung-san-suu-kyi-la-femme-la-plus-redoutee-par-les-generaux-est-a-nouveau-libre\/#breadcrumb\",\"itemListElement\":[{\"@type\":\"ListItem\",\"position\":1,\"name\":\"Accueil\",\"item\":\"https:\/\/www.pressenza.com\/fr\/\"},{\"@type\":\"ListItem\",\"position\":2,\"name\":\"Aung San Suu Kyi : la femme la plus redout\u00e9e par les g\u00e9n\u00e9raux est \u00e0 nouveau libre\"}]},{\"@type\":\"WebSite\",\"@id\":\"https:\/\/www.pressenza.com\/fr\/#website\",\"url\":\"https:\/\/www.pressenza.com\/fr\/\",\"name\":\"Pressenza\",\"description\":\"International Press Agency\",\"publisher\":{\"@id\":\"https:\/\/www.pressenza.com\/fr\/#organization\"},\"potentialAction\":[{\"@type\":\"SearchAction\",\"target\":{\"@type\":\"EntryPoint\",\"urlTemplate\":\"https:\/\/www.pressenza.com\/fr\/?s={search_term_string}\"},\"query-input\":{\"@type\":\"PropertyValueSpecification\",\"valueRequired\":true,\"valueName\":\"search_term_string\"}}],\"inLanguage\":\"fr-FR\"},{\"@type\":\"Organization\",\"@id\":\"https:\/\/www.pressenza.com\/fr\/#organization\",\"name\":\"Pressenza\",\"url\":\"https:\/\/www.pressenza.com\/fr\/\",\"logo\":{\"@type\":\"ImageObject\",\"inLanguage\":\"fr-FR\",\"@id\":\"https:\/\/www.pressenza.com\/fr\/#\/schema\/logo\/image\/\",\"url\":\"https:\/\/www.pressenza.com\/wp-content\/uploads\/2022\/10\/pressenza_logo_200x200.jpg\",\"contentUrl\":\"https:\/\/www.pressenza.com\/wp-content\/uploads\/2022\/10\/pressenza_logo_200x200.jpg\",\"width\":200,\"height\":200,\"caption\":\"Pressenza\"},\"image\":{\"@id\":\"https:\/\/www.pressenza.com\/fr\/#\/schema\/logo\/image\/\"},\"sameAs\":[\"https:\/\/www.facebook.com\/PressenzaItalia\",\"https:\/\/x.com\/PressenzaIPA\"]},{\"@type\":\"Person\",\"@id\":\"https:\/\/www.pressenza.com\/fr\/#\/schema\/person\/84ebf19dce4d902a223619c900b9d714\",\"name\":\"Fiorella Carollo\",\"description\":\"Orientalista, nello specifico nipponista, con una formazione in antropologia, studiosa del pensiero femminista e di cinema delle donne. Ha vissuto a Venezia, Londra, Tokyo, Melbourne, Bali e Roma. Nel 2009 pubblica con il contributo del comune di Venezia la raccolta di recensioni \u201cNuove eroine al cinema. Venti anni di cinema declinato al femminile\u201d. Nel biennio 2014-15 due campagne di crowdfunding finanziano il progetto \u201cI Reportage di Donna Reporter: diamo voce e visibilit\u00e0 alle donne che in Asia stanno cambiando il mondo\u201d. Questi reportage, le interviste e gli articoli scritti per The Bali Times hanno fornito il materiale per un libro di prossima pubblicazione. Il 2019 ha visto l\u2019emergere prepotente della questione climatica a cui dedica il libro \u201cExtinction Rebellion e la rivoluzione climatica\u201d 2020 Multimage. Nel marzo del 2022 grazie ad una campagna di crowdfunding \u00e8 stato pubblicato il libro \u201cDonne tra protesta e attivismo. Ambiente, economia, societ\u00e0\u201d sempre per la casa editrice Multimage di Firenze.\",\"url\":\"https:\/\/www.pressenza.com\/fr\/author\/fiorella-carollo\/\"}]}<\/script>\n<!-- \/ Yoast SEO plugin. -->","yoast_head_json":{"title":"Aung San Suu Kyi : la femme la plus redout\u00e9e par les g\u00e9n\u00e9raux est \u00e0 nouveau libre","description":"Aung San Suu Kyi, la dirigeante birmane laur\u00e9ate du Prix Nobel de la paix, poss\u00e8de quelque chose que les g\u00e9n\u00e9raux n\u2019ont jamais eu : elle est l\u00e9gitim\u00e9e par","robots":{"index":"index","follow":"follow","max-snippet":"max-snippet:-1","max-image-preview":"max-image-preview:large","max-video-preview":"max-video-preview:-1"},"canonical":"https:\/\/www.pressenza.com\/fr\/2026\/04\/aung-san-suu-kyi-la-femme-la-plus-redoutee-par-les-generaux-est-a-nouveau-libre\/","og_locale":"fr_FR","og_type":"article","og_title":"Aung San Suu Kyi : la femme la plus redout\u00e9e par les g\u00e9n\u00e9raux est \u00e0 nouveau libre","og_description":"Aung San Suu Kyi, la dirigeante birmane laur\u00e9ate du Prix Nobel de la paix, poss\u00e8de quelque chose que les g\u00e9n\u00e9raux n\u2019ont jamais eu : elle est l\u00e9gitim\u00e9e par","og_url":"https:\/\/www.pressenza.com\/fr\/2026\/04\/aung-san-suu-kyi-la-femme-la-plus-redoutee-par-les-generaux-est-a-nouveau-libre\/","og_site_name":"Pressenza","article_publisher":"https:\/\/www.facebook.com\/PressenzaItalia","article_published_time":"2026-04-30T20:41:08+00:00","og_image":[{"width":1024,"height":680,"url":"https:\/\/www.pressenza.com\/wp-content\/uploads\/2019\/12\/Aung_San_Suu_Kyi_31_ott_13_021.jpg","type":"image\/jpeg"}],"author":"Fiorella Carollo","twitter_card":"summary_large_image","twitter_creator":"@PressenzaIPA","twitter_site":"@PressenzaIPA","twitter_misc":{"\u00c9crit par":"Fiorella Carollo","Dur\u00e9e de lecture estim\u00e9e":"2 minutes"},"schema":{"@context":"https:\/\/schema.org","@graph":[{"@type":"Article","@id":"https:\/\/www.pressenza.com\/fr\/2026\/04\/aung-san-suu-kyi-la-femme-la-plus-redoutee-par-les-generaux-est-a-nouveau-libre\/#article","isPartOf":{"@id":"https:\/\/www.pressenza.com\/fr\/2026\/04\/aung-san-suu-kyi-la-femme-la-plus-redoutee-par-les-generaux-est-a-nouveau-libre\/"},"author":{"name":"Fiorella Carollo","@id":"https:\/\/www.pressenza.com\/fr\/#\/schema\/person\/84ebf19dce4d902a223619c900b9d714"},"headline":"Aung San Suu Kyi : la femme la plus redout\u00e9e par les g\u00e9n\u00e9raux est \u00e0 nouveau libre","datePublished":"2026-04-30T20:41:08+00:00","mainEntityOfPage":{"@id":"https:\/\/www.pressenza.com\/fr\/2026\/04\/aung-san-suu-kyi-la-femme-la-plus-redoutee-par-les-generaux-est-a-nouveau-libre\/"},"wordCount":396,"publisher":{"@id":"https:\/\/www.pressenza.com\/fr\/#organization"},"image":{"@id":"https:\/\/www.pressenza.com\/fr\/2026\/04\/aung-san-suu-kyi-la-femme-la-plus-redoutee-par-les-generaux-est-a-nouveau-libre\/#primaryimage"},"thumbnailUrl":"https:\/\/www.pressenza.com\/wp-content\/uploads\/2019\/12\/Aung_San_Suu_Kyi_31_ott_13_021.jpg","keywords":["Aung San Suu Kyi","Birmanie"],"articleSection":["Contenu Original","News","Politique"],"inLanguage":"fr-FR"},{"@type":"WebPage","@id":"https:\/\/www.pressenza.com\/fr\/2026\/04\/aung-san-suu-kyi-la-femme-la-plus-redoutee-par-les-generaux-est-a-nouveau-libre\/","url":"https:\/\/www.pressenza.com\/fr\/2026\/04\/aung-san-suu-kyi-la-femme-la-plus-redoutee-par-les-generaux-est-a-nouveau-libre\/","name":"Aung San Suu Kyi : la femme la plus redout\u00e9e par les g\u00e9n\u00e9raux est \u00e0 nouveau libre","isPartOf":{"@id":"https:\/\/www.pressenza.com\/fr\/#website"},"primaryImageOfPage":{"@id":"https:\/\/www.pressenza.com\/fr\/2026\/04\/aung-san-suu-kyi-la-femme-la-plus-redoutee-par-les-generaux-est-a-nouveau-libre\/#primaryimage"},"image":{"@id":"https:\/\/www.pressenza.com\/fr\/2026\/04\/aung-san-suu-kyi-la-femme-la-plus-redoutee-par-les-generaux-est-a-nouveau-libre\/#primaryimage"},"thumbnailUrl":"https:\/\/www.pressenza.com\/wp-content\/uploads\/2019\/12\/Aung_San_Suu_Kyi_31_ott_13_021.jpg","datePublished":"2026-04-30T20:41:08+00:00","description":"Aung San Suu Kyi, la dirigeante birmane laur\u00e9ate du Prix Nobel de la paix, poss\u00e8de quelque chose que les g\u00e9n\u00e9raux n\u2019ont jamais eu : elle est l\u00e9gitim\u00e9e par","breadcrumb":{"@id":"https:\/\/www.pressenza.com\/fr\/2026\/04\/aung-san-suu-kyi-la-femme-la-plus-redoutee-par-les-generaux-est-a-nouveau-libre\/#breadcrumb"},"inLanguage":"fr-FR","potentialAction":[{"@type":"ReadAction","target":["https:\/\/www.pressenza.com\/fr\/2026\/04\/aung-san-suu-kyi-la-femme-la-plus-redoutee-par-les-generaux-est-a-nouveau-libre\/"]}]},{"@type":"ImageObject","inLanguage":"fr-FR","@id":"https:\/\/www.pressenza.com\/fr\/2026\/04\/aung-san-suu-kyi-la-femme-la-plus-redoutee-par-les-generaux-est-a-nouveau-libre\/#primaryimage","url":"https:\/\/www.pressenza.com\/wp-content\/uploads\/2019\/12\/Aung_San_Suu_Kyi_31_ott_13_021.jpg","contentUrl":"https:\/\/www.pressenza.com\/wp-content\/uploads\/2019\/12\/Aung_San_Suu_Kyi_31_ott_13_021.jpg","width":1024,"height":680},{"@type":"BreadcrumbList","@id":"https:\/\/www.pressenza.com\/fr\/2026\/04\/aung-san-suu-kyi-la-femme-la-plus-redoutee-par-les-generaux-est-a-nouveau-libre\/#breadcrumb","itemListElement":[{"@type":"ListItem","position":1,"name":"Accueil","item":"https:\/\/www.pressenza.com\/fr\/"},{"@type":"ListItem","position":2,"name":"Aung San Suu Kyi : la femme la plus redout\u00e9e par les g\u00e9n\u00e9raux est \u00e0 nouveau libre"}]},{"@type":"WebSite","@id":"https:\/\/www.pressenza.com\/fr\/#website","url":"https:\/\/www.pressenza.com\/fr\/","name":"Pressenza","description":"International Press Agency","publisher":{"@id":"https:\/\/www.pressenza.com\/fr\/#organization"},"potentialAction":[{"@type":"SearchAction","target":{"@type":"EntryPoint","urlTemplate":"https:\/\/www.pressenza.com\/fr\/?s={search_term_string}"},"query-input":{"@type":"PropertyValueSpecification","valueRequired":true,"valueName":"search_term_string"}}],"inLanguage":"fr-FR"},{"@type":"Organization","@id":"https:\/\/www.pressenza.com\/fr\/#organization","name":"Pressenza","url":"https:\/\/www.pressenza.com\/fr\/","logo":{"@type":"ImageObject","inLanguage":"fr-FR","@id":"https:\/\/www.pressenza.com\/fr\/#\/schema\/logo\/image\/","url":"https:\/\/www.pressenza.com\/wp-content\/uploads\/2022\/10\/pressenza_logo_200x200.jpg","contentUrl":"https:\/\/www.pressenza.com\/wp-content\/uploads\/2022\/10\/pressenza_logo_200x200.jpg","width":200,"height":200,"caption":"Pressenza"},"image":{"@id":"https:\/\/www.pressenza.com\/fr\/#\/schema\/logo\/image\/"},"sameAs":["https:\/\/www.facebook.com\/PressenzaItalia","https:\/\/x.com\/PressenzaIPA"]},{"@type":"Person","@id":"https:\/\/www.pressenza.com\/fr\/#\/schema\/person\/84ebf19dce4d902a223619c900b9d714","name":"Fiorella Carollo","description":"Orientalista, nello specifico nipponista, con una formazione in antropologia, studiosa del pensiero femminista e di cinema delle donne. Ha vissuto a Venezia, Londra, Tokyo, Melbourne, Bali e Roma. Nel 2009 pubblica con il contributo del comune di Venezia la raccolta di recensioni \u201cNuove eroine al cinema. Venti anni di cinema declinato al femminile\u201d. Nel biennio 2014-15 due campagne di crowdfunding finanziano il progetto \u201cI Reportage di Donna Reporter: diamo voce e visibilit\u00e0 alle donne che in Asia stanno cambiando il mondo\u201d. Questi reportage, le interviste e gli articoli scritti per The Bali Times hanno fornito il materiale per un libro di prossima pubblicazione. Il 2019 ha visto l\u2019emergere prepotente della questione climatica a cui dedica il libro \u201cExtinction Rebellion e la rivoluzione climatica\u201d 2020 Multimage. Nel marzo del 2022 grazie ad una campagna di crowdfunding \u00e8 stato pubblicato il libro \u201cDonne tra protesta e attivismo. Ambiente, economia, societ\u00e0\u201d sempre per la casa editrice Multimage di Firenze.","url":"https:\/\/www.pressenza.com\/fr\/author\/fiorella-carollo\/"}]}},"place":"","original_article_url":"","_links":{"self":[{"href":"https:\/\/www.pressenza.com\/fr\/wp-json\/wp\/v2\/posts\/2696853","targetHints":{"allow":["GET"]}}],"collection":[{"href":"https:\/\/www.pressenza.com\/fr\/wp-json\/wp\/v2\/posts"}],"about":[{"href":"https:\/\/www.pressenza.com\/fr\/wp-json\/wp\/v2\/types\/post"}],"author":[{"embeddable":true,"href":"https:\/\/www.pressenza.com\/fr\/wp-json\/wp\/v2\/users\/1795"}],"replies":[{"embeddable":true,"href":"https:\/\/www.pressenza.com\/fr\/wp-json\/wp\/v2\/comments?post=2696853"}],"version-history":[{"count":3,"href":"https:\/\/www.pressenza.com\/fr\/wp-json\/wp\/v2\/posts\/2696853\/revisions"}],"predecessor-version":[{"id":2696885,"href":"https:\/\/www.pressenza.com\/fr\/wp-json\/wp\/v2\/posts\/2696853\/revisions\/2696885"}],"wp:featuredmedia":[{"embeddable":true,"href":"https:\/\/www.pressenza.com\/fr\/wp-json\/wp\/v2\/media\/994006"}],"wp:attachment":[{"href":"https:\/\/www.pressenza.com\/fr\/wp-json\/wp\/v2\/media?parent=2696853"}],"wp:term":[{"taxonomy":"category","embeddable":true,"href":"https:\/\/www.pressenza.com\/fr\/wp-json\/wp\/v2\/categories?post=2696853"},{"taxonomy":"post_tag","embeddable":true,"href":"https:\/\/www.pressenza.com\/fr\/wp-json\/wp\/v2\/tags?post=2696853"}],"curies":[{"name":"wp","href":"https:\/\/api.w.org\/{rel}","templated":true}]}}