{"id":2696520,"date":"2026-04-29T17:24:12","date_gmt":"2026-04-29T16:24:12","guid":{"rendered":"https:\/\/www.pressenza.com\/?p=2696520"},"modified":"2026-04-29T17:27:33","modified_gmt":"2026-04-29T16:27:33","slug":"mauritanie-la-lutte-pacifique-face-a-un-systeme-i","status":"publish","type":"post","link":"https:\/\/www.pressenza.com\/fr\/2026\/04\/mauritanie-la-lutte-pacifique-face-a-un-systeme-i\/","title":{"rendered":"Mauritanie : la lutte pacifique face \u00e0 une force s\u00e9curitaire excessive"},"content":{"rendered":"<p><em>Ce lundi 27 avril 2026 se tenait une manifestation pacifique destin\u00e9e \u00e0 protester contre la vie ch\u00e8re dans les rues de la capitale de Mauritanie.\u00a0 Pressenza international est solidaire et publie ici le communiqu\u00e9 de presse de l&rsquo;IRA.\u00a0 \u00a0 \u00a0 \u00a0 \u00a0 \u00a0 \u00a0 \u00a0 \u00a0 \u00a0 \u00a0 \u00a0 \u00a0 \u00a0 \u00a0 \u00a0 \u00a0<\/em><strong>Communiqu\u00e9 : <\/strong><strong>R\u00e9pression brutale contre la marche pacifique d\u2019IRA<\/strong><\/p>\n<p>L\u2019Initiative pour la R\u00e9surgence du Mouvement Abolitionniste (IRA) condamne avec la plus grande fermet\u00e9 la r\u00e9pression brutale dont a \u00e9t\u00e9 victime sa marche pacifique ce lundi matin 27 avril 2026. Cette marche, organis\u00e9e de mani\u00e8re civilis\u00e9e, visait \u00e0 revendiquer des droits l\u00e9gitimes, notamment la baisse des prix des carburants et des denr\u00e9es alimentaires, ainsi que la lib\u00e9ration des prisonniers d\u2019opinion.<\/p>\n<p>Les forces de s\u00e9curit\u00e9, sur ordre du r\u00e9gime du g\u00e9n\u00e9ral Mohamed Ould Cheikh El Ghazouani, ont fait usage d\u2019une force excessive et injustifi\u00e9e contre des manifestants sans d\u00e9fense, causant de graves blessures parmi les participants, en violation flagrante de toutes les lois nationales et des conventions internationales garantissant le droit de manifester pacifiquement.<\/p>\n<p>Nous, \u00e0 IRA, consid\u00e9rons que cette r\u00e9pression barbare refl\u00e8te la volont\u00e9 du r\u00e9gime de confisquer les libert\u00e9s publiques et d\u2019\u00e9touffer les voix r\u00e9clamant justice et dignit\u00e9. Elle confirme une fois de plus son approche fond\u00e9e sur la r\u00e9pression et les restrictions, au lieu de r\u00e9pondre aux revendications l\u00e9gitimes du peuple.<\/p>\n<p>Nous d\u00e9non\u00e7ons \u00e9galement l\u2019arrestation arbitraire de dizaines de militantes et militants dont\u00a0Malick Sy, Zeinabou Biram, Oumar Mohamed Lemine, Samba Birama, Mahfoudh Kharchy, Selemha Hmeida, Saleck, Aissata Niass et bien d\u2019autres ainsi que des bless\u00e9s comme Youssouf Kamara, Coumba N\u2019Daw, Assietou Saleh et tenons les autorit\u00e9s pleinement responsables de leur int\u00e9grit\u00e9 physique et psychologique. Nous exigeons leur lib\u00e9ration imm\u00e9diate et sans conditions.<\/p>\n<p>Nous attirons l\u2019attention de l\u2019opinion publique nationale et internationale, ainsi que de toutes les organisations de d\u00e9fense des droits humains, sur la gravit\u00e9 de ces violations, et appelons \u00e0 l\u2019ouverture d\u2019une enqu\u00eate urgente et ind\u00e9pendante afin de traduire les responsables en justice et de mettre fin \u00e0 la politique d\u2019impunit\u00e9.<\/p>\n<p>Nous appelons enfin les masses de notre peuple \u00e0 poursuivre la lutte pacifique, \u00e0 d\u00e9fendre leurs droits l\u00e9gitimes et \u00e0 ne pas c\u00e9der \u00e0 la politique d\u2019intimidation et de r\u00e9pression.<\/p>\n<p>Nouakchott, le 27 avril 2026<\/p>\n<p>La Commission de communication<\/p>\n<p>&nbsp;<\/p>\n","protected":false},"excerpt":{"rendered":"<p>Ce lundi 27 avril 2026 se tenait une manifestation pacifique destin\u00e9e \u00e0 protester contre la vie ch\u00e8re dans les rues de la capitale de Mauritanie.\u00a0 Pressenza international est solidaire et publie ici le communiqu\u00e9 de presse de l&rsquo;IRA.\u00a0 \u00a0 \u00a0&hellip;<\/p>\n","protected":false},"author":807,"featured_media":2696522,"comment_status":"closed","ping_status":"closed","sticky":false,"template":"","format":"standard","meta":{"footnotes":""},"categories":[83,151,11386,1248,93],"tags":[105876,156107,11938],"class_list":["post-2696520","post","type-post","status-publish","format-standard","has-post-thumbnail","hentry","category-africa-fr","category-communique-de-presse","category-contenu-original","category-nonviolence-sujet","category-politique","tag-ira-fr","tag-lutte-pacifiste","tag-mauritanie"],"yoast_head":"<!-- This site is optimized with the Yoast SEO plugin v27.1.1 - https:\/\/yoast.com\/product\/yoast-seo-wordpress\/ -->\n<title>Mauritanie : la lutte pacifique face \u00e0 une force s\u00e9curitaire excessive<\/title>\n<meta name=\"description\" content=\"Ce lundi 27 avril 2026 se tenait une manifestation pacifique destin\u00e9e \u00e0 protester contre la vie ch\u00e8re dans les rues de la capitale de Mauritanie.\u00a0\" \/>\n<meta name=\"robots\" content=\"index, follow, max-snippet:-1, max-image-preview:large, max-video-preview:-1\" \/>\n<link rel=\"canonical\" href=\"https:\/\/www.pressenza.com\/fr\/2026\/04\/mauritanie-la-lutte-pacifique-face-a-un-systeme-i\/\" \/>\n<meta property=\"og:locale\" content=\"fr_FR\" \/>\n<meta property=\"og:type\" content=\"article\" \/>\n<meta property=\"og:title\" content=\"Mauritanie : la lutte pacifique face \u00e0 une force s\u00e9curitaire excessive\" \/>\n<meta property=\"og:description\" content=\"Ce lundi 27 avril 2026 se tenait une manifestation pacifique destin\u00e9e \u00e0 protester contre la vie ch\u00e8re dans les rues de la capitale de Mauritanie.\u00a0\" \/>\n<meta property=\"og:url\" content=\"https:\/\/www.pressenza.com\/fr\/2026\/04\/mauritanie-la-lutte-pacifique-face-a-un-systeme-i\/\" \/>\n<meta property=\"og:site_name\" content=\"Pressenza\" \/>\n<meta property=\"article:publisher\" content=\"https:\/\/www.facebook.com\/PressenzaItalia\" \/>\n<meta property=\"article:published_time\" content=\"2026-04-29T16:24:12+00:00\" \/>\n<meta property=\"article:modified_time\" content=\"2026-04-29T16:27:33+00:00\" \/>\n<meta property=\"og:image\" content=\"https:\/\/www.pressenza.com\/wp-content\/uploads\/2026\/04\/Manif.jpg\" \/>\n\t<meta property=\"og:image:width\" content=\"1080\" \/>\n\t<meta property=\"og:image:height\" content=\"720\" \/>\n\t<meta property=\"og:image:type\" content=\"image\/jpeg\" \/>\n<meta name=\"author\" content=\"R\u00e9daction Belgique\" \/>\n<meta name=\"twitter:card\" content=\"summary_large_image\" \/>\n<meta name=\"twitter:creator\" content=\"@PressenzaIPA\" \/>\n<meta name=\"twitter:site\" content=\"@PressenzaIPA\" \/>\n<meta name=\"twitter:label1\" content=\"\u00c9crit par\" \/>\n\t<meta name=\"twitter:data1\" content=\"R\u00e9daction Belgique\" \/>\n\t<meta name=\"twitter:label2\" content=\"Dur\u00e9e de lecture estim\u00e9e\" \/>\n\t<meta name=\"twitter:data2\" content=\"3 minutes\" \/>\n<script type=\"application\/ld+json\" class=\"yoast-schema-graph\">{\"@context\":\"https:\/\/schema.org\",\"@graph\":[{\"@type\":\"Article\",\"@id\":\"https:\/\/www.pressenza.com\/fr\/2026\/04\/mauritanie-la-lutte-pacifique-face-a-un-systeme-i\/#article\",\"isPartOf\":{\"@id\":\"https:\/\/www.pressenza.com\/fr\/2026\/04\/mauritanie-la-lutte-pacifique-face-a-un-systeme-i\/\"},\"author\":{\"name\":\"R\u00e9daction Belgique\",\"@id\":\"https:\/\/www.pressenza.com\/fr\/#\/schema\/person\/86412bf1f68934d02d03035e031f781f\"},\"headline\":\"Mauritanie : la lutte pacifique face \u00e0 une force s\u00e9curitaire excessive\",\"datePublished\":\"2026-04-29T16:24:12+00:00\",\"dateModified\":\"2026-04-29T16:27:33+00:00\",\"mainEntityOfPage\":{\"@id\":\"https:\/\/www.pressenza.com\/fr\/2026\/04\/mauritanie-la-lutte-pacifique-face-a-un-systeme-i\/\"},\"wordCount\":412,\"publisher\":{\"@id\":\"https:\/\/www.pressenza.com\/fr\/#organization\"},\"image\":{\"@id\":\"https:\/\/www.pressenza.com\/fr\/2026\/04\/mauritanie-la-lutte-pacifique-face-a-un-systeme-i\/#primaryimage\"},\"thumbnailUrl\":\"https:\/\/www.pressenza.com\/wp-content\/uploads\/2026\/04\/Manif.jpg\",\"keywords\":[\"ira\",\"lutte pacifiste\",\"Mauritanie\"],\"articleSection\":[\"Afrique\",\"Communiqu\u00e9s de Presse\",\"Contenu Original\",\"Non-violence\",\"Politique\"],\"inLanguage\":\"fr-FR\"},{\"@type\":\"WebPage\",\"@id\":\"https:\/\/www.pressenza.com\/fr\/2026\/04\/mauritanie-la-lutte-pacifique-face-a-un-systeme-i\/\",\"url\":\"https:\/\/www.pressenza.com\/fr\/2026\/04\/mauritanie-la-lutte-pacifique-face-a-un-systeme-i\/\",\"name\":\"Mauritanie : la lutte pacifique face \u00e0 une force s\u00e9curitaire excessive\",\"isPartOf\":{\"@id\":\"https:\/\/www.pressenza.com\/fr\/#website\"},\"primaryImageOfPage\":{\"@id\":\"https:\/\/www.pressenza.com\/fr\/2026\/04\/mauritanie-la-lutte-pacifique-face-a-un-systeme-i\/#primaryimage\"},\"image\":{\"@id\":\"https:\/\/www.pressenza.com\/fr\/2026\/04\/mauritanie-la-lutte-pacifique-face-a-un-systeme-i\/#primaryimage\"},\"thumbnailUrl\":\"https:\/\/www.pressenza.com\/wp-content\/uploads\/2026\/04\/Manif.jpg\",\"datePublished\":\"2026-04-29T16:24:12+00:00\",\"dateModified\":\"2026-04-29T16:27:33+00:00\",\"description\":\"Ce lundi 27 avril 2026 se tenait une manifestation pacifique destin\u00e9e \u00e0 protester contre la vie ch\u00e8re dans les rues de la capitale de Mauritanie.\u00a0\",\"breadcrumb\":{\"@id\":\"https:\/\/www.pressenza.com\/fr\/2026\/04\/mauritanie-la-lutte-pacifique-face-a-un-systeme-i\/#breadcrumb\"},\"inLanguage\":\"fr-FR\",\"potentialAction\":[{\"@type\":\"ReadAction\",\"target\":[\"https:\/\/www.pressenza.com\/fr\/2026\/04\/mauritanie-la-lutte-pacifique-face-a-un-systeme-i\/\"]}]},{\"@type\":\"ImageObject\",\"inLanguage\":\"fr-FR\",\"@id\":\"https:\/\/www.pressenza.com\/fr\/2026\/04\/mauritanie-la-lutte-pacifique-face-a-un-systeme-i\/#primaryimage\",\"url\":\"https:\/\/www.pressenza.com\/wp-content\/uploads\/2026\/04\/Manif.jpg\",\"contentUrl\":\"https:\/\/www.pressenza.com\/wp-content\/uploads\/2026\/04\/Manif.jpg\",\"width\":1080,\"height\":720},{\"@type\":\"BreadcrumbList\",\"@id\":\"https:\/\/www.pressenza.com\/fr\/2026\/04\/mauritanie-la-lutte-pacifique-face-a-un-systeme-i\/#breadcrumb\",\"itemListElement\":[{\"@type\":\"ListItem\",\"position\":1,\"name\":\"Accueil\",\"item\":\"https:\/\/www.pressenza.com\/fr\/\"},{\"@type\":\"ListItem\",\"position\":2,\"name\":\"Mauritanie : la lutte pacifique face \u00e0 une force s\u00e9curitaire excessive\"}]},{\"@type\":\"WebSite\",\"@id\":\"https:\/\/www.pressenza.com\/fr\/#website\",\"url\":\"https:\/\/www.pressenza.com\/fr\/\",\"name\":\"Pressenza\",\"description\":\"International Press Agency\",\"publisher\":{\"@id\":\"https:\/\/www.pressenza.com\/fr\/#organization\"},\"potentialAction\":[{\"@type\":\"SearchAction\",\"target\":{\"@type\":\"EntryPoint\",\"urlTemplate\":\"https:\/\/www.pressenza.com\/fr\/?s={search_term_string}\"},\"query-input\":{\"@type\":\"PropertyValueSpecification\",\"valueRequired\":true,\"valueName\":\"search_term_string\"}}],\"inLanguage\":\"fr-FR\"},{\"@type\":\"Organization\",\"@id\":\"https:\/\/www.pressenza.com\/fr\/#organization\",\"name\":\"Pressenza\",\"url\":\"https:\/\/www.pressenza.com\/fr\/\",\"logo\":{\"@type\":\"ImageObject\",\"inLanguage\":\"fr-FR\",\"@id\":\"https:\/\/www.pressenza.com\/fr\/#\/schema\/logo\/image\/\",\"url\":\"https:\/\/www.pressenza.com\/wp-content\/uploads\/2022\/10\/pressenza_logo_200x200.jpg\",\"contentUrl\":\"https:\/\/www.pressenza.com\/wp-content\/uploads\/2022\/10\/pressenza_logo_200x200.jpg\",\"width\":200,\"height\":200,\"caption\":\"Pressenza\"},\"image\":{\"@id\":\"https:\/\/www.pressenza.com\/fr\/#\/schema\/logo\/image\/\"},\"sameAs\":[\"https:\/\/www.facebook.com\/PressenzaItalia\",\"https:\/\/x.com\/PressenzaIPA\"]},{\"@type\":\"Person\",\"@id\":\"https:\/\/www.pressenza.com\/fr\/#\/schema\/person\/86412bf1f68934d02d03035e031f781f\",\"name\":\"R\u00e9daction Belgique\",\"description\":\"News published by the Pressenza bureau in Belgium\",\"url\":\"https:\/\/www.pressenza.com\/fr\/author\/redaction-belgique\/\"}]}<\/script>\n<!-- \/ Yoast SEO plugin. -->","yoast_head_json":{"title":"Mauritanie : la lutte pacifique face \u00e0 une force s\u00e9curitaire excessive","description":"Ce lundi 27 avril 2026 se tenait une manifestation pacifique destin\u00e9e \u00e0 protester contre la vie ch\u00e8re dans les rues de la capitale de Mauritanie.\u00a0","robots":{"index":"index","follow":"follow","max-snippet":"max-snippet:-1","max-image-preview":"max-image-preview:large","max-video-preview":"max-video-preview:-1"},"canonical":"https:\/\/www.pressenza.com\/fr\/2026\/04\/mauritanie-la-lutte-pacifique-face-a-un-systeme-i\/","og_locale":"fr_FR","og_type":"article","og_title":"Mauritanie : la lutte pacifique face \u00e0 une force s\u00e9curitaire excessive","og_description":"Ce lundi 27 avril 2026 se tenait une manifestation pacifique destin\u00e9e \u00e0 protester contre la vie ch\u00e8re dans les rues de la capitale de Mauritanie.\u00a0","og_url":"https:\/\/www.pressenza.com\/fr\/2026\/04\/mauritanie-la-lutte-pacifique-face-a-un-systeme-i\/","og_site_name":"Pressenza","article_publisher":"https:\/\/www.facebook.com\/PressenzaItalia","article_published_time":"2026-04-29T16:24:12+00:00","article_modified_time":"2026-04-29T16:27:33+00:00","og_image":[{"width":1080,"height":720,"url":"https:\/\/www.pressenza.com\/wp-content\/uploads\/2026\/04\/Manif.jpg","type":"image\/jpeg"}],"author":"R\u00e9daction Belgique","twitter_card":"summary_large_image","twitter_creator":"@PressenzaIPA","twitter_site":"@PressenzaIPA","twitter_misc":{"\u00c9crit par":"R\u00e9daction Belgique","Dur\u00e9e de lecture estim\u00e9e":"3 minutes"},"schema":{"@context":"https:\/\/schema.org","@graph":[{"@type":"Article","@id":"https:\/\/www.pressenza.com\/fr\/2026\/04\/mauritanie-la-lutte-pacifique-face-a-un-systeme-i\/#article","isPartOf":{"@id":"https:\/\/www.pressenza.com\/fr\/2026\/04\/mauritanie-la-lutte-pacifique-face-a-un-systeme-i\/"},"author":{"name":"R\u00e9daction Belgique","@id":"https:\/\/www.pressenza.com\/fr\/#\/schema\/person\/86412bf1f68934d02d03035e031f781f"},"headline":"Mauritanie : la lutte pacifique face \u00e0 une force s\u00e9curitaire excessive","datePublished":"2026-04-29T16:24:12+00:00","dateModified":"2026-04-29T16:27:33+00:00","mainEntityOfPage":{"@id":"https:\/\/www.pressenza.com\/fr\/2026\/04\/mauritanie-la-lutte-pacifique-face-a-un-systeme-i\/"},"wordCount":412,"publisher":{"@id":"https:\/\/www.pressenza.com\/fr\/#organization"},"image":{"@id":"https:\/\/www.pressenza.com\/fr\/2026\/04\/mauritanie-la-lutte-pacifique-face-a-un-systeme-i\/#primaryimage"},"thumbnailUrl":"https:\/\/www.pressenza.com\/wp-content\/uploads\/2026\/04\/Manif.jpg","keywords":["ira","lutte pacifiste","Mauritanie"],"articleSection":["Afrique","Communiqu\u00e9s de Presse","Contenu Original","Non-violence","Politique"],"inLanguage":"fr-FR"},{"@type":"WebPage","@id":"https:\/\/www.pressenza.com\/fr\/2026\/04\/mauritanie-la-lutte-pacifique-face-a-un-systeme-i\/","url":"https:\/\/www.pressenza.com\/fr\/2026\/04\/mauritanie-la-lutte-pacifique-face-a-un-systeme-i\/","name":"Mauritanie : la lutte pacifique face \u00e0 une force s\u00e9curitaire excessive","isPartOf":{"@id":"https:\/\/www.pressenza.com\/fr\/#website"},"primaryImageOfPage":{"@id":"https:\/\/www.pressenza.com\/fr\/2026\/04\/mauritanie-la-lutte-pacifique-face-a-un-systeme-i\/#primaryimage"},"image":{"@id":"https:\/\/www.pressenza.com\/fr\/2026\/04\/mauritanie-la-lutte-pacifique-face-a-un-systeme-i\/#primaryimage"},"thumbnailUrl":"https:\/\/www.pressenza.com\/wp-content\/uploads\/2026\/04\/Manif.jpg","datePublished":"2026-04-29T16:24:12+00:00","dateModified":"2026-04-29T16:27:33+00:00","description":"Ce lundi 27 avril 2026 se tenait une manifestation pacifique destin\u00e9e \u00e0 protester contre la vie ch\u00e8re dans les rues de la capitale de Mauritanie.\u00a0","breadcrumb":{"@id":"https:\/\/www.pressenza.com\/fr\/2026\/04\/mauritanie-la-lutte-pacifique-face-a-un-systeme-i\/#breadcrumb"},"inLanguage":"fr-FR","potentialAction":[{"@type":"ReadAction","target":["https:\/\/www.pressenza.com\/fr\/2026\/04\/mauritanie-la-lutte-pacifique-face-a-un-systeme-i\/"]}]},{"@type":"ImageObject","inLanguage":"fr-FR","@id":"https:\/\/www.pressenza.com\/fr\/2026\/04\/mauritanie-la-lutte-pacifique-face-a-un-systeme-i\/#primaryimage","url":"https:\/\/www.pressenza.com\/wp-content\/uploads\/2026\/04\/Manif.jpg","contentUrl":"https:\/\/www.pressenza.com\/wp-content\/uploads\/2026\/04\/Manif.jpg","width":1080,"height":720},{"@type":"BreadcrumbList","@id":"https:\/\/www.pressenza.com\/fr\/2026\/04\/mauritanie-la-lutte-pacifique-face-a-un-systeme-i\/#breadcrumb","itemListElement":[{"@type":"ListItem","position":1,"name":"Accueil","item":"https:\/\/www.pressenza.com\/fr\/"},{"@type":"ListItem","position":2,"name":"Mauritanie : la lutte pacifique face \u00e0 une force s\u00e9curitaire excessive"}]},{"@type":"WebSite","@id":"https:\/\/www.pressenza.com\/fr\/#website","url":"https:\/\/www.pressenza.com\/fr\/","name":"Pressenza","description":"International Press Agency","publisher":{"@id":"https:\/\/www.pressenza.com\/fr\/#organization"},"potentialAction":[{"@type":"SearchAction","target":{"@type":"EntryPoint","urlTemplate":"https:\/\/www.pressenza.com\/fr\/?s={search_term_string}"},"query-input":{"@type":"PropertyValueSpecification","valueRequired":true,"valueName":"search_term_string"}}],"inLanguage":"fr-FR"},{"@type":"Organization","@id":"https:\/\/www.pressenza.com\/fr\/#organization","name":"Pressenza","url":"https:\/\/www.pressenza.com\/fr\/","logo":{"@type":"ImageObject","inLanguage":"fr-FR","@id":"https:\/\/www.pressenza.com\/fr\/#\/schema\/logo\/image\/","url":"https:\/\/www.pressenza.com\/wp-content\/uploads\/2022\/10\/pressenza_logo_200x200.jpg","contentUrl":"https:\/\/www.pressenza.com\/wp-content\/uploads\/2022\/10\/pressenza_logo_200x200.jpg","width":200,"height":200,"caption":"Pressenza"},"image":{"@id":"https:\/\/www.pressenza.com\/fr\/#\/schema\/logo\/image\/"},"sameAs":["https:\/\/www.facebook.com\/PressenzaItalia","https:\/\/x.com\/PressenzaIPA"]},{"@type":"Person","@id":"https:\/\/www.pressenza.com\/fr\/#\/schema\/person\/86412bf1f68934d02d03035e031f781f","name":"R\u00e9daction Belgique","description":"News published by the Pressenza bureau in Belgium","url":"https:\/\/www.pressenza.com\/fr\/author\/redaction-belgique\/"}]}},"place":"Nouakchott, Mauritanie","original_article_url":"","_links":{"self":[{"href":"https:\/\/www.pressenza.com\/fr\/wp-json\/wp\/v2\/posts\/2696520","targetHints":{"allow":["GET"]}}],"collection":[{"href":"https:\/\/www.pressenza.com\/fr\/wp-json\/wp\/v2\/posts"}],"about":[{"href":"https:\/\/www.pressenza.com\/fr\/wp-json\/wp\/v2\/types\/post"}],"author":[{"embeddable":true,"href":"https:\/\/www.pressenza.com\/fr\/wp-json\/wp\/v2\/users\/807"}],"replies":[{"embeddable":true,"href":"https:\/\/www.pressenza.com\/fr\/wp-json\/wp\/v2\/comments?post=2696520"}],"version-history":[{"count":3,"href":"https:\/\/www.pressenza.com\/fr\/wp-json\/wp\/v2\/posts\/2696520\/revisions"}],"predecessor-version":[{"id":2696528,"href":"https:\/\/www.pressenza.com\/fr\/wp-json\/wp\/v2\/posts\/2696520\/revisions\/2696528"}],"wp:featuredmedia":[{"embeddable":true,"href":"https:\/\/www.pressenza.com\/fr\/wp-json\/wp\/v2\/media\/2696522"}],"wp:attachment":[{"href":"https:\/\/www.pressenza.com\/fr\/wp-json\/wp\/v2\/media?parent=2696520"}],"wp:term":[{"taxonomy":"category","embeddable":true,"href":"https:\/\/www.pressenza.com\/fr\/wp-json\/wp\/v2\/categories?post=2696520"},{"taxonomy":"post_tag","embeddable":true,"href":"https:\/\/www.pressenza.com\/fr\/wp-json\/wp\/v2\/tags?post=2696520"}],"curies":[{"name":"wp","href":"https:\/\/api.w.org\/{rel}","templated":true}]}}