{"id":2696340,"date":"2026-04-29T00:39:31","date_gmt":"2026-04-28T23:39:31","guid":{"rendered":"https:\/\/www.pressenza.com\/?p=2696340"},"modified":"2026-04-29T00:45:42","modified_gmt":"2026-04-28T23:45:42","slug":"lukraine-et-gaza-des-situations-analogues-2e-partie","status":"publish","type":"post","link":"https:\/\/www.pressenza.com\/fr\/2026\/04\/lukraine-et-gaza-des-situations-analogues-2e-partie\/","title":{"rendered":"L\u2019Ukraine et Gaza,\u00a0des situations analogues ? 2\u00e8me partie"},"content":{"rendered":"<p><a href=\"https:\/\/www.pressenza.com\/fr\/2026\/04\/lukraine-et-gaza-des-situations-analogues-1ere-partie\/\">Lire la 1\u00e8re partie ici<\/a><\/p>\n<p><strong>Une occupation de courte dur\u00e9e pour l\u2019un et prolong\u00e9e pour l\u2019autre<\/strong><\/p>\n<p>En Ukraine, la r\u00e9volte populaire de 2013 et 2014 fut facilit\u00e9e gr\u00e2ce \u00e0 l\u2019aide fournie par les \u00c9tats-Unis (tentes, autobus, nourriture, spectacles). Le coup d\u2019\u00c9tat survenu le 22 f\u00e9vrier 2014 fut r\u00e9alis\u00e9 par le groupe n\u00e9onazi Secteur droit dirig\u00e9 par Dimitri Yarosh, ainsi que par le commandant de Ma\u00efdan, Andriy Parubiy, grand admirateur d\u2019Adolf Hitler.<\/p>\n<p>D\u00e8s le lendemain du coup d\u2019\u00c9tat, un gouvernement compos\u00e9 de plusieurs membres appartenant au parti n\u00e9onazi Libert\u00e9, dirig\u00e9 par l\u2019antis\u00e9mite Oleh Tyahnybok, adopta des lois russophobes. Les populations de Donetsk et Lougansk r\u00e9agirent en proclamant leur souverainet\u00e9. Une guerre civile, amorc\u00e9e par le groupe n\u00e9onazi Azov dirig\u00e9 par Andriy Biletsky, s\u2019enclencha pour neutraliser les aspirations autonomistes des oblasts de Lougansk et de Donetsk. Des milliers de civils russophones perdirent la vie \u00e0 cause des bombardements de l\u2019arm\u00e9e ukrainienne. De 2014 \u00e0 2022, la Russie a fourni \u00e0 la r\u00e9gion de l\u2019aide militaire et logistique. Elle n\u2019a pas reconnu leur ind\u00e9pendance, et ce dans l\u2019espoir d\u2019une solution qui pr\u00e9serverait l\u2019\u00c9tat ukrainien. Elle est intervenue en annexant la Crim\u00e9e pour des raisons strat\u00e9giques (sa base navale de S\u00e9bastopol sur la mer Noire), suite \u00e0 un r\u00e9f\u00e9rendum massivement favorable. Elle a ensuite entrepris une op\u00e9ration militaire sp\u00e9ciale le 24 f\u00e9vrier 2022 et occup\u00e9 quatre oblasts pendant sept mois. \u00c0 la fin du mois de septembre, ces territoires \u00e9taient annex\u00e9s.<\/p>\n<p>En Palestine, la pr\u00e9sence massive de colons \u00e9trangers introduits sur le territoire palestinien revient \u00e0 une occupation en bonne et due forme qui permet la cr\u00e9ation de l\u2019\u00c9tat d\u2019Isra\u00ebl en 1948. Elle d\u00e9bute par l\u2019expulsion de 700\u00a0000 Palestiniens et l\u2019accaparement de grandes \u00e9tendues de la Palestine. Cette annexion dure depuis 1948 et constitue la premi\u00e8re \u00e9tape de la mise en \u0153uvre des ambitions expansionnistes de l\u2019\u00c9tat isra\u00e9lien.<\/p>\n<p><strong>Une annexion l\u00e9gitime pour l\u2019un et ill\u00e9gale pour l\u2019autre<\/strong><\/p>\n<p>Certains pr\u00e9tendent que l\u2019intervention militaire sp\u00e9ciale de la Russie en Ukraine le 24 f\u00e9vrier 2022 \u00e9tait elle aussi ill\u00e9gale. Cependant, du point de vue de la l\u00e9galit\u00e9, la pr\u00e9sence russe dans le Donbass fut r\u00e9alis\u00e9e en accord avec l\u2019article 51 de la charte onusienne qui autorise un \u00c9tat victime d\u2019agression \u00e0 demander l\u2019assistance d\u2019un autre \u00c9tat. Dans les jours pr\u00e9c\u00e9dant l\u2019invasion, la Russie avait reconnu la souverainet\u00e9 des \u00c9tats autoproclam\u00e9s de Lougansk et de Donetsk et conclu avec ces deux entit\u00e9s des accords d\u2019assistance mutuelle. La Russie est intervenue ensuite \u00e0 la demande de ces deux \u00c9tats, conform\u00e9ment \u00e0 l\u2019article 51.<\/p>\n<p>Le coup d\u2019\u00c9tat, les lois russophobes, la guerre civile et le refus d\u2019appliquer les accords de Minsk sont \u00e0 l\u2019origine des votes r\u00e9f\u00e9rendaires du mois de septembre 2022 largement favorables \u00e0 l\u2019int\u00e9gration \u00e0 la Russie des quatre oblasts. Cette annexion fut aussit\u00f4t, \u00e0 la fin du mois de septembre, officialis\u00e9e par la Douma.<\/p>\n<p>L\u2019occupation de Gaza et de la Cisjordanie, l\u2019annexion de J\u00e9rusalem-Est et du Golan syrien sont des actes ill\u00e9gaux et d\u00e9pourvus de toute justification. En plus d\u2019aller \u00e0 l\u2019encontre des r\u00e9solutions du Conseil de s\u00e9curit\u00e9 et de l\u2019assembl\u00e9e g\u00e9n\u00e9rale de l\u2019ONU, l\u2019annexion de territoires palestiniens est depuis l\u2019arr\u00eat de la Cour internationale de justice du 19 juillet 2024<a href=\"#_ftn1\" name=\"_ftnref1\">[11]<\/a> ill\u00e9gale au sens du droit international. Il s\u2019agit d\u2019une incorporation forc\u00e9e, impos\u00e9e au peuple palestinien contre son gr\u00e9.<\/p>\n<p><strong>Un p\u00e9ril r\u00e9el pour l\u2019un et un p\u00e9ril imaginaire pour l\u2019autre<\/strong><\/p>\n<p>L\u2019expansion de l\u2019OTAN, une organisation militaire antirusse, maintenue en vie malgr\u00e9 la fin de la guerre froide, a donn\u00e9 lieu \u00e0 l\u2019installation de bases militaires encerclant la Russie. L\u2019inclusion de la G\u00e9orgie et de l\u2019Ukraine dans l\u2019OTAN allait compl\u00e9ter cet encerclement dans la mer Noire. Le retrait am\u00e9ricain du trait\u00e9 ABM en 2002 sur les boucliers antimissiles a ouvert la voie \u00e0 l\u2019installation de syst\u00e8mes hybrides en Pologne et en Roumanie. Le retrait am\u00e9ricain du trait\u00e9 INF sur les missiles nucl\u00e9aires \u00e0 port\u00e9e interm\u00e9diaire en 2019 allait-il aussi conduire \u00e0 l\u2019installation de tels missiles \u00e0 proximit\u00e9 de la Russie et, notamment, en Ukraine qui \u00e9tait devenue un membre de facto de l\u2019OTAN?<\/p>\n<p>Les propositions faites par la Russie en d\u00e9cembre 2021 visant \u00e0 assurer la s\u00e9curit\u00e9 de tous les pays en Europe furent rejet\u00e9es par les \u00c9tats-Unis. La promesse de ne pas installer de missiles nucl\u00e9aires \u00e0 moyenne port\u00e9e, faite par Biden \u00e0 la toute fin de d\u00e9cembre 2021, fut retir\u00e9e quelques semaines plus tard. Le 19 f\u00e9vrier 2022, Zelensky affirmait que, sans l\u2019inclusion de l\u2019Ukraine dans l\u2019OTAN, il aurait le droit de ne plus \u00eatre li\u00e9 par le m\u00e9morandum de Budapest<a href=\"#_ftn2\" name=\"_ftnref2\">[12]<\/a>.<\/p>\n<p>La Russie risquait de vivre constamment avec une \u00e9p\u00e9e de Damocl\u00e8s au-dessus de sa t\u00eate, ne disposant que de quelques minutes pour r\u00e9agir en cas d\u2019attaque \u00e9ventuelle. Face aux promesses non tenues, aux trait\u00e9s d\u00e9chir\u00e9s et aux accords non appliqu\u00e9s, la perte du lien de confiance \u00e9tait compl\u00e8te. La Russie faisait d\u00e9j\u00e0 l\u2019objet de menaces par la pr\u00e9sence des syst\u00e8mes hybrides am\u00e9ricains plac\u00e9s en Pologne et en Roumanie. Elle pouvait l\u00e9gitimement se sentir menac\u00e9e par Washington. Le danger \u00e9tait donc r\u00e9el, m\u00eame existentiel. Il fallait r\u00e9agir avant qu\u2019il ne soit trop tard.<\/p>\n<p>Isra\u00ebl fait-il face \u00e0 des menaces de ce genre ? Les dangers qu\u2019il invoque pourraient ais\u00e9ment \u00eatre neutralis\u00e9s. Il suffirait qu\u2019il se conforme au droit international\u00a0: qu\u2019il renonce \u00e0 l\u2019occupation de la Cisjordanie, du Golan et du sud-Liban, retire les colons de ce territoire, mette fin au blocus de Gaza, accepte la cr\u00e9ation d\u2019un \u00c9tat palestinien conform\u00e9ment aux r\u00e9solutions de l\u2019ONU, de l\u2019Assembl\u00e9e g\u00e9n\u00e9rale et de l\u2019arr\u00eat de la Cour internationale de justice de 2024. Il suffirait qu\u2019il admette J\u00e9rusalem-Est comme capitale de ce nouvel \u00c9tat, n\u2019entrave pas l\u2019acc\u00e8s \u00e0 l\u2019Esplanade des mosqu\u00e9es\/Mont du Temple et consente au retour des r\u00e9fugi\u00e9s sur le territoire de ce nouvel \u00c9tat. Isra\u00ebl pr\u00e9tend faire l\u2019objet d\u2019attentats terroristes venant du Hamas, mais ce sont des attentats caus\u00e9s par l\u2019occupation ill\u00e9gale du territoire. Isra\u00ebl pr\u00e9tend qu\u2019il a le droit de se d\u00e9fendre, mais un occupant n\u2019est pas en situation de l\u00e9gitime d\u00e9fense. En vertu du droit international, ce sont les Palestiniens qui ont le droit de se d\u00e9fendre face \u00e0 la puissance occupante. Certains membres du Hamas ont peut-\u00eatre commis des crimes de guerre en Isra\u00ebl le 7 octobre 2023 (cela ne peut \u00eatre d\u00e9termin\u00e9 que par une enqu\u00eate impartiale), mais on ne peut se servir de ces accusations pour nier le droit que les Palestiniens ont de se d\u00e9fendre contre la pr\u00e9sence ill\u00e9gale d\u2019Isra\u00ebl sur leur territoire.<\/p>\n<p>La menace \u00ab existentielle \u00bb dont Isra\u00ebl pr\u00e9tend \u00eatre la victime est en somme le r\u00e9sultat de sa propre occupation coloniale ill\u00e9gale. C\u2019est une menace qu\u2019il a lui-m\u00eame engendr\u00e9e, et dont il se sert comme alibi pour poursuivre la qu\u00eate du Grand Isra\u00ebl.<\/p>\n<p><strong>Le droit \u00e0 l\u2019autod\u00e9termination respect\u00e9 par l\u2019un et bafou\u00e9 par l\u2019autre<\/strong><\/p>\n<p>Le droit \u00e0 l\u2019autod\u00e9termination du peuple palestinien est viol\u00e9 non seulement \u00e0 cause du g\u00e9nocide en cours, mais aussi plus g\u00e9n\u00e9ralement \u00e0 cause de l\u2019occupation et de la colonisation ill\u00e9gales du territoire palestinien. Le droit du peuple palestinien fait effectivement l\u2019objet d\u2019une violation flagrante, et cela est admis dans l\u2019arr\u00eat de la Cour internationale de justice de 2025.<\/p>\n<p>Que dire cependant du droit \u00e0 l\u2019autod\u00e9termination du peuple ukrainien? Les m\u00e9morandums de Budapest de 1994 n\u2019obligeaient-ils pas tous les signataires de respecter l\u2019ind\u00e9pendance de l\u2019Ukraine, de m\u00eame que sa souverainet\u00e9 et ses fronti\u00e8res existantes? On pouvait en effet lire\u00a0:<\/p>\n<p>\u00ab La f\u00e9d\u00e9ration de Russie, le Royaume-Uni de Grande-Bretagne et d\u2019Irlande du Nord et les \u00c9tats-Unis d\u2019Am\u00e9rique r\u00e9affirment leur engagement envers l\u2019Ukraine, conform\u00e9ment aux principes \u00e9nonc\u00e9s dans l\u2019Acte final de la Conf\u00e9rence sur la s\u00e9curit\u00e9 et la coop\u00e9ration en Europe, de respecter son ind\u00e9pendance et sa souverainet\u00e9, ainsi que ses fronti\u00e8res existantes.\u00a0\u00bb<\/p>\n<p>Si, de son c\u00f4t\u00e9, la Russie a sign\u00e9 le m\u00e9morandum de Budapest, a reconnu l\u2019\u00c9tat souverain d\u2019Ukraine en 1994 et accept\u00e9 les Accords de Minsk, peut-on dire des autres signataires du m\u00e9morandum qu\u2019ils en ont respect\u00e9 les principes? Les \u00c9tats-Unis ont financ\u00e9 l\u2019Ukraine \u00e0 la hauteur de 5 milliards de dollars \u00e0 partir de 1991. Ils ont encadr\u00e9 la r\u00e9volte, appuy\u00e9 le coup d\u2019\u00c9tat et contribu\u00e9 \u00e0 la nomination de ses repr\u00e9sentants. Il est difficile d\u2019\u00eatre plus irrespectueux de l\u2019ind\u00e9pendance et de la souverainet\u00e9 ukrainienne, l\u2019Ukraine s\u2019est retrouv\u00e9e sous une tutelle am\u00e9ricaine.<\/p>\n<p>Que dire du respect des accords d\u2019Helsinki de 1975 garantissant l\u2019inviolabilit\u00e9 des fronti\u00e8res, le respect de l\u2019int\u00e9grit\u00e9 territoriale et la promesse de non-ing\u00e9rence? Ne confirment-ils pas l\u2019existence du droit du peuple ukrainien \u00e0 l\u2019autod\u00e9termination? En s\u2019opposant \u00e0 l\u2019int\u00e9gration de l\u2019Ukraine dans l\u2019OTAN au point d\u2019envahir ce pays, la Russie n\u2019est-elle pas responsable d\u2019une violation tout aussi flagrante du droit \u00e0 l\u2019autod\u00e9termination du peuple ukrainien?<\/p>\n<p>Il faut tout d\u2019abord prendre note du fait que le peuple ukrainien s\u2019est r\u00e9volt\u00e9 en 2013-2014 \u00e0 cause de la d\u00e9cision prise par le pr\u00e9sident Viktor Ianoukovitch de ne pas joindre l\u2019Union europ\u00e9enne. Les estimations sont qu\u2019une majorit\u00e9 d\u2019Ukrainiens voulaient joindre l\u2019Union europ\u00e9enne, mais que seule une minorit\u00e9 voulait adh\u00e9rer \u00e0 l\u2019OTAN. Les \u00c9tats-Unis, les dirigeants de l\u2019OTAN et les dirigeants ukrainiens ont quand m\u00eame d\u00e9cid\u00e9 de faire avancer le projet d\u2019int\u00e9gration de l\u2019Ukraine dans l\u2019OTAN.<\/p>\n<p>En outre, lors des \u00e9lections pr\u00e9sidentielles du mois de mai 2014 faisant suite au coup d\u2019\u00c9tat, la population s\u2019est prononc\u00e9e en faveur de Petro Porochenko, de son programme de paix et du r\u00e9tablissement des droits linguistiques de la minorit\u00e9 russophone. Cela n\u2019a pas emp\u00each\u00e9 le groupe n\u00e9onazi Azov de provoquer une guerre civile, puis \u00e0 la minorit\u00e9 au pouvoir, de convaincre la Cour de justice du caract\u00e8re inconstitutionnel des lois de 2012 visant \u00e0 prot\u00e9ger les russophones. De la m\u00eame mani\u00e8re, en 2019, la population ukrainienne a vot\u00e9 en faveur de Volodymyr Zelensky \u00e0 la hauteur de 73% des bulletins de vote \u00e0 cause de son programme de paix et de sa volont\u00e9 affich\u00e9e d\u2019appliquer les Accords de Minsk. Les pays de l\u2019OTAN avaient une autre id\u00e9e en t\u00eate que la paix avec la Russie et n\u2019avaient que faire des Accords de Minsk. Enfin, en 2025, la population ukrainienne souhaitait la reprise des n\u00e9gociations et se montrait favorable \u00e0 la conclusion rapide d\u2019une entente conduisant \u00e0 la paix.<\/p>\n<p>Le respect du droit \u00e0 l\u2019autod\u00e9termination du peuple ukrainien n\u2019exigeait-il pas \u00e0 chaque fois de respecter le v\u0153u de la population? N\u2019y a-t-il pas eu de l\u2019ing\u00e9rence am\u00e9ricaine et occidentale? Malgr\u00e9 l\u2019expression de la volont\u00e9 populaire plusieurs fois exprim\u00e9e, les \u00c9tats-Unis, l\u2019OTAN et la minorit\u00e9 band\u00e9riste poursuivent la confrontation avec la Russie. La population ukrainienne enti\u00e8re se trouve ainsi prise en otage et engag\u00e9e contre son gr\u00e9 dans une guerre sans merci et de laquelle elle ne peut que sortir perdante. Il \u00e9tait difficile de manifester plus d\u2019ing\u00e9rence que cela dans les affaires ukrainiennes. Le droit \u00e0 l\u2019autod\u00e9termination du peuple ukrainien a donc, en effet, \u00e9t\u00e9 viol\u00e9, mais c\u2019est par la minorit\u00e9 band\u00e9riste et les dirigeants de l\u2019OTAN.<\/p>\n<p><strong>L\u2019un est sur la d\u00e9fensive et l\u2019autre est \u00e0 l\u2019offensive<\/strong><\/p>\n<p>La diff\u00e9rence la plus importante est peut-\u00eatre la suivante. Les vis\u00e9es expansionnistes d\u2019Isra\u00ebl sont explicites. On envisage la cr\u00e9ation du Grand Isra\u00ebl. Netanyahou brandit ouvertement aux Nations unies une carte g\u00e9ographique montrant un pays d\u2019Isra\u00ebl sans la pr\u00e9sence d\u2019un \u00c9tat palestinien. La Cisjordanie est appel\u00e9e plut\u00f4t la Jud\u00e9e et la Samarie. Isra\u00ebl s\u2019empare du nord de Gaza et applique la m\u00eame recette pour la Cisjordanie, le Sud du Liban et la Syrie. Les dirigeants affirment r\u00e9aliser un projet biblique. Isra\u00ebl est \u00e0 l\u2019offensive.<\/p>\n<p>Peut-on s\u2019aventurer au point de d\u00e9celer des ambitions analogues du c\u00f4t\u00e9 de la Russie?<\/p>\n<p>Il n\u2019y aurait pas eu d\u2019annexions des oblasts de Lougansk, Donetsk, Kherson et Zaporijja si l\u2019Ukraine, parrain\u00e9e par la France et l\u2019Allemagne, n\u2019avait pas renonc\u00e9 \u00e0 donner suite aux accords de Minsk et si l\u2019\u00e9missaire de l\u2019OTAN, Boris Johnson, n\u2019\u00e9tait pas intervenu comme mandataire des \u00c9tats-Unis pour interrompre les n\u00e9gociations russo-ukrainiennes d\u2019Istanbul de 2022 qui avaient progress\u00e9. La reconnaissance de l\u2019autonomie de Lougansk et de Donetsk aurait \u00e9t\u00e9 consacr\u00e9e, solution semblable \u00e0 celle qui fut adopt\u00e9e en 2008 en faveur de l\u2019Oss\u00e9tie du Sud et de l\u2019Abkhazie, dans le conflit avec la G\u00e9orgie.<\/p>\n<p>Il \u00e9tait dans l\u2019int\u00e9r\u00eat de la Russie de maintenir ces deux oblasts \u00e0 l\u2019int\u00e9rieur de l\u2019Ukraine, car les russophones qui y vivaient pouvaient infl\u00e9chir en partie les politiques adopt\u00e9es par Kiev. C\u2019est la raison pour laquelle on doit prendre au mot la position russe de l\u2019\u00e9poque qui favorisait les accords de Minsk, incluant la cr\u00e9ation de gouvernements autonomes et non la reconnaissance de leur souverainet\u00e9.<\/p>\n<p>D\u2019ailleurs, il n\u2019y aurait pas eu de r\u00e9actions autonomistes de la part de ces deux oblasts si le gouvernement en place n\u2019avait pas d\u00e8s le 23 f\u00e9vrier 2014 abrog\u00e9 la loi de 2012 prot\u00e9geant les droits linguistiques des citoyens ukrainiens russophones.<\/p>\n<p>Enfin, il n\u2019y aurait pas eu d\u2019annexion de la Crim\u00e9e de la part de la Russie en 2014 si la minorit\u00e9 n\u00e9onazie (Secteur droit, le parti Libert\u00e9) financ\u00e9e, appuy\u00e9e et encadr\u00e9e par les \u00c9tats-Unis n\u2019avait pas instrumentalis\u00e9 les manifestations l\u00e9gitimes des citoyens ukrainiens et proc\u00e9d\u00e9 \u00e0 un coup d\u2019\u00c9tat. La Crim\u00e9e avait d\u00e9j\u00e0 vot\u00e9 en faveur de l\u2019annexion \u00e0 la Russie en 1991 et la Russie avait refus\u00e9 de tenir compte de ce vote. Bien au contraire, elle avait reconnu la souverainet\u00e9 de l\u2019Ukraine d\u00e8s 1994. C\u2019est donc seulement en tant que r\u00e9action au coup d\u2019\u00c9tat du mois de f\u00e9vrier 2014 que la Russie a finalement d\u00e9cid\u00e9 avec l\u2019accord de la population de cet oblast d\u2019annexer la Crim\u00e9e.<\/p>\n<p>Ces faits mettent \u00e0 mal l\u2019interpr\u00e9tation selon laquelle la Russie serait elle aussi \u00e0 l\u2019offensive. Elle est plut\u00f4t sur la d\u00e9fensive.<\/p>\n<p><strong>Ukraine, Isra\u00ebl\u00a0: deux types de relations pour un m\u00eame imp\u00e9rialisme<\/strong><\/p>\n<p>Une derni\u00e8re asym\u00e9trie peut \u00eatre mise en exergue. Les \u00c9tats-Unis appuient l\u2019Ukraine, plus pr\u00e9cis\u00e9ment le r\u00e9gime de 2014 \u00e0 Kiev. Cet appui s\u2019explique non pas par le souhait de venir en aide au peuple ukrainien, mais bien au contraire par la politique de s\u2019en servir pour affaiblir la Russie, quitte \u00e0 ce que ce soit jusqu\u2019au dernier Ukrainien. Cette intention peut \u00eatre document\u00e9e (Voir Rand Corporation, \u2018Expanding Russia\u2019, 2019)<a href=\"#_ftn3\" name=\"_ftnref3\">[13]<\/a>. C\u2019est tant pis pour la nation ukrainienne, qui fait office de victime sacrificielle. Le pays \u00ab alli\u00e9 \u00bb des \u00c9tats-Unis est, en r\u00e9alit\u00e9, un peuple dont ils abusent \u00e0 des fins imp\u00e9rialistes.<\/p>\n<p>L\u2019appui am\u00e9ricain \u00e0 Isra\u00ebl s\u2019explique par la volont\u00e9 de dominer le Proche-Orient et soumettre l\u2019Iran (voir Brookings Institution &#8211; \u2018Which way to Persia?\u2019 2009<a href=\"#_ftn4\" name=\"_ftnref4\">[14]<\/a>, et en particulier la section intitul\u00e9e \u2018Leave it to Bibi\u2019). L\u2019objectif est toujours imp\u00e9rialiste mais ici le pays soutenu n\u2019est pas une victime. Il est lui-m\u00eame un oppresseur, une partie prenante de l\u2019imp\u00e9rialisme et sa t\u00eate de pont dans la r\u00e9gion. Si l\u2019Ukraine est manipul\u00e9e et entra\u00een\u00e9e \u00e0 sa perte; Isra\u00ebl est un acolyte z\u00e9l\u00e9 pr\u00eat \u00e0 prendre les devants.<\/p>\n<p><a href=\"#_ftnref1\" name=\"_ftn1\">[11]<\/a> https:\/\/www.icj-cij.org\/sites\/default\/files\/case-related\/186\/186-20240719-jud-01-00-fr.pdf<\/p>\n<p><a href=\"#_ftnref2\" name=\"_ftn2\">[12]<\/a> https:\/\/kyivindependent.com\/zelenskys-full-speech-at-munich-security-conference\/<\/p>\n<p><a href=\"#_ftnref3\" name=\"_ftn3\">[13]<\/a> https:\/\/www.rand.org\/pubs\/research_reports\/RR3063.html<\/p>\n<p><a href=\"#_ftnref4\" name=\"_ftn4\">[14]<\/a> https:\/\/www.brookings.edu\/articles\/which-path-to-persia-options-for-a-new-american-strategy-toward-iran\/<\/p>\n","protected":false},"excerpt":{"rendered":"<p>Lire la 1\u00e8re partie ici Une occupation de courte dur\u00e9e pour l\u2019un et prolong\u00e9e pour l\u2019autre En Ukraine, la r\u00e9volte populaire de 2013 et 2014 fut facilit\u00e9e gr\u00e2ce \u00e0 l\u2019aide fournie par les \u00c9tats-Unis (tentes, autobus, nourriture, spectacles). Le coup&hellip;<\/p>\n","protected":false},"author":2275,"featured_media":1776520,"comment_status":"closed","ping_status":"closed","sticky":false,"template":"","format":"standard","meta":{"footnotes":""},"categories":[84,11386,1250,93,90,95],"tags":[79014,20683,9646,1508,6550,470,1113,4304,8005],"class_list":["post-2696340","post","type-post","status-publish","format-standard","has-post-thumbnail","hentry","category-asia-fr","category-contenu-original","category-paix-desarmement","category-politique","category-moyen-orient","category-affaires-etrangeres","tag-cpi-fr","tag-crimes-de-guerre","tag-droit-international","tag-gaza-fr","tag-geopolitique","tag-israel-fr","tag-palestine-fr","tag-russie","tag-ukraine-fr"],"yoast_head":"<!-- This site is optimized with the Yoast SEO plugin v27.1.1 - https:\/\/yoast.com\/product\/yoast-seo-wordpress\/ -->\n<title>L\u2019Ukraine et Gaza,\u00a0des situations analogues ? 2\u00e8me partie<\/title>\n<meta name=\"description\" content=\"Lire la 1\u00e8re partie ici Une occupation de courte dur\u00e9e pour l\u2019un et prolong\u00e9e pour l\u2019autre En Ukraine, la r\u00e9volte populaire de 2013 et 2014 fut facilit\u00e9e\" \/>\n<meta name=\"robots\" content=\"index, follow, max-snippet:-1, max-image-preview:large, max-video-preview:-1\" \/>\n<link rel=\"canonical\" href=\"https:\/\/www.pressenza.com\/fr\/2026\/04\/lukraine-et-gaza-des-situations-analogues-2e-partie\/\" \/>\n<meta property=\"og:locale\" content=\"fr_FR\" \/>\n<meta property=\"og:type\" content=\"article\" \/>\n<meta property=\"og:title\" content=\"L\u2019Ukraine et Gaza,\u00a0des situations analogues ? 2\u00e8me partie\" \/>\n<meta property=\"og:description\" content=\"Lire la 1\u00e8re partie ici Une occupation de courte dur\u00e9e pour l\u2019un et prolong\u00e9e pour l\u2019autre En Ukraine, la r\u00e9volte populaire de 2013 et 2014 fut facilit\u00e9e\" \/>\n<meta property=\"og:url\" content=\"https:\/\/www.pressenza.com\/fr\/2026\/04\/lukraine-et-gaza-des-situations-analogues-2e-partie\/\" \/>\n<meta property=\"og:site_name\" content=\"Pressenza\" \/>\n<meta property=\"article:publisher\" content=\"https:\/\/www.facebook.com\/PressenzaItalia\" \/>\n<meta property=\"article:published_time\" content=\"2026-04-28T23:39:31+00:00\" \/>\n<meta property=\"article:modified_time\" content=\"2026-04-28T23:45:42+00:00\" \/>\n<meta property=\"og:image\" content=\"https:\/\/www.pressenza.com\/wp-content\/uploads\/2023\/10\/ukraine-palestine-flags.jpg\" \/>\n\t<meta property=\"og:image:width\" content=\"820\" \/>\n\t<meta property=\"og:image:height\" content=\"461\" \/>\n\t<meta property=\"og:image:type\" content=\"image\/jpeg\" \/>\n<meta name=\"author\" content=\"Samir Saul - Michel Seymour\" \/>\n<meta name=\"twitter:card\" content=\"summary_large_image\" \/>\n<meta name=\"twitter:creator\" content=\"@PressenzaIPA\" \/>\n<meta name=\"twitter:site\" content=\"@PressenzaIPA\" \/>\n<meta name=\"twitter:label1\" content=\"\u00c9crit par\" \/>\n\t<meta name=\"twitter:data1\" content=\"Samir Saul - Michel Seymour\" \/>\n\t<meta name=\"twitter:label2\" content=\"Dur\u00e9e de lecture estim\u00e9e\" \/>\n\t<meta name=\"twitter:data2\" content=\"13 minutes\" \/>\n<script type=\"application\/ld+json\" class=\"yoast-schema-graph\">{\"@context\":\"https:\/\/schema.org\",\"@graph\":[{\"@type\":\"Article\",\"@id\":\"https:\/\/www.pressenza.com\/fr\/2026\/04\/lukraine-et-gaza-des-situations-analogues-2e-partie\/#article\",\"isPartOf\":{\"@id\":\"https:\/\/www.pressenza.com\/fr\/2026\/04\/lukraine-et-gaza-des-situations-analogues-2e-partie\/\"},\"author\":{\"name\":\"Samir Saul - Michel Seymour\",\"@id\":\"https:\/\/www.pressenza.com\/fr\/#\/schema\/person\/d4977f879c6055a07b3def3ad817bbe3\"},\"headline\":\"L\u2019Ukraine et Gaza,\u00a0des situations analogues ? 2\u00e8me partie\",\"datePublished\":\"2026-04-28T23:39:31+00:00\",\"dateModified\":\"2026-04-28T23:45:42+00:00\",\"mainEntityOfPage\":{\"@id\":\"https:\/\/www.pressenza.com\/fr\/2026\/04\/lukraine-et-gaza-des-situations-analogues-2e-partie\/\"},\"wordCount\":2836,\"publisher\":{\"@id\":\"https:\/\/www.pressenza.com\/fr\/#organization\"},\"image\":{\"@id\":\"https:\/\/www.pressenza.com\/fr\/2026\/04\/lukraine-et-gaza-des-situations-analogues-2e-partie\/#primaryimage\"},\"thumbnailUrl\":\"https:\/\/www.pressenza.com\/wp-content\/uploads\/2023\/10\/ukraine-palestine-flags.jpg\",\"keywords\":[\"Cpi\",\"crimes de guerre\",\"droit international\",\"Gaza\",\"g\u00e9opolitique\",\"Isra\u00ebl\",\"Palestine\",\"Russie\",\"Ukraine\"],\"articleSection\":[\"Asie\",\"Contenu Original\",\"Paix et D\u00e9sarmement\",\"Politique\",\"Proche et Moyen-Orient\",\"Relations internationales\"],\"inLanguage\":\"fr-FR\"},{\"@type\":\"WebPage\",\"@id\":\"https:\/\/www.pressenza.com\/fr\/2026\/04\/lukraine-et-gaza-des-situations-analogues-2e-partie\/\",\"url\":\"https:\/\/www.pressenza.com\/fr\/2026\/04\/lukraine-et-gaza-des-situations-analogues-2e-partie\/\",\"name\":\"L\u2019Ukraine et Gaza,\u00a0des situations analogues ? 2\u00e8me partie\",\"isPartOf\":{\"@id\":\"https:\/\/www.pressenza.com\/fr\/#website\"},\"primaryImageOfPage\":{\"@id\":\"https:\/\/www.pressenza.com\/fr\/2026\/04\/lukraine-et-gaza-des-situations-analogues-2e-partie\/#primaryimage\"},\"image\":{\"@id\":\"https:\/\/www.pressenza.com\/fr\/2026\/04\/lukraine-et-gaza-des-situations-analogues-2e-partie\/#primaryimage\"},\"thumbnailUrl\":\"https:\/\/www.pressenza.com\/wp-content\/uploads\/2023\/10\/ukraine-palestine-flags.jpg\",\"datePublished\":\"2026-04-28T23:39:31+00:00\",\"dateModified\":\"2026-04-28T23:45:42+00:00\",\"description\":\"Lire la 1\u00e8re partie ici Une occupation de courte dur\u00e9e pour l\u2019un et prolong\u00e9e pour l\u2019autre En Ukraine, la r\u00e9volte populaire de 2013 et 2014 fut facilit\u00e9e\",\"breadcrumb\":{\"@id\":\"https:\/\/www.pressenza.com\/fr\/2026\/04\/lukraine-et-gaza-des-situations-analogues-2e-partie\/#breadcrumb\"},\"inLanguage\":\"fr-FR\",\"potentialAction\":[{\"@type\":\"ReadAction\",\"target\":[\"https:\/\/www.pressenza.com\/fr\/2026\/04\/lukraine-et-gaza-des-situations-analogues-2e-partie\/\"]}]},{\"@type\":\"ImageObject\",\"inLanguage\":\"fr-FR\",\"@id\":\"https:\/\/www.pressenza.com\/fr\/2026\/04\/lukraine-et-gaza-des-situations-analogues-2e-partie\/#primaryimage\",\"url\":\"https:\/\/www.pressenza.com\/wp-content\/uploads\/2023\/10\/ukraine-palestine-flags.jpg\",\"contentUrl\":\"https:\/\/www.pressenza.com\/wp-content\/uploads\/2023\/10\/ukraine-palestine-flags.jpg\",\"width\":820,\"height\":461},{\"@type\":\"BreadcrumbList\",\"@id\":\"https:\/\/www.pressenza.com\/fr\/2026\/04\/lukraine-et-gaza-des-situations-analogues-2e-partie\/#breadcrumb\",\"itemListElement\":[{\"@type\":\"ListItem\",\"position\":1,\"name\":\"Accueil\",\"item\":\"https:\/\/www.pressenza.com\/fr\/\"},{\"@type\":\"ListItem\",\"position\":2,\"name\":\"L\u2019Ukraine et Gaza,\u00a0des situations analogues ? 2\u00e8me partie\"}]},{\"@type\":\"WebSite\",\"@id\":\"https:\/\/www.pressenza.com\/fr\/#website\",\"url\":\"https:\/\/www.pressenza.com\/fr\/\",\"name\":\"Pressenza\",\"description\":\"International Press Agency\",\"publisher\":{\"@id\":\"https:\/\/www.pressenza.com\/fr\/#organization\"},\"potentialAction\":[{\"@type\":\"SearchAction\",\"target\":{\"@type\":\"EntryPoint\",\"urlTemplate\":\"https:\/\/www.pressenza.com\/fr\/?s={search_term_string}\"},\"query-input\":{\"@type\":\"PropertyValueSpecification\",\"valueRequired\":true,\"valueName\":\"search_term_string\"}}],\"inLanguage\":\"fr-FR\"},{\"@type\":\"Organization\",\"@id\":\"https:\/\/www.pressenza.com\/fr\/#organization\",\"name\":\"Pressenza\",\"url\":\"https:\/\/www.pressenza.com\/fr\/\",\"logo\":{\"@type\":\"ImageObject\",\"inLanguage\":\"fr-FR\",\"@id\":\"https:\/\/www.pressenza.com\/fr\/#\/schema\/logo\/image\/\",\"url\":\"https:\/\/www.pressenza.com\/wp-content\/uploads\/2022\/10\/pressenza_logo_200x200.jpg\",\"contentUrl\":\"https:\/\/www.pressenza.com\/wp-content\/uploads\/2022\/10\/pressenza_logo_200x200.jpg\",\"width\":200,\"height\":200,\"caption\":\"Pressenza\"},\"image\":{\"@id\":\"https:\/\/www.pressenza.com\/fr\/#\/schema\/logo\/image\/\"},\"sameAs\":[\"https:\/\/www.facebook.com\/PressenzaItalia\",\"https:\/\/x.com\/PressenzaIPA\"]},{\"@type\":\"Person\",\"@id\":\"https:\/\/www.pressenza.com\/fr\/#\/schema\/person\/d4977f879c6055a07b3def3ad817bbe3\",\"name\":\"Samir Saul - Michel Seymour\",\"description\":\"Samir Saul holds a doctorat d\u2019\u00c9tat in history (Paris) and is a professor of international history at the Universit\u00e9 de Montr\u00e9al. His latest book is entitled Imperialism, As Rampant Today as in the Past (2025). He is also the author of L'Imp\u00e9rialisme, pass\u00e9 et pr\u00e9sent. Un essai (2023); Int\u00e9r\u00eats \u00e9conomiques fran\u00e7ais et d\u00e9colonisation de l'Afrique du Nord (1945-1962) (2016); La France et l'\u00c9gypte de 1882 \u00e0 1914. Int\u00e9r\u00eats \u00e9conomiques et implications politiques (1997). He is also co-editor of M\u00e9diterran\u00e9e, Moyen-Orient : deux si\u00e8cles de relations internationales (2003). He recently published with Michel Seymour Le conflit mondial au XXIe si\u00e8cle (2025). Email: samir.saul@umontreal.ca _______________________________________________________________________________________________________________ Michel Seymour is honorary professor in the Department of Philosophy at the Universit\u00e9 de Montr\u00e9al, where he taught from 1990 to 2019. He is the author of a dozen monographs, including A Liberal Theory of Collective Rights, 2017; La nation pluraliste, co-authored with J\u00e9r\u00f4me Gosselin-Tapp, for which the authors won the Canadian Philosophical Association Prize; De la tol\u00e9rance \u00e0 la reconnaissance, 2008, for which he won the Jean-Charles Falardeau Prize of the Canadian Federation for the Humanities and Social Sciences. He also won the Richard Ar\u00e8s prize from Action nationale magazine for Le pari de la d\u00e9mesure, published in 2001. He recently published with Samir Saul Le conflit mondial au XXIe si\u00e8cle (2025). Email : seymour@videotron.ca web site: michelseymour.org\",\"sameAs\":[\"http:\/\/michelseymour.org\"],\"url\":\"https:\/\/www.pressenza.com\/fr\/author\/samir-saul-michel-seymour\/\"}]}<\/script>\n<!-- \/ Yoast SEO plugin. -->","yoast_head_json":{"title":"L\u2019Ukraine et Gaza,\u00a0des situations analogues ? 2\u00e8me partie","description":"Lire la 1\u00e8re partie ici Une occupation de courte dur\u00e9e pour l\u2019un et prolong\u00e9e pour l\u2019autre En Ukraine, la r\u00e9volte populaire de 2013 et 2014 fut facilit\u00e9e","robots":{"index":"index","follow":"follow","max-snippet":"max-snippet:-1","max-image-preview":"max-image-preview:large","max-video-preview":"max-video-preview:-1"},"canonical":"https:\/\/www.pressenza.com\/fr\/2026\/04\/lukraine-et-gaza-des-situations-analogues-2e-partie\/","og_locale":"fr_FR","og_type":"article","og_title":"L\u2019Ukraine et Gaza,\u00a0des situations analogues ? 2\u00e8me partie","og_description":"Lire la 1\u00e8re partie ici Une occupation de courte dur\u00e9e pour l\u2019un et prolong\u00e9e pour l\u2019autre En Ukraine, la r\u00e9volte populaire de 2013 et 2014 fut facilit\u00e9e","og_url":"https:\/\/www.pressenza.com\/fr\/2026\/04\/lukraine-et-gaza-des-situations-analogues-2e-partie\/","og_site_name":"Pressenza","article_publisher":"https:\/\/www.facebook.com\/PressenzaItalia","article_published_time":"2026-04-28T23:39:31+00:00","article_modified_time":"2026-04-28T23:45:42+00:00","og_image":[{"width":820,"height":461,"url":"https:\/\/www.pressenza.com\/wp-content\/uploads\/2023\/10\/ukraine-palestine-flags.jpg","type":"image\/jpeg"}],"author":"Samir Saul - Michel Seymour","twitter_card":"summary_large_image","twitter_creator":"@PressenzaIPA","twitter_site":"@PressenzaIPA","twitter_misc":{"\u00c9crit par":"Samir Saul - Michel Seymour","Dur\u00e9e de lecture estim\u00e9e":"13 minutes"},"schema":{"@context":"https:\/\/schema.org","@graph":[{"@type":"Article","@id":"https:\/\/www.pressenza.com\/fr\/2026\/04\/lukraine-et-gaza-des-situations-analogues-2e-partie\/#article","isPartOf":{"@id":"https:\/\/www.pressenza.com\/fr\/2026\/04\/lukraine-et-gaza-des-situations-analogues-2e-partie\/"},"author":{"name":"Samir Saul - Michel Seymour","@id":"https:\/\/www.pressenza.com\/fr\/#\/schema\/person\/d4977f879c6055a07b3def3ad817bbe3"},"headline":"L\u2019Ukraine et Gaza,\u00a0des situations analogues ? 2\u00e8me partie","datePublished":"2026-04-28T23:39:31+00:00","dateModified":"2026-04-28T23:45:42+00:00","mainEntityOfPage":{"@id":"https:\/\/www.pressenza.com\/fr\/2026\/04\/lukraine-et-gaza-des-situations-analogues-2e-partie\/"},"wordCount":2836,"publisher":{"@id":"https:\/\/www.pressenza.com\/fr\/#organization"},"image":{"@id":"https:\/\/www.pressenza.com\/fr\/2026\/04\/lukraine-et-gaza-des-situations-analogues-2e-partie\/#primaryimage"},"thumbnailUrl":"https:\/\/www.pressenza.com\/wp-content\/uploads\/2023\/10\/ukraine-palestine-flags.jpg","keywords":["Cpi","crimes de guerre","droit international","Gaza","g\u00e9opolitique","Isra\u00ebl","Palestine","Russie","Ukraine"],"articleSection":["Asie","Contenu Original","Paix et D\u00e9sarmement","Politique","Proche et Moyen-Orient","Relations internationales"],"inLanguage":"fr-FR"},{"@type":"WebPage","@id":"https:\/\/www.pressenza.com\/fr\/2026\/04\/lukraine-et-gaza-des-situations-analogues-2e-partie\/","url":"https:\/\/www.pressenza.com\/fr\/2026\/04\/lukraine-et-gaza-des-situations-analogues-2e-partie\/","name":"L\u2019Ukraine et Gaza,\u00a0des situations analogues ? 2\u00e8me partie","isPartOf":{"@id":"https:\/\/www.pressenza.com\/fr\/#website"},"primaryImageOfPage":{"@id":"https:\/\/www.pressenza.com\/fr\/2026\/04\/lukraine-et-gaza-des-situations-analogues-2e-partie\/#primaryimage"},"image":{"@id":"https:\/\/www.pressenza.com\/fr\/2026\/04\/lukraine-et-gaza-des-situations-analogues-2e-partie\/#primaryimage"},"thumbnailUrl":"https:\/\/www.pressenza.com\/wp-content\/uploads\/2023\/10\/ukraine-palestine-flags.jpg","datePublished":"2026-04-28T23:39:31+00:00","dateModified":"2026-04-28T23:45:42+00:00","description":"Lire la 1\u00e8re partie ici Une occupation de courte dur\u00e9e pour l\u2019un et prolong\u00e9e pour l\u2019autre En Ukraine, la r\u00e9volte populaire de 2013 et 2014 fut facilit\u00e9e","breadcrumb":{"@id":"https:\/\/www.pressenza.com\/fr\/2026\/04\/lukraine-et-gaza-des-situations-analogues-2e-partie\/#breadcrumb"},"inLanguage":"fr-FR","potentialAction":[{"@type":"ReadAction","target":["https:\/\/www.pressenza.com\/fr\/2026\/04\/lukraine-et-gaza-des-situations-analogues-2e-partie\/"]}]},{"@type":"ImageObject","inLanguage":"fr-FR","@id":"https:\/\/www.pressenza.com\/fr\/2026\/04\/lukraine-et-gaza-des-situations-analogues-2e-partie\/#primaryimage","url":"https:\/\/www.pressenza.com\/wp-content\/uploads\/2023\/10\/ukraine-palestine-flags.jpg","contentUrl":"https:\/\/www.pressenza.com\/wp-content\/uploads\/2023\/10\/ukraine-palestine-flags.jpg","width":820,"height":461},{"@type":"BreadcrumbList","@id":"https:\/\/www.pressenza.com\/fr\/2026\/04\/lukraine-et-gaza-des-situations-analogues-2e-partie\/#breadcrumb","itemListElement":[{"@type":"ListItem","position":1,"name":"Accueil","item":"https:\/\/www.pressenza.com\/fr\/"},{"@type":"ListItem","position":2,"name":"L\u2019Ukraine et Gaza,\u00a0des situations analogues ? 2\u00e8me partie"}]},{"@type":"WebSite","@id":"https:\/\/www.pressenza.com\/fr\/#website","url":"https:\/\/www.pressenza.com\/fr\/","name":"Pressenza","description":"International Press Agency","publisher":{"@id":"https:\/\/www.pressenza.com\/fr\/#organization"},"potentialAction":[{"@type":"SearchAction","target":{"@type":"EntryPoint","urlTemplate":"https:\/\/www.pressenza.com\/fr\/?s={search_term_string}"},"query-input":{"@type":"PropertyValueSpecification","valueRequired":true,"valueName":"search_term_string"}}],"inLanguage":"fr-FR"},{"@type":"Organization","@id":"https:\/\/www.pressenza.com\/fr\/#organization","name":"Pressenza","url":"https:\/\/www.pressenza.com\/fr\/","logo":{"@type":"ImageObject","inLanguage":"fr-FR","@id":"https:\/\/www.pressenza.com\/fr\/#\/schema\/logo\/image\/","url":"https:\/\/www.pressenza.com\/wp-content\/uploads\/2022\/10\/pressenza_logo_200x200.jpg","contentUrl":"https:\/\/www.pressenza.com\/wp-content\/uploads\/2022\/10\/pressenza_logo_200x200.jpg","width":200,"height":200,"caption":"Pressenza"},"image":{"@id":"https:\/\/www.pressenza.com\/fr\/#\/schema\/logo\/image\/"},"sameAs":["https:\/\/www.facebook.com\/PressenzaItalia","https:\/\/x.com\/PressenzaIPA"]},{"@type":"Person","@id":"https:\/\/www.pressenza.com\/fr\/#\/schema\/person\/d4977f879c6055a07b3def3ad817bbe3","name":"Samir Saul - Michel Seymour","description":"Samir Saul holds a doctorat d\u2019\u00c9tat in history (Paris) and is a professor of international history at the Universit\u00e9 de Montr\u00e9al. His latest book is entitled Imperialism, As Rampant Today as in the Past (2025). He is also the author of L'Imp\u00e9rialisme, pass\u00e9 et pr\u00e9sent. Un essai (2023); Int\u00e9r\u00eats \u00e9conomiques fran\u00e7ais et d\u00e9colonisation de l'Afrique du Nord (1945-1962) (2016); La France et l'\u00c9gypte de 1882 \u00e0 1914. Int\u00e9r\u00eats \u00e9conomiques et implications politiques (1997). He is also co-editor of M\u00e9diterran\u00e9e, Moyen-Orient : deux si\u00e8cles de relations internationales (2003). He recently published with Michel Seymour Le conflit mondial au XXIe si\u00e8cle (2025). Email: samir.saul@umontreal.ca _______________________________________________________________________________________________________________ Michel Seymour is honorary professor in the Department of Philosophy at the Universit\u00e9 de Montr\u00e9al, where he taught from 1990 to 2019. He is the author of a dozen monographs, including A Liberal Theory of Collective Rights, 2017; La nation pluraliste, co-authored with J\u00e9r\u00f4me Gosselin-Tapp, for which the authors won the Canadian Philosophical Association Prize; De la tol\u00e9rance \u00e0 la reconnaissance, 2008, for which he won the Jean-Charles Falardeau Prize of the Canadian Federation for the Humanities and Social Sciences. He also won the Richard Ar\u00e8s prize from Action nationale magazine for Le pari de la d\u00e9mesure, published in 2001. He recently published with Samir Saul Le conflit mondial au XXIe si\u00e8cle (2025). Email : seymour@videotron.ca web site: michelseymour.org","sameAs":["http:\/\/michelseymour.org"],"url":"https:\/\/www.pressenza.com\/fr\/author\/samir-saul-michel-seymour\/"}]}},"place":"Montr\u00e9al, Canada","original_article_url":"","_links":{"self":[{"href":"https:\/\/www.pressenza.com\/fr\/wp-json\/wp\/v2\/posts\/2696340","targetHints":{"allow":["GET"]}}],"collection":[{"href":"https:\/\/www.pressenza.com\/fr\/wp-json\/wp\/v2\/posts"}],"about":[{"href":"https:\/\/www.pressenza.com\/fr\/wp-json\/wp\/v2\/types\/post"}],"author":[{"embeddable":true,"href":"https:\/\/www.pressenza.com\/fr\/wp-json\/wp\/v2\/users\/2275"}],"replies":[{"embeddable":true,"href":"https:\/\/www.pressenza.com\/fr\/wp-json\/wp\/v2\/comments?post=2696340"}],"version-history":[{"count":4,"href":"https:\/\/www.pressenza.com\/fr\/wp-json\/wp\/v2\/posts\/2696340\/revisions"}],"predecessor-version":[{"id":2696371,"href":"https:\/\/www.pressenza.com\/fr\/wp-json\/wp\/v2\/posts\/2696340\/revisions\/2696371"}],"wp:featuredmedia":[{"embeddable":true,"href":"https:\/\/www.pressenza.com\/fr\/wp-json\/wp\/v2\/media\/1776520"}],"wp:attachment":[{"href":"https:\/\/www.pressenza.com\/fr\/wp-json\/wp\/v2\/media?parent=2696340"}],"wp:term":[{"taxonomy":"category","embeddable":true,"href":"https:\/\/www.pressenza.com\/fr\/wp-json\/wp\/v2\/categories?post=2696340"},{"taxonomy":"post_tag","embeddable":true,"href":"https:\/\/www.pressenza.com\/fr\/wp-json\/wp\/v2\/tags?post=2696340"}],"curies":[{"name":"wp","href":"https:\/\/api.w.org\/{rel}","templated":true}]}}