{"id":2696314,"date":"2026-04-28T21:38:43","date_gmt":"2026-04-28T20:38:43","guid":{"rendered":"https:\/\/www.pressenza.com\/?p=2696314"},"modified":"2026-04-28T21:38:43","modified_gmt":"2026-04-28T20:38:43","slug":"liran-devait-seffondrer-pourquoi-est-il-toujours-debout","status":"publish","type":"post","link":"https:\/\/www.pressenza.com\/fr\/2026\/04\/liran-devait-seffondrer-pourquoi-est-il-toujours-debout\/","title":{"rendered":"L&rsquo;Iran devait s&rsquo;effondrer&#8230; pourquoi est-il toujours debout ?"},"content":{"rendered":"<blockquote><p>Ce texte n&rsquo;a pas pour but de d\u00e9fendre un syst\u00e8me ni de le justifier. Il s&rsquo;agit d&rsquo;une tentative de compr\u00e9hension. Comprendre pourquoi un syst\u00e8me qui, selon de nombreuses pr\u00e9visions, \u00e9tait cens\u00e9 s&rsquo;effondrer, tient toujours debout. Et surtout, comprendre que survivre ne signifie pas n\u00e9cessairement r\u00e9ussir.<\/p><\/blockquote>\n<p>Cela fait deux ans que ce qu&rsquo;on a appel\u00e9 \u00ab Op\u00e9ration Promesse V\u00e9ritable 1 \u00bb a eu lieu.<\/p>\n<p>Au cours de cette p\u00e9riode relativement br\u00e8ve, un pr\u00e9sident a trouv\u00e9 la mort dans un accident d&rsquo;h\u00e9licopt\u00e8re, le secr\u00e9taire g\u00e9n\u00e9ral du Hezbollah a \u00e9t\u00e9 assassin\u00e9, des hauts responsables militaires ont \u00e9t\u00e9 \u00e9limin\u00e9s les uns apr\u00e8s les autres, et deux cycles d&rsquo;affrontements militaires directs avec Isra\u00ebl et les \u00c9tats-Unis ont eu lieu. Les infrastructures \u00e9nerg\u00e9tiques ont \u00e9t\u00e9 endommag\u00e9es et l&rsquo;\u00e9conomie a subi des pressions croissantes et cumulatives.<\/p>\n<p>Et pourtant, malgr\u00e9 tout cela, la structure politique, militaire et technocratique du pays ne s&rsquo;est pas effondr\u00e9e. Cela soul\u00e8ve une question s\u00e9rieuse, non pas une question \u00e0 vis\u00e9e propagandiste, ni de d\u00e9ni, mais d&rsquo;analyse : pourquoi un syst\u00e8me qui, en apparence, devrait c\u00e9der sous une telle pression, continue-t-il de r\u00e9sister ?<\/p>\n<p>De nombreux observateurs, tant externes qu&rsquo;internes, tombent dans une erreur d&rsquo;analyse que l&rsquo;on peut qualifier de \u00ab personnalisation du pouvoir \u00bb. Cette erreur repose sur l&rsquo;id\u00e9e que le pouvoir, dans un syst\u00e8me politique, est concentr\u00e9 entre les mains d&rsquo;individus ; par cons\u00e9quent, en \u00e9liminant ces individus, le syst\u00e8me devrait s&rsquo;effondrer. Ce sch\u00e9ma fonctionne, du moins en partie, pour les r\u00e9gimes patrimoniaux classiques. Comme, par exemple, la Libye de Mouammar Kadhafi ou l&rsquo;Irak de Saddam Hussein. Mais il s&rsquo;av\u00e8re insuffisant, voire trompeur, lorsqu&rsquo;on l&rsquo;applique \u00e0 un syst\u00e8me qui, pendant plus de quatre d\u00e9cennies, a mis en place des institutions, stratifi\u00e9 le pouvoir et r\u00e9parti l&rsquo;autorit\u00e9 \u00e0 travers des structures parall\u00e8les.<\/p>\n<p>En mati\u00e8re de sciences politiques il existe une distinction fondamentale entre les r\u00e9gimes personnalis\u00e9s, et les syst\u00e8mes institutionnalis\u00e9s. Les premiers s&rsquo;effondrent avec la disparition de la figure centrale. Les seconds, en revanche ont tendance \u00e0 se r\u00e9g\u00e9n\u00e9rer, m\u00eame apr\u00e8s la perte de personnalit\u00e9s cl\u00e9s.<\/p>\n<p>Une grande partie de l&rsquo;erreur dans l&rsquo;analyse concernant l&rsquo;Iran provient pr\u00e9cis\u00e9ment de ce point : on le consid\u00e8re comme appartenant \u00e0 la premi\u00e8re cat\u00e9gorie, alors qu&rsquo;en r\u00e9alit\u00e9, malgr\u00e9 toutes ses faiblesses, il se rapproche bien davantage de la seconde.<\/p>\n<p>En ce sens, la R\u00e9publique islamique peut \u00eatre d\u00e9crite comme un \u00ab r\u00e9gime hybride\u00a0\u00bb : un syst\u00e8me qui allie autoritarisme, institutionnalisation bureaucratique et r\u00e9seaux de pouvoir parall\u00e8les. Un syst\u00e8me qui, \u00e0 la fois, est source de bon fonctionnement et de dysfonctionnement.<\/p>\n<p>Prendre un tel syst\u00e8me au s\u00e9rieux ne signifie pas l&rsquo;approuver, mais le comprendre avec pr\u00e9cision.<\/p>\n<p>Pour comprendre la r\u00e9silience de l&rsquo;\u00c9tat iranien aujourd&rsquo;hui, il faut remonter au-del\u00e0 de 1979. Les racines de l&rsquo;\u00c9tat iranien moderne remontent \u00e0 la R\u00e9volution constitutionnelle : un d\u00e9but qui, d\u00e8s le d\u00e9part, \u00e9tait profond\u00e9ment contradictoire.<\/p>\n<p>Le projet de construction de l&rsquo;\u00c9tat en Iran s&rsquo;est d\u00e9roul\u00e9 dans un contexte marqu\u00e9 par une forte centralisation, la suppression de la diversit\u00e9 religieuse, r\u00e9gionale et politique, la r\u00e9pression des mouvements civils et la d\u00e9pendance vis-\u00e0-vis des revenus p\u00e9troliers, dans un pays o\u00f9 le contrat social r\u00e9el repose sur la fiscalit\u00e9.<\/p>\n<p>Il en r\u00e9sulta un \u00c9tat fort, mais pas n\u00e9cessairement d\u00e9velopp\u00e9 ; centralis\u00e9, mais pas n\u00e9cessairement efficace ; moderne dans sa forme, mais pas toujours dans son fond.<\/p>\n<p>Cet h\u00e9ritage paradoxal \u2014 un \u00c9tat qui construit tout en r\u00e9primant \u2014 perdure encore aujourd\u2019hui, et la R\u00e9publique islamique en est l\u2019h\u00e9riti\u00e8re, bien plus que son origine. L&rsquo;Iran reste un pays semi-p\u00e9riph\u00e9rique, caract\u00e9ris\u00e9 par une corruption structurelle, le d\u00e9veloppement in\u00e9gal, et des capacit\u00e9s fragment\u00e9es entre les r\u00e9gions et les groupes sociaux. Et pourtant, c&rsquo;est ce m\u00eame \u00c9tat qui a mis en place une bureaucratie efficace, une arm\u00e9e organis\u00e9e, un syst\u00e8me \u00e9ducatif et des infrastructures techniques que la R\u00e9publique islamique a r\u00e9organis\u00e9s, plut\u00f4t que cr\u00e9\u00e9s de toutes pi\u00e8ces.<\/p>\n<p>Dans les ann\u00e9es 1980, la R\u00e9publique islamique a d\u00fb faire face \u00e0 une v\u00e9ritable \u00ab\u00a0\u00e9preuve de survie \u00bb : une guerre de huit ans, des conflits arm\u00e9s internes, et une s\u00e9rie d&rsquo;assassinats politiques \u00e0 grande \u00e9chelle au sein de la hi\u00e9rarchie dirigeante, le tout ajout\u00e9 \u00e0 l&rsquo;isolement international. Parmi les victimes figuraient Mohammad Beheshti (chef du pouvoir judiciaire), Mohammad-Ali Rajai (pr\u00e9sident) et Mohammad-Javad Bahonar (Premier ministre), assassin\u00e9s en 1981, ainsi que des dizaines de cadres interm\u00e9diaires.<\/p>\n<p>Cette \u00e9preuve a permis au syst\u00e8me de tirer des enseignements fondamentaux : la classe dirigeante doit pouvoir \u00eatre remplac\u00e9e, la prise de d\u00e9cision doit \u00eatre d\u00e9centralis\u00e9e, et la survie doit \u00eatre institutionnalis\u00e9e, et non personnalis\u00e9e.<\/p>\n<p>Cette exp\u00e9rience s&rsquo;est ancr\u00e9e dans la m\u00e9moire institutionnelle du syst\u00e8me et a ensuite \u00e9t\u00e9 renforc\u00e9e par les exp\u00e9riences r\u00e9gionales, du Liban \u00e0 l&rsquo;Irak, en passant par la Syrie et le Y\u00e9men.<\/p>\n<p>L&rsquo;Iran a observ\u00e9 de pr\u00e8s comment l&rsquo;Irak s&rsquo;est effondr\u00e9 apr\u00e8s la chute de Saddam, comment la Libye s&rsquo;est d\u00e9sint\u00e9gr\u00e9e apr\u00e8s Kadhafi, et comment la Syrie a failli perdre son \u00c9tat.<\/p>\n<p>Ces exp\u00e9riences ont profond\u00e9ment influenc\u00e9 la doctrine de s\u00e9curit\u00e9 et la structure politique de l&rsquo;Iran.<\/p>\n<p>L&rsquo;une des caract\u00e9ristiques les plus marquantes de ce syst\u00e8me est la pr\u00e9sence de structures de pouvoir parall\u00e8les : le Corps des Gardiens de la R\u00e9volution aux c\u00f4t\u00e9s de l&rsquo;arm\u00e9e r\u00e9guli\u00e8re, le Conseil des Gardiens aux c\u00f4t\u00e9s du Parlement, le bureau du Guide supr\u00eame aux c\u00f4t\u00e9s du gouvernement, ainsi que des institutions \u00e9conomiques semi-publiques aux c\u00f4t\u00e9s des minist\u00e8res officiels.<\/p>\n<p>Dans la gestion quotidienne, ce mod\u00e8le est souvent source d&rsquo;inefficacit\u00e9, d&rsquo;ambigu\u00eft\u00e9 en mati\u00e8re de responsabilit\u00e9 et de corruption. Mais du point de vue de la r\u00e9silience, il pr\u00e9sente un avantage fondamental : il n&rsquo;y a pas de point de rupture unique.<\/p>\n<p>En th\u00e9orie des syst\u00e8mes, on parle de \u00ab redondance \u00bb : lorsqu\u2019un n\u0153ud est \u00e9limin\u00e9, le syst\u00e8me continue \u00e0 fonctionner par d\u2019autres voies. L\u2019\u00e9limination de personnalit\u00e9s telles que Qasem Soleimani, Hassan Nasrallah ou Ebrahim Raisi a constitu\u00e9 des coups durs, mais aucun de ces \u00e9v\u00e9nements n\u2019a repr\u00e9sent\u00e9 un point de rupture pour le syst\u00e8me dans son ensemble.<\/p>\n<p>Parall\u00e8lement \u00e0 cela, il existe un niveau moins visible mais essentiel : une technocratie stable. Cadres interm\u00e9diaires, ing\u00e9nieurs des r\u00e9seaux \u00e9nerg\u00e9tiques, sp\u00e9cialistes de l&rsquo;industrie p\u00e9trochimique, experts financiers : ces acteurs ne sont pas issus d&rsquo;\u00e9lections et ne disparaissent pas avec les crises politiques. Au cours des r\u00e9centes p\u00e9riodes de tension, c&rsquo;est pr\u00e9cis\u00e9ment cette composante qui a permis de maintenir le fonctionnement des fonctions essentielles de l&rsquo;\u00c9tat.<\/p>\n<p>Cela d\u00e9montre que m\u00eame un \u00c9tat dont la l\u00e9gitimit\u00e9 est remise en cause peut continuer \u00e0 fonctionner s&rsquo;il dispose d&rsquo;une bureaucratie technique efficace.<\/p>\n<p>Cependant, la r\u00e9silience de l&rsquo;Iran n&rsquo;est pas seulement institutionnelle. Elle est \u00e9galement g\u00e9ographique et d\u00e9mographique. Avec plus de 80 millions d&rsquo;habitants, une classe moyenne instruite et une main-d&rsquo;\u0153uvre qualifi\u00e9e en pleine croissance, l&rsquo;Iran dispose d&rsquo;une capacit\u00e9 interne significative.<\/p>\n<p>D&rsquo;un point de vue g\u00e9opolitique, en raison de sa situation entre le golfe Persique, la mer Caspienne, l&rsquo;Asie centrale et le Caucase, il se trouve \u00e0 l&rsquo;un des carrefours les plus sensibles du syst\u00e8me international.<\/p>\n<p>Cela signifie que le co\u00fbt d&rsquo;un effondrement de l&rsquo;Iran serait extr\u00eamement \u00e9lev\u00e9 pour les acteurs r\u00e9gionaux et mondiaux. C&rsquo;est pourquoi m\u00eame les adversaires de ce syst\u00e8me pr\u00e9f\u00e8rent g\u00e9n\u00e9ralement un Iran affaibli \u00e0 un Iran effondr\u00e9. Cette r\u00e9alit\u00e9 cr\u00e9e une sorte de \u00ab bouclier g\u00e9opolitique invisible \u00bb qui assure la survie du syst\u00e8me.<\/p>\n<p>Mais dans toute cette analyse structurelle, il ne faut pas oublier un fait simple : la r\u00e9silience du syst\u00e8me ne correspond pas n\u00e9cessairement \u00e0 celle de la soci\u00e9t\u00e9. Ce qui appara\u00eet comme de la stabilit\u00e9 au niveau syst\u00e9mique peut se traduire, dans la vie quotidienne, par une pression constante, de l&rsquo;incertitude et de l&rsquo;\u00e9puisement<\/p>\n<p>Ce que nous observons aujourd&rsquo;hui n&rsquo;est pas le fruit d&rsquo;un moment unique, mais le r\u00e9sultat d&rsquo;un long processus historique d&rsquo;adaptation et de survie.<\/p>\n<p>La R\u00e9publique islamique doit \u00eatre consid\u00e9r\u00e9e comme un syst\u00e8me, et non simplement comme un ensemble d&rsquo;individus ou une id\u00e9ologie abstraite.<\/p>\n<p>Ne pas comprendre cette r\u00e9alit\u00e9 n&rsquo;est ni une prise de position morale ni une analyse politique : c&rsquo;est tout simplement une simplification.<\/p>\n<p>Pour autant, l&rsquo;avenir reste ouvert. Le conflit r\u00e9cent n&rsquo;est pas encore termin\u00e9 et ses cons\u00e9quences continuent d&rsquo;\u00eatre incertaines. Le syst\u00e8me se trouve au d\u00e9but d&rsquo;une phase de transition : de nouveaux \u00e9quilibres, de nouveaux acteurs, de nouvelles dynamiques sont encore en formation.<\/p>\n<p>La question principale n&rsquo;est plus de savoir pourquoi ce syst\u00e8me ne s&rsquo;est pas effondr\u00e9. La v\u00e9ritable question est la suivante : peut-il se transformer ? Ou continuera-t-il \u00e0 survivre sans changer ?<\/p>\n<p>Et surtout : qui prendra en charge le co\u00fbt de cette survie ?<\/p>\n","protected":false},"excerpt":{"rendered":"<p>Ce texte n&rsquo;a pas pour but de d\u00e9fendre un syst\u00e8me ni de le justifier. Il s&rsquo;agit d&rsquo;une tentative de compr\u00e9hension. Comprendre pourquoi un syst\u00e8me qui, selon de nombreuses pr\u00e9visions, \u00e9tait cens\u00e9 s&rsquo;effondrer, tient toujours debout. Et surtout, comprendre que survivre&hellip;<\/p>\n","protected":false},"author":2611,"featured_media":2696315,"comment_status":"closed","ping_status":"closed","sticky":false,"template":"","format":"standard","meta":{"footnotes":""},"categories":[11386,93],"tags":[471],"class_list":["post-2696314","post","type-post","status-publish","format-standard","has-post-thumbnail","hentry","category-contenu-original","category-politique","tag-iran-fr"],"yoast_head":"<!-- This site is optimized with the Yoast SEO plugin v27.1.1 - https:\/\/yoast.com\/product\/yoast-seo-wordpress\/ -->\n<title>L&#039;Iran devait s&#039;effondrer... pourquoi est-il toujours debout ?<\/title>\n<meta name=\"description\" content=\"Ce texte n&#039;a pas pour but de d\u00e9fendre un syst\u00e8me ni de le justifier. Il s&#039;agit d&#039;une tentative de compr\u00e9hension. Comprendre pourquoi un syst\u00e8me qui, selon\" \/>\n<meta name=\"robots\" content=\"index, follow, max-snippet:-1, max-image-preview:large, max-video-preview:-1\" \/>\n<link rel=\"canonical\" href=\"https:\/\/www.pressenza.com\/fr\/2026\/04\/liran-devait-seffondrer-pourquoi-est-il-toujours-debout\/\" \/>\n<meta property=\"og:locale\" content=\"fr_FR\" \/>\n<meta property=\"og:type\" content=\"article\" \/>\n<meta property=\"og:title\" content=\"L&#039;Iran devait s&#039;effondrer... pourquoi est-il toujours debout ?\" \/>\n<meta property=\"og:description\" content=\"Ce texte n&#039;a pas pour but de d\u00e9fendre un syst\u00e8me ni de le justifier. Il s&#039;agit d&#039;une tentative de compr\u00e9hension. Comprendre pourquoi un syst\u00e8me qui, selon\" \/>\n<meta property=\"og:url\" content=\"https:\/\/www.pressenza.com\/fr\/2026\/04\/liran-devait-seffondrer-pourquoi-est-il-toujours-debout\/\" \/>\n<meta property=\"og:site_name\" content=\"Pressenza\" \/>\n<meta property=\"article:publisher\" content=\"https:\/\/www.facebook.com\/PressenzaItalia\" \/>\n<meta property=\"article:published_time\" content=\"2026-04-28T20:38:43+00:00\" \/>\n<meta property=\"og:image\" content=\"https:\/\/www.pressenza.com\/wp-content\/uploads\/2026\/04\/photo_2026-04-16_01-54-46.jpg\" \/>\n\t<meta property=\"og:image:width\" content=\"1280\" \/>\n\t<meta property=\"og:image:height\" content=\"853\" \/>\n\t<meta property=\"og:image:type\" content=\"image\/jpeg\" \/>\n<meta name=\"author\" content=\"Shayan Moradi\" \/>\n<meta name=\"twitter:card\" content=\"summary_large_image\" \/>\n<meta name=\"twitter:creator\" content=\"@PressenzaIPA\" \/>\n<meta name=\"twitter:site\" content=\"@PressenzaIPA\" \/>\n<meta name=\"twitter:label1\" content=\"\u00c9crit par\" \/>\n\t<meta name=\"twitter:data1\" content=\"Shayan Moradi\" \/>\n\t<meta name=\"twitter:label2\" content=\"Dur\u00e9e de lecture estim\u00e9e\" \/>\n\t<meta name=\"twitter:data2\" content=\"7 minutes\" \/>\n<script type=\"application\/ld+json\" class=\"yoast-schema-graph\">{\"@context\":\"https:\/\/schema.org\",\"@graph\":[{\"@type\":\"Article\",\"@id\":\"https:\/\/www.pressenza.com\/fr\/2026\/04\/liran-devait-seffondrer-pourquoi-est-il-toujours-debout\/#article\",\"isPartOf\":{\"@id\":\"https:\/\/www.pressenza.com\/fr\/2026\/04\/liran-devait-seffondrer-pourquoi-est-il-toujours-debout\/\"},\"author\":{\"name\":\"Shayan Moradi\",\"@id\":\"https:\/\/www.pressenza.com\/fr\/#\/schema\/person\/7ab7eccb3088fac6dc2ec48bfb3011d2\"},\"headline\":\"L&rsquo;Iran devait s&rsquo;effondrer&#8230; pourquoi est-il toujours debout ?\",\"datePublished\":\"2026-04-28T20:38:43+00:00\",\"mainEntityOfPage\":{\"@id\":\"https:\/\/www.pressenza.com\/fr\/2026\/04\/liran-devait-seffondrer-pourquoi-est-il-toujours-debout\/\"},\"wordCount\":1656,\"publisher\":{\"@id\":\"https:\/\/www.pressenza.com\/fr\/#organization\"},\"image\":{\"@id\":\"https:\/\/www.pressenza.com\/fr\/2026\/04\/liran-devait-seffondrer-pourquoi-est-il-toujours-debout\/#primaryimage\"},\"thumbnailUrl\":\"https:\/\/www.pressenza.com\/wp-content\/uploads\/2026\/04\/photo_2026-04-16_01-54-46.jpg\",\"keywords\":[\"Iran\"],\"articleSection\":[\"Contenu Original\",\"Politique\"],\"inLanguage\":\"fr-FR\"},{\"@type\":\"WebPage\",\"@id\":\"https:\/\/www.pressenza.com\/fr\/2026\/04\/liran-devait-seffondrer-pourquoi-est-il-toujours-debout\/\",\"url\":\"https:\/\/www.pressenza.com\/fr\/2026\/04\/liran-devait-seffondrer-pourquoi-est-il-toujours-debout\/\",\"name\":\"L'Iran devait s'effondrer... pourquoi est-il toujours debout ?\",\"isPartOf\":{\"@id\":\"https:\/\/www.pressenza.com\/fr\/#website\"},\"primaryImageOfPage\":{\"@id\":\"https:\/\/www.pressenza.com\/fr\/2026\/04\/liran-devait-seffondrer-pourquoi-est-il-toujours-debout\/#primaryimage\"},\"image\":{\"@id\":\"https:\/\/www.pressenza.com\/fr\/2026\/04\/liran-devait-seffondrer-pourquoi-est-il-toujours-debout\/#primaryimage\"},\"thumbnailUrl\":\"https:\/\/www.pressenza.com\/wp-content\/uploads\/2026\/04\/photo_2026-04-16_01-54-46.jpg\",\"datePublished\":\"2026-04-28T20:38:43+00:00\",\"description\":\"Ce texte n'a pas pour but de d\u00e9fendre un syst\u00e8me ni de le justifier. Il s'agit d'une tentative de compr\u00e9hension. Comprendre pourquoi un syst\u00e8me qui, selon\",\"breadcrumb\":{\"@id\":\"https:\/\/www.pressenza.com\/fr\/2026\/04\/liran-devait-seffondrer-pourquoi-est-il-toujours-debout\/#breadcrumb\"},\"inLanguage\":\"fr-FR\",\"potentialAction\":[{\"@type\":\"ReadAction\",\"target\":[\"https:\/\/www.pressenza.com\/fr\/2026\/04\/liran-devait-seffondrer-pourquoi-est-il-toujours-debout\/\"]}]},{\"@type\":\"ImageObject\",\"inLanguage\":\"fr-FR\",\"@id\":\"https:\/\/www.pressenza.com\/fr\/2026\/04\/liran-devait-seffondrer-pourquoi-est-il-toujours-debout\/#primaryimage\",\"url\":\"https:\/\/www.pressenza.com\/wp-content\/uploads\/2026\/04\/photo_2026-04-16_01-54-46.jpg\",\"contentUrl\":\"https:\/\/www.pressenza.com\/wp-content\/uploads\/2026\/04\/photo_2026-04-16_01-54-46.jpg\",\"width\":1280,\"height\":853},{\"@type\":\"BreadcrumbList\",\"@id\":\"https:\/\/www.pressenza.com\/fr\/2026\/04\/liran-devait-seffondrer-pourquoi-est-il-toujours-debout\/#breadcrumb\",\"itemListElement\":[{\"@type\":\"ListItem\",\"position\":1,\"name\":\"Accueil\",\"item\":\"https:\/\/www.pressenza.com\/fr\/\"},{\"@type\":\"ListItem\",\"position\":2,\"name\":\"L&rsquo;Iran devait s&rsquo;effondrer&#8230; pourquoi est-il toujours debout ?\"}]},{\"@type\":\"WebSite\",\"@id\":\"https:\/\/www.pressenza.com\/fr\/#website\",\"url\":\"https:\/\/www.pressenza.com\/fr\/\",\"name\":\"Pressenza\",\"description\":\"International Press Agency\",\"publisher\":{\"@id\":\"https:\/\/www.pressenza.com\/fr\/#organization\"},\"potentialAction\":[{\"@type\":\"SearchAction\",\"target\":{\"@type\":\"EntryPoint\",\"urlTemplate\":\"https:\/\/www.pressenza.com\/fr\/?s={search_term_string}\"},\"query-input\":{\"@type\":\"PropertyValueSpecification\",\"valueRequired\":true,\"valueName\":\"search_term_string\"}}],\"inLanguage\":\"fr-FR\"},{\"@type\":\"Organization\",\"@id\":\"https:\/\/www.pressenza.com\/fr\/#organization\",\"name\":\"Pressenza\",\"url\":\"https:\/\/www.pressenza.com\/fr\/\",\"logo\":{\"@type\":\"ImageObject\",\"inLanguage\":\"fr-FR\",\"@id\":\"https:\/\/www.pressenza.com\/fr\/#\/schema\/logo\/image\/\",\"url\":\"https:\/\/www.pressenza.com\/wp-content\/uploads\/2022\/10\/pressenza_logo_200x200.jpg\",\"contentUrl\":\"https:\/\/www.pressenza.com\/wp-content\/uploads\/2022\/10\/pressenza_logo_200x200.jpg\",\"width\":200,\"height\":200,\"caption\":\"Pressenza\"},\"image\":{\"@id\":\"https:\/\/www.pressenza.com\/fr\/#\/schema\/logo\/image\/\"},\"sameAs\":[\"https:\/\/www.facebook.com\/PressenzaItalia\",\"https:\/\/x.com\/PressenzaIPA\"]},{\"@type\":\"Person\",\"@id\":\"https:\/\/www.pressenza.com\/fr\/#\/schema\/person\/7ab7eccb3088fac6dc2ec48bfb3011d2\",\"name\":\"Shayan Moradi\",\"description\":\"Shayan Moradi is an independent political analyst focusing on Iran, Middle Eastern geopolitics, and democratic transitions. His work examines political transformation, infrastructure, and their impact on civilian societies. He is also the author of the book \\\"Free Kurdistan\\\", which explores historical and political aspects of Kurdish self-determination.\",\"url\":\"https:\/\/www.pressenza.com\/fr\/author\/shayan-moradi\/\"}]}<\/script>\n<!-- \/ Yoast SEO plugin. -->","yoast_head_json":{"title":"L'Iran devait s'effondrer... pourquoi est-il toujours debout ?","description":"Ce texte n'a pas pour but de d\u00e9fendre un syst\u00e8me ni de le justifier. Il s'agit d'une tentative de compr\u00e9hension. Comprendre pourquoi un syst\u00e8me qui, selon","robots":{"index":"index","follow":"follow","max-snippet":"max-snippet:-1","max-image-preview":"max-image-preview:large","max-video-preview":"max-video-preview:-1"},"canonical":"https:\/\/www.pressenza.com\/fr\/2026\/04\/liran-devait-seffondrer-pourquoi-est-il-toujours-debout\/","og_locale":"fr_FR","og_type":"article","og_title":"L'Iran devait s'effondrer... pourquoi est-il toujours debout ?","og_description":"Ce texte n'a pas pour but de d\u00e9fendre un syst\u00e8me ni de le justifier. Il s'agit d'une tentative de compr\u00e9hension. Comprendre pourquoi un syst\u00e8me qui, selon","og_url":"https:\/\/www.pressenza.com\/fr\/2026\/04\/liran-devait-seffondrer-pourquoi-est-il-toujours-debout\/","og_site_name":"Pressenza","article_publisher":"https:\/\/www.facebook.com\/PressenzaItalia","article_published_time":"2026-04-28T20:38:43+00:00","og_image":[{"width":1280,"height":853,"url":"https:\/\/www.pressenza.com\/wp-content\/uploads\/2026\/04\/photo_2026-04-16_01-54-46.jpg","type":"image\/jpeg"}],"author":"Shayan Moradi","twitter_card":"summary_large_image","twitter_creator":"@PressenzaIPA","twitter_site":"@PressenzaIPA","twitter_misc":{"\u00c9crit par":"Shayan Moradi","Dur\u00e9e de lecture estim\u00e9e":"7 minutes"},"schema":{"@context":"https:\/\/schema.org","@graph":[{"@type":"Article","@id":"https:\/\/www.pressenza.com\/fr\/2026\/04\/liran-devait-seffondrer-pourquoi-est-il-toujours-debout\/#article","isPartOf":{"@id":"https:\/\/www.pressenza.com\/fr\/2026\/04\/liran-devait-seffondrer-pourquoi-est-il-toujours-debout\/"},"author":{"name":"Shayan Moradi","@id":"https:\/\/www.pressenza.com\/fr\/#\/schema\/person\/7ab7eccb3088fac6dc2ec48bfb3011d2"},"headline":"L&rsquo;Iran devait s&rsquo;effondrer&#8230; pourquoi est-il toujours debout ?","datePublished":"2026-04-28T20:38:43+00:00","mainEntityOfPage":{"@id":"https:\/\/www.pressenza.com\/fr\/2026\/04\/liran-devait-seffondrer-pourquoi-est-il-toujours-debout\/"},"wordCount":1656,"publisher":{"@id":"https:\/\/www.pressenza.com\/fr\/#organization"},"image":{"@id":"https:\/\/www.pressenza.com\/fr\/2026\/04\/liran-devait-seffondrer-pourquoi-est-il-toujours-debout\/#primaryimage"},"thumbnailUrl":"https:\/\/www.pressenza.com\/wp-content\/uploads\/2026\/04\/photo_2026-04-16_01-54-46.jpg","keywords":["Iran"],"articleSection":["Contenu Original","Politique"],"inLanguage":"fr-FR"},{"@type":"WebPage","@id":"https:\/\/www.pressenza.com\/fr\/2026\/04\/liran-devait-seffondrer-pourquoi-est-il-toujours-debout\/","url":"https:\/\/www.pressenza.com\/fr\/2026\/04\/liran-devait-seffondrer-pourquoi-est-il-toujours-debout\/","name":"L'Iran devait s'effondrer... pourquoi est-il toujours debout ?","isPartOf":{"@id":"https:\/\/www.pressenza.com\/fr\/#website"},"primaryImageOfPage":{"@id":"https:\/\/www.pressenza.com\/fr\/2026\/04\/liran-devait-seffondrer-pourquoi-est-il-toujours-debout\/#primaryimage"},"image":{"@id":"https:\/\/www.pressenza.com\/fr\/2026\/04\/liran-devait-seffondrer-pourquoi-est-il-toujours-debout\/#primaryimage"},"thumbnailUrl":"https:\/\/www.pressenza.com\/wp-content\/uploads\/2026\/04\/photo_2026-04-16_01-54-46.jpg","datePublished":"2026-04-28T20:38:43+00:00","description":"Ce texte n'a pas pour but de d\u00e9fendre un syst\u00e8me ni de le justifier. Il s'agit d'une tentative de compr\u00e9hension. Comprendre pourquoi un syst\u00e8me qui, selon","breadcrumb":{"@id":"https:\/\/www.pressenza.com\/fr\/2026\/04\/liran-devait-seffondrer-pourquoi-est-il-toujours-debout\/#breadcrumb"},"inLanguage":"fr-FR","potentialAction":[{"@type":"ReadAction","target":["https:\/\/www.pressenza.com\/fr\/2026\/04\/liran-devait-seffondrer-pourquoi-est-il-toujours-debout\/"]}]},{"@type":"ImageObject","inLanguage":"fr-FR","@id":"https:\/\/www.pressenza.com\/fr\/2026\/04\/liran-devait-seffondrer-pourquoi-est-il-toujours-debout\/#primaryimage","url":"https:\/\/www.pressenza.com\/wp-content\/uploads\/2026\/04\/photo_2026-04-16_01-54-46.jpg","contentUrl":"https:\/\/www.pressenza.com\/wp-content\/uploads\/2026\/04\/photo_2026-04-16_01-54-46.jpg","width":1280,"height":853},{"@type":"BreadcrumbList","@id":"https:\/\/www.pressenza.com\/fr\/2026\/04\/liran-devait-seffondrer-pourquoi-est-il-toujours-debout\/#breadcrumb","itemListElement":[{"@type":"ListItem","position":1,"name":"Accueil","item":"https:\/\/www.pressenza.com\/fr\/"},{"@type":"ListItem","position":2,"name":"L&rsquo;Iran devait s&rsquo;effondrer&#8230; pourquoi est-il toujours debout ?"}]},{"@type":"WebSite","@id":"https:\/\/www.pressenza.com\/fr\/#website","url":"https:\/\/www.pressenza.com\/fr\/","name":"Pressenza","description":"International Press Agency","publisher":{"@id":"https:\/\/www.pressenza.com\/fr\/#organization"},"potentialAction":[{"@type":"SearchAction","target":{"@type":"EntryPoint","urlTemplate":"https:\/\/www.pressenza.com\/fr\/?s={search_term_string}"},"query-input":{"@type":"PropertyValueSpecification","valueRequired":true,"valueName":"search_term_string"}}],"inLanguage":"fr-FR"},{"@type":"Organization","@id":"https:\/\/www.pressenza.com\/fr\/#organization","name":"Pressenza","url":"https:\/\/www.pressenza.com\/fr\/","logo":{"@type":"ImageObject","inLanguage":"fr-FR","@id":"https:\/\/www.pressenza.com\/fr\/#\/schema\/logo\/image\/","url":"https:\/\/www.pressenza.com\/wp-content\/uploads\/2022\/10\/pressenza_logo_200x200.jpg","contentUrl":"https:\/\/www.pressenza.com\/wp-content\/uploads\/2022\/10\/pressenza_logo_200x200.jpg","width":200,"height":200,"caption":"Pressenza"},"image":{"@id":"https:\/\/www.pressenza.com\/fr\/#\/schema\/logo\/image\/"},"sameAs":["https:\/\/www.facebook.com\/PressenzaItalia","https:\/\/x.com\/PressenzaIPA"]},{"@type":"Person","@id":"https:\/\/www.pressenza.com\/fr\/#\/schema\/person\/7ab7eccb3088fac6dc2ec48bfb3011d2","name":"Shayan Moradi","description":"Shayan Moradi is an independent political analyst focusing on Iran, Middle Eastern geopolitics, and democratic transitions. His work examines political transformation, infrastructure, and their impact on civilian societies. He is also the author of the book \"Free Kurdistan\", which explores historical and political aspects of Kurdish self-determination.","url":"https:\/\/www.pressenza.com\/fr\/author\/shayan-moradi\/"}]}},"place":"Iran","original_article_url":"","_links":{"self":[{"href":"https:\/\/www.pressenza.com\/fr\/wp-json\/wp\/v2\/posts\/2696314","targetHints":{"allow":["GET"]}}],"collection":[{"href":"https:\/\/www.pressenza.com\/fr\/wp-json\/wp\/v2\/posts"}],"about":[{"href":"https:\/\/www.pressenza.com\/fr\/wp-json\/wp\/v2\/types\/post"}],"author":[{"embeddable":true,"href":"https:\/\/www.pressenza.com\/fr\/wp-json\/wp\/v2\/users\/2611"}],"replies":[{"embeddable":true,"href":"https:\/\/www.pressenza.com\/fr\/wp-json\/wp\/v2\/comments?post=2696314"}],"version-history":[{"count":3,"href":"https:\/\/www.pressenza.com\/fr\/wp-json\/wp\/v2\/posts\/2696314\/revisions"}],"predecessor-version":[{"id":2696324,"href":"https:\/\/www.pressenza.com\/fr\/wp-json\/wp\/v2\/posts\/2696314\/revisions\/2696324"}],"wp:featuredmedia":[{"embeddable":true,"href":"https:\/\/www.pressenza.com\/fr\/wp-json\/wp\/v2\/media\/2696315"}],"wp:attachment":[{"href":"https:\/\/www.pressenza.com\/fr\/wp-json\/wp\/v2\/media?parent=2696314"}],"wp:term":[{"taxonomy":"category","embeddable":true,"href":"https:\/\/www.pressenza.com\/fr\/wp-json\/wp\/v2\/categories?post=2696314"},{"taxonomy":"post_tag","embeddable":true,"href":"https:\/\/www.pressenza.com\/fr\/wp-json\/wp\/v2\/tags?post=2696314"}],"curies":[{"name":"wp","href":"https:\/\/api.w.org\/{rel}","templated":true}]}}