{"id":2696022,"date":"2026-04-29T00:38:06","date_gmt":"2026-04-28T23:38:06","guid":{"rendered":"https:\/\/www.pressenza.com\/?p=2696022"},"modified":"2026-04-29T00:47:03","modified_gmt":"2026-04-28T23:47:03","slug":"lukraine-et-gaza-des-situations-analogues-1ere-partie","status":"publish","type":"post","link":"https:\/\/www.pressenza.com\/fr\/2026\/04\/lukraine-et-gaza-des-situations-analogues-1ere-partie\/","title":{"rendered":"L\u2019Ukraine et Gaza, des situations analogues ? 1\u00e8re partie"},"content":{"rendered":"<p>Selon une opinion courante, on aurait en Ukraine et \u00e0 Gaza deux interventions militaires comparables. On aurait affaire \u00e0 deux guerres, prenant la forme d\u2019une invasion russe en Ukraine et d\u2019une invasion isra\u00e9lienne \u00e0 Gaza. Il s\u2019agirait \u00e9galement de deux violations flagrantes du droit international. Poutine et Netanyahou seraient d\u2019ailleurs tous les deux coupables de crimes de guerre, car tous les deux font face \u00e0 des mandats d\u2019arr\u00eat \u00e9mis par le Tribunal p\u00e9nal international (TPI). Les deux violeraient aussi le droit \u00e0 l\u2019autod\u00e9termination des peuples\u00a0: celui du peuple ukrainien pour les Russes et celui du peuple palestinien pour les Isra\u00e9liens. Il est n\u00e9cessaire de faire justice de ces amalgames artificiels, superficiels et trompeurs. Nous passerons en revue une s\u00e9rie de points cl\u00e9s.<\/p>\n<p><strong>Comparaison n\u2019est pas raison <\/strong><\/p>\n<p>Les diff\u00e9rences sont pourtant nombreuses. Deux faits basiques rendent les situations incomparables.<\/p>\n<p>D\u2019abord la Russie est le plus grand pays du monde et n\u2019a pas besoin de nouveaux territoires, tandis qu\u2019Isra\u00ebl, depuis ses origines de colonie de peuplement, n\u2019a cess\u00e9 de pratiquer l\u2019expansionnisme territorial aux d\u00e9pens de ses voisins.<\/p>\n<p>Ensuite, les r\u00e9alit\u00e9s politiques et d\u00e9mographiques distinguent la Russie et Isra\u00ebl. Une population d\u2019origine slave, \u00e0 80% russe ethniquement, est pr\u00e9sente sur le territoire actuel de la Russie depuis environ 1 500 ans.<a href=\"#_ftn1\" name=\"_ftnref1\">[1]<\/a> \u00c0 l\u2019inverse, les Isra\u00e9liens juifs sont pour la plupart originaires de l\u2019ext\u00e9rieur de la Palestine. Contrairement \u00e0 la Russie, nation \u00e0 la fois historique, ethnique et civique, Isra\u00ebl est pour l\u2019essentiel une colonie de peuplement, une transplantation op\u00e9r\u00e9e r\u00e9cemment.<a href=\"#_ftn2\" name=\"_ftnref2\">[2]<\/a> La premi\u00e8re est donc stabilis\u00e9e, alors que la seconde est tr\u00e8s ouvertement en qu\u00eate de croissance d\u00e9mographique et territoriale.<\/p>\n<p>Il ne suffit pas de constater qu\u2019une arm\u00e9e a envahi pour prendre position. Les circonstances, les causes profondes et les responsabilit\u00e9s sont d\u00e9terminantes. Il faut les prendre en compte. Dans le conflit en Ukraine, l\u2019initiateur de l\u2019affrontement est l\u2019OTAN, sous-direction \u00e9tasunienne, qui menace la Russie en s\u2019\u00e9tendant jusqu\u2019\u00e0 ses fronti\u00e8res et en instrumentalisant l\u2019Ukraine. En Palestine, la source du conflit r\u00e9side dans le d\u00e9ni des droits nationaux palestiniens, l\u2019occupation et la colonisation sioniste qui oppriment les Palestiniens depuis plus d\u2019un si\u00e8cle. L\u2019assaut isra\u00e9lien contre Gaza n\u2019en est que la continuation. La Russie r\u00e9agit ponctuellement \u00e0 une menace exerc\u00e9e de l\u2019ext\u00e9rieur contre sa s\u00e9curit\u00e9; Isra\u00ebl poursuit depuis des d\u00e9cennies une politique autog\u00e9n\u00e9r\u00e9e pour r\u00e9aliser le projet colonial sioniste. La Russie est sur la d\u00e9fensive; Isra\u00ebl est \u00e0 l\u2019attaque.<\/p>\n<p><strong>L\u2019un rapetisse, l\u2019autre s\u2019agrandit<\/strong><\/p>\n<p>Suite \u00e0 la dissolution de l\u2019Union sovi\u00e9tique survenue en d\u00e9cembre 1991, la Russie qui en a pris la suite avait un territoire consid\u00e9rablement r\u00e9tr\u00e9ci. L\u2019URSS s\u2019est dissoute en 15 r\u00e9publiques, dont la Russie. \u00c0 l\u2019oppos\u00e9, Isra\u00ebl n\u2019a cess\u00e9 de tenter d\u2019\u00e9largir son territoire : tout d\u2019abord par la conqu\u00eate du Sina\u00ef et des plateaux du Golan, mais aussi par l\u2019occupation de la Cisjordanie, de J\u00e9rusalem Est et de Gaza. Il est toujours en Syrie et il poursuit son projet d\u2019occupation du sud Liban, le tout vers la constitution du Grand Isra\u00ebl englobant la plus grande part du Proche-Orient. Soutenue \u00e0 bout de bras par l\u2019imp\u00e9rialisme am\u00e9ricain, une entit\u00e9 minoritaire exercerait sa domination sur la vaste majorit\u00e9 des populations de la r\u00e9gion.<\/p>\n<p><strong>Des fronti\u00e8res constamment pr\u00e9serv\u00e9es pour l\u2019un et constamment transform\u00e9es pour l\u2019autre<\/strong><\/p>\n<p>\u00c0 ces premi\u00e8res observations g\u00e9n\u00e9rales, s\u2019ajoutent plusieurs faits qui accentuent les diff\u00e9rences entre les deux situations. La dissolution de l\u2019URSS offre l\u2019exemple d\u2019une situation respectant le principe de l\u2019<em>uti possidetis<\/em>. Les fronti\u00e8res internes \u00e0 l\u2019URSS sont devenues les fronti\u00e8res des 15 r\u00e9publiques souveraines. Les perturbations survenues \u00e0 ces fronti\u00e8res sont apparues en G\u00e9orgie, en Ukraine et en Azerba\u00efdjan, mais elles ont \u00e9t\u00e9 le r\u00e9sultat de r\u00e9volutions de couleur foment\u00e9es, aliment\u00e9es et financ\u00e9es par des interventions ext\u00e9rieures de la CIA, de la National Endowment for Democracy (NED) et du United States <span class=\"lang-en\" lang=\"en\">Agency for <\/span><span class=\"lang-en\" lang=\"en\">I<\/span>nternational Development (USAID). D\u2019une mani\u00e8re g\u00e9n\u00e9rale, le respect des fronti\u00e8res existantes s\u2019est quand m\u00eame impos\u00e9. \u00c0 l\u2019oppos\u00e9, les fronti\u00e8res de l\u2019\u00c9tat d\u2019Isra\u00ebl n\u2019ont cess\u00e9 de se modifier et demeurent encore floues et extensibles \u00e0 ce jour. Isra\u00ebl n\u2019a pas de constitution, entre autres parce que celle-ci l\u2019obligerait \u00e0 d\u00e9finir ses fronti\u00e8res.<\/p>\n<p><strong>Reconnaissance de l\u2019\u00c9tat ukrainien par l\u2019un et non reconnaissance de l\u2019\u00c9tat palestinien par l\u2019autre<\/strong><\/p>\n<p>Le m\u00e9morandum de Budapest<a href=\"#_ftn3\" name=\"_ftnref3\">[3]<\/a>, sign\u00e9 en 1994, a donn\u00e9 lieu \u00e0 la reconnaissance de l\u2019\u00c9tat ukrainien par Moscou. En revanche, Isra\u00ebl n\u2019a jamais voulu reconna\u00eetre l\u2019existence d\u2019un \u00c9tat palestinien.<\/p>\n<p><strong>L\u2019un est contre l\u2019apartheid et l\u2019autre est pour<\/strong><\/p>\n<p>Les ONGs, les experts internationaux et les repr\u00e9sentants onusiens consid\u00e8rent qu\u2019Isra\u00ebl impose un r\u00e9gime d\u2019apartheid sur son territoire. Personne ne formule de telles accusations \u00e0 l\u2019\u00e9gard de la Russie. Au contraire, celle-ci s\u2019est toujours oppos\u00e9e \u00e0 l\u2019apartheid qui r\u00e9gnait \u00e0 l\u2019\u00e9poque en Afrique du Sud. Cela explique aussi pourquoi elle s\u2019est toujours oppos\u00e9e aux mesures discriminatoires impos\u00e9es par Kiev \u00e0 l\u2019\u00e9gard de la minorit\u00e9 russophone en Ukraine de l\u2019Est.<\/p>\n<p><strong>L\u2019un fait face \u00e0 une arm\u00e9e et l\u2019autre \u00e0 une gu\u00e9rilla<\/strong><\/p>\n<p>En Ukraine, on a bel et bien affaire \u00e0 une guerre opposant l\u2019arm\u00e9e russe \u00e0 l\u2019arm\u00e9e ukrainienne. \u00c0 Gaza, l\u2019arm\u00e9e isra\u00e9lienne, \u00e9quip\u00e9e gr\u00e2ce \u00e0 l\u2019appui financier et militaire des \u00c9tats-Unis, fait face \u00e0 la r\u00e9sistance de petits groupes de <em>gu\u00e9rilleros<\/em>.<\/p>\n<p><strong>Une guerre en Ukraine, un g\u00e9nocide \u00e0 Gaza<\/strong><\/p>\n<p>La proportion de civils tu\u00e9s en Ukraine refl\u00e8te les caract\u00e9ristiques habituelles de la guerre. Il est difficile de d\u00e9terminer les chiffres exacts. Pour des raisons politiques et psychologiques, les parties bellig\u00e9rantes n\u2019en fournissent pas. On n\u2019a que des estimations et elles doivent \u00eatre prises avec pr\u00e9caution. Les pertes en Ukraine sont principalement militaires, les civils payant accessoirement leur tribut, mais ils ne sont ni les cibles ni les victimes premi\u00e8res.<\/p>\n<p>\u00c0 Gaza, l\u2019objectif n\u2019est pas la guerre comprise comme des combats militaires, mais la destruction d\u2019une soci\u00e9t\u00e9, le \u00ab nettoyage ethnique \u00bb et le g\u00e9nocide d\u2019une population. Bien qu\u2019il soit difficile de d\u00e9terminer le nombre exact de morts (un correspondant \u00e9crivant dans la revue <em>The Lancet <\/em>supposait qu\u2019il en existait pr\u00e8s de 200 000<a href=\"#_ftn4\" name=\"_ftnref4\">[4]<\/a>), nous savons que les victimes sont d\u2019abord et avant tout civiles. L\u2019arm\u00e9e isra\u00e9lienne bombarde prioritairement et sciemment des civils. Elle en autorise d\u2019ailleurs l\u2019assassinat en grand nombre, m\u00eame si c\u2019est pour ne tuer qu\u2019un seul dirigeant du Hamas.<a href=\"#_ftn5\" name=\"_ftnref5\">[5]<\/a> C\u2019est par centaines par jour que les civils mouraient durant le pic du g\u00e9nocide. La moiti\u00e9 des victimes civiles sont des enfants de moins de 18 ans. Les crimes de guerre, au sens de violations graves du droit international humanitaire et des conventions de Gen\u00e8ve, sont la r\u00e8gle et non l\u2019exception.<\/p>\n<p>De l\u2019avis unanime des experts internationaux, ainsi que de l\u2019ONU, des ONGs et de plusieurs pays \u00e0 la t\u00eate desquels figure l\u2019Afrique du Sud<a href=\"#_ftn6\" name=\"_ftnref6\">[6]<\/a>, nous sommes confront\u00e9s au g\u00e9nocide des Gazaouis.<a href=\"#_ftn7\" name=\"_ftnref7\">[7]<\/a> On les prive de nourriture, d\u2019eau, de gaz et d\u2019\u00e9lectricit\u00e9. On d\u00e9truit les \u00e9coles et les h\u00f4pitaux. On s\u2019en prend aux journalistes, au personnel m\u00e9dical et aux intellectuels. Les camions d\u2019approvisionnement essentiel sont bloqu\u00e9s aux fronti\u00e8res. Les intentions g\u00e9nocidaires ont \u00e9t\u00e9 exprim\u00e9es ouvertement et \u00e0 maintes reprises par les autorit\u00e9s isra\u00e9liennes. Dans les conflits arm\u00e9s, en Ukraine comme ailleurs, des crimes de guerre sont sans aucun doute commis de part et d\u2019autre, mais ils ne sont pas la norme et personne ne pr\u00e9tend que l\u2019arm\u00e9e russe proc\u00e8de au g\u00e9nocide de la population ukrainienne.<\/p>\n<p><strong>Des intentions criminelles suppos\u00e9es pour l\u2019un et ouvertement affich\u00e9es pour l\u2018autre<\/strong><\/p>\n<p>En mars 2023, la Cour p\u00e9nale internationale (CPI) a signal\u00e9 qu\u2019elle avait des motifs raisonnables de croire que Vladimir Poutine et Maria Lvova-Belova auraient commis des crimes de guerre. En l\u2019occurrence, ils seraient responsables \u00ab du crime de guerre de d\u00e9portation ill\u00e9gale de population (enfants) et du crime de guerre de transfert ill\u00e9gal de population (enfants), et ce, de certaines zones occup\u00e9es de l\u2019Ukraine vers la F\u00e9d\u00e9ration de Russie \u00bb. <a href=\"#_ftn8\" name=\"_ftnref8\">[8]<\/a> Il faut dire qu\u2019il s\u2019agissait parfois d\u2019orphelins et, ainsi que le mandat d\u2019arr\u00eat l\u2019indique, essentiellement d\u2019enfants vivant dans les zones occup\u00e9es par la Russie et donc, pour l\u2019essentiel, d\u2019enfants russophones. Est-ce alors vraiment pour les assimiler \u00e0 la Russie? S\u2019ils \u00e9taient surtout des enfants russophones, \u00e0 quoi rimerait cette assimilation? Les autorit\u00e9s ukrainiennes insistent pour dire que ces russophones sont ukrainiens. On se demande alors pourquoi ces m\u00eames autorit\u00e9s ont ni\u00e9 la part russophone de l\u2019identit\u00e9 de ces enfants en l\u00e9gif\u00e9rant pour rendre ill\u00e9gal l\u2019usage de la langue russe dans l\u2019espace public.<\/p>\n<p>Les autorit\u00e9s russes se d\u00e9fendent des accusations d\u2019enl\u00e8vements forc\u00e9s d\u2019enfants. Elles pr\u00e9tendent les avoir \u00e9loign\u00e9s des zones de combat pour les placer dans des camps de vacances s\u00e9curitaires.<\/p>\n<p>Notons tout d\u2019abord que, lorsque l\u2019accusation est tomb\u00e9e, les russophones de quatre oblasts \u00e9taient d\u00e9j\u00e0 devenus des citoyens russes. Certes, la minorit\u00e9 russophone, en tant que minorit\u00e9 nationale, \u00e9tait seulement une extension de peuple voisin et elle ne formait pas un peuple \u00e0 elle seule. Il s\u2019agissait d\u2019une minorit\u00e9 nationale et non d\u2019une nation minoritaire. En tant que fragment minoritaire de peuple, elle n\u2019avait donc pas un droit inh\u00e9rent \u00e0 l\u2019autod\u00e9termination interne, comme les populations formant des peuples \u00e0 part enti\u00e8re qui, elles, jouissent d\u2019un tel droit, et encore moins un droit \u00e0 l\u2019autod\u00e9termination externe. Le fait que Donetsk et Lougansk se soient autoproclam\u00e9es souveraines n\u2019a rien chang\u00e9 \u00e0 l\u2019affaire et cela n\u2019a pas fait bouger Moscou.<\/p>\n<p>Cependant, ayant subi des lois russophobes ainsi qu\u2019une guerre civile, la minorit\u00e9 nationale russe a acquis un droit \u00e0 l\u2019autod\u00e9termination interne sous la forme d\u2019un droit de r\u00e9paration. Elle avait donc le droit \u00e0 une autonomie gouvernementale, constitutionnalis\u00e9e \u00e0 l\u2019int\u00e9rieur de l\u2019Ukraine, ainsi que le pr\u00e9voyaient d\u2019ailleurs les accords de Minsk I et II<a href=\"#_ftn9\" name=\"_ftnref9\">[9]<\/a>. Mais puisque l\u2019Ukraine a refus\u00e9 d\u2019appliquer ces accords, la seule solution qui leur restait \u00e9tait d\u2019arracher le droit \u00e0 l\u2019autod\u00e9termination externe, compris comme droit de r\u00e9paration face au refus de r\u00e9parer l\u2019injustice subie. Ayant vot\u00e9 en plus par r\u00e9f\u00e9rendum en faveur de l\u2019annexion \u00e0 la Russie, la constitutionnalisation de ces annexions ne leur \u00e9tait pas impos\u00e9e. Les quatre oblasts font maintenant partie de la Russie. Les enfants de ces quatre oblasts qui constituaient la tr\u00e8s grande majorit\u00e9 des personnes transf\u00e9r\u00e9es \u00e9taient donc russes.<\/p>\n<p>Cela \u00e9tant dit, l\u2019accusation du TPI est tr\u00e8s grave et doit \u00eatre prise au s\u00e9rieux, surtout si certains enfants ont \u00e9t\u00e9 transf\u00e9r\u00e9s sans le consentement des parents. On se demande quand m\u00eame pourquoi les auteurs des bombes lanc\u00e9es par l\u2019Ukraine sur les populations civiles du Donbass depuis 2014 n\u2019ont pas eux aussi fait l\u2019objet d\u2019une poursuite criminelle venant du TPI. La question se pose d\u2019autant plus que ces bombes sont peut-\u00eatre l\u2019une des principales raisons pour lesquelles le projet de d\u00e9placer des enfants a pu s\u2019imposer aux dirigeants russes.<\/p>\n<p>La Russie est \u00e9galement accus\u00e9e d\u2019avoir commis des crimes contre l\u2019humanit\u00e9. Ses adversaires l\u2019accusent notamment d\u2019avoir d\u00e9truit des infrastructures civiles ukrainiennes assurant l\u2019\u00e9lectrification du pays. Il s\u2019agirait certes d\u2019un crime de guerre. Notons quand m\u00eame que l\u2019acte d\u2019accusation \u00e0 cet effet a \u00e9t\u00e9 formul\u00e9 par le TPI en juin 2024. Or, les interventions russes \u00e9taient des repr\u00e9sailles faisant suite \u00e0 des attaques ukrainiennes d\u2019installations \u00e9nerg\u00e9tiques russes que Washington elle-m\u00eame a critiqu\u00e9es.<a href=\"#_ftn10\" name=\"_ftnref10\">[10]<\/a>\u00a0 On attend encore que les mandats d\u2019arr\u00eat \u00e0 ce sujet soient \u00e9mis par le TPI contre Volodymyr Zelensky.<\/p>\n<p>L\u2019accusation du TPI contre Benjamin Netanyahou et le ministre de la D\u00e9fense de l\u2019\u00e9poque, Yoav Gallant, est autrement plus grave. Un mandat a \u00e9t\u00e9 \u00e9mis contre eux pour avoir mis en place une \u00ab famine organis\u00e9e \u00bb. Mais chose \u00e9tonnante, le TPI se refuse quand m\u00eame \u00e0 parler de g\u00e9nocide. Et pourtant, \u00e0 quoi peut bien correspondre une famine planifi\u00e9e \u00e0 l\u2019\u00e9chelle d\u2019une population enti\u00e8re sinon \u00e0 l\u2019\u00e9radication de cette m\u00eame population?<\/p>\n<p>La difficult\u00e9 \u00e0 attribuer la commission d\u2019actes g\u00e9nocidaires est en g\u00e9n\u00e9ral intimement li\u00e9e \u00e0 la difficult\u00e9 de d\u00e9terminer l\u2019existence d\u2019une intention g\u00e9nocidaire. Or, les autorit\u00e9s isra\u00e9liennes ont clairement annonc\u00e9 leurs intentions de tout d\u00e9truire, de rendre Gaza invivable et de priver les citoyens des ressources n\u00e9cessaires \u00e0 leur survie. Ils n\u2019ont pas enlev\u00e9 20\u00a0000 enfants. Ils les ont tu\u00e9s. Ils ont forc\u00e9 le d\u00e9placement de plus d\u2019un million de gens. Les informations en provenance de Gaza \u00e0 ce sujet ont abondamment circul\u00e9 sur les r\u00e9seaux sociaux. Chacun a pu \u00eatre un t\u00e9moin direct d\u2019actes g\u00e9nocidaires.<\/p>\n<p>Quelle que soit la gravit\u00e9 des accusations qui sont port\u00e9es contre Vladimir Poutine, on ne peut pr\u00e9tendre qu\u2019entre lui et Netanyahou, c\u2019est du pareil au m\u00eame.<\/p>\n<p><a href=\"#_ftnref1\" name=\"_ftn1\">[1]<\/a> https:\/\/www.historyworld.net\/history\/Russia\/611?section=Origins<\/p>\n<p><a href=\"#_ftnref2\" name=\"_ftn2\">[2]<\/a> https:\/\/cjf.qc.ca\/revue-relations\/publication\/article\/israel-un-colonialisme-de-peuplement-plus-que-centenaire\/<\/p>\n<p><a href=\"#_ftnref3\" name=\"_ftn3\">[3]<\/a> https:\/\/www.axl.cefan.ulaval.ca\/europe\/Memorandom-1994.htm<\/p>\n<p><a href=\"#_ftnref4\" name=\"_ftn4\">[4]<\/a> https:\/\/www.aljazeera.com\/news\/2024\/7\/8\/gaza-toll-could-exceed-186000-lancet-study-says<\/p>\n<p><a href=\"#_ftnref5\" name=\"_ftn5\">[5]<\/a> https:\/\/www.lorientlejour.com\/article\/1441348\/larmee-israelienne-aurait-autorise-le-massacre-dun-grand-nombre-de-civils-a-gaza-des-le-7-octobre.html<\/p>\n<p><a href=\"#_ftnref6\" name=\"_ftn6\">[6]<\/a> https:\/\/www.icj-cij.org\/sites\/default\/files\/case-related\/192\/192-20260313-pre-01-00-fr.pdf<\/p>\n<p><a href=\"#_ftnref7\" name=\"_ftn7\">[7]<\/a> https:\/\/www.youtube.com\/watch?v=WAPIdWpDuCw<\/p>\n<p><a href=\"#_ftnref8\" name=\"_ftn8\">[8]<\/a> https:\/\/www.icc-cpi.int\/fr\/news\/situation-en-ukraine-les-juges-de-la-cpi-delivrent-des-mandats-darret-contre-vladimir<\/p>\n<p><a href=\"#_ftnref9\" name=\"_ftn9\">[9]<\/a> https:\/\/mjp.univ-perp.fr\/constit\/ua2015.htm<\/p>\n<p><a href=\"#_ftnref10\" name=\"_ftn10\">[10]<\/a> https:\/\/www.ledevoir.com\/monde\/europe\/811539\/ukraine-attaque-sites-energetiques-russie-drones<\/p>\n<p>&nbsp;<\/p>\n<p><a href=\"https:\/\/www.pressenza.com\/fr\/2026\/04\/lukraine-et-gaza-des-situations-analogues-2e-partie\/\">Lire la 2\u00e8me partie ici<\/a><\/p>\n","protected":false},"excerpt":{"rendered":"<p>Selon une opinion courante, on aurait en Ukraine et \u00e0 Gaza deux interventions militaires comparables. On aurait affaire \u00e0 deux guerres, prenant la forme d\u2019une invasion russe en Ukraine et d\u2019une invasion isra\u00e9lienne \u00e0 Gaza. Il s\u2019agirait \u00e9galement de deux&hellip;<\/p>\n","protected":false},"author":2275,"featured_media":1776520,"comment_status":"closed","ping_status":"closed","sticky":false,"template":"","format":"standard","meta":{"footnotes":""},"categories":[84,11386,1250,93,90,95],"tags":[79014,20683,9646,1508,6550,470,1113,4304,8005],"class_list":["post-2696022","post","type-post","status-publish","format-standard","has-post-thumbnail","hentry","category-asia-fr","category-contenu-original","category-paix-desarmement","category-politique","category-moyen-orient","category-affaires-etrangeres","tag-cpi-fr","tag-crimes-de-guerre","tag-droit-international","tag-gaza-fr","tag-geopolitique","tag-israel-fr","tag-palestine-fr","tag-russie","tag-ukraine-fr"],"yoast_head":"<!-- This site is optimized with the Yoast SEO plugin v27.1.1 - https:\/\/yoast.com\/product\/yoast-seo-wordpress\/ -->\n<title>L\u2019Ukraine et Gaza, des situations analogues ? 1\u00e8re partie<\/title>\n<meta name=\"description\" content=\"Selon une opinion courante, on aurait en Ukraine et \u00e0 Gaza deux interventions militaires comparables. On aurait affaire \u00e0 deux guerres, prenant la forme\" \/>\n<meta name=\"robots\" content=\"index, follow, max-snippet:-1, max-image-preview:large, max-video-preview:-1\" \/>\n<link rel=\"canonical\" href=\"https:\/\/www.pressenza.com\/fr\/2026\/04\/lukraine-et-gaza-des-situations-analogues-1ere-partie\/\" \/>\n<meta property=\"og:locale\" content=\"fr_FR\" \/>\n<meta property=\"og:type\" content=\"article\" \/>\n<meta property=\"og:title\" content=\"L\u2019Ukraine et Gaza, des situations analogues ? 1\u00e8re partie\" \/>\n<meta property=\"og:description\" content=\"Selon une opinion courante, on aurait en Ukraine et \u00e0 Gaza deux interventions militaires comparables. On aurait affaire \u00e0 deux guerres, prenant la forme\" \/>\n<meta property=\"og:url\" content=\"https:\/\/www.pressenza.com\/fr\/2026\/04\/lukraine-et-gaza-des-situations-analogues-1ere-partie\/\" \/>\n<meta property=\"og:site_name\" content=\"Pressenza\" \/>\n<meta property=\"article:publisher\" content=\"https:\/\/www.facebook.com\/PressenzaItalia\" \/>\n<meta property=\"article:published_time\" content=\"2026-04-28T23:38:06+00:00\" \/>\n<meta property=\"article:modified_time\" content=\"2026-04-28T23:47:03+00:00\" \/>\n<meta property=\"og:image\" content=\"https:\/\/www.pressenza.com\/wp-content\/uploads\/2023\/10\/ukraine-palestine-flags.jpg\" \/>\n\t<meta property=\"og:image:width\" content=\"820\" \/>\n\t<meta property=\"og:image:height\" content=\"461\" \/>\n\t<meta property=\"og:image:type\" content=\"image\/jpeg\" \/>\n<meta name=\"author\" content=\"Samir Saul - Michel Seymour\" \/>\n<meta name=\"twitter:card\" content=\"summary_large_image\" \/>\n<meta name=\"twitter:creator\" content=\"@PressenzaIPA\" \/>\n<meta name=\"twitter:site\" content=\"@PressenzaIPA\" \/>\n<meta name=\"twitter:label1\" content=\"\u00c9crit par\" \/>\n\t<meta name=\"twitter:data1\" content=\"Samir Saul - Michel Seymour\" \/>\n\t<meta name=\"twitter:label2\" content=\"Dur\u00e9e de lecture estim\u00e9e\" \/>\n\t<meta name=\"twitter:data2\" content=\"11 minutes\" \/>\n<script type=\"application\/ld+json\" class=\"yoast-schema-graph\">{\"@context\":\"https:\/\/schema.org\",\"@graph\":[{\"@type\":\"Article\",\"@id\":\"https:\/\/www.pressenza.com\/fr\/2026\/04\/lukraine-et-gaza-des-situations-analogues-1ere-partie\/#article\",\"isPartOf\":{\"@id\":\"https:\/\/www.pressenza.com\/fr\/2026\/04\/lukraine-et-gaza-des-situations-analogues-1ere-partie\/\"},\"author\":{\"name\":\"Samir Saul - Michel Seymour\",\"@id\":\"https:\/\/www.pressenza.com\/fr\/#\/schema\/person\/d4977f879c6055a07b3def3ad817bbe3\"},\"headline\":\"L\u2019Ukraine et Gaza, des situations analogues ? 1\u00e8re partie\",\"datePublished\":\"2026-04-28T23:38:06+00:00\",\"dateModified\":\"2026-04-28T23:47:03+00:00\",\"mainEntityOfPage\":{\"@id\":\"https:\/\/www.pressenza.com\/fr\/2026\/04\/lukraine-et-gaza-des-situations-analogues-1ere-partie\/\"},\"wordCount\":2445,\"publisher\":{\"@id\":\"https:\/\/www.pressenza.com\/fr\/#organization\"},\"image\":{\"@id\":\"https:\/\/www.pressenza.com\/fr\/2026\/04\/lukraine-et-gaza-des-situations-analogues-1ere-partie\/#primaryimage\"},\"thumbnailUrl\":\"https:\/\/www.pressenza.com\/wp-content\/uploads\/2023\/10\/ukraine-palestine-flags.jpg\",\"keywords\":[\"Cpi\",\"crimes de guerre\",\"droit international\",\"Gaza\",\"g\u00e9opolitique\",\"Isra\u00ebl\",\"Palestine\",\"Russie\",\"Ukraine\"],\"articleSection\":[\"Asie\",\"Contenu Original\",\"Paix et D\u00e9sarmement\",\"Politique\",\"Proche et Moyen-Orient\",\"Relations internationales\"],\"inLanguage\":\"fr-FR\"},{\"@type\":\"WebPage\",\"@id\":\"https:\/\/www.pressenza.com\/fr\/2026\/04\/lukraine-et-gaza-des-situations-analogues-1ere-partie\/\",\"url\":\"https:\/\/www.pressenza.com\/fr\/2026\/04\/lukraine-et-gaza-des-situations-analogues-1ere-partie\/\",\"name\":\"L\u2019Ukraine et Gaza, des situations analogues ? 1\u00e8re partie\",\"isPartOf\":{\"@id\":\"https:\/\/www.pressenza.com\/fr\/#website\"},\"primaryImageOfPage\":{\"@id\":\"https:\/\/www.pressenza.com\/fr\/2026\/04\/lukraine-et-gaza-des-situations-analogues-1ere-partie\/#primaryimage\"},\"image\":{\"@id\":\"https:\/\/www.pressenza.com\/fr\/2026\/04\/lukraine-et-gaza-des-situations-analogues-1ere-partie\/#primaryimage\"},\"thumbnailUrl\":\"https:\/\/www.pressenza.com\/wp-content\/uploads\/2023\/10\/ukraine-palestine-flags.jpg\",\"datePublished\":\"2026-04-28T23:38:06+00:00\",\"dateModified\":\"2026-04-28T23:47:03+00:00\",\"description\":\"Selon une opinion courante, on aurait en Ukraine et \u00e0 Gaza deux interventions militaires comparables. On aurait affaire \u00e0 deux guerres, prenant la forme\",\"breadcrumb\":{\"@id\":\"https:\/\/www.pressenza.com\/fr\/2026\/04\/lukraine-et-gaza-des-situations-analogues-1ere-partie\/#breadcrumb\"},\"inLanguage\":\"fr-FR\",\"potentialAction\":[{\"@type\":\"ReadAction\",\"target\":[\"https:\/\/www.pressenza.com\/fr\/2026\/04\/lukraine-et-gaza-des-situations-analogues-1ere-partie\/\"]}]},{\"@type\":\"ImageObject\",\"inLanguage\":\"fr-FR\",\"@id\":\"https:\/\/www.pressenza.com\/fr\/2026\/04\/lukraine-et-gaza-des-situations-analogues-1ere-partie\/#primaryimage\",\"url\":\"https:\/\/www.pressenza.com\/wp-content\/uploads\/2023\/10\/ukraine-palestine-flags.jpg\",\"contentUrl\":\"https:\/\/www.pressenza.com\/wp-content\/uploads\/2023\/10\/ukraine-palestine-flags.jpg\",\"width\":820,\"height\":461},{\"@type\":\"BreadcrumbList\",\"@id\":\"https:\/\/www.pressenza.com\/fr\/2026\/04\/lukraine-et-gaza-des-situations-analogues-1ere-partie\/#breadcrumb\",\"itemListElement\":[{\"@type\":\"ListItem\",\"position\":1,\"name\":\"Accueil\",\"item\":\"https:\/\/www.pressenza.com\/fr\/\"},{\"@type\":\"ListItem\",\"position\":2,\"name\":\"L\u2019Ukraine et Gaza, des situations analogues ? 1\u00e8re partie\"}]},{\"@type\":\"WebSite\",\"@id\":\"https:\/\/www.pressenza.com\/fr\/#website\",\"url\":\"https:\/\/www.pressenza.com\/fr\/\",\"name\":\"Pressenza\",\"description\":\"International Press Agency\",\"publisher\":{\"@id\":\"https:\/\/www.pressenza.com\/fr\/#organization\"},\"potentialAction\":[{\"@type\":\"SearchAction\",\"target\":{\"@type\":\"EntryPoint\",\"urlTemplate\":\"https:\/\/www.pressenza.com\/fr\/?s={search_term_string}\"},\"query-input\":{\"@type\":\"PropertyValueSpecification\",\"valueRequired\":true,\"valueName\":\"search_term_string\"}}],\"inLanguage\":\"fr-FR\"},{\"@type\":\"Organization\",\"@id\":\"https:\/\/www.pressenza.com\/fr\/#organization\",\"name\":\"Pressenza\",\"url\":\"https:\/\/www.pressenza.com\/fr\/\",\"logo\":{\"@type\":\"ImageObject\",\"inLanguage\":\"fr-FR\",\"@id\":\"https:\/\/www.pressenza.com\/fr\/#\/schema\/logo\/image\/\",\"url\":\"https:\/\/www.pressenza.com\/wp-content\/uploads\/2022\/10\/pressenza_logo_200x200.jpg\",\"contentUrl\":\"https:\/\/www.pressenza.com\/wp-content\/uploads\/2022\/10\/pressenza_logo_200x200.jpg\",\"width\":200,\"height\":200,\"caption\":\"Pressenza\"},\"image\":{\"@id\":\"https:\/\/www.pressenza.com\/fr\/#\/schema\/logo\/image\/\"},\"sameAs\":[\"https:\/\/www.facebook.com\/PressenzaItalia\",\"https:\/\/x.com\/PressenzaIPA\"]},{\"@type\":\"Person\",\"@id\":\"https:\/\/www.pressenza.com\/fr\/#\/schema\/person\/d4977f879c6055a07b3def3ad817bbe3\",\"name\":\"Samir Saul - Michel Seymour\",\"description\":\"Samir Saul holds a doctorat d\u2019\u00c9tat in history (Paris) and is a professor of international history at the Universit\u00e9 de Montr\u00e9al. His latest book is entitled Imperialism, As Rampant Today as in the Past (2025). He is also the author of L'Imp\u00e9rialisme, pass\u00e9 et pr\u00e9sent. Un essai (2023); Int\u00e9r\u00eats \u00e9conomiques fran\u00e7ais et d\u00e9colonisation de l'Afrique du Nord (1945-1962) (2016); La France et l'\u00c9gypte de 1882 \u00e0 1914. Int\u00e9r\u00eats \u00e9conomiques et implications politiques (1997). He is also co-editor of M\u00e9diterran\u00e9e, Moyen-Orient : deux si\u00e8cles de relations internationales (2003). He recently published with Michel Seymour Le conflit mondial au XXIe si\u00e8cle (2025). Email: samir.saul@umontreal.ca _______________________________________________________________________________________________________________ Michel Seymour is honorary professor in the Department of Philosophy at the Universit\u00e9 de Montr\u00e9al, where he taught from 1990 to 2019. He is the author of a dozen monographs, including A Liberal Theory of Collective Rights, 2017; La nation pluraliste, co-authored with J\u00e9r\u00f4me Gosselin-Tapp, for which the authors won the Canadian Philosophical Association Prize; De la tol\u00e9rance \u00e0 la reconnaissance, 2008, for which he won the Jean-Charles Falardeau Prize of the Canadian Federation for the Humanities and Social Sciences. He also won the Richard Ar\u00e8s prize from Action nationale magazine for Le pari de la d\u00e9mesure, published in 2001. He recently published with Samir Saul Le conflit mondial au XXIe si\u00e8cle (2025). Email : seymour@videotron.ca web site: michelseymour.org\",\"sameAs\":[\"http:\/\/michelseymour.org\"],\"url\":\"https:\/\/www.pressenza.com\/fr\/author\/samir-saul-michel-seymour\/\"}]}<\/script>\n<!-- \/ Yoast SEO plugin. -->","yoast_head_json":{"title":"L\u2019Ukraine et Gaza, des situations analogues ? 1\u00e8re partie","description":"Selon une opinion courante, on aurait en Ukraine et \u00e0 Gaza deux interventions militaires comparables. On aurait affaire \u00e0 deux guerres, prenant la forme","robots":{"index":"index","follow":"follow","max-snippet":"max-snippet:-1","max-image-preview":"max-image-preview:large","max-video-preview":"max-video-preview:-1"},"canonical":"https:\/\/www.pressenza.com\/fr\/2026\/04\/lukraine-et-gaza-des-situations-analogues-1ere-partie\/","og_locale":"fr_FR","og_type":"article","og_title":"L\u2019Ukraine et Gaza, des situations analogues ? 1\u00e8re partie","og_description":"Selon une opinion courante, on aurait en Ukraine et \u00e0 Gaza deux interventions militaires comparables. On aurait affaire \u00e0 deux guerres, prenant la forme","og_url":"https:\/\/www.pressenza.com\/fr\/2026\/04\/lukraine-et-gaza-des-situations-analogues-1ere-partie\/","og_site_name":"Pressenza","article_publisher":"https:\/\/www.facebook.com\/PressenzaItalia","article_published_time":"2026-04-28T23:38:06+00:00","article_modified_time":"2026-04-28T23:47:03+00:00","og_image":[{"width":820,"height":461,"url":"https:\/\/www.pressenza.com\/wp-content\/uploads\/2023\/10\/ukraine-palestine-flags.jpg","type":"image\/jpeg"}],"author":"Samir Saul - Michel Seymour","twitter_card":"summary_large_image","twitter_creator":"@PressenzaIPA","twitter_site":"@PressenzaIPA","twitter_misc":{"\u00c9crit par":"Samir Saul - Michel Seymour","Dur\u00e9e de lecture estim\u00e9e":"11 minutes"},"schema":{"@context":"https:\/\/schema.org","@graph":[{"@type":"Article","@id":"https:\/\/www.pressenza.com\/fr\/2026\/04\/lukraine-et-gaza-des-situations-analogues-1ere-partie\/#article","isPartOf":{"@id":"https:\/\/www.pressenza.com\/fr\/2026\/04\/lukraine-et-gaza-des-situations-analogues-1ere-partie\/"},"author":{"name":"Samir Saul - Michel Seymour","@id":"https:\/\/www.pressenza.com\/fr\/#\/schema\/person\/d4977f879c6055a07b3def3ad817bbe3"},"headline":"L\u2019Ukraine et Gaza, des situations analogues ? 1\u00e8re partie","datePublished":"2026-04-28T23:38:06+00:00","dateModified":"2026-04-28T23:47:03+00:00","mainEntityOfPage":{"@id":"https:\/\/www.pressenza.com\/fr\/2026\/04\/lukraine-et-gaza-des-situations-analogues-1ere-partie\/"},"wordCount":2445,"publisher":{"@id":"https:\/\/www.pressenza.com\/fr\/#organization"},"image":{"@id":"https:\/\/www.pressenza.com\/fr\/2026\/04\/lukraine-et-gaza-des-situations-analogues-1ere-partie\/#primaryimage"},"thumbnailUrl":"https:\/\/www.pressenza.com\/wp-content\/uploads\/2023\/10\/ukraine-palestine-flags.jpg","keywords":["Cpi","crimes de guerre","droit international","Gaza","g\u00e9opolitique","Isra\u00ebl","Palestine","Russie","Ukraine"],"articleSection":["Asie","Contenu Original","Paix et D\u00e9sarmement","Politique","Proche et Moyen-Orient","Relations internationales"],"inLanguage":"fr-FR"},{"@type":"WebPage","@id":"https:\/\/www.pressenza.com\/fr\/2026\/04\/lukraine-et-gaza-des-situations-analogues-1ere-partie\/","url":"https:\/\/www.pressenza.com\/fr\/2026\/04\/lukraine-et-gaza-des-situations-analogues-1ere-partie\/","name":"L\u2019Ukraine et Gaza, des situations analogues ? 1\u00e8re partie","isPartOf":{"@id":"https:\/\/www.pressenza.com\/fr\/#website"},"primaryImageOfPage":{"@id":"https:\/\/www.pressenza.com\/fr\/2026\/04\/lukraine-et-gaza-des-situations-analogues-1ere-partie\/#primaryimage"},"image":{"@id":"https:\/\/www.pressenza.com\/fr\/2026\/04\/lukraine-et-gaza-des-situations-analogues-1ere-partie\/#primaryimage"},"thumbnailUrl":"https:\/\/www.pressenza.com\/wp-content\/uploads\/2023\/10\/ukraine-palestine-flags.jpg","datePublished":"2026-04-28T23:38:06+00:00","dateModified":"2026-04-28T23:47:03+00:00","description":"Selon une opinion courante, on aurait en Ukraine et \u00e0 Gaza deux interventions militaires comparables. On aurait affaire \u00e0 deux guerres, prenant la forme","breadcrumb":{"@id":"https:\/\/www.pressenza.com\/fr\/2026\/04\/lukraine-et-gaza-des-situations-analogues-1ere-partie\/#breadcrumb"},"inLanguage":"fr-FR","potentialAction":[{"@type":"ReadAction","target":["https:\/\/www.pressenza.com\/fr\/2026\/04\/lukraine-et-gaza-des-situations-analogues-1ere-partie\/"]}]},{"@type":"ImageObject","inLanguage":"fr-FR","@id":"https:\/\/www.pressenza.com\/fr\/2026\/04\/lukraine-et-gaza-des-situations-analogues-1ere-partie\/#primaryimage","url":"https:\/\/www.pressenza.com\/wp-content\/uploads\/2023\/10\/ukraine-palestine-flags.jpg","contentUrl":"https:\/\/www.pressenza.com\/wp-content\/uploads\/2023\/10\/ukraine-palestine-flags.jpg","width":820,"height":461},{"@type":"BreadcrumbList","@id":"https:\/\/www.pressenza.com\/fr\/2026\/04\/lukraine-et-gaza-des-situations-analogues-1ere-partie\/#breadcrumb","itemListElement":[{"@type":"ListItem","position":1,"name":"Accueil","item":"https:\/\/www.pressenza.com\/fr\/"},{"@type":"ListItem","position":2,"name":"L\u2019Ukraine et Gaza, des situations analogues ? 1\u00e8re partie"}]},{"@type":"WebSite","@id":"https:\/\/www.pressenza.com\/fr\/#website","url":"https:\/\/www.pressenza.com\/fr\/","name":"Pressenza","description":"International Press Agency","publisher":{"@id":"https:\/\/www.pressenza.com\/fr\/#organization"},"potentialAction":[{"@type":"SearchAction","target":{"@type":"EntryPoint","urlTemplate":"https:\/\/www.pressenza.com\/fr\/?s={search_term_string}"},"query-input":{"@type":"PropertyValueSpecification","valueRequired":true,"valueName":"search_term_string"}}],"inLanguage":"fr-FR"},{"@type":"Organization","@id":"https:\/\/www.pressenza.com\/fr\/#organization","name":"Pressenza","url":"https:\/\/www.pressenza.com\/fr\/","logo":{"@type":"ImageObject","inLanguage":"fr-FR","@id":"https:\/\/www.pressenza.com\/fr\/#\/schema\/logo\/image\/","url":"https:\/\/www.pressenza.com\/wp-content\/uploads\/2022\/10\/pressenza_logo_200x200.jpg","contentUrl":"https:\/\/www.pressenza.com\/wp-content\/uploads\/2022\/10\/pressenza_logo_200x200.jpg","width":200,"height":200,"caption":"Pressenza"},"image":{"@id":"https:\/\/www.pressenza.com\/fr\/#\/schema\/logo\/image\/"},"sameAs":["https:\/\/www.facebook.com\/PressenzaItalia","https:\/\/x.com\/PressenzaIPA"]},{"@type":"Person","@id":"https:\/\/www.pressenza.com\/fr\/#\/schema\/person\/d4977f879c6055a07b3def3ad817bbe3","name":"Samir Saul - Michel Seymour","description":"Samir Saul holds a doctorat d\u2019\u00c9tat in history (Paris) and is a professor of international history at the Universit\u00e9 de Montr\u00e9al. His latest book is entitled Imperialism, As Rampant Today as in the Past (2025). He is also the author of L'Imp\u00e9rialisme, pass\u00e9 et pr\u00e9sent. Un essai (2023); Int\u00e9r\u00eats \u00e9conomiques fran\u00e7ais et d\u00e9colonisation de l'Afrique du Nord (1945-1962) (2016); La France et l'\u00c9gypte de 1882 \u00e0 1914. Int\u00e9r\u00eats \u00e9conomiques et implications politiques (1997). He is also co-editor of M\u00e9diterran\u00e9e, Moyen-Orient : deux si\u00e8cles de relations internationales (2003). He recently published with Michel Seymour Le conflit mondial au XXIe si\u00e8cle (2025). Email: samir.saul@umontreal.ca _______________________________________________________________________________________________________________ Michel Seymour is honorary professor in the Department of Philosophy at the Universit\u00e9 de Montr\u00e9al, where he taught from 1990 to 2019. He is the author of a dozen monographs, including A Liberal Theory of Collective Rights, 2017; La nation pluraliste, co-authored with J\u00e9r\u00f4me Gosselin-Tapp, for which the authors won the Canadian Philosophical Association Prize; De la tol\u00e9rance \u00e0 la reconnaissance, 2008, for which he won the Jean-Charles Falardeau Prize of the Canadian Federation for the Humanities and Social Sciences. He also won the Richard Ar\u00e8s prize from Action nationale magazine for Le pari de la d\u00e9mesure, published in 2001. He recently published with Samir Saul Le conflit mondial au XXIe si\u00e8cle (2025). Email : seymour@videotron.ca web site: michelseymour.org","sameAs":["http:\/\/michelseymour.org"],"url":"https:\/\/www.pressenza.com\/fr\/author\/samir-saul-michel-seymour\/"}]}},"place":"Montr\u00e9al, Canada","original_article_url":"","_links":{"self":[{"href":"https:\/\/www.pressenza.com\/fr\/wp-json\/wp\/v2\/posts\/2696022","targetHints":{"allow":["GET"]}}],"collection":[{"href":"https:\/\/www.pressenza.com\/fr\/wp-json\/wp\/v2\/posts"}],"about":[{"href":"https:\/\/www.pressenza.com\/fr\/wp-json\/wp\/v2\/types\/post"}],"author":[{"embeddable":true,"href":"https:\/\/www.pressenza.com\/fr\/wp-json\/wp\/v2\/users\/2275"}],"replies":[{"embeddable":true,"href":"https:\/\/www.pressenza.com\/fr\/wp-json\/wp\/v2\/comments?post=2696022"}],"version-history":[{"count":6,"href":"https:\/\/www.pressenza.com\/fr\/wp-json\/wp\/v2\/posts\/2696022\/revisions"}],"predecessor-version":[{"id":2696372,"href":"https:\/\/www.pressenza.com\/fr\/wp-json\/wp\/v2\/posts\/2696022\/revisions\/2696372"}],"wp:featuredmedia":[{"embeddable":true,"href":"https:\/\/www.pressenza.com\/fr\/wp-json\/wp\/v2\/media\/1776520"}],"wp:attachment":[{"href":"https:\/\/www.pressenza.com\/fr\/wp-json\/wp\/v2\/media?parent=2696022"}],"wp:term":[{"taxonomy":"category","embeddable":true,"href":"https:\/\/www.pressenza.com\/fr\/wp-json\/wp\/v2\/categories?post=2696022"},{"taxonomy":"post_tag","embeddable":true,"href":"https:\/\/www.pressenza.com\/fr\/wp-json\/wp\/v2\/tags?post=2696022"}],"curies":[{"name":"wp","href":"https:\/\/api.w.org\/{rel}","templated":true}]}}