{"id":2696003,"date":"2026-04-27T20:00:34","date_gmt":"2026-04-27T19:00:34","guid":{"rendered":"https:\/\/www.pressenza.com\/?p=2696003"},"modified":"2026-04-27T20:03:11","modified_gmt":"2026-04-27T19:03:11","slug":"la-lutte-des-anciennes-colonies-africaines-pour-lindependance-a-grandement-contribue-a-la-democratisation-et-au-developpement-du-portugal","status":"publish","type":"post","link":"https:\/\/www.pressenza.com\/fr\/2026\/04\/la-lutte-des-anciennes-colonies-africaines-pour-lindependance-a-grandement-contribue-a-la-democratisation-et-au-developpement-du-portugal\/","title":{"rendered":"La lutte des anciennes colonies africaines pour l&rsquo;ind\u00e9pendance a grandement contribu\u00e9 \u00e0 la d\u00e9mocratisation et au d\u00e9veloppement du Portugal"},"content":{"rendered":"<p><i>C\u00e9l\u00e9bration du 25 avril 1974 et de la R\u00e9volution des \u0153illets de 1974-1975 au Portugal<\/i><\/p>\n<p style=\"text-align: left;\"><b>Remarques pr\u00e9liminaires<\/b><\/p>\n<p>Cet article a \u00e9t\u00e9 r\u00e9dig\u00e9 en avril 2026 par un Portugais et dans une perspective portugaise.<\/p>\n<p>L&rsquo;occasion est de comm\u00e9morer le 25 avril 1974 et la R\u00e9volution des \u0153illets qui a suivi, en rappelant ce que cela a repr\u00e9sent\u00e9 et repr\u00e9sente encore pour le Portugal. Mais aussi pour comm\u00e9morer les 50 ans de l&rsquo;ind\u00e9pendance m\u00e9rit\u00e9e des anciennes colonies portugaises en Afrique, c\u00e9l\u00e9br\u00e9s l&rsquo;ann\u00e9e derni\u00e8re.<\/p>\n<p>Il semble plus logique de commencer par se demander : \u00ab Quelle a \u00e9t\u00e9 la contribution du Portugal, en tant que puissance coloniale, \u00e0 la d\u00e9mocratisation et au d\u00e9veloppement de ses colonies africaines ? \u00bb<\/p>\n<p>Mais la r\u00e9ponse \u00e0 cette question serait assez rapide, quoique tr\u00e8s longue, car le Portugal n&rsquo;a pratiquement rien fait en la mati\u00e8re, bien au contraire. Quelques exemples :<\/p>\n<ul>\n<li>Durant la p\u00e9riode coloniale, l&rsquo;immense majorit\u00e9 des Angolais, Mozambicains, etc., n&rsquo;avaient pas droit \u00e0 la nationalit\u00e9 portugaise (pour des raisons ethniques, sociales ou par manque d&rsquo;instruction) et \u00e9taient donc priv\u00e9s du droit de vote et d&rsquo;\u00e9ligibilit\u00e9.<\/li>\n<li>Le Portugal a toujours boycott\u00e9 la cr\u00e9ation d&rsquo;universit\u00e9s dans ses colonies. La premi\u00e8re et unique universit\u00e9 d&rsquo;\u00c9tat n&rsquo;a \u00e9t\u00e9 fond\u00e9e qu&rsquo;en 1962 sous le nom d&rsquo;\u00ab Universit\u00e9 de Luanda \u00bb, un an apr\u00e8s le d\u00e9but de la lutte de lib\u00e9ration contre le Portugal, et \u00e9tait r\u00e9serv\u00e9e \u00e0 une \u00e9lite coloniale.<\/li>\n<li>Le Portugal, par exemple, a toujours interdit la culture de la vigne dans ses colonies, afin qu&rsquo;elles ne deviennent qu&rsquo;un d\u00e9bouch\u00e9 pour les vins portugais, sans aucune concurrence.<\/li>\n<li>Le taux d&rsquo;alphab\u00e9tisation de la population noire angolaise \u00e9tait d&rsquo;environ 10 % avant la guerre coloniale et d&rsquo;environ 20 % apr\u00e8s. Les chiffres pour le Portugal n&rsquo;\u00e9taient gu\u00e8re plus brillants, mais avoisinaient tout de m\u00eame les 60 %. La plupart des Angolais n&rsquo;avaient acc\u00e8s \u00e0 aucun syst\u00e8me scolaire formel.<\/li>\n<\/ul>\n<blockquote><p>\u00ab <i>Si le Portugal \u00e9tait gouvern\u00e9 par un r\u00e9gime d\u00e9sireux de b\u00e2tir l\u2019avenir et la prosp\u00e9rit\u00e9 du peuple portugais, et aussi du n\u00f4tre, sur un pied d\u2019\u00e9galit\u00e9, c\u2019est-\u00e0-dire dans une \u00e9galit\u00e9 absolue \u2013 c\u2019est-\u00e0-dire o\u00f9, par exemple, le pr\u00e9sident de la R\u00e9publique pourrait \u00eatre originaire de Guin\u00e9e ou du Cap-Vert, et o\u00f9 il en serait de m\u00eame pour toutes les autres fonctions \u00e9tatiques \u2013, alors nous n\u2019aurions pas besoin de lutter pour l\u2019ind\u00e9pendance. En r\u00e9alit\u00e9, nous serions tous d\u00e9j\u00e0 ind\u00e9pendants, et ce, dans un cadre humain bien plus large et peut-\u00eatre plus efficace, d\u2019un point de vue historique. \u00bb<\/i><\/p>\n<p>(Am\u00edlcar Cabral, h\u00e9ros de la guerre de lib\u00e9ration de la Guin\u00e9e-Bissau et du Cap-Vert et grand homme politique africain).<\/p><\/blockquote>\n<p><b>Les luttes anticoloniales, principaux catalyseurs de la chute du fascisme au Portugal<\/b><\/p>\n<p>La premi\u00e8re et la plus importante contribution \u00e0 la d\u00e9mocratisation du Portugal furent les guerres anticoloniales men\u00e9es par l&rsquo;Angola (la premi\u00e8re \u00e0 d\u00e9buter, en 1961), le Mozambique et la Guin\u00e9e-Bissau contre la m\u00e9tropole europ\u00e9enne !<\/p>\n<p>La cr\u00e9ation du MFA (Mouvement des Forces arm\u00e9es, \u00e0 l&rsquo;origine du coup d&rsquo;\u00c9tat qui mit fin au r\u00e9gime fasciste au Portugal le 25 avril 1974), qui exer\u00e7a le pouvoir politique et militaire pendant les deux premi\u00e8res ann\u00e9es suivant ce coup d&rsquo;\u00c9tat, constitua la premi\u00e8re \u00e9tape d\u00e9cisive, tant pour l&rsquo;octroi ult\u00e9rieur de l&rsquo;ind\u00e9pendance aux colonies que pour le r\u00e9tablissement de la libert\u00e9 et l&rsquo;ouverture de la voie \u00e0 la d\u00e9mocratisation du Portugal lui-m\u00eame (\u00e9lections de l&rsquo;Assembl\u00e9e constituante en 1975 et de l&rsquo;Assembl\u00e9e nationale en 1976).<\/p>\n<p>Le Mouvement des Forces arm\u00e9es (MFA) avait d\u00e9j\u00e0 \u00e9t\u00e9 politis\u00e9, que ce soit par les guerres coloniales elles-m\u00eames, la r\u00e9volte \u00e9tudiante au sein de la soci\u00e9t\u00e9 portugaise, les mouvements politiques d&rsquo;opposition au r\u00e9gime et, surtout, l&rsquo;impopularit\u00e9 de ces guerres aupr\u00e8s du public portugais.<\/p>\n<p>C&rsquo;est la R\u00e9volution des \u0152illets (d&rsquo;avril 1974 \u00e0 novembre 1975) qui a radicalis\u00e9 davantage le MFA, et non l&rsquo;inverse ! Avant cette radicalisation, l&rsquo;ind\u00e9pendance des colonies (obtenue seulement en 1975) n&rsquo;\u00e9tait pas encore acquise !<\/p>\n<p>La R\u00e9volution des \u0152illets \u00e9tait un mouvement populaire qui a touch\u00e9 la quasi-totalit\u00e9 de la soci\u00e9t\u00e9 portugaise et qui s&rsquo;est d\u00e9velopp\u00e9 en r\u00e9action \u00e0 un besoin urgent, face aux graves probl\u00e8mes auxquels \u00e9taient confront\u00e9s l&rsquo;\u00e9conomie et la soci\u00e9t\u00e9 portugaises \u00e0 cette \u00e9poque : la pauvret\u00e9 de la population (h\u00e9ritage du fascisme), la fuite des capitaux et de nombreux capitalistes et propri\u00e9taires terriens compromis avec l&rsquo;ancien r\u00e9gime fasciste, le manque de moyens pour r\u00e9soudre les nombreux probl\u00e8mes en suspens (manque d&#8217;emplois, manque d&rsquo;entrepreneurs et de capitaux, manque d&rsquo;enseignants dans les \u00e9coles, manque de politiciens exp\u00e9riment\u00e9s et dignes de confiance, etc.).<\/p>\n<p><b>L&rsquo;ind\u00e9pendance des colonies portugaises d&rsquo;Afrique s&rsquo;est d\u00e9roul\u00e9e dans un contexte international tr\u00e8s d\u00e9favorable<\/b><\/p>\n<p>La \u00ab Guerre froide \u00bb (1947-1991), aux niveaux europ\u00e9en et mondial, battait alors son plein. Le Portugal fasciste b\u00e9n\u00e9ficiait du soutien militaire et politique des pays de l&rsquo;OTAN (Allemagne, France, \u00c9tats-Unis) dans ses guerres contre l&rsquo;ind\u00e9pendance des colonies, lesquelles \u00e9taient elles-m\u00eames principalement soutenues par l&rsquo;Union sovi\u00e9tique et les pays socialistes dans leur lutte contre le Portugal.<\/p>\n<p>L&rsquo;Angola et le Mozambique \u00e9taient divis\u00e9s, cons\u00e9quence de l&rsquo;\u00e9mergence de plusieurs mouvements de lib\u00e9ration (dont certains, toutefois, ne b\u00e9n\u00e9ficiaient pas d&rsquo;un large soutien populaire), soutenus par diff\u00e9rentes puissances internationales aux int\u00e9r\u00eats divergents (Union sovi\u00e9tique, \u00c9tats-Unis, Afrique du Sud, Chine).<\/p>\n<p>C\u2019est pour cette raison que, peu apr\u00e8s l\u2019ind\u00e9pendance (obtenue en 1975, ou en 1973 pour la Guin\u00e9e-Bissau), des guerres civiles ont \u00e9clat\u00e9 en Angola et au Mozambique entre les diff\u00e9rents mouvements de lib\u00e9ration, dans une lutte acharn\u00e9e pour le contr\u00f4le de ces nouveaux pays \u2013 des guerres encore plus violentes que la guerre anticoloniale contre le Portugal elle-m\u00eame !<\/p>\n<p>De plus, le Portugal \u00e9tait alors tr\u00e8s pr\u00e9occup\u00e9 par sa propre lib\u00e9ration politique, sociale et \u00e9conomique (la R\u00e9volution des \u0152illets), ce qui rendait difficile, voire impossible, une transition pacifique et planifi\u00e9e des colonies vers l\u2019ind\u00e9pendance. Finalement, le Portugal a choisi de \u00ab se d\u00e9barrasser rapidement de ce chaos \u00bb\u2026<\/p>\n<p>En 1975, le Portugal (alors dirig\u00e9 par le Parti socialiste) chercha \u00e0 emp\u00eacher la double nationalit\u00e9 pour les citoyens africains lors de l&rsquo;ind\u00e9pendance. Cette mesure contraignit les populations des colonies \u00e0 prendre une d\u00e9cision parfois pr\u00e9cipit\u00e9e\u2026 et beaucoup pr\u00e9f\u00e9r\u00e8rent conserver leur statut d&rsquo;Europ\u00e9ens privil\u00e9gi\u00e9s, ou craignirent simplement des repr\u00e9sailles, et d\u00e9cid\u00e8rent de quitter les colonies \u00e0 la h\u00e2te : c&rsquo;est ainsi que naquirent les \u00ab Retornados \u00bb (Rapatri\u00e9s) !<\/p>\n<p><b>Le r\u00f4le des \u00ab rapatri\u00e9s \u00bb<\/b><\/p>\n<p>Les \u00ab rapatri\u00e9s \u00bb, environ 700 000 personnes (principalement des Blancs ou des Noirs assimil\u00e9s) ayant \u00e9migr\u00e9 d\u2019Afrique vers le Portugal tout au long de l\u2019ann\u00e9e 1975, ont constitu\u00e9 une v\u00e9ritable \u00ab transfusion sanguine \u00bb qui a acc\u00e9l\u00e9r\u00e9 la d\u00e9mocratisation et le d\u00e9veloppement du Portugal \u2013 mais, une fois de plus, au d\u00e9triment des anciennes colonies (ils repr\u00e9sentaient en quelque sorte le \u00ab dernier acte colonial \u00bb).<\/p>\n<p>Parmi ces rapatri\u00e9s figuraient de nombreux professionnels qualifi\u00e9s et exp\u00e9riment\u00e9s, dont le Portugal avait un besoin urgent \u00e0 l\u2019\u00e9poque; par exemple:<\/p>\n<ul>\n<li>Enseignants (le Portugal connaissait lui-m\u00eame une grave p\u00e9nurie d&rsquo;enseignants), fonctionnaires et diplomates ;<\/li>\n<li>Professionnels qualifi\u00e9s tels que m\u00e9decins ou ouvriers sp\u00e9cialis\u00e9s ;<\/li>\n<li>Nombre de ces rapatri\u00e9s \u00e9taient des entrepreneurs africains qui avaient ensuite cr\u00e9\u00e9 des entreprises au Portugal et embauch\u00e9 du personnel, compensant ainsi en partie le d\u00e9part de nombreux entrepreneurs locaux pour des raisons politiques.<\/li>\n<\/ul>\n<p>N\u2019oublions toutefois pas que la disparition d\u2019une grande partie de leur main-d\u2019\u0153uvre au moment de l\u2019ind\u00e9pendance a constitu\u00e9 un coup dur pour les conditions \u00e9conomiques et sociales des anciennes colonies, et a \u00e9galement entrav\u00e9, par la suite, un rapprochement et une coop\u00e9ration plus \u00e9troits avec le Portugal.<\/p>\n<hr \/>\n<p><em><i>Cet article s\u2019appuie sur une conf\u00e9rence que l&rsquo;auteur a donn\u00e9e lors d\u2019un colloque en novembre 2024, \u00e0 l\u2019invitation de la DASP (Deutsche Gesellschaft f\u00fcr afrikanische Staaten portugiesischer Sprache, Soci\u00e9t\u00e9 allemande pour les \u00c9tats africains de langue portugaise).<\/i><\/em><\/p>\n<hr \/>\n<p><a href=\"https:\/\/www.pressenza.com\/fr\/tag\/revolution-des-oeillets\/\"><strong>Vous pouvez lire ici d&rsquo;autres articles sur la R\u00e9volution des \u0152illets (1974-1975) publi\u00e9s \u00e0 ce jour en portugais sur PRESSENZA !<\/strong><\/a><\/p>\n<p>&nbsp;<\/p>\n<p><em>Traduction : Evelyn Tischer<\/em><\/p>\n","protected":false},"excerpt":{"rendered":"<p>C\u00e9l\u00e9bration du 25 avril 1974 et de la R\u00e9volution des \u0153illets de 1974-1975 au Portugal Remarques pr\u00e9liminaires Cet article a \u00e9t\u00e9 r\u00e9dig\u00e9 en avril 2026 par un Portugais et dans une perspective portugaise. L&rsquo;occasion est de comm\u00e9morer le 25 avril&hellip;<\/p>\n","protected":false},"author":2222,"featured_media":2696004,"comment_status":"closed","ping_status":"closed","sticky":false,"template":"","format":"standard","meta":{"footnotes":""},"categories":[83,11386,85,40,95],"tags":[10085,121719,86721,131501,103054,156006,22198,97684,4042,121393,156007,3793,3813,121388,156008],"class_list":["post-2696003","post","type-post","status-publish","format-standard","has-post-thumbnail","hentry","category-africa-fr","category-contenu-original","category-europe-fr","category-international-fr","category-affaires-etrangeres","tag-25-avril","tag-50-ans-apres","tag-angola-fr","tag-anticolonialisme","tag-cap-vert","tag-colonies-portugaises","tag-europe","tag-guinee-bissau","tag-independance","tag-mfa-fr","tag-mouvement-des-forces-armees","tag-mozambique","tag-portugal-fr","tag-revolution-des-oeillets","tag-vive-la-revolution-des-oeillets"],"yoast_head":"<!-- This site is optimized with the Yoast SEO plugin v27.1.1 - https:\/\/yoast.com\/product\/yoast-seo-wordpress\/ -->\n<title>La lutte des anciennes colonies africaines pour l&#039;ind\u00e9pendance a grandement contribu\u00e9 \u00e0 la d\u00e9mocratisation et au d\u00e9veloppement du Portugal<\/title>\n<meta name=\"description\" content=\"C\u00e9l\u00e9bration du 25 avril 1974 et de la R\u00e9volution des \u0153illets de 1974-1975 au Portugal Remarques pr\u00e9liminaires Cet article a \u00e9t\u00e9 r\u00e9dig\u00e9 en avril 2026 par\" \/>\n<meta name=\"robots\" content=\"index, follow, max-snippet:-1, max-image-preview:large, max-video-preview:-1\" \/>\n<link rel=\"canonical\" href=\"https:\/\/www.pressenza.com\/fr\/2026\/04\/la-lutte-des-anciennes-colonies-africaines-pour-lindependance-a-grandement-contribue-a-la-democratisation-et-au-developpement-du-portugal\/\" \/>\n<meta property=\"og:locale\" content=\"fr_FR\" \/>\n<meta property=\"og:type\" content=\"article\" \/>\n<meta property=\"og:title\" content=\"La lutte des anciennes colonies africaines pour l&#039;ind\u00e9pendance a grandement contribu\u00e9 \u00e0 la d\u00e9mocratisation et au d\u00e9veloppement du Portugal\" \/>\n<meta property=\"og:description\" content=\"C\u00e9l\u00e9bration du 25 avril 1974 et de la R\u00e9volution des \u0153illets de 1974-1975 au Portugal Remarques pr\u00e9liminaires Cet article a \u00e9t\u00e9 r\u00e9dig\u00e9 en avril 2026 par\" \/>\n<meta property=\"og:url\" content=\"https:\/\/www.pressenza.com\/fr\/2026\/04\/la-lutte-des-anciennes-colonies-africaines-pour-lindependance-a-grandement-contribue-a-la-democratisation-et-au-developpement-du-portugal\/\" \/>\n<meta property=\"og:site_name\" content=\"Pressenza\" \/>\n<meta property=\"article:publisher\" content=\"https:\/\/www.facebook.com\/PressenzaItalia\" \/>\n<meta property=\"article:author\" content=\"https:\/\/www.facebook.com\/vasco.esteves.96\" \/>\n<meta property=\"article:published_time\" content=\"2026-04-27T19:00:34+00:00\" \/>\n<meta property=\"article:modified_time\" content=\"2026-04-27T19:03:11+00:00\" \/>\n<meta property=\"og:image\" content=\"https:\/\/www.pressenza.com\/wp-content\/uploads\/2026\/04\/Imagem-criada-por-IA-par-a-PRESSENZA-e1777037813988.jpg\" \/>\n\t<meta property=\"og:image:width\" content=\"800\" \/>\n\t<meta property=\"og:image:height\" content=\"625\" \/>\n\t<meta property=\"og:image:type\" content=\"image\/jpeg\" \/>\n<meta name=\"author\" content=\"Vasco Esteves\" \/>\n<meta name=\"twitter:card\" content=\"summary_large_image\" \/>\n<meta name=\"twitter:creator\" content=\"@PressenzaIPA\" \/>\n<meta name=\"twitter:site\" content=\"@PressenzaIPA\" \/>\n<meta name=\"twitter:label1\" content=\"\u00c9crit par\" \/>\n\t<meta name=\"twitter:data1\" content=\"Vasco Esteves\" \/>\n\t<meta name=\"twitter:label2\" content=\"Dur\u00e9e de lecture estim\u00e9e\" \/>\n\t<meta name=\"twitter:data2\" content=\"6 minutes\" \/>\n<script type=\"application\/ld+json\" class=\"yoast-schema-graph\">{\"@context\":\"https:\/\/schema.org\",\"@graph\":[{\"@type\":\"Article\",\"@id\":\"https:\/\/www.pressenza.com\/fr\/2026\/04\/la-lutte-des-anciennes-colonies-africaines-pour-lindependance-a-grandement-contribue-a-la-democratisation-et-au-developpement-du-portugal\/#article\",\"isPartOf\":{\"@id\":\"https:\/\/www.pressenza.com\/fr\/2026\/04\/la-lutte-des-anciennes-colonies-africaines-pour-lindependance-a-grandement-contribue-a-la-democratisation-et-au-developpement-du-portugal\/\"},\"author\":{\"name\":\"Vasco Esteves\",\"@id\":\"https:\/\/www.pressenza.com\/fr\/#\/schema\/person\/a492f3ee7870e6ceaf3743f5b06fee87\"},\"headline\":\"La lutte des anciennes colonies africaines pour l&rsquo;ind\u00e9pendance a grandement contribu\u00e9 \u00e0 la d\u00e9mocratisation et au d\u00e9veloppement du Portugal\",\"datePublished\":\"2026-04-27T19:00:34+00:00\",\"dateModified\":\"2026-04-27T19:03:11+00:00\",\"mainEntityOfPage\":{\"@id\":\"https:\/\/www.pressenza.com\/fr\/2026\/04\/la-lutte-des-anciennes-colonies-africaines-pour-lindependance-a-grandement-contribue-a-la-democratisation-et-au-developpement-du-portugal\/\"},\"wordCount\":1483,\"publisher\":{\"@id\":\"https:\/\/www.pressenza.com\/fr\/#organization\"},\"image\":{\"@id\":\"https:\/\/www.pressenza.com\/fr\/2026\/04\/la-lutte-des-anciennes-colonies-africaines-pour-lindependance-a-grandement-contribue-a-la-democratisation-et-au-developpement-du-portugal\/#primaryimage\"},\"thumbnailUrl\":\"https:\/\/www.pressenza.com\/wp-content\/uploads\/2026\/04\/Imagem-criada-por-IA-par-a-PRESSENZA-e1777037813988.jpg\",\"keywords\":[\"25 avril\",\"50 ans apr\u00e8s\",\"Angola\",\"anticolonialisme\",\"Cap-Vert\",\"colonies portugaises\",\"Europe\",\"Guin\u00e9e-Bissau\",\"ind\u00e9pendance\",\"MFA\",\"Mouvement des Forces arm\u00e9es\",\"Mozambique\",\"Portugal\",\"R\u00e9volution des \u0152illets\",\"Vive la R\u00e9volution des \u0152illets\"],\"articleSection\":[\"Afrique\",\"Contenu Original\",\"Europe\",\"International\",\"Relations internationales\"],\"inLanguage\":\"fr-FR\"},{\"@type\":\"WebPage\",\"@id\":\"https:\/\/www.pressenza.com\/fr\/2026\/04\/la-lutte-des-anciennes-colonies-africaines-pour-lindependance-a-grandement-contribue-a-la-democratisation-et-au-developpement-du-portugal\/\",\"url\":\"https:\/\/www.pressenza.com\/fr\/2026\/04\/la-lutte-des-anciennes-colonies-africaines-pour-lindependance-a-grandement-contribue-a-la-democratisation-et-au-developpement-du-portugal\/\",\"name\":\"La lutte des anciennes colonies africaines pour l'ind\u00e9pendance a grandement contribu\u00e9 \u00e0 la d\u00e9mocratisation et au d\u00e9veloppement du Portugal\",\"isPartOf\":{\"@id\":\"https:\/\/www.pressenza.com\/fr\/#website\"},\"primaryImageOfPage\":{\"@id\":\"https:\/\/www.pressenza.com\/fr\/2026\/04\/la-lutte-des-anciennes-colonies-africaines-pour-lindependance-a-grandement-contribue-a-la-democratisation-et-au-developpement-du-portugal\/#primaryimage\"},\"image\":{\"@id\":\"https:\/\/www.pressenza.com\/fr\/2026\/04\/la-lutte-des-anciennes-colonies-africaines-pour-lindependance-a-grandement-contribue-a-la-democratisation-et-au-developpement-du-portugal\/#primaryimage\"},\"thumbnailUrl\":\"https:\/\/www.pressenza.com\/wp-content\/uploads\/2026\/04\/Imagem-criada-por-IA-par-a-PRESSENZA-e1777037813988.jpg\",\"datePublished\":\"2026-04-27T19:00:34+00:00\",\"dateModified\":\"2026-04-27T19:03:11+00:00\",\"description\":\"C\u00e9l\u00e9bration du 25 avril 1974 et de la R\u00e9volution des \u0153illets de 1974-1975 au Portugal Remarques pr\u00e9liminaires Cet article a \u00e9t\u00e9 r\u00e9dig\u00e9 en avril 2026 par\",\"breadcrumb\":{\"@id\":\"https:\/\/www.pressenza.com\/fr\/2026\/04\/la-lutte-des-anciennes-colonies-africaines-pour-lindependance-a-grandement-contribue-a-la-democratisation-et-au-developpement-du-portugal\/#breadcrumb\"},\"inLanguage\":\"fr-FR\",\"potentialAction\":[{\"@type\":\"ReadAction\",\"target\":[\"https:\/\/www.pressenza.com\/fr\/2026\/04\/la-lutte-des-anciennes-colonies-africaines-pour-lindependance-a-grandement-contribue-a-la-democratisation-et-au-developpement-du-portugal\/\"]}]},{\"@type\":\"ImageObject\",\"inLanguage\":\"fr-FR\",\"@id\":\"https:\/\/www.pressenza.com\/fr\/2026\/04\/la-lutte-des-anciennes-colonies-africaines-pour-lindependance-a-grandement-contribue-a-la-democratisation-et-au-developpement-du-portugal\/#primaryimage\",\"url\":\"https:\/\/www.pressenza.com\/wp-content\/uploads\/2026\/04\/Imagem-criada-por-IA-par-a-PRESSENZA-e1777037813988.jpg\",\"contentUrl\":\"https:\/\/www.pressenza.com\/wp-content\/uploads\/2026\/04\/Imagem-criada-por-IA-par-a-PRESSENZA-e1777037813988.jpg\",\"width\":800,\"height\":625},{\"@type\":\"BreadcrumbList\",\"@id\":\"https:\/\/www.pressenza.com\/fr\/2026\/04\/la-lutte-des-anciennes-colonies-africaines-pour-lindependance-a-grandement-contribue-a-la-democratisation-et-au-developpement-du-portugal\/#breadcrumb\",\"itemListElement\":[{\"@type\":\"ListItem\",\"position\":1,\"name\":\"Accueil\",\"item\":\"https:\/\/www.pressenza.com\/fr\/\"},{\"@type\":\"ListItem\",\"position\":2,\"name\":\"La lutte des anciennes colonies africaines pour l&rsquo;ind\u00e9pendance a grandement contribu\u00e9 \u00e0 la d\u00e9mocratisation et au d\u00e9veloppement du Portugal\"}]},{\"@type\":\"WebSite\",\"@id\":\"https:\/\/www.pressenza.com\/fr\/#website\",\"url\":\"https:\/\/www.pressenza.com\/fr\/\",\"name\":\"Pressenza\",\"description\":\"International Press Agency\",\"publisher\":{\"@id\":\"https:\/\/www.pressenza.com\/fr\/#organization\"},\"potentialAction\":[{\"@type\":\"SearchAction\",\"target\":{\"@type\":\"EntryPoint\",\"urlTemplate\":\"https:\/\/www.pressenza.com\/fr\/?s={search_term_string}\"},\"query-input\":{\"@type\":\"PropertyValueSpecification\",\"valueRequired\":true,\"valueName\":\"search_term_string\"}}],\"inLanguage\":\"fr-FR\"},{\"@type\":\"Organization\",\"@id\":\"https:\/\/www.pressenza.com\/fr\/#organization\",\"name\":\"Pressenza\",\"url\":\"https:\/\/www.pressenza.com\/fr\/\",\"logo\":{\"@type\":\"ImageObject\",\"inLanguage\":\"fr-FR\",\"@id\":\"https:\/\/www.pressenza.com\/fr\/#\/schema\/logo\/image\/\",\"url\":\"https:\/\/www.pressenza.com\/wp-content\/uploads\/2022\/10\/pressenza_logo_200x200.jpg\",\"contentUrl\":\"https:\/\/www.pressenza.com\/wp-content\/uploads\/2022\/10\/pressenza_logo_200x200.jpg\",\"width\":200,\"height\":200,\"caption\":\"Pressenza\"},\"image\":{\"@id\":\"https:\/\/www.pressenza.com\/fr\/#\/schema\/logo\/image\/\"},\"sameAs\":[\"https:\/\/www.facebook.com\/PressenzaItalia\",\"https:\/\/x.com\/PressenzaIPA\"]},{\"@type\":\"Person\",\"@id\":\"https:\/\/www.pressenza.com\/fr\/#\/schema\/person\/a492f3ee7870e6ceaf3743f5b06fee87\",\"name\":\"Vasco Esteves\",\"description\":\"He left Portugal for Germany in 1969 as a political refugee. In Portugal he was a student leader and in Germany he fought for the rights and organisation of Portuguese immigrants and supported the Carnation Revolution in Portugal. With a degree in mathematics, he worked in Germany for 30 years in the information technology sector. He currently lives in Berlin as an actor and journalist. He is regarded as a historical witness, particularly of the 60s and 70s, both to the resistance against fascism in Portugal and to the first generation of Portuguese immigrants to the Federal Republic of Germany.\",\"sameAs\":[\"https:\/\/www.facebook.com\/vasco.esteves.96\",\"https:\/\/www.youtube.com\/@VascoEsteves\"],\"url\":\"https:\/\/www.pressenza.com\/fr\/author\/vasco-esteves\/\"}]}<\/script>\n<!-- \/ Yoast SEO plugin. -->","yoast_head_json":{"title":"La lutte des anciennes colonies africaines pour l'ind\u00e9pendance a grandement contribu\u00e9 \u00e0 la d\u00e9mocratisation et au d\u00e9veloppement du Portugal","description":"C\u00e9l\u00e9bration du 25 avril 1974 et de la R\u00e9volution des \u0153illets de 1974-1975 au Portugal Remarques pr\u00e9liminaires Cet article a \u00e9t\u00e9 r\u00e9dig\u00e9 en avril 2026 par","robots":{"index":"index","follow":"follow","max-snippet":"max-snippet:-1","max-image-preview":"max-image-preview:large","max-video-preview":"max-video-preview:-1"},"canonical":"https:\/\/www.pressenza.com\/fr\/2026\/04\/la-lutte-des-anciennes-colonies-africaines-pour-lindependance-a-grandement-contribue-a-la-democratisation-et-au-developpement-du-portugal\/","og_locale":"fr_FR","og_type":"article","og_title":"La lutte des anciennes colonies africaines pour l'ind\u00e9pendance a grandement contribu\u00e9 \u00e0 la d\u00e9mocratisation et au d\u00e9veloppement du Portugal","og_description":"C\u00e9l\u00e9bration du 25 avril 1974 et de la R\u00e9volution des \u0153illets de 1974-1975 au Portugal Remarques pr\u00e9liminaires Cet article a \u00e9t\u00e9 r\u00e9dig\u00e9 en avril 2026 par","og_url":"https:\/\/www.pressenza.com\/fr\/2026\/04\/la-lutte-des-anciennes-colonies-africaines-pour-lindependance-a-grandement-contribue-a-la-democratisation-et-au-developpement-du-portugal\/","og_site_name":"Pressenza","article_publisher":"https:\/\/www.facebook.com\/PressenzaItalia","article_author":"https:\/\/www.facebook.com\/vasco.esteves.96","article_published_time":"2026-04-27T19:00:34+00:00","article_modified_time":"2026-04-27T19:03:11+00:00","og_image":[{"width":800,"height":625,"url":"https:\/\/www.pressenza.com\/wp-content\/uploads\/2026\/04\/Imagem-criada-por-IA-par-a-PRESSENZA-e1777037813988.jpg","type":"image\/jpeg"}],"author":"Vasco Esteves","twitter_card":"summary_large_image","twitter_creator":"@PressenzaIPA","twitter_site":"@PressenzaIPA","twitter_misc":{"\u00c9crit par":"Vasco Esteves","Dur\u00e9e de lecture estim\u00e9e":"6 minutes"},"schema":{"@context":"https:\/\/schema.org","@graph":[{"@type":"Article","@id":"https:\/\/www.pressenza.com\/fr\/2026\/04\/la-lutte-des-anciennes-colonies-africaines-pour-lindependance-a-grandement-contribue-a-la-democratisation-et-au-developpement-du-portugal\/#article","isPartOf":{"@id":"https:\/\/www.pressenza.com\/fr\/2026\/04\/la-lutte-des-anciennes-colonies-africaines-pour-lindependance-a-grandement-contribue-a-la-democratisation-et-au-developpement-du-portugal\/"},"author":{"name":"Vasco Esteves","@id":"https:\/\/www.pressenza.com\/fr\/#\/schema\/person\/a492f3ee7870e6ceaf3743f5b06fee87"},"headline":"La lutte des anciennes colonies africaines pour l&rsquo;ind\u00e9pendance a grandement contribu\u00e9 \u00e0 la d\u00e9mocratisation et au d\u00e9veloppement du Portugal","datePublished":"2026-04-27T19:00:34+00:00","dateModified":"2026-04-27T19:03:11+00:00","mainEntityOfPage":{"@id":"https:\/\/www.pressenza.com\/fr\/2026\/04\/la-lutte-des-anciennes-colonies-africaines-pour-lindependance-a-grandement-contribue-a-la-democratisation-et-au-developpement-du-portugal\/"},"wordCount":1483,"publisher":{"@id":"https:\/\/www.pressenza.com\/fr\/#organization"},"image":{"@id":"https:\/\/www.pressenza.com\/fr\/2026\/04\/la-lutte-des-anciennes-colonies-africaines-pour-lindependance-a-grandement-contribue-a-la-democratisation-et-au-developpement-du-portugal\/#primaryimage"},"thumbnailUrl":"https:\/\/www.pressenza.com\/wp-content\/uploads\/2026\/04\/Imagem-criada-por-IA-par-a-PRESSENZA-e1777037813988.jpg","keywords":["25 avril","50 ans apr\u00e8s","Angola","anticolonialisme","Cap-Vert","colonies portugaises","Europe","Guin\u00e9e-Bissau","ind\u00e9pendance","MFA","Mouvement des Forces arm\u00e9es","Mozambique","Portugal","R\u00e9volution des \u0152illets","Vive la R\u00e9volution des \u0152illets"],"articleSection":["Afrique","Contenu Original","Europe","International","Relations internationales"],"inLanguage":"fr-FR"},{"@type":"WebPage","@id":"https:\/\/www.pressenza.com\/fr\/2026\/04\/la-lutte-des-anciennes-colonies-africaines-pour-lindependance-a-grandement-contribue-a-la-democratisation-et-au-developpement-du-portugal\/","url":"https:\/\/www.pressenza.com\/fr\/2026\/04\/la-lutte-des-anciennes-colonies-africaines-pour-lindependance-a-grandement-contribue-a-la-democratisation-et-au-developpement-du-portugal\/","name":"La lutte des anciennes colonies africaines pour l'ind\u00e9pendance a grandement contribu\u00e9 \u00e0 la d\u00e9mocratisation et au d\u00e9veloppement du Portugal","isPartOf":{"@id":"https:\/\/www.pressenza.com\/fr\/#website"},"primaryImageOfPage":{"@id":"https:\/\/www.pressenza.com\/fr\/2026\/04\/la-lutte-des-anciennes-colonies-africaines-pour-lindependance-a-grandement-contribue-a-la-democratisation-et-au-developpement-du-portugal\/#primaryimage"},"image":{"@id":"https:\/\/www.pressenza.com\/fr\/2026\/04\/la-lutte-des-anciennes-colonies-africaines-pour-lindependance-a-grandement-contribue-a-la-democratisation-et-au-developpement-du-portugal\/#primaryimage"},"thumbnailUrl":"https:\/\/www.pressenza.com\/wp-content\/uploads\/2026\/04\/Imagem-criada-por-IA-par-a-PRESSENZA-e1777037813988.jpg","datePublished":"2026-04-27T19:00:34+00:00","dateModified":"2026-04-27T19:03:11+00:00","description":"C\u00e9l\u00e9bration du 25 avril 1974 et de la R\u00e9volution des \u0153illets de 1974-1975 au Portugal Remarques pr\u00e9liminaires Cet article a \u00e9t\u00e9 r\u00e9dig\u00e9 en avril 2026 par","breadcrumb":{"@id":"https:\/\/www.pressenza.com\/fr\/2026\/04\/la-lutte-des-anciennes-colonies-africaines-pour-lindependance-a-grandement-contribue-a-la-democratisation-et-au-developpement-du-portugal\/#breadcrumb"},"inLanguage":"fr-FR","potentialAction":[{"@type":"ReadAction","target":["https:\/\/www.pressenza.com\/fr\/2026\/04\/la-lutte-des-anciennes-colonies-africaines-pour-lindependance-a-grandement-contribue-a-la-democratisation-et-au-developpement-du-portugal\/"]}]},{"@type":"ImageObject","inLanguage":"fr-FR","@id":"https:\/\/www.pressenza.com\/fr\/2026\/04\/la-lutte-des-anciennes-colonies-africaines-pour-lindependance-a-grandement-contribue-a-la-democratisation-et-au-developpement-du-portugal\/#primaryimage","url":"https:\/\/www.pressenza.com\/wp-content\/uploads\/2026\/04\/Imagem-criada-por-IA-par-a-PRESSENZA-e1777037813988.jpg","contentUrl":"https:\/\/www.pressenza.com\/wp-content\/uploads\/2026\/04\/Imagem-criada-por-IA-par-a-PRESSENZA-e1777037813988.jpg","width":800,"height":625},{"@type":"BreadcrumbList","@id":"https:\/\/www.pressenza.com\/fr\/2026\/04\/la-lutte-des-anciennes-colonies-africaines-pour-lindependance-a-grandement-contribue-a-la-democratisation-et-au-developpement-du-portugal\/#breadcrumb","itemListElement":[{"@type":"ListItem","position":1,"name":"Accueil","item":"https:\/\/www.pressenza.com\/fr\/"},{"@type":"ListItem","position":2,"name":"La lutte des anciennes colonies africaines pour l&rsquo;ind\u00e9pendance a grandement contribu\u00e9 \u00e0 la d\u00e9mocratisation et au d\u00e9veloppement du Portugal"}]},{"@type":"WebSite","@id":"https:\/\/www.pressenza.com\/fr\/#website","url":"https:\/\/www.pressenza.com\/fr\/","name":"Pressenza","description":"International Press Agency","publisher":{"@id":"https:\/\/www.pressenza.com\/fr\/#organization"},"potentialAction":[{"@type":"SearchAction","target":{"@type":"EntryPoint","urlTemplate":"https:\/\/www.pressenza.com\/fr\/?s={search_term_string}"},"query-input":{"@type":"PropertyValueSpecification","valueRequired":true,"valueName":"search_term_string"}}],"inLanguage":"fr-FR"},{"@type":"Organization","@id":"https:\/\/www.pressenza.com\/fr\/#organization","name":"Pressenza","url":"https:\/\/www.pressenza.com\/fr\/","logo":{"@type":"ImageObject","inLanguage":"fr-FR","@id":"https:\/\/www.pressenza.com\/fr\/#\/schema\/logo\/image\/","url":"https:\/\/www.pressenza.com\/wp-content\/uploads\/2022\/10\/pressenza_logo_200x200.jpg","contentUrl":"https:\/\/www.pressenza.com\/wp-content\/uploads\/2022\/10\/pressenza_logo_200x200.jpg","width":200,"height":200,"caption":"Pressenza"},"image":{"@id":"https:\/\/www.pressenza.com\/fr\/#\/schema\/logo\/image\/"},"sameAs":["https:\/\/www.facebook.com\/PressenzaItalia","https:\/\/x.com\/PressenzaIPA"]},{"@type":"Person","@id":"https:\/\/www.pressenza.com\/fr\/#\/schema\/person\/a492f3ee7870e6ceaf3743f5b06fee87","name":"Vasco Esteves","description":"He left Portugal for Germany in 1969 as a political refugee. In Portugal he was a student leader and in Germany he fought for the rights and organisation of Portuguese immigrants and supported the Carnation Revolution in Portugal. With a degree in mathematics, he worked in Germany for 30 years in the information technology sector. He currently lives in Berlin as an actor and journalist. He is regarded as a historical witness, particularly of the 60s and 70s, both to the resistance against fascism in Portugal and to the first generation of Portuguese immigrants to the Federal Republic of Germany.","sameAs":["https:\/\/www.facebook.com\/vasco.esteves.96","https:\/\/www.youtube.com\/@VascoEsteves"],"url":"https:\/\/www.pressenza.com\/fr\/author\/vasco-esteves\/"}]}},"place":"","original_article_url":"","_links":{"self":[{"href":"https:\/\/www.pressenza.com\/fr\/wp-json\/wp\/v2\/posts\/2696003","targetHints":{"allow":["GET"]}}],"collection":[{"href":"https:\/\/www.pressenza.com\/fr\/wp-json\/wp\/v2\/posts"}],"about":[{"href":"https:\/\/www.pressenza.com\/fr\/wp-json\/wp\/v2\/types\/post"}],"author":[{"embeddable":true,"href":"https:\/\/www.pressenza.com\/fr\/wp-json\/wp\/v2\/users\/2222"}],"replies":[{"embeddable":true,"href":"https:\/\/www.pressenza.com\/fr\/wp-json\/wp\/v2\/comments?post=2696003"}],"version-history":[{"count":5,"href":"https:\/\/www.pressenza.com\/fr\/wp-json\/wp\/v2\/posts\/2696003\/revisions"}],"predecessor-version":[{"id":2696006,"href":"https:\/\/www.pressenza.com\/fr\/wp-json\/wp\/v2\/posts\/2696003\/revisions\/2696006"}],"wp:featuredmedia":[{"embeddable":true,"href":"https:\/\/www.pressenza.com\/fr\/wp-json\/wp\/v2\/media\/2696004"}],"wp:attachment":[{"href":"https:\/\/www.pressenza.com\/fr\/wp-json\/wp\/v2\/media?parent=2696003"}],"wp:term":[{"taxonomy":"category","embeddable":true,"href":"https:\/\/www.pressenza.com\/fr\/wp-json\/wp\/v2\/categories?post=2696003"},{"taxonomy":"post_tag","embeddable":true,"href":"https:\/\/www.pressenza.com\/fr\/wp-json\/wp\/v2\/tags?post=2696003"}],"curies":[{"name":"wp","href":"https:\/\/api.w.org\/{rel}","templated":true}]}}