{"id":2695618,"date":"2026-04-26T20:56:25","date_gmt":"2026-04-26T19:56:25","guid":{"rendered":"https:\/\/www.pressenza.com\/?p=2695618"},"modified":"2026-04-26T23:07:54","modified_gmt":"2026-04-26T22:07:54","slug":"la-voix-a-la-rencontre-de-notre-etre-profond-8-et-9-mai-2026","status":"publish","type":"post","link":"https:\/\/www.pressenza.com\/fr\/2026\/04\/la-voix-a-la-rencontre-de-notre-etre-profond-8-et-9-mai-2026\/","title":{"rendered":"\u00ab La Voix, \u00e0 la rencontre de notre \u00eatre profond \u00bb &#8211; 8 et 9 mai 2026"},"content":{"rendered":"<p class=\"ds-markdown-paragraph\" style=\"text-align: left; padding-left: 40px;\">Les 8 et 9 mai 2026, le <a href=\"https:\/\/www.parclabelleidee.fr\/\">Parc d\u2019\u00c9tude et de R\u00e9flexion La Belle Id\u00e9e<\/a>, situ\u00e9 \u00e0 Bassevelle, accueillera deux \u00e9v\u00e9nements singuliers alliant musique, chant, lecture m\u00e9ditative et recherche int\u00e9rieure. Port\u00e9s par l\u2019esprit de l\u2019Humanisme Universaliste, ces deux moments ouverts \u00e0 tous proposent une exp\u00e9rience sensible et profonde, entre r\u00e9pertoire lyrique et pratique vocale collective.<\/p>\n<h3>Concert \u00ab \u00c9coute m\u00e9ditative \u00bb Chant Lyrique et lecture<\/h3>\n<p><em>Vendredi 8 mai 2026 \u00e0 18h30<\/em><\/p>\n<p data-start=\"655\" data-end=\"1025\">Ce concert invitera le public \u00e0 un voyage int\u00e9rieur guid\u00e9 par la musique et les mots. Deux \u00ab chercheuses de sens \u00bb y partagent leur exp\u00e9rience int\u00e9rieure, proposant \u00ab un parcours traversant les espaces de notre conscience, du sombre au lumineux \u00bb.<\/p>\n<p data-start=\"1027\" data-end=\"1354\">Port\u00e9e par la voix de la soprano Marie Prost et les lectures de Michelle Salam\u00e9ro, la performance m\u00eale \u0153uvres musicales du XVIIe au XXe si\u00e8cle \u2014 de Purcell \u00e0 Tcha\u00efkovski, en passant par Bach, Mozart ou Faur\u00e9 \u2014 et textes issus notamment de Silo, Dario Ergas ou encore d\u2019une b\u00e9guine anonyme.<\/p>\n<p data-start=\"1356\" data-end=\"1809\">Au c\u0153ur de cette proposition, une intention : faire de la voix un \u00ab fil d\u2019Ariane \u00bb permettant \u00e0 chacun d\u2019aller \u00ab plus loin en soi \u00bb. Les deux artistes, engag\u00e9es depuis de nombreuses ann\u00e9es dans le courant de l\u2019Humanisme Universaliste fond\u00e9 par Silo, conjuguent leurs pratiques \u2014 chant lyrique, improvisation vocale, lecture \u2014 pour cr\u00e9er un espace o\u00f9 \u00ab chant et parole \u00bb deviennent vecteurs d\u2019exploration int\u00e9rieure.<\/p>\n<p style=\"padding-left: 40px;\" data-start=\"1356\" data-end=\"1809\"><em>\u00ab Elles nous emm\u00e8nent dans un voyage, un parcours traversant les espaces de notre conscience, du sombre au lumineux, guid\u00e9 par la musique et la po\u00e9sie. \u00bb<\/em><\/p>\n<p data-start=\"1811\" data-end=\"2055\">Le public est invit\u00e9 \u00e0 une \u00ab \u00e9coute active de son ressenti \u00bb, suivie d\u2019un partage d\u2019exp\u00e9rience pour celles et ceux qui le souhaitent, prolongeant ainsi la dimension collective et introspective de la soir\u00e9e.<\/p>\n<p data-path-to-node=\"15\"><strong>Informations pratiques<\/strong><\/p>\n<p data-path-to-node=\"15\"><strong>Date, heure <\/strong>: Vendredi 8 mai 2026 \u00e0 18h30<\/p>\n<p data-path-to-node=\"16,0,1\"><span data-path-to-node=\"16,0,1,0\"><b data-path-to-node=\"16,0,1,0\" data-index-in-node=\"0\"><span class=\"citation-62\">Lieu<\/span><\/b><span class=\"citation-62\"> : Parc d&rsquo;\u00c9tude et de R\u00e9flexion La Belle Id\u00e9e, 847 route de Montmirail, 77750 Bassevelle<\/span><\/span><span data-path-to-node=\"16,0,1,2\">.<\/span><\/p>\n<p><strong>Inscriptions<\/strong> : 06 12 67 84 10<\/p>\n<p><strong>En savoir plus<\/strong> : <a href=\"https:\/\/www.facebook.com\/profile.php?id=61577516444185\">Le Chant de la Demande sur facebook\u00a0<\/a><\/p>\n<p><strong>Participation libre<\/strong> au profit de la construction de la <a href=\"http:\/\/www.salleparclabelleidee.fr\">Salle de m\u00e9ditation du Parc d\u2018\u00c9tude et de R\u00e9flexion La Belle Id\u00e9e<\/a><\/p>\n<p>&nbsp;<\/p>\n<h3 data-section-id=\"1grshi4\" data-start=\"2062\" data-end=\"2145\">\u00ab Le Chant de la Demande \u00bb : un atelier pour approfondir l\u2019exp\u00e9rience int\u00e9rieure<\/h3>\n<p data-start=\"2147\" data-end=\"2559\"><em>Samedi 9 mai 2026, de 10h \u00e0 18h<\/em><\/p>\n<p data-start=\"2147\" data-end=\"2559\">Le lendemain, Marie Prost animera un atelier ouvert \u00e0 tous, avec ou sans exp\u00e9rience du chant, intitul\u00e9 \u00ab Le Chant de la Demande \u00bb. Cette proposition invite \u00e0 \u00ab entrer en contact avec nos sensations corporelles, notre respiration et nos meilleures aspirations \u00bb, en s\u2019appuyant sur \u00ab la voix, la vibration, le chant spontan\u00e9 et la force du groupe \u00bb.<\/p>\n<p data-start=\"2561\" data-end=\"3140\">Au centre de cet atelier se trouve la pratique de \u00ab la Demande \u00bb, d\u00e9finie comme une forme universelle d\u2019expression de nos besoins et aspirations : \u00ab Dans la vie quotidienne, nous exprimons nos meilleurs v\u0153ux [\u2026] ou appelons \u00e0 ce que nos probl\u00e8mes soient r\u00e9solus \u00bb. Cette pratique, inspir\u00e9e des enseignements de Silo, vise \u00e0 la rendre \u00ab plus consciente et intentionnelle \u00bb, en invitant chacun \u00e0 s\u2019interroger : \u00ab \u00c0 qui ou \u00e0 quoi est-ce que je demande ? \u00bb et \u00ab Qu\u2019est-ce que je veux demander maintenant ? \u00bb<\/p>\n<p data-start=\"3142\" data-end=\"3581\">L\u2019atelier propose ainsi un travail d\u2019int\u00e9riorisation et de clarification des besoins : \u00ab Le fait de savoir clairement ce dont nous avons besoin [\u2026] nous permet de diriger notre \u00e9nergie vers sa r\u00e9alisation \u00bb. Le chant collectif y joue un r\u00f4le central : \u00ab La voix renforce l\u2019intention en engageant non seulement notre mental, mais aussi notre corps et notre c\u0153ur \u00bb.<\/p>\n<p data-start=\"3583\" data-end=\"3835\">Au-del\u00e0 de l\u2019exp\u00e9rience individuelle, le groupe devient un espace de convergence : \u00ab chanter nos demandes collectivement [\u2026] nous permet de converger dans une m\u00eame direction profonde, en incluant notre diversit\u00e9 \u00bb.<\/p>\n<p data-path-to-node=\"15\"><strong>Informations pratiques<\/strong><\/p>\n<p data-path-to-node=\"16,0,1\"><strong>Date, heure<\/strong><em> :<\/em> Samedi 9 mai 2026, de 10h \u00e0 18h<\/p>\n<p data-path-to-node=\"16,0,1\"><span data-path-to-node=\"16,0,1,0\"><b data-path-to-node=\"16,0,1,0\" data-index-in-node=\"0\"><span class=\"citation-62\">Lieu<\/span><\/b><span class=\"citation-62\"> : Parc d&rsquo;\u00c9tude et de R\u00e9flexion La Belle Id\u00e9e, 847 route de Montmirail, 77750 Bassevelle<\/span><\/span><span data-path-to-node=\"16,0,1,2\">.<\/span><\/p>\n<p data-path-to-node=\"16,1,1\"><span data-path-to-node=\"16,1,1,0\"><b data-path-to-node=\"16,1,1,0\" data-index-in-node=\"0\"><span class=\"citation-61\">Inscriptions<\/span><\/b><span class=\"citation-61\"> : 06 12 67 84 10 ou par email \u00e0 <a href=\"mailto:mprost13@free.fr\">mprost13@free.fr<\/a><\/span><\/span><\/p>\n<p data-path-to-node=\"16,2,1\"><span data-path-to-node=\"16,2,1,0\"><b data-path-to-node=\"16,2,1,0\" data-index-in-node=\"0\"><span class=\"citation-60\">En savoir plus<\/span><\/b><span class=\"citation-60\"> : <\/span><a class=\"ng-star-inserted\" href=\"http:\/\/www.salleparclabelleidee.fr\" target=\"_blank\" rel=\"noopener\" data-hveid=\"0\" data-ved=\"0CAAQ_4QMahcKEwiQ8IGLlouUAxUAAAAAHQAAAAAQfg\"><span class=\"citation-60\">www.salleparclabelleidee.fr<\/span><\/a><\/span><\/p>\n<div class=\"relative basis-auto flex-col -mb-(--composer-overlap-px) pb-(--composer-overlap-px) [--composer-overlap-px:28px] grow flex\">\n<div class=\"flex flex-col text-sm\">\n<section class=\"text-token-text-primary w-full focus:outline-none [--shadow-height:45px] has-data-writing-block:pointer-events-none has-data-writing-block:-mt-(--shadow-height) has-data-writing-block:pt-(--shadow-height) [&amp;:has([data-writing-block])&gt;*]:pointer-events-auto [content-visibility:auto] supports-[content-visibility:auto]:[contain-intrinsic-size:auto_100lvh] R6Vx5W_threadScrollVars scroll-mb-[calc(var(--scroll-root-safe-area-inset-bottom,0px)+var(--thread-response-height))] scroll-mt-[calc(var(--header-height)+min(200px,max(70px,20svh)))]\" dir=\"auto\" data-turn-id=\"request-WEB:0a4bb016-7902-4741-8464-230d26fe1d40-0\" data-testid=\"conversation-turn-2\" data-scroll-anchor=\"false\" data-turn=\"assistant\">\n<div class=\"text-base my-auto mx-auto pb-10 [--thread-content-margin:var(--thread-content-margin-xs,calc(var(--spacing)*4))] @w-sm\/main:[--thread-content-margin:var(--thread-content-margin-sm,calc(var(--spacing)*6))] @w-lg\/main:[--thread-content-margin:var(--thread-content-margin-lg,calc(var(--spacing)*16))] px-(--thread-content-margin)\">\n<div class=\"[--thread-content-max-width:40rem] @w-lg\/main:[--thread-content-max-width:48rem] mx-auto max-w-(--thread-content-max-width) flex-1 group\/turn-messages focus-visible:outline-hidden relative flex w-full min-w-0 flex-col agent-turn\">\n<div class=\"flex max-w-full flex-col gap-4 grow\">\n<div class=\"min-h-8 text-message relative flex w-full flex-col items-end gap-2 text-start break-words whitespace-normal outline-none keyboard-focused:focus-ring [.text-message+&amp;]:mt-1\" dir=\"auto\" tabindex=\"0\" data-message-author-role=\"assistant\" data-message-id=\"afeee0e7-9252-406c-8b69-5eb48d015783\" data-turn-start-message=\"true\" data-message-model-slug=\"gpt-5-3\">\n<div class=\"flex w-full flex-col gap-1 empty:hidden\">\n<div class=\"markdown prose dark:prose-invert w-full wrap-break-word light markdown-new-styling\">\n<p data-section-id=\"1l7qizv\" data-start=\"3842\" data-end=\"3900\"><strong>Participation libre<\/strong> au profit de la construction de la <a href=\"http:\/\/www.salleparclabelleidee.fr\">Salle de m\u00e9ditation du Parc d\u2018\u00c9tude et de R\u00e9flexion La Belle Id\u00e9e<\/a><\/p>\n<p data-section-id=\"1l7qizv\" data-start=\"3842\" data-end=\"3900\">.<\/p>\n<p data-section-id=\"1l7qizv\" data-start=\"3842\" data-end=\"3900\"><strong>Une d\u00e9marche artistique et humaine tourn\u00e9e vers le sens<\/strong><\/p>\n<p data-start=\"3902\" data-end=\"4187\">Ces deux rendez-vous s\u2019inscrivent dans une m\u00eame dynamique : proposer des espaces o\u00f9 l\u2019art, la voix et la conscience se rencontrent. Entre concert m\u00e9ditatif et atelier participatif, le week-end offre une continuit\u00e9 d\u2019exp\u00e9rience, du sensible \u00e0 l\u2019exploratoire, de l\u2019\u00e9coute \u00e0 l\u2019expression.<\/p>\n<p data-start=\"4189\" data-end=\"4391\">Organis\u00e9es au profit de la construction de la salle de m\u00e9ditation du Parc La Belle Id\u00e9e, ces initiatives t\u00e9moignent d\u2019une volont\u00e9 de cr\u00e9er des lieux d\u00e9di\u00e9s \u00e0 la r\u00e9flexion, \u00e0 l\u2019int\u00e9riorit\u00e9 et au partage.<\/p>\n<p data-start=\"4393\" data-end=\"4559\" data-is-last-node=\"\" data-is-only-node=\"\">Dans un contexte souvent marqu\u00e9 par l\u2019acc\u00e9l\u00e9ration et la dispersion, ces propositions invitent \u00e0 une autre temporalit\u00e9 : celle de l\u2019\u00e9coute, de la pr\u00e9sence et du sens.<\/p>\n<\/div>\n<\/div>\n<\/div>\n<\/div>\n<\/div>\n<\/div>\n<\/section>\n<\/div>\n<\/div>\n<p>&nbsp;<\/p>\n<p><strong>Ces deux \u00e9v\u00e8nements auront lieu aussi \u00e0 Toulouse <\/strong>:<\/p>\n<p><strong>13 juin<\/strong> &#8211;\u00a0<em>Concert \u00ab \u00c9coute m\u00e9ditative \u00bb Chant Lyrique et lecture<\/em><\/p>\n<p>20h30, Salle Saint-Michel, 18 Grande Rue St Michel, Toulouse. Participation libre.<\/p>\n<p><strong>14 juin<\/strong> &#8211;<em> Atelier\u00a0\u00ab Le Chant de la Demande \u00bb<\/em><\/p>\n<p>De 10h \u00e0 18h, Salle Flammarion, Toulouse.<\/p>\n<p>Gratuit. Inscription obligatoire au <span data-path-to-node=\"16,1,1,0\"><span class=\"citation-61\">06 12 67 84 10 <\/span><\/span><\/p>\n","protected":false},"excerpt":{"rendered":"<p>Les 8 et 9 mai 2026, le Parc d\u2019\u00c9tude et de R\u00e9flexion La Belle Id\u00e9e, situ\u00e9 \u00e0 Bassevelle, accueillera deux \u00e9v\u00e9nements singuliers alliant musique, chant, lecture m\u00e9ditative et recherche int\u00e9rieure. Port\u00e9s par l\u2019esprit de l\u2019Humanisme Universaliste, ces deux moments ouverts&hellip;<\/p>\n","protected":false},"author":926,"featured_media":2695782,"comment_status":"closed","ping_status":"closed","sticky":false,"template":"","format":"standard","meta":{"footnotes":""},"categories":[11386,94,85,1246],"tags":[155932,154577,155931,237,155927,2991,155928,4886,155388],"class_list":["post-2695618","post","type-post","status-publish","format-standard","has-post-thumbnail","hentry","category-contenu-original","category-culture-fr","category-europe-fr","category-humanisme-spiritualite","tag-atelier-vocal","tag-chant","tag-chant-lyrique","tag-humanisme-universaliste","tag-lecture-meditative","tag-musique","tag-recherche-interieure","tag-silo-fr","tag-voix"],"yoast_head":"<!-- This site is optimized with the Yoast SEO plugin v27.1.1 - https:\/\/yoast.com\/product\/yoast-seo-wordpress\/ -->\n<title>\u00ab La Voix, \u00e0 la rencontre de notre \u00eatre profond \u00bb - 8 et 9 mai 2026<\/title>\n<meta name=\"description\" content=\"Les 8 et 9 mai 2026, le Parc d\u2019\u00c9tude et de R\u00e9flexion La Belle Id\u00e9e, situ\u00e9 \u00e0 Bassevelle, accueillera deux \u00e9v\u00e9nements singuliers alliant musique, chant,\" \/>\n<meta name=\"robots\" content=\"index, follow, max-snippet:-1, max-image-preview:large, max-video-preview:-1\" \/>\n<link rel=\"canonical\" href=\"https:\/\/www.pressenza.com\/fr\/2026\/04\/la-voix-a-la-rencontre-de-notre-etre-profond-8-et-9-mai-2026\/\" \/>\n<meta property=\"og:locale\" content=\"fr_FR\" \/>\n<meta property=\"og:type\" content=\"article\" \/>\n<meta property=\"og:title\" content=\"\u00ab La Voix, \u00e0 la rencontre de notre \u00eatre profond \u00bb - 8 et 9 mai 2026\" \/>\n<meta property=\"og:description\" content=\"Les 8 et 9 mai 2026, le Parc d\u2019\u00c9tude et de R\u00e9flexion La Belle Id\u00e9e, situ\u00e9 \u00e0 Bassevelle, accueillera deux \u00e9v\u00e9nements singuliers alliant musique, chant,\" \/>\n<meta property=\"og:url\" content=\"https:\/\/www.pressenza.com\/fr\/2026\/04\/la-voix-a-la-rencontre-de-notre-etre-profond-8-et-9-mai-2026\/\" \/>\n<meta property=\"og:site_name\" content=\"Pressenza\" \/>\n<meta property=\"article:publisher\" content=\"https:\/\/www.facebook.com\/PressenzaItalia\" \/>\n<meta property=\"article:published_time\" content=\"2026-04-26T19:56:25+00:00\" \/>\n<meta property=\"article:modified_time\" content=\"2026-04-26T22:07:54+00:00\" \/>\n<meta property=\"og:image\" content=\"https:\/\/www.pressenza.com\/wp-content\/uploads\/2026\/04\/canto-1.jpg\" \/>\n\t<meta property=\"og:image:width\" content=\"820\" \/>\n\t<meta property=\"og:image:height\" content=\"546\" \/>\n\t<meta property=\"og:image:type\" content=\"image\/jpeg\" \/>\n<meta name=\"author\" content=\"R\u00e9daction France\" \/>\n<meta name=\"twitter:card\" content=\"summary_large_image\" \/>\n<meta name=\"twitter:creator\" content=\"@PressenzaIPA\" \/>\n<meta name=\"twitter:site\" content=\"@PressenzaIPA\" \/>\n<meta name=\"twitter:label1\" content=\"\u00c9crit par\" \/>\n\t<meta name=\"twitter:data1\" content=\"R\u00e9daction France\" \/>\n\t<meta name=\"twitter:label2\" content=\"Dur\u00e9e de lecture estim\u00e9e\" \/>\n\t<meta name=\"twitter:data2\" content=\"5 minutes\" \/>\n<script type=\"application\/ld+json\" class=\"yoast-schema-graph\">{\"@context\":\"https:\/\/schema.org\",\"@graph\":[{\"@type\":\"Article\",\"@id\":\"https:\/\/www.pressenza.com\/fr\/2026\/04\/la-voix-a-la-rencontre-de-notre-etre-profond-8-et-9-mai-2026\/#article\",\"isPartOf\":{\"@id\":\"https:\/\/www.pressenza.com\/fr\/2026\/04\/la-voix-a-la-rencontre-de-notre-etre-profond-8-et-9-mai-2026\/\"},\"author\":{\"name\":\"R\u00e9daction France\",\"@id\":\"https:\/\/www.pressenza.com\/fr\/#\/schema\/person\/3c9fe6670cc2cffbd37562f87b98e869\"},\"headline\":\"\u00ab La Voix, \u00e0 la rencontre de notre \u00eatre profond \u00bb &#8211; 8 et 9 mai 2026\",\"datePublished\":\"2026-04-26T19:56:25+00:00\",\"dateModified\":\"2026-04-26T22:07:54+00:00\",\"mainEntityOfPage\":{\"@id\":\"https:\/\/www.pressenza.com\/fr\/2026\/04\/la-voix-a-la-rencontre-de-notre-etre-profond-8-et-9-mai-2026\/\"},\"wordCount\":854,\"publisher\":{\"@id\":\"https:\/\/www.pressenza.com\/fr\/#organization\"},\"image\":{\"@id\":\"https:\/\/www.pressenza.com\/fr\/2026\/04\/la-voix-a-la-rencontre-de-notre-etre-profond-8-et-9-mai-2026\/#primaryimage\"},\"thumbnailUrl\":\"https:\/\/www.pressenza.com\/wp-content\/uploads\/2026\/04\/canto-1.jpg\",\"keywords\":[\"atelier vocal\",\"chant\",\"chant lyrique\",\"Humanisme Universaliste\",\"lecture m\u00e9ditative\",\"musique\",\"recherche int\u00e9rieure\",\"Silo\",\"voix\"],\"articleSection\":[\"Contenu Original\",\"Culture et M\u00e9dias\",\"Europe\",\"Humanisme et Spiritualit\u00e9\"],\"inLanguage\":\"fr-FR\"},{\"@type\":\"WebPage\",\"@id\":\"https:\/\/www.pressenza.com\/fr\/2026\/04\/la-voix-a-la-rencontre-de-notre-etre-profond-8-et-9-mai-2026\/\",\"url\":\"https:\/\/www.pressenza.com\/fr\/2026\/04\/la-voix-a-la-rencontre-de-notre-etre-profond-8-et-9-mai-2026\/\",\"name\":\"\u00ab La Voix, \u00e0 la rencontre de notre \u00eatre profond \u00bb - 8 et 9 mai 2026\",\"isPartOf\":{\"@id\":\"https:\/\/www.pressenza.com\/fr\/#website\"},\"primaryImageOfPage\":{\"@id\":\"https:\/\/www.pressenza.com\/fr\/2026\/04\/la-voix-a-la-rencontre-de-notre-etre-profond-8-et-9-mai-2026\/#primaryimage\"},\"image\":{\"@id\":\"https:\/\/www.pressenza.com\/fr\/2026\/04\/la-voix-a-la-rencontre-de-notre-etre-profond-8-et-9-mai-2026\/#primaryimage\"},\"thumbnailUrl\":\"https:\/\/www.pressenza.com\/wp-content\/uploads\/2026\/04\/canto-1.jpg\",\"datePublished\":\"2026-04-26T19:56:25+00:00\",\"dateModified\":\"2026-04-26T22:07:54+00:00\",\"description\":\"Les 8 et 9 mai 2026, le Parc d\u2019\u00c9tude et de R\u00e9flexion La Belle Id\u00e9e, situ\u00e9 \u00e0 Bassevelle, accueillera deux \u00e9v\u00e9nements singuliers alliant musique, chant,\",\"breadcrumb\":{\"@id\":\"https:\/\/www.pressenza.com\/fr\/2026\/04\/la-voix-a-la-rencontre-de-notre-etre-profond-8-et-9-mai-2026\/#breadcrumb\"},\"inLanguage\":\"fr-FR\",\"potentialAction\":[{\"@type\":\"ReadAction\",\"target\":[\"https:\/\/www.pressenza.com\/fr\/2026\/04\/la-voix-a-la-rencontre-de-notre-etre-profond-8-et-9-mai-2026\/\"]}]},{\"@type\":\"ImageObject\",\"inLanguage\":\"fr-FR\",\"@id\":\"https:\/\/www.pressenza.com\/fr\/2026\/04\/la-voix-a-la-rencontre-de-notre-etre-profond-8-et-9-mai-2026\/#primaryimage\",\"url\":\"https:\/\/www.pressenza.com\/wp-content\/uploads\/2026\/04\/canto-1.jpg\",\"contentUrl\":\"https:\/\/www.pressenza.com\/wp-content\/uploads\/2026\/04\/canto-1.jpg\",\"width\":820,\"height\":546},{\"@type\":\"BreadcrumbList\",\"@id\":\"https:\/\/www.pressenza.com\/fr\/2026\/04\/la-voix-a-la-rencontre-de-notre-etre-profond-8-et-9-mai-2026\/#breadcrumb\",\"itemListElement\":[{\"@type\":\"ListItem\",\"position\":1,\"name\":\"Accueil\",\"item\":\"https:\/\/www.pressenza.com\/fr\/\"},{\"@type\":\"ListItem\",\"position\":2,\"name\":\"\u00ab La Voix, \u00e0 la rencontre de notre \u00eatre profond \u00bb &#8211; 8 et 9 mai 2026\"}]},{\"@type\":\"WebSite\",\"@id\":\"https:\/\/www.pressenza.com\/fr\/#website\",\"url\":\"https:\/\/www.pressenza.com\/fr\/\",\"name\":\"Pressenza\",\"description\":\"International Press Agency\",\"publisher\":{\"@id\":\"https:\/\/www.pressenza.com\/fr\/#organization\"},\"potentialAction\":[{\"@type\":\"SearchAction\",\"target\":{\"@type\":\"EntryPoint\",\"urlTemplate\":\"https:\/\/www.pressenza.com\/fr\/?s={search_term_string}\"},\"query-input\":{\"@type\":\"PropertyValueSpecification\",\"valueRequired\":true,\"valueName\":\"search_term_string\"}}],\"inLanguage\":\"fr-FR\"},{\"@type\":\"Organization\",\"@id\":\"https:\/\/www.pressenza.com\/fr\/#organization\",\"name\":\"Pressenza\",\"url\":\"https:\/\/www.pressenza.com\/fr\/\",\"logo\":{\"@type\":\"ImageObject\",\"inLanguage\":\"fr-FR\",\"@id\":\"https:\/\/www.pressenza.com\/fr\/#\/schema\/logo\/image\/\",\"url\":\"https:\/\/www.pressenza.com\/wp-content\/uploads\/2022\/10\/pressenza_logo_200x200.jpg\",\"contentUrl\":\"https:\/\/www.pressenza.com\/wp-content\/uploads\/2022\/10\/pressenza_logo_200x200.jpg\",\"width\":200,\"height\":200,\"caption\":\"Pressenza\"},\"image\":{\"@id\":\"https:\/\/www.pressenza.com\/fr\/#\/schema\/logo\/image\/\"},\"sameAs\":[\"https:\/\/www.facebook.com\/PressenzaItalia\",\"https:\/\/x.com\/PressenzaIPA\"]},{\"@type\":\"Person\",\"@id\":\"https:\/\/www.pressenza.com\/fr\/#\/schema\/person\/3c9fe6670cc2cffbd37562f87b98e869\",\"name\":\"R\u00e9daction France\",\"description\":\"News published by the Pressenza bureau in France\",\"sameAs\":[\"http:\/\/www.pressenza.com\/fr\"],\"url\":\"https:\/\/www.pressenza.com\/fr\/author\/redactionfrance\/\"}]}<\/script>\n<!-- \/ Yoast SEO plugin. -->","yoast_head_json":{"title":"\u00ab La Voix, \u00e0 la rencontre de notre \u00eatre profond \u00bb - 8 et 9 mai 2026","description":"Les 8 et 9 mai 2026, le Parc d\u2019\u00c9tude et de R\u00e9flexion La Belle Id\u00e9e, situ\u00e9 \u00e0 Bassevelle, accueillera deux \u00e9v\u00e9nements singuliers alliant musique, chant,","robots":{"index":"index","follow":"follow","max-snippet":"max-snippet:-1","max-image-preview":"max-image-preview:large","max-video-preview":"max-video-preview:-1"},"canonical":"https:\/\/www.pressenza.com\/fr\/2026\/04\/la-voix-a-la-rencontre-de-notre-etre-profond-8-et-9-mai-2026\/","og_locale":"fr_FR","og_type":"article","og_title":"\u00ab La Voix, \u00e0 la rencontre de notre \u00eatre profond \u00bb - 8 et 9 mai 2026","og_description":"Les 8 et 9 mai 2026, le Parc d\u2019\u00c9tude et de R\u00e9flexion La Belle Id\u00e9e, situ\u00e9 \u00e0 Bassevelle, accueillera deux \u00e9v\u00e9nements singuliers alliant musique, chant,","og_url":"https:\/\/www.pressenza.com\/fr\/2026\/04\/la-voix-a-la-rencontre-de-notre-etre-profond-8-et-9-mai-2026\/","og_site_name":"Pressenza","article_publisher":"https:\/\/www.facebook.com\/PressenzaItalia","article_published_time":"2026-04-26T19:56:25+00:00","article_modified_time":"2026-04-26T22:07:54+00:00","og_image":[{"width":820,"height":546,"url":"https:\/\/www.pressenza.com\/wp-content\/uploads\/2026\/04\/canto-1.jpg","type":"image\/jpeg"}],"author":"R\u00e9daction France","twitter_card":"summary_large_image","twitter_creator":"@PressenzaIPA","twitter_site":"@PressenzaIPA","twitter_misc":{"\u00c9crit par":"R\u00e9daction France","Dur\u00e9e de lecture estim\u00e9e":"5 minutes"},"schema":{"@context":"https:\/\/schema.org","@graph":[{"@type":"Article","@id":"https:\/\/www.pressenza.com\/fr\/2026\/04\/la-voix-a-la-rencontre-de-notre-etre-profond-8-et-9-mai-2026\/#article","isPartOf":{"@id":"https:\/\/www.pressenza.com\/fr\/2026\/04\/la-voix-a-la-rencontre-de-notre-etre-profond-8-et-9-mai-2026\/"},"author":{"name":"R\u00e9daction France","@id":"https:\/\/www.pressenza.com\/fr\/#\/schema\/person\/3c9fe6670cc2cffbd37562f87b98e869"},"headline":"\u00ab La Voix, \u00e0 la rencontre de notre \u00eatre profond \u00bb &#8211; 8 et 9 mai 2026","datePublished":"2026-04-26T19:56:25+00:00","dateModified":"2026-04-26T22:07:54+00:00","mainEntityOfPage":{"@id":"https:\/\/www.pressenza.com\/fr\/2026\/04\/la-voix-a-la-rencontre-de-notre-etre-profond-8-et-9-mai-2026\/"},"wordCount":854,"publisher":{"@id":"https:\/\/www.pressenza.com\/fr\/#organization"},"image":{"@id":"https:\/\/www.pressenza.com\/fr\/2026\/04\/la-voix-a-la-rencontre-de-notre-etre-profond-8-et-9-mai-2026\/#primaryimage"},"thumbnailUrl":"https:\/\/www.pressenza.com\/wp-content\/uploads\/2026\/04\/canto-1.jpg","keywords":["atelier vocal","chant","chant lyrique","Humanisme Universaliste","lecture m\u00e9ditative","musique","recherche int\u00e9rieure","Silo","voix"],"articleSection":["Contenu Original","Culture et M\u00e9dias","Europe","Humanisme et Spiritualit\u00e9"],"inLanguage":"fr-FR"},{"@type":"WebPage","@id":"https:\/\/www.pressenza.com\/fr\/2026\/04\/la-voix-a-la-rencontre-de-notre-etre-profond-8-et-9-mai-2026\/","url":"https:\/\/www.pressenza.com\/fr\/2026\/04\/la-voix-a-la-rencontre-de-notre-etre-profond-8-et-9-mai-2026\/","name":"\u00ab La Voix, \u00e0 la rencontre de notre \u00eatre profond \u00bb - 8 et 9 mai 2026","isPartOf":{"@id":"https:\/\/www.pressenza.com\/fr\/#website"},"primaryImageOfPage":{"@id":"https:\/\/www.pressenza.com\/fr\/2026\/04\/la-voix-a-la-rencontre-de-notre-etre-profond-8-et-9-mai-2026\/#primaryimage"},"image":{"@id":"https:\/\/www.pressenza.com\/fr\/2026\/04\/la-voix-a-la-rencontre-de-notre-etre-profond-8-et-9-mai-2026\/#primaryimage"},"thumbnailUrl":"https:\/\/www.pressenza.com\/wp-content\/uploads\/2026\/04\/canto-1.jpg","datePublished":"2026-04-26T19:56:25+00:00","dateModified":"2026-04-26T22:07:54+00:00","description":"Les 8 et 9 mai 2026, le Parc d\u2019\u00c9tude et de R\u00e9flexion La Belle Id\u00e9e, situ\u00e9 \u00e0 Bassevelle, accueillera deux \u00e9v\u00e9nements singuliers alliant musique, chant,","breadcrumb":{"@id":"https:\/\/www.pressenza.com\/fr\/2026\/04\/la-voix-a-la-rencontre-de-notre-etre-profond-8-et-9-mai-2026\/#breadcrumb"},"inLanguage":"fr-FR","potentialAction":[{"@type":"ReadAction","target":["https:\/\/www.pressenza.com\/fr\/2026\/04\/la-voix-a-la-rencontre-de-notre-etre-profond-8-et-9-mai-2026\/"]}]},{"@type":"ImageObject","inLanguage":"fr-FR","@id":"https:\/\/www.pressenza.com\/fr\/2026\/04\/la-voix-a-la-rencontre-de-notre-etre-profond-8-et-9-mai-2026\/#primaryimage","url":"https:\/\/www.pressenza.com\/wp-content\/uploads\/2026\/04\/canto-1.jpg","contentUrl":"https:\/\/www.pressenza.com\/wp-content\/uploads\/2026\/04\/canto-1.jpg","width":820,"height":546},{"@type":"BreadcrumbList","@id":"https:\/\/www.pressenza.com\/fr\/2026\/04\/la-voix-a-la-rencontre-de-notre-etre-profond-8-et-9-mai-2026\/#breadcrumb","itemListElement":[{"@type":"ListItem","position":1,"name":"Accueil","item":"https:\/\/www.pressenza.com\/fr\/"},{"@type":"ListItem","position":2,"name":"\u00ab La Voix, \u00e0 la rencontre de notre \u00eatre profond \u00bb &#8211; 8 et 9 mai 2026"}]},{"@type":"WebSite","@id":"https:\/\/www.pressenza.com\/fr\/#website","url":"https:\/\/www.pressenza.com\/fr\/","name":"Pressenza","description":"International Press Agency","publisher":{"@id":"https:\/\/www.pressenza.com\/fr\/#organization"},"potentialAction":[{"@type":"SearchAction","target":{"@type":"EntryPoint","urlTemplate":"https:\/\/www.pressenza.com\/fr\/?s={search_term_string}"},"query-input":{"@type":"PropertyValueSpecification","valueRequired":true,"valueName":"search_term_string"}}],"inLanguage":"fr-FR"},{"@type":"Organization","@id":"https:\/\/www.pressenza.com\/fr\/#organization","name":"Pressenza","url":"https:\/\/www.pressenza.com\/fr\/","logo":{"@type":"ImageObject","inLanguage":"fr-FR","@id":"https:\/\/www.pressenza.com\/fr\/#\/schema\/logo\/image\/","url":"https:\/\/www.pressenza.com\/wp-content\/uploads\/2022\/10\/pressenza_logo_200x200.jpg","contentUrl":"https:\/\/www.pressenza.com\/wp-content\/uploads\/2022\/10\/pressenza_logo_200x200.jpg","width":200,"height":200,"caption":"Pressenza"},"image":{"@id":"https:\/\/www.pressenza.com\/fr\/#\/schema\/logo\/image\/"},"sameAs":["https:\/\/www.facebook.com\/PressenzaItalia","https:\/\/x.com\/PressenzaIPA"]},{"@type":"Person","@id":"https:\/\/www.pressenza.com\/fr\/#\/schema\/person\/3c9fe6670cc2cffbd37562f87b98e869","name":"R\u00e9daction France","description":"News published by the Pressenza bureau in France","sameAs":["http:\/\/www.pressenza.com\/fr"],"url":"https:\/\/www.pressenza.com\/fr\/author\/redactionfrance\/"}]}},"place":"Bassevelle, France","original_article_url":"","_links":{"self":[{"href":"https:\/\/www.pressenza.com\/fr\/wp-json\/wp\/v2\/posts\/2695618","targetHints":{"allow":["GET"]}}],"collection":[{"href":"https:\/\/www.pressenza.com\/fr\/wp-json\/wp\/v2\/posts"}],"about":[{"href":"https:\/\/www.pressenza.com\/fr\/wp-json\/wp\/v2\/types\/post"}],"author":[{"embeddable":true,"href":"https:\/\/www.pressenza.com\/fr\/wp-json\/wp\/v2\/users\/926"}],"replies":[{"embeddable":true,"href":"https:\/\/www.pressenza.com\/fr\/wp-json\/wp\/v2\/comments?post=2695618"}],"version-history":[{"count":16,"href":"https:\/\/www.pressenza.com\/fr\/wp-json\/wp\/v2\/posts\/2695618\/revisions"}],"predecessor-version":[{"id":2695783,"href":"https:\/\/www.pressenza.com\/fr\/wp-json\/wp\/v2\/posts\/2695618\/revisions\/2695783"}],"wp:featuredmedia":[{"embeddable":true,"href":"https:\/\/www.pressenza.com\/fr\/wp-json\/wp\/v2\/media\/2695782"}],"wp:attachment":[{"href":"https:\/\/www.pressenza.com\/fr\/wp-json\/wp\/v2\/media?parent=2695618"}],"wp:term":[{"taxonomy":"category","embeddable":true,"href":"https:\/\/www.pressenza.com\/fr\/wp-json\/wp\/v2\/categories?post=2695618"},{"taxonomy":"post_tag","embeddable":true,"href":"https:\/\/www.pressenza.com\/fr\/wp-json\/wp\/v2\/tags?post=2695618"}],"curies":[{"name":"wp","href":"https:\/\/api.w.org\/{rel}","templated":true}]}}