{"id":2695548,"date":"2026-04-25T23:00:30","date_gmt":"2026-04-25T22:00:30","guid":{"rendered":"https:\/\/www.pressenza.com\/?p=2695548"},"modified":"2026-04-26T01:28:30","modified_gmt":"2026-04-26T00:28:30","slug":"flottille-mondiale-sumud-declaration-de-bruxelles","status":"publish","type":"post","link":"https:\/\/www.pressenza.com\/fr\/2026\/04\/flottille-mondiale-sumud-declaration-de-bruxelles\/","title":{"rendered":"Flottille mondiale Sumud, D\u00e9claration de Bruxelles"},"content":{"rendered":"<p><span dir=\"auto\">Les bateaux de la Flottille mondiale Sumud arrivent en Sicile, l&rsquo;un apr\u00e8s l&rsquo;autre, d&rsquo;abord \u00e0 Augusta puis \u00e0 Syracuse, le long de la c\u00f4te orientale de l&rsquo;\u00eele. Cette arriv\u00e9e conclut une semaine de mobilisations en Italie et \u00e0 l&rsquo;\u00e9tranger. Des \u00e9v\u00e9nements publics, des conf\u00e9rences de presse, des r\u00e9unions institutionnelles et des initiatives culturelles ont eu lieu \u00e0 Augusta, Catane, Castellammare del Golfo, Syracuse, Rome et Bruxelles. \u00c0 chaque \u00e9tape, de nouveaux bateaux et des participants du monde entier ont rejoint la mission. <\/span><strong><span dir=\"auto\">La Flottille se pr\u00e9pare \u00e0 quitter l&rsquo;Italie, au d\u00e9part de Syracuse pour Gaza<\/span><\/strong><span dir=\"auto\">,\u00a0 <\/span><em><span dir=\"auto\">\u00ab\u00a0avec l&rsquo;intention de briser le blocus et de cr\u00e9er un canal humanitaire permanent\u00a0\u00bb.<\/span><\/em><\/p>\n<p><strong><span dir=\"auto\">La conf\u00e9rence inaugurale<\/span><\/strong><span dir=\"auto\"> de la Flottille mondiale Sumud s&rsquo;est tenue mardi 21 avril et a port\u00e9 sur la <\/span><strong><span dir=\"auto\">D\u00e9claration de Bruxelles<\/span><\/strong><span dir=\"auto\">. Celle-ci appelle essentiellement \u00e0 la cr\u00e9ation d&rsquo;un corridor maritime humanitaire reconnu par les Nations Unies et fond\u00e9 sur le droit international. La D\u00e9claration de Bruxelles repose sur <\/span><strong><span dir=\"auto\">trois principes<\/span><\/strong><span dir=\"auto\">\u00a0:<\/span><\/p>\n<ul>\n<li><strong><span dir=\"auto\">Droit d\u2019acc\u00e8s<\/span><\/strong><span dir=\"auto\"> : le droit du peuple palestinien d\u2019acc\u00e9der librement \u00e0 ses eaux et \u00e0 son territoire et de recevoir \u00ab continuellement et sans entrave \u00bb les biens de premi\u00e8re n\u00e9cessit\u00e9 ;<\/span><\/li>\n<li><strong><span dir=\"auto\"><span class=\"\" dir=\"auto\">Droit \u00e0 l\u2019autod\u00e9termination<\/span><\/span><\/strong><span dir=\"auto\"><span class=\"\" dir=\"auto\">, c\u2019est-\u00e0-dire le droit du peuple palestinien de mener sa propre reconstruction et sa propre qu\u00eate de justice, \u00ab libre de toute imposition de forces ext\u00e9rieures \u00bb ;<\/span><\/span><\/li>\n<li><strong><span dir=\"auto\">Rejet de l\u2019impunit\u00e9<\/span><\/strong><span dir=\"auto\">\u00a0: rejet de l\u2019abus de la force militaire, selon lequel \u00ab\u00a0les gouvernements peuvent agir en toute impunit\u00e9\u00a0\u00bb, avec un appel \u00e0 faire appliquer les mandats d\u2019arr\u00eat contre les hommes politiques et militaires isra\u00e9liens tenus responsables du g\u00e9nocide.<\/span><\/li>\n<\/ul>\n","protected":false},"excerpt":{"rendered":"<p>Les bateaux de la Flottille mondiale Sumud arrivent en Sicile, l&rsquo;un apr\u00e8s l&rsquo;autre, d&rsquo;abord \u00e0 Augusta puis \u00e0 Syracuse, le long de la c\u00f4te orientale de l&rsquo;\u00eele. Cette arriv\u00e9e conclut une semaine de mobilisations en Italie et \u00e0 l&rsquo;\u00e9tranger. Des&hellip;<\/p>\n","protected":false},"author":2618,"featured_media":2695549,"comment_status":"closed","ping_status":"closed","sticky":false,"template":"","format":"standard","meta":{"footnotes":""},"categories":[98,85,124282,90],"tags":[5173,155890,142102,155889,1508,142919,1113],"class_list":["post-2695548","post","type-post","status-publish","format-standard","has-post-thumbnail","hentry","category-droits-de-lhomme","category-europe-fr","category-news-fr","category-moyen-orient","tag-blocus","tag-corridor-humanitaire","tag-flottille-mondiale-sumud","tag-flottille-sumud","tag-gaza-fr","tag-global-sumud-flotilla","tag-palestine-fr"],"yoast_head":"<!-- This site is optimized with the Yoast SEO plugin v27.1.1 - https:\/\/yoast.com\/product\/yoast-seo-wordpress\/ -->\n<title>Flottille mondiale Sumud, D\u00e9claration de Bruxelles<\/title>\n<meta name=\"description\" content=\"Les bateaux de la Flottille mondiale Sumud arrivent en Sicile, l&#039;un apr\u00e8s l&#039;autre, d&#039;abord \u00e0 Augusta puis \u00e0 Syracuse, le long de la c\u00f4te orientale de\" \/>\n<meta name=\"robots\" content=\"index, follow, max-snippet:-1, max-image-preview:large, max-video-preview:-1\" \/>\n<link rel=\"canonical\" href=\"https:\/\/www.pressenza.com\/fr\/2026\/04\/flottille-mondiale-sumud-declaration-de-bruxelles\/\" \/>\n<meta property=\"og:locale\" content=\"fr_FR\" \/>\n<meta property=\"og:type\" content=\"article\" \/>\n<meta property=\"og:title\" content=\"Flottille mondiale Sumud, D\u00e9claration de Bruxelles\" \/>\n<meta property=\"og:description\" content=\"Les bateaux de la Flottille mondiale Sumud arrivent en Sicile, l&#039;un apr\u00e8s l&#039;autre, d&#039;abord \u00e0 Augusta puis \u00e0 Syracuse, le long de la c\u00f4te orientale de\" \/>\n<meta property=\"og:url\" content=\"https:\/\/www.pressenza.com\/fr\/2026\/04\/flottille-mondiale-sumud-declaration-de-bruxelles\/\" \/>\n<meta property=\"og:site_name\" content=\"Pressenza\" \/>\n<meta property=\"article:publisher\" content=\"https:\/\/www.facebook.com\/PressenzaItalia\" \/>\n<meta property=\"article:published_time\" content=\"2026-04-25T22:00:30+00:00\" \/>\n<meta property=\"article:modified_time\" content=\"2026-04-26T00:28:30+00:00\" \/>\n<meta property=\"og:image\" content=\"https:\/\/www.pressenza.com\/wp-content\/uploads\/2025\/09\/barche-GSF-rit-1.jpg\" \/>\n\t<meta property=\"og:image:width\" content=\"518\" \/>\n\t<meta property=\"og:image:height\" content=\"445\" \/>\n\t<meta property=\"og:image:type\" content=\"image\/jpeg\" \/>\n<meta name=\"author\" content=\"Global Sumud Flotilla\" \/>\n<meta name=\"twitter:card\" content=\"summary_large_image\" \/>\n<meta name=\"twitter:creator\" content=\"@PressenzaIPA\" \/>\n<meta name=\"twitter:site\" content=\"@PressenzaIPA\" \/>\n<meta name=\"twitter:label1\" content=\"\u00c9crit par\" \/>\n\t<meta name=\"twitter:data1\" content=\"Global Sumud Flotilla\" \/>\n\t<meta name=\"twitter:label2\" content=\"Dur\u00e9e de lecture estim\u00e9e\" \/>\n\t<meta name=\"twitter:data2\" content=\"2 minutes\" \/>\n<script type=\"application\/ld+json\" class=\"yoast-schema-graph\">{\"@context\":\"https:\/\/schema.org\",\"@graph\":[{\"@type\":\"Article\",\"@id\":\"https:\/\/www.pressenza.com\/fr\/2026\/04\/flottille-mondiale-sumud-declaration-de-bruxelles\/#article\",\"isPartOf\":{\"@id\":\"https:\/\/www.pressenza.com\/fr\/2026\/04\/flottille-mondiale-sumud-declaration-de-bruxelles\/\"},\"author\":{\"name\":\"Global Sumud Flotilla\",\"@id\":\"https:\/\/www.pressenza.com\/fr\/#\/schema\/person\/f5fae25226a4598773c17a477c10c7f5\"},\"headline\":\"Flottille mondiale Sumud, D\u00e9claration de Bruxelles\",\"datePublished\":\"2026-04-25T22:00:30+00:00\",\"dateModified\":\"2026-04-26T00:28:30+00:00\",\"mainEntityOfPage\":{\"@id\":\"https:\/\/www.pressenza.com\/fr\/2026\/04\/flottille-mondiale-sumud-declaration-de-bruxelles\/\"},\"wordCount\":287,\"publisher\":{\"@id\":\"https:\/\/www.pressenza.com\/fr\/#organization\"},\"image\":{\"@id\":\"https:\/\/www.pressenza.com\/fr\/2026\/04\/flottille-mondiale-sumud-declaration-de-bruxelles\/#primaryimage\"},\"thumbnailUrl\":\"https:\/\/www.pressenza.com\/wp-content\/uploads\/2025\/09\/barche-GSF-rit-1.jpg\",\"keywords\":[\"blocus\",\"Corridor humanitaire\",\"Flottille mondiale Sumud\",\"Flottille Sumud\",\"Gaza\",\"Global Sumud Flotilla\",\"Palestine\"],\"articleSection\":[\"Droits humains\",\"Europe\",\"News\",\"Proche et Moyen-Orient\"],\"inLanguage\":\"fr-FR\"},{\"@type\":\"WebPage\",\"@id\":\"https:\/\/www.pressenza.com\/fr\/2026\/04\/flottille-mondiale-sumud-declaration-de-bruxelles\/\",\"url\":\"https:\/\/www.pressenza.com\/fr\/2026\/04\/flottille-mondiale-sumud-declaration-de-bruxelles\/\",\"name\":\"Flottille mondiale Sumud, D\u00e9claration de Bruxelles\",\"isPartOf\":{\"@id\":\"https:\/\/www.pressenza.com\/fr\/#website\"},\"primaryImageOfPage\":{\"@id\":\"https:\/\/www.pressenza.com\/fr\/2026\/04\/flottille-mondiale-sumud-declaration-de-bruxelles\/#primaryimage\"},\"image\":{\"@id\":\"https:\/\/www.pressenza.com\/fr\/2026\/04\/flottille-mondiale-sumud-declaration-de-bruxelles\/#primaryimage\"},\"thumbnailUrl\":\"https:\/\/www.pressenza.com\/wp-content\/uploads\/2025\/09\/barche-GSF-rit-1.jpg\",\"datePublished\":\"2026-04-25T22:00:30+00:00\",\"dateModified\":\"2026-04-26T00:28:30+00:00\",\"description\":\"Les bateaux de la Flottille mondiale Sumud arrivent en Sicile, l'un apr\u00e8s l'autre, d'abord \u00e0 Augusta puis \u00e0 Syracuse, le long de la c\u00f4te orientale de\",\"breadcrumb\":{\"@id\":\"https:\/\/www.pressenza.com\/fr\/2026\/04\/flottille-mondiale-sumud-declaration-de-bruxelles\/#breadcrumb\"},\"inLanguage\":\"fr-FR\",\"potentialAction\":[{\"@type\":\"ReadAction\",\"target\":[\"https:\/\/www.pressenza.com\/fr\/2026\/04\/flottille-mondiale-sumud-declaration-de-bruxelles\/\"]}]},{\"@type\":\"ImageObject\",\"inLanguage\":\"fr-FR\",\"@id\":\"https:\/\/www.pressenza.com\/fr\/2026\/04\/flottille-mondiale-sumud-declaration-de-bruxelles\/#primaryimage\",\"url\":\"https:\/\/www.pressenza.com\/wp-content\/uploads\/2025\/09\/barche-GSF-rit-1.jpg\",\"contentUrl\":\"https:\/\/www.pressenza.com\/wp-content\/uploads\/2025\/09\/barche-GSF-rit-1.jpg\",\"width\":518,\"height\":445},{\"@type\":\"BreadcrumbList\",\"@id\":\"https:\/\/www.pressenza.com\/fr\/2026\/04\/flottille-mondiale-sumud-declaration-de-bruxelles\/#breadcrumb\",\"itemListElement\":[{\"@type\":\"ListItem\",\"position\":1,\"name\":\"Accueil\",\"item\":\"https:\/\/www.pressenza.com\/fr\/\"},{\"@type\":\"ListItem\",\"position\":2,\"name\":\"Flottille mondiale Sumud, D\u00e9claration de Bruxelles\"}]},{\"@type\":\"WebSite\",\"@id\":\"https:\/\/www.pressenza.com\/fr\/#website\",\"url\":\"https:\/\/www.pressenza.com\/fr\/\",\"name\":\"Pressenza\",\"description\":\"International Press Agency\",\"publisher\":{\"@id\":\"https:\/\/www.pressenza.com\/fr\/#organization\"},\"potentialAction\":[{\"@type\":\"SearchAction\",\"target\":{\"@type\":\"EntryPoint\",\"urlTemplate\":\"https:\/\/www.pressenza.com\/fr\/?s={search_term_string}\"},\"query-input\":{\"@type\":\"PropertyValueSpecification\",\"valueRequired\":true,\"valueName\":\"search_term_string\"}}],\"inLanguage\":\"fr-FR\"},{\"@type\":\"Organization\",\"@id\":\"https:\/\/www.pressenza.com\/fr\/#organization\",\"name\":\"Pressenza\",\"url\":\"https:\/\/www.pressenza.com\/fr\/\",\"logo\":{\"@type\":\"ImageObject\",\"inLanguage\":\"fr-FR\",\"@id\":\"https:\/\/www.pressenza.com\/fr\/#\/schema\/logo\/image\/\",\"url\":\"https:\/\/www.pressenza.com\/wp-content\/uploads\/2022\/10\/pressenza_logo_200x200.jpg\",\"contentUrl\":\"https:\/\/www.pressenza.com\/wp-content\/uploads\/2022\/10\/pressenza_logo_200x200.jpg\",\"width\":200,\"height\":200,\"caption\":\"Pressenza\"},\"image\":{\"@id\":\"https:\/\/www.pressenza.com\/fr\/#\/schema\/logo\/image\/\"},\"sameAs\":[\"https:\/\/www.facebook.com\/PressenzaItalia\",\"https:\/\/x.com\/PressenzaIPA\"]},{\"@type\":\"Person\",\"@id\":\"https:\/\/www.pressenza.com\/fr\/#\/schema\/person\/f5fae25226a4598773c17a477c10c7f5\",\"name\":\"Global Sumud Flotilla\",\"description\":\"The Global Sumud Flotilla is an international movement of coordinated, nonviolent action, by land, sea and across borders, working to end Israel's illegal siege on Gaza, confront the complicity that enables occupation, and stand with the Palestinian people. https:\/\/globalsumudflotilla.org\/\",\"sameAs\":[\"https:\/\/globalsumudflotilla.org\/\"],\"url\":\"https:\/\/www.pressenza.com\/fr\/author\/global-sumud-flotilla\/\"}]}<\/script>\n<!-- \/ Yoast SEO plugin. -->","yoast_head_json":{"title":"Flottille mondiale Sumud, D\u00e9claration de Bruxelles","description":"Les bateaux de la Flottille mondiale Sumud arrivent en Sicile, l'un apr\u00e8s l'autre, d'abord \u00e0 Augusta puis \u00e0 Syracuse, le long de la c\u00f4te orientale de","robots":{"index":"index","follow":"follow","max-snippet":"max-snippet:-1","max-image-preview":"max-image-preview:large","max-video-preview":"max-video-preview:-1"},"canonical":"https:\/\/www.pressenza.com\/fr\/2026\/04\/flottille-mondiale-sumud-declaration-de-bruxelles\/","og_locale":"fr_FR","og_type":"article","og_title":"Flottille mondiale Sumud, D\u00e9claration de Bruxelles","og_description":"Les bateaux de la Flottille mondiale Sumud arrivent en Sicile, l'un apr\u00e8s l'autre, d'abord \u00e0 Augusta puis \u00e0 Syracuse, le long de la c\u00f4te orientale de","og_url":"https:\/\/www.pressenza.com\/fr\/2026\/04\/flottille-mondiale-sumud-declaration-de-bruxelles\/","og_site_name":"Pressenza","article_publisher":"https:\/\/www.facebook.com\/PressenzaItalia","article_published_time":"2026-04-25T22:00:30+00:00","article_modified_time":"2026-04-26T00:28:30+00:00","og_image":[{"width":518,"height":445,"url":"https:\/\/www.pressenza.com\/wp-content\/uploads\/2025\/09\/barche-GSF-rit-1.jpg","type":"image\/jpeg"}],"author":"Global Sumud Flotilla","twitter_card":"summary_large_image","twitter_creator":"@PressenzaIPA","twitter_site":"@PressenzaIPA","twitter_misc":{"\u00c9crit par":"Global Sumud Flotilla","Dur\u00e9e de lecture estim\u00e9e":"2 minutes"},"schema":{"@context":"https:\/\/schema.org","@graph":[{"@type":"Article","@id":"https:\/\/www.pressenza.com\/fr\/2026\/04\/flottille-mondiale-sumud-declaration-de-bruxelles\/#article","isPartOf":{"@id":"https:\/\/www.pressenza.com\/fr\/2026\/04\/flottille-mondiale-sumud-declaration-de-bruxelles\/"},"author":{"name":"Global Sumud Flotilla","@id":"https:\/\/www.pressenza.com\/fr\/#\/schema\/person\/f5fae25226a4598773c17a477c10c7f5"},"headline":"Flottille mondiale Sumud, D\u00e9claration de Bruxelles","datePublished":"2026-04-25T22:00:30+00:00","dateModified":"2026-04-26T00:28:30+00:00","mainEntityOfPage":{"@id":"https:\/\/www.pressenza.com\/fr\/2026\/04\/flottille-mondiale-sumud-declaration-de-bruxelles\/"},"wordCount":287,"publisher":{"@id":"https:\/\/www.pressenza.com\/fr\/#organization"},"image":{"@id":"https:\/\/www.pressenza.com\/fr\/2026\/04\/flottille-mondiale-sumud-declaration-de-bruxelles\/#primaryimage"},"thumbnailUrl":"https:\/\/www.pressenza.com\/wp-content\/uploads\/2025\/09\/barche-GSF-rit-1.jpg","keywords":["blocus","Corridor humanitaire","Flottille mondiale Sumud","Flottille Sumud","Gaza","Global Sumud Flotilla","Palestine"],"articleSection":["Droits humains","Europe","News","Proche et Moyen-Orient"],"inLanguage":"fr-FR"},{"@type":"WebPage","@id":"https:\/\/www.pressenza.com\/fr\/2026\/04\/flottille-mondiale-sumud-declaration-de-bruxelles\/","url":"https:\/\/www.pressenza.com\/fr\/2026\/04\/flottille-mondiale-sumud-declaration-de-bruxelles\/","name":"Flottille mondiale Sumud, D\u00e9claration de Bruxelles","isPartOf":{"@id":"https:\/\/www.pressenza.com\/fr\/#website"},"primaryImageOfPage":{"@id":"https:\/\/www.pressenza.com\/fr\/2026\/04\/flottille-mondiale-sumud-declaration-de-bruxelles\/#primaryimage"},"image":{"@id":"https:\/\/www.pressenza.com\/fr\/2026\/04\/flottille-mondiale-sumud-declaration-de-bruxelles\/#primaryimage"},"thumbnailUrl":"https:\/\/www.pressenza.com\/wp-content\/uploads\/2025\/09\/barche-GSF-rit-1.jpg","datePublished":"2026-04-25T22:00:30+00:00","dateModified":"2026-04-26T00:28:30+00:00","description":"Les bateaux de la Flottille mondiale Sumud arrivent en Sicile, l'un apr\u00e8s l'autre, d'abord \u00e0 Augusta puis \u00e0 Syracuse, le long de la c\u00f4te orientale de","breadcrumb":{"@id":"https:\/\/www.pressenza.com\/fr\/2026\/04\/flottille-mondiale-sumud-declaration-de-bruxelles\/#breadcrumb"},"inLanguage":"fr-FR","potentialAction":[{"@type":"ReadAction","target":["https:\/\/www.pressenza.com\/fr\/2026\/04\/flottille-mondiale-sumud-declaration-de-bruxelles\/"]}]},{"@type":"ImageObject","inLanguage":"fr-FR","@id":"https:\/\/www.pressenza.com\/fr\/2026\/04\/flottille-mondiale-sumud-declaration-de-bruxelles\/#primaryimage","url":"https:\/\/www.pressenza.com\/wp-content\/uploads\/2025\/09\/barche-GSF-rit-1.jpg","contentUrl":"https:\/\/www.pressenza.com\/wp-content\/uploads\/2025\/09\/barche-GSF-rit-1.jpg","width":518,"height":445},{"@type":"BreadcrumbList","@id":"https:\/\/www.pressenza.com\/fr\/2026\/04\/flottille-mondiale-sumud-declaration-de-bruxelles\/#breadcrumb","itemListElement":[{"@type":"ListItem","position":1,"name":"Accueil","item":"https:\/\/www.pressenza.com\/fr\/"},{"@type":"ListItem","position":2,"name":"Flottille mondiale Sumud, D\u00e9claration de Bruxelles"}]},{"@type":"WebSite","@id":"https:\/\/www.pressenza.com\/fr\/#website","url":"https:\/\/www.pressenza.com\/fr\/","name":"Pressenza","description":"International Press Agency","publisher":{"@id":"https:\/\/www.pressenza.com\/fr\/#organization"},"potentialAction":[{"@type":"SearchAction","target":{"@type":"EntryPoint","urlTemplate":"https:\/\/www.pressenza.com\/fr\/?s={search_term_string}"},"query-input":{"@type":"PropertyValueSpecification","valueRequired":true,"valueName":"search_term_string"}}],"inLanguage":"fr-FR"},{"@type":"Organization","@id":"https:\/\/www.pressenza.com\/fr\/#organization","name":"Pressenza","url":"https:\/\/www.pressenza.com\/fr\/","logo":{"@type":"ImageObject","inLanguage":"fr-FR","@id":"https:\/\/www.pressenza.com\/fr\/#\/schema\/logo\/image\/","url":"https:\/\/www.pressenza.com\/wp-content\/uploads\/2022\/10\/pressenza_logo_200x200.jpg","contentUrl":"https:\/\/www.pressenza.com\/wp-content\/uploads\/2022\/10\/pressenza_logo_200x200.jpg","width":200,"height":200,"caption":"Pressenza"},"image":{"@id":"https:\/\/www.pressenza.com\/fr\/#\/schema\/logo\/image\/"},"sameAs":["https:\/\/www.facebook.com\/PressenzaItalia","https:\/\/x.com\/PressenzaIPA"]},{"@type":"Person","@id":"https:\/\/www.pressenza.com\/fr\/#\/schema\/person\/f5fae25226a4598773c17a477c10c7f5","name":"Global Sumud Flotilla","description":"The Global Sumud Flotilla is an international movement of coordinated, nonviolent action, by land, sea and across borders, working to end Israel's illegal siege on Gaza, confront the complicity that enables occupation, and stand with the Palestinian people. https:\/\/globalsumudflotilla.org\/","sameAs":["https:\/\/globalsumudflotilla.org\/"],"url":"https:\/\/www.pressenza.com\/fr\/author\/global-sumud-flotilla\/"}]}},"place":"Mer M\u00e9diterran\u00e9e","original_article_url":"","_links":{"self":[{"href":"https:\/\/www.pressenza.com\/fr\/wp-json\/wp\/v2\/posts\/2695548","targetHints":{"allow":["GET"]}}],"collection":[{"href":"https:\/\/www.pressenza.com\/fr\/wp-json\/wp\/v2\/posts"}],"about":[{"href":"https:\/\/www.pressenza.com\/fr\/wp-json\/wp\/v2\/types\/post"}],"author":[{"embeddable":true,"href":"https:\/\/www.pressenza.com\/fr\/wp-json\/wp\/v2\/users\/2618"}],"replies":[{"embeddable":true,"href":"https:\/\/www.pressenza.com\/fr\/wp-json\/wp\/v2\/comments?post=2695548"}],"version-history":[{"count":3,"href":"https:\/\/www.pressenza.com\/fr\/wp-json\/wp\/v2\/posts\/2695548\/revisions"}],"predecessor-version":[{"id":2695553,"href":"https:\/\/www.pressenza.com\/fr\/wp-json\/wp\/v2\/posts\/2695548\/revisions\/2695553"}],"wp:featuredmedia":[{"embeddable":true,"href":"https:\/\/www.pressenza.com\/fr\/wp-json\/wp\/v2\/media\/2695549"}],"wp:attachment":[{"href":"https:\/\/www.pressenza.com\/fr\/wp-json\/wp\/v2\/media?parent=2695548"}],"wp:term":[{"taxonomy":"category","embeddable":true,"href":"https:\/\/www.pressenza.com\/fr\/wp-json\/wp\/v2\/categories?post=2695548"},{"taxonomy":"post_tag","embeddable":true,"href":"https:\/\/www.pressenza.com\/fr\/wp-json\/wp\/v2\/tags?post=2695548"}],"curies":[{"name":"wp","href":"https:\/\/api.w.org\/{rel}","templated":true}]}}