{"id":2695539,"date":"2026-04-25T23:51:07","date_gmt":"2026-04-25T22:51:07","guid":{"rendered":"https:\/\/www.pressenza.com\/?p=2695539"},"modified":"2026-04-26T00:05:13","modified_gmt":"2026-04-25T23:05:13","slug":"25-nouveaux-navires-rejoignent-la-flottille-mondiale-sumud-en-italie","status":"publish","type":"post","link":"https:\/\/www.pressenza.com\/fr\/2026\/04\/25-nouveaux-navires-rejoignent-la-flottille-mondiale-sumud-en-italie\/","title":{"rendered":"25 nouveaux navires rejoignent la Flottille mondiale Sumud en Italie"},"content":{"rendered":"<p><span dir=\"auto\">Le regroupement de la flotte \u00e0 Syracuse marque une \u00e9tape importante, la mission d\u00e9passant d\u00e9sormais la taille totale de l&rsquo;ann\u00e9e derni\u00e8re avant son arriv\u00e9e dans les ports finaux.<\/span><\/p>\n<p><span dir=\"auto\"><span class=\"\" dir=\"auto\">La flottille mondiale Sumud entre dans une nouvelle phase d&rsquo;escalade avec le rassemblement de navires en provenance de Barcelone et de toute l&rsquo;Italie \u00e0 la Marina di Siracusa, formant une flotte unifi\u00e9e consid\u00e9rablement renforc\u00e9e, pr\u00eate \u00e0 poursuivre sa route vers Gaza. Avec l&rsquo;arriv\u00e9e de 25 navires suppl\u00e9mentaires en Italie, la flottille d\u00e9passe d\u00e9sormais la taille de la mission totale de l&rsquo;ann\u00e9e derni\u00e8re, t\u00e9moignant d&rsquo;une participation internationale croissante et d&rsquo;une pression civile de plus en plus forte pour contrer le blocus ill\u00e9gal de Gaza par Isra\u00ebl.<\/span><\/span><\/p>\n<p><span dir=\"auto\">Avec encore deux ports \u00e0 atteindre, la mission continue de prendre de l&rsquo;ampleur, de se coordonner et de rayonner \u00e0 l&rsquo;international. Le rassemblement \u00e0 Syracuse repr\u00e9sente \u00e0 la fois une \u00e9tape logistique majeure et un message politique fort\u00a0: <\/span><strong><span dir=\"auto\">la flottille n&rsquo;est pas statique, elle grandit, s&rsquo;adapte et progresse.<\/span><\/strong><\/p>\n<p>Source : discussion Telegram de soutiens \u00e0 Sumud \u00e0 Rome<\/p>\n","protected":false},"excerpt":{"rendered":"<p>Le regroupement de la flotte \u00e0 Syracuse marque une \u00e9tape importante, la mission d\u00e9passant d\u00e9sormais la taille totale de l&rsquo;ann\u00e9e derni\u00e8re avant son arriv\u00e9e dans les ports finaux. La flottille mondiale Sumud entre dans une nouvelle phase d&rsquo;escalade avec le&hellip;<\/p>\n","protected":false},"author":594,"featured_media":2695540,"comment_status":"closed","ping_status":"closed","sticky":false,"template":"","format":"standard","meta":{"footnotes":""},"categories":[98,85,124282,1248,90],"tags":[155888,117586,142102,1508,142919,470,1527,14731,155886,142621],"class_list":["post-2695539","post","type-post","status-publish","format-standard","has-post-thumbnail","hentry","category-droits-de-lhomme","category-europe-fr","category-news-fr","category-nonviolence-sujet","category-moyen-orient","tag-blocus-de-gaza","tag-conflit-israel-palestine","tag-flottille-mondiale-sumud","tag-gaza-fr","tag-global-sumud-flotilla","tag-israel-fr","tag-italie","tag-mobilisation-citoyenne","tag-nouveaux-bateaux","tag-syracuse"],"yoast_head":"<!-- This site is optimized with the Yoast SEO plugin v27.1.1 - https:\/\/yoast.com\/product\/yoast-seo-wordpress\/ -->\n<title>25 nouveaux navires rejoignent la Flottille mondiale Sumud en Italie<\/title>\n<meta name=\"description\" content=\"Le regroupement de la flotte \u00e0 Syracuse marque une \u00e9tape importante, la mission d\u00e9passant d\u00e9sormais la taille totale de l&#039;ann\u00e9e derni\u00e8re avant son arriv\u00e9e\" \/>\n<meta name=\"robots\" content=\"index, follow, max-snippet:-1, max-image-preview:large, max-video-preview:-1\" \/>\n<link rel=\"canonical\" href=\"https:\/\/www.pressenza.com\/fr\/2026\/04\/25-nouveaux-navires-rejoignent-la-flottille-mondiale-sumud-en-italie\/\" \/>\n<meta property=\"og:locale\" content=\"fr_FR\" \/>\n<meta property=\"og:type\" content=\"article\" \/>\n<meta property=\"og:title\" content=\"25 nouveaux navires rejoignent la Flottille mondiale Sumud en Italie\" \/>\n<meta property=\"og:description\" content=\"Le regroupement de la flotte \u00e0 Syracuse marque une \u00e9tape importante, la mission d\u00e9passant d\u00e9sormais la taille totale de l&#039;ann\u00e9e derni\u00e8re avant son arriv\u00e9e\" \/>\n<meta property=\"og:url\" content=\"https:\/\/www.pressenza.com\/fr\/2026\/04\/25-nouveaux-navires-rejoignent-la-flottille-mondiale-sumud-en-italie\/\" \/>\n<meta property=\"og:site_name\" content=\"Pressenza\" \/>\n<meta property=\"article:publisher\" content=\"https:\/\/www.facebook.com\/PressenzaItalia\" \/>\n<meta property=\"article:author\" content=\"https:\/\/www.facebook.com\/PressenzaItalia\" \/>\n<meta property=\"article:published_time\" content=\"2026-04-25T22:51:07+00:00\" \/>\n<meta property=\"article:modified_time\" content=\"2026-04-25T23:05:13+00:00\" \/>\n<meta property=\"og:image\" content=\"https:\/\/www.pressenza.com\/wp-content\/uploads\/2025\/10\/Greenpeace-global-sumud-flotilla-e1759412857127.webp\" \/>\n\t<meta property=\"og:image:width\" content=\"800\" \/>\n\t<meta property=\"og:image:height\" content=\"533\" \/>\n\t<meta property=\"og:image:type\" content=\"image\/webp\" \/>\n<meta name=\"author\" content=\"Redazione Italia\" \/>\n<meta name=\"twitter:card\" content=\"summary_large_image\" \/>\n<meta name=\"twitter:creator\" content=\"@pressenza_it\" \/>\n<meta name=\"twitter:site\" content=\"@PressenzaIPA\" \/>\n<meta name=\"twitter:label1\" content=\"\u00c9crit par\" \/>\n\t<meta name=\"twitter:data1\" content=\"Redazione Italia\" \/>\n\t<meta name=\"twitter:label2\" content=\"Dur\u00e9e de lecture estim\u00e9e\" \/>\n\t<meta name=\"twitter:data2\" content=\"2 minutes\" \/>\n<script type=\"application\/ld+json\" class=\"yoast-schema-graph\">{\"@context\":\"https:\/\/schema.org\",\"@graph\":[{\"@type\":\"Article\",\"@id\":\"https:\/\/www.pressenza.com\/fr\/2026\/04\/25-nouveaux-navires-rejoignent-la-flottille-mondiale-sumud-en-italie\/#article\",\"isPartOf\":{\"@id\":\"https:\/\/www.pressenza.com\/fr\/2026\/04\/25-nouveaux-navires-rejoignent-la-flottille-mondiale-sumud-en-italie\/\"},\"author\":{\"name\":\"Redazione Italia\",\"@id\":\"https:\/\/www.pressenza.com\/fr\/#\/schema\/person\/d983e81827ae24f2c7b1a2123d197f8d\"},\"headline\":\"25 nouveaux navires rejoignent la Flottille mondiale Sumud en Italie\",\"datePublished\":\"2026-04-25T22:51:07+00:00\",\"dateModified\":\"2026-04-25T23:05:13+00:00\",\"mainEntityOfPage\":{\"@id\":\"https:\/\/www.pressenza.com\/fr\/2026\/04\/25-nouveaux-navires-rejoignent-la-flottille-mondiale-sumud-en-italie\/\"},\"wordCount\":199,\"publisher\":{\"@id\":\"https:\/\/www.pressenza.com\/fr\/#organization\"},\"image\":{\"@id\":\"https:\/\/www.pressenza.com\/fr\/2026\/04\/25-nouveaux-navires-rejoignent-la-flottille-mondiale-sumud-en-italie\/#primaryimage\"},\"thumbnailUrl\":\"https:\/\/www.pressenza.com\/wp-content\/uploads\/2025\/10\/Greenpeace-global-sumud-flotilla-e1759412857127.webp\",\"keywords\":[\"Blocus de Gaza\",\"Conflit Isra\u00ebl Palestine\",\"Flottille mondiale Sumud\",\"Gaza\",\"Global Sumud Flotilla\",\"Isra\u00ebl\",\"Italie\",\"mobilisation citoyenne\",\"nouveaux bateaux\",\"Syracuse\"],\"articleSection\":[\"Droits humains\",\"Europe\",\"News\",\"Non-violence\",\"Proche et Moyen-Orient\"],\"inLanguage\":\"fr-FR\"},{\"@type\":\"WebPage\",\"@id\":\"https:\/\/www.pressenza.com\/fr\/2026\/04\/25-nouveaux-navires-rejoignent-la-flottille-mondiale-sumud-en-italie\/\",\"url\":\"https:\/\/www.pressenza.com\/fr\/2026\/04\/25-nouveaux-navires-rejoignent-la-flottille-mondiale-sumud-en-italie\/\",\"name\":\"25 nouveaux navires rejoignent la Flottille mondiale Sumud en Italie\",\"isPartOf\":{\"@id\":\"https:\/\/www.pressenza.com\/fr\/#website\"},\"primaryImageOfPage\":{\"@id\":\"https:\/\/www.pressenza.com\/fr\/2026\/04\/25-nouveaux-navires-rejoignent-la-flottille-mondiale-sumud-en-italie\/#primaryimage\"},\"image\":{\"@id\":\"https:\/\/www.pressenza.com\/fr\/2026\/04\/25-nouveaux-navires-rejoignent-la-flottille-mondiale-sumud-en-italie\/#primaryimage\"},\"thumbnailUrl\":\"https:\/\/www.pressenza.com\/wp-content\/uploads\/2025\/10\/Greenpeace-global-sumud-flotilla-e1759412857127.webp\",\"datePublished\":\"2026-04-25T22:51:07+00:00\",\"dateModified\":\"2026-04-25T23:05:13+00:00\",\"description\":\"Le regroupement de la flotte \u00e0 Syracuse marque une \u00e9tape importante, la mission d\u00e9passant d\u00e9sormais la taille totale de l'ann\u00e9e derni\u00e8re avant son arriv\u00e9e\",\"breadcrumb\":{\"@id\":\"https:\/\/www.pressenza.com\/fr\/2026\/04\/25-nouveaux-navires-rejoignent-la-flottille-mondiale-sumud-en-italie\/#breadcrumb\"},\"inLanguage\":\"fr-FR\",\"potentialAction\":[{\"@type\":\"ReadAction\",\"target\":[\"https:\/\/www.pressenza.com\/fr\/2026\/04\/25-nouveaux-navires-rejoignent-la-flottille-mondiale-sumud-en-italie\/\"]}]},{\"@type\":\"ImageObject\",\"inLanguage\":\"fr-FR\",\"@id\":\"https:\/\/www.pressenza.com\/fr\/2026\/04\/25-nouveaux-navires-rejoignent-la-flottille-mondiale-sumud-en-italie\/#primaryimage\",\"url\":\"https:\/\/www.pressenza.com\/wp-content\/uploads\/2025\/10\/Greenpeace-global-sumud-flotilla-e1759412857127.webp\",\"contentUrl\":\"https:\/\/www.pressenza.com\/wp-content\/uploads\/2025\/10\/Greenpeace-global-sumud-flotilla-e1759412857127.webp\",\"width\":800,\"height\":533,\"caption\":\"Flottiglia solidale in mare aperto\"},{\"@type\":\"BreadcrumbList\",\"@id\":\"https:\/\/www.pressenza.com\/fr\/2026\/04\/25-nouveaux-navires-rejoignent-la-flottille-mondiale-sumud-en-italie\/#breadcrumb\",\"itemListElement\":[{\"@type\":\"ListItem\",\"position\":1,\"name\":\"Accueil\",\"item\":\"https:\/\/www.pressenza.com\/fr\/\"},{\"@type\":\"ListItem\",\"position\":2,\"name\":\"25 nouveaux navires rejoignent la Flottille mondiale Sumud en Italie\"}]},{\"@type\":\"WebSite\",\"@id\":\"https:\/\/www.pressenza.com\/fr\/#website\",\"url\":\"https:\/\/www.pressenza.com\/fr\/\",\"name\":\"Pressenza\",\"description\":\"International Press Agency\",\"publisher\":{\"@id\":\"https:\/\/www.pressenza.com\/fr\/#organization\"},\"potentialAction\":[{\"@type\":\"SearchAction\",\"target\":{\"@type\":\"EntryPoint\",\"urlTemplate\":\"https:\/\/www.pressenza.com\/fr\/?s={search_term_string}\"},\"query-input\":{\"@type\":\"PropertyValueSpecification\",\"valueRequired\":true,\"valueName\":\"search_term_string\"}}],\"inLanguage\":\"fr-FR\"},{\"@type\":\"Organization\",\"@id\":\"https:\/\/www.pressenza.com\/fr\/#organization\",\"name\":\"Pressenza\",\"url\":\"https:\/\/www.pressenza.com\/fr\/\",\"logo\":{\"@type\":\"ImageObject\",\"inLanguage\":\"fr-FR\",\"@id\":\"https:\/\/www.pressenza.com\/fr\/#\/schema\/logo\/image\/\",\"url\":\"https:\/\/www.pressenza.com\/wp-content\/uploads\/2022\/10\/pressenza_logo_200x200.jpg\",\"contentUrl\":\"https:\/\/www.pressenza.com\/wp-content\/uploads\/2022\/10\/pressenza_logo_200x200.jpg\",\"width\":200,\"height\":200,\"caption\":\"Pressenza\"},\"image\":{\"@id\":\"https:\/\/www.pressenza.com\/fr\/#\/schema\/logo\/image\/\"},\"sameAs\":[\"https:\/\/www.facebook.com\/PressenzaItalia\",\"https:\/\/x.com\/PressenzaIPA\"]},{\"@type\":\"Person\",\"@id\":\"https:\/\/www.pressenza.com\/fr\/#\/schema\/person\/d983e81827ae24f2c7b1a2123d197f8d\",\"name\":\"Redazione Italia\",\"description\":\"News from the Pressenza Bureau in Italy\",\"sameAs\":[\"https:\/\/www.pressenza.com\/it\/author\/redazione-italia\/\",\"https:\/\/www.facebook.com\/PressenzaItalia\",\"https:\/\/www.instagram.com\/pressenza_italia\/\",\"https:\/\/x.com\/pressenza_it\",\"https:\/\/www.youtube.com\/channel\/UCSalEIWjE1RSxkwjfftFuqg\"],\"url\":\"https:\/\/www.pressenza.com\/fr\/author\/redazione-italia\/\"}]}<\/script>\n<!-- \/ Yoast SEO plugin. -->","yoast_head_json":{"title":"25 nouveaux navires rejoignent la Flottille mondiale Sumud en Italie","description":"Le regroupement de la flotte \u00e0 Syracuse marque une \u00e9tape importante, la mission d\u00e9passant d\u00e9sormais la taille totale de l'ann\u00e9e derni\u00e8re avant son arriv\u00e9e","robots":{"index":"index","follow":"follow","max-snippet":"max-snippet:-1","max-image-preview":"max-image-preview:large","max-video-preview":"max-video-preview:-1"},"canonical":"https:\/\/www.pressenza.com\/fr\/2026\/04\/25-nouveaux-navires-rejoignent-la-flottille-mondiale-sumud-en-italie\/","og_locale":"fr_FR","og_type":"article","og_title":"25 nouveaux navires rejoignent la Flottille mondiale Sumud en Italie","og_description":"Le regroupement de la flotte \u00e0 Syracuse marque une \u00e9tape importante, la mission d\u00e9passant d\u00e9sormais la taille totale de l'ann\u00e9e derni\u00e8re avant son arriv\u00e9e","og_url":"https:\/\/www.pressenza.com\/fr\/2026\/04\/25-nouveaux-navires-rejoignent-la-flottille-mondiale-sumud-en-italie\/","og_site_name":"Pressenza","article_publisher":"https:\/\/www.facebook.com\/PressenzaItalia","article_author":"https:\/\/www.facebook.com\/PressenzaItalia","article_published_time":"2026-04-25T22:51:07+00:00","article_modified_time":"2026-04-25T23:05:13+00:00","og_image":[{"width":800,"height":533,"url":"https:\/\/www.pressenza.com\/wp-content\/uploads\/2025\/10\/Greenpeace-global-sumud-flotilla-e1759412857127.webp","type":"image\/webp"}],"author":"Redazione Italia","twitter_card":"summary_large_image","twitter_creator":"@pressenza_it","twitter_site":"@PressenzaIPA","twitter_misc":{"\u00c9crit par":"Redazione Italia","Dur\u00e9e de lecture estim\u00e9e":"2 minutes"},"schema":{"@context":"https:\/\/schema.org","@graph":[{"@type":"Article","@id":"https:\/\/www.pressenza.com\/fr\/2026\/04\/25-nouveaux-navires-rejoignent-la-flottille-mondiale-sumud-en-italie\/#article","isPartOf":{"@id":"https:\/\/www.pressenza.com\/fr\/2026\/04\/25-nouveaux-navires-rejoignent-la-flottille-mondiale-sumud-en-italie\/"},"author":{"name":"Redazione Italia","@id":"https:\/\/www.pressenza.com\/fr\/#\/schema\/person\/d983e81827ae24f2c7b1a2123d197f8d"},"headline":"25 nouveaux navires rejoignent la Flottille mondiale Sumud en Italie","datePublished":"2026-04-25T22:51:07+00:00","dateModified":"2026-04-25T23:05:13+00:00","mainEntityOfPage":{"@id":"https:\/\/www.pressenza.com\/fr\/2026\/04\/25-nouveaux-navires-rejoignent-la-flottille-mondiale-sumud-en-italie\/"},"wordCount":199,"publisher":{"@id":"https:\/\/www.pressenza.com\/fr\/#organization"},"image":{"@id":"https:\/\/www.pressenza.com\/fr\/2026\/04\/25-nouveaux-navires-rejoignent-la-flottille-mondiale-sumud-en-italie\/#primaryimage"},"thumbnailUrl":"https:\/\/www.pressenza.com\/wp-content\/uploads\/2025\/10\/Greenpeace-global-sumud-flotilla-e1759412857127.webp","keywords":["Blocus de Gaza","Conflit Isra\u00ebl Palestine","Flottille mondiale Sumud","Gaza","Global Sumud Flotilla","Isra\u00ebl","Italie","mobilisation citoyenne","nouveaux bateaux","Syracuse"],"articleSection":["Droits humains","Europe","News","Non-violence","Proche et Moyen-Orient"],"inLanguage":"fr-FR"},{"@type":"WebPage","@id":"https:\/\/www.pressenza.com\/fr\/2026\/04\/25-nouveaux-navires-rejoignent-la-flottille-mondiale-sumud-en-italie\/","url":"https:\/\/www.pressenza.com\/fr\/2026\/04\/25-nouveaux-navires-rejoignent-la-flottille-mondiale-sumud-en-italie\/","name":"25 nouveaux navires rejoignent la Flottille mondiale Sumud en Italie","isPartOf":{"@id":"https:\/\/www.pressenza.com\/fr\/#website"},"primaryImageOfPage":{"@id":"https:\/\/www.pressenza.com\/fr\/2026\/04\/25-nouveaux-navires-rejoignent-la-flottille-mondiale-sumud-en-italie\/#primaryimage"},"image":{"@id":"https:\/\/www.pressenza.com\/fr\/2026\/04\/25-nouveaux-navires-rejoignent-la-flottille-mondiale-sumud-en-italie\/#primaryimage"},"thumbnailUrl":"https:\/\/www.pressenza.com\/wp-content\/uploads\/2025\/10\/Greenpeace-global-sumud-flotilla-e1759412857127.webp","datePublished":"2026-04-25T22:51:07+00:00","dateModified":"2026-04-25T23:05:13+00:00","description":"Le regroupement de la flotte \u00e0 Syracuse marque une \u00e9tape importante, la mission d\u00e9passant d\u00e9sormais la taille totale de l'ann\u00e9e derni\u00e8re avant son arriv\u00e9e","breadcrumb":{"@id":"https:\/\/www.pressenza.com\/fr\/2026\/04\/25-nouveaux-navires-rejoignent-la-flottille-mondiale-sumud-en-italie\/#breadcrumb"},"inLanguage":"fr-FR","potentialAction":[{"@type":"ReadAction","target":["https:\/\/www.pressenza.com\/fr\/2026\/04\/25-nouveaux-navires-rejoignent-la-flottille-mondiale-sumud-en-italie\/"]}]},{"@type":"ImageObject","inLanguage":"fr-FR","@id":"https:\/\/www.pressenza.com\/fr\/2026\/04\/25-nouveaux-navires-rejoignent-la-flottille-mondiale-sumud-en-italie\/#primaryimage","url":"https:\/\/www.pressenza.com\/wp-content\/uploads\/2025\/10\/Greenpeace-global-sumud-flotilla-e1759412857127.webp","contentUrl":"https:\/\/www.pressenza.com\/wp-content\/uploads\/2025\/10\/Greenpeace-global-sumud-flotilla-e1759412857127.webp","width":800,"height":533,"caption":"Flottiglia solidale in mare aperto"},{"@type":"BreadcrumbList","@id":"https:\/\/www.pressenza.com\/fr\/2026\/04\/25-nouveaux-navires-rejoignent-la-flottille-mondiale-sumud-en-italie\/#breadcrumb","itemListElement":[{"@type":"ListItem","position":1,"name":"Accueil","item":"https:\/\/www.pressenza.com\/fr\/"},{"@type":"ListItem","position":2,"name":"25 nouveaux navires rejoignent la Flottille mondiale Sumud en Italie"}]},{"@type":"WebSite","@id":"https:\/\/www.pressenza.com\/fr\/#website","url":"https:\/\/www.pressenza.com\/fr\/","name":"Pressenza","description":"International Press Agency","publisher":{"@id":"https:\/\/www.pressenza.com\/fr\/#organization"},"potentialAction":[{"@type":"SearchAction","target":{"@type":"EntryPoint","urlTemplate":"https:\/\/www.pressenza.com\/fr\/?s={search_term_string}"},"query-input":{"@type":"PropertyValueSpecification","valueRequired":true,"valueName":"search_term_string"}}],"inLanguage":"fr-FR"},{"@type":"Organization","@id":"https:\/\/www.pressenza.com\/fr\/#organization","name":"Pressenza","url":"https:\/\/www.pressenza.com\/fr\/","logo":{"@type":"ImageObject","inLanguage":"fr-FR","@id":"https:\/\/www.pressenza.com\/fr\/#\/schema\/logo\/image\/","url":"https:\/\/www.pressenza.com\/wp-content\/uploads\/2022\/10\/pressenza_logo_200x200.jpg","contentUrl":"https:\/\/www.pressenza.com\/wp-content\/uploads\/2022\/10\/pressenza_logo_200x200.jpg","width":200,"height":200,"caption":"Pressenza"},"image":{"@id":"https:\/\/www.pressenza.com\/fr\/#\/schema\/logo\/image\/"},"sameAs":["https:\/\/www.facebook.com\/PressenzaItalia","https:\/\/x.com\/PressenzaIPA"]},{"@type":"Person","@id":"https:\/\/www.pressenza.com\/fr\/#\/schema\/person\/d983e81827ae24f2c7b1a2123d197f8d","name":"Redazione Italia","description":"News from the Pressenza Bureau in Italy","sameAs":["https:\/\/www.pressenza.com\/it\/author\/redazione-italia\/","https:\/\/www.facebook.com\/PressenzaItalia","https:\/\/www.instagram.com\/pressenza_italia\/","https:\/\/x.com\/pressenza_it","https:\/\/www.youtube.com\/channel\/UCSalEIWjE1RSxkwjfftFuqg"],"url":"https:\/\/www.pressenza.com\/fr\/author\/redazione-italia\/"}]}},"place":"Syracuse","original_article_url":"","_links":{"self":[{"href":"https:\/\/www.pressenza.com\/fr\/wp-json\/wp\/v2\/posts\/2695539","targetHints":{"allow":["GET"]}}],"collection":[{"href":"https:\/\/www.pressenza.com\/fr\/wp-json\/wp\/v2\/posts"}],"about":[{"href":"https:\/\/www.pressenza.com\/fr\/wp-json\/wp\/v2\/types\/post"}],"author":[{"embeddable":true,"href":"https:\/\/www.pressenza.com\/fr\/wp-json\/wp\/v2\/users\/594"}],"replies":[{"embeddable":true,"href":"https:\/\/www.pressenza.com\/fr\/wp-json\/wp\/v2\/comments?post=2695539"}],"version-history":[{"count":3,"href":"https:\/\/www.pressenza.com\/fr\/wp-json\/wp\/v2\/posts\/2695539\/revisions"}],"predecessor-version":[{"id":2695542,"href":"https:\/\/www.pressenza.com\/fr\/wp-json\/wp\/v2\/posts\/2695539\/revisions\/2695542"}],"wp:featuredmedia":[{"embeddable":true,"href":"https:\/\/www.pressenza.com\/fr\/wp-json\/wp\/v2\/media\/2695540"}],"wp:attachment":[{"href":"https:\/\/www.pressenza.com\/fr\/wp-json\/wp\/v2\/media?parent=2695539"}],"wp:term":[{"taxonomy":"category","embeddable":true,"href":"https:\/\/www.pressenza.com\/fr\/wp-json\/wp\/v2\/categories?post=2695539"},{"taxonomy":"post_tag","embeddable":true,"href":"https:\/\/www.pressenza.com\/fr\/wp-json\/wp\/v2\/tags?post=2695539"}],"curies":[{"name":"wp","href":"https:\/\/api.w.org\/{rel}","templated":true}]}}