{"id":2695530,"date":"2026-04-25T23:13:08","date_gmt":"2026-04-25T22:13:08","guid":{"rendered":"https:\/\/www.pressenza.com\/?p=2695530"},"modified":"2026-04-25T23:13:08","modified_gmt":"2026-04-25T22:13:08","slug":"entretien-avec-le-militant-israelien-pour-la-paix-omri-evron-nous-ne-cesserons-pas-de-nous-mobiliser-en-israel-et-dans-le-monde-entier","status":"publish","type":"post","link":"https:\/\/www.pressenza.com\/fr\/2026\/04\/entretien-avec-le-militant-israelien-pour-la-paix-omri-evron-nous-ne-cesserons-pas-de-nous-mobiliser-en-israel-et-dans-le-monde-entier\/","title":{"rendered":"Entretien avec le militant isra\u00e9lien pour la paix Omri Evron : \u00ab Nous ne cesserons pas de nous mobiliser, en Isra\u00ebl et dans le monde entier \u00bb"},"content":{"rendered":"<blockquote><p>Ce mouvement pacifiste arabo-isra\u00e9lien ne cesse de nous \u00e9tonner. Semaine apr\u00e8s semaine, il regagne du terrain, ou plut\u00f4t, il investit les rues, car les manifestations du week-end dernier (notamment samedi soir 11 avril 2026) ont \u00e9t\u00e9 v\u00e9ritablement nombreuses : Tel Aviv, J\u00e9rusalem, Ha\u00effa, avec 17 villes r\u00e9pondant \u00e0 l\u2019appel.<\/p>\n<p>Et le premier \u00e0 exprimer sa surprise est Omri Evron lui-m\u00eame, pacifiste de toujours, membre actif du Hadash (Parti communiste isra\u00e9lien) et, depuis deux ans, codirecteur de la Coalition pour le partenariat de paix, principal moteur de cette mobilisation. Nous l\u2019avons joint par t\u00e9l\u00e9phone, et voici sa d\u00e9claration.<\/p><\/blockquote>\n<p><strong>Omri Evron<\/strong> : Quand je repense aux premi\u00e8res manifestations en r\u00e9action \u00e0 l&rsquo;attaque isra\u00e9lo-am\u00e9ricaine contre l&rsquo;Iran le 28 f\u00e9vrier, j&rsquo;ai du mal \u00e0 croire la mobilisation de l&rsquo;autre soir : extraordinaire, color\u00e9e, bruyante, cr\u00e9ative ! D&rsquo;une poign\u00e9e de personnes, nous avons connu une croissance fulgurante en \u00e0 peine plus d&rsquo;un mois. Et malgr\u00e9 la r\u00e9pression du 4 avril, lorsque nous avons \u00e9t\u00e9 violemment attaqu\u00e9s par la police, dispers\u00e9s \u00e0 coups de canons \u00e0 eau, sans parler des 17 arrestations, nous \u00e9tions de nouveau l\u00e0, en grand nombre, l&rsquo;autre soir \u00e0 Tel Aviv : la place Habima d\u00e9bordait de pancartes, de banderoles, de tambours, de carrousels et de marionnettes \u00e0 l&rsquo;effigie de Trump et Netanyahu, demandant de les renvoyer chez eux. Nous \u00e9tions au moins dix mille. Ce succ\u00e8s a \u00e9t\u00e9 rendu possible par la multitude d&rsquo;organisations qui ont r\u00e9pondu \u00e0 l&rsquo;appel. Il est impossible de toutes les citer, mais regardez l&rsquo;affiche : une soixantaine de logos diff\u00e9rents, et l&rsquo;\u00e9l\u00e9ment cl\u00e9 est la pr\u00e9sence d&rsquo;acronymes arabes et isra\u00e9liens. Cette r\u00e9action d\u00e9montre clairement une forte baisse du soutien \u00e0 ce r\u00e9gime de guerre sans fin que le gouvernement de Netanyahu cherche \u00e0 nous imposer comme seule garantie de s\u00e9curit\u00e9 !<\/p>\n<p><strong>Daniela Bezzi:\u00a0 Racontez-nous votre histoire : Isra\u00e9lien, communiste et pacifiste convaincu\u2026<\/strong><\/p>\n<p><strong>O.E.<\/strong> : Je suis n\u00e9 \u00e0 Jaffa, ville palestinienne \u00e0 l\u2019origine, absorb\u00e9e plus tard par l\u2019expansion de Tel Aviv. J\u2019ai donc grandi dans un environnement m\u00e9tiss\u00e9, o\u00f9 le juda\u00efsme coexiste n\u00e9cessairement avec les traditions arabes, ce qui est rare en Isra\u00ebl et engendre in\u00e9vitablement une quasi-s\u00e9gr\u00e9gation mutuelle, limitant les occasions de rencontre. Je me consid\u00e8re privil\u00e9gi\u00e9, tant par cet environnement que par ma famille, qui n\u2019adh\u00e9rait absolument pas \u00e0 l\u2019id\u00e9ologie sioniste dominante : mes grands-parents \u00e9taient communistes, mes parents m\u2019ont soutenu dans tous mes choix, surtout les plus difficiles. Par exemple, \u00e0 18 ans, en r\u00e9ponse \u00e0 l\u2019appel sous les drapeaux, j\u2019ai promulgu\u00e9 la lettre des shministim (jeunes objecteurs de conscience).<\/p>\n<p>C&rsquo;\u00e9tait en 2005, en pleine Seconde Intifada, et comme nous \u00e9tions 250 \u00e0 nous d\u00e9clarer objecteurs de conscience, cela a fait grand bruit. Certains d&rsquo;entre nous ont m\u00eame \u00e9cop\u00e9 de quelques mois de prison, car Tsahal n&rsquo;a jamais reconnu l&rsquo;objection de conscience. En revanche, notre initiative a \u00e9t\u00e9 tr\u00e8s appr\u00e9ci\u00e9e \u00e0 l&rsquo;\u00e9tranger, et deux ans plus tard, j&rsquo;ai \u00e9t\u00e9 invit\u00e9 par plusieurs organisations pacifistes en Italie (dont Sereno Regis, ndlr). C&rsquo;est formidable de voir autant de jeunes Isra\u00e9liens suivre notre exemple\u2026 Quant \u00e0 mon engagement politique : j&rsquo;ai commenc\u00e9 tr\u00e8s jeune, au sein des Jeunesses communistes, et j&rsquo;ai particip\u00e9 de plus en plus aux manifestations contre l&rsquo;occupation en Cisjordanie. Depuis deux ans, je dirige cette Peace Partnership Coalition [Coalition pour le partenariat pour la paix] qui, outre son opposition \u00e0 la guerre comme seule et d\u00e9finitive solution, repr\u00e9sente un rare exemple de coexistence r\u00e9ussie entre de nombreux groupes juifs et arabes, de plus en plus unis. Un r\u00f4le passionnant et exigeant, que j&rsquo;ai le privil\u00e8ge de partager avec la palestinienne Sulafa Makhoul.<\/p>\n<p><strong>D.B. : Comment est n\u00e9e cette Coalition pour le partenariat pour la paix, et en quoi diff\u00e8re-t-elle de la coalition \u201cIt\u2019s time\u201d [Il est temps], qui se r\u00e9unira le 30 avril pour le Sommet de la paix de Tel-Aviv ?<\/strong><\/p>\n<p><strong>O.E.<\/strong> : Nous avons \u00e9t\u00e9 form\u00e9s en r\u00e9action aux \u00e9v\u00e9nements du 7 octobre. C&rsquo;\u00e9tait en d\u00e9cembre 2023, et tous les \u00e9l\u00e9ments du soi-disant \u00ab camp de la paix \u00bb isra\u00e9lien \u00e9taient en plein d\u00e9sarroi : personne n&rsquo;osait exprimer de d\u00e9saccord avec le gouvernement, et toute manifestation, m\u00eame la plus infime, de protestation publique, m\u00eame de la part de Hadash, qui b\u00e9n\u00e9ficie d&rsquo;une reconnaissance l\u00e9gale, \u00e9tait r\u00e9prim\u00e9e par les forces de l&rsquo;ordre.<\/p>\n<p>La conclusion fut d&rsquo;opter pour une strat\u00e9gie de coalition : si, seuls, nous \u00e9tions presque inefficaces, ensemble, nous pouvions esp\u00e9rer nous faire un peu plus remarquer, m\u00eame si nous restions minoritaires face \u00e0 la majorit\u00e9 belliciste de la soci\u00e9t\u00e9 isra\u00e9lienne. Et c&rsquo;est ce qui s&rsquo;est pass\u00e9 : la plupart des manifestations d\u00e9non\u00e7ant l&rsquo;occupation et la guerre qui ont eu lieu en Isra\u00ebl ces deux derni\u00e8res ann\u00e9es et demie ont \u00e9t\u00e9 organis\u00e9es gr\u00e2ce \u00e0 notre Coalition pour le partenariat pour la paix, qui regroupe aujourd&rsquo;hui une soixantaine d&rsquo;organisations. Naturellement, nous sommes membres de la Coalition \u00ab Il est temps \u00bb, avec laquelle nous partageons les m\u00eames objectifs fondamentaux, ainsi que des dizaines d&rsquo;organisations appartenant aux deux camps.<\/p>\n<p>La seule diff\u00e9rence r\u00e9side dans le mode d&rsquo;action. Tandis que d&rsquo;autres se concentrent sur un ou deux \u00e9v\u00e9nements majeurs par an, notre coalition incarne une mobilisation populaire quasi permanente, gr\u00e2ce \u00e0 la contribution des nombreux comit\u00e9s actifs au sein d&rsquo;Hadash en Isra\u00ebl et d&rsquo;organisations similaires en Cisjordanie. Leur nombre croissant confirme la valeur de notre r\u00e9seau, qui r\u00e9pond aux d\u00e9fis sociaux grandissants. Nous pouvons ainsi nous d\u00e9finir comme un pont, ou plut\u00f4t un point d&rsquo;\u00e9coute privil\u00e9gi\u00e9, entre le mouvement pacifiste isra\u00e9lien, fort de son histoire, et les repr\u00e9sentants engag\u00e9s dans des d\u00e9marches similaires au sein de la soci\u00e9t\u00e9 palestinienne. Un atout ind\u00e9niable de notre coalition est Hadash et la cr\u00e9dibilit\u00e9 dont elle jouit dans le monde arabe : une opposition radicale \u00e0 l&rsquo;apartheid et au g\u00e9nocide ; et une d\u00e9fense des valeurs d\u00e9mocratiques, dans le respect de l&rsquo;\u00e9galit\u00e9 absolue des droits. A commencer par le droit \u00e0 l&rsquo;autod\u00e9termination : une \u00e9tape essentielle vers la reconnaissance du peuple palestinien et la seule condition pr\u00e9alable \u00e0 une paix durable dans cette r\u00e9gion.<\/p>\n<p><strong>D.B. : Or, les sondages montrent un soutien croissant \u00e0 Netanyahou, et pr\u00e9cis\u00e9ment gr\u00e2ce \u00e0 la guerre contre l&rsquo;Iran\u2026<\/strong><\/p>\n<p><strong>O.E.<\/strong> : Je crois que la situation est bien plus dynamique que ne le laissent entendre les sondages ; les choses \u00e9voluent tr\u00e8s vite. Il est vrai qu&rsquo;au d\u00e9but de l&rsquo;attaque isra\u00e9lo-am\u00e9ricaine contre l&rsquo;Iran, la guerre b\u00e9n\u00e9ficiait d&rsquo;un soutien g\u00e9n\u00e9ral, ce qui explique le succ\u00e8s mitig\u00e9 de nos premi\u00e8res manifestations, rapidement dispers\u00e9es par les forces de l&rsquo;ordre et tourn\u00e9es en ridicule sur les r\u00e9seaux sociaux.<\/p>\n<p>Mais compar\u00e9 aux guerres pr\u00e9c\u00e9dentes, le consensus s&rsquo;est effondr\u00e9 plus rapidement. M\u00eame si les souffrances sont moindres qu&rsquo;\u00e0 Gaza ou au Liban, la population isra\u00e9lienne est lasse de cet \u00e9tat de guerre permanent, sans perspective d&rsquo;am\u00e9lioration. Avant m\u00eame le fragile cessez-le-feu, cette situation suscitait d\u00e9j\u00e0 une vive aversion, et elle ne peut que s&rsquo;aggraver avec l&rsquo;\u00e9chec des n\u00e9gociations d&rsquo;Islamabad. C&rsquo;est pourquoi nous devons poursuivre la mobilisation, en Isra\u00ebl et dans le monde entier, ce qui est d\u00e9j\u00e0 en cours. Je reste optimiste.<\/p>\n","protected":false},"excerpt":{"rendered":"<p>Ce mouvement pacifiste arabo-isra\u00e9lien ne cesse de nous \u00e9tonner. Semaine apr\u00e8s semaine, il regagne du terrain, ou plut\u00f4t, il investit les rues, car les manifestations du week-end dernier (notamment samedi soir 11 avril 2026) ont \u00e9t\u00e9 v\u00e9ritablement nombreuses : Tel&hellip;<\/p>\n","protected":false},"author":2072,"featured_media":2695531,"comment_status":"closed","ping_status":"closed","sticky":false,"template":"","format":"standard","meta":{"footnotes":""},"categories":[11386,98,156,1250,90,95],"tags":[155883,470,155884,76971,298],"class_list":["post-2695530","post","type-post","status-publish","format-standard","has-post-thumbnail","hentry","category-contenu-original","category-droits-de-lhomme","category-interview-fr","category-paix-desarmement","category-moyen-orient","category-affaires-etrangeres","tag-hadash","tag-israel-fr","tag-omri-evron","tag-pacifiste","tag-paix"],"yoast_head":"<!-- This site is optimized with the Yoast SEO plugin v27.1.1 - https:\/\/yoast.com\/product\/yoast-seo-wordpress\/ -->\n<title>Entretien avec le militant isra\u00e9lien pour la paix Omri Evron : \u00ab Nous ne cesserons pas de nous mobiliser, en Isra\u00ebl et dans le monde entier \u00bb<\/title>\n<meta name=\"description\" content=\"Ce mouvement pacifiste arabo-isra\u00e9lien ne cesse de nous \u00e9tonner. Semaine apr\u00e8s semaine, il regagne du terrain, ou plut\u00f4t, il investit les rues, car les\" \/>\n<meta name=\"robots\" content=\"index, follow, max-snippet:-1, max-image-preview:large, max-video-preview:-1\" \/>\n<link rel=\"canonical\" href=\"https:\/\/www.pressenza.com\/fr\/2026\/04\/entretien-avec-le-militant-israelien-pour-la-paix-omri-evron-nous-ne-cesserons-pas-de-nous-mobiliser-en-israel-et-dans-le-monde-entier\/\" \/>\n<meta property=\"og:locale\" content=\"fr_FR\" \/>\n<meta property=\"og:type\" content=\"article\" \/>\n<meta property=\"og:title\" content=\"Entretien avec le militant isra\u00e9lien pour la paix Omri Evron : \u00ab Nous ne cesserons pas de nous mobiliser, en Isra\u00ebl et dans le monde entier \u00bb\" \/>\n<meta property=\"og:description\" content=\"Ce mouvement pacifiste arabo-isra\u00e9lien ne cesse de nous \u00e9tonner. Semaine apr\u00e8s semaine, il regagne du terrain, ou plut\u00f4t, il investit les rues, car les\" \/>\n<meta property=\"og:url\" content=\"https:\/\/www.pressenza.com\/fr\/2026\/04\/entretien-avec-le-militant-israelien-pour-la-paix-omri-evron-nous-ne-cesserons-pas-de-nous-mobiliser-en-israel-et-dans-le-monde-entier\/\" \/>\n<meta property=\"og:site_name\" content=\"Pressenza\" \/>\n<meta property=\"article:publisher\" content=\"https:\/\/www.facebook.com\/PressenzaItalia\" \/>\n<meta property=\"article:published_time\" content=\"2026-04-25T22:13:08+00:00\" \/>\n<meta property=\"og:image\" content=\"https:\/\/www.pressenza.com\/wp-content\/uploads\/2026\/04\/FF190F22-5664-41B5-A492-B312DB746D60.png\" \/>\n\t<meta property=\"og:image:width\" content=\"960\" \/>\n\t<meta property=\"og:image:height\" content=\"720\" \/>\n\t<meta property=\"og:image:type\" content=\"image\/png\" \/>\n<meta name=\"author\" content=\"Daniela Bezzi\" \/>\n<meta name=\"twitter:card\" content=\"summary_large_image\" \/>\n<meta name=\"twitter:creator\" content=\"@PressenzaIPA\" \/>\n<meta name=\"twitter:site\" content=\"@PressenzaIPA\" \/>\n<meta name=\"twitter:label1\" content=\"\u00c9crit par\" \/>\n\t<meta name=\"twitter:data1\" content=\"Daniela Bezzi\" \/>\n\t<meta name=\"twitter:label2\" content=\"Dur\u00e9e de lecture estim\u00e9e\" \/>\n\t<meta name=\"twitter:data2\" content=\"6 minutes\" \/>\n<script type=\"application\/ld+json\" class=\"yoast-schema-graph\">{\"@context\":\"https:\/\/schema.org\",\"@graph\":[{\"@type\":\"Article\",\"@id\":\"https:\/\/www.pressenza.com\/fr\/2026\/04\/entretien-avec-le-militant-israelien-pour-la-paix-omri-evron-nous-ne-cesserons-pas-de-nous-mobiliser-en-israel-et-dans-le-monde-entier\/#article\",\"isPartOf\":{\"@id\":\"https:\/\/www.pressenza.com\/fr\/2026\/04\/entretien-avec-le-militant-israelien-pour-la-paix-omri-evron-nous-ne-cesserons-pas-de-nous-mobiliser-en-israel-et-dans-le-monde-entier\/\"},\"author\":{\"name\":\"Daniela Bezzi\",\"@id\":\"https:\/\/www.pressenza.com\/fr\/#\/schema\/person\/e824ea519c79c3808f4910f1c2b90688\"},\"headline\":\"Entretien avec le militant isra\u00e9lien pour la paix Omri Evron : \u00ab Nous ne cesserons pas de nous mobiliser, en Isra\u00ebl et dans le monde entier \u00bb\",\"datePublished\":\"2026-04-25T22:13:08+00:00\",\"mainEntityOfPage\":{\"@id\":\"https:\/\/www.pressenza.com\/fr\/2026\/04\/entretien-avec-le-militant-israelien-pour-la-paix-omri-evron-nous-ne-cesserons-pas-de-nous-mobiliser-en-israel-et-dans-le-monde-entier\/\"},\"wordCount\":1323,\"publisher\":{\"@id\":\"https:\/\/www.pressenza.com\/fr\/#organization\"},\"image\":{\"@id\":\"https:\/\/www.pressenza.com\/fr\/2026\/04\/entretien-avec-le-militant-israelien-pour-la-paix-omri-evron-nous-ne-cesserons-pas-de-nous-mobiliser-en-israel-et-dans-le-monde-entier\/#primaryimage\"},\"thumbnailUrl\":\"https:\/\/www.pressenza.com\/wp-content\/uploads\/2026\/04\/FF190F22-5664-41B5-A492-B312DB746D60.png\",\"keywords\":[\"Hadash\",\"Isra\u00ebl\",\"Omri Evron\",\"pacifiste\",\"Paix\"],\"articleSection\":[\"Contenu Original\",\"Droits humains\",\"Interviews\",\"Paix et D\u00e9sarmement\",\"Proche et Moyen-Orient\",\"Relations internationales\"],\"inLanguage\":\"fr-FR\"},{\"@type\":\"WebPage\",\"@id\":\"https:\/\/www.pressenza.com\/fr\/2026\/04\/entretien-avec-le-militant-israelien-pour-la-paix-omri-evron-nous-ne-cesserons-pas-de-nous-mobiliser-en-israel-et-dans-le-monde-entier\/\",\"url\":\"https:\/\/www.pressenza.com\/fr\/2026\/04\/entretien-avec-le-militant-israelien-pour-la-paix-omri-evron-nous-ne-cesserons-pas-de-nous-mobiliser-en-israel-et-dans-le-monde-entier\/\",\"name\":\"Entretien avec le militant isra\u00e9lien pour la paix Omri Evron : \u00ab Nous ne cesserons pas de nous mobiliser, en Isra\u00ebl et dans le monde entier \u00bb\",\"isPartOf\":{\"@id\":\"https:\/\/www.pressenza.com\/fr\/#website\"},\"primaryImageOfPage\":{\"@id\":\"https:\/\/www.pressenza.com\/fr\/2026\/04\/entretien-avec-le-militant-israelien-pour-la-paix-omri-evron-nous-ne-cesserons-pas-de-nous-mobiliser-en-israel-et-dans-le-monde-entier\/#primaryimage\"},\"image\":{\"@id\":\"https:\/\/www.pressenza.com\/fr\/2026\/04\/entretien-avec-le-militant-israelien-pour-la-paix-omri-evron-nous-ne-cesserons-pas-de-nous-mobiliser-en-israel-et-dans-le-monde-entier\/#primaryimage\"},\"thumbnailUrl\":\"https:\/\/www.pressenza.com\/wp-content\/uploads\/2026\/04\/FF190F22-5664-41B5-A492-B312DB746D60.png\",\"datePublished\":\"2026-04-25T22:13:08+00:00\",\"description\":\"Ce mouvement pacifiste arabo-isra\u00e9lien ne cesse de nous \u00e9tonner. Semaine apr\u00e8s semaine, il regagne du terrain, ou plut\u00f4t, il investit les rues, car les\",\"breadcrumb\":{\"@id\":\"https:\/\/www.pressenza.com\/fr\/2026\/04\/entretien-avec-le-militant-israelien-pour-la-paix-omri-evron-nous-ne-cesserons-pas-de-nous-mobiliser-en-israel-et-dans-le-monde-entier\/#breadcrumb\"},\"inLanguage\":\"fr-FR\",\"potentialAction\":[{\"@type\":\"ReadAction\",\"target\":[\"https:\/\/www.pressenza.com\/fr\/2026\/04\/entretien-avec-le-militant-israelien-pour-la-paix-omri-evron-nous-ne-cesserons-pas-de-nous-mobiliser-en-israel-et-dans-le-monde-entier\/\"]}]},{\"@type\":\"ImageObject\",\"inLanguage\":\"fr-FR\",\"@id\":\"https:\/\/www.pressenza.com\/fr\/2026\/04\/entretien-avec-le-militant-israelien-pour-la-paix-omri-evron-nous-ne-cesserons-pas-de-nous-mobiliser-en-israel-et-dans-le-monde-entier\/#primaryimage\",\"url\":\"https:\/\/www.pressenza.com\/wp-content\/uploads\/2026\/04\/FF190F22-5664-41B5-A492-B312DB746D60.png\",\"contentUrl\":\"https:\/\/www.pressenza.com\/wp-content\/uploads\/2026\/04\/FF190F22-5664-41B5-A492-B312DB746D60.png\",\"width\":960,\"height\":720,\"caption\":\"di Irit Hakim\"},{\"@type\":\"BreadcrumbList\",\"@id\":\"https:\/\/www.pressenza.com\/fr\/2026\/04\/entretien-avec-le-militant-israelien-pour-la-paix-omri-evron-nous-ne-cesserons-pas-de-nous-mobiliser-en-israel-et-dans-le-monde-entier\/#breadcrumb\",\"itemListElement\":[{\"@type\":\"ListItem\",\"position\":1,\"name\":\"Accueil\",\"item\":\"https:\/\/www.pressenza.com\/fr\/\"},{\"@type\":\"ListItem\",\"position\":2,\"name\":\"Entretien avec le militant isra\u00e9lien pour la paix Omri Evron : \u00ab Nous ne cesserons pas de nous mobiliser, en Isra\u00ebl et dans le monde entier \u00bb\"}]},{\"@type\":\"WebSite\",\"@id\":\"https:\/\/www.pressenza.com\/fr\/#website\",\"url\":\"https:\/\/www.pressenza.com\/fr\/\",\"name\":\"Pressenza\",\"description\":\"International Press Agency\",\"publisher\":{\"@id\":\"https:\/\/www.pressenza.com\/fr\/#organization\"},\"potentialAction\":[{\"@type\":\"SearchAction\",\"target\":{\"@type\":\"EntryPoint\",\"urlTemplate\":\"https:\/\/www.pressenza.com\/fr\/?s={search_term_string}\"},\"query-input\":{\"@type\":\"PropertyValueSpecification\",\"valueRequired\":true,\"valueName\":\"search_term_string\"}}],\"inLanguage\":\"fr-FR\"},{\"@type\":\"Organization\",\"@id\":\"https:\/\/www.pressenza.com\/fr\/#organization\",\"name\":\"Pressenza\",\"url\":\"https:\/\/www.pressenza.com\/fr\/\",\"logo\":{\"@type\":\"ImageObject\",\"inLanguage\":\"fr-FR\",\"@id\":\"https:\/\/www.pressenza.com\/fr\/#\/schema\/logo\/image\/\",\"url\":\"https:\/\/www.pressenza.com\/wp-content\/uploads\/2022\/10\/pressenza_logo_200x200.jpg\",\"contentUrl\":\"https:\/\/www.pressenza.com\/wp-content\/uploads\/2022\/10\/pressenza_logo_200x200.jpg\",\"width\":200,\"height\":200,\"caption\":\"Pressenza\"},\"image\":{\"@id\":\"https:\/\/www.pressenza.com\/fr\/#\/schema\/logo\/image\/\"},\"sameAs\":[\"https:\/\/www.facebook.com\/PressenzaItalia\",\"https:\/\/x.com\/PressenzaIPA\"]},{\"@type\":\"Person\",\"@id\":\"https:\/\/www.pressenza.com\/fr\/#\/schema\/person\/e824ea519c79c3808f4910f1c2b90688\",\"name\":\"Daniela Bezzi\",\"description\":\"A journalist, cultural worker and independent researcher, she lived and worked for extended periods in Japan, the UK and India before settling back in Italy, where she contributes to various publications on environmental, human rights and labour issues.\",\"url\":\"https:\/\/www.pressenza.com\/fr\/author\/daniela-bezzi\/\"}]}<\/script>\n<!-- \/ Yoast SEO plugin. -->","yoast_head_json":{"title":"Entretien avec le militant isra\u00e9lien pour la paix Omri Evron : \u00ab Nous ne cesserons pas de nous mobiliser, en Isra\u00ebl et dans le monde entier \u00bb","description":"Ce mouvement pacifiste arabo-isra\u00e9lien ne cesse de nous \u00e9tonner. Semaine apr\u00e8s semaine, il regagne du terrain, ou plut\u00f4t, il investit les rues, car les","robots":{"index":"index","follow":"follow","max-snippet":"max-snippet:-1","max-image-preview":"max-image-preview:large","max-video-preview":"max-video-preview:-1"},"canonical":"https:\/\/www.pressenza.com\/fr\/2026\/04\/entretien-avec-le-militant-israelien-pour-la-paix-omri-evron-nous-ne-cesserons-pas-de-nous-mobiliser-en-israel-et-dans-le-monde-entier\/","og_locale":"fr_FR","og_type":"article","og_title":"Entretien avec le militant isra\u00e9lien pour la paix Omri Evron : \u00ab Nous ne cesserons pas de nous mobiliser, en Isra\u00ebl et dans le monde entier \u00bb","og_description":"Ce mouvement pacifiste arabo-isra\u00e9lien ne cesse de nous \u00e9tonner. Semaine apr\u00e8s semaine, il regagne du terrain, ou plut\u00f4t, il investit les rues, car les","og_url":"https:\/\/www.pressenza.com\/fr\/2026\/04\/entretien-avec-le-militant-israelien-pour-la-paix-omri-evron-nous-ne-cesserons-pas-de-nous-mobiliser-en-israel-et-dans-le-monde-entier\/","og_site_name":"Pressenza","article_publisher":"https:\/\/www.facebook.com\/PressenzaItalia","article_published_time":"2026-04-25T22:13:08+00:00","og_image":[{"width":960,"height":720,"url":"https:\/\/www.pressenza.com\/wp-content\/uploads\/2026\/04\/FF190F22-5664-41B5-A492-B312DB746D60.png","type":"image\/png"}],"author":"Daniela Bezzi","twitter_card":"summary_large_image","twitter_creator":"@PressenzaIPA","twitter_site":"@PressenzaIPA","twitter_misc":{"\u00c9crit par":"Daniela Bezzi","Dur\u00e9e de lecture estim\u00e9e":"6 minutes"},"schema":{"@context":"https:\/\/schema.org","@graph":[{"@type":"Article","@id":"https:\/\/www.pressenza.com\/fr\/2026\/04\/entretien-avec-le-militant-israelien-pour-la-paix-omri-evron-nous-ne-cesserons-pas-de-nous-mobiliser-en-israel-et-dans-le-monde-entier\/#article","isPartOf":{"@id":"https:\/\/www.pressenza.com\/fr\/2026\/04\/entretien-avec-le-militant-israelien-pour-la-paix-omri-evron-nous-ne-cesserons-pas-de-nous-mobiliser-en-israel-et-dans-le-monde-entier\/"},"author":{"name":"Daniela Bezzi","@id":"https:\/\/www.pressenza.com\/fr\/#\/schema\/person\/e824ea519c79c3808f4910f1c2b90688"},"headline":"Entretien avec le militant isra\u00e9lien pour la paix Omri Evron : \u00ab Nous ne cesserons pas de nous mobiliser, en Isra\u00ebl et dans le monde entier \u00bb","datePublished":"2026-04-25T22:13:08+00:00","mainEntityOfPage":{"@id":"https:\/\/www.pressenza.com\/fr\/2026\/04\/entretien-avec-le-militant-israelien-pour-la-paix-omri-evron-nous-ne-cesserons-pas-de-nous-mobiliser-en-israel-et-dans-le-monde-entier\/"},"wordCount":1323,"publisher":{"@id":"https:\/\/www.pressenza.com\/fr\/#organization"},"image":{"@id":"https:\/\/www.pressenza.com\/fr\/2026\/04\/entretien-avec-le-militant-israelien-pour-la-paix-omri-evron-nous-ne-cesserons-pas-de-nous-mobiliser-en-israel-et-dans-le-monde-entier\/#primaryimage"},"thumbnailUrl":"https:\/\/www.pressenza.com\/wp-content\/uploads\/2026\/04\/FF190F22-5664-41B5-A492-B312DB746D60.png","keywords":["Hadash","Isra\u00ebl","Omri Evron","pacifiste","Paix"],"articleSection":["Contenu Original","Droits humains","Interviews","Paix et D\u00e9sarmement","Proche et Moyen-Orient","Relations internationales"],"inLanguage":"fr-FR"},{"@type":"WebPage","@id":"https:\/\/www.pressenza.com\/fr\/2026\/04\/entretien-avec-le-militant-israelien-pour-la-paix-omri-evron-nous-ne-cesserons-pas-de-nous-mobiliser-en-israel-et-dans-le-monde-entier\/","url":"https:\/\/www.pressenza.com\/fr\/2026\/04\/entretien-avec-le-militant-israelien-pour-la-paix-omri-evron-nous-ne-cesserons-pas-de-nous-mobiliser-en-israel-et-dans-le-monde-entier\/","name":"Entretien avec le militant isra\u00e9lien pour la paix Omri Evron : \u00ab Nous ne cesserons pas de nous mobiliser, en Isra\u00ebl et dans le monde entier \u00bb","isPartOf":{"@id":"https:\/\/www.pressenza.com\/fr\/#website"},"primaryImageOfPage":{"@id":"https:\/\/www.pressenza.com\/fr\/2026\/04\/entretien-avec-le-militant-israelien-pour-la-paix-omri-evron-nous-ne-cesserons-pas-de-nous-mobiliser-en-israel-et-dans-le-monde-entier\/#primaryimage"},"image":{"@id":"https:\/\/www.pressenza.com\/fr\/2026\/04\/entretien-avec-le-militant-israelien-pour-la-paix-omri-evron-nous-ne-cesserons-pas-de-nous-mobiliser-en-israel-et-dans-le-monde-entier\/#primaryimage"},"thumbnailUrl":"https:\/\/www.pressenza.com\/wp-content\/uploads\/2026\/04\/FF190F22-5664-41B5-A492-B312DB746D60.png","datePublished":"2026-04-25T22:13:08+00:00","description":"Ce mouvement pacifiste arabo-isra\u00e9lien ne cesse de nous \u00e9tonner. Semaine apr\u00e8s semaine, il regagne du terrain, ou plut\u00f4t, il investit les rues, car les","breadcrumb":{"@id":"https:\/\/www.pressenza.com\/fr\/2026\/04\/entretien-avec-le-militant-israelien-pour-la-paix-omri-evron-nous-ne-cesserons-pas-de-nous-mobiliser-en-israel-et-dans-le-monde-entier\/#breadcrumb"},"inLanguage":"fr-FR","potentialAction":[{"@type":"ReadAction","target":["https:\/\/www.pressenza.com\/fr\/2026\/04\/entretien-avec-le-militant-israelien-pour-la-paix-omri-evron-nous-ne-cesserons-pas-de-nous-mobiliser-en-israel-et-dans-le-monde-entier\/"]}]},{"@type":"ImageObject","inLanguage":"fr-FR","@id":"https:\/\/www.pressenza.com\/fr\/2026\/04\/entretien-avec-le-militant-israelien-pour-la-paix-omri-evron-nous-ne-cesserons-pas-de-nous-mobiliser-en-israel-et-dans-le-monde-entier\/#primaryimage","url":"https:\/\/www.pressenza.com\/wp-content\/uploads\/2026\/04\/FF190F22-5664-41B5-A492-B312DB746D60.png","contentUrl":"https:\/\/www.pressenza.com\/wp-content\/uploads\/2026\/04\/FF190F22-5664-41B5-A492-B312DB746D60.png","width":960,"height":720,"caption":"di Irit Hakim"},{"@type":"BreadcrumbList","@id":"https:\/\/www.pressenza.com\/fr\/2026\/04\/entretien-avec-le-militant-israelien-pour-la-paix-omri-evron-nous-ne-cesserons-pas-de-nous-mobiliser-en-israel-et-dans-le-monde-entier\/#breadcrumb","itemListElement":[{"@type":"ListItem","position":1,"name":"Accueil","item":"https:\/\/www.pressenza.com\/fr\/"},{"@type":"ListItem","position":2,"name":"Entretien avec le militant isra\u00e9lien pour la paix Omri Evron : \u00ab Nous ne cesserons pas de nous mobiliser, en Isra\u00ebl et dans le monde entier \u00bb"}]},{"@type":"WebSite","@id":"https:\/\/www.pressenza.com\/fr\/#website","url":"https:\/\/www.pressenza.com\/fr\/","name":"Pressenza","description":"International Press Agency","publisher":{"@id":"https:\/\/www.pressenza.com\/fr\/#organization"},"potentialAction":[{"@type":"SearchAction","target":{"@type":"EntryPoint","urlTemplate":"https:\/\/www.pressenza.com\/fr\/?s={search_term_string}"},"query-input":{"@type":"PropertyValueSpecification","valueRequired":true,"valueName":"search_term_string"}}],"inLanguage":"fr-FR"},{"@type":"Organization","@id":"https:\/\/www.pressenza.com\/fr\/#organization","name":"Pressenza","url":"https:\/\/www.pressenza.com\/fr\/","logo":{"@type":"ImageObject","inLanguage":"fr-FR","@id":"https:\/\/www.pressenza.com\/fr\/#\/schema\/logo\/image\/","url":"https:\/\/www.pressenza.com\/wp-content\/uploads\/2022\/10\/pressenza_logo_200x200.jpg","contentUrl":"https:\/\/www.pressenza.com\/wp-content\/uploads\/2022\/10\/pressenza_logo_200x200.jpg","width":200,"height":200,"caption":"Pressenza"},"image":{"@id":"https:\/\/www.pressenza.com\/fr\/#\/schema\/logo\/image\/"},"sameAs":["https:\/\/www.facebook.com\/PressenzaItalia","https:\/\/x.com\/PressenzaIPA"]},{"@type":"Person","@id":"https:\/\/www.pressenza.com\/fr\/#\/schema\/person\/e824ea519c79c3808f4910f1c2b90688","name":"Daniela Bezzi","description":"A journalist, cultural worker and independent researcher, she lived and worked for extended periods in Japan, the UK and India before settling back in Italy, where she contributes to various publications on environmental, human rights and labour issues.","url":"https:\/\/www.pressenza.com\/fr\/author\/daniela-bezzi\/"}]}},"place":"","original_article_url":"https:\/\/serenoregis.org\/2026\/04\/13\/intervista-al-pacifista-israeliano-omri-evron-non-smettiamo-di-mobilitarci-in-israele-e-in-tutto-il-mondo\/","_links":{"self":[{"href":"https:\/\/www.pressenza.com\/fr\/wp-json\/wp\/v2\/posts\/2695530","targetHints":{"allow":["GET"]}}],"collection":[{"href":"https:\/\/www.pressenza.com\/fr\/wp-json\/wp\/v2\/posts"}],"about":[{"href":"https:\/\/www.pressenza.com\/fr\/wp-json\/wp\/v2\/types\/post"}],"author":[{"embeddable":true,"href":"https:\/\/www.pressenza.com\/fr\/wp-json\/wp\/v2\/users\/2072"}],"replies":[{"embeddable":true,"href":"https:\/\/www.pressenza.com\/fr\/wp-json\/wp\/v2\/comments?post=2695530"}],"version-history":[{"count":2,"href":"https:\/\/www.pressenza.com\/fr\/wp-json\/wp\/v2\/posts\/2695530\/revisions"}],"predecessor-version":[{"id":2695533,"href":"https:\/\/www.pressenza.com\/fr\/wp-json\/wp\/v2\/posts\/2695530\/revisions\/2695533"}],"wp:featuredmedia":[{"embeddable":true,"href":"https:\/\/www.pressenza.com\/fr\/wp-json\/wp\/v2\/media\/2695531"}],"wp:attachment":[{"href":"https:\/\/www.pressenza.com\/fr\/wp-json\/wp\/v2\/media?parent=2695530"}],"wp:term":[{"taxonomy":"category","embeddable":true,"href":"https:\/\/www.pressenza.com\/fr\/wp-json\/wp\/v2\/categories?post=2695530"},{"taxonomy":"post_tag","embeddable":true,"href":"https:\/\/www.pressenza.com\/fr\/wp-json\/wp\/v2\/tags?post=2695530"}],"curies":[{"name":"wp","href":"https:\/\/api.w.org\/{rel}","templated":true}]}}