{"id":26942,"date":"2012-12-05T21:40:47","date_gmt":"2012-12-05T21:40:47","guid":{"rendered":"http:\/\/www.pressenza.com\/?p=26942"},"modified":"2012-12-06T02:18:39","modified_gmt":"2012-12-06T02:18:39","slug":"leco-socialisme-pour-reinventer-la-politique-durgence","status":"publish","type":"post","link":"https:\/\/www.pressenza.com\/fr\/2012\/12\/leco-socialisme-pour-reinventer-la-politique-durgence\/","title":{"rendered":"L\u2019Eco Socialisme pour r\u00e9inventer la politique d\u2019urgence !"},"content":{"rendered":"<p><em>Une tribune d\u2019<strong>Emmanuel Poil\u00e2ne<\/strong>, directeur de <strong>France Libert\u00e9<\/strong>s, publi\u00e9e sur le site du <strong>Huffington Post<\/strong><\/em><\/p>\n<p>Plus que jamais, notre soci\u00e9t\u00e9 semble avoir perdu le sens de la Politique. Notre peuple semble ne plus savoir quel le sens m\u00eame du mot Politique. En se limitant \u00e0 ne regarder notre soci\u00e9t\u00e9 que sous l\u2019angle de l\u2019\u00e9conomie, nous avons oubli\u00e9 le sens m\u00eame de la politique, maitre mot du vivre ensemble. La vraie politique n\u2019est pas d\u2019\u00eatre simplement un bon gestionnaire. Le politique doit donner un sens \u00e0 la vie de notre soci\u00e9t\u00e9. Le politique ne doit pas amender, il doit inventer et construire le monde que nous esp\u00e9rons pour demain.<\/p>\n<p>L\u2019\u00e9co-socialisme est une voie que nous devons nourrir.<\/p>\n<p>Certains diront que tout cela n\u2019est qu\u2019utopie. J\u2019ai v\u00e9cu trop longtemps dans des pays pauvres et fragiles pour penser que l\u2019on ne peut vivre bien qu\u2019\u00e0 l\u2019aune de nos soci\u00e9t\u00e9s de consommations.<\/p>\n<p>Quand on dit que l\u2019argent ne fait pas le bonheur, notre soci\u00e9t\u00e9 en apporte chaque jour l\u2019exemple et ceux d\u2019entre vous qui voyagent en Afrique, en Asie ou en Am\u00e9rique du Sud\u00a0savent bien de quoi je veux parler pour peu qu\u2019ils d\u00e9passent les barri\u00e8res du mat\u00e9rialisme.<\/p>\n<p>A force d\u2019avantages acquis et de peur de perdre, nous en avons oubli\u00e9 de vivre. Notre soci\u00e9t\u00e9 ne se construit plus, elle essaie de ne pas s\u2019effondrer. Elle ne s\u2019appuie plus sur le sens collectif qui permet par la synergie des individus de nous \u00e9lever en soci\u00e9t\u00e9, elle s\u2019appuie sur un ensemble d\u2019individualit\u00e9 obnubil\u00e9 par leur propre r\u00e9ussite, leur propre confort.<\/p>\n<p>Faudra t\u2019il une guerre pour que nous retrouvions le sens de l\u2019int\u00e9r\u00eat g\u00e9n\u00e9ral et l\u2019ambition de construire une soci\u00e9t\u00e9 non pas pour notre petit confort mais pour l\u2019offrir aux g\u00e9n\u00e9rations futures\u00a0?<\/p>\n<p>Allons-nous \u00eatre capables de r\u00e9apprendre \u00e0 donner, \u00e0 partager, \u00e0 aimer tout simplement\u00a0?<\/p>\n<p>Si Danielle Mitterrand a souhait\u00e9 que sa Fondation travaille principalement pour la pr\u00e9servation des biens\u00a0communs, c\u2019est dans cet objectif. Tout ne se vend pas, tout n\u2019est pas marchandise, tout ne peut pas \u00eatre r\u00e9gis par la libre concurrence m\u00eame si l\u2019Europe semble aujourd\u2019hui prisonni\u00e8re de ce dogme.<\/p>\n<p>Dans l\u2019esprit de l\u2019\u00e9co-socialisme, nous devons r\u00e9inventer un espace fort pour les biens communs, nous devons r\u00e9inventer un espace politique d\u00e9di\u00e9 au partage. Avec l\u2019acc\u00e8s \u00e0 l\u2019eau et \u00e0 l\u2019assainissement et par la volont\u00e9 de la Fondation de promouvoir les r\u00e9gies publiques de l\u2019eau, nous prouvons un peu plus chaque jour qu\u2019il est possible d\u2019\u00eatre performant, innovant sans \u00e0 aucun moment penser \u00e0 faire du profit.\u00a0Notre seule vraie\u00a0obsession est de rendre le service public au meilleur cout dans un esprit de partage et de solidarit\u00e9.<\/p>\n<p>Cet exemple n\u2019est pas encore suivi par le plus grand nombre en France, le consommateur prend toujours le pas sur le citoyen et \u00e0 tord la plupart du temps, le mod\u00e8le \u00e9conomique reste pr\u00e9\u00e9minent, comme si notre formatage r\u00e9sistait au possible changement, \u00e0 l\u2019\u00e9vidence de pratiques vertueuses.<\/p>\n<p>Je ne peux me r\u00e9soudre \u00e0 penser qu\u2019il n\u2019est possible d\u2019\u00e9voluer dans notre pays que sous la contrainte. Je le r\u00e9p\u00e8te\u00a0: Devons nous attendre une prochaine guerre mondiale pour retrouver notre sens de l\u2019Humanit\u00e9\u00a0?<\/p>\n<p>Comme moi, les acteurs de la Fondation France Libert\u00e9 pensent qu\u2019il est plus qu\u2019urgent de sensibiliser non pas seulement les adultes mais bien nos enfants. Si il n\u2019est plus possible de faire de la politique entre adultes comme semble nous le faire percevoir les d\u00e9chirements de l\u2019UMP ces derniers jours, alors nous devons faire de ces valeurs de partage un axe central de l\u2019\u00e9ducation de nos enfants pour imaginer que demain la place des biens communs dans la soci\u00e9t\u00e9 rev\u00eat la m\u00eame \u00e9vidence que la place de l\u2019\u00e9conomie marchande aujourd\u2019hui.<\/p>\n<p>C\u2019est dans cette volont\u00e9 de porter le message vers nos enfants par la sensibilisation et la formation que nous participons <a href=\"http:\/\/www.lepartidegauche.fr\/system\/documents\/newseco.html?1353412841\">aux assises de l\u2019Eco Socialisme.<br \/>\n<\/a><\/p>\n<p>&nbsp;<\/p>\n<p>Retrouvez la tribune sur <a href=\"http:\/\/www.huffingtonpost.fr\/emmanuel-poilane\/eco-socialisme-politique_b_2216761.html?utm_hp_ref=international\">le site du Huffington Post<\/a><\/p>\n","protected":false},"excerpt":{"rendered":"<p>Une tribune d\u2019Emmanuel Poil\u00e2ne, directeur de France Libert\u00e9s, publi\u00e9e sur le site du Huffington Post Plus que jamais, notre soci\u00e9t\u00e9 semble avoir perdu le sens de la Politique. Notre peuple semble ne plus savoir quel le sens m\u00eame du mot&hellip;<\/p>\n","protected":false},"author":19,"featured_media":26953,"comment_status":"closed","ping_status":"open","sticky":false,"template":"","format":"standard","meta":{"footnotes":""},"categories":[97,40,163,93],"tags":[1758,258,301,1756,1732],"class_list":["post-26942","post","type-post","status-publish","format-standard","has-post-thumbnail","hentry","category-environnement-et-ecologie","category-international-fr","category-opinion-fr","category-politique","tag-bien-commun","tag-crise","tag-eau","tag-france-libertes-fr","tag-partage"],"yoast_head":"<!-- This site is optimized with the Yoast SEO plugin v27.1.1 - https:\/\/yoast.com\/product\/yoast-seo-wordpress\/ -->\n<title>L\u2019Eco Socialisme pour r\u00e9inventer la politique d\u2019urgence !<\/title>\n<meta name=\"description\" content=\"Une tribune d\u2019Emmanuel Poil\u00e2ne, directeur de France Libert\u00e9s, publi\u00e9e sur le site du Huffington Post Plus que jamais, notre soci\u00e9t\u00e9 semble avoir perdu le\" \/>\n<meta name=\"robots\" content=\"index, follow, max-snippet:-1, max-image-preview:large, max-video-preview:-1\" \/>\n<link rel=\"canonical\" href=\"https:\/\/www.pressenza.com\/fr\/2012\/12\/leco-socialisme-pour-reinventer-la-politique-durgence\/\" \/>\n<meta property=\"og:locale\" content=\"fr_FR\" \/>\n<meta property=\"og:type\" content=\"article\" \/>\n<meta property=\"og:title\" content=\"L\u2019Eco Socialisme pour r\u00e9inventer la politique d\u2019urgence !\" \/>\n<meta property=\"og:description\" content=\"Une tribune d\u2019Emmanuel Poil\u00e2ne, directeur de France Libert\u00e9s, publi\u00e9e sur le site du Huffington Post Plus que jamais, notre soci\u00e9t\u00e9 semble avoir perdu le\" \/>\n<meta property=\"og:url\" content=\"https:\/\/www.pressenza.com\/fr\/2012\/12\/leco-socialisme-pour-reinventer-la-politique-durgence\/\" \/>\n<meta property=\"og:site_name\" content=\"Pressenza\" \/>\n<meta property=\"article:publisher\" content=\"https:\/\/www.facebook.com\/PressenzaItalia\" \/>\n<meta property=\"article:author\" content=\"https:\/\/www.facebook.com\/pressenza\" \/>\n<meta property=\"article:published_time\" content=\"2012-12-05T21:40:47+00:00\" \/>\n<meta property=\"article:modified_time\" content=\"2012-12-06T02:18:39+00:00\" \/>\n<meta property=\"og:image\" content=\"https:\/\/www.pressenza.com\/wp-content\/uploads\/2012\/12\/poilane.jpg\" \/>\n\t<meta property=\"og:image:width\" content=\"1438\" \/>\n\t<meta property=\"og:image:height\" content=\"1036\" \/>\n\t<meta property=\"og:image:type\" content=\"image\/jpeg\" \/>\n<meta name=\"author\" content=\"Pressenza IPA\" \/>\n<meta name=\"twitter:card\" content=\"summary_large_image\" \/>\n<meta name=\"twitter:creator\" content=\"@PressenzaIPA\" \/>\n<meta name=\"twitter:site\" content=\"@PressenzaIPA\" \/>\n<meta name=\"twitter:label1\" content=\"\u00c9crit par\" \/>\n\t<meta name=\"twitter:data1\" content=\"Pressenza IPA\" \/>\n\t<meta name=\"twitter:label2\" content=\"Dur\u00e9e de lecture estim\u00e9e\" \/>\n\t<meta name=\"twitter:data2\" content=\"4 minutes\" \/>\n<script type=\"application\/ld+json\" class=\"yoast-schema-graph\">{\"@context\":\"https:\/\/schema.org\",\"@graph\":[{\"@type\":\"Article\",\"@id\":\"https:\/\/www.pressenza.com\/fr\/2012\/12\/leco-socialisme-pour-reinventer-la-politique-durgence\/#article\",\"isPartOf\":{\"@id\":\"https:\/\/www.pressenza.com\/fr\/2012\/12\/leco-socialisme-pour-reinventer-la-politique-durgence\/\"},\"author\":{\"name\":\"Pressenza IPA\",\"@id\":\"https:\/\/www.pressenza.com\/fr\/#\/schema\/person\/010e5d02bcf40965427a1289a4cc8d75\"},\"headline\":\"L\u2019Eco Socialisme pour r\u00e9inventer la politique d\u2019urgence !\",\"datePublished\":\"2012-12-05T21:40:47+00:00\",\"dateModified\":\"2012-12-06T02:18:39+00:00\",\"mainEntityOfPage\":{\"@id\":\"https:\/\/www.pressenza.com\/fr\/2012\/12\/leco-socialisme-pour-reinventer-la-politique-durgence\/\"},\"wordCount\":737,\"publisher\":{\"@id\":\"https:\/\/www.pressenza.com\/fr\/#organization\"},\"image\":{\"@id\":\"https:\/\/www.pressenza.com\/fr\/2012\/12\/leco-socialisme-pour-reinventer-la-politique-durgence\/#primaryimage\"},\"thumbnailUrl\":\"https:\/\/www.pressenza.com\/wp-content\/uploads\/2012\/12\/poilane.jpg\",\"keywords\":[\"bien commun\",\"crise\",\"Eau\",\"France Libert\u00e9s\",\"partage\"],\"articleSection\":[\"Ecologie et Environnement\",\"International\",\"Opinion\",\"Politique\"],\"inLanguage\":\"fr-FR\"},{\"@type\":\"WebPage\",\"@id\":\"https:\/\/www.pressenza.com\/fr\/2012\/12\/leco-socialisme-pour-reinventer-la-politique-durgence\/\",\"url\":\"https:\/\/www.pressenza.com\/fr\/2012\/12\/leco-socialisme-pour-reinventer-la-politique-durgence\/\",\"name\":\"L\u2019Eco Socialisme pour r\u00e9inventer la politique d\u2019urgence !\",\"isPartOf\":{\"@id\":\"https:\/\/www.pressenza.com\/fr\/#website\"},\"primaryImageOfPage\":{\"@id\":\"https:\/\/www.pressenza.com\/fr\/2012\/12\/leco-socialisme-pour-reinventer-la-politique-durgence\/#primaryimage\"},\"image\":{\"@id\":\"https:\/\/www.pressenza.com\/fr\/2012\/12\/leco-socialisme-pour-reinventer-la-politique-durgence\/#primaryimage\"},\"thumbnailUrl\":\"https:\/\/www.pressenza.com\/wp-content\/uploads\/2012\/12\/poilane.jpg\",\"datePublished\":\"2012-12-05T21:40:47+00:00\",\"dateModified\":\"2012-12-06T02:18:39+00:00\",\"description\":\"Une tribune d\u2019Emmanuel Poil\u00e2ne, directeur de France Libert\u00e9s, publi\u00e9e sur le site du Huffington Post Plus que jamais, notre soci\u00e9t\u00e9 semble avoir perdu le\",\"breadcrumb\":{\"@id\":\"https:\/\/www.pressenza.com\/fr\/2012\/12\/leco-socialisme-pour-reinventer-la-politique-durgence\/#breadcrumb\"},\"inLanguage\":\"fr-FR\",\"potentialAction\":[{\"@type\":\"ReadAction\",\"target\":[\"https:\/\/www.pressenza.com\/fr\/2012\/12\/leco-socialisme-pour-reinventer-la-politique-durgence\/\"]}]},{\"@type\":\"ImageObject\",\"inLanguage\":\"fr-FR\",\"@id\":\"https:\/\/www.pressenza.com\/fr\/2012\/12\/leco-socialisme-pour-reinventer-la-politique-durgence\/#primaryimage\",\"url\":\"https:\/\/www.pressenza.com\/wp-content\/uploads\/2012\/12\/poilane.jpg\",\"contentUrl\":\"https:\/\/www.pressenza.com\/wp-content\/uploads\/2012\/12\/poilane.jpg\",\"width\":\"1438\",\"height\":\"1036\"},{\"@type\":\"BreadcrumbList\",\"@id\":\"https:\/\/www.pressenza.com\/fr\/2012\/12\/leco-socialisme-pour-reinventer-la-politique-durgence\/#breadcrumb\",\"itemListElement\":[{\"@type\":\"ListItem\",\"position\":1,\"name\":\"Accueil\",\"item\":\"https:\/\/www.pressenza.com\/fr\/\"},{\"@type\":\"ListItem\",\"position\":2,\"name\":\"L\u2019Eco Socialisme pour r\u00e9inventer la politique d\u2019urgence !\"}]},{\"@type\":\"WebSite\",\"@id\":\"https:\/\/www.pressenza.com\/fr\/#website\",\"url\":\"https:\/\/www.pressenza.com\/fr\/\",\"name\":\"Pressenza\",\"description\":\"International Press Agency\",\"publisher\":{\"@id\":\"https:\/\/www.pressenza.com\/fr\/#organization\"},\"potentialAction\":[{\"@type\":\"SearchAction\",\"target\":{\"@type\":\"EntryPoint\",\"urlTemplate\":\"https:\/\/www.pressenza.com\/fr\/?s={search_term_string}\"},\"query-input\":{\"@type\":\"PropertyValueSpecification\",\"valueRequired\":true,\"valueName\":\"search_term_string\"}}],\"inLanguage\":\"fr-FR\"},{\"@type\":\"Organization\",\"@id\":\"https:\/\/www.pressenza.com\/fr\/#organization\",\"name\":\"Pressenza\",\"url\":\"https:\/\/www.pressenza.com\/fr\/\",\"logo\":{\"@type\":\"ImageObject\",\"inLanguage\":\"fr-FR\",\"@id\":\"https:\/\/www.pressenza.com\/fr\/#\/schema\/logo\/image\/\",\"url\":\"https:\/\/www.pressenza.com\/wp-content\/uploads\/2022\/10\/pressenza_logo_200x200.jpg\",\"contentUrl\":\"https:\/\/www.pressenza.com\/wp-content\/uploads\/2022\/10\/pressenza_logo_200x200.jpg\",\"width\":200,\"height\":200,\"caption\":\"Pressenza\"},\"image\":{\"@id\":\"https:\/\/www.pressenza.com\/fr\/#\/schema\/logo\/image\/\"},\"sameAs\":[\"https:\/\/www.facebook.com\/PressenzaItalia\",\"https:\/\/x.com\/PressenzaIPA\"]},{\"@type\":\"Person\",\"@id\":\"https:\/\/www.pressenza.com\/fr\/#\/schema\/person\/010e5d02bcf40965427a1289a4cc8d75\",\"name\":\"Pressenza IPA\",\"description\":\"News from Pressenza IPA correspondents\",\"sameAs\":[\"https:\/\/www.facebook.com\/pressenza\",\"https:\/\/x.com\/PressenzaIPA\"],\"url\":\"https:\/\/www.pressenza.com\/fr\/author\/pressenza-ipa\/\"}]}<\/script>\n<!-- \/ Yoast SEO plugin. -->","yoast_head_json":{"title":"L\u2019Eco Socialisme pour r\u00e9inventer la politique d\u2019urgence !","description":"Une tribune d\u2019Emmanuel Poil\u00e2ne, directeur de France Libert\u00e9s, publi\u00e9e sur le site du Huffington Post Plus que jamais, notre soci\u00e9t\u00e9 semble avoir perdu le","robots":{"index":"index","follow":"follow","max-snippet":"max-snippet:-1","max-image-preview":"max-image-preview:large","max-video-preview":"max-video-preview:-1"},"canonical":"https:\/\/www.pressenza.com\/fr\/2012\/12\/leco-socialisme-pour-reinventer-la-politique-durgence\/","og_locale":"fr_FR","og_type":"article","og_title":"L\u2019Eco Socialisme pour r\u00e9inventer la politique d\u2019urgence !","og_description":"Une tribune d\u2019Emmanuel Poil\u00e2ne, directeur de France Libert\u00e9s, publi\u00e9e sur le site du Huffington Post Plus que jamais, notre soci\u00e9t\u00e9 semble avoir perdu le","og_url":"https:\/\/www.pressenza.com\/fr\/2012\/12\/leco-socialisme-pour-reinventer-la-politique-durgence\/","og_site_name":"Pressenza","article_publisher":"https:\/\/www.facebook.com\/PressenzaItalia","article_author":"https:\/\/www.facebook.com\/pressenza","article_published_time":"2012-12-05T21:40:47+00:00","article_modified_time":"2012-12-06T02:18:39+00:00","og_image":[{"width":1438,"height":1036,"url":"https:\/\/www.pressenza.com\/wp-content\/uploads\/2012\/12\/poilane.jpg","type":"image\/jpeg"}],"author":"Pressenza IPA","twitter_card":"summary_large_image","twitter_creator":"@PressenzaIPA","twitter_site":"@PressenzaIPA","twitter_misc":{"\u00c9crit par":"Pressenza IPA","Dur\u00e9e de lecture estim\u00e9e":"4 minutes"},"schema":{"@context":"https:\/\/schema.org","@graph":[{"@type":"Article","@id":"https:\/\/www.pressenza.com\/fr\/2012\/12\/leco-socialisme-pour-reinventer-la-politique-durgence\/#article","isPartOf":{"@id":"https:\/\/www.pressenza.com\/fr\/2012\/12\/leco-socialisme-pour-reinventer-la-politique-durgence\/"},"author":{"name":"Pressenza IPA","@id":"https:\/\/www.pressenza.com\/fr\/#\/schema\/person\/010e5d02bcf40965427a1289a4cc8d75"},"headline":"L\u2019Eco Socialisme pour r\u00e9inventer la politique d\u2019urgence !","datePublished":"2012-12-05T21:40:47+00:00","dateModified":"2012-12-06T02:18:39+00:00","mainEntityOfPage":{"@id":"https:\/\/www.pressenza.com\/fr\/2012\/12\/leco-socialisme-pour-reinventer-la-politique-durgence\/"},"wordCount":737,"publisher":{"@id":"https:\/\/www.pressenza.com\/fr\/#organization"},"image":{"@id":"https:\/\/www.pressenza.com\/fr\/2012\/12\/leco-socialisme-pour-reinventer-la-politique-durgence\/#primaryimage"},"thumbnailUrl":"https:\/\/www.pressenza.com\/wp-content\/uploads\/2012\/12\/poilane.jpg","keywords":["bien commun","crise","Eau","France Libert\u00e9s","partage"],"articleSection":["Ecologie et Environnement","International","Opinion","Politique"],"inLanguage":"fr-FR"},{"@type":"WebPage","@id":"https:\/\/www.pressenza.com\/fr\/2012\/12\/leco-socialisme-pour-reinventer-la-politique-durgence\/","url":"https:\/\/www.pressenza.com\/fr\/2012\/12\/leco-socialisme-pour-reinventer-la-politique-durgence\/","name":"L\u2019Eco Socialisme pour r\u00e9inventer la politique d\u2019urgence !","isPartOf":{"@id":"https:\/\/www.pressenza.com\/fr\/#website"},"primaryImageOfPage":{"@id":"https:\/\/www.pressenza.com\/fr\/2012\/12\/leco-socialisme-pour-reinventer-la-politique-durgence\/#primaryimage"},"image":{"@id":"https:\/\/www.pressenza.com\/fr\/2012\/12\/leco-socialisme-pour-reinventer-la-politique-durgence\/#primaryimage"},"thumbnailUrl":"https:\/\/www.pressenza.com\/wp-content\/uploads\/2012\/12\/poilane.jpg","datePublished":"2012-12-05T21:40:47+00:00","dateModified":"2012-12-06T02:18:39+00:00","description":"Une tribune d\u2019Emmanuel Poil\u00e2ne, directeur de France Libert\u00e9s, publi\u00e9e sur le site du Huffington Post Plus que jamais, notre soci\u00e9t\u00e9 semble avoir perdu le","breadcrumb":{"@id":"https:\/\/www.pressenza.com\/fr\/2012\/12\/leco-socialisme-pour-reinventer-la-politique-durgence\/#breadcrumb"},"inLanguage":"fr-FR","potentialAction":[{"@type":"ReadAction","target":["https:\/\/www.pressenza.com\/fr\/2012\/12\/leco-socialisme-pour-reinventer-la-politique-durgence\/"]}]},{"@type":"ImageObject","inLanguage":"fr-FR","@id":"https:\/\/www.pressenza.com\/fr\/2012\/12\/leco-socialisme-pour-reinventer-la-politique-durgence\/#primaryimage","url":"https:\/\/www.pressenza.com\/wp-content\/uploads\/2012\/12\/poilane.jpg","contentUrl":"https:\/\/www.pressenza.com\/wp-content\/uploads\/2012\/12\/poilane.jpg","width":"1438","height":"1036"},{"@type":"BreadcrumbList","@id":"https:\/\/www.pressenza.com\/fr\/2012\/12\/leco-socialisme-pour-reinventer-la-politique-durgence\/#breadcrumb","itemListElement":[{"@type":"ListItem","position":1,"name":"Accueil","item":"https:\/\/www.pressenza.com\/fr\/"},{"@type":"ListItem","position":2,"name":"L\u2019Eco Socialisme pour r\u00e9inventer la politique d\u2019urgence !"}]},{"@type":"WebSite","@id":"https:\/\/www.pressenza.com\/fr\/#website","url":"https:\/\/www.pressenza.com\/fr\/","name":"Pressenza","description":"International Press Agency","publisher":{"@id":"https:\/\/www.pressenza.com\/fr\/#organization"},"potentialAction":[{"@type":"SearchAction","target":{"@type":"EntryPoint","urlTemplate":"https:\/\/www.pressenza.com\/fr\/?s={search_term_string}"},"query-input":{"@type":"PropertyValueSpecification","valueRequired":true,"valueName":"search_term_string"}}],"inLanguage":"fr-FR"},{"@type":"Organization","@id":"https:\/\/www.pressenza.com\/fr\/#organization","name":"Pressenza","url":"https:\/\/www.pressenza.com\/fr\/","logo":{"@type":"ImageObject","inLanguage":"fr-FR","@id":"https:\/\/www.pressenza.com\/fr\/#\/schema\/logo\/image\/","url":"https:\/\/www.pressenza.com\/wp-content\/uploads\/2022\/10\/pressenza_logo_200x200.jpg","contentUrl":"https:\/\/www.pressenza.com\/wp-content\/uploads\/2022\/10\/pressenza_logo_200x200.jpg","width":200,"height":200,"caption":"Pressenza"},"image":{"@id":"https:\/\/www.pressenza.com\/fr\/#\/schema\/logo\/image\/"},"sameAs":["https:\/\/www.facebook.com\/PressenzaItalia","https:\/\/x.com\/PressenzaIPA"]},{"@type":"Person","@id":"https:\/\/www.pressenza.com\/fr\/#\/schema\/person\/010e5d02bcf40965427a1289a4cc8d75","name":"Pressenza IPA","description":"News from Pressenza IPA correspondents","sameAs":["https:\/\/www.facebook.com\/pressenza","https:\/\/x.com\/PressenzaIPA"],"url":"https:\/\/www.pressenza.com\/fr\/author\/pressenza-ipa\/"}]}},"place":"Paris","original_article_url":"","_links":{"self":[{"href":"https:\/\/www.pressenza.com\/fr\/wp-json\/wp\/v2\/posts\/26942","targetHints":{"allow":["GET"]}}],"collection":[{"href":"https:\/\/www.pressenza.com\/fr\/wp-json\/wp\/v2\/posts"}],"about":[{"href":"https:\/\/www.pressenza.com\/fr\/wp-json\/wp\/v2\/types\/post"}],"author":[{"embeddable":true,"href":"https:\/\/www.pressenza.com\/fr\/wp-json\/wp\/v2\/users\/19"}],"replies":[{"embeddable":true,"href":"https:\/\/www.pressenza.com\/fr\/wp-json\/wp\/v2\/comments?post=26942"}],"version-history":[{"count":0,"href":"https:\/\/www.pressenza.com\/fr\/wp-json\/wp\/v2\/posts\/26942\/revisions"}],"wp:featuredmedia":[{"embeddable":true,"href":"https:\/\/www.pressenza.com\/fr\/wp-json\/wp\/v2\/media\/26953"}],"wp:attachment":[{"href":"https:\/\/www.pressenza.com\/fr\/wp-json\/wp\/v2\/media?parent=26942"}],"wp:term":[{"taxonomy":"category","embeddable":true,"href":"https:\/\/www.pressenza.com\/fr\/wp-json\/wp\/v2\/categories?post=26942"},{"taxonomy":"post_tag","embeddable":true,"href":"https:\/\/www.pressenza.com\/fr\/wp-json\/wp\/v2\/tags?post=26942"}],"curies":[{"name":"wp","href":"https:\/\/api.w.org\/{rel}","templated":true}]}}