{"id":2689478,"date":"2026-04-02T23:27:09","date_gmt":"2026-04-02T22:27:09","guid":{"rendered":"https:\/\/www.pressenza.com\/?p=2689478"},"modified":"2026-04-02T23:27:09","modified_gmt":"2026-04-02T22:27:09","slug":"la-persecution-de-julian-assange-est-desormais-la-norme","status":"publish","type":"post","link":"https:\/\/www.pressenza.com\/fr\/2026\/04\/la-persecution-de-julian-assange-est-desormais-la-norme\/","title":{"rendered":"La pers\u00e9cution de Julian Assange est d\u00e9sormais la norme"},"content":{"rendered":"<h4>\u00c0 propos de la conf\u00e9rence <a href=\"https:\/\/www.disruptionlab.org\/exposing-crimes-is-not-a-crime\">\u00ab R\u00e9v\u00e9ler les crimes n&rsquo;est pas un crime \u2013 Les cons\u00e9quences concr\u00e8tes de WikiLeaks \u00bb (1), qui s\u2019est tenue du 19 au 22 mars 2026 \u00e0 Berlin<\/a><\/h4>\n<p>Du 19 au 22 mars, des personnes du monde entier \u2013 journalistes, politiciens, magistrats, militants et lanceurs d&rsquo;alerte \u2013 se sont r\u00e9unis au HAU Hebbel am Ufer (HAU 1) \u00e0 Kreuzberg pour d\u00e9battre de l&rsquo;h\u00e9ritage de WikiLeaks \u00e0 notre \u00e9poque. Parmi les intervenants au symposium \u00ab\u00a0<em>Exposing crimes is not a crime<\/em>\u00a0\u00bb [R\u00e9v\u00e9ler les crimes n\u2019est pas un crime], citons les avocates Stella Assange et Renata \u00c1vila, les lanceurs d&rsquo;alerte John Kiriakou et Thomas Drake, ainsi que la journaliste d&rsquo;investigation Stefania Maurizi.<\/p>\n<p><b>Julian Assange<\/b>, fondateur de la plateforme WikiLeaks,<b> est libre<\/b> depuis le 25 juin 2024. Pourtant<b>, la pression sur le journalisme est plus forte que jamais<\/b>, notamment en Occident, o\u00f9 la libert\u00e9 d&rsquo;expression et la libert\u00e9 de la presse sont cens\u00e9es \u00eatre des valeurs fondamentales. Un bilan incomplet :<\/p>\n<p><b>De quoi Julian Assange a-t-il \u00e9t\u00e9 accus\u00e9 exactement ?<\/b><\/p>\n<p>L\u2019acte d\u2019accusation mentionne la r\u00e9ception et la publication de documents classifi\u00e9s secrets par les autorit\u00e9s des USA : il s\u2019agit notamment des <b>journaux de guerre d\u2019Irak et d\u2019Afghanistan<\/b> (rapports quotidiens internes du front d\u00e9taillant tous les incidents et les listes des bless\u00e9s et des morts), de la <b>vid\u00e9o \u00ab <em>Collateral Murder <\/em><\/b>\u00bb ainsi que des \u00ab R\u00e8gles d\u2019engagement \u00bb (code de conduite des soldats et vid\u00e9o montrant des crimes de guerre pr\u00e9sum\u00e9s commis par des soldats \u00e9tasuniens), de documents internes du camp de prisonniers \u00e9tasunien de <b>Guant\u00e1namo <\/b>et de la divulgation d\u2019un grand nombre de<b> c\u00e2bles<\/b> diplomatiques des ambassades am\u00e9ricaines au d\u00e9partement d\u2019\u00c9tat des \u00c9tats-Unis.<\/p>\n<p>Il s&rsquo;agit donc principalement de<b> reportages de guerre et de leur criminalisation<\/b> par le gouvernement am\u00e9ricain. (2)<\/p>\n<p>Comme l&rsquo;a r\u00e9sum\u00e9 l&rsquo;avocate d&rsquo;Assange, Jennifer Robinson, lors de sa lib\u00e9ration, il s&rsquo;agit de publications qui \u00ab<i> ont r\u00e9v\u00e9l\u00e9 des preuves de <\/i><b><i>crimes de guerre<\/i><\/b><i>, de violations des droits humains\u00a0 et de crimes commis par les \u00c9tats-Unis \u00e0 travers le monde [\u2026], pour lesquels il [Assange] a re\u00e7u des prix de journalisme internationaux au cours des dix derni\u00e8res ann\u00e9es et a \u00e9t\u00e9 nomin\u00e9 chaque ann\u00e9e pour le prix Nobel de la paix.<\/i> \u00bb (3)<\/p>\n<p>\u00c0 cette fin, une loi promulgu\u00e9e aux \u00c9tats-Unis pendant la Premi\u00e8re Guerre mondiale pour poursuivre les opposants \u00e0 la guerre a \u00e9t\u00e9 invoqu\u00e9e :<b> la loi sur l\u2019espionnage<\/b>. Cette loi ne fait aucune distinction entre ceux qui travaillent pour l\u2019ennemi, c\u2019est-\u00e0-dire les espions, et ceux qui souhaitent informer le public de mani\u00e8re critique sur les plans et les actions de guerre de leur propre gouvernement. Jusqu\u2019\u00e0 la premi\u00e8re administration Trump, seuls les lanceurs d\u2019alerte \u00e9taient soumis \u00e0 cette loi ; Edward Snowden, par exemple, serait poursuivi en vertu de cette loi s\u2019il revenait aux \u00c9tats-Unis.<\/p>\n<p>Assange n\u2019a pas \u00e9t\u00e9 poursuivi sous l\u2019administration Obama car, comme il avait publi\u00e9 en collaboration avec des m\u00e9dias traditionnels, le New York Times, entre autres, aurait \u00e9galement d\u00fb \u00eatre poursuivi.<\/p>\n<p>Sous l&rsquo;administration Trump, pour la premi\u00e8re fois, une personne a \u00e9t\u00e9 inculp\u00e9e pour<b> publication d&rsquo;informations classifi\u00e9es<\/b>, autrement dit, pour fuites. De plus, puisque les \u00c9tats-Unis invoquent ici<b> l&rsquo;extraterritorialit\u00e9<\/b>, une pratique g\u00e9n\u00e9ralement r\u00e9serv\u00e9e aux affaires de terrorisme et de piraterie \u2013 en l&rsquo;occurrence, un citoyen australien op\u00e9rant hors des \u00c9tats-Unis est poursuivi \u2013, cette inculpation constitue une menace pour<b> quiconque, o\u00f9 que ce soit dans le monde, publie des informations que les \u00c9tats-Unis consid\u00e8rent comme classifi\u00e9es<\/b>. (4)(5)(6)<\/p>\n<p>Voil\u00e0 pour le pouvoir judiciaire. Cependant,<b> la pers\u00e9cution de WikiLeaks <\/b>et de Julian Assange par l&rsquo;ex\u00e9cutif a commenc\u00e9 bien plus t\u00f4t. \u00c0 l&rsquo;\u00e9t\u00e9 2010, au plus fort de la puissance de WikiLeaks, les<b> cartes de cr\u00e9dit de Julian Assange ont \u00e9t\u00e9 bloqu\u00e9es<\/b>.<\/p>\n<p>Lors de sa premi\u00e8re arrestation en d\u00e9cembre 2010, qui lui valut une longue incarc\u00e9ration, des employ\u00e9s de la soci\u00e9t\u00e9 de s\u00e9curit\u00e9 priv\u00e9e Stratfor, collaborant \u00e9galement avec les services de renseignement am\u00e9ricains, \u00e9chang\u00e8rent des courriels (fuit\u00e9s ult\u00e9rieurement et publi\u00e9s par WikiLeaks) d\u00e9taillant la strat\u00e9gie \u00e0 adopter face \u00e0 Assange :<\/p>\n<p><i>Il est \u00e9galement important de retrouver ses complices. (&#8230;) De lui rendre la vie impossible.<\/i><\/p>\n<p><i>De le traquer de pays en pays afin qu\u2019il soit inculp\u00e9 de diverses charges pendant les 25 prochaines ann\u00e9es. De saisir tous ses biens et ceux de sa famille, y compris ceux de toutes les personnes li\u00e9es \u00e0 Wiki. (\u201c\u2026seize everything he and his family own, to include every person linked to Wiki\u201c. <\/i>\u00a0Ailleurs, les courriels indiquent explicitement : \u201cBankrupt the Asshole\u2026ruin his life\u201d. (7)(8) [ Ruiner cet imb\u00e9cile\u2026 ruiner sa vie. ] (7)(8)<\/p>\n<p>Voici ce qu&rsquo;ont fait les gouvernements et les institutions financi\u00e8res : les comptes de WikiLeaks ont \u00e9t\u00e9 gel\u00e9s, privant ainsi l&rsquo;\u00e9quipe de ses dons essentiels. \u00ab Nous savons d\u00e9sormais que Visa, Mastercard et PayPal sont des instruments de la politique \u00e9trang\u00e8re am\u00e9ricaine \u00bb, a-t-il d\u00e9clar\u00e9. (9) Outre les campagnes de diffamation apparemment interminables visant \u00e0 discr\u00e9diter l&rsquo;image h\u00e9ro\u00efque du lanceur d&rsquo;alerte, le travail de WikiLeaks est rest\u00e9 sous le feu des critiques jusqu&rsquo;\u00e0 la fin. (10)<\/p>\n<p>Gabriel Shipton, le fr\u00e8re de Julian Assange, l&rsquo;a r\u00e9sum\u00e9 dans une interview :<\/p>\n<p>Je pense qu&rsquo;il faut se pencher sur le pass\u00e9 et identifier le ph\u00e9nom\u00e8ne auquel nous sommes confront\u00e9s : d&rsquo;abord, on s&rsquo;attaque \u00e0 votre argent, ensuite \u00e0 votre image et enfin \u00e0 votre libert\u00e9. La pers\u00e9cution de Julian Assange devrait \u00eatre une le\u00e7on pour nous tous : elle nous enseigne que si nous voulons faire ce qu&rsquo;il a fait, nous devons nous prot\u00e9ger et \u00eatre pr\u00eats. (11)<\/p>\n<p><b>Pourquoi les journalistes sont-ils pers\u00e9cut\u00e9s aujourd&rsquo;hui ?<\/b> Qui voit sa vie \u00ab ruin\u00e9e \u00bb ?<\/p>\n<p>Pour avoir exerc\u00e9 sa libert\u00e9 d&rsquo;expression et la libert\u00e9 de la presse ?<\/p>\n<p><b>Jacques Baud,<\/b> auteur \u00e0 succ\u00e8s d&rsquo;analyses sur la guerre russo-ukrainienne (et d&rsquo;autres conflits au Moyen-Orient, entre autres), \u00e9crivain suisse ayant travaill\u00e9 pour les services de renseignement suisses, l&rsquo;ONU et l&rsquo;OTAN, fait l&rsquo;objet de <b>sanctions de l&rsquo;UE<\/b> visant la Russie.<\/p>\n<p>Le Berliner Zeitung rapporte :<i> l&rsquo;UE a sanctionn\u00e9 un citoyen suisse. Ses comptes bancaires sont gel\u00e9s et il n&rsquo;est pas autoris\u00e9 \u00e0 voyager. Il a besoin d&rsquo;une \u00ab d\u00e9rogation humanitaire \u00bb pour se nourrir.<\/i><\/p>\n<p><i>\u00ab Dans mes livres et mes pr\u00e9sentations vid\u00e9o, je m&rsquo;appuie exclusivement sur des sources occidentales ou ukrainiennes \u00bb, a-t-il d\u00e9clar\u00e9, selon le Berliner Zeitung. \u00ab <\/i><b><i>Mon objectif \u00e9tait de montrer qu&rsquo;il est possible d&rsquo;avoir une perspective diff\u00e9rente sur le conflit ukrainien sans recourir \u00e0 la propagande russe<\/i><\/b><i>.<\/i> \u00bb<\/p>\n<p><b>Ces propos portent sur des analyses et des opinions concernant la guerre en cours qui d\u00e9plaisent \u00e0 l&rsquo;\u00c9tat.<\/b><\/p>\n<p><b>Le Conseil des ministres des Affaires \u00e9trang\u00e8res de l&rsquo;UE, <\/b>organe de sanctions, consid\u00e8re donc les travaux de Baud comme de la propagande, et le gel de ses comptes bancaires ainsi qu&rsquo;une interdiction de voyager au sein de l&rsquo;UE (en tant que citoyen suisse r\u00e9sidant \u00e0 Bruxelles, il n&rsquo;est pas non plus autoris\u00e9 \u00e0 rentrer chez lui) en sont les cons\u00e9quences. (12)<\/p>\n<p>D\u00e9noncer les violations des droits humains au c\u0153ur m\u00eame du pays qui les d\u00e9fend \u00e9tait une chose in\u00e9dite lorsque Julian Assange a \u00e9t\u00e9 enlev\u00e9 de son refuge \u00e0 l&rsquo;ambassade d&rsquo;\u00c9quateur \u00e0 Londres et incarc\u00e9r\u00e9 dans une prison de haute s\u00e9curit\u00e9 londonienne. Nils Melzer, rapporteur sp\u00e9cial des Nations Unies sur la torture et autres peines ou traitements cruels, inhumains ou d\u00e9gradants, originaire de Suisse, a constat\u00e9 que les \u00c9tats occidentaux (Royaume-Uni, Su\u00e8de, \u00c9quateur et \u00c9tats-Unis) avaient ignor\u00e9 ses rapports concernant les conditions inhumaines de d\u00e9tention de Julian Assange.<\/p>\n<p>Dans un discours prononc\u00e9 en 2019 \u00e0 la porte de Brandebourg, devant un monument repr\u00e9sentant Edward Snowden, Chelsea Manning et Julian Assange, il expliquait que le terme \u00ab dissident \u00bb d\u00e9signait autrefois les r\u00e9fugi\u00e9s politiques de l&rsquo;Est ayant trouv\u00e9 refuge \u00e0 l&rsquo;Ouest. Aujourd&rsquo;hui, l&rsquo;Occident a ses propres dissidents, qu&rsquo;il pers\u00e9cute avec une violence inou\u00efe.<\/p>\n<p>\u00ab<i> Ils <\/i>(Manning, Assange, Snowden)<i> sont les dissidents politiques de l&rsquo;Occident, et leur pers\u00e9cution s&rsquo;apparente \u00e0 une chasse aux sorci\u00e8res moderne, car ils menacent les privil\u00e8ges d&rsquo;un pouvoir d&rsquo;\u00c9tat d\u00e9brid\u00e9 qui a \u00e9chapp\u00e9 \u00e0 tout contr\u00f4le.<\/i> \u00bb<\/p>\n<p><b>Des experts des Nations Unies en mati\u00e8re de droits humains<\/b> ont contact\u00e9 \u00e0 plusieurs reprises des gouvernements occidentaux au sujet d&rsquo;all\u00e9gations de violations des droits humains et, comme ce fut le cas pour Nils Melzer, ils n&rsquo;ont re\u00e7u aucune r\u00e9ponse. Le caract\u00e8re exceptionnel de l&rsquo;affaire Assange devient un th\u00e8me r\u00e9current.<\/p>\n<p>En d\u00e9cembre 2024, six mois apr\u00e8s la lib\u00e9ration de Julian Assange, <b>quatre rapporteurs sp\u00e9ciaux des Nations Unies <\/b>\u2013 respectivement charg\u00e9s du terrorisme, de la libert\u00e9 d&rsquo;expression, de la libert\u00e9 de r\u00e9union et de la protection des donn\u00e9es \u2013 ont contact\u00e9 conjointement le gouvernement britannique pour signaler que les lois antiterroristes avaient \u00e9t\u00e9 \u00ab potentiellement appliqu\u00e9es de mani\u00e8re inappropri\u00e9e \u00bb dans les cas de six journalistes et militants britanniques. (14) La loi antiterroriste contient une liste d&rsquo;organisations interdites, parmi lesquelles figure d\u00e9sormais le Hamas. Comme l\u2019explique Patrick Boylan, \u00ab<i> en vertu de l\u2019article 12 de la loi antiterroriste (\u2026), parler favorablement du Hezbollah ou du Hamas, voire de la \u201cr\u00e9sistance palestinienne\u201d, est devenu une infraction p\u00e9nale au Royaume-Uni : cela est consid\u00e9r\u00e9 comme une apologie du terrorisme. D\u2019o\u00f9 les arrestations, les perquisitions et les intimidations dont ont \u00e9t\u00e9 victimes les journalistes britanniques qui ont os\u00e9 d\u00e9fendre le droit des Palestiniens \u00e0 lib\u00e9rer leur terre, m\u00eame par la lutte arm\u00e9e (\u00e0 condition que celle-ci soit men\u00e9e dans le respect du droit de la guerre et des conventions internationales pertinentes)<\/i>. \u00bb (15)<\/p>\n<p>En juillet 2025, le groupe de protestation britannique \u00ab<b> Palestine Action<\/b> \u00bb, qui s&rsquo;attachait \u00e0 perturber les activit\u00e9s des entreprises d&rsquo;armement isra\u00e9liennes sur leurs sites britanniques, a \u00e9t\u00e9 interdit et, de ce fait, soumis aux lois antiterroristes. <i>Appeler \u00e0 soutenir le mouvement, organiser des r\u00e9unions et des rassemblements publics de solidarit\u00e9, ou m\u00eame simplement porter des v\u00eatements arborant le logo de Palestine Action, tout cela constituait d\u00e9sormais une infraction p\u00e9nale.<\/i> L&rsquo;\u00e9crivaine irlandaise Sally Rooney a annonc\u00e9 qu&rsquo;elle ne pouvait pas recevoir son prix litt\u00e9raire en Angleterre \u00e0 cause de son soutien [pour Palestine Action], en raison du risque d&rsquo;arrestation. (16)<\/p>\n<p>D\u00e9cembre 2025, Berlin, UE : Les nombreuses poursuites p\u00e9nales li\u00e9es aux manifestations pour le climat et aux violations des droits fondamentaux lors des manifestations pro-palestiniennes soul\u00e8vent des questions de proportionnalit\u00e9, selon le communiqu\u00e9 de presse publi\u00e9 par l\u2019<b>Institut allemand des droits humains <\/b>lors de la conf\u00e9rence de presse pr\u00e9sentant son rapport annuel. (17)<\/p>\n<p>Janvier 2026, Berlin \u00e0 nouveau, UE : H\u00fcseyin Do\u011fru, inscrit sur la liste des sanctions de l\u2019UE depuis mai 2025, est interdit de voyager, ses comptes sont gel\u00e9s et il ne per\u00e7oit plus l\u2019aide humanitaire d\u2019urgence n\u00e9cessaire \u00e0 sa subsistance et \u00e0 celle de sa famille. Ses positions pro-palestiniennes seraient accus\u00e9es de saper la soci\u00e9t\u00e9 allemande et, par cons\u00e9quent, de profiter \u00e0 la Russie (!). (18)<\/p>\n<p>Lors de la conf\u00e9rence de presse du gouvernement allemand, il se voit <b>refuser le statut de journaliste<\/b> et est <b>qualifi\u00e9 d\u2019\u00ab acteur de d\u00e9sinformation \u00bb. Le porte-parole du minist\u00e8re des Affaires \u00e9trang\u00e8res avertit sans d\u00e9tour tous les journalistes<\/b> que quiconque attirerait une attention similaire pourrait subir le m\u00eame sort. (19)<\/p>\n<p>Gabriel Shipton, le fr\u00e8re de Julian Assange, \u00e9voque ces avertissements dans une interview o\u00f9 il cite la pers\u00e9cution et l&rsquo;assassinat de journalistes aux \u00c9tats-Unis et \u00e0 Gaza.<\/p>\n<p>\u00ab Les m\u00eames forces qui se sont attaqu\u00e9es \u00e0 Julian agissent d\u00e9sormais au grand jour. Il ne s&rsquo;agit pas d&rsquo;incidents isol\u00e9s. Ce sont des signaux, des avertissements destin\u00e9s \u00e0 \u00e9touffer la parole, \u00e0 punir la r\u00e9sistance et \u00e0 dissuader toute r\u00e9sistance. Si ce qui est arriv\u00e9 \u00e0 Julian paraissait autrefois extraordinaire, aujourd&rsquo;hui, cela semble banal \u00bb, d\u00e9clare-t-il. (20)<\/p>\n<p>Autres avertissements : Les comptes sont gel\u00e9s en Allemagne contre des organisations d&rsquo;extr\u00eame gauche telles que Rote Hilfe (Aide rouge). (21)<\/p>\n<p>L\u2019ing\u00e9rence de la politique et des m\u00e9dias Springer dans la libert\u00e9 artistique et le d\u00e9bat d\u2019opinions \u00e0 la Berlinale (22).<\/p>\n<p><b>D\u00e9fendre la libert\u00e9 d\u2019expression et de la presse <\/b>doit \u00eatre une priorit\u00e9 absolue pour notre soci\u00e9t\u00e9 en ces temps de guerre. Supprimer la<b> peur de la r\u00e9pression<\/b> conduit \u00e0 des prises de parole de plus en plus anonymes, privant ainsi nos pens\u00e9es de leur fluidit\u00e9, de leur capacit\u00e9 d\u2019exploration et de leur aptitude \u00e0 questionner.<\/p>\n<p>Vous avez pu suivre en direct les risques et les opportunit\u00e9s li\u00e9s \u00e0 notre droit \u00e0 l&rsquo;information lors de la conf\u00e9rence ou en streaming o\u00f9 que vous \u00e9tiez.<\/p>\n<p>Claudia Daseking<\/p>\n<p>&nbsp;<\/p>\n<h4><b>Sources :<\/b><\/h4>\n<p>(1) <a href=\"https:\/\/www.disruptionlab.org\/exposing-crimes-is-not-a-crime\">https:\/\/www.disruptionlab.org\/exposing-crimes-is-not-a-crime<\/a> \u00a0[R\u00e9v\u00e9ler des crimes n\u2019est pas un crime]<\/p>\n<p>(2) L&rsquo;acte d&rsquo;accusation des \u00c9tats-Unis d&rsquo;Am\u00e9rique contre Julian Assange :<br \/>\n<a href=\"https:\/\/www.justice.gov\/archives\/opa\/press-release\/file\/1289641\/dl\"> https:\/\/www.justice.gov\/archives\/opa\/press-release\/file\/1289641\/dl<\/a><\/p>\n<p>(3) Son avocate, Jennifer Robinson, a d\u00e9clar\u00e9 \u00e0 la presse le jour de la lib\u00e9ration de Julian Assange : <a href=\"https:\/\/www.youtube.com\/watch?v=WcQxke1v6eM\">https:\/\/www.youtube.com\/watch?v=WcQxke1v6eM<\/a><\/p>\n<p>(4)<a href=\"https:\/\/www.berliner-zeitung.de\/open-source\/julian-assange-als-praezedenzfall-sind-whistleblower-journalisten-und-verleger-verschwoerer-li.2230588\"> https:\/\/www.berliner-zeitung.de\/open-source\/julian-assange-als-praezedenzfall-sind-whistleblower-journalisten-und-verleger-verschwoerer-li.2230588<\/a><\/p>\n<p>(5)<a href=\"https:\/\/www.washingtonpost.com\/opinions\/2019\/05\/24\/assange-prosecution-is-threat-journalists-around-world\/\"> https:\/\/www.washingtonpost.com\/opinions\/2019\/05\/24\/assange-prosecution-is-threat-journalists-around-world\/<\/a><\/p>\n<p>(6)\u00a0Vid\u00e9o explicative de Carey Shenkman sur la loi sur l&rsquo;espionnage\u00a0\u00a0<a href=\"https:\/\/www.youtube.com\/watch?v=qQH0h6NpQMk\">https:\/\/www.youtube.com\/watch?v=qQH0h6NpQMk<\/a>\u00a0 depuis 08:10<\/p>\n<p>(7)<a href=\"https:\/\/wikileaks.org\/gifiles\/docs\/10\/1056763_re-discussion-assange-arrested-.html\"> https:\/\/wikileaks.org\/gifiles\/docs\/10\/1056763_re-discussion-assange-arrested-.html<\/a><\/p>\n<p>(8)<a href=\"https:\/\/www.businessinsider.com\/stratfor-on-assange-bankrupt-the-a--ruin-his-life-give-him-7-12-for-conspiracy-2012-2\"> https:\/\/www.businessinsider.com\/stratfor-on-assange-bankrupt-the-a\u2013ruin-his-life-give-him-7-12-for-conspiracy-2012-2<\/a><\/p>\n<p>(9)<a href=\"https:\/\/wikileaks.org\/Banking-Blockade.html\"> https:\/\/wikileaks.org\/Banking-Blockade.html<\/a><\/p>\n<p><a href=\"https:\/\/www.wort.lu\/international\/julian-assange-ruft-zu-widerstand-auf\/547026.html\">https:\/\/www.wort.lu\/international\/julian-assange-ruft-zu-widerstand-auf\/547026.html<\/a><\/p>\n<p><a href=\"https:\/\/www.telegraph.co.uk\/news\/worldnews\/wikileaks\/8200473\/WikiLeaks-Julian-Assange-says-Visa-and-MasterCard-are-instruments-of-US-foreign-policy.html\">https:\/\/www.telegraph.co.uk\/news\/worldnews\/wikileaks\/8200473\/WikiLeaks-Julian-Assange-says-Visa-and-MasterCard-are-instruments-of-US-foreign-policy.html<\/a><\/p>\n<p>Pour plus d&rsquo;informations, l&rsquo;ouvrage de la journaliste d&rsquo;investigation italienne Stefania Maurizi est recommand\u00e9 ; la version allemande comprend un chapitre sur la publication.<\/p>\n<p>Le seul livre de cet auteure trouv\u00e9 en fran\u00e7ais est<b> L\u2019affaire Wikileaks<\/b>:<\/p>\n<p><a href=\"https:\/\/www.leslibraires.ca\/auteurs\/stefania-maurizi-656567?srsltid=AfmBOorBeEoEeWYz_heWbC9KeTajC5HyMCvYx7KZ5GT0VWrJ_mfKj8Fp&amp;sort=name\">https:\/\/www.leslibraires.ca\/auteurs\/stefania-maurizi-656567?<\/a><a href=\"https:\/\/www.leslibraires.ca\/auteurs\/stefania-maurizi-656567?srsltid=AfmBOorBeEoEeWYz_heWbC9KeTajC5HyMCvYx7KZ5GT0VWrJ_mfKj8Fp&amp;sort=name\">rsltid=AfmBOorBeEoEeWYz_heWbC9KeTajC5HyMCvYx7KZ5GT0VWrJ_mfKj8Fp&amp;sort=name<\/a><\/p>\n<p>(10) <a href=\"https:\/\/shop.papyrossa.de\/Maurizi-Stefania-Secret-Power\">https:\/\/shop.papyrossa.de\/Maurizi-Stefania-Secret-Power<\/a><\/p>\n<p>(11)<a href=\"https:\/\/maydayvictoria.com\/assange-is-healing-from-what-they-did-to-him\/#more-4863\"> https:\/\/maydayvictoria.com\/assange-is-healing-from-what-they-did-to-him\/#more-4863<\/a><\/p>\n<p>(12) L\u2019affaire Jacques Baud dans les m\u00e9dias :\u00a0<a href=\"https:\/\/www.berliner-zeitung.de\/politik-gesellschaft\/geopolitik\/eu-sanktioniert-jacques-baud-wie-ein-blitz-aus-heiterem-himmel-li.10010959\">https:\/\/www.berliner-zeitung.de\/politik-gesellschaft\/geopolitik\/eu-sanktioniert-jacques-baud-wie-ein-blitz-aus-heiterem-himmel-li.10010959<\/a><\/p>\n<p>Entretien de Jacques Baud avec Neutrality Studies :<\/p>\n<p><a href=\"https:\/\/www.youtube.com\/watch?v=Lk2N4VpMkIU\">https:\/\/www.youtube.com\/watch?v=Lk2N4VpMkIU<\/a><\/p>\n<p><a href=\"https:\/\/www.welt.de\/debatte\/plus695b6a09fe6040199bf928a2\/sanktionen-wegen-meinungen-die-eu-massnahmen-sind-verfassungswidrig.html\">https:\/\/www.welt.de\/debatte\/plus695b6a09fe6040199bf928a2\/sanktionen-wegen-meinungen-die-eu-massnahmen-sind-verfassungswidrig.html<\/a><\/p>\n<p><a href=\"https:\/\/www.jungewelt.de\/artikel\/514340.medienschau-von-der-leyen-macht-dicht.html\">https:\/\/www.jungewelt.de\/artikel\/514340.medienschau-von-der-leyen-macht-dicht.html<\/a><\/p>\n<p>(13)<a href=\"https:\/\/medium.com\/@njmelzer\/anything-to-say-this-is-what-i-have-to-say-1e5df397e221\"> https:\/\/medium.com\/@njmelzer\/anything-to-say-this-is-what-i-have-to-say-1e5df397e221<\/a><\/p>\n<p>(14)<a href=\"https:\/\/www.craigmurray.org.uk\/archives\/2025\/02\/united-nations-censures-uk-over-abuse-of-terrorism-act-against-journalists-and-activists\/\"> https:\/\/www.craigmurray.org.uk\/archives\/2025\/02\/united-nations-censures-uk-over-abuse-of-terrorism-act-against-journalists-and-activists\/<\/a><\/p>\n<p><a href=\"https:\/\/www.theguardian.com\/books\/2025\/sep\/18\/sally-rooney-unable-to-collect-award-over-palestine-action-arrest-threat\">https:\/\/www.theguardian.com\/books\/2025\/sep\/18\/sally-rooney-unable-to-collect-award-over-palestine-action-arrest-threat<\/a><\/p>\n<p><a href=\"https:\/\/www.irishtimes.com\/culture\/books\/2025\/08\/16\/sally-rooney-i-support-palestine-action-if-this-makes-me-a-supporter-of-terror-under-uk-law-so-be-it\/\">https:\/\/www.irishtimes.com\/culture\/books\/2025\/08\/16\/sally-rooney-i-support-palestine-action-if-this-makes-me-a-supporter-of-terror-under-uk-law-so-be-it\/<\/a><\/p>\n<p>(15)<a href=\"https:\/\/www.pressenza.com\/2025\/02\/defending-the-palestinian-resistance-has-become-a-crime-in-the-uk\/\"> https:\/\/www.pressenza.com\/2025\/02\/defending-the-palestinian-resistance-has-become-a-crime-in-the-uk\/<\/a><\/p>\n<p>(16)<a href=\"https:\/\/monde-diplomatique.de\/artikel\/!6140749\"> https:\/\/monde-diplomatique.de\/artikel\/!6140749<\/a><\/p>\n<p>(17)<a href=\"https:\/\/www.institut-fuer-menschenrechte.de\/aktuelles\/detail\/rechtsstaat-und-zivilgesellschaft-unter-druck-handlungsbedarf-bei-teilhabe-junger-menschen-ruestungsexporten-menschenhandel-und-femiziden\"> https:\/\/www.institut-fuer-menschenrechte.de\/aktuelles\/detail\/rechtsstaat-und-zivilgesellschaft-unter-druck-handlungsbedarf-bei-teilhabe-junger-menschen-ruestungsexporten-menschenhandel-und-femiziden<\/a><\/p>\n<p>(18)<a href=\"https:\/\/www.berliner-zeitung.de\/politik-gesellschaft\/geopolitik\/eu-sanktionen-journalist-hueseyin-dogru-existenzminimum-li.10013713\"> https:\/\/www.berliner-zeitung.de\/politik-gesellschaft\/geopolitik\/eu-sanktionen-journalist-hueseyin-dogru-existenzminimum-li.10013713<\/a><\/p>\n<p>(19) Le journaliste Florian Warweg demande lors de la conf\u00e9rence de presse f\u00e9d\u00e9rale comment H\u00fcseyin Dogru est cens\u00e9 survivre.<\/p>\n<p><a href=\"https:\/\/www.youtube.com\/watch?v=_MH8sXPIdJs\">\u00a0https:\/\/www.youtube.com\/watch?v=_MH8sXPIdJs<\/a><\/p>\n<p><a href=\"https:\/\/x.com\/FWarweg\/status\/2024579144634220834\">https:\/\/x.com\/FWarweg\/status\/2024579144634220834<\/a><\/p>\n<p>(20)<a href=\"https:\/\/www.theage.com.au\/politics\/federal\/what-happened-to-my-brother-julian-assange-once-felt-extraordinary-today-it-feels-like-the-norm-20250626-p5majv.html\"> https:\/\/www.theage.com.au\/politics\/federal\/what-happened-to-my-brother-julian-assange-once-felt-extraordinary-today-it-feels-like-the-norm-20250626-p5majv.html<\/a><\/p>\n<p>(21)<a href=\"https:\/\/www.pressenza.com\/de\/2026\/01\/der-krieg-im-innern\/\"> https:\/\/www.pressenza.com\/de\/2026\/01\/der-krieg-im-innern\/<br \/>\n<\/a> D\u00e9bancage (blocage de comptes pour raisons politiques :<br \/>\n<a href=\"https:\/\/dserver.bundestag.de\/btd\/21\/041\/2104184.pdf\"> https:\/\/dserver.bundestag.de\/btd\/21\/041\/2104184.pdf<\/a><\/p>\n<p>(22)<a href=\"https:\/\/taz.de\/Daniel-Kehlmann-Meinungsklima-in-Gefahr\/!6158268\/\"> https:\/\/taz.de\/Daniel-Kehlmann-Meinungsklima-in-Gefahr\/!6158268\/<\/a><\/p>\n","protected":false},"excerpt":{"rendered":"<p>\u00c0 propos de la conf\u00e9rence \u00ab R\u00e9v\u00e9ler les crimes n&rsquo;est pas un crime \u2013 Les cons\u00e9quences concr\u00e8tes de WikiLeaks \u00bb (1), qui s\u2019est tenue du 19 au 22 mars 2026 \u00e0 Berlin Du 19 au 22 mars, des personnes du&hellip;<\/p>\n","protected":false},"author":1095,"featured_media":2689479,"comment_status":"closed","ping_status":"closed","sticky":false,"template":"","format":"standard","meta":{"footnotes":""},"categories":[11386,94,98,93,95],"tags":[154713,30742,519,154714,154715,1492],"class_list":["post-2689478","post","type-post","status-publish","format-standard","has-post-thumbnail","hentry","category-contenu-original","category-culture-fr","category-droits-de-lhomme","category-politique","category-affaires-etrangeres","tag-journalisme-critique","tag-lanceur-dalerte","tag-liberte-dexpression","tag-reportages-de-guerre","tag-sanctions-de-lue","tag-union-europeenne"],"yoast_head":"<!-- This site is optimized with the Yoast SEO plugin v27.1.1 - https:\/\/yoast.com\/product\/yoast-seo-wordpress\/ -->\n<title>La pers\u00e9cution de Julian Assange est d\u00e9sormais la norme<\/title>\n<meta name=\"description\" content=\"\u00c0 propos de la conf\u00e9rence \u00ab R\u00e9v\u00e9ler les crimes n&#039;est pas un crime \u2013 Les cons\u00e9quences concr\u00e8tes de WikiLeaks \u00bb (1), qui s\u2019est tenue du 19 au 22 mars 2026 \u00e0\" \/>\n<meta name=\"robots\" content=\"index, follow, max-snippet:-1, max-image-preview:large, max-video-preview:-1\" \/>\n<link rel=\"canonical\" href=\"https:\/\/www.pressenza.com\/fr\/2026\/04\/la-persecution-de-julian-assange-est-desormais-la-norme\/\" \/>\n<meta property=\"og:locale\" content=\"fr_FR\" \/>\n<meta property=\"og:type\" content=\"article\" \/>\n<meta property=\"og:title\" content=\"La pers\u00e9cution de Julian Assange est d\u00e9sormais la norme\" \/>\n<meta property=\"og:description\" content=\"\u00c0 propos de la conf\u00e9rence \u00ab R\u00e9v\u00e9ler les crimes n&#039;est pas un crime \u2013 Les cons\u00e9quences concr\u00e8tes de WikiLeaks \u00bb (1), qui s\u2019est tenue du 19 au 22 mars 2026 \u00e0\" \/>\n<meta property=\"og:url\" content=\"https:\/\/www.pressenza.com\/fr\/2026\/04\/la-persecution-de-julian-assange-est-desormais-la-norme\/\" \/>\n<meta property=\"og:site_name\" content=\"Pressenza\" \/>\n<meta property=\"article:publisher\" content=\"https:\/\/www.facebook.com\/PressenzaItalia\" \/>\n<meta property=\"article:author\" content=\"https:\/\/www.facebook.com\/Pressenza-Deutschland-sterreich-Schweiz-281675388658060\/timeline\/\" \/>\n<meta property=\"article:published_time\" content=\"2026-04-02T22:27:09+00:00\" \/>\n<meta property=\"og:image\" content=\"https:\/\/www.pressenza.com\/wp-content\/uploads\/2026\/03\/Exposing-Crime.png\" \/>\n\t<meta property=\"og:image:width\" content=\"966\" \/>\n\t<meta property=\"og:image:height\" content=\"608\" \/>\n\t<meta property=\"og:image:type\" content=\"image\/png\" \/>\n<meta name=\"author\" content=\"Pressenza Berlin\" \/>\n<meta name=\"twitter:card\" content=\"summary_large_image\" \/>\n<meta name=\"twitter:creator\" content=\"@pressenza_ger\" \/>\n<meta name=\"twitter:site\" content=\"@PressenzaIPA\" \/>\n<meta name=\"twitter:label1\" content=\"\u00c9crit par\" \/>\n\t<meta name=\"twitter:data1\" content=\"Pressenza Berlin\" \/>\n\t<meta name=\"twitter:label2\" content=\"Dur\u00e9e de lecture estim\u00e9e\" \/>\n\t<meta name=\"twitter:data2\" content=\"12 minutes\" \/>\n<script type=\"application\/ld+json\" class=\"yoast-schema-graph\">{\"@context\":\"https:\/\/schema.org\",\"@graph\":[{\"@type\":\"Article\",\"@id\":\"https:\/\/www.pressenza.com\/fr\/2026\/04\/la-persecution-de-julian-assange-est-desormais-la-norme\/#article\",\"isPartOf\":{\"@id\":\"https:\/\/www.pressenza.com\/fr\/2026\/04\/la-persecution-de-julian-assange-est-desormais-la-norme\/\"},\"author\":{\"name\":\"Pressenza Berlin\",\"@id\":\"https:\/\/www.pressenza.com\/fr\/#\/schema\/person\/57bb5480943a496a7722b0248e4b658a\"},\"headline\":\"La pers\u00e9cution de Julian Assange est d\u00e9sormais la norme\",\"datePublished\":\"2026-04-02T22:27:09+00:00\",\"mainEntityOfPage\":{\"@id\":\"https:\/\/www.pressenza.com\/fr\/2026\/04\/la-persecution-de-julian-assange-est-desormais-la-norme\/\"},\"wordCount\":2563,\"publisher\":{\"@id\":\"https:\/\/www.pressenza.com\/fr\/#organization\"},\"image\":{\"@id\":\"https:\/\/www.pressenza.com\/fr\/2026\/04\/la-persecution-de-julian-assange-est-desormais-la-norme\/#primaryimage\"},\"thumbnailUrl\":\"https:\/\/www.pressenza.com\/wp-content\/uploads\/2026\/03\/Exposing-Crime.png\",\"keywords\":[\"journalisme critique\",\"lanceur d'alerte\",\"Libert\u00e9 d'expression\",\"reportages de guerre\",\"Sanctions de l\u2019UE\",\"Union europ\u00e9enne\"],\"articleSection\":[\"Contenu Original\",\"Culture et M\u00e9dias\",\"Droits humains\",\"Politique\",\"Relations internationales\"],\"inLanguage\":\"fr-FR\"},{\"@type\":\"WebPage\",\"@id\":\"https:\/\/www.pressenza.com\/fr\/2026\/04\/la-persecution-de-julian-assange-est-desormais-la-norme\/\",\"url\":\"https:\/\/www.pressenza.com\/fr\/2026\/04\/la-persecution-de-julian-assange-est-desormais-la-norme\/\",\"name\":\"La pers\u00e9cution de Julian Assange est d\u00e9sormais la norme\",\"isPartOf\":{\"@id\":\"https:\/\/www.pressenza.com\/fr\/#website\"},\"primaryImageOfPage\":{\"@id\":\"https:\/\/www.pressenza.com\/fr\/2026\/04\/la-persecution-de-julian-assange-est-desormais-la-norme\/#primaryimage\"},\"image\":{\"@id\":\"https:\/\/www.pressenza.com\/fr\/2026\/04\/la-persecution-de-julian-assange-est-desormais-la-norme\/#primaryimage\"},\"thumbnailUrl\":\"https:\/\/www.pressenza.com\/wp-content\/uploads\/2026\/03\/Exposing-Crime.png\",\"datePublished\":\"2026-04-02T22:27:09+00:00\",\"description\":\"\u00c0 propos de la conf\u00e9rence \u00ab R\u00e9v\u00e9ler les crimes n'est pas un crime \u2013 Les cons\u00e9quences concr\u00e8tes de WikiLeaks \u00bb (1), qui s\u2019est tenue du 19 au 22 mars 2026 \u00e0\",\"breadcrumb\":{\"@id\":\"https:\/\/www.pressenza.com\/fr\/2026\/04\/la-persecution-de-julian-assange-est-desormais-la-norme\/#breadcrumb\"},\"inLanguage\":\"fr-FR\",\"potentialAction\":[{\"@type\":\"ReadAction\",\"target\":[\"https:\/\/www.pressenza.com\/fr\/2026\/04\/la-persecution-de-julian-assange-est-desormais-la-norme\/\"]}]},{\"@type\":\"ImageObject\",\"inLanguage\":\"fr-FR\",\"@id\":\"https:\/\/www.pressenza.com\/fr\/2026\/04\/la-persecution-de-julian-assange-est-desormais-la-norme\/#primaryimage\",\"url\":\"https:\/\/www.pressenza.com\/wp-content\/uploads\/2026\/03\/Exposing-Crime.png\",\"contentUrl\":\"https:\/\/www.pressenza.com\/wp-content\/uploads\/2026\/03\/Exposing-Crime.png\",\"width\":966,\"height\":608},{\"@type\":\"BreadcrumbList\",\"@id\":\"https:\/\/www.pressenza.com\/fr\/2026\/04\/la-persecution-de-julian-assange-est-desormais-la-norme\/#breadcrumb\",\"itemListElement\":[{\"@type\":\"ListItem\",\"position\":1,\"name\":\"Accueil\",\"item\":\"https:\/\/www.pressenza.com\/fr\/\"},{\"@type\":\"ListItem\",\"position\":2,\"name\":\"La pers\u00e9cution de Julian Assange est d\u00e9sormais la norme\"}]},{\"@type\":\"WebSite\",\"@id\":\"https:\/\/www.pressenza.com\/fr\/#website\",\"url\":\"https:\/\/www.pressenza.com\/fr\/\",\"name\":\"Pressenza\",\"description\":\"International Press Agency\",\"publisher\":{\"@id\":\"https:\/\/www.pressenza.com\/fr\/#organization\"},\"potentialAction\":[{\"@type\":\"SearchAction\",\"target\":{\"@type\":\"EntryPoint\",\"urlTemplate\":\"https:\/\/www.pressenza.com\/fr\/?s={search_term_string}\"},\"query-input\":{\"@type\":\"PropertyValueSpecification\",\"valueRequired\":true,\"valueName\":\"search_term_string\"}}],\"inLanguage\":\"fr-FR\"},{\"@type\":\"Organization\",\"@id\":\"https:\/\/www.pressenza.com\/fr\/#organization\",\"name\":\"Pressenza\",\"url\":\"https:\/\/www.pressenza.com\/fr\/\",\"logo\":{\"@type\":\"ImageObject\",\"inLanguage\":\"fr-FR\",\"@id\":\"https:\/\/www.pressenza.com\/fr\/#\/schema\/logo\/image\/\",\"url\":\"https:\/\/www.pressenza.com\/wp-content\/uploads\/2022\/10\/pressenza_logo_200x200.jpg\",\"contentUrl\":\"https:\/\/www.pressenza.com\/wp-content\/uploads\/2022\/10\/pressenza_logo_200x200.jpg\",\"width\":200,\"height\":200,\"caption\":\"Pressenza\"},\"image\":{\"@id\":\"https:\/\/www.pressenza.com\/fr\/#\/schema\/logo\/image\/\"},\"sameAs\":[\"https:\/\/www.facebook.com\/PressenzaItalia\",\"https:\/\/x.com\/PressenzaIPA\"]},{\"@type\":\"Person\",\"@id\":\"https:\/\/www.pressenza.com\/fr\/#\/schema\/person\/57bb5480943a496a7722b0248e4b658a\",\"name\":\"Pressenza Berlin\",\"description\":\"News from the Pressenza Bureau in Berlin, Germany\",\"sameAs\":[\"https:\/\/www.facebook.com\/Pressenza-Deutschland-sterreich-Schweiz-281675388658060\/timeline\/\",\"https:\/\/x.com\/pressenza_ger\"],\"url\":\"https:\/\/www.pressenza.com\/fr\/author\/pressenza-berlin\/\"}]}<\/script>\n<!-- \/ Yoast SEO plugin. -->","yoast_head_json":{"title":"La pers\u00e9cution de Julian Assange est d\u00e9sormais la norme","description":"\u00c0 propos de la conf\u00e9rence \u00ab R\u00e9v\u00e9ler les crimes n'est pas un crime \u2013 Les cons\u00e9quences concr\u00e8tes de WikiLeaks \u00bb (1), qui s\u2019est tenue du 19 au 22 mars 2026 \u00e0","robots":{"index":"index","follow":"follow","max-snippet":"max-snippet:-1","max-image-preview":"max-image-preview:large","max-video-preview":"max-video-preview:-1"},"canonical":"https:\/\/www.pressenza.com\/fr\/2026\/04\/la-persecution-de-julian-assange-est-desormais-la-norme\/","og_locale":"fr_FR","og_type":"article","og_title":"La pers\u00e9cution de Julian Assange est d\u00e9sormais la norme","og_description":"\u00c0 propos de la conf\u00e9rence \u00ab R\u00e9v\u00e9ler les crimes n'est pas un crime \u2013 Les cons\u00e9quences concr\u00e8tes de WikiLeaks \u00bb (1), qui s\u2019est tenue du 19 au 22 mars 2026 \u00e0","og_url":"https:\/\/www.pressenza.com\/fr\/2026\/04\/la-persecution-de-julian-assange-est-desormais-la-norme\/","og_site_name":"Pressenza","article_publisher":"https:\/\/www.facebook.com\/PressenzaItalia","article_author":"https:\/\/www.facebook.com\/Pressenza-Deutschland-sterreich-Schweiz-281675388658060\/timeline\/","article_published_time":"2026-04-02T22:27:09+00:00","og_image":[{"width":966,"height":608,"url":"https:\/\/www.pressenza.com\/wp-content\/uploads\/2026\/03\/Exposing-Crime.png","type":"image\/png"}],"author":"Pressenza Berlin","twitter_card":"summary_large_image","twitter_creator":"@pressenza_ger","twitter_site":"@PressenzaIPA","twitter_misc":{"\u00c9crit par":"Pressenza Berlin","Dur\u00e9e de lecture estim\u00e9e":"12 minutes"},"schema":{"@context":"https:\/\/schema.org","@graph":[{"@type":"Article","@id":"https:\/\/www.pressenza.com\/fr\/2026\/04\/la-persecution-de-julian-assange-est-desormais-la-norme\/#article","isPartOf":{"@id":"https:\/\/www.pressenza.com\/fr\/2026\/04\/la-persecution-de-julian-assange-est-desormais-la-norme\/"},"author":{"name":"Pressenza Berlin","@id":"https:\/\/www.pressenza.com\/fr\/#\/schema\/person\/57bb5480943a496a7722b0248e4b658a"},"headline":"La pers\u00e9cution de Julian Assange est d\u00e9sormais la norme","datePublished":"2026-04-02T22:27:09+00:00","mainEntityOfPage":{"@id":"https:\/\/www.pressenza.com\/fr\/2026\/04\/la-persecution-de-julian-assange-est-desormais-la-norme\/"},"wordCount":2563,"publisher":{"@id":"https:\/\/www.pressenza.com\/fr\/#organization"},"image":{"@id":"https:\/\/www.pressenza.com\/fr\/2026\/04\/la-persecution-de-julian-assange-est-desormais-la-norme\/#primaryimage"},"thumbnailUrl":"https:\/\/www.pressenza.com\/wp-content\/uploads\/2026\/03\/Exposing-Crime.png","keywords":["journalisme critique","lanceur d'alerte","Libert\u00e9 d'expression","reportages de guerre","Sanctions de l\u2019UE","Union europ\u00e9enne"],"articleSection":["Contenu Original","Culture et M\u00e9dias","Droits humains","Politique","Relations internationales"],"inLanguage":"fr-FR"},{"@type":"WebPage","@id":"https:\/\/www.pressenza.com\/fr\/2026\/04\/la-persecution-de-julian-assange-est-desormais-la-norme\/","url":"https:\/\/www.pressenza.com\/fr\/2026\/04\/la-persecution-de-julian-assange-est-desormais-la-norme\/","name":"La pers\u00e9cution de Julian Assange est d\u00e9sormais la norme","isPartOf":{"@id":"https:\/\/www.pressenza.com\/fr\/#website"},"primaryImageOfPage":{"@id":"https:\/\/www.pressenza.com\/fr\/2026\/04\/la-persecution-de-julian-assange-est-desormais-la-norme\/#primaryimage"},"image":{"@id":"https:\/\/www.pressenza.com\/fr\/2026\/04\/la-persecution-de-julian-assange-est-desormais-la-norme\/#primaryimage"},"thumbnailUrl":"https:\/\/www.pressenza.com\/wp-content\/uploads\/2026\/03\/Exposing-Crime.png","datePublished":"2026-04-02T22:27:09+00:00","description":"\u00c0 propos de la conf\u00e9rence \u00ab R\u00e9v\u00e9ler les crimes n'est pas un crime \u2013 Les cons\u00e9quences concr\u00e8tes de WikiLeaks \u00bb (1), qui s\u2019est tenue du 19 au 22 mars 2026 \u00e0","breadcrumb":{"@id":"https:\/\/www.pressenza.com\/fr\/2026\/04\/la-persecution-de-julian-assange-est-desormais-la-norme\/#breadcrumb"},"inLanguage":"fr-FR","potentialAction":[{"@type":"ReadAction","target":["https:\/\/www.pressenza.com\/fr\/2026\/04\/la-persecution-de-julian-assange-est-desormais-la-norme\/"]}]},{"@type":"ImageObject","inLanguage":"fr-FR","@id":"https:\/\/www.pressenza.com\/fr\/2026\/04\/la-persecution-de-julian-assange-est-desormais-la-norme\/#primaryimage","url":"https:\/\/www.pressenza.com\/wp-content\/uploads\/2026\/03\/Exposing-Crime.png","contentUrl":"https:\/\/www.pressenza.com\/wp-content\/uploads\/2026\/03\/Exposing-Crime.png","width":966,"height":608},{"@type":"BreadcrumbList","@id":"https:\/\/www.pressenza.com\/fr\/2026\/04\/la-persecution-de-julian-assange-est-desormais-la-norme\/#breadcrumb","itemListElement":[{"@type":"ListItem","position":1,"name":"Accueil","item":"https:\/\/www.pressenza.com\/fr\/"},{"@type":"ListItem","position":2,"name":"La pers\u00e9cution de Julian Assange est d\u00e9sormais la norme"}]},{"@type":"WebSite","@id":"https:\/\/www.pressenza.com\/fr\/#website","url":"https:\/\/www.pressenza.com\/fr\/","name":"Pressenza","description":"International Press Agency","publisher":{"@id":"https:\/\/www.pressenza.com\/fr\/#organization"},"potentialAction":[{"@type":"SearchAction","target":{"@type":"EntryPoint","urlTemplate":"https:\/\/www.pressenza.com\/fr\/?s={search_term_string}"},"query-input":{"@type":"PropertyValueSpecification","valueRequired":true,"valueName":"search_term_string"}}],"inLanguage":"fr-FR"},{"@type":"Organization","@id":"https:\/\/www.pressenza.com\/fr\/#organization","name":"Pressenza","url":"https:\/\/www.pressenza.com\/fr\/","logo":{"@type":"ImageObject","inLanguage":"fr-FR","@id":"https:\/\/www.pressenza.com\/fr\/#\/schema\/logo\/image\/","url":"https:\/\/www.pressenza.com\/wp-content\/uploads\/2022\/10\/pressenza_logo_200x200.jpg","contentUrl":"https:\/\/www.pressenza.com\/wp-content\/uploads\/2022\/10\/pressenza_logo_200x200.jpg","width":200,"height":200,"caption":"Pressenza"},"image":{"@id":"https:\/\/www.pressenza.com\/fr\/#\/schema\/logo\/image\/"},"sameAs":["https:\/\/www.facebook.com\/PressenzaItalia","https:\/\/x.com\/PressenzaIPA"]},{"@type":"Person","@id":"https:\/\/www.pressenza.com\/fr\/#\/schema\/person\/57bb5480943a496a7722b0248e4b658a","name":"Pressenza Berlin","description":"News from the Pressenza Bureau in Berlin, Germany","sameAs":["https:\/\/www.facebook.com\/Pressenza-Deutschland-sterreich-Schweiz-281675388658060\/timeline\/","https:\/\/x.com\/pressenza_ger"],"url":"https:\/\/www.pressenza.com\/fr\/author\/pressenza-berlin\/"}]}},"place":"","original_article_url":"","_links":{"self":[{"href":"https:\/\/www.pressenza.com\/fr\/wp-json\/wp\/v2\/posts\/2689478","targetHints":{"allow":["GET"]}}],"collection":[{"href":"https:\/\/www.pressenza.com\/fr\/wp-json\/wp\/v2\/posts"}],"about":[{"href":"https:\/\/www.pressenza.com\/fr\/wp-json\/wp\/v2\/types\/post"}],"author":[{"embeddable":true,"href":"https:\/\/www.pressenza.com\/fr\/wp-json\/wp\/v2\/users\/1095"}],"replies":[{"embeddable":true,"href":"https:\/\/www.pressenza.com\/fr\/wp-json\/wp\/v2\/comments?post=2689478"}],"version-history":[{"count":3,"href":"https:\/\/www.pressenza.com\/fr\/wp-json\/wp\/v2\/posts\/2689478\/revisions"}],"predecessor-version":[{"id":2689792,"href":"https:\/\/www.pressenza.com\/fr\/wp-json\/wp\/v2\/posts\/2689478\/revisions\/2689792"}],"wp:featuredmedia":[{"embeddable":true,"href":"https:\/\/www.pressenza.com\/fr\/wp-json\/wp\/v2\/media\/2689479"}],"wp:attachment":[{"href":"https:\/\/www.pressenza.com\/fr\/wp-json\/wp\/v2\/media?parent=2689478"}],"wp:term":[{"taxonomy":"category","embeddable":true,"href":"https:\/\/www.pressenza.com\/fr\/wp-json\/wp\/v2\/categories?post=2689478"},{"taxonomy":"post_tag","embeddable":true,"href":"https:\/\/www.pressenza.com\/fr\/wp-json\/wp\/v2\/tags?post=2689478"}],"curies":[{"name":"wp","href":"https:\/\/api.w.org\/{rel}","templated":true}]}}