{"id":2684000,"date":"2026-03-13T19:00:49","date_gmt":"2026-03-13T19:00:49","guid":{"rendered":"https:\/\/www.pressenza.com\/?p=2684000"},"modified":"2026-03-13T19:00:49","modified_gmt":"2026-03-13T19:00:49","slug":"huit-partis-peruviens-signent-un-agenda-democratique-pour-les-elections-de-2026","status":"publish","type":"post","link":"https:\/\/www.pressenza.com\/fr\/2026\/03\/huit-partis-peruviens-signent-un-agenda-democratique-pour-les-elections-de-2026\/","title":{"rendered":"Huit partis p\u00e9ruviens signent un Agenda d\u00e9mocratique pour les \u00e9lections de 2026"},"content":{"rendered":"<h3><b>Pour un P\u00e9rou o\u00f9 r\u00e8gnent la justice, les droits et le d\u00e9veloppement durable. Le cinqui\u00e8me Dialogue politique et social, convoqu\u00e9 par la Plateforme pour la D\u00e9mocratie, a recueilli les signatures de neuf partis candidats aux \u00e9lections g\u00e9n\u00e9rales de 2026.\u00a0<\/b><b>\u00ab<\/b>\u00a0<b>Leur objectif commun est d\u2019\u00e9laborer un programme politique d\u00e9mocratique (int\u00e9gratif, global et consensuel) en dialogue avec les partis d\u00e9mocratiques, en proposant des solutions communes (alternatives) pour faire face \u00e0 la d\u00e9gradation du syst\u00e8me politique d\u00e9mocratique et \u00e0 ses cons\u00e9quences sur la vie des populations et l\u2019environnement \u00bb.<\/b><\/h3>\n<p>Les partis signataires \u00e9taient : Ensemble pour le P\u00e9rou, le Parti du Bon Gouvernement, le Parti du Peuple d&rsquo;abord, la Coop\u00e9ration Populaire, le Parti Violet, Nous Vaincrons, la Libert\u00e9 Populaire, Maintenant la Nation, le Parti des Travailleurs et Entrepreneurs, qui se sont r\u00e9unis samedi 28 f\u00e9vrier dans les locaux de l&rsquo;Association Tristan, dans la ville de Lima.<\/p>\n<p>\u00ab L\u2019objectif du Cinqui\u00e8me Dialogue politique et social a \u00e9t\u00e9 atteint : obtenir l\u2019engagement des organisations politiques participant aux \u00e9lections g\u00e9n\u00e9rales en faveur d\u2019un Agenda d\u00e9mocratique pour un P\u00e9rou fond\u00e9 sur la justice, les droits et le d\u00e9veloppement durable, propos\u00e9 par les organisations sociales et politiques du pays \u00bb, ont d\u00e9clar\u00e9 les organisateurs de la Plateforme pour la d\u00e9mocratie.<\/p>\n<h3><b>Programme d\u2019action<\/b><\/h3>\n<p>Le programme d\u2019action de la Plateforme pour la d\u00e9mocratie, \u00e9labor\u00e9 en collaboration avec les partis participants, englobait les principales revendications de la population \u00e0 travers le pays, telles que : la s\u00e9curit\u00e9 de la population, l\u2019approfondissement de la d\u00e9mocratie, la r\u00e9forme fiscale, la r\u00e9forme du travail, le droit \u00e0 l\u2019\u00e9ducation et \u00e0 la sant\u00e9, le d\u00e9veloppement durable et la politique culturelle.<\/p>\n<p>\u00ab Nous aurons des \u00e9lections g\u00e9n\u00e9rales dans un contexte de d\u00e9gradation continue du syst\u00e8me d\u00e9mocratique et de mont\u00e9e de la corruption et de l&rsquo;ins\u00e9curit\u00e9 citoyenne. La coalition de partis qui contr\u00f4le le Congr\u00e8s et le pouvoir ex\u00e9cutif a pris le contr\u00f4le des institutions de l&rsquo;\u00c9tat (Cour constitutionnelle, Bureau du M\u00e9diateur, Conseil national de la justice, Bureau du procureur g\u00e9n\u00e9ral et Bureau du contr\u00f4leur g\u00e9n\u00e9ral) et a promulgu\u00e9 des lois et des politiques favorisant la criminalit\u00e9 et la corruption, tout en contr\u00f4lant le processus \u00e9lectoral en cours. L&rsquo;\u00e9quilibre des pouvoirs est rompu. \u00bb<\/p>\n<p>La population exprime massivement son indignation et sa d\u00e9fiance pour cette coalition mafieuse qui contr\u00f4le le Congr\u00e8s et le gouvernement (plus de 90 % selon les sondages), mais elle ne se mobilise pas de mani\u00e8re d\u00e9cisive pour obtenir un changement de r\u00e9gime. Il ne lui reste donc que la possibilit\u00e9 de la sanctionner par son vote lors des \u00e9lections d&rsquo;avril. Cependant, la multiplication des candidats et la campagne de d\u00e9sinformation et de manipulation m\u00e9diatique s\u00e8ment la confusion et le d\u00e9couragement dans le processus \u00e9lectoral.<\/p>\n<p>Dans ce contexte, il est urgent et n\u00e9cessaire de coordonner les efforts entre les organisations sociales et les partis qui rejettent la corruption, l&rsquo;inefficacit\u00e9 et l&rsquo;autoritarisme (comme la coalition mafieuse au Congr\u00e8s) et qui d\u00e9fendent les institutions d\u00e9mocratiques, luttent contre la corruption et pr\u00e9sentent des propositions de transformation sociale et \u00e9conomique, dans le respect de l&rsquo;environnement et des droits humains.<\/p>\n<p>Dans cette optique, la Plateforme pour la d\u00e9mocratie a convoqu\u00e9 le cinqui\u00e8me dialogue politique et social afin d&rsquo;\u00e9laborer un programme politique d\u00e9mocratique qui exprime des propositions concr\u00e8tes permettant de sortir de cette crise et de la violence croissante, gr\u00e2ce au dialogue entre les organisations sociales et politiques au sein de la sph\u00e8re d\u00e9mocratique du pays.<\/p>\n<p>Le cinqui\u00e8me Dialogue politique et social, qui a obtenu l&rsquo;engagement de huit partis politiques candidats aux \u00e9lections g\u00e9n\u00e9rales de 2026, est confront\u00e9 au d\u00e9fi majeur de consolider cet engagement afin de garantir le respect de leurs promesses une fois au pouvoir. La t\u00e2che est ardue, notamment au vu du bilan des pr\u00e9c\u00e9dents dirigeants politiques. Parall\u00e8lement, la population poursuit ses mobilisations dans diff\u00e9rents espaces citoyens pour revendiquer son droit \u00e0 une bonne gouvernance.<\/p>\n<div class=\"post-gallery\">\n\t\t\t<figure class=\"post-gallery-item\">\n\t\t\t\t<img decoding=\"async\" src=\"https:\/\/www.pressenza.com\/wp-content\/uploads\/2026\/03\/WhatsApp-Image-2026-02-28-at-4.52.13-PM-797x1024.jpeg\" loading=\"lazy\">\n\t\t\t\t<figcaption>\n\t\t\t\t\t\n\t\t\t\t<\/figcaption>\n\t\t\t<\/figure>\n\t\t\t<figure class=\"post-gallery-item\">\n\t\t\t\t<img decoding=\"async\" src=\"https:\/\/www.pressenza.com\/wp-content\/uploads\/2026\/03\/WhatsApp-Image-2026-02-28-at-4.52.15-PM-780x1024.jpeg\" loading=\"lazy\">\n\t\t\t\t<figcaption>\n\t\t\t\t\t\n\t\t\t\t<\/figcaption>\n\t\t\t<\/figure><\/div>\n","protected":false},"excerpt":{"rendered":"<p>Pour un P\u00e9rou o\u00f9 r\u00e8gnent la justice, les droits et le d\u00e9veloppement durable. Le cinqui\u00e8me Dialogue politique et social, convoqu\u00e9 par la Plateforme pour la D\u00e9mocratie, a recueilli les signatures de neuf partis candidats aux \u00e9lections g\u00e9n\u00e9rales de 2026.\u00a0\u00ab\u00a0Leur objectif&hellip;<\/p>\n","protected":false},"author":831,"featured_media":2684005,"comment_status":"closed","ping_status":"closed","sticky":false,"template":"","format":"standard","meta":{"footnotes":""},"categories":[86,11386,98,93],"tags":[149721,147895,262,11619,152355,149724,153474,7269],"class_list":["post-2684000","post","type-post","status-publish","format-standard","has-post-thumbnail","hentry","category-amerique-du-sud","category-contenu-original","category-droits-de-lhomme","category-politique","tag-bon-gouvernement","tag-bonne-gouvernance","tag-democratie","tag-democratie-reelle","tag-dialogue-politique","tag-elections-2026","tag-partis-politiques","tag-perou"],"yoast_head":"<!-- This site is optimized with the Yoast SEO plugin v27.1.1 - https:\/\/yoast.com\/product\/yoast-seo-wordpress\/ -->\n<title>Huit partis p\u00e9ruviens signent un Agenda d\u00e9mocratique pour les \u00e9lections de 2026<\/title>\n<meta name=\"description\" content=\"Pour un P\u00e9rou o\u00f9 r\u00e8gnent la justice, les droits et le d\u00e9veloppement durable. Le cinqui\u00e8me Dialogue politique et social, convoqu\u00e9 par la Plateforme pour la\" \/>\n<meta name=\"robots\" content=\"index, follow, max-snippet:-1, max-image-preview:large, max-video-preview:-1\" \/>\n<link rel=\"canonical\" href=\"https:\/\/www.pressenza.com\/fr\/2026\/03\/huit-partis-peruviens-signent-un-agenda-democratique-pour-les-elections-de-2026\/\" \/>\n<meta property=\"og:locale\" content=\"fr_FR\" \/>\n<meta property=\"og:type\" content=\"article\" \/>\n<meta property=\"og:title\" content=\"Huit partis p\u00e9ruviens signent un Agenda d\u00e9mocratique pour les \u00e9lections de 2026\" \/>\n<meta property=\"og:description\" content=\"Pour un P\u00e9rou o\u00f9 r\u00e8gnent la justice, les droits et le d\u00e9veloppement durable. Le cinqui\u00e8me Dialogue politique et social, convoqu\u00e9 par la Plateforme pour la\" \/>\n<meta property=\"og:url\" content=\"https:\/\/www.pressenza.com\/fr\/2026\/03\/huit-partis-peruviens-signent-un-agenda-democratique-pour-les-elections-de-2026\/\" \/>\n<meta property=\"og:site_name\" content=\"Pressenza\" \/>\n<meta property=\"article:publisher\" content=\"https:\/\/www.facebook.com\/PressenzaItalia\" \/>\n<meta property=\"article:published_time\" content=\"2026-03-13T19:00:49+00:00\" \/>\n<meta property=\"og:image\" content=\"https:\/\/www.pressenza.com\/wp-content\/uploads\/2026\/03\/WhatsApp-Image-2026-03-01-at-11.51.51-PM.jpeg\" \/>\n\t<meta property=\"og:image:width\" content=\"1280\" \/>\n\t<meta property=\"og:image:height\" content=\"576\" \/>\n\t<meta property=\"og:image:type\" content=\"image\/jpeg\" \/>\n<meta name=\"author\" content=\"Redacci\u00f3n Per\u00fa\" \/>\n<meta name=\"twitter:card\" content=\"summary_large_image\" \/>\n<meta name=\"twitter:creator\" content=\"@PressenzaIPA\" \/>\n<meta name=\"twitter:site\" content=\"@PressenzaIPA\" \/>\n<meta name=\"twitter:label1\" content=\"\u00c9crit par\" \/>\n\t<meta name=\"twitter:data1\" content=\"Redacci\u00f3n Per\u00fa\" \/>\n\t<meta name=\"twitter:label2\" content=\"Dur\u00e9e de lecture estim\u00e9e\" \/>\n\t<meta name=\"twitter:data2\" content=\"4 minutes\" \/>\n<script type=\"application\/ld+json\" class=\"yoast-schema-graph\">{\"@context\":\"https:\/\/schema.org\",\"@graph\":[{\"@type\":\"Article\",\"@id\":\"https:\/\/www.pressenza.com\/fr\/2026\/03\/huit-partis-peruviens-signent-un-agenda-democratique-pour-les-elections-de-2026\/#article\",\"isPartOf\":{\"@id\":\"https:\/\/www.pressenza.com\/fr\/2026\/03\/huit-partis-peruviens-signent-un-agenda-democratique-pour-les-elections-de-2026\/\"},\"author\":{\"name\":\"Redacci\u00f3n Per\u00fa\",\"@id\":\"https:\/\/www.pressenza.com\/fr\/#\/schema\/person\/e86c29a41185b85084a478822f5de81b\"},\"headline\":\"Huit partis p\u00e9ruviens signent un Agenda d\u00e9mocratique pour les \u00e9lections de 2026\",\"datePublished\":\"2026-03-13T19:00:49+00:00\",\"mainEntityOfPage\":{\"@id\":\"https:\/\/www.pressenza.com\/fr\/2026\/03\/huit-partis-peruviens-signent-un-agenda-democratique-pour-les-elections-de-2026\/\"},\"wordCount\":725,\"publisher\":{\"@id\":\"https:\/\/www.pressenza.com\/fr\/#organization\"},\"image\":{\"@id\":\"https:\/\/www.pressenza.com\/fr\/2026\/03\/huit-partis-peruviens-signent-un-agenda-democratique-pour-les-elections-de-2026\/#primaryimage\"},\"thumbnailUrl\":\"https:\/\/www.pressenza.com\/wp-content\/uploads\/2026\/03\/WhatsApp-Image-2026-03-01-at-11.51.51-PM.jpeg\",\"keywords\":[\"Bon gouvernement\",\"Bonne gouvernance\",\"D\u00e9mocratie\",\"d\u00e9mocratie r\u00e9elle\",\"Dialogue politique\",\"\u00c9lections 2026\",\"Partis politiques\",\"Perou\"],\"articleSection\":[\"Am\u00e9rique du Sud\",\"Contenu Original\",\"Droits humains\",\"Politique\"],\"inLanguage\":\"fr-FR\"},{\"@type\":\"WebPage\",\"@id\":\"https:\/\/www.pressenza.com\/fr\/2026\/03\/huit-partis-peruviens-signent-un-agenda-democratique-pour-les-elections-de-2026\/\",\"url\":\"https:\/\/www.pressenza.com\/fr\/2026\/03\/huit-partis-peruviens-signent-un-agenda-democratique-pour-les-elections-de-2026\/\",\"name\":\"Huit partis p\u00e9ruviens signent un Agenda d\u00e9mocratique pour les \u00e9lections de 2026\",\"isPartOf\":{\"@id\":\"https:\/\/www.pressenza.com\/fr\/#website\"},\"primaryImageOfPage\":{\"@id\":\"https:\/\/www.pressenza.com\/fr\/2026\/03\/huit-partis-peruviens-signent-un-agenda-democratique-pour-les-elections-de-2026\/#primaryimage\"},\"image\":{\"@id\":\"https:\/\/www.pressenza.com\/fr\/2026\/03\/huit-partis-peruviens-signent-un-agenda-democratique-pour-les-elections-de-2026\/#primaryimage\"},\"thumbnailUrl\":\"https:\/\/www.pressenza.com\/wp-content\/uploads\/2026\/03\/WhatsApp-Image-2026-03-01-at-11.51.51-PM.jpeg\",\"datePublished\":\"2026-03-13T19:00:49+00:00\",\"description\":\"Pour un P\u00e9rou o\u00f9 r\u00e8gnent la justice, les droits et le d\u00e9veloppement durable. Le cinqui\u00e8me Dialogue politique et social, convoqu\u00e9 par la Plateforme pour la\",\"breadcrumb\":{\"@id\":\"https:\/\/www.pressenza.com\/fr\/2026\/03\/huit-partis-peruviens-signent-un-agenda-democratique-pour-les-elections-de-2026\/#breadcrumb\"},\"inLanguage\":\"fr-FR\",\"potentialAction\":[{\"@type\":\"ReadAction\",\"target\":[\"https:\/\/www.pressenza.com\/fr\/2026\/03\/huit-partis-peruviens-signent-un-agenda-democratique-pour-les-elections-de-2026\/\"]}]},{\"@type\":\"ImageObject\",\"inLanguage\":\"fr-FR\",\"@id\":\"https:\/\/www.pressenza.com\/fr\/2026\/03\/huit-partis-peruviens-signent-un-agenda-democratique-pour-les-elections-de-2026\/#primaryimage\",\"url\":\"https:\/\/www.pressenza.com\/wp-content\/uploads\/2026\/03\/WhatsApp-Image-2026-03-01-at-11.51.51-PM.jpeg\",\"contentUrl\":\"https:\/\/www.pressenza.com\/wp-content\/uploads\/2026\/03\/WhatsApp-Image-2026-03-01-at-11.51.51-PM.jpeg\",\"width\":1280,\"height\":576},{\"@type\":\"BreadcrumbList\",\"@id\":\"https:\/\/www.pressenza.com\/fr\/2026\/03\/huit-partis-peruviens-signent-un-agenda-democratique-pour-les-elections-de-2026\/#breadcrumb\",\"itemListElement\":[{\"@type\":\"ListItem\",\"position\":1,\"name\":\"Accueil\",\"item\":\"https:\/\/www.pressenza.com\/fr\/\"},{\"@type\":\"ListItem\",\"position\":2,\"name\":\"Huit partis p\u00e9ruviens signent un Agenda d\u00e9mocratique pour les \u00e9lections de 2026\"}]},{\"@type\":\"WebSite\",\"@id\":\"https:\/\/www.pressenza.com\/fr\/#website\",\"url\":\"https:\/\/www.pressenza.com\/fr\/\",\"name\":\"Pressenza\",\"description\":\"International Press Agency\",\"publisher\":{\"@id\":\"https:\/\/www.pressenza.com\/fr\/#organization\"},\"potentialAction\":[{\"@type\":\"SearchAction\",\"target\":{\"@type\":\"EntryPoint\",\"urlTemplate\":\"https:\/\/www.pressenza.com\/fr\/?s={search_term_string}\"},\"query-input\":{\"@type\":\"PropertyValueSpecification\",\"valueRequired\":true,\"valueName\":\"search_term_string\"}}],\"inLanguage\":\"fr-FR\"},{\"@type\":\"Organization\",\"@id\":\"https:\/\/www.pressenza.com\/fr\/#organization\",\"name\":\"Pressenza\",\"url\":\"https:\/\/www.pressenza.com\/fr\/\",\"logo\":{\"@type\":\"ImageObject\",\"inLanguage\":\"fr-FR\",\"@id\":\"https:\/\/www.pressenza.com\/fr\/#\/schema\/logo\/image\/\",\"url\":\"https:\/\/www.pressenza.com\/wp-content\/uploads\/2022\/10\/pressenza_logo_200x200.jpg\",\"contentUrl\":\"https:\/\/www.pressenza.com\/wp-content\/uploads\/2022\/10\/pressenza_logo_200x200.jpg\",\"width\":200,\"height\":200,\"caption\":\"Pressenza\"},\"image\":{\"@id\":\"https:\/\/www.pressenza.com\/fr\/#\/schema\/logo\/image\/\"},\"sameAs\":[\"https:\/\/www.facebook.com\/PressenzaItalia\",\"https:\/\/x.com\/PressenzaIPA\"]},{\"@type\":\"Person\",\"@id\":\"https:\/\/www.pressenza.com\/fr\/#\/schema\/person\/e86c29a41185b85084a478822f5de81b\",\"name\":\"Redacci\u00f3n Per\u00fa\",\"description\":\"News published by the Pressenza bureau in Peru\",\"url\":\"https:\/\/www.pressenza.com\/fr\/author\/redaccion-peru\/\"}]}<\/script>\n<!-- \/ Yoast SEO plugin. -->","yoast_head_json":{"title":"Huit partis p\u00e9ruviens signent un Agenda d\u00e9mocratique pour les \u00e9lections de 2026","description":"Pour un P\u00e9rou o\u00f9 r\u00e8gnent la justice, les droits et le d\u00e9veloppement durable. Le cinqui\u00e8me Dialogue politique et social, convoqu\u00e9 par la Plateforme pour la","robots":{"index":"index","follow":"follow","max-snippet":"max-snippet:-1","max-image-preview":"max-image-preview:large","max-video-preview":"max-video-preview:-1"},"canonical":"https:\/\/www.pressenza.com\/fr\/2026\/03\/huit-partis-peruviens-signent-un-agenda-democratique-pour-les-elections-de-2026\/","og_locale":"fr_FR","og_type":"article","og_title":"Huit partis p\u00e9ruviens signent un Agenda d\u00e9mocratique pour les \u00e9lections de 2026","og_description":"Pour un P\u00e9rou o\u00f9 r\u00e8gnent la justice, les droits et le d\u00e9veloppement durable. Le cinqui\u00e8me Dialogue politique et social, convoqu\u00e9 par la Plateforme pour la","og_url":"https:\/\/www.pressenza.com\/fr\/2026\/03\/huit-partis-peruviens-signent-un-agenda-democratique-pour-les-elections-de-2026\/","og_site_name":"Pressenza","article_publisher":"https:\/\/www.facebook.com\/PressenzaItalia","article_published_time":"2026-03-13T19:00:49+00:00","og_image":[{"width":1280,"height":576,"url":"https:\/\/www.pressenza.com\/wp-content\/uploads\/2026\/03\/WhatsApp-Image-2026-03-01-at-11.51.51-PM.jpeg","type":"image\/jpeg"}],"author":"Redacci\u00f3n Per\u00fa","twitter_card":"summary_large_image","twitter_creator":"@PressenzaIPA","twitter_site":"@PressenzaIPA","twitter_misc":{"\u00c9crit par":"Redacci\u00f3n Per\u00fa","Dur\u00e9e de lecture estim\u00e9e":"4 minutes"},"schema":{"@context":"https:\/\/schema.org","@graph":[{"@type":"Article","@id":"https:\/\/www.pressenza.com\/fr\/2026\/03\/huit-partis-peruviens-signent-un-agenda-democratique-pour-les-elections-de-2026\/#article","isPartOf":{"@id":"https:\/\/www.pressenza.com\/fr\/2026\/03\/huit-partis-peruviens-signent-un-agenda-democratique-pour-les-elections-de-2026\/"},"author":{"name":"Redacci\u00f3n Per\u00fa","@id":"https:\/\/www.pressenza.com\/fr\/#\/schema\/person\/e86c29a41185b85084a478822f5de81b"},"headline":"Huit partis p\u00e9ruviens signent un Agenda d\u00e9mocratique pour les \u00e9lections de 2026","datePublished":"2026-03-13T19:00:49+00:00","mainEntityOfPage":{"@id":"https:\/\/www.pressenza.com\/fr\/2026\/03\/huit-partis-peruviens-signent-un-agenda-democratique-pour-les-elections-de-2026\/"},"wordCount":725,"publisher":{"@id":"https:\/\/www.pressenza.com\/fr\/#organization"},"image":{"@id":"https:\/\/www.pressenza.com\/fr\/2026\/03\/huit-partis-peruviens-signent-un-agenda-democratique-pour-les-elections-de-2026\/#primaryimage"},"thumbnailUrl":"https:\/\/www.pressenza.com\/wp-content\/uploads\/2026\/03\/WhatsApp-Image-2026-03-01-at-11.51.51-PM.jpeg","keywords":["Bon gouvernement","Bonne gouvernance","D\u00e9mocratie","d\u00e9mocratie r\u00e9elle","Dialogue politique","\u00c9lections 2026","Partis politiques","Perou"],"articleSection":["Am\u00e9rique du Sud","Contenu Original","Droits humains","Politique"],"inLanguage":"fr-FR"},{"@type":"WebPage","@id":"https:\/\/www.pressenza.com\/fr\/2026\/03\/huit-partis-peruviens-signent-un-agenda-democratique-pour-les-elections-de-2026\/","url":"https:\/\/www.pressenza.com\/fr\/2026\/03\/huit-partis-peruviens-signent-un-agenda-democratique-pour-les-elections-de-2026\/","name":"Huit partis p\u00e9ruviens signent un Agenda d\u00e9mocratique pour les \u00e9lections de 2026","isPartOf":{"@id":"https:\/\/www.pressenza.com\/fr\/#website"},"primaryImageOfPage":{"@id":"https:\/\/www.pressenza.com\/fr\/2026\/03\/huit-partis-peruviens-signent-un-agenda-democratique-pour-les-elections-de-2026\/#primaryimage"},"image":{"@id":"https:\/\/www.pressenza.com\/fr\/2026\/03\/huit-partis-peruviens-signent-un-agenda-democratique-pour-les-elections-de-2026\/#primaryimage"},"thumbnailUrl":"https:\/\/www.pressenza.com\/wp-content\/uploads\/2026\/03\/WhatsApp-Image-2026-03-01-at-11.51.51-PM.jpeg","datePublished":"2026-03-13T19:00:49+00:00","description":"Pour un P\u00e9rou o\u00f9 r\u00e8gnent la justice, les droits et le d\u00e9veloppement durable. Le cinqui\u00e8me Dialogue politique et social, convoqu\u00e9 par la Plateforme pour la","breadcrumb":{"@id":"https:\/\/www.pressenza.com\/fr\/2026\/03\/huit-partis-peruviens-signent-un-agenda-democratique-pour-les-elections-de-2026\/#breadcrumb"},"inLanguage":"fr-FR","potentialAction":[{"@type":"ReadAction","target":["https:\/\/www.pressenza.com\/fr\/2026\/03\/huit-partis-peruviens-signent-un-agenda-democratique-pour-les-elections-de-2026\/"]}]},{"@type":"ImageObject","inLanguage":"fr-FR","@id":"https:\/\/www.pressenza.com\/fr\/2026\/03\/huit-partis-peruviens-signent-un-agenda-democratique-pour-les-elections-de-2026\/#primaryimage","url":"https:\/\/www.pressenza.com\/wp-content\/uploads\/2026\/03\/WhatsApp-Image-2026-03-01-at-11.51.51-PM.jpeg","contentUrl":"https:\/\/www.pressenza.com\/wp-content\/uploads\/2026\/03\/WhatsApp-Image-2026-03-01-at-11.51.51-PM.jpeg","width":1280,"height":576},{"@type":"BreadcrumbList","@id":"https:\/\/www.pressenza.com\/fr\/2026\/03\/huit-partis-peruviens-signent-un-agenda-democratique-pour-les-elections-de-2026\/#breadcrumb","itemListElement":[{"@type":"ListItem","position":1,"name":"Accueil","item":"https:\/\/www.pressenza.com\/fr\/"},{"@type":"ListItem","position":2,"name":"Huit partis p\u00e9ruviens signent un Agenda d\u00e9mocratique pour les \u00e9lections de 2026"}]},{"@type":"WebSite","@id":"https:\/\/www.pressenza.com\/fr\/#website","url":"https:\/\/www.pressenza.com\/fr\/","name":"Pressenza","description":"International Press Agency","publisher":{"@id":"https:\/\/www.pressenza.com\/fr\/#organization"},"potentialAction":[{"@type":"SearchAction","target":{"@type":"EntryPoint","urlTemplate":"https:\/\/www.pressenza.com\/fr\/?s={search_term_string}"},"query-input":{"@type":"PropertyValueSpecification","valueRequired":true,"valueName":"search_term_string"}}],"inLanguage":"fr-FR"},{"@type":"Organization","@id":"https:\/\/www.pressenza.com\/fr\/#organization","name":"Pressenza","url":"https:\/\/www.pressenza.com\/fr\/","logo":{"@type":"ImageObject","inLanguage":"fr-FR","@id":"https:\/\/www.pressenza.com\/fr\/#\/schema\/logo\/image\/","url":"https:\/\/www.pressenza.com\/wp-content\/uploads\/2022\/10\/pressenza_logo_200x200.jpg","contentUrl":"https:\/\/www.pressenza.com\/wp-content\/uploads\/2022\/10\/pressenza_logo_200x200.jpg","width":200,"height":200,"caption":"Pressenza"},"image":{"@id":"https:\/\/www.pressenza.com\/fr\/#\/schema\/logo\/image\/"},"sameAs":["https:\/\/www.facebook.com\/PressenzaItalia","https:\/\/x.com\/PressenzaIPA"]},{"@type":"Person","@id":"https:\/\/www.pressenza.com\/fr\/#\/schema\/person\/e86c29a41185b85084a478822f5de81b","name":"Redacci\u00f3n Per\u00fa","description":"News published by the Pressenza bureau in Peru","url":"https:\/\/www.pressenza.com\/fr\/author\/redaccion-peru\/"}]}},"place":"Lima","original_article_url":"","_links":{"self":[{"href":"https:\/\/www.pressenza.com\/fr\/wp-json\/wp\/v2\/posts\/2684000","targetHints":{"allow":["GET"]}}],"collection":[{"href":"https:\/\/www.pressenza.com\/fr\/wp-json\/wp\/v2\/posts"}],"about":[{"href":"https:\/\/www.pressenza.com\/fr\/wp-json\/wp\/v2\/types\/post"}],"author":[{"embeddable":true,"href":"https:\/\/www.pressenza.com\/fr\/wp-json\/wp\/v2\/users\/831"}],"replies":[{"embeddable":true,"href":"https:\/\/www.pressenza.com\/fr\/wp-json\/wp\/v2\/comments?post=2684000"}],"version-history":[{"count":3,"href":"https:\/\/www.pressenza.com\/fr\/wp-json\/wp\/v2\/posts\/2684000\/revisions"}],"predecessor-version":[{"id":2684008,"href":"https:\/\/www.pressenza.com\/fr\/wp-json\/wp\/v2\/posts\/2684000\/revisions\/2684008"}],"wp:featuredmedia":[{"embeddable":true,"href":"https:\/\/www.pressenza.com\/fr\/wp-json\/wp\/v2\/media\/2684005"}],"wp:attachment":[{"href":"https:\/\/www.pressenza.com\/fr\/wp-json\/wp\/v2\/media?parent=2684000"}],"wp:term":[{"taxonomy":"category","embeddable":true,"href":"https:\/\/www.pressenza.com\/fr\/wp-json\/wp\/v2\/categories?post=2684000"},{"taxonomy":"post_tag","embeddable":true,"href":"https:\/\/www.pressenza.com\/fr\/wp-json\/wp\/v2\/tags?post=2684000"}],"curies":[{"name":"wp","href":"https:\/\/api.w.org\/{rel}","templated":true}]}}