{"id":2678113,"date":"2026-02-18T17:01:13","date_gmt":"2026-02-18T17:01:13","guid":{"rendered":"https:\/\/www.pressenza.com\/2026\/02\/portuguese-community-in-brussels-holds-protest-demanding-climate-accountability\/"},"modified":"2026-02-21T00:38:39","modified_gmt":"2026-02-21T00:38:39","slug":"mobilisation-communaute-portugaise-bruxelles-responsabilite-climatique","status":"publish","type":"post","link":"https:\/\/www.pressenza.com\/fr\/2026\/02\/mobilisation-communaute-portugaise-bruxelles-responsabilite-climatique\/","title":{"rendered":"Mobilisation de la communaut\u00e9 portugaise \u00e0 Bruxelles pour la responsabilit\u00e9 climatique"},"content":{"rendered":"<p>La crise climatique n\u2019est plus un ph\u00e9nom\u00e8ne extraordinaire ni contestable. Elle constitue d\u00e9sormais une r\u00e9alit\u00e9 en constante aggravation qui affecte directement et profond\u00e9ment les communaut\u00e9s \u00e0 travers l\u2019Europe, comme en t\u00e9moignent de mani\u00e8re constante les mobilisations de la jeunesse, les tendances historiques, les recherches scientifiques et la multiplication d\u2019\u00e9v\u00e9nements climatiques extr\u00eames visibles. Il appara\u00eet de plus en plus clairement que, contrairement \u00e0 une approche consistant \u00e0 pr\u00e9senter le changement climatique comme une succession d\u2019urgences impr\u00e9vues justifiant uniquement des r\u00e9ponses \u00e0 court terme, il s\u2019agit d\u2019un d\u00e9fi structurel exigeant une action politique urgente, soutenue et assortie d\u2019investissements cons\u00e9quents, en particulier pour prot\u00e9ger les communaut\u00e9s les plus vuln\u00e9rables. Depuis de nombreuses ann\u00e9es, des mouvements tels que \u00ab Fridays for Future \u00bb et \u00ab Extinction Rebellion \u00bb, parmi d\u2019autres, tirent la sonnette d\u2019alarme, attirant l\u2019attention sur ses cons\u00e9quences de grande ampleur, tout en se heurtant au d\u00e9ni, \u00e0 la n\u00e9gligence et \u00e0 la sous-estimation persistants, y compris dans les pays les plus durement touch\u00e9s.<\/p>\n<p>Ces derni\u00e8res semaines, plusieurs r\u00e9gions du sud de l\u2019Europe, notamment la Sicile, la Sardaigne et la Calabre, ainsi que Malte, ont subi d\u2019importants d\u00e9g\u00e2ts \u00e0 la suite d\u2019\u00e9v\u00e9nements m\u00e9t\u00e9orologiques extr\u00eames tels que le <strong>cyclone Harry<\/strong>. Dans le sud de l\u2019Italie seulement, les pertes estim\u00e9es d\u00e9passent les 2 milliards d\u2019euros, tandis que des milliers de personnes ont perdu la vie en M\u00e9diterran\u00e9e, leurs corps r\u00e9apparaissant ces derni\u00e8res heures sur les c\u00f4tes de Sicile et de Calabre. Parall\u00e8lement, \u00e0 Valence et dans ses environs, les <strong>cons\u00e9quences de la DANA<\/strong> qui a frapp\u00e9 le 29 octobre 2024 continuent de peser lourdement sur les communaut\u00e9s locales, qui peinent \u00e0 obtenir des r\u00e9ponses gouvernementales concr\u00e8tes et cr\u00e9dibles. Au cours des trois derni\u00e8res semaines au Portugal, une succession de temp\u00eates \u2014 aux noms en apparence anodins tels qu\u2019Oriana, Kristine, Marta et Leonardo \u2014 a provoqu\u00e9 au moins 16 d\u00e9c\u00e8s et des d\u00e9g\u00e2ts estim\u00e9s \u00e0 775 millions d\u2019euros, entra\u00eenant d\u2019importantes inondations, l\u2019effondrement d\u2019infrastructures et des coupures d\u2019\u00e9lectricit\u00e9. Cette succession rapide d\u2019\u00e9v\u00e9nements extr\u00eames souligne la n\u00e9cessit\u00e9 urgente de r\u00e9ponses europ\u00e9ennes coordonn\u00e9es et efficaces face aux <strong>catastrophes li\u00e9es au climat<\/strong>.<\/p>\n<p><img loading=\"lazy\" decoding=\"async\" class=\"alignnone wp-image-2678066 size-full\" src=\"https:\/\/www.pressenza.com\/wp-content\/uploads\/2026\/02\/PT-Protest-2026-02-18-at-18.48.22.jpeg\" alt=\"\" width=\"1600\" height=\"1152\" srcset=\"https:\/\/www.pressenza.com\/wp-content\/uploads\/2026\/02\/PT-Protest-2026-02-18-at-18.48.22.jpeg 1600w, https:\/\/www.pressenza.com\/wp-content\/uploads\/2026\/02\/PT-Protest-2026-02-18-at-18.48.22-300x216.jpeg 300w, https:\/\/www.pressenza.com\/wp-content\/uploads\/2026\/02\/PT-Protest-2026-02-18-at-18.48.22-820x590.jpeg 820w\" sizes=\"auto, (max-width: 1600px) 100vw, 1600px\" \/><\/p>\n<h3><strong>De Bruxelles \u00e0 Lisbonne : un appel \u00e0 la responsabilit\u00e9 au-del\u00e0 des fronti\u00e8res<\/strong><\/h3>\n<p>Afin de d\u00e9noncer le manque de responsabilit\u00e9 politique et l\u2019insuffisance des r\u00e9ponses gouvernementales, un groupe de citoyennes et citoyens portugais auto-organis\u00e9s et ind\u00e9pendants, r\u00e9sidant actuellement en Belgique, a tenu aujourd\u2019hui, 18 f\u00e9vrier, une manifestation pacifique sur la place du Luxembourg \u00e0 Bruxelles, devant le Parlement europ\u00e9en. Sous le slogan \u00ab <strong>Wherever We Are, for Portugal<\/strong> \u00bb, l\u2019initiative visait \u00e0 attirer l\u2019attention sur la crise en cours et sur ses graves cons\u00e9quences sociales, humaines et \u00e9conomiques. Les organisateurs ont soulign\u00e9 la gravit\u00e9 de la situation qui se d\u00e9roule sur le continent europ\u00e9en, o\u00f9, \u00e0 ce jour, des milliers de personnes dans des r\u00e9gions telles que Leiria, Coimbra, Santar\u00e9m et Castelo Branco restent priv\u00e9es d\u2019\u00e9lectricit\u00e9, d\u2019eau ou d\u2019acc\u00e8s aux services essentiels. La semaine derni\u00e8re seulement, plus de 3 000 habitants ont \u00e9t\u00e9 \u00e9vacu\u00e9s de Coimbra alors que le fleuve Mondego, le plus long fleuve s\u2019\u00e9coulant enti\u00e8rement au Portugal, atteignait des niveaux critiques, et une partie de l\u2019autoroute A1 s\u2019est effondr\u00e9e apr\u00e8s la rupture d\u2019une digue. Des scientifiques de premier plan ont qualifi\u00e9 ces \u00e9v\u00e9nements comme l\u2019une des s\u00e9quences d\u2019\u00e9pisodes m\u00e9t\u00e9orologiques extr\u00eames les plus longues et les plus intenses jamais enregistr\u00e9es dans le pays.<\/p>\n<p>Dans ce contexte, la mobilisation organis\u00e9e \u00e0 Bruxelles visait \u00e0 donner une visibilit\u00e9 internationale \u00e0 la <strong>vuln\u00e9rabilit\u00e9 climatique du continent europ\u00e9en<\/strong>, dont le Portugal devient progressivement un exemple particuli\u00e8rement frappant et embl\u00e9matique. Les organisateurs ont insist\u00e9 sur le fait qu\u2019il ne s\u2019agit ni d\u2019un \u00e9pisode isol\u00e9 ni d\u2019un ph\u00e9nom\u00e8ne limit\u00e9 aux temp\u00eates r\u00e9centes. Comme l\u2019ont illustr\u00e9 de mani\u00e8re saisissante les <a href=\"https:\/\/www.balcanicaucaso.org\/en\/cp_article\/the-summer-europe-discovered-extreme-wildfires\/\">incendies d\u00e9vastateurs<\/a> qui ont ravag\u00e9 le pays durant l\u2019\u00e9t\u00e9, <a href=\"https:\/\/www.belganewsagency.eu\/portugal-forest-fire-destroys-more-than-64000-hectares\">d\u00e9truisant plus de 65 000 hectares de terres<\/a> en 2025 seulement, la crise est structurelle, r\u00e9currente et \u00e9troitement li\u00e9e aux dynamiques climatiques europ\u00e9ennes plus larges. \u00c0 travers leurs pancartes color\u00e9es, les manifestants ont appel\u00e9 sans ambigu\u00eft\u00e9 \u00e0 des r\u00e9ponses plus efficaces et de long terme de la part des institutions europ\u00e9ennes, plaidant pour un d\u00e9passement de la gestion r\u00e9active des urgences au profit de strat\u00e9gies durables d\u2019adaptation climatique, de pr\u00e9vention et de r\u00e9silience syst\u00e9mique.<\/p>\n<p>\u00c0 l\u2019issue de la manifestation, les organisateurs ont \u00e9galement \u00e9voqu\u00e9 la difficult\u00e9 \u00e9motionnelle et politique d\u2019assister \u00e0 une telle d\u00e9vastation depuis l\u2019\u00e9tranger, exprimant leur solidarit\u00e9 avec les communaut\u00e9s touch\u00e9es et soulignant l\u2019urgence d\u2019un soutien europ\u00e9en coordonn\u00e9. Plusieurs d\u00e9put\u00e9-e-s europ\u00e9en-ne-s \u00e9lu-e-s au Portugal, dont <a href=\"https:\/\/www.europarl.europa.eu\/meps\/fr\/257063\/CATARINA_MARTINS\/home\">Catarina Martins<\/a>, ont rejoint le rassemblement, rappelant l\u2019importance de faire entendre ces pr\u00e9occupations et de les traiter au plus haut niveau politique.<\/p>\n<p><img loading=\"lazy\" decoding=\"async\" class=\"alignnone wp-image-2678067 size-full\" src=\"https:\/\/www.pressenza.com\/wp-content\/uploads\/2026\/02\/20260218_135848.jpg\" alt=\"\" width=\"1401\" height=\"913\" srcset=\"https:\/\/www.pressenza.com\/wp-content\/uploads\/2026\/02\/20260218_135848.jpg 1401w, https:\/\/www.pressenza.com\/wp-content\/uploads\/2026\/02\/20260218_135848-300x196.jpg 300w, https:\/\/www.pressenza.com\/wp-content\/uploads\/2026\/02\/20260218_135848-820x534.jpg 820w\" sizes=\"auto, (max-width: 1401px) 100vw, 1401px\" \/><\/p>\n<p>La mobilisation a \u00e9galement \u00e9t\u00e9 marqu\u00e9e par la pr\u00e9sentation d\u2019un manifeste appelant \u00e0 des mesures concr\u00e8tes et contraignantes pour faire face \u00e0 l\u2019urgence climatique, prot\u00e9ger les populations vuln\u00e9rables et renforcer la r\u00e9silience aux niveaux local et europ\u00e9en. Le texte int\u00e9gral du manifeste est disponible en anglais ci-dessous.<\/p>\n<blockquote>\n<h3><strong>Manifesto &#8211; Wherever we are, for Portugal<\/strong><\/h3>\n<p style=\"text-align: left;\"><em>We, Portuguese citizens living in Brussels, have come together for a single cause: to raise awareness of the severity of the climate crisis in Portugal, made evident by the recent storms and floods, and to demand concrete and solidarity-based responses. Storm Kristin left a trail of destruction that exposes the fragility of both institutional and human responses to increasingly severe climate phenomena: homes destroyed; livelihoods and sources of income affected; infrastructure compromised; tragically, lives lost; and communities still waiting for effective and coordinated support.<\/em><br \/>\n<em>We have witnessed a slow and insufficient response from the Portuguese government to the most urgent needs, leaving those affected isolated and without the level of support that a catastrophe of this magnitude requires. Media coverage, particularly at the European level, has also been scarce, hindering public understanding outside the affected regions of the true scale of the crisis. At a time when it is more important than ever to give voice and visibility to the people and communities struggling to rebuild their lives, this informational silence is deeply regrettable.<\/em><br \/>\n<em>Beyond the visible destruction, this catastrophe will leave profound and lasting scars. Damages, estimated at several billion euros, reflect only part of an impact that will unfold over time. Reconstruction will be a long and uneven process, requiring not only immediate responses but also a continuous strategy of support, monitoring, and sustained public investment.<\/em><\/p>\n<p style=\"text-align: left;\"><em>A central pillar of this mobilization is the demand for genuine European coordination in responding to the crisis. To date, Portugal has not requested the activation of the European Union Civil Protection Mechanism, the instrument designed to mobilize coordinated support among Member States in emergency situations. Despite national authorities stating that there is \u201cno justification\u201d for activating it, the strain on resources and the scale of the damage are both evident and alarming.<\/em><\/p>\n<p style=\"text-align: left;\"><em>We believe that a solidarity-based response at both national and European levels is only possible through clear political action, transparency, cooperation, and by prioritizing people: their safety and dignity. Their voices must be heard not only in the affected areas, but also in European decision-making spaces.<\/em><\/p>\n<p style=\"text-align: left;\"><em>Accordingly, the objectives of the action \u201cWherever We Are, For Portugal\u201d are to:<\/em><\/p>\n<p style=\"text-align: left;\"><em>\u2022 give public visibility to the reality faced by affected populations;<\/em><br \/>\n<em>\u2022 demand political engagement that places people at the center of the response;<\/em><br \/>\n<em>\u2022 provide and disseminate reliable information on how to offer support (locally and remotely);<\/em><br \/>\n<em>\u2022 advocate for faster, more coordinated, and more effective response mechanisms at both national and European levels.<\/em><\/p>\n<p style=\"text-align: left;\"><em>Because silence and indifference can never be an answer, especially at such a critical moment.<\/em><\/p>\n<p style=\"text-align: left;\"><em>Wherever we are. For Portugal.<\/em><\/p>\n<\/blockquote>\n","protected":false},"excerpt":{"rendered":"<p>La crise climatique n\u2019est plus un ph\u00e9nom\u00e8ne extraordinaire ni contestable. Elle constitue d\u00e9sormais une r\u00e9alit\u00e9 en constante aggravation qui affecte directement et profond\u00e9ment les communaut\u00e9s \u00e0 travers l\u2019Europe, comme en t\u00e9moignent de mani\u00e8re constante les mobilisations de la jeunesse, les&hellip;<\/p>\n","protected":false},"author":1948,"featured_media":2678114,"comment_status":"closed","ping_status":"closed","sticky":false,"template":"","format":"standard","meta":{"footnotes":""},"categories":[152023,11386,97,85,40,93,95],"tags":[4098,152024,152026,65382,151224,152027,57195,3813,152029],"class_list":["post-2678113","post","type-post","status-publish","format-standard","has-post-thumbnail","hentry","category-attivismo","category-contenu-original","category-environnement-et-ecologie","category-europe-fr","category-international-fr","category-politique","category-affaires-etrangeres","tag-bruxelles","tag-catarina-martins","tag-coimbra","tag-crise-climatique","tag-cyclone-harry","tag-dana","tag-extinction-rebellion-fr","tag-portugal-fr","tag-vulnerabilite-climatique"],"yoast_head":"<!-- This site is optimized with the Yoast SEO plugin v27.1.1 - https:\/\/yoast.com\/product\/yoast-seo-wordpress\/ -->\n<title>Mobilisation de la communaut\u00e9 portugaise \u00e0 Bruxelles pour la responsabilit\u00e9 climatique<\/title>\n<meta name=\"description\" content=\"La crise climatique n\u2019est plus un ph\u00e9nom\u00e8ne extraordinaire ni contestable. Elle constitue d\u00e9sormais une r\u00e9alit\u00e9 en constante aggravation qui affecte\" \/>\n<meta name=\"robots\" content=\"index, follow, max-snippet:-1, max-image-preview:large, max-video-preview:-1\" \/>\n<link rel=\"canonical\" href=\"https:\/\/www.pressenza.com\/fr\/2026\/02\/mobilisation-communaute-portugaise-bruxelles-responsabilite-climatique\/\" \/>\n<meta property=\"og:locale\" content=\"fr_FR\" \/>\n<meta property=\"og:type\" content=\"article\" \/>\n<meta property=\"og:title\" content=\"Mobilisation de la communaut\u00e9 portugaise \u00e0 Bruxelles pour la responsabilit\u00e9 climatique\" \/>\n<meta property=\"og:description\" content=\"La crise climatique n\u2019est plus un ph\u00e9nom\u00e8ne extraordinaire ni contestable. Elle constitue d\u00e9sormais une r\u00e9alit\u00e9 en constante aggravation qui affecte\" \/>\n<meta property=\"og:url\" content=\"https:\/\/www.pressenza.com\/fr\/2026\/02\/mobilisation-communaute-portugaise-bruxelles-responsabilite-climatique\/\" \/>\n<meta property=\"og:site_name\" content=\"Pressenza\" \/>\n<meta property=\"article:publisher\" content=\"https:\/\/www.facebook.com\/PressenzaItalia\" \/>\n<meta property=\"article:published_time\" content=\"2026-02-18T17:01:13+00:00\" \/>\n<meta property=\"article:modified_time\" content=\"2026-02-21T00:38:39+00:00\" \/>\n<meta property=\"og:image\" content=\"https:\/\/www.pressenza.com\/wp-content\/uploads\/2026\/02\/PT-Protest-2026-02-18-at-18.48.22.jpeg\" \/>\n\t<meta property=\"og:image:width\" content=\"1600\" \/>\n\t<meta property=\"og:image:height\" content=\"1152\" \/>\n\t<meta property=\"og:image:type\" content=\"image\/jpeg\" \/>\n<meta name=\"author\" content=\"Anna Lodeserto\" \/>\n<meta name=\"twitter:card\" content=\"summary_large_image\" \/>\n<meta name=\"twitter:creator\" content=\"@PressenzaIPA\" \/>\n<meta name=\"twitter:site\" content=\"@PressenzaIPA\" \/>\n<meta name=\"twitter:label1\" content=\"\u00c9crit par\" \/>\n\t<meta name=\"twitter:data1\" content=\"Anna Lodeserto\" \/>\n\t<meta name=\"twitter:label2\" content=\"Dur\u00e9e de lecture estim\u00e9e\" \/>\n\t<meta name=\"twitter:data2\" content=\"5 minutes\" \/>\n<script type=\"application\/ld+json\" class=\"yoast-schema-graph\">{\"@context\":\"https:\/\/schema.org\",\"@graph\":[{\"@type\":\"Article\",\"@id\":\"https:\/\/www.pressenza.com\/fr\/2026\/02\/mobilisation-communaute-portugaise-bruxelles-responsabilite-climatique\/#article\",\"isPartOf\":{\"@id\":\"https:\/\/www.pressenza.com\/fr\/2026\/02\/mobilisation-communaute-portugaise-bruxelles-responsabilite-climatique\/\"},\"author\":{\"name\":\"Anna Lodeserto\",\"@id\":\"https:\/\/www.pressenza.com\/fr\/#\/schema\/person\/3f383c7db303a1e1f80501ecf5638dff\"},\"headline\":\"Mobilisation de la communaut\u00e9 portugaise \u00e0 Bruxelles pour la responsabilit\u00e9 climatique\",\"datePublished\":\"2026-02-18T17:01:13+00:00\",\"dateModified\":\"2026-02-21T00:38:39+00:00\",\"mainEntityOfPage\":{\"@id\":\"https:\/\/www.pressenza.com\/fr\/2026\/02\/mobilisation-communaute-portugaise-bruxelles-responsabilite-climatique\/\"},\"wordCount\":1382,\"publisher\":{\"@id\":\"https:\/\/www.pressenza.com\/fr\/#organization\"},\"image\":{\"@id\":\"https:\/\/www.pressenza.com\/fr\/2026\/02\/mobilisation-communaute-portugaise-bruxelles-responsabilite-climatique\/#primaryimage\"},\"thumbnailUrl\":\"https:\/\/www.pressenza.com\/wp-content\/uploads\/2026\/02\/PT-Protest-2026-02-18-at-18.48.22.jpeg\",\"keywords\":[\"Bruxelles\",\"Catarina Martins\",\"Coimbra\",\"crise climatique\",\"cyclone Harry\",\"Dana\",\"Extinction Rebellion\",\"Portugal\",\"vuln\u00e9rabilit\u00e9 climatique\"],\"articleSection\":[\"Attivismo\",\"Contenu Original\",\"Ecologie et Environnement\",\"Europe\",\"International\",\"Politique\",\"Relations internationales\"],\"inLanguage\":\"fr-FR\"},{\"@type\":\"WebPage\",\"@id\":\"https:\/\/www.pressenza.com\/fr\/2026\/02\/mobilisation-communaute-portugaise-bruxelles-responsabilite-climatique\/\",\"url\":\"https:\/\/www.pressenza.com\/fr\/2026\/02\/mobilisation-communaute-portugaise-bruxelles-responsabilite-climatique\/\",\"name\":\"Mobilisation de la communaut\u00e9 portugaise \u00e0 Bruxelles pour la responsabilit\u00e9 climatique\",\"isPartOf\":{\"@id\":\"https:\/\/www.pressenza.com\/fr\/#website\"},\"primaryImageOfPage\":{\"@id\":\"https:\/\/www.pressenza.com\/fr\/2026\/02\/mobilisation-communaute-portugaise-bruxelles-responsabilite-climatique\/#primaryimage\"},\"image\":{\"@id\":\"https:\/\/www.pressenza.com\/fr\/2026\/02\/mobilisation-communaute-portugaise-bruxelles-responsabilite-climatique\/#primaryimage\"},\"thumbnailUrl\":\"https:\/\/www.pressenza.com\/wp-content\/uploads\/2026\/02\/PT-Protest-2026-02-18-at-18.48.22.jpeg\",\"datePublished\":\"2026-02-18T17:01:13+00:00\",\"dateModified\":\"2026-02-21T00:38:39+00:00\",\"description\":\"La crise climatique n\u2019est plus un ph\u00e9nom\u00e8ne extraordinaire ni contestable. Elle constitue d\u00e9sormais une r\u00e9alit\u00e9 en constante aggravation qui affecte\",\"breadcrumb\":{\"@id\":\"https:\/\/www.pressenza.com\/fr\/2026\/02\/mobilisation-communaute-portugaise-bruxelles-responsabilite-climatique\/#breadcrumb\"},\"inLanguage\":\"fr-FR\",\"potentialAction\":[{\"@type\":\"ReadAction\",\"target\":[\"https:\/\/www.pressenza.com\/fr\/2026\/02\/mobilisation-communaute-portugaise-bruxelles-responsabilite-climatique\/\"]}]},{\"@type\":\"ImageObject\",\"inLanguage\":\"fr-FR\",\"@id\":\"https:\/\/www.pressenza.com\/fr\/2026\/02\/mobilisation-communaute-portugaise-bruxelles-responsabilite-climatique\/#primaryimage\",\"url\":\"https:\/\/www.pressenza.com\/wp-content\/uploads\/2026\/02\/PT-Protest-2026-02-18-at-18.48.22.jpeg\",\"contentUrl\":\"https:\/\/www.pressenza.com\/wp-content\/uploads\/2026\/02\/PT-Protest-2026-02-18-at-18.48.22.jpeg\",\"width\":1600,\"height\":1152},{\"@type\":\"BreadcrumbList\",\"@id\":\"https:\/\/www.pressenza.com\/fr\/2026\/02\/mobilisation-communaute-portugaise-bruxelles-responsabilite-climatique\/#breadcrumb\",\"itemListElement\":[{\"@type\":\"ListItem\",\"position\":1,\"name\":\"Accueil\",\"item\":\"https:\/\/www.pressenza.com\/fr\/\"},{\"@type\":\"ListItem\",\"position\":2,\"name\":\"Mobilisation de la communaut\u00e9 portugaise \u00e0 Bruxelles pour la responsabilit\u00e9 climatique\"}]},{\"@type\":\"WebSite\",\"@id\":\"https:\/\/www.pressenza.com\/fr\/#website\",\"url\":\"https:\/\/www.pressenza.com\/fr\/\",\"name\":\"Pressenza\",\"description\":\"International Press Agency\",\"publisher\":{\"@id\":\"https:\/\/www.pressenza.com\/fr\/#organization\"},\"potentialAction\":[{\"@type\":\"SearchAction\",\"target\":{\"@type\":\"EntryPoint\",\"urlTemplate\":\"https:\/\/www.pressenza.com\/fr\/?s={search_term_string}\"},\"query-input\":{\"@type\":\"PropertyValueSpecification\",\"valueRequired\":true,\"valueName\":\"search_term_string\"}}],\"inLanguage\":\"fr-FR\"},{\"@type\":\"Organization\",\"@id\":\"https:\/\/www.pressenza.com\/fr\/#organization\",\"name\":\"Pressenza\",\"url\":\"https:\/\/www.pressenza.com\/fr\/\",\"logo\":{\"@type\":\"ImageObject\",\"inLanguage\":\"fr-FR\",\"@id\":\"https:\/\/www.pressenza.com\/fr\/#\/schema\/logo\/image\/\",\"url\":\"https:\/\/www.pressenza.com\/wp-content\/uploads\/2022\/10\/pressenza_logo_200x200.jpg\",\"contentUrl\":\"https:\/\/www.pressenza.com\/wp-content\/uploads\/2022\/10\/pressenza_logo_200x200.jpg\",\"width\":200,\"height\":200,\"caption\":\"Pressenza\"},\"image\":{\"@id\":\"https:\/\/www.pressenza.com\/fr\/#\/schema\/logo\/image\/\"},\"sameAs\":[\"https:\/\/www.facebook.com\/PressenzaItalia\",\"https:\/\/x.com\/PressenzaIPA\"]},{\"@type\":\"Person\",\"@id\":\"https:\/\/www.pressenza.com\/fr\/#\/schema\/person\/3f383c7db303a1e1f80501ecf5638dff\",\"name\":\"Anna Lodeserto\",\"url\":\"https:\/\/www.pressenza.com\/fr\/author\/anna-lodeserto\/\"}]}<\/script>\n<!-- \/ Yoast SEO plugin. -->","yoast_head_json":{"title":"Mobilisation de la communaut\u00e9 portugaise \u00e0 Bruxelles pour la responsabilit\u00e9 climatique","description":"La crise climatique n\u2019est plus un ph\u00e9nom\u00e8ne extraordinaire ni contestable. Elle constitue d\u00e9sormais une r\u00e9alit\u00e9 en constante aggravation qui affecte","robots":{"index":"index","follow":"follow","max-snippet":"max-snippet:-1","max-image-preview":"max-image-preview:large","max-video-preview":"max-video-preview:-1"},"canonical":"https:\/\/www.pressenza.com\/fr\/2026\/02\/mobilisation-communaute-portugaise-bruxelles-responsabilite-climatique\/","og_locale":"fr_FR","og_type":"article","og_title":"Mobilisation de la communaut\u00e9 portugaise \u00e0 Bruxelles pour la responsabilit\u00e9 climatique","og_description":"La crise climatique n\u2019est plus un ph\u00e9nom\u00e8ne extraordinaire ni contestable. Elle constitue d\u00e9sormais une r\u00e9alit\u00e9 en constante aggravation qui affecte","og_url":"https:\/\/www.pressenza.com\/fr\/2026\/02\/mobilisation-communaute-portugaise-bruxelles-responsabilite-climatique\/","og_site_name":"Pressenza","article_publisher":"https:\/\/www.facebook.com\/PressenzaItalia","article_published_time":"2026-02-18T17:01:13+00:00","article_modified_time":"2026-02-21T00:38:39+00:00","og_image":[{"width":1600,"height":1152,"url":"https:\/\/www.pressenza.com\/wp-content\/uploads\/2026\/02\/PT-Protest-2026-02-18-at-18.48.22.jpeg","type":"image\/jpeg"}],"author":"Anna Lodeserto","twitter_card":"summary_large_image","twitter_creator":"@PressenzaIPA","twitter_site":"@PressenzaIPA","twitter_misc":{"\u00c9crit par":"Anna Lodeserto","Dur\u00e9e de lecture estim\u00e9e":"5 minutes"},"schema":{"@context":"https:\/\/schema.org","@graph":[{"@type":"Article","@id":"https:\/\/www.pressenza.com\/fr\/2026\/02\/mobilisation-communaute-portugaise-bruxelles-responsabilite-climatique\/#article","isPartOf":{"@id":"https:\/\/www.pressenza.com\/fr\/2026\/02\/mobilisation-communaute-portugaise-bruxelles-responsabilite-climatique\/"},"author":{"name":"Anna Lodeserto","@id":"https:\/\/www.pressenza.com\/fr\/#\/schema\/person\/3f383c7db303a1e1f80501ecf5638dff"},"headline":"Mobilisation de la communaut\u00e9 portugaise \u00e0 Bruxelles pour la responsabilit\u00e9 climatique","datePublished":"2026-02-18T17:01:13+00:00","dateModified":"2026-02-21T00:38:39+00:00","mainEntityOfPage":{"@id":"https:\/\/www.pressenza.com\/fr\/2026\/02\/mobilisation-communaute-portugaise-bruxelles-responsabilite-climatique\/"},"wordCount":1382,"publisher":{"@id":"https:\/\/www.pressenza.com\/fr\/#organization"},"image":{"@id":"https:\/\/www.pressenza.com\/fr\/2026\/02\/mobilisation-communaute-portugaise-bruxelles-responsabilite-climatique\/#primaryimage"},"thumbnailUrl":"https:\/\/www.pressenza.com\/wp-content\/uploads\/2026\/02\/PT-Protest-2026-02-18-at-18.48.22.jpeg","keywords":["Bruxelles","Catarina Martins","Coimbra","crise climatique","cyclone Harry","Dana","Extinction Rebellion","Portugal","vuln\u00e9rabilit\u00e9 climatique"],"articleSection":["Attivismo","Contenu Original","Ecologie et Environnement","Europe","International","Politique","Relations internationales"],"inLanguage":"fr-FR"},{"@type":"WebPage","@id":"https:\/\/www.pressenza.com\/fr\/2026\/02\/mobilisation-communaute-portugaise-bruxelles-responsabilite-climatique\/","url":"https:\/\/www.pressenza.com\/fr\/2026\/02\/mobilisation-communaute-portugaise-bruxelles-responsabilite-climatique\/","name":"Mobilisation de la communaut\u00e9 portugaise \u00e0 Bruxelles pour la responsabilit\u00e9 climatique","isPartOf":{"@id":"https:\/\/www.pressenza.com\/fr\/#website"},"primaryImageOfPage":{"@id":"https:\/\/www.pressenza.com\/fr\/2026\/02\/mobilisation-communaute-portugaise-bruxelles-responsabilite-climatique\/#primaryimage"},"image":{"@id":"https:\/\/www.pressenza.com\/fr\/2026\/02\/mobilisation-communaute-portugaise-bruxelles-responsabilite-climatique\/#primaryimage"},"thumbnailUrl":"https:\/\/www.pressenza.com\/wp-content\/uploads\/2026\/02\/PT-Protest-2026-02-18-at-18.48.22.jpeg","datePublished":"2026-02-18T17:01:13+00:00","dateModified":"2026-02-21T00:38:39+00:00","description":"La crise climatique n\u2019est plus un ph\u00e9nom\u00e8ne extraordinaire ni contestable. Elle constitue d\u00e9sormais une r\u00e9alit\u00e9 en constante aggravation qui affecte","breadcrumb":{"@id":"https:\/\/www.pressenza.com\/fr\/2026\/02\/mobilisation-communaute-portugaise-bruxelles-responsabilite-climatique\/#breadcrumb"},"inLanguage":"fr-FR","potentialAction":[{"@type":"ReadAction","target":["https:\/\/www.pressenza.com\/fr\/2026\/02\/mobilisation-communaute-portugaise-bruxelles-responsabilite-climatique\/"]}]},{"@type":"ImageObject","inLanguage":"fr-FR","@id":"https:\/\/www.pressenza.com\/fr\/2026\/02\/mobilisation-communaute-portugaise-bruxelles-responsabilite-climatique\/#primaryimage","url":"https:\/\/www.pressenza.com\/wp-content\/uploads\/2026\/02\/PT-Protest-2026-02-18-at-18.48.22.jpeg","contentUrl":"https:\/\/www.pressenza.com\/wp-content\/uploads\/2026\/02\/PT-Protest-2026-02-18-at-18.48.22.jpeg","width":1600,"height":1152},{"@type":"BreadcrumbList","@id":"https:\/\/www.pressenza.com\/fr\/2026\/02\/mobilisation-communaute-portugaise-bruxelles-responsabilite-climatique\/#breadcrumb","itemListElement":[{"@type":"ListItem","position":1,"name":"Accueil","item":"https:\/\/www.pressenza.com\/fr\/"},{"@type":"ListItem","position":2,"name":"Mobilisation de la communaut\u00e9 portugaise \u00e0 Bruxelles pour la responsabilit\u00e9 climatique"}]},{"@type":"WebSite","@id":"https:\/\/www.pressenza.com\/fr\/#website","url":"https:\/\/www.pressenza.com\/fr\/","name":"Pressenza","description":"International Press Agency","publisher":{"@id":"https:\/\/www.pressenza.com\/fr\/#organization"},"potentialAction":[{"@type":"SearchAction","target":{"@type":"EntryPoint","urlTemplate":"https:\/\/www.pressenza.com\/fr\/?s={search_term_string}"},"query-input":{"@type":"PropertyValueSpecification","valueRequired":true,"valueName":"search_term_string"}}],"inLanguage":"fr-FR"},{"@type":"Organization","@id":"https:\/\/www.pressenza.com\/fr\/#organization","name":"Pressenza","url":"https:\/\/www.pressenza.com\/fr\/","logo":{"@type":"ImageObject","inLanguage":"fr-FR","@id":"https:\/\/www.pressenza.com\/fr\/#\/schema\/logo\/image\/","url":"https:\/\/www.pressenza.com\/wp-content\/uploads\/2022\/10\/pressenza_logo_200x200.jpg","contentUrl":"https:\/\/www.pressenza.com\/wp-content\/uploads\/2022\/10\/pressenza_logo_200x200.jpg","width":200,"height":200,"caption":"Pressenza"},"image":{"@id":"https:\/\/www.pressenza.com\/fr\/#\/schema\/logo\/image\/"},"sameAs":["https:\/\/www.facebook.com\/PressenzaItalia","https:\/\/x.com\/PressenzaIPA"]},{"@type":"Person","@id":"https:\/\/www.pressenza.com\/fr\/#\/schema\/person\/3f383c7db303a1e1f80501ecf5638dff","name":"Anna Lodeserto","url":"https:\/\/www.pressenza.com\/fr\/author\/anna-lodeserto\/"}]}},"place":"Bruxelles - Belgique","original_article_url":"https:\/\/www.pressenza.com\/2026\/02\/portuguese-community-in-brussels-holds-protest-demanding-climate-accountability\/","_links":{"self":[{"href":"https:\/\/www.pressenza.com\/fr\/wp-json\/wp\/v2\/posts\/2678113","targetHints":{"allow":["GET"]}}],"collection":[{"href":"https:\/\/www.pressenza.com\/fr\/wp-json\/wp\/v2\/posts"}],"about":[{"href":"https:\/\/www.pressenza.com\/fr\/wp-json\/wp\/v2\/types\/post"}],"author":[{"embeddable":true,"href":"https:\/\/www.pressenza.com\/fr\/wp-json\/wp\/v2\/users\/1948"}],"replies":[{"embeddable":true,"href":"https:\/\/www.pressenza.com\/fr\/wp-json\/wp\/v2\/comments?post=2678113"}],"version-history":[{"count":2,"href":"https:\/\/www.pressenza.com\/fr\/wp-json\/wp\/v2\/posts\/2678113\/revisions"}],"predecessor-version":[{"id":2678123,"href":"https:\/\/www.pressenza.com\/fr\/wp-json\/wp\/v2\/posts\/2678113\/revisions\/2678123"}],"wp:featuredmedia":[{"embeddable":true,"href":"https:\/\/www.pressenza.com\/fr\/wp-json\/wp\/v2\/media\/2678114"}],"wp:attachment":[{"href":"https:\/\/www.pressenza.com\/fr\/wp-json\/wp\/v2\/media?parent=2678113"}],"wp:term":[{"taxonomy":"category","embeddable":true,"href":"https:\/\/www.pressenza.com\/fr\/wp-json\/wp\/v2\/categories?post=2678113"},{"taxonomy":"post_tag","embeddable":true,"href":"https:\/\/www.pressenza.com\/fr\/wp-json\/wp\/v2\/tags?post=2678113"}],"curies":[{"name":"wp","href":"https:\/\/api.w.org\/{rel}","templated":true}]}}