{"id":2677208,"date":"2026-02-17T15:53:18","date_gmt":"2026-02-17T15:53:18","guid":{"rendered":"https:\/\/www.pressenza.com\/?p=2677208"},"modified":"2026-02-17T19:17:55","modified_gmt":"2026-02-17T19:17:55","slug":"la-gauche-du-quebec-sous-tension-concernant-la-situation-difficile-en-iran","status":"publish","type":"post","link":"https:\/\/www.pressenza.com\/fr\/2026\/02\/la-gauche-du-quebec-sous-tension-concernant-la-situation-difficile-en-iran\/","title":{"rendered":"La gauche du Qu\u00e9bec sous tension concernant la situation difficile en Iran"},"content":{"rendered":"<p>Des manifestations ont \u00e9clat\u00e9 le 28 d\u00e9cembre 2025 en Iran. \u00c0 travers le pays, des personnes r\u00e9volt\u00e9es par des d\u00e9cennies de r\u00e9pression ont r\u00e9clam\u00e9 des changements en profondeur et un syst\u00e8me politique qui respecte les droits humains et la dignit\u00e9. Les autorit\u00e9s iraniennes ont r\u00e9agi en menant une r\u00e9pression meurtri\u00e8re sans pr\u00e9c\u00e9dent et, depuis le 8 janvier 2026, ont int\u00e9gralement coup\u00e9 l\u2019acc\u00e8s \u00e0 Internet pour cacher leurs crimes. Les forces de s\u00e9curit\u00e9 ont recouru \u00e0 une force ill\u00e9gale, \u00e0 des armes \u00e0 feu et \u00e0 d\u2019autres armes interdites contre des manifestant\u00b7e\u00b7s, ce qui s\u2019est sold\u00e9 par des homicides de masse et des blessures graves.<\/p>\n<p><em>Comment \u00eatre solidaire sans parler \u00e0 la place de celles et ceux qui subissent la r\u00e9pression, mais sans pour autant s\u2019aligner sur des strat\u00e9gies qui ont historiquement produit des d\u00e9sastres humains ?<\/em><\/p>\n<p><strong><em>Compte rendu de la conf\u00e9rence, par Lyna Zorgane, journaliste au journal Alter-Qu\u00e9bec<\/em><\/strong><\/p>\n<p>Cette question centrale a travers\u00e9 la conf\u00e9rence d\u2019Alternatives le 23 janvier dernier, consacr\u00e9e \u00e0 la situation en Iran et aux formes possibles de solidarit\u00e9 internationale. Elle est revenue \u00e0 plusieurs reprises, sans jamais trouver de r\u00e9ponse claire.<\/p>\n<p>Anim\u00e9 par Amir Khadir, ancien d\u00e9put\u00e9 de Qu\u00e9bec solidaire, figure bien connue de la gauche qu\u00e9b\u00e9coise, et membre du conseil d\u2019administration d\u2019Alternatives, il \u00e9tait entour\u00e9 de Nim\u00e2 Machouf, chercheuse et \u00e9pid\u00e9miologiste d\u2019origine iranienne, de Mina Fakhravar, doctorante en \u00e9tudes f\u00e9ministes et membre du conseil d\u2019administration de l\u2019Association des femmes iraniennes de Montr\u00e9al, et Yves Engler, auteur prolifique et critique de la politique \u00e9trang\u00e8re canadienne, et candidat \u00e0 la chefferie du NPD (parti n\u00e9o-d\u00e9mocrate).<\/p>\n<p>Les premi\u00e8res interventions posent un cadre analytique large. Il est question d\u2019imp\u00e9rialisme, de rapports de force internationaux, du r\u00f4le des sanctions \u00e9conomiques comme outil politique utilis\u00e9 par les puissances occidentales. L\u2019Iran est situ\u00e9 parmi d\u2019autres pays soumis \u00e0 des mesures coercitives qui, selon les panelistes, fragilisent les soci\u00e9t\u00e9s civiles tout en renfor\u00e7ant les \u00e9lites au pouvoir. Le discours est structur\u00e9, appuy\u00e9 sur des r\u00e9f\u00e9rences historiques et g\u00e9opolitiques.<\/p>\n<p>Mina Fakhravar adopte une approche diff\u00e9rente. Elle centre son intervention sur les luttes f\u00e9ministes en Iran, sur les mobilisations des femmes, sur la violence sp\u00e9cifique exerc\u00e9e par le r\u00e9gime \u00e0 leur encontre. Elle parle d\u2019organisation, de r\u00e9sistance quotidienne, de solidarit\u00e9 transnationale. Son discours est ancr\u00e9 dans les luttes, mais aussi travers\u00e9 par une m\u00e9fiance envers les cadres occidentaux qui pr\u00e9tendent d\u00e9finir ce que devrait \u00eatre l\u2019\u00e9mancipation iranienne.<\/p>\n<p>Nima adopte une posture compl\u00e9mentaire, mais distincte. Son intervention insiste sur la pluralit\u00e9 des voix iraniennes, y compris celles de la diaspora, et sur les fractures politiques profondes qui traversent la soci\u00e9t\u00e9 iranienne. Elle \u00e9voque les attentes contradictoires projet\u00e9es sur les mouvements de contestation, la difficult\u00e9 de parler au nom d\u2019un peuple fragment\u00e9, et les tensions entre urgence politique et prudence strat\u00e9gique. Son propos met en lumi\u00e8re les ambigu\u00eft\u00e9s du positionnement international, sans pour autant s\u2019aligner pleinement sur une lecture strictement g\u00e9opolitique du conflit.<\/p>\n<p>Yves Engler quant \u00e0 lui intervient dans cette logique. Il insiste sur la responsabilit\u00e9 du Canada et de ses alli\u00e9s dans l\u2019imposition de sanctions qui, selon lui, frappent d\u2019abord la population iranienne. Il rappelle que ces mesures n\u2019ont que rarement conduit \u00e0 des changements d\u00e9mocratiques et qu\u2019elles participent plut\u00f4t \u00e0 une dynamique imp\u00e9rialiste plus large. Son propos est constant, fid\u00e8le \u00e0 des positions qu\u2019il d\u00e9fend depuis des ann\u00e9es.<br \/>\nSur sc\u00e8ne, le cadre semble coh\u00e9rent. Dans la salle, l\u2019\u00e9coute est plus fragile.<\/p>\n<p><strong>La salle en d\u00e9calage avec le panel<\/strong><\/p>\n<p>\u00c0 mesure que les interventions s\u2019encha\u00eenent, un d\u00e9calage appara\u00eet entre l\u2019analyse propos\u00e9e et l\u2019exp\u00e9rience de certaines personnes pr\u00e9sentes. Des murmures circulent. Des soupirs se font entendre. Les regards se d\u00e9tournent parfois de la sc\u00e8ne. Pour une partie du public, ce qui est discut\u00e9 n\u2019est pas un objet d\u2019\u00e9tude, mais une r\u00e9alit\u00e9 v\u00e9cue.<\/p>\n<p><strong>Lorsque la parole est donn\u00e9e \u00e0 la salle, la dynamique change nettement.<\/strong><\/p>\n<p>Des femmes iraniennes prennent le micro. Certaines parlent d\u2019une voix pos\u00e9e, d\u2019autres avec une col\u00e8re difficile \u00e0 contenir. Elles \u00e9voquent la prison, la surveillance, les arrestations arbitraires, les proches disparus. L\u2019une affirme ne plus supporter que l\u2019on parle de l\u2019Iran uniquement \u00e0 travers le prisme des sanctions et de l\u2019Occident, alors que la violence du r\u00e9gime structure chaque aspect de la vie quotidienne. Une autre accuse les intervenants de minimiser cette violence au nom d\u2019analyses abstraites.<\/p>\n<p>Le contraste est frappant. D\u2019un c\u00f4t\u00e9, un discours qui cherche \u00e0 penser les structures. De l\u2019autre, des r\u00e9cits qui ram\u00e8nent sans cesse la discussion au corps, \u00e0 la peur, \u00e0 la perte. La question des sanctions devient rapidement le point de cristallisation du conflit. Pour certain\u00b7es, s\u2019y opposer revient \u00e0 d\u00e9tourner le regard de la r\u00e9pression et \u00e0 priver les manifestant\u00b7es d\u2019un levier de pression internationale. Pour d\u2019autres, les sanctions constituent pr\u00e9cis\u00e9ment un obstacle \u00e0 toute \u00e9mancipation, en appauvrissant la population et en consolidant l\u2019appareil s\u00e9curitaire du r\u00e9gime. Les \u00e9changes se tendent. Les interventions se coupent. Les applaudissements surgissent par moments, non pour saluer une id\u00e9e, mais pour marquer un camp.<\/p>\n<p>Dans ce contexte, la pr\u00e9sence d\u2019Yves Engler devient de plus en plus inconfortable. Ses prises de parole sont r\u00e9guli\u00e8rement contest\u00e9es, parfois frontalement. Les r\u00e9ponses qu\u2019il tente d\u2019apporter sont interrompues. Le d\u00e9bat annonc\u00e9 peine \u00e0 se mat\u00e9rialiser. L\u2019espace de discussion se transforme progressivement en un lieu de confrontation, o\u00f9 la position qu\u2019il incarne est moins d\u00e9battue que mise en accusation. Ce glissement n\u2019est pas seulement le fait d\u2019un intervenant ou d\u2019un public. Il r\u00e9v\u00e8le une fracture plus profonde. Celle entre des personnes pour qui l\u2019urgence est d\u2019exposer la violence d\u2019un r\u00e9gime v\u00e9cue de l\u2019int\u00e9rieur, et celles et ceux qui cherchent \u00e0 inscrire cette violence dans une lecture globale des rapports de domination internationale.<\/p>\n<p>La rencontre se termine sans synth\u00e8se. Aucun consensus n\u2019\u00e9merge. La fatigue est palpable, autant sur la tribune que dans la salle. La tension demeure, intacte. Cette tension n\u2019est pas un simple incident de parcours. Elle dit quelque chose de fondamental sur l\u2019\u00e9tat actuel des solidarit\u00e9s internationales. Elle montre \u00e0 quel point les mots, lorsqu\u2019ils circulent sans espace commun pour les accueillir, peuvent \u00e9chouer \u00e0 relier des exp\u00e9riences pourtant anim\u00e9es par un m\u00eame refus de l\u2019injustice.<\/p>\n<p>Rappelons que le 17 janvier, dans un discours public, Ali Khamenei, le Guide supr\u00eame, a d\u00e9clar\u00e9 que des \u00ab milliers de personnes \u00bb ont \u00e9t\u00e9 tu\u00e9es. Depuis lors, le 21 janvier 2026, le Conseil supr\u00eame de la s\u00e9curit\u00e9 nationale d&rsquo;Iran a publi\u00e9 une d\u00e9claration selon laquelle 3 117 personnes ont perdu la vie pendant le soul\u00e8vement. Toutefois, le 16 janvier, la rapporteuse sp\u00e9ciale de l\u2019ONU sur l\u2019Iran, Mai Sato, a indiqu\u00e9 lors d\u2019une interview accord\u00e9e aux m\u00e9dias que le bilan s\u2019\u00e9l\u00e8ve \u00e0 au moins 5 000 morts, ajoutant que selon des informations fournies par des sources m\u00e9dicales, ce chiffre pourrait atteindre jusqu\u2019\u00e0 20 000 personnes. En raison du blocage actuel de l\u2019acc\u00e8s \u00e0 Internet, l\u2019ampleur des tueries ayant eu lieu et la pratique employ\u00e9e de longue date par les autorit\u00e9s iraniennes consistant \u00e0 exercer des repr\u00e9sailles contre les familles de victimes qui s\u2019expriment, le nombre r\u00e9el est certainement plus \u00e9lev\u00e9.<\/p>\n<p>La coupure actuelle d\u2019Internet emp\u00eache les citoyen\u00b7ne\u00b7s iraniens de communiquer avec le monde ext\u00e9rieur. Cela rend difficiles la collecte et la confirmation des informations. Les vid\u00e9os et les t\u00e9moignages authentifi\u00e9s qu\u2019Amnesty International a pu obtenir et passer en revue r\u00e9v\u00e8lent que les forces de s\u00e9curit\u00e9 ont commis des homicides ill\u00e9gaux de masse d\u2019une ampleur sans pr\u00e9c\u00e9dent, sur fond de blocage de l\u2019acc\u00e8s \u00e0 Internet.<\/p>\n<p>Apr\u00e8s les massacres des 8 et 9 janvier, les \u00e9tablissements m\u00e9dicaux ont \u00e9t\u00e9 submerg\u00e9s de bless\u00e9\u00b7e\u00b7s, tandis que des familles d\u00e9sempar\u00e9es se sont rassembl\u00e9es dans des h\u00f4pitaux et des morgues bond\u00e9es \u00e0 la recherche de leurs proches manquants \u00e0 l\u2019appel.<\/p>\n<p>_______________________<\/p>\n<p><em>Source<\/em>: Journal Alter-Qu\u00e9bec, Amnesty International<\/p>\n<p>&nbsp;<\/p>\n","protected":false},"excerpt":{"rendered":"<p>Des manifestations ont \u00e9clat\u00e9 le 28 d\u00e9cembre 2025 en Iran. \u00c0 travers le pays, des personnes r\u00e9volt\u00e9es par des d\u00e9cennies de r\u00e9pression ont r\u00e9clam\u00e9 des changements en profondeur et un syst\u00e8me politique qui respecte les droits humains et la dignit\u00e9.&hellip;<\/p>\n","protected":false},"author":670,"featured_media":2677215,"comment_status":"closed","ping_status":"closed","sticky":false,"template":"","format":"standard","meta":{"footnotes":""},"categories":[40,90],"tags":[471,3521],"class_list":["post-2677208","post","type-post","status-publish","format-standard","has-post-thumbnail","hentry","category-international-fr","category-moyen-orient","tag-iran-fr","tag-quebec"],"yoast_head":"<!-- This site is optimized with the Yoast SEO plugin v27.1.1 - https:\/\/yoast.com\/product\/yoast-seo-wordpress\/ -->\n<title>La gauche du Qu\u00e9bec sous tension concernant la situation difficile en Iran<\/title>\n<meta name=\"description\" content=\"Des manifestations ont \u00e9clat\u00e9 le 28 d\u00e9cembre 2025 en Iran. \u00c0 travers le pays, des personnes r\u00e9volt\u00e9es par des d\u00e9cennies de r\u00e9pression ont r\u00e9clam\u00e9 des\" \/>\n<meta name=\"robots\" content=\"index, follow, max-snippet:-1, max-image-preview:large, max-video-preview:-1\" \/>\n<link rel=\"canonical\" href=\"https:\/\/www.pressenza.com\/fr\/2026\/02\/la-gauche-du-quebec-sous-tension-concernant-la-situation-difficile-en-iran\/\" \/>\n<meta property=\"og:locale\" content=\"fr_FR\" \/>\n<meta property=\"og:type\" content=\"article\" \/>\n<meta property=\"og:title\" content=\"La gauche du Qu\u00e9bec sous tension concernant la situation difficile en Iran\" \/>\n<meta property=\"og:description\" content=\"Des manifestations ont \u00e9clat\u00e9 le 28 d\u00e9cembre 2025 en Iran. \u00c0 travers le pays, des personnes r\u00e9volt\u00e9es par des d\u00e9cennies de r\u00e9pression ont r\u00e9clam\u00e9 des\" \/>\n<meta property=\"og:url\" content=\"https:\/\/www.pressenza.com\/fr\/2026\/02\/la-gauche-du-quebec-sous-tension-concernant-la-situation-difficile-en-iran\/\" \/>\n<meta property=\"og:site_name\" content=\"Pressenza\" \/>\n<meta property=\"article:publisher\" content=\"https:\/\/www.facebook.com\/PressenzaItalia\" \/>\n<meta property=\"article:published_time\" content=\"2026-02-17T15:53:18+00:00\" \/>\n<meta property=\"article:modified_time\" content=\"2026-02-17T19:17:55+00:00\" \/>\n<meta property=\"og:image\" content=\"https:\/\/www.pressenza.com\/wp-content\/uploads\/2026\/02\/iran.png\" \/>\n\t<meta property=\"og:image:width\" content=\"746\" \/>\n\t<meta property=\"og:image:height\" content=\"538\" \/>\n\t<meta property=\"og:image:type\" content=\"image\/png\" \/>\n<meta name=\"author\" content=\"R\u00e9daction Montr\u00e9al\" \/>\n<meta name=\"twitter:card\" content=\"summary_large_image\" \/>\n<meta name=\"twitter:creator\" content=\"@PressenzaIPA\" \/>\n<meta name=\"twitter:site\" content=\"@PressenzaIPA\" \/>\n<meta name=\"twitter:label1\" content=\"\u00c9crit par\" \/>\n\t<meta name=\"twitter:data1\" content=\"R\u00e9daction Montr\u00e9al\" \/>\n\t<meta name=\"twitter:label2\" content=\"Dur\u00e9e de lecture estim\u00e9e\" \/>\n\t<meta name=\"twitter:data2\" content=\"7 minutes\" \/>\n<script type=\"application\/ld+json\" class=\"yoast-schema-graph\">{\"@context\":\"https:\/\/schema.org\",\"@graph\":[{\"@type\":\"Article\",\"@id\":\"https:\/\/www.pressenza.com\/fr\/2026\/02\/la-gauche-du-quebec-sous-tension-concernant-la-situation-difficile-en-iran\/#article\",\"isPartOf\":{\"@id\":\"https:\/\/www.pressenza.com\/fr\/2026\/02\/la-gauche-du-quebec-sous-tension-concernant-la-situation-difficile-en-iran\/\"},\"author\":{\"name\":\"R\u00e9daction Montr\u00e9al\",\"@id\":\"https:\/\/www.pressenza.com\/fr\/#\/schema\/person\/e74f468c5f420ee105d078343b0b4bf7\"},\"headline\":\"La gauche du Qu\u00e9bec sous tension concernant la situation difficile en Iran\",\"datePublished\":\"2026-02-17T15:53:18+00:00\",\"dateModified\":\"2026-02-17T19:17:55+00:00\",\"mainEntityOfPage\":{\"@id\":\"https:\/\/www.pressenza.com\/fr\/2026\/02\/la-gauche-du-quebec-sous-tension-concernant-la-situation-difficile-en-iran\/\"},\"wordCount\":1449,\"publisher\":{\"@id\":\"https:\/\/www.pressenza.com\/fr\/#organization\"},\"image\":{\"@id\":\"https:\/\/www.pressenza.com\/fr\/2026\/02\/la-gauche-du-quebec-sous-tension-concernant-la-situation-difficile-en-iran\/#primaryimage\"},\"thumbnailUrl\":\"https:\/\/www.pressenza.com\/wp-content\/uploads\/2026\/02\/iran.png\",\"keywords\":[\"Iran\",\"Qu\u00e9bec\"],\"articleSection\":[\"International\",\"Proche et Moyen-Orient\"],\"inLanguage\":\"fr-FR\"},{\"@type\":\"WebPage\",\"@id\":\"https:\/\/www.pressenza.com\/fr\/2026\/02\/la-gauche-du-quebec-sous-tension-concernant-la-situation-difficile-en-iran\/\",\"url\":\"https:\/\/www.pressenza.com\/fr\/2026\/02\/la-gauche-du-quebec-sous-tension-concernant-la-situation-difficile-en-iran\/\",\"name\":\"La gauche du Qu\u00e9bec sous tension concernant la situation difficile en Iran\",\"isPartOf\":{\"@id\":\"https:\/\/www.pressenza.com\/fr\/#website\"},\"primaryImageOfPage\":{\"@id\":\"https:\/\/www.pressenza.com\/fr\/2026\/02\/la-gauche-du-quebec-sous-tension-concernant-la-situation-difficile-en-iran\/#primaryimage\"},\"image\":{\"@id\":\"https:\/\/www.pressenza.com\/fr\/2026\/02\/la-gauche-du-quebec-sous-tension-concernant-la-situation-difficile-en-iran\/#primaryimage\"},\"thumbnailUrl\":\"https:\/\/www.pressenza.com\/wp-content\/uploads\/2026\/02\/iran.png\",\"datePublished\":\"2026-02-17T15:53:18+00:00\",\"dateModified\":\"2026-02-17T19:17:55+00:00\",\"description\":\"Des manifestations ont \u00e9clat\u00e9 le 28 d\u00e9cembre 2025 en Iran. \u00c0 travers le pays, des personnes r\u00e9volt\u00e9es par des d\u00e9cennies de r\u00e9pression ont r\u00e9clam\u00e9 des\",\"breadcrumb\":{\"@id\":\"https:\/\/www.pressenza.com\/fr\/2026\/02\/la-gauche-du-quebec-sous-tension-concernant-la-situation-difficile-en-iran\/#breadcrumb\"},\"inLanguage\":\"fr-FR\",\"potentialAction\":[{\"@type\":\"ReadAction\",\"target\":[\"https:\/\/www.pressenza.com\/fr\/2026\/02\/la-gauche-du-quebec-sous-tension-concernant-la-situation-difficile-en-iran\/\"]}]},{\"@type\":\"ImageObject\",\"inLanguage\":\"fr-FR\",\"@id\":\"https:\/\/www.pressenza.com\/fr\/2026\/02\/la-gauche-du-quebec-sous-tension-concernant-la-situation-difficile-en-iran\/#primaryimage\",\"url\":\"https:\/\/www.pressenza.com\/wp-content\/uploads\/2026\/02\/iran.png\",\"contentUrl\":\"https:\/\/www.pressenza.com\/wp-content\/uploads\/2026\/02\/iran.png\",\"width\":746,\"height\":538},{\"@type\":\"BreadcrumbList\",\"@id\":\"https:\/\/www.pressenza.com\/fr\/2026\/02\/la-gauche-du-quebec-sous-tension-concernant-la-situation-difficile-en-iran\/#breadcrumb\",\"itemListElement\":[{\"@type\":\"ListItem\",\"position\":1,\"name\":\"Accueil\",\"item\":\"https:\/\/www.pressenza.com\/fr\/\"},{\"@type\":\"ListItem\",\"position\":2,\"name\":\"La gauche du Qu\u00e9bec sous tension concernant la situation difficile en Iran\"}]},{\"@type\":\"WebSite\",\"@id\":\"https:\/\/www.pressenza.com\/fr\/#website\",\"url\":\"https:\/\/www.pressenza.com\/fr\/\",\"name\":\"Pressenza\",\"description\":\"International Press Agency\",\"publisher\":{\"@id\":\"https:\/\/www.pressenza.com\/fr\/#organization\"},\"potentialAction\":[{\"@type\":\"SearchAction\",\"target\":{\"@type\":\"EntryPoint\",\"urlTemplate\":\"https:\/\/www.pressenza.com\/fr\/?s={search_term_string}\"},\"query-input\":{\"@type\":\"PropertyValueSpecification\",\"valueRequired\":true,\"valueName\":\"search_term_string\"}}],\"inLanguage\":\"fr-FR\"},{\"@type\":\"Organization\",\"@id\":\"https:\/\/www.pressenza.com\/fr\/#organization\",\"name\":\"Pressenza\",\"url\":\"https:\/\/www.pressenza.com\/fr\/\",\"logo\":{\"@type\":\"ImageObject\",\"inLanguage\":\"fr-FR\",\"@id\":\"https:\/\/www.pressenza.com\/fr\/#\/schema\/logo\/image\/\",\"url\":\"https:\/\/www.pressenza.com\/wp-content\/uploads\/2022\/10\/pressenza_logo_200x200.jpg\",\"contentUrl\":\"https:\/\/www.pressenza.com\/wp-content\/uploads\/2022\/10\/pressenza_logo_200x200.jpg\",\"width\":200,\"height\":200,\"caption\":\"Pressenza\"},\"image\":{\"@id\":\"https:\/\/www.pressenza.com\/fr\/#\/schema\/logo\/image\/\"},\"sameAs\":[\"https:\/\/www.facebook.com\/PressenzaItalia\",\"https:\/\/x.com\/PressenzaIPA\"]},{\"@type\":\"Person\",\"@id\":\"https:\/\/www.pressenza.com\/fr\/#\/schema\/person\/e74f468c5f420ee105d078343b0b4bf7\",\"name\":\"R\u00e9daction Montr\u00e9al\",\"description\":\"News published by the Pressenza bureau in Montreal, Canada\",\"url\":\"https:\/\/www.pressenza.com\/fr\/author\/redaction-montreal\/\"}]}<\/script>\n<!-- \/ Yoast SEO plugin. -->","yoast_head_json":{"title":"La gauche du Qu\u00e9bec sous tension concernant la situation difficile en Iran","description":"Des manifestations ont \u00e9clat\u00e9 le 28 d\u00e9cembre 2025 en Iran. \u00c0 travers le pays, des personnes r\u00e9volt\u00e9es par des d\u00e9cennies de r\u00e9pression ont r\u00e9clam\u00e9 des","robots":{"index":"index","follow":"follow","max-snippet":"max-snippet:-1","max-image-preview":"max-image-preview:large","max-video-preview":"max-video-preview:-1"},"canonical":"https:\/\/www.pressenza.com\/fr\/2026\/02\/la-gauche-du-quebec-sous-tension-concernant-la-situation-difficile-en-iran\/","og_locale":"fr_FR","og_type":"article","og_title":"La gauche du Qu\u00e9bec sous tension concernant la situation difficile en Iran","og_description":"Des manifestations ont \u00e9clat\u00e9 le 28 d\u00e9cembre 2025 en Iran. \u00c0 travers le pays, des personnes r\u00e9volt\u00e9es par des d\u00e9cennies de r\u00e9pression ont r\u00e9clam\u00e9 des","og_url":"https:\/\/www.pressenza.com\/fr\/2026\/02\/la-gauche-du-quebec-sous-tension-concernant-la-situation-difficile-en-iran\/","og_site_name":"Pressenza","article_publisher":"https:\/\/www.facebook.com\/PressenzaItalia","article_published_time":"2026-02-17T15:53:18+00:00","article_modified_time":"2026-02-17T19:17:55+00:00","og_image":[{"width":746,"height":538,"url":"https:\/\/www.pressenza.com\/wp-content\/uploads\/2026\/02\/iran.png","type":"image\/png"}],"author":"R\u00e9daction Montr\u00e9al","twitter_card":"summary_large_image","twitter_creator":"@PressenzaIPA","twitter_site":"@PressenzaIPA","twitter_misc":{"\u00c9crit par":"R\u00e9daction Montr\u00e9al","Dur\u00e9e de lecture estim\u00e9e":"7 minutes"},"schema":{"@context":"https:\/\/schema.org","@graph":[{"@type":"Article","@id":"https:\/\/www.pressenza.com\/fr\/2026\/02\/la-gauche-du-quebec-sous-tension-concernant-la-situation-difficile-en-iran\/#article","isPartOf":{"@id":"https:\/\/www.pressenza.com\/fr\/2026\/02\/la-gauche-du-quebec-sous-tension-concernant-la-situation-difficile-en-iran\/"},"author":{"name":"R\u00e9daction Montr\u00e9al","@id":"https:\/\/www.pressenza.com\/fr\/#\/schema\/person\/e74f468c5f420ee105d078343b0b4bf7"},"headline":"La gauche du Qu\u00e9bec sous tension concernant la situation difficile en Iran","datePublished":"2026-02-17T15:53:18+00:00","dateModified":"2026-02-17T19:17:55+00:00","mainEntityOfPage":{"@id":"https:\/\/www.pressenza.com\/fr\/2026\/02\/la-gauche-du-quebec-sous-tension-concernant-la-situation-difficile-en-iran\/"},"wordCount":1449,"publisher":{"@id":"https:\/\/www.pressenza.com\/fr\/#organization"},"image":{"@id":"https:\/\/www.pressenza.com\/fr\/2026\/02\/la-gauche-du-quebec-sous-tension-concernant-la-situation-difficile-en-iran\/#primaryimage"},"thumbnailUrl":"https:\/\/www.pressenza.com\/wp-content\/uploads\/2026\/02\/iran.png","keywords":["Iran","Qu\u00e9bec"],"articleSection":["International","Proche et Moyen-Orient"],"inLanguage":"fr-FR"},{"@type":"WebPage","@id":"https:\/\/www.pressenza.com\/fr\/2026\/02\/la-gauche-du-quebec-sous-tension-concernant-la-situation-difficile-en-iran\/","url":"https:\/\/www.pressenza.com\/fr\/2026\/02\/la-gauche-du-quebec-sous-tension-concernant-la-situation-difficile-en-iran\/","name":"La gauche du Qu\u00e9bec sous tension concernant la situation difficile en Iran","isPartOf":{"@id":"https:\/\/www.pressenza.com\/fr\/#website"},"primaryImageOfPage":{"@id":"https:\/\/www.pressenza.com\/fr\/2026\/02\/la-gauche-du-quebec-sous-tension-concernant-la-situation-difficile-en-iran\/#primaryimage"},"image":{"@id":"https:\/\/www.pressenza.com\/fr\/2026\/02\/la-gauche-du-quebec-sous-tension-concernant-la-situation-difficile-en-iran\/#primaryimage"},"thumbnailUrl":"https:\/\/www.pressenza.com\/wp-content\/uploads\/2026\/02\/iran.png","datePublished":"2026-02-17T15:53:18+00:00","dateModified":"2026-02-17T19:17:55+00:00","description":"Des manifestations ont \u00e9clat\u00e9 le 28 d\u00e9cembre 2025 en Iran. \u00c0 travers le pays, des personnes r\u00e9volt\u00e9es par des d\u00e9cennies de r\u00e9pression ont r\u00e9clam\u00e9 des","breadcrumb":{"@id":"https:\/\/www.pressenza.com\/fr\/2026\/02\/la-gauche-du-quebec-sous-tension-concernant-la-situation-difficile-en-iran\/#breadcrumb"},"inLanguage":"fr-FR","potentialAction":[{"@type":"ReadAction","target":["https:\/\/www.pressenza.com\/fr\/2026\/02\/la-gauche-du-quebec-sous-tension-concernant-la-situation-difficile-en-iran\/"]}]},{"@type":"ImageObject","inLanguage":"fr-FR","@id":"https:\/\/www.pressenza.com\/fr\/2026\/02\/la-gauche-du-quebec-sous-tension-concernant-la-situation-difficile-en-iran\/#primaryimage","url":"https:\/\/www.pressenza.com\/wp-content\/uploads\/2026\/02\/iran.png","contentUrl":"https:\/\/www.pressenza.com\/wp-content\/uploads\/2026\/02\/iran.png","width":746,"height":538},{"@type":"BreadcrumbList","@id":"https:\/\/www.pressenza.com\/fr\/2026\/02\/la-gauche-du-quebec-sous-tension-concernant-la-situation-difficile-en-iran\/#breadcrumb","itemListElement":[{"@type":"ListItem","position":1,"name":"Accueil","item":"https:\/\/www.pressenza.com\/fr\/"},{"@type":"ListItem","position":2,"name":"La gauche du Qu\u00e9bec sous tension concernant la situation difficile en Iran"}]},{"@type":"WebSite","@id":"https:\/\/www.pressenza.com\/fr\/#website","url":"https:\/\/www.pressenza.com\/fr\/","name":"Pressenza","description":"International Press Agency","publisher":{"@id":"https:\/\/www.pressenza.com\/fr\/#organization"},"potentialAction":[{"@type":"SearchAction","target":{"@type":"EntryPoint","urlTemplate":"https:\/\/www.pressenza.com\/fr\/?s={search_term_string}"},"query-input":{"@type":"PropertyValueSpecification","valueRequired":true,"valueName":"search_term_string"}}],"inLanguage":"fr-FR"},{"@type":"Organization","@id":"https:\/\/www.pressenza.com\/fr\/#organization","name":"Pressenza","url":"https:\/\/www.pressenza.com\/fr\/","logo":{"@type":"ImageObject","inLanguage":"fr-FR","@id":"https:\/\/www.pressenza.com\/fr\/#\/schema\/logo\/image\/","url":"https:\/\/www.pressenza.com\/wp-content\/uploads\/2022\/10\/pressenza_logo_200x200.jpg","contentUrl":"https:\/\/www.pressenza.com\/wp-content\/uploads\/2022\/10\/pressenza_logo_200x200.jpg","width":200,"height":200,"caption":"Pressenza"},"image":{"@id":"https:\/\/www.pressenza.com\/fr\/#\/schema\/logo\/image\/"},"sameAs":["https:\/\/www.facebook.com\/PressenzaItalia","https:\/\/x.com\/PressenzaIPA"]},{"@type":"Person","@id":"https:\/\/www.pressenza.com\/fr\/#\/schema\/person\/e74f468c5f420ee105d078343b0b4bf7","name":"R\u00e9daction Montr\u00e9al","description":"News published by the Pressenza bureau in Montreal, Canada","url":"https:\/\/www.pressenza.com\/fr\/author\/redaction-montreal\/"}]}},"place":"","original_article_url":"","_links":{"self":[{"href":"https:\/\/www.pressenza.com\/fr\/wp-json\/wp\/v2\/posts\/2677208","targetHints":{"allow":["GET"]}}],"collection":[{"href":"https:\/\/www.pressenza.com\/fr\/wp-json\/wp\/v2\/posts"}],"about":[{"href":"https:\/\/www.pressenza.com\/fr\/wp-json\/wp\/v2\/types\/post"}],"author":[{"embeddable":true,"href":"https:\/\/www.pressenza.com\/fr\/wp-json\/wp\/v2\/users\/670"}],"replies":[{"embeddable":true,"href":"https:\/\/www.pressenza.com\/fr\/wp-json\/wp\/v2\/comments?post=2677208"}],"version-history":[{"count":7,"href":"https:\/\/www.pressenza.com\/fr\/wp-json\/wp\/v2\/posts\/2677208\/revisions"}],"predecessor-version":[{"id":2677295,"href":"https:\/\/www.pressenza.com\/fr\/wp-json\/wp\/v2\/posts\/2677208\/revisions\/2677295"}],"wp:featuredmedia":[{"embeddable":true,"href":"https:\/\/www.pressenza.com\/fr\/wp-json\/wp\/v2\/media\/2677215"}],"wp:attachment":[{"href":"https:\/\/www.pressenza.com\/fr\/wp-json\/wp\/v2\/media?parent=2677208"}],"wp:term":[{"taxonomy":"category","embeddable":true,"href":"https:\/\/www.pressenza.com\/fr\/wp-json\/wp\/v2\/categories?post=2677208"},{"taxonomy":"post_tag","embeddable":true,"href":"https:\/\/www.pressenza.com\/fr\/wp-json\/wp\/v2\/tags?post=2677208"}],"curies":[{"name":"wp","href":"https:\/\/api.w.org\/{rel}","templated":true}]}}