{"id":2667077,"date":"2026-01-11T00:38:49","date_gmt":"2026-01-11T00:38:49","guid":{"rendered":"https:\/\/www.pressenza.com\/?p=2667077"},"modified":"2026-01-11T00:46:22","modified_gmt":"2026-01-11T00:46:22","slug":"ue-mercosur-abattage-total-la-colere-paysanne-sexprime-sur-le-peripherique-parisien","status":"publish","type":"post","link":"https:\/\/www.pressenza.com\/fr\/2026\/01\/ue-mercosur-abattage-total-la-colere-paysanne-sexprime-sur-le-peripherique-parisien\/","title":{"rendered":"UE-Mercosur, abattage total : la col\u00e8re paysanne s\u2019exprime sur le p\u00e9riph\u00e9rique parisien"},"content":{"rendered":"<div class=\"chapeau\">\n<p style=\"padding-left: 40px;\"><strong><em>Communiqu\u00e9 conjoint de la conf\u00e9d\u00e9ration paysanne et des soul\u00e8vements de la terre concernant la mobilisation du 9 janvier contre la politique d&rsquo;abattage total et le Mercosur<\/em><\/strong><\/p>\n<\/div>\n<p>Ce vendredi 9 janvier au matin vers 7h20, six tracteurs de la Conf\u00e9d\u00e9ration paysanne accompagn\u00e9s de paysan\u00b7ne\u00b7s et de militant\u00b7e\u00b7s des Soul\u00e8vements de la terre, de Cancer Col\u00e8re et de la CGT Paris se sont introduits sur le p\u00e9riph\u00e9rique parisien pour exprimer la col\u00e8re paysanne contre l\u2019accord UE-Mercosur, contre la gestion calamiteuse de la crise de la D<span class=\"BxUVEf ILfuVd\" lang=\"fr\"><span class=\"hgKElc pOOWX\">ermatose Nodulaire Contagieuse des bovins<\/span><\/span> DNC, pour la sortie de l\u2019abattage total et pour demander la fin de la co-gestion de la politique agricole par la FNSEA. Les tracteurs ont ensuite men\u00e9 une op\u00e9ration escargot de la porte de Montreuil \u00e0 la Porte Maillot, soit la moiti\u00e9 du p\u00e9riph\u00e9rique parisien. Des paysan\u00b7ne\u00b7s et militant\u00b7e\u00b7s ont converg\u00e9 \u00e0 pied vers l\u2019Arc de Triomphe pour soutenir l\u2019action. Ils et elles ont \u00e9t\u00e9 accueillis brutalement par les forces de l\u2019ordre qui ont interpell\u00e9 et plac\u00e9 en garde \u00e0 vue les porte-parole nationaux de la Conf\u00e9d\u00e9ration paysanne Thomas Gibert et St\u00e9phane Galais.<\/p>\n<div class=\"zoom-img\">\n<div data-rmiz-wrap=\"visible\"><img decoding=\"async\" src=\"https:\/\/images.prismic.io\/soulevements\/aWEtjwIvOtkhBOzl_250525LLVsmall-07.jpg?auto=format,compress\" alt=\"\" \/><\/div>\n<\/div>\n<p>Au m\u00eame moment, nous apprenions qu&rsquo;une majorit\u00e9 qualifi\u00e9e des \u00c9tats de l&rsquo;Union europ\u00e9enne a approuv\u00e9 l&rsquo;accord de libre-\u00e9change avec le Mercosur. Cette ratification est une d\u00e9claration de guerre \u00e9conomique aux paysanneries des deux c\u00f4t\u00e9s de l&rsquo;Atlantique.\u00a0 Elle augure une acc\u00e9l\u00e9ration du rouleau compresseur de la mise en concurrence g\u00e9n\u00e9ralis\u00e9e des agricultures sur le march\u00e9 mondial. Elle alimente toujours plus la fuite en avant productiviste et son lot de cons\u00e9quences \u00e9cologiques et sociales d\u00e9l\u00e9t\u00e8res, l&rsquo;\u00e9limination des petites fermes et la concentration capitaliste de la production. Cette temp\u00eate lib\u00e9rale ne peut qu&rsquo;intensifier les raidissements imp\u00e9rialistes des capitalismes nationaux. On voit d\u00e9j\u00e0 la FNSEA en embuscade, r\u00e9clamer de nouvelles armes, et justifier \u00e0 l&rsquo;aune de cet accord un nouveau saut mortel dans l&rsquo;industrialisation des campagnes et la diffusion accrue des pesticides pour les exigences de la guerre commerciale. Les premi\u00e8res victimes de cette guerre seront les\u00a0paysan\u00b7ne\u00b7s eux-m\u00eames somm\u00e9s, une fois de plus, de se \u00ab\u00a0moderniser\u00a0\u00bb ou de dispara\u00eetre.<\/p>\n<div class=\"zoom-img\">\n<div data-rmiz-wrap=\"visible\"><img decoding=\"async\" src=\"https:\/\/images.prismic.io\/soulevements\/aWC2XAIvOtkhBLu0_signal-2026-01-09-081750.jpeg?auto=format,compress\" alt=\"\" \/><\/div>\n<\/div>\n<p>Le bloc FNSEA-JA pr\u00e9tend s&rsquo;opposer \u00e0 l&rsquo;accord UE-Mercosur. Mais nous savons que derri\u00e8re l&rsquo;apparence d&rsquo;une opposition monolithique du monde agricole \u00e0 cette fuite en avant lib\u00e9ral, il n&rsquo;en est rien. Pour\u00a0 les dirigeants de la FNSEA, il y a seulement int\u00e9r\u00eat \u00e0 instrumentaliser et capturer la col\u00e8re agricole pour \u0153uvrer en sous-main aux m\u00eames politiques \u00e9conomiques pr\u00e9datrices. Leur pr\u00e9sence sur les points de blocage est minime. Leur opposition de fa\u00e7ade. Le groupe Avril &#8211; dirig\u00e9 par Arnaud Rousseau &#8211; a en effet de nombreuses filiales en Am\u00e9rique du Sud qui ont tout int\u00e9r\u00eat \u00e0 ce que le Mercosur soit sign\u00e9 et ont pouss\u00e9 en ce sens. C&rsquo;est l\u00e0 la r\u00e9alit\u00e9 d&rsquo;un syndicat dirig\u00e9 par des agro-industriels qui s&rsquo;\u00e9chinent continuellement \u00e0 promouvoir l&rsquo;agrochimie et \u00e0 rendre ce monde mortif\u00e8re des deux c\u00f4t\u00e9s de l&rsquo;Atlantique.<\/p>\n<div class=\"zoom-img\">\n<div data-rmiz-wrap=\"visible\"><img decoding=\"async\" src=\"https:\/\/images.prismic.io\/soulevements\/aWC2XQIvOtkhBLu2_signal-2026-01-09-085207_002.jpeg?auto=format,compress\" alt=\"\" \/><\/div>\n<\/div>\n<p>Nous ne sommes pas dupes non plus quant \u00e0 la position d&rsquo;Emmanuel Macron vis-\u00e0-vis du Mercosur. Son vote \u00ab\u00a0contre\u00a0\u00bb est hypocrite, mais nous sommes coutumiers de son hypocrisie. Le Pr\u00e9sident Macron cherche \u00e0 sauver sa peau aupr\u00e8s des agriculteur\u00b7rices, en sachant tr\u00e8s bien que l&rsquo;accord UE-Mercosur allait \u00eatre sign\u00e9. D&rsquo;une main, il se dit \u00e0 l&rsquo;\u00e9coute pour essayer de calmer la fronde populaire d\u00e9clench\u00e9e par une gestion de crise d\u00e9l\u00e9t\u00e8re de la <span class=\"BxUVEf ILfuVd\" lang=\"fr\"><span class=\"hgKElc pOOWX\">dermatose nodulaire contagieuse des bovins<\/span><\/span> DNC et de l&rsquo;autre, il d\u00e9fend activement depuis son arriv\u00e9e au pouvoir un mod\u00e8le capitaliste pr\u00e9dateur bas\u00e9 sur l\u2019export, qui tend \u00e0 la mise \u00e0 mort des mondes paysans partout \u00e0 travers le monde.<\/p>\n<div class=\"zoom-img\">\n<div data-rmiz-wrap=\"visible\"><img decoding=\"async\" src=\"https:\/\/images.prismic.io\/soulevements\/aWEtmwIvOtkhBOzs_signal-2026-01-09-085506_009.jpeg?auto=format,compress\" alt=\"\" \/><\/div>\n<\/div>\n<p>Dans cette s\u00e9quence DNC, les dirigeants FNSEA ont \u00e9galement brill\u00e9 par leur absence aupr\u00e8s des \u00e9leveurs et \u00e9leveuses, pr\u00e9f\u00e9rant d\u00e9fendre les int\u00e9r\u00eats exportateurs court-termistes, quitte \u00e0 sacrifier des fermes enti\u00e8res et la diversit\u00e9 des cheptels, instrumentalisant la col\u00e8re dans les m\u00e9dias.<\/p>\n<p>Nous condamnons fermement la r\u00e9cup\u00e9ration par l&rsquo;extr\u00eame droite de la col\u00e8re agricole. D\u00e9signer les \u00ab\u00a0\u00e9colos\u00a0\u00bb ou les \u00ab\u00a0\u00e9trangers\u00a0\u00bb comme les responsables de la d\u00e9gradation du m\u00e9tier de paysan\u00b7ne est une erreur totale de compr\u00e9hension de ce qui nous fait face et de ce qui nous fait r\u00e9ellement dispara\u00eetre. C&rsquo;est un ressort d\u00e9magogique qui cherche \u00e0 cacher le conflit de classe entre grands patrons agricoles et paysan\u00b7ne\u00b7s, \u00e0 propos duquel bien des agriculteur\u00b7rices ne sont pas dupes.<\/p>\n<div class=\"zoom-img\">\n<div data-rmiz-wrap=\"visible\"><img decoding=\"async\" src=\"https:\/\/images.prismic.io\/soulevements\/aWEtlAIvOtkhBOzp_signal-2026-01-09-085506_002.jpeg?auto=format,compress\" alt=\"\" \/><\/div>\n<\/div>\n<p>De notre c\u00f4t\u00e9, notre opposition au Mercosur est claire. Elle se construit avec l&rsquo;ensemble des populations que nous voulons pouvoir contribuer \u00e0 nourrir dans de bonnes conditions. Nous militons pour une agriculture protectrice des revenus des paysan\u00b7ne\u00b7s. L&rsquo;environnement, tout comme la sant\u00e9 et la biodiversit\u00e9, ne doivent plus \u00eatre sacrifi\u00e9s sur l&rsquo;autel du n\u00e9olib\u00e9ralisme et des accords de libre-\u00e9change.<\/p>\n<p>Nous r\u00e9affirmons notre soutien \u00e0 nos camarades en Am\u00e9rique du Sud qui sont en premi\u00e8re ligne face \u00e0 l&#8217;emprise toujours plus croissante de l&rsquo;agro-industrie et de l&rsquo;agrochimie.<\/p>\n<div class=\"zoom-img\">\n<div data-rmiz-wrap=\"visible\"><img decoding=\"async\" src=\"https:\/\/images.prismic.io\/soulevements\/aWEtnwIvOtkhBOzu_signal-2026-01-09-085506_020.jpeg?auto=format,compress\" alt=\"\" \/><\/div>\n<\/div>\n<p>Comme nous l&rsquo;avons d\u00e9nonc\u00e9 en novembre dernier en nous rendant devant le site BASF de Saint-Aubin-l\u00e8s-Elbeuf, les grands gagnants de la signature de ces accords de libre-\u00e9change sont les firmes agrochimiques (BASF, Bayer-Monsanto, Corteva, Syngenta) qui exportent \u00e0 tour de bras des pesticides qui seront utilis\u00e9s sur les cultures en Am\u00e9rique du Sud, avant de revenir sur nos \u00e9tals. La moiti\u00e9 des importations fran\u00e7aises venant des pays du Mercosur sont de l&rsquo;aliment pour b\u00e9tail, et notamment du m\u00e9lange ma\u00efs-soja qui conduisent \u00e0 des plantations monoculturales \u00e0 l&rsquo;\u00e9chelle de pays entiers \u00e0 l&rsquo;instar du Paraguay. Nous d\u00e9non\u00e7ons ce colonialisme chimique qui cause des ravages environnementaux, agricoles, sanitaires d\u00e9sastreux et qui \u0153uvre \u00e0 la disparition des fermes en polyculture \u00e9levage.<\/p>\n<div class=\"zoom-img\">\n<div data-rmiz-wrap=\"visible\"><img decoding=\"async\" src=\"https:\/\/images.prismic.io\/soulevements\/aWEtlQIvOtkhBOzq_signal-2026-01-09-085506_003.jpeg?auto=format,compress\" alt=\"\" \/><\/div>\n<\/div>\n<p>L&rsquo;arr\u00eat\u00e9 publi\u00e9 par Lecornu (NdE: premier ministre) le 4 janvier dernier sur l\u2019importation de fruits et l\u00e9gumes d\u2019Am\u00e9rique du Sud (avocats, mangues, fraises, pommes\u2026) contenant des r\u00e9sidus de pesticides et fongicides interdits en Europe n&rsquo;est rien d&rsquo;autre qu&rsquo;un effet d&rsquo;annonce, valable pour une ann\u00e9e uniquement. Le Premier Ministre ne fait qu&rsquo;appliquer &#8211; avec un peu plus d&rsquo;exigence &#8211; la loi europ\u00e9enne en vigueur sur les limites maximales de r\u00e9sidus sur les produits export\u00e9s. Ce n&rsquo;est en rien une victoire, puisque le mancoz\u00e8be, glufosinate, thiophanate-m\u00e9thyl et carbendazime sont d&rsquo;ores et d\u00e9j\u00e0 des substances interdites en Europe.<\/p>\n<div class=\"zoom-img\">\n<div data-rmiz-wrap=\"visible\"><img decoding=\"async\" src=\"https:\/\/images.prismic.io\/soulevements\/aWEtmQIvOtkhBOzr_signal-2026-01-09-085506_005.jpeg?auto=format,compress\" alt=\"\" \/><\/div>\n<\/div>\n<p>Pendant ce temps-l\u00e0, les maladies neurod\u00e9g\u00e9n\u00e9ratives et les cancers ne cessent d&rsquo;augmenter dans le monde agricole ainsi que dans l&rsquo;ensemble de la soci\u00e9t\u00e9, donnant lieu \u00e0 un v\u00e9ritable ph\u00e9nom\u00e8ne d&rsquo;\u00e9pid\u00e9mie. A l&rsquo;heure o\u00f9 la s\u00e9paration de la vente et du conseil est abrog\u00e9e pour les pesticides, o\u00f9 l&rsquo;ANSES a \u00e9t\u00e9 menac\u00e9e de mise sous tutelle et face \u00e0 l&rsquo;adoption probable du paquet Omnibus VII, il est urgent de maintenir un rapport de force frontal avec les marchands de mort que sont les patrons de l&rsquo;agro-industrie, et mettre fin \u00e0 la co-gestion entre la FNSEA et le gouvernement, qui participe de cette immonde catastrophe agricole et sanitaire.<\/p>\n<p><em><strong>Nous allons continuer \u00e0 nous mobiliser contre les cons\u00e9quences de l&rsquo;accord UE-Mercosur et les politiques sanitaires actuelles, pour vivre de l&rsquo;agriculture et pas en mourir !\u00a0<\/strong><\/em><\/p>\n<div class=\"zoom-img\">\n<div data-rmiz-wrap=\"visible\"><img decoding=\"async\" src=\"https:\/\/images.prismic.io\/soulevements\/aWEtnQIvOtkhBOzt_signal-2026-01-09-085506_011.jpeg?auto=format,compress\" alt=\"\" \/><\/div>\n<\/div>\n","protected":false},"excerpt":{"rendered":"<p>Communiqu\u00e9 conjoint de la conf\u00e9d\u00e9ration paysanne et des soul\u00e8vements de la terre concernant la mobilisation du 9 janvier contre la politique d&rsquo;abattage total et le Mercosur Ce vendredi 9 janvier au matin vers 7h20, six tracteurs de la Conf\u00e9d\u00e9ration paysanne&hellip;<\/p>\n","protected":false},"author":926,"featured_media":2667079,"comment_status":"closed","ping_status":"closed","sticky":false,"template":"","format":"standard","meta":{"footnotes":""},"categories":[86,97,100,85,95],"tags":[149489,5937,53422,104930,1034,4010,1082,149488,6138],"class_list":["post-2667077","post","type-post","status-publish","format-standard","has-post-thumbnail","hentry","category-amerique-du-sud","category-environnement-et-ecologie","category-economie","category-europe-fr","category-affaires-etrangeres","tag-abattage-total","tag-agro-industrie","tag-blocage","tag-confederation-paysanne-fr","tag-france-fr","tag-mercosur-fr","tag-paris","tag-peripherique","tag-pesticides-fr"],"yoast_head":"<!-- This site is optimized with the Yoast SEO plugin v27.1.1 - https:\/\/yoast.com\/product\/yoast-seo-wordpress\/ -->\n<title>UE-Mercosur, abattage total : la col\u00e8re paysanne s\u2019exprime sur le p\u00e9riph\u00e9rique parisien<\/title>\n<meta name=\"description\" content=\"Communiqu\u00e9 conjoint de la conf\u00e9d\u00e9ration paysanne et des soul\u00e8vements de la terre concernant la mobilisation du 9 janvier contre la politique d&#039;abattage\" \/>\n<meta name=\"robots\" content=\"index, follow, max-snippet:-1, max-image-preview:large, max-video-preview:-1\" \/>\n<link rel=\"canonical\" href=\"https:\/\/www.pressenza.com\/fr\/2026\/01\/ue-mercosur-abattage-total-la-colere-paysanne-sexprime-sur-le-peripherique-parisien\/\" \/>\n<meta property=\"og:locale\" content=\"fr_FR\" \/>\n<meta property=\"og:type\" content=\"article\" \/>\n<meta property=\"og:title\" content=\"UE-Mercosur, abattage total : la col\u00e8re paysanne s\u2019exprime sur le p\u00e9riph\u00e9rique parisien\" \/>\n<meta property=\"og:description\" content=\"Communiqu\u00e9 conjoint de la conf\u00e9d\u00e9ration paysanne et des soul\u00e8vements de la terre concernant la mobilisation du 9 janvier contre la politique d&#039;abattage\" \/>\n<meta property=\"og:url\" content=\"https:\/\/www.pressenza.com\/fr\/2026\/01\/ue-mercosur-abattage-total-la-colere-paysanne-sexprime-sur-le-peripherique-parisien\/\" \/>\n<meta property=\"og:site_name\" content=\"Pressenza\" \/>\n<meta property=\"article:publisher\" content=\"https:\/\/www.facebook.com\/PressenzaItalia\" \/>\n<meta property=\"article:published_time\" content=\"2026-01-11T00:38:49+00:00\" \/>\n<meta property=\"article:modified_time\" content=\"2026-01-11T00:46:22+00:00\" \/>\n<meta property=\"og:image\" content=\"https:\/\/www.pressenza.com\/wp-content\/uploads\/2026\/01\/mercosur.jpg\" \/>\n\t<meta property=\"og:image:width\" content=\"823\" \/>\n\t<meta property=\"og:image:height\" content=\"546\" \/>\n\t<meta property=\"og:image:type\" content=\"image\/jpeg\" \/>\n<meta name=\"author\" content=\"R\u00e9daction France\" \/>\n<meta name=\"twitter:card\" content=\"summary_large_image\" \/>\n<meta name=\"twitter:creator\" content=\"@PressenzaIPA\" \/>\n<meta name=\"twitter:site\" content=\"@PressenzaIPA\" \/>\n<meta name=\"twitter:label1\" content=\"\u00c9crit par\" \/>\n\t<meta name=\"twitter:data1\" content=\"R\u00e9daction France\" \/>\n\t<meta name=\"twitter:label2\" content=\"Dur\u00e9e de lecture estim\u00e9e\" \/>\n\t<meta name=\"twitter:data2\" content=\"8 minutes\" \/>\n<script type=\"application\/ld+json\" class=\"yoast-schema-graph\">{\"@context\":\"https:\/\/schema.org\",\"@graph\":[{\"@type\":\"Article\",\"@id\":\"https:\/\/www.pressenza.com\/fr\/2026\/01\/ue-mercosur-abattage-total-la-colere-paysanne-sexprime-sur-le-peripherique-parisien\/#article\",\"isPartOf\":{\"@id\":\"https:\/\/www.pressenza.com\/fr\/2026\/01\/ue-mercosur-abattage-total-la-colere-paysanne-sexprime-sur-le-peripherique-parisien\/\"},\"author\":{\"name\":\"R\u00e9daction France\",\"@id\":\"https:\/\/www.pressenza.com\/fr\/#\/schema\/person\/3c9fe6670cc2cffbd37562f87b98e869\"},\"headline\":\"UE-Mercosur, abattage total : la col\u00e8re paysanne s\u2019exprime sur le p\u00e9riph\u00e9rique parisien\",\"datePublished\":\"2026-01-11T00:38:49+00:00\",\"dateModified\":\"2026-01-11T00:46:22+00:00\",\"mainEntityOfPage\":{\"@id\":\"https:\/\/www.pressenza.com\/fr\/2026\/01\/ue-mercosur-abattage-total-la-colere-paysanne-sexprime-sur-le-peripherique-parisien\/\"},\"wordCount\":1325,\"publisher\":{\"@id\":\"https:\/\/www.pressenza.com\/fr\/#organization\"},\"image\":{\"@id\":\"https:\/\/www.pressenza.com\/fr\/2026\/01\/ue-mercosur-abattage-total-la-colere-paysanne-sexprime-sur-le-peripherique-parisien\/#primaryimage\"},\"thumbnailUrl\":\"https:\/\/www.pressenza.com\/wp-content\/uploads\/2026\/01\/mercosur.jpg\",\"keywords\":[\"abattage total\",\"agro-industrie\",\"blocage\",\"Conf\u00e9d\u00e9ration Paysanne\",\"France\",\"MERCOSUR\",\"Paris\",\"p\u00e9riph\u00e9rique\",\"pesticides\"],\"articleSection\":[\"Am\u00e9rique du Sud\",\"Ecologie et Environnement\",\"Economie\",\"Europe\",\"Relations internationales\"],\"inLanguage\":\"fr-FR\"},{\"@type\":\"WebPage\",\"@id\":\"https:\/\/www.pressenza.com\/fr\/2026\/01\/ue-mercosur-abattage-total-la-colere-paysanne-sexprime-sur-le-peripherique-parisien\/\",\"url\":\"https:\/\/www.pressenza.com\/fr\/2026\/01\/ue-mercosur-abattage-total-la-colere-paysanne-sexprime-sur-le-peripherique-parisien\/\",\"name\":\"UE-Mercosur, abattage total : la col\u00e8re paysanne s\u2019exprime sur le p\u00e9riph\u00e9rique parisien\",\"isPartOf\":{\"@id\":\"https:\/\/www.pressenza.com\/fr\/#website\"},\"primaryImageOfPage\":{\"@id\":\"https:\/\/www.pressenza.com\/fr\/2026\/01\/ue-mercosur-abattage-total-la-colere-paysanne-sexprime-sur-le-peripherique-parisien\/#primaryimage\"},\"image\":{\"@id\":\"https:\/\/www.pressenza.com\/fr\/2026\/01\/ue-mercosur-abattage-total-la-colere-paysanne-sexprime-sur-le-peripherique-parisien\/#primaryimage\"},\"thumbnailUrl\":\"https:\/\/www.pressenza.com\/wp-content\/uploads\/2026\/01\/mercosur.jpg\",\"datePublished\":\"2026-01-11T00:38:49+00:00\",\"dateModified\":\"2026-01-11T00:46:22+00:00\",\"description\":\"Communiqu\u00e9 conjoint de la conf\u00e9d\u00e9ration paysanne et des soul\u00e8vements de la terre concernant la mobilisation du 9 janvier contre la politique d'abattage\",\"breadcrumb\":{\"@id\":\"https:\/\/www.pressenza.com\/fr\/2026\/01\/ue-mercosur-abattage-total-la-colere-paysanne-sexprime-sur-le-peripherique-parisien\/#breadcrumb\"},\"inLanguage\":\"fr-FR\",\"potentialAction\":[{\"@type\":\"ReadAction\",\"target\":[\"https:\/\/www.pressenza.com\/fr\/2026\/01\/ue-mercosur-abattage-total-la-colere-paysanne-sexprime-sur-le-peripherique-parisien\/\"]}]},{\"@type\":\"ImageObject\",\"inLanguage\":\"fr-FR\",\"@id\":\"https:\/\/www.pressenza.com\/fr\/2026\/01\/ue-mercosur-abattage-total-la-colere-paysanne-sexprime-sur-le-peripherique-parisien\/#primaryimage\",\"url\":\"https:\/\/www.pressenza.com\/wp-content\/uploads\/2026\/01\/mercosur.jpg\",\"contentUrl\":\"https:\/\/www.pressenza.com\/wp-content\/uploads\/2026\/01\/mercosur.jpg\",\"width\":823,\"height\":546},{\"@type\":\"BreadcrumbList\",\"@id\":\"https:\/\/www.pressenza.com\/fr\/2026\/01\/ue-mercosur-abattage-total-la-colere-paysanne-sexprime-sur-le-peripherique-parisien\/#breadcrumb\",\"itemListElement\":[{\"@type\":\"ListItem\",\"position\":1,\"name\":\"Accueil\",\"item\":\"https:\/\/www.pressenza.com\/fr\/\"},{\"@type\":\"ListItem\",\"position\":2,\"name\":\"UE-Mercosur, abattage total : la col\u00e8re paysanne s\u2019exprime sur le p\u00e9riph\u00e9rique parisien\"}]},{\"@type\":\"WebSite\",\"@id\":\"https:\/\/www.pressenza.com\/fr\/#website\",\"url\":\"https:\/\/www.pressenza.com\/fr\/\",\"name\":\"Pressenza\",\"description\":\"International Press Agency\",\"publisher\":{\"@id\":\"https:\/\/www.pressenza.com\/fr\/#organization\"},\"potentialAction\":[{\"@type\":\"SearchAction\",\"target\":{\"@type\":\"EntryPoint\",\"urlTemplate\":\"https:\/\/www.pressenza.com\/fr\/?s={search_term_string}\"},\"query-input\":{\"@type\":\"PropertyValueSpecification\",\"valueRequired\":true,\"valueName\":\"search_term_string\"}}],\"inLanguage\":\"fr-FR\"},{\"@type\":\"Organization\",\"@id\":\"https:\/\/www.pressenza.com\/fr\/#organization\",\"name\":\"Pressenza\",\"url\":\"https:\/\/www.pressenza.com\/fr\/\",\"logo\":{\"@type\":\"ImageObject\",\"inLanguage\":\"fr-FR\",\"@id\":\"https:\/\/www.pressenza.com\/fr\/#\/schema\/logo\/image\/\",\"url\":\"https:\/\/www.pressenza.com\/wp-content\/uploads\/2022\/10\/pressenza_logo_200x200.jpg\",\"contentUrl\":\"https:\/\/www.pressenza.com\/wp-content\/uploads\/2022\/10\/pressenza_logo_200x200.jpg\",\"width\":200,\"height\":200,\"caption\":\"Pressenza\"},\"image\":{\"@id\":\"https:\/\/www.pressenza.com\/fr\/#\/schema\/logo\/image\/\"},\"sameAs\":[\"https:\/\/www.facebook.com\/PressenzaItalia\",\"https:\/\/x.com\/PressenzaIPA\"]},{\"@type\":\"Person\",\"@id\":\"https:\/\/www.pressenza.com\/fr\/#\/schema\/person\/3c9fe6670cc2cffbd37562f87b98e869\",\"name\":\"R\u00e9daction France\",\"description\":\"News published by the Pressenza bureau in France\",\"sameAs\":[\"http:\/\/www.pressenza.com\/fr\"],\"url\":\"https:\/\/www.pressenza.com\/fr\/author\/redactionfrance\/\"}]}<\/script>\n<!-- \/ Yoast SEO plugin. -->","yoast_head_json":{"title":"UE-Mercosur, abattage total : la col\u00e8re paysanne s\u2019exprime sur le p\u00e9riph\u00e9rique parisien","description":"Communiqu\u00e9 conjoint de la conf\u00e9d\u00e9ration paysanne et des soul\u00e8vements de la terre concernant la mobilisation du 9 janvier contre la politique d'abattage","robots":{"index":"index","follow":"follow","max-snippet":"max-snippet:-1","max-image-preview":"max-image-preview:large","max-video-preview":"max-video-preview:-1"},"canonical":"https:\/\/www.pressenza.com\/fr\/2026\/01\/ue-mercosur-abattage-total-la-colere-paysanne-sexprime-sur-le-peripherique-parisien\/","og_locale":"fr_FR","og_type":"article","og_title":"UE-Mercosur, abattage total : la col\u00e8re paysanne s\u2019exprime sur le p\u00e9riph\u00e9rique parisien","og_description":"Communiqu\u00e9 conjoint de la conf\u00e9d\u00e9ration paysanne et des soul\u00e8vements de la terre concernant la mobilisation du 9 janvier contre la politique d'abattage","og_url":"https:\/\/www.pressenza.com\/fr\/2026\/01\/ue-mercosur-abattage-total-la-colere-paysanne-sexprime-sur-le-peripherique-parisien\/","og_site_name":"Pressenza","article_publisher":"https:\/\/www.facebook.com\/PressenzaItalia","article_published_time":"2026-01-11T00:38:49+00:00","article_modified_time":"2026-01-11T00:46:22+00:00","og_image":[{"width":823,"height":546,"url":"https:\/\/www.pressenza.com\/wp-content\/uploads\/2026\/01\/mercosur.jpg","type":"image\/jpeg"}],"author":"R\u00e9daction France","twitter_card":"summary_large_image","twitter_creator":"@PressenzaIPA","twitter_site":"@PressenzaIPA","twitter_misc":{"\u00c9crit par":"R\u00e9daction France","Dur\u00e9e de lecture estim\u00e9e":"8 minutes"},"schema":{"@context":"https:\/\/schema.org","@graph":[{"@type":"Article","@id":"https:\/\/www.pressenza.com\/fr\/2026\/01\/ue-mercosur-abattage-total-la-colere-paysanne-sexprime-sur-le-peripherique-parisien\/#article","isPartOf":{"@id":"https:\/\/www.pressenza.com\/fr\/2026\/01\/ue-mercosur-abattage-total-la-colere-paysanne-sexprime-sur-le-peripherique-parisien\/"},"author":{"name":"R\u00e9daction France","@id":"https:\/\/www.pressenza.com\/fr\/#\/schema\/person\/3c9fe6670cc2cffbd37562f87b98e869"},"headline":"UE-Mercosur, abattage total : la col\u00e8re paysanne s\u2019exprime sur le p\u00e9riph\u00e9rique parisien","datePublished":"2026-01-11T00:38:49+00:00","dateModified":"2026-01-11T00:46:22+00:00","mainEntityOfPage":{"@id":"https:\/\/www.pressenza.com\/fr\/2026\/01\/ue-mercosur-abattage-total-la-colere-paysanne-sexprime-sur-le-peripherique-parisien\/"},"wordCount":1325,"publisher":{"@id":"https:\/\/www.pressenza.com\/fr\/#organization"},"image":{"@id":"https:\/\/www.pressenza.com\/fr\/2026\/01\/ue-mercosur-abattage-total-la-colere-paysanne-sexprime-sur-le-peripherique-parisien\/#primaryimage"},"thumbnailUrl":"https:\/\/www.pressenza.com\/wp-content\/uploads\/2026\/01\/mercosur.jpg","keywords":["abattage total","agro-industrie","blocage","Conf\u00e9d\u00e9ration Paysanne","France","MERCOSUR","Paris","p\u00e9riph\u00e9rique","pesticides"],"articleSection":["Am\u00e9rique du Sud","Ecologie et Environnement","Economie","Europe","Relations internationales"],"inLanguage":"fr-FR"},{"@type":"WebPage","@id":"https:\/\/www.pressenza.com\/fr\/2026\/01\/ue-mercosur-abattage-total-la-colere-paysanne-sexprime-sur-le-peripherique-parisien\/","url":"https:\/\/www.pressenza.com\/fr\/2026\/01\/ue-mercosur-abattage-total-la-colere-paysanne-sexprime-sur-le-peripherique-parisien\/","name":"UE-Mercosur, abattage total : la col\u00e8re paysanne s\u2019exprime sur le p\u00e9riph\u00e9rique parisien","isPartOf":{"@id":"https:\/\/www.pressenza.com\/fr\/#website"},"primaryImageOfPage":{"@id":"https:\/\/www.pressenza.com\/fr\/2026\/01\/ue-mercosur-abattage-total-la-colere-paysanne-sexprime-sur-le-peripherique-parisien\/#primaryimage"},"image":{"@id":"https:\/\/www.pressenza.com\/fr\/2026\/01\/ue-mercosur-abattage-total-la-colere-paysanne-sexprime-sur-le-peripherique-parisien\/#primaryimage"},"thumbnailUrl":"https:\/\/www.pressenza.com\/wp-content\/uploads\/2026\/01\/mercosur.jpg","datePublished":"2026-01-11T00:38:49+00:00","dateModified":"2026-01-11T00:46:22+00:00","description":"Communiqu\u00e9 conjoint de la conf\u00e9d\u00e9ration paysanne et des soul\u00e8vements de la terre concernant la mobilisation du 9 janvier contre la politique d'abattage","breadcrumb":{"@id":"https:\/\/www.pressenza.com\/fr\/2026\/01\/ue-mercosur-abattage-total-la-colere-paysanne-sexprime-sur-le-peripherique-parisien\/#breadcrumb"},"inLanguage":"fr-FR","potentialAction":[{"@type":"ReadAction","target":["https:\/\/www.pressenza.com\/fr\/2026\/01\/ue-mercosur-abattage-total-la-colere-paysanne-sexprime-sur-le-peripherique-parisien\/"]}]},{"@type":"ImageObject","inLanguage":"fr-FR","@id":"https:\/\/www.pressenza.com\/fr\/2026\/01\/ue-mercosur-abattage-total-la-colere-paysanne-sexprime-sur-le-peripherique-parisien\/#primaryimage","url":"https:\/\/www.pressenza.com\/wp-content\/uploads\/2026\/01\/mercosur.jpg","contentUrl":"https:\/\/www.pressenza.com\/wp-content\/uploads\/2026\/01\/mercosur.jpg","width":823,"height":546},{"@type":"BreadcrumbList","@id":"https:\/\/www.pressenza.com\/fr\/2026\/01\/ue-mercosur-abattage-total-la-colere-paysanne-sexprime-sur-le-peripherique-parisien\/#breadcrumb","itemListElement":[{"@type":"ListItem","position":1,"name":"Accueil","item":"https:\/\/www.pressenza.com\/fr\/"},{"@type":"ListItem","position":2,"name":"UE-Mercosur, abattage total : la col\u00e8re paysanne s\u2019exprime sur le p\u00e9riph\u00e9rique parisien"}]},{"@type":"WebSite","@id":"https:\/\/www.pressenza.com\/fr\/#website","url":"https:\/\/www.pressenza.com\/fr\/","name":"Pressenza","description":"International Press Agency","publisher":{"@id":"https:\/\/www.pressenza.com\/fr\/#organization"},"potentialAction":[{"@type":"SearchAction","target":{"@type":"EntryPoint","urlTemplate":"https:\/\/www.pressenza.com\/fr\/?s={search_term_string}"},"query-input":{"@type":"PropertyValueSpecification","valueRequired":true,"valueName":"search_term_string"}}],"inLanguage":"fr-FR"},{"@type":"Organization","@id":"https:\/\/www.pressenza.com\/fr\/#organization","name":"Pressenza","url":"https:\/\/www.pressenza.com\/fr\/","logo":{"@type":"ImageObject","inLanguage":"fr-FR","@id":"https:\/\/www.pressenza.com\/fr\/#\/schema\/logo\/image\/","url":"https:\/\/www.pressenza.com\/wp-content\/uploads\/2022\/10\/pressenza_logo_200x200.jpg","contentUrl":"https:\/\/www.pressenza.com\/wp-content\/uploads\/2022\/10\/pressenza_logo_200x200.jpg","width":200,"height":200,"caption":"Pressenza"},"image":{"@id":"https:\/\/www.pressenza.com\/fr\/#\/schema\/logo\/image\/"},"sameAs":["https:\/\/www.facebook.com\/PressenzaItalia","https:\/\/x.com\/PressenzaIPA"]},{"@type":"Person","@id":"https:\/\/www.pressenza.com\/fr\/#\/schema\/person\/3c9fe6670cc2cffbd37562f87b98e869","name":"R\u00e9daction France","description":"News published by the Pressenza bureau in France","sameAs":["http:\/\/www.pressenza.com\/fr"],"url":"https:\/\/www.pressenza.com\/fr\/author\/redactionfrance\/"}]}},"place":"Paris, Conf\u00e9d\u00e9ration paysanne et Soul\u00e8vements de la terre","original_article_url":"https:\/\/lessoulevementsdelaterre.org\/retour-sur-le-blocage-du-periph-en-resistance-a-laccord-mercosur-et-a-la-politique-dabattage-total","_links":{"self":[{"href":"https:\/\/www.pressenza.com\/fr\/wp-json\/wp\/v2\/posts\/2667077","targetHints":{"allow":["GET"]}}],"collection":[{"href":"https:\/\/www.pressenza.com\/fr\/wp-json\/wp\/v2\/posts"}],"about":[{"href":"https:\/\/www.pressenza.com\/fr\/wp-json\/wp\/v2\/types\/post"}],"author":[{"embeddable":true,"href":"https:\/\/www.pressenza.com\/fr\/wp-json\/wp\/v2\/users\/926"}],"replies":[{"embeddable":true,"href":"https:\/\/www.pressenza.com\/fr\/wp-json\/wp\/v2\/comments?post=2667077"}],"version-history":[{"count":7,"href":"https:\/\/www.pressenza.com\/fr\/wp-json\/wp\/v2\/posts\/2667077\/revisions"}],"predecessor-version":[{"id":2667085,"href":"https:\/\/www.pressenza.com\/fr\/wp-json\/wp\/v2\/posts\/2667077\/revisions\/2667085"}],"wp:featuredmedia":[{"embeddable":true,"href":"https:\/\/www.pressenza.com\/fr\/wp-json\/wp\/v2\/media\/2667079"}],"wp:attachment":[{"href":"https:\/\/www.pressenza.com\/fr\/wp-json\/wp\/v2\/media?parent=2667077"}],"wp:term":[{"taxonomy":"category","embeddable":true,"href":"https:\/\/www.pressenza.com\/fr\/wp-json\/wp\/v2\/categories?post=2667077"},{"taxonomy":"post_tag","embeddable":true,"href":"https:\/\/www.pressenza.com\/fr\/wp-json\/wp\/v2\/tags?post=2667077"}],"curies":[{"name":"wp","href":"https:\/\/api.w.org\/{rel}","templated":true}]}}