{"id":2666054,"date":"2026-01-06T16:51:16","date_gmt":"2026-01-06T16:51:16","guid":{"rendered":"https:\/\/www.pressenza.com\/?p=2666054"},"modified":"2026-01-06T17:18:57","modified_gmt":"2026-01-06T17:18:57","slug":"revenu-de-base-inconditionnel-et-universel-fondamental-pour-vivre-et-penser","status":"publish","type":"post","link":"https:\/\/www.pressenza.com\/fr\/2026\/01\/revenu-de-base-inconditionnel-et-universel-fondamental-pour-vivre-et-penser\/","title":{"rendered":"Revenu de base universel et inconditionnel : une condition pour vivre dignement et penser librement"},"content":{"rendered":"<p style=\"padding-left: 40px;\">Dans le cadre du 24e congr\u00e8s du R\u00e9seau mondial pour le revenu de base (RBU), qui s&rsquo;est tenu e<span dir=\"auto\"><span class=\"\" dir=\"auto\">ntre le 25 et le 29 ao\u00fbt 2025 <\/span><\/span>dans les villes de Maric\u00e1 et Niter\u00f3i, au Br\u00e9sil, j&rsquo;ai partag\u00e9 le panel \u00ab Universalit\u00e9 du revenu de base, solidarit\u00e9 \u00e9conomique et changement culturel \u00bb avec mes amis Juana P\u00e9rez Montero et S\u00e9rgio Mesquita, dont les interventions peuvent \u00eatre lues dans les articles de Pressenza :<\/p>\n<p style=\"padding-left: 40px;\"><a href=\"https:\/\/www.pressenza.com\/fr\/2025\/09\/universalite-du-revenu-de-base-solidarite-economique-et-changement-culturel\/\">Universalit\u00e9 du revenu de base, solidarit\u00e9 \u00e9conomique et changement culturel<\/a><br \/>\n<a href=\"https:\/\/www.pressenza.com\/fr\/2025\/10\/revenu-de-base-pour-hier-pas-pour-apres-demain\/\">Revenu de base \u2013 Pour hier, pas pour apr\u00e8s-demain<\/a><\/p>\n<p style=\"padding-left: 40px;\">Sans plus attendre, je vous pr\u00e9sente mon intervention lors de cette table ronde int\u00e9ressante, suivie d&rsquo;une critique non d\u00e9sir\u00e9e, mais in\u00e9vitable, des crit\u00e8res de diffusion restrictifs adopt\u00e9s par l&rsquo;organisation de l&rsquo;\u00e9v\u00e9nement en ce qui concerne sa diffusion.<\/p>\n<p><strong>Intervention<\/strong> :<\/p>\n<p>Dans les formations sociales similaires \u00e0 celle du Br\u00e9sil, la simple adoption de projets de loi ne suffit pas. Apr\u00e8s tout, m\u00eame si le S\u00e9nat br\u00e9silien a approuv\u00e9 le revenu de base citoyen en 2004, \u00e0 ce jour, plus de 20 ans plus tard, rien n&rsquo;a \u00e9t\u00e9 fait pour le mettre en place.<\/p>\n<p>Dans le capitalisme, les politiques populistes et protectionnistes coexistent, mais elles se heurtent toutes \u00e0 la priorit\u00e9 du profit. Il suffit de voir que le budget de l&rsquo;ann\u00e9e derni\u00e8re a privil\u00e9gi\u00e9 la couverture d&rsquo;une dette dont la l\u00e9gitimit\u00e9 est largement contest\u00e9e et a \u00e9t\u00e9 d\u00e9cisif pour accro\u00eetre l&rsquo;appropriation des ressources par les banquiers et les sp\u00e9culateurs. Les recettes, les investissements et les d\u00e9penses de l&rsquo;\u00c9tat br\u00e9silien peuvent \u00eatre facilement connus et v\u00e9rifi\u00e9s gr\u00e2ce au travail r\u00e9alis\u00e9 par l&rsquo;<i>Auditoria Cidad\u00e3 da D\u00edvida <\/i>(Audit citoyen de la dette) <a href=\"http:\/\/www.auditoriacidada.org.br\">www.auditoriacidada.org.br<\/a><\/p>\n<p>En ce sens, un sujet aussi important et strat\u00e9gique pour garantir la dignit\u00e9 que le revenu de base doit \u00eatre d\u00e9battu et organis\u00e9 dans l&rsquo;intelligence cognitive de la population br\u00e9silienne, qui ne dispose que de sa force de travail pour vendre et survivre.<\/p>\n<p>La puissance cr\u00e9ative humaine d\u00e9signe l\u2019activit\u00e9 du cerveau qui permet d\u2019articuler les diff\u00e9rentes formes d\u2019intelligence. \u00c9motions, pens\u00e9es, projets et actions y prennent forme. C\u2019est cette capacit\u00e9 qui distingue l\u2019\u00eatre humain : nous ne construisons pas seulement, nous pensons ce que nous construisons.Nous, les humains, animaux qui ressentons et savons, animaux vivipares, sociaux et politiques, nous ne construisons pas seulement nos maisons, mais, contrairement aux abeilles, nous sommes capables d&rsquo;y r\u00e9fl\u00e9chir avant de les cr\u00e9er.<\/p>\n<p>Il est possible d&rsquo;affirmer, selon le consensus scientifique actuel, que deux types d&rsquo;intelligence sont produits par le cerveau humain : l&rsquo;intelligence \u00e9motionnelle et l&rsquo;intelligence cognitive. Par nature, la grande majorit\u00e9 des \u00eatres humains pr\u00e9sentent les conditions biologiques n\u00e9cessaires \u00e0 leur d\u00e9veloppement, mais cela ne suffit pas. Le d\u00e9veloppement sain d&rsquo;un f\u0153tus dans l&rsquo;ut\u00e9rus d\u00e9pend du fait que la femme enceinte ne souffre pas de la faim et ne soit pas expos\u00e9e \u00e0 des situations stressantes pour ses r\u00e9seaux neuronaux, telles que la violence, l&rsquo;abandon, le ch\u00f4mage et la mis\u00e8re. D\u00e8s la naissance, il est d\u00e9j\u00e0 possible de remarquer des signes d&rsquo;intelligence \u00e9motionnelle chez le b\u00e9b\u00e9 et, sans que personne n&rsquo;ait besoin de le lui apprendre, il est capable de rire et de pleurer.<\/p>\n<p>Comme nous appartenons \u00e0 une esp\u00e8ce dont les petits sont tr\u00e8s d\u00e9pendants des soins maternels et paternels, contrairement \u00e0 ce qui se passe chez d&rsquo;autres mammif\u00e8res, le d\u00e9veloppement sain des enfants est profond\u00e9ment li\u00e9 aux conditions mat\u00e9rielles de leur famille. Le degr\u00e9 d&rsquo;acc\u00e8s aux biens et services fondamentaux aura un lien direct avec la possibilit\u00e9 de d\u00e9velopper leur intelligence cognitive, caract\u00e9ris\u00e9e par le discernement rationnel et la capacit\u00e9 de connaissance.<\/p>\n<p>Dans le mode de production capitaliste, par d\u00e9finition, les conditions mat\u00e9rielles d&rsquo;une existence digne ne sont pas garanties pour tous. Les mille difficult\u00e9s impos\u00e9es \u00e0 la classe ouvri\u00e8re emp\u00eachent la sant\u00e9 du corps et de l&rsquo;esprit, imposant de s\u00e9v\u00e8res limitations \u00e0 l&rsquo;\u00e9panouissement des intelligences subjectives. Conscient de cet impact socialement in\u00e9galitaire, le Mouvement des travailleurs ruraux sans terre a formul\u00e9 une phrase d\u00e9j\u00e0 reprise par divers secteurs actifs dans l&rsquo;am\u00e9lioration de la vie du peuple : LA VIE AVANT LE PROFIT !<\/p>\n<p>Face \u00e0 cette r\u00e9alit\u00e9 difficile, faire valoir le revenu universel et inconditionnel sera une avanc\u00e9e fondamentale pour un d\u00e9veloppement humain avec moins d&rsquo;in\u00e9galit\u00e9s.<\/p>\n<p><b>Une critique :<\/b><\/p>\n<p>Le po\u00e8te Carlos Drummond de Andrade l&rsquo;avait d\u00e9j\u00e0 affirm\u00e9 et enseign\u00e9 dans les ann\u00e9es 40 du si\u00e8cle dernier, dans son magnifique po\u00e8me <em>NOSSO TEMPO<\/em> [notre \u00e9poque] : \u00ab Les lois ne suffisent pas, les lys ne naissent pas de la loi \u00bb.<\/p>\n<p>Malheureusement, tout semble indiquer que rien n&rsquo;a \u00e9t\u00e9 appris jusqu&rsquo;\u00e0 aujourd&rsquo;hui. \u00c0 chaque instant, nous sommes confront\u00e9s \u00e0 un lac pollu\u00e9, une image qui renverse les le\u00e7ons du pass\u00e9 et \u00e0 un mode de production capitaliste qui continue de pouvoir compter, de mani\u00e8re assur\u00e9e, sur l&rsquo;\u00c9tat comme son organisateur standard.<\/p>\n<p>Nous pouvons affirmer qu&rsquo;au si\u00e8cle actuel, la preuve empirique de la po\u00e9sie profonde, critique et magnifique <em>NOSSO TEMPO<\/em>, pr\u00e9sent\u00e9e dans le recueil <i>Rosa do Povo <\/i>[rose du peuple], a encore beaucoup \u00e0 nous apprendre. Bien qu&rsquo;approuv\u00e9 par le S\u00e9nat f\u00e9d\u00e9ral au d\u00e9but du si\u00e8cle actuel, en 2004, le revenu de base n&rsquo;existe toujours pas dans la vie des gens. Il n&rsquo;y a pas de lys et la grande majorit\u00e9 des gens manquent encore de viande et de chaussures.<\/p>\n<p>Tout indique que la plupart d&rsquo;entre nous n&rsquo;ont pas encore appris la le\u00e7on. Malheureusement, un exemple de cela se manifeste dans le crit\u00e8re de diffusion adopt\u00e9 lors du 24e Congr\u00e8s du R\u00e9seau mondial du revenu de base qui s&rsquo;est tenu au Br\u00e9sil \u00e0 la fin du mois d&rsquo;ao\u00fbt, o\u00f9 il fallait payer pour participer, collaborer, avoir acc\u00e8s ou contribuer de quelque mani\u00e8re que ce soit. Ceux qui ne payaient pas ne pouvaient pas entrer, ni m\u00eame voir de loin ce qui se passait ; m\u00eame les organisations et les collectifs qui ont organis\u00e9 les conf\u00e9rences, les tables rondes ou les panels n&rsquo;ont pas pu enregistrer ce qu&rsquo;ils ont fait pour le pr\u00e9senter ult\u00e9rieurement, comme outil de formation, \u00e0 d&rsquo;autres coll\u00e8gues.<\/p>\n<p>Il ne fait aucun doute que les lys ne naissent pas des lois. Ici, au Br\u00e9sil, nous n&rsquo;avons pas de revenu minimum, bien qu&rsquo;il ait \u00e9t\u00e9 approuv\u00e9 par la loi, mais nous ne l&rsquo;avons pas non plus dans son environnement de discussion et de diffusion, nous ne l&rsquo;avons pas dans la conception des organisateurs m\u00eames de l&rsquo;\u00e9v\u00e9nement. Les organisateurs de l&rsquo;activit\u00e9, qui aurait d\u00fb viser \u00e0 \u00e9largir les connaissances, ont privil\u00e9gi\u00e9 le paiement plut\u00f4t que la construction de l&rsquo;intelligence collective.<\/p>\n<p>Gr\u00e2ce \u00e0 une unit\u00e9 large et enrichissante au sein de PRESSENZA, nous avons r\u00e9uni de multiples secteurs qui \u0153uvrent pour am\u00e9liorer la vie. L&rsquo;humanisme de cette agence, comme son nom l&rsquo;indique, \u00e9tait pr\u00e9sent et critique \u00e0 l&rsquo;\u00e9gard de ce dont nous avons \u00e9t\u00e9 t\u00e9moins.<\/p>\n<p>Nous pr\u00e9sentons le panel \u00ab Universalit\u00e9 du revenu de base, solidarit\u00e9 \u00e9conomique et changement culturel \u00bb et, dans ce processus, nous r\u00e9unissons plusieurs secteurs sociaux importants afin d&rsquo;accumuler l&rsquo;intelligence humaine, tels que le R\u00e9seau humaniste pour le revenu de base universel et inconditionnel, VIVA RIO ou l&rsquo;association Monde sans guerres et sans violence, inspir\u00e9s par des amis du MST, du mouvement syndical, du Parc d&rsquo;\u00c9tude et de R\u00e9flexion Retiro et de nombreux autres secteurs des mouvements sociaux qui, \u00e0 grande \u00e9chelle, ont \u00e9t\u00e9 mobilis\u00e9s par les organisations de la soci\u00e9t\u00e9 civile pour vivre pleinement et non pas seulement survivre.<\/p>\n<p>Il n&rsquo;a toutefois pas \u00e9t\u00e9 possible de pr\u00e9senter ce que nous faisions, et encore moins d&rsquo;enregistrer les conf\u00e9rences. On nous a refus\u00e9 l&rsquo;enregistrement d&rsquo;un beau moment d&rsquo;unification qui sert \u00e0 rassembler les forces populaires en faveur de la vie.<\/p>\n<p>En fin de compte, nous avons beaucoup \u00e0 apprendre. Nous savons d\u00e9j\u00e0 que la vie est plus importante que le profit et que l&rsquo;entrepreneuriat ne peut \u00eatre privil\u00e9gi\u00e9 au d\u00e9triment de l&rsquo;organisation populaire qui \u0153uvre en faveur de la vie. Nous ne pouvons pas r\u00e9p\u00e9ter cette erreur dans tous les domaines, car m\u00eame dans les disputes \u00e9lectorales, il n&rsquo;est pas possible que tout soit transform\u00e9 en entrepreneuriat par des secteurs au sein des partis qui se consid\u00e8rent comme \u00e9tant de gauche.<\/p>\n<p>C&rsquo;est un grand d\u00e9fi pour nous de rassembler nos forces dans chaque action et il est n\u00e9cessaire, au moins dans les organisations populaires, de faire passer la logique de la vie plut\u00f4t que la logique marchande.<\/p>\n<p>Cette formulation critique sur le 24e Congr\u00e8s mondial sur le revenu de base qui s&rsquo;est tenu dans les villes de Maric\u00e1 et Niter\u00f3i a pour objectif de nous sensibiliser \u00e0 la n\u00e9cessit\u00e9 de rassembler nos forces.<\/p>\n<p>Ici au Br\u00e9sil, pour que le revenu de base existe, nous avons besoin de cette accumulation de forces pour parvenir \u00e0 sa mise en \u0153uvre dans l&rsquo;organisation de l&rsquo;\u00c9tat. Apr\u00e8s tout, il a d\u00e9j\u00e0 \u00e9t\u00e9 approuv\u00e9, mais rien n&rsquo;a \u00e9t\u00e9 fait pour le faire exister au-del\u00e0 de la loi, hors du papier, dans la vie de millions de personnes.<\/p>\n<p>Nous voulons que cette exp\u00e9rience regrettable que nous avons v\u00e9cue nous enseigne au moins \u00e0 former une large unit\u00e9 collaborative et solidaire qui \u00e9largisse notre apprentissage et l&rsquo;intelligence populaire en d\u00e9fense de la vie, \u00e0 l&rsquo;\u00e9chelle mondiale et universelle, \u00e0 l&rsquo;image du revenu de base que, depuis Pressenza, nous d\u00e9fendons et voulons faire exister.<\/p>\n<p><strong>Voir aussi :<\/strong><\/p>\n<p><strong><a href=\"https:\/\/www.pressenza.com\/fr\/2025\/09\/universalite-du-revenu-de-base-solidarite-economique-et-changement-culturel\/\">Universalit\u00e9 du revenu de base, solidarit\u00e9 \u00e9conomique et changement culturel<\/a><\/strong><\/p>\n<p><a href=\"https:\/\/www.pressenza.com\/fr\/2025\/10\/revenu-de-base-pour-hier-pas-pour-apres-demain\/\"><strong>Revenu de base \u2013 Pour hier, pas pour apr\u00e8s-demain<\/strong><\/a><\/p>\n<p>&nbsp;<\/p>\n<p><em>Traduction : Evelyn Tischer\u00a0<\/em><\/p>\n","protected":false},"excerpt":{"rendered":"<p>Dans le cadre du 24e congr\u00e8s du R\u00e9seau mondial pour le revenu de base (RBU), qui s&rsquo;est tenu entre le 25 et le 29 ao\u00fbt 2025 dans les villes de Maric\u00e1 et Niter\u00f3i, au Br\u00e9sil, j&rsquo;ai partag\u00e9 le panel \u00ab&hellip;<\/p>\n","protected":false},"author":19,"featured_media":2656760,"comment_status":"closed","ping_status":"closed","sticky":false,"template":"","format":"standard","meta":{"footnotes":""},"categories":[98,100,1248,163,93],"tags":[149272,4193,3166,142160,2802,142158,142159],"class_list":["post-2666054","post","type-post","status-publish","format-standard","has-post-thumbnail","hentry","category-droits-de-lhomme","category-economie","category-nonviolence-sujet","category-opinion-fr","category-politique","tag-24e-congres-du-reseau-mondial-du-revenu-de-base","tag-bien","tag-bresil","tag-changement-culturel","tag-revenu-de-base","tag-revenu-universel-et-inconditionnel","tag-solidarite-economique"],"yoast_head":"<!-- This site is optimized with the Yoast SEO plugin v27.1.1 - https:\/\/yoast.com\/product\/yoast-seo-wordpress\/ -->\n<title>Revenu de base universel et inconditionnel : une condition pour vivre dignement et penser librement<\/title>\n<meta name=\"description\" content=\"Dans le cadre du 24e congr\u00e8s du R\u00e9seau mondial pour le revenu de base (RBU), qui s&#039;est tenu entre le 25 et le 29 ao\u00fbt 2025 dans les villes de Maric\u00e1 et\" \/>\n<meta name=\"robots\" content=\"index, follow, max-snippet:-1, max-image-preview:large, max-video-preview:-1\" \/>\n<link rel=\"canonical\" href=\"https:\/\/www.pressenza.com\/fr\/2026\/01\/revenu-de-base-inconditionnel-et-universel-fondamental-pour-vivre-et-penser\/\" \/>\n<meta property=\"og:locale\" content=\"fr_FR\" \/>\n<meta property=\"og:type\" content=\"article\" \/>\n<meta property=\"og:title\" content=\"Revenu de base universel et inconditionnel : une condition pour vivre dignement et penser librement\" \/>\n<meta property=\"og:description\" content=\"Dans le cadre du 24e congr\u00e8s du R\u00e9seau mondial pour le revenu de base (RBU), qui s&#039;est tenu entre le 25 et le 29 ao\u00fbt 2025 dans les villes de Maric\u00e1 et\" \/>\n<meta property=\"og:url\" content=\"https:\/\/www.pressenza.com\/fr\/2026\/01\/revenu-de-base-inconditionnel-et-universel-fondamental-pour-vivre-et-penser\/\" \/>\n<meta property=\"og:site_name\" content=\"Pressenza\" \/>\n<meta property=\"article:publisher\" content=\"https:\/\/www.facebook.com\/PressenzaItalia\" \/>\n<meta property=\"article:author\" content=\"https:\/\/www.facebook.com\/pressenza\" \/>\n<meta property=\"article:published_time\" content=\"2026-01-06T16:51:16+00:00\" \/>\n<meta property=\"article:modified_time\" content=\"2026-01-06T17:18:57+00:00\" \/>\n<meta property=\"og:image\" content=\"https:\/\/www.pressenza.com\/wp-content\/uploads\/2025\/11\/revenu-de-base-universel.jpg\" \/>\n\t<meta property=\"og:image:width\" content=\"820\" \/>\n\t<meta property=\"og:image:height\" content=\"460\" \/>\n\t<meta property=\"og:image:type\" content=\"image\/jpeg\" \/>\n<meta name=\"author\" content=\"Pressenza IPA\" \/>\n<meta name=\"twitter:card\" content=\"summary_large_image\" \/>\n<meta name=\"twitter:creator\" content=\"@PressenzaIPA\" \/>\n<meta name=\"twitter:site\" content=\"@PressenzaIPA\" \/>\n<meta name=\"twitter:label1\" content=\"\u00c9crit par\" \/>\n\t<meta name=\"twitter:data1\" content=\"Pressenza IPA\" \/>\n\t<meta name=\"twitter:label2\" content=\"Dur\u00e9e de lecture estim\u00e9e\" \/>\n\t<meta name=\"twitter:data2\" content=\"8 minutes\" \/>\n<script type=\"application\/ld+json\" class=\"yoast-schema-graph\">{\"@context\":\"https:\/\/schema.org\",\"@graph\":[{\"@type\":\"Article\",\"@id\":\"https:\/\/www.pressenza.com\/fr\/2026\/01\/revenu-de-base-inconditionnel-et-universel-fondamental-pour-vivre-et-penser\/#article\",\"isPartOf\":{\"@id\":\"https:\/\/www.pressenza.com\/fr\/2026\/01\/revenu-de-base-inconditionnel-et-universel-fondamental-pour-vivre-et-penser\/\"},\"author\":{\"name\":\"Pressenza IPA\",\"@id\":\"https:\/\/www.pressenza.com\/fr\/#\/schema\/person\/010e5d02bcf40965427a1289a4cc8d75\"},\"headline\":\"Revenu de base universel et inconditionnel : une condition pour vivre dignement et penser librement\",\"datePublished\":\"2026-01-06T16:51:16+00:00\",\"dateModified\":\"2026-01-06T17:18:57+00:00\",\"mainEntityOfPage\":{\"@id\":\"https:\/\/www.pressenza.com\/fr\/2026\/01\/revenu-de-base-inconditionnel-et-universel-fondamental-pour-vivre-et-penser\/\"},\"wordCount\":1737,\"publisher\":{\"@id\":\"https:\/\/www.pressenza.com\/fr\/#organization\"},\"image\":{\"@id\":\"https:\/\/www.pressenza.com\/fr\/2026\/01\/revenu-de-base-inconditionnel-et-universel-fondamental-pour-vivre-et-penser\/#primaryimage\"},\"thumbnailUrl\":\"https:\/\/www.pressenza.com\/wp-content\/uploads\/2025\/11\/revenu-de-base-universel.jpg\",\"keywords\":[\"24e Congr\u00e8s du R\u00e9seau mondial du revenu de base\",\"BIEN\",\"Br\u00e9sil\",\"changement culturel\",\"Revenu de base\",\"Revenu universel et inconditionnel\",\"solidarit\u00e9 \u00e9conomique\"],\"articleSection\":[\"Droits humains\",\"Economie\",\"Non-violence\",\"Opinion\",\"Politique\"],\"inLanguage\":\"fr-FR\"},{\"@type\":\"WebPage\",\"@id\":\"https:\/\/www.pressenza.com\/fr\/2026\/01\/revenu-de-base-inconditionnel-et-universel-fondamental-pour-vivre-et-penser\/\",\"url\":\"https:\/\/www.pressenza.com\/fr\/2026\/01\/revenu-de-base-inconditionnel-et-universel-fondamental-pour-vivre-et-penser\/\",\"name\":\"Revenu de base universel et inconditionnel : une condition pour vivre dignement et penser librement\",\"isPartOf\":{\"@id\":\"https:\/\/www.pressenza.com\/fr\/#website\"},\"primaryImageOfPage\":{\"@id\":\"https:\/\/www.pressenza.com\/fr\/2026\/01\/revenu-de-base-inconditionnel-et-universel-fondamental-pour-vivre-et-penser\/#primaryimage\"},\"image\":{\"@id\":\"https:\/\/www.pressenza.com\/fr\/2026\/01\/revenu-de-base-inconditionnel-et-universel-fondamental-pour-vivre-et-penser\/#primaryimage\"},\"thumbnailUrl\":\"https:\/\/www.pressenza.com\/wp-content\/uploads\/2025\/11\/revenu-de-base-universel.jpg\",\"datePublished\":\"2026-01-06T16:51:16+00:00\",\"dateModified\":\"2026-01-06T17:18:57+00:00\",\"description\":\"Dans le cadre du 24e congr\u00e8s du R\u00e9seau mondial pour le revenu de base (RBU), qui s'est tenu entre le 25 et le 29 ao\u00fbt 2025 dans les villes de Maric\u00e1 et\",\"breadcrumb\":{\"@id\":\"https:\/\/www.pressenza.com\/fr\/2026\/01\/revenu-de-base-inconditionnel-et-universel-fondamental-pour-vivre-et-penser\/#breadcrumb\"},\"inLanguage\":\"fr-FR\",\"potentialAction\":[{\"@type\":\"ReadAction\",\"target\":[\"https:\/\/www.pressenza.com\/fr\/2026\/01\/revenu-de-base-inconditionnel-et-universel-fondamental-pour-vivre-et-penser\/\"]}]},{\"@type\":\"ImageObject\",\"inLanguage\":\"fr-FR\",\"@id\":\"https:\/\/www.pressenza.com\/fr\/2026\/01\/revenu-de-base-inconditionnel-et-universel-fondamental-pour-vivre-et-penser\/#primaryimage\",\"url\":\"https:\/\/www.pressenza.com\/wp-content\/uploads\/2025\/11\/revenu-de-base-universel.jpg\",\"contentUrl\":\"https:\/\/www.pressenza.com\/wp-content\/uploads\/2025\/11\/revenu-de-base-universel.jpg\",\"width\":820,\"height\":460},{\"@type\":\"BreadcrumbList\",\"@id\":\"https:\/\/www.pressenza.com\/fr\/2026\/01\/revenu-de-base-inconditionnel-et-universel-fondamental-pour-vivre-et-penser\/#breadcrumb\",\"itemListElement\":[{\"@type\":\"ListItem\",\"position\":1,\"name\":\"Accueil\",\"item\":\"https:\/\/www.pressenza.com\/fr\/\"},{\"@type\":\"ListItem\",\"position\":2,\"name\":\"Revenu de base universel et inconditionnel : une condition pour vivre dignement et penser librement\"}]},{\"@type\":\"WebSite\",\"@id\":\"https:\/\/www.pressenza.com\/fr\/#website\",\"url\":\"https:\/\/www.pressenza.com\/fr\/\",\"name\":\"Pressenza\",\"description\":\"International Press Agency\",\"publisher\":{\"@id\":\"https:\/\/www.pressenza.com\/fr\/#organization\"},\"potentialAction\":[{\"@type\":\"SearchAction\",\"target\":{\"@type\":\"EntryPoint\",\"urlTemplate\":\"https:\/\/www.pressenza.com\/fr\/?s={search_term_string}\"},\"query-input\":{\"@type\":\"PropertyValueSpecification\",\"valueRequired\":true,\"valueName\":\"search_term_string\"}}],\"inLanguage\":\"fr-FR\"},{\"@type\":\"Organization\",\"@id\":\"https:\/\/www.pressenza.com\/fr\/#organization\",\"name\":\"Pressenza\",\"url\":\"https:\/\/www.pressenza.com\/fr\/\",\"logo\":{\"@type\":\"ImageObject\",\"inLanguage\":\"fr-FR\",\"@id\":\"https:\/\/www.pressenza.com\/fr\/#\/schema\/logo\/image\/\",\"url\":\"https:\/\/www.pressenza.com\/wp-content\/uploads\/2022\/10\/pressenza_logo_200x200.jpg\",\"contentUrl\":\"https:\/\/www.pressenza.com\/wp-content\/uploads\/2022\/10\/pressenza_logo_200x200.jpg\",\"width\":200,\"height\":200,\"caption\":\"Pressenza\"},\"image\":{\"@id\":\"https:\/\/www.pressenza.com\/fr\/#\/schema\/logo\/image\/\"},\"sameAs\":[\"https:\/\/www.facebook.com\/PressenzaItalia\",\"https:\/\/x.com\/PressenzaIPA\"]},{\"@type\":\"Person\",\"@id\":\"https:\/\/www.pressenza.com\/fr\/#\/schema\/person\/010e5d02bcf40965427a1289a4cc8d75\",\"name\":\"Pressenza IPA\",\"description\":\"News from Pressenza IPA correspondents\",\"sameAs\":[\"https:\/\/www.facebook.com\/pressenza\",\"https:\/\/x.com\/PressenzaIPA\"],\"url\":\"https:\/\/www.pressenza.com\/fr\/author\/pressenza-ipa\/\"}]}<\/script>\n<!-- \/ Yoast SEO plugin. -->","yoast_head_json":{"title":"Revenu de base universel et inconditionnel : une condition pour vivre dignement et penser librement","description":"Dans le cadre du 24e congr\u00e8s du R\u00e9seau mondial pour le revenu de base (RBU), qui s'est tenu entre le 25 et le 29 ao\u00fbt 2025 dans les villes de Maric\u00e1 et","robots":{"index":"index","follow":"follow","max-snippet":"max-snippet:-1","max-image-preview":"max-image-preview:large","max-video-preview":"max-video-preview:-1"},"canonical":"https:\/\/www.pressenza.com\/fr\/2026\/01\/revenu-de-base-inconditionnel-et-universel-fondamental-pour-vivre-et-penser\/","og_locale":"fr_FR","og_type":"article","og_title":"Revenu de base universel et inconditionnel : une condition pour vivre dignement et penser librement","og_description":"Dans le cadre du 24e congr\u00e8s du R\u00e9seau mondial pour le revenu de base (RBU), qui s'est tenu entre le 25 et le 29 ao\u00fbt 2025 dans les villes de Maric\u00e1 et","og_url":"https:\/\/www.pressenza.com\/fr\/2026\/01\/revenu-de-base-inconditionnel-et-universel-fondamental-pour-vivre-et-penser\/","og_site_name":"Pressenza","article_publisher":"https:\/\/www.facebook.com\/PressenzaItalia","article_author":"https:\/\/www.facebook.com\/pressenza","article_published_time":"2026-01-06T16:51:16+00:00","article_modified_time":"2026-01-06T17:18:57+00:00","og_image":[{"width":820,"height":460,"url":"https:\/\/www.pressenza.com\/wp-content\/uploads\/2025\/11\/revenu-de-base-universel.jpg","type":"image\/jpeg"}],"author":"Pressenza IPA","twitter_card":"summary_large_image","twitter_creator":"@PressenzaIPA","twitter_site":"@PressenzaIPA","twitter_misc":{"\u00c9crit par":"Pressenza IPA","Dur\u00e9e de lecture estim\u00e9e":"8 minutes"},"schema":{"@context":"https:\/\/schema.org","@graph":[{"@type":"Article","@id":"https:\/\/www.pressenza.com\/fr\/2026\/01\/revenu-de-base-inconditionnel-et-universel-fondamental-pour-vivre-et-penser\/#article","isPartOf":{"@id":"https:\/\/www.pressenza.com\/fr\/2026\/01\/revenu-de-base-inconditionnel-et-universel-fondamental-pour-vivre-et-penser\/"},"author":{"name":"Pressenza IPA","@id":"https:\/\/www.pressenza.com\/fr\/#\/schema\/person\/010e5d02bcf40965427a1289a4cc8d75"},"headline":"Revenu de base universel et inconditionnel : une condition pour vivre dignement et penser librement","datePublished":"2026-01-06T16:51:16+00:00","dateModified":"2026-01-06T17:18:57+00:00","mainEntityOfPage":{"@id":"https:\/\/www.pressenza.com\/fr\/2026\/01\/revenu-de-base-inconditionnel-et-universel-fondamental-pour-vivre-et-penser\/"},"wordCount":1737,"publisher":{"@id":"https:\/\/www.pressenza.com\/fr\/#organization"},"image":{"@id":"https:\/\/www.pressenza.com\/fr\/2026\/01\/revenu-de-base-inconditionnel-et-universel-fondamental-pour-vivre-et-penser\/#primaryimage"},"thumbnailUrl":"https:\/\/www.pressenza.com\/wp-content\/uploads\/2025\/11\/revenu-de-base-universel.jpg","keywords":["24e Congr\u00e8s du R\u00e9seau mondial du revenu de base","BIEN","Br\u00e9sil","changement culturel","Revenu de base","Revenu universel et inconditionnel","solidarit\u00e9 \u00e9conomique"],"articleSection":["Droits humains","Economie","Non-violence","Opinion","Politique"],"inLanguage":"fr-FR"},{"@type":"WebPage","@id":"https:\/\/www.pressenza.com\/fr\/2026\/01\/revenu-de-base-inconditionnel-et-universel-fondamental-pour-vivre-et-penser\/","url":"https:\/\/www.pressenza.com\/fr\/2026\/01\/revenu-de-base-inconditionnel-et-universel-fondamental-pour-vivre-et-penser\/","name":"Revenu de base universel et inconditionnel : une condition pour vivre dignement et penser librement","isPartOf":{"@id":"https:\/\/www.pressenza.com\/fr\/#website"},"primaryImageOfPage":{"@id":"https:\/\/www.pressenza.com\/fr\/2026\/01\/revenu-de-base-inconditionnel-et-universel-fondamental-pour-vivre-et-penser\/#primaryimage"},"image":{"@id":"https:\/\/www.pressenza.com\/fr\/2026\/01\/revenu-de-base-inconditionnel-et-universel-fondamental-pour-vivre-et-penser\/#primaryimage"},"thumbnailUrl":"https:\/\/www.pressenza.com\/wp-content\/uploads\/2025\/11\/revenu-de-base-universel.jpg","datePublished":"2026-01-06T16:51:16+00:00","dateModified":"2026-01-06T17:18:57+00:00","description":"Dans le cadre du 24e congr\u00e8s du R\u00e9seau mondial pour le revenu de base (RBU), qui s'est tenu entre le 25 et le 29 ao\u00fbt 2025 dans les villes de Maric\u00e1 et","breadcrumb":{"@id":"https:\/\/www.pressenza.com\/fr\/2026\/01\/revenu-de-base-inconditionnel-et-universel-fondamental-pour-vivre-et-penser\/#breadcrumb"},"inLanguage":"fr-FR","potentialAction":[{"@type":"ReadAction","target":["https:\/\/www.pressenza.com\/fr\/2026\/01\/revenu-de-base-inconditionnel-et-universel-fondamental-pour-vivre-et-penser\/"]}]},{"@type":"ImageObject","inLanguage":"fr-FR","@id":"https:\/\/www.pressenza.com\/fr\/2026\/01\/revenu-de-base-inconditionnel-et-universel-fondamental-pour-vivre-et-penser\/#primaryimage","url":"https:\/\/www.pressenza.com\/wp-content\/uploads\/2025\/11\/revenu-de-base-universel.jpg","contentUrl":"https:\/\/www.pressenza.com\/wp-content\/uploads\/2025\/11\/revenu-de-base-universel.jpg","width":820,"height":460},{"@type":"BreadcrumbList","@id":"https:\/\/www.pressenza.com\/fr\/2026\/01\/revenu-de-base-inconditionnel-et-universel-fondamental-pour-vivre-et-penser\/#breadcrumb","itemListElement":[{"@type":"ListItem","position":1,"name":"Accueil","item":"https:\/\/www.pressenza.com\/fr\/"},{"@type":"ListItem","position":2,"name":"Revenu de base universel et inconditionnel : une condition pour vivre dignement et penser librement"}]},{"@type":"WebSite","@id":"https:\/\/www.pressenza.com\/fr\/#website","url":"https:\/\/www.pressenza.com\/fr\/","name":"Pressenza","description":"International Press Agency","publisher":{"@id":"https:\/\/www.pressenza.com\/fr\/#organization"},"potentialAction":[{"@type":"SearchAction","target":{"@type":"EntryPoint","urlTemplate":"https:\/\/www.pressenza.com\/fr\/?s={search_term_string}"},"query-input":{"@type":"PropertyValueSpecification","valueRequired":true,"valueName":"search_term_string"}}],"inLanguage":"fr-FR"},{"@type":"Organization","@id":"https:\/\/www.pressenza.com\/fr\/#organization","name":"Pressenza","url":"https:\/\/www.pressenza.com\/fr\/","logo":{"@type":"ImageObject","inLanguage":"fr-FR","@id":"https:\/\/www.pressenza.com\/fr\/#\/schema\/logo\/image\/","url":"https:\/\/www.pressenza.com\/wp-content\/uploads\/2022\/10\/pressenza_logo_200x200.jpg","contentUrl":"https:\/\/www.pressenza.com\/wp-content\/uploads\/2022\/10\/pressenza_logo_200x200.jpg","width":200,"height":200,"caption":"Pressenza"},"image":{"@id":"https:\/\/www.pressenza.com\/fr\/#\/schema\/logo\/image\/"},"sameAs":["https:\/\/www.facebook.com\/PressenzaItalia","https:\/\/x.com\/PressenzaIPA"]},{"@type":"Person","@id":"https:\/\/www.pressenza.com\/fr\/#\/schema\/person\/010e5d02bcf40965427a1289a4cc8d75","name":"Pressenza IPA","description":"News from Pressenza IPA correspondents","sameAs":["https:\/\/www.facebook.com\/pressenza","https:\/\/x.com\/PressenzaIPA"],"url":"https:\/\/www.pressenza.com\/fr\/author\/pressenza-ipa\/"}]}},"place":"Rio de Janeiro, Br\u00e9sil","original_article_url":"","_links":{"self":[{"href":"https:\/\/www.pressenza.com\/fr\/wp-json\/wp\/v2\/posts\/2666054","targetHints":{"allow":["GET"]}}],"collection":[{"href":"https:\/\/www.pressenza.com\/fr\/wp-json\/wp\/v2\/posts"}],"about":[{"href":"https:\/\/www.pressenza.com\/fr\/wp-json\/wp\/v2\/types\/post"}],"author":[{"embeddable":true,"href":"https:\/\/www.pressenza.com\/fr\/wp-json\/wp\/v2\/users\/19"}],"replies":[{"embeddable":true,"href":"https:\/\/www.pressenza.com\/fr\/wp-json\/wp\/v2\/comments?post=2666054"}],"version-history":[{"count":4,"href":"https:\/\/www.pressenza.com\/fr\/wp-json\/wp\/v2\/posts\/2666054\/revisions"}],"predecessor-version":[{"id":2666075,"href":"https:\/\/www.pressenza.com\/fr\/wp-json\/wp\/v2\/posts\/2666054\/revisions\/2666075"}],"wp:featuredmedia":[{"embeddable":true,"href":"https:\/\/www.pressenza.com\/fr\/wp-json\/wp\/v2\/media\/2656760"}],"wp:attachment":[{"href":"https:\/\/www.pressenza.com\/fr\/wp-json\/wp\/v2\/media?parent=2666054"}],"wp:term":[{"taxonomy":"category","embeddable":true,"href":"https:\/\/www.pressenza.com\/fr\/wp-json\/wp\/v2\/categories?post=2666054"},{"taxonomy":"post_tag","embeddable":true,"href":"https:\/\/www.pressenza.com\/fr\/wp-json\/wp\/v2\/tags?post=2666054"}],"curies":[{"name":"wp","href":"https:\/\/api.w.org\/{rel}","templated":true}]}}