{"id":2662170,"date":"2025-12-18T00:48:02","date_gmt":"2025-12-18T00:48:02","guid":{"rendered":"https:\/\/www.pressenza.com\/?p=2662170"},"modified":"2025-12-18T00:49:40","modified_gmt":"2025-12-18T00:49:40","slug":"yves-engler-dune-campagne-pour-la-direction-du-npd-nouveau-parti-democratique-canadien-a-une-campagne-de-protestation","status":"publish","type":"post","link":"https:\/\/www.pressenza.com\/fr\/2025\/12\/yves-engler-dune-campagne-pour-la-direction-du-npd-nouveau-parti-democratique-canadien-a-une-campagne-de-protestation\/","title":{"rendered":"Yves Engler : d&rsquo;une campagne pour la direction du NPD Nouveau Parti d\u00e9mocratique canadien \u00e0 une campagne de protestation"},"content":{"rendered":"<p>\u00c0 la fin du 9 d\u00e9cembre 2025, un message de <a href=\"https:\/\/www.pressenza.com\/fr\/2025\/11\/yves-engler-apporter-le-bien-au-canada-et-au-monde\/\">notre campagne<\/a>, Yves Engler pour le chef du NPD, Nouveau Parti d\u00e9mocratique au Canada, atterrit dans ma bo\u00eete aux lettres: \u00ab Le NPD bloque ma candidature \u00bb.<\/p>\n<p>Il y a aussi un <a href=\"https:\/\/yvesengler.com\/2025\/12\/09\/ndp-takes-orwellian-world-view-to-deny-my-candidacy\/\">article d\u2019Yves<\/a>, citant le comit\u00e9 de v\u00e9rification: \u00abBeaucoup de vos positions publiques contredisent les engagements fondamentaux du NPD envers la d\u00e9mocratie, le droit international et la solidarit\u00e9 avec les peuples opprim\u00e9s. \u00bb<\/p>\n<p>Je suis estomaqu\u00e9: La principale chose que j\u2019admire chez Yves, la principale raison pour laquelle j\u2019ai rejoint sa campagne est pr\u00e9cis\u00e9ment sa compassion pour les peuples opprim\u00e9s, par exemple, pour Ha\u00efti et la Palestine.<\/p>\n<p>S\u2019ils avaient accus\u00e9 Yves d\u2019\u00eatre trop progressiste, trop audacieux, trop franc, je comprendrais, mais les raisons qu\u2019ils donnent me font soup\u00e7onner qu\u2019ils n\u2019ont pas lu ses <a href=\"https:\/\/yvesengler.com\/yves-books\/\">livres<\/a> et <a href=\"https:\/\/yvesengler.com\/\">ses articles<\/a>.<\/p>\n<p>Plus tard, lors de la <a href=\"https:\/\/www.youtube.com\/watch?v=_eQG-sbopQA&amp;t=86s\">conf\u00e9rence de presse<\/a> du lendemain, Yves sugg\u00e8re que, d\u00e8s le d\u00e9but, \u00ab ceux qui ont promu le g\u00e9nocide \u00e0 Gaza \u00bb ne voulaient pas qu\u2019il se pr\u00e9sente.<\/p>\n<p>Voici quelques extraits de la conf\u00e9rence de presse, l\u00e9g\u00e8rement \u00e9dit\u00e9s pour plus de clart\u00e9:<\/p>\n<p><b>Bianca Mugyenyi, volontaire de l&rsquo;\u00e9quipe de mobilisation pour la campagne Yves Engler<\/b> :<\/p>\n<blockquote><p><b><i>Nous avons construit cette campagne parce que nous savons que lorsque les gens ordinaires s\u2019organisent, l\u2019impossible devient in\u00e9vitable. \u00bb<\/i><\/b><\/p><\/blockquote>\n<p><b>L&rsquo;ancien pr\u00e9sident du STTP (Syndicat canadien des travailleurs et travailleuses des postes) Mike Palecek:<\/b><\/p>\n<blockquote><p><i>\u00ab Nous sommes ici aujourd\u2019hui non seulement pour dire que nous sommes d\u00e9\u00e7us, mais aussi pour dire que nous n\u2019acceptons pas cette d\u00e9cision. Nous pr\u00e9voyons d\u2019y r\u00e9sister par tous les moyens \u00e0 notre disposition. Et cela signifie des m\u00e9thodes traditionnelles de lutte de la classe ouvri\u00e8re.<\/i><\/p>\n<p><i>Nous protesterons. (&#8230;) Nous m\u00e8nerons des actes de d\u00e9sob\u00e9issance civile non violente. \u00bb (&#8230;) \u00ab Nous ne suspendons pas notre campagne. \u00bb<\/i><\/p><\/blockquote>\n<p><i>Le<\/i> <b>rabbin David Mivasair<\/b> d\u00e9clare que ce qui est le plus important, ce sont les id\u00e9es d\u2019Yves, comme ses <i>\u00ab critiques de l\u2019augmentation du budget militaire canadien, de la complicit\u00e9 militaire du Canada avec, par exemple Isra\u00ebl, m\u00eame avec les \u00c9tats-Unis alors qu\u2019il se pr\u00e9pare \u00e0 envahir le Venezuela peut-\u00eatre (&#8230;) ainsi que sa critique tr\u00e8s nette de continuer \u00e0 d\u00e9velopper des combustibles fossiles qui sont un d\u00e9sastre pour le monde entier \u00bb.<\/i> Il termine : <i>\u00ab Pour moi, le combat ne concerne pas tant Yves, mais les types de politiques et de la vision de notre pays et du monde que nous voulons d\u00e9fendre. \u00bb<\/i><\/p>\n<p><b>Jasmine Peardon, comit\u00e9 de politique pour la campagne Yves Engler:<\/b><\/p>\n<blockquote><p><i>\u00ab Notre engagement est envers les gens, la terre, l\u2019environnement. Je veux dire que c&rsquo;est d\u00e9vastateur pour nous et pour notre avenir; les jeunes sont tellement d\u00e9sabus\u00e9s de politique. Nous avons rarement des politiques ou des politiciens qui nous offrent quelque chose de substantiel. (&#8230;) Je ne sais pas si je peux me permettre d\u2019avoir des enfants parce que le loyer ne cesse d\u2019augmenter chaque ann\u00e9e. Le NPD n&rsquo;a pas le droit d&rsquo;\u00e9craser cette campagne. C&rsquo;est notre avenir. J\u2019ai contribu\u00e9 \u00e0<\/i> <a href=\"https:\/\/yvesforndpleader.ca\/policy\/\"><i>cette plateforme<\/i><\/a> <i>et \u00e0 la conception de ce dont je pense avoir besoin pour mon avenir et ce dont les gens autour de moi ont besoin. Et je ne veux pas \u00eatre impliqu\u00e9 dans un g\u00e9nocide (&#8230;). Donc je pr\u00e9f\u00e8re \u00eatre \u00e0 l\u2019ext\u00e9rieur de la f\u00eate avec Yves plut\u00f4t qu\u2019\u00e0 l\u2019int\u00e9rieur. \u00bb<\/i><\/p><\/blockquote>\n<p><b>Yves Engler: <\/b><\/p>\n<blockquote><p><i>Le NPD a exclu des dizaines, peut-\u00eatre une centaine de candidats au cours des 10, 20 derni\u00e8res ann\u00e9es qui ont d\u00e9clar\u00e9 qu\u2019ils croyaient que les Palestiniens \u00e9taient des \u00eatres humains \u00e9gaux. (&#8230;) Imm\u00e9diatement quand nous avons annonc\u00e9 cette candidature, ceux qui ont promu le g\u00e9nocide \u00e0 Gaza sont sortis et ont dit \u00ab NPD, ne le laissez pas courir \u00bb \u00bb.<\/i><\/p><\/blockquote>\n<p>Lors d&rsquo;une r\u00e9union Zoom, personne ne semble d\u00e9courag\u00e9. Impressions et plans sont \u00e9chang\u00e9s:<\/p>\n<blockquote><p>\u00ab \u00c0 bien des \u00e9gards, cette campagne est sur le point de commencer. \u00bb<\/p>\n<p>\u00ab Le Conseil f\u00e9d\u00e9ral du NPD peut annuler les d\u00e9cisions, \u00e9crivez-leur ! \u00bb<\/p>\n<p>\u00ab Nous continuons \u00e0 nous organiser. \u00bb<\/p><\/blockquote>\n<p>Il y a aussi une <a href=\"https:\/\/actionnetwork.org\/letters\/engler-blocked-let-the-members-decide\">p\u00e9tition<\/a> demandant que les membres du parti soient autoris\u00e9s \u00e0 choisir leur propre chef. (Yves a \u00e9t\u00e9 exclu de la course \u00e0 la direction par le <a href=\"https:\/\/www.pressenza.com\/fr\/2025\/12\/campagne-yves-engler-lumieres-et-ombres\/\">comit\u00e9 de v\u00e9rification de trois personnes<\/a> du <a href=\"https:\/\/www.pressenza.com\/2025\/12\/yves-engler-campaign-lights-and-shadows\/\">NPD<\/a>).<\/p>\n<p>Il est int\u00e9ressant de noter que le conseil municipal de Regina propose maintenant des <a href=\"https:\/\/leaderpost.com\/news\/local-news\/city-hall\/city-reveals-list-of-options-for-2026-regina-budget-cuts-to-soften-tax-increase\">compressions budg\u00e9taires optionnelles<\/a> qui valident les pr\u00e9occupations exprim\u00e9es par Jasmine lors de la conf\u00e9rence de presse. Certaines de ces r\u00e9ductions sont: \u00ab R\u00e9duire les services de transport en commun \u00bb (et il n\u2019y a d\u00e9j\u00e0 pas assez d\u2019autobus!), r\u00e9duire le d\u00e9neigement (d\u00e9j\u00e0 insuffisant), \u00e9liminer certaines installations sportives, \u00ab mettre fin au Programme d\u2019encouragement au logement, qui soutient le d\u00e9veloppement de logements abordables \u00bb (et la population de sans-abri de Regina ne cesse d\u2019augmenter).<\/p>\n<p>Je ne sais pas quel effet aura notre campagne de protestation. J\u2019esp\u00e8re que cela encouragera au moins plus de gens \u00e0 regarder notre plateforme, \u00e0 r\u00eaver et \u00e0 agir.<\/p>\n","protected":false},"excerpt":{"rendered":"<p>\u00c0 la fin du 9 d\u00e9cembre 2025, un message de notre campagne, Yves Engler pour le chef du NPD, Nouveau Parti d\u00e9mocratique au Canada, atterrit dans ma bo\u00eete aux lettres: \u00ab Le NPD bloque ma candidature \u00bb. Il y a&hellip;<\/p>\n","protected":false},"author":2564,"featured_media":2662181,"comment_status":"closed","ping_status":"closed","sticky":false,"template":"","format":"standard","meta":{"footnotes":""},"categories":[87,11386,93],"tags":[148392,146325],"class_list":["post-2662170","post","type-post","status-publish","format-standard","has-post-thumbnail","hentry","category-amerique-du-nord","category-contenu-original","category-politique","tag-npd-canadien","tag-yves-engler"],"yoast_head":"<!-- This site is optimized with the Yoast SEO plugin v27.1.1 - https:\/\/yoast.com\/product\/yoast-seo-wordpress\/ -->\n<title>Yves Engler : d&#039;une campagne pour la direction du NPD Nouveau Parti d\u00e9mocratique canadien \u00e0 une campagne de protestation<\/title>\n<meta name=\"description\" content=\"\u00c0 la fin du 9 d\u00e9cembre 2025, un message de notre campagne, Yves Engler pour le chef du NPD, Nouveau Parti d\u00e9mocratique au Canada, atterrit dans ma bo\u00eete\" \/>\n<meta name=\"robots\" content=\"index, follow, max-snippet:-1, max-image-preview:large, max-video-preview:-1\" \/>\n<link rel=\"canonical\" href=\"https:\/\/www.pressenza.com\/fr\/2025\/12\/yves-engler-dune-campagne-pour-la-direction-du-npd-nouveau-parti-democratique-canadien-a-une-campagne-de-protestation\/\" \/>\n<meta property=\"og:locale\" content=\"fr_FR\" \/>\n<meta property=\"og:type\" content=\"article\" \/>\n<meta property=\"og:title\" content=\"Yves Engler : d&#039;une campagne pour la direction du NPD Nouveau Parti d\u00e9mocratique canadien \u00e0 une campagne de protestation\" \/>\n<meta property=\"og:description\" content=\"\u00c0 la fin du 9 d\u00e9cembre 2025, un message de notre campagne, Yves Engler pour le chef du NPD, Nouveau Parti d\u00e9mocratique au Canada, atterrit dans ma bo\u00eete\" \/>\n<meta property=\"og:url\" content=\"https:\/\/www.pressenza.com\/fr\/2025\/12\/yves-engler-dune-campagne-pour-la-direction-du-npd-nouveau-parti-democratique-canadien-a-une-campagne-de-protestation\/\" \/>\n<meta property=\"og:site_name\" content=\"Pressenza\" \/>\n<meta property=\"article:publisher\" content=\"https:\/\/www.facebook.com\/PressenzaItalia\" \/>\n<meta property=\"article:published_time\" content=\"2025-12-18T00:48:02+00:00\" \/>\n<meta property=\"article:modified_time\" content=\"2025-12-18T00:49:40+00:00\" \/>\n<meta property=\"og:image\" content=\"https:\/\/www.pressenza.com\/wp-content\/uploads\/2025\/12\/Yves-Engler_.jpg\" \/>\n\t<meta property=\"og:image:width\" content=\"1082\" \/>\n\t<meta property=\"og:image:height\" content=\"1011\" \/>\n\t<meta property=\"og:image:type\" content=\"image\/jpeg\" \/>\n<meta name=\"author\" content=\"Evelyn Tischer\" \/>\n<meta name=\"twitter:card\" content=\"summary_large_image\" \/>\n<meta name=\"twitter:creator\" content=\"@PressenzaIPA\" \/>\n<meta name=\"twitter:site\" content=\"@PressenzaIPA\" \/>\n<meta name=\"twitter:label1\" content=\"\u00c9crit par\" \/>\n\t<meta name=\"twitter:data1\" content=\"Evelyn Tischer\" \/>\n\t<meta name=\"twitter:label2\" content=\"Dur\u00e9e de lecture estim\u00e9e\" \/>\n\t<meta name=\"twitter:data2\" content=\"3 minutes\" \/>\n<script type=\"application\/ld+json\" class=\"yoast-schema-graph\">{\"@context\":\"https:\/\/schema.org\",\"@graph\":[{\"@type\":\"Article\",\"@id\":\"https:\/\/www.pressenza.com\/fr\/2025\/12\/yves-engler-dune-campagne-pour-la-direction-du-npd-nouveau-parti-democratique-canadien-a-une-campagne-de-protestation\/#article\",\"isPartOf\":{\"@id\":\"https:\/\/www.pressenza.com\/fr\/2025\/12\/yves-engler-dune-campagne-pour-la-direction-du-npd-nouveau-parti-democratique-canadien-a-une-campagne-de-protestation\/\"},\"author\":{\"name\":\"Evelyn Tischer\",\"@id\":\"https:\/\/www.pressenza.com\/fr\/#\/schema\/person\/a49c523b7b5bb663cec1b5ec0973a33b\"},\"headline\":\"Yves Engler : d&rsquo;une campagne pour la direction du NPD Nouveau Parti d\u00e9mocratique canadien \u00e0 une campagne de protestation\",\"datePublished\":\"2025-12-18T00:48:02+00:00\",\"dateModified\":\"2025-12-18T00:49:40+00:00\",\"mainEntityOfPage\":{\"@id\":\"https:\/\/www.pressenza.com\/fr\/2025\/12\/yves-engler-dune-campagne-pour-la-direction-du-npd-nouveau-parti-democratique-canadien-a-une-campagne-de-protestation\/\"},\"wordCount\":891,\"publisher\":{\"@id\":\"https:\/\/www.pressenza.com\/fr\/#organization\"},\"image\":{\"@id\":\"https:\/\/www.pressenza.com\/fr\/2025\/12\/yves-engler-dune-campagne-pour-la-direction-du-npd-nouveau-parti-democratique-canadien-a-une-campagne-de-protestation\/#primaryimage\"},\"thumbnailUrl\":\"https:\/\/www.pressenza.com\/wp-content\/uploads\/2025\/12\/Yves-Engler_.jpg\",\"keywords\":[\"NPD canadien\",\"Yves Engler\"],\"articleSection\":[\"Am\u00e9rique du Nord\",\"Contenu Original\",\"Politique\"],\"inLanguage\":\"fr-FR\"},{\"@type\":\"WebPage\",\"@id\":\"https:\/\/www.pressenza.com\/fr\/2025\/12\/yves-engler-dune-campagne-pour-la-direction-du-npd-nouveau-parti-democratique-canadien-a-une-campagne-de-protestation\/\",\"url\":\"https:\/\/www.pressenza.com\/fr\/2025\/12\/yves-engler-dune-campagne-pour-la-direction-du-npd-nouveau-parti-democratique-canadien-a-une-campagne-de-protestation\/\",\"name\":\"Yves Engler : d'une campagne pour la direction du NPD Nouveau Parti d\u00e9mocratique canadien \u00e0 une campagne de protestation\",\"isPartOf\":{\"@id\":\"https:\/\/www.pressenza.com\/fr\/#website\"},\"primaryImageOfPage\":{\"@id\":\"https:\/\/www.pressenza.com\/fr\/2025\/12\/yves-engler-dune-campagne-pour-la-direction-du-npd-nouveau-parti-democratique-canadien-a-une-campagne-de-protestation\/#primaryimage\"},\"image\":{\"@id\":\"https:\/\/www.pressenza.com\/fr\/2025\/12\/yves-engler-dune-campagne-pour-la-direction-du-npd-nouveau-parti-democratique-canadien-a-une-campagne-de-protestation\/#primaryimage\"},\"thumbnailUrl\":\"https:\/\/www.pressenza.com\/wp-content\/uploads\/2025\/12\/Yves-Engler_.jpg\",\"datePublished\":\"2025-12-18T00:48:02+00:00\",\"dateModified\":\"2025-12-18T00:49:40+00:00\",\"description\":\"\u00c0 la fin du 9 d\u00e9cembre 2025, un message de notre campagne, Yves Engler pour le chef du NPD, Nouveau Parti d\u00e9mocratique au Canada, atterrit dans ma bo\u00eete\",\"breadcrumb\":{\"@id\":\"https:\/\/www.pressenza.com\/fr\/2025\/12\/yves-engler-dune-campagne-pour-la-direction-du-npd-nouveau-parti-democratique-canadien-a-une-campagne-de-protestation\/#breadcrumb\"},\"inLanguage\":\"fr-FR\",\"potentialAction\":[{\"@type\":\"ReadAction\",\"target\":[\"https:\/\/www.pressenza.com\/fr\/2025\/12\/yves-engler-dune-campagne-pour-la-direction-du-npd-nouveau-parti-democratique-canadien-a-une-campagne-de-protestation\/\"]}]},{\"@type\":\"ImageObject\",\"inLanguage\":\"fr-FR\",\"@id\":\"https:\/\/www.pressenza.com\/fr\/2025\/12\/yves-engler-dune-campagne-pour-la-direction-du-npd-nouveau-parti-democratique-canadien-a-une-campagne-de-protestation\/#primaryimage\",\"url\":\"https:\/\/www.pressenza.com\/wp-content\/uploads\/2025\/12\/Yves-Engler_.jpg\",\"contentUrl\":\"https:\/\/www.pressenza.com\/wp-content\/uploads\/2025\/12\/Yves-Engler_.jpg\",\"width\":1082,\"height\":1011},{\"@type\":\"BreadcrumbList\",\"@id\":\"https:\/\/www.pressenza.com\/fr\/2025\/12\/yves-engler-dune-campagne-pour-la-direction-du-npd-nouveau-parti-democratique-canadien-a-une-campagne-de-protestation\/#breadcrumb\",\"itemListElement\":[{\"@type\":\"ListItem\",\"position\":1,\"name\":\"Accueil\",\"item\":\"https:\/\/www.pressenza.com\/fr\/\"},{\"@type\":\"ListItem\",\"position\":2,\"name\":\"Yves Engler : d&rsquo;une campagne pour la direction du NPD Nouveau Parti d\u00e9mocratique canadien \u00e0 une campagne de protestation\"}]},{\"@type\":\"WebSite\",\"@id\":\"https:\/\/www.pressenza.com\/fr\/#website\",\"url\":\"https:\/\/www.pressenza.com\/fr\/\",\"name\":\"Pressenza\",\"description\":\"International Press Agency\",\"publisher\":{\"@id\":\"https:\/\/www.pressenza.com\/fr\/#organization\"},\"potentialAction\":[{\"@type\":\"SearchAction\",\"target\":{\"@type\":\"EntryPoint\",\"urlTemplate\":\"https:\/\/www.pressenza.com\/fr\/?s={search_term_string}\"},\"query-input\":{\"@type\":\"PropertyValueSpecification\",\"valueRequired\":true,\"valueName\":\"search_term_string\"}}],\"inLanguage\":\"fr-FR\"},{\"@type\":\"Organization\",\"@id\":\"https:\/\/www.pressenza.com\/fr\/#organization\",\"name\":\"Pressenza\",\"url\":\"https:\/\/www.pressenza.com\/fr\/\",\"logo\":{\"@type\":\"ImageObject\",\"inLanguage\":\"fr-FR\",\"@id\":\"https:\/\/www.pressenza.com\/fr\/#\/schema\/logo\/image\/\",\"url\":\"https:\/\/www.pressenza.com\/wp-content\/uploads\/2022\/10\/pressenza_logo_200x200.jpg\",\"contentUrl\":\"https:\/\/www.pressenza.com\/wp-content\/uploads\/2022\/10\/pressenza_logo_200x200.jpg\",\"width\":200,\"height\":200,\"caption\":\"Pressenza\"},\"image\":{\"@id\":\"https:\/\/www.pressenza.com\/fr\/#\/schema\/logo\/image\/\"},\"sameAs\":[\"https:\/\/www.facebook.com\/PressenzaItalia\",\"https:\/\/x.com\/PressenzaIPA\"]},{\"@type\":\"Person\",\"@id\":\"https:\/\/www.pressenza.com\/fr\/#\/schema\/person\/a49c523b7b5bb663cec1b5ec0973a33b\",\"name\":\"Evelyn Tischer\",\"description\":\"I have been trained as a mathematician and a scientist, but, for as long as I can remember, I have thought that war is a very bad thing, that it must be avoided. In the 1980's, I have been involved in UBC students for peace and disarmament, and have taken part in Vancouver's yearly walks for peace. More recently, in Regina, I have been involved in the \\\"Making Peace Vigil\\\" and in the \\\"Regina Peace Council\\\". In March 2021, I started being a translator for Pressenza. Later on, after a course on making videos with Equis Lab\/Pressenza, and a course on nonviolent journalism with Pressenza, I started making videos on peace and nonviolence for Pressenzaalc and writing articles for Pressenza.\",\"url\":\"https:\/\/www.pressenza.com\/fr\/author\/evelyn-tischer\/\"}]}<\/script>\n<!-- \/ Yoast SEO plugin. -->","yoast_head_json":{"title":"Yves Engler : d'une campagne pour la direction du NPD Nouveau Parti d\u00e9mocratique canadien \u00e0 une campagne de protestation","description":"\u00c0 la fin du 9 d\u00e9cembre 2025, un message de notre campagne, Yves Engler pour le chef du NPD, Nouveau Parti d\u00e9mocratique au Canada, atterrit dans ma bo\u00eete","robots":{"index":"index","follow":"follow","max-snippet":"max-snippet:-1","max-image-preview":"max-image-preview:large","max-video-preview":"max-video-preview:-1"},"canonical":"https:\/\/www.pressenza.com\/fr\/2025\/12\/yves-engler-dune-campagne-pour-la-direction-du-npd-nouveau-parti-democratique-canadien-a-une-campagne-de-protestation\/","og_locale":"fr_FR","og_type":"article","og_title":"Yves Engler : d'une campagne pour la direction du NPD Nouveau Parti d\u00e9mocratique canadien \u00e0 une campagne de protestation","og_description":"\u00c0 la fin du 9 d\u00e9cembre 2025, un message de notre campagne, Yves Engler pour le chef du NPD, Nouveau Parti d\u00e9mocratique au Canada, atterrit dans ma bo\u00eete","og_url":"https:\/\/www.pressenza.com\/fr\/2025\/12\/yves-engler-dune-campagne-pour-la-direction-du-npd-nouveau-parti-democratique-canadien-a-une-campagne-de-protestation\/","og_site_name":"Pressenza","article_publisher":"https:\/\/www.facebook.com\/PressenzaItalia","article_published_time":"2025-12-18T00:48:02+00:00","article_modified_time":"2025-12-18T00:49:40+00:00","og_image":[{"width":1082,"height":1011,"url":"https:\/\/www.pressenza.com\/wp-content\/uploads\/2025\/12\/Yves-Engler_.jpg","type":"image\/jpeg"}],"author":"Evelyn Tischer","twitter_card":"summary_large_image","twitter_creator":"@PressenzaIPA","twitter_site":"@PressenzaIPA","twitter_misc":{"\u00c9crit par":"Evelyn Tischer","Dur\u00e9e de lecture estim\u00e9e":"3 minutes"},"schema":{"@context":"https:\/\/schema.org","@graph":[{"@type":"Article","@id":"https:\/\/www.pressenza.com\/fr\/2025\/12\/yves-engler-dune-campagne-pour-la-direction-du-npd-nouveau-parti-democratique-canadien-a-une-campagne-de-protestation\/#article","isPartOf":{"@id":"https:\/\/www.pressenza.com\/fr\/2025\/12\/yves-engler-dune-campagne-pour-la-direction-du-npd-nouveau-parti-democratique-canadien-a-une-campagne-de-protestation\/"},"author":{"name":"Evelyn Tischer","@id":"https:\/\/www.pressenza.com\/fr\/#\/schema\/person\/a49c523b7b5bb663cec1b5ec0973a33b"},"headline":"Yves Engler : d&rsquo;une campagne pour la direction du NPD Nouveau Parti d\u00e9mocratique canadien \u00e0 une campagne de protestation","datePublished":"2025-12-18T00:48:02+00:00","dateModified":"2025-12-18T00:49:40+00:00","mainEntityOfPage":{"@id":"https:\/\/www.pressenza.com\/fr\/2025\/12\/yves-engler-dune-campagne-pour-la-direction-du-npd-nouveau-parti-democratique-canadien-a-une-campagne-de-protestation\/"},"wordCount":891,"publisher":{"@id":"https:\/\/www.pressenza.com\/fr\/#organization"},"image":{"@id":"https:\/\/www.pressenza.com\/fr\/2025\/12\/yves-engler-dune-campagne-pour-la-direction-du-npd-nouveau-parti-democratique-canadien-a-une-campagne-de-protestation\/#primaryimage"},"thumbnailUrl":"https:\/\/www.pressenza.com\/wp-content\/uploads\/2025\/12\/Yves-Engler_.jpg","keywords":["NPD canadien","Yves Engler"],"articleSection":["Am\u00e9rique du Nord","Contenu Original","Politique"],"inLanguage":"fr-FR"},{"@type":"WebPage","@id":"https:\/\/www.pressenza.com\/fr\/2025\/12\/yves-engler-dune-campagne-pour-la-direction-du-npd-nouveau-parti-democratique-canadien-a-une-campagne-de-protestation\/","url":"https:\/\/www.pressenza.com\/fr\/2025\/12\/yves-engler-dune-campagne-pour-la-direction-du-npd-nouveau-parti-democratique-canadien-a-une-campagne-de-protestation\/","name":"Yves Engler : d'une campagne pour la direction du NPD Nouveau Parti d\u00e9mocratique canadien \u00e0 une campagne de protestation","isPartOf":{"@id":"https:\/\/www.pressenza.com\/fr\/#website"},"primaryImageOfPage":{"@id":"https:\/\/www.pressenza.com\/fr\/2025\/12\/yves-engler-dune-campagne-pour-la-direction-du-npd-nouveau-parti-democratique-canadien-a-une-campagne-de-protestation\/#primaryimage"},"image":{"@id":"https:\/\/www.pressenza.com\/fr\/2025\/12\/yves-engler-dune-campagne-pour-la-direction-du-npd-nouveau-parti-democratique-canadien-a-une-campagne-de-protestation\/#primaryimage"},"thumbnailUrl":"https:\/\/www.pressenza.com\/wp-content\/uploads\/2025\/12\/Yves-Engler_.jpg","datePublished":"2025-12-18T00:48:02+00:00","dateModified":"2025-12-18T00:49:40+00:00","description":"\u00c0 la fin du 9 d\u00e9cembre 2025, un message de notre campagne, Yves Engler pour le chef du NPD, Nouveau Parti d\u00e9mocratique au Canada, atterrit dans ma bo\u00eete","breadcrumb":{"@id":"https:\/\/www.pressenza.com\/fr\/2025\/12\/yves-engler-dune-campagne-pour-la-direction-du-npd-nouveau-parti-democratique-canadien-a-une-campagne-de-protestation\/#breadcrumb"},"inLanguage":"fr-FR","potentialAction":[{"@type":"ReadAction","target":["https:\/\/www.pressenza.com\/fr\/2025\/12\/yves-engler-dune-campagne-pour-la-direction-du-npd-nouveau-parti-democratique-canadien-a-une-campagne-de-protestation\/"]}]},{"@type":"ImageObject","inLanguage":"fr-FR","@id":"https:\/\/www.pressenza.com\/fr\/2025\/12\/yves-engler-dune-campagne-pour-la-direction-du-npd-nouveau-parti-democratique-canadien-a-une-campagne-de-protestation\/#primaryimage","url":"https:\/\/www.pressenza.com\/wp-content\/uploads\/2025\/12\/Yves-Engler_.jpg","contentUrl":"https:\/\/www.pressenza.com\/wp-content\/uploads\/2025\/12\/Yves-Engler_.jpg","width":1082,"height":1011},{"@type":"BreadcrumbList","@id":"https:\/\/www.pressenza.com\/fr\/2025\/12\/yves-engler-dune-campagne-pour-la-direction-du-npd-nouveau-parti-democratique-canadien-a-une-campagne-de-protestation\/#breadcrumb","itemListElement":[{"@type":"ListItem","position":1,"name":"Accueil","item":"https:\/\/www.pressenza.com\/fr\/"},{"@type":"ListItem","position":2,"name":"Yves Engler : d&rsquo;une campagne pour la direction du NPD Nouveau Parti d\u00e9mocratique canadien \u00e0 une campagne de protestation"}]},{"@type":"WebSite","@id":"https:\/\/www.pressenza.com\/fr\/#website","url":"https:\/\/www.pressenza.com\/fr\/","name":"Pressenza","description":"International Press Agency","publisher":{"@id":"https:\/\/www.pressenza.com\/fr\/#organization"},"potentialAction":[{"@type":"SearchAction","target":{"@type":"EntryPoint","urlTemplate":"https:\/\/www.pressenza.com\/fr\/?s={search_term_string}"},"query-input":{"@type":"PropertyValueSpecification","valueRequired":true,"valueName":"search_term_string"}}],"inLanguage":"fr-FR"},{"@type":"Organization","@id":"https:\/\/www.pressenza.com\/fr\/#organization","name":"Pressenza","url":"https:\/\/www.pressenza.com\/fr\/","logo":{"@type":"ImageObject","inLanguage":"fr-FR","@id":"https:\/\/www.pressenza.com\/fr\/#\/schema\/logo\/image\/","url":"https:\/\/www.pressenza.com\/wp-content\/uploads\/2022\/10\/pressenza_logo_200x200.jpg","contentUrl":"https:\/\/www.pressenza.com\/wp-content\/uploads\/2022\/10\/pressenza_logo_200x200.jpg","width":200,"height":200,"caption":"Pressenza"},"image":{"@id":"https:\/\/www.pressenza.com\/fr\/#\/schema\/logo\/image\/"},"sameAs":["https:\/\/www.facebook.com\/PressenzaItalia","https:\/\/x.com\/PressenzaIPA"]},{"@type":"Person","@id":"https:\/\/www.pressenza.com\/fr\/#\/schema\/person\/a49c523b7b5bb663cec1b5ec0973a33b","name":"Evelyn Tischer","description":"I have been trained as a mathematician and a scientist, but, for as long as I can remember, I have thought that war is a very bad thing, that it must be avoided. In the 1980's, I have been involved in UBC students for peace and disarmament, and have taken part in Vancouver's yearly walks for peace. More recently, in Regina, I have been involved in the \"Making Peace Vigil\" and in the \"Regina Peace Council\". In March 2021, I started being a translator for Pressenza. Later on, after a course on making videos with Equis Lab\/Pressenza, and a course on nonviolent journalism with Pressenza, I started making videos on peace and nonviolence for Pressenzaalc and writing articles for Pressenza.","url":"https:\/\/www.pressenza.com\/fr\/author\/evelyn-tischer\/"}]}},"place":"Canada","original_article_url":"","_links":{"self":[{"href":"https:\/\/www.pressenza.com\/fr\/wp-json\/wp\/v2\/posts\/2662170","targetHints":{"allow":["GET"]}}],"collection":[{"href":"https:\/\/www.pressenza.com\/fr\/wp-json\/wp\/v2\/posts"}],"about":[{"href":"https:\/\/www.pressenza.com\/fr\/wp-json\/wp\/v2\/types\/post"}],"author":[{"embeddable":true,"href":"https:\/\/www.pressenza.com\/fr\/wp-json\/wp\/v2\/users\/2564"}],"replies":[{"embeddable":true,"href":"https:\/\/www.pressenza.com\/fr\/wp-json\/wp\/v2\/comments?post=2662170"}],"version-history":[{"count":2,"href":"https:\/\/www.pressenza.com\/fr\/wp-json\/wp\/v2\/posts\/2662170\/revisions"}],"predecessor-version":[{"id":2662183,"href":"https:\/\/www.pressenza.com\/fr\/wp-json\/wp\/v2\/posts\/2662170\/revisions\/2662183"}],"wp:featuredmedia":[{"embeddable":true,"href":"https:\/\/www.pressenza.com\/fr\/wp-json\/wp\/v2\/media\/2662181"}],"wp:attachment":[{"href":"https:\/\/www.pressenza.com\/fr\/wp-json\/wp\/v2\/media?parent=2662170"}],"wp:term":[{"taxonomy":"category","embeddable":true,"href":"https:\/\/www.pressenza.com\/fr\/wp-json\/wp\/v2\/categories?post=2662170"},{"taxonomy":"post_tag","embeddable":true,"href":"https:\/\/www.pressenza.com\/fr\/wp-json\/wp\/v2\/tags?post=2662170"}],"curies":[{"name":"wp","href":"https:\/\/api.w.org\/{rel}","templated":true}]}}