{"id":2661382,"date":"2025-12-15T23:00:54","date_gmt":"2025-12-15T23:00:54","guid":{"rendered":"https:\/\/www.pressenza.com\/?p=2661382"},"modified":"2025-12-16T00:05:49","modified_gmt":"2025-12-16T00:05:49","slug":"conscription-militaire-et-militarisation-leurope-face-a-de-nouveaux-defis","status":"publish","type":"post","link":"https:\/\/www.pressenza.com\/fr\/2025\/12\/conscription-militaire-et-militarisation-leurope-face-a-de-nouveaux-defis\/","title":{"rendered":"Service militaire obligatoire et militarisation : l&rsquo;Europe face \u00e0 de nouveaux d\u00e9fis"},"content":{"rendered":"<p>\u00c0 la fin des ann\u00e9es 1980, avec la chute du mur de Berlin et la dissolution du Pacte de Varsovie, l&rsquo;OTAN, les \u00c9tats-Unis et l&rsquo;Europe ont pris conscience des formidables opportunit\u00e9s qui s&rsquo;offraient \u00e0 eux pour consolider leur h\u00e9g\u00e9monie \u00e9conomique et militaire.<\/p>\n<p>En quelques ann\u00e9es, l&rsquo;OTAN a commenc\u00e9 son expansion en Europe de l&rsquo;Est et du Nord, inaugurant ce qu&rsquo;on a imprudemment appel\u00e9 une \u00ab nouvelle \u00e8re de paix \u00bb, alors qu&rsquo;une d\u00e9cennie plus tard, l&rsquo;Occident capitaliste a d\u00e9clench\u00e9 des conflits qui ont fait des millions de morts.<\/p>\n<p>Dans ce contexte historique, le service militaire obligatoire \u00e9tait un vestige du si\u00e8cle pr\u00e9c\u00e9dent ; une arm\u00e9e professionnelle \u00e9tait n\u00e9cessaire, moins nombreuse mais op\u00e9rationnelle pour des op\u00e9rations dans diff\u00e9rentes parties du monde. C\u2019est pourquoi de nombreux pays d\u00e9cid\u00e8rent de suspendre le service militaire obligatoire, le gelant dans l\u2019attente de l\u2019\u00e9volution de la situation.<\/p>\n<p>Le conflit entre la Russie et l\u2019Ukraine nous ram\u00e8ne dans le pass\u00e9, et il ne fait aucun doute que les signes d\u2019une guerre imminente se font sentir, \u00e9tant donn\u00e9 que la <i>Bundeswehr<\/i> (forces arm\u00e9es allemandes) a r\u00e9dig\u00e9 un document exhaustif, rendu public ces derniers jours, d\u00e9taillant un affrontement avec la Russie dans les moindres d\u00e9tails.<\/p>\n<p>Le<i> Wall Street Journal <\/i>a \u00e9voqu\u00e9 ce document, et un passage, \u00e9galement cit\u00e9 par<i> Il Fatto Quotidiano<\/i> dans son \u00e9dition du 29 novembre, traite de la n\u00e9cessit\u00e9 de d\u00e9ployer jusqu&rsquo;\u00e0 800 000 soldats de l&rsquo;OTAN \u00e0 la fronti\u00e8re russe.<\/p>\n<p>Ce d\u00e9ploiement \u00e0 lui seul exige un r\u00e9seau ferroviaire, routier, portuaire et a\u00e9roportuaire op\u00e9rationnel, ainsi qu&rsquo;un r\u00e9seau logistique et d&rsquo;infrastructures modernis\u00e9 pour les besoins d&rsquo;un conflit arm\u00e9. Au lieu de l&rsquo;entretien des terres, nous avons un plan logistique aux investissements colossaux. Voil\u00e0 un exemple concret de la mani\u00e8re dont ce que l&rsquo;on appelle une \u00e9conomie de guerre prend (litt\u00e9ralement) son essor.<\/p>\n<p>Logique et strat\u00e9gies de la Guerre froide, une intervention essentielle car d&rsquo;innombrables voies de communication sont impropres au transport d&rsquo;armes, et le r\u00e9seau ferroviaire a depuis longtemps besoin d&rsquo;investissements et de modernisation.<\/p>\n<p>Si certains plaisantaient au sujet des d\u00e9clarations de Crosetto [NdT: Crosetto est le ministre de la d\u00e9fense en Italie] concernant le danger des attaques hybrides, ils devront bient\u00f4t revoir leur jugement, \u00e9tant donn\u00e9 qu&rsquo;un projet de loi sur les soldats volontaires est sur le point d&rsquo;\u00eatre pr\u00e9sent\u00e9 au Parlement.<\/p>\n<p>Il n&rsquo;est pas encore question de service militaire obligatoire, mais de nombreux moyens existent pour recruter suffisamment de soldats et inciter les jeunes \u00e0 s&rsquo;engager. Les autorit\u00e9s interviendront notamment sur les conditions d&#8217;emploi et de protection sociale. Par exemple, les militaires pourraient b\u00e9n\u00e9ficier d&rsquo;exemptions et d&rsquo;aides \u00e0 la retraite anticip\u00e9e, ce qui valoriserait davantage leurs cotisations que celles de toute autre cat\u00e9gorie : en th\u00e9orie, 30 ans de service militaire pourraient \u00e9quivaloir \u00e0 43 ans de cotisations, leur permettant ainsi de percevoir une pension \u00e9lev\u00e9e malgr\u00e9 une dur\u00e9e de cotisation inf\u00e9rieure de dix ans, voire plus. Ces derniers mois, des discussions ont eu lieu concernant la mise en place d&rsquo;aides sociales et d&rsquo;un programme de logement pour les militaires, ainsi que l&rsquo;augmentation de leur solde. Toutes ces options sont actuellement \u00e0 l&rsquo;\u00e9tude par le gouvernement.<\/p>\n<p>Il est donc imp\u00e9ratif d&rsquo;aborder la question dans toute sa complexit\u00e9, car une interpr\u00e9tation partielle des faits est impossible : il ne suffit pas de parler d&rsquo;un afflux massif d&rsquo;argent des civils vers l&rsquo;arm\u00e9e, ni de mani\u00e8re g\u00e9n\u00e9rale d&rsquo;\u00e9conomie de guerre ; derri\u00e8re l&rsquo;augmentation des effectifs se cachent d&rsquo;innombrables choix.<\/p>\n<p>En Allemagne, la conscription a d\u00e9j\u00e0 \u00e9t\u00e9 r\u00e9introduite, sur la base du volontariat, et pourrait devenir obligatoire si les effectifs escompt\u00e9s ne sont pas atteints. En France, un service national volontaire de dix mois, pr\u00e9vu pour 2026, a d\u00e9j\u00e0 \u00e9t\u00e9 envisag\u00e9. L&rsquo;objectif est d&rsquo;atteindre 50 000 personnes en dix ans, en plus des forces arm\u00e9es professionnelles.<\/p>\n<p>Ces derni\u00e8res ann\u00e9es, l\u2019Observatoire contre la militarisation des \u00e9coles et des universit\u00e9s a d\u00e9nonc\u00e9 la pr\u00e9sence de militaires dans les \u00e9tablissements scolaires, le recrutement id\u00e9ologique, la glorification de la vie en uniforme, les \u00e9coles militaires, les camps d\u2019\u00e9t\u00e9 organis\u00e9s par des associations li\u00e9es aux diff\u00e9rentes forces arm\u00e9es, les fondations culturelles et scientifiques affili\u00e9es \u00e0 des entreprises militaires \u2013 un travail de catalogage syst\u00e9matique qui a suscit\u00e9 le sarcasme de ceux qui ignorent la r\u00e9alit\u00e9.<\/p>\n<p>La pr\u00e9sence massive de militaires avait un but bien pr\u00e9cis : ils ont un avantage certain sur les utilisateurs cr\u00e9dules des r\u00e9seaux sociaux. Ils lisent, \u00e9tudient, poss\u00e8dent des documents strat\u00e9giques et agissent longtemps \u00e0 l&rsquo;avance pour pr\u00e9parer le terrain. Historiquement, la pr\u00e9sence militaire dans les \u00e9coles a toujours favoris\u00e9 un climat de guerre, une culture militariste ; un peu de lecture serait accessible \u00e0 tous.<\/p>\n<p>Ce qui se passe en France peut servir de mod\u00e8le pour notre pays. Alors qu&rsquo;en Allemagne, on parle ouvertement de conscription obligatoire, dans ces deux pays, elle est pour l&rsquo;instant volontaire. Dans quelques semaines, nous prendrons connaissance du texte int\u00e9gral de la loi ; en attendant, la pr\u00e9sence militaire dans les \u00e9coles, en vue du futur recrutement des jeunes, va s&rsquo;intensifier.<\/p>\n<p>Si jusqu&rsquo;ici nous n&rsquo;avons \u00e9voqu\u00e9 que la France, l&rsquo;Italie et l&rsquo;Allemagne, il convient de noter que de nombreux pays d&rsquo;Europe du Nord conservent des syst\u00e8mes de conscription partiellement obligatoires, h\u00e9rit\u00e9s de la Guerre froide. Plusieurs nations ont recours au volontariat, mais leur l\u00e9gislation nationale pr\u00e9voit la conscription obligatoire en cas de besoin.<\/p>\n<p>En Pologne, premier pays de l&rsquo;Est \u00e0 avoir atteint 5 % de son PIB en d\u00e9penses militaires, la formation de base, d&rsquo;une dur\u00e9e de plus d&rsquo;un mois, est volontaire et suivie de p\u00e9riodes de sp\u00e9cialisation plus longues. Et pour justifier une nouvelle militarisation, pour pr\u00e9parer le terrain \u00e0 l&rsquo;av\u00e8nement g\u00e9n\u00e9ralis\u00e9 d&rsquo;une \u00e9conomie de guerre, on entend de nouveau parler de l&rsquo;urgence pour l&rsquo;UE de se doter d&rsquo;une arm\u00e9e commune et, plus important encore, d&rsquo;un syst\u00e8me militaire capable d&rsquo;unifier les efforts militaires du continent, les emp\u00eachant ainsi d&rsquo;\u00eatre absorb\u00e9s par le syst\u00e8me am\u00e9ricain.<\/p>\n<p>Les sc\u00e9narios sont multiples, et nous nous engageons \u00e0 les faire conna\u00eetre \u00e0 ceux qui serviront de chair \u00e0 canon dans les guerres futures \u2013 une t\u00e2che ardue, surtout en ces temps difficiles.<\/p>\n<p>Federico Giusti<\/p>\n<p>&nbsp;<\/p>\n<p>En tant qu&rsquo;Observatoire contre la militarisation des \u00e9coles et des universit\u00e9s, nous nous sommes fix\u00e9 un objectif d\u00e8s le d\u00e9but de notre engagement : rompre avec la normalisation des relations entre les \u00e9coles et l&rsquo;arm\u00e9e, c&rsquo;est-\u00e0-dire changer le discours qui voyait les \u00e9coles se vanter de projets men\u00e9s en collaboration avec les forces de l&rsquo;ordre ou l&rsquo;arm\u00e9e.<\/p>\n<p>Aujourd&rsquo;hui, (en Italie) nous sommes heureux de constater que trois de ces \u00e9v\u00e9nements ont \u00e9t\u00e9 annul\u00e9s suite \u00e0 la pression de la soci\u00e9t\u00e9 civile.<\/p>\n<p>Le premier a eu lieu il y a quelques jours \u00e0 La Spezia, o\u00f9 un g\u00e9n\u00e9ral de l&rsquo;Arm\u00e9e Folgore devait donner une conf\u00e9rence g\u00e9opolitique \u00e0 des lyc\u00e9ens intitul\u00e9e \u00ab L&rsquo;histoire n&rsquo;est pas termin\u00e9e\u2026 \u00bb. La crainte des manifestations anticip\u00e9es et l&rsquo;intervention rapide des \u00e9tablissements scolaires et des enseignants pour emp\u00eacher ces derniers d&rsquo;accompagner leurs classes ont conduit \u00e0 l&rsquo;annulation de l&rsquo;\u00e9v\u00e9nement, \u00ab pour des raisons d&rsquo;organisation \u00bb, selon leurs d\u00e9clarations.<\/p>\n<p>Le second cas concerne Udine, o\u00f9, le 2 d\u00e9cembre 2025, des enseignants du coll\u00e8ge \u00ab G. Ellero \u00bb devaient participer \u00e0 une \u00ab simulation d&rsquo;interaction entre le milieu scolaire et les acteurs de la d\u00e9fense civile \u00e0 l&rsquo;\u00e9tranger, dans le cadre d&rsquo;op\u00e9rations de coop\u00e9ration civilo-militaire en soutien aux contingents de l&rsquo;OTAN \u00bb.<\/p>\n<p>Or, cette initiative faisait suite \u00e0 une recommandation du Parlement europ\u00e9en du 26 mars 2025, qui soulignait la n\u00e9cessit\u00e9 de former les enseignants aux questions de s\u00e9curit\u00e9 et pr\u00e9voyait donc un exercice impliquant des v\u00e9hicules militaires dans la cour de r\u00e9cr\u00e9ation. L&rsquo;AVS [Alliance des Verts et de la Gauche] a d\u00e9pos\u00e9 une question parlementaire sur l&rsquo;incident d&rsquo;Udine, et l&rsquo;initiative a \u00e9t\u00e9 annul\u00e9e.<\/p>\n<p>Le troisi\u00e8me cas concerne l&rsquo;universit\u00e9, en l&rsquo;occurrence l&rsquo;Universit\u00e9 de Bologne. Le g\u00e9n\u00e9ral Masiello avait demand\u00e9 \u00e0 son Alma Mater d&rsquo;organiser un cours de philosophie pour un groupe de 10 \u00e0 15 militaires afin de \u00ab d\u00e9velopper leur pens\u00e9e lat\u00e9rale \u00bb. Or, les professeurs de l&rsquo;Universit\u00e9 de Bologne, d\u00e9j\u00e0 bien avanc\u00e9s dans le processus de sensibilisation et de d\u00e9militarisation des institutions \u00e9ducatives, notamment gr\u00e2ce \u00e0 la lutte men\u00e9e par les \u00e9tudiants, ont refus\u00e9, et le cours n&rsquo;a pas eu lieu.<\/p>\n<p>Que nous apprennent ces trois \u00e9v\u00e9nements ? Ils t\u00e9moignent assur\u00e9ment de trois victoires, loin d&rsquo;\u00eatre acquises et, de fait, rest\u00e9es lettre morte jusqu&rsquo;\u00e0 pr\u00e9sent. Mais ils nous apprennent aussi que la diffusion d&rsquo;une \u00ab culture de la d\u00e9fense \u00bb doit se faire progressivement et discr\u00e8tement ; les d\u00e9g\u00e2ts que peuvent causer les manifestations publiques sont consid\u00e9rables, et les bellicistes le savent bien et pr\u00e9f\u00e8rent reculer lorsqu&rsquo;ils prennent conscience des cons\u00e9quences n\u00e9fastes qu&rsquo;ils pourraient subir.<\/p>\n<p>Si la culture de la d\u00e9fense doit se diffuser lentement et discr\u00e8tement, chers seigneurs de guerre, nous continuerons \u00e0 faire du bruit et \u00e0 nous r\u00e9jouir de chacune de vos retraites strat\u00e9giques !<\/p>\n<p>Serena Tusini<\/p>\n<p>&nbsp;<\/p>\n<p><em>Traduction, Evelyn Tischer<\/em><\/p>\n","protected":false},"excerpt":{"rendered":"<p>\u00c0 la fin des ann\u00e9es 1980, avec la chute du mur de Berlin et la dissolution du Pacte de Varsovie, l&rsquo;OTAN, les \u00c9tats-Unis et l&rsquo;Europe ont pris conscience des formidables opportunit\u00e9s qui s&rsquo;offraient \u00e0 eux pour consolider leur h\u00e9g\u00e9monie \u00e9conomique&hellip;<\/p>\n","protected":false},"author":2442,"featured_media":1584114,"comment_status":"closed","ping_status":"closed","sticky":false,"template":"","format":"standard","meta":{"footnotes":""},"categories":[1250,93],"tags":[145321,68633,88425],"class_list":["post-2661382","post","type-post","status-publish","format-standard","has-post-thumbnail","hentry","category-paix-desarmement","category-politique","tag-conscription","tag-service-militaire","tag-service-militaire-obligatoire"],"yoast_head":"<!-- This site is optimized with the Yoast SEO plugin v27.1.1 - https:\/\/yoast.com\/product\/yoast-seo-wordpress\/ -->\n<title>Service militaire obligatoire et militarisation : l&#039;Europe face \u00e0 de nouveaux d\u00e9fis<\/title>\n<meta name=\"description\" content=\"\u00c0 la fin des ann\u00e9es 1980, avec la chute du mur de Berlin et la dissolution du Pacte de Varsovie, l&#039;OTAN, les \u00c9tats-Unis et l&#039;Europe ont pris conscience\" \/>\n<meta name=\"robots\" content=\"index, follow, max-snippet:-1, max-image-preview:large, max-video-preview:-1\" \/>\n<link rel=\"canonical\" href=\"https:\/\/www.pressenza.com\/fr\/2025\/12\/conscription-militaire-et-militarisation-leurope-face-a-de-nouveaux-defis\/\" \/>\n<meta property=\"og:locale\" content=\"fr_FR\" \/>\n<meta property=\"og:type\" content=\"article\" \/>\n<meta property=\"og:title\" content=\"Service militaire obligatoire et militarisation : l&#039;Europe face \u00e0 de nouveaux d\u00e9fis\" \/>\n<meta property=\"og:description\" content=\"\u00c0 la fin des ann\u00e9es 1980, avec la chute du mur de Berlin et la dissolution du Pacte de Varsovie, l&#039;OTAN, les \u00c9tats-Unis et l&#039;Europe ont pris conscience\" \/>\n<meta property=\"og:url\" content=\"https:\/\/www.pressenza.com\/fr\/2025\/12\/conscription-militaire-et-militarisation-leurope-face-a-de-nouveaux-defis\/\" \/>\n<meta property=\"og:site_name\" content=\"Pressenza\" \/>\n<meta property=\"article:publisher\" content=\"https:\/\/www.facebook.com\/PressenzaItalia\" \/>\n<meta property=\"article:author\" content=\"https:\/\/www.facebook.com\/OsservatorioNOMS\" \/>\n<meta property=\"article:published_time\" content=\"2025-12-15T23:00:54+00:00\" \/>\n<meta property=\"article:modified_time\" content=\"2025-12-16T00:05:49+00:00\" \/>\n<meta property=\"og:image\" content=\"https:\/\/www.pressenza.com\/wp-content\/uploads\/2022\/05\/obiezione-di-coscienza.jpg\" \/>\n\t<meta property=\"og:image:width\" content=\"420\" \/>\n\t<meta property=\"og:image:height\" content=\"235\" \/>\n\t<meta property=\"og:image:type\" content=\"image\/jpeg\" \/>\n<meta name=\"author\" content=\"Osservatorio contro la militarizzazione delle scuole e delle universit\u00e0\" \/>\n<meta name=\"twitter:card\" content=\"summary_large_image\" \/>\n<meta name=\"twitter:creator\" content=\"@ossnomiliscuole\" \/>\n<meta name=\"twitter:site\" content=\"@PressenzaIPA\" \/>\n<meta name=\"twitter:label1\" content=\"\u00c9crit par\" \/>\n\t<meta name=\"twitter:data1\" content=\"Osservatorio contro la militarizzazione delle scuole e delle universit\u00e0\" \/>\n\t<meta name=\"twitter:label2\" content=\"Dur\u00e9e de lecture estim\u00e9e\" \/>\n\t<meta name=\"twitter:data2\" content=\"8 minutes\" \/>\n<script type=\"application\/ld+json\" class=\"yoast-schema-graph\">{\"@context\":\"https:\/\/schema.org\",\"@graph\":[{\"@type\":\"Article\",\"@id\":\"https:\/\/www.pressenza.com\/fr\/2025\/12\/conscription-militaire-et-militarisation-leurope-face-a-de-nouveaux-defis\/#article\",\"isPartOf\":{\"@id\":\"https:\/\/www.pressenza.com\/fr\/2025\/12\/conscription-militaire-et-militarisation-leurope-face-a-de-nouveaux-defis\/\"},\"author\":{\"name\":\"Osservatorio contro la militarizzazione delle scuole e delle universit\u00e0\",\"@id\":\"https:\/\/www.pressenza.com\/fr\/#\/schema\/person\/fdf1ddd63c086a63e7faf4c9680c82e8\"},\"headline\":\"Service militaire obligatoire et militarisation : l&rsquo;Europe face \u00e0 de nouveaux d\u00e9fis\",\"datePublished\":\"2025-12-15T23:00:54+00:00\",\"dateModified\":\"2025-12-16T00:05:49+00:00\",\"mainEntityOfPage\":{\"@id\":\"https:\/\/www.pressenza.com\/fr\/2025\/12\/conscription-militaire-et-militarisation-leurope-face-a-de-nouveaux-defis\/\"},\"wordCount\":1662,\"publisher\":{\"@id\":\"https:\/\/www.pressenza.com\/fr\/#organization\"},\"image\":{\"@id\":\"https:\/\/www.pressenza.com\/fr\/2025\/12\/conscription-militaire-et-militarisation-leurope-face-a-de-nouveaux-defis\/#primaryimage\"},\"thumbnailUrl\":\"https:\/\/www.pressenza.com\/wp-content\/uploads\/2022\/05\/obiezione-di-coscienza.jpg\",\"keywords\":[\"Conscription\",\"service militaire\",\"service militaire obligatoire\"],\"articleSection\":[\"Paix et D\u00e9sarmement\",\"Politique\"],\"inLanguage\":\"fr-FR\"},{\"@type\":\"WebPage\",\"@id\":\"https:\/\/www.pressenza.com\/fr\/2025\/12\/conscription-militaire-et-militarisation-leurope-face-a-de-nouveaux-defis\/\",\"url\":\"https:\/\/www.pressenza.com\/fr\/2025\/12\/conscription-militaire-et-militarisation-leurope-face-a-de-nouveaux-defis\/\",\"name\":\"Service militaire obligatoire et militarisation : l'Europe face \u00e0 de nouveaux d\u00e9fis\",\"isPartOf\":{\"@id\":\"https:\/\/www.pressenza.com\/fr\/#website\"},\"primaryImageOfPage\":{\"@id\":\"https:\/\/www.pressenza.com\/fr\/2025\/12\/conscription-militaire-et-militarisation-leurope-face-a-de-nouveaux-defis\/#primaryimage\"},\"image\":{\"@id\":\"https:\/\/www.pressenza.com\/fr\/2025\/12\/conscription-militaire-et-militarisation-leurope-face-a-de-nouveaux-defis\/#primaryimage\"},\"thumbnailUrl\":\"https:\/\/www.pressenza.com\/wp-content\/uploads\/2022\/05\/obiezione-di-coscienza.jpg\",\"datePublished\":\"2025-12-15T23:00:54+00:00\",\"dateModified\":\"2025-12-16T00:05:49+00:00\",\"description\":\"\u00c0 la fin des ann\u00e9es 1980, avec la chute du mur de Berlin et la dissolution du Pacte de Varsovie, l'OTAN, les \u00c9tats-Unis et l'Europe ont pris conscience\",\"breadcrumb\":{\"@id\":\"https:\/\/www.pressenza.com\/fr\/2025\/12\/conscription-militaire-et-militarisation-leurope-face-a-de-nouveaux-defis\/#breadcrumb\"},\"inLanguage\":\"fr-FR\",\"potentialAction\":[{\"@type\":\"ReadAction\",\"target\":[\"https:\/\/www.pressenza.com\/fr\/2025\/12\/conscription-militaire-et-militarisation-leurope-face-a-de-nouveaux-defis\/\"]}]},{\"@type\":\"ImageObject\",\"inLanguage\":\"fr-FR\",\"@id\":\"https:\/\/www.pressenza.com\/fr\/2025\/12\/conscription-militaire-et-militarisation-leurope-face-a-de-nouveaux-defis\/#primaryimage\",\"url\":\"https:\/\/www.pressenza.com\/wp-content\/uploads\/2022\/05\/obiezione-di-coscienza.jpg\",\"contentUrl\":\"https:\/\/www.pressenza.com\/wp-content\/uploads\/2022\/05\/obiezione-di-coscienza.jpg\",\"width\":420,\"height\":235,\"caption\":\"Manifestazione a Roma per il riconoscimento della ODC al servizio militare 13-6-1970\"},{\"@type\":\"BreadcrumbList\",\"@id\":\"https:\/\/www.pressenza.com\/fr\/2025\/12\/conscription-militaire-et-militarisation-leurope-face-a-de-nouveaux-defis\/#breadcrumb\",\"itemListElement\":[{\"@type\":\"ListItem\",\"position\":1,\"name\":\"Accueil\",\"item\":\"https:\/\/www.pressenza.com\/fr\/\"},{\"@type\":\"ListItem\",\"position\":2,\"name\":\"Service militaire obligatoire et militarisation : l&rsquo;Europe face \u00e0 de nouveaux d\u00e9fis\"}]},{\"@type\":\"WebSite\",\"@id\":\"https:\/\/www.pressenza.com\/fr\/#website\",\"url\":\"https:\/\/www.pressenza.com\/fr\/\",\"name\":\"Pressenza\",\"description\":\"International Press Agency\",\"publisher\":{\"@id\":\"https:\/\/www.pressenza.com\/fr\/#organization\"},\"potentialAction\":[{\"@type\":\"SearchAction\",\"target\":{\"@type\":\"EntryPoint\",\"urlTemplate\":\"https:\/\/www.pressenza.com\/fr\/?s={search_term_string}\"},\"query-input\":{\"@type\":\"PropertyValueSpecification\",\"valueRequired\":true,\"valueName\":\"search_term_string\"}}],\"inLanguage\":\"fr-FR\"},{\"@type\":\"Organization\",\"@id\":\"https:\/\/www.pressenza.com\/fr\/#organization\",\"name\":\"Pressenza\",\"url\":\"https:\/\/www.pressenza.com\/fr\/\",\"logo\":{\"@type\":\"ImageObject\",\"inLanguage\":\"fr-FR\",\"@id\":\"https:\/\/www.pressenza.com\/fr\/#\/schema\/logo\/image\/\",\"url\":\"https:\/\/www.pressenza.com\/wp-content\/uploads\/2022\/10\/pressenza_logo_200x200.jpg\",\"contentUrl\":\"https:\/\/www.pressenza.com\/wp-content\/uploads\/2022\/10\/pressenza_logo_200x200.jpg\",\"width\":200,\"height\":200,\"caption\":\"Pressenza\"},\"image\":{\"@id\":\"https:\/\/www.pressenza.com\/fr\/#\/schema\/logo\/image\/\"},\"sameAs\":[\"https:\/\/www.facebook.com\/PressenzaItalia\",\"https:\/\/x.com\/PressenzaIPA\"]},{\"@type\":\"Person\",\"@id\":\"https:\/\/www.pressenza.com\/fr\/#\/schema\/person\/fdf1ddd63c086a63e7faf4c9680c82e8\",\"name\":\"Osservatorio contro la militarizzazione delle scuole e delle universit\u00e0\",\"description\":\"L\u2019Osservatorio contro la militarizzazione delle scuole e delle universit\u00e0 nasce per monitorare e denunciare l\u2019attivit\u00e0 di militarizzazione nelle scuole e, in un secondo momento, anche delle universit\u00e0. L\u2019iniziativa \u00e8 nata in seguito ad una serie di convegni promossi dal CESP (Centro Studi per la Scuola Pubblica), finalizzati a denunciare il costante incremento delle spese militari e della circolazione di armi in un contesto internazionale nel quale la guerra nucleare pi\u00f9 che mai si profila purtroppo come possibile nefasto orizzonte. Fanno parte dell\u2019Osservatorio contro la militarizzazione delle scuole e delle universit\u00e0 numerose associazioni e singole persone.\",\"sameAs\":[\"https:\/\/osservatorionomilscuola.com\/\",\"https:\/\/www.facebook.com\/OsservatorioNOMS\",\"https:\/\/www.instagram.com\/osservatorionomili\/\",\"https:\/\/x.com\/ossnomiliscuole\"],\"url\":\"https:\/\/www.pressenza.com\/fr\/author\/oss_mil_scuole\/\"}]}<\/script>\n<!-- \/ Yoast SEO plugin. -->","yoast_head_json":{"title":"Service militaire obligatoire et militarisation : l'Europe face \u00e0 de nouveaux d\u00e9fis","description":"\u00c0 la fin des ann\u00e9es 1980, avec la chute du mur de Berlin et la dissolution du Pacte de Varsovie, l'OTAN, les \u00c9tats-Unis et l'Europe ont pris conscience","robots":{"index":"index","follow":"follow","max-snippet":"max-snippet:-1","max-image-preview":"max-image-preview:large","max-video-preview":"max-video-preview:-1"},"canonical":"https:\/\/www.pressenza.com\/fr\/2025\/12\/conscription-militaire-et-militarisation-leurope-face-a-de-nouveaux-defis\/","og_locale":"fr_FR","og_type":"article","og_title":"Service militaire obligatoire et militarisation : l'Europe face \u00e0 de nouveaux d\u00e9fis","og_description":"\u00c0 la fin des ann\u00e9es 1980, avec la chute du mur de Berlin et la dissolution du Pacte de Varsovie, l'OTAN, les \u00c9tats-Unis et l'Europe ont pris conscience","og_url":"https:\/\/www.pressenza.com\/fr\/2025\/12\/conscription-militaire-et-militarisation-leurope-face-a-de-nouveaux-defis\/","og_site_name":"Pressenza","article_publisher":"https:\/\/www.facebook.com\/PressenzaItalia","article_author":"https:\/\/www.facebook.com\/OsservatorioNOMS","article_published_time":"2025-12-15T23:00:54+00:00","article_modified_time":"2025-12-16T00:05:49+00:00","og_image":[{"width":420,"height":235,"url":"https:\/\/www.pressenza.com\/wp-content\/uploads\/2022\/05\/obiezione-di-coscienza.jpg","type":"image\/jpeg"}],"author":"Osservatorio contro la militarizzazione delle scuole e delle universit\u00e0","twitter_card":"summary_large_image","twitter_creator":"@ossnomiliscuole","twitter_site":"@PressenzaIPA","twitter_misc":{"\u00c9crit par":"Osservatorio contro la militarizzazione delle scuole e delle universit\u00e0","Dur\u00e9e de lecture estim\u00e9e":"8 minutes"},"schema":{"@context":"https:\/\/schema.org","@graph":[{"@type":"Article","@id":"https:\/\/www.pressenza.com\/fr\/2025\/12\/conscription-militaire-et-militarisation-leurope-face-a-de-nouveaux-defis\/#article","isPartOf":{"@id":"https:\/\/www.pressenza.com\/fr\/2025\/12\/conscription-militaire-et-militarisation-leurope-face-a-de-nouveaux-defis\/"},"author":{"name":"Osservatorio contro la militarizzazione delle scuole e delle universit\u00e0","@id":"https:\/\/www.pressenza.com\/fr\/#\/schema\/person\/fdf1ddd63c086a63e7faf4c9680c82e8"},"headline":"Service militaire obligatoire et militarisation : l&rsquo;Europe face \u00e0 de nouveaux d\u00e9fis","datePublished":"2025-12-15T23:00:54+00:00","dateModified":"2025-12-16T00:05:49+00:00","mainEntityOfPage":{"@id":"https:\/\/www.pressenza.com\/fr\/2025\/12\/conscription-militaire-et-militarisation-leurope-face-a-de-nouveaux-defis\/"},"wordCount":1662,"publisher":{"@id":"https:\/\/www.pressenza.com\/fr\/#organization"},"image":{"@id":"https:\/\/www.pressenza.com\/fr\/2025\/12\/conscription-militaire-et-militarisation-leurope-face-a-de-nouveaux-defis\/#primaryimage"},"thumbnailUrl":"https:\/\/www.pressenza.com\/wp-content\/uploads\/2022\/05\/obiezione-di-coscienza.jpg","keywords":["Conscription","service militaire","service militaire obligatoire"],"articleSection":["Paix et D\u00e9sarmement","Politique"],"inLanguage":"fr-FR"},{"@type":"WebPage","@id":"https:\/\/www.pressenza.com\/fr\/2025\/12\/conscription-militaire-et-militarisation-leurope-face-a-de-nouveaux-defis\/","url":"https:\/\/www.pressenza.com\/fr\/2025\/12\/conscription-militaire-et-militarisation-leurope-face-a-de-nouveaux-defis\/","name":"Service militaire obligatoire et militarisation : l'Europe face \u00e0 de nouveaux d\u00e9fis","isPartOf":{"@id":"https:\/\/www.pressenza.com\/fr\/#website"},"primaryImageOfPage":{"@id":"https:\/\/www.pressenza.com\/fr\/2025\/12\/conscription-militaire-et-militarisation-leurope-face-a-de-nouveaux-defis\/#primaryimage"},"image":{"@id":"https:\/\/www.pressenza.com\/fr\/2025\/12\/conscription-militaire-et-militarisation-leurope-face-a-de-nouveaux-defis\/#primaryimage"},"thumbnailUrl":"https:\/\/www.pressenza.com\/wp-content\/uploads\/2022\/05\/obiezione-di-coscienza.jpg","datePublished":"2025-12-15T23:00:54+00:00","dateModified":"2025-12-16T00:05:49+00:00","description":"\u00c0 la fin des ann\u00e9es 1980, avec la chute du mur de Berlin et la dissolution du Pacte de Varsovie, l'OTAN, les \u00c9tats-Unis et l'Europe ont pris conscience","breadcrumb":{"@id":"https:\/\/www.pressenza.com\/fr\/2025\/12\/conscription-militaire-et-militarisation-leurope-face-a-de-nouveaux-defis\/#breadcrumb"},"inLanguage":"fr-FR","potentialAction":[{"@type":"ReadAction","target":["https:\/\/www.pressenza.com\/fr\/2025\/12\/conscription-militaire-et-militarisation-leurope-face-a-de-nouveaux-defis\/"]}]},{"@type":"ImageObject","inLanguage":"fr-FR","@id":"https:\/\/www.pressenza.com\/fr\/2025\/12\/conscription-militaire-et-militarisation-leurope-face-a-de-nouveaux-defis\/#primaryimage","url":"https:\/\/www.pressenza.com\/wp-content\/uploads\/2022\/05\/obiezione-di-coscienza.jpg","contentUrl":"https:\/\/www.pressenza.com\/wp-content\/uploads\/2022\/05\/obiezione-di-coscienza.jpg","width":420,"height":235,"caption":"Manifestazione a Roma per il riconoscimento della ODC al servizio militare 13-6-1970"},{"@type":"BreadcrumbList","@id":"https:\/\/www.pressenza.com\/fr\/2025\/12\/conscription-militaire-et-militarisation-leurope-face-a-de-nouveaux-defis\/#breadcrumb","itemListElement":[{"@type":"ListItem","position":1,"name":"Accueil","item":"https:\/\/www.pressenza.com\/fr\/"},{"@type":"ListItem","position":2,"name":"Service militaire obligatoire et militarisation : l&rsquo;Europe face \u00e0 de nouveaux d\u00e9fis"}]},{"@type":"WebSite","@id":"https:\/\/www.pressenza.com\/fr\/#website","url":"https:\/\/www.pressenza.com\/fr\/","name":"Pressenza","description":"International Press Agency","publisher":{"@id":"https:\/\/www.pressenza.com\/fr\/#organization"},"potentialAction":[{"@type":"SearchAction","target":{"@type":"EntryPoint","urlTemplate":"https:\/\/www.pressenza.com\/fr\/?s={search_term_string}"},"query-input":{"@type":"PropertyValueSpecification","valueRequired":true,"valueName":"search_term_string"}}],"inLanguage":"fr-FR"},{"@type":"Organization","@id":"https:\/\/www.pressenza.com\/fr\/#organization","name":"Pressenza","url":"https:\/\/www.pressenza.com\/fr\/","logo":{"@type":"ImageObject","inLanguage":"fr-FR","@id":"https:\/\/www.pressenza.com\/fr\/#\/schema\/logo\/image\/","url":"https:\/\/www.pressenza.com\/wp-content\/uploads\/2022\/10\/pressenza_logo_200x200.jpg","contentUrl":"https:\/\/www.pressenza.com\/wp-content\/uploads\/2022\/10\/pressenza_logo_200x200.jpg","width":200,"height":200,"caption":"Pressenza"},"image":{"@id":"https:\/\/www.pressenza.com\/fr\/#\/schema\/logo\/image\/"},"sameAs":["https:\/\/www.facebook.com\/PressenzaItalia","https:\/\/x.com\/PressenzaIPA"]},{"@type":"Person","@id":"https:\/\/www.pressenza.com\/fr\/#\/schema\/person\/fdf1ddd63c086a63e7faf4c9680c82e8","name":"Osservatorio contro la militarizzazione delle scuole e delle universit\u00e0","description":"L\u2019Osservatorio contro la militarizzazione delle scuole e delle universit\u00e0 nasce per monitorare e denunciare l\u2019attivit\u00e0 di militarizzazione nelle scuole e, in un secondo momento, anche delle universit\u00e0. L\u2019iniziativa \u00e8 nata in seguito ad una serie di convegni promossi dal CESP (Centro Studi per la Scuola Pubblica), finalizzati a denunciare il costante incremento delle spese militari e della circolazione di armi in un contesto internazionale nel quale la guerra nucleare pi\u00f9 che mai si profila purtroppo come possibile nefasto orizzonte. Fanno parte dell\u2019Osservatorio contro la militarizzazione delle scuole e delle universit\u00e0 numerose associazioni e singole persone.","sameAs":["https:\/\/osservatorionomilscuola.com\/","https:\/\/www.facebook.com\/OsservatorioNOMS","https:\/\/www.instagram.com\/osservatorionomili\/","https:\/\/x.com\/ossnomiliscuole"],"url":"https:\/\/www.pressenza.com\/fr\/author\/oss_mil_scuole\/"}]}},"place":"","original_article_url":"","_links":{"self":[{"href":"https:\/\/www.pressenza.com\/fr\/wp-json\/wp\/v2\/posts\/2661382","targetHints":{"allow":["GET"]}}],"collection":[{"href":"https:\/\/www.pressenza.com\/fr\/wp-json\/wp\/v2\/posts"}],"about":[{"href":"https:\/\/www.pressenza.com\/fr\/wp-json\/wp\/v2\/types\/post"}],"author":[{"embeddable":true,"href":"https:\/\/www.pressenza.com\/fr\/wp-json\/wp\/v2\/users\/2442"}],"replies":[{"embeddable":true,"href":"https:\/\/www.pressenza.com\/fr\/wp-json\/wp\/v2\/comments?post=2661382"}],"version-history":[{"count":4,"href":"https:\/\/www.pressenza.com\/fr\/wp-json\/wp\/v2\/posts\/2661382\/revisions"}],"predecessor-version":[{"id":2661389,"href":"https:\/\/www.pressenza.com\/fr\/wp-json\/wp\/v2\/posts\/2661382\/revisions\/2661389"}],"wp:featuredmedia":[{"embeddable":true,"href":"https:\/\/www.pressenza.com\/fr\/wp-json\/wp\/v2\/media\/1584114"}],"wp:attachment":[{"href":"https:\/\/www.pressenza.com\/fr\/wp-json\/wp\/v2\/media?parent=2661382"}],"wp:term":[{"taxonomy":"category","embeddable":true,"href":"https:\/\/www.pressenza.com\/fr\/wp-json\/wp\/v2\/categories?post=2661382"},{"taxonomy":"post_tag","embeddable":true,"href":"https:\/\/www.pressenza.com\/fr\/wp-json\/wp\/v2\/tags?post=2661382"}],"curies":[{"name":"wp","href":"https:\/\/api.w.org\/{rel}","templated":true}]}}