{"id":2660335,"date":"2025-12-11T11:28:40","date_gmt":"2025-12-11T11:28:40","guid":{"rendered":"https:\/\/www.pressenza.com\/?p=2660335"},"modified":"2025-12-11T11:31:07","modified_gmt":"2025-12-11T11:31:07","slug":"kabylie-et-independance-qui-porte-vraiment-la-voix-du-peuple","status":"publish","type":"post","link":"https:\/\/www.pressenza.com\/fr\/2025\/12\/kabylie-et-independance-qui-porte-vraiment-la-voix-du-peuple\/","title":{"rendered":"Kabylie et ind\u00e9pendance : qui porte vraiment la voix du peuple ?"},"content":{"rendered":"<p>Certains mouvements pourraient d\u00e9clarer une initiative symbolique concernant l\u2019ind\u00e9pendance de la Kabylie. Cependant, en l\u2019absence de reconnaissance officielle ou de soutien institutionnel, l\u2019impact r\u00e9el de ces actions demeure incertain. Cette incertitude souligne la n\u00e9cessit\u00e9 d\u2019une \u00e9valuation attentive et critique de leurs motivations, de leurs cons\u00e9quences potentielles et des implications plus larges pour la r\u00e9gion et sa population.<\/p>\n<p>Si ces gestes symboliques peuvent attirer l\u2019attention du public et des m\u00e9dias, ils ne doivent pas \u00eatre confondus avec les aspirations authentiques du peuple kabyle, qui cherche avant tout une autonomie r\u00e9elle, la pr\u00e9servation de sa culture et la capacit\u00e9 de g\u00e9rer son propre d\u00e9veloppement social et \u00e9conomique. Comprendre cette distinction est essentiel pour tout dialogue constructif ou approche politique concernant l\u2019avenir de la Kabylie.<\/p>\n<p>La v\u00e9ritable question pour la population kabyle d\u00e9passe largement les d\u00e9marches symboliques. La majorit\u00e9 aspire avant tout \u00e0 une autonomie concr\u00e8te, permettant \u00e0 la r\u00e9gion de s\u2019auto-g\u00e9rer, de prot\u00e9ger sa langue, sa culture et son identit\u00e9, et de prendre en main son d\u00e9veloppement \u00e9conomique et social. Cette aspiration d\u00e9passe les d\u00e9clarations m\u00e9diatis\u00e9es et traduit un besoin profond de reconnaissance et de ma\u00eetrise de son destin.<\/p>\n<p>Si la plupart des Kabyles privil\u00e9gient cette autonomie r\u00e9gionale et des r\u00e9formes d\u00e9mocratiques au sein de l\u2019Alg\u00e9rie, une minorit\u00e9 militante continue de se pr\u00e9senter comme le porte-parole de l\u2019ensemble du peuple. Ce d\u00e9calage met en lumi\u00e8re la tension entre les initiatives visibles dans les m\u00e9dias et les v\u00e9ritables aspirations populaires, soulignant que la repr\u00e9sentation symbolique ne refl\u00e8te pas n\u00e9cessairement la majorit\u00e9 silencieuse.<\/p>\n<p>La Kabylie se distingue par sa langue, son histoire et sa culture propres, ainsi qu\u2019une longue tradition de revendications d\u00e9mocratiques. Les initiatives symboliques d\u2019ind\u00e9pendance restent minoritaires et servent principalement les individus qui les portent, leur permettant de maintenir une visibilit\u00e9 politique et de mobiliser une partie de la diaspora. Elles traduisent souvent plus un besoin de reconnaissance personnelle qu\u2019un \u00e9lan collectif majoritaire.<\/p>\n<p>Cette dynamique peut \u00e9galement profiter \u00e0 certains segments du pouvoir central. En mettant en avant un risque de fragmentation ou une menace \u00e0 \u00ab l\u2019unit\u00e9 nationale \u00bb, les autorit\u00e9s peuvent justifier le renforcement de l\u2019appareil s\u00e9curitaire. Dans ce contexte, toute revendication kabyle, m\u00eame limit\u00e9e aux droits linguistiques, culturels ou civiques, peut \u00eatre pr\u00e9sent\u00e9e comme suspecte ou associ\u00e9e \u00e0 un agenda s\u00e9paratiste.<\/p>\n<p>\u00c0 l\u2019international, certaines puissances peuvent \u00eatre tent\u00e9es d\u2019exploiter ces tensions internes pour servir leurs int\u00e9r\u00eats g\u00e9opolitiques. Ces interventions, souvent discr\u00e8tes ou indirectes, s\u2019inscrivent dans des strat\u00e9gies r\u00e9gionales dont l\u2019ampleur r\u00e9elle reste difficile \u00e0 \u00e9valuer, et elles compliquent encore davantage la perception des initiatives kabyles \u00e0 l\u2019ext\u00e9rieur.<\/p>\n<p>Pour la majorit\u00e9 des Kabyles, ces initiatives symboliques ne refl\u00e8tent pas leurs priorit\u00e9s. Ce qu\u2019ils souhaitent r\u00e9ellement, c\u2019est pouvoir g\u00e9rer eux-m\u00eames leurs affaires, d\u00e9velopper leur r\u00e9gion et prot\u00e9ger leur identit\u00e9 culturelle et linguistique. Si le pouvoir central persiste dans l\u2019arrestation et le harc\u00e8lement des militants kabyles, le risque d\u2019une division totale du pays pourrait s\u2019accentuer, mena\u00e7ant l\u2019\u00e9quilibre social et politique national.<\/p>\n<p>Il est donc crucial que les autorit\u00e9s alg\u00e9riennes acceptent cette demande d\u2019autonomie, ouvrent un v\u00e9ritable dialogue avec les \u00e9lites repr\u00e9sentatives du peuple kabyle, et lib\u00e8rent tous les d\u00e9tenus politiques ainsi que les militants des droits humains kabyles. Une approche fond\u00e9e sur l\u2019\u00e9coute, la reconnaissance et la justice permettrait de r\u00e9pondre durablement aux aspirations l\u00e9gitimes de la population kabyle et de pr\u00e9server l\u2019unit\u00e9 nationale.<\/p>\n<p>En d\u00e9finitive, les initiatives symboliques profitent surtout \u00e0 une minorit\u00e9 militante, \u00e0 certains segments du pouvoir central et, potentiellement, \u00e0 des acteurs ext\u00e9rieurs. Elles illustrent l\u2019\u00e9cart entre les actions visibles et les aspirations r\u00e9elles de la population kabyle, qui souhaite avant tout autonomie, reconnaissance et respect de son identit\u00e9.<\/p>\n","protected":false},"excerpt":{"rendered":"<p>Certains mouvements pourraient d\u00e9clarer une initiative symbolique concernant l\u2019ind\u00e9pendance de la Kabylie. Cependant, en l\u2019absence de reconnaissance officielle ou de soutien institutionnel, l\u2019impact r\u00e9el de ces actions demeure incertain. Cette incertitude souligne la n\u00e9cessit\u00e9 d\u2019une \u00e9valuation attentive et critique de&hellip;<\/p>\n","protected":false},"author":1885,"featured_media":2660337,"comment_status":"closed","ping_status":"closed","sticky":false,"template":"","format":"standard","meta":{"footnotes":""},"categories":[83,11386,99,93],"tags":[4137,8261,148005,147994,80091],"class_list":["post-2660335","post","type-post","status-publish","format-standard","has-post-thumbnail","hentry","category-africa-fr","category-contenu-original","category-peuples-autochtones","category-politique","tag-algerie","tag-autonomie","tag-independance-de-la-kabylie","tag-kabyles","tag-kabylie-fr"],"yoast_head":"<!-- This site is optimized with the Yoast SEO plugin v27.1.1 - https:\/\/yoast.com\/product\/yoast-seo-wordpress\/ -->\n<title>Kabylie et ind\u00e9pendance : qui porte vraiment la voix du peuple ?<\/title>\n<meta name=\"description\" content=\"Certains mouvements pourraient d\u00e9clarer une initiative symbolique concernant l\u2019ind\u00e9pendance de la Kabylie. Cependant, en l\u2019absence de reconnaissance\" \/>\n<meta name=\"robots\" content=\"index, follow, max-snippet:-1, max-image-preview:large, max-video-preview:-1\" \/>\n<link rel=\"canonical\" href=\"https:\/\/www.pressenza.com\/fr\/2025\/12\/kabylie-et-independance-qui-porte-vraiment-la-voix-du-peuple\/\" \/>\n<meta property=\"og:locale\" content=\"fr_FR\" \/>\n<meta property=\"og:type\" content=\"article\" \/>\n<meta property=\"og:title\" content=\"Kabylie et ind\u00e9pendance : qui porte vraiment la voix du peuple ?\" \/>\n<meta property=\"og:description\" content=\"Certains mouvements pourraient d\u00e9clarer une initiative symbolique concernant l\u2019ind\u00e9pendance de la Kabylie. Cependant, en l\u2019absence de reconnaissance\" \/>\n<meta property=\"og:url\" content=\"https:\/\/www.pressenza.com\/fr\/2025\/12\/kabylie-et-independance-qui-porte-vraiment-la-voix-du-peuple\/\" \/>\n<meta property=\"og:site_name\" content=\"Pressenza\" \/>\n<meta property=\"article:publisher\" content=\"https:\/\/www.facebook.com\/PressenzaItalia\" \/>\n<meta property=\"article:published_time\" content=\"2025-12-11T11:28:40+00:00\" \/>\n<meta property=\"article:modified_time\" content=\"2025-12-11T11:31:07+00:00\" \/>\n<meta property=\"og:image\" content=\"https:\/\/www.pressenza.com\/wp-content\/uploads\/2025\/12\/Kabylia-and-Independence.jpg\" \/>\n\t<meta property=\"og:image:width\" content=\"1430\" \/>\n\t<meta property=\"og:image:height\" content=\"779\" \/>\n\t<meta property=\"og:image:type\" content=\"image\/jpeg\" \/>\n<meta name=\"author\" content=\"Rabah Arkam\" \/>\n<meta name=\"twitter:card\" content=\"summary_large_image\" \/>\n<meta name=\"twitter:creator\" content=\"@PressenzaIPA\" \/>\n<meta name=\"twitter:site\" content=\"@PressenzaIPA\" \/>\n<meta name=\"twitter:label1\" content=\"\u00c9crit par\" \/>\n\t<meta name=\"twitter:data1\" content=\"Rabah Arkam\" \/>\n\t<meta name=\"twitter:label2\" content=\"Dur\u00e9e de lecture estim\u00e9e\" \/>\n\t<meta name=\"twitter:data2\" content=\"4 minutes\" \/>\n<script type=\"application\/ld+json\" class=\"yoast-schema-graph\">{\"@context\":\"https:\/\/schema.org\",\"@graph\":[{\"@type\":\"Article\",\"@id\":\"https:\/\/www.pressenza.com\/fr\/2025\/12\/kabylie-et-independance-qui-porte-vraiment-la-voix-du-peuple\/#article\",\"isPartOf\":{\"@id\":\"https:\/\/www.pressenza.com\/fr\/2025\/12\/kabylie-et-independance-qui-porte-vraiment-la-voix-du-peuple\/\"},\"author\":{\"name\":\"Rabah Arkam\",\"@id\":\"https:\/\/www.pressenza.com\/fr\/#\/schema\/person\/8731a6cc6cacc7cbfaa4129a24d0e058\"},\"headline\":\"Kabylie et ind\u00e9pendance : qui porte vraiment la voix du peuple ?\",\"datePublished\":\"2025-12-11T11:28:40+00:00\",\"dateModified\":\"2025-12-11T11:31:07+00:00\",\"mainEntityOfPage\":{\"@id\":\"https:\/\/www.pressenza.com\/fr\/2025\/12\/kabylie-et-independance-qui-porte-vraiment-la-voix-du-peuple\/\"},\"wordCount\":697,\"publisher\":{\"@id\":\"https:\/\/www.pressenza.com\/fr\/#organization\"},\"image\":{\"@id\":\"https:\/\/www.pressenza.com\/fr\/2025\/12\/kabylie-et-independance-qui-porte-vraiment-la-voix-du-peuple\/#primaryimage\"},\"thumbnailUrl\":\"https:\/\/www.pressenza.com\/wp-content\/uploads\/2025\/12\/Kabylia-and-Independence.jpg\",\"keywords\":[\"Alg\u00e9rie\",\"autonomie\",\"ind\u00e9pendance de la Kabylie\",\"Kabyles\",\"Kabylie\"],\"articleSection\":[\"Afrique\",\"Contenu Original\",\"Peuples originaires\",\"Politique\"],\"inLanguage\":\"fr-FR\"},{\"@type\":\"WebPage\",\"@id\":\"https:\/\/www.pressenza.com\/fr\/2025\/12\/kabylie-et-independance-qui-porte-vraiment-la-voix-du-peuple\/\",\"url\":\"https:\/\/www.pressenza.com\/fr\/2025\/12\/kabylie-et-independance-qui-porte-vraiment-la-voix-du-peuple\/\",\"name\":\"Kabylie et ind\u00e9pendance : qui porte vraiment la voix du peuple ?\",\"isPartOf\":{\"@id\":\"https:\/\/www.pressenza.com\/fr\/#website\"},\"primaryImageOfPage\":{\"@id\":\"https:\/\/www.pressenza.com\/fr\/2025\/12\/kabylie-et-independance-qui-porte-vraiment-la-voix-du-peuple\/#primaryimage\"},\"image\":{\"@id\":\"https:\/\/www.pressenza.com\/fr\/2025\/12\/kabylie-et-independance-qui-porte-vraiment-la-voix-du-peuple\/#primaryimage\"},\"thumbnailUrl\":\"https:\/\/www.pressenza.com\/wp-content\/uploads\/2025\/12\/Kabylia-and-Independence.jpg\",\"datePublished\":\"2025-12-11T11:28:40+00:00\",\"dateModified\":\"2025-12-11T11:31:07+00:00\",\"description\":\"Certains mouvements pourraient d\u00e9clarer une initiative symbolique concernant l\u2019ind\u00e9pendance de la Kabylie. Cependant, en l\u2019absence de reconnaissance\",\"breadcrumb\":{\"@id\":\"https:\/\/www.pressenza.com\/fr\/2025\/12\/kabylie-et-independance-qui-porte-vraiment-la-voix-du-peuple\/#breadcrumb\"},\"inLanguage\":\"fr-FR\",\"potentialAction\":[{\"@type\":\"ReadAction\",\"target\":[\"https:\/\/www.pressenza.com\/fr\/2025\/12\/kabylie-et-independance-qui-porte-vraiment-la-voix-du-peuple\/\"]}]},{\"@type\":\"ImageObject\",\"inLanguage\":\"fr-FR\",\"@id\":\"https:\/\/www.pressenza.com\/fr\/2025\/12\/kabylie-et-independance-qui-porte-vraiment-la-voix-du-peuple\/#primaryimage\",\"url\":\"https:\/\/www.pressenza.com\/wp-content\/uploads\/2025\/12\/Kabylia-and-Independence.jpg\",\"contentUrl\":\"https:\/\/www.pressenza.com\/wp-content\/uploads\/2025\/12\/Kabylia-and-Independence.jpg\",\"width\":1430,\"height\":779},{\"@type\":\"BreadcrumbList\",\"@id\":\"https:\/\/www.pressenza.com\/fr\/2025\/12\/kabylie-et-independance-qui-porte-vraiment-la-voix-du-peuple\/#breadcrumb\",\"itemListElement\":[{\"@type\":\"ListItem\",\"position\":1,\"name\":\"Accueil\",\"item\":\"https:\/\/www.pressenza.com\/fr\/\"},{\"@type\":\"ListItem\",\"position\":2,\"name\":\"Kabylie et ind\u00e9pendance : qui porte vraiment la voix du peuple ?\"}]},{\"@type\":\"WebSite\",\"@id\":\"https:\/\/www.pressenza.com\/fr\/#website\",\"url\":\"https:\/\/www.pressenza.com\/fr\/\",\"name\":\"Pressenza\",\"description\":\"International Press Agency\",\"publisher\":{\"@id\":\"https:\/\/www.pressenza.com\/fr\/#organization\"},\"potentialAction\":[{\"@type\":\"SearchAction\",\"target\":{\"@type\":\"EntryPoint\",\"urlTemplate\":\"https:\/\/www.pressenza.com\/fr\/?s={search_term_string}\"},\"query-input\":{\"@type\":\"PropertyValueSpecification\",\"valueRequired\":true,\"valueName\":\"search_term_string\"}}],\"inLanguage\":\"fr-FR\"},{\"@type\":\"Organization\",\"@id\":\"https:\/\/www.pressenza.com\/fr\/#organization\",\"name\":\"Pressenza\",\"url\":\"https:\/\/www.pressenza.com\/fr\/\",\"logo\":{\"@type\":\"ImageObject\",\"inLanguage\":\"fr-FR\",\"@id\":\"https:\/\/www.pressenza.com\/fr\/#\/schema\/logo\/image\/\",\"url\":\"https:\/\/www.pressenza.com\/wp-content\/uploads\/2022\/10\/pressenza_logo_200x200.jpg\",\"contentUrl\":\"https:\/\/www.pressenza.com\/wp-content\/uploads\/2022\/10\/pressenza_logo_200x200.jpg\",\"width\":200,\"height\":200,\"caption\":\"Pressenza\"},\"image\":{\"@id\":\"https:\/\/www.pressenza.com\/fr\/#\/schema\/logo\/image\/\"},\"sameAs\":[\"https:\/\/www.facebook.com\/PressenzaItalia\",\"https:\/\/x.com\/PressenzaIPA\"]},{\"@type\":\"Person\",\"@id\":\"https:\/\/www.pressenza.com\/fr\/#\/schema\/person\/8731a6cc6cacc7cbfaa4129a24d0e058\",\"name\":\"Rabah Arkam\",\"description\":\"Rabah Arkam is a human rights advocate known for promoting Amazigh identity, cultural rights, and democratic, secular reform in Algeria and North Africa.\",\"url\":\"https:\/\/www.pressenza.com\/fr\/author\/rabah-arkam\/\"}]}<\/script>\n<!-- \/ Yoast SEO plugin. -->","yoast_head_json":{"title":"Kabylie et ind\u00e9pendance : qui porte vraiment la voix du peuple ?","description":"Certains mouvements pourraient d\u00e9clarer une initiative symbolique concernant l\u2019ind\u00e9pendance de la Kabylie. Cependant, en l\u2019absence de reconnaissance","robots":{"index":"index","follow":"follow","max-snippet":"max-snippet:-1","max-image-preview":"max-image-preview:large","max-video-preview":"max-video-preview:-1"},"canonical":"https:\/\/www.pressenza.com\/fr\/2025\/12\/kabylie-et-independance-qui-porte-vraiment-la-voix-du-peuple\/","og_locale":"fr_FR","og_type":"article","og_title":"Kabylie et ind\u00e9pendance : qui porte vraiment la voix du peuple ?","og_description":"Certains mouvements pourraient d\u00e9clarer une initiative symbolique concernant l\u2019ind\u00e9pendance de la Kabylie. Cependant, en l\u2019absence de reconnaissance","og_url":"https:\/\/www.pressenza.com\/fr\/2025\/12\/kabylie-et-independance-qui-porte-vraiment-la-voix-du-peuple\/","og_site_name":"Pressenza","article_publisher":"https:\/\/www.facebook.com\/PressenzaItalia","article_published_time":"2025-12-11T11:28:40+00:00","article_modified_time":"2025-12-11T11:31:07+00:00","og_image":[{"width":1430,"height":779,"url":"https:\/\/www.pressenza.com\/wp-content\/uploads\/2025\/12\/Kabylia-and-Independence.jpg","type":"image\/jpeg"}],"author":"Rabah Arkam","twitter_card":"summary_large_image","twitter_creator":"@PressenzaIPA","twitter_site":"@PressenzaIPA","twitter_misc":{"\u00c9crit par":"Rabah Arkam","Dur\u00e9e de lecture estim\u00e9e":"4 minutes"},"schema":{"@context":"https:\/\/schema.org","@graph":[{"@type":"Article","@id":"https:\/\/www.pressenza.com\/fr\/2025\/12\/kabylie-et-independance-qui-porte-vraiment-la-voix-du-peuple\/#article","isPartOf":{"@id":"https:\/\/www.pressenza.com\/fr\/2025\/12\/kabylie-et-independance-qui-porte-vraiment-la-voix-du-peuple\/"},"author":{"name":"Rabah Arkam","@id":"https:\/\/www.pressenza.com\/fr\/#\/schema\/person\/8731a6cc6cacc7cbfaa4129a24d0e058"},"headline":"Kabylie et ind\u00e9pendance : qui porte vraiment la voix du peuple ?","datePublished":"2025-12-11T11:28:40+00:00","dateModified":"2025-12-11T11:31:07+00:00","mainEntityOfPage":{"@id":"https:\/\/www.pressenza.com\/fr\/2025\/12\/kabylie-et-independance-qui-porte-vraiment-la-voix-du-peuple\/"},"wordCount":697,"publisher":{"@id":"https:\/\/www.pressenza.com\/fr\/#organization"},"image":{"@id":"https:\/\/www.pressenza.com\/fr\/2025\/12\/kabylie-et-independance-qui-porte-vraiment-la-voix-du-peuple\/#primaryimage"},"thumbnailUrl":"https:\/\/www.pressenza.com\/wp-content\/uploads\/2025\/12\/Kabylia-and-Independence.jpg","keywords":["Alg\u00e9rie","autonomie","ind\u00e9pendance de la Kabylie","Kabyles","Kabylie"],"articleSection":["Afrique","Contenu Original","Peuples originaires","Politique"],"inLanguage":"fr-FR"},{"@type":"WebPage","@id":"https:\/\/www.pressenza.com\/fr\/2025\/12\/kabylie-et-independance-qui-porte-vraiment-la-voix-du-peuple\/","url":"https:\/\/www.pressenza.com\/fr\/2025\/12\/kabylie-et-independance-qui-porte-vraiment-la-voix-du-peuple\/","name":"Kabylie et ind\u00e9pendance : qui porte vraiment la voix du peuple ?","isPartOf":{"@id":"https:\/\/www.pressenza.com\/fr\/#website"},"primaryImageOfPage":{"@id":"https:\/\/www.pressenza.com\/fr\/2025\/12\/kabylie-et-independance-qui-porte-vraiment-la-voix-du-peuple\/#primaryimage"},"image":{"@id":"https:\/\/www.pressenza.com\/fr\/2025\/12\/kabylie-et-independance-qui-porte-vraiment-la-voix-du-peuple\/#primaryimage"},"thumbnailUrl":"https:\/\/www.pressenza.com\/wp-content\/uploads\/2025\/12\/Kabylia-and-Independence.jpg","datePublished":"2025-12-11T11:28:40+00:00","dateModified":"2025-12-11T11:31:07+00:00","description":"Certains mouvements pourraient d\u00e9clarer une initiative symbolique concernant l\u2019ind\u00e9pendance de la Kabylie. Cependant, en l\u2019absence de reconnaissance","breadcrumb":{"@id":"https:\/\/www.pressenza.com\/fr\/2025\/12\/kabylie-et-independance-qui-porte-vraiment-la-voix-du-peuple\/#breadcrumb"},"inLanguage":"fr-FR","potentialAction":[{"@type":"ReadAction","target":["https:\/\/www.pressenza.com\/fr\/2025\/12\/kabylie-et-independance-qui-porte-vraiment-la-voix-du-peuple\/"]}]},{"@type":"ImageObject","inLanguage":"fr-FR","@id":"https:\/\/www.pressenza.com\/fr\/2025\/12\/kabylie-et-independance-qui-porte-vraiment-la-voix-du-peuple\/#primaryimage","url":"https:\/\/www.pressenza.com\/wp-content\/uploads\/2025\/12\/Kabylia-and-Independence.jpg","contentUrl":"https:\/\/www.pressenza.com\/wp-content\/uploads\/2025\/12\/Kabylia-and-Independence.jpg","width":1430,"height":779},{"@type":"BreadcrumbList","@id":"https:\/\/www.pressenza.com\/fr\/2025\/12\/kabylie-et-independance-qui-porte-vraiment-la-voix-du-peuple\/#breadcrumb","itemListElement":[{"@type":"ListItem","position":1,"name":"Accueil","item":"https:\/\/www.pressenza.com\/fr\/"},{"@type":"ListItem","position":2,"name":"Kabylie et ind\u00e9pendance : qui porte vraiment la voix du peuple ?"}]},{"@type":"WebSite","@id":"https:\/\/www.pressenza.com\/fr\/#website","url":"https:\/\/www.pressenza.com\/fr\/","name":"Pressenza","description":"International Press Agency","publisher":{"@id":"https:\/\/www.pressenza.com\/fr\/#organization"},"potentialAction":[{"@type":"SearchAction","target":{"@type":"EntryPoint","urlTemplate":"https:\/\/www.pressenza.com\/fr\/?s={search_term_string}"},"query-input":{"@type":"PropertyValueSpecification","valueRequired":true,"valueName":"search_term_string"}}],"inLanguage":"fr-FR"},{"@type":"Organization","@id":"https:\/\/www.pressenza.com\/fr\/#organization","name":"Pressenza","url":"https:\/\/www.pressenza.com\/fr\/","logo":{"@type":"ImageObject","inLanguage":"fr-FR","@id":"https:\/\/www.pressenza.com\/fr\/#\/schema\/logo\/image\/","url":"https:\/\/www.pressenza.com\/wp-content\/uploads\/2022\/10\/pressenza_logo_200x200.jpg","contentUrl":"https:\/\/www.pressenza.com\/wp-content\/uploads\/2022\/10\/pressenza_logo_200x200.jpg","width":200,"height":200,"caption":"Pressenza"},"image":{"@id":"https:\/\/www.pressenza.com\/fr\/#\/schema\/logo\/image\/"},"sameAs":["https:\/\/www.facebook.com\/PressenzaItalia","https:\/\/x.com\/PressenzaIPA"]},{"@type":"Person","@id":"https:\/\/www.pressenza.com\/fr\/#\/schema\/person\/8731a6cc6cacc7cbfaa4129a24d0e058","name":"Rabah Arkam","description":"Rabah Arkam is a human rights advocate known for promoting Amazigh identity, cultural rights, and democratic, secular reform in Algeria and North Africa.","url":"https:\/\/www.pressenza.com\/fr\/author\/rabah-arkam\/"}]}},"place":"","original_article_url":"","_links":{"self":[{"href":"https:\/\/www.pressenza.com\/fr\/wp-json\/wp\/v2\/posts\/2660335","targetHints":{"allow":["GET"]}}],"collection":[{"href":"https:\/\/www.pressenza.com\/fr\/wp-json\/wp\/v2\/posts"}],"about":[{"href":"https:\/\/www.pressenza.com\/fr\/wp-json\/wp\/v2\/types\/post"}],"author":[{"embeddable":true,"href":"https:\/\/www.pressenza.com\/fr\/wp-json\/wp\/v2\/users\/1885"}],"replies":[{"embeddable":true,"href":"https:\/\/www.pressenza.com\/fr\/wp-json\/wp\/v2\/comments?post=2660335"}],"version-history":[{"count":2,"href":"https:\/\/www.pressenza.com\/fr\/wp-json\/wp\/v2\/posts\/2660335\/revisions"}],"predecessor-version":[{"id":2660419,"href":"https:\/\/www.pressenza.com\/fr\/wp-json\/wp\/v2\/posts\/2660335\/revisions\/2660419"}],"wp:featuredmedia":[{"embeddable":true,"href":"https:\/\/www.pressenza.com\/fr\/wp-json\/wp\/v2\/media\/2660337"}],"wp:attachment":[{"href":"https:\/\/www.pressenza.com\/fr\/wp-json\/wp\/v2\/media?parent=2660335"}],"wp:term":[{"taxonomy":"category","embeddable":true,"href":"https:\/\/www.pressenza.com\/fr\/wp-json\/wp\/v2\/categories?post=2660335"},{"taxonomy":"post_tag","embeddable":true,"href":"https:\/\/www.pressenza.com\/fr\/wp-json\/wp\/v2\/tags?post=2660335"}],"curies":[{"name":"wp","href":"https:\/\/api.w.org\/{rel}","templated":true}]}}