{"id":2660264,"date":"2025-12-10T21:22:36","date_gmt":"2025-12-10T21:22:36","guid":{"rendered":"https:\/\/www.pressenza.com\/?p=2660264"},"modified":"2025-12-10T21:22:36","modified_gmt":"2025-12-10T21:22:36","slug":"papouasie-lurgence-de-reagir-face-a-lethnocide-en-cours","status":"publish","type":"post","link":"https:\/\/www.pressenza.com\/fr\/2025\/12\/papouasie-lurgence-de-reagir-face-a-lethnocide-en-cours\/","title":{"rendered":"Papouasie : l&rsquo;urgence de r\u00e9agir face \u00e0 l&rsquo;ethnocide en cours !"},"content":{"rendered":"<p><strong>\u00ab Nous pouvons vivre sans huile de palme ou sucre de canne ; nous ne pouvons pas vivre sans nos terres et nos for\u00eats \u00bb <\/strong>t\u00e9moignent les habitants de la r\u00e9gion.<\/p>\n<p>Il y a quelques jours, \u00e0 Bruxelles, se tenait une conf\u00e9rence, alertant sur la situation peu connue et pourtant tr\u00e8s inqui\u00e9tante de la r\u00e9gion de Papouasie, en Indon\u00e9sie.\u00a0 L&rsquo;histoire de cette r\u00e9gion est sem\u00e9e de luttes pour la terre des agriculteurs locaux, face \u00e0 la volont\u00e9 d&rsquo;exploitation des mines d&rsquo;or et d&rsquo;autres richesses des sols.<\/p>\n<p>Depuis avril 2025,\u00a0 se d\u00e9roule \u00e9galement le projet \u00ab Merauke \u00bb, mis en place par le gouvernement indon\u00e9sien, au nom du \u00ab\u00a0d\u00e9veloppement \u00e9conomique pour l&rsquo;alimentation et l&rsquo;\u00e9nergie\u00a0\u00bb. En r\u00e9alit\u00e9, il s&rsquo;agirait d\u2019un ethnocide planifi\u00e9 depuis quelques ann\u00e9es et en cours actuellement, d\u00e9nonc\u00e9 par de nombreuses voix .\u00a0 \u00a0En effet, le plan pr\u00e9voit une d\u00e9forestation massive pour la remplacer par des plantations d\u2019arbres \u00e0 palme et de plantations de canne \u00e0 sucre pour \u00ab nourrir les indon\u00e9siens \u00bb.<\/p>\n<div id=\"attachment_2660270\" class=\"wp-caption alignnone\"><img loading=\"lazy\" decoding=\"async\" aria-describedby=\"caption-attachment-2660270\" class=\"size-medium wp-image-2660270\" src=\"https:\/\/www.pressenza.com\/wp-content\/uploads\/2025\/12\/Forest-Mirauke-300x200.jpg\" alt=\"\" width=\"300\" height=\"200\" srcset=\"https:\/\/www.pressenza.com\/wp-content\/uploads\/2025\/12\/Forest-Mirauke-300x200.jpg 300w, https:\/\/www.pressenza.com\/wp-content\/uploads\/2025\/12\/Forest-Mirauke-820x547.jpg 820w, https:\/\/www.pressenza.com\/wp-content\/uploads\/2025\/12\/Forest-Mirauke.jpg 1920w\" sizes=\"auto, (max-width: 300px) 100vw, 300px\" \/><p id=\"caption-attachment-2660270\" class=\"wp-caption-text\">La Forest en Papouasie, des millions d&rsquo;hectares menac\u00e9s<\/p><\/div>\n<div id=\"attachment_2660271\" class=\"wp-caption alignnone\"><img loading=\"lazy\" decoding=\"async\" aria-describedby=\"caption-attachment-2660271\" class=\"wp-image-2660271 size-medium\" src=\"https:\/\/www.pressenza.com\/wp-content\/uploads\/2025\/12\/Deforestation-300x200.jpg\" alt=\"\" width=\"300\" height=\"200\" srcset=\"https:\/\/www.pressenza.com\/wp-content\/uploads\/2025\/12\/Deforestation-300x200.jpg 300w, https:\/\/www.pressenza.com\/wp-content\/uploads\/2025\/12\/Deforestation-820x547.jpg 820w, https:\/\/www.pressenza.com\/wp-content\/uploads\/2025\/12\/Deforestation.jpg 1920w\" sizes=\"auto, (max-width: 300px) 100vw, 300px\" \/><p id=\"caption-attachment-2660271\" class=\"wp-caption-text\">D\u00e9forestation programm\u00e9e<\/p><\/div>\n<p>Ces d\u00e9cisions sont prises au d\u00e9triment des populations locales.\u00a0 En effet, des milliers d\u2019autochtones y vivent de la culture et de la for\u00eat et se voient contraints de quitter leur terre, d\u2019\u00eatre d\u00e9plac\u00e9s dans des campements de fortune, g\u00e9r\u00e9s par les militaires en place, garants de l&rsquo;ex\u00e9cution des directives nationales.<\/p>\n<p>Rappelons que depuis octobre 2024, \u00a0des centaines de soldats souvent violents provoquent un climat d\u2019ins\u00e9curit\u00e9 dans toute la r\u00e9gion.<\/p>\n<p>Des ongs locales tentent d\u2019alerter l\u2019opinion publique mais aussi les institutions europ\u00e9ennes et internationales.\u00a0 Soutenons cette lutte pour le droit de vivre sur les terres de nos anc\u00eatres\u00a0! P\u00e9titions, informations, ressources, documentaires en anglais et en indon\u00e9sien\u00a0: <a href=\"http:\/\/www.pusaka.or.id\">www.pusaka.or.id<\/a><\/p>\n<p>&nbsp;<\/p>\n<p>Pour mieux comprendre le processus de cette catastrophe programm\u00e9e\u00a0:<\/p>\n<p><a href=\"https:\/\/www.wrm.org.uy\/fr\/articles-du-bulletin\/le-programme-de-production-alimentaire-de-merauke-en-papouasie-une-tragedie-annoncee\">https:\/\/www.wrm.org.uy\/fr\/articles-du-bulletin\/le-programme-de-production-alimentaire-de-merauke-en-papouasie-une-tragedie-annoncee<\/a><\/p>\n<p>Pressenza en parlait d\u00e9j\u00e0 \u2026<\/p>\n<p>11\/11\/2010\u00a0:\u00a0<a href=\"https:\/\/www.pressenza.com\/fr\/2010\/11\/obama-et-la-nouvelle-menace-militaire-en-indonesie\/\">https:\/\/www.pressenza.com\/fr\/2010\/11\/<strong>obama-et-la-nouv\u2026ire-en-indonesie<\/strong>\/<\/a>\u00a0\u200e<\/p>\n<p>30\/3\/2015\u00a0:<\/p>\n<p><a href=\"https:\/\/www.pressenza.com\/fr\/2015\/03\/la-privatisation-de-leau-declaree-inconstitutionnelle-en-indonesie-suez-menacerait-de-saisir-larbitrage-commercial-international\/\">https:\/\/www.pressenza.com\/fr\/2015\/03\/la-privatisation-de-leau-declaree-inconstitutionnelle-en-indonesie-suez-menacerait-de-saisir-larbitrage-commercial-international\/<\/a><\/p>\n<p>16\/9\/2023\u00a0: <a href=\"https:\/\/www.pressenza.com\/fr\/2023\/09\/65-000-hectares-de-foret-indonesienne-sont-sauves-grace-a-la-victoire-du-peuple-indigene-auyu\/\">https:\/\/www.pressenza.com\/fr\/2023\/09\/<strong>65-000-hectares-\u2026le-indigene-auyu<\/strong>\/<\/a><\/p>\n<p>20\/10\/2025\u00a0: <a href=\"https:\/\/www.pressenza.com\/fr\/2025\/10\/forum-international-les-mouvements-generationnels-peuvent-ils-mettre-fin-a-la-corruption-systemique-lecons-du-nepal-de-lindonesie-et-des-philippines\/\">https:\/\/www.pressenza.com\/fr\/2025\/10\/forum-international-les-mouvements-generationnels-peuvent-ils-mettre-fin-a-la-corruption-systemique-lecons-du-nepal-de-lindonesie-et-des-philippines\/<\/a><\/p>\n","protected":false},"excerpt":{"rendered":"<p>\u00ab Nous pouvons vivre sans huile de palme ou sucre de canne ; nous ne pouvons pas vivre sans nos terres et nos for\u00eats \u00bb t\u00e9moignent les habitants de la r\u00e9gion. Il y a quelques jours, \u00e0 Bruxelles, se tenait&hellip;<\/p>\n","protected":false},"author":807,"featured_media":2660266,"comment_status":"closed","ping_status":"closed","sticky":false,"template":"","format":"standard","meta":{"footnotes":""},"categories":[84,11386,94,98,97,99],"tags":[85332,16794,147971,53862],"class_list":["post-2660264","post","type-post","status-publish","format-standard","has-post-thumbnail","hentry","category-asia-fr","category-contenu-original","category-culture-fr","category-droits-de-lhomme","category-environnement-et-ecologie","category-peuples-autochtones","tag-deforestation-fr","tag-indonesie","tag-merauke","tag-papouasie"],"yoast_head":"<!-- This site is optimized with the Yoast SEO plugin v27.1.1 - https:\/\/yoast.com\/product\/yoast-seo-wordpress\/ -->\n<title>Papouasie : l&#039;urgence de r\u00e9agir face \u00e0 l&#039;ethnocide en cours !<\/title>\n<meta name=\"description\" content=\"\u00ab Nous pouvons vivre sans huile de palme ou sucre de canne ; nous ne pouvons pas vivre sans nos terres et nos for\u00eats \u00bb t\u00e9moignent les habitants de la\" \/>\n<meta name=\"robots\" content=\"index, follow, max-snippet:-1, max-image-preview:large, max-video-preview:-1\" \/>\n<link rel=\"canonical\" href=\"https:\/\/www.pressenza.com\/fr\/2025\/12\/papouasie-lurgence-de-reagir-face-a-lethnocide-en-cours\/\" \/>\n<meta property=\"og:locale\" content=\"fr_FR\" \/>\n<meta property=\"og:type\" content=\"article\" \/>\n<meta property=\"og:title\" content=\"Papouasie : l&#039;urgence de r\u00e9agir face \u00e0 l&#039;ethnocide en cours !\" \/>\n<meta property=\"og:description\" content=\"\u00ab Nous pouvons vivre sans huile de palme ou sucre de canne ; nous ne pouvons pas vivre sans nos terres et nos for\u00eats \u00bb t\u00e9moignent les habitants de la\" \/>\n<meta property=\"og:url\" content=\"https:\/\/www.pressenza.com\/fr\/2025\/12\/papouasie-lurgence-de-reagir-face-a-lethnocide-en-cours\/\" \/>\n<meta property=\"og:site_name\" content=\"Pressenza\" \/>\n<meta property=\"article:publisher\" content=\"https:\/\/www.facebook.com\/PressenzaItalia\" \/>\n<meta property=\"article:published_time\" content=\"2025-12-10T21:22:36+00:00\" \/>\n<meta property=\"og:image\" content=\"https:\/\/www.pressenza.com\/wp-content\/uploads\/2025\/12\/Papouasie.jpg\" \/>\n\t<meta property=\"og:image:width\" content=\"1920\" \/>\n\t<meta property=\"og:image:height\" content=\"1280\" \/>\n\t<meta property=\"og:image:type\" content=\"image\/jpeg\" \/>\n<meta name=\"author\" content=\"R\u00e9daction Belgique\" \/>\n<meta name=\"twitter:card\" content=\"summary_large_image\" \/>\n<meta name=\"twitter:creator\" content=\"@PressenzaIPA\" \/>\n<meta name=\"twitter:site\" content=\"@PressenzaIPA\" \/>\n<meta name=\"twitter:label1\" content=\"\u00c9crit par\" \/>\n\t<meta name=\"twitter:data1\" content=\"R\u00e9daction Belgique\" \/>\n\t<meta name=\"twitter:label2\" content=\"Dur\u00e9e de lecture estim\u00e9e\" \/>\n\t<meta name=\"twitter:data2\" content=\"3 minutes\" \/>\n<script type=\"application\/ld+json\" class=\"yoast-schema-graph\">{\"@context\":\"https:\/\/schema.org\",\"@graph\":[{\"@type\":\"Article\",\"@id\":\"https:\/\/www.pressenza.com\/fr\/2025\/12\/papouasie-lurgence-de-reagir-face-a-lethnocide-en-cours\/#article\",\"isPartOf\":{\"@id\":\"https:\/\/www.pressenza.com\/fr\/2025\/12\/papouasie-lurgence-de-reagir-face-a-lethnocide-en-cours\/\"},\"author\":{\"name\":\"R\u00e9daction Belgique\",\"@id\":\"https:\/\/www.pressenza.com\/fr\/#\/schema\/person\/86412bf1f68934d02d03035e031f781f\"},\"headline\":\"Papouasie : l&rsquo;urgence de r\u00e9agir face \u00e0 l&rsquo;ethnocide en cours !\",\"datePublished\":\"2025-12-10T21:22:36+00:00\",\"mainEntityOfPage\":{\"@id\":\"https:\/\/www.pressenza.com\/fr\/2025\/12\/papouasie-lurgence-de-reagir-face-a-lethnocide-en-cours\/\"},\"wordCount\":397,\"publisher\":{\"@id\":\"https:\/\/www.pressenza.com\/fr\/#organization\"},\"image\":{\"@id\":\"https:\/\/www.pressenza.com\/fr\/2025\/12\/papouasie-lurgence-de-reagir-face-a-lethnocide-en-cours\/#primaryimage\"},\"thumbnailUrl\":\"https:\/\/www.pressenza.com\/wp-content\/uploads\/2025\/12\/Papouasie.jpg\",\"keywords\":[\"Deforestation\",\"Indon\u00e9sie\",\"Merauke\",\"Papouasie\"],\"articleSection\":[\"Asie\",\"Contenu Original\",\"Culture et M\u00e9dias\",\"Droits humains\",\"Ecologie et Environnement\",\"Peuples originaires\"],\"inLanguage\":\"fr-FR\"},{\"@type\":\"WebPage\",\"@id\":\"https:\/\/www.pressenza.com\/fr\/2025\/12\/papouasie-lurgence-de-reagir-face-a-lethnocide-en-cours\/\",\"url\":\"https:\/\/www.pressenza.com\/fr\/2025\/12\/papouasie-lurgence-de-reagir-face-a-lethnocide-en-cours\/\",\"name\":\"Papouasie : l'urgence de r\u00e9agir face \u00e0 l'ethnocide en cours !\",\"isPartOf\":{\"@id\":\"https:\/\/www.pressenza.com\/fr\/#website\"},\"primaryImageOfPage\":{\"@id\":\"https:\/\/www.pressenza.com\/fr\/2025\/12\/papouasie-lurgence-de-reagir-face-a-lethnocide-en-cours\/#primaryimage\"},\"image\":{\"@id\":\"https:\/\/www.pressenza.com\/fr\/2025\/12\/papouasie-lurgence-de-reagir-face-a-lethnocide-en-cours\/#primaryimage\"},\"thumbnailUrl\":\"https:\/\/www.pressenza.com\/wp-content\/uploads\/2025\/12\/Papouasie.jpg\",\"datePublished\":\"2025-12-10T21:22:36+00:00\",\"description\":\"\u00ab Nous pouvons vivre sans huile de palme ou sucre de canne ; nous ne pouvons pas vivre sans nos terres et nos for\u00eats \u00bb t\u00e9moignent les habitants de la\",\"breadcrumb\":{\"@id\":\"https:\/\/www.pressenza.com\/fr\/2025\/12\/papouasie-lurgence-de-reagir-face-a-lethnocide-en-cours\/#breadcrumb\"},\"inLanguage\":\"fr-FR\",\"potentialAction\":[{\"@type\":\"ReadAction\",\"target\":[\"https:\/\/www.pressenza.com\/fr\/2025\/12\/papouasie-lurgence-de-reagir-face-a-lethnocide-en-cours\/\"]}]},{\"@type\":\"ImageObject\",\"inLanguage\":\"fr-FR\",\"@id\":\"https:\/\/www.pressenza.com\/fr\/2025\/12\/papouasie-lurgence-de-reagir-face-a-lethnocide-en-cours\/#primaryimage\",\"url\":\"https:\/\/www.pressenza.com\/wp-content\/uploads\/2025\/12\/Papouasie.jpg\",\"contentUrl\":\"https:\/\/www.pressenza.com\/wp-content\/uploads\/2025\/12\/Papouasie.jpg\",\"width\":1920,\"height\":1280,\"caption\":\"Peuple autochtone Papouasie\"},{\"@type\":\"BreadcrumbList\",\"@id\":\"https:\/\/www.pressenza.com\/fr\/2025\/12\/papouasie-lurgence-de-reagir-face-a-lethnocide-en-cours\/#breadcrumb\",\"itemListElement\":[{\"@type\":\"ListItem\",\"position\":1,\"name\":\"Accueil\",\"item\":\"https:\/\/www.pressenza.com\/fr\/\"},{\"@type\":\"ListItem\",\"position\":2,\"name\":\"Papouasie : l&rsquo;urgence de r\u00e9agir face \u00e0 l&rsquo;ethnocide en cours !\"}]},{\"@type\":\"WebSite\",\"@id\":\"https:\/\/www.pressenza.com\/fr\/#website\",\"url\":\"https:\/\/www.pressenza.com\/fr\/\",\"name\":\"Pressenza\",\"description\":\"International Press Agency\",\"publisher\":{\"@id\":\"https:\/\/www.pressenza.com\/fr\/#organization\"},\"potentialAction\":[{\"@type\":\"SearchAction\",\"target\":{\"@type\":\"EntryPoint\",\"urlTemplate\":\"https:\/\/www.pressenza.com\/fr\/?s={search_term_string}\"},\"query-input\":{\"@type\":\"PropertyValueSpecification\",\"valueRequired\":true,\"valueName\":\"search_term_string\"}}],\"inLanguage\":\"fr-FR\"},{\"@type\":\"Organization\",\"@id\":\"https:\/\/www.pressenza.com\/fr\/#organization\",\"name\":\"Pressenza\",\"url\":\"https:\/\/www.pressenza.com\/fr\/\",\"logo\":{\"@type\":\"ImageObject\",\"inLanguage\":\"fr-FR\",\"@id\":\"https:\/\/www.pressenza.com\/fr\/#\/schema\/logo\/image\/\",\"url\":\"https:\/\/www.pressenza.com\/wp-content\/uploads\/2022\/10\/pressenza_logo_200x200.jpg\",\"contentUrl\":\"https:\/\/www.pressenza.com\/wp-content\/uploads\/2022\/10\/pressenza_logo_200x200.jpg\",\"width\":200,\"height\":200,\"caption\":\"Pressenza\"},\"image\":{\"@id\":\"https:\/\/www.pressenza.com\/fr\/#\/schema\/logo\/image\/\"},\"sameAs\":[\"https:\/\/www.facebook.com\/PressenzaItalia\",\"https:\/\/x.com\/PressenzaIPA\"]},{\"@type\":\"Person\",\"@id\":\"https:\/\/www.pressenza.com\/fr\/#\/schema\/person\/86412bf1f68934d02d03035e031f781f\",\"name\":\"R\u00e9daction Belgique\",\"description\":\"News published by the Pressenza bureau in Belgium\",\"url\":\"https:\/\/www.pressenza.com\/fr\/author\/redaction-belgique\/\"}]}<\/script>\n<!-- \/ Yoast SEO plugin. -->","yoast_head_json":{"title":"Papouasie : l'urgence de r\u00e9agir face \u00e0 l'ethnocide en cours !","description":"\u00ab Nous pouvons vivre sans huile de palme ou sucre de canne ; nous ne pouvons pas vivre sans nos terres et nos for\u00eats \u00bb t\u00e9moignent les habitants de la","robots":{"index":"index","follow":"follow","max-snippet":"max-snippet:-1","max-image-preview":"max-image-preview:large","max-video-preview":"max-video-preview:-1"},"canonical":"https:\/\/www.pressenza.com\/fr\/2025\/12\/papouasie-lurgence-de-reagir-face-a-lethnocide-en-cours\/","og_locale":"fr_FR","og_type":"article","og_title":"Papouasie : l'urgence de r\u00e9agir face \u00e0 l'ethnocide en cours !","og_description":"\u00ab Nous pouvons vivre sans huile de palme ou sucre de canne ; nous ne pouvons pas vivre sans nos terres et nos for\u00eats \u00bb t\u00e9moignent les habitants de la","og_url":"https:\/\/www.pressenza.com\/fr\/2025\/12\/papouasie-lurgence-de-reagir-face-a-lethnocide-en-cours\/","og_site_name":"Pressenza","article_publisher":"https:\/\/www.facebook.com\/PressenzaItalia","article_published_time":"2025-12-10T21:22:36+00:00","og_image":[{"width":1920,"height":1280,"url":"https:\/\/www.pressenza.com\/wp-content\/uploads\/2025\/12\/Papouasie.jpg","type":"image\/jpeg"}],"author":"R\u00e9daction Belgique","twitter_card":"summary_large_image","twitter_creator":"@PressenzaIPA","twitter_site":"@PressenzaIPA","twitter_misc":{"\u00c9crit par":"R\u00e9daction Belgique","Dur\u00e9e de lecture estim\u00e9e":"3 minutes"},"schema":{"@context":"https:\/\/schema.org","@graph":[{"@type":"Article","@id":"https:\/\/www.pressenza.com\/fr\/2025\/12\/papouasie-lurgence-de-reagir-face-a-lethnocide-en-cours\/#article","isPartOf":{"@id":"https:\/\/www.pressenza.com\/fr\/2025\/12\/papouasie-lurgence-de-reagir-face-a-lethnocide-en-cours\/"},"author":{"name":"R\u00e9daction Belgique","@id":"https:\/\/www.pressenza.com\/fr\/#\/schema\/person\/86412bf1f68934d02d03035e031f781f"},"headline":"Papouasie : l&rsquo;urgence de r\u00e9agir face \u00e0 l&rsquo;ethnocide en cours !","datePublished":"2025-12-10T21:22:36+00:00","mainEntityOfPage":{"@id":"https:\/\/www.pressenza.com\/fr\/2025\/12\/papouasie-lurgence-de-reagir-face-a-lethnocide-en-cours\/"},"wordCount":397,"publisher":{"@id":"https:\/\/www.pressenza.com\/fr\/#organization"},"image":{"@id":"https:\/\/www.pressenza.com\/fr\/2025\/12\/papouasie-lurgence-de-reagir-face-a-lethnocide-en-cours\/#primaryimage"},"thumbnailUrl":"https:\/\/www.pressenza.com\/wp-content\/uploads\/2025\/12\/Papouasie.jpg","keywords":["Deforestation","Indon\u00e9sie","Merauke","Papouasie"],"articleSection":["Asie","Contenu Original","Culture et M\u00e9dias","Droits humains","Ecologie et Environnement","Peuples originaires"],"inLanguage":"fr-FR"},{"@type":"WebPage","@id":"https:\/\/www.pressenza.com\/fr\/2025\/12\/papouasie-lurgence-de-reagir-face-a-lethnocide-en-cours\/","url":"https:\/\/www.pressenza.com\/fr\/2025\/12\/papouasie-lurgence-de-reagir-face-a-lethnocide-en-cours\/","name":"Papouasie : l'urgence de r\u00e9agir face \u00e0 l'ethnocide en cours !","isPartOf":{"@id":"https:\/\/www.pressenza.com\/fr\/#website"},"primaryImageOfPage":{"@id":"https:\/\/www.pressenza.com\/fr\/2025\/12\/papouasie-lurgence-de-reagir-face-a-lethnocide-en-cours\/#primaryimage"},"image":{"@id":"https:\/\/www.pressenza.com\/fr\/2025\/12\/papouasie-lurgence-de-reagir-face-a-lethnocide-en-cours\/#primaryimage"},"thumbnailUrl":"https:\/\/www.pressenza.com\/wp-content\/uploads\/2025\/12\/Papouasie.jpg","datePublished":"2025-12-10T21:22:36+00:00","description":"\u00ab Nous pouvons vivre sans huile de palme ou sucre de canne ; nous ne pouvons pas vivre sans nos terres et nos for\u00eats \u00bb t\u00e9moignent les habitants de la","breadcrumb":{"@id":"https:\/\/www.pressenza.com\/fr\/2025\/12\/papouasie-lurgence-de-reagir-face-a-lethnocide-en-cours\/#breadcrumb"},"inLanguage":"fr-FR","potentialAction":[{"@type":"ReadAction","target":["https:\/\/www.pressenza.com\/fr\/2025\/12\/papouasie-lurgence-de-reagir-face-a-lethnocide-en-cours\/"]}]},{"@type":"ImageObject","inLanguage":"fr-FR","@id":"https:\/\/www.pressenza.com\/fr\/2025\/12\/papouasie-lurgence-de-reagir-face-a-lethnocide-en-cours\/#primaryimage","url":"https:\/\/www.pressenza.com\/wp-content\/uploads\/2025\/12\/Papouasie.jpg","contentUrl":"https:\/\/www.pressenza.com\/wp-content\/uploads\/2025\/12\/Papouasie.jpg","width":1920,"height":1280,"caption":"Peuple autochtone Papouasie"},{"@type":"BreadcrumbList","@id":"https:\/\/www.pressenza.com\/fr\/2025\/12\/papouasie-lurgence-de-reagir-face-a-lethnocide-en-cours\/#breadcrumb","itemListElement":[{"@type":"ListItem","position":1,"name":"Accueil","item":"https:\/\/www.pressenza.com\/fr\/"},{"@type":"ListItem","position":2,"name":"Papouasie : l&rsquo;urgence de r\u00e9agir face \u00e0 l&rsquo;ethnocide en cours !"}]},{"@type":"WebSite","@id":"https:\/\/www.pressenza.com\/fr\/#website","url":"https:\/\/www.pressenza.com\/fr\/","name":"Pressenza","description":"International Press Agency","publisher":{"@id":"https:\/\/www.pressenza.com\/fr\/#organization"},"potentialAction":[{"@type":"SearchAction","target":{"@type":"EntryPoint","urlTemplate":"https:\/\/www.pressenza.com\/fr\/?s={search_term_string}"},"query-input":{"@type":"PropertyValueSpecification","valueRequired":true,"valueName":"search_term_string"}}],"inLanguage":"fr-FR"},{"@type":"Organization","@id":"https:\/\/www.pressenza.com\/fr\/#organization","name":"Pressenza","url":"https:\/\/www.pressenza.com\/fr\/","logo":{"@type":"ImageObject","inLanguage":"fr-FR","@id":"https:\/\/www.pressenza.com\/fr\/#\/schema\/logo\/image\/","url":"https:\/\/www.pressenza.com\/wp-content\/uploads\/2022\/10\/pressenza_logo_200x200.jpg","contentUrl":"https:\/\/www.pressenza.com\/wp-content\/uploads\/2022\/10\/pressenza_logo_200x200.jpg","width":200,"height":200,"caption":"Pressenza"},"image":{"@id":"https:\/\/www.pressenza.com\/fr\/#\/schema\/logo\/image\/"},"sameAs":["https:\/\/www.facebook.com\/PressenzaItalia","https:\/\/x.com\/PressenzaIPA"]},{"@type":"Person","@id":"https:\/\/www.pressenza.com\/fr\/#\/schema\/person\/86412bf1f68934d02d03035e031f781f","name":"R\u00e9daction Belgique","description":"News published by the Pressenza bureau in Belgium","url":"https:\/\/www.pressenza.com\/fr\/author\/redaction-belgique\/"}]}},"place":"Indon\u00e9sie-Papouasie","original_article_url":"","_links":{"self":[{"href":"https:\/\/www.pressenza.com\/fr\/wp-json\/wp\/v2\/posts\/2660264","targetHints":{"allow":["GET"]}}],"collection":[{"href":"https:\/\/www.pressenza.com\/fr\/wp-json\/wp\/v2\/posts"}],"about":[{"href":"https:\/\/www.pressenza.com\/fr\/wp-json\/wp\/v2\/types\/post"}],"author":[{"embeddable":true,"href":"https:\/\/www.pressenza.com\/fr\/wp-json\/wp\/v2\/users\/807"}],"replies":[{"embeddable":true,"href":"https:\/\/www.pressenza.com\/fr\/wp-json\/wp\/v2\/comments?post=2660264"}],"version-history":[{"count":1,"href":"https:\/\/www.pressenza.com\/fr\/wp-json\/wp\/v2\/posts\/2660264\/revisions"}],"predecessor-version":[{"id":2660280,"href":"https:\/\/www.pressenza.com\/fr\/wp-json\/wp\/v2\/posts\/2660264\/revisions\/2660280"}],"wp:featuredmedia":[{"embeddable":true,"href":"https:\/\/www.pressenza.com\/fr\/wp-json\/wp\/v2\/media\/2660266"}],"wp:attachment":[{"href":"https:\/\/www.pressenza.com\/fr\/wp-json\/wp\/v2\/media?parent=2660264"}],"wp:term":[{"taxonomy":"category","embeddable":true,"href":"https:\/\/www.pressenza.com\/fr\/wp-json\/wp\/v2\/categories?post=2660264"},{"taxonomy":"post_tag","embeddable":true,"href":"https:\/\/www.pressenza.com\/fr\/wp-json\/wp\/v2\/tags?post=2660264"}],"curies":[{"name":"wp","href":"https:\/\/api.w.org\/{rel}","templated":true}]}}