{"id":2654355,"date":"2025-11-20T21:18:27","date_gmt":"2025-11-20T21:18:27","guid":{"rendered":"https:\/\/www.pressenza.com\/?p=2654355"},"modified":"2025-11-21T12:45:31","modified_gmt":"2025-11-21T12:45:31","slug":"nouvelle-campagne-pour-la-liberation-de-marwan-barghouti","status":"publish","type":"post","link":"https:\/\/www.pressenza.com\/fr\/2025\/11\/nouvelle-campagne-pour-la-liberation-de-marwan-barghouti\/","title":{"rendered":"Nouvelle campagne pour la lib\u00e9ration de Marwan Barghouti"},"content":{"rendered":"<p>La campagne internationale pour la lib\u00e9ration de <strong>Marwan Barghouti<\/strong> et de tous les prisonniers politiques palestiniens sera officiellement lanc\u00e9e le 29 novembre 2025, comme l&rsquo;a annonc\u00e9 son fils Arab Barghouti dans une vid\u00e9o diffus\u00e9e ces derniers jours.<\/p>\n<p>Marwan Barghouti est d\u00e9tenu depuis 23 ans dans les prisons isra\u00e9liennes dans des conditions inhumaines, condamn\u00e9 \u00e0 cinq peines d&#8217;emprisonnement \u00e0 perp\u00e9tuit\u00e9 \u00e0 l&rsquo;issue d&rsquo;un proc\u00e8s in\u00e9quitable et sur la base d&rsquo;accusations qu&rsquo;il a rejet\u00e9es.<\/p>\n<p>Lors des r\u00e9centes n\u00e9gociations de cessez-le-feu, son nom avait \u00e9t\u00e9 cit\u00e9 parmi les prisonniers palestiniens qu&rsquo;Isra\u00ebl aurait lib\u00e9r\u00e9s en \u00e9change des otages, mais cela n&rsquo;a finalement pas \u00e9t\u00e9 le cas.<\/p>\n<p>Beaucoup pensent que Barghouti, consid\u00e9r\u00e9 comme le <strong>Nelson Mandela du Moyen-Orient,<\/strong> pourrait \u00eatre le leader capable de r\u00e9unifier les factions palestiniennes et d&rsquo;\u00eatre un interlocuteur valable dans les prochaines \u00e9tapes des n\u00e9gociations de paix.<\/p>\n","protected":false},"excerpt":{"rendered":"<p>La campagne internationale pour la lib\u00e9ration de Marwan Barghouti et de tous les prisonniers politiques palestiniens sera officiellement lanc\u00e9e le 29 novembre 2025, comme l&rsquo;a annonc\u00e9 son fils Arab Barghouti dans une vid\u00e9o diffus\u00e9e ces derniers jours. Marwan Barghouti est&hellip;<\/p>\n","protected":false},"author":19,"featured_media":2654357,"comment_status":"closed","ping_status":"closed","sticky":false,"template":"","format":"standard","meta":{"footnotes":""},"categories":[11386,98,1250],"tags":[146745,1113],"class_list":["post-2654355","post","type-post","status-publish","format-standard","has-post-thumbnail","hentry","category-contenu-original","category-droits-de-lhomme","category-paix-desarmement","tag-marwan-barghouti","tag-palestine-fr"],"yoast_head":"<!-- This site is optimized with the Yoast SEO plugin v27.1.1 - https:\/\/yoast.com\/product\/yoast-seo-wordpress\/ -->\n<title>Nouvelle campagne pour la lib\u00e9ration de Marwan Barghouti<\/title>\n<meta name=\"description\" content=\"La campagne internationale pour la lib\u00e9ration de Marwan Barghouti et de tous les prisonniers politiques palestiniens sera officiellement lanc\u00e9e le 29\" \/>\n<meta name=\"robots\" content=\"index, follow, max-snippet:-1, max-image-preview:large, max-video-preview:-1\" \/>\n<link rel=\"canonical\" href=\"https:\/\/www.pressenza.com\/fr\/2025\/11\/nouvelle-campagne-pour-la-liberation-de-marwan-barghouti\/\" \/>\n<meta property=\"og:locale\" content=\"fr_FR\" \/>\n<meta property=\"og:type\" content=\"article\" \/>\n<meta property=\"og:title\" content=\"Nouvelle campagne pour la lib\u00e9ration de Marwan Barghouti\" \/>\n<meta property=\"og:description\" content=\"La campagne internationale pour la lib\u00e9ration de Marwan Barghouti et de tous les prisonniers politiques palestiniens sera officiellement lanc\u00e9e le 29\" \/>\n<meta property=\"og:url\" content=\"https:\/\/www.pressenza.com\/fr\/2025\/11\/nouvelle-campagne-pour-la-liberation-de-marwan-barghouti\/\" \/>\n<meta property=\"og:site_name\" content=\"Pressenza\" \/>\n<meta property=\"article:publisher\" content=\"https:\/\/www.facebook.com\/PressenzaItalia\" \/>\n<meta property=\"article:author\" content=\"https:\/\/www.facebook.com\/pressenza\" \/>\n<meta property=\"article:published_time\" content=\"2025-11-20T21:18:27+00:00\" \/>\n<meta property=\"article:modified_time\" content=\"2025-11-21T12:45:31+00:00\" \/>\n<meta property=\"og:image\" content=\"https:\/\/www.pressenza.com\/wp-content\/uploads\/2025\/10\/Marwan-Barghouti-e-Nelson-Mandela-Assopace-Palestina.jpg\" \/>\n\t<meta property=\"og:image:width\" content=\"960\" \/>\n\t<meta property=\"og:image:height\" content=\"589\" \/>\n\t<meta property=\"og:image:type\" content=\"image\/jpeg\" \/>\n<meta name=\"author\" content=\"Pressenza IPA\" \/>\n<meta name=\"twitter:card\" content=\"summary_large_image\" \/>\n<meta name=\"twitter:creator\" content=\"@PressenzaIPA\" \/>\n<meta name=\"twitter:site\" content=\"@PressenzaIPA\" \/>\n<meta name=\"twitter:label1\" content=\"\u00c9crit par\" \/>\n\t<meta name=\"twitter:data1\" content=\"Pressenza IPA\" \/>\n\t<meta name=\"twitter:label2\" content=\"Dur\u00e9e de lecture estim\u00e9e\" \/>\n\t<meta name=\"twitter:data2\" content=\"1 minute\" \/>\n<script type=\"application\/ld+json\" class=\"yoast-schema-graph\">{\"@context\":\"https:\/\/schema.org\",\"@graph\":[{\"@type\":\"Article\",\"@id\":\"https:\/\/www.pressenza.com\/fr\/2025\/11\/nouvelle-campagne-pour-la-liberation-de-marwan-barghouti\/#article\",\"isPartOf\":{\"@id\":\"https:\/\/www.pressenza.com\/fr\/2025\/11\/nouvelle-campagne-pour-la-liberation-de-marwan-barghouti\/\"},\"author\":{\"name\":\"Pressenza IPA\",\"@id\":\"https:\/\/www.pressenza.com\/fr\/#\/schema\/person\/010e5d02bcf40965427a1289a4cc8d75\"},\"headline\":\"Nouvelle campagne pour la lib\u00e9ration de Marwan Barghouti\",\"datePublished\":\"2025-11-20T21:18:27+00:00\",\"dateModified\":\"2025-11-21T12:45:31+00:00\",\"mainEntityOfPage\":{\"@id\":\"https:\/\/www.pressenza.com\/fr\/2025\/11\/nouvelle-campagne-pour-la-liberation-de-marwan-barghouti\/\"},\"wordCount\":166,\"publisher\":{\"@id\":\"https:\/\/www.pressenza.com\/fr\/#organization\"},\"image\":{\"@id\":\"https:\/\/www.pressenza.com\/fr\/2025\/11\/nouvelle-campagne-pour-la-liberation-de-marwan-barghouti\/#primaryimage\"},\"thumbnailUrl\":\"https:\/\/www.pressenza.com\/wp-content\/uploads\/2025\/10\/Marwan-Barghouti-e-Nelson-Mandela-Assopace-Palestina.jpg\",\"keywords\":[\"Marwan Barghouti\",\"Palestine\"],\"articleSection\":[\"Contenu Original\",\"Droits humains\",\"Paix et D\u00e9sarmement\"],\"inLanguage\":\"fr-FR\"},{\"@type\":\"WebPage\",\"@id\":\"https:\/\/www.pressenza.com\/fr\/2025\/11\/nouvelle-campagne-pour-la-liberation-de-marwan-barghouti\/\",\"url\":\"https:\/\/www.pressenza.com\/fr\/2025\/11\/nouvelle-campagne-pour-la-liberation-de-marwan-barghouti\/\",\"name\":\"Nouvelle campagne pour la lib\u00e9ration de Marwan Barghouti\",\"isPartOf\":{\"@id\":\"https:\/\/www.pressenza.com\/fr\/#website\"},\"primaryImageOfPage\":{\"@id\":\"https:\/\/www.pressenza.com\/fr\/2025\/11\/nouvelle-campagne-pour-la-liberation-de-marwan-barghouti\/#primaryimage\"},\"image\":{\"@id\":\"https:\/\/www.pressenza.com\/fr\/2025\/11\/nouvelle-campagne-pour-la-liberation-de-marwan-barghouti\/#primaryimage\"},\"thumbnailUrl\":\"https:\/\/www.pressenza.com\/wp-content\/uploads\/2025\/10\/Marwan-Barghouti-e-Nelson-Mandela-Assopace-Palestina.jpg\",\"datePublished\":\"2025-11-20T21:18:27+00:00\",\"dateModified\":\"2025-11-21T12:45:31+00:00\",\"description\":\"La campagne internationale pour la lib\u00e9ration de Marwan Barghouti et de tous les prisonniers politiques palestiniens sera officiellement lanc\u00e9e le 29\",\"breadcrumb\":{\"@id\":\"https:\/\/www.pressenza.com\/fr\/2025\/11\/nouvelle-campagne-pour-la-liberation-de-marwan-barghouti\/#breadcrumb\"},\"inLanguage\":\"fr-FR\",\"potentialAction\":[{\"@type\":\"ReadAction\",\"target\":[\"https:\/\/www.pressenza.com\/fr\/2025\/11\/nouvelle-campagne-pour-la-liberation-de-marwan-barghouti\/\"]}]},{\"@type\":\"ImageObject\",\"inLanguage\":\"fr-FR\",\"@id\":\"https:\/\/www.pressenza.com\/fr\/2025\/11\/nouvelle-campagne-pour-la-liberation-de-marwan-barghouti\/#primaryimage\",\"url\":\"https:\/\/www.pressenza.com\/wp-content\/uploads\/2025\/10\/Marwan-Barghouti-e-Nelson-Mandela-Assopace-Palestina.jpg\",\"contentUrl\":\"https:\/\/www.pressenza.com\/wp-content\/uploads\/2025\/10\/Marwan-Barghouti-e-Nelson-Mandela-Assopace-Palestina.jpg\",\"width\":960,\"height\":589,\"caption\":\"Marwan Barghouti , Nelson Mandela - Assopace Palestina\"},{\"@type\":\"BreadcrumbList\",\"@id\":\"https:\/\/www.pressenza.com\/fr\/2025\/11\/nouvelle-campagne-pour-la-liberation-de-marwan-barghouti\/#breadcrumb\",\"itemListElement\":[{\"@type\":\"ListItem\",\"position\":1,\"name\":\"Accueil\",\"item\":\"https:\/\/www.pressenza.com\/fr\/\"},{\"@type\":\"ListItem\",\"position\":2,\"name\":\"Nouvelle campagne pour la lib\u00e9ration de Marwan Barghouti\"}]},{\"@type\":\"WebSite\",\"@id\":\"https:\/\/www.pressenza.com\/fr\/#website\",\"url\":\"https:\/\/www.pressenza.com\/fr\/\",\"name\":\"Pressenza\",\"description\":\"International Press Agency\",\"publisher\":{\"@id\":\"https:\/\/www.pressenza.com\/fr\/#organization\"},\"potentialAction\":[{\"@type\":\"SearchAction\",\"target\":{\"@type\":\"EntryPoint\",\"urlTemplate\":\"https:\/\/www.pressenza.com\/fr\/?s={search_term_string}\"},\"query-input\":{\"@type\":\"PropertyValueSpecification\",\"valueRequired\":true,\"valueName\":\"search_term_string\"}}],\"inLanguage\":\"fr-FR\"},{\"@type\":\"Organization\",\"@id\":\"https:\/\/www.pressenza.com\/fr\/#organization\",\"name\":\"Pressenza\",\"url\":\"https:\/\/www.pressenza.com\/fr\/\",\"logo\":{\"@type\":\"ImageObject\",\"inLanguage\":\"fr-FR\",\"@id\":\"https:\/\/www.pressenza.com\/fr\/#\/schema\/logo\/image\/\",\"url\":\"https:\/\/www.pressenza.com\/wp-content\/uploads\/2022\/10\/pressenza_logo_200x200.jpg\",\"contentUrl\":\"https:\/\/www.pressenza.com\/wp-content\/uploads\/2022\/10\/pressenza_logo_200x200.jpg\",\"width\":200,\"height\":200,\"caption\":\"Pressenza\"},\"image\":{\"@id\":\"https:\/\/www.pressenza.com\/fr\/#\/schema\/logo\/image\/\"},\"sameAs\":[\"https:\/\/www.facebook.com\/PressenzaItalia\",\"https:\/\/x.com\/PressenzaIPA\"]},{\"@type\":\"Person\",\"@id\":\"https:\/\/www.pressenza.com\/fr\/#\/schema\/person\/010e5d02bcf40965427a1289a4cc8d75\",\"name\":\"Pressenza IPA\",\"description\":\"News from Pressenza IPA correspondents\",\"sameAs\":[\"https:\/\/www.facebook.com\/pressenza\",\"https:\/\/x.com\/PressenzaIPA\"],\"url\":\"https:\/\/www.pressenza.com\/fr\/author\/pressenza-ipa\/\"}]}<\/script>\n<!-- \/ Yoast SEO plugin. -->","yoast_head_json":{"title":"Nouvelle campagne pour la lib\u00e9ration de Marwan Barghouti","description":"La campagne internationale pour la lib\u00e9ration de Marwan Barghouti et de tous les prisonniers politiques palestiniens sera officiellement lanc\u00e9e le 29","robots":{"index":"index","follow":"follow","max-snippet":"max-snippet:-1","max-image-preview":"max-image-preview:large","max-video-preview":"max-video-preview:-1"},"canonical":"https:\/\/www.pressenza.com\/fr\/2025\/11\/nouvelle-campagne-pour-la-liberation-de-marwan-barghouti\/","og_locale":"fr_FR","og_type":"article","og_title":"Nouvelle campagne pour la lib\u00e9ration de Marwan Barghouti","og_description":"La campagne internationale pour la lib\u00e9ration de Marwan Barghouti et de tous les prisonniers politiques palestiniens sera officiellement lanc\u00e9e le 29","og_url":"https:\/\/www.pressenza.com\/fr\/2025\/11\/nouvelle-campagne-pour-la-liberation-de-marwan-barghouti\/","og_site_name":"Pressenza","article_publisher":"https:\/\/www.facebook.com\/PressenzaItalia","article_author":"https:\/\/www.facebook.com\/pressenza","article_published_time":"2025-11-20T21:18:27+00:00","article_modified_time":"2025-11-21T12:45:31+00:00","og_image":[{"width":960,"height":589,"url":"https:\/\/www.pressenza.com\/wp-content\/uploads\/2025\/10\/Marwan-Barghouti-e-Nelson-Mandela-Assopace-Palestina.jpg","type":"image\/jpeg"}],"author":"Pressenza IPA","twitter_card":"summary_large_image","twitter_creator":"@PressenzaIPA","twitter_site":"@PressenzaIPA","twitter_misc":{"\u00c9crit par":"Pressenza IPA","Dur\u00e9e de lecture estim\u00e9e":"1 minute"},"schema":{"@context":"https:\/\/schema.org","@graph":[{"@type":"Article","@id":"https:\/\/www.pressenza.com\/fr\/2025\/11\/nouvelle-campagne-pour-la-liberation-de-marwan-barghouti\/#article","isPartOf":{"@id":"https:\/\/www.pressenza.com\/fr\/2025\/11\/nouvelle-campagne-pour-la-liberation-de-marwan-barghouti\/"},"author":{"name":"Pressenza IPA","@id":"https:\/\/www.pressenza.com\/fr\/#\/schema\/person\/010e5d02bcf40965427a1289a4cc8d75"},"headline":"Nouvelle campagne pour la lib\u00e9ration de Marwan Barghouti","datePublished":"2025-11-20T21:18:27+00:00","dateModified":"2025-11-21T12:45:31+00:00","mainEntityOfPage":{"@id":"https:\/\/www.pressenza.com\/fr\/2025\/11\/nouvelle-campagne-pour-la-liberation-de-marwan-barghouti\/"},"wordCount":166,"publisher":{"@id":"https:\/\/www.pressenza.com\/fr\/#organization"},"image":{"@id":"https:\/\/www.pressenza.com\/fr\/2025\/11\/nouvelle-campagne-pour-la-liberation-de-marwan-barghouti\/#primaryimage"},"thumbnailUrl":"https:\/\/www.pressenza.com\/wp-content\/uploads\/2025\/10\/Marwan-Barghouti-e-Nelson-Mandela-Assopace-Palestina.jpg","keywords":["Marwan Barghouti","Palestine"],"articleSection":["Contenu Original","Droits humains","Paix et D\u00e9sarmement"],"inLanguage":"fr-FR"},{"@type":"WebPage","@id":"https:\/\/www.pressenza.com\/fr\/2025\/11\/nouvelle-campagne-pour-la-liberation-de-marwan-barghouti\/","url":"https:\/\/www.pressenza.com\/fr\/2025\/11\/nouvelle-campagne-pour-la-liberation-de-marwan-barghouti\/","name":"Nouvelle campagne pour la lib\u00e9ration de Marwan Barghouti","isPartOf":{"@id":"https:\/\/www.pressenza.com\/fr\/#website"},"primaryImageOfPage":{"@id":"https:\/\/www.pressenza.com\/fr\/2025\/11\/nouvelle-campagne-pour-la-liberation-de-marwan-barghouti\/#primaryimage"},"image":{"@id":"https:\/\/www.pressenza.com\/fr\/2025\/11\/nouvelle-campagne-pour-la-liberation-de-marwan-barghouti\/#primaryimage"},"thumbnailUrl":"https:\/\/www.pressenza.com\/wp-content\/uploads\/2025\/10\/Marwan-Barghouti-e-Nelson-Mandela-Assopace-Palestina.jpg","datePublished":"2025-11-20T21:18:27+00:00","dateModified":"2025-11-21T12:45:31+00:00","description":"La campagne internationale pour la lib\u00e9ration de Marwan Barghouti et de tous les prisonniers politiques palestiniens sera officiellement lanc\u00e9e le 29","breadcrumb":{"@id":"https:\/\/www.pressenza.com\/fr\/2025\/11\/nouvelle-campagne-pour-la-liberation-de-marwan-barghouti\/#breadcrumb"},"inLanguage":"fr-FR","potentialAction":[{"@type":"ReadAction","target":["https:\/\/www.pressenza.com\/fr\/2025\/11\/nouvelle-campagne-pour-la-liberation-de-marwan-barghouti\/"]}]},{"@type":"ImageObject","inLanguage":"fr-FR","@id":"https:\/\/www.pressenza.com\/fr\/2025\/11\/nouvelle-campagne-pour-la-liberation-de-marwan-barghouti\/#primaryimage","url":"https:\/\/www.pressenza.com\/wp-content\/uploads\/2025\/10\/Marwan-Barghouti-e-Nelson-Mandela-Assopace-Palestina.jpg","contentUrl":"https:\/\/www.pressenza.com\/wp-content\/uploads\/2025\/10\/Marwan-Barghouti-e-Nelson-Mandela-Assopace-Palestina.jpg","width":960,"height":589,"caption":"Marwan Barghouti , Nelson Mandela - Assopace Palestina"},{"@type":"BreadcrumbList","@id":"https:\/\/www.pressenza.com\/fr\/2025\/11\/nouvelle-campagne-pour-la-liberation-de-marwan-barghouti\/#breadcrumb","itemListElement":[{"@type":"ListItem","position":1,"name":"Accueil","item":"https:\/\/www.pressenza.com\/fr\/"},{"@type":"ListItem","position":2,"name":"Nouvelle campagne pour la lib\u00e9ration de Marwan Barghouti"}]},{"@type":"WebSite","@id":"https:\/\/www.pressenza.com\/fr\/#website","url":"https:\/\/www.pressenza.com\/fr\/","name":"Pressenza","description":"International Press Agency","publisher":{"@id":"https:\/\/www.pressenza.com\/fr\/#organization"},"potentialAction":[{"@type":"SearchAction","target":{"@type":"EntryPoint","urlTemplate":"https:\/\/www.pressenza.com\/fr\/?s={search_term_string}"},"query-input":{"@type":"PropertyValueSpecification","valueRequired":true,"valueName":"search_term_string"}}],"inLanguage":"fr-FR"},{"@type":"Organization","@id":"https:\/\/www.pressenza.com\/fr\/#organization","name":"Pressenza","url":"https:\/\/www.pressenza.com\/fr\/","logo":{"@type":"ImageObject","inLanguage":"fr-FR","@id":"https:\/\/www.pressenza.com\/fr\/#\/schema\/logo\/image\/","url":"https:\/\/www.pressenza.com\/wp-content\/uploads\/2022\/10\/pressenza_logo_200x200.jpg","contentUrl":"https:\/\/www.pressenza.com\/wp-content\/uploads\/2022\/10\/pressenza_logo_200x200.jpg","width":200,"height":200,"caption":"Pressenza"},"image":{"@id":"https:\/\/www.pressenza.com\/fr\/#\/schema\/logo\/image\/"},"sameAs":["https:\/\/www.facebook.com\/PressenzaItalia","https:\/\/x.com\/PressenzaIPA"]},{"@type":"Person","@id":"https:\/\/www.pressenza.com\/fr\/#\/schema\/person\/010e5d02bcf40965427a1289a4cc8d75","name":"Pressenza IPA","description":"News from Pressenza IPA correspondents","sameAs":["https:\/\/www.facebook.com\/pressenza","https:\/\/x.com\/PressenzaIPA"],"url":"https:\/\/www.pressenza.com\/fr\/author\/pressenza-ipa\/"}]}},"place":"Israel","original_article_url":"","_links":{"self":[{"href":"https:\/\/www.pressenza.com\/fr\/wp-json\/wp\/v2\/posts\/2654355","targetHints":{"allow":["GET"]}}],"collection":[{"href":"https:\/\/www.pressenza.com\/fr\/wp-json\/wp\/v2\/posts"}],"about":[{"href":"https:\/\/www.pressenza.com\/fr\/wp-json\/wp\/v2\/types\/post"}],"author":[{"embeddable":true,"href":"https:\/\/www.pressenza.com\/fr\/wp-json\/wp\/v2\/users\/19"}],"replies":[{"embeddable":true,"href":"https:\/\/www.pressenza.com\/fr\/wp-json\/wp\/v2\/comments?post=2654355"}],"version-history":[{"count":3,"href":"https:\/\/www.pressenza.com\/fr\/wp-json\/wp\/v2\/posts\/2654355\/revisions"}],"predecessor-version":[{"id":2654549,"href":"https:\/\/www.pressenza.com\/fr\/wp-json\/wp\/v2\/posts\/2654355\/revisions\/2654549"}],"wp:featuredmedia":[{"embeddable":true,"href":"https:\/\/www.pressenza.com\/fr\/wp-json\/wp\/v2\/media\/2654357"}],"wp:attachment":[{"href":"https:\/\/www.pressenza.com\/fr\/wp-json\/wp\/v2\/media?parent=2654355"}],"wp:term":[{"taxonomy":"category","embeddable":true,"href":"https:\/\/www.pressenza.com\/fr\/wp-json\/wp\/v2\/categories?post=2654355"},{"taxonomy":"post_tag","embeddable":true,"href":"https:\/\/www.pressenza.com\/fr\/wp-json\/wp\/v2\/tags?post=2654355"}],"curies":[{"name":"wp","href":"https:\/\/api.w.org\/{rel}","templated":true}]}}