{"id":2654241,"date":"2025-11-20T14:39:43","date_gmt":"2025-11-20T14:39:43","guid":{"rendered":"https:\/\/www.pressenza.com\/?p=2654241"},"modified":"2025-11-20T15:10:13","modified_gmt":"2025-11-20T15:10:13","slug":"les-adultes-font-la-guerre-les-enfants-imaginent-la-paix","status":"publish","type":"post","link":"https:\/\/www.pressenza.com\/fr\/2025\/11\/les-adultes-font-la-guerre-les-enfants-imaginent-la-paix\/","title":{"rendered":"Les adultes font la guerre. Les enfants imaginent la paix"},"content":{"rendered":"<p><b><span dir=\"auto\">Les adultes font la guerre. La paix est-elle alors la responsabilit\u00e9 des enfants ?<\/span><\/b><\/p>\n<p><span dir=\"auto\">Selon le <\/span><a href=\"https:\/\/www.dw.com\/en\/number-of-civilians-killed-in-wars-soars-in-2023-un-report\/a-69403076\"><span dir=\"auto\">Haut-Commissaire des Nations Unies aux droits de l&rsquo;homme, Volker T\u00fcrk,<\/span><\/a><span dir=\"auto\"> \u00ab le nombre de morts civiles dans les conflits arm\u00e9s a augment\u00e9 de 72 % en 2023 et la proportion de femmes tu\u00e9es en 2023 a doubl\u00e9 et celle des enfants a tripl\u00e9 \u00bb.<\/span><\/p>\n<blockquote><p><b><span dir=\"auto\">\u00ab Nous avons toujours le sentiment que notre vie est menac\u00e9e. \u00bb<\/span><\/b><\/p><\/blockquote>\n<blockquote><p><span dir=\"auto\">\u00ab Ils bombardent nos maisons, nos \u00e9coles et m\u00eame nos h\u00f4pitaux\u2026 nous avons toujours l\u2019impression que notre vie est menac\u00e9e \u00bb, <\/span><a href=\"https:\/\/www.soschildrensvillages.org.uk\/news\/stomping-for-peace-children-call-for-end-of-violence-and-conflict\/\"><span dir=\"auto\">a d\u00e9clar\u00e9 une jeune fille de 15 ans<\/span><\/a><span dir=\"auto\"> originaire de Gaza en novembre 2024.<\/span><\/p><\/blockquote>\n<p><span dir=\"auto\">Au Soudan, \u00e9galement en 2024, <\/span><a href=\"https:\/\/www.unicef.org\/sudan\/stories\/let-them-live-childs-plea-peace-sudan\"><span dir=\"auto\">Muzdalifa, qui \u00e9crivait un po\u00e8me pour l\u2019initiative \u00ab Po\u00e8mes pour la paix \u00bb de l\u2019Unicef, a d\u00e9clar\u00e9 :<\/span><\/a><\/p>\n<blockquote><p><span dir=\"auto\">\u00ab Cette guerre a vol\u00e9 mon enfance, \u00e9teint la lumi\u00e8re de mon avenir et effac\u00e9 ma joie. \u00bb<\/span><\/p>\n<p><b><span dir=\"auto\">\u00ab Les paradigmes ne changent pas par magie. \u00bb<\/span><\/b><\/p><\/blockquote>\n<p><span dir=\"auto\">En 2015, en Colombie, Gabriela Bucher, de la <\/span><i><span dir=\"auto\">Fundaci\u00f3n Plan<\/span><\/i><span dir=\"auto\"> , <\/span><a href=\"https:\/\/alianzaporlaninez.org.co\/ninas-y-ninos-determinantes-en-la-construccion-de-la-paz\/\"><span dir=\"auto\">a d\u00e9clar\u00e9 que<\/span><\/a><span dir=\"auto\"> \u00a0si l&rsquo;on souhaite une paix durable, il est imp\u00e9ratif d&rsquo;inclure les jeunes qui, gr\u00e2ce \u00e0 leurs capacit\u00e9s et \u00e0 leur enthousiasme, sont capables de contribuer aux transformations n\u00e9cessaires \u00e0 la construction de la paix.<\/span><\/p>\n<p><a href=\"https:\/\/youthincmag.com\/400-children-came-together-to-reimagine-peace-at-a-unique-event-by-muso-teach-for-india\"><span dir=\"auto\">Shaheen Mistri,<\/span><\/a><span dir=\"auto\"> de <em>Teach for India<\/em>, et <\/span><a href=\"https:\/\/www.pressenza.com\/fr\/2024\/02\/apprendre-pour-une-paix-durable-declaration-de-la-campagne-mondiale-pour-leducation-cme-a-loccasion-de-la-journee-internationale-de-leducation\/\"><span dir=\"auto\">CLADE (Campagne latino-am\u00e9ricaine pour le droit \u00e0 l&rsquo;\u00e9ducation)<\/span><\/a><span dir=\"auto\"> s&rsquo;accordent \u00e0 dire que l&rsquo;\u00e9ducation \u00e0 la paix est essentielle. \u00ab Les paradigmes ne changent pas par magie\u2026 \u00bb, affirme CLADE.<\/span><\/p>\n<blockquote><p><span dir=\"auto\">\u00ab On ne peut pas construire un monde meilleur en restant allong\u00e9 sur un canap\u00e9 \u00bb, <\/span><a href=\"https:\/\/www.ncronline.org\/vatican\/vatican-news\/better-world-cant-be-built-lying-couch-pope-tells-children\"><span dir=\"auto\">a d\u00e9clar\u00e9 le pape Fran\u00e7ois aux enfants<\/span><\/a><span dir=\"auto\"> en 2024.<\/span><\/p><\/blockquote>\n<p><b><span dir=\"auto\">Enseignez la paix<\/span><\/b><\/p>\n<p><span dir=\"auto\">Dans <\/span><a href=\"https:\/\/www.montessoritoledo.org\/news-detail?pk=1525244#\"><span dir=\"auto\">la p\u00e9dagogie Montessori<\/span><\/a><span dir=\"auto\">, la paix int\u00e9rieure, l&#8217;empathie et le respect sont encourag\u00e9s. La r\u00e9solution des conflits y est enseign\u00e9e et mise en pratique.<\/span><\/p>\n<p><span dir=\"auto\">En 1964, une Journ\u00e9e scolaire de Non-violence et de Paix a \u00e9t\u00e9 <\/span><a href=\"https:\/\/fr.wikipedia.org\/wiki\/Journ%C3%A9e_scolaire_de_la_non-violence_et_de_la_paix\"><span dir=\"auto\">fond\u00e9e par le po\u00e8te espagnol<\/span><\/a><span dir=\"auto\"> Lloren\u00e7 Vidal, avec \u00ab l\u2019amour universel \u00bb comme message de base.<\/span><\/p>\n<p><span dir=\"auto\">Malheureusement, comme <\/span><a href=\"https:\/\/www.opendemocracy.net\/en\/transformation\/war-or-peace-which-do-you-choose\/\"><span dir=\"auto\">le souligne Nadia Colburn<\/span><\/a><span dir=\"auto\"> \u00a0dans\u00a0 <\/span><i><span dir=\"auto\">openDemocracy,<\/span><\/i><span dir=\"auto\"> \u00ab notre culture se pr\u00e9pare constamment \u00e0 la guerre et consid\u00e8re encore les jeunes hommes comme de la chair \u00e0 canon potentielle \u00bb.<\/span><\/p>\n<p><span dir=\"auto\">C\u2019est pourquoi <\/span><a href=\"https:\/\/www.quaker.org.uk\/action\/peace-education\"><span dir=\"auto\">les Quakers proposent des solutions<\/span><\/a><span dir=\"auto\"> pour r\u00e9pondre \u00e0 la militarisation des \u00e9coles au Royaume-Uni.<\/span><\/p>\n<p><b><span dir=\"auto\">Peignez pour la paix, priez pour la paix, faites le clown pour la paix<\/span><\/b><\/p>\n<p><span dir=\"auto\"><span class=\"VIpgJd-yAWNEb-VIpgJd-fmcmS-sn54Q\" dir=\"auto\">Pour encourager une culture de paix, des concours de peinture sont organis\u00e9s, comme celui <\/span><\/span><a href=\"https:\/\/www.pressenza.com\/2025\/01\/young-peacebuilders-champions-and-artists-get-together-to-illustrate-their-heartfelt-images-of-peace-and-non-violence\/\"><span dir=\"auto\"><span class=\"VIpgJd-yAWNEb-VIpgJd-fmcmS-sn54Q\" dir=\"auto\">de Baguio City, aux Philippines,<\/span><\/span><\/a><span dir=\"auto\"><span class=\"VIpgJd-yAWNEb-VIpgJd-fmcmS-sn54Q\" dir=\"auto\"> o\u00f9 Genevieve Balance Kupang a d\u00e9clar\u00e9 aux jeunes artistes que \u00ab la paix commence avec vous, dans votre c\u0153ur \u00bb.<\/span><\/span><\/p>\n<p><span dir=\"auto\">La pri\u00e8re est un autre moyen de cultiver la paix. En octobre 2024, <a href=\"https:\/\/acnuk.org\/news\/2024\/10\/25\/international-more-one-million-children-prayed-rosary-peace\">plus d&rsquo;un million d&rsquo;enfants<\/a> de plus de 150 pays ont particip\u00e9 \u00e0 <\/span><span dir=\"auto\">une initiative de r\u00e9citation du chapelet<\/span><span dir=\"auto\"> pour la paix et l&rsquo;unit\u00e9 dans les zones de conflit.<\/span><\/p>\n<p><span dir=\"auto\"><a href=\"https:\/\/icasc.ca\/directory_item\/childrens-peace-theatre\/\">Le Th\u00e9\u00e2tre de la paix pour enfants de Toronto<\/a> est une mani\u00e8re attrayante d&rsquo;initier les enfants \u00e0 la culture de la paix .<\/span><\/p>\n<p><span dir=\"auto\">En Colombie, une approche encore plus novatrice pour promouvoir la paix a vu le jour. En 2018, <\/span><a href=\"https:\/\/hmfoundation.com\/2018\/04\/04\/war-child-and-hm-foundation-launch-peace-circus-in-colombia\/\"><span dir=\"auto\">le Cirque de la Paix, une initiative triennale, a \u00e9t\u00e9 lanc\u00e9<\/span><\/a><span dir=\"auto\"> afin de soutenir le processus de paix en Colombie.<\/span><\/p>\n<p><b><span dir=\"auto\">Les enfants comme artisans de la paix<\/span><\/b><\/p>\n<p><span dir=\"auto\">En 1978, <\/span><a href=\"https:\/\/storycorps.org\/stories\/fourth-graders-for-world-peace-a-teacher-recalls-how-his-students-schooled-the-pentagon\/\"><span dir=\"auto\">John Hunter a invent\u00e9 le <\/span><i><span dir=\"auto\">Jeu de la Paix Mondiale<\/span><\/i><\/a><span dir=\"auto\"> pour les \u00e9l\u00e8ves de CM1. \u00ab Vos enfants peuvent-ils nous montrer comment faire ? Parce que nous n&rsquo;y sommes pas encore parvenus \u00bb, demande la vid\u00e9o pr\u00e9sent\u00e9e dans l&rsquo;article consacr\u00e9 \u00e0 ce jeu devenu c\u00e9l\u00e8bre. Les auteurs soulignent que \u00ab les enfants sont souvent tr\u00e8s dou\u00e9s pour r\u00e9soudre les probl\u00e8mes les plus urgents de la plan\u00e8te \u00bb.<\/span><\/p>\n<p><span dir=\"auto\">Les enfants savent quel monde ils veulent : \u00ab Je r\u00eave d\u2019un monde sans guerres\u2026 \u00bb, <\/span><a href=\"https:\/\/www.unicef.org\/stories\/dear-adults\"><span dir=\"auto\">\u00e9crit Emani<\/span><\/a><span dir=\"auto\"> , de Turquie.<\/span><\/p>\n<p><a href=\"https:\/\/www.zinnedproject.org\/materials\/kids-on-the-march\/\"><span dir=\"auto\"><span class=\"\" dir=\"auto\">Eux aussi le r\u00e9clament, comme Mary Beth Tinker,<\/span><\/span><\/a><span dir=\"auto\"><span class=\"\" dir=\"auto\"> treize ans, et son fr\u00e8re <\/span><span class=\"\" dir=\"auto\">\u00a0qui, apr\u00e8s avoir \u00e9t\u00e9 punis pour avoir protest\u00e9 contre la guerre du Vietnam en portant des brassards noirs \u00e0 l&rsquo;\u00e9cole, ont tenu bon dans une affaire qui a abouti \u00e0 la garantie de la libert\u00e9 d&rsquo;expression dans les \u00e9coles publiques.<\/span><\/span><\/p>\n<p><span dir=\"auto\">Les enfants ne manquent pas d&rsquo;imagination pour instaurer la paix dans le monde, comme l&rsquo;a d\u00e9montr\u00e9 un <\/span><a href=\"https:\/\/peacepieceproject.com\/eng\/cwps\/\"><span dir=\"auto\">Sommet mondial des enfants pour la paix.<\/span><\/a><span dir=\"auto\"> \u00a0Leurs id\u00e9es vont de la cr\u00e9ation d&rsquo;une application, \u00ab<\/span><i><span dir=\"auto\">\u00a0Peace Beyond<\/span><\/i><span dir=\"auto\">\u00a0\u00bb (Thoon Jing Wen, Malaisie), \u00e0 \u200b\u200bla simple volont\u00e9 de ne pas d\u00e9clencher de guerre en cr\u00e9ant un monde empreint de compassion (Hanon Kawamura, Hiroshima).<\/span><\/p>\n","protected":false},"excerpt":{"rendered":"<p>Les adultes font la guerre. La paix est-elle alors la responsabilit\u00e9 des enfants ? Selon le Haut-Commissaire des Nations Unies aux droits de l&rsquo;homme, Volker T\u00fcrk, \u00ab le nombre de morts civiles dans les conflits arm\u00e9s a augment\u00e9 de 72&hellip;<\/p>\n","protected":false},"author":2564,"featured_media":2654243,"comment_status":"closed","ping_status":"closed","sticky":false,"template":"","format":"standard","meta":{"footnotes":""},"categories":[87,11386,40,46977,1250],"tags":[128564,1016,32823,84652,12749,146730,146731,28903,298,30436,146732,101603,324],"class_list":["post-2654241","post","type-post","status-publish","format-standard","has-post-thumbnail","hentry","category-amerique-du-nord","category-contenu-original","category-international-fr","category-jeunes","category-paix-desarmement","tag-baguio-fr","tag-colombie","tag-droits-de-lenfant","tag-education-a-la-paix","tag-guerre-et-paix","tag-initiatives-educatives","tag-montessori","tag-non-violence","tag-paix","tag-paix-mondiale","tag-quakers","tag-resistance-creative","tag-unicef"],"yoast_head":"<!-- This site is optimized with the Yoast SEO plugin v27.1.1 - https:\/\/yoast.com\/product\/yoast-seo-wordpress\/ -->\n<title>Les adultes font la guerre. Les enfants imaginent la paix<\/title>\n<meta name=\"description\" content=\"Les adultes font la guerre. La paix est-elle alors la responsabilit\u00e9 des enfants ? Selon le Haut-Commissaire des Nations Unies aux droits de l&#039;homme,\" \/>\n<meta name=\"robots\" content=\"index, follow, max-snippet:-1, max-image-preview:large, max-video-preview:-1\" \/>\n<link rel=\"canonical\" href=\"https:\/\/www.pressenza.com\/fr\/2025\/11\/les-adultes-font-la-guerre-les-enfants-imaginent-la-paix\/\" \/>\n<meta property=\"og:locale\" content=\"fr_FR\" \/>\n<meta property=\"og:type\" content=\"article\" \/>\n<meta property=\"og:title\" content=\"Les adultes font la guerre. Les enfants imaginent la paix\" \/>\n<meta property=\"og:description\" content=\"Les adultes font la guerre. La paix est-elle alors la responsabilit\u00e9 des enfants ? Selon le Haut-Commissaire des Nations Unies aux droits de l&#039;homme,\" \/>\n<meta property=\"og:url\" content=\"https:\/\/www.pressenza.com\/fr\/2025\/11\/les-adultes-font-la-guerre-les-enfants-imaginent-la-paix\/\" \/>\n<meta property=\"og:site_name\" content=\"Pressenza\" \/>\n<meta property=\"article:publisher\" content=\"https:\/\/www.facebook.com\/PressenzaItalia\" \/>\n<meta property=\"article:published_time\" content=\"2025-11-20T14:39:43+00:00\" \/>\n<meta property=\"article:modified_time\" content=\"2025-11-20T15:10:13+00:00\" \/>\n<meta property=\"og:image\" content=\"https:\/\/www.pressenza.com\/wp-content\/uploads\/2025\/01\/Picture1-1.jpg\" \/>\n\t<meta property=\"og:image:width\" content=\"1195\" \/>\n\t<meta property=\"og:image:height\" content=\"760\" \/>\n\t<meta property=\"og:image:type\" content=\"image\/jpeg\" \/>\n<meta name=\"author\" content=\"Evelyn Tischer\" \/>\n<meta name=\"twitter:card\" content=\"summary_large_image\" \/>\n<meta name=\"twitter:creator\" content=\"@PressenzaIPA\" \/>\n<meta name=\"twitter:site\" content=\"@PressenzaIPA\" \/>\n<meta name=\"twitter:label1\" content=\"\u00c9crit par\" \/>\n\t<meta name=\"twitter:data1\" content=\"Evelyn Tischer\" \/>\n\t<meta name=\"twitter:label2\" content=\"Dur\u00e9e de lecture estim\u00e9e\" \/>\n\t<meta name=\"twitter:data2\" content=\"4 minutes\" \/>\n<script type=\"application\/ld+json\" class=\"yoast-schema-graph\">{\"@context\":\"https:\/\/schema.org\",\"@graph\":[{\"@type\":\"Article\",\"@id\":\"https:\/\/www.pressenza.com\/fr\/2025\/11\/les-adultes-font-la-guerre-les-enfants-imaginent-la-paix\/#article\",\"isPartOf\":{\"@id\":\"https:\/\/www.pressenza.com\/fr\/2025\/11\/les-adultes-font-la-guerre-les-enfants-imaginent-la-paix\/\"},\"author\":{\"name\":\"Evelyn Tischer\",\"@id\":\"https:\/\/www.pressenza.com\/fr\/#\/schema\/person\/a49c523b7b5bb663cec1b5ec0973a33b\"},\"headline\":\"Les adultes font la guerre. Les enfants imaginent la paix\",\"datePublished\":\"2025-11-20T14:39:43+00:00\",\"dateModified\":\"2025-11-20T15:10:13+00:00\",\"mainEntityOfPage\":{\"@id\":\"https:\/\/www.pressenza.com\/fr\/2025\/11\/les-adultes-font-la-guerre-les-enfants-imaginent-la-paix\/\"},\"wordCount\":759,\"publisher\":{\"@id\":\"https:\/\/www.pressenza.com\/fr\/#organization\"},\"image\":{\"@id\":\"https:\/\/www.pressenza.com\/fr\/2025\/11\/les-adultes-font-la-guerre-les-enfants-imaginent-la-paix\/#primaryimage\"},\"thumbnailUrl\":\"https:\/\/www.pressenza.com\/wp-content\/uploads\/2025\/01\/Picture1-1.jpg\",\"keywords\":[\"Baguio\",\"Colombie\",\"droits de l'enfant\",\"\u00e9ducation \u00e0 la paix\",\"Guerre et paix\",\"initiatives \u00e9ducatives\",\"Montessori\",\"non-violence\",\"Paix\",\"paix mondiale\",\"Quakers\",\"r\u00e9sistance cr\u00e9ative\",\"UNICEF\"],\"articleSection\":[\"Am\u00e9rique du Nord\",\"Contenu Original\",\"International\",\"Jeunes\",\"Paix et D\u00e9sarmement\"],\"inLanguage\":\"fr-FR\"},{\"@type\":\"WebPage\",\"@id\":\"https:\/\/www.pressenza.com\/fr\/2025\/11\/les-adultes-font-la-guerre-les-enfants-imaginent-la-paix\/\",\"url\":\"https:\/\/www.pressenza.com\/fr\/2025\/11\/les-adultes-font-la-guerre-les-enfants-imaginent-la-paix\/\",\"name\":\"Les adultes font la guerre. Les enfants imaginent la paix\",\"isPartOf\":{\"@id\":\"https:\/\/www.pressenza.com\/fr\/#website\"},\"primaryImageOfPage\":{\"@id\":\"https:\/\/www.pressenza.com\/fr\/2025\/11\/les-adultes-font-la-guerre-les-enfants-imaginent-la-paix\/#primaryimage\"},\"image\":{\"@id\":\"https:\/\/www.pressenza.com\/fr\/2025\/11\/les-adultes-font-la-guerre-les-enfants-imaginent-la-paix\/#primaryimage\"},\"thumbnailUrl\":\"https:\/\/www.pressenza.com\/wp-content\/uploads\/2025\/01\/Picture1-1.jpg\",\"datePublished\":\"2025-11-20T14:39:43+00:00\",\"dateModified\":\"2025-11-20T15:10:13+00:00\",\"description\":\"Les adultes font la guerre. La paix est-elle alors la responsabilit\u00e9 des enfants ? Selon le Haut-Commissaire des Nations Unies aux droits de l'homme,\",\"breadcrumb\":{\"@id\":\"https:\/\/www.pressenza.com\/fr\/2025\/11\/les-adultes-font-la-guerre-les-enfants-imaginent-la-paix\/#breadcrumb\"},\"inLanguage\":\"fr-FR\",\"potentialAction\":[{\"@type\":\"ReadAction\",\"target\":[\"https:\/\/www.pressenza.com\/fr\/2025\/11\/les-adultes-font-la-guerre-les-enfants-imaginent-la-paix\/\"]}]},{\"@type\":\"ImageObject\",\"inLanguage\":\"fr-FR\",\"@id\":\"https:\/\/www.pressenza.com\/fr\/2025\/11\/les-adultes-font-la-guerre-les-enfants-imaginent-la-paix\/#primaryimage\",\"url\":\"https:\/\/www.pressenza.com\/wp-content\/uploads\/2025\/01\/Picture1-1.jpg\",\"contentUrl\":\"https:\/\/www.pressenza.com\/wp-content\/uploads\/2025\/01\/Picture1-1.jpg\",\"width\":1195,\"height\":760,\"caption\":\"Cultivating a Culture of Peace: The participants of the poster-making competition from the Elementary Department of Baguio Central University.\"},{\"@type\":\"BreadcrumbList\",\"@id\":\"https:\/\/www.pressenza.com\/fr\/2025\/11\/les-adultes-font-la-guerre-les-enfants-imaginent-la-paix\/#breadcrumb\",\"itemListElement\":[{\"@type\":\"ListItem\",\"position\":1,\"name\":\"Accueil\",\"item\":\"https:\/\/www.pressenza.com\/fr\/\"},{\"@type\":\"ListItem\",\"position\":2,\"name\":\"Les adultes font la guerre. Les enfants imaginent la paix\"}]},{\"@type\":\"WebSite\",\"@id\":\"https:\/\/www.pressenza.com\/fr\/#website\",\"url\":\"https:\/\/www.pressenza.com\/fr\/\",\"name\":\"Pressenza\",\"description\":\"International Press Agency\",\"publisher\":{\"@id\":\"https:\/\/www.pressenza.com\/fr\/#organization\"},\"potentialAction\":[{\"@type\":\"SearchAction\",\"target\":{\"@type\":\"EntryPoint\",\"urlTemplate\":\"https:\/\/www.pressenza.com\/fr\/?s={search_term_string}\"},\"query-input\":{\"@type\":\"PropertyValueSpecification\",\"valueRequired\":true,\"valueName\":\"search_term_string\"}}],\"inLanguage\":\"fr-FR\"},{\"@type\":\"Organization\",\"@id\":\"https:\/\/www.pressenza.com\/fr\/#organization\",\"name\":\"Pressenza\",\"url\":\"https:\/\/www.pressenza.com\/fr\/\",\"logo\":{\"@type\":\"ImageObject\",\"inLanguage\":\"fr-FR\",\"@id\":\"https:\/\/www.pressenza.com\/fr\/#\/schema\/logo\/image\/\",\"url\":\"https:\/\/www.pressenza.com\/wp-content\/uploads\/2022\/10\/pressenza_logo_200x200.jpg\",\"contentUrl\":\"https:\/\/www.pressenza.com\/wp-content\/uploads\/2022\/10\/pressenza_logo_200x200.jpg\",\"width\":200,\"height\":200,\"caption\":\"Pressenza\"},\"image\":{\"@id\":\"https:\/\/www.pressenza.com\/fr\/#\/schema\/logo\/image\/\"},\"sameAs\":[\"https:\/\/www.facebook.com\/PressenzaItalia\",\"https:\/\/x.com\/PressenzaIPA\"]},{\"@type\":\"Person\",\"@id\":\"https:\/\/www.pressenza.com\/fr\/#\/schema\/person\/a49c523b7b5bb663cec1b5ec0973a33b\",\"name\":\"Evelyn Tischer\",\"description\":\"I have been trained as a mathematician and a scientist, but, for as long as I can remember, I have thought that war is a very bad thing, that it must be avoided. In the 1980's, I have been involved in UBC students for peace and disarmament, and have taken part in Vancouver's yearly walks for peace. More recently, in Regina, I have been involved in the \\\"Making Peace Vigil\\\" and in the \\\"Regina Peace Council\\\". In March 2021, I started being a translator for Pressenza. Later on, after a course on making videos with Equis Lab\/Pressenza, and a course on nonviolent journalism with Pressenza, I started making videos on peace and nonviolence for Pressenzaalc and writing articles for Pressenza.\",\"url\":\"https:\/\/www.pressenza.com\/fr\/author\/evelyn-tischer\/\"}]}<\/script>\n<!-- \/ Yoast SEO plugin. -->","yoast_head_json":{"title":"Les adultes font la guerre. Les enfants imaginent la paix","description":"Les adultes font la guerre. La paix est-elle alors la responsabilit\u00e9 des enfants ? Selon le Haut-Commissaire des Nations Unies aux droits de l'homme,","robots":{"index":"index","follow":"follow","max-snippet":"max-snippet:-1","max-image-preview":"max-image-preview:large","max-video-preview":"max-video-preview:-1"},"canonical":"https:\/\/www.pressenza.com\/fr\/2025\/11\/les-adultes-font-la-guerre-les-enfants-imaginent-la-paix\/","og_locale":"fr_FR","og_type":"article","og_title":"Les adultes font la guerre. Les enfants imaginent la paix","og_description":"Les adultes font la guerre. La paix est-elle alors la responsabilit\u00e9 des enfants ? Selon le Haut-Commissaire des Nations Unies aux droits de l'homme,","og_url":"https:\/\/www.pressenza.com\/fr\/2025\/11\/les-adultes-font-la-guerre-les-enfants-imaginent-la-paix\/","og_site_name":"Pressenza","article_publisher":"https:\/\/www.facebook.com\/PressenzaItalia","article_published_time":"2025-11-20T14:39:43+00:00","article_modified_time":"2025-11-20T15:10:13+00:00","og_image":[{"width":1195,"height":760,"url":"https:\/\/www.pressenza.com\/wp-content\/uploads\/2025\/01\/Picture1-1.jpg","type":"image\/jpeg"}],"author":"Evelyn Tischer","twitter_card":"summary_large_image","twitter_creator":"@PressenzaIPA","twitter_site":"@PressenzaIPA","twitter_misc":{"\u00c9crit par":"Evelyn Tischer","Dur\u00e9e de lecture estim\u00e9e":"4 minutes"},"schema":{"@context":"https:\/\/schema.org","@graph":[{"@type":"Article","@id":"https:\/\/www.pressenza.com\/fr\/2025\/11\/les-adultes-font-la-guerre-les-enfants-imaginent-la-paix\/#article","isPartOf":{"@id":"https:\/\/www.pressenza.com\/fr\/2025\/11\/les-adultes-font-la-guerre-les-enfants-imaginent-la-paix\/"},"author":{"name":"Evelyn Tischer","@id":"https:\/\/www.pressenza.com\/fr\/#\/schema\/person\/a49c523b7b5bb663cec1b5ec0973a33b"},"headline":"Les adultes font la guerre. Les enfants imaginent la paix","datePublished":"2025-11-20T14:39:43+00:00","dateModified":"2025-11-20T15:10:13+00:00","mainEntityOfPage":{"@id":"https:\/\/www.pressenza.com\/fr\/2025\/11\/les-adultes-font-la-guerre-les-enfants-imaginent-la-paix\/"},"wordCount":759,"publisher":{"@id":"https:\/\/www.pressenza.com\/fr\/#organization"},"image":{"@id":"https:\/\/www.pressenza.com\/fr\/2025\/11\/les-adultes-font-la-guerre-les-enfants-imaginent-la-paix\/#primaryimage"},"thumbnailUrl":"https:\/\/www.pressenza.com\/wp-content\/uploads\/2025\/01\/Picture1-1.jpg","keywords":["Baguio","Colombie","droits de l'enfant","\u00e9ducation \u00e0 la paix","Guerre et paix","initiatives \u00e9ducatives","Montessori","non-violence","Paix","paix mondiale","Quakers","r\u00e9sistance cr\u00e9ative","UNICEF"],"articleSection":["Am\u00e9rique du Nord","Contenu Original","International","Jeunes","Paix et D\u00e9sarmement"],"inLanguage":"fr-FR"},{"@type":"WebPage","@id":"https:\/\/www.pressenza.com\/fr\/2025\/11\/les-adultes-font-la-guerre-les-enfants-imaginent-la-paix\/","url":"https:\/\/www.pressenza.com\/fr\/2025\/11\/les-adultes-font-la-guerre-les-enfants-imaginent-la-paix\/","name":"Les adultes font la guerre. Les enfants imaginent la paix","isPartOf":{"@id":"https:\/\/www.pressenza.com\/fr\/#website"},"primaryImageOfPage":{"@id":"https:\/\/www.pressenza.com\/fr\/2025\/11\/les-adultes-font-la-guerre-les-enfants-imaginent-la-paix\/#primaryimage"},"image":{"@id":"https:\/\/www.pressenza.com\/fr\/2025\/11\/les-adultes-font-la-guerre-les-enfants-imaginent-la-paix\/#primaryimage"},"thumbnailUrl":"https:\/\/www.pressenza.com\/wp-content\/uploads\/2025\/01\/Picture1-1.jpg","datePublished":"2025-11-20T14:39:43+00:00","dateModified":"2025-11-20T15:10:13+00:00","description":"Les adultes font la guerre. La paix est-elle alors la responsabilit\u00e9 des enfants ? Selon le Haut-Commissaire des Nations Unies aux droits de l'homme,","breadcrumb":{"@id":"https:\/\/www.pressenza.com\/fr\/2025\/11\/les-adultes-font-la-guerre-les-enfants-imaginent-la-paix\/#breadcrumb"},"inLanguage":"fr-FR","potentialAction":[{"@type":"ReadAction","target":["https:\/\/www.pressenza.com\/fr\/2025\/11\/les-adultes-font-la-guerre-les-enfants-imaginent-la-paix\/"]}]},{"@type":"ImageObject","inLanguage":"fr-FR","@id":"https:\/\/www.pressenza.com\/fr\/2025\/11\/les-adultes-font-la-guerre-les-enfants-imaginent-la-paix\/#primaryimage","url":"https:\/\/www.pressenza.com\/wp-content\/uploads\/2025\/01\/Picture1-1.jpg","contentUrl":"https:\/\/www.pressenza.com\/wp-content\/uploads\/2025\/01\/Picture1-1.jpg","width":1195,"height":760,"caption":"Cultivating a Culture of Peace: The participants of the poster-making competition from the Elementary Department of Baguio Central University."},{"@type":"BreadcrumbList","@id":"https:\/\/www.pressenza.com\/fr\/2025\/11\/les-adultes-font-la-guerre-les-enfants-imaginent-la-paix\/#breadcrumb","itemListElement":[{"@type":"ListItem","position":1,"name":"Accueil","item":"https:\/\/www.pressenza.com\/fr\/"},{"@type":"ListItem","position":2,"name":"Les adultes font la guerre. Les enfants imaginent la paix"}]},{"@type":"WebSite","@id":"https:\/\/www.pressenza.com\/fr\/#website","url":"https:\/\/www.pressenza.com\/fr\/","name":"Pressenza","description":"International Press Agency","publisher":{"@id":"https:\/\/www.pressenza.com\/fr\/#organization"},"potentialAction":[{"@type":"SearchAction","target":{"@type":"EntryPoint","urlTemplate":"https:\/\/www.pressenza.com\/fr\/?s={search_term_string}"},"query-input":{"@type":"PropertyValueSpecification","valueRequired":true,"valueName":"search_term_string"}}],"inLanguage":"fr-FR"},{"@type":"Organization","@id":"https:\/\/www.pressenza.com\/fr\/#organization","name":"Pressenza","url":"https:\/\/www.pressenza.com\/fr\/","logo":{"@type":"ImageObject","inLanguage":"fr-FR","@id":"https:\/\/www.pressenza.com\/fr\/#\/schema\/logo\/image\/","url":"https:\/\/www.pressenza.com\/wp-content\/uploads\/2022\/10\/pressenza_logo_200x200.jpg","contentUrl":"https:\/\/www.pressenza.com\/wp-content\/uploads\/2022\/10\/pressenza_logo_200x200.jpg","width":200,"height":200,"caption":"Pressenza"},"image":{"@id":"https:\/\/www.pressenza.com\/fr\/#\/schema\/logo\/image\/"},"sameAs":["https:\/\/www.facebook.com\/PressenzaItalia","https:\/\/x.com\/PressenzaIPA"]},{"@type":"Person","@id":"https:\/\/www.pressenza.com\/fr\/#\/schema\/person\/a49c523b7b5bb663cec1b5ec0973a33b","name":"Evelyn Tischer","description":"I have been trained as a mathematician and a scientist, but, for as long as I can remember, I have thought that war is a very bad thing, that it must be avoided. In the 1980's, I have been involved in UBC students for peace and disarmament, and have taken part in Vancouver's yearly walks for peace. More recently, in Regina, I have been involved in the \"Making Peace Vigil\" and in the \"Regina Peace Council\". In March 2021, I started being a translator for Pressenza. Later on, after a course on making videos with Equis Lab\/Pressenza, and a course on nonviolent journalism with Pressenza, I started making videos on peace and nonviolence for Pressenzaalc and writing articles for Pressenza.","url":"https:\/\/www.pressenza.com\/fr\/author\/evelyn-tischer\/"}]}},"place":"Canada","original_article_url":"","_links":{"self":[{"href":"https:\/\/www.pressenza.com\/fr\/wp-json\/wp\/v2\/posts\/2654241","targetHints":{"allow":["GET"]}}],"collection":[{"href":"https:\/\/www.pressenza.com\/fr\/wp-json\/wp\/v2\/posts"}],"about":[{"href":"https:\/\/www.pressenza.com\/fr\/wp-json\/wp\/v2\/types\/post"}],"author":[{"embeddable":true,"href":"https:\/\/www.pressenza.com\/fr\/wp-json\/wp\/v2\/users\/2564"}],"replies":[{"embeddable":true,"href":"https:\/\/www.pressenza.com\/fr\/wp-json\/wp\/v2\/comments?post=2654241"}],"version-history":[{"count":4,"href":"https:\/\/www.pressenza.com\/fr\/wp-json\/wp\/v2\/posts\/2654241\/revisions"}],"predecessor-version":[{"id":2654280,"href":"https:\/\/www.pressenza.com\/fr\/wp-json\/wp\/v2\/posts\/2654241\/revisions\/2654280"}],"wp:featuredmedia":[{"embeddable":true,"href":"https:\/\/www.pressenza.com\/fr\/wp-json\/wp\/v2\/media\/2654243"}],"wp:attachment":[{"href":"https:\/\/www.pressenza.com\/fr\/wp-json\/wp\/v2\/media?parent=2654241"}],"wp:term":[{"taxonomy":"category","embeddable":true,"href":"https:\/\/www.pressenza.com\/fr\/wp-json\/wp\/v2\/categories?post=2654241"},{"taxonomy":"post_tag","embeddable":true,"href":"https:\/\/www.pressenza.com\/fr\/wp-json\/wp\/v2\/tags?post=2654241"}],"curies":[{"name":"wp","href":"https:\/\/api.w.org\/{rel}","templated":true}]}}