{"id":2654052,"date":"2025-11-26T18:14:32","date_gmt":"2025-11-26T18:14:32","guid":{"rendered":"https:\/\/www.pressenza.com\/?p=2654052"},"modified":"2025-11-26T18:18:17","modified_gmt":"2025-11-26T18:18:17","slug":"manifestation-nationale-solidarite-palestine-a-paris-samedi-29-novembre","status":"publish","type":"post","link":"https:\/\/www.pressenza.com\/fr\/2025\/11\/manifestation-nationale-solidarite-palestine-a-paris-samedi-29-novembre\/","title":{"rendered":"Manifestation nationale Solidarit\u00e9 Palestine \u00e0 Paris samedi 29 novembre"},"content":{"rendered":"<p><strong>Communiqu\u00e9 de Presse<\/strong><\/p>\n<p>Apr\u00e8s le cessez-le-feu \u00e0 Gaza, Isra\u00ebl poursuit l\u2019occupation et la colonisation de la Palestine, l\u2019oppression du peuple palestinien. Cela doit cesser\u00a0!<\/p>\n<p>Nous manifesterons le 29 novembre \u00e0 Paris pour la d\u00e9fense des droits du peuple palestinien sur la base du droit international<\/p>\n<p><span class=\"spip-puce ltr\"><b>\u2013<\/b><\/span>\u00a0Auto-d\u00e9termination du peuple palestinien qui doit \u00eatre l\u2019acteur de son propre destin et droit au retour des r\u00e9fugi\u00e9s palestiniens<\/p>\n<p><span class=\"spip-puce ltr\"><b>\u2013<\/b><\/span>\u00a0Fin de occupation, de la colonisation, de l\u2019apartheid<\/p>\n<p><span class=\"spip-puce ltr\"><b>\u2013<\/b><\/span>\u00a0Sanctions contre Isra\u00ebl<\/p>\n<p><span class=\"spip-puce ltr\"><b>\u2013<\/b><\/span>\u00a0Cessez-le-feu d\u00e9finitif et fin du g\u00e9nocide<\/p>\n<p><strong>Justice pour la Palestine \u2013 stop g\u00e9nocide<\/strong><\/p>\n<hr class=\"spip\" \/>\n<p>Des bus seront organis\u00e9s au d\u00e9part de nombreuses villes de France.<\/p>\n<p><a class=\"spip_out\" href=\"https:\/\/docs.google.com\/spreadsheets\/d\/1RMn5dCPCvgqOJ-VPA6wldkk5ggmlSrmaP4qDJ2_2Pw0\/edit?gid=1774858866#gid=1774858866\" rel=\"external\">&gt;&gt; Voir la liste des villes et des bus<\/a><\/p>\n<p>Si votre ville ne figure pas encore sur la liste (mise \u00e0 jour au fur et \u00e0 mesure), renseignez-vous aupr\u00e8s du groupe local Association France Palestine solidarit\u00e9 AFPS, d\u2019une union locale d\u2019une organisation, d\u2019un syndicat ou d\u2019un parti politique appelant.<\/p>\n<hr class=\"spip\" \/>\n<p>Agir contre le colonialisme aujourd\u2019hui &#8211; ACCA<br class=\"autobr\" \/>Agir pour la Palestine<br class=\"autobr\" \/>Alternative communiste<br class=\"autobr\" \/>Artists for Palestine<br class=\"autobr\" \/>APEL-\u00c9galit\u00e9<br class=\"autobr\" \/>Assembl\u00e9e des Quartiers<br class=\"autobr\" \/>Assembl\u00e9e pour des soins antiracistes et populaires<br class=\"autobr\" \/>Association France Palestine solidarit\u00e9 \u2013 AFPS<br class=\"autobr\" \/>Association de jumelage entre des villes fran\u00e7aises et des camps de r\u00e9fugi\u00e9s palestiniens &#8211; AJPF <br class=\"autobr\" \/>Association nationale des pieds-noirs progressistes et leurs amis<br class=\"autobr\" \/>Association de solidarit\u00e9 Inter-Peuples &#8211; ASIP<br class=\"autobr\" \/>Association des familles de prisonniers et disparus Sahraouis<br class=\"autobr\" \/>Association pour une r\u00e9publique \u00e9cologique et sociale \u2013 L\u2019APR\u00c8S<br class=\"autobr\" \/>Association pour la taxation des transactions financi\u00e8res et pour l\u2019action citoyenne \u2013 ATTAC<br class=\"autobr\" \/>Association des travailleurs maghr\u00e9bins de France &#8211; ATMF<br class=\"autobr\" \/>Association des universitaires pour le respect du droit internationale en Palestine &#8211; AURDIP<br class=\"autobr\" \/>Blouses blanches pour Gaza \u2013 BBG<br class=\"autobr\" \/>Boycott D\u00e9sinvestissement Sanction \u2013 BDS France<br class=\"autobr\" \/>Campagne pour la lib\u00e9ration de Marwan Barghouti et tous les prisonniers politiques palestiniens<br class=\"autobr\" \/>CCFD-Terre solidaire<br class=\"autobr\" \/>Centre de recherche et d\u2019information pour le d\u00e9veloppement \u2013 CRID<br class=\"autobr\" \/>Cimade<br class=\"autobr\" \/>Collectif national des droits des femmes<br class=\"autobr\" \/>Collectif Vietnam Dioxine<br class=\"autobr\" \/>Comit\u00e9 Palestine Sciences-po<br class=\"autobr\" \/>Comit\u00e9 Palestine universit\u00e9 Paris cit\u00e9<br class=\"autobr\" \/>Comit\u00e9 Palestine Paris-Saclay<br class=\"autobr\" \/>Comit\u00e9 pour le d\u00e9veloppement et le patrimoine Palestine &#8211; CDP<br class=\"autobr\" \/>Conf\u00e9d\u00e9ration g\u00e9n\u00e9rale du travail &#8211; CGT<br class=\"autobr\" \/>Conf\u00e9d\u00e9ration nationale du travail France &#8211; CNT-F<br class=\"autobr\" \/>Conf\u00e9d\u00e9ration paysanne<br class=\"autobr\" \/>Debout\u00a0!<br class=\"autobr\" \/>Droits devant\u00a0!<br class=\"autobr\" \/>Emma\u00fcs international<br class=\"autobr\" \/>EuroPalestine<br class=\"autobr\" \/>F\u00e9d\u00e9ration des Tunisiens pour une citoyennet\u00e9 des deux Rives &#8211; FTCR<br class=\"autobr\" \/>F\u00e9d\u00e9ration syndicale unitaire \u2013 FSU<br class=\"autobr\" \/>F\u00e9d\u00e9ration Sud sant\u00e9 sociaux<br class=\"autobr\" \/>Femmes \u00c9galit\u00e9<br class=\"autobr\" \/>Forum Palestine citoyennet\u00e9 &#8211; FPC<br class=\"autobr\" \/>Franco-Isra\u00e9liens pour des sanctions<br class=\"autobr\" \/>Freedom Flotilla Coalition France \u2013 FFC<br class=\"autobr\" \/>G\u00e9n\u00e9ration\u2022s<br class=\"autobr\" \/>Institut tribune socialiste (ITS)<br class=\"autobr\" \/>Jeunes insoumis-es<br class=\"autobr\" \/>Jeunes socialistes (JS)<br class=\"autobr\" \/>La France insoumise &#8211; LFI<br class=\"autobr\" \/>Le Mouvement de la paix<br class=\"autobr\" \/>Les \u00c9cologistes<br class=\"autobr\" \/>Les jeunes \u00e9cologistes<br class=\"autobr\" \/>Le poing lev\u00e9<br class=\"autobr\" \/>Mouvement contre le racisme et pour l\u2019amiti\u00e9 entre les peuples &#8211; MRAP<br class=\"autobr\" \/>Mouvement jeunes communistes de France \u2013 MJCF<br class=\"autobr\" \/>Mouvement pour une alternative non-violente (MAN)<br class=\"autobr\" \/>#NousToutes<br class=\"autobr\" \/>Nouveau parti anticapitaliste l\u2019Anticapitaliste &#8211; NPAA<br class=\"autobr\" \/>Nouveau parti anticapitaliste R\u00e9volutionnaire &#8211; NPAR<br class=\"autobr\" \/>NPA jeunes r\u00e9volutionnaires<br class=\"autobr\" \/>Parti communiste fran\u00e7ais &#8211; PCF<br class=\"autobr\" \/>Parti communiste des ouvriers de France &#8211; PCOF<br class=\"autobr\" \/>Parti socialiste &#8211; PS<br class=\"autobr\" \/>People Health Movement France &#8211; PHM France<br class=\"autobr\" \/>Pour une \u00e9cologie populaire et sociale &#8211; PEPS<br class=\"autobr\" \/>R\u00e9seau coop\u00e9ratif de gauche alternative \u2013 RCGA<br class=\"autobr\" \/>R\u00e9seau Euromed France \u2013 REF<br class=\"autobr\" \/>R\u00e9volution permanente<br class=\"autobr\" \/>Socialisme ou Barbarie &#8211; SoB<br class=\"autobr\" \/>Solidarit\u00e9 avec les groupes d\u2019artisans palestiniens &#8211; SGAP<br class=\"autobr\" \/>Stop Impunity<br class=\"autobr\" \/>Syndicat des journalistes palestiniens &#8211; section europ\u00e9enne<br class=\"autobr\" \/>Syndicat national des journalistes CGT &#8211; SNJ CGT<br class=\"autobr\" \/>Tsedek<br class=\"autobr\" \/>Union communiste libertaire &#8211; UCL<br class=\"autobr\" \/>Union \u00e9tudiante<br class=\"autobr\" \/>Union \u00e9tudiante Sciences-Po<br class=\"autobr\" \/>Union fran\u00e7aise des consommateurs musulmans &#8211; UFCM<br class=\"autobr\" \/>Union juive fran\u00e7aise pour la paix &#8211; UJFP<br class=\"autobr\" \/>Union nationale des \u00e9tudiants de France &#8211; UNEF<br class=\"autobr\" \/>Union syndicale lyc\u00e9enne &#8211; USL<br class=\"autobr\" \/>Union syndicale Solidaires<br class=\"autobr\" \/>Urgence Palestine &#8211; UP<br class=\"autobr\" \/>Waves of freedom France &#8211; Global Sumud<\/p>\n","protected":false},"excerpt":{"rendered":"<p>Communiqu\u00e9 de Presse Apr\u00e8s le cessez-le-feu \u00e0 Gaza, Isra\u00ebl poursuit l\u2019occupation et la colonisation de la Palestine, l\u2019oppression du peuple palestinien. Cela doit cesser\u00a0! Nous manifesterons le 29 novembre \u00e0 Paris pour la d\u00e9fense des droits du peuple palestinien sur&hellip;<\/p>\n","protected":false},"author":752,"featured_media":2654054,"comment_status":"closed","ping_status":"closed","sticky":false,"template":"","format":"standard","meta":{"footnotes":""},"categories":[151,98,1250,93,90],"tags":[117586,1508,66245,307,1113,1082,146670],"class_list":["post-2654052","post","type-post","status-publish","format-standard","has-post-thumbnail","hentry","category-communique-de-presse","category-droits-de-lhomme","category-paix-desarmement","category-politique","category-moyen-orient","tag-conflit-israel-palestine","tag-gaza-fr","tag-genocide-fr","tag-manifestation","tag-palestine-fr","tag-paris","tag-samedi-29-novembre"],"yoast_head":"<!-- This site is optimized with the Yoast SEO plugin v27.1.1 - https:\/\/yoast.com\/product\/yoast-seo-wordpress\/ -->\n<title>Manifestation nationale Solidarit\u00e9 Palestine \u00e0 Paris samedi 29 novembre<\/title>\n<meta name=\"description\" content=\"Communiqu\u00e9 de Presse Apr\u00e8s le cessez-le-feu \u00e0 Gaza, Isra\u00ebl poursuit l\u2019occupation et la colonisation de la Palestine, l\u2019oppression du peuple palestinien.\" \/>\n<meta name=\"robots\" content=\"index, follow, max-snippet:-1, max-image-preview:large, max-video-preview:-1\" \/>\n<link rel=\"canonical\" href=\"https:\/\/www.pressenza.com\/fr\/2025\/11\/manifestation-nationale-solidarite-palestine-a-paris-samedi-29-novembre\/\" \/>\n<meta property=\"og:locale\" content=\"fr_FR\" \/>\n<meta property=\"og:type\" content=\"article\" \/>\n<meta property=\"og:title\" content=\"Manifestation nationale Solidarit\u00e9 Palestine \u00e0 Paris samedi 29 novembre\" \/>\n<meta property=\"og:description\" content=\"Communiqu\u00e9 de Presse Apr\u00e8s le cessez-le-feu \u00e0 Gaza, Isra\u00ebl poursuit l\u2019occupation et la colonisation de la Palestine, l\u2019oppression du peuple palestinien.\" \/>\n<meta property=\"og:url\" content=\"https:\/\/www.pressenza.com\/fr\/2025\/11\/manifestation-nationale-solidarite-palestine-a-paris-samedi-29-novembre\/\" \/>\n<meta property=\"og:site_name\" content=\"Pressenza\" \/>\n<meta property=\"article:publisher\" content=\"https:\/\/www.facebook.com\/PressenzaItalia\" \/>\n<meta property=\"article:published_time\" content=\"2025-11-26T18:14:32+00:00\" \/>\n<meta property=\"article:modified_time\" content=\"2025-11-26T18:18:17+00:00\" \/>\n<meta property=\"og:image\" content=\"https:\/\/www.pressenza.com\/wp-content\/uploads\/2025\/11\/manif-palestine.jpg\" \/>\n\t<meta property=\"og:image:width\" content=\"820\" \/>\n\t<meta property=\"og:image:height\" content=\"460\" \/>\n\t<meta property=\"og:image:type\" content=\"image\/jpeg\" \/>\n<meta name=\"author\" content=\"R\u00e9daction Paris\" \/>\n<meta name=\"twitter:card\" content=\"summary_large_image\" \/>\n<meta name=\"twitter:creator\" content=\"@PressenzaIPA\" \/>\n<meta name=\"twitter:site\" content=\"@PressenzaIPA\" \/>\n<meta name=\"twitter:label1\" content=\"\u00c9crit par\" \/>\n\t<meta name=\"twitter:data1\" content=\"R\u00e9daction Paris\" \/>\n\t<meta name=\"twitter:label2\" content=\"Dur\u00e9e de lecture estim\u00e9e\" \/>\n\t<meta name=\"twitter:data2\" content=\"3 minutes\" \/>\n<script type=\"application\/ld+json\" class=\"yoast-schema-graph\">{\"@context\":\"https:\/\/schema.org\",\"@graph\":[{\"@type\":\"Article\",\"@id\":\"https:\/\/www.pressenza.com\/fr\/2025\/11\/manifestation-nationale-solidarite-palestine-a-paris-samedi-29-novembre\/#article\",\"isPartOf\":{\"@id\":\"https:\/\/www.pressenza.com\/fr\/2025\/11\/manifestation-nationale-solidarite-palestine-a-paris-samedi-29-novembre\/\"},\"author\":{\"name\":\"R\u00e9daction Paris\",\"@id\":\"https:\/\/www.pressenza.com\/fr\/#\/schema\/person\/5698ef8d4c2a370cbdd59d5b17455af6\"},\"headline\":\"Manifestation nationale Solidarit\u00e9 Palestine \u00e0 Paris samedi 29 novembre\",\"datePublished\":\"2025-11-26T18:14:32+00:00\",\"dateModified\":\"2025-11-26T18:18:17+00:00\",\"mainEntityOfPage\":{\"@id\":\"https:\/\/www.pressenza.com\/fr\/2025\/11\/manifestation-nationale-solidarite-palestine-a-paris-samedi-29-novembre\/\"},\"wordCount\":577,\"publisher\":{\"@id\":\"https:\/\/www.pressenza.com\/fr\/#organization\"},\"image\":{\"@id\":\"https:\/\/www.pressenza.com\/fr\/2025\/11\/manifestation-nationale-solidarite-palestine-a-paris-samedi-29-novembre\/#primaryimage\"},\"thumbnailUrl\":\"https:\/\/www.pressenza.com\/wp-content\/uploads\/2025\/11\/manif-palestine.jpg\",\"keywords\":[\"Conflit Isra\u00ebl Palestine\",\"Gaza\",\"genocide\",\"manifestation\",\"Palestine\",\"Paris\",\"samedi 29 novembre\"],\"articleSection\":[\"Communiqu\u00e9s de Presse\",\"Droits humains\",\"Paix et D\u00e9sarmement\",\"Politique\",\"Proche et Moyen-Orient\"],\"inLanguage\":\"fr-FR\"},{\"@type\":\"WebPage\",\"@id\":\"https:\/\/www.pressenza.com\/fr\/2025\/11\/manifestation-nationale-solidarite-palestine-a-paris-samedi-29-novembre\/\",\"url\":\"https:\/\/www.pressenza.com\/fr\/2025\/11\/manifestation-nationale-solidarite-palestine-a-paris-samedi-29-novembre\/\",\"name\":\"Manifestation nationale Solidarit\u00e9 Palestine \u00e0 Paris samedi 29 novembre\",\"isPartOf\":{\"@id\":\"https:\/\/www.pressenza.com\/fr\/#website\"},\"primaryImageOfPage\":{\"@id\":\"https:\/\/www.pressenza.com\/fr\/2025\/11\/manifestation-nationale-solidarite-palestine-a-paris-samedi-29-novembre\/#primaryimage\"},\"image\":{\"@id\":\"https:\/\/www.pressenza.com\/fr\/2025\/11\/manifestation-nationale-solidarite-palestine-a-paris-samedi-29-novembre\/#primaryimage\"},\"thumbnailUrl\":\"https:\/\/www.pressenza.com\/wp-content\/uploads\/2025\/11\/manif-palestine.jpg\",\"datePublished\":\"2025-11-26T18:14:32+00:00\",\"dateModified\":\"2025-11-26T18:18:17+00:00\",\"description\":\"Communiqu\u00e9 de Presse Apr\u00e8s le cessez-le-feu \u00e0 Gaza, Isra\u00ebl poursuit l\u2019occupation et la colonisation de la Palestine, l\u2019oppression du peuple palestinien.\",\"breadcrumb\":{\"@id\":\"https:\/\/www.pressenza.com\/fr\/2025\/11\/manifestation-nationale-solidarite-palestine-a-paris-samedi-29-novembre\/#breadcrumb\"},\"inLanguage\":\"fr-FR\",\"potentialAction\":[{\"@type\":\"ReadAction\",\"target\":[\"https:\/\/www.pressenza.com\/fr\/2025\/11\/manifestation-nationale-solidarite-palestine-a-paris-samedi-29-novembre\/\"]}]},{\"@type\":\"ImageObject\",\"inLanguage\":\"fr-FR\",\"@id\":\"https:\/\/www.pressenza.com\/fr\/2025\/11\/manifestation-nationale-solidarite-palestine-a-paris-samedi-29-novembre\/#primaryimage\",\"url\":\"https:\/\/www.pressenza.com\/wp-content\/uploads\/2025\/11\/manif-palestine.jpg\",\"contentUrl\":\"https:\/\/www.pressenza.com\/wp-content\/uploads\/2025\/11\/manif-palestine.jpg\",\"width\":820,\"height\":460},{\"@type\":\"BreadcrumbList\",\"@id\":\"https:\/\/www.pressenza.com\/fr\/2025\/11\/manifestation-nationale-solidarite-palestine-a-paris-samedi-29-novembre\/#breadcrumb\",\"itemListElement\":[{\"@type\":\"ListItem\",\"position\":1,\"name\":\"Accueil\",\"item\":\"https:\/\/www.pressenza.com\/fr\/\"},{\"@type\":\"ListItem\",\"position\":2,\"name\":\"Manifestation nationale Solidarit\u00e9 Palestine \u00e0 Paris samedi 29 novembre\"}]},{\"@type\":\"WebSite\",\"@id\":\"https:\/\/www.pressenza.com\/fr\/#website\",\"url\":\"https:\/\/www.pressenza.com\/fr\/\",\"name\":\"Pressenza\",\"description\":\"International Press Agency\",\"publisher\":{\"@id\":\"https:\/\/www.pressenza.com\/fr\/#organization\"},\"potentialAction\":[{\"@type\":\"SearchAction\",\"target\":{\"@type\":\"EntryPoint\",\"urlTemplate\":\"https:\/\/www.pressenza.com\/fr\/?s={search_term_string}\"},\"query-input\":{\"@type\":\"PropertyValueSpecification\",\"valueRequired\":true,\"valueName\":\"search_term_string\"}}],\"inLanguage\":\"fr-FR\"},{\"@type\":\"Organization\",\"@id\":\"https:\/\/www.pressenza.com\/fr\/#organization\",\"name\":\"Pressenza\",\"url\":\"https:\/\/www.pressenza.com\/fr\/\",\"logo\":{\"@type\":\"ImageObject\",\"inLanguage\":\"fr-FR\",\"@id\":\"https:\/\/www.pressenza.com\/fr\/#\/schema\/logo\/image\/\",\"url\":\"https:\/\/www.pressenza.com\/wp-content\/uploads\/2022\/10\/pressenza_logo_200x200.jpg\",\"contentUrl\":\"https:\/\/www.pressenza.com\/wp-content\/uploads\/2022\/10\/pressenza_logo_200x200.jpg\",\"width\":200,\"height\":200,\"caption\":\"Pressenza\"},\"image\":{\"@id\":\"https:\/\/www.pressenza.com\/fr\/#\/schema\/logo\/image\/\"},\"sameAs\":[\"https:\/\/www.facebook.com\/PressenzaItalia\",\"https:\/\/x.com\/PressenzaIPA\"]},{\"@type\":\"Person\",\"@id\":\"https:\/\/www.pressenza.com\/fr\/#\/schema\/person\/5698ef8d4c2a370cbdd59d5b17455af6\",\"name\":\"R\u00e9daction Paris\",\"description\":\"News published by the Pressenza bureau in Paris, France\",\"url\":\"https:\/\/www.pressenza.com\/fr\/author\/redaction-paris\/\"}]}<\/script>\n<!-- \/ Yoast SEO plugin. -->","yoast_head_json":{"title":"Manifestation nationale Solidarit\u00e9 Palestine \u00e0 Paris samedi 29 novembre","description":"Communiqu\u00e9 de Presse Apr\u00e8s le cessez-le-feu \u00e0 Gaza, Isra\u00ebl poursuit l\u2019occupation et la colonisation de la Palestine, l\u2019oppression du peuple palestinien.","robots":{"index":"index","follow":"follow","max-snippet":"max-snippet:-1","max-image-preview":"max-image-preview:large","max-video-preview":"max-video-preview:-1"},"canonical":"https:\/\/www.pressenza.com\/fr\/2025\/11\/manifestation-nationale-solidarite-palestine-a-paris-samedi-29-novembre\/","og_locale":"fr_FR","og_type":"article","og_title":"Manifestation nationale Solidarit\u00e9 Palestine \u00e0 Paris samedi 29 novembre","og_description":"Communiqu\u00e9 de Presse Apr\u00e8s le cessez-le-feu \u00e0 Gaza, Isra\u00ebl poursuit l\u2019occupation et la colonisation de la Palestine, l\u2019oppression du peuple palestinien.","og_url":"https:\/\/www.pressenza.com\/fr\/2025\/11\/manifestation-nationale-solidarite-palestine-a-paris-samedi-29-novembre\/","og_site_name":"Pressenza","article_publisher":"https:\/\/www.facebook.com\/PressenzaItalia","article_published_time":"2025-11-26T18:14:32+00:00","article_modified_time":"2025-11-26T18:18:17+00:00","og_image":[{"width":820,"height":460,"url":"https:\/\/www.pressenza.com\/wp-content\/uploads\/2025\/11\/manif-palestine.jpg","type":"image\/jpeg"}],"author":"R\u00e9daction Paris","twitter_card":"summary_large_image","twitter_creator":"@PressenzaIPA","twitter_site":"@PressenzaIPA","twitter_misc":{"\u00c9crit par":"R\u00e9daction Paris","Dur\u00e9e de lecture estim\u00e9e":"3 minutes"},"schema":{"@context":"https:\/\/schema.org","@graph":[{"@type":"Article","@id":"https:\/\/www.pressenza.com\/fr\/2025\/11\/manifestation-nationale-solidarite-palestine-a-paris-samedi-29-novembre\/#article","isPartOf":{"@id":"https:\/\/www.pressenza.com\/fr\/2025\/11\/manifestation-nationale-solidarite-palestine-a-paris-samedi-29-novembre\/"},"author":{"name":"R\u00e9daction Paris","@id":"https:\/\/www.pressenza.com\/fr\/#\/schema\/person\/5698ef8d4c2a370cbdd59d5b17455af6"},"headline":"Manifestation nationale Solidarit\u00e9 Palestine \u00e0 Paris samedi 29 novembre","datePublished":"2025-11-26T18:14:32+00:00","dateModified":"2025-11-26T18:18:17+00:00","mainEntityOfPage":{"@id":"https:\/\/www.pressenza.com\/fr\/2025\/11\/manifestation-nationale-solidarite-palestine-a-paris-samedi-29-novembre\/"},"wordCount":577,"publisher":{"@id":"https:\/\/www.pressenza.com\/fr\/#organization"},"image":{"@id":"https:\/\/www.pressenza.com\/fr\/2025\/11\/manifestation-nationale-solidarite-palestine-a-paris-samedi-29-novembre\/#primaryimage"},"thumbnailUrl":"https:\/\/www.pressenza.com\/wp-content\/uploads\/2025\/11\/manif-palestine.jpg","keywords":["Conflit Isra\u00ebl Palestine","Gaza","genocide","manifestation","Palestine","Paris","samedi 29 novembre"],"articleSection":["Communiqu\u00e9s de Presse","Droits humains","Paix et D\u00e9sarmement","Politique","Proche et Moyen-Orient"],"inLanguage":"fr-FR"},{"@type":"WebPage","@id":"https:\/\/www.pressenza.com\/fr\/2025\/11\/manifestation-nationale-solidarite-palestine-a-paris-samedi-29-novembre\/","url":"https:\/\/www.pressenza.com\/fr\/2025\/11\/manifestation-nationale-solidarite-palestine-a-paris-samedi-29-novembre\/","name":"Manifestation nationale Solidarit\u00e9 Palestine \u00e0 Paris samedi 29 novembre","isPartOf":{"@id":"https:\/\/www.pressenza.com\/fr\/#website"},"primaryImageOfPage":{"@id":"https:\/\/www.pressenza.com\/fr\/2025\/11\/manifestation-nationale-solidarite-palestine-a-paris-samedi-29-novembre\/#primaryimage"},"image":{"@id":"https:\/\/www.pressenza.com\/fr\/2025\/11\/manifestation-nationale-solidarite-palestine-a-paris-samedi-29-novembre\/#primaryimage"},"thumbnailUrl":"https:\/\/www.pressenza.com\/wp-content\/uploads\/2025\/11\/manif-palestine.jpg","datePublished":"2025-11-26T18:14:32+00:00","dateModified":"2025-11-26T18:18:17+00:00","description":"Communiqu\u00e9 de Presse Apr\u00e8s le cessez-le-feu \u00e0 Gaza, Isra\u00ebl poursuit l\u2019occupation et la colonisation de la Palestine, l\u2019oppression du peuple palestinien.","breadcrumb":{"@id":"https:\/\/www.pressenza.com\/fr\/2025\/11\/manifestation-nationale-solidarite-palestine-a-paris-samedi-29-novembre\/#breadcrumb"},"inLanguage":"fr-FR","potentialAction":[{"@type":"ReadAction","target":["https:\/\/www.pressenza.com\/fr\/2025\/11\/manifestation-nationale-solidarite-palestine-a-paris-samedi-29-novembre\/"]}]},{"@type":"ImageObject","inLanguage":"fr-FR","@id":"https:\/\/www.pressenza.com\/fr\/2025\/11\/manifestation-nationale-solidarite-palestine-a-paris-samedi-29-novembre\/#primaryimage","url":"https:\/\/www.pressenza.com\/wp-content\/uploads\/2025\/11\/manif-palestine.jpg","contentUrl":"https:\/\/www.pressenza.com\/wp-content\/uploads\/2025\/11\/manif-palestine.jpg","width":820,"height":460},{"@type":"BreadcrumbList","@id":"https:\/\/www.pressenza.com\/fr\/2025\/11\/manifestation-nationale-solidarite-palestine-a-paris-samedi-29-novembre\/#breadcrumb","itemListElement":[{"@type":"ListItem","position":1,"name":"Accueil","item":"https:\/\/www.pressenza.com\/fr\/"},{"@type":"ListItem","position":2,"name":"Manifestation nationale Solidarit\u00e9 Palestine \u00e0 Paris samedi 29 novembre"}]},{"@type":"WebSite","@id":"https:\/\/www.pressenza.com\/fr\/#website","url":"https:\/\/www.pressenza.com\/fr\/","name":"Pressenza","description":"International Press Agency","publisher":{"@id":"https:\/\/www.pressenza.com\/fr\/#organization"},"potentialAction":[{"@type":"SearchAction","target":{"@type":"EntryPoint","urlTemplate":"https:\/\/www.pressenza.com\/fr\/?s={search_term_string}"},"query-input":{"@type":"PropertyValueSpecification","valueRequired":true,"valueName":"search_term_string"}}],"inLanguage":"fr-FR"},{"@type":"Organization","@id":"https:\/\/www.pressenza.com\/fr\/#organization","name":"Pressenza","url":"https:\/\/www.pressenza.com\/fr\/","logo":{"@type":"ImageObject","inLanguage":"fr-FR","@id":"https:\/\/www.pressenza.com\/fr\/#\/schema\/logo\/image\/","url":"https:\/\/www.pressenza.com\/wp-content\/uploads\/2022\/10\/pressenza_logo_200x200.jpg","contentUrl":"https:\/\/www.pressenza.com\/wp-content\/uploads\/2022\/10\/pressenza_logo_200x200.jpg","width":200,"height":200,"caption":"Pressenza"},"image":{"@id":"https:\/\/www.pressenza.com\/fr\/#\/schema\/logo\/image\/"},"sameAs":["https:\/\/www.facebook.com\/PressenzaItalia","https:\/\/x.com\/PressenzaIPA"]},{"@type":"Person","@id":"https:\/\/www.pressenza.com\/fr\/#\/schema\/person\/5698ef8d4c2a370cbdd59d5b17455af6","name":"R\u00e9daction Paris","description":"News published by the Pressenza bureau in Paris, France","url":"https:\/\/www.pressenza.com\/fr\/author\/redaction-paris\/"}]}},"place":"France","original_article_url":"https:\/\/www.france-palestine.org\/Manifestation-nationale-Solidarite-Palestine-a-Paris-samedi-29-novembre","_links":{"self":[{"href":"https:\/\/www.pressenza.com\/fr\/wp-json\/wp\/v2\/posts\/2654052","targetHints":{"allow":["GET"]}}],"collection":[{"href":"https:\/\/www.pressenza.com\/fr\/wp-json\/wp\/v2\/posts"}],"about":[{"href":"https:\/\/www.pressenza.com\/fr\/wp-json\/wp\/v2\/types\/post"}],"author":[{"embeddable":true,"href":"https:\/\/www.pressenza.com\/fr\/wp-json\/wp\/v2\/users\/752"}],"replies":[{"embeddable":true,"href":"https:\/\/www.pressenza.com\/fr\/wp-json\/wp\/v2\/comments?post=2654052"}],"version-history":[{"count":2,"href":"https:\/\/www.pressenza.com\/fr\/wp-json\/wp\/v2\/posts\/2654052\/revisions"}],"predecessor-version":[{"id":2654061,"href":"https:\/\/www.pressenza.com\/fr\/wp-json\/wp\/v2\/posts\/2654052\/revisions\/2654061"}],"wp:featuredmedia":[{"embeddable":true,"href":"https:\/\/www.pressenza.com\/fr\/wp-json\/wp\/v2\/media\/2654054"}],"wp:attachment":[{"href":"https:\/\/www.pressenza.com\/fr\/wp-json\/wp\/v2\/media?parent=2654052"}],"wp:term":[{"taxonomy":"category","embeddable":true,"href":"https:\/\/www.pressenza.com\/fr\/wp-json\/wp\/v2\/categories?post=2654052"},{"taxonomy":"post_tag","embeddable":true,"href":"https:\/\/www.pressenza.com\/fr\/wp-json\/wp\/v2\/tags?post=2654052"}],"curies":[{"name":"wp","href":"https:\/\/api.w.org\/{rel}","templated":true}]}}