{"id":2652617,"date":"2025-11-14T21:02:35","date_gmt":"2025-11-14T21:02:35","guid":{"rendered":"https:\/\/www.pressenza.com\/?p=2652617"},"modified":"2025-11-16T09:57:18","modified_gmt":"2025-11-16T09:57:18","slug":"yves-engler-apporter-le-bien-au-canada-et-au-monde","status":"publish","type":"post","link":"https:\/\/www.pressenza.com\/fr\/2025\/11\/yves-engler-apporter-le-bien-au-canada-et-au-monde\/","title":{"rendered":"Yves Engler, apporter le bien au Canada et au monde"},"content":{"rendered":"<blockquote><p><span dir=\"auto\">Apr\u00e8s les \u00e9lections f\u00e9d\u00e9rales canadiennes de 2025, le chef du Nouveau Parti d\u00e9mocratique (NPD) de l&rsquo;\u00e9poque, Jagmeet Singh, a perdu son si\u00e8ge \u00e0 la Chambre des communes, qui fait partie du Parlement canadien et qui compte 343 si\u00e8ges. Parall\u00e8lement, le NPD est pass\u00e9 de 24 \u00e0 7 si\u00e8ges, perdant ainsi son statut de parti majoritaire, celui-ci n\u00e9cessitant 12 si\u00e8ges.<\/span><\/p><\/blockquote>\n<p><em><span dir=\"auto\">Par Evelyn Tischer<\/span><\/em><\/p>\n<p><span dir=\"auto\">En cons\u00e9quence, Singh a d\u00e9missionn\u00e9 et le NPD a besoin d&rsquo;un nouveau chef qui sera \u00e9lu en mars 2026.<\/span><\/p>\n<p><span dir=\"auto\">Depuis quelques ann\u00e9es, je suis l&rsquo;\u00e9mission hebdomadaire \u00ab<\/span><a href=\"https:\/\/yvesengler.com\/canadian-foreign-policy-hour\/\"><span dir=\"auto\">Canadian Foreign Policy Hour<\/span><\/a><span dir=\"auto\">\u00a0\u00bb, anim\u00e9e sur Zoom par <\/span><a href=\"https:\/\/en.wikipedia.org\/wiki\/Yves_Engler\">Yves Engler<\/a><span dir=\"auto\"> , o\u00f9 Yves discute du r\u00f4le du Canada \u00e0 l&rsquo;\u00e9tranger et invite les participants \u00e0 poser des questions et \u00e0 faire des commentaires.<\/span><\/p>\n<p><span dir=\"auto\">Pendant cette heure, une discussion parall\u00e8le et tr\u00e8s anim\u00e9e se d\u00e9roule dans le chat, o\u00f9 les participants posent des questions, y r\u00e9pondent et \u00e9changent des commentaires, des blagues et des encouragements.<\/span><\/p>\n<p><span dir=\"auto\">Yves a \u00e9crit de nombreux articles et<\/span> <a href=\"https:\/\/yvesengler.com\/yves-books\/\"><span dir=\"auto\">a \u00e9crit ou co-\u00e9crit 13 livres<\/span><\/a><span dir=\"auto\">.<\/span><\/p>\n<p><span dir=\"auto\">En juillet 2025, Yves a annonc\u00e9 que le caucus socialiste du Nouveau Parti d\u00e9mocratique (NPD) <\/span><a href=\"https:\/\/yvesengler.com\/2025\/07\/07\/why-im-running-for-leadership-of-ndp\/\"><span dir=\"auto\">lui avait demand\u00e9 de se pr\u00e9senter \u00e0 la t\u00eate du NPD<\/span><\/a><span dir=\"auto\">, et que sa premi\u00e8re r\u00e9action avait \u00e9t\u00e9 de rejeter cette demande, mais qu&rsquo;il avait ensuite accept\u00e9.<\/span><\/p>\n<p><img loading=\"lazy\" decoding=\"async\" class=\"alignnone size-large wp-image-2652192\" src=\"https:\/\/www.pressenza.com\/wp-content\/uploads\/2025\/11\/NPD-Socialist-Caucus-820x547.jpg\" alt=\"\" width=\"820\" height=\"547\" srcset=\"https:\/\/www.pressenza.com\/wp-content\/uploads\/2025\/11\/NPD-Socialist-Caucus-820x547.jpg 820w, https:\/\/www.pressenza.com\/wp-content\/uploads\/2025\/11\/NPD-Socialist-Caucus-300x200.jpg 300w, https:\/\/www.pressenza.com\/wp-content\/uploads\/2025\/11\/NPD-Socialist-Caucus.jpg 1920w\" sizes=\"auto, (max-width: 820px) 100vw, 820px\" \/><\/p>\n<p><span dir=\"auto\">\u00catre candidat politique implique une campagne, et une campagne implique des b\u00e9n\u00e9voles. Face aux appels \u00e0 b\u00e9n\u00e9voles, je me demande : dois-je m&rsquo;engager ? J&rsquo;admire la compassion d&rsquo;Yves et <\/span><a href=\"https:\/\/yvesengler.com\/2025\/01\/06\/mr-trudeau-tell-france-to-show-haiti-the-indemnity-money\/%23more-6382\"><span dir=\"auto\">son cri de justice pour Ha\u00efti<\/span><\/a><span dir=\"auto\"> , <\/span><a href=\"https:\/\/translate.google.com\/website?sl=auto&amp;tl=fr&amp;hl=fr&amp;u=https:\/\/yvesengler.com\/2025\/08\/19\/amidst-horrors-in-gaza-some-prefer-to-focus-on-antisemitism\/\"><span dir=\"auto\">la Palestine<\/span><\/a><span dir=\"auto\"> et les pays o\u00f9 les populations sont <\/span><a href=\"https:\/\/yvesengler.com\/2022\/06\/09\/ugly-canadian-mines-new-depths\/\"><span dir=\"auto\">exploit\u00e9es par l&rsquo;industrie mini\u00e8re canadienne<\/span><\/a><span dir=\"auto\"> . D&rsquo;un autre c\u00f4t\u00e9, je sais que les campagnes politiques sont synonymes de lutte, souvent brutale, et je n&rsquo;ai aucune exp\u00e9rience en la mati\u00e8re.<\/span><\/p>\n<p><span dir=\"auto\">Finalement, je me dis que faire campagne pour Yves est peut-\u00eatre le meilleur moyen d&rsquo;aider ce pauvre monde, et en particulier la Palestine, et je rejoins la campagne.<\/span><\/p>\n<p><span dir=\"auto\">Viennent ensuite les demandes de soutien \u00e0 la candidature d&rsquo;Yves \u00e0 la t\u00eate du NPD, et les demandes d&rsquo;argent.<\/span><\/p>\n<p><span dir=\"auto\">Pour \u00e9changer avec d&rsquo;autres b\u00e9n\u00e9voles \u00e0 travers le Canada, plusieurs d&rsquo;entre nous rejoignent Discord o\u00f9 nous partageons des commentaires, des id\u00e9es, des conseils, des vid\u00e9os, des articles et, bien s\u00fbr, des blagues.\u00a0<\/span><span dir=\"auto\">Des comit\u00e9s de b\u00e9n\u00e9voles sont form\u00e9s\u00a0: comit\u00e9 des politiques, comit\u00e9 de collecte de fonds, comit\u00e9 des m\u00e9dias sociaux, et autres.<\/span><\/p>\n<p><span dir=\"auto\">J&rsquo;int\u00e8gre le comit\u00e9 des politiques et participe \u00e0 la premi\u00e8re r\u00e9union, sur Zoom, en me pr\u00e9parant aux insultes et aux disputes.\u00a0<\/span><span dir=\"auto\">Derri\u00e8re le monsieur qui nous accueille se trouvent des \u00e9tag\u00e8res remplies de livres et un globe terrestre. J&rsquo;aime beaucoup les livres et les globes terrestres, alors cela me rassure.<\/span><\/p>\n<p><span dir=\"auto\">Les id\u00e9es politiques sont recueillies et les suggestions et commentaires sont les bienvenus. Le ton est respectueux. Je propose que le Canada signe le Trait\u00e9 sur l&rsquo;interdiction des armes nucl\u00e9aires (TIAN), et cette suggestion est accept\u00e9e. C&rsquo;est incroyable ! Un petit groupe \u2013 qui a ensuite compt\u00e9 environ 45 membres \u2013 peut d\u00e9cider de la politique du Canada. Si Yves devient chef du NPD, et si\u2026 et si\u2026, la d\u00e9cision d&rsquo;un petit groupe pourrait bien d\u00e9finir la politique canadienne ! Et je r\u00eave\u2026 d&rsquo;un logement garanti pour tous, du retrait du Canada de l&rsquo;OTAN et de la dissolution de l&rsquo;Accord nord-am\u00e9ricain de d\u00e9fense (NORAD). ( <\/span><a href=\"https:\/\/yvesforndpleader.ca\/policy\/\"><span dir=\"auto\">Voir le programme)<\/span><\/a><\/p>\n<p><span dir=\"auto\">En septembre, Yves fait une tourn\u00e9e au Canada et nous demande de l&rsquo;accueillir. Prenant mon courage \u00e0 deux mains, je lui r\u00e9ponds par courriel : \u00ab Faites une halte \u00e0 Regina, nous vous accueillerons avec plaisir. \u00bb Il r\u00e9pond : \u00ab Je serais ravi de venir. \u00bb Son passage \u00e0 Regina est pr\u00e9vu le 25 septembre. Le Conseil de la paix de Regina, &#8211; bien qu&rsquo;il ne soutienne pas en tant que groupe la candidature d&rsquo;Yves -, est toujours heureux d&rsquo;assister \u00e0 une conf\u00e9rence qui correspond \u00e0 ses int\u00e9r\u00eats et participe \u00e0 son accueil. Nous apporterons des collations. Du caf\u00e9 ? Non, la salle est petite et il faut enlever des tables pour faire de la place aux chaises. Apportez donc votre boisson !<\/span><\/p>\n<blockquote><p><span dir=\"auto\">Yves explique : \u00ab <\/span><b><i><span dir=\"auto\">Si je me pr\u00e9sente, c&rsquo;est notamment parce que nous assistons depuis deux ans \u00e0 un v\u00e9ritable holocauste diffus\u00e9 en direct. Chaque jour, 50, 100, voire 150 Palestiniens sont massacr\u00e9s \u00e0 Gaza, et notre gouvernement, deux ans apr\u00e8s son entr\u00e9e en fonction, refuse m\u00eame d&rsquo;appliquer la loi canadienne en ce qui concerne Isra\u00ebl. \u00bb<\/span><\/i><\/b><\/p><\/blockquote>\n<p><span dir=\"auto\">Apr\u00e8s la conf\u00e9rence, j&rsquo;ai entendu des commentaires \u00e9logieux et j&rsquo;esp\u00e8re qu&rsquo;Yves a gagn\u00e9 de nouveaux soutiens.<\/span><\/p>\n<p><span dir=\"auto\">Le nombre de b\u00e9n\u00e9voles d\u00e9passe d\u00e9sormais les 1\u00a0000 et les comit\u00e9s sont tr\u00e8s actifs. Je reconnais quelques personnes de l\u2019\u00e9mission \u00ab\u00a0Canadian Foreign Policy Hour\u00a0\u00bb. Bianca, l\u2019\u00e9pouse d\u2019Yves, toujours aimable et enthousiaste, est souvent pr\u00e9sente pour pr\u00eater main-forte et organiser les activit\u00e9s, tout comme Yves. On aper\u00e7oit parfois leurs deux jeunes enfants, en qu\u00eate d\u2019un go\u00fbter, d\u2019un doudou ou d\u2019un arrangement \u00e0 l\u2019amiable.<\/span><\/p>\n<p><span dir=\"auto\">Une fois la plateforme termin\u00e9e, il faut la traduire en fran\u00e7ais. Un groupe de traduction se forme et les messages fusent\u00a0: \u00ab\u00a0Comment faire pour avoir le \u00ab\u00a0\u00e9\u00a0\u00bb\u00a0?\u00a0\u00bb \u00ab\u00a0Yves est f\u00e9ministe, alors f\u00e9minisons au maximum\u00a0!\u00a0\u00bb<\/span><\/p>\n<p><span dir=\"auto\">Enfin, la <\/span><a href=\"https:\/\/yvesforndpleader.ca\/policy\/\"><span dir=\"auto\">plateforme<\/span><\/a><span dir=\"auto\"> \u2013 <\/span><b><span dir=\"auto\">\u00ab\u00a0Le capitalisme est irr\u00e9m\u00e9diable \u2013 En route vers un avenir socialiste<\/span><\/b><span dir=\"auto\">\u00a0\u00bb \u2013 est finalis\u00e9e en anglais et en fran\u00e7ais. C\u2019est la f\u00eate\u00a0! Ce projet est notre \u0153uvre et le c\u0153ur de notre campagne. Si tout se concr\u00e9tise, ce sera le paradis. M\u00eame si seulement 1\u00a0% est mis en \u0153uvre, ce sera un grand pas en avant.<\/span><\/p>\n<p><span dir=\"auto\">Il est amusant de constater que, pendant que nous travaillons pour Yves, des articles sur la campagne de Zohran Mamdani, candidat \u00e0 la mairie de New York, paraissent dans <a href=\"https:\/\/www.pressenza.com\/fr\/tag\/zohran-mamdani-fr\/\">Pressenza<\/a>. Il est int\u00e9ressant d&rsquo;\u00e9tablir des comparaisons\u00a0: tous deux souhaitent la s\u00e9curit\u00e9 alimentaire.\u00a0 <\/span><a href=\"https:\/\/www.pressenza.com\/fr\/2025\/10\/new-york-lenthousiasme-des-jeunes-supporters-de-zohran-mamdani\/\"><span dir=\"auto\">Zohran est favorable aux supermarch\u00e9s populaires<\/span><\/a><span dir=\"auto\">, <\/span><a href=\"https:\/\/yvesforndpleader.ca\/policy\/\"><span dir=\"auto\">Yves \u00e0 la nationalisation des grandes cha\u00eenes de supermarch\u00e9s<\/span><\/a><span dir=\"auto\"> sous forme de coop\u00e9ratives. <\/span><a href=\"https:\/\/www.pressenza.com\/fr\/2025\/10\/new-york-lenthousiasme-des-jeunes-supporters-de-zohran-mamdani\/\"><span dir=\"auto\">Zohran veut taxer les multimillionnaires<\/span><\/a><span dir=\"auto\">, <\/span><a href=\"https:\/\/yvesforndpleader.ca\/policy\/\"><span dir=\"auto\">Yves veut abolir le syst\u00e8me des milliardaires<\/span><\/a><span dir=\"auto\">.<\/span><\/p>\n<p><span dir=\"auto\">Je ne crois pas que nous aimions Yves de la m\u00eame mani\u00e8re que les partisans de Zohran aiment Zohran. Pour nous, Yves est comme un membre de la famille que nous soutenons, admirons et respectons. Et nous esp\u00e9rons qu&rsquo;il pourra apporter du bien \u00e0 ce monde.<\/span><\/p>\n","protected":false},"excerpt":{"rendered":"<p>Apr\u00e8s les \u00e9lections f\u00e9d\u00e9rales canadiennes de 2025, le chef du Nouveau Parti d\u00e9mocratique (NPD) de l&rsquo;\u00e9poque, Jagmeet Singh, a perdu son si\u00e8ge \u00e0 la Chambre des communes, qui fait partie du Parlement canadien et qui compte 343 si\u00e8ges. Parall\u00e8lement, le&hellip;<\/p>\n","protected":false},"author":2564,"featured_media":2652620,"comment_status":"closed","ping_status":"closed","sticky":false,"template":"","format":"standard","meta":{"footnotes":""},"categories":[87,11386,93,90],"tags":[2899,1508,66245,470,146324,146325,138890],"class_list":["post-2652617","post","type-post","status-publish","format-standard","has-post-thumbnail","hentry","category-amerique-du-nord","category-contenu-original","category-politique","category-moyen-orient","tag-canada-fr","tag-gaza-fr","tag-genocide-fr","tag-israel-fr","tag-nouveau-parti-democratique-npd","tag-yves-engler","tag-zohran-mamdani-fr"],"yoast_head":"<!-- This site is optimized with the Yoast SEO plugin v27.1.1 - https:\/\/yoast.com\/product\/yoast-seo-wordpress\/ -->\n<title>Yves Engler, apporter le bien au Canada et au monde<\/title>\n<meta name=\"description\" content=\"Apr\u00e8s les \u00e9lections f\u00e9d\u00e9rales canadiennes de 2025, le chef du Nouveau Parti d\u00e9mocratique (NPD) de l&#039;\u00e9poque, Jagmeet Singh, a perdu son si\u00e8ge \u00e0 la Chambre\" \/>\n<meta name=\"robots\" content=\"index, follow, max-snippet:-1, max-image-preview:large, max-video-preview:-1\" \/>\n<link rel=\"canonical\" href=\"https:\/\/www.pressenza.com\/fr\/2025\/11\/yves-engler-apporter-le-bien-au-canada-et-au-monde\/\" \/>\n<meta property=\"og:locale\" content=\"fr_FR\" \/>\n<meta property=\"og:type\" content=\"article\" \/>\n<meta property=\"og:title\" content=\"Yves Engler, apporter le bien au Canada et au monde\" \/>\n<meta property=\"og:description\" content=\"Apr\u00e8s les \u00e9lections f\u00e9d\u00e9rales canadiennes de 2025, le chef du Nouveau Parti d\u00e9mocratique (NPD) de l&#039;\u00e9poque, Jagmeet Singh, a perdu son si\u00e8ge \u00e0 la Chambre\" \/>\n<meta property=\"og:url\" content=\"https:\/\/www.pressenza.com\/fr\/2025\/11\/yves-engler-apporter-le-bien-au-canada-et-au-monde\/\" \/>\n<meta property=\"og:site_name\" content=\"Pressenza\" \/>\n<meta property=\"article:publisher\" content=\"https:\/\/www.facebook.com\/PressenzaItalia\" \/>\n<meta property=\"article:published_time\" content=\"2025-11-14T21:02:35+00:00\" \/>\n<meta property=\"article:modified_time\" content=\"2025-11-16T09:57:18+00:00\" \/>\n<meta property=\"og:image\" content=\"https:\/\/www.pressenza.com\/wp-content\/uploads\/2025\/11\/Yves-Engler-manifestazione.jpg\" \/>\n\t<meta property=\"og:image:width\" content=\"1920\" \/>\n\t<meta property=\"og:image:height\" content=\"1280\" \/>\n\t<meta property=\"og:image:type\" content=\"image\/jpeg\" \/>\n<meta name=\"author\" content=\"Evelyn Tischer\" \/>\n<meta name=\"twitter:card\" content=\"summary_large_image\" \/>\n<meta name=\"twitter:creator\" content=\"@PressenzaIPA\" \/>\n<meta name=\"twitter:site\" content=\"@PressenzaIPA\" \/>\n<meta name=\"twitter:label1\" content=\"\u00c9crit par\" \/>\n\t<meta name=\"twitter:data1\" content=\"Evelyn Tischer\" \/>\n\t<meta name=\"twitter:label2\" content=\"Dur\u00e9e de lecture estim\u00e9e\" \/>\n\t<meta name=\"twitter:data2\" content=\"5 minutes\" \/>\n<script type=\"application\/ld+json\" class=\"yoast-schema-graph\">{\"@context\":\"https:\/\/schema.org\",\"@graph\":[{\"@type\":\"Article\",\"@id\":\"https:\/\/www.pressenza.com\/fr\/2025\/11\/yves-engler-apporter-le-bien-au-canada-et-au-monde\/#article\",\"isPartOf\":{\"@id\":\"https:\/\/www.pressenza.com\/fr\/2025\/11\/yves-engler-apporter-le-bien-au-canada-et-au-monde\/\"},\"author\":{\"name\":\"Evelyn Tischer\",\"@id\":\"https:\/\/www.pressenza.com\/fr\/#\/schema\/person\/a49c523b7b5bb663cec1b5ec0973a33b\"},\"headline\":\"Yves Engler, apporter le bien au Canada et au monde\",\"datePublished\":\"2025-11-14T21:02:35+00:00\",\"dateModified\":\"2025-11-16T09:57:18+00:00\",\"mainEntityOfPage\":{\"@id\":\"https:\/\/www.pressenza.com\/fr\/2025\/11\/yves-engler-apporter-le-bien-au-canada-et-au-monde\/\"},\"wordCount\":1114,\"publisher\":{\"@id\":\"https:\/\/www.pressenza.com\/fr\/#organization\"},\"image\":{\"@id\":\"https:\/\/www.pressenza.com\/fr\/2025\/11\/yves-engler-apporter-le-bien-au-canada-et-au-monde\/#primaryimage\"},\"thumbnailUrl\":\"https:\/\/www.pressenza.com\/wp-content\/uploads\/2025\/11\/Yves-Engler-manifestazione.jpg\",\"keywords\":[\"Canada\",\"Gaza\",\"genocide\",\"Isra\u00ebl\",\"Nouveau Parti d\u00e9mocratique (NPD)\",\"Yves Engler\",\"Zohran Mamdani\"],\"articleSection\":[\"Am\u00e9rique du Nord\",\"Contenu Original\",\"Politique\",\"Proche et Moyen-Orient\"],\"inLanguage\":\"fr-FR\"},{\"@type\":\"WebPage\",\"@id\":\"https:\/\/www.pressenza.com\/fr\/2025\/11\/yves-engler-apporter-le-bien-au-canada-et-au-monde\/\",\"url\":\"https:\/\/www.pressenza.com\/fr\/2025\/11\/yves-engler-apporter-le-bien-au-canada-et-au-monde\/\",\"name\":\"Yves Engler, apporter le bien au Canada et au monde\",\"isPartOf\":{\"@id\":\"https:\/\/www.pressenza.com\/fr\/#website\"},\"primaryImageOfPage\":{\"@id\":\"https:\/\/www.pressenza.com\/fr\/2025\/11\/yves-engler-apporter-le-bien-au-canada-et-au-monde\/#primaryimage\"},\"image\":{\"@id\":\"https:\/\/www.pressenza.com\/fr\/2025\/11\/yves-engler-apporter-le-bien-au-canada-et-au-monde\/#primaryimage\"},\"thumbnailUrl\":\"https:\/\/www.pressenza.com\/wp-content\/uploads\/2025\/11\/Yves-Engler-manifestazione.jpg\",\"datePublished\":\"2025-11-14T21:02:35+00:00\",\"dateModified\":\"2025-11-16T09:57:18+00:00\",\"description\":\"Apr\u00e8s les \u00e9lections f\u00e9d\u00e9rales canadiennes de 2025, le chef du Nouveau Parti d\u00e9mocratique (NPD) de l'\u00e9poque, Jagmeet Singh, a perdu son si\u00e8ge \u00e0 la Chambre\",\"breadcrumb\":{\"@id\":\"https:\/\/www.pressenza.com\/fr\/2025\/11\/yves-engler-apporter-le-bien-au-canada-et-au-monde\/#breadcrumb\"},\"inLanguage\":\"fr-FR\",\"potentialAction\":[{\"@type\":\"ReadAction\",\"target\":[\"https:\/\/www.pressenza.com\/fr\/2025\/11\/yves-engler-apporter-le-bien-au-canada-et-au-monde\/\"]}]},{\"@type\":\"ImageObject\",\"inLanguage\":\"fr-FR\",\"@id\":\"https:\/\/www.pressenza.com\/fr\/2025\/11\/yves-engler-apporter-le-bien-au-canada-et-au-monde\/#primaryimage\",\"url\":\"https:\/\/www.pressenza.com\/wp-content\/uploads\/2025\/11\/Yves-Engler-manifestazione.jpg\",\"contentUrl\":\"https:\/\/www.pressenza.com\/wp-content\/uploads\/2025\/11\/Yves-Engler-manifestazione.jpg\",\"width\":1920,\"height\":1280},{\"@type\":\"BreadcrumbList\",\"@id\":\"https:\/\/www.pressenza.com\/fr\/2025\/11\/yves-engler-apporter-le-bien-au-canada-et-au-monde\/#breadcrumb\",\"itemListElement\":[{\"@type\":\"ListItem\",\"position\":1,\"name\":\"Accueil\",\"item\":\"https:\/\/www.pressenza.com\/fr\/\"},{\"@type\":\"ListItem\",\"position\":2,\"name\":\"Yves Engler, apporter le bien au Canada et au monde\"}]},{\"@type\":\"WebSite\",\"@id\":\"https:\/\/www.pressenza.com\/fr\/#website\",\"url\":\"https:\/\/www.pressenza.com\/fr\/\",\"name\":\"Pressenza\",\"description\":\"International Press Agency\",\"publisher\":{\"@id\":\"https:\/\/www.pressenza.com\/fr\/#organization\"},\"potentialAction\":[{\"@type\":\"SearchAction\",\"target\":{\"@type\":\"EntryPoint\",\"urlTemplate\":\"https:\/\/www.pressenza.com\/fr\/?s={search_term_string}\"},\"query-input\":{\"@type\":\"PropertyValueSpecification\",\"valueRequired\":true,\"valueName\":\"search_term_string\"}}],\"inLanguage\":\"fr-FR\"},{\"@type\":\"Organization\",\"@id\":\"https:\/\/www.pressenza.com\/fr\/#organization\",\"name\":\"Pressenza\",\"url\":\"https:\/\/www.pressenza.com\/fr\/\",\"logo\":{\"@type\":\"ImageObject\",\"inLanguage\":\"fr-FR\",\"@id\":\"https:\/\/www.pressenza.com\/fr\/#\/schema\/logo\/image\/\",\"url\":\"https:\/\/www.pressenza.com\/wp-content\/uploads\/2022\/10\/pressenza_logo_200x200.jpg\",\"contentUrl\":\"https:\/\/www.pressenza.com\/wp-content\/uploads\/2022\/10\/pressenza_logo_200x200.jpg\",\"width\":200,\"height\":200,\"caption\":\"Pressenza\"},\"image\":{\"@id\":\"https:\/\/www.pressenza.com\/fr\/#\/schema\/logo\/image\/\"},\"sameAs\":[\"https:\/\/www.facebook.com\/PressenzaItalia\",\"https:\/\/x.com\/PressenzaIPA\"]},{\"@type\":\"Person\",\"@id\":\"https:\/\/www.pressenza.com\/fr\/#\/schema\/person\/a49c523b7b5bb663cec1b5ec0973a33b\",\"name\":\"Evelyn Tischer\",\"description\":\"I have been trained as a mathematician and a scientist, but, for as long as I can remember, I have thought that war is a very bad thing, that it must be avoided. In the 1980's, I have been involved in UBC students for peace and disarmament, and have taken part in Vancouver's yearly walks for peace. More recently, in Regina, I have been involved in the \\\"Making Peace Vigil\\\" and in the \\\"Regina Peace Council\\\". In March 2021, I started being a translator for Pressenza. Later on, after a course on making videos with Equis Lab\/Pressenza, and a course on nonviolent journalism with Pressenza, I started making videos on peace and nonviolence for Pressenzaalc and writing articles for Pressenza.\",\"url\":\"https:\/\/www.pressenza.com\/fr\/author\/evelyn-tischer\/\"}]}<\/script>\n<!-- \/ Yoast SEO plugin. -->","yoast_head_json":{"title":"Yves Engler, apporter le bien au Canada et au monde","description":"Apr\u00e8s les \u00e9lections f\u00e9d\u00e9rales canadiennes de 2025, le chef du Nouveau Parti d\u00e9mocratique (NPD) de l'\u00e9poque, Jagmeet Singh, a perdu son si\u00e8ge \u00e0 la Chambre","robots":{"index":"index","follow":"follow","max-snippet":"max-snippet:-1","max-image-preview":"max-image-preview:large","max-video-preview":"max-video-preview:-1"},"canonical":"https:\/\/www.pressenza.com\/fr\/2025\/11\/yves-engler-apporter-le-bien-au-canada-et-au-monde\/","og_locale":"fr_FR","og_type":"article","og_title":"Yves Engler, apporter le bien au Canada et au monde","og_description":"Apr\u00e8s les \u00e9lections f\u00e9d\u00e9rales canadiennes de 2025, le chef du Nouveau Parti d\u00e9mocratique (NPD) de l'\u00e9poque, Jagmeet Singh, a perdu son si\u00e8ge \u00e0 la Chambre","og_url":"https:\/\/www.pressenza.com\/fr\/2025\/11\/yves-engler-apporter-le-bien-au-canada-et-au-monde\/","og_site_name":"Pressenza","article_publisher":"https:\/\/www.facebook.com\/PressenzaItalia","article_published_time":"2025-11-14T21:02:35+00:00","article_modified_time":"2025-11-16T09:57:18+00:00","og_image":[{"width":1920,"height":1280,"url":"https:\/\/www.pressenza.com\/wp-content\/uploads\/2025\/11\/Yves-Engler-manifestazione.jpg","type":"image\/jpeg"}],"author":"Evelyn Tischer","twitter_card":"summary_large_image","twitter_creator":"@PressenzaIPA","twitter_site":"@PressenzaIPA","twitter_misc":{"\u00c9crit par":"Evelyn Tischer","Dur\u00e9e de lecture estim\u00e9e":"5 minutes"},"schema":{"@context":"https:\/\/schema.org","@graph":[{"@type":"Article","@id":"https:\/\/www.pressenza.com\/fr\/2025\/11\/yves-engler-apporter-le-bien-au-canada-et-au-monde\/#article","isPartOf":{"@id":"https:\/\/www.pressenza.com\/fr\/2025\/11\/yves-engler-apporter-le-bien-au-canada-et-au-monde\/"},"author":{"name":"Evelyn Tischer","@id":"https:\/\/www.pressenza.com\/fr\/#\/schema\/person\/a49c523b7b5bb663cec1b5ec0973a33b"},"headline":"Yves Engler, apporter le bien au Canada et au monde","datePublished":"2025-11-14T21:02:35+00:00","dateModified":"2025-11-16T09:57:18+00:00","mainEntityOfPage":{"@id":"https:\/\/www.pressenza.com\/fr\/2025\/11\/yves-engler-apporter-le-bien-au-canada-et-au-monde\/"},"wordCount":1114,"publisher":{"@id":"https:\/\/www.pressenza.com\/fr\/#organization"},"image":{"@id":"https:\/\/www.pressenza.com\/fr\/2025\/11\/yves-engler-apporter-le-bien-au-canada-et-au-monde\/#primaryimage"},"thumbnailUrl":"https:\/\/www.pressenza.com\/wp-content\/uploads\/2025\/11\/Yves-Engler-manifestazione.jpg","keywords":["Canada","Gaza","genocide","Isra\u00ebl","Nouveau Parti d\u00e9mocratique (NPD)","Yves Engler","Zohran Mamdani"],"articleSection":["Am\u00e9rique du Nord","Contenu Original","Politique","Proche et Moyen-Orient"],"inLanguage":"fr-FR"},{"@type":"WebPage","@id":"https:\/\/www.pressenza.com\/fr\/2025\/11\/yves-engler-apporter-le-bien-au-canada-et-au-monde\/","url":"https:\/\/www.pressenza.com\/fr\/2025\/11\/yves-engler-apporter-le-bien-au-canada-et-au-monde\/","name":"Yves Engler, apporter le bien au Canada et au monde","isPartOf":{"@id":"https:\/\/www.pressenza.com\/fr\/#website"},"primaryImageOfPage":{"@id":"https:\/\/www.pressenza.com\/fr\/2025\/11\/yves-engler-apporter-le-bien-au-canada-et-au-monde\/#primaryimage"},"image":{"@id":"https:\/\/www.pressenza.com\/fr\/2025\/11\/yves-engler-apporter-le-bien-au-canada-et-au-monde\/#primaryimage"},"thumbnailUrl":"https:\/\/www.pressenza.com\/wp-content\/uploads\/2025\/11\/Yves-Engler-manifestazione.jpg","datePublished":"2025-11-14T21:02:35+00:00","dateModified":"2025-11-16T09:57:18+00:00","description":"Apr\u00e8s les \u00e9lections f\u00e9d\u00e9rales canadiennes de 2025, le chef du Nouveau Parti d\u00e9mocratique (NPD) de l'\u00e9poque, Jagmeet Singh, a perdu son si\u00e8ge \u00e0 la Chambre","breadcrumb":{"@id":"https:\/\/www.pressenza.com\/fr\/2025\/11\/yves-engler-apporter-le-bien-au-canada-et-au-monde\/#breadcrumb"},"inLanguage":"fr-FR","potentialAction":[{"@type":"ReadAction","target":["https:\/\/www.pressenza.com\/fr\/2025\/11\/yves-engler-apporter-le-bien-au-canada-et-au-monde\/"]}]},{"@type":"ImageObject","inLanguage":"fr-FR","@id":"https:\/\/www.pressenza.com\/fr\/2025\/11\/yves-engler-apporter-le-bien-au-canada-et-au-monde\/#primaryimage","url":"https:\/\/www.pressenza.com\/wp-content\/uploads\/2025\/11\/Yves-Engler-manifestazione.jpg","contentUrl":"https:\/\/www.pressenza.com\/wp-content\/uploads\/2025\/11\/Yves-Engler-manifestazione.jpg","width":1920,"height":1280},{"@type":"BreadcrumbList","@id":"https:\/\/www.pressenza.com\/fr\/2025\/11\/yves-engler-apporter-le-bien-au-canada-et-au-monde\/#breadcrumb","itemListElement":[{"@type":"ListItem","position":1,"name":"Accueil","item":"https:\/\/www.pressenza.com\/fr\/"},{"@type":"ListItem","position":2,"name":"Yves Engler, apporter le bien au Canada et au monde"}]},{"@type":"WebSite","@id":"https:\/\/www.pressenza.com\/fr\/#website","url":"https:\/\/www.pressenza.com\/fr\/","name":"Pressenza","description":"International Press Agency","publisher":{"@id":"https:\/\/www.pressenza.com\/fr\/#organization"},"potentialAction":[{"@type":"SearchAction","target":{"@type":"EntryPoint","urlTemplate":"https:\/\/www.pressenza.com\/fr\/?s={search_term_string}"},"query-input":{"@type":"PropertyValueSpecification","valueRequired":true,"valueName":"search_term_string"}}],"inLanguage":"fr-FR"},{"@type":"Organization","@id":"https:\/\/www.pressenza.com\/fr\/#organization","name":"Pressenza","url":"https:\/\/www.pressenza.com\/fr\/","logo":{"@type":"ImageObject","inLanguage":"fr-FR","@id":"https:\/\/www.pressenza.com\/fr\/#\/schema\/logo\/image\/","url":"https:\/\/www.pressenza.com\/wp-content\/uploads\/2022\/10\/pressenza_logo_200x200.jpg","contentUrl":"https:\/\/www.pressenza.com\/wp-content\/uploads\/2022\/10\/pressenza_logo_200x200.jpg","width":200,"height":200,"caption":"Pressenza"},"image":{"@id":"https:\/\/www.pressenza.com\/fr\/#\/schema\/logo\/image\/"},"sameAs":["https:\/\/www.facebook.com\/PressenzaItalia","https:\/\/x.com\/PressenzaIPA"]},{"@type":"Person","@id":"https:\/\/www.pressenza.com\/fr\/#\/schema\/person\/a49c523b7b5bb663cec1b5ec0973a33b","name":"Evelyn Tischer","description":"I have been trained as a mathematician and a scientist, but, for as long as I can remember, I have thought that war is a very bad thing, that it must be avoided. In the 1980's, I have been involved in UBC students for peace and disarmament, and have taken part in Vancouver's yearly walks for peace. More recently, in Regina, I have been involved in the \"Making Peace Vigil\" and in the \"Regina Peace Council\". In March 2021, I started being a translator for Pressenza. Later on, after a course on making videos with Equis Lab\/Pressenza, and a course on nonviolent journalism with Pressenza, I started making videos on peace and nonviolence for Pressenzaalc and writing articles for Pressenza.","url":"https:\/\/www.pressenza.com\/fr\/author\/evelyn-tischer\/"}]}},"place":"Regina, Canada","original_article_url":"","_links":{"self":[{"href":"https:\/\/www.pressenza.com\/fr\/wp-json\/wp\/v2\/posts\/2652617","targetHints":{"allow":["GET"]}}],"collection":[{"href":"https:\/\/www.pressenza.com\/fr\/wp-json\/wp\/v2\/posts"}],"about":[{"href":"https:\/\/www.pressenza.com\/fr\/wp-json\/wp\/v2\/types\/post"}],"author":[{"embeddable":true,"href":"https:\/\/www.pressenza.com\/fr\/wp-json\/wp\/v2\/users\/2564"}],"replies":[{"embeddable":true,"href":"https:\/\/www.pressenza.com\/fr\/wp-json\/wp\/v2\/comments?post=2652617"}],"version-history":[{"count":3,"href":"https:\/\/www.pressenza.com\/fr\/wp-json\/wp\/v2\/posts\/2652617\/revisions"}],"predecessor-version":[{"id":2652973,"href":"https:\/\/www.pressenza.com\/fr\/wp-json\/wp\/v2\/posts\/2652617\/revisions\/2652973"}],"wp:featuredmedia":[{"embeddable":true,"href":"https:\/\/www.pressenza.com\/fr\/wp-json\/wp\/v2\/media\/2652620"}],"wp:attachment":[{"href":"https:\/\/www.pressenza.com\/fr\/wp-json\/wp\/v2\/media?parent=2652617"}],"wp:term":[{"taxonomy":"category","embeddable":true,"href":"https:\/\/www.pressenza.com\/fr\/wp-json\/wp\/v2\/categories?post=2652617"},{"taxonomy":"post_tag","embeddable":true,"href":"https:\/\/www.pressenza.com\/fr\/wp-json\/wp\/v2\/tags?post=2652617"}],"curies":[{"name":"wp","href":"https:\/\/api.w.org\/{rel}","templated":true}]}}