{"id":2650805,"date":"2025-11-07T22:35:40","date_gmt":"2025-11-07T22:35:40","guid":{"rendered":"https:\/\/www.pressenza.com\/?p=2650805"},"modified":"2025-11-07T22:35:40","modified_gmt":"2025-11-07T22:35:40","slug":"slovenie-quand-la-peur-devient-politique","status":"publish","type":"post","link":"https:\/\/www.pressenza.com\/fr\/2025\/11\/slovenie-quand-la-peur-devient-politique\/","title":{"rendered":"Slov\u00e9nie : Quand la peur devient politique"},"content":{"rendered":"<p><em><span dir=\"auto\">Lorsque la peur devient politique, elle sape l&rsquo;\u00c9tat de droit : la r\u00e9action de la Slov\u00e9nie au meurtre d&rsquo;Ale\u0161 \u0160utar est devenue un avertissement pour l&rsquo;Europe.<\/span><\/em><\/p>\n<p><span dir=\"auto\"><span class=\"\" dir=\"auto\">Lorsque la peur remplace la raison, la d\u00e9mocratie commence \u00e0 s&rsquo;effriter. La r\u00e9action de la Slov\u00e9nie au meurtre d&rsquo;Ale\u0161 \u0160utar \u00e0 Novo Mesto a d\u00e9montr\u00e9 la rapidit\u00e9 avec laquelle la justice peut c\u00e9der la place \u00e0 la col\u00e8re et comment la qu\u00eate de contr\u00f4le d&rsquo;un \u00c9tat peut \u00e9roder ses fondements m\u00eames. Ce qui n&rsquo;\u00e9tait au d\u00e9part qu&rsquo;une affaire criminelle est devenu un miroir pour l&rsquo;Europe, r\u00e9v\u00e9lant que lorsque la peur se politise, elle ne gouverne pas, mais d\u00e9truit l&rsquo;\u00c9tat de droit.<\/span><\/span><\/p>\n<p><span dir=\"auto\">Un homme a \u00e9t\u00e9 tu\u00e9, et un pays a perdu son \u00e9quilibre. La mort d&rsquo;Ale\u0161 \u0160utar aurait d\u00fb rester entre les mains de la justice. Au lieu de cela, elle a d\u00e9bord\u00e9 dans les rues. En quelques heures, l&rsquo;identit\u00e9 rom du suspect a \u00e9clips\u00e9 les preuves dans les gros titres. Les pr\u00e9sentateurs de t\u00e9l\u00e9vision rivalisaient d&rsquo;indignation, des ministres ont fait preuve de responsabilit\u00e9 en d\u00e9missionnant, et la foule scandait des slogans tels que\u00a0: \u00ab\u00a0Assez de la violence des Roms\u00a0!\u00a0\u00bb<\/span><\/p>\n<p><span dir=\"auto\"><span class=\"\" dir=\"auto\">Une affaire criminelle est devenue un th\u00e9\u00e2tre national. La douleur, un sc\u00e9nario. La peur, un instrument politique. Pour les Roms, cette histoire n&rsquo;a rien de nouveau. D\u00e8s que le pouvoir vacille, il s&rsquo;en prend \u00e0 une cible famili\u00e8re. En 1942, les Roms de Dolenjska furent d\u00e9port\u00e9s dans les camps de Rab et de Gonars, o\u00f9 presque tous p\u00e9rirent. En 2006, la famille Strojan fut expuls\u00e9e d&rsquo;Ambrus sous pr\u00e9texte de \u00ab\u00a0maintenir l&rsquo;ordre\u00a0\u00bb par la police. En 2009, Silvo Hudorovi\u0107 fut battu \u00e0 mort\u00a0; en 2019, une maison rom fut incendi\u00e9e\u00a0; en 2022, des adolescents furent agress\u00e9s \u00e0 Murska Sobota. Chaque d\u00e9cennie laisse une cicatrice et un silence.<\/span><\/span><\/p>\n<p><span dir=\"auto\">La peur est une politique peu co\u00fbteuse. Elle co\u00fbte moins cher que les r\u00e9formes et assure une plus grande couverture m\u00e9diatique que l&rsquo;expertise. Novo Mesto, \u00e9picentre de ces troubles, se situe dans une r\u00e9gion o\u00f9 la pr\u00e9sence rom est ant\u00e9rieure \u00e0 toute remise en question de son existence par l&rsquo;\u00c9tat. Des documents du XVe si\u00e8cle d\u00e9crivent des commer\u00e7ants et artisans roms sur les march\u00e9s locaux, qui reliaient les villes bien avant que la Slov\u00e9nie n&rsquo;ait de fronti\u00e8res. C&rsquo;est de ces m\u00eames vall\u00e9es qu&rsquo;en 1942, la quasi-totalit\u00e9 des Roms furent d\u00e9port\u00e9s dans des camps fascistes. Rares furent ceux qui revinrent. Leurs descendants ont reconstruit l&rsquo;\u00e9conomie m\u00eame qui les exclut aujourd&rsquo;hui.<\/span><\/p>\n<p><span dir=\"auto\">Lors de l&rsquo;\u00e9clatement de la Yougoslavie, les Roms \u2013 qui avaient b\u00e2ti ses usines et entretenu ses routes \u2013 sont devenus citoyens de fronti\u00e8res qui ne les d\u00e9siraient plus. La Slov\u00e9nie est entr\u00e9e en Europe avec des ambitions d\u00e9mocratiques et une angoisse identitaire. Elle a transform\u00e9 cette angoisse en politique. Depuis 2010, trois plans nationaux d&rsquo;\u00ab\u00a0inclusion des Roms\u00a0\u00bb ont promis l&rsquo;\u00e9galit\u00e9 tout en institutionnalisant la surveillance. Les campements roms sont consid\u00e9r\u00e9s comme des \u00ab\u00a0risques pour la s\u00e9curit\u00e9\u00a0\u00bb. Les budgets allou\u00e9s \u00e0 l&rsquo;inclusion transitent par la police et les services sociaux. L&rsquo;\u00e9galit\u00e9 est per\u00e7ue comme une menace.<\/span><\/p>\n<p><span dir=\"auto\">Quelques jours avant le meurtre, la Slov\u00e9nie accueillait le sommet MED9 sous sa pr\u00e9sidence europ\u00e9enne, se pr\u00e9sentant comme progressiste, innovante et inclusive. Ursula von der Leyen et le roi Abdallah II louaient sa diplomatie ouverte. Une semaine plus tard, ses rues r\u00e9sonnaient de slogans haineux et de violence. Ce contraste n&rsquo;est pas une contradiction, mais une mise en sc\u00e8ne. Cosmopolitisme \u00e0 l&rsquo;export, bouc \u00e9missaire \u00e0 des fins politiques internes.<\/span><\/p>\n<p><span dir=\"auto\">Dans une Europe o\u00f9 les Roms sont six fois plus nombreux que les Slov\u00e8nes, le traitement r\u00e9serv\u00e9 par la Slov\u00e9nie \u00e0 ses citoyens roms ne saurait \u00eatre consid\u00e9r\u00e9 comme un simple caprice. Il refl\u00e8te une pratique courante sur le continent\u00a0: g\u00e9rer l\u2019ins\u00e9curit\u00e9 en la projetant sur les plus vuln\u00e9rables.<\/span><\/p>\n<p><span dir=\"auto\">En Slov\u00e9nie, la peur n&rsquo;est pas spontan\u00e9e. Elle est g\u00e9r\u00e9e comme un poste budg\u00e9taire. Les politiciens l&rsquo;utilisent pour unir un \u00e9lectorat divis\u00e9\u00a0; les administrations la traduisent en propositions de projets\u00a0; les m\u00e9dias la diffusent aux heures de grande \u00e9coute. La peur g\u00e9n\u00e8re des donn\u00e9es\u00a0: sondages, audiences, financements. Elle alimente l&rsquo;\u00e9conomie d&rsquo;un petit \u00c9tat o\u00f9 l&rsquo;indignation co\u00fbte moins cher que les r\u00e9formes.<\/span><\/p>\n<p><span dir=\"auto\">Bruxelles y contribue. Depuis vingt ans, l\u2019UE mesure l\u2019\u00ab\u00a0inclusion\u00a0\u00bb en termes de r\u00e9unions, et non de s\u00e9curit\u00e9. Les rapports r\u00e8glent les comptes moraux sans modifier l\u2019\u00e9quilibre politique. Un syst\u00e8me cr\u00e9\u00e9 pour promouvoir l\u2019\u00e9galit\u00e9 s\u2019est transform\u00e9 en un syst\u00e8me qui subventionne son absence.<\/span><\/p>\n<p><span dir=\"auto\">Derri\u00e8re chaque gros titre de journal se cache une maison. \u00c0 \u017dabjak, une femme cloue des panneaux de contreplaqu\u00e9 \u00e0 ses fen\u00eatres. \u00c0 Brezje, un jeune homme supprime sa photo des r\u00e9seaux sociaux. Les parents gardent leurs enfants \u00e0 la maison\u00a0; les personnes \u00e2g\u00e9es entendent encore les \u00e9chos de ces nuits o\u00f9 le silence pr\u00e9c\u00e9dait la violence.<\/span><\/p>\n<p><span dir=\"auto\">L\u2019\u00c9tat n\u2019a plus besoin de d\u00e9crets pour isoler les Roms\u00a0: l\u2019incertitude s\u2019en charge. Or, c\u2019est pr\u00e9cis\u00e9ment dans cette incertitude que r\u00e9side le savoir-faire le plus ancestral des Roms\u00a0: la reconstruction. Chaque fois que l\u2019Europe tente de les an\u00e9antir, ils reconstruisent leur communaut\u00e9 \u00e0 partir des vestiges. La r\u00e9sistance n\u2019est pas r\u00e9signation, elle est connaissance, elle est cette conscience civique que l\u2019Europe a perdue tandis que les Roms apprenaient \u00e0 survivre \u00e0 ses \u00e9checs.<\/span><\/p>\n<p><span dir=\"auto\">Justice pour Ale\u0161 \u0160utar et s\u00e9curit\u00e9 pour les Roms ne sont pas des exigences contradictoires. Elles sont indissociables de la stabilit\u00e9 de la Slov\u00e9nie. La justice exige des preuves, non des \u00e9motions. La s\u00e9curit\u00e9 exige une protection \u00e9gale, non une culpabilit\u00e9 collective. Lorsque la loi devient s\u00e9lective, l&rsquo;autorit\u00e9 devient \u00e9ph\u00e9m\u00e8re.<\/span><\/p>\n<p><span dir=\"auto\">Si la Slov\u00e9nie souhaite renouer avec les fondements de sa d\u00e9mocratie et honorer les engagements pris lors de son adh\u00e9sion \u00e0 l&rsquo;Union europ\u00e9enne, plusieurs conditions doivent \u00eatre remplies. Le meurtre d&rsquo;Ale\u0161 \u0160utar doit faire l&rsquo;objet d&rsquo;une enqu\u00eate compl\u00e8te et impartiale, exempte de toute ing\u00e9rence politique et de tout pr\u00e9jug\u00e9 ethnique. Le gouvernement doit condamner publiquement les discours de haine et la culpabilisation collective visant les Roms et r\u00e9affirmer que l&rsquo;\u00e9galit\u00e9 devant la loi est un principe non n\u00e9gociable. La s\u00e9curit\u00e9 des Roms doit \u00eatre garantie par une protection visible et efficace partout o\u00f9 des menaces ou des actes d&rsquo;intimidation se produisent.<\/span><\/p>\n<p><span dir=\"auto\">Ce processus devrait s&rsquo;accompagner d&rsquo;un contr\u00f4le ind\u00e9pendant exerc\u00e9 par l&rsquo;Agence des droits fondamentaux de l&rsquo;Union europ\u00e9enne et la Commission contre le racisme et l&rsquo;intol\u00e9rance du Conseil de l&rsquo;Europe, afin de garantir que les institutions slov\u00e8nes agissent conform\u00e9ment \u00e0 leurs obligations au titre de la Charte des droits fondamentaux de l&rsquo;UE. Enfin, la responsabilit\u00e9 doit s&rsquo;\u00e9tendre \u00e0 tous les niveaux de gouvernement\u00a0: les responsables publics qui ont normalis\u00e9 l&rsquo;hostilit\u00e9 ou n&rsquo;ont pas emp\u00each\u00e9 sa propagation doivent en assumer la responsabilit\u00e9 politique et juridique. Il ne s&rsquo;agit pas de mesures exceptionnelles, mais bien des exigences minimales de cr\u00e9dibilit\u00e9 pour tout \u00c9tat membre qui pr\u00e9tend d\u00e9fendre l&rsquo;\u00c9tat de droit en Europe.<\/span><\/p>\n<p><span dir=\"auto\">Les Roms vivent sur le sol slov\u00e8ne depuis six si\u00e8cles et ont surv\u00e9cu au fascisme, au socialisme et \u00e0 la transition. Ils ont appris ce que les \u00c9tats n&rsquo;apprennent jamais\u00a0: comment surmonter un effondrement sans le reproduire. La survie des Roms n&rsquo;est pas une l\u00e9gende, mais une m\u00e9moire politique, la preuve que la loi n&rsquo;a de sens que lorsqu&rsquo;elle est partag\u00e9e. Si l&rsquo;Europe veut red\u00e9couvrir le sens de la civilisation, elle devrait commencer par s&rsquo;inspirer de ceux qu&rsquo;elle a le plus n\u00e9glig\u00e9s. Le pouvoir perdure non par la domination, mais par la bienveillance.<\/span><\/p>\n<p><span dir=\"auto\">La Slov\u00e9nie se trouve aujourd&rsquo;hui prise entre le masque et les principes. Elle peut continuer \u00e0 gouverner par la peur, ou bien reconstruire sa l\u00e9gitimit\u00e9 par le droit. Justice doit \u00eatre rendue \u00e0 Ale\u0161 pleinement et \u00e9quitablement, et protection des Roms doit \u00eatre tout aussi concr\u00e8te. Il ne s&rsquo;agit pas de voies parall\u00e8les, mais d&rsquo;un seul et m\u00eame chemin vers la d\u00e9mocratie. Les \u00c9tats ne s&rsquo;effondrent pas sous l&rsquo;effet d&rsquo;invasions, mais se d\u00e9sagr\u00e8gent de l&rsquo;int\u00e9rieur, lorsque la confiance entre les citoyens et la loi dispara\u00eet. Ce d\u00e9sagr\u00e9gation a d\u00e9j\u00e0 un visage : celui des Roms, qui ont subi les cons\u00e9quences des promesses non tenues de l&rsquo;Europe, et qui demeurent pourtant la preuve la plus tangible de sa r\u00e9silience. Leur s\u00e9curit\u00e9 d\u00e9terminera si la Slov\u00e9nie, et par extension l&rsquo;Europe, se souviendra un jour de ce que signifie \u00eatre civilis\u00e9.<\/span><\/p>\n<p><span dir=\"auto\">Mensur Haliti, fondateur de la Fondation Roma for Democracy <\/span><\/p>\n<p><a href=\"https:\/\/www.facebook.com\/share\/1BeV9Uxmsn\/?mibextid=wwXIfr\">https:\/\/www.facebook.com\/share\/1BeV9Uxmsn\/?mibextid=wwXIfr<\/a><\/p>\n","protected":false},"excerpt":{"rendered":"<p>Lorsque la peur devient politique, elle sape l&rsquo;\u00c9tat de droit : la r\u00e9action de la Slov\u00e9nie au meurtre d&rsquo;Ale\u0161 \u0160utar est devenue un avertissement pour l&rsquo;Europe. Lorsque la peur remplace la raison, la d\u00e9mocratie commence \u00e0 s&rsquo;effriter. La r\u00e9action de&hellip;<\/p>\n","protected":false},"author":594,"featured_media":2650806,"comment_status":"closed","ping_status":"closed","sticky":false,"template":"","format":"standard","meta":{"footnotes":""},"categories":[1247,85,124282],"tags":[145921,5706,20994,269],"class_list":["post-2650805","post","type-post","status-publish","format-standard","has-post-thumbnail","hentry","category-diversite","category-europe-fr","category-news-fr","tag-ales-sutar","tag-roms","tag-slovenie","tag-violence"],"yoast_head":"<!-- This site is optimized with the Yoast SEO plugin v27.1.1 - https:\/\/yoast.com\/product\/yoast-seo-wordpress\/ -->\n<title>Slov\u00e9nie : Quand la peur devient politique<\/title>\n<meta name=\"description\" content=\"Lorsque la peur devient politique, elle sape l&#039;\u00c9tat de droit : la r\u00e9action de la Slov\u00e9nie au meurtre d&#039;Ale\u0161 \u0160utar est devenue un avertissement pour\" \/>\n<meta name=\"robots\" content=\"index, follow, max-snippet:-1, max-image-preview:large, max-video-preview:-1\" \/>\n<link rel=\"canonical\" href=\"https:\/\/www.pressenza.com\/fr\/2025\/11\/slovenie-quand-la-peur-devient-politique\/\" \/>\n<meta property=\"og:locale\" content=\"fr_FR\" \/>\n<meta property=\"og:type\" content=\"article\" \/>\n<meta property=\"og:title\" content=\"Slov\u00e9nie : Quand la peur devient politique\" \/>\n<meta property=\"og:description\" content=\"Lorsque la peur devient politique, elle sape l&#039;\u00c9tat de droit : la r\u00e9action de la Slov\u00e9nie au meurtre d&#039;Ale\u0161 \u0160utar est devenue un avertissement pour\" \/>\n<meta property=\"og:url\" content=\"https:\/\/www.pressenza.com\/fr\/2025\/11\/slovenie-quand-la-peur-devient-politique\/\" \/>\n<meta property=\"og:site_name\" content=\"Pressenza\" \/>\n<meta property=\"article:publisher\" content=\"https:\/\/www.facebook.com\/PressenzaItalia\" \/>\n<meta property=\"article:author\" content=\"https:\/\/www.facebook.com\/PressenzaItalia\" \/>\n<meta property=\"article:published_time\" content=\"2025-11-07T22:35:40+00:00\" \/>\n<meta property=\"og:image\" content=\"https:\/\/www.pressenza.com\/wp-content\/uploads\/2025\/10\/Aerial_view_of_Novo_Mesto_in_Slovenia.jpg\" \/>\n\t<meta property=\"og:image:width\" content=\"1600\" \/>\n\t<meta property=\"og:image:height\" content=\"1200\" \/>\n\t<meta property=\"og:image:type\" content=\"image\/jpeg\" \/>\n<meta name=\"author\" content=\"Redazione Italia\" \/>\n<meta name=\"twitter:card\" content=\"summary_large_image\" \/>\n<meta name=\"twitter:creator\" content=\"@pressenza_it\" \/>\n<meta name=\"twitter:site\" content=\"@PressenzaIPA\" \/>\n<meta name=\"twitter:label1\" content=\"\u00c9crit par\" \/>\n\t<meta name=\"twitter:data1\" content=\"Redazione Italia\" \/>\n\t<meta name=\"twitter:label2\" content=\"Dur\u00e9e de lecture estim\u00e9e\" \/>\n\t<meta name=\"twitter:data2\" content=\"8 minutes\" \/>\n<script type=\"application\/ld+json\" class=\"yoast-schema-graph\">{\"@context\":\"https:\/\/schema.org\",\"@graph\":[{\"@type\":\"Article\",\"@id\":\"https:\/\/www.pressenza.com\/fr\/2025\/11\/slovenie-quand-la-peur-devient-politique\/#article\",\"isPartOf\":{\"@id\":\"https:\/\/www.pressenza.com\/fr\/2025\/11\/slovenie-quand-la-peur-devient-politique\/\"},\"author\":{\"name\":\"Redazione Italia\",\"@id\":\"https:\/\/www.pressenza.com\/fr\/#\/schema\/person\/d983e81827ae24f2c7b1a2123d197f8d\"},\"headline\":\"Slov\u00e9nie : Quand la peur devient politique\",\"datePublished\":\"2025-11-07T22:35:40+00:00\",\"mainEntityOfPage\":{\"@id\":\"https:\/\/www.pressenza.com\/fr\/2025\/11\/slovenie-quand-la-peur-devient-politique\/\"},\"wordCount\":1571,\"publisher\":{\"@id\":\"https:\/\/www.pressenza.com\/fr\/#organization\"},\"image\":{\"@id\":\"https:\/\/www.pressenza.com\/fr\/2025\/11\/slovenie-quand-la-peur-devient-politique\/#primaryimage\"},\"thumbnailUrl\":\"https:\/\/www.pressenza.com\/wp-content\/uploads\/2025\/10\/Aerial_view_of_Novo_Mesto_in_Slovenia.jpg\",\"keywords\":[\"Ale\u0161 \u0160utar\",\"Roms\",\"Slov\u00e9nie\",\"violence\"],\"articleSection\":[\"Diversit\u00e9\",\"Europe\",\"News\"],\"inLanguage\":\"fr-FR\"},{\"@type\":\"WebPage\",\"@id\":\"https:\/\/www.pressenza.com\/fr\/2025\/11\/slovenie-quand-la-peur-devient-politique\/\",\"url\":\"https:\/\/www.pressenza.com\/fr\/2025\/11\/slovenie-quand-la-peur-devient-politique\/\",\"name\":\"Slov\u00e9nie : Quand la peur devient politique\",\"isPartOf\":{\"@id\":\"https:\/\/www.pressenza.com\/fr\/#website\"},\"primaryImageOfPage\":{\"@id\":\"https:\/\/www.pressenza.com\/fr\/2025\/11\/slovenie-quand-la-peur-devient-politique\/#primaryimage\"},\"image\":{\"@id\":\"https:\/\/www.pressenza.com\/fr\/2025\/11\/slovenie-quand-la-peur-devient-politique\/#primaryimage\"},\"thumbnailUrl\":\"https:\/\/www.pressenza.com\/wp-content\/uploads\/2025\/10\/Aerial_view_of_Novo_Mesto_in_Slovenia.jpg\",\"datePublished\":\"2025-11-07T22:35:40+00:00\",\"description\":\"Lorsque la peur devient politique, elle sape l'\u00c9tat de droit : la r\u00e9action de la Slov\u00e9nie au meurtre d'Ale\u0161 \u0160utar est devenue un avertissement pour\",\"breadcrumb\":{\"@id\":\"https:\/\/www.pressenza.com\/fr\/2025\/11\/slovenie-quand-la-peur-devient-politique\/#breadcrumb\"},\"inLanguage\":\"fr-FR\",\"potentialAction\":[{\"@type\":\"ReadAction\",\"target\":[\"https:\/\/www.pressenza.com\/fr\/2025\/11\/slovenie-quand-la-peur-devient-politique\/\"]}]},{\"@type\":\"ImageObject\",\"inLanguage\":\"fr-FR\",\"@id\":\"https:\/\/www.pressenza.com\/fr\/2025\/11\/slovenie-quand-la-peur-devient-politique\/#primaryimage\",\"url\":\"https:\/\/www.pressenza.com\/wp-content\/uploads\/2025\/10\/Aerial_view_of_Novo_Mesto_in_Slovenia.jpg\",\"contentUrl\":\"https:\/\/www.pressenza.com\/wp-content\/uploads\/2025\/10\/Aerial_view_of_Novo_Mesto_in_Slovenia.jpg\",\"width\":1600,\"height\":1200},{\"@type\":\"BreadcrumbList\",\"@id\":\"https:\/\/www.pressenza.com\/fr\/2025\/11\/slovenie-quand-la-peur-devient-politique\/#breadcrumb\",\"itemListElement\":[{\"@type\":\"ListItem\",\"position\":1,\"name\":\"Accueil\",\"item\":\"https:\/\/www.pressenza.com\/fr\/\"},{\"@type\":\"ListItem\",\"position\":2,\"name\":\"Slov\u00e9nie : Quand la peur devient politique\"}]},{\"@type\":\"WebSite\",\"@id\":\"https:\/\/www.pressenza.com\/fr\/#website\",\"url\":\"https:\/\/www.pressenza.com\/fr\/\",\"name\":\"Pressenza\",\"description\":\"International Press Agency\",\"publisher\":{\"@id\":\"https:\/\/www.pressenza.com\/fr\/#organization\"},\"potentialAction\":[{\"@type\":\"SearchAction\",\"target\":{\"@type\":\"EntryPoint\",\"urlTemplate\":\"https:\/\/www.pressenza.com\/fr\/?s={search_term_string}\"},\"query-input\":{\"@type\":\"PropertyValueSpecification\",\"valueRequired\":true,\"valueName\":\"search_term_string\"}}],\"inLanguage\":\"fr-FR\"},{\"@type\":\"Organization\",\"@id\":\"https:\/\/www.pressenza.com\/fr\/#organization\",\"name\":\"Pressenza\",\"url\":\"https:\/\/www.pressenza.com\/fr\/\",\"logo\":{\"@type\":\"ImageObject\",\"inLanguage\":\"fr-FR\",\"@id\":\"https:\/\/www.pressenza.com\/fr\/#\/schema\/logo\/image\/\",\"url\":\"https:\/\/www.pressenza.com\/wp-content\/uploads\/2022\/10\/pressenza_logo_200x200.jpg\",\"contentUrl\":\"https:\/\/www.pressenza.com\/wp-content\/uploads\/2022\/10\/pressenza_logo_200x200.jpg\",\"width\":200,\"height\":200,\"caption\":\"Pressenza\"},\"image\":{\"@id\":\"https:\/\/www.pressenza.com\/fr\/#\/schema\/logo\/image\/\"},\"sameAs\":[\"https:\/\/www.facebook.com\/PressenzaItalia\",\"https:\/\/x.com\/PressenzaIPA\"]},{\"@type\":\"Person\",\"@id\":\"https:\/\/www.pressenza.com\/fr\/#\/schema\/person\/d983e81827ae24f2c7b1a2123d197f8d\",\"name\":\"Redazione Italia\",\"description\":\"News from the Pressenza Bureau in Italy\",\"sameAs\":[\"https:\/\/www.pressenza.com\/it\/author\/redazione-italia\/\",\"https:\/\/www.facebook.com\/PressenzaItalia\",\"https:\/\/www.instagram.com\/pressenza_italia\/\",\"https:\/\/x.com\/pressenza_it\",\"https:\/\/www.youtube.com\/channel\/UCSalEIWjE1RSxkwjfftFuqg\"],\"url\":\"https:\/\/www.pressenza.com\/fr\/author\/redazione-italia\/\"}]}<\/script>\n<!-- \/ Yoast SEO plugin. -->","yoast_head_json":{"title":"Slov\u00e9nie : Quand la peur devient politique","description":"Lorsque la peur devient politique, elle sape l'\u00c9tat de droit : la r\u00e9action de la Slov\u00e9nie au meurtre d'Ale\u0161 \u0160utar est devenue un avertissement pour","robots":{"index":"index","follow":"follow","max-snippet":"max-snippet:-1","max-image-preview":"max-image-preview:large","max-video-preview":"max-video-preview:-1"},"canonical":"https:\/\/www.pressenza.com\/fr\/2025\/11\/slovenie-quand-la-peur-devient-politique\/","og_locale":"fr_FR","og_type":"article","og_title":"Slov\u00e9nie : Quand la peur devient politique","og_description":"Lorsque la peur devient politique, elle sape l'\u00c9tat de droit : la r\u00e9action de la Slov\u00e9nie au meurtre d'Ale\u0161 \u0160utar est devenue un avertissement pour","og_url":"https:\/\/www.pressenza.com\/fr\/2025\/11\/slovenie-quand-la-peur-devient-politique\/","og_site_name":"Pressenza","article_publisher":"https:\/\/www.facebook.com\/PressenzaItalia","article_author":"https:\/\/www.facebook.com\/PressenzaItalia","article_published_time":"2025-11-07T22:35:40+00:00","og_image":[{"width":1600,"height":1200,"url":"https:\/\/www.pressenza.com\/wp-content\/uploads\/2025\/10\/Aerial_view_of_Novo_Mesto_in_Slovenia.jpg","type":"image\/jpeg"}],"author":"Redazione Italia","twitter_card":"summary_large_image","twitter_creator":"@pressenza_it","twitter_site":"@PressenzaIPA","twitter_misc":{"\u00c9crit par":"Redazione Italia","Dur\u00e9e de lecture estim\u00e9e":"8 minutes"},"schema":{"@context":"https:\/\/schema.org","@graph":[{"@type":"Article","@id":"https:\/\/www.pressenza.com\/fr\/2025\/11\/slovenie-quand-la-peur-devient-politique\/#article","isPartOf":{"@id":"https:\/\/www.pressenza.com\/fr\/2025\/11\/slovenie-quand-la-peur-devient-politique\/"},"author":{"name":"Redazione Italia","@id":"https:\/\/www.pressenza.com\/fr\/#\/schema\/person\/d983e81827ae24f2c7b1a2123d197f8d"},"headline":"Slov\u00e9nie : Quand la peur devient politique","datePublished":"2025-11-07T22:35:40+00:00","mainEntityOfPage":{"@id":"https:\/\/www.pressenza.com\/fr\/2025\/11\/slovenie-quand-la-peur-devient-politique\/"},"wordCount":1571,"publisher":{"@id":"https:\/\/www.pressenza.com\/fr\/#organization"},"image":{"@id":"https:\/\/www.pressenza.com\/fr\/2025\/11\/slovenie-quand-la-peur-devient-politique\/#primaryimage"},"thumbnailUrl":"https:\/\/www.pressenza.com\/wp-content\/uploads\/2025\/10\/Aerial_view_of_Novo_Mesto_in_Slovenia.jpg","keywords":["Ale\u0161 \u0160utar","Roms","Slov\u00e9nie","violence"],"articleSection":["Diversit\u00e9","Europe","News"],"inLanguage":"fr-FR"},{"@type":"WebPage","@id":"https:\/\/www.pressenza.com\/fr\/2025\/11\/slovenie-quand-la-peur-devient-politique\/","url":"https:\/\/www.pressenza.com\/fr\/2025\/11\/slovenie-quand-la-peur-devient-politique\/","name":"Slov\u00e9nie : Quand la peur devient politique","isPartOf":{"@id":"https:\/\/www.pressenza.com\/fr\/#website"},"primaryImageOfPage":{"@id":"https:\/\/www.pressenza.com\/fr\/2025\/11\/slovenie-quand-la-peur-devient-politique\/#primaryimage"},"image":{"@id":"https:\/\/www.pressenza.com\/fr\/2025\/11\/slovenie-quand-la-peur-devient-politique\/#primaryimage"},"thumbnailUrl":"https:\/\/www.pressenza.com\/wp-content\/uploads\/2025\/10\/Aerial_view_of_Novo_Mesto_in_Slovenia.jpg","datePublished":"2025-11-07T22:35:40+00:00","description":"Lorsque la peur devient politique, elle sape l'\u00c9tat de droit : la r\u00e9action de la Slov\u00e9nie au meurtre d'Ale\u0161 \u0160utar est devenue un avertissement pour","breadcrumb":{"@id":"https:\/\/www.pressenza.com\/fr\/2025\/11\/slovenie-quand-la-peur-devient-politique\/#breadcrumb"},"inLanguage":"fr-FR","potentialAction":[{"@type":"ReadAction","target":["https:\/\/www.pressenza.com\/fr\/2025\/11\/slovenie-quand-la-peur-devient-politique\/"]}]},{"@type":"ImageObject","inLanguage":"fr-FR","@id":"https:\/\/www.pressenza.com\/fr\/2025\/11\/slovenie-quand-la-peur-devient-politique\/#primaryimage","url":"https:\/\/www.pressenza.com\/wp-content\/uploads\/2025\/10\/Aerial_view_of_Novo_Mesto_in_Slovenia.jpg","contentUrl":"https:\/\/www.pressenza.com\/wp-content\/uploads\/2025\/10\/Aerial_view_of_Novo_Mesto_in_Slovenia.jpg","width":1600,"height":1200},{"@type":"BreadcrumbList","@id":"https:\/\/www.pressenza.com\/fr\/2025\/11\/slovenie-quand-la-peur-devient-politique\/#breadcrumb","itemListElement":[{"@type":"ListItem","position":1,"name":"Accueil","item":"https:\/\/www.pressenza.com\/fr\/"},{"@type":"ListItem","position":2,"name":"Slov\u00e9nie : Quand la peur devient politique"}]},{"@type":"WebSite","@id":"https:\/\/www.pressenza.com\/fr\/#website","url":"https:\/\/www.pressenza.com\/fr\/","name":"Pressenza","description":"International Press Agency","publisher":{"@id":"https:\/\/www.pressenza.com\/fr\/#organization"},"potentialAction":[{"@type":"SearchAction","target":{"@type":"EntryPoint","urlTemplate":"https:\/\/www.pressenza.com\/fr\/?s={search_term_string}"},"query-input":{"@type":"PropertyValueSpecification","valueRequired":true,"valueName":"search_term_string"}}],"inLanguage":"fr-FR"},{"@type":"Organization","@id":"https:\/\/www.pressenza.com\/fr\/#organization","name":"Pressenza","url":"https:\/\/www.pressenza.com\/fr\/","logo":{"@type":"ImageObject","inLanguage":"fr-FR","@id":"https:\/\/www.pressenza.com\/fr\/#\/schema\/logo\/image\/","url":"https:\/\/www.pressenza.com\/wp-content\/uploads\/2022\/10\/pressenza_logo_200x200.jpg","contentUrl":"https:\/\/www.pressenza.com\/wp-content\/uploads\/2022\/10\/pressenza_logo_200x200.jpg","width":200,"height":200,"caption":"Pressenza"},"image":{"@id":"https:\/\/www.pressenza.com\/fr\/#\/schema\/logo\/image\/"},"sameAs":["https:\/\/www.facebook.com\/PressenzaItalia","https:\/\/x.com\/PressenzaIPA"]},{"@type":"Person","@id":"https:\/\/www.pressenza.com\/fr\/#\/schema\/person\/d983e81827ae24f2c7b1a2123d197f8d","name":"Redazione Italia","description":"News from the Pressenza Bureau in Italy","sameAs":["https:\/\/www.pressenza.com\/it\/author\/redazione-italia\/","https:\/\/www.facebook.com\/PressenzaItalia","https:\/\/www.instagram.com\/pressenza_italia\/","https:\/\/x.com\/pressenza_it","https:\/\/www.youtube.com\/channel\/UCSalEIWjE1RSxkwjfftFuqg"],"url":"https:\/\/www.pressenza.com\/fr\/author\/redazione-italia\/"}]}},"place":"","original_article_url":"https:\/\/www.facebook.com\/photo?fbid=122209152026272956&set=a.122096207342272956","_links":{"self":[{"href":"https:\/\/www.pressenza.com\/fr\/wp-json\/wp\/v2\/posts\/2650805","targetHints":{"allow":["GET"]}}],"collection":[{"href":"https:\/\/www.pressenza.com\/fr\/wp-json\/wp\/v2\/posts"}],"about":[{"href":"https:\/\/www.pressenza.com\/fr\/wp-json\/wp\/v2\/types\/post"}],"author":[{"embeddable":true,"href":"https:\/\/www.pressenza.com\/fr\/wp-json\/wp\/v2\/users\/594"}],"replies":[{"embeddable":true,"href":"https:\/\/www.pressenza.com\/fr\/wp-json\/wp\/v2\/comments?post=2650805"}],"version-history":[{"count":2,"href":"https:\/\/www.pressenza.com\/fr\/wp-json\/wp\/v2\/posts\/2650805\/revisions"}],"predecessor-version":[{"id":2650808,"href":"https:\/\/www.pressenza.com\/fr\/wp-json\/wp\/v2\/posts\/2650805\/revisions\/2650808"}],"wp:featuredmedia":[{"embeddable":true,"href":"https:\/\/www.pressenza.com\/fr\/wp-json\/wp\/v2\/media\/2650806"}],"wp:attachment":[{"href":"https:\/\/www.pressenza.com\/fr\/wp-json\/wp\/v2\/media?parent=2650805"}],"wp:term":[{"taxonomy":"category","embeddable":true,"href":"https:\/\/www.pressenza.com\/fr\/wp-json\/wp\/v2\/categories?post=2650805"},{"taxonomy":"post_tag","embeddable":true,"href":"https:\/\/www.pressenza.com\/fr\/wp-json\/wp\/v2\/tags?post=2650805"}],"curies":[{"name":"wp","href":"https:\/\/api.w.org\/{rel}","templated":true}]}}