{"id":2644876,"date":"2025-10-13T21:29:16","date_gmt":"2025-10-13T20:29:16","guid":{"rendered":"https:\/\/www.pressenza.com\/?p=2644876"},"modified":"2025-10-13T21:29:16","modified_gmt":"2025-10-13T20:29:16","slug":"la-treve-tient-mais-le-genocide-continue","status":"publish","type":"post","link":"https:\/\/www.pressenza.com\/fr\/2025\/10\/la-treve-tient-mais-le-genocide-continue\/","title":{"rendered":"La tr\u00eave tient mais le g\u00e9nocide continue"},"content":{"rendered":"<p><strong><span dir=\"auto\"><span class=\"\" dir=\"auto\">Gaza<\/span><\/span><\/strong><\/p>\n<p><span dir=\"auto\">Plus d&rsquo;un demi-million de Palestiniens sont revenus dans le nord de la bande de Gaza. \u00ab Nos maisons sont d\u00e9truites, mais c&rsquo;est notre terre. Ils ne nous expulseront jamais, car nous sommes les autochtones et ils sont les occupants \u00bb, nous a confi\u00e9 une femme marchant avec ses trois enfants rue Salahuddine. \u00ab Tout est ras\u00e9, mais nous reconstruirons la ville encore plus belle. \u00bb<\/span><\/p>\n<p><span dir=\"auto\"><span class=\"\" dir=\"auto\">La tr\u00eave est maintenue. Il n&rsquo;y a eu ni frappes a\u00e9riennes ni tirs d&rsquo;artillerie. Cependant, des snipers ont tu\u00e9 13 civils. Un camion t\u00e9l\u00e9command\u00e9 rempli de TNT a \u00e9t\u00e9 explos\u00e9 par des soldats isra\u00e9liens au milieu de la foule, dans le but de faire des victimes innocentes. Avant de se retirer, les soldats isra\u00e9liens ont dynamit\u00e9 l&rsquo;h\u00f4pital Rantissi de Gaza. Le g\u00e9nocide continue.<\/span><\/span><\/p>\n<p><span dir=\"auto\">Le rapport du minist\u00e8re de la Sant\u00e9 indique que 151 corps sont arriv\u00e9s dans les h\u00f4pitaux, dont 116 r\u00e9cup\u00e9r\u00e9s sous les d\u00e9combres, 13 tu\u00e9s par des tireurs d&rsquo;\u00e9lite et 22 par des explosions de munitions non explos\u00e9es et de pi\u00e8ges d\u00e9clench\u00e9s \u00e0 distance par l&rsquo;arm\u00e9e isra\u00e9lienne.<\/span><\/p>\n<p><strong><span dir=\"auto\">Charm el-Cheikh<\/span><\/strong><\/p>\n<p><span dir=\"auto\"><span class=\"\" dir=\"auto\">La conf\u00e9rence internationale sur Gaza, pr\u00e9sid\u00e9e par Trump et al-Sissi, se tient ce lundi 13 octubre, \u00e0 Charm el-Cheikh. De nombreux chefs d&rsquo;\u00c9tat, dont Macron, y ont \u00e9t\u00e9 invit\u00e9s. Ni le gouvernement isra\u00e9lien ni l&rsquo;Autorit\u00e9 palestinienne ne seront pr\u00e9sents.<\/span><\/span><\/p>\n<p><span dir=\"auto\">La campagne m\u00e9diatique d&rsquo;autopromotion de Trump parle de \u00ab\u00a0paix\u00a0\u00bb, mais ce n&rsquo;est pas le cas\u00a0: aucun signe d&rsquo;avenir de coexistence dans la r\u00e9gion ne se dessine, seulement la domination arrogante du plus fort et l&rsquo;assujettissement n\u00e9ocolonial de la population palestinienne. Avant de se rendre \u00e0 Charm el-Cheikh, Trump s&rsquo;adressera au Parlement isra\u00e9lien pour faire son \u00e9loge et celui de Netanyahou.<\/span><\/p>\n<p><span dir=\"auto\">Le pr\u00e9sident \u00e9gyptien al-Sissi appelle \u00e0 un vote du Conseil de s\u00e9curit\u00e9 pour sceller l&rsquo;accord et en faire un engagement diplomatique international et non une affaire enti\u00e8rement g\u00e9r\u00e9e par le duo Trump-Netanyahu.<\/span><\/p>\n<p class=\"ds-markdown-paragraph\">L&rsquo;affairiste p\u00e9tro-diplomatique Blair s&rsquo;est rendu en Jordanie pour rencontrer le Cheikh, le num\u00e9ro deux d&rsquo;Abbas et homme fort de l&rsquo;Autorit\u00e9 palestinienne (AP). Le but est de demander \u00e0 l&rsquo;Autorit\u00e9 de garder un profil bas, pour ne pas faire capoter l&rsquo;accord.\u00a0Les pressions ne s&rsquo;exercent pas sur les agresseurs pour exiger leur retrait militaire des territoires occup\u00e9s, ni pour donner de l&rsquo;espace et de la faisabilit\u00e9 aux plans de l&rsquo;ONU fond\u00e9s sur \u00ab deux peuples, deux \u00c9tats \u00bb. Au contraire, elles sont dirig\u00e9es contre les droits l\u00e9gitimes des peuples.<\/p>\n<p><strong><span dir=\"auto\">Comment fonctionne la tr\u00eave<\/span><\/strong><\/p>\n<p><span dir=\"auto\">Sur le plan militaire, 200 observateurs civils et militaires \u00e9tasuniens sont arriv\u00e9s en Isra\u00ebl pour surveiller la tr\u00eave. Des policiers \u00e9gyptiens op\u00e8rent d\u00e9j\u00e0 \u00e0 Gaza \u00ab pour faciliter la distribution de l&rsquo;aide \u00bb, rapporte la presse du Caire. Le plan pr\u00e9voit la pr\u00e9sence de forces de police du Qatar, d&rsquo;\u00c9gypte et de Turquie afin d&rsquo;assurer la prise en charge de la s\u00e9curit\u00e9 \u00e0 Gaza par la force palestinienne de 10 000 hommes, actuellement en formation en \u00c9gypte et en Jordanie, charg\u00e9e de remplacer la police du gouvernement actuel dirig\u00e9 par le Hamas.<\/span><\/p>\n<p><span dir=\"auto\">Le mouvement, par l&rsquo;interm\u00e9diaire de l&rsquo;un de ses dirigeants, Badran, a expliqu\u00e9 qu&rsquo;il \u00e9tait pr\u00eat \u00e0 abandonner l&rsquo;administration de la bande de Gaza, mais pas \u00e0 expulser ses dirigeants ni \u00e0 d\u00e9sarmer ses combattants. \u00ab Ils feront partie de la force de police palestinienne qui assurera la s\u00e9curit\u00e9 dans la bande de Gaza, sous la direction d&rsquo;une administration civile compos\u00e9e de technocrates palestiniens, comme le pr\u00e9voit la proposition arabe. \u00bb<\/span><\/p>\n<p><strong><span dir=\"auto\">\u00c9change de prisonniers<\/span><\/strong><\/p>\n<p><span dir=\"auto\">Selon les d\u00e9clarations des deux parties, l&rsquo;\u00e9change de prisonniers d\u00e9butera lundi. Tous les otages isra\u00e9liens seront \u00e9chang\u00e9s contre 250 prisonniers palestiniens d\u00e9tenus dans les prisons isra\u00e9liennes, \u00e0 l&rsquo;exclusion d&rsquo;\u00e9minents dirigeants politiques tels que Barghouti et Sa&rsquo;edat. Les 1\u00a0950 otages gazaouis enlev\u00e9s par l&rsquo;arm\u00e9e isra\u00e9lienne pendant les deux ann\u00e9es d&rsquo;agression seront \u00e9galement lib\u00e9r\u00e9s. <\/span><strong><span dir=\"auto\">Les docteurs Abu Safiya et el-Homs ne seront pas lib\u00e9r\u00e9s<\/span><\/strong><span dir=\"auto\"> .<\/span><\/p>\n<p><span dir=\"auto\">La presse du Caire rapporte qu&rsquo;il a \u00e9t\u00e9 conseill\u00e9 \u00e0 la d\u00e9l\u00e9gation du Hamas de ne pas insister sur ces noms afin de ne pas perturber les n\u00e9gociations. L&rsquo;\u00e9change aura lieu avec l&rsquo;aide de la Croix-Rouge internationale. Tous les prisonniers palestiniens seront envoy\u00e9s \u00e0 Gaza, et certains seront accueillis dans divers pays arabes. Les h\u00f4pitaux de Gaza se pr\u00e9parent \u00e0 accueillir les Palestiniens lib\u00e9r\u00e9s, offrant ainsi un aper\u00e7u document\u00e9 des tortures et des mauvais traitements qu&rsquo;ils ont subis dans les camps de concentration isra\u00e9liens.<\/span><\/p>\n<p><strong><span dir=\"auto\">M\u00e9dias et transhumance<\/span><\/strong><\/p>\n<p><span dir=\"auto\">Le racisme transpara\u00eet dans la bouche des journalistes, v\u00e9ritables porte-parole du g\u00e9nocide palestinien. Utiliser le terme \u00ab\u00a0transhumance\u00a0\u00bb pour d\u00e9signer le retour des Palestiniens d\u00e9plac\u00e9s, comme cela a \u00e9t\u00e9 fait, est raciste. Ce terme d\u00e9signe \u00ab\u00a0la transhumance saisonni\u00e8re complexe du b\u00e9tail des p\u00e2turages de plaine vers ceux des r\u00e9gions montagneuses et vice-versa\u00a0\u00bb. Qualifier les Palestiniens de moutons fait \u00e9cho aux propos de l&rsquo;ancien ministre isra\u00e9lien de la Guerre, Gallant\u00a0: \u00ab\u00a0des animaux humains\u00a0\u00bb.<\/span><\/p>\n<p><span dir=\"auto\">Un journaliste stupide d&rsquo;une agence de presse r\u00e9put\u00e9e a \u00e9crit hier soir\u00a0: \u00ab\u00a0Le Hamas ne participe pas \u00e0 la conf\u00e9rence internationale.\u00a0\u00bb Mais aucun Palestinien n&rsquo;est invit\u00e9\u00a0! Un r\u00e9dacteur en chef a peut-\u00eatre remarqu\u00e9 et supprim\u00e9 le titre.<\/span><\/p>\n<p><strong><span dir=\"auto\">Entre-temps<\/span><\/strong><\/p>\n<p><span dir=\"auto\">En Cisjordanie, un autre Palestinien a \u00e9t\u00e9 gri\u00e8vement bless\u00e9 par des balles de l&rsquo;arm\u00e9e isra\u00e9lienne alors qu&rsquo;il se d\u00e9fendait contre des attaques de colons. L&rsquo;incident s&rsquo;est produit \u00e0 Yatta, au sud d&rsquo;H\u00e9bron.<\/span><\/p>\n<p><span dir=\"auto\">Au sud du Liban, de nouvelles frappes isra\u00e9liennes, men\u00e9es par des avions de chasse et des drones, ont suivi. Deux civils ont \u00e9t\u00e9 tu\u00e9s et onze autres bless\u00e9s. C&rsquo;est une guerre quotidienne, non d\u00e9clar\u00e9e. Tel-Aviv affirme que des dirigeants du Hezbollah ont \u00e9t\u00e9 tu\u00e9s, mais selon le minist\u00e8re de la Sant\u00e9 de Beyrouth, les victimes sont toutes civiles et non arm\u00e9es.<\/span><\/p>\n","protected":false},"excerpt":{"rendered":"<p>Gaza Plus d&rsquo;un demi-million de Palestiniens sont revenus dans le nord de la bande de Gaza. \u00ab Nos maisons sont d\u00e9truites, mais c&rsquo;est notre terre. Ils ne nous expulseront jamais, car nous sommes les autochtones et ils sont les occupants&hellip;<\/p>\n","protected":false},"author":2080,"featured_media":2644877,"comment_status":"closed","ping_status":"closed","sticky":false,"template":"","format":"standard","meta":{"footnotes":""},"categories":[1250,90],"tags":[144416,107707,48474,117586,1508,4990],"class_list":["post-2644876","post","type-post","status-publish","format-standard","has-post-thumbnail","hentry","category-paix-desarmement","category-moyen-orient","tag-abou-safiya","tag-charm-el-cheikh","tag-cisjordanie","tag-conflit-israel-palestine","tag-gaza-fr","tag-liban"],"yoast_head":"<!-- This site is optimized with the Yoast SEO plugin v27.1.1 - https:\/\/yoast.com\/product\/yoast-seo-wordpress\/ -->\n<title>La tr\u00eave tient mais le g\u00e9nocide continue<\/title>\n<meta name=\"description\" content=\"Gaza Plus d&#039;un demi-million de Palestiniens sont revenus dans le nord de la bande de Gaza. \u00ab Nos maisons sont d\u00e9truites, mais c&#039;est notre terre. Ils ne\" \/>\n<meta name=\"robots\" content=\"index, follow, max-snippet:-1, max-image-preview:large, max-video-preview:-1\" \/>\n<link rel=\"canonical\" href=\"https:\/\/www.pressenza.com\/fr\/2025\/10\/la-treve-tient-mais-le-genocide-continue\/\" \/>\n<meta property=\"og:locale\" content=\"fr_FR\" \/>\n<meta property=\"og:type\" content=\"article\" \/>\n<meta property=\"og:title\" content=\"La tr\u00eave tient mais le g\u00e9nocide continue\" \/>\n<meta property=\"og:description\" content=\"Gaza Plus d&#039;un demi-million de Palestiniens sont revenus dans le nord de la bande de Gaza. \u00ab Nos maisons sont d\u00e9truites, mais c&#039;est notre terre. Ils ne\" \/>\n<meta property=\"og:url\" content=\"https:\/\/www.pressenza.com\/fr\/2025\/10\/la-treve-tient-mais-le-genocide-continue\/\" \/>\n<meta property=\"og:site_name\" content=\"Pressenza\" \/>\n<meta property=\"article:publisher\" content=\"https:\/\/www.facebook.com\/PressenzaItalia\" \/>\n<meta property=\"article:published_time\" content=\"2025-10-13T20:29:16+00:00\" \/>\n<meta property=\"og:image\" content=\"https:\/\/www.pressenza.com\/wp-content\/uploads\/2025\/09\/DSC4231-e1760263482313.jpg\" \/>\n\t<meta property=\"og:image:width\" content=\"800\" \/>\n\t<meta property=\"og:image:height\" content=\"532\" \/>\n\t<meta property=\"og:image:type\" content=\"image\/jpeg\" \/>\n<meta name=\"author\" content=\"ANBAMED\" \/>\n<meta name=\"twitter:card\" content=\"summary_large_image\" \/>\n<meta name=\"twitter:creator\" content=\"@PressenzaIPA\" \/>\n<meta name=\"twitter:site\" content=\"@PressenzaIPA\" \/>\n<meta name=\"twitter:label1\" content=\"\u00c9crit par\" \/>\n\t<meta name=\"twitter:data1\" content=\"ANBAMED\" \/>\n\t<meta name=\"twitter:label2\" content=\"Dur\u00e9e de lecture estim\u00e9e\" \/>\n\t<meta name=\"twitter:data2\" content=\"5 minutes\" \/>\n<script type=\"application\/ld+json\" class=\"yoast-schema-graph\">{\"@context\":\"https:\/\/schema.org\",\"@graph\":[{\"@type\":\"Article\",\"@id\":\"https:\/\/www.pressenza.com\/fr\/2025\/10\/la-treve-tient-mais-le-genocide-continue\/#article\",\"isPartOf\":{\"@id\":\"https:\/\/www.pressenza.com\/fr\/2025\/10\/la-treve-tient-mais-le-genocide-continue\/\"},\"author\":{\"name\":\"ANBAMED\",\"@id\":\"https:\/\/www.pressenza.com\/fr\/#\/schema\/person\/9f05db79ca2872d8e94cb459a93831e4\"},\"headline\":\"La tr\u00eave tient mais le g\u00e9nocide continue\",\"datePublished\":\"2025-10-13T20:29:16+00:00\",\"mainEntityOfPage\":{\"@id\":\"https:\/\/www.pressenza.com\/fr\/2025\/10\/la-treve-tient-mais-le-genocide-continue\/\"},\"wordCount\":1055,\"publisher\":{\"@id\":\"https:\/\/www.pressenza.com\/fr\/#organization\"},\"image\":{\"@id\":\"https:\/\/www.pressenza.com\/fr\/2025\/10\/la-treve-tient-mais-le-genocide-continue\/#primaryimage\"},\"thumbnailUrl\":\"https:\/\/www.pressenza.com\/wp-content\/uploads\/2025\/09\/DSC4231-e1760263482313.jpg\",\"keywords\":[\"Abou Safiya\",\"Charm el-Cheikh\",\"Cisjordanie\",\"Conflit Isra\u00ebl Palestine\",\"Gaza\",\"Liban\"],\"articleSection\":[\"Paix et D\u00e9sarmement\",\"Proche et Moyen-Orient\"],\"inLanguage\":\"fr-FR\"},{\"@type\":\"WebPage\",\"@id\":\"https:\/\/www.pressenza.com\/fr\/2025\/10\/la-treve-tient-mais-le-genocide-continue\/\",\"url\":\"https:\/\/www.pressenza.com\/fr\/2025\/10\/la-treve-tient-mais-le-genocide-continue\/\",\"name\":\"La tr\u00eave tient mais le g\u00e9nocide continue\",\"isPartOf\":{\"@id\":\"https:\/\/www.pressenza.com\/fr\/#website\"},\"primaryImageOfPage\":{\"@id\":\"https:\/\/www.pressenza.com\/fr\/2025\/10\/la-treve-tient-mais-le-genocide-continue\/#primaryimage\"},\"image\":{\"@id\":\"https:\/\/www.pressenza.com\/fr\/2025\/10\/la-treve-tient-mais-le-genocide-continue\/#primaryimage\"},\"thumbnailUrl\":\"https:\/\/www.pressenza.com\/wp-content\/uploads\/2025\/09\/DSC4231-e1760263482313.jpg\",\"datePublished\":\"2025-10-13T20:29:16+00:00\",\"description\":\"Gaza Plus d'un demi-million de Palestiniens sont revenus dans le nord de la bande de Gaza. \u00ab Nos maisons sont d\u00e9truites, mais c'est notre terre. Ils ne\",\"breadcrumb\":{\"@id\":\"https:\/\/www.pressenza.com\/fr\/2025\/10\/la-treve-tient-mais-le-genocide-continue\/#breadcrumb\"},\"inLanguage\":\"fr-FR\",\"potentialAction\":[{\"@type\":\"ReadAction\",\"target\":[\"https:\/\/www.pressenza.com\/fr\/2025\/10\/la-treve-tient-mais-le-genocide-continue\/\"]}]},{\"@type\":\"ImageObject\",\"inLanguage\":\"fr-FR\",\"@id\":\"https:\/\/www.pressenza.com\/fr\/2025\/10\/la-treve-tient-mais-le-genocide-continue\/#primaryimage\",\"url\":\"https:\/\/www.pressenza.com\/wp-content\/uploads\/2025\/09\/DSC4231-e1760263482313.jpg\",\"contentUrl\":\"https:\/\/www.pressenza.com\/wp-content\/uploads\/2025\/09\/DSC4231-e1760263482313.jpg\",\"width\":800,\"height\":532,\"caption\":\"CGIL per Gaza ph C.Dagliana\"},{\"@type\":\"BreadcrumbList\",\"@id\":\"https:\/\/www.pressenza.com\/fr\/2025\/10\/la-treve-tient-mais-le-genocide-continue\/#breadcrumb\",\"itemListElement\":[{\"@type\":\"ListItem\",\"position\":1,\"name\":\"Accueil\",\"item\":\"https:\/\/www.pressenza.com\/fr\/\"},{\"@type\":\"ListItem\",\"position\":2,\"name\":\"La tr\u00eave tient mais le g\u00e9nocide continue\"}]},{\"@type\":\"WebSite\",\"@id\":\"https:\/\/www.pressenza.com\/fr\/#website\",\"url\":\"https:\/\/www.pressenza.com\/fr\/\",\"name\":\"Pressenza\",\"description\":\"International Press Agency\",\"publisher\":{\"@id\":\"https:\/\/www.pressenza.com\/fr\/#organization\"},\"potentialAction\":[{\"@type\":\"SearchAction\",\"target\":{\"@type\":\"EntryPoint\",\"urlTemplate\":\"https:\/\/www.pressenza.com\/fr\/?s={search_term_string}\"},\"query-input\":{\"@type\":\"PropertyValueSpecification\",\"valueRequired\":true,\"valueName\":\"search_term_string\"}}],\"inLanguage\":\"fr-FR\"},{\"@type\":\"Organization\",\"@id\":\"https:\/\/www.pressenza.com\/fr\/#organization\",\"name\":\"Pressenza\",\"url\":\"https:\/\/www.pressenza.com\/fr\/\",\"logo\":{\"@type\":\"ImageObject\",\"inLanguage\":\"fr-FR\",\"@id\":\"https:\/\/www.pressenza.com\/fr\/#\/schema\/logo\/image\/\",\"url\":\"https:\/\/www.pressenza.com\/wp-content\/uploads\/2022\/10\/pressenza_logo_200x200.jpg\",\"contentUrl\":\"https:\/\/www.pressenza.com\/wp-content\/uploads\/2022\/10\/pressenza_logo_200x200.jpg\",\"width\":200,\"height\":200,\"caption\":\"Pressenza\"},\"image\":{\"@id\":\"https:\/\/www.pressenza.com\/fr\/#\/schema\/logo\/image\/\"},\"sameAs\":[\"https:\/\/www.facebook.com\/PressenzaItalia\",\"https:\/\/x.com\/PressenzaIPA\"]},{\"@type\":\"Person\",\"@id\":\"https:\/\/www.pressenza.com\/fr\/#\/schema\/person\/9f05db79ca2872d8e94cb459a93831e4\",\"name\":\"ANBAMED\",\"description\":\"Notizie dal Sud Est del Mediterraneo\",\"sameAs\":[\"https:\/\/www.anbamed.it\/\"],\"url\":\"https:\/\/www.pressenza.com\/fr\/author\/anbamed\/\"}]}<\/script>\n<!-- \/ Yoast SEO plugin. -->","yoast_head_json":{"title":"La tr\u00eave tient mais le g\u00e9nocide continue","description":"Gaza Plus d'un demi-million de Palestiniens sont revenus dans le nord de la bande de Gaza. \u00ab Nos maisons sont d\u00e9truites, mais c'est notre terre. Ils ne","robots":{"index":"index","follow":"follow","max-snippet":"max-snippet:-1","max-image-preview":"max-image-preview:large","max-video-preview":"max-video-preview:-1"},"canonical":"https:\/\/www.pressenza.com\/fr\/2025\/10\/la-treve-tient-mais-le-genocide-continue\/","og_locale":"fr_FR","og_type":"article","og_title":"La tr\u00eave tient mais le g\u00e9nocide continue","og_description":"Gaza Plus d'un demi-million de Palestiniens sont revenus dans le nord de la bande de Gaza. \u00ab Nos maisons sont d\u00e9truites, mais c'est notre terre. Ils ne","og_url":"https:\/\/www.pressenza.com\/fr\/2025\/10\/la-treve-tient-mais-le-genocide-continue\/","og_site_name":"Pressenza","article_publisher":"https:\/\/www.facebook.com\/PressenzaItalia","article_published_time":"2025-10-13T20:29:16+00:00","og_image":[{"width":800,"height":532,"url":"https:\/\/www.pressenza.com\/wp-content\/uploads\/2025\/09\/DSC4231-e1760263482313.jpg","type":"image\/jpeg"}],"author":"ANBAMED","twitter_card":"summary_large_image","twitter_creator":"@PressenzaIPA","twitter_site":"@PressenzaIPA","twitter_misc":{"\u00c9crit par":"ANBAMED","Dur\u00e9e de lecture estim\u00e9e":"5 minutes"},"schema":{"@context":"https:\/\/schema.org","@graph":[{"@type":"Article","@id":"https:\/\/www.pressenza.com\/fr\/2025\/10\/la-treve-tient-mais-le-genocide-continue\/#article","isPartOf":{"@id":"https:\/\/www.pressenza.com\/fr\/2025\/10\/la-treve-tient-mais-le-genocide-continue\/"},"author":{"name":"ANBAMED","@id":"https:\/\/www.pressenza.com\/fr\/#\/schema\/person\/9f05db79ca2872d8e94cb459a93831e4"},"headline":"La tr\u00eave tient mais le g\u00e9nocide continue","datePublished":"2025-10-13T20:29:16+00:00","mainEntityOfPage":{"@id":"https:\/\/www.pressenza.com\/fr\/2025\/10\/la-treve-tient-mais-le-genocide-continue\/"},"wordCount":1055,"publisher":{"@id":"https:\/\/www.pressenza.com\/fr\/#organization"},"image":{"@id":"https:\/\/www.pressenza.com\/fr\/2025\/10\/la-treve-tient-mais-le-genocide-continue\/#primaryimage"},"thumbnailUrl":"https:\/\/www.pressenza.com\/wp-content\/uploads\/2025\/09\/DSC4231-e1760263482313.jpg","keywords":["Abou Safiya","Charm el-Cheikh","Cisjordanie","Conflit Isra\u00ebl Palestine","Gaza","Liban"],"articleSection":["Paix et D\u00e9sarmement","Proche et Moyen-Orient"],"inLanguage":"fr-FR"},{"@type":"WebPage","@id":"https:\/\/www.pressenza.com\/fr\/2025\/10\/la-treve-tient-mais-le-genocide-continue\/","url":"https:\/\/www.pressenza.com\/fr\/2025\/10\/la-treve-tient-mais-le-genocide-continue\/","name":"La tr\u00eave tient mais le g\u00e9nocide continue","isPartOf":{"@id":"https:\/\/www.pressenza.com\/fr\/#website"},"primaryImageOfPage":{"@id":"https:\/\/www.pressenza.com\/fr\/2025\/10\/la-treve-tient-mais-le-genocide-continue\/#primaryimage"},"image":{"@id":"https:\/\/www.pressenza.com\/fr\/2025\/10\/la-treve-tient-mais-le-genocide-continue\/#primaryimage"},"thumbnailUrl":"https:\/\/www.pressenza.com\/wp-content\/uploads\/2025\/09\/DSC4231-e1760263482313.jpg","datePublished":"2025-10-13T20:29:16+00:00","description":"Gaza Plus d'un demi-million de Palestiniens sont revenus dans le nord de la bande de Gaza. \u00ab Nos maisons sont d\u00e9truites, mais c'est notre terre. Ils ne","breadcrumb":{"@id":"https:\/\/www.pressenza.com\/fr\/2025\/10\/la-treve-tient-mais-le-genocide-continue\/#breadcrumb"},"inLanguage":"fr-FR","potentialAction":[{"@type":"ReadAction","target":["https:\/\/www.pressenza.com\/fr\/2025\/10\/la-treve-tient-mais-le-genocide-continue\/"]}]},{"@type":"ImageObject","inLanguage":"fr-FR","@id":"https:\/\/www.pressenza.com\/fr\/2025\/10\/la-treve-tient-mais-le-genocide-continue\/#primaryimage","url":"https:\/\/www.pressenza.com\/wp-content\/uploads\/2025\/09\/DSC4231-e1760263482313.jpg","contentUrl":"https:\/\/www.pressenza.com\/wp-content\/uploads\/2025\/09\/DSC4231-e1760263482313.jpg","width":800,"height":532,"caption":"CGIL per Gaza ph C.Dagliana"},{"@type":"BreadcrumbList","@id":"https:\/\/www.pressenza.com\/fr\/2025\/10\/la-treve-tient-mais-le-genocide-continue\/#breadcrumb","itemListElement":[{"@type":"ListItem","position":1,"name":"Accueil","item":"https:\/\/www.pressenza.com\/fr\/"},{"@type":"ListItem","position":2,"name":"La tr\u00eave tient mais le g\u00e9nocide continue"}]},{"@type":"WebSite","@id":"https:\/\/www.pressenza.com\/fr\/#website","url":"https:\/\/www.pressenza.com\/fr\/","name":"Pressenza","description":"International Press Agency","publisher":{"@id":"https:\/\/www.pressenza.com\/fr\/#organization"},"potentialAction":[{"@type":"SearchAction","target":{"@type":"EntryPoint","urlTemplate":"https:\/\/www.pressenza.com\/fr\/?s={search_term_string}"},"query-input":{"@type":"PropertyValueSpecification","valueRequired":true,"valueName":"search_term_string"}}],"inLanguage":"fr-FR"},{"@type":"Organization","@id":"https:\/\/www.pressenza.com\/fr\/#organization","name":"Pressenza","url":"https:\/\/www.pressenza.com\/fr\/","logo":{"@type":"ImageObject","inLanguage":"fr-FR","@id":"https:\/\/www.pressenza.com\/fr\/#\/schema\/logo\/image\/","url":"https:\/\/www.pressenza.com\/wp-content\/uploads\/2022\/10\/pressenza_logo_200x200.jpg","contentUrl":"https:\/\/www.pressenza.com\/wp-content\/uploads\/2022\/10\/pressenza_logo_200x200.jpg","width":200,"height":200,"caption":"Pressenza"},"image":{"@id":"https:\/\/www.pressenza.com\/fr\/#\/schema\/logo\/image\/"},"sameAs":["https:\/\/www.facebook.com\/PressenzaItalia","https:\/\/x.com\/PressenzaIPA"]},{"@type":"Person","@id":"https:\/\/www.pressenza.com\/fr\/#\/schema\/person\/9f05db79ca2872d8e94cb459a93831e4","name":"ANBAMED","description":"Notizie dal Sud Est del Mediterraneo","sameAs":["https:\/\/www.anbamed.it\/"],"url":"https:\/\/www.pressenza.com\/fr\/author\/anbamed\/"}]}},"place":"Gaza, Palestine","original_article_url":"","_links":{"self":[{"href":"https:\/\/www.pressenza.com\/fr\/wp-json\/wp\/v2\/posts\/2644876","targetHints":{"allow":["GET"]}}],"collection":[{"href":"https:\/\/www.pressenza.com\/fr\/wp-json\/wp\/v2\/posts"}],"about":[{"href":"https:\/\/www.pressenza.com\/fr\/wp-json\/wp\/v2\/types\/post"}],"author":[{"embeddable":true,"href":"https:\/\/www.pressenza.com\/fr\/wp-json\/wp\/v2\/users\/2080"}],"replies":[{"embeddable":true,"href":"https:\/\/www.pressenza.com\/fr\/wp-json\/wp\/v2\/comments?post=2644876"}],"version-history":[{"count":4,"href":"https:\/\/www.pressenza.com\/fr\/wp-json\/wp\/v2\/posts\/2644876\/revisions"}],"predecessor-version":[{"id":2644898,"href":"https:\/\/www.pressenza.com\/fr\/wp-json\/wp\/v2\/posts\/2644876\/revisions\/2644898"}],"wp:featuredmedia":[{"embeddable":true,"href":"https:\/\/www.pressenza.com\/fr\/wp-json\/wp\/v2\/media\/2644877"}],"wp:attachment":[{"href":"https:\/\/www.pressenza.com\/fr\/wp-json\/wp\/v2\/media?parent=2644876"}],"wp:term":[{"taxonomy":"category","embeddable":true,"href":"https:\/\/www.pressenza.com\/fr\/wp-json\/wp\/v2\/categories?post=2644876"},{"taxonomy":"post_tag","embeddable":true,"href":"https:\/\/www.pressenza.com\/fr\/wp-json\/wp\/v2\/tags?post=2644876"}],"curies":[{"name":"wp","href":"https:\/\/api.w.org\/{rel}","templated":true}]}}