{"id":2642896,"date":"2025-10-07T22:28:27","date_gmt":"2025-10-07T21:28:27","guid":{"rendered":"https:\/\/www.pressenza.com\/?p=2642896"},"modified":"2025-10-07T22:29:39","modified_gmt":"2025-10-07T21:29:39","slug":"attention-au-tout-humanitaire","status":"publish","type":"post","link":"https:\/\/www.pressenza.com\/fr\/2025\/10\/attention-au-tout-humanitaire\/","title":{"rendered":"Attention au tout-humanitaire!"},"content":{"rendered":"<p>Pour comprendre la nature d\u2019une guerre et \u00eatre en mesure de se prononcer en toute connaissance de cause, il ne suffit pas de se fier \u00e0 ce qui se vit \u00e0 l\u2019interne au sein des soci\u00e9t\u00e9s engag\u00e9es dans un conflit arm\u00e9. Un \u00c9tat peut \u00eatre consid\u00e9r\u00e9 d\u00e9mocratique dans son fonctionnement interne et malgr\u00e9 tout se comporter comme un voyou dans ses relations externes avec d\u2019autres pays. Inversement, un \u00c9tat autoritaire \u00e0 l\u2019interne qui nie les droits des groupes minoritaires peut malgr\u00e9 tout avoir des pr\u00e9occupations s\u00e9curitaires l\u00e9gitimes face \u00e0 un pays qui voudrait l\u2019agresser.<\/p>\n<p>La tentation est forte de juger un conflit impliquant Saddam Hussein, Mouammar Kadhafi ou Bachar Al Assad en s\u2019appuyant exclusivement sur le caract\u00e8re corrompu ou tyrannique de ces r\u00e9gimes. La focalisation sur ces personnalit\u00e9s et la violence qu\u2019ils ont su d\u00e9montrer \u00e0 l\u2019\u00e9gard de leur propre population peut nous conduire \u00e0 faire l\u2019impasse sur les intrusions violentes venant de pays tiers et leurs ambitions dominatrices. Ainsi, les \u00c9tats-Unis peuvent se servir de l\u2019image n\u00e9gative qu\u2019ils ont su instiller dans la population en g\u00e9n\u00e9ral au sujet d\u2019un dirigeant pour op\u00e9rer un changement de r\u00e9gime, g\u00e9n\u00e9rer un chaos ou d\u00e9membrer un pays. En Syrie, par exemple, ils peuvent m\u00eame s\u2019associer \u00e0 un groupe terroriste comme Al Qa\u00efda, l\u2019aider \u00e0 prendre le pouvoir, \u00e9tablir apr\u00e8s coup des relations amicales avec son chef et \u00e9viter que l\u2019opinion publique ne soit r\u00e9ticente ou troubl\u00e9e par le r\u00f4le de l\u2019\u00c9tat am\u00e9ricain dans toute cette affaire. La guerre par procuration que les Am\u00e9ricains ont men\u00e9e contre la Syrie, avec les groupes arm\u00e9s djihadistes comme proxys, peut ainsi passer sous l\u2019\u00e9cran-radar. Les \u00c9tats-Unis peuvent m\u00eame occuper le tiers du pays, tout en s\u2019arrangeant pour que cela ne soit pas per\u00e7u n\u00e9gativement.<\/p>\n<p><strong>La perspective humanitaire<\/strong><\/p>\n<p>Une autre exigence s\u2019impose pour comprendre pleinement la nature d\u2019un conflit arm\u00e9. Il faut savoir \u00e9largir une analyse motiv\u00e9e exclusivement par des enjeux humanitaires. L\u2019empathie, la compassion et le soin prodigu\u00e9 aux uns et aux autres doivent \u00eatre compl\u00e9t\u00e9s par une compr\u00e9hension g\u00e9opolitique des enjeux. Il peut sembler \u00e0 premi\u00e8re vue que la g\u00e9opolitique ne soit pas n\u00e9cessaire pour prendre position \u00e0 l\u2019\u00e9gard de la trag\u00e9die v\u00e9cue \u00e0 Gaza. Les \u00e9motions sont vives et partag\u00e9es de plus en plus partout \u00e0 travers le monde. Tous sont expos\u00e9s aux atrocit\u00e9s commises, aux populations civiles d\u00e9cim\u00e9es, aux corps d\u00e9chiquet\u00e9s, \u00e0 la famine impos\u00e9e. L\u2019opinion publique mondiale est d\u00e9sormais majoritairement favorable aux Gazaouis et il peut sembler inutile d\u2019entrer dans des m\u00e9andres inextricables qui remontent \u00e0 des sources historiques, et plus pertinemment, au sionisme et \u00e0 l\u2019imp\u00e9rialisme, qu\u2019il soit britannique ou \u00e9tasunien.<\/p>\n<p>Les humanitaires peuvent \u00eatre tent\u00e9s de r\u00e9pondre que, de toute fa\u00e7on, dans tout conflit, il ne faut jamais perdre de vue l\u2019aspect humain des choses. Aussi, ils insisteront pour dire que les ONGs jouent un r\u00f4le essentiel, parce qu\u2019ils viennent en aide aux populations civiles engag\u00e9es contre leur gr\u00e9 dans une guerre. Leur r\u00f4le sur le terrain est indispensable, La flottille qui se rend \u00e0 Gaza offre un bel exemple d\u2019aide humanitaire absolument essentielle. Les meilleures ONG sont capables d\u2019accomplir du travail remarquable, mais il ne suffit pas. Les conflits comprennent une r\u00e9alit\u00e9 humanitaire, souvent terrible, mais ils la d\u00e9passent. L\u2019humanitaire traite les cons\u00e9quences humaines des conflits; il n\u2019est pas con\u00e7u pour les r\u00e9gler.<\/p>\n<p>\u00c0 l\u2019\u00e9chelle du droit humanitaire, la pr\u00e9occupation num\u00e9ro un est celle des \u00eatres humains. Certains pourront m\u00eame voir d\u2019un mauvais \u0153il les d\u00e9bats sur la pr\u00e9sence ou l\u2019absence de \u2018g\u00e9nocide\u2019. Ces d\u00e9bats peuvent leur appara\u00eetre comme ne portant que sur des mots. Ils estimeront que cela nous \u00e9loigne de la sympathie \u00e0 l\u2019\u00e9gard de ceux qui sont directement victimes de la guerre.<\/p>\n<p><strong>Une pi\u00e8ce manquante dans le casse-t\u00eate<\/strong><\/p>\n<p>La dimension humanitaire d\u2019un conflit ne doit certes pas \u00eatre \u00e9lud\u00e9e; elle est m\u00eame de la premi\u00e8re importance. Mais elle ne doit pas se pr\u00e9senter comme \u00e9tant la seule perspective possible, et certainement pas comme suffisante. Compatir n\u2019est qu\u2019un premier pas, non l\u2019unique ou le dernier pas. Dans tout conflit, il n\u2019y a pas que ce qui se d\u00e9roule sous nos yeux. Il n\u2019y a pas qu\u2019un fil continu d\u2019\u00e9v\u00e8nements impliquant des agresseurs et des agress\u00e9s, des crimes de guerre et des crimes contre l\u2019humanit\u00e9, des morts et des bless\u00e9s, des secouristes et des brancardiers, des cessez-le-feu et des \u00e9changes de prisonniers.<\/p>\n<p>Dans le contexte pr\u00e9sent de la guerre en Ukraine et du g\u00e9nocide \u00e0 Gaza, une perspective strictement humanitaire risque de n\u2019offrir qu\u2019une vision tronqu\u00e9e de la r\u00e9alit\u00e9. Il faut d\u00e9zoomer, op\u00e9rer un recul, s\u2019arracher \u00e0 la tyrannie des \u00e9v\u00e8nements et ne pas se laisser guider par la seule boussole de nos sentiments, pour \u00eatre en mesure de saisir les tenants et les aboutissants de ces conflits. Il y a des d\u00e9terminants qui ne se saisissent qu\u2019en s\u2019\u00e9levant au-dessus de la m\u00eal\u00e9e, dans une perspective verticale, historique, se d\u00e9ployant dans le temps long. Faute de cela, on ne voit pas clair.<\/p>\n<p><strong>Les \u00c9tats-Unis agresseurs de la Russie<\/strong><\/p>\n<p>Trop souvent, les \u00c9tats-Unis sont dans l\u2019angle mort de nos consid\u00e9rations. Cela r\u00e9sulte du fait que les m\u00e9dias occultent leur r\u00f4le. Et pourtant, le machiav\u00e9lisme am\u00e9ricain n\u2019est-il pas partout pr\u00e9sent, autant en Ukraine qu\u2019au Proche-Orient? Les d\u00e9clarations des s\u00e9nateurs et des repr\u00e9sentants en disaient d\u00e9j\u00e0 long sur l\u2019implication am\u00e9ricaine en Ukraine. Le repr\u00e9sentant Adam Schiff, le s\u00e9nateur Lindsay Graham, le secr\u00e9taire \u00e0 la d\u00e9fense Lloyd Austin et tant d\u2019autres se sont r\u00e9jouis \u00e0 l\u2019id\u00e9e d\u2019affaiblir la Russie sans pertes de vies humaines am\u00e9ricaines (tout en saignant l\u2019Ukraine).<\/p>\n<p>Le plan envisag\u00e9 d\u2019une guerre par procuration pouvait \u00e9galement \u00eatre parfaitement document\u00e9 en se basant sur la publication en 2019 d\u2019un texte de la Rand Corporation (\u00ab Extending Russia \u00bb). Quoi qu\u2019il en soit, le Secr\u00e9taire d\u2019\u00c9tat Marco Rubio a de toute fa\u00e7on lui-m\u00eame cl\u00f4t le d\u00e9bat \u00e0 ce sujet. D\u00e8s son entr\u00e9e en fonction, il a admis que les \u00c9tats-Unis avaient men\u00e9 avec l\u2019aide de l\u2019Ukraine une guerre par procuration contre la Russie. Que faut-il ajouter de plus pour jeter un regard critique sur le r\u00f4le jou\u00e9 par les \u00c9tats-Unis dans le d\u00e9clenchement de cette guerre? Peut-on la repr\u00e9senter comme une action purement spontan\u00e9e de la Russie contre des adversaires innocents ?<\/p>\n<p>Pour saisir pleinement l\u2019ensemble d\u2019un conflit, il faut se d\u00e9gager d\u2019une approche strictement humanitaire. En ignorant le contexte et l\u2019histoire, en se limitant \u00e0 l\u2019imm\u00e9diat et aux apparences, cette derni\u00e8re approche risque de ne voir dans la guerre d\u2019Ukraine qu\u2019une agression inexpliqu\u00e9e venant de la Russie. Pour ne pas \u00eatre victime d\u2019aveuglement, il faut peut-\u00eatre que l\u2019humanitaire r\u00e9serve son jugement et accepte que des causes autres que proximales soient entr\u00e9es en ligne de compte. Il doit admettre que des causes distales peuvent avoir jou\u00e9 un r\u00f4le important. Les Am\u00e9ricains avaient depuis longtemps d\u00e9cid\u00e9 de mettre fin au commerce du p\u00e9trole et du gaz russes en Europe. La promesse am\u00e9ricaine d\u2019inclure l\u2019Ukraine dans l\u2019OTAN et d\u2019y installer des missiles servait \u00e0 engager la Russie dans une intervention militaire qui allait justifier, comme \u00ab sanctions \u00bb, le d\u00e9couplage commercial de la Russie avec le reste de l\u2019Europe.<\/p>\n<p>Dire que la Russie a \u00e9t\u00e9 provoqu\u00e9e n\u2019implique pas que l\u2019on soit oblig\u00e9 d\u2019approuver son intervention en Ukraine, mais il importe quand m\u00eame de reconna\u00eetre l\u2019existence d\u2019une guerre par procuration men\u00e9e par les \u00c9tats-Unis contre la Russie. Les Am\u00e9ricains se sont servis de l\u2019Ukraine pour provoquer une intervention russe. Voil\u00e0 ce qui risque d\u2019\u00e9chapper au regard de l\u2019approche purement humanitaire.<\/p>\n<p><strong>Les \u00c9tats-Unis imp\u00e9rialistes<\/strong><\/p>\n<p>La responsabilit\u00e9 am\u00e9ricaine est encore plus \u00e9vidente en Palestine. Sans les 80\u00a0000 tonnes de bombes et les avions permettant de les larguer sur la population enti\u00e8re de Gaza, Isra\u00ebl n\u2019aurait jamais pu se livrer \u00e0 un tel carnage. Les ONGs ont \u00e9t\u00e9 dans l\u2019obligation de constater la pr\u00e9sence d\u2019un g\u00e9nocide. Elles ont cependant \u00e9t\u00e9 beaucoup plus r\u00e9ticentes \u00e0 d\u00e9noncer la complicit\u00e9 g\u00e9nocidaire des Am\u00e9ricains dans toute cette affaire.<\/p>\n<p>Elles ont \u00e9t\u00e9 encore moins en mesure de d\u00e9celer une strat\u00e9gie globale imp\u00e9rialiste am\u00e9ricaine. Et pourtant, les \u00c9tats-Unis m\u00e8nent avec l\u2019Ukraine une guerre par procuration jusqu\u2019aux portes de la Russie, avec Taiwan jusqu\u2019en mer de Chine et avec Isra\u00ebl jusqu\u2019en Iran. Le conflit en Ukraine n\u2019a pas d\u00e9but\u00e9 le 24 f\u00e9vrier 2022. Celui de Palestine n\u2019a pas d\u00e9but\u00e9 le 7 octobre 2023. Et l\u2019imp\u00e9rialisme am\u00e9ricain n\u2019a pas d\u00e9but\u00e9 le 20 janvier 2025. Les drames humanitaires se d\u00e9roulent dans des contextes pr\u00e9cis qui ne peuvent \u00eatre oubli\u00e9s.<\/p>\n<p>Les conflits en Ukraine et en Palestine sont fondamentalement diff\u00e9rents. En Ukraine, la Russie intervient pour assurer sa propre s\u00e9curit\u00e9 face \u00e0 l\u2019avanc\u00e9e de l\u2019OTAN jusqu\u2019\u00e0 ses fronti\u00e8res et pour stopper la pers\u00e9cution de la population russophone par un r\u00e9gime russophobe aux accointances n\u00e9o-nazies soutenu \u00e0 bout de bras par les \u00c9tats-Unis et les autres pays de l\u2019OTAN. \u00c0 Gaza, Isra\u00ebl intervient pour perp\u00e9tuer l\u2019oppression d\u2019une population et commettre un g\u00e9nocide, le tout avec le soutien des \u00c9tats-Unis et des autres pays occidentaux.<\/p>\n<p><strong>Conclusion<\/strong><\/p>\n<p>L\u2019occultation du r\u00f4le jou\u00e9 par les \u00c9tats-Unis dans la plupart des conflits, autant en Ukraine qu\u2019en Palestine, est fort parlante. Il peut \u00eatre naturel du point de vue humanitaire de ne s\u2019en tenir qu\u2019aux \u00e9v\u00e8nements, ainsi qu\u2019aux sentiments qu\u2019ils suscitent, et de s\u2019appuyer sur l\u2019empathie, la sympathie et la compassion. Mais on risque par le fait m\u00eame d\u2019\u00e9pargner l\u2019\u00c9tat am\u00e9ricain, commanditaire d\u2019un g\u00e9nocide, de m\u00eame que les \u00c9tats vassalis\u00e9s qui se soumettent \u00e0 ses quatre volont\u00e9s.<\/p>\n","protected":false},"excerpt":{"rendered":"<p>Pour comprendre la nature d\u2019une guerre et \u00eatre en mesure de se prononcer en toute connaissance de cause, il ne suffit pas de se fier \u00e0 ce qui se vit \u00e0 l\u2019interne au sein des soci\u00e9t\u00e9s engag\u00e9es dans un conflit&hellip;<\/p>\n","protected":false},"author":2275,"featured_media":2643116,"comment_status":"closed","ping_status":"closed","sticky":false,"template":"","format":"standard","meta":{"footnotes":""},"categories":[11386,1250,93,95],"tags":[252,144060,6087,100929],"class_list":["post-2642896","post","type-post","status-publish","format-standard","has-post-thumbnail","hentry","category-contenu-original","category-paix-desarmement","category-politique","category-affaires-etrangeres","tag-guerre","tag-guerre-par-procuration","tag-humanitaire","tag-imperialisme-americain"],"yoast_head":"<!-- This site is optimized with the Yoast SEO plugin v27.1.1 - https:\/\/yoast.com\/product\/yoast-seo-wordpress\/ -->\n<title>Attention au tout-humanitaire!<\/title>\n<meta name=\"description\" content=\"Pour comprendre la nature d\u2019une guerre et \u00eatre en mesure de se prononcer en toute connaissance de cause, il ne suffit pas de se fier \u00e0 ce qui se vit \u00e0\" \/>\n<meta name=\"robots\" content=\"index, follow, max-snippet:-1, max-image-preview:large, max-video-preview:-1\" \/>\n<link rel=\"canonical\" href=\"https:\/\/www.pressenza.com\/fr\/2025\/10\/attention-au-tout-humanitaire\/\" \/>\n<meta property=\"og:locale\" content=\"fr_FR\" \/>\n<meta property=\"og:type\" content=\"article\" \/>\n<meta property=\"og:title\" content=\"Attention au tout-humanitaire!\" \/>\n<meta property=\"og:description\" content=\"Pour comprendre la nature d\u2019une guerre et \u00eatre en mesure de se prononcer en toute connaissance de cause, il ne suffit pas de se fier \u00e0 ce qui se vit \u00e0\" \/>\n<meta property=\"og:url\" content=\"https:\/\/www.pressenza.com\/fr\/2025\/10\/attention-au-tout-humanitaire\/\" \/>\n<meta property=\"og:site_name\" content=\"Pressenza\" \/>\n<meta property=\"article:publisher\" content=\"https:\/\/www.facebook.com\/PressenzaItalia\" \/>\n<meta property=\"article:published_time\" content=\"2025-10-07T21:28:27+00:00\" \/>\n<meta property=\"article:modified_time\" content=\"2025-10-07T21:29:39+00:00\" \/>\n<meta property=\"og:image\" content=\"https:\/\/www.pressenza.com\/wp-content\/uploads\/2025\/10\/militaire-humanitaire.jpg\" \/>\n\t<meta property=\"og:image:width\" content=\"820\" \/>\n\t<meta property=\"og:image:height\" content=\"546\" \/>\n\t<meta property=\"og:image:type\" content=\"image\/jpeg\" \/>\n<meta name=\"author\" content=\"Samir Saul - Michel Seymour\" \/>\n<meta name=\"twitter:card\" content=\"summary_large_image\" \/>\n<meta name=\"twitter:creator\" content=\"@PressenzaIPA\" \/>\n<meta name=\"twitter:site\" content=\"@PressenzaIPA\" \/>\n<meta name=\"twitter:label1\" content=\"\u00c9crit par\" \/>\n\t<meta name=\"twitter:data1\" content=\"Samir Saul - Michel Seymour\" \/>\n\t<meta name=\"twitter:label2\" content=\"Dur\u00e9e de lecture estim\u00e9e\" \/>\n\t<meta name=\"twitter:data2\" content=\"9 minutes\" \/>\n<script type=\"application\/ld+json\" class=\"yoast-schema-graph\">{\"@context\":\"https:\/\/schema.org\",\"@graph\":[{\"@type\":\"Article\",\"@id\":\"https:\/\/www.pressenza.com\/fr\/2025\/10\/attention-au-tout-humanitaire\/#article\",\"isPartOf\":{\"@id\":\"https:\/\/www.pressenza.com\/fr\/2025\/10\/attention-au-tout-humanitaire\/\"},\"author\":{\"name\":\"Samir Saul - Michel Seymour\",\"@id\":\"https:\/\/www.pressenza.com\/fr\/#\/schema\/person\/d4977f879c6055a07b3def3ad817bbe3\"},\"headline\":\"Attention au tout-humanitaire!\",\"datePublished\":\"2025-10-07T21:28:27+00:00\",\"dateModified\":\"2025-10-07T21:29:39+00:00\",\"mainEntityOfPage\":{\"@id\":\"https:\/\/www.pressenza.com\/fr\/2025\/10\/attention-au-tout-humanitaire\/\"},\"wordCount\":1798,\"publisher\":{\"@id\":\"https:\/\/www.pressenza.com\/fr\/#organization\"},\"image\":{\"@id\":\"https:\/\/www.pressenza.com\/fr\/2025\/10\/attention-au-tout-humanitaire\/#primaryimage\"},\"thumbnailUrl\":\"https:\/\/www.pressenza.com\/wp-content\/uploads\/2025\/10\/militaire-humanitaire.jpg\",\"keywords\":[\"guerre\",\"guerre par procuration\",\"humanitaire\",\"imp\u00e9rialisme am\u00e9ricain\"],\"articleSection\":[\"Contenu Original\",\"Paix et D\u00e9sarmement\",\"Politique\",\"Relations internationales\"],\"inLanguage\":\"fr-FR\"},{\"@type\":\"WebPage\",\"@id\":\"https:\/\/www.pressenza.com\/fr\/2025\/10\/attention-au-tout-humanitaire\/\",\"url\":\"https:\/\/www.pressenza.com\/fr\/2025\/10\/attention-au-tout-humanitaire\/\",\"name\":\"Attention au tout-humanitaire!\",\"isPartOf\":{\"@id\":\"https:\/\/www.pressenza.com\/fr\/#website\"},\"primaryImageOfPage\":{\"@id\":\"https:\/\/www.pressenza.com\/fr\/2025\/10\/attention-au-tout-humanitaire\/#primaryimage\"},\"image\":{\"@id\":\"https:\/\/www.pressenza.com\/fr\/2025\/10\/attention-au-tout-humanitaire\/#primaryimage\"},\"thumbnailUrl\":\"https:\/\/www.pressenza.com\/wp-content\/uploads\/2025\/10\/militaire-humanitaire.jpg\",\"datePublished\":\"2025-10-07T21:28:27+00:00\",\"dateModified\":\"2025-10-07T21:29:39+00:00\",\"description\":\"Pour comprendre la nature d\u2019une guerre et \u00eatre en mesure de se prononcer en toute connaissance de cause, il ne suffit pas de se fier \u00e0 ce qui se vit \u00e0\",\"breadcrumb\":{\"@id\":\"https:\/\/www.pressenza.com\/fr\/2025\/10\/attention-au-tout-humanitaire\/#breadcrumb\"},\"inLanguage\":\"fr-FR\",\"potentialAction\":[{\"@type\":\"ReadAction\",\"target\":[\"https:\/\/www.pressenza.com\/fr\/2025\/10\/attention-au-tout-humanitaire\/\"]}]},{\"@type\":\"ImageObject\",\"inLanguage\":\"fr-FR\",\"@id\":\"https:\/\/www.pressenza.com\/fr\/2025\/10\/attention-au-tout-humanitaire\/#primaryimage\",\"url\":\"https:\/\/www.pressenza.com\/wp-content\/uploads\/2025\/10\/militaire-humanitaire.jpg\",\"contentUrl\":\"https:\/\/www.pressenza.com\/wp-content\/uploads\/2025\/10\/militaire-humanitaire.jpg\",\"width\":820,\"height\":546},{\"@type\":\"BreadcrumbList\",\"@id\":\"https:\/\/www.pressenza.com\/fr\/2025\/10\/attention-au-tout-humanitaire\/#breadcrumb\",\"itemListElement\":[{\"@type\":\"ListItem\",\"position\":1,\"name\":\"Accueil\",\"item\":\"https:\/\/www.pressenza.com\/fr\/\"},{\"@type\":\"ListItem\",\"position\":2,\"name\":\"Attention au tout-humanitaire!\"}]},{\"@type\":\"WebSite\",\"@id\":\"https:\/\/www.pressenza.com\/fr\/#website\",\"url\":\"https:\/\/www.pressenza.com\/fr\/\",\"name\":\"Pressenza\",\"description\":\"International Press Agency\",\"publisher\":{\"@id\":\"https:\/\/www.pressenza.com\/fr\/#organization\"},\"potentialAction\":[{\"@type\":\"SearchAction\",\"target\":{\"@type\":\"EntryPoint\",\"urlTemplate\":\"https:\/\/www.pressenza.com\/fr\/?s={search_term_string}\"},\"query-input\":{\"@type\":\"PropertyValueSpecification\",\"valueRequired\":true,\"valueName\":\"search_term_string\"}}],\"inLanguage\":\"fr-FR\"},{\"@type\":\"Organization\",\"@id\":\"https:\/\/www.pressenza.com\/fr\/#organization\",\"name\":\"Pressenza\",\"url\":\"https:\/\/www.pressenza.com\/fr\/\",\"logo\":{\"@type\":\"ImageObject\",\"inLanguage\":\"fr-FR\",\"@id\":\"https:\/\/www.pressenza.com\/fr\/#\/schema\/logo\/image\/\",\"url\":\"https:\/\/www.pressenza.com\/wp-content\/uploads\/2022\/10\/pressenza_logo_200x200.jpg\",\"contentUrl\":\"https:\/\/www.pressenza.com\/wp-content\/uploads\/2022\/10\/pressenza_logo_200x200.jpg\",\"width\":200,\"height\":200,\"caption\":\"Pressenza\"},\"image\":{\"@id\":\"https:\/\/www.pressenza.com\/fr\/#\/schema\/logo\/image\/\"},\"sameAs\":[\"https:\/\/www.facebook.com\/PressenzaItalia\",\"https:\/\/x.com\/PressenzaIPA\"]},{\"@type\":\"Person\",\"@id\":\"https:\/\/www.pressenza.com\/fr\/#\/schema\/person\/d4977f879c6055a07b3def3ad817bbe3\",\"name\":\"Samir Saul - Michel Seymour\",\"description\":\"Samir Saul holds a doctorat d\u2019\u00c9tat in history (Paris) and is a professor of international history at the Universit\u00e9 de Montr\u00e9al. His latest book is entitled Imperialism, As Rampant Today as in the Past (2025). He is also the author of L'Imp\u00e9rialisme, pass\u00e9 et pr\u00e9sent. Un essai (2023); Int\u00e9r\u00eats \u00e9conomiques fran\u00e7ais et d\u00e9colonisation de l'Afrique du Nord (1945-1962) (2016); La France et l'\u00c9gypte de 1882 \u00e0 1914. Int\u00e9r\u00eats \u00e9conomiques et implications politiques (1997). He is also co-editor of M\u00e9diterran\u00e9e, Moyen-Orient : deux si\u00e8cles de relations internationales (2003). He recently published with Michel Seymour Le conflit mondial au XXIe si\u00e8cle (2025). Email: samir.saul@umontreal.ca _______________________________________________________________________________________________________________ Michel Seymour is honorary professor in the Department of Philosophy at the Universit\u00e9 de Montr\u00e9al, where he taught from 1990 to 2019. He is the author of a dozen monographs, including A Liberal Theory of Collective Rights, 2017; La nation pluraliste, co-authored with J\u00e9r\u00f4me Gosselin-Tapp, for which the authors won the Canadian Philosophical Association Prize; De la tol\u00e9rance \u00e0 la reconnaissance, 2008, for which he won the Jean-Charles Falardeau Prize of the Canadian Federation for the Humanities and Social Sciences. He also won the Richard Ar\u00e8s prize from Action nationale magazine for Le pari de la d\u00e9mesure, published in 2001. He recently published with Samir Saul Le conflit mondial au XXIe si\u00e8cle (2025). Email : seymour@videotron.ca web site: michelseymour.org\",\"sameAs\":[\"http:\/\/michelseymour.org\"],\"url\":\"https:\/\/www.pressenza.com\/fr\/author\/samir-saul-michel-seymour\/\"}]}<\/script>\n<!-- \/ Yoast SEO plugin. -->","yoast_head_json":{"title":"Attention au tout-humanitaire!","description":"Pour comprendre la nature d\u2019une guerre et \u00eatre en mesure de se prononcer en toute connaissance de cause, il ne suffit pas de se fier \u00e0 ce qui se vit \u00e0","robots":{"index":"index","follow":"follow","max-snippet":"max-snippet:-1","max-image-preview":"max-image-preview:large","max-video-preview":"max-video-preview:-1"},"canonical":"https:\/\/www.pressenza.com\/fr\/2025\/10\/attention-au-tout-humanitaire\/","og_locale":"fr_FR","og_type":"article","og_title":"Attention au tout-humanitaire!","og_description":"Pour comprendre la nature d\u2019une guerre et \u00eatre en mesure de se prononcer en toute connaissance de cause, il ne suffit pas de se fier \u00e0 ce qui se vit \u00e0","og_url":"https:\/\/www.pressenza.com\/fr\/2025\/10\/attention-au-tout-humanitaire\/","og_site_name":"Pressenza","article_publisher":"https:\/\/www.facebook.com\/PressenzaItalia","article_published_time":"2025-10-07T21:28:27+00:00","article_modified_time":"2025-10-07T21:29:39+00:00","og_image":[{"width":820,"height":546,"url":"https:\/\/www.pressenza.com\/wp-content\/uploads\/2025\/10\/militaire-humanitaire.jpg","type":"image\/jpeg"}],"author":"Samir Saul - Michel Seymour","twitter_card":"summary_large_image","twitter_creator":"@PressenzaIPA","twitter_site":"@PressenzaIPA","twitter_misc":{"\u00c9crit par":"Samir Saul - Michel Seymour","Dur\u00e9e de lecture estim\u00e9e":"9 minutes"},"schema":{"@context":"https:\/\/schema.org","@graph":[{"@type":"Article","@id":"https:\/\/www.pressenza.com\/fr\/2025\/10\/attention-au-tout-humanitaire\/#article","isPartOf":{"@id":"https:\/\/www.pressenza.com\/fr\/2025\/10\/attention-au-tout-humanitaire\/"},"author":{"name":"Samir Saul - Michel Seymour","@id":"https:\/\/www.pressenza.com\/fr\/#\/schema\/person\/d4977f879c6055a07b3def3ad817bbe3"},"headline":"Attention au tout-humanitaire!","datePublished":"2025-10-07T21:28:27+00:00","dateModified":"2025-10-07T21:29:39+00:00","mainEntityOfPage":{"@id":"https:\/\/www.pressenza.com\/fr\/2025\/10\/attention-au-tout-humanitaire\/"},"wordCount":1798,"publisher":{"@id":"https:\/\/www.pressenza.com\/fr\/#organization"},"image":{"@id":"https:\/\/www.pressenza.com\/fr\/2025\/10\/attention-au-tout-humanitaire\/#primaryimage"},"thumbnailUrl":"https:\/\/www.pressenza.com\/wp-content\/uploads\/2025\/10\/militaire-humanitaire.jpg","keywords":["guerre","guerre par procuration","humanitaire","imp\u00e9rialisme am\u00e9ricain"],"articleSection":["Contenu Original","Paix et D\u00e9sarmement","Politique","Relations internationales"],"inLanguage":"fr-FR"},{"@type":"WebPage","@id":"https:\/\/www.pressenza.com\/fr\/2025\/10\/attention-au-tout-humanitaire\/","url":"https:\/\/www.pressenza.com\/fr\/2025\/10\/attention-au-tout-humanitaire\/","name":"Attention au tout-humanitaire!","isPartOf":{"@id":"https:\/\/www.pressenza.com\/fr\/#website"},"primaryImageOfPage":{"@id":"https:\/\/www.pressenza.com\/fr\/2025\/10\/attention-au-tout-humanitaire\/#primaryimage"},"image":{"@id":"https:\/\/www.pressenza.com\/fr\/2025\/10\/attention-au-tout-humanitaire\/#primaryimage"},"thumbnailUrl":"https:\/\/www.pressenza.com\/wp-content\/uploads\/2025\/10\/militaire-humanitaire.jpg","datePublished":"2025-10-07T21:28:27+00:00","dateModified":"2025-10-07T21:29:39+00:00","description":"Pour comprendre la nature d\u2019une guerre et \u00eatre en mesure de se prononcer en toute connaissance de cause, il ne suffit pas de se fier \u00e0 ce qui se vit \u00e0","breadcrumb":{"@id":"https:\/\/www.pressenza.com\/fr\/2025\/10\/attention-au-tout-humanitaire\/#breadcrumb"},"inLanguage":"fr-FR","potentialAction":[{"@type":"ReadAction","target":["https:\/\/www.pressenza.com\/fr\/2025\/10\/attention-au-tout-humanitaire\/"]}]},{"@type":"ImageObject","inLanguage":"fr-FR","@id":"https:\/\/www.pressenza.com\/fr\/2025\/10\/attention-au-tout-humanitaire\/#primaryimage","url":"https:\/\/www.pressenza.com\/wp-content\/uploads\/2025\/10\/militaire-humanitaire.jpg","contentUrl":"https:\/\/www.pressenza.com\/wp-content\/uploads\/2025\/10\/militaire-humanitaire.jpg","width":820,"height":546},{"@type":"BreadcrumbList","@id":"https:\/\/www.pressenza.com\/fr\/2025\/10\/attention-au-tout-humanitaire\/#breadcrumb","itemListElement":[{"@type":"ListItem","position":1,"name":"Accueil","item":"https:\/\/www.pressenza.com\/fr\/"},{"@type":"ListItem","position":2,"name":"Attention au tout-humanitaire!"}]},{"@type":"WebSite","@id":"https:\/\/www.pressenza.com\/fr\/#website","url":"https:\/\/www.pressenza.com\/fr\/","name":"Pressenza","description":"International Press Agency","publisher":{"@id":"https:\/\/www.pressenza.com\/fr\/#organization"},"potentialAction":[{"@type":"SearchAction","target":{"@type":"EntryPoint","urlTemplate":"https:\/\/www.pressenza.com\/fr\/?s={search_term_string}"},"query-input":{"@type":"PropertyValueSpecification","valueRequired":true,"valueName":"search_term_string"}}],"inLanguage":"fr-FR"},{"@type":"Organization","@id":"https:\/\/www.pressenza.com\/fr\/#organization","name":"Pressenza","url":"https:\/\/www.pressenza.com\/fr\/","logo":{"@type":"ImageObject","inLanguage":"fr-FR","@id":"https:\/\/www.pressenza.com\/fr\/#\/schema\/logo\/image\/","url":"https:\/\/www.pressenza.com\/wp-content\/uploads\/2022\/10\/pressenza_logo_200x200.jpg","contentUrl":"https:\/\/www.pressenza.com\/wp-content\/uploads\/2022\/10\/pressenza_logo_200x200.jpg","width":200,"height":200,"caption":"Pressenza"},"image":{"@id":"https:\/\/www.pressenza.com\/fr\/#\/schema\/logo\/image\/"},"sameAs":["https:\/\/www.facebook.com\/PressenzaItalia","https:\/\/x.com\/PressenzaIPA"]},{"@type":"Person","@id":"https:\/\/www.pressenza.com\/fr\/#\/schema\/person\/d4977f879c6055a07b3def3ad817bbe3","name":"Samir Saul - Michel Seymour","description":"Samir Saul holds a doctorat d\u2019\u00c9tat in history (Paris) and is a professor of international history at the Universit\u00e9 de Montr\u00e9al. His latest book is entitled Imperialism, As Rampant Today as in the Past (2025). He is also the author of L'Imp\u00e9rialisme, pass\u00e9 et pr\u00e9sent. Un essai (2023); Int\u00e9r\u00eats \u00e9conomiques fran\u00e7ais et d\u00e9colonisation de l'Afrique du Nord (1945-1962) (2016); La France et l'\u00c9gypte de 1882 \u00e0 1914. Int\u00e9r\u00eats \u00e9conomiques et implications politiques (1997). He is also co-editor of M\u00e9diterran\u00e9e, Moyen-Orient : deux si\u00e8cles de relations internationales (2003). He recently published with Michel Seymour Le conflit mondial au XXIe si\u00e8cle (2025). Email: samir.saul@umontreal.ca _______________________________________________________________________________________________________________ Michel Seymour is honorary professor in the Department of Philosophy at the Universit\u00e9 de Montr\u00e9al, where he taught from 1990 to 2019. He is the author of a dozen monographs, including A Liberal Theory of Collective Rights, 2017; La nation pluraliste, co-authored with J\u00e9r\u00f4me Gosselin-Tapp, for which the authors won the Canadian Philosophical Association Prize; De la tol\u00e9rance \u00e0 la reconnaissance, 2008, for which he won the Jean-Charles Falardeau Prize of the Canadian Federation for the Humanities and Social Sciences. He also won the Richard Ar\u00e8s prize from Action nationale magazine for Le pari de la d\u00e9mesure, published in 2001. He recently published with Samir Saul Le conflit mondial au XXIe si\u00e8cle (2025). Email : seymour@videotron.ca web site: michelseymour.org","sameAs":["http:\/\/michelseymour.org"],"url":"https:\/\/www.pressenza.com\/fr\/author\/samir-saul-michel-seymour\/"}]}},"place":"Montr\u00e9al, Canada","original_article_url":"","_links":{"self":[{"href":"https:\/\/www.pressenza.com\/fr\/wp-json\/wp\/v2\/posts\/2642896","targetHints":{"allow":["GET"]}}],"collection":[{"href":"https:\/\/www.pressenza.com\/fr\/wp-json\/wp\/v2\/posts"}],"about":[{"href":"https:\/\/www.pressenza.com\/fr\/wp-json\/wp\/v2\/types\/post"}],"author":[{"embeddable":true,"href":"https:\/\/www.pressenza.com\/fr\/wp-json\/wp\/v2\/users\/2275"}],"replies":[{"embeddable":true,"href":"https:\/\/www.pressenza.com\/fr\/wp-json\/wp\/v2\/comments?post=2642896"}],"version-history":[{"count":2,"href":"https:\/\/www.pressenza.com\/fr\/wp-json\/wp\/v2\/posts\/2642896\/revisions"}],"predecessor-version":[{"id":2644225,"href":"https:\/\/www.pressenza.com\/fr\/wp-json\/wp\/v2\/posts\/2642896\/revisions\/2644225"}],"wp:featuredmedia":[{"embeddable":true,"href":"https:\/\/www.pressenza.com\/fr\/wp-json\/wp\/v2\/media\/2643116"}],"wp:attachment":[{"href":"https:\/\/www.pressenza.com\/fr\/wp-json\/wp\/v2\/media?parent=2642896"}],"wp:term":[{"taxonomy":"category","embeddable":true,"href":"https:\/\/www.pressenza.com\/fr\/wp-json\/wp\/v2\/categories?post=2642896"},{"taxonomy":"post_tag","embeddable":true,"href":"https:\/\/www.pressenza.com\/fr\/wp-json\/wp\/v2\/tags?post=2642896"}],"curies":[{"name":"wp","href":"https:\/\/api.w.org\/{rel}","templated":true}]}}