{"id":2640293,"date":"2025-09-30T17:39:48","date_gmt":"2025-09-30T16:39:48","guid":{"rendered":"https:\/\/www.pressenza.com\/?p=2640293"},"modified":"2025-10-11T08:26:42","modified_gmt":"2025-10-11T07:26:42","slug":"le-mexique-et-ses-matieres-premieres-partie-i","status":"publish","type":"post","link":"https:\/\/www.pressenza.com\/fr\/2025\/09\/le-mexique-et-ses-matieres-premieres-partie-i\/","title":{"rendered":"Le Mexique et ses mati\u00e8res premi\u00e8res \u2013 Partie I : De 1500 \u00e0 1700"},"content":{"rendered":"<div class=\"post-content\">\n<blockquote><p><span dir=\"auto\">Le Mexique a tout, sauf le contr\u00f4le. Ses ressources sont de l&rsquo;or pour les autres, une mis\u00e8re pour les siens. Hier, ils le pillaient \u00e0 coups de croix, aujourd&rsquo;hui, ils le pillent \u00e0 coups de contrats.<\/span><\/p><\/blockquote>\n<p><span dir=\"auto\"><span class=\"\" dir=\"auto\">Ce n&rsquo;est pas l&rsquo;or qui a tu\u00e9 le Mexique, mais les Espagnols, des hommes illettr\u00e9s, des soldats sans terre, des pauvres d\u00e9sesp\u00e9r\u00e9s envoy\u00e9s par une couronne d\u00e9clinante pour piller ce qui ne leur appartenait pas. Ils ne sont pas arriv\u00e9s civilis\u00e9s, ils sont arriv\u00e9s affam\u00e9s. Ils ne sont pas arriv\u00e9s cultiv\u00e9s, ils sont arriv\u00e9s avec des \u00e9p\u00e9es, des poux et du feu.<\/span><\/span><\/p>\n<p><span dir=\"auto\"><span class=\"\" dir=\"auto\">L&rsquo;Espagne n&rsquo;apporta pas le savoir ; elle apporta l&rsquo;ignorance, la peste et la destruction. La plupart de ceux qui arriv\u00e8rent ne savaient ni lire ni \u00e9crire, mais savaient tuer. Ils ignoraient le nom des dieux, mais savaient d\u00e9molir tous les temples. Ils ne comprenaient pas les langues indig\u00e8nes, mais ils apprirent rapidement \u00e0 dire \u00ab or \u00bb, \u00ab mine \u00bb, \u00ab esclave \u00bb et \u00ab ch\u00e2timent \u00bb.<\/span><\/span><\/p>\n<p><span dir=\"auto\">Ils sont venus pour voler, violer, exterminer. Ils sont venus sur ordre d&rsquo;un roi qui n&rsquo;avait jamais mis les pieds sur cette terre et qui a financ\u00e9 son tr\u00f4ne avec le sang d&rsquo;autrui. Et apr\u00e8s eux sont venus des pr\u00eatres qui, d&rsquo;une main, tenaient la croix et de l&rsquo;autre signaient l&rsquo;asservissement du peuple. L&rsquo;\u00c9glise \u00e9tait complice, la vice-royaut\u00e9 \u00e9tait le bourreau, et l&rsquo;histoire a \u00e9t\u00e9 falsifi\u00e9e.<\/span><\/p>\n<p><span dir=\"auto\">Ce qu&rsquo;on appelait conqu\u00eate \u00e9tait un massacre. Ce qu&rsquo;on appelait \u00e9vang\u00e9lisation \u00e9tait un g\u00e9nocide spirituel. Ce qu&rsquo;on appelait progr\u00e8s \u00e9tait un pillage. Ils sont venus pour tuer, et ils l&rsquo;ont fait pendant des si\u00e8cles.<\/span><\/p>\n<p><span dir=\"auto\">Des 25 millions d&rsquo;Indiens qui peuplaient le Mexique actuel en 1519, \u00e0 peine deux millions subsistaient en moins de cent ans. Ils ne sont pas morts de chagrin ni n&rsquo;ont disparu naturellement. Ils ont \u00e9t\u00e9 assassin\u00e9s, viol\u00e9s, r\u00e9duits en esclavage, pollu\u00e9s, isol\u00e9s et d\u00e9poss\u00e9d\u00e9s. La population n&rsquo;a pas disparu, elle a \u00e9t\u00e9 an\u00e9antie.<\/span><\/p>\n<p><span dir=\"auto\">Et il ne suffit pas de dire que c&rsquo;\u00e9tait il y a 500 ans. Cet or est toujours dans les banques europ\u00e9ennes. Ces mines sont toujours en activit\u00e9, ce pillage est toujours d&rsquo;actualit\u00e9, simplement sous un autre uniforme. Les Espagnols d&rsquo;hier sont les compagnies mini\u00e8res \u00e9trang\u00e8res d&rsquo;aujourd&rsquo;hui. Le colonialisme n&rsquo;a pas disparu\u00a0; il a juste mis une cravate.<\/span><\/p>\n<p><span dir=\"auto\">Cette chronique n&rsquo;est pas de l&rsquo;histoire, c&rsquo;est de la m\u00e9moire avec de la rage, c&rsquo;est une d\u00e9nonciation sans pardon, c&rsquo;est la voix de ceux qui n&rsquo;ont eu ni tombe ni proc\u00e8s et qui aujourd&rsquo;hui, enfin, accusent.<\/span><\/p>\n<p><strong><span dir=\"auto\">1 \u2013 1500 \u00e0 1600<\/span><\/strong><\/p>\n<p><span dir=\"auto\">Extermination. \u00c0 l&rsquo;arriv\u00e9e des Espagnols, les gens sont morts.<\/span><\/p>\n<p><span dir=\"auto\"><span class=\"\" dir=\"auto\">Ce n&rsquo;\u00e9tait pas la rencontre de deux mondes, mais l&rsquo;an\u00e9antissement d&rsquo;un seul. En 1519, lorsqu&rsquo;Hern\u00e1n Cort\u00e9s d\u00e9barqua sur la c\u00f4te de Veracruz avec seulement 600 hommes et 16 chevaux, entre 20 et 25 millions de personnes vivaient dans ce que nous appelons aujourd&rsquo;hui le Mexique. C&rsquo;\u00e9taient des peuples entiers, des civilisations anciennes, des soci\u00e9t\u00e9s complexes dot\u00e9es de calendriers solaires, de leurs propres lois, de leur \u00e9criture, de leur agriculture, de leur phytoth\u00e9rapie et d&rsquo;une relation sacr\u00e9e avec la terre. Ce n&rsquo;\u00e9taient pas des sauvages, c&rsquo;\u00e9taient des peuples sages.<\/span><\/span><\/p>\n<p><span dir=\"auto\">Les Mexicas vivaient sur les hauts plateaux centraux, r\u00e9gnant depuis Tenochtitl\u00e1n, une cit\u00e9 lacustre bord\u00e9e de canaux, de digues et de chauss\u00e9es. Plus au sud, les Mayas, dispers\u00e9s dans le Yucat\u00e1n, le Campeche et le Chiapas, h\u00e9ritiers de grandes cit\u00e9s comme Palenque, Uxmal et Chich\u00e9n Itz\u00e1.<\/span><\/p>\n<p><span dir=\"auto\">\u00c0 Oaxaca vivaient les Zapot\u00e8ques et les Mixt\u00e8ques, ma\u00eetres de la sculpture du jade et de l&rsquo;\u00e9criture pictographique. \u00c0 l&rsquo;ouest, les Pur\u00e9pechas, venus du Michoac\u00e1n, r\u00e9sist\u00e8rent avec des armes de cuivre. Au nord et dans la Sierra Madre, on trouvait les Rar\u00e1muri, les Tepehuan, les Yaqui, les Pima et les Concho. Dans le Golfe, les Totonaques et les Huaxt\u00e8ques. Et au sud de la vall\u00e9e, les Mazat\u00e8ques, les Chinant\u00e8ques, les Popolocas et des centaines d&rsquo;autres. Ils furent tous an\u00e9antis.<\/span><\/p>\n<p><span dir=\"auto\">En moins de 80 ans, plus de 90 % de cette population a disparu. Entre 18 et 20 millions de personnes sont mortes. Oui, des millions. Ce chiffre n&rsquo;est pas exag\u00e9r\u00e9, c&rsquo;est un massacre av\u00e9r\u00e9. Enfants, femmes, vieillards, sages, gu\u00e9risseurs, guerriers, po\u00e8tes sont morts. Des peuples entiers sont morts sans laisser une seule pierre grav\u00e9e. Ils sont morts par l&rsquo;\u00e9p\u00e9e, mais aussi de la variole, du typhus, de la faim, de la tristesse, de la soumission, de la torture, de l&rsquo;esclavage et du viol. Ils sont morts en silence, sans proc\u00e8s\u00a0; ils sont morts \u00e0 cause de l&rsquo;arriv\u00e9e des Espagnols.<\/span><\/p>\n<p><span dir=\"auto\">Le syst\u00e8me d&rsquo;encomienda, mis en place d\u00e8s les premi\u00e8res ann\u00e9es de la colonie, l\u00e9galisa l&rsquo;esclavage. Les Autochtones furent distribu\u00e9s comme propri\u00e9t\u00e9, avec leurs terres, et contraints de travailler dans les fermes, dans la construction et, surtout, dans les mines d&rsquo;or et d&rsquo;argent. Nombre d&rsquo;entre eux moururent dans les profondeurs des collines de Guerrero, Taxco et Oaxaca, creusant \u00e0 mains nues, encha\u00een\u00e9s, sans air ni nourriture.<\/span><\/p>\n<p><span dir=\"auto\">Mais ceux qui ne succomb\u00e8rent pas \u00e0 la punition moururent de maladie. L&rsquo;Espagne apporta avec elle une bombe biologique\u00a0: la variole se r\u00e9pandit comme une tra\u00een\u00e9e de poudre parmi les peuples autochtones d\u00e9pourvus de d\u00e9fenses immunitaires. En seulement deux ans, entre 1520 et 1522, des centaines de milliers de personnes moururent sans avoir jamais vu un Espagnol. Les maladies persist\u00e8rent pendant des d\u00e9cennies, tout comme la violence.<\/span><\/p>\n<p><span dir=\"auto\"><span class=\"\" dir=\"auto\">Les femmes autochtones \u00e9taient exploit\u00e9es comme butin, viol\u00e9es par les conquistadors, contraintes de porter des enfants inconnus, transform\u00e9es en servantes anonymes. Les enfants \u00e9taient emmen\u00e9s, transform\u00e9s en porteurs, pages, esclaves de ch\u0153ur ou bergers sans terre. Les personnes \u00e2g\u00e9es \u00e9taient abandonn\u00e9es \u00e0 la mort\u00a0; les codex, les instruments et les paroles des sages \u00e9taient br\u00fbl\u00e9s. Un dieu, une langue, une croix et un ch\u00e2timent \u00e9taient impos\u00e9s au peuple.<\/span><\/span><\/p>\n<p><span dir=\"auto\"><span class=\"\" dir=\"auto\">La chute de Tenochtitl\u00e1n en 1521 ne fut pas seulement militaire, elle fut aussi civilisationnelle. Les Espagnols ras\u00e8rent la ville, br\u00fbl\u00e8rent les archives, vol\u00e8rent l&rsquo;or des temples, d\u00e9truisirent les canaux et d\u00e9mantel\u00e8rent les ouvrages hydrauliques. Ils fondirent ensuite tout le m\u00e9tal sacr\u00e9 et l&rsquo;envoy\u00e8rent en lingots \u00e0 S\u00e9ville. Les r\u00e9gions de Puebla, Veracruz, Guerrero, Oaxaca et la vall\u00e9e de Mexico furent pill\u00e9es en masse. Les chefs locaux furent remplac\u00e9s par des encomenderos, et l\u00e0 o\u00f9 la vie avait \u00e9t\u00e9 sem\u00e9e, la mort l&rsquo;\u00e9tait d\u00e9sormais.<\/span><\/span><\/p>\n<p><span dir=\"auto\">Il n&rsquo;\u00e9tait pas n\u00e9cessaire de tuer tout le monde \u00e0 l&rsquo;\u00e9p\u00e9e\u00a0; c&rsquo;\u00e9tait suffisant pour d\u00e9truire leur monde. Et c&rsquo;est ce qu&rsquo;ils firent.<\/span><\/p>\n<p><span dir=\"auto\">Les Espagnols ne se sont pas int\u00e9gr\u00e9s ; ils ont disparu. Leur vision du monde a disparu, leurs conseils d&rsquo;anciens ont disparu, leurs langues ont disparu. En une seule g\u00e9n\u00e9ration, des dizaines de peuples ont disparu. Les Tecos, les Ocuiltecos, les Cuitlatecos, les Coixcas, les Textecs, les Choles del Norte, les Quelenes. Effac\u00e9s, sans statues, sans mus\u00e9es, sans justice.<\/span><\/p>\n<p><span dir=\"auto\">Aujourd&rsquo;hui encore, personne n&rsquo;a demand\u00e9 pardon. Aucun tribunal international n&rsquo;a jug\u00e9 le g\u00e9nocide originel\u00a0; il n&rsquo;y a ni r\u00e9paration, ni monument\u00a0; seuls subsistent les noms que certains persistent \u00e0 comm\u00e9morer. Et le silence monumental d&rsquo;une histoire b\u00e2tie sur les cadavres autochtones.<\/span><\/p>\n<p><span dir=\"auto\"><span class=\"\" dir=\"auto\">Il ne s&rsquo;agissait pas d&rsquo;un effondrement naturel, ni d&rsquo;une \u00e9pid\u00e9mie spontan\u00e9e, ni d&rsquo;une cons\u00e9quence in\u00e9vitable du \u00ab progr\u00e8s \u00bb. Il s&rsquo;agissait d&rsquo;une extermination perp\u00e9tr\u00e9e par l&rsquo;arriv\u00e9e d&rsquo;une arm\u00e9e europ\u00e9enne pauvre et brutale. Une extermination silencieuse, non reconnue et toujours impunie.<\/span><\/span><\/p>\n<p><span dir=\"auto\"><span class=\"\" dir=\"auto\">Et si quelqu&rsquo;un pr\u00e9tend que cela s&rsquo;est produit il y a 500 ans, il se trompe. Car le pillage commenc\u00e9 en 1521 continue encore, et les victimes de cette \u00e9poque crient aujourd&rsquo;hui sur chaque montagne, chaque rivi\u00e8re empoisonn\u00e9e, chaque mine o\u00f9 r\u00e9sonnent encore les \u00e9chos de ceux qui ne sont plus l\u00e0.<\/span><\/span><\/p>\n<p><span dir=\"auto\"><span class=\"\" dir=\"auto\">Durant cette m\u00eame p\u00e9riode, l&rsquo;Espagne a saisi au moins 150 tonnes d&rsquo;or vol\u00e9 entre 1521 et 1600, pour une valeur actuelle de plus de 12 milliards de dollars. Mais il ne s&rsquo;agissait pas seulement d&rsquo;or. Plus de 400 tonnes d&rsquo;argent ont \u00e9galement \u00e9t\u00e9 extraites lors des premi\u00e8res op\u00e9rations \u00e0 Taxco et Zacatecas, \u00e9valu\u00e9es aujourd&rsquo;hui \u00e0 plus de 18 milliards de dollars. \u00c0 cela s&rsquo;ajoutent le cuivre et l&rsquo;\u00e9tain fondus par les Pur\u00e9pecha, les textiles de coton, la vanille, le cacao, les bois tropicaux, les fourrures, et m\u00eame le savoir-faire agricole et c\u00e9r\u00e9moniel. La valeur totale de ce butin d\u00e9passe aujourd&rsquo;hui les 32 milliards de dollars. Tout a \u00e9t\u00e9 vol\u00e9 en \u00e9change de la mort et envoy\u00e9 au loin. Il ne restait plus aucune richesse, plus aucune justice, plus aucune dignit\u00e9, seulement des tombes sans nom et un or sans \u00e2me.<\/span><\/span><\/p>\n<p><strong><span dir=\"auto\">2 \u2013 1600 \u00e0 1700<\/span><\/strong><\/p>\n<p><span dir=\"auto\">Argent, travail forc\u00e9 et extermination l\u00e9galis\u00e9e<\/span><\/p>\n<p><span dir=\"auto\">Une fois les populations les plus denses du haut plateau extermin\u00e9es, les Espagnols perfectionn\u00e8rent le pillage. Le XVIIe si\u00e8cle ne fut pas moins brutal\u00a0; il \u00e9tait plus organis\u00e9. Le mod\u00e8le n&rsquo;\u00e9tait plus le massacre \u00e0 ciel ouvert, mais le travail forc\u00e9 institutionnalis\u00e9. Le pillage continua sans rel\u00e2che\u00a0; il devint rentable, et les mines devinrent le centre de tout.<\/span><\/p>\n<p><span dir=\"auto\">Les encomiendas furent remplac\u00e9es par le syst\u00e8me de repartimiento\u00a0; le nom changea, mais pas l&rsquo;enfer. <\/span><br \/>\n<span dir=\"auto\"> Le vice-roi d\u00e9signait le nombre d&rsquo;indig\u00e8nes que chaque communaut\u00e9 devait contribuer aux op\u00e9rations mini\u00e8res chaque saison. Ils \u00e9taient contraints de quitter leurs foyers, de voyager pendant des jours, de travailler sous terre pendant des semaines, puis de revenir, s&rsquo;ils survivaient. Des milliers d&rsquo;entre eux ne revinrent jamais\u00a0; d&rsquo;autres revinrent aveugles, tuberculeux, sans force ni parole.<\/span><\/p>\n<p><span dir=\"auto\">Les mines de Zacatecas, Guanajuato, San Luis Potos\u00ed, Real de Catorce et Taxco furent transform\u00e9es en centres d&rsquo;extraction massive d&rsquo;argent. La montagne devint m\u00e9tal, le corps indig\u00e8ne outil, l&rsquo;\u00e2me propri\u00e9t\u00e9. <\/span><br \/>\n<span dir=\"auto\"> Ils travaillaient sans lumi\u00e8re, sans repos, sans protection. Ils respiraient de la poussi\u00e8re de mercure, avalaient de l&rsquo;arsenic et dormaient dans les tunnels sur des pierres humides. Quiconque tentait de s&rsquo;\u00e9chapper \u00e9tait fouett\u00e9, mutil\u00e9 ou ex\u00e9cut\u00e9 publiquement. La Couronne \u00e9tait au courant, l&rsquo;approuvait et la promouvait.<\/span><\/p>\n<p><span dir=\"auto\">Les femmes autochtones \u00e9taient abandonn\u00e9es dans des villages d\u00e9serts ou recrut\u00e9es comme cuisini\u00e8res, blanchisseuses, domestiques ou concubines malgr\u00e9 elles. Si l&rsquo;une d&rsquo;elles osait parler leur langue, elle \u00e9tait battue ou accus\u00e9e de sorcellerie. L&rsquo;\u00c9glise \u00e9tait omnipr\u00e9sente, contr\u00f4lant le bapt\u00eame, la morale, la langue, le commerce et la l\u00e9gitimit\u00e9 de la violence. La croix n&rsquo;\u00e9tait pas une consolation\u00a0; elle en \u00e9tait une complice.<\/span><\/p>\n<p><span dir=\"auto\"><span class=\"\" dir=\"auto\">La vice-royaut\u00e9 de Nouvelle-Espagne produisait entre 60 et 70 % de l&rsquo;argent mondial. Zacatecas \u00e0 elle seule en exporta pr\u00e8s de 400 tonnes entre 1600 et 1700. <\/span><\/span><br \/>\n<span dir=\"auto\"><span class=\"\" dir=\"auto\"> Sa valeur actuelle d\u00e9passe 18 milliards de dollars. Et il ne resta plus une seule \u00e9cole, un seul h\u00f4pital, aucune rue pour ceux qui l&rsquo;exploit\u00e8rent.<\/span><\/span><\/p>\n<p><span dir=\"auto\">San Luis Potos\u00ed, Guanajuato et Taxco furent litt\u00e9ralement ravag\u00e9s. Le sol fut ass\u00e9ch\u00e9, et lorsqu&rsquo;un filon s&rsquo;ass\u00e9cha, les Espagnols pass\u00e8rent simplement \u00e0 la colline suivante. Il ne resta qu&rsquo;une fosse commune, une \u00e9glise d\u00e9cor\u00e9e de feuilles d&rsquo;argent et un pr\u00eatre b\u00e9nissant la mine suivante.<\/span><\/p>\n<p><span dir=\"auto\"><span class=\"\" dir=\"auto\">Ce n&rsquo;\u00e9taient pas des accidents, mais une politique d&rsquo;\u00c9tat. L&rsquo;argent mexicain finan\u00e7a les guerres europ\u00e9ennes, paya les couronnes autrichiennes, alimenta l&rsquo;industrie navale espagnole et remplit les caisses du Vatican. Le sang mexicain maintint l&#8217;empire espagnol en vie.<\/span><\/span><\/p>\n<p><span dir=\"auto\">Mais le Mexique n&rsquo;a connu que ruines, maladies, alcool, r\u00e9pression et silence. Tandis que l&rsquo;Europe s&rsquo;urbanisait, les peuples autochtones disparaissaient. Tandis que des trait\u00e9s th\u00e9ologiques \u00e9taient r\u00e9dig\u00e9s, les derniers codex du si\u00e8cle pr\u00e9c\u00e9dent \u00e9taient br\u00fbl\u00e9s. Tandis que la richesse des Am\u00e9riques \u00e9tait c\u00e9l\u00e9br\u00e9e, des communaut\u00e9s enti\u00e8res des zones mini\u00e8res \u00e9taient an\u00e9anties. L&rsquo;histoire officielle parle de d\u00e9veloppement, mais ce fut un crime persistant.<\/span><\/p>\n<p><span dir=\"auto\"><span class=\"\" dir=\"auto\">Au cours de ce si\u00e8cle, au moins trois millions d&rsquo;Autochtones suppl\u00e9mentaires sont morts dans les mines, le long des routes coloniales, lors des d\u00e9placements forc\u00e9s, sous des ch\u00e2timents exemplaires et lors d&rsquo;\u00e9pid\u00e9mies caus\u00e9es par la surpopulation. Trois millions de plus. Apr\u00e8s le g\u00e9nocide initial, la d\u00e9forestation planifi\u00e9e a suivi. Les peuples n&rsquo;ont pas \u00e9t\u00e9 tu\u00e9s subitement\u00a0; ils ont \u00e9t\u00e9 vid\u00e9s de leurs ressources, et tout cela pour de l&rsquo;argent. Pour cet argent qui brille encore sur les autels europ\u00e9ens.<\/span><\/span><\/p>\n<p><span dir=\"auto\">Des tonnes d&rsquo;\u00e9tain, de cuivre et de mercure furent \u00e9galement extraites, sans chiffres pr\u00e9cis, car personne ne documentait ce qui n&rsquo;\u00e9tait pas import\u00e9 sur le march\u00e9. De plus, la r\u00e9colte d&rsquo;indigo, de coton, de sel et de bois pour l&rsquo;agriculture et le commerce vice-royal se multiplia. Non seulement les min\u00e9raux furent vol\u00e9s, mais aussi les terres, le paysage et la dignit\u00e9.<\/span><\/p>\n<p><span dir=\"auto\">Et tout \u00e7a pour un butin qui n&rsquo;est m\u00eame pas rest\u00e9 au Mexique. Tout a \u00e9t\u00e9 vol\u00e9, tout a \u00e9t\u00e9 pill\u00e9, tout \u00e9tait l\u00e9gal, et \u00e0 ce jour, personne n&rsquo;a rien restitu\u00e9.<\/span><\/p>\n<p><span dir=\"auto\">Il s&rsquo;agit d&rsquo;une estimation rigoureuse et conservatrice de la valeur \u00e9conomique en USD actuels des principaux min\u00e9raux secondaires extraits au Mexique entre 1600 et 1700, en plus de l&rsquo;argent, que nous avons d\u00e9j\u00e0 inclus.<\/span><\/p>\n<p><span dir=\"auto\">Les valeurs sont calcul\u00e9es sur la base du tonnage historique estim\u00e9, des prix internationaux actuels et des r\u00e9f\u00e9rences crois\u00e9es avec les rapports de l&rsquo;USGS et des sources universitaires sur l&rsquo;exploitation mini\u00e8re coloniale dans les Am\u00e9riques.<\/span><\/p>\n<p><span dir=\"auto\"><span class=\"\" dir=\"auto\">1. \u00c9tain <\/span><\/span><br \/>\n<span dir=\"auto\"><span class=\"\" dir=\"auto\"> \u2022 Production estim\u00e9e au XVIIe si\u00e8cle : entre 8 000 et 10 000 tonnes <\/span><\/span><br \/>\n<span dir=\"auto\"><span class=\"\" dir=\"auto\"> \u2022 Prix moyen actuel (2024) : 27 000 USD la tonne <\/span><\/span><br \/>\n<span dir=\"auto\"><span class=\"\" dir=\"auto\"> \u2022 Valeur approximative totale : entre 216 et 270 millions USD<\/span><\/span><\/p>\n<p><span dir=\"auto\">Cet \u00e9tain provenait principalement des r\u00e9gions o\u00f9 vivait le peuple Pur\u00e9pecha (Michoac\u00e1n), de certaines parties de l&rsquo;Oaxaca et du nord du Guerrero. Il \u00e9tait utilis\u00e9 dans la fabrication d&rsquo;alliages pour le moulage et la fabrication d&rsquo;objets religieux et militaires.<\/span><\/p>\n<p><span dir=\"auto\"><span class=\"\" dir=\"auto\">2. Cuivre <\/span><\/span><br \/>\n<span dir=\"auto\"><span class=\"\" dir=\"auto\"> \u2022 Production estim\u00e9e au XVIIe si\u00e8cle : entre 15 000 et 20 000 tonnes <\/span><\/span><br \/>\n<span dir=\"auto\"><span class=\"\" dir=\"auto\"> \u2022 Prix moyen actuel (2024) : 8 500 USD la tonne <\/span><\/span><br \/>\n<span dir=\"auto\"><span class=\"\" dir=\"auto\"> \u2022 Valeur approximative totale : entre 127 et 170 millions USD<\/span><\/span><\/p>\n<p><span dir=\"auto\">Le cuivre indig\u00e8ne a \u00e9t\u00e9 d\u00e9mantel\u00e9 pour un usage militaire, la fabrication de cloches et d&rsquo;infrastructures coloniales. Le Michoac\u00e1n (r\u00e9gion de Pur\u00e9pecha) \u00e9tait le plus important centre pr\u00e9hispanique de production m\u00e9tallurgique du cuivre.<\/span><\/p>\n<p><span dir=\"auto\">3. Mercure. <\/span><br \/>\n<span dir=\"auto\"> Ce min\u00e9ral n&rsquo;\u00e9tait pas exploit\u00e9 en grandes quantit\u00e9s au Mexique, mais il \u00e9tait import\u00e9 d&rsquo;Almad\u00e9n (Espagne) et de Huancavelica (P\u00e9rou) pour le processus d&rsquo;amalgamation de l&rsquo;argent. Malgr\u00e9 cela, de plus petites quantit\u00e9s \u00e9taient extraites localement.<\/span><\/p>\n<p><span dir=\"auto\">\u2022 Production estim\u00e9e au Mexique : 1 500 \u00e0 2 000 tonnes <\/span><br \/>\n<span dir=\"auto\"> \u2022 Prix moyen actuel (estimation prudente) : 5 000 $ la tonne <\/span><br \/>\n<span dir=\"auto\"> \u2022 Valeur approximative totale : 7 \u00e0 10 millions de dollars<\/span><\/p>\n<p><span dir=\"auto\">Valeur combin\u00e9e de ces trois min\u00e9raux (1600-1700). Entre 350 et 450 millions de dollars actuels, auxquels s&rsquo;ajoutent plus de 18 milliards de dollars d&rsquo;argent extrait durant la m\u00eame p\u00e9riode.<\/span><\/p>\n<p><span dir=\"auto\"><span class=\"\" dir=\"auto\">Le Mexique a obtenu son ind\u00e9pendance politique, mais pas son \u00e9mancipation \u00e9conomique. \u00c0 la fin de l&rsquo;\u00e8re coloniale, les m\u00e9taux ont continu\u00e9 \u00e0 circuler, les gens ont continu\u00e9 \u00e0 creuser et les contrats ont continu\u00e9 \u00e0 \u00eatre sign\u00e9s loin des populations. Le drapeau a chang\u00e9, mais pas le pillage. Ainsi a commenc\u00e9 le XIXe si\u00e8cle\u00a0: libre sur le papier, mais encha\u00een\u00e9 \u00e0 son pass\u00e9.<\/span><\/span><\/p>\n<p><span dir=\"auto\">La patrie fut fond\u00e9e sur le sang indig\u00e8ne, l&rsquo;or vol\u00e9 et les promesses non tenues. Et tandis que le drapeau \u00e9tait tiss\u00e9, des si\u00e8cles de richesses continuaient de s&rsquo;\u00e9couler sous terre vers d&rsquo;autres tr\u00f4nes. L&rsquo;ind\u00e9pendance fut un acte h\u00e9ro\u00efque, mais insuffisant. Car aucun pays n&rsquo;est libre s&rsquo;il ne contr\u00f4le pas ce qui \u00e9mane de son propre territoire.<\/span><\/p>\n<p>&nbsp;<\/p>\n<\/div>\n<p><strong>Voir tous les articles de la S\u00e9rie Mati\u00e8res premi\u00e8res, \u00c9nergie, souverainet\u00e9, pouvoir <\/strong><a href=\"https:\/\/www.pressenza.com\/fr\/tag\/serie-matieres-premieres\/\"><strong>ICI<\/strong><\/a><\/p>\n<p><strong>Voir les 3 articles de la S\u00e9rie Mexique et ses mati\u00e8res premi\u00e8res <a href=\"https:\/\/www.pressenza.com\/fr\/tag\/mexique-matieres-premieres\/\">ICI\u00a0<\/a><\/strong><\/p>\n","protected":false},"excerpt":{"rendered":"<p>Le Mexique a tout, sauf le contr\u00f4le. Ses ressources sont de l&rsquo;or pour les autres, une mis\u00e8re pour les siens. Hier, ils le pillaient \u00e0 coups de croix, aujourd&rsquo;hui, ils le pillent \u00e0 coups de contrats. Ce n&rsquo;est pas l&rsquo;or&hellip;<\/p>\n","protected":false},"author":2493,"featured_media":2640296,"comment_status":"closed","ping_status":"closed","sticky":false,"template":"","format":"standard","meta":{"footnotes":""},"categories":[87,11386,100,99],"tags":[1077,687,144278,3103,141580],"class_list":["post-2640293","post","type-post","status-publish","format-standard","has-post-thumbnail","hentry","category-amerique-du-nord","category-contenu-original","category-economie","category-peuples-autochtones","tag-colonialisme","tag-mexique","tag-mexique-matieres-premieres","tag-ressources-naturelles","tag-serie-matieres-premieres"],"yoast_head":"<!-- This site is optimized with the Yoast SEO plugin v27.1.1 - https:\/\/yoast.com\/product\/yoast-seo-wordpress\/ -->\n<title>Le Mexique et ses mati\u00e8res premi\u00e8res \u2013 Partie I : De 1500 \u00e0 1700<\/title>\n<meta name=\"description\" content=\"Le Mexique a tout, sauf le contr\u00f4le. Ses ressources sont de l&#039;or pour les autres, une mis\u00e8re pour les siens. Hier, ils le pillaient \u00e0 coups de croix,\" \/>\n<meta name=\"robots\" content=\"index, follow, max-snippet:-1, max-image-preview:large, max-video-preview:-1\" \/>\n<link rel=\"canonical\" href=\"https:\/\/www.pressenza.com\/fr\/2025\/09\/le-mexique-et-ses-matieres-premieres-partie-i\/\" \/>\n<meta property=\"og:locale\" content=\"fr_FR\" \/>\n<meta property=\"og:type\" content=\"article\" \/>\n<meta property=\"og:title\" content=\"Le Mexique et ses mati\u00e8res premi\u00e8res \u2013 Partie I : De 1500 \u00e0 1700\" \/>\n<meta property=\"og:description\" content=\"Le Mexique a tout, sauf le contr\u00f4le. Ses ressources sont de l&#039;or pour les autres, une mis\u00e8re pour les siens. Hier, ils le pillaient \u00e0 coups de croix,\" \/>\n<meta property=\"og:url\" content=\"https:\/\/www.pressenza.com\/fr\/2025\/09\/le-mexique-et-ses-matieres-premieres-partie-i\/\" \/>\n<meta property=\"og:site_name\" content=\"Pressenza\" \/>\n<meta property=\"article:publisher\" content=\"https:\/\/www.facebook.com\/PressenzaItalia\" \/>\n<meta property=\"article:published_time\" content=\"2025-09-30T16:39:48+00:00\" \/>\n<meta property=\"article:modified_time\" content=\"2025-10-11T07:26:42+00:00\" \/>\n<meta property=\"og:image\" content=\"https:\/\/www.pressenza.com\/wp-content\/uploads\/2025\/09\/El_templo_mayor_en_Tenochtitlan.png\" \/>\n\t<meta property=\"og:image:width\" content=\"820\" \/>\n\t<meta property=\"og:image:height\" content=\"546\" \/>\n\t<meta property=\"og:image:type\" content=\"image\/png\" \/>\n<meta name=\"author\" content=\"Mauricio Herrera Kahn\" \/>\n<meta name=\"twitter:card\" content=\"summary_large_image\" \/>\n<meta name=\"twitter:creator\" content=\"@PressenzaIPA\" \/>\n<meta name=\"twitter:site\" content=\"@PressenzaIPA\" \/>\n<meta name=\"twitter:label1\" content=\"\u00c9crit par\" \/>\n\t<meta name=\"twitter:data1\" content=\"Mauricio Herrera Kahn\" \/>\n\t<meta name=\"twitter:label2\" content=\"Dur\u00e9e de lecture estim\u00e9e\" \/>\n\t<meta name=\"twitter:data2\" content=\"13 minutes\" \/>\n<script type=\"application\/ld+json\" class=\"yoast-schema-graph\">{\"@context\":\"https:\/\/schema.org\",\"@graph\":[{\"@type\":\"Article\",\"@id\":\"https:\/\/www.pressenza.com\/fr\/2025\/09\/le-mexique-et-ses-matieres-premieres-partie-i\/#article\",\"isPartOf\":{\"@id\":\"https:\/\/www.pressenza.com\/fr\/2025\/09\/le-mexique-et-ses-matieres-premieres-partie-i\/\"},\"author\":{\"name\":\"Mauricio Herrera Kahn\",\"@id\":\"https:\/\/www.pressenza.com\/fr\/#\/schema\/person\/1d64caef2c28d4b0cae6de277a77d314\"},\"headline\":\"Le Mexique et ses mati\u00e8res premi\u00e8res \u2013 Partie I : De 1500 \u00e0 1700\",\"datePublished\":\"2025-09-30T16:39:48+00:00\",\"dateModified\":\"2025-10-11T07:26:42+00:00\",\"mainEntityOfPage\":{\"@id\":\"https:\/\/www.pressenza.com\/fr\/2025\/09\/le-mexique-et-ses-matieres-premieres-partie-i\/\"},\"wordCount\":2820,\"publisher\":{\"@id\":\"https:\/\/www.pressenza.com\/fr\/#organization\"},\"image\":{\"@id\":\"https:\/\/www.pressenza.com\/fr\/2025\/09\/le-mexique-et-ses-matieres-premieres-partie-i\/#primaryimage\"},\"thumbnailUrl\":\"https:\/\/www.pressenza.com\/wp-content\/uploads\/2025\/09\/El_templo_mayor_en_Tenochtitlan.png\",\"keywords\":[\"colonialisme\",\"Mexique\",\"Mexique mati\u00e8res premi\u00e8res\",\"Ressources Naturelles\",\"S\u00e9rie Mati\u00e8res premi\u00e8res\"],\"articleSection\":[\"Am\u00e9rique du Nord\",\"Contenu Original\",\"Economie\",\"Peuples originaires\"],\"inLanguage\":\"fr-FR\"},{\"@type\":\"WebPage\",\"@id\":\"https:\/\/www.pressenza.com\/fr\/2025\/09\/le-mexique-et-ses-matieres-premieres-partie-i\/\",\"url\":\"https:\/\/www.pressenza.com\/fr\/2025\/09\/le-mexique-et-ses-matieres-premieres-partie-i\/\",\"name\":\"Le Mexique et ses mati\u00e8res premi\u00e8res \u2013 Partie I : De 1500 \u00e0 1700\",\"isPartOf\":{\"@id\":\"https:\/\/www.pressenza.com\/fr\/#website\"},\"primaryImageOfPage\":{\"@id\":\"https:\/\/www.pressenza.com\/fr\/2025\/09\/le-mexique-et-ses-matieres-premieres-partie-i\/#primaryimage\"},\"image\":{\"@id\":\"https:\/\/www.pressenza.com\/fr\/2025\/09\/le-mexique-et-ses-matieres-premieres-partie-i\/#primaryimage\"},\"thumbnailUrl\":\"https:\/\/www.pressenza.com\/wp-content\/uploads\/2025\/09\/El_templo_mayor_en_Tenochtitlan.png\",\"datePublished\":\"2025-09-30T16:39:48+00:00\",\"dateModified\":\"2025-10-11T07:26:42+00:00\",\"description\":\"Le Mexique a tout, sauf le contr\u00f4le. Ses ressources sont de l'or pour les autres, une mis\u00e8re pour les siens. Hier, ils le pillaient \u00e0 coups de croix,\",\"breadcrumb\":{\"@id\":\"https:\/\/www.pressenza.com\/fr\/2025\/09\/le-mexique-et-ses-matieres-premieres-partie-i\/#breadcrumb\"},\"inLanguage\":\"fr-FR\",\"potentialAction\":[{\"@type\":\"ReadAction\",\"target\":[\"https:\/\/www.pressenza.com\/fr\/2025\/09\/le-mexique-et-ses-matieres-premieres-partie-i\/\"]}]},{\"@type\":\"ImageObject\",\"inLanguage\":\"fr-FR\",\"@id\":\"https:\/\/www.pressenza.com\/fr\/2025\/09\/le-mexique-et-ses-matieres-premieres-partie-i\/#primaryimage\",\"url\":\"https:\/\/www.pressenza.com\/wp-content\/uploads\/2025\/09\/El_templo_mayor_en_Tenochtitlan.png\",\"contentUrl\":\"https:\/\/www.pressenza.com\/wp-content\/uploads\/2025\/09\/El_templo_mayor_en_Tenochtitlan.png\",\"width\":820,\"height\":546},{\"@type\":\"BreadcrumbList\",\"@id\":\"https:\/\/www.pressenza.com\/fr\/2025\/09\/le-mexique-et-ses-matieres-premieres-partie-i\/#breadcrumb\",\"itemListElement\":[{\"@type\":\"ListItem\",\"position\":1,\"name\":\"Accueil\",\"item\":\"https:\/\/www.pressenza.com\/fr\/\"},{\"@type\":\"ListItem\",\"position\":2,\"name\":\"Le Mexique et ses mati\u00e8res premi\u00e8res \u2013 Partie I : De 1500 \u00e0 1700\"}]},{\"@type\":\"WebSite\",\"@id\":\"https:\/\/www.pressenza.com\/fr\/#website\",\"url\":\"https:\/\/www.pressenza.com\/fr\/\",\"name\":\"Pressenza\",\"description\":\"International Press Agency\",\"publisher\":{\"@id\":\"https:\/\/www.pressenza.com\/fr\/#organization\"},\"potentialAction\":[{\"@type\":\"SearchAction\",\"target\":{\"@type\":\"EntryPoint\",\"urlTemplate\":\"https:\/\/www.pressenza.com\/fr\/?s={search_term_string}\"},\"query-input\":{\"@type\":\"PropertyValueSpecification\",\"valueRequired\":true,\"valueName\":\"search_term_string\"}}],\"inLanguage\":\"fr-FR\"},{\"@type\":\"Organization\",\"@id\":\"https:\/\/www.pressenza.com\/fr\/#organization\",\"name\":\"Pressenza\",\"url\":\"https:\/\/www.pressenza.com\/fr\/\",\"logo\":{\"@type\":\"ImageObject\",\"inLanguage\":\"fr-FR\",\"@id\":\"https:\/\/www.pressenza.com\/fr\/#\/schema\/logo\/image\/\",\"url\":\"https:\/\/www.pressenza.com\/wp-content\/uploads\/2022\/10\/pressenza_logo_200x200.jpg\",\"contentUrl\":\"https:\/\/www.pressenza.com\/wp-content\/uploads\/2022\/10\/pressenza_logo_200x200.jpg\",\"width\":200,\"height\":200,\"caption\":\"Pressenza\"},\"image\":{\"@id\":\"https:\/\/www.pressenza.com\/fr\/#\/schema\/logo\/image\/\"},\"sameAs\":[\"https:\/\/www.facebook.com\/PressenzaItalia\",\"https:\/\/x.com\/PressenzaIPA\"]},{\"@type\":\"Person\",\"@id\":\"https:\/\/www.pressenza.com\/fr\/#\/schema\/person\/1d64caef2c28d4b0cae6de277a77d314\",\"name\":\"Mauricio Herrera Kahn\",\"description\":\"Mauricio Herrera Kahn, Mechanical Engineer graduated from the Technical University of Ecuador (UTE) in 1975, with more than 45 years of experience in the mining engineering and project development sector. He has held positions such as General Manager, Project Manager, and Head of Engineering at national and international companies, where he led studies and project execution under the EPCM (Engineering, Procurement, and Construction Management) model. He is currently General Manager at HyB Ingenieros, developing studies and analyses of new plants and processes with Capex and Opex at the engineering profile level. For several years, he has been writing articles and columns on national and international social, political, and economic analysis.\",\"url\":\"https:\/\/www.pressenza.com\/fr\/author\/mauricio-herrera-kahn\/\"}]}<\/script>\n<!-- \/ Yoast SEO plugin. -->","yoast_head_json":{"title":"Le Mexique et ses mati\u00e8res premi\u00e8res \u2013 Partie I : De 1500 \u00e0 1700","description":"Le Mexique a tout, sauf le contr\u00f4le. Ses ressources sont de l'or pour les autres, une mis\u00e8re pour les siens. Hier, ils le pillaient \u00e0 coups de croix,","robots":{"index":"index","follow":"follow","max-snippet":"max-snippet:-1","max-image-preview":"max-image-preview:large","max-video-preview":"max-video-preview:-1"},"canonical":"https:\/\/www.pressenza.com\/fr\/2025\/09\/le-mexique-et-ses-matieres-premieres-partie-i\/","og_locale":"fr_FR","og_type":"article","og_title":"Le Mexique et ses mati\u00e8res premi\u00e8res \u2013 Partie I : De 1500 \u00e0 1700","og_description":"Le Mexique a tout, sauf le contr\u00f4le. Ses ressources sont de l'or pour les autres, une mis\u00e8re pour les siens. Hier, ils le pillaient \u00e0 coups de croix,","og_url":"https:\/\/www.pressenza.com\/fr\/2025\/09\/le-mexique-et-ses-matieres-premieres-partie-i\/","og_site_name":"Pressenza","article_publisher":"https:\/\/www.facebook.com\/PressenzaItalia","article_published_time":"2025-09-30T16:39:48+00:00","article_modified_time":"2025-10-11T07:26:42+00:00","og_image":[{"width":820,"height":546,"url":"https:\/\/www.pressenza.com\/wp-content\/uploads\/2025\/09\/El_templo_mayor_en_Tenochtitlan.png","type":"image\/png"}],"author":"Mauricio Herrera Kahn","twitter_card":"summary_large_image","twitter_creator":"@PressenzaIPA","twitter_site":"@PressenzaIPA","twitter_misc":{"\u00c9crit par":"Mauricio Herrera Kahn","Dur\u00e9e de lecture estim\u00e9e":"13 minutes"},"schema":{"@context":"https:\/\/schema.org","@graph":[{"@type":"Article","@id":"https:\/\/www.pressenza.com\/fr\/2025\/09\/le-mexique-et-ses-matieres-premieres-partie-i\/#article","isPartOf":{"@id":"https:\/\/www.pressenza.com\/fr\/2025\/09\/le-mexique-et-ses-matieres-premieres-partie-i\/"},"author":{"name":"Mauricio Herrera Kahn","@id":"https:\/\/www.pressenza.com\/fr\/#\/schema\/person\/1d64caef2c28d4b0cae6de277a77d314"},"headline":"Le Mexique et ses mati\u00e8res premi\u00e8res \u2013 Partie I : De 1500 \u00e0 1700","datePublished":"2025-09-30T16:39:48+00:00","dateModified":"2025-10-11T07:26:42+00:00","mainEntityOfPage":{"@id":"https:\/\/www.pressenza.com\/fr\/2025\/09\/le-mexique-et-ses-matieres-premieres-partie-i\/"},"wordCount":2820,"publisher":{"@id":"https:\/\/www.pressenza.com\/fr\/#organization"},"image":{"@id":"https:\/\/www.pressenza.com\/fr\/2025\/09\/le-mexique-et-ses-matieres-premieres-partie-i\/#primaryimage"},"thumbnailUrl":"https:\/\/www.pressenza.com\/wp-content\/uploads\/2025\/09\/El_templo_mayor_en_Tenochtitlan.png","keywords":["colonialisme","Mexique","Mexique mati\u00e8res premi\u00e8res","Ressources Naturelles","S\u00e9rie Mati\u00e8res premi\u00e8res"],"articleSection":["Am\u00e9rique du Nord","Contenu Original","Economie","Peuples originaires"],"inLanguage":"fr-FR"},{"@type":"WebPage","@id":"https:\/\/www.pressenza.com\/fr\/2025\/09\/le-mexique-et-ses-matieres-premieres-partie-i\/","url":"https:\/\/www.pressenza.com\/fr\/2025\/09\/le-mexique-et-ses-matieres-premieres-partie-i\/","name":"Le Mexique et ses mati\u00e8res premi\u00e8res \u2013 Partie I : De 1500 \u00e0 1700","isPartOf":{"@id":"https:\/\/www.pressenza.com\/fr\/#website"},"primaryImageOfPage":{"@id":"https:\/\/www.pressenza.com\/fr\/2025\/09\/le-mexique-et-ses-matieres-premieres-partie-i\/#primaryimage"},"image":{"@id":"https:\/\/www.pressenza.com\/fr\/2025\/09\/le-mexique-et-ses-matieres-premieres-partie-i\/#primaryimage"},"thumbnailUrl":"https:\/\/www.pressenza.com\/wp-content\/uploads\/2025\/09\/El_templo_mayor_en_Tenochtitlan.png","datePublished":"2025-09-30T16:39:48+00:00","dateModified":"2025-10-11T07:26:42+00:00","description":"Le Mexique a tout, sauf le contr\u00f4le. Ses ressources sont de l'or pour les autres, une mis\u00e8re pour les siens. Hier, ils le pillaient \u00e0 coups de croix,","breadcrumb":{"@id":"https:\/\/www.pressenza.com\/fr\/2025\/09\/le-mexique-et-ses-matieres-premieres-partie-i\/#breadcrumb"},"inLanguage":"fr-FR","potentialAction":[{"@type":"ReadAction","target":["https:\/\/www.pressenza.com\/fr\/2025\/09\/le-mexique-et-ses-matieres-premieres-partie-i\/"]}]},{"@type":"ImageObject","inLanguage":"fr-FR","@id":"https:\/\/www.pressenza.com\/fr\/2025\/09\/le-mexique-et-ses-matieres-premieres-partie-i\/#primaryimage","url":"https:\/\/www.pressenza.com\/wp-content\/uploads\/2025\/09\/El_templo_mayor_en_Tenochtitlan.png","contentUrl":"https:\/\/www.pressenza.com\/wp-content\/uploads\/2025\/09\/El_templo_mayor_en_Tenochtitlan.png","width":820,"height":546},{"@type":"BreadcrumbList","@id":"https:\/\/www.pressenza.com\/fr\/2025\/09\/le-mexique-et-ses-matieres-premieres-partie-i\/#breadcrumb","itemListElement":[{"@type":"ListItem","position":1,"name":"Accueil","item":"https:\/\/www.pressenza.com\/fr\/"},{"@type":"ListItem","position":2,"name":"Le Mexique et ses mati\u00e8res premi\u00e8res \u2013 Partie I : De 1500 \u00e0 1700"}]},{"@type":"WebSite","@id":"https:\/\/www.pressenza.com\/fr\/#website","url":"https:\/\/www.pressenza.com\/fr\/","name":"Pressenza","description":"International Press Agency","publisher":{"@id":"https:\/\/www.pressenza.com\/fr\/#organization"},"potentialAction":[{"@type":"SearchAction","target":{"@type":"EntryPoint","urlTemplate":"https:\/\/www.pressenza.com\/fr\/?s={search_term_string}"},"query-input":{"@type":"PropertyValueSpecification","valueRequired":true,"valueName":"search_term_string"}}],"inLanguage":"fr-FR"},{"@type":"Organization","@id":"https:\/\/www.pressenza.com\/fr\/#organization","name":"Pressenza","url":"https:\/\/www.pressenza.com\/fr\/","logo":{"@type":"ImageObject","inLanguage":"fr-FR","@id":"https:\/\/www.pressenza.com\/fr\/#\/schema\/logo\/image\/","url":"https:\/\/www.pressenza.com\/wp-content\/uploads\/2022\/10\/pressenza_logo_200x200.jpg","contentUrl":"https:\/\/www.pressenza.com\/wp-content\/uploads\/2022\/10\/pressenza_logo_200x200.jpg","width":200,"height":200,"caption":"Pressenza"},"image":{"@id":"https:\/\/www.pressenza.com\/fr\/#\/schema\/logo\/image\/"},"sameAs":["https:\/\/www.facebook.com\/PressenzaItalia","https:\/\/x.com\/PressenzaIPA"]},{"@type":"Person","@id":"https:\/\/www.pressenza.com\/fr\/#\/schema\/person\/1d64caef2c28d4b0cae6de277a77d314","name":"Mauricio Herrera Kahn","description":"Mauricio Herrera Kahn, Mechanical Engineer graduated from the Technical University of Ecuador (UTE) in 1975, with more than 45 years of experience in the mining engineering and project development sector. He has held positions such as General Manager, Project Manager, and Head of Engineering at national and international companies, where he led studies and project execution under the EPCM (Engineering, Procurement, and Construction Management) model. He is currently General Manager at HyB Ingenieros, developing studies and analyses of new plants and processes with Capex and Opex at the engineering profile level. For several years, he has been writing articles and columns on national and international social, political, and economic analysis.","url":"https:\/\/www.pressenza.com\/fr\/author\/mauricio-herrera-kahn\/"}]}},"place":"Santiago du Chili","original_article_url":"","_links":{"self":[{"href":"https:\/\/www.pressenza.com\/fr\/wp-json\/wp\/v2\/posts\/2640293","targetHints":{"allow":["GET"]}}],"collection":[{"href":"https:\/\/www.pressenza.com\/fr\/wp-json\/wp\/v2\/posts"}],"about":[{"href":"https:\/\/www.pressenza.com\/fr\/wp-json\/wp\/v2\/types\/post"}],"author":[{"embeddable":true,"href":"https:\/\/www.pressenza.com\/fr\/wp-json\/wp\/v2\/users\/2493"}],"replies":[{"embeddable":true,"href":"https:\/\/www.pressenza.com\/fr\/wp-json\/wp\/v2\/comments?post=2640293"}],"version-history":[{"count":5,"href":"https:\/\/www.pressenza.com\/fr\/wp-json\/wp\/v2\/posts\/2640293\/revisions"}],"predecessor-version":[{"id":2644046,"href":"https:\/\/www.pressenza.com\/fr\/wp-json\/wp\/v2\/posts\/2640293\/revisions\/2644046"}],"wp:featuredmedia":[{"embeddable":true,"href":"https:\/\/www.pressenza.com\/fr\/wp-json\/wp\/v2\/media\/2640296"}],"wp:attachment":[{"href":"https:\/\/www.pressenza.com\/fr\/wp-json\/wp\/v2\/media?parent=2640293"}],"wp:term":[{"taxonomy":"category","embeddable":true,"href":"https:\/\/www.pressenza.com\/fr\/wp-json\/wp\/v2\/categories?post=2640293"},{"taxonomy":"post_tag","embeddable":true,"href":"https:\/\/www.pressenza.com\/fr\/wp-json\/wp\/v2\/tags?post=2640293"}],"curies":[{"name":"wp","href":"https:\/\/api.w.org\/{rel}","templated":true}]}}