{"id":2639243,"date":"2025-09-26T19:35:47","date_gmt":"2025-09-26T18:35:47","guid":{"rendered":"https:\/\/www.pressenza.com\/?p=2639243"},"modified":"2025-09-26T19:35:47","modified_gmt":"2025-09-26T18:35:47","slug":"les-caraibes-pillees-partie-ii","status":"publish","type":"post","link":"https:\/\/www.pressenza.com\/fr\/2025\/09\/les-caraibes-pillees-partie-ii\/","title":{"rendered":"Les Cara\u00efbes pill\u00e9es \u2013 Partie II"},"content":{"rendered":"<blockquote><p><span dir=\"auto\">Ils sont venus pour le sucre, ils ont pris l&rsquo;or, ils ont laiss\u00e9 des cha\u00eenes<\/span><\/p><\/blockquote>\n<p><strong><span dir=\"auto\">Les Cara\u00efbes n\u2019\u00e9taient pas une escale, c\u2019\u00e9tait une richesse<\/span><\/strong><\/p>\n<p><span dir=\"auto\">Ce que nous avons racont\u00e9 dans la <a href=\"https:\/\/www.pressenza.com\/fr\/2025\/09\/les-caraibes-pillees-partie-i\/\">premi\u00e8re partie<\/a>, ce sont les origines brutales du pillage. Conqu\u00eate, esclavage, or vol\u00e9, sucre sanguinaire et pillage colonial ont jet\u00e9 les bases d&rsquo;un mod\u00e8le \u00e9conomique qui ne fut jamais d\u00e9mantel\u00e9. Les empires recul\u00e8rent, les drapeaux chang\u00e8rent, mais le pillage continua, ne faisant que muter. Il passa du galion \u00e0 la banque, du propri\u00e9taire d&rsquo;esclaves \u00e0 l&rsquo;entrepreneur, de l&rsquo;<em>encomienda<\/em> au contrat de zone franche. Ainsi, les Cara\u00efbes entr\u00e8rent dans le XXe si\u00e8cle non pas comme une r\u00e9gion libre, mais comme un laboratoire du pillage moderne.<\/span><\/p>\n<p><span dir=\"auto\"><span class=\"\" dir=\"auto\">Cette deuxi\u00e8me partie ne traite pas de galions, mais de grandes entreprises. Non pas de vice-rois, mais de dictateurs nomm\u00e9s par les ambassades. Nous verrons ici comment les Cara\u00efbes ont \u00e9t\u00e9 transform\u00e9es en paradis fiscal, en station touristique sans \u00e2me, en fronti\u00e8re militaris\u00e9e, en zone de sacrifice environnemental. Comment les \u00e9conomies paysannes ont \u00e9t\u00e9 d\u00e9truites, les mouvements sociaux r\u00e9prim\u00e9s, l&rsquo;argent blanchi \u00e0 l&rsquo;\u00e9chelle mondiale et la pauvret\u00e9 prot\u00e9g\u00e9e par des trait\u00e9s internationaux. C&rsquo;est l&rsquo;autre face du pillage, la plus r\u00e9cente et aussi la plus invisible.<\/span><\/span><\/p>\n<p><strong><span dir=\"auto\">1900\u20131950<\/span><\/strong><br \/>\n<span dir=\"auto\"> Le si\u00e8cle des soci\u00e9t\u00e9s et la g\u00e9opolitique des Cara\u00efbes<\/span><\/p>\n<p><span dir=\"auto\"><span class=\"\" dir=\"auto\">La premi\u00e8re moiti\u00e9 du XXe si\u00e8cle n&rsquo;a pas apport\u00e9 l&rsquo;ind\u00e9pendance \u00e9conomique\u00a0; c&rsquo;\u00e9tait une \u00e9poque o\u00f9 les puissances \u00e9trang\u00e8res, en particulier les \u00c9tats-Unis, ont fait des Cara\u00efbes leur pr\u00e9 carr\u00e9. Les compagnies banani\u00e8res, sucri\u00e8res et mini\u00e8res en ont pris le contr\u00f4le, soutenues par la marine, les canonni\u00e8res et des trait\u00e9s in\u00e9gaux. L&rsquo;or n&rsquo;\u00e9tait plus le seul butin, mais il continuait d&rsquo;affluer en petites quantit\u00e9s, tandis que d&rsquo;autres formes de pillage prenaient le dessus.<\/span><\/span><\/p>\n<p><span dir=\"auto\">\u00c0 Cuba, apr\u00e8s l&rsquo;intervention \u00e9tasunienne de 1898 et l&rsquo;amendement Platt de 1901, l&rsquo;\u00eele resta li\u00e9e \u00e0 Washington. Entre 1900 et 1950, quelque 7 tonnes d&rsquo;or furent extraites des gisements d&rsquo;Oriente et de Pinar del R\u00edo, pour une valeur estim\u00e9e \u00e0 490 millions de dollars actuels. Mais l&rsquo;activit\u00e9 principale restait le sucre : plus de 70 % de la production sucri\u00e8re \u00e9tait aux mains d&rsquo;entreprises USA comme United Fruit et American Sugar Refining. Les richesses quitt\u00e8rent le pays par bateau, tandis que les travailleurs restaient affam\u00e9s.<\/span><\/p>\n<p><span dir=\"auto\">En Ha\u00efti, l&rsquo;occupation USA de 1915 \u00e0 1934 a \u00e9puis\u00e9 ce qui restait du pays. La production d&rsquo;or \u00e9tait insignifiante, mais le pays souffrait d&rsquo;une ponction financi\u00e8re. Les taxes sur le caf\u00e9 et les droits de douane \u00e9taient per\u00e7us par les banques new-yorkaises, qui contr\u00f4laient \u00e9galement la Banque nationale d&rsquo;Ha\u00efti. L&rsquo;\u00e9quivalent de 1,5 milliard de dollars courants de recettes fiscales a disparu sous forme de remboursement de la dette et de frais bancaires.<\/span><\/p>\n<p><span dir=\"auto\">La R\u00e9publique dominicaine, occup\u00e9e par les \u00c9tats-Unis entre 1916 et 1924, accorda des concessions mini\u00e8res \u00e0 des soci\u00e9t\u00e9s \u00e9trang\u00e8res. Pr\u00e8s de 4 tonnes d&rsquo;or furent extraites \u00e0 Cotu\u00ed et S\u00e1nchez Ram\u00edrez entre 1910 et 1945, soit l&rsquo;\u00e9quivalent de 280 millions de dollars actuels. Parall\u00e8lement, la United Fruit Company et Gulf &amp; Western contr\u00f4laient les industries banani\u00e8re et sucri\u00e8re, laissant peu, voire rien, \u00e0 l&rsquo;\u00e9conomie locale.<\/span><\/p>\n<p><span dir=\"auto\">Porto Rico, devenu territoire USA en 1898, servait de base militaire et agricole. L&rsquo;extraction d&rsquo;or fut r\u00e9duite \u00e0 une petite 0,5 tonne, soit une valeur d&rsquo;environ 35 millions de dollars actuels, tandis que le reste de l&rsquo;\u00e9conomie restait aux mains des producteurs de tabac et de canne \u00e0 sucre. Les lois sur le cabotage (la loi Jones) liaient l&rsquo;ensemble de l&rsquo;\u00e9conomie au commerce exclusif avec les \u00c9tats-Unis.<\/span><\/p>\n<p><span dir=\"auto\">La Jama\u00efque, encore colonie britannique, fut exploit\u00e9e par la Crown Corporation et les premiers mineurs de bauxite, qui commenc\u00e8rent leur expansion dans les ann\u00e9es 1940. L&rsquo;or \u00e9tait presque symbolique \u2013 seulement 0,7 tonne entre 1900 et 1950, pour une valeur de 49 millions de dollars aujourd&rsquo;hui \u2013 tandis que les r\u00e9serves d&rsquo;aluminium \u00e9taient \u00e9valu\u00e9es et pratiquement donn\u00e9es \u00e0 des soci\u00e9t\u00e9s britanniques et \u00e9tasuniennes.<\/span><\/p>\n<p><span dir=\"auto\">\u00c0 cette \u00e9poque, les Cara\u00efbes \u00e9taient un laboratoire de contr\u00f4le des entreprises. Les troupes se retiraient, mais les contrats subsistaient. Les gens poss\u00e9daient leur sueur, et non leur richesse. Et l&rsquo;or, quoique en plus petites quantit\u00e9s, continuait de traverser l&rsquo;Atlantique dans des coffres discrets.<\/span><\/p>\n<p><strong><span dir=\"auto\">1950 \u00e0 aujourd&rsquo;hui :<\/span><\/strong><br \/>\n<span dir=\"auto\"> Tourisme, dette, paradis fiscaux et pillage avec le sourire<\/span><\/p>\n<p><span dir=\"auto\">Les Cara\u00efbes n&rsquo;ont pas \u00e9t\u00e9 lib\u00e9r\u00e9es, elles ont \u00e9t\u00e9 remodel\u00e9es. Il n&rsquo;\u00e9tait plus n\u00e9cessaire de les occuper avec des soldats si elles pouvaient \u00eatre contr\u00f4l\u00e9es par des banques, des navires de croisi\u00e8re, une dette ext\u00e9rieure, des accords commerciaux et les services de conseil du FMI. Les r\u00e9publiques ind\u00e9pendantes sont devenues des r\u00e9publiques d\u00e9pendantes. Le pillage a chang\u00e9 de forme, mais pas de finalit\u00e9. Et l&rsquo;or a continu\u00e9 d&rsquo;affluer, d\u00e9sormais dans le cadre de m\u00e9gaprojets miniers, souvent \u00e0 l&rsquo;abri des m\u00e9dias et des archives publiques.<\/span><\/p>\n<p><span dir=\"auto\">Apr\u00e8s la r\u00e9volution de 1959, Cuba a nationalis\u00e9 toutes ses ressources et expuls\u00e9 les entreprises USA. L&rsquo;or a cess\u00e9 de sortir, mais le blocus est arriv\u00e9. Entre 1960 et 2020, Cuba a perdu plus de 144 milliards de dollars de revenus potentiels en raison des restrictions commerciales impos\u00e9es par les \u00c9tats-Unis, selon l&rsquo;ONU. L&rsquo;or n&rsquo;\u00e9tait pas transport\u00e9 sous forme de lingots ; il \u00e9tait bloqu\u00e9 dans les ports, les comptes, les brevets et les denr\u00e9es alimentaires.<\/span><\/p>\n<p><span dir=\"auto\">Ha\u00efti, d\u00e9vast\u00e9e par les dictatures, les tremblements de terre et les missions \u00e9trang\u00e8res, est devenue une exp\u00e9rience d&rsquo;intervention humanitaire. Depuis 1950, au moins huit tonnes d&rsquo;or ont \u00e9t\u00e9 extraites dans des projets comme celui de Morne Bossa, gr\u00e2ce \u00e0 des contrats opaques qui laissaient moins de 2 % \u00e0 l&rsquo;\u00c9tat. On estime que plus de 520 millions de dollars actuels ont \u00e9t\u00e9 vol\u00e9s dans ce seul secteur. Mais le principal vol a \u00e9t\u00e9 la dette\u00a0: entre 1970 et 2020, Ha\u00efti a vers\u00e9 plus de deux milliards de dollars \u00e0 des banques internationales pour des pr\u00eats qui n&rsquo;ont jamais \u00e9t\u00e9 convertis en \u00e9coles ou en h\u00f4pitaux.<\/span><\/p>\n<p><span dir=\"auto\">La R\u00e9publique dominicaine a connu un essor touristique et minier. Depuis 1970, la mine de Pueblo Viejo est devenue l&rsquo;une des plus importantes sources d&rsquo;or de l&rsquo;h\u00e9misph\u00e8re. Barrick Gold et d&rsquo;autres entreprises ont extrait plus de 160 tonnes d&rsquo;or, pour une valeur de plus de 10,4 milliards de dollars actuels. L&rsquo;\u00c9tat n&rsquo;en a capt\u00e9 qu&rsquo;une fraction, gr\u00e2ce \u00e0 des contrats sign\u00e9s pendant la dictature et ratifi\u00e9s par des gouvernements d\u00e9mocratiques. \u00c0 cela s&rsquo;ajoute l&rsquo;industrie touristique qui a enrichi les cha\u00eenes h\u00f4teli\u00e8res espagnoles, USA et canadiennes, mais a laiss\u00e9 des salaires minimes et privatis\u00e9 les c\u00f4tes.<\/span><\/p>\n<p><span dir=\"auto\">Porto Rico n&rsquo;a pas r\u00e9ussi \u00e0 \u00e9chapper \u00e0 son statut colonial. Le pays a souffert d&rsquo;une crise de la dette impayable, avec une faillite technique d\u00e9clar\u00e9e en 2015. L&rsquo;or a pratiquement disparu de son sous-sol, mais a r\u00e9apparu sous forme d&rsquo;\u00e9vasion fiscale\u00a0: plus de 35 milliards de dollars d&rsquo;exon\u00e9rations fiscales ont \u00e9t\u00e9 accord\u00e9s aux soci\u00e9t\u00e9s pharmaceutiques, aux entreprises technologiques et aux fonds d&rsquo;investissement. Un pillage silencieux d\u00e9guis\u00e9 en incitations, le tout sous administration f\u00e9d\u00e9rale.<\/span><\/p>\n<p><span dir=\"auto\">La Jama\u00efque a d\u00e9velopp\u00e9 son industrie mini\u00e8re de bauxite, mais sans contr\u00f4ler les prix ni les entreprises. Entre 1950 et 2020, plus de 20 millions de tonnes d&rsquo;or ont \u00e9t\u00e9 extraites, concentr\u00e9es au cours des 30 derni\u00e8res ann\u00e9es, pour une valeur d\u00e9passant 1,3 milliard de dollars actuels. Mais la grande richesse r\u00e9sidait dans la bauxite\u00a0: plus de 80 millions de tonnes, trait\u00e9es par Alcoa, Kaiser et d&rsquo;autres entreprises, ont g\u00e9n\u00e9r\u00e9 plus de 20 milliards de dollars de revenus bruts, dont la Jama\u00efque n&rsquo;a per\u00e7u que 10\u00a0%. L&rsquo;exploitation mini\u00e8re a laiss\u00e9 des mines, des dettes et des populations d\u00e9plac\u00e9es.<\/span><\/p>\n<p><strong><span dir=\"auto\">Les chiffres du pillage et de l&rsquo;extermination<\/span><\/strong><\/p>\n<p><span dir=\"auto\">1) Avant 1500\u00a0: <\/span><br \/>\n<span dir=\"auto\"> Avant l\u2019arriv\u00e9e de Colomb, les Cara\u00efbes \u00e9taient habit\u00e9es par au moins 5 \u00e0 6\u00a0millions d\u2019autochtones, appartenant aux cultures ta\u00efno, arawak, cara\u00efbe, ciguayo et lucayenne. Les principales mati\u00e8res premi\u00e8res extraites par les peuples autochtones \u00e9taient le coton, le tabac, le manioc, le sel marin, les perles, les poissons d\u2019ornement et l\u2019or alluvionnaire, mais \u00e0 une \u00e9chelle locale et durable. Le concept d\u2019extraction massive ou d\u2019exportation industrielle n\u2019existait pas. L\u2019or \u00e9tait utilis\u00e9 pour les ornements c\u00e9r\u00e9moniels. On estime qu\u2019au total, au cours des si\u00e8cles pr\u00e9c\u00e9dant 1500, pas plus de 10\u00a0tonnes d\u2019or ont \u00e9t\u00e9 extraites des rivi\u00e8res et des plages des Cara\u00efbes, pour une valeur estim\u00e9e \u00e0 700\u00a0millions de dollars actuels. Il n\u2019y avait pas de pillage ext\u00e9rieur, mais une civilisation vivante existait.<\/span><\/p>\n<p><span dir=\"auto\">Avant 1500, la population autochtone comptait entre 5 et 6 millions d&rsquo;habitants. En 1500, elle \u00e9tait intacte. Le g\u00e9nocide n&rsquo;avait pas encore commenc\u00e9.<\/span><\/p>\n<p><span dir=\"auto\">2) 1500 \u00e0 1600 <\/span><br \/>\n<span dir=\"auto\"> Au cours du premier si\u00e8cle de la colonisation espagnole, l&rsquo;or \u00e9tait l&rsquo;objectif principal. On estime que plus de 120 tonnes d&rsquo;or ont \u00e9t\u00e9 extraites des principales \u00eeles (Hispaniola, Cuba, Porto Rico et Jama\u00efque) gr\u00e2ce au battage fluvial et \u00e0 l&rsquo;esclavage des autochtones, pour une valeur estim\u00e9e \u00e0 8,4 milliards de dollars actuels. Entre 20\u00a0000 et 30\u00a0000 tonnes de coton, 500 tonnes de perles de Cubagua et de Margarita et au moins 2\u00a0000 tonnes de bois tropical ont \u00e9galement \u00e9t\u00e9 export\u00e9es. Ce fut l&rsquo;\u00e9tape la plus brutale de l&rsquo;extermination. <\/span><br \/>\n<span dir=\"auto\"> 90 % des peuples autochtones des Cara\u00efbes ont \u00e9t\u00e9 tu\u00e9s, r\u00e9duits en esclavage ou sont morts de maladie. <\/span><br \/>\n<span dir=\"auto\"> De 5 \u00e0 6 millions d&rsquo;habitants, il en restait moins de 500\u00a0000 en 1600.<\/span><\/p>\n<p><span dir=\"auto\">3) 1600 \u00e0 1700 <\/span><br \/>\n<span dir=\"auto\"> Avec la quasi-extinction des peuples autochtones, les Cara\u00efbes sont devenues une zone d&rsquo;esclavage et d&rsquo;exploitation agricole. On estime qu&rsquo;au moins 300\u00a0000 Africains ont \u00e9t\u00e9 r\u00e9duits en esclavage dans les Cara\u00efbes au cours de ce si\u00e8cle. Les exportations de mati\u00e8res premi\u00e8res comprenaient\u00a0: 200\u00a0000 tonnes de sucre, 80\u00a0000 tonnes de tabac, 40\u00a0000 tonnes de coton, 6\u00a0000 tonnes d&rsquo;indigo, ainsi que du bois tropical et de l&rsquo;acajou d&rsquo;une valeur de plus de 100\u00a0000 tonnes, pour une valeur combin\u00e9e d\u00e9passant 21 milliards de dollars actuels. <\/span><br \/>\n<span dir=\"auto\"> La population autochtone a \u00e9t\u00e9 r\u00e9duite \u00e0 des zones marginales ou a compl\u00e8tement disparu sur de nombreuses \u00eeles. En 1700, moins de 100\u00a0000 autochtones survivaient dans l&rsquo;ensemble des Cara\u00efbes.<\/span><\/p>\n<p><span dir=\"auto\"><span class=\"\" dir=\"auto\">4) 1700 \u00e0 1800 <\/span><\/span><br \/>\n<span dir=\"auto\"><span class=\"\" dir=\"auto\">Le si\u00e8cle de l&rsquo;apog\u00e9e de l&rsquo;esclavage. Plus de 1,5 million d&rsquo;Africains furent import\u00e9s dans les Cara\u00efbes comme main-d&rsquo;\u0153uvre pour les plantations sucri\u00e8res. Exportations : plus de 1 500 000 tonnes de sucre, 200 000 tonnes de tabac, 60 000 tonnes de caf\u00e9, 50 000 tonnes de coton et plus de 200 000 tonnes de bois durs et d&rsquo;acajou, pour une valeur \u00e9conomique estim\u00e9e \u00e0 plus de 75 milliards de dollars actuels. <\/span><\/span><br \/>\n<span dir=\"auto\"><span class=\"\" dir=\"auto\"> La population autochtone fut r\u00e9duite \u00e0 moins de 0,5\u00a0% du total des \u00eeles. En Ha\u00efti, en Jama\u00efque et \u00e0 la Barbade, les peuples autochtones \u00e9taient consid\u00e9r\u00e9s comme \u00e9teints lors des recensements coloniaux.<\/span><\/span><\/p>\n<p><span dir=\"auto\">5) 1800 \u00e0 1900 <\/span><br \/>\n<span dir=\"auto\"> Avec l&rsquo;abolition progressive de l&rsquo;esclavage, la situation changea, mais le pillage continua. On estime que les \u00eeles export\u00e8rent 2 millions de tonnes de sucre, 300\u00a0000 tonnes de rhum, 100\u00a0000 tonnes de caf\u00e9, 120\u00a0000 tonnes de fruits tropicaux (ananas, bananes, agrumes) et plus de 350\u00a0000 tonnes de bois tropical au cours de ce si\u00e8cle, pour une valeur estim\u00e9e \u00e0 130 milliards de dollars actuels. <\/span><br \/>\n<span dir=\"auto\"> La population indig\u00e8ne fut presque enti\u00e8rement remplac\u00e9e par des Africains r\u00e9duits en esclavage et leurs descendants. Peuples indig\u00e8nes survivants dans les Cara\u00efbes insulaires\u00a0: moins de 10\u00a0000 personnes.<\/span><\/p>\n<p><span dir=\"auto\"><span class=\"\" dir=\"auto\">6) 1900 \u00e0 1950\u00a0: <\/span><\/span><br \/>\n<span dir=\"auto\"><span class=\"\" dir=\"auto\"> P\u00e9riode de contr\u00f4le \u00e9tasunien, de n\u00e9ocolonialisme et d\u2019expansion des compagnies de bananes, de sucre et de transport maritime. Principales exportations : 5 millions de tonnes de sucre, 1 million de tonnes de fruits tropicaux, caf\u00e9 et tabac d\u2019une valeur de plus de 400 000 tonnes, plus de la bauxite en Jama\u00efque (depuis 1940) et du mangan\u00e8se \u00e0 Cuba, le tout pour une valeur estim\u00e9e \u00e0 plus de 180 milliards de dollars actuels. Les Cara\u00efbes sont devenues une zone de r\u00e9serve strat\u00e9gique pour les \u00c9tats-Unis et l\u2019Europe. <\/span><\/span><br \/>\n<span dir=\"auto\"><span class=\"\" dir=\"auto\"> La population autochtone \u00e9tait d\u00e9sormais symbolique\u00a0: certains groupes ont surv\u00e9cu \u00e0 la Dominique, \u00e0 Sainte-Lucie et dans certaines parties des Cara\u00efbes continentales. Total\u00a0: moins de 5\u00a0000 personnes officiellement reconnues comme autochtones.<\/span><\/span><\/p>\n<p><span dir=\"auto\">7) De 1950 \u00e0 nos jours <\/span><br \/>\n<span dir=\"auto\">Les 75 derni\u00e8res ann\u00e9es ont \u00e9t\u00e9 marqu\u00e9es par le tourisme, l&rsquo;exploitation mini\u00e8re, l&rsquo;endettement et l&rsquo;extractivisme moderne. Exportations cumul\u00e9es : plus de 12 millions de tonnes de bauxite (Jama\u00efque, Guyane, Suriname), du p\u00e9trole \u00e0 Trinit\u00e9-et-Tobago, du nickel \u00e0 Cuba et plus de 25 millions de tonnes de sucre, de fruits et de produits agricoles. La valeur totale estim\u00e9e est de 700 milliards de dollars USA en valeur actuelle.<\/span><\/p>\n<p><span dir=\"auto\">Aujourd&rsquo;hui, les r\u00e9serves strat\u00e9giques, les ports, les bases militaires et les routes maritimes restent sous contr\u00f4le \u00e9tranger. La population indig\u00e8ne survit avec moins de 3\u00a0000 personnes officiellement reconnues comme descendantes des Ta\u00efnos ou des Cara\u00efbes, et seulement quelques langues menac\u00e9es d&rsquo;extinction.<\/span><\/p>\n<p><strong><span dir=\"auto\">Les chiffres qu&rsquo;il ne faut jamais oublier et que nous allons r\u00e9p\u00e9ter dans cette chronique<\/span><\/strong><\/p>\n<p><span dir=\"auto\"><span class=\"\" dir=\"auto\">1) Avant 1500 \u2013 Mati\u00e8res premi\u00e8res\u00a0: 10 tonnes d\u2019or c\u00e9r\u00e9moniel. Valeur estim\u00e9e\u00a0: 700 millions de dollars actuels. Population initiale\u00a0: 5 \u00e0 6 millions. Population finale de la p\u00e9riode\u00a0: 5 \u00e0 6 millions (avant le g\u00e9nocide).<\/span><\/span><\/p>\n<p><span dir=\"auto\">2) 1500\u20131600 \u2013 Mati\u00e8res premi\u00e8res\u00a0: 120\u00a0t d\u2019or, 30\u00a0000\u00a0t de coton, 500\u00a0t de perles, 2\u00a0000\u00a0t de bois tropical. Valeur estim\u00e9e\u00a0: 8,4\u00a0milliards de dollars. Population initiale\u00a0: 5 \u00e0 6\u00a0millions. Population finale\u00a0: moins de 500\u00a0000.<\/span><\/p>\n<p><span dir=\"auto\">3) 1600\u20131700 \u2013 Mati\u00e8res premi\u00e8res : 200 000 tonnes de sucre, 80 000 tonnes de tabac, 40 000 tonnes de coton, 6 000 tonnes d\u2019indigo, 100 000 tonnes de bois. Valeur estim\u00e9e : 21 milliards de dollars USA. Population initiale : moins de 500 000 habitants. Population finale : moins de 100 000 habitants.<\/span><\/p>\n<p><span dir=\"auto\">4) 1700\u20131800 \u2013 Mati\u00e8res premi\u00e8res : 1 500 000 tonnes de sucre, 200 000 tonnes de tabac, 60 000 tonnes de caf\u00e9, 50 000 tonnes de coton, 200 000 tonnes de bois durs. Valeur estim\u00e9e : 75 milliards de dollars. Population initiale : moins de 100 000 habitants. Population finale : quasi \u00e9teinte.<\/span><\/p>\n<p><span dir=\"auto\">5) 1800\u20131900 \u2013 Mati\u00e8res premi\u00e8res : 2 000 000 tonnes de sucre, 300 000 tonnes de rhum, 100 000 tonnes de caf\u00e9, 120 000 tonnes de fruits tropicaux, 350 000 tonnes de bois. Valeur estim\u00e9e : 130 milliards de dollars. Population autochtone : moins de 10 000 survivants dispers\u00e9s.<\/span><\/p>\n<p><span dir=\"auto\">6) 1900\u20131950 \u2013 Mati\u00e8res premi\u00e8res : 5 000 000 de tonnes de sucre, 1 000 000 de tonnes de fruits, 400 000 tonnes de caf\u00e9\/tabac, bauxite et mangan\u00e8se (tonnage mineur). Valeur estim\u00e9e : 180 milliards de dollars. Population autochtone : moins de 5 000 personnes reconnues.<\/span><\/p>\n<p><span dir=\"auto\">7) 1950\u20132025 \u2013 Mati\u00e8res premi\u00e8res\u00a0: 12\u00a0000\u00a0000 tonnes de bauxite, p\u00e9trole (chiffre non pr\u00e9cis), 25\u00a0000\u00a0000 tonnes de sucre et fruits. Valeur estim\u00e9e\u00a0: 700 milliards de dollars. Population autochtone\u00a0: moins de 3\u00a0000 personnes officiellement reconnues, la plupart sans langue maternelle vivante.<\/span><\/p>\n<p><strong><span dir=\"auto\">Un continent r\u00e9duit \u00e0 une plantation, un peuple ray\u00e9 de la carte<\/span><\/strong><\/p>\n<p><span dir=\"auto\">Ce n&rsquo;\u00e9tait pas seulement du pillage, c&rsquo;\u00e9tait de l&rsquo;extermination. Avant l&rsquo;arriv\u00e9e des empires europ\u00e9ens, les Cara\u00efbes \u00e9taient une mosa\u00efque de cultures, de langues, de peuples et de croyances qui vivaient de la terre, de la mer et de la m\u00e9moire. En moins d&rsquo;un si\u00e8cle, 90 % de sa population originelle a disparu. Et en moins de cinq si\u00e8cles, toute trace physique, linguistique et spirituelle des millions de personnes qui avaient habit\u00e9 ces \u00eeles pendant des milliers d&rsquo;ann\u00e9es a disparu. L&rsquo;or a \u00e9t\u00e9 vol\u00e9, la for\u00eat tropicale a \u00e9t\u00e9 abattue, la langue a disparu, les dieux ont \u00e9t\u00e9 br\u00fbl\u00e9s, un continent vivant a \u00e9t\u00e9 \u00e9radiqu\u00e9 et remplac\u00e9 par une plantation.<\/span><\/p>\n<p><span dir=\"auto\">Les chiffres ne mentent pas : <\/span><br \/>\n<span dir=\"auto\"> \u2022 Plus de 70 millions de tonnes de mati\u00e8res premi\u00e8res extraites des Cara\u00efbes depuis 1500. <\/span><br \/>\n<span dir=\"auto\"> \u2022 Valeur estim\u00e9e : plus de 1,1 billion de dollars d&rsquo;aujourd&rsquo;hui. <\/span><br \/>\n<span dir=\"auto\"> \u2022 Plus de 2 millions d&rsquo;Africains r\u00e9duits en esclavage et utilis\u00e9s comme machines de production. <\/span><br \/>\n<span dir=\"auto\"> \u2022 Et une population indig\u00e8ne qui est pass\u00e9e de 6 millions \u00e0 moins de 3\u00a0000 survivants officiels. <\/span><br \/>\n<span dir=\"auto\"> Tout cela bien avant Hitler, bien avant les camps de concentration, bien avant Nuremberg. Le g\u00e9nocide des Cara\u00efbes a \u00e9t\u00e9 le premier, il a \u00e9t\u00e9 le mod\u00e8le, et l&rsquo;Europe ne l&rsquo;a jamais jug\u00e9.<\/span><\/p>\n<p><span dir=\"auto\">Les mus\u00e9es se sont remplis, les universit\u00e9s se sont enrichies, les m\u00e9tropoles se sont d\u00e9velopp\u00e9es, et les Cara\u00efbes se sont retrouv\u00e9es pauvres, ravag\u00e9es par le tourisme et endett\u00e9es. Le pillage n&rsquo;appartient pas au pass\u00e9\u00a0; c&rsquo;est le syst\u00e8me. Et il continue d&rsquo;op\u00e9rer, sous de nouvelles banni\u00e8res et de nouveaux contrats.<\/span><\/p>\n<p><span dir=\"auto\">Les Cara\u00efbes modernes sont un paradis pour le capital, pas pour ses habitants. L&rsquo;or continue de s&rsquo;\u00e9couler, d\u00e9sormais plus discr\u00e8tement, transform\u00e9 en comptes offshore, contrats miniers, dettes \u00e9trang\u00e8res et m\u00e9gaprojets touristiques. Et les statistiques montrent que les pays autrefois asservis, pill\u00e9s et d\u00e9poss\u00e9d\u00e9s sont aujourd&rsquo;hui en t\u00eate du classement en mati\u00e8re de pauvret\u00e9, d&rsquo;in\u00e9galit\u00e9s et de d\u00e9pendance. Car lorsque l&rsquo;or cesse de partir par les navires, il commence \u00e0 partir par les salaires.<\/span><\/p>\n<p><span dir=\"auto\">Et quand ils ne prennent pas l\u2019or, ils prennent l\u2019espoir.<\/span><\/p>\n<p>&nbsp;<\/p>\n<p><strong>Voir tous les articles de la S\u00e9rie Mati\u00e8res premi\u00e8res, \u00c9nergie, souverainet\u00e9, pouvoir <\/strong><a href=\"https:\/\/www.pressenza.com\/fr\/tag\/serie-matieres-premieres\/\"><strong>ICI<\/strong><\/a><\/p>\n","protected":false},"excerpt":{"rendered":"<p>Ils sont venus pour le sucre, ils ont pris l&rsquo;or, ils ont laiss\u00e9 des cha\u00eenes Les Cara\u00efbes n\u2019\u00e9taient pas une escale, c\u2019\u00e9tait une richesse Ce que nous avons racont\u00e9 dans la premi\u00e8re partie, ce sont les origines brutales du pillage.&hellip;<\/p>\n","protected":false},"author":2493,"featured_media":2639244,"comment_status":"closed","ping_status":"closed","sticky":false,"template":"","format":"standard","meta":{"footnotes":""},"categories":[88,11386,100],"tags":[4449,1077,143351,2483,141580],"class_list":["post-2639243","post","type-post","status-publish","format-standard","has-post-thumbnail","hentry","category-amerique-centrale","category-contenu-original","category-economie","tag-caraibes","tag-colonialisme","tag-colonialismos","tag-extractivisme","tag-serie-matieres-premieres"],"yoast_head":"<!-- This site is optimized with the Yoast SEO plugin v27.1.1 - https:\/\/yoast.com\/product\/yoast-seo-wordpress\/ -->\n<title>Les Cara\u00efbes pill\u00e9es \u2013 Partie II<\/title>\n<meta name=\"description\" content=\"Ils sont venus pour le sucre, ils ont pris l&#039;or, ils ont laiss\u00e9 des cha\u00eenes Les Cara\u00efbes n\u2019\u00e9taient pas une escale, c\u2019\u00e9tait une richesse Ce que nous avons\" \/>\n<meta name=\"robots\" content=\"index, follow, max-snippet:-1, max-image-preview:large, max-video-preview:-1\" \/>\n<link rel=\"canonical\" href=\"https:\/\/www.pressenza.com\/fr\/2025\/09\/les-caraibes-pillees-partie-ii\/\" \/>\n<meta property=\"og:locale\" content=\"fr_FR\" \/>\n<meta property=\"og:type\" content=\"article\" \/>\n<meta property=\"og:title\" content=\"Les Cara\u00efbes pill\u00e9es \u2013 Partie II\" \/>\n<meta property=\"og:description\" content=\"Ils sont venus pour le sucre, ils ont pris l&#039;or, ils ont laiss\u00e9 des cha\u00eenes Les Cara\u00efbes n\u2019\u00e9taient pas une escale, c\u2019\u00e9tait une richesse Ce que nous avons\" \/>\n<meta property=\"og:url\" content=\"https:\/\/www.pressenza.com\/fr\/2025\/09\/les-caraibes-pillees-partie-ii\/\" \/>\n<meta property=\"og:site_name\" content=\"Pressenza\" \/>\n<meta property=\"article:publisher\" content=\"https:\/\/www.facebook.com\/PressenzaItalia\" \/>\n<meta property=\"article:published_time\" content=\"2025-09-26T18:35:47+00:00\" \/>\n<meta property=\"og:image\" content=\"https:\/\/www.pressenza.com\/wp-content\/uploads\/2025\/08\/palmeras.jpg\" \/>\n\t<meta property=\"og:image:width\" content=\"960\" \/>\n\t<meta property=\"og:image:height\" content=\"500\" \/>\n\t<meta property=\"og:image:type\" content=\"image\/jpeg\" \/>\n<meta name=\"author\" content=\"Mauricio Herrera Kahn\" \/>\n<meta name=\"twitter:card\" content=\"summary_large_image\" \/>\n<meta name=\"twitter:creator\" content=\"@PressenzaIPA\" \/>\n<meta name=\"twitter:site\" content=\"@PressenzaIPA\" \/>\n<meta name=\"twitter:label1\" content=\"\u00c9crit par\" \/>\n\t<meta name=\"twitter:data1\" content=\"Mauricio Herrera Kahn\" \/>\n\t<meta name=\"twitter:label2\" content=\"Dur\u00e9e de lecture estim\u00e9e\" \/>\n\t<meta name=\"twitter:data2\" content=\"15 minutes\" \/>\n<script type=\"application\/ld+json\" class=\"yoast-schema-graph\">{\"@context\":\"https:\/\/schema.org\",\"@graph\":[{\"@type\":\"Article\",\"@id\":\"https:\/\/www.pressenza.com\/fr\/2025\/09\/les-caraibes-pillees-partie-ii\/#article\",\"isPartOf\":{\"@id\":\"https:\/\/www.pressenza.com\/fr\/2025\/09\/les-caraibes-pillees-partie-ii\/\"},\"author\":{\"name\":\"Mauricio Herrera Kahn\",\"@id\":\"https:\/\/www.pressenza.com\/fr\/#\/schema\/person\/1d64caef2c28d4b0cae6de277a77d314\"},\"headline\":\"Les Cara\u00efbes pill\u00e9es \u2013 Partie II\",\"datePublished\":\"2025-09-26T18:35:47+00:00\",\"mainEntityOfPage\":{\"@id\":\"https:\/\/www.pressenza.com\/fr\/2025\/09\/les-caraibes-pillees-partie-ii\/\"},\"wordCount\":2908,\"publisher\":{\"@id\":\"https:\/\/www.pressenza.com\/fr\/#organization\"},\"image\":{\"@id\":\"https:\/\/www.pressenza.com\/fr\/2025\/09\/les-caraibes-pillees-partie-ii\/#primaryimage\"},\"thumbnailUrl\":\"https:\/\/www.pressenza.com\/wp-content\/uploads\/2025\/08\/palmeras.jpg\",\"keywords\":[\"Cara\u00efbes\",\"colonialisme\",\"colonialismos\",\"extractivisme\",\"S\u00e9rie Mati\u00e8res premi\u00e8res\"],\"articleSection\":[\"Am\u00e9rique centrale\",\"Contenu Original\",\"Economie\"],\"inLanguage\":\"fr-FR\"},{\"@type\":\"WebPage\",\"@id\":\"https:\/\/www.pressenza.com\/fr\/2025\/09\/les-caraibes-pillees-partie-ii\/\",\"url\":\"https:\/\/www.pressenza.com\/fr\/2025\/09\/les-caraibes-pillees-partie-ii\/\",\"name\":\"Les Cara\u00efbes pill\u00e9es \u2013 Partie II\",\"isPartOf\":{\"@id\":\"https:\/\/www.pressenza.com\/fr\/#website\"},\"primaryImageOfPage\":{\"@id\":\"https:\/\/www.pressenza.com\/fr\/2025\/09\/les-caraibes-pillees-partie-ii\/#primaryimage\"},\"image\":{\"@id\":\"https:\/\/www.pressenza.com\/fr\/2025\/09\/les-caraibes-pillees-partie-ii\/#primaryimage\"},\"thumbnailUrl\":\"https:\/\/www.pressenza.com\/wp-content\/uploads\/2025\/08\/palmeras.jpg\",\"datePublished\":\"2025-09-26T18:35:47+00:00\",\"description\":\"Ils sont venus pour le sucre, ils ont pris l'or, ils ont laiss\u00e9 des cha\u00eenes Les Cara\u00efbes n\u2019\u00e9taient pas une escale, c\u2019\u00e9tait une richesse Ce que nous avons\",\"breadcrumb\":{\"@id\":\"https:\/\/www.pressenza.com\/fr\/2025\/09\/les-caraibes-pillees-partie-ii\/#breadcrumb\"},\"inLanguage\":\"fr-FR\",\"potentialAction\":[{\"@type\":\"ReadAction\",\"target\":[\"https:\/\/www.pressenza.com\/fr\/2025\/09\/les-caraibes-pillees-partie-ii\/\"]}]},{\"@type\":\"ImageObject\",\"inLanguage\":\"fr-FR\",\"@id\":\"https:\/\/www.pressenza.com\/fr\/2025\/09\/les-caraibes-pillees-partie-ii\/#primaryimage\",\"url\":\"https:\/\/www.pressenza.com\/wp-content\/uploads\/2025\/08\/palmeras.jpg\",\"contentUrl\":\"https:\/\/www.pressenza.com\/wp-content\/uploads\/2025\/08\/palmeras.jpg\",\"width\":960,\"height\":500},{\"@type\":\"BreadcrumbList\",\"@id\":\"https:\/\/www.pressenza.com\/fr\/2025\/09\/les-caraibes-pillees-partie-ii\/#breadcrumb\",\"itemListElement\":[{\"@type\":\"ListItem\",\"position\":1,\"name\":\"Accueil\",\"item\":\"https:\/\/www.pressenza.com\/fr\/\"},{\"@type\":\"ListItem\",\"position\":2,\"name\":\"Les Cara\u00efbes pill\u00e9es \u2013 Partie II\"}]},{\"@type\":\"WebSite\",\"@id\":\"https:\/\/www.pressenza.com\/fr\/#website\",\"url\":\"https:\/\/www.pressenza.com\/fr\/\",\"name\":\"Pressenza\",\"description\":\"International Press Agency\",\"publisher\":{\"@id\":\"https:\/\/www.pressenza.com\/fr\/#organization\"},\"potentialAction\":[{\"@type\":\"SearchAction\",\"target\":{\"@type\":\"EntryPoint\",\"urlTemplate\":\"https:\/\/www.pressenza.com\/fr\/?s={search_term_string}\"},\"query-input\":{\"@type\":\"PropertyValueSpecification\",\"valueRequired\":true,\"valueName\":\"search_term_string\"}}],\"inLanguage\":\"fr-FR\"},{\"@type\":\"Organization\",\"@id\":\"https:\/\/www.pressenza.com\/fr\/#organization\",\"name\":\"Pressenza\",\"url\":\"https:\/\/www.pressenza.com\/fr\/\",\"logo\":{\"@type\":\"ImageObject\",\"inLanguage\":\"fr-FR\",\"@id\":\"https:\/\/www.pressenza.com\/fr\/#\/schema\/logo\/image\/\",\"url\":\"https:\/\/www.pressenza.com\/wp-content\/uploads\/2022\/10\/pressenza_logo_200x200.jpg\",\"contentUrl\":\"https:\/\/www.pressenza.com\/wp-content\/uploads\/2022\/10\/pressenza_logo_200x200.jpg\",\"width\":200,\"height\":200,\"caption\":\"Pressenza\"},\"image\":{\"@id\":\"https:\/\/www.pressenza.com\/fr\/#\/schema\/logo\/image\/\"},\"sameAs\":[\"https:\/\/www.facebook.com\/PressenzaItalia\",\"https:\/\/x.com\/PressenzaIPA\"]},{\"@type\":\"Person\",\"@id\":\"https:\/\/www.pressenza.com\/fr\/#\/schema\/person\/1d64caef2c28d4b0cae6de277a77d314\",\"name\":\"Mauricio Herrera Kahn\",\"description\":\"Mauricio Herrera Kahn, Mechanical Engineer graduated from the Technical University of Ecuador (UTE) in 1975, with more than 45 years of experience in the mining engineering and project development sector. He has held positions such as General Manager, Project Manager, and Head of Engineering at national and international companies, where he led studies and project execution under the EPCM (Engineering, Procurement, and Construction Management) model. He is currently General Manager at HyB Ingenieros, developing studies and analyses of new plants and processes with Capex and Opex at the engineering profile level. For several years, he has been writing articles and columns on national and international social, political, and economic analysis.\",\"url\":\"https:\/\/www.pressenza.com\/fr\/author\/mauricio-herrera-kahn\/\"}]}<\/script>\n<!-- \/ Yoast SEO plugin. -->","yoast_head_json":{"title":"Les Cara\u00efbes pill\u00e9es \u2013 Partie II","description":"Ils sont venus pour le sucre, ils ont pris l'or, ils ont laiss\u00e9 des cha\u00eenes Les Cara\u00efbes n\u2019\u00e9taient pas une escale, c\u2019\u00e9tait une richesse Ce que nous avons","robots":{"index":"index","follow":"follow","max-snippet":"max-snippet:-1","max-image-preview":"max-image-preview:large","max-video-preview":"max-video-preview:-1"},"canonical":"https:\/\/www.pressenza.com\/fr\/2025\/09\/les-caraibes-pillees-partie-ii\/","og_locale":"fr_FR","og_type":"article","og_title":"Les Cara\u00efbes pill\u00e9es \u2013 Partie II","og_description":"Ils sont venus pour le sucre, ils ont pris l'or, ils ont laiss\u00e9 des cha\u00eenes Les Cara\u00efbes n\u2019\u00e9taient pas une escale, c\u2019\u00e9tait une richesse Ce que nous avons","og_url":"https:\/\/www.pressenza.com\/fr\/2025\/09\/les-caraibes-pillees-partie-ii\/","og_site_name":"Pressenza","article_publisher":"https:\/\/www.facebook.com\/PressenzaItalia","article_published_time":"2025-09-26T18:35:47+00:00","og_image":[{"width":960,"height":500,"url":"https:\/\/www.pressenza.com\/wp-content\/uploads\/2025\/08\/palmeras.jpg","type":"image\/jpeg"}],"author":"Mauricio Herrera Kahn","twitter_card":"summary_large_image","twitter_creator":"@PressenzaIPA","twitter_site":"@PressenzaIPA","twitter_misc":{"\u00c9crit par":"Mauricio Herrera Kahn","Dur\u00e9e de lecture estim\u00e9e":"15 minutes"},"schema":{"@context":"https:\/\/schema.org","@graph":[{"@type":"Article","@id":"https:\/\/www.pressenza.com\/fr\/2025\/09\/les-caraibes-pillees-partie-ii\/#article","isPartOf":{"@id":"https:\/\/www.pressenza.com\/fr\/2025\/09\/les-caraibes-pillees-partie-ii\/"},"author":{"name":"Mauricio Herrera Kahn","@id":"https:\/\/www.pressenza.com\/fr\/#\/schema\/person\/1d64caef2c28d4b0cae6de277a77d314"},"headline":"Les Cara\u00efbes pill\u00e9es \u2013 Partie II","datePublished":"2025-09-26T18:35:47+00:00","mainEntityOfPage":{"@id":"https:\/\/www.pressenza.com\/fr\/2025\/09\/les-caraibes-pillees-partie-ii\/"},"wordCount":2908,"publisher":{"@id":"https:\/\/www.pressenza.com\/fr\/#organization"},"image":{"@id":"https:\/\/www.pressenza.com\/fr\/2025\/09\/les-caraibes-pillees-partie-ii\/#primaryimage"},"thumbnailUrl":"https:\/\/www.pressenza.com\/wp-content\/uploads\/2025\/08\/palmeras.jpg","keywords":["Cara\u00efbes","colonialisme","colonialismos","extractivisme","S\u00e9rie Mati\u00e8res premi\u00e8res"],"articleSection":["Am\u00e9rique centrale","Contenu Original","Economie"],"inLanguage":"fr-FR"},{"@type":"WebPage","@id":"https:\/\/www.pressenza.com\/fr\/2025\/09\/les-caraibes-pillees-partie-ii\/","url":"https:\/\/www.pressenza.com\/fr\/2025\/09\/les-caraibes-pillees-partie-ii\/","name":"Les Cara\u00efbes pill\u00e9es \u2013 Partie II","isPartOf":{"@id":"https:\/\/www.pressenza.com\/fr\/#website"},"primaryImageOfPage":{"@id":"https:\/\/www.pressenza.com\/fr\/2025\/09\/les-caraibes-pillees-partie-ii\/#primaryimage"},"image":{"@id":"https:\/\/www.pressenza.com\/fr\/2025\/09\/les-caraibes-pillees-partie-ii\/#primaryimage"},"thumbnailUrl":"https:\/\/www.pressenza.com\/wp-content\/uploads\/2025\/08\/palmeras.jpg","datePublished":"2025-09-26T18:35:47+00:00","description":"Ils sont venus pour le sucre, ils ont pris l'or, ils ont laiss\u00e9 des cha\u00eenes Les Cara\u00efbes n\u2019\u00e9taient pas une escale, c\u2019\u00e9tait une richesse Ce que nous avons","breadcrumb":{"@id":"https:\/\/www.pressenza.com\/fr\/2025\/09\/les-caraibes-pillees-partie-ii\/#breadcrumb"},"inLanguage":"fr-FR","potentialAction":[{"@type":"ReadAction","target":["https:\/\/www.pressenza.com\/fr\/2025\/09\/les-caraibes-pillees-partie-ii\/"]}]},{"@type":"ImageObject","inLanguage":"fr-FR","@id":"https:\/\/www.pressenza.com\/fr\/2025\/09\/les-caraibes-pillees-partie-ii\/#primaryimage","url":"https:\/\/www.pressenza.com\/wp-content\/uploads\/2025\/08\/palmeras.jpg","contentUrl":"https:\/\/www.pressenza.com\/wp-content\/uploads\/2025\/08\/palmeras.jpg","width":960,"height":500},{"@type":"BreadcrumbList","@id":"https:\/\/www.pressenza.com\/fr\/2025\/09\/les-caraibes-pillees-partie-ii\/#breadcrumb","itemListElement":[{"@type":"ListItem","position":1,"name":"Accueil","item":"https:\/\/www.pressenza.com\/fr\/"},{"@type":"ListItem","position":2,"name":"Les Cara\u00efbes pill\u00e9es \u2013 Partie II"}]},{"@type":"WebSite","@id":"https:\/\/www.pressenza.com\/fr\/#website","url":"https:\/\/www.pressenza.com\/fr\/","name":"Pressenza","description":"International Press Agency","publisher":{"@id":"https:\/\/www.pressenza.com\/fr\/#organization"},"potentialAction":[{"@type":"SearchAction","target":{"@type":"EntryPoint","urlTemplate":"https:\/\/www.pressenza.com\/fr\/?s={search_term_string}"},"query-input":{"@type":"PropertyValueSpecification","valueRequired":true,"valueName":"search_term_string"}}],"inLanguage":"fr-FR"},{"@type":"Organization","@id":"https:\/\/www.pressenza.com\/fr\/#organization","name":"Pressenza","url":"https:\/\/www.pressenza.com\/fr\/","logo":{"@type":"ImageObject","inLanguage":"fr-FR","@id":"https:\/\/www.pressenza.com\/fr\/#\/schema\/logo\/image\/","url":"https:\/\/www.pressenza.com\/wp-content\/uploads\/2022\/10\/pressenza_logo_200x200.jpg","contentUrl":"https:\/\/www.pressenza.com\/wp-content\/uploads\/2022\/10\/pressenza_logo_200x200.jpg","width":200,"height":200,"caption":"Pressenza"},"image":{"@id":"https:\/\/www.pressenza.com\/fr\/#\/schema\/logo\/image\/"},"sameAs":["https:\/\/www.facebook.com\/PressenzaItalia","https:\/\/x.com\/PressenzaIPA"]},{"@type":"Person","@id":"https:\/\/www.pressenza.com\/fr\/#\/schema\/person\/1d64caef2c28d4b0cae6de277a77d314","name":"Mauricio Herrera Kahn","description":"Mauricio Herrera Kahn, Mechanical Engineer graduated from the Technical University of Ecuador (UTE) in 1975, with more than 45 years of experience in the mining engineering and project development sector. He has held positions such as General Manager, Project Manager, and Head of Engineering at national and international companies, where he led studies and project execution under the EPCM (Engineering, Procurement, and Construction Management) model. He is currently General Manager at HyB Ingenieros, developing studies and analyses of new plants and processes with Capex and Opex at the engineering profile level. For several years, he has been writing articles and columns on national and international social, political, and economic analysis.","url":"https:\/\/www.pressenza.com\/fr\/author\/mauricio-herrera-kahn\/"}]}},"place":"Santiago du Chili","original_article_url":"","_links":{"self":[{"href":"https:\/\/www.pressenza.com\/fr\/wp-json\/wp\/v2\/posts\/2639243","targetHints":{"allow":["GET"]}}],"collection":[{"href":"https:\/\/www.pressenza.com\/fr\/wp-json\/wp\/v2\/posts"}],"about":[{"href":"https:\/\/www.pressenza.com\/fr\/wp-json\/wp\/v2\/types\/post"}],"author":[{"embeddable":true,"href":"https:\/\/www.pressenza.com\/fr\/wp-json\/wp\/v2\/users\/2493"}],"replies":[{"embeddable":true,"href":"https:\/\/www.pressenza.com\/fr\/wp-json\/wp\/v2\/comments?post=2639243"}],"version-history":[{"count":3,"href":"https:\/\/www.pressenza.com\/fr\/wp-json\/wp\/v2\/posts\/2639243\/revisions"}],"predecessor-version":[{"id":2639247,"href":"https:\/\/www.pressenza.com\/fr\/wp-json\/wp\/v2\/posts\/2639243\/revisions\/2639247"}],"wp:featuredmedia":[{"embeddable":true,"href":"https:\/\/www.pressenza.com\/fr\/wp-json\/wp\/v2\/media\/2639244"}],"wp:attachment":[{"href":"https:\/\/www.pressenza.com\/fr\/wp-json\/wp\/v2\/media?parent=2639243"}],"wp:term":[{"taxonomy":"category","embeddable":true,"href":"https:\/\/www.pressenza.com\/fr\/wp-json\/wp\/v2\/categories?post=2639243"},{"taxonomy":"post_tag","embeddable":true,"href":"https:\/\/www.pressenza.com\/fr\/wp-json\/wp\/v2\/tags?post=2639243"}],"curies":[{"name":"wp","href":"https:\/\/api.w.org\/{rel}","templated":true}]}}