{"id":2639035,"date":"2025-09-26T00:44:45","date_gmt":"2025-09-25T23:44:45","guid":{"rendered":"https:\/\/www.pressenza.com\/?p=2639035"},"modified":"2025-09-26T00:44:45","modified_gmt":"2025-09-25T23:44:45","slug":"mexique-le-cri-de-lindependance-de-claudia-sheinbaum","status":"publish","type":"post","link":"https:\/\/www.pressenza.com\/fr\/2025\/09\/mexique-le-cri-de-lindependance-de-claudia-sheinbaum\/","title":{"rendered":"Mexique, le Cri de l&rsquo;Ind\u00e9pendance de Claudia Sheinbaum"},"content":{"rendered":"<p>Le 15 septembre 2025, le Mexique a v\u00e9cu une nuit historique avec le premier Cri de l&rsquo;Ind\u00e9pendance pr\u00e9sid\u00e9 par Claudia Sheinbaum, un discours qui a r\u00e9sonn\u00e9 non seulement par la solennit\u00e9 de la c\u00e9r\u00e9monie protocolaire, mais aussi par son empreinte f\u00e9ministe claire qui red\u00e9finit le r\u00f4le de la femme dans l&rsquo;histoire et le pr\u00e9sent national.<\/p>\n<p>Le \u00ab Grito de Independencia \u00bb (Cri de l&rsquo;Ind\u00e9pendance) : ce rituel embl\u00e9matique, qui c\u00e9l\u00e8bre l&rsquo;appel \u00e0 l&rsquo;insurrection contre le joug espagnol lanc\u00e9 par Miguel Hidalgo en 1810, est chaque ann\u00e9e au c\u0153ur de la m\u00e9moire et de l&rsquo;identit\u00e9 nationale mexicaine. On c\u00e9l\u00e8bre l&rsquo;exploit h\u00e9ro\u00efque qui aboutira \u00e0 la formation d&rsquo;une nation libre et souveraine, un moment embl\u00e9matique de r\u00e9affirmation patriotique. Traditionnellement, le discours est prononc\u00e9 par le pr\u00e9sident ou la pr\u00e9sidente, marquant ainsi un lien direct avec le peuple et l&rsquo;histoire.<\/p>\n<p>En 2025,\u00a0 Claudia Sheinbaum a bris\u00e9 un plafond en devenant la premi\u00e8re femme \u00e0 c\u00e9l\u00e9brer le &lsquo;Grito&rsquo;, un geste qu&rsquo;elle a elle-m\u00eame qualifi\u00e9 de \u00ab symbole d&rsquo;inclusion d&rsquo;\u00e9galit\u00e9 et de justice \u00bb. Dans son discours, la pr\u00e9sidente a revendiqu\u00e9 la dignit\u00e9 et la valeur de toutes les Mexicaines, en mettant particuli\u00e8rement l&rsquo;accent sur les femmes autochtones et les h\u00e9ro\u00efnes de l&rsquo;ind\u00e9pendance. Elle a mentionn\u00e9 avec une r\u00e9v\u00e9rence particuli\u00e8re des figures embl\u00e9matiques telles que Josefa Ortiz de Dom\u00ednguez, Leona Vicario et Gertrudis Bocanegra, qui, dans l&rsquo;ombre et sur les fronts de bataille, ont tiss\u00e9 la r\u00e9sistance qui a conduit le Mexique \u00e0 la libert\u00e9.<\/p>\n<p>Claudia Sheinbaum a d\u00e9clar\u00e9 textuellement : \u00ab Nous rendons hommage aux femmes qui ont rendu possible notre ind\u00e9pendance, des femmes courageuses qui ont marqu\u00e9 l&rsquo;histoire par leur pr\u00e9sence, leur engagement et leur exemple. Les femmes autochtones, nos premi\u00e8res gardiennes de la terre, gardiennes de la langue et de la culture, pilier indispensable \u00e0 la construction du Mexique \u00bb. Cette reconnaissance a donn\u00e9 une place d&rsquo;honneur aux femmes traditionnellement r\u00e9duites au silence dans les r\u00e9cits patriotiques, soulignant leur r\u00f4le et revendiquant leur h\u00e9ritage inalt\u00e9rable.<\/p>\n<p>De plus, le protocole a accompagn\u00e9 ce moment avec des symboles f\u00e9ministes : la robe violette port\u00e9e par la pr\u00e9sidente, et la garde d&rsquo;honneur devant le portrait de Leona Vicario, premi\u00e8re femme \u00e0 entrer au panth\u00e9on national des h\u00e9ros, ont ensemble donn\u00e9 une lecture politique qui a soulign\u00e9 l&rsquo;urgence d&rsquo;ouvrir la voie \u00e0 l\u2019 \u00e9galit\u00e9 et au respect des droits des femmes au Mexique.<\/p>\n<p>Cet acte n&rsquo;\u00e9tait pas seulement un exercice de m\u00e9moire historique, mais aussi une d\u00e9claration contemporaine : en ces temps de f\u00e9minicide et de lutte pour les droits des femmes, le Cri de Claudia Sheinbaum repr\u00e9sente un appel \u00e0 la justice et \u00e0 la r\u00e9paration du tissu social dans une perspective de genre, conf\u00e9rant ainsi une dimension inclusive \u00e0 l&rsquo;un des plus grands symboles nationaux.<\/p>\n<p>Ainsi, le discours et la c\u00e9r\u00e9monie protocolaire de 2025 constituent un jalon qui place le Mexique sur la voie de l&rsquo;\u00e9galit\u00e9, en rendant les femmes visibles en tant qu&rsquo;actrices effectives de l&rsquo;histoire, et non plus seulement en tant que t\u00e9moins. Cet engagement explicite de la pr\u00e9sidente ouvre la voie \u00e0 la reconstruction d&rsquo;un r\u00e9cit national plus diversifi\u00e9 et plus juste, o\u00f9 la souverainet\u00e9 s&rsquo;exerce \u00e9galement \u00e0 partir de l&rsquo;\u00e9galit\u00e9 des sexes et du respect de la diversit\u00e9 culturelle et historique du pays.<\/p>\n","protected":false},"excerpt":{"rendered":"<p>Le 15 septembre 2025, le Mexique a v\u00e9cu une nuit historique avec le premier Cri de l&rsquo;Ind\u00e9pendance pr\u00e9sid\u00e9 par Claudia Sheinbaum, un discours qui a r\u00e9sonn\u00e9 non seulement par la solennit\u00e9 de la c\u00e9r\u00e9monie protocolaire, mais aussi par son empreinte&hellip;<\/p>\n","protected":false},"author":1757,"featured_media":2639038,"comment_status":"closed","ping_status":"closed","sticky":false,"template":"","format":"standard","meta":{"footnotes":""},"categories":[87,11386,54509,124282,93],"tags":[94849,143432,687],"class_list":["post-2639035","post","type-post","status-publish","format-standard","has-post-thumbnail","hentry","category-amerique-du-nord","category-contenu-original","category-genre-et-feminismes","category-news-fr","category-politique","tag-claudia-sheinbaum-fr","tag-cri-de-lindependance","tag-mexique"],"yoast_head":"<!-- This site is optimized with the Yoast SEO plugin v27.1.1 - https:\/\/yoast.com\/product\/yoast-seo-wordpress\/ -->\n<title>Mexique, le Cri de l&#039;Ind\u00e9pendance de Claudia Sheinbaum<\/title>\n<meta name=\"description\" content=\"Le 15 septembre 2025, le Mexique a v\u00e9cu une nuit historique avec le premier Cri de l&#039;Ind\u00e9pendance pr\u00e9sid\u00e9 par Claudia Sheinbaum, un discours qui a r\u00e9sonn\u00e9\" \/>\n<meta name=\"robots\" content=\"index, follow, max-snippet:-1, max-image-preview:large, max-video-preview:-1\" \/>\n<link rel=\"canonical\" href=\"https:\/\/www.pressenza.com\/fr\/2025\/09\/mexique-le-cri-de-lindependance-de-claudia-sheinbaum\/\" \/>\n<meta property=\"og:locale\" content=\"fr_FR\" \/>\n<meta property=\"og:type\" content=\"article\" \/>\n<meta property=\"og:title\" content=\"Mexique, le Cri de l&#039;Ind\u00e9pendance de Claudia Sheinbaum\" \/>\n<meta property=\"og:description\" content=\"Le 15 septembre 2025, le Mexique a v\u00e9cu une nuit historique avec le premier Cri de l&#039;Ind\u00e9pendance pr\u00e9sid\u00e9 par Claudia Sheinbaum, un discours qui a r\u00e9sonn\u00e9\" \/>\n<meta property=\"og:url\" content=\"https:\/\/www.pressenza.com\/fr\/2025\/09\/mexique-le-cri-de-lindependance-de-claudia-sheinbaum\/\" \/>\n<meta property=\"og:site_name\" content=\"Pressenza\" \/>\n<meta property=\"article:publisher\" content=\"https:\/\/www.facebook.com\/PressenzaItalia\" \/>\n<meta property=\"article:published_time\" content=\"2025-09-25T23:44:45+00:00\" \/>\n<meta property=\"og:image\" content=\"https:\/\/www.pressenza.com\/wp-content\/uploads\/2025\/09\/cri-Claudia-Shienbaum.jpg\" \/>\n\t<meta property=\"og:image:width\" content=\"820\" \/>\n\t<meta property=\"og:image:height\" content=\"461\" \/>\n\t<meta property=\"og:image:type\" content=\"image\/jpeg\" \/>\n<meta name=\"author\" content=\"Claudia Aranda\" \/>\n<meta name=\"twitter:card\" content=\"summary_large_image\" \/>\n<meta name=\"twitter:creator\" content=\"@PressenzaIPA\" \/>\n<meta name=\"twitter:site\" content=\"@PressenzaIPA\" \/>\n<meta name=\"twitter:label1\" content=\"\u00c9crit par\" \/>\n\t<meta name=\"twitter:data1\" content=\"Claudia Aranda\" \/>\n\t<meta name=\"twitter:label2\" content=\"Dur\u00e9e de lecture estim\u00e9e\" \/>\n\t<meta name=\"twitter:data2\" content=\"3 minutes\" \/>\n<script type=\"application\/ld+json\" class=\"yoast-schema-graph\">{\"@context\":\"https:\/\/schema.org\",\"@graph\":[{\"@type\":\"Article\",\"@id\":\"https:\/\/www.pressenza.com\/fr\/2025\/09\/mexique-le-cri-de-lindependance-de-claudia-sheinbaum\/#article\",\"isPartOf\":{\"@id\":\"https:\/\/www.pressenza.com\/fr\/2025\/09\/mexique-le-cri-de-lindependance-de-claudia-sheinbaum\/\"},\"author\":{\"name\":\"Claudia Aranda\",\"@id\":\"https:\/\/www.pressenza.com\/fr\/#\/schema\/person\/7c99b7f1e26cb9e5efedc0b26a398fb5\"},\"headline\":\"Mexique, le Cri de l&rsquo;Ind\u00e9pendance de Claudia Sheinbaum\",\"datePublished\":\"2025-09-25T23:44:45+00:00\",\"mainEntityOfPage\":{\"@id\":\"https:\/\/www.pressenza.com\/fr\/2025\/09\/mexique-le-cri-de-lindependance-de-claudia-sheinbaum\/\"},\"wordCount\":610,\"publisher\":{\"@id\":\"https:\/\/www.pressenza.com\/fr\/#organization\"},\"image\":{\"@id\":\"https:\/\/www.pressenza.com\/fr\/2025\/09\/mexique-le-cri-de-lindependance-de-claudia-sheinbaum\/#primaryimage\"},\"thumbnailUrl\":\"https:\/\/www.pressenza.com\/wp-content\/uploads\/2025\/09\/cri-Claudia-Shienbaum.jpg\",\"keywords\":[\"Claudia Sheinbaum\",\"cri de l'ind\u00e9pendance\",\"Mexique\"],\"articleSection\":[\"Am\u00e9rique du Nord\",\"Contenu Original\",\"Genre et f\u00e9minismes\",\"News\",\"Politique\"],\"inLanguage\":\"fr-FR\"},{\"@type\":\"WebPage\",\"@id\":\"https:\/\/www.pressenza.com\/fr\/2025\/09\/mexique-le-cri-de-lindependance-de-claudia-sheinbaum\/\",\"url\":\"https:\/\/www.pressenza.com\/fr\/2025\/09\/mexique-le-cri-de-lindependance-de-claudia-sheinbaum\/\",\"name\":\"Mexique, le Cri de l'Ind\u00e9pendance de Claudia Sheinbaum\",\"isPartOf\":{\"@id\":\"https:\/\/www.pressenza.com\/fr\/#website\"},\"primaryImageOfPage\":{\"@id\":\"https:\/\/www.pressenza.com\/fr\/2025\/09\/mexique-le-cri-de-lindependance-de-claudia-sheinbaum\/#primaryimage\"},\"image\":{\"@id\":\"https:\/\/www.pressenza.com\/fr\/2025\/09\/mexique-le-cri-de-lindependance-de-claudia-sheinbaum\/#primaryimage\"},\"thumbnailUrl\":\"https:\/\/www.pressenza.com\/wp-content\/uploads\/2025\/09\/cri-Claudia-Shienbaum.jpg\",\"datePublished\":\"2025-09-25T23:44:45+00:00\",\"description\":\"Le 15 septembre 2025, le Mexique a v\u00e9cu une nuit historique avec le premier Cri de l'Ind\u00e9pendance pr\u00e9sid\u00e9 par Claudia Sheinbaum, un discours qui a r\u00e9sonn\u00e9\",\"breadcrumb\":{\"@id\":\"https:\/\/www.pressenza.com\/fr\/2025\/09\/mexique-le-cri-de-lindependance-de-claudia-sheinbaum\/#breadcrumb\"},\"inLanguage\":\"fr-FR\",\"potentialAction\":[{\"@type\":\"ReadAction\",\"target\":[\"https:\/\/www.pressenza.com\/fr\/2025\/09\/mexique-le-cri-de-lindependance-de-claudia-sheinbaum\/\"]}]},{\"@type\":\"ImageObject\",\"inLanguage\":\"fr-FR\",\"@id\":\"https:\/\/www.pressenza.com\/fr\/2025\/09\/mexique-le-cri-de-lindependance-de-claudia-sheinbaum\/#primaryimage\",\"url\":\"https:\/\/www.pressenza.com\/wp-content\/uploads\/2025\/09\/cri-Claudia-Shienbaum.jpg\",\"contentUrl\":\"https:\/\/www.pressenza.com\/wp-content\/uploads\/2025\/09\/cri-Claudia-Shienbaum.jpg\",\"width\":820,\"height\":461},{\"@type\":\"BreadcrumbList\",\"@id\":\"https:\/\/www.pressenza.com\/fr\/2025\/09\/mexique-le-cri-de-lindependance-de-claudia-sheinbaum\/#breadcrumb\",\"itemListElement\":[{\"@type\":\"ListItem\",\"position\":1,\"name\":\"Accueil\",\"item\":\"https:\/\/www.pressenza.com\/fr\/\"},{\"@type\":\"ListItem\",\"position\":2,\"name\":\"Mexique, le Cri de l&rsquo;Ind\u00e9pendance de Claudia Sheinbaum\"}]},{\"@type\":\"WebSite\",\"@id\":\"https:\/\/www.pressenza.com\/fr\/#website\",\"url\":\"https:\/\/www.pressenza.com\/fr\/\",\"name\":\"Pressenza\",\"description\":\"International Press Agency\",\"publisher\":{\"@id\":\"https:\/\/www.pressenza.com\/fr\/#organization\"},\"potentialAction\":[{\"@type\":\"SearchAction\",\"target\":{\"@type\":\"EntryPoint\",\"urlTemplate\":\"https:\/\/www.pressenza.com\/fr\/?s={search_term_string}\"},\"query-input\":{\"@type\":\"PropertyValueSpecification\",\"valueRequired\":true,\"valueName\":\"search_term_string\"}}],\"inLanguage\":\"fr-FR\"},{\"@type\":\"Organization\",\"@id\":\"https:\/\/www.pressenza.com\/fr\/#organization\",\"name\":\"Pressenza\",\"url\":\"https:\/\/www.pressenza.com\/fr\/\",\"logo\":{\"@type\":\"ImageObject\",\"inLanguage\":\"fr-FR\",\"@id\":\"https:\/\/www.pressenza.com\/fr\/#\/schema\/logo\/image\/\",\"url\":\"https:\/\/www.pressenza.com\/wp-content\/uploads\/2022\/10\/pressenza_logo_200x200.jpg\",\"contentUrl\":\"https:\/\/www.pressenza.com\/wp-content\/uploads\/2022\/10\/pressenza_logo_200x200.jpg\",\"width\":200,\"height\":200,\"caption\":\"Pressenza\"},\"image\":{\"@id\":\"https:\/\/www.pressenza.com\/fr\/#\/schema\/logo\/image\/\"},\"sameAs\":[\"https:\/\/www.facebook.com\/PressenzaItalia\",\"https:\/\/x.com\/PressenzaIPA\"]},{\"@type\":\"Person\",\"@id\":\"https:\/\/www.pressenza.com\/fr\/#\/schema\/person\/7c99b7f1e26cb9e5efedc0b26a398fb5\",\"name\":\"Claudia Aranda\",\"description\":\"Chilean journalist specializing in Semiotics and Political Analysis. As an international analyst, she focuses on prospective analysis of social processes. Based in Montreal, Quebec, she covers news for Pressenza and explores contemporary philosophical debates within the context of current events. Her work emphasizes human rights, geopolitics, armed conflict, the environment, and technological development. She is a humanist and an activist for social justice causes.\",\"url\":\"https:\/\/www.pressenza.com\/fr\/author\/claudia-aranda\/\"}]}<\/script>\n<!-- \/ Yoast SEO plugin. -->","yoast_head_json":{"title":"Mexique, le Cri de l'Ind\u00e9pendance de Claudia Sheinbaum","description":"Le 15 septembre 2025, le Mexique a v\u00e9cu une nuit historique avec le premier Cri de l'Ind\u00e9pendance pr\u00e9sid\u00e9 par Claudia Sheinbaum, un discours qui a r\u00e9sonn\u00e9","robots":{"index":"index","follow":"follow","max-snippet":"max-snippet:-1","max-image-preview":"max-image-preview:large","max-video-preview":"max-video-preview:-1"},"canonical":"https:\/\/www.pressenza.com\/fr\/2025\/09\/mexique-le-cri-de-lindependance-de-claudia-sheinbaum\/","og_locale":"fr_FR","og_type":"article","og_title":"Mexique, le Cri de l'Ind\u00e9pendance de Claudia Sheinbaum","og_description":"Le 15 septembre 2025, le Mexique a v\u00e9cu une nuit historique avec le premier Cri de l'Ind\u00e9pendance pr\u00e9sid\u00e9 par Claudia Sheinbaum, un discours qui a r\u00e9sonn\u00e9","og_url":"https:\/\/www.pressenza.com\/fr\/2025\/09\/mexique-le-cri-de-lindependance-de-claudia-sheinbaum\/","og_site_name":"Pressenza","article_publisher":"https:\/\/www.facebook.com\/PressenzaItalia","article_published_time":"2025-09-25T23:44:45+00:00","og_image":[{"width":820,"height":461,"url":"https:\/\/www.pressenza.com\/wp-content\/uploads\/2025\/09\/cri-Claudia-Shienbaum.jpg","type":"image\/jpeg"}],"author":"Claudia Aranda","twitter_card":"summary_large_image","twitter_creator":"@PressenzaIPA","twitter_site":"@PressenzaIPA","twitter_misc":{"\u00c9crit par":"Claudia Aranda","Dur\u00e9e de lecture estim\u00e9e":"3 minutes"},"schema":{"@context":"https:\/\/schema.org","@graph":[{"@type":"Article","@id":"https:\/\/www.pressenza.com\/fr\/2025\/09\/mexique-le-cri-de-lindependance-de-claudia-sheinbaum\/#article","isPartOf":{"@id":"https:\/\/www.pressenza.com\/fr\/2025\/09\/mexique-le-cri-de-lindependance-de-claudia-sheinbaum\/"},"author":{"name":"Claudia Aranda","@id":"https:\/\/www.pressenza.com\/fr\/#\/schema\/person\/7c99b7f1e26cb9e5efedc0b26a398fb5"},"headline":"Mexique, le Cri de l&rsquo;Ind\u00e9pendance de Claudia Sheinbaum","datePublished":"2025-09-25T23:44:45+00:00","mainEntityOfPage":{"@id":"https:\/\/www.pressenza.com\/fr\/2025\/09\/mexique-le-cri-de-lindependance-de-claudia-sheinbaum\/"},"wordCount":610,"publisher":{"@id":"https:\/\/www.pressenza.com\/fr\/#organization"},"image":{"@id":"https:\/\/www.pressenza.com\/fr\/2025\/09\/mexique-le-cri-de-lindependance-de-claudia-sheinbaum\/#primaryimage"},"thumbnailUrl":"https:\/\/www.pressenza.com\/wp-content\/uploads\/2025\/09\/cri-Claudia-Shienbaum.jpg","keywords":["Claudia Sheinbaum","cri de l'ind\u00e9pendance","Mexique"],"articleSection":["Am\u00e9rique du Nord","Contenu Original","Genre et f\u00e9minismes","News","Politique"],"inLanguage":"fr-FR"},{"@type":"WebPage","@id":"https:\/\/www.pressenza.com\/fr\/2025\/09\/mexique-le-cri-de-lindependance-de-claudia-sheinbaum\/","url":"https:\/\/www.pressenza.com\/fr\/2025\/09\/mexique-le-cri-de-lindependance-de-claudia-sheinbaum\/","name":"Mexique, le Cri de l'Ind\u00e9pendance de Claudia Sheinbaum","isPartOf":{"@id":"https:\/\/www.pressenza.com\/fr\/#website"},"primaryImageOfPage":{"@id":"https:\/\/www.pressenza.com\/fr\/2025\/09\/mexique-le-cri-de-lindependance-de-claudia-sheinbaum\/#primaryimage"},"image":{"@id":"https:\/\/www.pressenza.com\/fr\/2025\/09\/mexique-le-cri-de-lindependance-de-claudia-sheinbaum\/#primaryimage"},"thumbnailUrl":"https:\/\/www.pressenza.com\/wp-content\/uploads\/2025\/09\/cri-Claudia-Shienbaum.jpg","datePublished":"2025-09-25T23:44:45+00:00","description":"Le 15 septembre 2025, le Mexique a v\u00e9cu une nuit historique avec le premier Cri de l'Ind\u00e9pendance pr\u00e9sid\u00e9 par Claudia Sheinbaum, un discours qui a r\u00e9sonn\u00e9","breadcrumb":{"@id":"https:\/\/www.pressenza.com\/fr\/2025\/09\/mexique-le-cri-de-lindependance-de-claudia-sheinbaum\/#breadcrumb"},"inLanguage":"fr-FR","potentialAction":[{"@type":"ReadAction","target":["https:\/\/www.pressenza.com\/fr\/2025\/09\/mexique-le-cri-de-lindependance-de-claudia-sheinbaum\/"]}]},{"@type":"ImageObject","inLanguage":"fr-FR","@id":"https:\/\/www.pressenza.com\/fr\/2025\/09\/mexique-le-cri-de-lindependance-de-claudia-sheinbaum\/#primaryimage","url":"https:\/\/www.pressenza.com\/wp-content\/uploads\/2025\/09\/cri-Claudia-Shienbaum.jpg","contentUrl":"https:\/\/www.pressenza.com\/wp-content\/uploads\/2025\/09\/cri-Claudia-Shienbaum.jpg","width":820,"height":461},{"@type":"BreadcrumbList","@id":"https:\/\/www.pressenza.com\/fr\/2025\/09\/mexique-le-cri-de-lindependance-de-claudia-sheinbaum\/#breadcrumb","itemListElement":[{"@type":"ListItem","position":1,"name":"Accueil","item":"https:\/\/www.pressenza.com\/fr\/"},{"@type":"ListItem","position":2,"name":"Mexique, le Cri de l&rsquo;Ind\u00e9pendance de Claudia Sheinbaum"}]},{"@type":"WebSite","@id":"https:\/\/www.pressenza.com\/fr\/#website","url":"https:\/\/www.pressenza.com\/fr\/","name":"Pressenza","description":"International Press Agency","publisher":{"@id":"https:\/\/www.pressenza.com\/fr\/#organization"},"potentialAction":[{"@type":"SearchAction","target":{"@type":"EntryPoint","urlTemplate":"https:\/\/www.pressenza.com\/fr\/?s={search_term_string}"},"query-input":{"@type":"PropertyValueSpecification","valueRequired":true,"valueName":"search_term_string"}}],"inLanguage":"fr-FR"},{"@type":"Organization","@id":"https:\/\/www.pressenza.com\/fr\/#organization","name":"Pressenza","url":"https:\/\/www.pressenza.com\/fr\/","logo":{"@type":"ImageObject","inLanguage":"fr-FR","@id":"https:\/\/www.pressenza.com\/fr\/#\/schema\/logo\/image\/","url":"https:\/\/www.pressenza.com\/wp-content\/uploads\/2022\/10\/pressenza_logo_200x200.jpg","contentUrl":"https:\/\/www.pressenza.com\/wp-content\/uploads\/2022\/10\/pressenza_logo_200x200.jpg","width":200,"height":200,"caption":"Pressenza"},"image":{"@id":"https:\/\/www.pressenza.com\/fr\/#\/schema\/logo\/image\/"},"sameAs":["https:\/\/www.facebook.com\/PressenzaItalia","https:\/\/x.com\/PressenzaIPA"]},{"@type":"Person","@id":"https:\/\/www.pressenza.com\/fr\/#\/schema\/person\/7c99b7f1e26cb9e5efedc0b26a398fb5","name":"Claudia Aranda","description":"Chilean journalist specializing in Semiotics and Political Analysis. As an international analyst, she focuses on prospective analysis of social processes. Based in Montreal, Quebec, she covers news for Pressenza and explores contemporary philosophical debates within the context of current events. Her work emphasizes human rights, geopolitics, armed conflict, the environment, and technological development. She is a humanist and an activist for social justice causes.","url":"https:\/\/www.pressenza.com\/fr\/author\/claudia-aranda\/"}]}},"place":"Montr\u00e9al, Canada","original_article_url":"","_links":{"self":[{"href":"https:\/\/www.pressenza.com\/fr\/wp-json\/wp\/v2\/posts\/2639035","targetHints":{"allow":["GET"]}}],"collection":[{"href":"https:\/\/www.pressenza.com\/fr\/wp-json\/wp\/v2\/posts"}],"about":[{"href":"https:\/\/www.pressenza.com\/fr\/wp-json\/wp\/v2\/types\/post"}],"author":[{"embeddable":true,"href":"https:\/\/www.pressenza.com\/fr\/wp-json\/wp\/v2\/users\/1757"}],"replies":[{"embeddable":true,"href":"https:\/\/www.pressenza.com\/fr\/wp-json\/wp\/v2\/comments?post=2639035"}],"version-history":[{"count":2,"href":"https:\/\/www.pressenza.com\/fr\/wp-json\/wp\/v2\/posts\/2639035\/revisions"}],"predecessor-version":[{"id":2639039,"href":"https:\/\/www.pressenza.com\/fr\/wp-json\/wp\/v2\/posts\/2639035\/revisions\/2639039"}],"wp:featuredmedia":[{"embeddable":true,"href":"https:\/\/www.pressenza.com\/fr\/wp-json\/wp\/v2\/media\/2639038"}],"wp:attachment":[{"href":"https:\/\/www.pressenza.com\/fr\/wp-json\/wp\/v2\/media?parent=2639035"}],"wp:term":[{"taxonomy":"category","embeddable":true,"href":"https:\/\/www.pressenza.com\/fr\/wp-json\/wp\/v2\/categories?post=2639035"},{"taxonomy":"post_tag","embeddable":true,"href":"https:\/\/www.pressenza.com\/fr\/wp-json\/wp\/v2\/tags?post=2639035"}],"curies":[{"name":"wp","href":"https:\/\/api.w.org\/{rel}","templated":true}]}}