{"id":2638657,"date":"2025-09-24T14:56:02","date_gmt":"2025-09-24T13:56:02","guid":{"rendered":"https:\/\/www.pressenza.com\/?p=2638657"},"modified":"2025-09-24T14:56:39","modified_gmt":"2025-09-24T13:56:39","slug":"une-nouvelle-vague-de-bateaux-civils-pour-gaza","status":"publish","type":"post","link":"https:\/\/www.pressenza.com\/fr\/2025\/09\/une-nouvelle-vague-de-bateaux-civils-pour-gaza\/","title":{"rendered":"Une nouvelle vague de bateaux civils pour Gaza"},"content":{"rendered":"<div class=\"post-content\">\n<p><span dir=\"auto\">Une deuxi\u00e8me flottille est pr\u00eate \u00e0 partir dans les prochains jours pour briser le blocus naval qui assi\u00e8ge la ville de Gaza depuis 2007, emp\u00eachant les bateaux de p\u00eache gazaouis d&rsquo;entrer dans leurs eaux territoriales \u00e0 quelques milles de la c\u00f4te pour tenter de p\u00eacher. Une dizaine de bateaux partiront de Sicile et des Pouilles vers le 25 septembre.<\/span><\/p>\n<p><span dir=\"auto\">L&rsquo;initiative a \u00e9t\u00e9 pr\u00e9sent\u00e9e lors d&rsquo;une conf\u00e9rence au S\u00e9nat, dans la salle Nassirya, par Erika Capasso de Mille Madeleines, une association fran\u00e7aise qui achetait des bateaux\u00a0; Cecilia Pellizzari, journaliste \u00e0 Scomodo\u00a0; Andrea Usala, militant de Piazza Palestina, l&rsquo;un des nombreux \u00e9tudiants de Holden qui ont interrompu leurs \u00e9tudes pour occuper Piazza Castello \u00e0 Turin\u00a0; Caterina Micucci, capitaine et dirigeante du groupe de coordination de lutte Flotta, une association de femmes capitaines qui s&rsquo;opposent aux politiques de fronti\u00e8res et de mort en M\u00e9diterran\u00e9e\u00a0; et Khaled Al Kaisi, de la Coalition Libert\u00e9 Flottiglia. La conf\u00e9rence de presse a \u00e9t\u00e9 conclue par Peppe De Cristoforo, s\u00e9nateur AVS.<\/span><\/p>\n<p><span dir=\"auto\">Andrea Usala a r\u00e9it\u00e9r\u00e9 que la flottille ne veut pas cautionner le r\u00e9cit des Blancs venant sauver les Palestiniens, car, au contraire, c&rsquo;est gr\u00e2ce aux Palestiniens que nous avons appris \u00e0 nous rebeller et \u00e0 nous indigner, et que nous pourrons peut-\u00eatre faire quelque chose pour nous sauver nous-m\u00eames. La Palestine sait exactement comment survivre\u00a0: elle sait cultiver, elle sait extraire l&rsquo;eau douce de la mer, a ajout\u00e9 Andrea, et elle n&rsquo;a pas besoin de l&rsquo;arriv\u00e9e des Occidentaux blancs pour la sauver\u00a0; elle a besoin que les bombardements cessent imm\u00e9diatement. <\/span><\/p>\n<p><span dir=\"auto\">\u00ab\u00a0Nous avons interrompu nos \u00e9tudes, nous avons interrompu la Holden School, beaucoup d&rsquo;entre nous ne vont plus \u00e0 l&rsquo;universit\u00e9 pr\u00e9cis\u00e9ment parce que nous voulons \u00eatre proches des Palestiniens, hommes et femmes, dont la vie a \u00e9t\u00e9 boulevers\u00e9e par les bombardements et le si\u00e8ge. Nous avons ensuite compris que former la flottille \u00e9tait un moyen d&rsquo;attirer l&rsquo;attention sur la Palestine, c&rsquo;est pourquoi nous partirons avec une deuxi\u00e8me flottille. Mais avant de lib\u00e9rer la Palestine, le Congo, le Soudan et d&rsquo;autres peuples, nous devons nous lib\u00e9rer nous-m\u00eames, lib\u00e9rer l&rsquo;Europe du racisme et du fascisme\u00a0\u00bb, a conclu Andrea.<\/span><\/p>\n<p><span dir=\"auto\">Caterina Micucci explique que son association s&rsquo;oppose \u00e0 la politique de mort, aux fronti\u00e8res et \u00e0 la violence en M\u00e9diterran\u00e9e ; pour cela, prendre la mer et partir avec une flottille signifie aussi un effort logistique, un effort de coop\u00e9ration, un effort qui nous apprend \u00e0 \u00eatre unis et, comme cela se passe sur chaque place d&rsquo;Italie, \u00e0 nous \u00e9loigner du risque d&rsquo;\u00eatre complices d&rsquo;un g\u00e9nocide.<\/span><\/p>\n<p><span dir=\"auto\">Le s\u00e9nateur Peppe De Cristofaro a rappel\u00e9 que le gouvernement italien est le troisi\u00e8me exportateur d&rsquo;armes vers Isra\u00ebl ; la flottille est un moyen de compenser l&rsquo;inaction et l&rsquo;insensibilit\u00e9 du gouvernement face au massacre en Palestine. Un vaste mouvement de masse est r\u00e9cemment apparu en Italie, descendant dans la rue, ce qui est extr\u00eamement important, car si le gouvernement est complice du g\u00e9nocide, les hommes, les femmes, les travailleurs et les \u00e9tudiants ne veulent pas l&rsquo;\u00eatre. Une flottille ne suffira peut-\u00eatre pas \u00e0 elle seule \u00e0 mettre fin au massacre en Palestine, mais elle incarne un sentiment d&rsquo;indignation qui devient une vague in\u00e9luctable.<\/span><\/p>\n<\/div>\n","protected":false},"excerpt":{"rendered":"<p>Une deuxi\u00e8me flottille est pr\u00eate \u00e0 partir dans les prochains jours pour briser le blocus naval qui assi\u00e8ge la ville de Gaza depuis 2007, emp\u00eachant les bateaux de p\u00eache gazaouis d&rsquo;entrer dans leurs eaux territoriales \u00e0 quelques milles de la&hellip;<\/p>\n","protected":false},"author":2503,"featured_media":2638658,"comment_status":"closed","ping_status":"closed","sticky":false,"template":"","format":"standard","meta":{"footnotes":""},"categories":[124282,1250,90],"tags":[117586,122321,143315,1113,143316],"class_list":["post-2638657","post","type-post","status-publish","format-standard","has-post-thumbnail","hentry","category-news-fr","category-paix-desarmement","category-moyen-orient","tag-conflit-israel-palestine","tag-flottille","tag-mille-madeleines","tag-palestine-fr","tag-peppe-de-cristofaro"],"yoast_head":"<!-- This site is optimized with the Yoast SEO plugin v27.1.1 - https:\/\/yoast.com\/product\/yoast-seo-wordpress\/ -->\n<title>Une nouvelle vague de bateaux civils pour Gaza<\/title>\n<meta name=\"description\" content=\"Une deuxi\u00e8me flottille est pr\u00eate \u00e0 partir dans les prochains jours pour briser le blocus naval qui assi\u00e8ge la ville de Gaza depuis 2007, emp\u00eachant les\" \/>\n<meta name=\"robots\" content=\"index, follow, max-snippet:-1, max-image-preview:large, max-video-preview:-1\" \/>\n<link rel=\"canonical\" href=\"https:\/\/www.pressenza.com\/fr\/2025\/09\/une-nouvelle-vague-de-bateaux-civils-pour-gaza\/\" \/>\n<meta property=\"og:locale\" content=\"fr_FR\" \/>\n<meta property=\"og:type\" content=\"article\" \/>\n<meta property=\"og:title\" content=\"Une nouvelle vague de bateaux civils pour Gaza\" \/>\n<meta property=\"og:description\" content=\"Une deuxi\u00e8me flottille est pr\u00eate \u00e0 partir dans les prochains jours pour briser le blocus naval qui assi\u00e8ge la ville de Gaza depuis 2007, emp\u00eachant les\" \/>\n<meta property=\"og:url\" content=\"https:\/\/www.pressenza.com\/fr\/2025\/09\/une-nouvelle-vague-de-bateaux-civils-pour-gaza\/\" \/>\n<meta property=\"og:site_name\" content=\"Pressenza\" \/>\n<meta property=\"article:publisher\" content=\"https:\/\/www.facebook.com\/PressenzaItalia\" \/>\n<meta property=\"article:published_time\" content=\"2025-09-24T13:56:02+00:00\" \/>\n<meta property=\"article:modified_time\" content=\"2025-09-24T13:56:39+00:00\" \/>\n<meta property=\"og:image\" content=\"https:\/\/www.pressenza.com\/wp-content\/uploads\/2025\/09\/boats2-768x744-frredomflotilla.jpg\" \/>\n\t<meta property=\"og:image:width\" content=\"768\" \/>\n\t<meta property=\"og:image:height\" content=\"744\" \/>\n\t<meta property=\"og:image:type\" content=\"image\/jpeg\" \/>\n<meta name=\"author\" content=\"Manfredo Pavoni Gay\" \/>\n<meta name=\"twitter:card\" content=\"summary_large_image\" \/>\n<meta name=\"twitter:creator\" content=\"@PressenzaIPA\" \/>\n<meta name=\"twitter:site\" content=\"@PressenzaIPA\" \/>\n<meta name=\"twitter:label1\" content=\"\u00c9crit par\" \/>\n\t<meta name=\"twitter:data1\" content=\"Manfredo Pavoni Gay\" \/>\n\t<meta name=\"twitter:label2\" content=\"Dur\u00e9e de lecture estim\u00e9e\" \/>\n\t<meta name=\"twitter:data2\" content=\"3 minutes\" \/>\n<script type=\"application\/ld+json\" class=\"yoast-schema-graph\">{\"@context\":\"https:\/\/schema.org\",\"@graph\":[{\"@type\":\"Article\",\"@id\":\"https:\/\/www.pressenza.com\/fr\/2025\/09\/une-nouvelle-vague-de-bateaux-civils-pour-gaza\/#article\",\"isPartOf\":{\"@id\":\"https:\/\/www.pressenza.com\/fr\/2025\/09\/une-nouvelle-vague-de-bateaux-civils-pour-gaza\/\"},\"author\":{\"name\":\"Manfredo Pavoni Gay\",\"@id\":\"https:\/\/www.pressenza.com\/fr\/#\/schema\/person\/471dc9cf89b8c347b11a03357c83558e\"},\"headline\":\"Une nouvelle vague de bateaux civils pour Gaza\",\"datePublished\":\"2025-09-24T13:56:02+00:00\",\"dateModified\":\"2025-09-24T13:56:39+00:00\",\"mainEntityOfPage\":{\"@id\":\"https:\/\/www.pressenza.com\/fr\/2025\/09\/une-nouvelle-vague-de-bateaux-civils-pour-gaza\/\"},\"wordCount\":580,\"publisher\":{\"@id\":\"https:\/\/www.pressenza.com\/fr\/#organization\"},\"image\":{\"@id\":\"https:\/\/www.pressenza.com\/fr\/2025\/09\/une-nouvelle-vague-de-bateaux-civils-pour-gaza\/#primaryimage\"},\"thumbnailUrl\":\"https:\/\/www.pressenza.com\/wp-content\/uploads\/2025\/09\/boats2-768x744-frredomflotilla.jpg\",\"keywords\":[\"Conflit Isra\u00ebl Palestine\",\"Flottille\",\"Mille Madeleines\",\"Palestine\",\"Peppe De Cristofaro\"],\"articleSection\":[\"News\",\"Paix et D\u00e9sarmement\",\"Proche et Moyen-Orient\"],\"inLanguage\":\"fr-FR\"},{\"@type\":\"WebPage\",\"@id\":\"https:\/\/www.pressenza.com\/fr\/2025\/09\/une-nouvelle-vague-de-bateaux-civils-pour-gaza\/\",\"url\":\"https:\/\/www.pressenza.com\/fr\/2025\/09\/une-nouvelle-vague-de-bateaux-civils-pour-gaza\/\",\"name\":\"Une nouvelle vague de bateaux civils pour Gaza\",\"isPartOf\":{\"@id\":\"https:\/\/www.pressenza.com\/fr\/#website\"},\"primaryImageOfPage\":{\"@id\":\"https:\/\/www.pressenza.com\/fr\/2025\/09\/une-nouvelle-vague-de-bateaux-civils-pour-gaza\/#primaryimage\"},\"image\":{\"@id\":\"https:\/\/www.pressenza.com\/fr\/2025\/09\/une-nouvelle-vague-de-bateaux-civils-pour-gaza\/#primaryimage\"},\"thumbnailUrl\":\"https:\/\/www.pressenza.com\/wp-content\/uploads\/2025\/09\/boats2-768x744-frredomflotilla.jpg\",\"datePublished\":\"2025-09-24T13:56:02+00:00\",\"dateModified\":\"2025-09-24T13:56:39+00:00\",\"description\":\"Une deuxi\u00e8me flottille est pr\u00eate \u00e0 partir dans les prochains jours pour briser le blocus naval qui assi\u00e8ge la ville de Gaza depuis 2007, emp\u00eachant les\",\"breadcrumb\":{\"@id\":\"https:\/\/www.pressenza.com\/fr\/2025\/09\/une-nouvelle-vague-de-bateaux-civils-pour-gaza\/#breadcrumb\"},\"inLanguage\":\"fr-FR\",\"potentialAction\":[{\"@type\":\"ReadAction\",\"target\":[\"https:\/\/www.pressenza.com\/fr\/2025\/09\/une-nouvelle-vague-de-bateaux-civils-pour-gaza\/\"]}]},{\"@type\":\"ImageObject\",\"inLanguage\":\"fr-FR\",\"@id\":\"https:\/\/www.pressenza.com\/fr\/2025\/09\/une-nouvelle-vague-de-bateaux-civils-pour-gaza\/#primaryimage\",\"url\":\"https:\/\/www.pressenza.com\/wp-content\/uploads\/2025\/09\/boats2-768x744-frredomflotilla.jpg\",\"contentUrl\":\"https:\/\/www.pressenza.com\/wp-content\/uploads\/2025\/09\/boats2-768x744-frredomflotilla.jpg\",\"width\":768,\"height\":744},{\"@type\":\"BreadcrumbList\",\"@id\":\"https:\/\/www.pressenza.com\/fr\/2025\/09\/une-nouvelle-vague-de-bateaux-civils-pour-gaza\/#breadcrumb\",\"itemListElement\":[{\"@type\":\"ListItem\",\"position\":1,\"name\":\"Accueil\",\"item\":\"https:\/\/www.pressenza.com\/fr\/\"},{\"@type\":\"ListItem\",\"position\":2,\"name\":\"Une nouvelle vague de bateaux civils pour Gaza\"}]},{\"@type\":\"WebSite\",\"@id\":\"https:\/\/www.pressenza.com\/fr\/#website\",\"url\":\"https:\/\/www.pressenza.com\/fr\/\",\"name\":\"Pressenza\",\"description\":\"International Press Agency\",\"publisher\":{\"@id\":\"https:\/\/www.pressenza.com\/fr\/#organization\"},\"potentialAction\":[{\"@type\":\"SearchAction\",\"target\":{\"@type\":\"EntryPoint\",\"urlTemplate\":\"https:\/\/www.pressenza.com\/fr\/?s={search_term_string}\"},\"query-input\":{\"@type\":\"PropertyValueSpecification\",\"valueRequired\":true,\"valueName\":\"search_term_string\"}}],\"inLanguage\":\"fr-FR\"},{\"@type\":\"Organization\",\"@id\":\"https:\/\/www.pressenza.com\/fr\/#organization\",\"name\":\"Pressenza\",\"url\":\"https:\/\/www.pressenza.com\/fr\/\",\"logo\":{\"@type\":\"ImageObject\",\"inLanguage\":\"fr-FR\",\"@id\":\"https:\/\/www.pressenza.com\/fr\/#\/schema\/logo\/image\/\",\"url\":\"https:\/\/www.pressenza.com\/wp-content\/uploads\/2022\/10\/pressenza_logo_200x200.jpg\",\"contentUrl\":\"https:\/\/www.pressenza.com\/wp-content\/uploads\/2022\/10\/pressenza_logo_200x200.jpg\",\"width\":200,\"height\":200,\"caption\":\"Pressenza\"},\"image\":{\"@id\":\"https:\/\/www.pressenza.com\/fr\/#\/schema\/logo\/image\/\"},\"sameAs\":[\"https:\/\/www.facebook.com\/PressenzaItalia\",\"https:\/\/x.com\/PressenzaIPA\"]},{\"@type\":\"Person\",\"@id\":\"https:\/\/www.pressenza.com\/fr\/#\/schema\/person\/471dc9cf89b8c347b11a03357c83558e\",\"name\":\"Manfredo Pavoni Gay\",\"url\":\"https:\/\/www.pressenza.com\/fr\/author\/m-pavoni_gay\/\"}]}<\/script>\n<!-- \/ Yoast SEO plugin. -->","yoast_head_json":{"title":"Une nouvelle vague de bateaux civils pour Gaza","description":"Une deuxi\u00e8me flottille est pr\u00eate \u00e0 partir dans les prochains jours pour briser le blocus naval qui assi\u00e8ge la ville de Gaza depuis 2007, emp\u00eachant les","robots":{"index":"index","follow":"follow","max-snippet":"max-snippet:-1","max-image-preview":"max-image-preview:large","max-video-preview":"max-video-preview:-1"},"canonical":"https:\/\/www.pressenza.com\/fr\/2025\/09\/une-nouvelle-vague-de-bateaux-civils-pour-gaza\/","og_locale":"fr_FR","og_type":"article","og_title":"Une nouvelle vague de bateaux civils pour Gaza","og_description":"Une deuxi\u00e8me flottille est pr\u00eate \u00e0 partir dans les prochains jours pour briser le blocus naval qui assi\u00e8ge la ville de Gaza depuis 2007, emp\u00eachant les","og_url":"https:\/\/www.pressenza.com\/fr\/2025\/09\/une-nouvelle-vague-de-bateaux-civils-pour-gaza\/","og_site_name":"Pressenza","article_publisher":"https:\/\/www.facebook.com\/PressenzaItalia","article_published_time":"2025-09-24T13:56:02+00:00","article_modified_time":"2025-09-24T13:56:39+00:00","og_image":[{"width":768,"height":744,"url":"https:\/\/www.pressenza.com\/wp-content\/uploads\/2025\/09\/boats2-768x744-frredomflotilla.jpg","type":"image\/jpeg"}],"author":"Manfredo Pavoni Gay","twitter_card":"summary_large_image","twitter_creator":"@PressenzaIPA","twitter_site":"@PressenzaIPA","twitter_misc":{"\u00c9crit par":"Manfredo Pavoni Gay","Dur\u00e9e de lecture estim\u00e9e":"3 minutes"},"schema":{"@context":"https:\/\/schema.org","@graph":[{"@type":"Article","@id":"https:\/\/www.pressenza.com\/fr\/2025\/09\/une-nouvelle-vague-de-bateaux-civils-pour-gaza\/#article","isPartOf":{"@id":"https:\/\/www.pressenza.com\/fr\/2025\/09\/une-nouvelle-vague-de-bateaux-civils-pour-gaza\/"},"author":{"name":"Manfredo Pavoni Gay","@id":"https:\/\/www.pressenza.com\/fr\/#\/schema\/person\/471dc9cf89b8c347b11a03357c83558e"},"headline":"Une nouvelle vague de bateaux civils pour Gaza","datePublished":"2025-09-24T13:56:02+00:00","dateModified":"2025-09-24T13:56:39+00:00","mainEntityOfPage":{"@id":"https:\/\/www.pressenza.com\/fr\/2025\/09\/une-nouvelle-vague-de-bateaux-civils-pour-gaza\/"},"wordCount":580,"publisher":{"@id":"https:\/\/www.pressenza.com\/fr\/#organization"},"image":{"@id":"https:\/\/www.pressenza.com\/fr\/2025\/09\/une-nouvelle-vague-de-bateaux-civils-pour-gaza\/#primaryimage"},"thumbnailUrl":"https:\/\/www.pressenza.com\/wp-content\/uploads\/2025\/09\/boats2-768x744-frredomflotilla.jpg","keywords":["Conflit Isra\u00ebl Palestine","Flottille","Mille Madeleines","Palestine","Peppe De Cristofaro"],"articleSection":["News","Paix et D\u00e9sarmement","Proche et Moyen-Orient"],"inLanguage":"fr-FR"},{"@type":"WebPage","@id":"https:\/\/www.pressenza.com\/fr\/2025\/09\/une-nouvelle-vague-de-bateaux-civils-pour-gaza\/","url":"https:\/\/www.pressenza.com\/fr\/2025\/09\/une-nouvelle-vague-de-bateaux-civils-pour-gaza\/","name":"Une nouvelle vague de bateaux civils pour Gaza","isPartOf":{"@id":"https:\/\/www.pressenza.com\/fr\/#website"},"primaryImageOfPage":{"@id":"https:\/\/www.pressenza.com\/fr\/2025\/09\/une-nouvelle-vague-de-bateaux-civils-pour-gaza\/#primaryimage"},"image":{"@id":"https:\/\/www.pressenza.com\/fr\/2025\/09\/une-nouvelle-vague-de-bateaux-civils-pour-gaza\/#primaryimage"},"thumbnailUrl":"https:\/\/www.pressenza.com\/wp-content\/uploads\/2025\/09\/boats2-768x744-frredomflotilla.jpg","datePublished":"2025-09-24T13:56:02+00:00","dateModified":"2025-09-24T13:56:39+00:00","description":"Une deuxi\u00e8me flottille est pr\u00eate \u00e0 partir dans les prochains jours pour briser le blocus naval qui assi\u00e8ge la ville de Gaza depuis 2007, emp\u00eachant les","breadcrumb":{"@id":"https:\/\/www.pressenza.com\/fr\/2025\/09\/une-nouvelle-vague-de-bateaux-civils-pour-gaza\/#breadcrumb"},"inLanguage":"fr-FR","potentialAction":[{"@type":"ReadAction","target":["https:\/\/www.pressenza.com\/fr\/2025\/09\/une-nouvelle-vague-de-bateaux-civils-pour-gaza\/"]}]},{"@type":"ImageObject","inLanguage":"fr-FR","@id":"https:\/\/www.pressenza.com\/fr\/2025\/09\/une-nouvelle-vague-de-bateaux-civils-pour-gaza\/#primaryimage","url":"https:\/\/www.pressenza.com\/wp-content\/uploads\/2025\/09\/boats2-768x744-frredomflotilla.jpg","contentUrl":"https:\/\/www.pressenza.com\/wp-content\/uploads\/2025\/09\/boats2-768x744-frredomflotilla.jpg","width":768,"height":744},{"@type":"BreadcrumbList","@id":"https:\/\/www.pressenza.com\/fr\/2025\/09\/une-nouvelle-vague-de-bateaux-civils-pour-gaza\/#breadcrumb","itemListElement":[{"@type":"ListItem","position":1,"name":"Accueil","item":"https:\/\/www.pressenza.com\/fr\/"},{"@type":"ListItem","position":2,"name":"Une nouvelle vague de bateaux civils pour Gaza"}]},{"@type":"WebSite","@id":"https:\/\/www.pressenza.com\/fr\/#website","url":"https:\/\/www.pressenza.com\/fr\/","name":"Pressenza","description":"International Press Agency","publisher":{"@id":"https:\/\/www.pressenza.com\/fr\/#organization"},"potentialAction":[{"@type":"SearchAction","target":{"@type":"EntryPoint","urlTemplate":"https:\/\/www.pressenza.com\/fr\/?s={search_term_string}"},"query-input":{"@type":"PropertyValueSpecification","valueRequired":true,"valueName":"search_term_string"}}],"inLanguage":"fr-FR"},{"@type":"Organization","@id":"https:\/\/www.pressenza.com\/fr\/#organization","name":"Pressenza","url":"https:\/\/www.pressenza.com\/fr\/","logo":{"@type":"ImageObject","inLanguage":"fr-FR","@id":"https:\/\/www.pressenza.com\/fr\/#\/schema\/logo\/image\/","url":"https:\/\/www.pressenza.com\/wp-content\/uploads\/2022\/10\/pressenza_logo_200x200.jpg","contentUrl":"https:\/\/www.pressenza.com\/wp-content\/uploads\/2022\/10\/pressenza_logo_200x200.jpg","width":200,"height":200,"caption":"Pressenza"},"image":{"@id":"https:\/\/www.pressenza.com\/fr\/#\/schema\/logo\/image\/"},"sameAs":["https:\/\/www.facebook.com\/PressenzaItalia","https:\/\/x.com\/PressenzaIPA"]},{"@type":"Person","@id":"https:\/\/www.pressenza.com\/fr\/#\/schema\/person\/471dc9cf89b8c347b11a03357c83558e","name":"Manfredo Pavoni Gay","url":"https:\/\/www.pressenza.com\/fr\/author\/m-pavoni_gay\/"}]}},"place":"Roma","original_article_url":"","_links":{"self":[{"href":"https:\/\/www.pressenza.com\/fr\/wp-json\/wp\/v2\/posts\/2638657","targetHints":{"allow":["GET"]}}],"collection":[{"href":"https:\/\/www.pressenza.com\/fr\/wp-json\/wp\/v2\/posts"}],"about":[{"href":"https:\/\/www.pressenza.com\/fr\/wp-json\/wp\/v2\/types\/post"}],"author":[{"embeddable":true,"href":"https:\/\/www.pressenza.com\/fr\/wp-json\/wp\/v2\/users\/2503"}],"replies":[{"embeddable":true,"href":"https:\/\/www.pressenza.com\/fr\/wp-json\/wp\/v2\/comments?post=2638657"}],"version-history":[{"count":2,"href":"https:\/\/www.pressenza.com\/fr\/wp-json\/wp\/v2\/posts\/2638657\/revisions"}],"predecessor-version":[{"id":2638662,"href":"https:\/\/www.pressenza.com\/fr\/wp-json\/wp\/v2\/posts\/2638657\/revisions\/2638662"}],"wp:featuredmedia":[{"embeddable":true,"href":"https:\/\/www.pressenza.com\/fr\/wp-json\/wp\/v2\/media\/2638658"}],"wp:attachment":[{"href":"https:\/\/www.pressenza.com\/fr\/wp-json\/wp\/v2\/media?parent=2638657"}],"wp:term":[{"taxonomy":"category","embeddable":true,"href":"https:\/\/www.pressenza.com\/fr\/wp-json\/wp\/v2\/categories?post=2638657"},{"taxonomy":"post_tag","embeddable":true,"href":"https:\/\/www.pressenza.com\/fr\/wp-json\/wp\/v2\/tags?post=2638657"}],"curies":[{"name":"wp","href":"https:\/\/api.w.org\/{rel}","templated":true}]}}