{"id":2638391,"date":"2025-09-23T23:11:30","date_gmt":"2025-09-23T22:11:30","guid":{"rendered":"https:\/\/www.pressenza.com\/?p=2638391"},"modified":"2025-09-23T23:29:56","modified_gmt":"2025-09-23T22:29:56","slug":"milan-transformer-la-colere-en-projet-politique","status":"publish","type":"post","link":"https:\/\/www.pressenza.com\/fr\/2025\/09\/milan-transformer-la-colere-en-projet-politique\/","title":{"rendered":"Milan : transformer la col\u00e8re en projet politique"},"content":{"rendered":"<p><span dir=\"auto\">Une belle manifestation \u00e0 Milan, ma ville, le jour de la gr\u00e8ve, ce lundi 22 septembre.<\/span><\/p>\n<p><span dir=\"auto\">Nous \u00e9tions si nombreux sous la pluie battante.<\/span><\/p>\n<p><span dir=\"auto\">Je me permets encore de l&rsquo;appeler <\/span><i><span dir=\"auto\">procession la\u00efque<\/span><\/i><span dir=\"auto\">, car c&rsquo;est davantage la condition dans laquelle nous nous d\u00e9pla\u00e7ons que la forme d&rsquo;une procession.<\/span><\/p>\n<p>Une manifestation, dans mon vocabulaire, implique une plateforme, une direction ou du moins une gestion strat\u00e9gique.<\/p>\n<p><span dir=\"auto\">Il me semble que ce n&rsquo;est pas le cas avec ces manifestations. Quelqu&rsquo;un s&rsquo;organise, g\u00e8re ses propres affaires, des milliers de personnes se joignent \u00e0 nous \u2013 d&rsquo;ailleurs, ce lundi 22, la marche a grossi au fur et \u00e0 mesure, et nous \u00e9tions au moins 50 000, apparemment \u2013 \u200b\u200bpetites associations, citoyens et groupes sans lien entre eux.<\/span><\/p>\n<p>Cela refl\u00e8te la soci\u00e9t\u00e9 moderne : hyper fragment\u00e9e, d\u00e9sunie, et o\u00f9 il n&rsquo;y a plus d&rsquo;acteurs pour disputer le pouvoir.<\/p>\n<p><span dir=\"auto\">En bref, ce fut une belle procession la\u00efque, du moins jusqu\u2019\u00e0 la fin.<\/span><\/p>\n<p><span dir=\"auto\">Nous partons de Cairoli, un grand classique, faisons demi-tour et revenons \u00e0 Cairoli. J&rsquo;imagine que c&rsquo;est pour <\/span><i><span dir=\"auto\">d\u00e9compresser sur<\/span><\/i><span dir=\"auto\"> la place.<\/span><\/p>\n<p><span dir=\"auto\">Les \u00e9coles de tous niveaux, m\u00eame les plus jeunes, signe que c&rsquo;est nous qui posons la question de l&rsquo;avenir.<\/span><\/p>\n<p><span dir=\"auto\">Je veux me diriger vers la t\u00eate. J&rsquo;y vais avec le Sottile. Un ami cher avec qui nous trions les cheveux en quatre pour comprendre et appeler les choses par leur nom. Je le perds, puis nous nous retrouvons. Nous nous perdrons encore et encore au fil de la promenade. La premi\u00e8re rencontre a lieu \u00e0 l&rsquo;Ago di Cadorna, comme si nous r\u00e9parions les fractures de quarante ans de n\u00e9olib\u00e9ralisme.<\/span><\/p>\n<p><span dir=\"auto\">Je salue les autres membres de ma communaut\u00e9 politique milanaise, toujours pr\u00e9sents.<\/span><\/p>\n<p><span dir=\"auto\">Je tends la t\u00eate et vois la banderole : \u00ab Pas m\u00eame un clou pour Isra\u00ebl. \u00bb<\/span><\/p>\n<p><span dir=\"auto\">Oh l\u00e0 l\u00e0 ! Je ne m&rsquo;attendais pas \u00e0 \u00e7a. \u00ab Jamais une banni\u00e8re ne m&rsquo;a autant convenu \u00bb, je l&rsquo;\u00e9cris sur ma page Facebook. J&rsquo;utilise cette page et je continuerai \u00e0 l&rsquo;utiliser pour construire, tant que l&rsquo;algorithme me laissera ne serait-ce qu&rsquo;un tout petit peu de marge. Mais t\u00f4t ou tard, je l&rsquo;abandonnerai.<\/span><\/p>\n<p><span dir=\"auto\">Je rencontre Andrea, un autre ami, et nous discutons et prenons de nos nouvelles. Nous avons r\u00e9cemment correspondu, racontant nos combats communs\u00a0: le mien au Circolo Tavo Burat de Biella, le sien lors de la manifestation pour Gaza, une initiative qui se d\u00e9roule silencieusement et significativement depuis des mois sur la Piazza del Duomo de Milan.<\/span><\/p>\n<p><span dir=\"auto\">Nous arrivons \u00e0 la gare. Du coin de l&rsquo;\u0153il, je per\u00e7ois du mouvement. Nous retournons au Duca d&rsquo;Aosta. Les policiers mettent leurs casques, ils sont en tenue anti-\u00e9meute.<\/span><\/p>\n<p><span dir=\"auto\">Il crie dans le couloir devant l&rsquo;entr\u00e9e de la gare, o\u00f9 autrefois les taxis affluaient.<\/span><\/p>\n<p><span dir=\"auto\"><span class=\"\" dir=\"auto\">La police ferme tous les acc\u00e8s, non seulement devant, mais dans toute la gare. Le segment du cort\u00e8ge qui s&rsquo;\u00e9tait gliss\u00e9 dans le couloir est bloqu\u00e9. Ils voulaient tout bloquer en criant \u00ab Tout le monde d\u00e9teste la police. \u00bb Ce n&rsquo;est pas un slogan que je connais. Je demande \u00e0 Sottile, qui me le traduit et me l&rsquo;explique.<\/span><\/span><\/p>\n<p><span dir=\"auto\">Je pense : \u00ab Ce n\u2019est pas vrai, la majorit\u00e9 r\u00e9clame la police et la s\u00e9curit\u00e9 \u00bb.<\/span><\/p>\n<p><span dir=\"auto\">Puis je suis parti. Je n&rsquo;ai pas de temps \u00e0 perdre au <\/span><i><span dir=\"auto\">cin\u00e9ma<\/span><\/i><span dir=\"auto\"> du coin.<\/span><\/p>\n<p><span dir=\"auto\">En quittant ce qui \u00e9tait autrefois ma ville natale, traversant la crue de la rivi\u00e8re Seveso (qui se produit chaque fois qu&rsquo;il pleut un peu plus que d&rsquo;habitude), j&rsquo;allume la radio, j&rsquo;\u00e9coute Radio Popolare et j&rsquo;\u00e9coute le d\u00e9roulement des affrontements. Je repense \u00e0 ce qui m&rsquo;est arriv\u00e9. Je pense \u00e0 la col\u00e8re que suscitent des ann\u00e9es de mensonges sur le g\u00e9nocide palestinien.<\/span><\/p>\n<p><span dir=\"auto\">Je pense que pour <\/span><i><a href=\"https:\/\/www.peacelink.it\/schede\/a\/49909.html\"><span dir=\"auto\">changer le monde sans prendre le pouvoir<\/span><\/a><span dir=\"auto\"> ,<\/span><\/i><span dir=\"auto\"> comme l&rsquo;\u00e9crit Holloway, il faut construire beaucoup de consensus et que tout bloquer nous force \u00e0 nous enfermer dans une barri\u00e8re.<\/span><\/p>\n<p><span dir=\"auto\">Chers jeunes et moins jeunes, vous \u00e9tiez nombreux dans les couloirs de la gare centrale hier. \u00cates-vous s\u00fbrs que c&rsquo;est la bonne transition\u00a0? De la col\u00e8re qui gronde dans les cort\u00e8ges \u00e0 l&rsquo;assaut imm\u00e9diat contre les services publics essentiels\u00a0?<\/span><\/p>\n<p><span dir=\"auto\">Il serait peut-\u00eatre pr\u00e9f\u00e9rable que les dockers le fassent ; ils ont plus d&rsquo;exp\u00e9rience en mati\u00e8re de blocages logistiques.<\/span><\/p>\n<p><span dir=\"auto\">Nous autres, nous pensons \u00e0 mieux nous conna\u00eetre, \u00e0 nous lancer dans un voyage, \u00e0 construire d&rsquo;autres modes de vie. Les temps sont difficiles et le deviendront davantage ; nous ne faisons pas exactement ce que les puissants nous demandent. Ce serait manquer de subtilit\u00e9<\/span><em><span dir=\"auto\">,<\/span><\/em><span dir=\"auto\"> et pour sortir de l&rsquo;impasse dans laquelle nous nous trouvons, la subtilit\u00e9 est n\u00e9cessaire, m\u00eame pour g\u00e9rer la col\u00e8re.<\/span><\/p>\n","protected":false},"excerpt":{"rendered":"<p>Une belle manifestation \u00e0 Milan, ma ville, le jour de la gr\u00e8ve, ce lundi 22 septembre. Nous \u00e9tions si nombreux sous la pluie battante. Je me permets encore de l&rsquo;appeler procession la\u00efque, car c&rsquo;est davantage la condition dans laquelle nous&hellip;<\/p>\n","protected":false},"author":2083,"featured_media":2638392,"comment_status":"closed","ping_status":"closed","sticky":false,"template":"","format":"standard","meta":{"footnotes":""},"categories":[11386,46977,124282,1248,95],"tags":[88337,117586,307,57061,1113],"class_list":["post-2638391","post","type-post","status-publish","format-standard","has-post-thumbnail","hentry","category-contenu-original","category-jeunes","category-news-fr","category-nonviolence-sujet","category-affaires-etrangeres","tag-affrontements","tag-conflit-israel-palestine","tag-manifestation","tag-milan-fr","tag-palestine-fr"],"yoast_head":"<!-- This site is optimized with the Yoast SEO plugin v27.1.1 - https:\/\/yoast.com\/product\/yoast-seo-wordpress\/ -->\n<title>Milan : transformer la col\u00e8re en projet politique<\/title>\n<meta name=\"description\" content=\"Une belle manifestation \u00e0 Milan, ma ville, le jour de la gr\u00e8ve, ce lundi 22 septembre. Nous \u00e9tions si nombreux sous la pluie battante. Je me permets\" \/>\n<meta name=\"robots\" content=\"index, follow, max-snippet:-1, max-image-preview:large, max-video-preview:-1\" \/>\n<link rel=\"canonical\" href=\"https:\/\/www.pressenza.com\/fr\/2025\/09\/milan-transformer-la-colere-en-projet-politique\/\" \/>\n<meta property=\"og:locale\" content=\"fr_FR\" \/>\n<meta property=\"og:type\" content=\"article\" \/>\n<meta property=\"og:title\" content=\"Milan : transformer la col\u00e8re en projet politique\" \/>\n<meta property=\"og:description\" content=\"Une belle manifestation \u00e0 Milan, ma ville, le jour de la gr\u00e8ve, ce lundi 22 septembre. Nous \u00e9tions si nombreux sous la pluie battante. Je me permets\" \/>\n<meta property=\"og:url\" content=\"https:\/\/www.pressenza.com\/fr\/2025\/09\/milan-transformer-la-colere-en-projet-politique\/\" \/>\n<meta property=\"og:site_name\" content=\"Pressenza\" \/>\n<meta property=\"article:publisher\" content=\"https:\/\/www.facebook.com\/PressenzaItalia\" \/>\n<meta property=\"article:published_time\" content=\"2025-09-23T22:11:30+00:00\" \/>\n<meta property=\"article:modified_time\" content=\"2025-09-23T22:29:56+00:00\" \/>\n<meta property=\"og:image\" content=\"https:\/\/www.pressenza.com\/wp-content\/uploads\/2025\/09\/IMG_20250922_095657-2-e1758688589559.jpg\" \/>\n\t<meta property=\"og:image:width\" content=\"1920\" \/>\n\t<meta property=\"og:image:height\" content=\"1083\" \/>\n\t<meta property=\"og:image:type\" content=\"image\/jpeg\" \/>\n<meta name=\"author\" content=\"Ettore Macchieraldo\" \/>\n<meta name=\"twitter:card\" content=\"summary_large_image\" \/>\n<meta name=\"twitter:creator\" content=\"@PressenzaIPA\" \/>\n<meta name=\"twitter:site\" content=\"@PressenzaIPA\" \/>\n<meta name=\"twitter:label1\" content=\"\u00c9crit par\" \/>\n\t<meta name=\"twitter:data1\" content=\"Ettore Macchieraldo\" \/>\n\t<meta name=\"twitter:label2\" content=\"Dur\u00e9e de lecture estim\u00e9e\" \/>\n\t<meta name=\"twitter:data2\" content=\"4 minutes\" \/>\n<script type=\"application\/ld+json\" class=\"yoast-schema-graph\">{\"@context\":\"https:\/\/schema.org\",\"@graph\":[{\"@type\":\"Article\",\"@id\":\"https:\/\/www.pressenza.com\/fr\/2025\/09\/milan-transformer-la-colere-en-projet-politique\/#article\",\"isPartOf\":{\"@id\":\"https:\/\/www.pressenza.com\/fr\/2025\/09\/milan-transformer-la-colere-en-projet-politique\/\"},\"author\":{\"name\":\"Ettore Macchieraldo\",\"@id\":\"https:\/\/www.pressenza.com\/fr\/#\/schema\/person\/0fc703d72c5e915fb1a513aa8a42b812\"},\"headline\":\"Milan : transformer la col\u00e8re en projet politique\",\"datePublished\":\"2025-09-23T22:11:30+00:00\",\"dateModified\":\"2025-09-23T22:29:56+00:00\",\"mainEntityOfPage\":{\"@id\":\"https:\/\/www.pressenza.com\/fr\/2025\/09\/milan-transformer-la-colere-en-projet-politique\/\"},\"wordCount\":822,\"publisher\":{\"@id\":\"https:\/\/www.pressenza.com\/fr\/#organization\"},\"image\":{\"@id\":\"https:\/\/www.pressenza.com\/fr\/2025\/09\/milan-transformer-la-colere-en-projet-politique\/#primaryimage\"},\"thumbnailUrl\":\"https:\/\/www.pressenza.com\/wp-content\/uploads\/2025\/09\/IMG_20250922_095657-2-e1758688589559.jpg\",\"keywords\":[\"affrontements\",\"Conflit Isra\u00ebl Palestine\",\"manifestation\",\"Milan\",\"Palestine\"],\"articleSection\":[\"Contenu Original\",\"Jeunes\",\"News\",\"Non-violence\",\"Relations internationales\"],\"inLanguage\":\"fr-FR\"},{\"@type\":\"WebPage\",\"@id\":\"https:\/\/www.pressenza.com\/fr\/2025\/09\/milan-transformer-la-colere-en-projet-politique\/\",\"url\":\"https:\/\/www.pressenza.com\/fr\/2025\/09\/milan-transformer-la-colere-en-projet-politique\/\",\"name\":\"Milan : transformer la col\u00e8re en projet politique\",\"isPartOf\":{\"@id\":\"https:\/\/www.pressenza.com\/fr\/#website\"},\"primaryImageOfPage\":{\"@id\":\"https:\/\/www.pressenza.com\/fr\/2025\/09\/milan-transformer-la-colere-en-projet-politique\/#primaryimage\"},\"image\":{\"@id\":\"https:\/\/www.pressenza.com\/fr\/2025\/09\/milan-transformer-la-colere-en-projet-politique\/#primaryimage\"},\"thumbnailUrl\":\"https:\/\/www.pressenza.com\/wp-content\/uploads\/2025\/09\/IMG_20250922_095657-2-e1758688589559.jpg\",\"datePublished\":\"2025-09-23T22:11:30+00:00\",\"dateModified\":\"2025-09-23T22:29:56+00:00\",\"description\":\"Une belle manifestation \u00e0 Milan, ma ville, le jour de la gr\u00e8ve, ce lundi 22 septembre. Nous \u00e9tions si nombreux sous la pluie battante. Je me permets\",\"breadcrumb\":{\"@id\":\"https:\/\/www.pressenza.com\/fr\/2025\/09\/milan-transformer-la-colere-en-projet-politique\/#breadcrumb\"},\"inLanguage\":\"fr-FR\",\"potentialAction\":[{\"@type\":\"ReadAction\",\"target\":[\"https:\/\/www.pressenza.com\/fr\/2025\/09\/milan-transformer-la-colere-en-projet-politique\/\"]}]},{\"@type\":\"ImageObject\",\"inLanguage\":\"fr-FR\",\"@id\":\"https:\/\/www.pressenza.com\/fr\/2025\/09\/milan-transformer-la-colere-en-projet-politique\/#primaryimage\",\"url\":\"https:\/\/www.pressenza.com\/wp-content\/uploads\/2025\/09\/IMG_20250922_095657-2-e1758688589559.jpg\",\"contentUrl\":\"https:\/\/www.pressenza.com\/wp-content\/uploads\/2025\/09\/IMG_20250922_095657-2-e1758688589559.jpg\",\"width\":1920,\"height\":1083,\"caption\":\"di Ettore Macchieraldo\"},{\"@type\":\"BreadcrumbList\",\"@id\":\"https:\/\/www.pressenza.com\/fr\/2025\/09\/milan-transformer-la-colere-en-projet-politique\/#breadcrumb\",\"itemListElement\":[{\"@type\":\"ListItem\",\"position\":1,\"name\":\"Accueil\",\"item\":\"https:\/\/www.pressenza.com\/fr\/\"},{\"@type\":\"ListItem\",\"position\":2,\"name\":\"Milan : transformer la col\u00e8re en projet politique\"}]},{\"@type\":\"WebSite\",\"@id\":\"https:\/\/www.pressenza.com\/fr\/#website\",\"url\":\"https:\/\/www.pressenza.com\/fr\/\",\"name\":\"Pressenza\",\"description\":\"International Press Agency\",\"publisher\":{\"@id\":\"https:\/\/www.pressenza.com\/fr\/#organization\"},\"potentialAction\":[{\"@type\":\"SearchAction\",\"target\":{\"@type\":\"EntryPoint\",\"urlTemplate\":\"https:\/\/www.pressenza.com\/fr\/?s={search_term_string}\"},\"query-input\":{\"@type\":\"PropertyValueSpecification\",\"valueRequired\":true,\"valueName\":\"search_term_string\"}}],\"inLanguage\":\"fr-FR\"},{\"@type\":\"Organization\",\"@id\":\"https:\/\/www.pressenza.com\/fr\/#organization\",\"name\":\"Pressenza\",\"url\":\"https:\/\/www.pressenza.com\/fr\/\",\"logo\":{\"@type\":\"ImageObject\",\"inLanguage\":\"fr-FR\",\"@id\":\"https:\/\/www.pressenza.com\/fr\/#\/schema\/logo\/image\/\",\"url\":\"https:\/\/www.pressenza.com\/wp-content\/uploads\/2022\/10\/pressenza_logo_200x200.jpg\",\"contentUrl\":\"https:\/\/www.pressenza.com\/wp-content\/uploads\/2022\/10\/pressenza_logo_200x200.jpg\",\"width\":200,\"height\":200,\"caption\":\"Pressenza\"},\"image\":{\"@id\":\"https:\/\/www.pressenza.com\/fr\/#\/schema\/logo\/image\/\"},\"sameAs\":[\"https:\/\/www.facebook.com\/PressenzaItalia\",\"https:\/\/x.com\/PressenzaIPA\"]},{\"@type\":\"Person\",\"@id\":\"https:\/\/www.pressenza.com\/fr\/#\/schema\/person\/0fc703d72c5e915fb1a513aa8a42b812\",\"name\":\"Ettore Macchieraldo\",\"url\":\"https:\/\/www.pressenza.com\/fr\/author\/ettore-macchieraldo\/\"}]}<\/script>\n<!-- \/ Yoast SEO plugin. -->","yoast_head_json":{"title":"Milan : transformer la col\u00e8re en projet politique","description":"Une belle manifestation \u00e0 Milan, ma ville, le jour de la gr\u00e8ve, ce lundi 22 septembre. Nous \u00e9tions si nombreux sous la pluie battante. Je me permets","robots":{"index":"index","follow":"follow","max-snippet":"max-snippet:-1","max-image-preview":"max-image-preview:large","max-video-preview":"max-video-preview:-1"},"canonical":"https:\/\/www.pressenza.com\/fr\/2025\/09\/milan-transformer-la-colere-en-projet-politique\/","og_locale":"fr_FR","og_type":"article","og_title":"Milan : transformer la col\u00e8re en projet politique","og_description":"Une belle manifestation \u00e0 Milan, ma ville, le jour de la gr\u00e8ve, ce lundi 22 septembre. Nous \u00e9tions si nombreux sous la pluie battante. Je me permets","og_url":"https:\/\/www.pressenza.com\/fr\/2025\/09\/milan-transformer-la-colere-en-projet-politique\/","og_site_name":"Pressenza","article_publisher":"https:\/\/www.facebook.com\/PressenzaItalia","article_published_time":"2025-09-23T22:11:30+00:00","article_modified_time":"2025-09-23T22:29:56+00:00","og_image":[{"width":1920,"height":1083,"url":"https:\/\/www.pressenza.com\/wp-content\/uploads\/2025\/09\/IMG_20250922_095657-2-e1758688589559.jpg","type":"image\/jpeg"}],"author":"Ettore Macchieraldo","twitter_card":"summary_large_image","twitter_creator":"@PressenzaIPA","twitter_site":"@PressenzaIPA","twitter_misc":{"\u00c9crit par":"Ettore Macchieraldo","Dur\u00e9e de lecture estim\u00e9e":"4 minutes"},"schema":{"@context":"https:\/\/schema.org","@graph":[{"@type":"Article","@id":"https:\/\/www.pressenza.com\/fr\/2025\/09\/milan-transformer-la-colere-en-projet-politique\/#article","isPartOf":{"@id":"https:\/\/www.pressenza.com\/fr\/2025\/09\/milan-transformer-la-colere-en-projet-politique\/"},"author":{"name":"Ettore Macchieraldo","@id":"https:\/\/www.pressenza.com\/fr\/#\/schema\/person\/0fc703d72c5e915fb1a513aa8a42b812"},"headline":"Milan : transformer la col\u00e8re en projet politique","datePublished":"2025-09-23T22:11:30+00:00","dateModified":"2025-09-23T22:29:56+00:00","mainEntityOfPage":{"@id":"https:\/\/www.pressenza.com\/fr\/2025\/09\/milan-transformer-la-colere-en-projet-politique\/"},"wordCount":822,"publisher":{"@id":"https:\/\/www.pressenza.com\/fr\/#organization"},"image":{"@id":"https:\/\/www.pressenza.com\/fr\/2025\/09\/milan-transformer-la-colere-en-projet-politique\/#primaryimage"},"thumbnailUrl":"https:\/\/www.pressenza.com\/wp-content\/uploads\/2025\/09\/IMG_20250922_095657-2-e1758688589559.jpg","keywords":["affrontements","Conflit Isra\u00ebl Palestine","manifestation","Milan","Palestine"],"articleSection":["Contenu Original","Jeunes","News","Non-violence","Relations internationales"],"inLanguage":"fr-FR"},{"@type":"WebPage","@id":"https:\/\/www.pressenza.com\/fr\/2025\/09\/milan-transformer-la-colere-en-projet-politique\/","url":"https:\/\/www.pressenza.com\/fr\/2025\/09\/milan-transformer-la-colere-en-projet-politique\/","name":"Milan : transformer la col\u00e8re en projet politique","isPartOf":{"@id":"https:\/\/www.pressenza.com\/fr\/#website"},"primaryImageOfPage":{"@id":"https:\/\/www.pressenza.com\/fr\/2025\/09\/milan-transformer-la-colere-en-projet-politique\/#primaryimage"},"image":{"@id":"https:\/\/www.pressenza.com\/fr\/2025\/09\/milan-transformer-la-colere-en-projet-politique\/#primaryimage"},"thumbnailUrl":"https:\/\/www.pressenza.com\/wp-content\/uploads\/2025\/09\/IMG_20250922_095657-2-e1758688589559.jpg","datePublished":"2025-09-23T22:11:30+00:00","dateModified":"2025-09-23T22:29:56+00:00","description":"Une belle manifestation \u00e0 Milan, ma ville, le jour de la gr\u00e8ve, ce lundi 22 septembre. Nous \u00e9tions si nombreux sous la pluie battante. Je me permets","breadcrumb":{"@id":"https:\/\/www.pressenza.com\/fr\/2025\/09\/milan-transformer-la-colere-en-projet-politique\/#breadcrumb"},"inLanguage":"fr-FR","potentialAction":[{"@type":"ReadAction","target":["https:\/\/www.pressenza.com\/fr\/2025\/09\/milan-transformer-la-colere-en-projet-politique\/"]}]},{"@type":"ImageObject","inLanguage":"fr-FR","@id":"https:\/\/www.pressenza.com\/fr\/2025\/09\/milan-transformer-la-colere-en-projet-politique\/#primaryimage","url":"https:\/\/www.pressenza.com\/wp-content\/uploads\/2025\/09\/IMG_20250922_095657-2-e1758688589559.jpg","contentUrl":"https:\/\/www.pressenza.com\/wp-content\/uploads\/2025\/09\/IMG_20250922_095657-2-e1758688589559.jpg","width":1920,"height":1083,"caption":"di Ettore Macchieraldo"},{"@type":"BreadcrumbList","@id":"https:\/\/www.pressenza.com\/fr\/2025\/09\/milan-transformer-la-colere-en-projet-politique\/#breadcrumb","itemListElement":[{"@type":"ListItem","position":1,"name":"Accueil","item":"https:\/\/www.pressenza.com\/fr\/"},{"@type":"ListItem","position":2,"name":"Milan : transformer la col\u00e8re en projet politique"}]},{"@type":"WebSite","@id":"https:\/\/www.pressenza.com\/fr\/#website","url":"https:\/\/www.pressenza.com\/fr\/","name":"Pressenza","description":"International Press Agency","publisher":{"@id":"https:\/\/www.pressenza.com\/fr\/#organization"},"potentialAction":[{"@type":"SearchAction","target":{"@type":"EntryPoint","urlTemplate":"https:\/\/www.pressenza.com\/fr\/?s={search_term_string}"},"query-input":{"@type":"PropertyValueSpecification","valueRequired":true,"valueName":"search_term_string"}}],"inLanguage":"fr-FR"},{"@type":"Organization","@id":"https:\/\/www.pressenza.com\/fr\/#organization","name":"Pressenza","url":"https:\/\/www.pressenza.com\/fr\/","logo":{"@type":"ImageObject","inLanguage":"fr-FR","@id":"https:\/\/www.pressenza.com\/fr\/#\/schema\/logo\/image\/","url":"https:\/\/www.pressenza.com\/wp-content\/uploads\/2022\/10\/pressenza_logo_200x200.jpg","contentUrl":"https:\/\/www.pressenza.com\/wp-content\/uploads\/2022\/10\/pressenza_logo_200x200.jpg","width":200,"height":200,"caption":"Pressenza"},"image":{"@id":"https:\/\/www.pressenza.com\/fr\/#\/schema\/logo\/image\/"},"sameAs":["https:\/\/www.facebook.com\/PressenzaItalia","https:\/\/x.com\/PressenzaIPA"]},{"@type":"Person","@id":"https:\/\/www.pressenza.com\/fr\/#\/schema\/person\/0fc703d72c5e915fb1a513aa8a42b812","name":"Ettore Macchieraldo","url":"https:\/\/www.pressenza.com\/fr\/author\/ettore-macchieraldo\/"}]}},"place":"Italie","original_article_url":"","_links":{"self":[{"href":"https:\/\/www.pressenza.com\/fr\/wp-json\/wp\/v2\/posts\/2638391","targetHints":{"allow":["GET"]}}],"collection":[{"href":"https:\/\/www.pressenza.com\/fr\/wp-json\/wp\/v2\/posts"}],"about":[{"href":"https:\/\/www.pressenza.com\/fr\/wp-json\/wp\/v2\/types\/post"}],"author":[{"embeddable":true,"href":"https:\/\/www.pressenza.com\/fr\/wp-json\/wp\/v2\/users\/2083"}],"replies":[{"embeddable":true,"href":"https:\/\/www.pressenza.com\/fr\/wp-json\/wp\/v2\/comments?post=2638391"}],"version-history":[{"count":2,"href":"https:\/\/www.pressenza.com\/fr\/wp-json\/wp\/v2\/posts\/2638391\/revisions"}],"predecessor-version":[{"id":2638394,"href":"https:\/\/www.pressenza.com\/fr\/wp-json\/wp\/v2\/posts\/2638391\/revisions\/2638394"}],"wp:featuredmedia":[{"embeddable":true,"href":"https:\/\/www.pressenza.com\/fr\/wp-json\/wp\/v2\/media\/2638392"}],"wp:attachment":[{"href":"https:\/\/www.pressenza.com\/fr\/wp-json\/wp\/v2\/media?parent=2638391"}],"wp:term":[{"taxonomy":"category","embeddable":true,"href":"https:\/\/www.pressenza.com\/fr\/wp-json\/wp\/v2\/categories?post=2638391"},{"taxonomy":"post_tag","embeddable":true,"href":"https:\/\/www.pressenza.com\/fr\/wp-json\/wp\/v2\/tags?post=2638391"}],"curies":[{"name":"wp","href":"https:\/\/api.w.org\/{rel}","templated":true}]}}