{"id":2633148,"date":"2025-09-05T15:42:16","date_gmt":"2025-09-05T14:42:16","guid":{"rendered":"https:\/\/www.pressenza.com\/?p=2633148"},"modified":"2025-09-05T15:42:16","modified_gmt":"2025-09-05T14:42:16","slug":"ou-trouver-lespoir-dans-cette-terre-entre-le-fleuve-et-la-mer-deuxieme-partie","status":"publish","type":"post","link":"https:\/\/www.pressenza.com\/fr\/2025\/09\/ou-trouver-lespoir-dans-cette-terre-entre-le-fleuve-et-la-mer-deuxieme-partie\/","title":{"rendered":"O\u00f9 trouver l\u2019espoir dans cette terre entre le fleuve et la mer ? Deuxi\u00e8me partie"},"content":{"rendered":"<p>Yuli Novak, directrice ex\u00e9cutive de B&rsquo;Tselem, l&rsquo;organisation non gouvernementale isra\u00e9lienne r\u00e9cemment cit\u00e9e par de nombreux journaux pour la publication du rapport \u00ab<i> Our Genocide <\/i>\u00bb, a \u00e9crit : \u00ab<i> Le g\u00e9nocide ne peut avoir lieu sans une participation massive, sans une population qui le soutient, le permet ou d\u00e9tourne le regard. Cela fait partie de sa trag\u00e9die. <\/i><b><i>Presque aucun pays<\/i><\/b> <b><i>ayant commis un g\u00e9nocide n&rsquo;a compris, en temps r\u00e9el, ce qu&rsquo;il \u00e9tait en train de faire.<\/i><\/b><i> L&rsquo;histoire est toujours la m\u00eame : l\u00e9gitime d\u00e9fense, in\u00e9vitabilit\u00e9, les victimes l&rsquo;ont bien cherch\u00e9. \u00bb<\/i><\/p>\n<p>B&rsquo;Tselem a \u00e9t\u00e9 fond\u00e9e en 1989, sa mission est de documenter et de d\u00e9noncer les violations des droits humains dans les territoires palestiniens occup\u00e9s (Cisjordanie, bande de Gaza et J\u00e9rusalem-Est) ; elle publie des rapports, des t\u00e9moignages vid\u00e9o, des enqu\u00eates juridiques et m\u00e8ne des campagnes de sensibilisation, destin\u00e9es \u00e0 la fois \u00e0 la soci\u00e9t\u00e9 isra\u00e9lienne et \u00e0 la communaut\u00e9 internationale. Dans son rapport de juillet 2025 intitul\u00e9 \u00ab Notre g\u00e9nocide \u00bb, <b>B&rsquo;Tselem affirme que, depuis octobre 2023, l&rsquo;\u00c9tat isra\u00e9lien m\u00e8ne une politique syst\u00e9matique d&rsquo;extermination \u00e0 l&rsquo;encontre de la bande de Gaza, qui \u00e9quivaut \u00e0 un g\u00e9nocide.<\/b><\/p>\n<p>La phrase \u00ab<i> Presque aucun pays ayant commis un g\u00e9nocide n&rsquo;a compris, en temps r\u00e9el, ce qu&rsquo;il \u00e9tait en train de faire \u00bb<\/i> n&rsquo;est pas une \u00e9ni\u00e8me justification, ni une circonstance att\u00e9nuante pour Isra\u00ebl. Je vois dans cette r\u00e9flexion de Yuli Novak le courage de se regarder dans le miroir, en tant que soci\u00e9t\u00e9 et en tant qu&rsquo;humanit\u00e9 en g\u00e9n\u00e9ral.<\/p>\n<p>\u00ab<i> Le g\u00e9nocide est g\u00e9n\u00e9ralement le r\u00e9sultat d&rsquo;une \u00e9volution progressive, au fil des ans, de conditions dans lesquelles un r\u00e9gime r\u00e9pressif et discriminatoire devient g\u00e9nocidaire.<\/i><b><i> Des d\u00e9cennies d&rsquo;occupation, d&rsquo;oppression et d&rsquo;apartheid ont entra\u00een\u00e9 une profonde d\u00e9shumanisation des Palestiniens, qui en sont venus \u00e0 \u00eatre consid\u00e9r\u00e9s par les Isra\u00e9liens comme une menace et un probl\u00e8me \u00e0 \u00ab r\u00e9soudre \u00bb. <\/i><\/b><i>De telles conditions peuvent persister longtemps sans d\u00e9boucher sur un g\u00e9nocide. Souvent, un \u00e9v\u00e9nement violent qui g\u00e9n\u00e8re un sentiment de menace existentielle sert de d\u00e9tonateur conduisant \u00e0 la commission effective d&rsquo;un g\u00e9nocide. Dans le cas de notre g\u00e9nocide, les horreurs du 7 octobre 2023 et le traumatisme subi par la soci\u00e9t\u00e9 isra\u00e9lienne ont en fait \u00e9t\u00e9 le d\u00e9tonateur d&rsquo;un assaut total contre la bande de Gaza, pr\u00e9sent\u00e9 comme un acte d&rsquo;autod\u00e9fense. L&rsquo;immense traumatisme des Isra\u00e9liens a \u00e9t\u00e9 exploit\u00e9 par l&rsquo;actuel gouvernement d&rsquo;extr\u00eame droite pour mener une politique que des personnalit\u00e9s cl\u00e9s tentaient<\/i> <i>d\u00e9j\u00e0 de promouvoir. \u00bb<\/i> <a href=\"https:\/\/www.btselem.org\/publications\/202507_our_genocide\">https:\/\/www.btselem.org\/publications\/202507_our_genocide<\/a><\/p>\n<p>En Turquie, le g\u00e9nocide arm\u00e9nien est encore officiellement tabou.<\/p>\n<p>Au Canada, ce n&rsquo;est qu&rsquo;au cours des derni\u00e8res d\u00e9cennies que le g\u00e9nocide des populations autochtones a fait son apparition dans la conscience collective. Pendant plus d&rsquo;un si\u00e8cle (du XIXe si\u00e8cle jusqu&rsquo;aux ann\u00e9es 90 !!), les enfants autochtones ont \u00e9t\u00e9 retir\u00e9s \u00e0 leurs familles et contraints de vivre dans des pensionnats, o\u00f9 ils subissaient des mauvais traitements, des abus physiques et psychologiques, et o\u00f9 on leur interdisait de parler leur langue et de conserver leur culture. La soci\u00e9t\u00e9 canadienne blanche \u00e9tait-elle au courant ?<\/p>\n<p>En Italie, la conscience collective continue de refouler ou de minimiser le colonialisme italien et les violences perp\u00e9tr\u00e9es (utilisation de gaz en \u00c9thiopie, camps de concentration en Libye, r\u00e9pressions brutales en Somalie). L&rsquo;imaginaire populaire et m\u00e9diatique italien tend \u00e0 repr\u00e9senter le colonialisme comme \u00ab doux \u00bb ou \u00ab humanitaire \u00bb, \u00e0 travers le mythe des \u00ab Italiens, un peuple bon \u00bb. La soci\u00e9t\u00e9 italienne \u00e9tait-elle au courant ?<\/p>\n<p>En Europe, les migrants \u00ab<i> en sont venus \u00e0 \u00eatre consid\u00e9r\u00e9s comme une menace et un probl\u00e8me \u00e0 \u00ab r\u00e9soudre \u00bb. <\/i>Les m\u00eames mots utilis\u00e9s<i> pa<\/i>r B&rsquo;Tselem pour les Palestiniens peuvent \u00eatre utilis\u00e9s pour d\u00e9crire le processus de d\u00e9shumanisation des migrants en Europe. R\u00e9cemment, 13 personnes ont d\u00e9barqu\u00e9 sur la plage de Sotillo \u00e0 Castell de Ferro, dans la province de Grenade (Andalousie). Les baigneurs ont r\u00e9agi de mani\u00e8re agressive : ils les ont poursuivis, attrap\u00e9s et immobilis\u00e9s. On voit dans une sc\u00e8ne un homme en maillot de bain orange agenouill\u00e9 sur le dos d&rsquo;un des migrants, attendant l&rsquo;arriv\u00e9e des forces de l&rsquo;ordre. Personne n&rsquo;a agi avec compassion, humanit\u00e9&#8230; Comment est-ce possible ? C&rsquo;est&#8230; monstrueux&#8230;\u00a0<a href=\"https:\/\/link.sbstck.com\/redirect\/6dcc6f74-6bbb-4c64-9104-c7f6ac814bd1?j=eyJ1IjoiaHdjNmYifQ.LqzQzOw4TtujLBIu_25IhfxpmSrtP0dA4KFQumM7T0k\">https:\/\/www.thetimes.com\/world\/europe\/article\/speedboat-migrants-spain-sunbathers-6n6gpdksj?utm_source=chatgpt.com<\/a><\/p>\n<p>Les monstres ne sont pas quelque part l\u00e0-bas. Ils sont en chacun de nous. Il est possible que nous ne fassions pas partie de ceux qui d\u00e9shumanisent les migrants, les r\u00e9fugi\u00e9s, les Rom&#8230; Pourtant, il est possible que nous fassions partie de ceux qui d\u00e9shumanisent les fascistes, les trumpistes&#8230; Ou s&rsquo;ils n&rsquo;en arrivent pas \u00e0 la d\u00e9shumanisation, ils jouent en tout cas sur le terrain de la polarisation.<\/p>\n<p><i>\u00ab<\/i><b><i> Les tactiques de polarisation, <\/i><\/b><i>l<\/i><i>es guerres culturelles et le purisme moral, \u00e9crit Evans, sont utilis\u00e9s pour \u00e9veiller les consciences et mobiliser, mais le r\u00e9sultat peut \u00eatre davantage d&rsquo;oppression, moins d&#8217;empathie, plus d&rsquo;agressivit\u00e9, moins d&rsquo;esprit critique, plus de pens\u00e9e collective \u00bb. Elles risquent de diviser les militants pour la justice sociale \u00ab en factions plus obs\u00e9d\u00e9es les unes par les autres que par la fin de l&rsquo;injustice qui est leur cause commune \u00bb. Avec pour r\u00e9sultat qu&rsquo;\u00ab au lieu de nous attaquer aux probl\u00e8mes du monde r\u00e9el, nous gaspillons une \u00e9nergie politique pr\u00e9cieuse pour g\u00e9rer la polarisation elle-m\u00eame <\/i>\u00bb. (Diego Galli, <a href=\"https:\/\/www.rigenerazionale.it\/p\/polarizzazione\">https:\/\/www.rigenerazionale.it\/p\/polarizzazione<\/a>)<\/p>\n<p>\u00c0 propos de \u00ab purisme moral \u00bb&#8230; Standing Together figure sur la liste des organisations \u00e0 boycotter dress\u00e9e par \u00ab <i>The Palestinian Campaign for the Academic and Cultural Boycott of Israel<\/i> (PACBI) \u00bb, membre fondateur du mouvement BDS. L&rsquo;organisation est accus\u00e9e de \u00ab normalisation \u00bb, c&rsquo;est-\u00e0-dire de rendre normal le statu quo et d&rsquo;attirer l&rsquo;attention uniquement sur la haine et l&#8217;empathie, sans pointer du doigt les causes structurelles du conflit, l&rsquo;oppression, l&rsquo;occupation et l&rsquo;apartheid.<b> L&rsquo;accusation de normalisation est souvent port\u00e9e contre les mouvements conjoints d&rsquo;Isra\u00e9liens et de Palestiniens<\/b>.<\/p>\n<p>Certes, la normalisation du <i>statu quo<\/i> et le conte de f\u00e9es de la coexistence entre Juifs et Palestiniens qui jouent et chantent ensemble sont insidieux, mais l&rsquo;accusation de normalisation port\u00e9e contre <i>Standing Together <\/i>l&rsquo;est tout autant. On peut lire sur le site web du mouvement BDS (<a href=\"https:\/\/www.bdsmovement.net\/standing-together-normalization\">https:\/\/www.bdsmovement.net\/standing-together-normalization<\/a>) que<i> Standing Together <\/i>promeut l&rsquo;id\u00e9e que les Palestiniens et les Isra\u00e9liens peuvent coexister s&rsquo;ils choisissent l&#8217;empathie plut\u00f4t que la haine, mais ne reconna\u00eet pas le r\u00e9gime d&rsquo;apartheid et de colonisation isra\u00e9lien comme la cause principale du conflit. En r\u00e9alit\u00e9, Standing Together reconna\u00eet le r\u00e9gime d&rsquo;in\u00e9galit\u00e9 et d\u00e9nonce le r\u00e9gime d&rsquo;occupation. Pourquoi alors les boycotter ?<\/p>\n<p>Lors d&rsquo;une interview sur CNN, la journaliste Christiane Amanpour a d\u00e9clar\u00e9 \u00e0 Rula Daood, codirectrice de \u00ab<i> Standing Together<\/i> \u00bb : \u00ab<i> Certains Palestiniens vous ont critiqu\u00e9s. Ils vous accusent en quelque sorte de normaliser l&rsquo;occupation. Le mouvement BDS a d\u00e9clar\u00e9 qu&rsquo;il s&rsquo;agissait d&rsquo;une normalisation&#8230; \u00bb.<\/i><\/p>\n<p>Rula Daood a r\u00e9pondu : \u00ab &#8230; <i>Quand on est confortablement install\u00e9 chez soi aux \u00c9tats-Unis ou en Europe, il est beaucoup plus facile de nous regarder sans comprendre les r\u00e9alit\u00e9s dans lesquelles nous vivons&#8230; Parfois, cela peut \u00eatre par ignorance&#8230; Je suis une citoyenne palestinienne d&rsquo;Isra\u00ebl et la vie n&rsquo;est pas facile. Nous sommes des citoyens de deuxi\u00e8me classe&#8230; Donc, venir ici et boycotter les seuls militants \u2013 qu&rsquo;ils soient palestiniens ou juifs \u2013 qui osent s&rsquo;opposer \u00e0 ce gouvernement, parler un langage diff\u00e9rent, dire que cette occupation doit cesser, que cette guerre doit cesser, qu&rsquo;il doit y avoir un accord sur la table pour que les prisonniers puissent rentrer chez eux&#8230; cela revient simplement \u00e0 aller \u00e0 l&rsquo;encontre de la volont\u00e9 du peuple. Si vous \u00eates vraiment r\u00e9volutionnaire, vous comprenez qu&rsquo;il y a des gens qui souffrent et qu&rsquo;il y a des gouvernements. \u00bb<\/i><\/p>\n<p>Vous pouvez regarder l&rsquo;int\u00e9gralit\u00e9 de l&rsquo;interview \u00e0 ce lien (<a href=\"https:\/\/link.sbstck.com\/redirect\/6538ad20-2219-43d0-9986-2da99edb654b?j=eyJ1IjoiaHdjNmYifQ.LqzQzOw4TtujLBIu_25IhfxpmSrtP0dA4KFQumM7T0k\">https:\/\/edition.cnn.com\/2025\/05\/14\/Tv\/video\/amanpour-green-daood<\/a>) et je l&rsquo;ai revue. Une partie de moi aurait peut-\u00eatre souhait\u00e9 que Rula et Alon-Lee soient plus incisifs dans leur d\u00e9nonciation de l&rsquo;occupation militaire et des conditions d&rsquo;apartheid. Une partie de moi \u00e9tait peut-\u00eatre m\u00eame agac\u00e9e par le titre \u00ab La douleur est une douleur r\u00e9ciproque \u00bb, car comment peut-on comparer la douleur du groupe des opprim\u00e9s et celle du groupe des oppresseurs ?<\/p>\n<p>Pourtant, comme le rappellent les <i>Combatants for Peace <\/i>(CfP) dans leurs invitations \u00e0 la <i>Joint<\/i> <i>Memorial Ceremony<\/i> : \u00ab <b><i>Dans notre deuil commun, nous ne cherchons pas \u00e0 mettre les r\u00e9cits sur un pied d&rsquo;\u00e9galit\u00e9, mais \u00e0 transformer le d\u00e9sespoir en espoir et \u00e0 construire des ponts de profonde compassion capables de changer la r\u00e9alit\u00e9&#8230; <\/i><\/b><i>\u00bb. La Joint Memorial Ceremony e<\/i>st organis\u00e9e par les CfP et le \u00ab<i> Parents Circle Families Forum<\/i> \u00bb. Elle a lieu chaque ann\u00e9e \u00e0 la veille du Yom Hazikaron (Jour du Souvenir isra\u00e9lien) qui, dans la culture dominante isra\u00e9lienne, tend \u00e0 renforcer les r\u00e9cits culturels de douleur, de victimisation et de d\u00e9sespoir. La c\u00e9r\u00e9monie transforme ce r\u00e9cit en amenant les Palestiniens et les Isra\u00e9liens \u00e0 \u00ab pleurer ensemble et \u00e0 fa\u00e7onner une autre voie possible \u00bb.<\/p>\n<p>Alors oui, la douleur est la m\u00eame, m\u00eame si la condition pr\u00e9alable \u00e0 cette reconnaissance passe par la reconnaissance pr\u00e9alable des asym\u00e9tries de pouvoir, des structures oppressives et des responsabilit\u00e9s. \u00ab <i>Nous reconnaissons la diff\u00e9rence dans les dynamiques de pouvoir entre Isra\u00e9liens et Palestiniens et nous utilisons nos privil\u00e8ges en travaillant ensemble pour r\u00e9sister \u00e0 l&rsquo;injustice. \u00bb <\/i>(Extrait du site CfP <a href=\"https:\/\/link.sbstck.com\/redirect\/508b9677-fcb4-4a49-95c7-b43583861848?j=eyJ1IjoiaHdjNmYifQ.LqzQzOw4TtujLBIu_25IhfxpmSrtP0dA4KFQumM7T0k\">https:\/\/www.cfpeace.org\/combatants-for-peace<\/a>)<\/p>\n<p><b>Les mouvements conjoints des isra\u00e9liens juifs\u00a0 et\u00a0 palestiniens sont pris entre deux feux<\/b> : d&rsquo;un c\u00f4t\u00e9, les Palestiniens ou les pro-Palestiniens, qui les accusent de normalisation ou n&rsquo;acceptent pas qu&rsquo;il puisse y avoir des Isra\u00e9liens dans la lutte pour une Palestine libre (pour simplifier) ; de l&rsquo;autre c\u00f4t\u00e9, les Isra\u00e9liens ou les pro-Isra\u00e9liens, qui les accusent d&rsquo;\u00eatre antis\u00e9mites et\/ou des tra\u00eetres \u00e0 Isra\u00ebl.<\/p>\n<p>Les Isra\u00e9liens qui r\u00e9clament la fin de l&rsquo;occupation sont appel\u00e9s en h\u00e9breu \u00ab yafeh nefesh \u00bb, c&rsquo;est-\u00e0-dire \u00ab belles \u00e2mes \u00bb, avec une connotation p\u00e9jorative de gens na\u00effs, ing\u00e9nus et illusoires. Surtout apr\u00e8s le 7 octobre, la question qui leur a \u00e9t\u00e9 pos\u00e9e \u00e9tait : \u00ab Tu as cuv\u00e9 ton vin ? Tu es devenu plus r\u00e9aliste maintenant ? \u00bb. Il en va peut-\u00eatre de m\u00eame pour les Palestiniens qui croient en la co-r\u00e9sistance avec les Isra\u00e9liens : \u00ab Comment peux-tu faire confiance \u00e0 ce qui se passe ? \u00bb.<\/p>\n<p>Martin Luther King, dans son discours \u00e0 Montgomery, en Alabama (1957), a d\u00e9clar\u00e9 : \u00ab<i> Nous sommes particuli\u00e8rement int\u00e9ress\u00e9s par le r\u00f4le des Blancs de bonne volont\u00e9. Nous sommes donc reconnaissants lorsque nous trouvons des membres de la population blanche qui font un effort s\u00e9rieux pour changer&#8230; Nous essayons de les encourager \u00e0 agir avec fermet\u00e9, conform\u00e9ment \u00e0 leurs convictions les plus profondes. \u00bb<\/i><\/p>\n<p>Encourager la participation des Isra\u00e9liens \u00e0 la r\u00e9sistance contre le g\u00e9nocide, l&rsquo;occupation et le nettoyage ethnique ne dilue pas la demande de justice, au contraire, cela la renforce. Le risque est peut-\u00eatre, comme je l&rsquo;ai lu dans certains commentaires, de cr\u00e9er des h\u00e9ros isra\u00e9liens (des h\u00e9ros au sein du groupe oppresseur) et de laisser dans l&rsquo;ombre les personnes qui r\u00e9sistent (du groupe des opprim\u00e9s) ?<\/p>\n<p>Alors, pour revenir \u00e0 la question du 17 ao\u00fbt, il y avait, oui, plus d&rsquo;images et de photos des otages isra\u00e9liens que des enfants de Gaza, il y avait certainement plus de drapeaux isra\u00e9liens que de pancartes avec l&rsquo;inscription \u00ab Stop Genocide \u00bb,<b> mais nous pouvons regarder en m\u00eame temps les angles morts de la soci\u00e9t\u00e9 isra\u00e9lienne et les possibilit\u00e9s en marge<\/b>. Et c&rsquo;est vers celles-ci que je veux me tourner, sans occulter le reste (et ne pas l&rsquo;occulter signifie ressentir tout le poids de cette r\u00e9alit\u00e9), guid\u00e9e par l&rsquo;espoir. L&rsquo;espoir n&rsquo;est pas un sentiment mais une attitude, ce n&rsquo;est pas quelque chose que l&rsquo;on a ou que l&rsquo;on n&rsquo;a pas, mais que l&rsquo;on cultive, ou comme le dirait l&rsquo;activiste Maoz Inon, \u00ab on fait de l&rsquo;espoir ensemble \u00bb.<\/p>\n<p><i>L&rsquo;espoir actif n&rsquo;est pas un v\u0153u pieux\u2026 La vie nous appelle \u00e0 intervenir en ce moment. Nous avons parcouru un long chemin, et nous sommes ici pour apporter notre contribution\u2026 L&rsquo;espoir actif, c&rsquo;est la volont\u00e9 de d\u00e9couvrir les forces en nous-m\u00eames et chez les autres ; la volont\u00e9 de d\u00e9couvrir la grandeur et la force de notre c\u0153ur\u2026 (<\/i>Joanna Macy)<\/p>\n<p>Ainsi, pour moi, \u00ab avoir de l&rsquo;espoir \u00bb et me placer dans le cadre que j&rsquo;observe, et non en dehors, signifie, en ce moment, faire conna\u00eetre et amplifier cette partie (oui, une minorit\u00e9, bien s\u00fbr) de la soci\u00e9t\u00e9 isra\u00e9lienne qui, le 17 ao\u00fbt, n&rsquo;a pas appel\u00e9 \u00e0 la fin de la guerre pour sauver \u00ab les siens \u00bb, mais a incarn\u00e9 un avenir de lib\u00e9ration collective pour tous, du fleuve \u00e0 la mer.<\/p>\n<p><a href=\"https:\/\/www.pressenza.com\/fr\/2025\/09\/ou-trouver-lespoir-dans-cette-terre-entre-le-fleuve-et-la-mer-premiere-partie\/\">Lien de la Premi\u00e8re Partie de l&rsquo;article<\/a><\/p>\n","protected":false},"excerpt":{"rendered":"<p>Yuli Novak, directrice ex\u00e9cutive de B&rsquo;Tselem, l&rsquo;organisation non gouvernementale isra\u00e9lienne r\u00e9cemment cit\u00e9e par de nombreux journaux pour la publication du rapport \u00ab Our Genocide \u00bb, a \u00e9crit : \u00ab Le g\u00e9nocide ne peut avoir lieu sans une participation massive, sans&hellip;<\/p>\n","protected":false},"author":2450,"featured_media":2633151,"comment_status":"closed","ping_status":"closed","sticky":false,"template":"","format":"standard","meta":{"footnotes":""},"categories":[163,1250,90],"tags":[142392,120030,142391,7056,1508,118518,470,142262,142389,135418],"class_list":["post-2633148","post","type-post","status-publish","format-standard","has-post-thumbnail","hentry","category-opinion-fr","category-paix-desarmement","category-moyen-orient","tag-btselem","tag-combattants-pour-la-paix","tag-conlit-israel-palestine","tag-espoir","tag-gaza-fr","tag-genocides-fr","tag-israel-fr","tag-manifestation-du-17-aout","tag-mouvement-bds","tag-standing-together-fr"],"yoast_head":"<!-- This site is optimized with the Yoast SEO plugin v27.1.1 - https:\/\/yoast.com\/product\/yoast-seo-wordpress\/ -->\n<title>O\u00f9 trouver l\u2019espoir dans cette terre entre le fleuve et la mer ? Deuxi\u00e8me partie<\/title>\n<meta name=\"description\" content=\"Yuli Novak, directrice ex\u00e9cutive de B&#039;Tselem, l&#039;organisation non gouvernementale isra\u00e9lienne r\u00e9cemment cit\u00e9e par de nombreux journaux pour la publication\" \/>\n<meta name=\"robots\" content=\"index, follow, max-snippet:-1, max-image-preview:large, max-video-preview:-1\" \/>\n<link rel=\"canonical\" href=\"https:\/\/www.pressenza.com\/fr\/2025\/09\/ou-trouver-lespoir-dans-cette-terre-entre-le-fleuve-et-la-mer-deuxieme-partie\/\" \/>\n<meta property=\"og:locale\" content=\"fr_FR\" \/>\n<meta property=\"og:type\" content=\"article\" \/>\n<meta property=\"og:title\" content=\"O\u00f9 trouver l\u2019espoir dans cette terre entre le fleuve et la mer ? Deuxi\u00e8me partie\" \/>\n<meta property=\"og:description\" content=\"Yuli Novak, directrice ex\u00e9cutive de B&#039;Tselem, l&#039;organisation non gouvernementale isra\u00e9lienne r\u00e9cemment cit\u00e9e par de nombreux journaux pour la publication\" \/>\n<meta property=\"og:url\" content=\"https:\/\/www.pressenza.com\/fr\/2025\/09\/ou-trouver-lespoir-dans-cette-terre-entre-le-fleuve-et-la-mer-deuxieme-partie\/\" \/>\n<meta property=\"og:site_name\" content=\"Pressenza\" \/>\n<meta property=\"article:publisher\" content=\"https:\/\/www.facebook.com\/PressenzaItalia\" \/>\n<meta property=\"article:published_time\" content=\"2025-09-05T14:42:16+00:00\" \/>\n<meta property=\"og:image\" content=\"https:\/\/www.pressenza.com\/wp-content\/uploads\/2025\/08\/BTselem-genocidio-rit.jpg\" \/>\n\t<meta property=\"og:image:width\" content=\"521\" \/>\n\t<meta property=\"og:image:height\" content=\"456\" \/>\n\t<meta property=\"og:image:type\" content=\"image\/jpeg\" \/>\n<meta name=\"author\" content=\"Ilaria Olimpico\" \/>\n<meta name=\"twitter:card\" content=\"summary_large_image\" \/>\n<meta name=\"twitter:creator\" content=\"@PressenzaIPA\" \/>\n<meta name=\"twitter:site\" content=\"@PressenzaIPA\" \/>\n<meta name=\"twitter:label1\" content=\"\u00c9crit par\" \/>\n\t<meta name=\"twitter:data1\" content=\"Ilaria Olimpico\" \/>\n\t<meta name=\"twitter:label2\" content=\"Dur\u00e9e de lecture estim\u00e9e\" \/>\n\t<meta name=\"twitter:data2\" content=\"11 minutes\" \/>\n<script type=\"application\/ld+json\" class=\"yoast-schema-graph\">{\"@context\":\"https:\/\/schema.org\",\"@graph\":[{\"@type\":\"Article\",\"@id\":\"https:\/\/www.pressenza.com\/fr\/2025\/09\/ou-trouver-lespoir-dans-cette-terre-entre-le-fleuve-et-la-mer-deuxieme-partie\/#article\",\"isPartOf\":{\"@id\":\"https:\/\/www.pressenza.com\/fr\/2025\/09\/ou-trouver-lespoir-dans-cette-terre-entre-le-fleuve-et-la-mer-deuxieme-partie\/\"},\"author\":{\"name\":\"Ilaria Olimpico\",\"@id\":\"https:\/\/www.pressenza.com\/fr\/#\/schema\/person\/0717ff8a27c9b71830a2d9f700fa264a\"},\"headline\":\"O\u00f9 trouver l\u2019espoir dans cette terre entre le fleuve et la mer ? Deuxi\u00e8me partie\",\"datePublished\":\"2025-09-05T14:42:16+00:00\",\"mainEntityOfPage\":{\"@id\":\"https:\/\/www.pressenza.com\/fr\/2025\/09\/ou-trouver-lespoir-dans-cette-terre-entre-le-fleuve-et-la-mer-deuxieme-partie\/\"},\"wordCount\":2316,\"publisher\":{\"@id\":\"https:\/\/www.pressenza.com\/fr\/#organization\"},\"image\":{\"@id\":\"https:\/\/www.pressenza.com\/fr\/2025\/09\/ou-trouver-lespoir-dans-cette-terre-entre-le-fleuve-et-la-mer-deuxieme-partie\/#primaryimage\"},\"thumbnailUrl\":\"https:\/\/www.pressenza.com\/wp-content\/uploads\/2025\/08\/BTselem-genocidio-rit.jpg\",\"keywords\":[\"B\u2019Tselem\",\"Combattants pour la paix\",\"conlit Isra\u00ebl Palestine\",\"espoir\",\"Gaza\",\"genocides\",\"Isra\u00ebl\",\"manifestation du 17 ao\u00fbt\",\"Mouvement BDS\",\"Standing together\"],\"articleSection\":[\"Opinion\",\"Paix et D\u00e9sarmement\",\"Proche et Moyen-Orient\"],\"inLanguage\":\"fr-FR\"},{\"@type\":\"WebPage\",\"@id\":\"https:\/\/www.pressenza.com\/fr\/2025\/09\/ou-trouver-lespoir-dans-cette-terre-entre-le-fleuve-et-la-mer-deuxieme-partie\/\",\"url\":\"https:\/\/www.pressenza.com\/fr\/2025\/09\/ou-trouver-lespoir-dans-cette-terre-entre-le-fleuve-et-la-mer-deuxieme-partie\/\",\"name\":\"O\u00f9 trouver l\u2019espoir dans cette terre entre le fleuve et la mer ? Deuxi\u00e8me partie\",\"isPartOf\":{\"@id\":\"https:\/\/www.pressenza.com\/fr\/#website\"},\"primaryImageOfPage\":{\"@id\":\"https:\/\/www.pressenza.com\/fr\/2025\/09\/ou-trouver-lespoir-dans-cette-terre-entre-le-fleuve-et-la-mer-deuxieme-partie\/#primaryimage\"},\"image\":{\"@id\":\"https:\/\/www.pressenza.com\/fr\/2025\/09\/ou-trouver-lespoir-dans-cette-terre-entre-le-fleuve-et-la-mer-deuxieme-partie\/#primaryimage\"},\"thumbnailUrl\":\"https:\/\/www.pressenza.com\/wp-content\/uploads\/2025\/08\/BTselem-genocidio-rit.jpg\",\"datePublished\":\"2025-09-05T14:42:16+00:00\",\"description\":\"Yuli Novak, directrice ex\u00e9cutive de B'Tselem, l'organisation non gouvernementale isra\u00e9lienne r\u00e9cemment cit\u00e9e par de nombreux journaux pour la publication\",\"breadcrumb\":{\"@id\":\"https:\/\/www.pressenza.com\/fr\/2025\/09\/ou-trouver-lespoir-dans-cette-terre-entre-le-fleuve-et-la-mer-deuxieme-partie\/#breadcrumb\"},\"inLanguage\":\"fr-FR\",\"potentialAction\":[{\"@type\":\"ReadAction\",\"target\":[\"https:\/\/www.pressenza.com\/fr\/2025\/09\/ou-trouver-lespoir-dans-cette-terre-entre-le-fleuve-et-la-mer-deuxieme-partie\/\"]}]},{\"@type\":\"ImageObject\",\"inLanguage\":\"fr-FR\",\"@id\":\"https:\/\/www.pressenza.com\/fr\/2025\/09\/ou-trouver-lespoir-dans-cette-terre-entre-le-fleuve-et-la-mer-deuxieme-partie\/#primaryimage\",\"url\":\"https:\/\/www.pressenza.com\/wp-content\/uploads\/2025\/08\/BTselem-genocidio-rit.jpg\",\"contentUrl\":\"https:\/\/www.pressenza.com\/wp-content\/uploads\/2025\/08\/BTselem-genocidio-rit.jpg\",\"width\":521,\"height\":456},{\"@type\":\"BreadcrumbList\",\"@id\":\"https:\/\/www.pressenza.com\/fr\/2025\/09\/ou-trouver-lespoir-dans-cette-terre-entre-le-fleuve-et-la-mer-deuxieme-partie\/#breadcrumb\",\"itemListElement\":[{\"@type\":\"ListItem\",\"position\":1,\"name\":\"Accueil\",\"item\":\"https:\/\/www.pressenza.com\/fr\/\"},{\"@type\":\"ListItem\",\"position\":2,\"name\":\"O\u00f9 trouver l\u2019espoir dans cette terre entre le fleuve et la mer ? Deuxi\u00e8me partie\"}]},{\"@type\":\"WebSite\",\"@id\":\"https:\/\/www.pressenza.com\/fr\/#website\",\"url\":\"https:\/\/www.pressenza.com\/fr\/\",\"name\":\"Pressenza\",\"description\":\"International Press Agency\",\"publisher\":{\"@id\":\"https:\/\/www.pressenza.com\/fr\/#organization\"},\"potentialAction\":[{\"@type\":\"SearchAction\",\"target\":{\"@type\":\"EntryPoint\",\"urlTemplate\":\"https:\/\/www.pressenza.com\/fr\/?s={search_term_string}\"},\"query-input\":{\"@type\":\"PropertyValueSpecification\",\"valueRequired\":true,\"valueName\":\"search_term_string\"}}],\"inLanguage\":\"fr-FR\"},{\"@type\":\"Organization\",\"@id\":\"https:\/\/www.pressenza.com\/fr\/#organization\",\"name\":\"Pressenza\",\"url\":\"https:\/\/www.pressenza.com\/fr\/\",\"logo\":{\"@type\":\"ImageObject\",\"inLanguage\":\"fr-FR\",\"@id\":\"https:\/\/www.pressenza.com\/fr\/#\/schema\/logo\/image\/\",\"url\":\"https:\/\/www.pressenza.com\/wp-content\/uploads\/2022\/10\/pressenza_logo_200x200.jpg\",\"contentUrl\":\"https:\/\/www.pressenza.com\/wp-content\/uploads\/2022\/10\/pressenza_logo_200x200.jpg\",\"width\":200,\"height\":200,\"caption\":\"Pressenza\"},\"image\":{\"@id\":\"https:\/\/www.pressenza.com\/fr\/#\/schema\/logo\/image\/\"},\"sameAs\":[\"https:\/\/www.facebook.com\/PressenzaItalia\",\"https:\/\/x.com\/PressenzaIPA\"]},{\"@type\":\"Person\",\"@id\":\"https:\/\/www.pressenza.com\/fr\/#\/schema\/person\/0717ff8a27c9b71830a2d9f700fa264a\",\"name\":\"Ilaria Olimpico\",\"sameAs\":[\"http:\/\/www.thealbero.imaginaction.org\/\",\"https:\/\/www.instagram.com\/ilarialmp\/\",\"https:\/\/linkedin.com\/in\/ilaria-olimpico\"],\"url\":\"https:\/\/www.pressenza.com\/fr\/author\/ilaria-olimpico\/\"}]}<\/script>\n<!-- \/ Yoast SEO plugin. -->","yoast_head_json":{"title":"O\u00f9 trouver l\u2019espoir dans cette terre entre le fleuve et la mer ? Deuxi\u00e8me partie","description":"Yuli Novak, directrice ex\u00e9cutive de B'Tselem, l'organisation non gouvernementale isra\u00e9lienne r\u00e9cemment cit\u00e9e par de nombreux journaux pour la publication","robots":{"index":"index","follow":"follow","max-snippet":"max-snippet:-1","max-image-preview":"max-image-preview:large","max-video-preview":"max-video-preview:-1"},"canonical":"https:\/\/www.pressenza.com\/fr\/2025\/09\/ou-trouver-lespoir-dans-cette-terre-entre-le-fleuve-et-la-mer-deuxieme-partie\/","og_locale":"fr_FR","og_type":"article","og_title":"O\u00f9 trouver l\u2019espoir dans cette terre entre le fleuve et la mer ? Deuxi\u00e8me partie","og_description":"Yuli Novak, directrice ex\u00e9cutive de B'Tselem, l'organisation non gouvernementale isra\u00e9lienne r\u00e9cemment cit\u00e9e par de nombreux journaux pour la publication","og_url":"https:\/\/www.pressenza.com\/fr\/2025\/09\/ou-trouver-lespoir-dans-cette-terre-entre-le-fleuve-et-la-mer-deuxieme-partie\/","og_site_name":"Pressenza","article_publisher":"https:\/\/www.facebook.com\/PressenzaItalia","article_published_time":"2025-09-05T14:42:16+00:00","og_image":[{"width":521,"height":456,"url":"https:\/\/www.pressenza.com\/wp-content\/uploads\/2025\/08\/BTselem-genocidio-rit.jpg","type":"image\/jpeg"}],"author":"Ilaria Olimpico","twitter_card":"summary_large_image","twitter_creator":"@PressenzaIPA","twitter_site":"@PressenzaIPA","twitter_misc":{"\u00c9crit par":"Ilaria Olimpico","Dur\u00e9e de lecture estim\u00e9e":"11 minutes"},"schema":{"@context":"https:\/\/schema.org","@graph":[{"@type":"Article","@id":"https:\/\/www.pressenza.com\/fr\/2025\/09\/ou-trouver-lespoir-dans-cette-terre-entre-le-fleuve-et-la-mer-deuxieme-partie\/#article","isPartOf":{"@id":"https:\/\/www.pressenza.com\/fr\/2025\/09\/ou-trouver-lespoir-dans-cette-terre-entre-le-fleuve-et-la-mer-deuxieme-partie\/"},"author":{"name":"Ilaria Olimpico","@id":"https:\/\/www.pressenza.com\/fr\/#\/schema\/person\/0717ff8a27c9b71830a2d9f700fa264a"},"headline":"O\u00f9 trouver l\u2019espoir dans cette terre entre le fleuve et la mer ? Deuxi\u00e8me partie","datePublished":"2025-09-05T14:42:16+00:00","mainEntityOfPage":{"@id":"https:\/\/www.pressenza.com\/fr\/2025\/09\/ou-trouver-lespoir-dans-cette-terre-entre-le-fleuve-et-la-mer-deuxieme-partie\/"},"wordCount":2316,"publisher":{"@id":"https:\/\/www.pressenza.com\/fr\/#organization"},"image":{"@id":"https:\/\/www.pressenza.com\/fr\/2025\/09\/ou-trouver-lespoir-dans-cette-terre-entre-le-fleuve-et-la-mer-deuxieme-partie\/#primaryimage"},"thumbnailUrl":"https:\/\/www.pressenza.com\/wp-content\/uploads\/2025\/08\/BTselem-genocidio-rit.jpg","keywords":["B\u2019Tselem","Combattants pour la paix","conlit Isra\u00ebl Palestine","espoir","Gaza","genocides","Isra\u00ebl","manifestation du 17 ao\u00fbt","Mouvement BDS","Standing together"],"articleSection":["Opinion","Paix et D\u00e9sarmement","Proche et Moyen-Orient"],"inLanguage":"fr-FR"},{"@type":"WebPage","@id":"https:\/\/www.pressenza.com\/fr\/2025\/09\/ou-trouver-lespoir-dans-cette-terre-entre-le-fleuve-et-la-mer-deuxieme-partie\/","url":"https:\/\/www.pressenza.com\/fr\/2025\/09\/ou-trouver-lespoir-dans-cette-terre-entre-le-fleuve-et-la-mer-deuxieme-partie\/","name":"O\u00f9 trouver l\u2019espoir dans cette terre entre le fleuve et la mer ? Deuxi\u00e8me partie","isPartOf":{"@id":"https:\/\/www.pressenza.com\/fr\/#website"},"primaryImageOfPage":{"@id":"https:\/\/www.pressenza.com\/fr\/2025\/09\/ou-trouver-lespoir-dans-cette-terre-entre-le-fleuve-et-la-mer-deuxieme-partie\/#primaryimage"},"image":{"@id":"https:\/\/www.pressenza.com\/fr\/2025\/09\/ou-trouver-lespoir-dans-cette-terre-entre-le-fleuve-et-la-mer-deuxieme-partie\/#primaryimage"},"thumbnailUrl":"https:\/\/www.pressenza.com\/wp-content\/uploads\/2025\/08\/BTselem-genocidio-rit.jpg","datePublished":"2025-09-05T14:42:16+00:00","description":"Yuli Novak, directrice ex\u00e9cutive de B'Tselem, l'organisation non gouvernementale isra\u00e9lienne r\u00e9cemment cit\u00e9e par de nombreux journaux pour la publication","breadcrumb":{"@id":"https:\/\/www.pressenza.com\/fr\/2025\/09\/ou-trouver-lespoir-dans-cette-terre-entre-le-fleuve-et-la-mer-deuxieme-partie\/#breadcrumb"},"inLanguage":"fr-FR","potentialAction":[{"@type":"ReadAction","target":["https:\/\/www.pressenza.com\/fr\/2025\/09\/ou-trouver-lespoir-dans-cette-terre-entre-le-fleuve-et-la-mer-deuxieme-partie\/"]}]},{"@type":"ImageObject","inLanguage":"fr-FR","@id":"https:\/\/www.pressenza.com\/fr\/2025\/09\/ou-trouver-lespoir-dans-cette-terre-entre-le-fleuve-et-la-mer-deuxieme-partie\/#primaryimage","url":"https:\/\/www.pressenza.com\/wp-content\/uploads\/2025\/08\/BTselem-genocidio-rit.jpg","contentUrl":"https:\/\/www.pressenza.com\/wp-content\/uploads\/2025\/08\/BTselem-genocidio-rit.jpg","width":521,"height":456},{"@type":"BreadcrumbList","@id":"https:\/\/www.pressenza.com\/fr\/2025\/09\/ou-trouver-lespoir-dans-cette-terre-entre-le-fleuve-et-la-mer-deuxieme-partie\/#breadcrumb","itemListElement":[{"@type":"ListItem","position":1,"name":"Accueil","item":"https:\/\/www.pressenza.com\/fr\/"},{"@type":"ListItem","position":2,"name":"O\u00f9 trouver l\u2019espoir dans cette terre entre le fleuve et la mer ? Deuxi\u00e8me partie"}]},{"@type":"WebSite","@id":"https:\/\/www.pressenza.com\/fr\/#website","url":"https:\/\/www.pressenza.com\/fr\/","name":"Pressenza","description":"International Press Agency","publisher":{"@id":"https:\/\/www.pressenza.com\/fr\/#organization"},"potentialAction":[{"@type":"SearchAction","target":{"@type":"EntryPoint","urlTemplate":"https:\/\/www.pressenza.com\/fr\/?s={search_term_string}"},"query-input":{"@type":"PropertyValueSpecification","valueRequired":true,"valueName":"search_term_string"}}],"inLanguage":"fr-FR"},{"@type":"Organization","@id":"https:\/\/www.pressenza.com\/fr\/#organization","name":"Pressenza","url":"https:\/\/www.pressenza.com\/fr\/","logo":{"@type":"ImageObject","inLanguage":"fr-FR","@id":"https:\/\/www.pressenza.com\/fr\/#\/schema\/logo\/image\/","url":"https:\/\/www.pressenza.com\/wp-content\/uploads\/2022\/10\/pressenza_logo_200x200.jpg","contentUrl":"https:\/\/www.pressenza.com\/wp-content\/uploads\/2022\/10\/pressenza_logo_200x200.jpg","width":200,"height":200,"caption":"Pressenza"},"image":{"@id":"https:\/\/www.pressenza.com\/fr\/#\/schema\/logo\/image\/"},"sameAs":["https:\/\/www.facebook.com\/PressenzaItalia","https:\/\/x.com\/PressenzaIPA"]},{"@type":"Person","@id":"https:\/\/www.pressenza.com\/fr\/#\/schema\/person\/0717ff8a27c9b71830a2d9f700fa264a","name":"Ilaria Olimpico","sameAs":["http:\/\/www.thealbero.imaginaction.org\/","https:\/\/www.instagram.com\/ilarialmp\/","https:\/\/linkedin.com\/in\/ilaria-olimpico"],"url":"https:\/\/www.pressenza.com\/fr\/author\/ilaria-olimpico\/"}]}},"place":"Italie","original_article_url":"","_links":{"self":[{"href":"https:\/\/www.pressenza.com\/fr\/wp-json\/wp\/v2\/posts\/2633148","targetHints":{"allow":["GET"]}}],"collection":[{"href":"https:\/\/www.pressenza.com\/fr\/wp-json\/wp\/v2\/posts"}],"about":[{"href":"https:\/\/www.pressenza.com\/fr\/wp-json\/wp\/v2\/types\/post"}],"author":[{"embeddable":true,"href":"https:\/\/www.pressenza.com\/fr\/wp-json\/wp\/v2\/users\/2450"}],"replies":[{"embeddable":true,"href":"https:\/\/www.pressenza.com\/fr\/wp-json\/wp\/v2\/comments?post=2633148"}],"version-history":[{"count":1,"href":"https:\/\/www.pressenza.com\/fr\/wp-json\/wp\/v2\/posts\/2633148\/revisions"}],"predecessor-version":[{"id":2633161,"href":"https:\/\/www.pressenza.com\/fr\/wp-json\/wp\/v2\/posts\/2633148\/revisions\/2633161"}],"wp:featuredmedia":[{"embeddable":true,"href":"https:\/\/www.pressenza.com\/fr\/wp-json\/wp\/v2\/media\/2633151"}],"wp:attachment":[{"href":"https:\/\/www.pressenza.com\/fr\/wp-json\/wp\/v2\/media?parent=2633148"}],"wp:term":[{"taxonomy":"category","embeddable":true,"href":"https:\/\/www.pressenza.com\/fr\/wp-json\/wp\/v2\/categories?post=2633148"},{"taxonomy":"post_tag","embeddable":true,"href":"https:\/\/www.pressenza.com\/fr\/wp-json\/wp\/v2\/tags?post=2633148"}],"curies":[{"name":"wp","href":"https:\/\/api.w.org\/{rel}","templated":true}]}}