{"id":2632652,"date":"2025-09-04T10:00:35","date_gmt":"2025-09-04T09:00:35","guid":{"rendered":"https:\/\/www.pressenza.com\/?p=2632652"},"modified":"2025-09-04T10:00:35","modified_gmt":"2025-09-04T09:00:35","slug":"israel-trois-jours-de-mobilisation-contre-le-gouvernement-pour-obtenir-un-cessez-le-feu","status":"publish","type":"post","link":"https:\/\/www.pressenza.com\/fr\/2025\/09\/israel-trois-jours-de-mobilisation-contre-le-gouvernement-pour-obtenir-un-cessez-le-feu\/","title":{"rendered":"Isra\u00ebl : trois jours de mobilisation contre le gouvernement pour obtenir un cessez-le-feu"},"content":{"rendered":"<p>Aujourd&rsquo;hui ont d\u00e9but\u00e9 trois jours cons\u00e9cutifs de mobilisation lanc\u00e9s par le vaste front contre le gouvernement Netanyahu pour demander la fin de la guerre \u00e0 Gaza. Une manifestation pr\u00e8s du domicile du Premier ministre, des barrages routiers, des protestations contre la convocation de 60 000 r\u00e9servistes dans le but de poursuivre la guerre \u00e0 Gaza.<\/p>\n<p>Bien s\u00fbr, les m\u00e9dias isra\u00e9liens et m\u00eame de nombreux m\u00e9dias internationaux ont seulement montr\u00e9 deux poubelles incendi\u00e9es pr\u00e8s du domicile de Netanyahu et non les milliers de personnes pacifiques qui manifestaient dans diff\u00e9rentes villes isra\u00e9liennes, tentant ainsi de mettre en avant le c\u00f4t\u00e9 violent de la manifestation.<\/p>\n<p>La large coalition qui a appel\u00e9 \u00e0 manifester est en r\u00e9alit\u00e9 compos\u00e9e en grande partie de groupes non violents, tels que les objecteurs de conscience, les associations de dialogue isra\u00e9lo-palestinien comme Combatants for Peace, Standing Together, Parent Circle, qui travaillent depuis des ann\u00e9es \u00e0 une solution du conflit bas\u00e9e sur le dialogue et la coexistence pacifique, dont Neve Shalom-Wahat al-Salam est un exemple depuis 50 ans.<\/p>\n","protected":false},"excerpt":{"rendered":"<p>Aujourd&rsquo;hui ont d\u00e9but\u00e9 trois jours cons\u00e9cutifs de mobilisation lanc\u00e9s par le vaste front contre le gouvernement Netanyahu pour demander la fin de la guerre \u00e0 Gaza. Une manifestation pr\u00e8s du domicile du Premier ministre, des barrages routiers, des protestations contre&hellip;<\/p>\n","protected":false},"author":19,"featured_media":2632653,"comment_status":"closed","ping_status":"closed","sticky":false,"template":"","format":"standard","meta":{"footnotes":""},"categories":[11386,124282,20604,1250],"tags":[72802,117586,1508,66245,142313],"class_list":["post-2632652","post","type-post","status-publish","format-standard","has-post-thumbnail","hentry","category-contenu-original","category-news-fr","category-non-classifiee","category-paix-desarmement","tag-cessez-le-feu","tag-conflit-israel-palestine","tag-gaza-fr","tag-genocide-fr","tag-mobilisation-en-israel"],"yoast_head":"<!-- This site is optimized with the Yoast SEO plugin v27.1.1 - https:\/\/yoast.com\/product\/yoast-seo-wordpress\/ -->\n<title>Isra\u00ebl : trois jours de mobilisation contre le gouvernement pour obtenir un cessez-le-feu<\/title>\n<meta name=\"description\" content=\"Aujourd&#039;hui ont d\u00e9but\u00e9 trois jours cons\u00e9cutifs de mobilisation lanc\u00e9s par le vaste front contre le gouvernement Netanyahu pour demander la fin de la\" \/>\n<meta name=\"robots\" content=\"index, follow, max-snippet:-1, max-image-preview:large, max-video-preview:-1\" \/>\n<link rel=\"canonical\" href=\"https:\/\/www.pressenza.com\/fr\/2025\/09\/israel-trois-jours-de-mobilisation-contre-le-gouvernement-pour-obtenir-un-cessez-le-feu\/\" \/>\n<meta property=\"og:locale\" content=\"fr_FR\" \/>\n<meta property=\"og:type\" content=\"article\" \/>\n<meta property=\"og:title\" content=\"Isra\u00ebl : trois jours de mobilisation contre le gouvernement pour obtenir un cessez-le-feu\" \/>\n<meta property=\"og:description\" content=\"Aujourd&#039;hui ont d\u00e9but\u00e9 trois jours cons\u00e9cutifs de mobilisation lanc\u00e9s par le vaste front contre le gouvernement Netanyahu pour demander la fin de la\" \/>\n<meta property=\"og:url\" content=\"https:\/\/www.pressenza.com\/fr\/2025\/09\/israel-trois-jours-de-mobilisation-contre-le-gouvernement-pour-obtenir-un-cessez-le-feu\/\" \/>\n<meta property=\"og:site_name\" content=\"Pressenza\" \/>\n<meta property=\"article:publisher\" content=\"https:\/\/www.facebook.com\/PressenzaItalia\" \/>\n<meta property=\"article:author\" content=\"https:\/\/www.facebook.com\/pressenza\" \/>\n<meta property=\"article:published_time\" content=\"2025-09-04T09:00:35+00:00\" \/>\n<meta property=\"og:image\" content=\"https:\/\/www.pressenza.com\/wp-content\/uploads\/2025\/09\/Tel-Aviv-protest-Itstime.jpg\" \/>\n\t<meta property=\"og:image:width\" content=\"1600\" \/>\n\t<meta property=\"og:image:height\" content=\"1204\" \/>\n\t<meta property=\"og:image:type\" content=\"image\/jpeg\" \/>\n<meta name=\"author\" content=\"Pressenza IPA\" \/>\n<meta name=\"twitter:card\" content=\"summary_large_image\" \/>\n<meta name=\"twitter:creator\" content=\"@PressenzaIPA\" \/>\n<meta name=\"twitter:site\" content=\"@PressenzaIPA\" \/>\n<meta name=\"twitter:label1\" content=\"\u00c9crit par\" \/>\n\t<meta name=\"twitter:data1\" content=\"Pressenza IPA\" \/>\n\t<meta name=\"twitter:label2\" content=\"Dur\u00e9e de lecture estim\u00e9e\" \/>\n\t<meta name=\"twitter:data2\" content=\"2 minutes\" \/>\n<script type=\"application\/ld+json\" class=\"yoast-schema-graph\">{\"@context\":\"https:\/\/schema.org\",\"@graph\":[{\"@type\":\"Article\",\"@id\":\"https:\/\/www.pressenza.com\/fr\/2025\/09\/israel-trois-jours-de-mobilisation-contre-le-gouvernement-pour-obtenir-un-cessez-le-feu\/#article\",\"isPartOf\":{\"@id\":\"https:\/\/www.pressenza.com\/fr\/2025\/09\/israel-trois-jours-de-mobilisation-contre-le-gouvernement-pour-obtenir-un-cessez-le-feu\/\"},\"author\":{\"name\":\"Pressenza IPA\",\"@id\":\"https:\/\/www.pressenza.com\/fr\/#\/schema\/person\/010e5d02bcf40965427a1289a4cc8d75\"},\"headline\":\"Isra\u00ebl : trois jours de mobilisation contre le gouvernement pour obtenir un cessez-le-feu\",\"datePublished\":\"2025-09-04T09:00:35+00:00\",\"mainEntityOfPage\":{\"@id\":\"https:\/\/www.pressenza.com\/fr\/2025\/09\/israel-trois-jours-de-mobilisation-contre-le-gouvernement-pour-obtenir-un-cessez-le-feu\/\"},\"wordCount\":195,\"publisher\":{\"@id\":\"https:\/\/www.pressenza.com\/fr\/#organization\"},\"image\":{\"@id\":\"https:\/\/www.pressenza.com\/fr\/2025\/09\/israel-trois-jours-de-mobilisation-contre-le-gouvernement-pour-obtenir-un-cessez-le-feu\/#primaryimage\"},\"thumbnailUrl\":\"https:\/\/www.pressenza.com\/wp-content\/uploads\/2025\/09\/Tel-Aviv-protest-Itstime.jpg\",\"keywords\":[\"cessez-le-feu\",\"Conflit Isra\u00ebl Palestine\",\"Gaza\",\"genocide\",\"mobilisation en Isra\u00ebl\"],\"articleSection\":[\"Contenu Original\",\"News\",\"Non classifi\u00e9(e)\",\"Paix et D\u00e9sarmement\"],\"inLanguage\":\"fr-FR\"},{\"@type\":\"WebPage\",\"@id\":\"https:\/\/www.pressenza.com\/fr\/2025\/09\/israel-trois-jours-de-mobilisation-contre-le-gouvernement-pour-obtenir-un-cessez-le-feu\/\",\"url\":\"https:\/\/www.pressenza.com\/fr\/2025\/09\/israel-trois-jours-de-mobilisation-contre-le-gouvernement-pour-obtenir-un-cessez-le-feu\/\",\"name\":\"Isra\u00ebl : trois jours de mobilisation contre le gouvernement pour obtenir un cessez-le-feu\",\"isPartOf\":{\"@id\":\"https:\/\/www.pressenza.com\/fr\/#website\"},\"primaryImageOfPage\":{\"@id\":\"https:\/\/www.pressenza.com\/fr\/2025\/09\/israel-trois-jours-de-mobilisation-contre-le-gouvernement-pour-obtenir-un-cessez-le-feu\/#primaryimage\"},\"image\":{\"@id\":\"https:\/\/www.pressenza.com\/fr\/2025\/09\/israel-trois-jours-de-mobilisation-contre-le-gouvernement-pour-obtenir-un-cessez-le-feu\/#primaryimage\"},\"thumbnailUrl\":\"https:\/\/www.pressenza.com\/wp-content\/uploads\/2025\/09\/Tel-Aviv-protest-Itstime.jpg\",\"datePublished\":\"2025-09-04T09:00:35+00:00\",\"description\":\"Aujourd'hui ont d\u00e9but\u00e9 trois jours cons\u00e9cutifs de mobilisation lanc\u00e9s par le vaste front contre le gouvernement Netanyahu pour demander la fin de la\",\"breadcrumb\":{\"@id\":\"https:\/\/www.pressenza.com\/fr\/2025\/09\/israel-trois-jours-de-mobilisation-contre-le-gouvernement-pour-obtenir-un-cessez-le-feu\/#breadcrumb\"},\"inLanguage\":\"fr-FR\",\"potentialAction\":[{\"@type\":\"ReadAction\",\"target\":[\"https:\/\/www.pressenza.com\/fr\/2025\/09\/israel-trois-jours-de-mobilisation-contre-le-gouvernement-pour-obtenir-un-cessez-le-feu\/\"]}]},{\"@type\":\"ImageObject\",\"inLanguage\":\"fr-FR\",\"@id\":\"https:\/\/www.pressenza.com\/fr\/2025\/09\/israel-trois-jours-de-mobilisation-contre-le-gouvernement-pour-obtenir-un-cessez-le-feu\/#primaryimage\",\"url\":\"https:\/\/www.pressenza.com\/wp-content\/uploads\/2025\/09\/Tel-Aviv-protest-Itstime.jpg\",\"contentUrl\":\"https:\/\/www.pressenza.com\/wp-content\/uploads\/2025\/09\/Tel-Aviv-protest-Itstime.jpg\",\"width\":1600,\"height\":1204},{\"@type\":\"BreadcrumbList\",\"@id\":\"https:\/\/www.pressenza.com\/fr\/2025\/09\/israel-trois-jours-de-mobilisation-contre-le-gouvernement-pour-obtenir-un-cessez-le-feu\/#breadcrumb\",\"itemListElement\":[{\"@type\":\"ListItem\",\"position\":1,\"name\":\"Accueil\",\"item\":\"https:\/\/www.pressenza.com\/fr\/\"},{\"@type\":\"ListItem\",\"position\":2,\"name\":\"Isra\u00ebl : trois jours de mobilisation contre le gouvernement pour obtenir un cessez-le-feu\"}]},{\"@type\":\"WebSite\",\"@id\":\"https:\/\/www.pressenza.com\/fr\/#website\",\"url\":\"https:\/\/www.pressenza.com\/fr\/\",\"name\":\"Pressenza\",\"description\":\"International Press Agency\",\"publisher\":{\"@id\":\"https:\/\/www.pressenza.com\/fr\/#organization\"},\"potentialAction\":[{\"@type\":\"SearchAction\",\"target\":{\"@type\":\"EntryPoint\",\"urlTemplate\":\"https:\/\/www.pressenza.com\/fr\/?s={search_term_string}\"},\"query-input\":{\"@type\":\"PropertyValueSpecification\",\"valueRequired\":true,\"valueName\":\"search_term_string\"}}],\"inLanguage\":\"fr-FR\"},{\"@type\":\"Organization\",\"@id\":\"https:\/\/www.pressenza.com\/fr\/#organization\",\"name\":\"Pressenza\",\"url\":\"https:\/\/www.pressenza.com\/fr\/\",\"logo\":{\"@type\":\"ImageObject\",\"inLanguage\":\"fr-FR\",\"@id\":\"https:\/\/www.pressenza.com\/fr\/#\/schema\/logo\/image\/\",\"url\":\"https:\/\/www.pressenza.com\/wp-content\/uploads\/2022\/10\/pressenza_logo_200x200.jpg\",\"contentUrl\":\"https:\/\/www.pressenza.com\/wp-content\/uploads\/2022\/10\/pressenza_logo_200x200.jpg\",\"width\":200,\"height\":200,\"caption\":\"Pressenza\"},\"image\":{\"@id\":\"https:\/\/www.pressenza.com\/fr\/#\/schema\/logo\/image\/\"},\"sameAs\":[\"https:\/\/www.facebook.com\/PressenzaItalia\",\"https:\/\/x.com\/PressenzaIPA\"]},{\"@type\":\"Person\",\"@id\":\"https:\/\/www.pressenza.com\/fr\/#\/schema\/person\/010e5d02bcf40965427a1289a4cc8d75\",\"name\":\"Pressenza IPA\",\"description\":\"News from Pressenza IPA correspondents\",\"sameAs\":[\"https:\/\/www.facebook.com\/pressenza\",\"https:\/\/x.com\/PressenzaIPA\"],\"url\":\"https:\/\/www.pressenza.com\/fr\/author\/pressenza-ipa\/\"}]}<\/script>\n<!-- \/ Yoast SEO plugin. -->","yoast_head_json":{"title":"Isra\u00ebl : trois jours de mobilisation contre le gouvernement pour obtenir un cessez-le-feu","description":"Aujourd'hui ont d\u00e9but\u00e9 trois jours cons\u00e9cutifs de mobilisation lanc\u00e9s par le vaste front contre le gouvernement Netanyahu pour demander la fin de la","robots":{"index":"index","follow":"follow","max-snippet":"max-snippet:-1","max-image-preview":"max-image-preview:large","max-video-preview":"max-video-preview:-1"},"canonical":"https:\/\/www.pressenza.com\/fr\/2025\/09\/israel-trois-jours-de-mobilisation-contre-le-gouvernement-pour-obtenir-un-cessez-le-feu\/","og_locale":"fr_FR","og_type":"article","og_title":"Isra\u00ebl : trois jours de mobilisation contre le gouvernement pour obtenir un cessez-le-feu","og_description":"Aujourd'hui ont d\u00e9but\u00e9 trois jours cons\u00e9cutifs de mobilisation lanc\u00e9s par le vaste front contre le gouvernement Netanyahu pour demander la fin de la","og_url":"https:\/\/www.pressenza.com\/fr\/2025\/09\/israel-trois-jours-de-mobilisation-contre-le-gouvernement-pour-obtenir-un-cessez-le-feu\/","og_site_name":"Pressenza","article_publisher":"https:\/\/www.facebook.com\/PressenzaItalia","article_author":"https:\/\/www.facebook.com\/pressenza","article_published_time":"2025-09-04T09:00:35+00:00","og_image":[{"width":1600,"height":1204,"url":"https:\/\/www.pressenza.com\/wp-content\/uploads\/2025\/09\/Tel-Aviv-protest-Itstime.jpg","type":"image\/jpeg"}],"author":"Pressenza IPA","twitter_card":"summary_large_image","twitter_creator":"@PressenzaIPA","twitter_site":"@PressenzaIPA","twitter_misc":{"\u00c9crit par":"Pressenza IPA","Dur\u00e9e de lecture estim\u00e9e":"2 minutes"},"schema":{"@context":"https:\/\/schema.org","@graph":[{"@type":"Article","@id":"https:\/\/www.pressenza.com\/fr\/2025\/09\/israel-trois-jours-de-mobilisation-contre-le-gouvernement-pour-obtenir-un-cessez-le-feu\/#article","isPartOf":{"@id":"https:\/\/www.pressenza.com\/fr\/2025\/09\/israel-trois-jours-de-mobilisation-contre-le-gouvernement-pour-obtenir-un-cessez-le-feu\/"},"author":{"name":"Pressenza IPA","@id":"https:\/\/www.pressenza.com\/fr\/#\/schema\/person\/010e5d02bcf40965427a1289a4cc8d75"},"headline":"Isra\u00ebl : trois jours de mobilisation contre le gouvernement pour obtenir un cessez-le-feu","datePublished":"2025-09-04T09:00:35+00:00","mainEntityOfPage":{"@id":"https:\/\/www.pressenza.com\/fr\/2025\/09\/israel-trois-jours-de-mobilisation-contre-le-gouvernement-pour-obtenir-un-cessez-le-feu\/"},"wordCount":195,"publisher":{"@id":"https:\/\/www.pressenza.com\/fr\/#organization"},"image":{"@id":"https:\/\/www.pressenza.com\/fr\/2025\/09\/israel-trois-jours-de-mobilisation-contre-le-gouvernement-pour-obtenir-un-cessez-le-feu\/#primaryimage"},"thumbnailUrl":"https:\/\/www.pressenza.com\/wp-content\/uploads\/2025\/09\/Tel-Aviv-protest-Itstime.jpg","keywords":["cessez-le-feu","Conflit Isra\u00ebl Palestine","Gaza","genocide","mobilisation en Isra\u00ebl"],"articleSection":["Contenu Original","News","Non classifi\u00e9(e)","Paix et D\u00e9sarmement"],"inLanguage":"fr-FR"},{"@type":"WebPage","@id":"https:\/\/www.pressenza.com\/fr\/2025\/09\/israel-trois-jours-de-mobilisation-contre-le-gouvernement-pour-obtenir-un-cessez-le-feu\/","url":"https:\/\/www.pressenza.com\/fr\/2025\/09\/israel-trois-jours-de-mobilisation-contre-le-gouvernement-pour-obtenir-un-cessez-le-feu\/","name":"Isra\u00ebl : trois jours de mobilisation contre le gouvernement pour obtenir un cessez-le-feu","isPartOf":{"@id":"https:\/\/www.pressenza.com\/fr\/#website"},"primaryImageOfPage":{"@id":"https:\/\/www.pressenza.com\/fr\/2025\/09\/israel-trois-jours-de-mobilisation-contre-le-gouvernement-pour-obtenir-un-cessez-le-feu\/#primaryimage"},"image":{"@id":"https:\/\/www.pressenza.com\/fr\/2025\/09\/israel-trois-jours-de-mobilisation-contre-le-gouvernement-pour-obtenir-un-cessez-le-feu\/#primaryimage"},"thumbnailUrl":"https:\/\/www.pressenza.com\/wp-content\/uploads\/2025\/09\/Tel-Aviv-protest-Itstime.jpg","datePublished":"2025-09-04T09:00:35+00:00","description":"Aujourd'hui ont d\u00e9but\u00e9 trois jours cons\u00e9cutifs de mobilisation lanc\u00e9s par le vaste front contre le gouvernement Netanyahu pour demander la fin de la","breadcrumb":{"@id":"https:\/\/www.pressenza.com\/fr\/2025\/09\/israel-trois-jours-de-mobilisation-contre-le-gouvernement-pour-obtenir-un-cessez-le-feu\/#breadcrumb"},"inLanguage":"fr-FR","potentialAction":[{"@type":"ReadAction","target":["https:\/\/www.pressenza.com\/fr\/2025\/09\/israel-trois-jours-de-mobilisation-contre-le-gouvernement-pour-obtenir-un-cessez-le-feu\/"]}]},{"@type":"ImageObject","inLanguage":"fr-FR","@id":"https:\/\/www.pressenza.com\/fr\/2025\/09\/israel-trois-jours-de-mobilisation-contre-le-gouvernement-pour-obtenir-un-cessez-le-feu\/#primaryimage","url":"https:\/\/www.pressenza.com\/wp-content\/uploads\/2025\/09\/Tel-Aviv-protest-Itstime.jpg","contentUrl":"https:\/\/www.pressenza.com\/wp-content\/uploads\/2025\/09\/Tel-Aviv-protest-Itstime.jpg","width":1600,"height":1204},{"@type":"BreadcrumbList","@id":"https:\/\/www.pressenza.com\/fr\/2025\/09\/israel-trois-jours-de-mobilisation-contre-le-gouvernement-pour-obtenir-un-cessez-le-feu\/#breadcrumb","itemListElement":[{"@type":"ListItem","position":1,"name":"Accueil","item":"https:\/\/www.pressenza.com\/fr\/"},{"@type":"ListItem","position":2,"name":"Isra\u00ebl : trois jours de mobilisation contre le gouvernement pour obtenir un cessez-le-feu"}]},{"@type":"WebSite","@id":"https:\/\/www.pressenza.com\/fr\/#website","url":"https:\/\/www.pressenza.com\/fr\/","name":"Pressenza","description":"International Press Agency","publisher":{"@id":"https:\/\/www.pressenza.com\/fr\/#organization"},"potentialAction":[{"@type":"SearchAction","target":{"@type":"EntryPoint","urlTemplate":"https:\/\/www.pressenza.com\/fr\/?s={search_term_string}"},"query-input":{"@type":"PropertyValueSpecification","valueRequired":true,"valueName":"search_term_string"}}],"inLanguage":"fr-FR"},{"@type":"Organization","@id":"https:\/\/www.pressenza.com\/fr\/#organization","name":"Pressenza","url":"https:\/\/www.pressenza.com\/fr\/","logo":{"@type":"ImageObject","inLanguage":"fr-FR","@id":"https:\/\/www.pressenza.com\/fr\/#\/schema\/logo\/image\/","url":"https:\/\/www.pressenza.com\/wp-content\/uploads\/2022\/10\/pressenza_logo_200x200.jpg","contentUrl":"https:\/\/www.pressenza.com\/wp-content\/uploads\/2022\/10\/pressenza_logo_200x200.jpg","width":200,"height":200,"caption":"Pressenza"},"image":{"@id":"https:\/\/www.pressenza.com\/fr\/#\/schema\/logo\/image\/"},"sameAs":["https:\/\/www.facebook.com\/PressenzaItalia","https:\/\/x.com\/PressenzaIPA"]},{"@type":"Person","@id":"https:\/\/www.pressenza.com\/fr\/#\/schema\/person\/010e5d02bcf40965427a1289a4cc8d75","name":"Pressenza IPA","description":"News from Pressenza IPA correspondents","sameAs":["https:\/\/www.facebook.com\/pressenza","https:\/\/x.com\/PressenzaIPA"],"url":"https:\/\/www.pressenza.com\/fr\/author\/pressenza-ipa\/"}]}},"place":"","original_article_url":"","_links":{"self":[{"href":"https:\/\/www.pressenza.com\/fr\/wp-json\/wp\/v2\/posts\/2632652","targetHints":{"allow":["GET"]}}],"collection":[{"href":"https:\/\/www.pressenza.com\/fr\/wp-json\/wp\/v2\/posts"}],"about":[{"href":"https:\/\/www.pressenza.com\/fr\/wp-json\/wp\/v2\/types\/post"}],"author":[{"embeddable":true,"href":"https:\/\/www.pressenza.com\/fr\/wp-json\/wp\/v2\/users\/19"}],"replies":[{"embeddable":true,"href":"https:\/\/www.pressenza.com\/fr\/wp-json\/wp\/v2\/comments?post=2632652"}],"version-history":[{"count":2,"href":"https:\/\/www.pressenza.com\/fr\/wp-json\/wp\/v2\/posts\/2632652\/revisions"}],"predecessor-version":[{"id":2632756,"href":"https:\/\/www.pressenza.com\/fr\/wp-json\/wp\/v2\/posts\/2632652\/revisions\/2632756"}],"wp:featuredmedia":[{"embeddable":true,"href":"https:\/\/www.pressenza.com\/fr\/wp-json\/wp\/v2\/media\/2632653"}],"wp:attachment":[{"href":"https:\/\/www.pressenza.com\/fr\/wp-json\/wp\/v2\/media?parent=2632652"}],"wp:term":[{"taxonomy":"category","embeddable":true,"href":"https:\/\/www.pressenza.com\/fr\/wp-json\/wp\/v2\/categories?post=2632652"},{"taxonomy":"post_tag","embeddable":true,"href":"https:\/\/www.pressenza.com\/fr\/wp-json\/wp\/v2\/tags?post=2632652"}],"curies":[{"name":"wp","href":"https:\/\/api.w.org\/{rel}","templated":true}]}}