{"id":2631513,"date":"2025-09-01T14:10:14","date_gmt":"2025-09-01T13:10:14","guid":{"rendered":"https:\/\/www.pressenza.com\/?p=2631513"},"modified":"2025-09-01T14:11:26","modified_gmt":"2025-09-01T13:11:26","slug":"arretez-le-genocide","status":"publish","type":"post","link":"https:\/\/www.pressenza.com\/fr\/2025\/09\/arretez-le-genocide\/","title":{"rendered":"Arr\u00eatez le g\u00e9nocide"},"content":{"rendered":"<p>Depuis la derni\u00e8re r\u00e9union des membres de plein droit et des adh\u00e9rents, le 27 juillet dernier, une \u00e9quipe ad hoc a \u00e9t\u00e9 constitu\u00e9e pour coordonner une campagne sur le g\u00e9nocide \u00e0 Gaza, qui comprend un document de d\u00e9nonciation envoy\u00e9 aux ambassades isra\u00e9liennes de tous les gouvernements des pays o\u00f9 le Parti Humaniste (PH) est pr\u00e9sent. En outre, une campagne interne a \u00e9t\u00e9 men\u00e9e aupr\u00e8s des membres de plein droit et des adh\u00e9rents afin que chacun se charge de faire parvenir ce document de d\u00e9nonciation, renfor\u00e7ant ainsi la saturation massive des ambassades, consulats et gouvernements des pays \u00e9trangers ayant un si\u00e8ge ou des repr\u00e9sentations locales. Les \u00c9quipes de Coordination Nationale form\u00e9es et en formation ont \u00e9galement \u00e9t\u00e9 encourag\u00e9es \u00e0 diffuser ce document sur les r\u00e9seaux sociaux et personnels afin de le faire conna\u00eetre.<\/p>\n<p>&nbsp;<\/p>\n<p>Voici le texte du document :<\/p>\n<h3 style=\"text-align: center;\"><strong>Lettre aux ambassades concernant le g\u00e9nocide \u00e0 Gaza<\/strong><\/h3>\n<p>La F\u00e9d\u00e9ration Internationale des Partis Humanistes d\u00e9nonce le g\u00e9nocide du Peuple Palestinien par Isra\u00ebl et ses coop\u00e9rants. Nous exhortons la conscience internationale \u00e0 prendre des mesures concr\u00e8tes contre cette violation syst\u00e9matique et massive du droit \u00e0 la vie et \u00e0 la paix.<\/p>\n<p>Le temps est venu d&rsquo;abandonner les illusions du pass\u00e9 et de reconna\u00eetre que l&rsquo;accord d&rsquo;Oslo, ses protocoles et conf\u00e9rences pour la solution pacifique de \u00ab\u00a0Deux \u00c9tats\u00a0\u00bb ont \u00e9chou\u00e9 et qu&rsquo;Isra\u00ebl a pris la d\u00e9cision d&rsquo;aller \u00e0 l&rsquo;encontre de cette solution.<\/p>\n<p>Nous appr\u00e9cions qu&rsquo;un pourcentage \u00e9lev\u00e9 de la soci\u00e9t\u00e9 isra\u00e9lienne soit conscient et lutte pour une issue pacifique et d\u00e9mocratique contre le sionisme. De m\u00eame, nous soutenons les communaut\u00e9s internationales qui reconnaissent la gravit\u00e9 des \u00e9v\u00e9nements et s&rsquo;expriment en organisant des marches et des manifestations de masse, dans le monde entier, d\u00e9non\u00e7ant les massacres et la famine de personnes sans d\u00e9fense, le blocus de l&rsquo;aide humanitaire, la destruction de villes enti\u00e8res, les bombardements d&rsquo;h\u00f4pitaux, d&rsquo;\u00e9coles et de mosqu\u00e9es, la r\u00e9pression des manifestants, les assassinats et les incarc\u00e9rations de journalistes et de militants internationaux qui d\u00e9noncent les traitements cruels et inhumains, la d\u00e9gradation des droits humains et qui r\u00e9clament la possibilit\u00e9 d&rsquo;une Palestine libre et souveraine.<\/p>\n<p>Nous exigeons que les dirigeants politiques et religieux du monde entier se prononcent contre cette situation indescriptible d&rsquo;abus et de cruaut\u00e9, o\u00f9 la puissance militaire isra\u00e9lienne agit en toute impunit\u00e9, pi\u00e9tinant tous les droits du peuple palestinien. Nous demandons qu&rsquo;un appel au boycott et \u00e0 la non-coop\u00e9ration avec l&rsquo;\u00c9tat d&rsquo;Isra\u00ebl soit lanc\u00e9 et qu&rsquo;il soit exig\u00e9 qu&rsquo;il respecte ses obligations en vertu du droit international, ainsi qu&rsquo;aux \u00c9tats complices d&rsquo;une nouvelle Shoah. Isra\u00ebl doit \u00eatre jug\u00e9 pour les attaques permanentes contre l&rsquo;int\u00e9grit\u00e9 physique et mentale, la libert\u00e9 et la dignit\u00e9 de les Palestiniens, et leurs crimes doivent \u00eatre condamn\u00e9s. Le peuple palestinien doit \u00eatre lib\u00e9r\u00e9 et ses droits territoriaux et politiques, reconnus.<\/p>\n<p>Ce \u00e0 quoi nous assistons aujourd&rsquo;hui n&rsquo;est PAS une guerre, c&rsquo;est UN G\u00c9NOCIDE, non seulement contre le peuple palestinien mais contre toute l&rsquo;humanit\u00e9.<\/p>\n<p><em>\u00ab Et chaque fois qu\u2019un individu ou un groupe humain s\u2019impose \u00e0 d\u2019autres par la violence, il parvient \u00e0 arr\u00eater l\u2019histoire&#8230;\u00a0\u00bb<\/em> (Silo, Lettre \u00e0 mes amis no. 6 : Document du Mouvement Humaniste, Chap. III &#8211; La position humaniste).<\/p>\n<p>&nbsp;<\/p>\n<p>F\u00e9d\u00e9ration Internationale des Partis Humanistes<\/p>\n<p align=\"left\">&#8212;&#8212;&#8212;&#8212;&#8212;&#8212;&#8212;&#8212;&#8212;&#8212;&#8212;&#8212;&#8212;&#8212;&#8212;&#8212;&#8212;&#8212;&#8212;&#8212;&#8212;&#8212;&#8212;&#8212;&#8212;&#8212;&#8212;&#8212;&#8212;&#8212;&#8212;&#8212;&#8212;&#8212;&#8211;<\/p>\n<p>Toute personne qui le souhaite peut participer \u00e0 cette activit\u00e9 en envoyant le texte de la lettre \u00e0 l&rsquo;organe gouvernemental de son pays, de son \u00c9tat ou de sa municipalit\u00e9. Il s&rsquo;agit d&rsquo;une campagne digne qui doit \u00eatre soutenue par tous les \u00eatres humains qui souhaitent un monde moins violent, plus libre et plus juste !<\/p>\n<p align=\"justify\">PAIX, FORCE ET JOIE<\/p>\n","protected":false},"excerpt":{"rendered":"<p>Depuis la derni\u00e8re r\u00e9union des membres de plein droit et des adh\u00e9rents, le 27 juillet dernier, une \u00e9quipe ad hoc a \u00e9t\u00e9 constitu\u00e9e pour coordonner une campagne sur le g\u00e9nocide \u00e0 Gaza, qui comprend un document de d\u00e9nonciation envoy\u00e9 aux&hellip;<\/p>\n","protected":false},"author":624,"featured_media":2631806,"comment_status":"closed","ping_status":"closed","sticky":false,"template":"","format":"standard","meta":{"footnotes":""},"categories":[98,40,124282,1250,93,95],"tags":[1508,66245,3102],"class_list":["post-2631513","post","type-post","status-publish","format-standard","has-post-thumbnail","hentry","category-droits-de-lhomme","category-international-fr","category-news-fr","category-paix-desarmement","category-politique","category-affaires-etrangeres","tag-gaza-fr","tag-genocide-fr","tag-parti-humaniste"],"yoast_head":"<!-- This site is optimized with the Yoast SEO plugin v27.1.1 - https:\/\/yoast.com\/product\/yoast-seo-wordpress\/ -->\n<title>Arr\u00eatez le g\u00e9nocide<\/title>\n<meta name=\"description\" content=\"Depuis la derni\u00e8re r\u00e9union des membres de plein droit et des adh\u00e9rents, le 27 juillet dernier, une \u00e9quipe ad hoc a \u00e9t\u00e9 constitu\u00e9e pour coordonner une\" \/>\n<meta name=\"robots\" content=\"index, follow, max-snippet:-1, max-image-preview:large, max-video-preview:-1\" \/>\n<link rel=\"canonical\" href=\"https:\/\/www.pressenza.com\/fr\/2025\/09\/arretez-le-genocide\/\" \/>\n<meta property=\"og:locale\" content=\"fr_FR\" \/>\n<meta property=\"og:type\" content=\"article\" \/>\n<meta property=\"og:title\" content=\"Arr\u00eatez le g\u00e9nocide\" \/>\n<meta property=\"og:description\" content=\"Depuis la derni\u00e8re r\u00e9union des membres de plein droit et des adh\u00e9rents, le 27 juillet dernier, une \u00e9quipe ad hoc a \u00e9t\u00e9 constitu\u00e9e pour coordonner une\" \/>\n<meta property=\"og:url\" content=\"https:\/\/www.pressenza.com\/fr\/2025\/09\/arretez-le-genocide\/\" \/>\n<meta property=\"og:site_name\" content=\"Pressenza\" \/>\n<meta property=\"article:publisher\" content=\"https:\/\/www.facebook.com\/PressenzaItalia\" \/>\n<meta property=\"article:published_time\" content=\"2025-09-01T13:10:14+00:00\" \/>\n<meta property=\"article:modified_time\" content=\"2025-09-01T13:11:26+00:00\" \/>\n<meta property=\"og:image\" content=\"https:\/\/www.pressenza.com\/wp-content\/uploads\/2025\/09\/Paren-el-genocidio-en-Gaza-3-FRANC.png\" \/>\n\t<meta property=\"og:image:width\" content=\"820\" \/>\n\t<meta property=\"og:image:height\" content=\"546\" \/>\n\t<meta property=\"og:image:type\" content=\"image\/png\" \/>\n<meta name=\"author\" content=\"Partido Humanista Internacional\" \/>\n<meta name=\"twitter:card\" content=\"summary_large_image\" \/>\n<meta name=\"twitter:creator\" content=\"@PressenzaIPA\" \/>\n<meta name=\"twitter:site\" content=\"@PressenzaIPA\" \/>\n<meta name=\"twitter:label1\" content=\"\u00c9crit par\" \/>\n\t<meta name=\"twitter:data1\" content=\"Partido Humanista Internacional\" \/>\n\t<meta name=\"twitter:label2\" content=\"Dur\u00e9e de lecture estim\u00e9e\" \/>\n\t<meta name=\"twitter:data2\" content=\"4 minutes\" \/>\n<script type=\"application\/ld+json\" class=\"yoast-schema-graph\">{\"@context\":\"https:\/\/schema.org\",\"@graph\":[{\"@type\":\"Article\",\"@id\":\"https:\/\/www.pressenza.com\/fr\/2025\/09\/arretez-le-genocide\/#article\",\"isPartOf\":{\"@id\":\"https:\/\/www.pressenza.com\/fr\/2025\/09\/arretez-le-genocide\/\"},\"author\":{\"name\":\"Partido Humanista Internacional\",\"@id\":\"https:\/\/www.pressenza.com\/fr\/#\/schema\/person\/f805ee4d4c0aa27aa176ccec26128d33\"},\"headline\":\"Arr\u00eatez le g\u00e9nocide\",\"datePublished\":\"2025-09-01T13:10:14+00:00\",\"dateModified\":\"2025-09-01T13:11:26+00:00\",\"mainEntityOfPage\":{\"@id\":\"https:\/\/www.pressenza.com\/fr\/2025\/09\/arretez-le-genocide\/\"},\"wordCount\":663,\"publisher\":{\"@id\":\"https:\/\/www.pressenza.com\/fr\/#organization\"},\"image\":{\"@id\":\"https:\/\/www.pressenza.com\/fr\/2025\/09\/arretez-le-genocide\/#primaryimage\"},\"thumbnailUrl\":\"https:\/\/www.pressenza.com\/wp-content\/uploads\/2025\/09\/Paren-el-genocidio-en-Gaza-3-FRANC.png\",\"keywords\":[\"Gaza\",\"genocide\",\"Parti Humaniste\"],\"articleSection\":[\"Droits humains\",\"International\",\"News\",\"Paix et D\u00e9sarmement\",\"Politique\",\"Relations internationales\"],\"inLanguage\":\"fr-FR\"},{\"@type\":\"WebPage\",\"@id\":\"https:\/\/www.pressenza.com\/fr\/2025\/09\/arretez-le-genocide\/\",\"url\":\"https:\/\/www.pressenza.com\/fr\/2025\/09\/arretez-le-genocide\/\",\"name\":\"Arr\u00eatez le g\u00e9nocide\",\"isPartOf\":{\"@id\":\"https:\/\/www.pressenza.com\/fr\/#website\"},\"primaryImageOfPage\":{\"@id\":\"https:\/\/www.pressenza.com\/fr\/2025\/09\/arretez-le-genocide\/#primaryimage\"},\"image\":{\"@id\":\"https:\/\/www.pressenza.com\/fr\/2025\/09\/arretez-le-genocide\/#primaryimage\"},\"thumbnailUrl\":\"https:\/\/www.pressenza.com\/wp-content\/uploads\/2025\/09\/Paren-el-genocidio-en-Gaza-3-FRANC.png\",\"datePublished\":\"2025-09-01T13:10:14+00:00\",\"dateModified\":\"2025-09-01T13:11:26+00:00\",\"description\":\"Depuis la derni\u00e8re r\u00e9union des membres de plein droit et des adh\u00e9rents, le 27 juillet dernier, une \u00e9quipe ad hoc a \u00e9t\u00e9 constitu\u00e9e pour coordonner une\",\"breadcrumb\":{\"@id\":\"https:\/\/www.pressenza.com\/fr\/2025\/09\/arretez-le-genocide\/#breadcrumb\"},\"inLanguage\":\"fr-FR\",\"potentialAction\":[{\"@type\":\"ReadAction\",\"target\":[\"https:\/\/www.pressenza.com\/fr\/2025\/09\/arretez-le-genocide\/\"]}]},{\"@type\":\"ImageObject\",\"inLanguage\":\"fr-FR\",\"@id\":\"https:\/\/www.pressenza.com\/fr\/2025\/09\/arretez-le-genocide\/#primaryimage\",\"url\":\"https:\/\/www.pressenza.com\/wp-content\/uploads\/2025\/09\/Paren-el-genocidio-en-Gaza-3-FRANC.png\",\"contentUrl\":\"https:\/\/www.pressenza.com\/wp-content\/uploads\/2025\/09\/Paren-el-genocidio-en-Gaza-3-FRANC.png\",\"width\":820,\"height\":546},{\"@type\":\"BreadcrumbList\",\"@id\":\"https:\/\/www.pressenza.com\/fr\/2025\/09\/arretez-le-genocide\/#breadcrumb\",\"itemListElement\":[{\"@type\":\"ListItem\",\"position\":1,\"name\":\"Accueil\",\"item\":\"https:\/\/www.pressenza.com\/fr\/\"},{\"@type\":\"ListItem\",\"position\":2,\"name\":\"Arr\u00eatez le g\u00e9nocide\"}]},{\"@type\":\"WebSite\",\"@id\":\"https:\/\/www.pressenza.com\/fr\/#website\",\"url\":\"https:\/\/www.pressenza.com\/fr\/\",\"name\":\"Pressenza\",\"description\":\"International Press Agency\",\"publisher\":{\"@id\":\"https:\/\/www.pressenza.com\/fr\/#organization\"},\"potentialAction\":[{\"@type\":\"SearchAction\",\"target\":{\"@type\":\"EntryPoint\",\"urlTemplate\":\"https:\/\/www.pressenza.com\/fr\/?s={search_term_string}\"},\"query-input\":{\"@type\":\"PropertyValueSpecification\",\"valueRequired\":true,\"valueName\":\"search_term_string\"}}],\"inLanguage\":\"fr-FR\"},{\"@type\":\"Organization\",\"@id\":\"https:\/\/www.pressenza.com\/fr\/#organization\",\"name\":\"Pressenza\",\"url\":\"https:\/\/www.pressenza.com\/fr\/\",\"logo\":{\"@type\":\"ImageObject\",\"inLanguage\":\"fr-FR\",\"@id\":\"https:\/\/www.pressenza.com\/fr\/#\/schema\/logo\/image\/\",\"url\":\"https:\/\/www.pressenza.com\/wp-content\/uploads\/2022\/10\/pressenza_logo_200x200.jpg\",\"contentUrl\":\"https:\/\/www.pressenza.com\/wp-content\/uploads\/2022\/10\/pressenza_logo_200x200.jpg\",\"width\":200,\"height\":200,\"caption\":\"Pressenza\"},\"image\":{\"@id\":\"https:\/\/www.pressenza.com\/fr\/#\/schema\/logo\/image\/\"},\"sameAs\":[\"https:\/\/www.facebook.com\/PressenzaItalia\",\"https:\/\/x.com\/PressenzaIPA\"]},{\"@type\":\"Person\",\"@id\":\"https:\/\/www.pressenza.com\/fr\/#\/schema\/person\/f805ee4d4c0aa27aa176ccec26128d33\",\"name\":\"Partido Humanista Internacional\",\"description\":\"www.internationalhumanistparty.org\",\"url\":\"https:\/\/www.pressenza.com\/fr\/author\/partido-humanista-internacional\/\"}]}<\/script>\n<!-- \/ Yoast SEO plugin. -->","yoast_head_json":{"title":"Arr\u00eatez le g\u00e9nocide","description":"Depuis la derni\u00e8re r\u00e9union des membres de plein droit et des adh\u00e9rents, le 27 juillet dernier, une \u00e9quipe ad hoc a \u00e9t\u00e9 constitu\u00e9e pour coordonner une","robots":{"index":"index","follow":"follow","max-snippet":"max-snippet:-1","max-image-preview":"max-image-preview:large","max-video-preview":"max-video-preview:-1"},"canonical":"https:\/\/www.pressenza.com\/fr\/2025\/09\/arretez-le-genocide\/","og_locale":"fr_FR","og_type":"article","og_title":"Arr\u00eatez le g\u00e9nocide","og_description":"Depuis la derni\u00e8re r\u00e9union des membres de plein droit et des adh\u00e9rents, le 27 juillet dernier, une \u00e9quipe ad hoc a \u00e9t\u00e9 constitu\u00e9e pour coordonner une","og_url":"https:\/\/www.pressenza.com\/fr\/2025\/09\/arretez-le-genocide\/","og_site_name":"Pressenza","article_publisher":"https:\/\/www.facebook.com\/PressenzaItalia","article_published_time":"2025-09-01T13:10:14+00:00","article_modified_time":"2025-09-01T13:11:26+00:00","og_image":[{"width":820,"height":546,"url":"https:\/\/www.pressenza.com\/wp-content\/uploads\/2025\/09\/Paren-el-genocidio-en-Gaza-3-FRANC.png","type":"image\/png"}],"author":"Partido Humanista Internacional","twitter_card":"summary_large_image","twitter_creator":"@PressenzaIPA","twitter_site":"@PressenzaIPA","twitter_misc":{"\u00c9crit par":"Partido Humanista Internacional","Dur\u00e9e de lecture estim\u00e9e":"4 minutes"},"schema":{"@context":"https:\/\/schema.org","@graph":[{"@type":"Article","@id":"https:\/\/www.pressenza.com\/fr\/2025\/09\/arretez-le-genocide\/#article","isPartOf":{"@id":"https:\/\/www.pressenza.com\/fr\/2025\/09\/arretez-le-genocide\/"},"author":{"name":"Partido Humanista Internacional","@id":"https:\/\/www.pressenza.com\/fr\/#\/schema\/person\/f805ee4d4c0aa27aa176ccec26128d33"},"headline":"Arr\u00eatez le g\u00e9nocide","datePublished":"2025-09-01T13:10:14+00:00","dateModified":"2025-09-01T13:11:26+00:00","mainEntityOfPage":{"@id":"https:\/\/www.pressenza.com\/fr\/2025\/09\/arretez-le-genocide\/"},"wordCount":663,"publisher":{"@id":"https:\/\/www.pressenza.com\/fr\/#organization"},"image":{"@id":"https:\/\/www.pressenza.com\/fr\/2025\/09\/arretez-le-genocide\/#primaryimage"},"thumbnailUrl":"https:\/\/www.pressenza.com\/wp-content\/uploads\/2025\/09\/Paren-el-genocidio-en-Gaza-3-FRANC.png","keywords":["Gaza","genocide","Parti Humaniste"],"articleSection":["Droits humains","International","News","Paix et D\u00e9sarmement","Politique","Relations internationales"],"inLanguage":"fr-FR"},{"@type":"WebPage","@id":"https:\/\/www.pressenza.com\/fr\/2025\/09\/arretez-le-genocide\/","url":"https:\/\/www.pressenza.com\/fr\/2025\/09\/arretez-le-genocide\/","name":"Arr\u00eatez le g\u00e9nocide","isPartOf":{"@id":"https:\/\/www.pressenza.com\/fr\/#website"},"primaryImageOfPage":{"@id":"https:\/\/www.pressenza.com\/fr\/2025\/09\/arretez-le-genocide\/#primaryimage"},"image":{"@id":"https:\/\/www.pressenza.com\/fr\/2025\/09\/arretez-le-genocide\/#primaryimage"},"thumbnailUrl":"https:\/\/www.pressenza.com\/wp-content\/uploads\/2025\/09\/Paren-el-genocidio-en-Gaza-3-FRANC.png","datePublished":"2025-09-01T13:10:14+00:00","dateModified":"2025-09-01T13:11:26+00:00","description":"Depuis la derni\u00e8re r\u00e9union des membres de plein droit et des adh\u00e9rents, le 27 juillet dernier, une \u00e9quipe ad hoc a \u00e9t\u00e9 constitu\u00e9e pour coordonner une","breadcrumb":{"@id":"https:\/\/www.pressenza.com\/fr\/2025\/09\/arretez-le-genocide\/#breadcrumb"},"inLanguage":"fr-FR","potentialAction":[{"@type":"ReadAction","target":["https:\/\/www.pressenza.com\/fr\/2025\/09\/arretez-le-genocide\/"]}]},{"@type":"ImageObject","inLanguage":"fr-FR","@id":"https:\/\/www.pressenza.com\/fr\/2025\/09\/arretez-le-genocide\/#primaryimage","url":"https:\/\/www.pressenza.com\/wp-content\/uploads\/2025\/09\/Paren-el-genocidio-en-Gaza-3-FRANC.png","contentUrl":"https:\/\/www.pressenza.com\/wp-content\/uploads\/2025\/09\/Paren-el-genocidio-en-Gaza-3-FRANC.png","width":820,"height":546},{"@type":"BreadcrumbList","@id":"https:\/\/www.pressenza.com\/fr\/2025\/09\/arretez-le-genocide\/#breadcrumb","itemListElement":[{"@type":"ListItem","position":1,"name":"Accueil","item":"https:\/\/www.pressenza.com\/fr\/"},{"@type":"ListItem","position":2,"name":"Arr\u00eatez le g\u00e9nocide"}]},{"@type":"WebSite","@id":"https:\/\/www.pressenza.com\/fr\/#website","url":"https:\/\/www.pressenza.com\/fr\/","name":"Pressenza","description":"International Press Agency","publisher":{"@id":"https:\/\/www.pressenza.com\/fr\/#organization"},"potentialAction":[{"@type":"SearchAction","target":{"@type":"EntryPoint","urlTemplate":"https:\/\/www.pressenza.com\/fr\/?s={search_term_string}"},"query-input":{"@type":"PropertyValueSpecification","valueRequired":true,"valueName":"search_term_string"}}],"inLanguage":"fr-FR"},{"@type":"Organization","@id":"https:\/\/www.pressenza.com\/fr\/#organization","name":"Pressenza","url":"https:\/\/www.pressenza.com\/fr\/","logo":{"@type":"ImageObject","inLanguage":"fr-FR","@id":"https:\/\/www.pressenza.com\/fr\/#\/schema\/logo\/image\/","url":"https:\/\/www.pressenza.com\/wp-content\/uploads\/2022\/10\/pressenza_logo_200x200.jpg","contentUrl":"https:\/\/www.pressenza.com\/wp-content\/uploads\/2022\/10\/pressenza_logo_200x200.jpg","width":200,"height":200,"caption":"Pressenza"},"image":{"@id":"https:\/\/www.pressenza.com\/fr\/#\/schema\/logo\/image\/"},"sameAs":["https:\/\/www.facebook.com\/PressenzaItalia","https:\/\/x.com\/PressenzaIPA"]},{"@type":"Person","@id":"https:\/\/www.pressenza.com\/fr\/#\/schema\/person\/f805ee4d4c0aa27aa176ccec26128d33","name":"Partido Humanista Internacional","description":"www.internationalhumanistparty.org","url":"https:\/\/www.pressenza.com\/fr\/author\/partido-humanista-internacional\/"}]}},"place":"","original_article_url":"","_links":{"self":[{"href":"https:\/\/www.pressenza.com\/fr\/wp-json\/wp\/v2\/posts\/2631513","targetHints":{"allow":["GET"]}}],"collection":[{"href":"https:\/\/www.pressenza.com\/fr\/wp-json\/wp\/v2\/posts"}],"about":[{"href":"https:\/\/www.pressenza.com\/fr\/wp-json\/wp\/v2\/types\/post"}],"author":[{"embeddable":true,"href":"https:\/\/www.pressenza.com\/fr\/wp-json\/wp\/v2\/users\/624"}],"replies":[{"embeddable":true,"href":"https:\/\/www.pressenza.com\/fr\/wp-json\/wp\/v2\/comments?post=2631513"}],"version-history":[{"count":3,"href":"https:\/\/www.pressenza.com\/fr\/wp-json\/wp\/v2\/posts\/2631513\/revisions"}],"predecessor-version":[{"id":2631801,"href":"https:\/\/www.pressenza.com\/fr\/wp-json\/wp\/v2\/posts\/2631513\/revisions\/2631801"}],"wp:featuredmedia":[{"embeddable":true,"href":"https:\/\/www.pressenza.com\/fr\/wp-json\/wp\/v2\/media\/2631806"}],"wp:attachment":[{"href":"https:\/\/www.pressenza.com\/fr\/wp-json\/wp\/v2\/media?parent=2631513"}],"wp:term":[{"taxonomy":"category","embeddable":true,"href":"https:\/\/www.pressenza.com\/fr\/wp-json\/wp\/v2\/categories?post=2631513"},{"taxonomy":"post_tag","embeddable":true,"href":"https:\/\/www.pressenza.com\/fr\/wp-json\/wp\/v2\/tags?post=2631513"}],"curies":[{"name":"wp","href":"https:\/\/api.w.org\/{rel}","templated":true}]}}