{"id":2630587,"date":"2025-08-28T07:33:09","date_gmt":"2025-08-28T06:33:09","guid":{"rendered":"https:\/\/www.pressenza.com\/?p=2630587"},"modified":"2025-08-28T07:34:47","modified_gmt":"2025-08-28T06:34:47","slug":"la-defense-civile-non-violente-face-a-la-militarisation","status":"publish","type":"post","link":"https:\/\/www.pressenza.com\/fr\/2025\/08\/la-defense-civile-non-violente-face-a-la-militarisation\/","title":{"rendered":"La D\u00e9fense Civile Non-Violente face \u00e0 la militarisation"},"content":{"rendered":"<p>La turbo-militarisation effr\u00e9n\u00e9e de l\u2019Europe est aliment\u00e9e en partie par une hypoth\u00e8se qu\u2019il est temps de remettre en question. Cette hypoth\u00e8se est tr\u00e8s r\u00e9pandue, autant dans les milieux militaires que dans la culture populaire au sens large, ainsi que parmi de nombreux milieux militants. Cette hypoth\u00e8se est que<strong> la violence est une m\u00e9thode ou un moyen efficace<\/strong> pour arriver \u00e0 ses fins.<\/p>\n<p><strong>L\u2019efficacit\u00e9 contestable de la violence<\/strong><\/p>\n<p>Il y a pourtant <strong>de quoi en douter<\/strong>.<\/p>\n<p>Premi\u00e8rement -et pour faire simple, voire simpliste- dans tout conflit violent, si l\u2019une des parties gagne, l\u2019autre perd : la violence \u00e9choue donc <em>au<\/em> <em>moins<\/em> une fois sur deux.<\/p>\n<p>Deuxi\u00e8mement, la r\u00e9action de ceux contre qui la violence est utilis\u00e9e peut \u00eatre de se conformer, de se plier, <em>ou <\/em>de refuser et de r\u00e9sister. J\u2019en veux pour exemple que ce soit le Hamas, Isra\u00ebl, l\u2019Ukraine ou la Russie, pour ne citer que ceux-ci. Cette r\u00e9ponse n\u2019est ni pr\u00e9visible ni contr\u00f4lable: ceux qui infligent la violence ne peuvent pas garantir la r\u00e9action de leurs victimes.<\/p>\n<p>Troisi\u00e8mement, peu de guerres au cours du dernier si\u00e8cle se sont sold\u00e9es par une victoire militaire d\u00e9cisive (les \u00c9tats dot\u00e9s d\u2019une plus grande capacit\u00e9 militaire ne sortent pas n\u00e9cessairement vainqueurs: Vi\u00eat Nam, Afghanistan, Ukraine). La violence n\u2019est donc pas particuli\u00e8rement efficace pour atteindre les objectifs politiques d\u00e9clar\u00e9s, et une plus grande capacit\u00e9 \u00e0 l\u2019infliger n\u2019est pas non plus une garantie de succ\u00e8s.<\/p>\n<p>Pour \u00eatre clair, je ne pr\u00e9tends pas que la violence \u00e9choue toujours, mais en tout cas elle \u00e9choue plus qu\u2019on a tendance \u00e0 l\u2019imaginer quand on la pr\u00eache ou qu\u2019on l\u2019accepte. Ce que le recours \u00e0 la violence <strong>garantit<\/strong>, en revanche, c\u2019est une <strong>s\u00e9rie de ravages <\/strong>: violence interpersonnelle (y compris sexiste), destruction mat\u00e9rielle et de l\u2019environnement\u2026 La violence d\u00e9truit\u00a0; elle afflige ses victimes et leurs proches\u00a0; elle brutalise ses auteurs\u00a0; elle traumatise tous ceux qu\u2019elle absorbe.<\/p>\n<p><strong>A qui profite la violence\u00a0?<\/strong><\/p>\n<p>Cela ne signifie pas que le recours \u00e0 la violence ne <strong>profite<\/strong> \u00e0 personne. De larges profits peuvent \u00eatre r\u00e9alis\u00e9s par la production d\u2019armes. Des agendas et des carri\u00e8res politiques peuvent \u00eatre avanc\u00e9s. Des concurrents peuvent \u00eatre discr\u00e9dit\u00e9s. Des cibles sp\u00e9cifiques peuvent \u00eatre \u00e9limin\u00e9es. Des images d\u2019actions d\u00e9cisives peuvent \u00eatre projet\u00e9es. Les pacifistes s\u2019inqui\u00e8tent depuis longtemps de la mani\u00e8re dont ce genre d\u2019int\u00e9r\u00eats p\u00e8sent lourdement sur les d\u00e9cisions de faire la guerre et de la pr\u00e9parer.<\/p>\n<p>La violence arm\u00e9e n\u2019est en tout cas pas aussi souvent qu\u2019on ne le pense un pari intelligent, m\u00eame quand il s\u2019agit de se d\u00e9fendre. Et elle engendre une militarisation dangereuse, \u00e0 tendance autoritaire, et aux profits douteux.<\/p>\n<p>Alors, que faire? Comment r\u00e9pondre aux dangers tels que ceux pr\u00e9sent\u00e9s, par exemple, par la Russie de Vladimir Poutine ?<\/p>\n<p><strong>Une alternative : la D\u00e9fense Civile Non-Violente (DCNV)<\/strong><\/p>\n<p>Et bien il est grand temps, je pense, de remettre en avant la D\u00e9fense Civile Non-Violente (ou DCNV) comme alternative aux logiques traditionnelles de d\u00e9fense (comme le fait le num\u00e9ro sp\u00e9cial d\u2019<em>Alternatives Non-Violentes<\/em> de <a href=\"https:\/\/www.alternatives-non-violentes.org\/Revue\/Numeros\/213_La_Defense_civile_non-Violente\">d\u00e9cembre 2024<\/a>.)<\/p>\n<p>Depuis l\u2019\u00e9tude de <strong>Chenoweth et Stephan<\/strong> de 2011 (<em>Why Civil Resistance Works<\/em>), on sait que la r\u00e9sistance non-violente semble fonctionner au moins aussi souvent que la r\u00e9sistance violente (deux fois plus, selon elle, m\u00eame si les d\u00e9tails font d\u00e9bat). Cela dit, la non-violence ne <em>garantit<\/em> pas le succ\u00e8s (pas plus que les m\u00e9thodes violentes). De plus, la majorit\u00e9 des \u00e9tudes sur la non-violence couvre des exemples de r\u00e9sistance essentiellement <em>nationale<\/em>, et non de guerre inter\u00e9tatique. La question qui se pose donc est de savoir si la non-violence pourrait fonctionner comme m\u00e9thode de d\u00e9fense contre une invasion militaire.<\/p>\n<p>Il n\u2019y a pas de grand et bel exemple d\u2019un pays qui s\u2019est d\u00e9fendu en utilisant la DCNV. La Lituanie peut-\u00eatre pendant la chute de l\u2019URSS. Mais on a \u00e9norm\u00e9ment d\u2019exemples de peuples ayant r\u00e9sist\u00e9, souvent de mani\u00e8re relativement spontan\u00e9e, et vaincu contre toute sorte de r\u00e9gimes autoritaires et coloniaux, autrement dit incluant aussi des r\u00e9gimes d\u2019occupation.<\/p>\n<p><strong>Le cas ukrainien : un sc\u00e9nario alternatif<\/strong><\/p>\n<p>Revenons un instant sur la guerre en Ukraine. Entre l\u2019Euromaidan de 2013-14 et 2022, l\u2019Ukraine s\u2019est rapproch\u00e9e de l\u2019OTAN et a doubl\u00e9 son budget militaire. Et si le m\u00eame engagement en termes de temps, de financement, et de capacit\u00e9 administrative avait \u00e9t\u00e9 consacr\u00e9 pendant ces ann\u00e9es \u00e0 la formation de tous les Ukrainiens \u00e0 la r\u00e9sistance non-violente ? Si l\u2019Ukraine et ses alli\u00e9s avaient d\u00e9cid\u00e9 d\u2019investir autant dans la DCNV que dans la r\u00e9ponse militaire? Le d\u00e9roul\u00e9 des \u00e9v\u00e9nements aurait \u00e9t\u00e9 risqu\u00e9, incertain, et difficile pour les Ukrainiens. Mais sommes-nous certains que le r\u00e9sultat aurait \u00e9t\u00e9 pire que les villes ras\u00e9es, les populations d\u00e9plac\u00e9es, les plus de 200 000 morts que la guerre a co\u00fbt\u00e9 jusqu\u2019\u00e0 pr\u00e9sent, sans parler du r\u00e9sultat toujours incertain et du risque d\u2019escalade nucl\u00e9aire? (C\u2019est une question que j\u2019examine dans <a href=\"https:\/\/doi.org\/10.1093\/ia\/iiae275\">un article<\/a> paru en janvier, en anglais.)<\/p>\n<p><strong>Mettre en place une v\u00e9ritable d\u00e9fense citoyenne<\/strong><\/p>\n<p>On n\u2019aura pas de preuves que la DCNV fonctionne tant qu\u2019on ne l\u2019aura pas essay\u00e9. Mais pour la mettre en place, il \u201csuffirait\u201d d\u2019organiser et de financer la formation de tous les citoyens aux m\u00e9thodes de r\u00e9sistance non-violente. Les Etat ont la capacit\u00e9 administrative et financi\u00e8re de le faire. Ce serait beaucoup moins co\u00fbteux que le programme de r\u00e9armement de l\u2019Europe. Cela \u00e9viterait les dangers pr\u00e9sent\u00e9s par cette militarisation effr\u00e9n\u00e9e. Et cela permettrait, en passant, d\u2019\u00e9quiper nos d\u00e9mocraties pour mieux r\u00e9sister \u00e0 la mont\u00e9e des fascismes, pour agir contre le d\u00e9r\u00e8glement climatique, contre les sexismes, etc.<\/p>\n<p><strong>Conclusion : ouvrir un nouvel horizon<\/strong><\/p>\n<p>Pour moi, donc, le contexte qui est le n\u00f4tre est une occasion de faire campagne pour qu\u2019une partie au moins des moyens promis \u00e0 la d\u00e9fense soit utilis\u00e9e pour former tous les citoyens \u00e0 la DCNV. Cela ouvrirait un horizon bien plus prometteur et bien moins terrifiant que celui que nous demandent d\u2019envisager nos dirigeants.<\/p>\n<p><em>Alexandre Christoyannopoulos<\/em><\/p>\n<p>\u201c<em>Alexandre Christoyannopoulos est ma\u00eetre de conf\u00e9rences en sciences politique et relations internationales \u00e0 l&rsquo;Universit\u00e9 de Loughborough. Il est l&rsquo;auteur de Tolstoy\u2019s Political Thought (2020) et de Christian Anarchism(2010), ainsi que de nombreux articles et chapitres sur L\u00e9on Tolsto\u00ef, l&rsquo;anarchisme religieux, le pacifisme et l&rsquo;anarcho-pacifisme. Il est r\u00e9dacteur en chef du Journal of Pacifism and Nonviolence. La liste compl\u00e8te de ses publications est disponible sur son site web<\/em>\u00a0:<\/p>\n<p><a href=\"https:\/\/sites.google.com\/site\/christoyannopoulos\/publications-by-theme\">https:\/\/sites.google.com\/site\/christoyannopoulos\/publications-by-theme<\/a><\/p>\n<p class=\"yiv5561162580MsoNormal\">Voir aussi l&rsquo;article paru dans Pressenza en avril dernier sur la DCNV : <a href=\"https:\/\/www.pressenza.com\/fr\/2025\/04\/defense-civile-non-violente-dcnv-histoire-dune-notion\/\">https:\/\/www.pressenza.com\/fr\/2025\/04\/defense-civile-non-violente-dcnv-histoire-dune-notion\/<\/a><\/p>\n","protected":false},"excerpt":{"rendered":"<p>La turbo-militarisation effr\u00e9n\u00e9e de l\u2019Europe est aliment\u00e9e en partie par une hypoth\u00e8se qu\u2019il est temps de remettre en question. Cette hypoth\u00e8se est tr\u00e8s r\u00e9pandue, autant dans les milieux militaires que dans la culture populaire au sens large, ainsi que parmi&hellip;<\/p>\n","protected":false},"author":807,"featured_media":2045300,"comment_status":"closed","ping_status":"closed","sticky":false,"template":"","format":"standard","meta":{"footnotes":""},"categories":[11386,1248,1250,95],"tags":[141964,252,8005],"class_list":["post-2630587","post","type-post","status-publish","format-standard","has-post-thumbnail","hentry","category-contenu-original","category-nonviolence-sujet","category-paix-desarmement","category-affaires-etrangeres","tag-defense-civile-non-violente-dcnv","tag-guerre","tag-ukraine-fr"],"yoast_head":"<!-- This site is optimized with the Yoast SEO plugin v27.1.1 - https:\/\/yoast.com\/product\/yoast-seo-wordpress\/ -->\n<title>La D\u00e9fense Civile Non-Violente face \u00e0 la militarisation<\/title>\n<meta name=\"description\" content=\"La turbo-militarisation effr\u00e9n\u00e9e de l\u2019Europe est aliment\u00e9e en partie par une hypoth\u00e8se qu\u2019il est temps de remettre en question. Cette hypoth\u00e8se est tr\u00e8s\" \/>\n<meta name=\"robots\" content=\"index, follow, max-snippet:-1, max-image-preview:large, max-video-preview:-1\" \/>\n<link rel=\"canonical\" href=\"https:\/\/www.pressenza.com\/fr\/2025\/08\/la-defense-civile-non-violente-face-a-la-militarisation\/\" \/>\n<meta property=\"og:locale\" content=\"fr_FR\" \/>\n<meta property=\"og:type\" content=\"article\" \/>\n<meta property=\"og:title\" content=\"La D\u00e9fense Civile Non-Violente face \u00e0 la militarisation\" \/>\n<meta property=\"og:description\" content=\"La turbo-militarisation effr\u00e9n\u00e9e de l\u2019Europe est aliment\u00e9e en partie par une hypoth\u00e8se qu\u2019il est temps de remettre en question. Cette hypoth\u00e8se est tr\u00e8s\" \/>\n<meta property=\"og:url\" content=\"https:\/\/www.pressenza.com\/fr\/2025\/08\/la-defense-civile-non-violente-face-a-la-militarisation\/\" \/>\n<meta property=\"og:site_name\" content=\"Pressenza\" \/>\n<meta property=\"article:publisher\" content=\"https:\/\/www.facebook.com\/PressenzaItalia\" \/>\n<meta property=\"article:published_time\" content=\"2025-08-28T06:33:09+00:00\" \/>\n<meta property=\"article:modified_time\" content=\"2025-08-28T06:34:47+00:00\" \/>\n<meta property=\"og:image\" content=\"https:\/\/www.pressenza.com\/wp-content\/uploads\/2023\/02\/DALL\u00b7E-2023-01-31-17.55.43-global-peace-non-violence-and-disarmament-with-futuristic-imagination-.png\" \/>\n\t<meta property=\"og:image:width\" content=\"1024\" \/>\n\t<meta property=\"og:image:height\" content=\"1024\" \/>\n\t<meta property=\"og:image:type\" content=\"image\/png\" \/>\n<meta name=\"author\" content=\"R\u00e9daction Belgique\" \/>\n<meta name=\"twitter:card\" content=\"summary_large_image\" \/>\n<meta name=\"twitter:creator\" content=\"@PressenzaIPA\" \/>\n<meta name=\"twitter:site\" content=\"@PressenzaIPA\" \/>\n<meta name=\"twitter:label1\" content=\"\u00c9crit par\" \/>\n\t<meta name=\"twitter:data1\" content=\"R\u00e9daction Belgique\" \/>\n\t<meta name=\"twitter:label2\" content=\"Dur\u00e9e de lecture estim\u00e9e\" \/>\n\t<meta name=\"twitter:data2\" content=\"6 minutes\" \/>\n<script type=\"application\/ld+json\" class=\"yoast-schema-graph\">{\"@context\":\"https:\/\/schema.org\",\"@graph\":[{\"@type\":\"Article\",\"@id\":\"https:\/\/www.pressenza.com\/fr\/2025\/08\/la-defense-civile-non-violente-face-a-la-militarisation\/#article\",\"isPartOf\":{\"@id\":\"https:\/\/www.pressenza.com\/fr\/2025\/08\/la-defense-civile-non-violente-face-a-la-militarisation\/\"},\"author\":{\"name\":\"R\u00e9daction Belgique\",\"@id\":\"https:\/\/www.pressenza.com\/fr\/#\/schema\/person\/86412bf1f68934d02d03035e031f781f\"},\"headline\":\"La D\u00e9fense Civile Non-Violente face \u00e0 la militarisation\",\"datePublished\":\"2025-08-28T06:33:09+00:00\",\"dateModified\":\"2025-08-28T06:34:47+00:00\",\"mainEntityOfPage\":{\"@id\":\"https:\/\/www.pressenza.com\/fr\/2025\/08\/la-defense-civile-non-violente-face-a-la-militarisation\/\"},\"wordCount\":1214,\"publisher\":{\"@id\":\"https:\/\/www.pressenza.com\/fr\/#organization\"},\"image\":{\"@id\":\"https:\/\/www.pressenza.com\/fr\/2025\/08\/la-defense-civile-non-violente-face-a-la-militarisation\/#primaryimage\"},\"thumbnailUrl\":\"https:\/\/www.pressenza.com\/wp-content\/uploads\/2023\/02\/DALL\u00b7E-2023-01-31-17.55.43-global-peace-non-violence-and-disarmament-with-futuristic-imagination-.png\",\"keywords\":[\"D\u00e9fense Civile Non-Violente (DCNV)\",\"guerre\",\"Ukraine\"],\"articleSection\":[\"Contenu Original\",\"Non-violence\",\"Paix et D\u00e9sarmement\",\"Relations internationales\"],\"inLanguage\":\"fr-FR\"},{\"@type\":\"WebPage\",\"@id\":\"https:\/\/www.pressenza.com\/fr\/2025\/08\/la-defense-civile-non-violente-face-a-la-militarisation\/\",\"url\":\"https:\/\/www.pressenza.com\/fr\/2025\/08\/la-defense-civile-non-violente-face-a-la-militarisation\/\",\"name\":\"La D\u00e9fense Civile Non-Violente face \u00e0 la militarisation\",\"isPartOf\":{\"@id\":\"https:\/\/www.pressenza.com\/fr\/#website\"},\"primaryImageOfPage\":{\"@id\":\"https:\/\/www.pressenza.com\/fr\/2025\/08\/la-defense-civile-non-violente-face-a-la-militarisation\/#primaryimage\"},\"image\":{\"@id\":\"https:\/\/www.pressenza.com\/fr\/2025\/08\/la-defense-civile-non-violente-face-a-la-militarisation\/#primaryimage\"},\"thumbnailUrl\":\"https:\/\/www.pressenza.com\/wp-content\/uploads\/2023\/02\/DALL\u00b7E-2023-01-31-17.55.43-global-peace-non-violence-and-disarmament-with-futuristic-imagination-.png\",\"datePublished\":\"2025-08-28T06:33:09+00:00\",\"dateModified\":\"2025-08-28T06:34:47+00:00\",\"description\":\"La turbo-militarisation effr\u00e9n\u00e9e de l\u2019Europe est aliment\u00e9e en partie par une hypoth\u00e8se qu\u2019il est temps de remettre en question. Cette hypoth\u00e8se est tr\u00e8s\",\"breadcrumb\":{\"@id\":\"https:\/\/www.pressenza.com\/fr\/2025\/08\/la-defense-civile-non-violente-face-a-la-militarisation\/#breadcrumb\"},\"inLanguage\":\"fr-FR\",\"potentialAction\":[{\"@type\":\"ReadAction\",\"target\":[\"https:\/\/www.pressenza.com\/fr\/2025\/08\/la-defense-civile-non-violente-face-a-la-militarisation\/\"]}]},{\"@type\":\"ImageObject\",\"inLanguage\":\"fr-FR\",\"@id\":\"https:\/\/www.pressenza.com\/fr\/2025\/08\/la-defense-civile-non-violente-face-a-la-militarisation\/#primaryimage\",\"url\":\"https:\/\/www.pressenza.com\/wp-content\/uploads\/2023\/02\/DALL\u00b7E-2023-01-31-17.55.43-global-peace-non-violence-and-disarmament-with-futuristic-imagination-.png\",\"contentUrl\":\"https:\/\/www.pressenza.com\/wp-content\/uploads\/2023\/02\/DALL\u00b7E-2023-01-31-17.55.43-global-peace-non-violence-and-disarmament-with-futuristic-imagination-.png\",\"width\":1024,\"height\":1024},{\"@type\":\"BreadcrumbList\",\"@id\":\"https:\/\/www.pressenza.com\/fr\/2025\/08\/la-defense-civile-non-violente-face-a-la-militarisation\/#breadcrumb\",\"itemListElement\":[{\"@type\":\"ListItem\",\"position\":1,\"name\":\"Accueil\",\"item\":\"https:\/\/www.pressenza.com\/fr\/\"},{\"@type\":\"ListItem\",\"position\":2,\"name\":\"La D\u00e9fense Civile Non-Violente face \u00e0 la militarisation\"}]},{\"@type\":\"WebSite\",\"@id\":\"https:\/\/www.pressenza.com\/fr\/#website\",\"url\":\"https:\/\/www.pressenza.com\/fr\/\",\"name\":\"Pressenza\",\"description\":\"International Press Agency\",\"publisher\":{\"@id\":\"https:\/\/www.pressenza.com\/fr\/#organization\"},\"potentialAction\":[{\"@type\":\"SearchAction\",\"target\":{\"@type\":\"EntryPoint\",\"urlTemplate\":\"https:\/\/www.pressenza.com\/fr\/?s={search_term_string}\"},\"query-input\":{\"@type\":\"PropertyValueSpecification\",\"valueRequired\":true,\"valueName\":\"search_term_string\"}}],\"inLanguage\":\"fr-FR\"},{\"@type\":\"Organization\",\"@id\":\"https:\/\/www.pressenza.com\/fr\/#organization\",\"name\":\"Pressenza\",\"url\":\"https:\/\/www.pressenza.com\/fr\/\",\"logo\":{\"@type\":\"ImageObject\",\"inLanguage\":\"fr-FR\",\"@id\":\"https:\/\/www.pressenza.com\/fr\/#\/schema\/logo\/image\/\",\"url\":\"https:\/\/www.pressenza.com\/wp-content\/uploads\/2022\/10\/pressenza_logo_200x200.jpg\",\"contentUrl\":\"https:\/\/www.pressenza.com\/wp-content\/uploads\/2022\/10\/pressenza_logo_200x200.jpg\",\"width\":200,\"height\":200,\"caption\":\"Pressenza\"},\"image\":{\"@id\":\"https:\/\/www.pressenza.com\/fr\/#\/schema\/logo\/image\/\"},\"sameAs\":[\"https:\/\/www.facebook.com\/PressenzaItalia\",\"https:\/\/x.com\/PressenzaIPA\"]},{\"@type\":\"Person\",\"@id\":\"https:\/\/www.pressenza.com\/fr\/#\/schema\/person\/86412bf1f68934d02d03035e031f781f\",\"name\":\"R\u00e9daction Belgique\",\"description\":\"News published by the Pressenza bureau in Belgium\",\"url\":\"https:\/\/www.pressenza.com\/fr\/author\/redaction-belgique\/\"}]}<\/script>\n<!-- \/ Yoast SEO plugin. -->","yoast_head_json":{"title":"La D\u00e9fense Civile Non-Violente face \u00e0 la militarisation","description":"La turbo-militarisation effr\u00e9n\u00e9e de l\u2019Europe est aliment\u00e9e en partie par une hypoth\u00e8se qu\u2019il est temps de remettre en question. Cette hypoth\u00e8se est tr\u00e8s","robots":{"index":"index","follow":"follow","max-snippet":"max-snippet:-1","max-image-preview":"max-image-preview:large","max-video-preview":"max-video-preview:-1"},"canonical":"https:\/\/www.pressenza.com\/fr\/2025\/08\/la-defense-civile-non-violente-face-a-la-militarisation\/","og_locale":"fr_FR","og_type":"article","og_title":"La D\u00e9fense Civile Non-Violente face \u00e0 la militarisation","og_description":"La turbo-militarisation effr\u00e9n\u00e9e de l\u2019Europe est aliment\u00e9e en partie par une hypoth\u00e8se qu\u2019il est temps de remettre en question. Cette hypoth\u00e8se est tr\u00e8s","og_url":"https:\/\/www.pressenza.com\/fr\/2025\/08\/la-defense-civile-non-violente-face-a-la-militarisation\/","og_site_name":"Pressenza","article_publisher":"https:\/\/www.facebook.com\/PressenzaItalia","article_published_time":"2025-08-28T06:33:09+00:00","article_modified_time":"2025-08-28T06:34:47+00:00","og_image":[{"width":1024,"height":1024,"url":"https:\/\/www.pressenza.com\/wp-content\/uploads\/2023\/02\/DALL\u00b7E-2023-01-31-17.55.43-global-peace-non-violence-and-disarmament-with-futuristic-imagination-.png","type":"image\/png"}],"author":"R\u00e9daction Belgique","twitter_card":"summary_large_image","twitter_creator":"@PressenzaIPA","twitter_site":"@PressenzaIPA","twitter_misc":{"\u00c9crit par":"R\u00e9daction Belgique","Dur\u00e9e de lecture estim\u00e9e":"6 minutes"},"schema":{"@context":"https:\/\/schema.org","@graph":[{"@type":"Article","@id":"https:\/\/www.pressenza.com\/fr\/2025\/08\/la-defense-civile-non-violente-face-a-la-militarisation\/#article","isPartOf":{"@id":"https:\/\/www.pressenza.com\/fr\/2025\/08\/la-defense-civile-non-violente-face-a-la-militarisation\/"},"author":{"name":"R\u00e9daction Belgique","@id":"https:\/\/www.pressenza.com\/fr\/#\/schema\/person\/86412bf1f68934d02d03035e031f781f"},"headline":"La D\u00e9fense Civile Non-Violente face \u00e0 la militarisation","datePublished":"2025-08-28T06:33:09+00:00","dateModified":"2025-08-28T06:34:47+00:00","mainEntityOfPage":{"@id":"https:\/\/www.pressenza.com\/fr\/2025\/08\/la-defense-civile-non-violente-face-a-la-militarisation\/"},"wordCount":1214,"publisher":{"@id":"https:\/\/www.pressenza.com\/fr\/#organization"},"image":{"@id":"https:\/\/www.pressenza.com\/fr\/2025\/08\/la-defense-civile-non-violente-face-a-la-militarisation\/#primaryimage"},"thumbnailUrl":"https:\/\/www.pressenza.com\/wp-content\/uploads\/2023\/02\/DALL\u00b7E-2023-01-31-17.55.43-global-peace-non-violence-and-disarmament-with-futuristic-imagination-.png","keywords":["D\u00e9fense Civile Non-Violente (DCNV)","guerre","Ukraine"],"articleSection":["Contenu Original","Non-violence","Paix et D\u00e9sarmement","Relations internationales"],"inLanguage":"fr-FR"},{"@type":"WebPage","@id":"https:\/\/www.pressenza.com\/fr\/2025\/08\/la-defense-civile-non-violente-face-a-la-militarisation\/","url":"https:\/\/www.pressenza.com\/fr\/2025\/08\/la-defense-civile-non-violente-face-a-la-militarisation\/","name":"La D\u00e9fense Civile Non-Violente face \u00e0 la militarisation","isPartOf":{"@id":"https:\/\/www.pressenza.com\/fr\/#website"},"primaryImageOfPage":{"@id":"https:\/\/www.pressenza.com\/fr\/2025\/08\/la-defense-civile-non-violente-face-a-la-militarisation\/#primaryimage"},"image":{"@id":"https:\/\/www.pressenza.com\/fr\/2025\/08\/la-defense-civile-non-violente-face-a-la-militarisation\/#primaryimage"},"thumbnailUrl":"https:\/\/www.pressenza.com\/wp-content\/uploads\/2023\/02\/DALL\u00b7E-2023-01-31-17.55.43-global-peace-non-violence-and-disarmament-with-futuristic-imagination-.png","datePublished":"2025-08-28T06:33:09+00:00","dateModified":"2025-08-28T06:34:47+00:00","description":"La turbo-militarisation effr\u00e9n\u00e9e de l\u2019Europe est aliment\u00e9e en partie par une hypoth\u00e8se qu\u2019il est temps de remettre en question. Cette hypoth\u00e8se est tr\u00e8s","breadcrumb":{"@id":"https:\/\/www.pressenza.com\/fr\/2025\/08\/la-defense-civile-non-violente-face-a-la-militarisation\/#breadcrumb"},"inLanguage":"fr-FR","potentialAction":[{"@type":"ReadAction","target":["https:\/\/www.pressenza.com\/fr\/2025\/08\/la-defense-civile-non-violente-face-a-la-militarisation\/"]}]},{"@type":"ImageObject","inLanguage":"fr-FR","@id":"https:\/\/www.pressenza.com\/fr\/2025\/08\/la-defense-civile-non-violente-face-a-la-militarisation\/#primaryimage","url":"https:\/\/www.pressenza.com\/wp-content\/uploads\/2023\/02\/DALL\u00b7E-2023-01-31-17.55.43-global-peace-non-violence-and-disarmament-with-futuristic-imagination-.png","contentUrl":"https:\/\/www.pressenza.com\/wp-content\/uploads\/2023\/02\/DALL\u00b7E-2023-01-31-17.55.43-global-peace-non-violence-and-disarmament-with-futuristic-imagination-.png","width":1024,"height":1024},{"@type":"BreadcrumbList","@id":"https:\/\/www.pressenza.com\/fr\/2025\/08\/la-defense-civile-non-violente-face-a-la-militarisation\/#breadcrumb","itemListElement":[{"@type":"ListItem","position":1,"name":"Accueil","item":"https:\/\/www.pressenza.com\/fr\/"},{"@type":"ListItem","position":2,"name":"La D\u00e9fense Civile Non-Violente face \u00e0 la militarisation"}]},{"@type":"WebSite","@id":"https:\/\/www.pressenza.com\/fr\/#website","url":"https:\/\/www.pressenza.com\/fr\/","name":"Pressenza","description":"International Press Agency","publisher":{"@id":"https:\/\/www.pressenza.com\/fr\/#organization"},"potentialAction":[{"@type":"SearchAction","target":{"@type":"EntryPoint","urlTemplate":"https:\/\/www.pressenza.com\/fr\/?s={search_term_string}"},"query-input":{"@type":"PropertyValueSpecification","valueRequired":true,"valueName":"search_term_string"}}],"inLanguage":"fr-FR"},{"@type":"Organization","@id":"https:\/\/www.pressenza.com\/fr\/#organization","name":"Pressenza","url":"https:\/\/www.pressenza.com\/fr\/","logo":{"@type":"ImageObject","inLanguage":"fr-FR","@id":"https:\/\/www.pressenza.com\/fr\/#\/schema\/logo\/image\/","url":"https:\/\/www.pressenza.com\/wp-content\/uploads\/2022\/10\/pressenza_logo_200x200.jpg","contentUrl":"https:\/\/www.pressenza.com\/wp-content\/uploads\/2022\/10\/pressenza_logo_200x200.jpg","width":200,"height":200,"caption":"Pressenza"},"image":{"@id":"https:\/\/www.pressenza.com\/fr\/#\/schema\/logo\/image\/"},"sameAs":["https:\/\/www.facebook.com\/PressenzaItalia","https:\/\/x.com\/PressenzaIPA"]},{"@type":"Person","@id":"https:\/\/www.pressenza.com\/fr\/#\/schema\/person\/86412bf1f68934d02d03035e031f781f","name":"R\u00e9daction Belgique","description":"News published by the Pressenza bureau in Belgium","url":"https:\/\/www.pressenza.com\/fr\/author\/redaction-belgique\/"}]}},"place":"","original_article_url":"","_links":{"self":[{"href":"https:\/\/www.pressenza.com\/fr\/wp-json\/wp\/v2\/posts\/2630587","targetHints":{"allow":["GET"]}}],"collection":[{"href":"https:\/\/www.pressenza.com\/fr\/wp-json\/wp\/v2\/posts"}],"about":[{"href":"https:\/\/www.pressenza.com\/fr\/wp-json\/wp\/v2\/types\/post"}],"author":[{"embeddable":true,"href":"https:\/\/www.pressenza.com\/fr\/wp-json\/wp\/v2\/users\/807"}],"replies":[{"embeddable":true,"href":"https:\/\/www.pressenza.com\/fr\/wp-json\/wp\/v2\/comments?post=2630587"}],"version-history":[{"count":2,"href":"https:\/\/www.pressenza.com\/fr\/wp-json\/wp\/v2\/posts\/2630587\/revisions"}],"predecessor-version":[{"id":2630593,"href":"https:\/\/www.pressenza.com\/fr\/wp-json\/wp\/v2\/posts\/2630587\/revisions\/2630593"}],"wp:featuredmedia":[{"embeddable":true,"href":"https:\/\/www.pressenza.com\/fr\/wp-json\/wp\/v2\/media\/2045300"}],"wp:attachment":[{"href":"https:\/\/www.pressenza.com\/fr\/wp-json\/wp\/v2\/media?parent=2630587"}],"wp:term":[{"taxonomy":"category","embeddable":true,"href":"https:\/\/www.pressenza.com\/fr\/wp-json\/wp\/v2\/categories?post=2630587"},{"taxonomy":"post_tag","embeddable":true,"href":"https:\/\/www.pressenza.com\/fr\/wp-json\/wp\/v2\/tags?post=2630587"}],"curies":[{"name":"wp","href":"https:\/\/api.w.org\/{rel}","templated":true}]}}