{"id":2622900,"date":"2025-07-29T02:43:49","date_gmt":"2025-07-29T01:43:49","guid":{"rendered":"https:\/\/www.pressenza.com\/?p=2622900"},"modified":"2025-07-29T14:52:28","modified_gmt":"2025-07-29T13:52:28","slug":"3500-jours-en-detention-liberez-milagro-sala","status":"publish","type":"post","link":"https:\/\/www.pressenza.com\/fr\/2025\/07\/3500-jours-en-detention-liberez-milagro-sala\/","title":{"rendered":"3500 jours en d\u00e9tention : lib\u00e9rez Milagro Sala"},"content":{"rendered":"<p>Apr\u00e8s 3 500 jours de d\u00e9tention de la militante sociale Milagro Sala, le <em>R\u00e9seau international pour la libert\u00e9 de Milagro Sala<\/em>, compos\u00e9 de citoyens d&rsquo;Argentine, du Br\u00e9sil, du Canada, d&rsquo;Espagne, des \u00c9tats-Unis, de Finlande, de France, d&rsquo;Italie, du Royaume-Uni, de Su\u00e8de et de Suisse, exige une fois de plus que justice soit faite en lib\u00e9rant Milagro.<\/p>\n<p>Le 16 ao\u00fbt marquera le 3500e jour d&rsquo;incarc\u00e9ration de Milagro Sala. Trois mille cinq cents jours au cours desquels l&rsquo;Argentine a fait l&rsquo;exp\u00e9rience de la guerre juridique (lawfare) qui, dans d&rsquo;autres pays, a conduit \u00e0 l&rsquo;incarc\u00e9ration de l&rsquo;actuel pr\u00e9sident du Br\u00e9sil, Luis In\u00e1cio Lula da Silva, et \u00e0 l&rsquo;exil de l&rsquo;ancien pr\u00e9sident de l&rsquo;\u00c9quateur, Rafael Correa. Trois mille cinq cents jours depuis que Jujuy est devenu le laboratoire r\u00e9pressif que le gouvernement national de la R\u00e9publique argentine utilise aujourd&rsquo;hui pour intimider l&rsquo;opposition politique, faire taire les voix rebelles et effrayer le peuple.<\/p>\n<p>Milagro Sala a \u00e9t\u00e9 arr\u00eat\u00e9e, jug\u00e9e et condamn\u00e9e sur la base de dossiers truqu\u00e9s, de preuves controvers\u00e9es, de t\u00e9moins achet\u00e9s et d&rsquo;entraves \u00e0 la d\u00e9fense. La Cour supr\u00eame, sans \u00e9valuation juridique, a confirm\u00e9 la condamnation et, en plus des ann\u00e9es de d\u00e9tention, a d\u00e9clar\u00e9 Milagro in\u00e9ligible \u00e0 vie \u00e0 toute fonction publique dans le pays.<\/p>\n<p>Lorsque, sur ordre de la Cour Interam\u00e9ricaine des Droits Humains, Milagro a obtenu l&rsquo;assignation \u00e0 r\u00e9sidence, le gouvernement a tent\u00e9 d&#8217;emp\u00eacher les visites \u00e0 son domicile. La police de Jujuy a plac\u00e9 une garde \u00e0 domicile chez Milagro, en violation de la loi. Pour dissuader les visites, ces fonctionnaires de police ont commenc\u00e9 \u00e0 collecter ill\u00e9galement, entre autres, les donn\u00e9es personnelles, le num\u00e9ro de pi\u00e8ce d&rsquo;identit\u00e9, l&rsquo;appartenance politique, sociale ou syndicale et l&rsquo;adresse des personnes qui lui rendaient visite. Personne ne sait o\u00f9 ces donn\u00e9es ont \u00e9t\u00e9 archiv\u00e9es ni \u00e0 quelles fins elles ont \u00e9t\u00e9 utilis\u00e9es.<\/p>\n<p>Cristina Fern\u00e1ndez de Kirchner a \u00e9t\u00e9 jug\u00e9e et condamn\u00e9e dans le cadre d&rsquo;un proc\u00e8s truqu\u00e9, avec des preuves controvers\u00e9es, des t\u00e9moins douteux et l&rsquo;impossibilit\u00e9 pour la d\u00e9fense de pr\u00e9senter toutes les preuves requises. La Cour supr\u00eame, sans d\u00e9bat juridique, a confirm\u00e9 la condamnation et, comme dans le cas de Milagro, l&rsquo;a d\u00e9clar\u00e9e in\u00e9ligible \u00e0 toute fonction publique dans le pays. En raison de son assignation \u00e0 r\u00e9sidence, Cristina ne peut recevoir de visites qu&rsquo;avec l&rsquo;autorisation du tribunal. L&rsquo;isolement politique et social fait partie de la punition inflig\u00e9e \u00e0 celles qui ne se conforment pas aux r\u00e8gles.<\/p>\n<p>Milagro Sala et Cristina Fern\u00e1ndez de Kirchner, jug\u00e9es et condamn\u00e9es injustement pour des d\u00e9lits pr\u00e9sum\u00e9s de corruption, sont soumises \u00e0 des conditions de d\u00e9tention plus s\u00e9v\u00e8res que des centaines de g\u00e9nocidaires qui ont \u00e9t\u00e9 reconnus coupables d&rsquo;enl\u00e8vements, de tortures et d&rsquo;assassinats de milliers d&rsquo;activistes \u00e9tudiants, syndicaux, politiques et sociaux qui cherchaient \u00e0 transformer \u00e9conomiquement et socialement l&rsquo;Argentine.<\/p>\n<p>Apr\u00e8s l&rsquo;arrestation de Milagro, les militants de l&rsquo;organisation de quartier Tupac Amar\u00fa, fond\u00e9e et dirig\u00e9e par Milagro, ont \u00e9t\u00e9 poursuivis par la justice et la police. Des dizaines de membres de Tupac ont \u00e9t\u00e9 arr\u00eat\u00e9s pour des raisons judiciaires ou pour des infractions municipales. \u00c0 cela s&rsquo;ajoutent les agressions polici\u00e8res lors de manifestations, de r\u00e9unions de quartier ou d&rsquo;activit\u00e9s sociales, qui ont fait que les gens avaient peur de circuler dans la rue avec une veste Tupac. La peur rend muet, l&#8217;emprisonnement et les coups r\u00e9duisent au silence.<\/p>\n<p>Aujourd&rsquo;hui, les pratiques utilis\u00e9es contre l&rsquo;Organisation de quartier Tupac Amar\u00fa au niveau national se r\u00e9p\u00e8tent. Les retrait\u00e9s ne se sont jamais tus face \u00e0 l&rsquo;injustice du gouvernement de Javier Milei. Chaque mercredi, ils sont r\u00e9prim\u00e9s \u00e0 coups de matraques et de gaz lacrymog\u00e8nes. La r\u00e9pression des marches qui accordent des pouvoirs extraordinaires \u00e0 Milei et remettent en question l&rsquo;ajustement brutal et la cession des biens communs a fait des centaines de bless\u00e9s et de d\u00e9tenus. La plupart d&rsquo;entre eux ont aujourd&rsquo;hui \u00e9t\u00e9 acquitt\u00e9s, mais le mal est fait, le message est clair : \u00ab ceux qui manifestent s&rsquo;exposent \u00e0 des coups et \u00e0 la prison \u00bb. Les manifestations devant la maison du d\u00e9put\u00e9 Jos\u00e9 Luis Espert, qui se vante de r\u00e9clamer \u00ab la prison et la balle \u00bb pour l&rsquo;opposition, ont \u00e9galement \u00e9t\u00e9 suivies de l&rsquo;arrestation des participantes.<\/p>\n<p>Mais il ne suffit pas d&#8217;emprisonner et d&rsquo;essayer de faire taire l&rsquo;adversaire, il faut aussi le d\u00e9truire en tant qu&rsquo;\u00eatre humain. Non seulement ses positions politiques sont attaqu\u00e9es et des mensonges sont prof\u00e9r\u00e9s sur d&rsquo;\u00e9ventuelles activit\u00e9s ill\u00e9gales, mais sa famille est \u00e9galement prise pour cible. Sergio Chorolque Sala, le fils de Milagro, et son mari, Ra\u00fal Noro, ont \u00e9t\u00e9 accus\u00e9s, insult\u00e9s et vilipend\u00e9s. Sergio a souffert d&rsquo;une d\u00e9pression et est d\u00e9c\u00e9d\u00e9 d&rsquo;un arr\u00eat cardiaque quelques mois plus tard. La maison o\u00f9 Milagro \u00e9tait d\u00e9tenue \u00e0 Jujuy, o\u00f9 se trouvait \u00e9galement Ra\u00fal Noro, en phase terminale d&rsquo;un cancer, a \u00e9t\u00e9 perquisitionn\u00e9e par les forces de police, qui ont m\u00eame emp\u00each\u00e9 les m\u00e9decins et les infirmi\u00e8res d&rsquo;entrer pour soigner le patient. Ra\u00fal est d\u00e9c\u00e9d\u00e9 quelques jours apr\u00e8s la perquisition.<\/p>\n<p>M\u00e1ximo et Florencia Kirchner ont \u00e9t\u00e9 poursuivis en justice et vilipend\u00e9s dans les m\u00e9dias pour diff\u00e9rents faits de corruption qui n&rsquo;ont jamais \u00e9t\u00e9 prouv\u00e9s. Mais le mal \u00e9tait fait. Florencia a eu besoin d&rsquo;un soutien professionnel \u00e0 l&rsquo;\u00e9tranger pour surmonter la d\u00e9pression caus\u00e9e par la douleur subie.<\/p>\n<p>Au cours de cette longue d\u00e9tention, Milagro a non seulement subi des pertes familiales, mais sa sant\u00e9 s&rsquo;est d\u00e9t\u00e9rior\u00e9e et elle a souffert d&rsquo;une thrombose veineuse profonde, avec un caillot dans la jambe gauche qui n&rsquo;a pas \u00e9t\u00e9 trait\u00e9 correctement \u00e0 Jujuy. Apr\u00e8s des mois de protestations et de requ\u00eates judiciaires, elle a \u00e9t\u00e9 transf\u00e9r\u00e9e \u00e0 La Plata pour \u00eatre soign\u00e9e \u00e0 l&rsquo;h\u00f4pital italien. Les soins ont \u00e9t\u00e9 tardifs, elle a encore des difficult\u00e9s \u00e0 marcher et le traitement se poursuit. L&rsquo;\u00e9puisement moral et physique fait partie du laboratoire, qui cherche \u00e0 faire capituler l&rsquo;ennemi, \u00e0 le faire abandonner la lutte pour l&rsquo;\u00e9galit\u00e9 sociale et \u00e0 le faire dispara\u00eetre de la vie publique.<\/p>\n<p>Le laboratoire cr\u00e9\u00e9 par le gouverneur Morales, soutenu par le pr\u00e9sident Macri, s&rsquo;est d\u00e9velopp\u00e9 et s&rsquo;est \u00e9tendu. Aujourd&rsquo;hui, il est appliqu\u00e9 par le gouvernement du pr\u00e9sident Milei dans tout le pays. L&#8217;emprisonnement, le jugement et la condamnation de Milagro Sala sont injustes. Il en va de m\u00eame pour le jugement et la condamnation de Cristina Fern\u00e1ndez de Kirchner. Depuis le <em>R\u00e9seau international pour la libert\u00e9 de Milagro Sala<\/em>, et apr\u00e8s 3 500 jours de d\u00e9tention, nous exigeons la lib\u00e9ration de Milagro Sala, de Cristina Fern\u00e1ndez de Kirchner et de tous les prisonniers politiques.<\/p>\n<p>&nbsp;<\/p>\n<p><strong>R\u00e9seau international pour la libert\u00e9 de Milagro Sala<\/strong><\/p>\n","protected":false},"excerpt":{"rendered":"<p>Apr\u00e8s 3 500 jours de d\u00e9tention de la militante sociale Milagro Sala, le R\u00e9seau international pour la libert\u00e9 de Milagro Sala, compos\u00e9 de citoyens d&rsquo;Argentine, du Br\u00e9sil, du Canada, d&rsquo;Espagne, des \u00c9tats-Unis, de Finlande, de France, d&rsquo;Italie, du Royaume-Uni, de&hellip;<\/p>\n","protected":false},"author":19,"featured_media":1749329,"comment_status":"closed","ping_status":"closed","sticky":false,"template":"","format":"standard","meta":{"footnotes":""},"categories":[151,98],"tags":[1180,56699,27500,28948],"class_list":["post-2622900","post","type-post","status-publish","format-standard","has-post-thumbnail","hentry","category-communique-de-presse","category-droits-de-lhomme","tag-argentine","tag-jujuy-fr","tag-milagro-sala-fr","tag-prisonniers-politiques"],"yoast_head":"<!-- This site is optimized with the Yoast SEO plugin v27.1.1 - https:\/\/yoast.com\/product\/yoast-seo-wordpress\/ -->\n<title>3500 jours en d\u00e9tention : lib\u00e9rez Milagro Sala<\/title>\n<meta name=\"description\" content=\"Apr\u00e8s 3 500 jours de d\u00e9tention de la militante sociale Milagro Sala, le R\u00e9seau international pour la libert\u00e9 de Milagro Sala, compos\u00e9 de citoyens\" \/>\n<meta name=\"robots\" content=\"index, follow, max-snippet:-1, max-image-preview:large, max-video-preview:-1\" \/>\n<link rel=\"canonical\" href=\"https:\/\/www.pressenza.com\/fr\/2025\/07\/3500-jours-en-detention-liberez-milagro-sala\/\" \/>\n<meta property=\"og:locale\" content=\"fr_FR\" \/>\n<meta property=\"og:type\" content=\"article\" \/>\n<meta property=\"og:title\" content=\"3500 jours en d\u00e9tention : lib\u00e9rez Milagro Sala\" \/>\n<meta property=\"og:description\" content=\"Apr\u00e8s 3 500 jours de d\u00e9tention de la militante sociale Milagro Sala, le R\u00e9seau international pour la libert\u00e9 de Milagro Sala, compos\u00e9 de citoyens\" \/>\n<meta property=\"og:url\" content=\"https:\/\/www.pressenza.com\/fr\/2025\/07\/3500-jours-en-detention-liberez-milagro-sala\/\" \/>\n<meta property=\"og:site_name\" content=\"Pressenza\" \/>\n<meta property=\"article:publisher\" content=\"https:\/\/www.facebook.com\/PressenzaItalia\" \/>\n<meta property=\"article:author\" content=\"https:\/\/www.facebook.com\/pressenza\" \/>\n<meta property=\"article:published_time\" content=\"2025-07-29T01:43:49+00:00\" \/>\n<meta property=\"article:modified_time\" content=\"2025-07-29T13:52:28+00:00\" \/>\n<meta property=\"og:image\" content=\"https:\/\/www.pressenza.com\/wp-content\/uploads\/2023\/07\/Libertad-a-Milagros-Titi-Nicola.jpg\" \/>\n\t<meta property=\"og:image:width\" content=\"820\" \/>\n\t<meta property=\"og:image:height\" content=\"547\" \/>\n\t<meta property=\"og:image:type\" content=\"image\/jpeg\" \/>\n<meta name=\"author\" content=\"Pressenza IPA\" \/>\n<meta name=\"twitter:card\" content=\"summary_large_image\" \/>\n<meta name=\"twitter:creator\" content=\"@PressenzaIPA\" \/>\n<meta name=\"twitter:site\" content=\"@PressenzaIPA\" \/>\n<meta name=\"twitter:label1\" content=\"\u00c9crit par\" \/>\n\t<meta name=\"twitter:data1\" content=\"Pressenza IPA\" \/>\n\t<meta name=\"twitter:label2\" content=\"Dur\u00e9e de lecture estim\u00e9e\" \/>\n\t<meta name=\"twitter:data2\" content=\"6 minutes\" \/>\n<script type=\"application\/ld+json\" class=\"yoast-schema-graph\">{\"@context\":\"https:\/\/schema.org\",\"@graph\":[{\"@type\":\"Article\",\"@id\":\"https:\/\/www.pressenza.com\/fr\/2025\/07\/3500-jours-en-detention-liberez-milagro-sala\/#article\",\"isPartOf\":{\"@id\":\"https:\/\/www.pressenza.com\/fr\/2025\/07\/3500-jours-en-detention-liberez-milagro-sala\/\"},\"author\":{\"name\":\"Pressenza IPA\",\"@id\":\"https:\/\/www.pressenza.com\/fr\/#\/schema\/person\/010e5d02bcf40965427a1289a4cc8d75\"},\"headline\":\"3500 jours en d\u00e9tention : lib\u00e9rez Milagro Sala\",\"datePublished\":\"2025-07-29T01:43:49+00:00\",\"dateModified\":\"2025-07-29T13:52:28+00:00\",\"mainEntityOfPage\":{\"@id\":\"https:\/\/www.pressenza.com\/fr\/2025\/07\/3500-jours-en-detention-liberez-milagro-sala\/\"},\"wordCount\":1246,\"publisher\":{\"@id\":\"https:\/\/www.pressenza.com\/fr\/#organization\"},\"image\":{\"@id\":\"https:\/\/www.pressenza.com\/fr\/2025\/07\/3500-jours-en-detention-liberez-milagro-sala\/#primaryimage\"},\"thumbnailUrl\":\"https:\/\/www.pressenza.com\/wp-content\/uploads\/2023\/07\/Libertad-a-Milagros-Titi-Nicola.jpg\",\"keywords\":[\"Argentine\",\"Jujuy\",\"Milagro Sala\",\"prisonniers politiques\"],\"articleSection\":[\"Communiqu\u00e9s de Presse\",\"Droits humains\"],\"inLanguage\":\"fr-FR\"},{\"@type\":\"WebPage\",\"@id\":\"https:\/\/www.pressenza.com\/fr\/2025\/07\/3500-jours-en-detention-liberez-milagro-sala\/\",\"url\":\"https:\/\/www.pressenza.com\/fr\/2025\/07\/3500-jours-en-detention-liberez-milagro-sala\/\",\"name\":\"3500 jours en d\u00e9tention : lib\u00e9rez Milagro Sala\",\"isPartOf\":{\"@id\":\"https:\/\/www.pressenza.com\/fr\/#website\"},\"primaryImageOfPage\":{\"@id\":\"https:\/\/www.pressenza.com\/fr\/2025\/07\/3500-jours-en-detention-liberez-milagro-sala\/#primaryimage\"},\"image\":{\"@id\":\"https:\/\/www.pressenza.com\/fr\/2025\/07\/3500-jours-en-detention-liberez-milagro-sala\/#primaryimage\"},\"thumbnailUrl\":\"https:\/\/www.pressenza.com\/wp-content\/uploads\/2023\/07\/Libertad-a-Milagros-Titi-Nicola.jpg\",\"datePublished\":\"2025-07-29T01:43:49+00:00\",\"dateModified\":\"2025-07-29T13:52:28+00:00\",\"description\":\"Apr\u00e8s 3 500 jours de d\u00e9tention de la militante sociale Milagro Sala, le R\u00e9seau international pour la libert\u00e9 de Milagro Sala, compos\u00e9 de citoyens\",\"breadcrumb\":{\"@id\":\"https:\/\/www.pressenza.com\/fr\/2025\/07\/3500-jours-en-detention-liberez-milagro-sala\/#breadcrumb\"},\"inLanguage\":\"fr-FR\",\"potentialAction\":[{\"@type\":\"ReadAction\",\"target\":[\"https:\/\/www.pressenza.com\/fr\/2025\/07\/3500-jours-en-detention-liberez-milagro-sala\/\"]}]},{\"@type\":\"ImageObject\",\"inLanguage\":\"fr-FR\",\"@id\":\"https:\/\/www.pressenza.com\/fr\/2025\/07\/3500-jours-en-detention-liberez-milagro-sala\/#primaryimage\",\"url\":\"https:\/\/www.pressenza.com\/wp-content\/uploads\/2023\/07\/Libertad-a-Milagros-Titi-Nicola.jpg\",\"contentUrl\":\"https:\/\/www.pressenza.com\/wp-content\/uploads\/2023\/07\/Libertad-a-Milagros-Titi-Nicola.jpg\",\"width\":820,\"height\":547,\"caption\":\"3500 Tage in Haft: Freiheit f\u00fcr Milagro Sala\"},{\"@type\":\"BreadcrumbList\",\"@id\":\"https:\/\/www.pressenza.com\/fr\/2025\/07\/3500-jours-en-detention-liberez-milagro-sala\/#breadcrumb\",\"itemListElement\":[{\"@type\":\"ListItem\",\"position\":1,\"name\":\"Accueil\",\"item\":\"https:\/\/www.pressenza.com\/fr\/\"},{\"@type\":\"ListItem\",\"position\":2,\"name\":\"3500 jours en d\u00e9tention : lib\u00e9rez Milagro Sala\"}]},{\"@type\":\"WebSite\",\"@id\":\"https:\/\/www.pressenza.com\/fr\/#website\",\"url\":\"https:\/\/www.pressenza.com\/fr\/\",\"name\":\"Pressenza\",\"description\":\"International Press Agency\",\"publisher\":{\"@id\":\"https:\/\/www.pressenza.com\/fr\/#organization\"},\"potentialAction\":[{\"@type\":\"SearchAction\",\"target\":{\"@type\":\"EntryPoint\",\"urlTemplate\":\"https:\/\/www.pressenza.com\/fr\/?s={search_term_string}\"},\"query-input\":{\"@type\":\"PropertyValueSpecification\",\"valueRequired\":true,\"valueName\":\"search_term_string\"}}],\"inLanguage\":\"fr-FR\"},{\"@type\":\"Organization\",\"@id\":\"https:\/\/www.pressenza.com\/fr\/#organization\",\"name\":\"Pressenza\",\"url\":\"https:\/\/www.pressenza.com\/fr\/\",\"logo\":{\"@type\":\"ImageObject\",\"inLanguage\":\"fr-FR\",\"@id\":\"https:\/\/www.pressenza.com\/fr\/#\/schema\/logo\/image\/\",\"url\":\"https:\/\/www.pressenza.com\/wp-content\/uploads\/2022\/10\/pressenza_logo_200x200.jpg\",\"contentUrl\":\"https:\/\/www.pressenza.com\/wp-content\/uploads\/2022\/10\/pressenza_logo_200x200.jpg\",\"width\":200,\"height\":200,\"caption\":\"Pressenza\"},\"image\":{\"@id\":\"https:\/\/www.pressenza.com\/fr\/#\/schema\/logo\/image\/\"},\"sameAs\":[\"https:\/\/www.facebook.com\/PressenzaItalia\",\"https:\/\/x.com\/PressenzaIPA\"]},{\"@type\":\"Person\",\"@id\":\"https:\/\/www.pressenza.com\/fr\/#\/schema\/person\/010e5d02bcf40965427a1289a4cc8d75\",\"name\":\"Pressenza IPA\",\"description\":\"News from Pressenza IPA correspondents\",\"sameAs\":[\"https:\/\/www.facebook.com\/pressenza\",\"https:\/\/x.com\/PressenzaIPA\"],\"url\":\"https:\/\/www.pressenza.com\/fr\/author\/pressenza-ipa\/\"}]}<\/script>\n<!-- \/ Yoast SEO plugin. -->","yoast_head_json":{"title":"3500 jours en d\u00e9tention : lib\u00e9rez Milagro Sala","description":"Apr\u00e8s 3 500 jours de d\u00e9tention de la militante sociale Milagro Sala, le R\u00e9seau international pour la libert\u00e9 de Milagro Sala, compos\u00e9 de citoyens","robots":{"index":"index","follow":"follow","max-snippet":"max-snippet:-1","max-image-preview":"max-image-preview:large","max-video-preview":"max-video-preview:-1"},"canonical":"https:\/\/www.pressenza.com\/fr\/2025\/07\/3500-jours-en-detention-liberez-milagro-sala\/","og_locale":"fr_FR","og_type":"article","og_title":"3500 jours en d\u00e9tention : lib\u00e9rez Milagro Sala","og_description":"Apr\u00e8s 3 500 jours de d\u00e9tention de la militante sociale Milagro Sala, le R\u00e9seau international pour la libert\u00e9 de Milagro Sala, compos\u00e9 de citoyens","og_url":"https:\/\/www.pressenza.com\/fr\/2025\/07\/3500-jours-en-detention-liberez-milagro-sala\/","og_site_name":"Pressenza","article_publisher":"https:\/\/www.facebook.com\/PressenzaItalia","article_author":"https:\/\/www.facebook.com\/pressenza","article_published_time":"2025-07-29T01:43:49+00:00","article_modified_time":"2025-07-29T13:52:28+00:00","og_image":[{"width":820,"height":547,"url":"https:\/\/www.pressenza.com\/wp-content\/uploads\/2023\/07\/Libertad-a-Milagros-Titi-Nicola.jpg","type":"image\/jpeg"}],"author":"Pressenza IPA","twitter_card":"summary_large_image","twitter_creator":"@PressenzaIPA","twitter_site":"@PressenzaIPA","twitter_misc":{"\u00c9crit par":"Pressenza IPA","Dur\u00e9e de lecture estim\u00e9e":"6 minutes"},"schema":{"@context":"https:\/\/schema.org","@graph":[{"@type":"Article","@id":"https:\/\/www.pressenza.com\/fr\/2025\/07\/3500-jours-en-detention-liberez-milagro-sala\/#article","isPartOf":{"@id":"https:\/\/www.pressenza.com\/fr\/2025\/07\/3500-jours-en-detention-liberez-milagro-sala\/"},"author":{"name":"Pressenza IPA","@id":"https:\/\/www.pressenza.com\/fr\/#\/schema\/person\/010e5d02bcf40965427a1289a4cc8d75"},"headline":"3500 jours en d\u00e9tention : lib\u00e9rez Milagro Sala","datePublished":"2025-07-29T01:43:49+00:00","dateModified":"2025-07-29T13:52:28+00:00","mainEntityOfPage":{"@id":"https:\/\/www.pressenza.com\/fr\/2025\/07\/3500-jours-en-detention-liberez-milagro-sala\/"},"wordCount":1246,"publisher":{"@id":"https:\/\/www.pressenza.com\/fr\/#organization"},"image":{"@id":"https:\/\/www.pressenza.com\/fr\/2025\/07\/3500-jours-en-detention-liberez-milagro-sala\/#primaryimage"},"thumbnailUrl":"https:\/\/www.pressenza.com\/wp-content\/uploads\/2023\/07\/Libertad-a-Milagros-Titi-Nicola.jpg","keywords":["Argentine","Jujuy","Milagro Sala","prisonniers politiques"],"articleSection":["Communiqu\u00e9s de Presse","Droits humains"],"inLanguage":"fr-FR"},{"@type":"WebPage","@id":"https:\/\/www.pressenza.com\/fr\/2025\/07\/3500-jours-en-detention-liberez-milagro-sala\/","url":"https:\/\/www.pressenza.com\/fr\/2025\/07\/3500-jours-en-detention-liberez-milagro-sala\/","name":"3500 jours en d\u00e9tention : lib\u00e9rez Milagro Sala","isPartOf":{"@id":"https:\/\/www.pressenza.com\/fr\/#website"},"primaryImageOfPage":{"@id":"https:\/\/www.pressenza.com\/fr\/2025\/07\/3500-jours-en-detention-liberez-milagro-sala\/#primaryimage"},"image":{"@id":"https:\/\/www.pressenza.com\/fr\/2025\/07\/3500-jours-en-detention-liberez-milagro-sala\/#primaryimage"},"thumbnailUrl":"https:\/\/www.pressenza.com\/wp-content\/uploads\/2023\/07\/Libertad-a-Milagros-Titi-Nicola.jpg","datePublished":"2025-07-29T01:43:49+00:00","dateModified":"2025-07-29T13:52:28+00:00","description":"Apr\u00e8s 3 500 jours de d\u00e9tention de la militante sociale Milagro Sala, le R\u00e9seau international pour la libert\u00e9 de Milagro Sala, compos\u00e9 de citoyens","breadcrumb":{"@id":"https:\/\/www.pressenza.com\/fr\/2025\/07\/3500-jours-en-detention-liberez-milagro-sala\/#breadcrumb"},"inLanguage":"fr-FR","potentialAction":[{"@type":"ReadAction","target":["https:\/\/www.pressenza.com\/fr\/2025\/07\/3500-jours-en-detention-liberez-milagro-sala\/"]}]},{"@type":"ImageObject","inLanguage":"fr-FR","@id":"https:\/\/www.pressenza.com\/fr\/2025\/07\/3500-jours-en-detention-liberez-milagro-sala\/#primaryimage","url":"https:\/\/www.pressenza.com\/wp-content\/uploads\/2023\/07\/Libertad-a-Milagros-Titi-Nicola.jpg","contentUrl":"https:\/\/www.pressenza.com\/wp-content\/uploads\/2023\/07\/Libertad-a-Milagros-Titi-Nicola.jpg","width":820,"height":547,"caption":"3500 Tage in Haft: Freiheit f\u00fcr Milagro Sala"},{"@type":"BreadcrumbList","@id":"https:\/\/www.pressenza.com\/fr\/2025\/07\/3500-jours-en-detention-liberez-milagro-sala\/#breadcrumb","itemListElement":[{"@type":"ListItem","position":1,"name":"Accueil","item":"https:\/\/www.pressenza.com\/fr\/"},{"@type":"ListItem","position":2,"name":"3500 jours en d\u00e9tention : lib\u00e9rez Milagro Sala"}]},{"@type":"WebSite","@id":"https:\/\/www.pressenza.com\/fr\/#website","url":"https:\/\/www.pressenza.com\/fr\/","name":"Pressenza","description":"International Press Agency","publisher":{"@id":"https:\/\/www.pressenza.com\/fr\/#organization"},"potentialAction":[{"@type":"SearchAction","target":{"@type":"EntryPoint","urlTemplate":"https:\/\/www.pressenza.com\/fr\/?s={search_term_string}"},"query-input":{"@type":"PropertyValueSpecification","valueRequired":true,"valueName":"search_term_string"}}],"inLanguage":"fr-FR"},{"@type":"Organization","@id":"https:\/\/www.pressenza.com\/fr\/#organization","name":"Pressenza","url":"https:\/\/www.pressenza.com\/fr\/","logo":{"@type":"ImageObject","inLanguage":"fr-FR","@id":"https:\/\/www.pressenza.com\/fr\/#\/schema\/logo\/image\/","url":"https:\/\/www.pressenza.com\/wp-content\/uploads\/2022\/10\/pressenza_logo_200x200.jpg","contentUrl":"https:\/\/www.pressenza.com\/wp-content\/uploads\/2022\/10\/pressenza_logo_200x200.jpg","width":200,"height":200,"caption":"Pressenza"},"image":{"@id":"https:\/\/www.pressenza.com\/fr\/#\/schema\/logo\/image\/"},"sameAs":["https:\/\/www.facebook.com\/PressenzaItalia","https:\/\/x.com\/PressenzaIPA"]},{"@type":"Person","@id":"https:\/\/www.pressenza.com\/fr\/#\/schema\/person\/010e5d02bcf40965427a1289a4cc8d75","name":"Pressenza IPA","description":"News from Pressenza IPA correspondents","sameAs":["https:\/\/www.facebook.com\/pressenza","https:\/\/x.com\/PressenzaIPA"],"url":"https:\/\/www.pressenza.com\/fr\/author\/pressenza-ipa\/"}]}},"place":"Argentine","original_article_url":"","_links":{"self":[{"href":"https:\/\/www.pressenza.com\/fr\/wp-json\/wp\/v2\/posts\/2622900","targetHints":{"allow":["GET"]}}],"collection":[{"href":"https:\/\/www.pressenza.com\/fr\/wp-json\/wp\/v2\/posts"}],"about":[{"href":"https:\/\/www.pressenza.com\/fr\/wp-json\/wp\/v2\/types\/post"}],"author":[{"embeddable":true,"href":"https:\/\/www.pressenza.com\/fr\/wp-json\/wp\/v2\/users\/19"}],"replies":[{"embeddable":true,"href":"https:\/\/www.pressenza.com\/fr\/wp-json\/wp\/v2\/comments?post=2622900"}],"version-history":[{"count":6,"href":"https:\/\/www.pressenza.com\/fr\/wp-json\/wp\/v2\/posts\/2622900\/revisions"}],"predecessor-version":[{"id":2623009,"href":"https:\/\/www.pressenza.com\/fr\/wp-json\/wp\/v2\/posts\/2622900\/revisions\/2623009"}],"wp:featuredmedia":[{"embeddable":true,"href":"https:\/\/www.pressenza.com\/fr\/wp-json\/wp\/v2\/media\/1749329"}],"wp:attachment":[{"href":"https:\/\/www.pressenza.com\/fr\/wp-json\/wp\/v2\/media?parent=2622900"}],"wp:term":[{"taxonomy":"category","embeddable":true,"href":"https:\/\/www.pressenza.com\/fr\/wp-json\/wp\/v2\/categories?post=2622900"},{"taxonomy":"post_tag","embeddable":true,"href":"https:\/\/www.pressenza.com\/fr\/wp-json\/wp\/v2\/tags?post=2622900"}],"curies":[{"name":"wp","href":"https:\/\/api.w.org\/{rel}","templated":true}]}}