{"id":2622522,"date":"2025-07-27T18:29:38","date_gmt":"2025-07-27T17:29:38","guid":{"rendered":"https:\/\/www.pressenza.com\/?p=2622522"},"modified":"2025-07-27T18:34:38","modified_gmt":"2025-07-27T17:34:38","slug":"greve-de-la-faim-pour-gaza","status":"publish","type":"post","link":"https:\/\/www.pressenza.com\/fr\/2025\/07\/greve-de-la-faim-pour-gaza\/","title":{"rendered":"Gr\u00e8ve de la faim pour Gaza"},"content":{"rendered":"<p>Nous, Combattants pour la paix, Palestiniens et Isra\u00e9liens, vous invitons \u00e0 participer \u00e0 une gr\u00e8ve de la faim de trois jours en signe de protestation et de solidarit\u00e9 avec nos fr\u00e8res et s\u0153urs de Gaza, qui sont soumis \u00e0 une politique d&rsquo;affamement d\u00e9lib\u00e9r\u00e9 et de privation totale des conditions de vie \u00e9l\u00e9mentaires.<\/p>\n<p>La gr\u00e8ve aura lieu \u00e0 Beit Jala (Palestine &#8211; Cisjordanie), en m\u00eame temps que la gr\u00e8ve de la faim initi\u00e9e par le Comit\u00e9 supr\u00eame de coordination dans le contexte du conflit palestinien de 1948.<\/p>\n<p>Cette gr\u00e8ve de la faim est un outil de lutte civile et de r\u00e9sistance non violente concert\u00e9e, et elle exprime notre refus cat\u00e9gorique d&rsquo;utiliser la famine comme une arme.<\/p>\n<p>Nous refusons de continuer \u00e0 vivre notre vie comme si de rien n&rsquo;\u00e9tait alors que la famine est utilis\u00e9e pour d\u00e9truire la vie de tout un peuple et pour d\u00e9truire l&rsquo;avenir commun de nous tous. Nous croyons que la paix v\u00e9ritable commence par une r\u00e9sistance non violente concert\u00e9e contre l&rsquo;injustice.<\/p>\n<p>Rejoignez-nous depuis Beit Jala, Jaffa ou o\u00f9 que vous soyez.<\/p>\n<p><strong>Quand ?<\/strong><\/p>\n<p>\ud83d\uddd3 Du dimanche 27 au mardi 29 juillet 2025, tous les jours de 10 h \u00e0 21 h, heure de J\u00e9rusalem<br \/>\n* Une diffusion en direct en ligne aura lieu tous les jours dans l&rsquo;apr\u00e8s-midi (heure de J\u00e9rusalem)<\/p>\n<p>Pour participer : <a href=\"https:\/\/docs.google.com\/forms\/d\/e\/1FAIpQLSeBvPv4wNPsObi3HwfnAGmbu4wdz5iNF_15AXNFyuhpudKYlA\/viewform\">https:\/\/docs.google.com\/forms\/d\/e\/1FAIpQLSeBvPv4wNPsObi3HwfnAGmbu4wdz5iNF_15AXNFyuhpudKYlA\/viewform<\/a><\/p>\n","protected":false},"excerpt":{"rendered":"<p>Nous, Combattants pour la paix, Palestiniens et Isra\u00e9liens, vous invitons \u00e0 participer \u00e0 une gr\u00e8ve de la faim de trois jours en signe de protestation et de solidarit\u00e9 avec nos fr\u00e8res et s\u0153urs de Gaza, qui sont soumis \u00e0 une&hellip;<\/p>\n","protected":false},"author":2478,"featured_media":1517200,"comment_status":"closed","ping_status":"closed","sticky":false,"template":"","format":"standard","meta":{"footnotes":""},"categories":[151,98,1250],"tags":[140431,120030,140430,117405,2686],"class_list":["post-2622522","post","type-post","status-publish","format-standard","has-post-thumbnail","hentry","category-communique-de-presse","category-droits-de-lhomme","category-paix-desarmement","tag-beit-jala-fr","tag-combattants-pour-la-paix","tag-conflit-isarel-palestine","tag-gaza-en-fr","tag-greve-de-la-faim"],"yoast_head":"<!-- This site is optimized with the Yoast SEO plugin v27.1.1 - https:\/\/yoast.com\/product\/yoast-seo-wordpress\/ -->\n<title>Gr\u00e8ve de la faim pour Gaza<\/title>\n<meta name=\"description\" content=\"Nous, Combattants pour la paix, Palestiniens et Isra\u00e9liens, vous invitons \u00e0 participer \u00e0 une gr\u00e8ve de la faim de trois jours en signe de protestation et\" \/>\n<meta name=\"robots\" content=\"index, follow, max-snippet:-1, max-image-preview:large, max-video-preview:-1\" \/>\n<link rel=\"canonical\" href=\"https:\/\/www.pressenza.com\/fr\/2025\/07\/greve-de-la-faim-pour-gaza\/\" \/>\n<meta property=\"og:locale\" content=\"fr_FR\" \/>\n<meta property=\"og:type\" content=\"article\" \/>\n<meta property=\"og:title\" content=\"Gr\u00e8ve de la faim pour Gaza\" \/>\n<meta property=\"og:description\" content=\"Nous, Combattants pour la paix, Palestiniens et Isra\u00e9liens, vous invitons \u00e0 participer \u00e0 une gr\u00e8ve de la faim de trois jours en signe de protestation et\" \/>\n<meta property=\"og:url\" content=\"https:\/\/www.pressenza.com\/fr\/2025\/07\/greve-de-la-faim-pour-gaza\/\" \/>\n<meta property=\"og:site_name\" content=\"Pressenza\" \/>\n<meta property=\"article:publisher\" content=\"https:\/\/www.facebook.com\/PressenzaItalia\" \/>\n<meta property=\"article:published_time\" content=\"2025-07-27T17:29:38+00:00\" \/>\n<meta property=\"article:modified_time\" content=\"2025-07-27T17:34:38+00:00\" \/>\n<meta property=\"og:image\" content=\"https:\/\/www.pressenza.com\/wp-content\/uploads\/2022\/02\/palestinian-right-to-water-photo-combatants-for-peace.jpg\" \/>\n\t<meta property=\"og:image:width\" content=\"1600\" \/>\n\t<meta property=\"og:image:height\" content=\"1200\" \/>\n\t<meta property=\"og:image:type\" content=\"image\/jpeg\" \/>\n<meta name=\"author\" content=\"Combatants for Peace\" \/>\n<meta name=\"twitter:card\" content=\"summary_large_image\" \/>\n<meta name=\"twitter:creator\" content=\"@PressenzaIPA\" \/>\n<meta name=\"twitter:site\" content=\"@PressenzaIPA\" \/>\n<meta name=\"twitter:label1\" content=\"\u00c9crit par\" \/>\n\t<meta name=\"twitter:data1\" content=\"Combatants for Peace\" \/>\n\t<meta name=\"twitter:label2\" content=\"Dur\u00e9e de lecture estim\u00e9e\" \/>\n\t<meta name=\"twitter:data2\" content=\"2 minutes\" \/>\n<script type=\"application\/ld+json\" class=\"yoast-schema-graph\">{\"@context\":\"https:\/\/schema.org\",\"@graph\":[{\"@type\":\"Article\",\"@id\":\"https:\/\/www.pressenza.com\/fr\/2025\/07\/greve-de-la-faim-pour-gaza\/#article\",\"isPartOf\":{\"@id\":\"https:\/\/www.pressenza.com\/fr\/2025\/07\/greve-de-la-faim-pour-gaza\/\"},\"author\":{\"name\":\"Combatants for Peace\",\"@id\":\"https:\/\/www.pressenza.com\/fr\/#\/schema\/person\/a6d616419ef7af2ee1c0134f91f04ba5\"},\"headline\":\"Gr\u00e8ve de la faim pour Gaza\",\"datePublished\":\"2025-07-27T17:29:38+00:00\",\"dateModified\":\"2025-07-27T17:34:38+00:00\",\"mainEntityOfPage\":{\"@id\":\"https:\/\/www.pressenza.com\/fr\/2025\/07\/greve-de-la-faim-pour-gaza\/\"},\"wordCount\":254,\"publisher\":{\"@id\":\"https:\/\/www.pressenza.com\/fr\/#organization\"},\"image\":{\"@id\":\"https:\/\/www.pressenza.com\/fr\/2025\/07\/greve-de-la-faim-pour-gaza\/#primaryimage\"},\"thumbnailUrl\":\"https:\/\/www.pressenza.com\/wp-content\/uploads\/2022\/02\/palestinian-right-to-water-photo-combatants-for-peace.jpg\",\"keywords\":[\"Beit Jala\",\"Combattants pour la paix\",\"conflit Isar\u00ebl Palestine\",\"Gaza\",\"gr\u00e8ve de la faim\"],\"articleSection\":[\"Communiqu\u00e9s de Presse\",\"Droits humains\",\"Paix et D\u00e9sarmement\"],\"inLanguage\":\"fr-FR\"},{\"@type\":\"WebPage\",\"@id\":\"https:\/\/www.pressenza.com\/fr\/2025\/07\/greve-de-la-faim-pour-gaza\/\",\"url\":\"https:\/\/www.pressenza.com\/fr\/2025\/07\/greve-de-la-faim-pour-gaza\/\",\"name\":\"Gr\u00e8ve de la faim pour Gaza\",\"isPartOf\":{\"@id\":\"https:\/\/www.pressenza.com\/fr\/#website\"},\"primaryImageOfPage\":{\"@id\":\"https:\/\/www.pressenza.com\/fr\/2025\/07\/greve-de-la-faim-pour-gaza\/#primaryimage\"},\"image\":{\"@id\":\"https:\/\/www.pressenza.com\/fr\/2025\/07\/greve-de-la-faim-pour-gaza\/#primaryimage\"},\"thumbnailUrl\":\"https:\/\/www.pressenza.com\/wp-content\/uploads\/2022\/02\/palestinian-right-to-water-photo-combatants-for-peace.jpg\",\"datePublished\":\"2025-07-27T17:29:38+00:00\",\"dateModified\":\"2025-07-27T17:34:38+00:00\",\"description\":\"Nous, Combattants pour la paix, Palestiniens et Isra\u00e9liens, vous invitons \u00e0 participer \u00e0 une gr\u00e8ve de la faim de trois jours en signe de protestation et\",\"breadcrumb\":{\"@id\":\"https:\/\/www.pressenza.com\/fr\/2025\/07\/greve-de-la-faim-pour-gaza\/#breadcrumb\"},\"inLanguage\":\"fr-FR\",\"potentialAction\":[{\"@type\":\"ReadAction\",\"target\":[\"https:\/\/www.pressenza.com\/fr\/2025\/07\/greve-de-la-faim-pour-gaza\/\"]}]},{\"@type\":\"ImageObject\",\"inLanguage\":\"fr-FR\",\"@id\":\"https:\/\/www.pressenza.com\/fr\/2025\/07\/greve-de-la-faim-pour-gaza\/#primaryimage\",\"url\":\"https:\/\/www.pressenza.com\/wp-content\/uploads\/2022\/02\/palestinian-right-to-water-photo-combatants-for-peace.jpg\",\"contentUrl\":\"https:\/\/www.pressenza.com\/wp-content\/uploads\/2022\/02\/palestinian-right-to-water-photo-combatants-for-peace.jpg\",\"width\":1600,\"height\":1200,\"caption\":\"Hungerstreik f\u00fcr Gaza: Ein Aufruf zum zivilen Widerstand gegen Unrecht\"},{\"@type\":\"BreadcrumbList\",\"@id\":\"https:\/\/www.pressenza.com\/fr\/2025\/07\/greve-de-la-faim-pour-gaza\/#breadcrumb\",\"itemListElement\":[{\"@type\":\"ListItem\",\"position\":1,\"name\":\"Accueil\",\"item\":\"https:\/\/www.pressenza.com\/fr\/\"},{\"@type\":\"ListItem\",\"position\":2,\"name\":\"Gr\u00e8ve de la faim pour Gaza\"}]},{\"@type\":\"WebSite\",\"@id\":\"https:\/\/www.pressenza.com\/fr\/#website\",\"url\":\"https:\/\/www.pressenza.com\/fr\/\",\"name\":\"Pressenza\",\"description\":\"International Press Agency\",\"publisher\":{\"@id\":\"https:\/\/www.pressenza.com\/fr\/#organization\"},\"potentialAction\":[{\"@type\":\"SearchAction\",\"target\":{\"@type\":\"EntryPoint\",\"urlTemplate\":\"https:\/\/www.pressenza.com\/fr\/?s={search_term_string}\"},\"query-input\":{\"@type\":\"PropertyValueSpecification\",\"valueRequired\":true,\"valueName\":\"search_term_string\"}}],\"inLanguage\":\"fr-FR\"},{\"@type\":\"Organization\",\"@id\":\"https:\/\/www.pressenza.com\/fr\/#organization\",\"name\":\"Pressenza\",\"url\":\"https:\/\/www.pressenza.com\/fr\/\",\"logo\":{\"@type\":\"ImageObject\",\"inLanguage\":\"fr-FR\",\"@id\":\"https:\/\/www.pressenza.com\/fr\/#\/schema\/logo\/image\/\",\"url\":\"https:\/\/www.pressenza.com\/wp-content\/uploads\/2022\/10\/pressenza_logo_200x200.jpg\",\"contentUrl\":\"https:\/\/www.pressenza.com\/wp-content\/uploads\/2022\/10\/pressenza_logo_200x200.jpg\",\"width\":200,\"height\":200,\"caption\":\"Pressenza\"},\"image\":{\"@id\":\"https:\/\/www.pressenza.com\/fr\/#\/schema\/logo\/image\/\"},\"sameAs\":[\"https:\/\/www.facebook.com\/PressenzaItalia\",\"https:\/\/x.com\/PressenzaIPA\"]},{\"@type\":\"Person\",\"@id\":\"https:\/\/www.pressenza.com\/fr\/#\/schema\/person\/a6d616419ef7af2ee1c0134f91f04ba5\",\"name\":\"Combatants for Peace\",\"description\":\"Combatants for Peace is a grassroots movement of Israelis and Palestinians, working together to end the occupation and bring peace, equality, and freedom to our homeland. https:\/\/www.cfpeace.org\/\",\"sameAs\":[\"https:\/\/www.cfpeace.org\/\"],\"url\":\"https:\/\/www.pressenza.com\/fr\/author\/combatants-for-peace\/\"}]}<\/script>\n<!-- \/ Yoast SEO plugin. -->","yoast_head_json":{"title":"Gr\u00e8ve de la faim pour Gaza","description":"Nous, Combattants pour la paix, Palestiniens et Isra\u00e9liens, vous invitons \u00e0 participer \u00e0 une gr\u00e8ve de la faim de trois jours en signe de protestation et","robots":{"index":"index","follow":"follow","max-snippet":"max-snippet:-1","max-image-preview":"max-image-preview:large","max-video-preview":"max-video-preview:-1"},"canonical":"https:\/\/www.pressenza.com\/fr\/2025\/07\/greve-de-la-faim-pour-gaza\/","og_locale":"fr_FR","og_type":"article","og_title":"Gr\u00e8ve de la faim pour Gaza","og_description":"Nous, Combattants pour la paix, Palestiniens et Isra\u00e9liens, vous invitons \u00e0 participer \u00e0 une gr\u00e8ve de la faim de trois jours en signe de protestation et","og_url":"https:\/\/www.pressenza.com\/fr\/2025\/07\/greve-de-la-faim-pour-gaza\/","og_site_name":"Pressenza","article_publisher":"https:\/\/www.facebook.com\/PressenzaItalia","article_published_time":"2025-07-27T17:29:38+00:00","article_modified_time":"2025-07-27T17:34:38+00:00","og_image":[{"width":1600,"height":1200,"url":"https:\/\/www.pressenza.com\/wp-content\/uploads\/2022\/02\/palestinian-right-to-water-photo-combatants-for-peace.jpg","type":"image\/jpeg"}],"author":"Combatants for Peace","twitter_card":"summary_large_image","twitter_creator":"@PressenzaIPA","twitter_site":"@PressenzaIPA","twitter_misc":{"\u00c9crit par":"Combatants for Peace","Dur\u00e9e de lecture estim\u00e9e":"2 minutes"},"schema":{"@context":"https:\/\/schema.org","@graph":[{"@type":"Article","@id":"https:\/\/www.pressenza.com\/fr\/2025\/07\/greve-de-la-faim-pour-gaza\/#article","isPartOf":{"@id":"https:\/\/www.pressenza.com\/fr\/2025\/07\/greve-de-la-faim-pour-gaza\/"},"author":{"name":"Combatants for Peace","@id":"https:\/\/www.pressenza.com\/fr\/#\/schema\/person\/a6d616419ef7af2ee1c0134f91f04ba5"},"headline":"Gr\u00e8ve de la faim pour Gaza","datePublished":"2025-07-27T17:29:38+00:00","dateModified":"2025-07-27T17:34:38+00:00","mainEntityOfPage":{"@id":"https:\/\/www.pressenza.com\/fr\/2025\/07\/greve-de-la-faim-pour-gaza\/"},"wordCount":254,"publisher":{"@id":"https:\/\/www.pressenza.com\/fr\/#organization"},"image":{"@id":"https:\/\/www.pressenza.com\/fr\/2025\/07\/greve-de-la-faim-pour-gaza\/#primaryimage"},"thumbnailUrl":"https:\/\/www.pressenza.com\/wp-content\/uploads\/2022\/02\/palestinian-right-to-water-photo-combatants-for-peace.jpg","keywords":["Beit Jala","Combattants pour la paix","conflit Isar\u00ebl Palestine","Gaza","gr\u00e8ve de la faim"],"articleSection":["Communiqu\u00e9s de Presse","Droits humains","Paix et D\u00e9sarmement"],"inLanguage":"fr-FR"},{"@type":"WebPage","@id":"https:\/\/www.pressenza.com\/fr\/2025\/07\/greve-de-la-faim-pour-gaza\/","url":"https:\/\/www.pressenza.com\/fr\/2025\/07\/greve-de-la-faim-pour-gaza\/","name":"Gr\u00e8ve de la faim pour Gaza","isPartOf":{"@id":"https:\/\/www.pressenza.com\/fr\/#website"},"primaryImageOfPage":{"@id":"https:\/\/www.pressenza.com\/fr\/2025\/07\/greve-de-la-faim-pour-gaza\/#primaryimage"},"image":{"@id":"https:\/\/www.pressenza.com\/fr\/2025\/07\/greve-de-la-faim-pour-gaza\/#primaryimage"},"thumbnailUrl":"https:\/\/www.pressenza.com\/wp-content\/uploads\/2022\/02\/palestinian-right-to-water-photo-combatants-for-peace.jpg","datePublished":"2025-07-27T17:29:38+00:00","dateModified":"2025-07-27T17:34:38+00:00","description":"Nous, Combattants pour la paix, Palestiniens et Isra\u00e9liens, vous invitons \u00e0 participer \u00e0 une gr\u00e8ve de la faim de trois jours en signe de protestation et","breadcrumb":{"@id":"https:\/\/www.pressenza.com\/fr\/2025\/07\/greve-de-la-faim-pour-gaza\/#breadcrumb"},"inLanguage":"fr-FR","potentialAction":[{"@type":"ReadAction","target":["https:\/\/www.pressenza.com\/fr\/2025\/07\/greve-de-la-faim-pour-gaza\/"]}]},{"@type":"ImageObject","inLanguage":"fr-FR","@id":"https:\/\/www.pressenza.com\/fr\/2025\/07\/greve-de-la-faim-pour-gaza\/#primaryimage","url":"https:\/\/www.pressenza.com\/wp-content\/uploads\/2022\/02\/palestinian-right-to-water-photo-combatants-for-peace.jpg","contentUrl":"https:\/\/www.pressenza.com\/wp-content\/uploads\/2022\/02\/palestinian-right-to-water-photo-combatants-for-peace.jpg","width":1600,"height":1200,"caption":"Hungerstreik f\u00fcr Gaza: Ein Aufruf zum zivilen Widerstand gegen Unrecht"},{"@type":"BreadcrumbList","@id":"https:\/\/www.pressenza.com\/fr\/2025\/07\/greve-de-la-faim-pour-gaza\/#breadcrumb","itemListElement":[{"@type":"ListItem","position":1,"name":"Accueil","item":"https:\/\/www.pressenza.com\/fr\/"},{"@type":"ListItem","position":2,"name":"Gr\u00e8ve de la faim pour Gaza"}]},{"@type":"WebSite","@id":"https:\/\/www.pressenza.com\/fr\/#website","url":"https:\/\/www.pressenza.com\/fr\/","name":"Pressenza","description":"International Press Agency","publisher":{"@id":"https:\/\/www.pressenza.com\/fr\/#organization"},"potentialAction":[{"@type":"SearchAction","target":{"@type":"EntryPoint","urlTemplate":"https:\/\/www.pressenza.com\/fr\/?s={search_term_string}"},"query-input":{"@type":"PropertyValueSpecification","valueRequired":true,"valueName":"search_term_string"}}],"inLanguage":"fr-FR"},{"@type":"Organization","@id":"https:\/\/www.pressenza.com\/fr\/#organization","name":"Pressenza","url":"https:\/\/www.pressenza.com\/fr\/","logo":{"@type":"ImageObject","inLanguage":"fr-FR","@id":"https:\/\/www.pressenza.com\/fr\/#\/schema\/logo\/image\/","url":"https:\/\/www.pressenza.com\/wp-content\/uploads\/2022\/10\/pressenza_logo_200x200.jpg","contentUrl":"https:\/\/www.pressenza.com\/wp-content\/uploads\/2022\/10\/pressenza_logo_200x200.jpg","width":200,"height":200,"caption":"Pressenza"},"image":{"@id":"https:\/\/www.pressenza.com\/fr\/#\/schema\/logo\/image\/"},"sameAs":["https:\/\/www.facebook.com\/PressenzaItalia","https:\/\/x.com\/PressenzaIPA"]},{"@type":"Person","@id":"https:\/\/www.pressenza.com\/fr\/#\/schema\/person\/a6d616419ef7af2ee1c0134f91f04ba5","name":"Combatants for Peace","description":"Combatants for Peace is a grassroots movement of Israelis and Palestinians, working together to end the occupation and bring peace, equality, and freedom to our homeland. https:\/\/www.cfpeace.org\/","sameAs":["https:\/\/www.cfpeace.org\/"],"url":"https:\/\/www.pressenza.com\/fr\/author\/combatants-for-peace\/"}]}},"place":"Beit Jala (Palestine - Cisjordanie)","original_article_url":"https:\/\/docs.google.com\/forms\/d\/e\/1FAIpQLSeBvPv4wNPsObi3HwfnAGmbu4wdz5iNF_15AXNFyuhpudKYlA\/viewform","_links":{"self":[{"href":"https:\/\/www.pressenza.com\/fr\/wp-json\/wp\/v2\/posts\/2622522","targetHints":{"allow":["GET"]}}],"collection":[{"href":"https:\/\/www.pressenza.com\/fr\/wp-json\/wp\/v2\/posts"}],"about":[{"href":"https:\/\/www.pressenza.com\/fr\/wp-json\/wp\/v2\/types\/post"}],"author":[{"embeddable":true,"href":"https:\/\/www.pressenza.com\/fr\/wp-json\/wp\/v2\/users\/2478"}],"replies":[{"embeddable":true,"href":"https:\/\/www.pressenza.com\/fr\/wp-json\/wp\/v2\/comments?post=2622522"}],"version-history":[{"count":9,"href":"https:\/\/www.pressenza.com\/fr\/wp-json\/wp\/v2\/posts\/2622522\/revisions"}],"predecessor-version":[{"id":2622532,"href":"https:\/\/www.pressenza.com\/fr\/wp-json\/wp\/v2\/posts\/2622522\/revisions\/2622532"}],"wp:featuredmedia":[{"embeddable":true,"href":"https:\/\/www.pressenza.com\/fr\/wp-json\/wp\/v2\/media\/1517200"}],"wp:attachment":[{"href":"https:\/\/www.pressenza.com\/fr\/wp-json\/wp\/v2\/media?parent=2622522"}],"wp:term":[{"taxonomy":"category","embeddable":true,"href":"https:\/\/www.pressenza.com\/fr\/wp-json\/wp\/v2\/categories?post=2622522"},{"taxonomy":"post_tag","embeddable":true,"href":"https:\/\/www.pressenza.com\/fr\/wp-json\/wp\/v2\/tags?post=2622522"}],"curies":[{"name":"wp","href":"https:\/\/api.w.org\/{rel}","templated":true}]}}