{"id":2621953,"date":"2025-07-25T19:43:56","date_gmt":"2025-07-25T18:43:56","guid":{"rendered":"https:\/\/www.pressenza.com\/?p=2621953"},"modified":"2025-07-25T20:01:21","modified_gmt":"2025-07-25T19:01:21","slug":"international-court-of-justice-icj-ruled-that-states-have-an-obligation-to-protect-the-environment-from-greenhouse-gas-ghg-emissions","status":"publish","type":"post","link":"https:\/\/www.pressenza.com\/fr\/2025\/07\/international-court-of-justice-icj-ruled-that-states-have-an-obligation-to-protect-the-environment-from-greenhouse-gas-ghg-emissions\/","title":{"rendered":"La Cour internationale de Justice (CIJ) a statu\u00e9: les \u00c9tats ont l&rsquo;obligation de prot\u00e9ger l&rsquo;environnement des \u00e9missions de gaz \u00e0 effet de serre (GES)"},"content":{"rendered":"<p>La Cour internationale de Justice (CIJ) de La Haye, aux Pays-Bas, a rendu mercredi son avis consultatif sur les obligations des \u00c9tats face aux changements climatiques, lu par le pr\u00e9sident de la Cour, le juge Iwasawa Yuji.<\/p>\n<p>La principale instance judiciaire des Nations Unies a statu\u00e9 que les \u00c9tats ont l&rsquo;obligation de prot\u00e9ger l&rsquo;environnement des \u00e9missions de gaz \u00e0 effet de serre (GES) et d&rsquo;agir avec la diligence et avec la coop\u00e9ration n\u00e9cessaires pour s&rsquo;acquitter de cette obligation.<\/p>\n<p>Cela inclut l&rsquo;obligation, pr\u00e9vue par l&rsquo;Accord de Paris sur les changements climatiques, de limiter le r\u00e9chauffement climatique \u00e0 1,5 \u00b0C par rapport aux niveaux pr\u00e9industriels.<\/p>\n<p>La Cour a \u00e9galement statu\u00e9 que si les \u00c9tats manquent \u00e0 ces obligations, ils engagent leur responsabilit\u00e9 juridique et peuvent \u00eatre tenus de mettre fin \u00e0 leur comportement illicite et d&rsquo;offrir des garanties de non-r\u00e9p\u00e9tition et d&rsquo;accorder une r\u00e9paration int\u00e9grale, selon les circonstances.<\/p>\n<p><em><strong>Une victoire pour notre plan\u00e8te<\/strong><\/em><\/p>\n<p>Le secr\u00e9taire g\u00e9n\u00e9ral des Nations Unies, Ant\u00f3nio Guterres, a publi\u00e9 un message vid\u00e9o saluant cette d\u00e9cision historique, rendue au lendemain d&rsquo;un discours sp\u00e9cial qu&rsquo;il a prononc\u00e9 devant les \u00c9tats membres sur l&rsquo;in\u00e9luctable transition mondiale vers les \u00e9nergies renouvelables.<\/p>\n<blockquote><p>C&rsquo;est une victoire pour notre plan\u00e8te, pour la justice climatique et pour le pouvoir des jeunes de faire une diff\u00e9rence , a-t-il d\u00e9clar\u00e9.<\/p><\/blockquote>\n<p><em><strong>Argumentaire de la Cour<\/strong><\/em><br \/>\nLa Cour a invoqu\u00e9 les engagements des \u00c9tats membres envers les trait\u00e9s environnementaux et les trait\u00e9s relatifs aux droits de la personne pour justifier la d\u00e9cision.<\/p>\n<p>Tout d&rsquo;abord, les \u00c9tats membres sont signataires de divers trait\u00e9s environnementaux, notamment les trait\u00e9s sur la couche d&rsquo;ozone, la Convention sur la biodiversit\u00e9, le Protocole de Kyoto, l&rsquo;Accord de Paris et bien d&rsquo;autres, qui les obligent \u00e0 prot\u00e9ger l&rsquo;environnement des populations de la plan\u00e8te et des g\u00e9n\u00e9rations futures.<\/p>\n<p>Mais aussi, parce qu&rsquo;un environnement propre, sain et durable est une condition pr\u00e9alable \u00e0 la jouissance de nombreux droits humains, les \u00c9tats membres \u00e9tant parties \u00e0 de nombreux trait\u00e9s relatifs aux droits humains, dont la D\u00e9claration universelle des droits de l&rsquo;homme, ils sont tenus de garantir la jouissance de ces droits en luttant contre le changement climatique.<\/p>\n<p><em><strong>Contexte de la demande devant le cour<\/strong><\/em><\/p>\n<p>Tout a commenc\u00e9 avec 27 \u00e9tudiants en droit \u00e0 l&rsquo;Universit\u00e9 du Pacifique, qui ont transform\u00e9 leur angoisse du futur en action. Depuis leur salle de classe ils ont lanc\u00e9 la campagne <em>Climate ICJAO,<\/em> transformant leurs frustrations en action pour la justice en un mouvement mondial de solidarit\u00e9.<\/p>\n<blockquote><p>Nous exigeons la justice climatique devant la CIJ car, depuis trop longtemps, les principaux responsables de la crise climatique ignorent leurs obligations, tandis que nos foyers, nos cultures, notre identit\u00e9 \u2013 et m\u00eame des avenirs entiers \u2013 disparaissent. On se bat pour nos enfants, nos foyers et pour les g\u00e9n\u00e9rations futures. (source: site <a href=\"https:\/\/www.pisfcc.org\/pisfcc-media-gallery\/pisfccdreamteam\">internet<\/a>)<\/p><\/blockquote>\n<p>En septembre 2021, l&rsquo;\u00c9tat insulaire du Vanuatu, dans le Pacifique, a annonc\u00e9 qu&rsquo;un avis consultatif \u00e0 la Cour sur le changement climatique avait \u00e9t\u00e9 d\u00e9pos\u00e9. Cette initiative a \u00e9t\u00e9 inspir\u00e9e par les \u00c9<em>tudiants des \u00eeles du Pacifique luttant contre les changements climatiques<\/em> , qui souligne la n\u00e9cessit\u00e9 d&rsquo;agir de lutter contre les changements climatiques, dans les petits \u00c9tats insulaires directement touch\u00e9s par le changement du niveau des oc\u00e9ans.<\/p>\n<p>En 2023, les gouvernements du Vanuatu et d&rsquo;autres \u00eeles vuln\u00e9rables au changement climatique (Fidji, Niue, \u00celes Salomon, Tonga et Tuvalu) ont lanc\u00e9 l&rsquo;<em>Appel de Port-Vila pour une transition juste vers un Pacifique sans combustibles fossiles<\/em>, appelant \u00e0 l&rsquo;\u00e9limination progressive des combustibles fossiles et \u00e0 <em>une transition rapide et juste vers les \u00e9nergies renouvelables,<\/em> ainsi qu&rsquo;au renforcement du droit de l&rsquo;environnement, notamment en criminalisant l&rsquo;\u00e9cocide. (1)<\/p>\n<p>Apr\u00e8s avoir fait pression sur d&rsquo;autres \u00c9tats membres de l&rsquo;ONU pour qu&rsquo;ils soutiennent cette initiative \u00e0 l&rsquo;Assembl\u00e9e g\u00e9n\u00e9rale, le Vannuata a adopt\u00e9, le 29 mars 2023, une r\u00e9solution demandant un avis consultatif \u00e0 la CIJ sur deux questions\u00a0:<\/p>\n<ol>\n<li>Quelles sont les obligations des \u00c9tats en vertu du droit international en mati\u00e8re de protection de l&rsquo;environnement ? et<\/li>\n<li>Quelles sont les cons\u00e9quences juridiques pour les \u00c9tats, en vertu de ces obligations, lorsqu&rsquo;ils causent des dommages \u00e0 l&rsquo;environnement\u00a0?<\/li>\n<\/ol>\n<p>La Charte des Nations Unies autorise l&rsquo;Assembl\u00e9e g\u00e9n\u00e9rale ou le Conseil de s\u00e9curit\u00e9 \u00e0 demander un avis consultatif \u00e0 la CIJ. Bien que non contraignants, les avis consultatifs ont une autorit\u00e9 juridique et morale consid\u00e9rable et contribuent \u00e0 clarifier et \u00e0 d\u00e9velopper le droit international en d\u00e9finissant les obligations juridiques des \u00c9tats.<\/p>\n<p>Il s&rsquo;agit de l&rsquo;affaire la plus importante jamais port\u00e9e devant la CIJ, comme en t\u00e9moigne le nombre de d\u00e9clarations \u00e9crites et d&rsquo;\u00c9tats ayant particip\u00e9 aux proc\u00e9dures orales.<\/p>\n<p><strong><em>La Cour mondiale<\/em><\/strong><br \/>\nLa CIJ, mieux connue sous le nom de <em>Cour mondiale<\/em>, r\u00e8gle les diff\u00e9rends juridiques entre les \u00c9tats membres de l&rsquo;ONU et \u00e9met des avis consultatifs sur les questions juridiques qui lui sont soumises par les organes et agences des Nations Unies.<\/p>\n<p>C&rsquo;est l&rsquo;un des six principaux organes de l&rsquo;ONU aux c\u00f4t\u00e9s de l&rsquo;Assembl\u00e9e g\u00e9n\u00e9rale, du Conseil de s\u00e9curit\u00e9, du Conseil \u00e9conomique et social (ECOSOC), du Conseil de tutelle et du Secr\u00e9tariat et c&rsquo;est le seul \u00e0 ne pas \u00eatre bas\u00e9 \u00e0 New York.<\/p>\n<p>________________________________________<\/p>\n<p>(1)<em> Source: wikipedia<\/em><\/p>\n","protected":false},"excerpt":{"rendered":"<p>La Cour internationale de Justice (CIJ) de La Haye, aux Pays-Bas, a rendu mercredi son avis consultatif sur les obligations des \u00c9tats face aux changements climatiques, lu par le pr\u00e9sident de la Cour, le juge Iwasawa Yuji. La principale instance&hellip;<\/p>\n","protected":false},"author":670,"featured_media":2621959,"comment_status":"closed","ping_status":"closed","sticky":false,"template":"","format":"standard","meta":{"footnotes":""},"categories":[98,97],"tags":[140310,140311,140314],"class_list":["post-2621953","post","type-post","status-publish","format-standard","has-post-thumbnail","hentry","category-droits-de-lhomme","category-environnement-et-ecologie","tag-climateicjaocampaign","tag-icj-fr","tag-justiceclimatique"],"yoast_head":"<!-- This site is optimized with the Yoast SEO plugin v27.1.1 - https:\/\/yoast.com\/product\/yoast-seo-wordpress\/ -->\n<title>La Cour internationale de Justice (CIJ) a statu\u00e9: les \u00c9tats ont l&#039;obligation de prot\u00e9ger l&#039;environnement des \u00e9missions de gaz \u00e0 effet de serre (GES)<\/title>\n<meta name=\"description\" content=\"La Cour internationale de Justice (CIJ) de La Haye, aux Pays-Bas, a rendu mercredi son avis consultatif sur les obligations des \u00c9tats face aux changements\" \/>\n<meta name=\"robots\" content=\"index, follow, max-snippet:-1, max-image-preview:large, max-video-preview:-1\" \/>\n<link rel=\"canonical\" href=\"https:\/\/www.pressenza.com\/fr\/2025\/07\/international-court-of-justice-icj-ruled-that-states-have-an-obligation-to-protect-the-environment-from-greenhouse-gas-ghg-emissions\/\" \/>\n<meta property=\"og:locale\" content=\"fr_FR\" \/>\n<meta property=\"og:type\" content=\"article\" \/>\n<meta property=\"og:title\" content=\"La Cour internationale de Justice (CIJ) a statu\u00e9: les \u00c9tats ont l&#039;obligation de prot\u00e9ger l&#039;environnement des \u00e9missions de gaz \u00e0 effet de serre (GES)\" \/>\n<meta property=\"og:description\" content=\"La Cour internationale de Justice (CIJ) de La Haye, aux Pays-Bas, a rendu mercredi son avis consultatif sur les obligations des \u00c9tats face aux changements\" \/>\n<meta property=\"og:url\" content=\"https:\/\/www.pressenza.com\/fr\/2025\/07\/international-court-of-justice-icj-ruled-that-states-have-an-obligation-to-protect-the-environment-from-greenhouse-gas-ghg-emissions\/\" \/>\n<meta property=\"og:site_name\" content=\"Pressenza\" \/>\n<meta property=\"article:publisher\" content=\"https:\/\/www.facebook.com\/PressenzaItalia\" \/>\n<meta property=\"article:published_time\" content=\"2025-07-25T18:43:56+00:00\" \/>\n<meta property=\"article:modified_time\" content=\"2025-07-25T19:01:21+00:00\" \/>\n<meta property=\"og:image\" content=\"https:\/\/www.pressenza.com\/wp-content\/uploads\/2025\/07\/university-of-south-p.png\" \/>\n\t<meta property=\"og:image:width\" content=\"810\" \/>\n\t<meta property=\"og:image:height\" content=\"471\" \/>\n\t<meta property=\"og:image:type\" content=\"image\/png\" \/>\n<meta name=\"author\" content=\"R\u00e9daction Montr\u00e9al\" \/>\n<meta name=\"twitter:card\" content=\"summary_large_image\" \/>\n<meta name=\"twitter:creator\" content=\"@PressenzaIPA\" \/>\n<meta name=\"twitter:site\" content=\"@PressenzaIPA\" \/>\n<meta name=\"twitter:label1\" content=\"\u00c9crit par\" \/>\n\t<meta name=\"twitter:data1\" content=\"R\u00e9daction Montr\u00e9al\" \/>\n\t<meta name=\"twitter:label2\" content=\"Dur\u00e9e de lecture estim\u00e9e\" \/>\n\t<meta name=\"twitter:data2\" content=\"4 minutes\" \/>\n<script type=\"application\/ld+json\" class=\"yoast-schema-graph\">{\"@context\":\"https:\/\/schema.org\",\"@graph\":[{\"@type\":\"Article\",\"@id\":\"https:\/\/www.pressenza.com\/fr\/2025\/07\/international-court-of-justice-icj-ruled-that-states-have-an-obligation-to-protect-the-environment-from-greenhouse-gas-ghg-emissions\/#article\",\"isPartOf\":{\"@id\":\"https:\/\/www.pressenza.com\/fr\/2025\/07\/international-court-of-justice-icj-ruled-that-states-have-an-obligation-to-protect-the-environment-from-greenhouse-gas-ghg-emissions\/\"},\"author\":{\"name\":\"R\u00e9daction Montr\u00e9al\",\"@id\":\"https:\/\/www.pressenza.com\/fr\/#\/schema\/person\/e74f468c5f420ee105d078343b0b4bf7\"},\"headline\":\"La Cour internationale de Justice (CIJ) a statu\u00e9: les \u00c9tats ont l&rsquo;obligation de prot\u00e9ger l&rsquo;environnement des \u00e9missions de gaz \u00e0 effet de serre (GES)\",\"datePublished\":\"2025-07-25T18:43:56+00:00\",\"dateModified\":\"2025-07-25T19:01:21+00:00\",\"mainEntityOfPage\":{\"@id\":\"https:\/\/www.pressenza.com\/fr\/2025\/07\/international-court-of-justice-icj-ruled-that-states-have-an-obligation-to-protect-the-environment-from-greenhouse-gas-ghg-emissions\/\"},\"wordCount\":942,\"publisher\":{\"@id\":\"https:\/\/www.pressenza.com\/fr\/#organization\"},\"image\":{\"@id\":\"https:\/\/www.pressenza.com\/fr\/2025\/07\/international-court-of-justice-icj-ruled-that-states-have-an-obligation-to-protect-the-environment-from-greenhouse-gas-ghg-emissions\/#primaryimage\"},\"thumbnailUrl\":\"https:\/\/www.pressenza.com\/wp-content\/uploads\/2025\/07\/university-of-south-p.png\",\"keywords\":[\"ClimateICJAOcampaign\",\"ICJ\",\"Justiceclimatique\"],\"articleSection\":[\"Droits humains\",\"Ecologie et Environnement\"],\"inLanguage\":\"fr-FR\"},{\"@type\":\"WebPage\",\"@id\":\"https:\/\/www.pressenza.com\/fr\/2025\/07\/international-court-of-justice-icj-ruled-that-states-have-an-obligation-to-protect-the-environment-from-greenhouse-gas-ghg-emissions\/\",\"url\":\"https:\/\/www.pressenza.com\/fr\/2025\/07\/international-court-of-justice-icj-ruled-that-states-have-an-obligation-to-protect-the-environment-from-greenhouse-gas-ghg-emissions\/\",\"name\":\"La Cour internationale de Justice (CIJ) a statu\u00e9: les \u00c9tats ont l'obligation de prot\u00e9ger l'environnement des \u00e9missions de gaz \u00e0 effet de serre (GES)\",\"isPartOf\":{\"@id\":\"https:\/\/www.pressenza.com\/fr\/#website\"},\"primaryImageOfPage\":{\"@id\":\"https:\/\/www.pressenza.com\/fr\/2025\/07\/international-court-of-justice-icj-ruled-that-states-have-an-obligation-to-protect-the-environment-from-greenhouse-gas-ghg-emissions\/#primaryimage\"},\"image\":{\"@id\":\"https:\/\/www.pressenza.com\/fr\/2025\/07\/international-court-of-justice-icj-ruled-that-states-have-an-obligation-to-protect-the-environment-from-greenhouse-gas-ghg-emissions\/#primaryimage\"},\"thumbnailUrl\":\"https:\/\/www.pressenza.com\/wp-content\/uploads\/2025\/07\/university-of-south-p.png\",\"datePublished\":\"2025-07-25T18:43:56+00:00\",\"dateModified\":\"2025-07-25T19:01:21+00:00\",\"description\":\"La Cour internationale de Justice (CIJ) de La Haye, aux Pays-Bas, a rendu mercredi son avis consultatif sur les obligations des \u00c9tats face aux changements\",\"breadcrumb\":{\"@id\":\"https:\/\/www.pressenza.com\/fr\/2025\/07\/international-court-of-justice-icj-ruled-that-states-have-an-obligation-to-protect-the-environment-from-greenhouse-gas-ghg-emissions\/#breadcrumb\"},\"inLanguage\":\"fr-FR\",\"potentialAction\":[{\"@type\":\"ReadAction\",\"target\":[\"https:\/\/www.pressenza.com\/fr\/2025\/07\/international-court-of-justice-icj-ruled-that-states-have-an-obligation-to-protect-the-environment-from-greenhouse-gas-ghg-emissions\/\"]}]},{\"@type\":\"ImageObject\",\"inLanguage\":\"fr-FR\",\"@id\":\"https:\/\/www.pressenza.com\/fr\/2025\/07\/international-court-of-justice-icj-ruled-that-states-have-an-obligation-to-protect-the-environment-from-greenhouse-gas-ghg-emissions\/#primaryimage\",\"url\":\"https:\/\/www.pressenza.com\/wp-content\/uploads\/2025\/07\/university-of-south-p.png\",\"contentUrl\":\"https:\/\/www.pressenza.com\/wp-content\/uploads\/2025\/07\/university-of-south-p.png\",\"width\":810,\"height\":471},{\"@type\":\"BreadcrumbList\",\"@id\":\"https:\/\/www.pressenza.com\/fr\/2025\/07\/international-court-of-justice-icj-ruled-that-states-have-an-obligation-to-protect-the-environment-from-greenhouse-gas-ghg-emissions\/#breadcrumb\",\"itemListElement\":[{\"@type\":\"ListItem\",\"position\":1,\"name\":\"Accueil\",\"item\":\"https:\/\/www.pressenza.com\/fr\/\"},{\"@type\":\"ListItem\",\"position\":2,\"name\":\"La Cour internationale de Justice (CIJ) a statu\u00e9: les \u00c9tats ont l&#8217;obligation de prot\u00e9ger l&#8217;environnement des \u00e9missions de gaz \u00e0 effet de serre (GES)\"}]},{\"@type\":\"WebSite\",\"@id\":\"https:\/\/www.pressenza.com\/fr\/#website\",\"url\":\"https:\/\/www.pressenza.com\/fr\/\",\"name\":\"Pressenza\",\"description\":\"International Press Agency\",\"publisher\":{\"@id\":\"https:\/\/www.pressenza.com\/fr\/#organization\"},\"potentialAction\":[{\"@type\":\"SearchAction\",\"target\":{\"@type\":\"EntryPoint\",\"urlTemplate\":\"https:\/\/www.pressenza.com\/fr\/?s={search_term_string}\"},\"query-input\":{\"@type\":\"PropertyValueSpecification\",\"valueRequired\":true,\"valueName\":\"search_term_string\"}}],\"inLanguage\":\"fr-FR\"},{\"@type\":\"Organization\",\"@id\":\"https:\/\/www.pressenza.com\/fr\/#organization\",\"name\":\"Pressenza\",\"url\":\"https:\/\/www.pressenza.com\/fr\/\",\"logo\":{\"@type\":\"ImageObject\",\"inLanguage\":\"fr-FR\",\"@id\":\"https:\/\/www.pressenza.com\/fr\/#\/schema\/logo\/image\/\",\"url\":\"https:\/\/www.pressenza.com\/wp-content\/uploads\/2022\/10\/pressenza_logo_200x200.jpg\",\"contentUrl\":\"https:\/\/www.pressenza.com\/wp-content\/uploads\/2022\/10\/pressenza_logo_200x200.jpg\",\"width\":200,\"height\":200,\"caption\":\"Pressenza\"},\"image\":{\"@id\":\"https:\/\/www.pressenza.com\/fr\/#\/schema\/logo\/image\/\"},\"sameAs\":[\"https:\/\/www.facebook.com\/PressenzaItalia\",\"https:\/\/x.com\/PressenzaIPA\"]},{\"@type\":\"Person\",\"@id\":\"https:\/\/www.pressenza.com\/fr\/#\/schema\/person\/e74f468c5f420ee105d078343b0b4bf7\",\"name\":\"R\u00e9daction Montr\u00e9al\",\"description\":\"News published by the Pressenza bureau in Montreal, Canada\",\"url\":\"https:\/\/www.pressenza.com\/fr\/author\/redaction-montreal\/\"}]}<\/script>\n<!-- \/ Yoast SEO plugin. -->","yoast_head_json":{"title":"La Cour internationale de Justice (CIJ) a statu\u00e9: les \u00c9tats ont l'obligation de prot\u00e9ger l'environnement des \u00e9missions de gaz \u00e0 effet de serre (GES)","description":"La Cour internationale de Justice (CIJ) de La Haye, aux Pays-Bas, a rendu mercredi son avis consultatif sur les obligations des \u00c9tats face aux changements","robots":{"index":"index","follow":"follow","max-snippet":"max-snippet:-1","max-image-preview":"max-image-preview:large","max-video-preview":"max-video-preview:-1"},"canonical":"https:\/\/www.pressenza.com\/fr\/2025\/07\/international-court-of-justice-icj-ruled-that-states-have-an-obligation-to-protect-the-environment-from-greenhouse-gas-ghg-emissions\/","og_locale":"fr_FR","og_type":"article","og_title":"La Cour internationale de Justice (CIJ) a statu\u00e9: les \u00c9tats ont l'obligation de prot\u00e9ger l'environnement des \u00e9missions de gaz \u00e0 effet de serre (GES)","og_description":"La Cour internationale de Justice (CIJ) de La Haye, aux Pays-Bas, a rendu mercredi son avis consultatif sur les obligations des \u00c9tats face aux changements","og_url":"https:\/\/www.pressenza.com\/fr\/2025\/07\/international-court-of-justice-icj-ruled-that-states-have-an-obligation-to-protect-the-environment-from-greenhouse-gas-ghg-emissions\/","og_site_name":"Pressenza","article_publisher":"https:\/\/www.facebook.com\/PressenzaItalia","article_published_time":"2025-07-25T18:43:56+00:00","article_modified_time":"2025-07-25T19:01:21+00:00","og_image":[{"width":810,"height":471,"url":"https:\/\/www.pressenza.com\/wp-content\/uploads\/2025\/07\/university-of-south-p.png","type":"image\/png"}],"author":"R\u00e9daction Montr\u00e9al","twitter_card":"summary_large_image","twitter_creator":"@PressenzaIPA","twitter_site":"@PressenzaIPA","twitter_misc":{"\u00c9crit par":"R\u00e9daction Montr\u00e9al","Dur\u00e9e de lecture estim\u00e9e":"4 minutes"},"schema":{"@context":"https:\/\/schema.org","@graph":[{"@type":"Article","@id":"https:\/\/www.pressenza.com\/fr\/2025\/07\/international-court-of-justice-icj-ruled-that-states-have-an-obligation-to-protect-the-environment-from-greenhouse-gas-ghg-emissions\/#article","isPartOf":{"@id":"https:\/\/www.pressenza.com\/fr\/2025\/07\/international-court-of-justice-icj-ruled-that-states-have-an-obligation-to-protect-the-environment-from-greenhouse-gas-ghg-emissions\/"},"author":{"name":"R\u00e9daction Montr\u00e9al","@id":"https:\/\/www.pressenza.com\/fr\/#\/schema\/person\/e74f468c5f420ee105d078343b0b4bf7"},"headline":"La Cour internationale de Justice (CIJ) a statu\u00e9: les \u00c9tats ont l&rsquo;obligation de prot\u00e9ger l&rsquo;environnement des \u00e9missions de gaz \u00e0 effet de serre (GES)","datePublished":"2025-07-25T18:43:56+00:00","dateModified":"2025-07-25T19:01:21+00:00","mainEntityOfPage":{"@id":"https:\/\/www.pressenza.com\/fr\/2025\/07\/international-court-of-justice-icj-ruled-that-states-have-an-obligation-to-protect-the-environment-from-greenhouse-gas-ghg-emissions\/"},"wordCount":942,"publisher":{"@id":"https:\/\/www.pressenza.com\/fr\/#organization"},"image":{"@id":"https:\/\/www.pressenza.com\/fr\/2025\/07\/international-court-of-justice-icj-ruled-that-states-have-an-obligation-to-protect-the-environment-from-greenhouse-gas-ghg-emissions\/#primaryimage"},"thumbnailUrl":"https:\/\/www.pressenza.com\/wp-content\/uploads\/2025\/07\/university-of-south-p.png","keywords":["ClimateICJAOcampaign","ICJ","Justiceclimatique"],"articleSection":["Droits humains","Ecologie et Environnement"],"inLanguage":"fr-FR"},{"@type":"WebPage","@id":"https:\/\/www.pressenza.com\/fr\/2025\/07\/international-court-of-justice-icj-ruled-that-states-have-an-obligation-to-protect-the-environment-from-greenhouse-gas-ghg-emissions\/","url":"https:\/\/www.pressenza.com\/fr\/2025\/07\/international-court-of-justice-icj-ruled-that-states-have-an-obligation-to-protect-the-environment-from-greenhouse-gas-ghg-emissions\/","name":"La Cour internationale de Justice (CIJ) a statu\u00e9: les \u00c9tats ont l'obligation de prot\u00e9ger l'environnement des \u00e9missions de gaz \u00e0 effet de serre (GES)","isPartOf":{"@id":"https:\/\/www.pressenza.com\/fr\/#website"},"primaryImageOfPage":{"@id":"https:\/\/www.pressenza.com\/fr\/2025\/07\/international-court-of-justice-icj-ruled-that-states-have-an-obligation-to-protect-the-environment-from-greenhouse-gas-ghg-emissions\/#primaryimage"},"image":{"@id":"https:\/\/www.pressenza.com\/fr\/2025\/07\/international-court-of-justice-icj-ruled-that-states-have-an-obligation-to-protect-the-environment-from-greenhouse-gas-ghg-emissions\/#primaryimage"},"thumbnailUrl":"https:\/\/www.pressenza.com\/wp-content\/uploads\/2025\/07\/university-of-south-p.png","datePublished":"2025-07-25T18:43:56+00:00","dateModified":"2025-07-25T19:01:21+00:00","description":"La Cour internationale de Justice (CIJ) de La Haye, aux Pays-Bas, a rendu mercredi son avis consultatif sur les obligations des \u00c9tats face aux changements","breadcrumb":{"@id":"https:\/\/www.pressenza.com\/fr\/2025\/07\/international-court-of-justice-icj-ruled-that-states-have-an-obligation-to-protect-the-environment-from-greenhouse-gas-ghg-emissions\/#breadcrumb"},"inLanguage":"fr-FR","potentialAction":[{"@type":"ReadAction","target":["https:\/\/www.pressenza.com\/fr\/2025\/07\/international-court-of-justice-icj-ruled-that-states-have-an-obligation-to-protect-the-environment-from-greenhouse-gas-ghg-emissions\/"]}]},{"@type":"ImageObject","inLanguage":"fr-FR","@id":"https:\/\/www.pressenza.com\/fr\/2025\/07\/international-court-of-justice-icj-ruled-that-states-have-an-obligation-to-protect-the-environment-from-greenhouse-gas-ghg-emissions\/#primaryimage","url":"https:\/\/www.pressenza.com\/wp-content\/uploads\/2025\/07\/university-of-south-p.png","contentUrl":"https:\/\/www.pressenza.com\/wp-content\/uploads\/2025\/07\/university-of-south-p.png","width":810,"height":471},{"@type":"BreadcrumbList","@id":"https:\/\/www.pressenza.com\/fr\/2025\/07\/international-court-of-justice-icj-ruled-that-states-have-an-obligation-to-protect-the-environment-from-greenhouse-gas-ghg-emissions\/#breadcrumb","itemListElement":[{"@type":"ListItem","position":1,"name":"Accueil","item":"https:\/\/www.pressenza.com\/fr\/"},{"@type":"ListItem","position":2,"name":"La Cour internationale de Justice (CIJ) a statu\u00e9: les \u00c9tats ont l&#8217;obligation de prot\u00e9ger l&#8217;environnement des \u00e9missions de gaz \u00e0 effet de serre (GES)"}]},{"@type":"WebSite","@id":"https:\/\/www.pressenza.com\/fr\/#website","url":"https:\/\/www.pressenza.com\/fr\/","name":"Pressenza","description":"International Press Agency","publisher":{"@id":"https:\/\/www.pressenza.com\/fr\/#organization"},"potentialAction":[{"@type":"SearchAction","target":{"@type":"EntryPoint","urlTemplate":"https:\/\/www.pressenza.com\/fr\/?s={search_term_string}"},"query-input":{"@type":"PropertyValueSpecification","valueRequired":true,"valueName":"search_term_string"}}],"inLanguage":"fr-FR"},{"@type":"Organization","@id":"https:\/\/www.pressenza.com\/fr\/#organization","name":"Pressenza","url":"https:\/\/www.pressenza.com\/fr\/","logo":{"@type":"ImageObject","inLanguage":"fr-FR","@id":"https:\/\/www.pressenza.com\/fr\/#\/schema\/logo\/image\/","url":"https:\/\/www.pressenza.com\/wp-content\/uploads\/2022\/10\/pressenza_logo_200x200.jpg","contentUrl":"https:\/\/www.pressenza.com\/wp-content\/uploads\/2022\/10\/pressenza_logo_200x200.jpg","width":200,"height":200,"caption":"Pressenza"},"image":{"@id":"https:\/\/www.pressenza.com\/fr\/#\/schema\/logo\/image\/"},"sameAs":["https:\/\/www.facebook.com\/PressenzaItalia","https:\/\/x.com\/PressenzaIPA"]},{"@type":"Person","@id":"https:\/\/www.pressenza.com\/fr\/#\/schema\/person\/e74f468c5f420ee105d078343b0b4bf7","name":"R\u00e9daction Montr\u00e9al","description":"News published by the Pressenza bureau in Montreal, Canada","url":"https:\/\/www.pressenza.com\/fr\/author\/redaction-montreal\/"}]}},"place":"","original_article_url":"","_links":{"self":[{"href":"https:\/\/www.pressenza.com\/fr\/wp-json\/wp\/v2\/posts\/2621953","targetHints":{"allow":["GET"]}}],"collection":[{"href":"https:\/\/www.pressenza.com\/fr\/wp-json\/wp\/v2\/posts"}],"about":[{"href":"https:\/\/www.pressenza.com\/fr\/wp-json\/wp\/v2\/types\/post"}],"author":[{"embeddable":true,"href":"https:\/\/www.pressenza.com\/fr\/wp-json\/wp\/v2\/users\/670"}],"replies":[{"embeddable":true,"href":"https:\/\/www.pressenza.com\/fr\/wp-json\/wp\/v2\/comments?post=2621953"}],"version-history":[{"count":6,"href":"https:\/\/www.pressenza.com\/fr\/wp-json\/wp\/v2\/posts\/2621953\/revisions"}],"predecessor-version":[{"id":2621961,"href":"https:\/\/www.pressenza.com\/fr\/wp-json\/wp\/v2\/posts\/2621953\/revisions\/2621961"}],"wp:featuredmedia":[{"embeddable":true,"href":"https:\/\/www.pressenza.com\/fr\/wp-json\/wp\/v2\/media\/2621959"}],"wp:attachment":[{"href":"https:\/\/www.pressenza.com\/fr\/wp-json\/wp\/v2\/media?parent=2621953"}],"wp:term":[{"taxonomy":"category","embeddable":true,"href":"https:\/\/www.pressenza.com\/fr\/wp-json\/wp\/v2\/categories?post=2621953"},{"taxonomy":"post_tag","embeddable":true,"href":"https:\/\/www.pressenza.com\/fr\/wp-json\/wp\/v2\/tags?post=2621953"}],"curies":[{"name":"wp","href":"https:\/\/api.w.org\/{rel}","templated":true}]}}