{"id":2616482,"date":"2025-07-03T19:13:47","date_gmt":"2025-07-03T18:13:47","guid":{"rendered":"https:\/\/www.pressenza.com\/?p=2616482"},"modified":"2025-07-04T07:22:13","modified_gmt":"2025-07-04T06:22:13","slug":"le-forum-humaniste-mondial-vous-convie-a-sa-iii%e1%b5%89-assemblee-ouverte-participez-a-lelan-humaniste-planetaire","status":"publish","type":"post","link":"https:\/\/www.pressenza.com\/fr\/2025\/07\/le-forum-humaniste-mondial-vous-convie-a-sa-iii%e1%b5%89-assemblee-ouverte-participez-a-lelan-humaniste-planetaire\/","title":{"rendered":"Le Forum Humaniste Mondial vous convie \u00e0 sa III\u1d49 Assembl\u00e9e Ouverte &#8211; Participez \u00e0 l&rsquo;\u00e9lan humaniste plan\u00e9taire"},"content":{"rendered":"<p>La IIIe Assembl\u00e9e ouverte du Forum Humaniste Mondial se tiendra virtuellement le samedi 19 juillet 2025, \u00e0 partir de :<\/p>\n<p>10 h en Argentine\/Br\u00e9sil,<br \/>\n7 h au Mexique\/Am\u00e9rique centrale,<br \/>\n9 h au Chili\/c\u00f4te est des \u00c9tats-Unis,<br \/>\n13 h UTC (<span class=\"BxUVEf ILfuVd\" lang=\"fr\"><span class=\"hgKElc\">temps universel coordonn\u00e9 <\/span><\/span>),<br \/>\n13 h en C\u00f4te d&rsquo;Ivoire,<br \/>\n14 h en R\u00e9publique d\u00e9mocratique du Congo,<br \/>\n15 h CET (<span class=\"BxUVEf ILfuVd\" lang=\"fr\"><span class=\"hgKElc\">Heure Normale D&rsquo;Europe Centrale<\/span><\/span>), au Mozambique et en \u00c9gypte,<br \/>\n16 h au Kenya, en Ouganda et \u00e0 Moscou,<br \/>\n16 h 30 en Iran,<br \/>\n18 h 30 \u00e0 Mumbai,<br \/>\n21 h aux Philippines et \u00e0 P\u00e9kin,<br \/>\n22 h au Japon.<\/p>\n<p><span class=\"\">Les quatorze groupes th\u00e9matiques qui constituent actuellement l\u2019\u00e9pine dorsale du Forum effectuent des recherches et produisent du mat\u00e9riel dans les domaines de l\u2019\u00e9ducation, de la sant\u00e9, de l\u2019\u00e9conomie et du revenu de base universel, de la paix et du d\u00e9sarmement, des droits humains, de l\u2019\u00e9cologie sociale et du changement climatique.<\/span><\/p>\n<p><span class=\"\">Les r\u00e9volutions et les ph\u00e9nom\u00e8nes psychosociaux sont \u00e9galement \u00e9tudi\u00e9s, approfondissant et sensibilisant aux Attitudes et aux Moments humanistes dans diff\u00e9rentes cultures, et g\u00e9n\u00e9rant de multiples actions contre la violence de genre, ainsi que par rapport aux d\u00e9placements de population dus \u00e0 la guerre, en particulier dans le cas de la R\u00e9publique d\u00e9mocratique du Congo.<\/span><\/p>\n<p>Le Forum Humaniste Mondial actuel est compl\u00e9t\u00e9 par les <span class=\"\">groupes th\u00e9matiques<\/span> des Assembl\u00e9es Citoyennes pour un Changement du Syst\u00e8me Mondial, le groupe de la D\u00e9colonisation et les groupes du Sport et de l&rsquo;Art pour la Paix et la Non-violence, ainsi que par les groupes sur la Paix dans l&rsquo;Histoire et l&rsquo;Histoire de la Paix.<\/p>\n<p>En plus de ces groupes internationaux et multiculturels, cette Assembl\u00e9e abordera \u00e9galement, de mani\u00e8re formative, les diff\u00e9rents aspects du D\u00e9veloppement Personnel comme compl\u00e9ment irrempla\u00e7able \u00e0 la transformation sociale.<\/p>\n<p>Parmi les principaux sujets abord\u00e9s figurent l&rsquo;avancement actuel du Forum et, surtout, la projection des travaux des groupes th\u00e9matiques et du Forum dans son ensemble, avec l&rsquo;inclusion de nouvelles organisations, de personnalit\u00e9s du monde universitaire et politique et de collectifs sociaux qui partagent une sensibilit\u00e9 non-violente et non-discriminatoire.<\/p>\n<p>La situation mondiale actuelle, marqu\u00e9e par le bellicisme croissant et le m\u00e9pris de la vie humaine de la part de gouvernements criminels dans diff\u00e9rentes parties du monde, ainsi que la possibilit\u00e9 de contribuer \u00e0 l&rsquo;\u00e9mergence d&rsquo;un nouveau syst\u00e8me de relations entre les peuples et les nations bas\u00e9 sur la coop\u00e9ration et la fraternit\u00e9, face \u00e0 l&rsquo;effondrement \u00e9vident du statu quo h\u00e9g\u00e9monique, vestige de si\u00e8cles de colonialisme, seront d&rsquo;une importance cruciale dans cet appel et transversaux aux diff\u00e9rents th\u00e8mes abord\u00e9s.<\/p>\n<p>Une participation massive est attendue des cinq continents, les assembl\u00e9es pr\u00e9c\u00e9dentes ayant suscit\u00e9 un grand int\u00e9r\u00eat avec la participation d&rsquo;activistes sociaux de 50 pays.<\/p>\n<p>Toute personne ou organisation est invit\u00e9e \u00e0 participer activement au Forum Humaniste Mondial, un espace permanent de convergence entre des individus et des institutions issus des cultures les plus diverses du monde. La participation est ouverte \u00e0 condition de ne pas promouvoir la discrimination ou l&rsquo;intol\u00e9rance, ni de promouvoir ou d&rsquo;utiliser la violence comme m\u00e9thode d&rsquo;action pour imposer des concepts ou des id\u00e9aux.<\/p>\n<p>Pour participer \u00e0 la prochaine Assembl\u00e9e du Forum Humaniste Mondial, inscrivez-vous <a href=\"https:\/\/us02web.zoom.us\/meeting\/register\/cxWxszDJRoagcrxK7lu9gg#\/registration\">ICI<\/a> ou sur le site du Forum\u00a0<a href=\"https:\/\/worldhumanistforum.org\/\">https:\/\/worldhumanistforum.org\/<\/a><\/p>\n","protected":false},"excerpt":{"rendered":"<p>La IIIe Assembl\u00e9e ouverte du Forum Humaniste Mondial se tiendra virtuellement le samedi 19 juillet 2025, \u00e0 partir de : 10 h en Argentine\/Br\u00e9sil, 7 h au Mexique\/Am\u00e9rique centrale, 9 h au Chili\/c\u00f4te est des \u00c9tats-Unis, 13 h UTC (temps&hellip;<\/p>\n","protected":false},"author":19,"featured_media":2616587,"comment_status":"closed","ping_status":"closed","sticky":false,"template":"","format":"standard","meta":{"footnotes":""},"categories":[11386,1246,40,95],"tags":[139225,3552,121214,33349,5699,3228],"class_list":["post-2616482","post","type-post","status-publish","format-standard","has-post-thumbnail","hentry","category-contenu-original","category-humanisme-spiritualite","category-international-fr","category-affaires-etrangeres","tag-activisme-social","tag-convergence","tag-forum-humaniste-mondial","tag-nacion-humana-universal-fr","tag-nation-humaine-universelle","tag-solidarite"],"yoast_head":"<!-- This site is optimized with the Yoast SEO plugin v27.1.1 - https:\/\/yoast.com\/product\/yoast-seo-wordpress\/ -->\n<title>Le Forum Humaniste Mondial vous convie \u00e0 sa III\u1d49 Assembl\u00e9e Ouverte - Participez \u00e0 l&#039;\u00e9lan humaniste plan\u00e9taire<\/title>\n<meta name=\"description\" content=\"La IIIe Assembl\u00e9e ouverte du Forum Humaniste Mondial se tiendra virtuellement le samedi 19 juillet 2025, \u00e0 partir de : 10 h en Argentine\/Br\u00e9sil, 7 h au\" \/>\n<meta name=\"robots\" content=\"index, follow, max-snippet:-1, max-image-preview:large, max-video-preview:-1\" \/>\n<link rel=\"canonical\" href=\"https:\/\/www.pressenza.com\/fr\/2025\/07\/le-forum-humaniste-mondial-vous-convie-a-sa-iii%e1%b5%89-assemblee-ouverte-participez-a-lelan-humaniste-planetaire\/\" \/>\n<meta property=\"og:locale\" content=\"fr_FR\" \/>\n<meta property=\"og:type\" content=\"article\" \/>\n<meta property=\"og:title\" content=\"Le Forum Humaniste Mondial vous convie \u00e0 sa III\u1d49 Assembl\u00e9e Ouverte - Participez \u00e0 l&#039;\u00e9lan humaniste plan\u00e9taire\" \/>\n<meta property=\"og:description\" content=\"La IIIe Assembl\u00e9e ouverte du Forum Humaniste Mondial se tiendra virtuellement le samedi 19 juillet 2025, \u00e0 partir de : 10 h en Argentine\/Br\u00e9sil, 7 h au\" \/>\n<meta property=\"og:url\" content=\"https:\/\/www.pressenza.com\/fr\/2025\/07\/le-forum-humaniste-mondial-vous-convie-a-sa-iii%e1%b5%89-assemblee-ouverte-participez-a-lelan-humaniste-planetaire\/\" \/>\n<meta property=\"og:site_name\" content=\"Pressenza\" \/>\n<meta property=\"article:publisher\" content=\"https:\/\/www.facebook.com\/PressenzaItalia\" \/>\n<meta property=\"article:author\" content=\"https:\/\/www.facebook.com\/pressenza\" \/>\n<meta property=\"article:published_time\" content=\"2025-07-03T18:13:47+00:00\" \/>\n<meta property=\"article:modified_time\" content=\"2025-07-04T06:22:13+00:00\" \/>\n<meta property=\"og:image\" content=\"https:\/\/www.pressenza.com\/wp-content\/uploads\/2025\/07\/forum.png\" \/>\n\t<meta property=\"og:image:width\" content=\"820\" \/>\n\t<meta property=\"og:image:height\" content=\"546\" \/>\n\t<meta property=\"og:image:type\" content=\"image\/png\" \/>\n<meta name=\"author\" content=\"Pressenza IPA\" \/>\n<meta name=\"twitter:card\" content=\"summary_large_image\" \/>\n<meta name=\"twitter:creator\" content=\"@PressenzaIPA\" \/>\n<meta name=\"twitter:site\" content=\"@PressenzaIPA\" \/>\n<meta name=\"twitter:label1\" content=\"\u00c9crit par\" \/>\n\t<meta name=\"twitter:data1\" content=\"Pressenza IPA\" \/>\n\t<meta name=\"twitter:label2\" content=\"Dur\u00e9e de lecture estim\u00e9e\" \/>\n\t<meta name=\"twitter:data2\" content=\"3 minutes\" \/>\n<script type=\"application\/ld+json\" class=\"yoast-schema-graph\">{\"@context\":\"https:\/\/schema.org\",\"@graph\":[{\"@type\":\"Article\",\"@id\":\"https:\/\/www.pressenza.com\/fr\/2025\/07\/le-forum-humaniste-mondial-vous-convie-a-sa-iii%e1%b5%89-assemblee-ouverte-participez-a-lelan-humaniste-planetaire\/#article\",\"isPartOf\":{\"@id\":\"https:\/\/www.pressenza.com\/fr\/2025\/07\/le-forum-humaniste-mondial-vous-convie-a-sa-iii%e1%b5%89-assemblee-ouverte-participez-a-lelan-humaniste-planetaire\/\"},\"author\":{\"name\":\"Pressenza IPA\",\"@id\":\"https:\/\/www.pressenza.com\/fr\/#\/schema\/person\/010e5d02bcf40965427a1289a4cc8d75\"},\"headline\":\"Le Forum Humaniste Mondial vous convie \u00e0 sa III\u1d49 Assembl\u00e9e Ouverte &#8211; Participez \u00e0 l&rsquo;\u00e9lan humaniste plan\u00e9taire\",\"datePublished\":\"2025-07-03T18:13:47+00:00\",\"dateModified\":\"2025-07-04T06:22:13+00:00\",\"mainEntityOfPage\":{\"@id\":\"https:\/\/www.pressenza.com\/fr\/2025\/07\/le-forum-humaniste-mondial-vous-convie-a-sa-iii%e1%b5%89-assemblee-ouverte-participez-a-lelan-humaniste-planetaire\/\"},\"wordCount\":584,\"publisher\":{\"@id\":\"https:\/\/www.pressenza.com\/fr\/#organization\"},\"image\":{\"@id\":\"https:\/\/www.pressenza.com\/fr\/2025\/07\/le-forum-humaniste-mondial-vous-convie-a-sa-iii%e1%b5%89-assemblee-ouverte-participez-a-lelan-humaniste-planetaire\/#primaryimage\"},\"thumbnailUrl\":\"https:\/\/www.pressenza.com\/wp-content\/uploads\/2025\/07\/forum.png\",\"keywords\":[\"Activisme social\",\"convergence\",\"Forum Humaniste Mondial\",\"Naci\u00f3n Humana Universal\",\"Nation humaine universelle\",\"solidarit\u00e9\"],\"articleSection\":[\"Contenu Original\",\"Humanisme et Spiritualit\u00e9\",\"International\",\"Relations internationales\"],\"inLanguage\":\"fr-FR\"},{\"@type\":\"WebPage\",\"@id\":\"https:\/\/www.pressenza.com\/fr\/2025\/07\/le-forum-humaniste-mondial-vous-convie-a-sa-iii%e1%b5%89-assemblee-ouverte-participez-a-lelan-humaniste-planetaire\/\",\"url\":\"https:\/\/www.pressenza.com\/fr\/2025\/07\/le-forum-humaniste-mondial-vous-convie-a-sa-iii%e1%b5%89-assemblee-ouverte-participez-a-lelan-humaniste-planetaire\/\",\"name\":\"Le Forum Humaniste Mondial vous convie \u00e0 sa III\u1d49 Assembl\u00e9e Ouverte - Participez \u00e0 l'\u00e9lan humaniste plan\u00e9taire\",\"isPartOf\":{\"@id\":\"https:\/\/www.pressenza.com\/fr\/#website\"},\"primaryImageOfPage\":{\"@id\":\"https:\/\/www.pressenza.com\/fr\/2025\/07\/le-forum-humaniste-mondial-vous-convie-a-sa-iii%e1%b5%89-assemblee-ouverte-participez-a-lelan-humaniste-planetaire\/#primaryimage\"},\"image\":{\"@id\":\"https:\/\/www.pressenza.com\/fr\/2025\/07\/le-forum-humaniste-mondial-vous-convie-a-sa-iii%e1%b5%89-assemblee-ouverte-participez-a-lelan-humaniste-planetaire\/#primaryimage\"},\"thumbnailUrl\":\"https:\/\/www.pressenza.com\/wp-content\/uploads\/2025\/07\/forum.png\",\"datePublished\":\"2025-07-03T18:13:47+00:00\",\"dateModified\":\"2025-07-04T06:22:13+00:00\",\"description\":\"La IIIe Assembl\u00e9e ouverte du Forum Humaniste Mondial se tiendra virtuellement le samedi 19 juillet 2025, \u00e0 partir de : 10 h en Argentine\/Br\u00e9sil, 7 h au\",\"breadcrumb\":{\"@id\":\"https:\/\/www.pressenza.com\/fr\/2025\/07\/le-forum-humaniste-mondial-vous-convie-a-sa-iii%e1%b5%89-assemblee-ouverte-participez-a-lelan-humaniste-planetaire\/#breadcrumb\"},\"inLanguage\":\"fr-FR\",\"potentialAction\":[{\"@type\":\"ReadAction\",\"target\":[\"https:\/\/www.pressenza.com\/fr\/2025\/07\/le-forum-humaniste-mondial-vous-convie-a-sa-iii%e1%b5%89-assemblee-ouverte-participez-a-lelan-humaniste-planetaire\/\"]}]},{\"@type\":\"ImageObject\",\"inLanguage\":\"fr-FR\",\"@id\":\"https:\/\/www.pressenza.com\/fr\/2025\/07\/le-forum-humaniste-mondial-vous-convie-a-sa-iii%e1%b5%89-assemblee-ouverte-participez-a-lelan-humaniste-planetaire\/#primaryimage\",\"url\":\"https:\/\/www.pressenza.com\/wp-content\/uploads\/2025\/07\/forum.png\",\"contentUrl\":\"https:\/\/www.pressenza.com\/wp-content\/uploads\/2025\/07\/forum.png\",\"width\":820,\"height\":546},{\"@type\":\"BreadcrumbList\",\"@id\":\"https:\/\/www.pressenza.com\/fr\/2025\/07\/le-forum-humaniste-mondial-vous-convie-a-sa-iii%e1%b5%89-assemblee-ouverte-participez-a-lelan-humaniste-planetaire\/#breadcrumb\",\"itemListElement\":[{\"@type\":\"ListItem\",\"position\":1,\"name\":\"Accueil\",\"item\":\"https:\/\/www.pressenza.com\/fr\/\"},{\"@type\":\"ListItem\",\"position\":2,\"name\":\"Le Forum Humaniste Mondial vous convie \u00e0 sa III\u1d49 Assembl\u00e9e Ouverte &#8211; Participez \u00e0 l&#8217;\u00e9lan humaniste plan\u00e9taire\"}]},{\"@type\":\"WebSite\",\"@id\":\"https:\/\/www.pressenza.com\/fr\/#website\",\"url\":\"https:\/\/www.pressenza.com\/fr\/\",\"name\":\"Pressenza\",\"description\":\"International Press Agency\",\"publisher\":{\"@id\":\"https:\/\/www.pressenza.com\/fr\/#organization\"},\"potentialAction\":[{\"@type\":\"SearchAction\",\"target\":{\"@type\":\"EntryPoint\",\"urlTemplate\":\"https:\/\/www.pressenza.com\/fr\/?s={search_term_string}\"},\"query-input\":{\"@type\":\"PropertyValueSpecification\",\"valueRequired\":true,\"valueName\":\"search_term_string\"}}],\"inLanguage\":\"fr-FR\"},{\"@type\":\"Organization\",\"@id\":\"https:\/\/www.pressenza.com\/fr\/#organization\",\"name\":\"Pressenza\",\"url\":\"https:\/\/www.pressenza.com\/fr\/\",\"logo\":{\"@type\":\"ImageObject\",\"inLanguage\":\"fr-FR\",\"@id\":\"https:\/\/www.pressenza.com\/fr\/#\/schema\/logo\/image\/\",\"url\":\"https:\/\/www.pressenza.com\/wp-content\/uploads\/2022\/10\/pressenza_logo_200x200.jpg\",\"contentUrl\":\"https:\/\/www.pressenza.com\/wp-content\/uploads\/2022\/10\/pressenza_logo_200x200.jpg\",\"width\":200,\"height\":200,\"caption\":\"Pressenza\"},\"image\":{\"@id\":\"https:\/\/www.pressenza.com\/fr\/#\/schema\/logo\/image\/\"},\"sameAs\":[\"https:\/\/www.facebook.com\/PressenzaItalia\",\"https:\/\/x.com\/PressenzaIPA\"]},{\"@type\":\"Person\",\"@id\":\"https:\/\/www.pressenza.com\/fr\/#\/schema\/person\/010e5d02bcf40965427a1289a4cc8d75\",\"name\":\"Pressenza IPA\",\"description\":\"News from Pressenza IPA correspondents\",\"sameAs\":[\"https:\/\/www.facebook.com\/pressenza\",\"https:\/\/x.com\/PressenzaIPA\"],\"url\":\"https:\/\/www.pressenza.com\/fr\/author\/pressenza-ipa\/\"}]}<\/script>\n<!-- \/ Yoast SEO plugin. -->","yoast_head_json":{"title":"Le Forum Humaniste Mondial vous convie \u00e0 sa III\u1d49 Assembl\u00e9e Ouverte - Participez \u00e0 l'\u00e9lan humaniste plan\u00e9taire","description":"La IIIe Assembl\u00e9e ouverte du Forum Humaniste Mondial se tiendra virtuellement le samedi 19 juillet 2025, \u00e0 partir de : 10 h en Argentine\/Br\u00e9sil, 7 h au","robots":{"index":"index","follow":"follow","max-snippet":"max-snippet:-1","max-image-preview":"max-image-preview:large","max-video-preview":"max-video-preview:-1"},"canonical":"https:\/\/www.pressenza.com\/fr\/2025\/07\/le-forum-humaniste-mondial-vous-convie-a-sa-iii%e1%b5%89-assemblee-ouverte-participez-a-lelan-humaniste-planetaire\/","og_locale":"fr_FR","og_type":"article","og_title":"Le Forum Humaniste Mondial vous convie \u00e0 sa III\u1d49 Assembl\u00e9e Ouverte - Participez \u00e0 l'\u00e9lan humaniste plan\u00e9taire","og_description":"La IIIe Assembl\u00e9e ouverte du Forum Humaniste Mondial se tiendra virtuellement le samedi 19 juillet 2025, \u00e0 partir de : 10 h en Argentine\/Br\u00e9sil, 7 h au","og_url":"https:\/\/www.pressenza.com\/fr\/2025\/07\/le-forum-humaniste-mondial-vous-convie-a-sa-iii%e1%b5%89-assemblee-ouverte-participez-a-lelan-humaniste-planetaire\/","og_site_name":"Pressenza","article_publisher":"https:\/\/www.facebook.com\/PressenzaItalia","article_author":"https:\/\/www.facebook.com\/pressenza","article_published_time":"2025-07-03T18:13:47+00:00","article_modified_time":"2025-07-04T06:22:13+00:00","og_image":[{"width":820,"height":546,"url":"https:\/\/www.pressenza.com\/wp-content\/uploads\/2025\/07\/forum.png","type":"image\/png"}],"author":"Pressenza IPA","twitter_card":"summary_large_image","twitter_creator":"@PressenzaIPA","twitter_site":"@PressenzaIPA","twitter_misc":{"\u00c9crit par":"Pressenza IPA","Dur\u00e9e de lecture estim\u00e9e":"3 minutes"},"schema":{"@context":"https:\/\/schema.org","@graph":[{"@type":"Article","@id":"https:\/\/www.pressenza.com\/fr\/2025\/07\/le-forum-humaniste-mondial-vous-convie-a-sa-iii%e1%b5%89-assemblee-ouverte-participez-a-lelan-humaniste-planetaire\/#article","isPartOf":{"@id":"https:\/\/www.pressenza.com\/fr\/2025\/07\/le-forum-humaniste-mondial-vous-convie-a-sa-iii%e1%b5%89-assemblee-ouverte-participez-a-lelan-humaniste-planetaire\/"},"author":{"name":"Pressenza IPA","@id":"https:\/\/www.pressenza.com\/fr\/#\/schema\/person\/010e5d02bcf40965427a1289a4cc8d75"},"headline":"Le Forum Humaniste Mondial vous convie \u00e0 sa III\u1d49 Assembl\u00e9e Ouverte &#8211; Participez \u00e0 l&rsquo;\u00e9lan humaniste plan\u00e9taire","datePublished":"2025-07-03T18:13:47+00:00","dateModified":"2025-07-04T06:22:13+00:00","mainEntityOfPage":{"@id":"https:\/\/www.pressenza.com\/fr\/2025\/07\/le-forum-humaniste-mondial-vous-convie-a-sa-iii%e1%b5%89-assemblee-ouverte-participez-a-lelan-humaniste-planetaire\/"},"wordCount":584,"publisher":{"@id":"https:\/\/www.pressenza.com\/fr\/#organization"},"image":{"@id":"https:\/\/www.pressenza.com\/fr\/2025\/07\/le-forum-humaniste-mondial-vous-convie-a-sa-iii%e1%b5%89-assemblee-ouverte-participez-a-lelan-humaniste-planetaire\/#primaryimage"},"thumbnailUrl":"https:\/\/www.pressenza.com\/wp-content\/uploads\/2025\/07\/forum.png","keywords":["Activisme social","convergence","Forum Humaniste Mondial","Naci\u00f3n Humana Universal","Nation humaine universelle","solidarit\u00e9"],"articleSection":["Contenu Original","Humanisme et Spiritualit\u00e9","International","Relations internationales"],"inLanguage":"fr-FR"},{"@type":"WebPage","@id":"https:\/\/www.pressenza.com\/fr\/2025\/07\/le-forum-humaniste-mondial-vous-convie-a-sa-iii%e1%b5%89-assemblee-ouverte-participez-a-lelan-humaniste-planetaire\/","url":"https:\/\/www.pressenza.com\/fr\/2025\/07\/le-forum-humaniste-mondial-vous-convie-a-sa-iii%e1%b5%89-assemblee-ouverte-participez-a-lelan-humaniste-planetaire\/","name":"Le Forum Humaniste Mondial vous convie \u00e0 sa III\u1d49 Assembl\u00e9e Ouverte - Participez \u00e0 l'\u00e9lan humaniste plan\u00e9taire","isPartOf":{"@id":"https:\/\/www.pressenza.com\/fr\/#website"},"primaryImageOfPage":{"@id":"https:\/\/www.pressenza.com\/fr\/2025\/07\/le-forum-humaniste-mondial-vous-convie-a-sa-iii%e1%b5%89-assemblee-ouverte-participez-a-lelan-humaniste-planetaire\/#primaryimage"},"image":{"@id":"https:\/\/www.pressenza.com\/fr\/2025\/07\/le-forum-humaniste-mondial-vous-convie-a-sa-iii%e1%b5%89-assemblee-ouverte-participez-a-lelan-humaniste-planetaire\/#primaryimage"},"thumbnailUrl":"https:\/\/www.pressenza.com\/wp-content\/uploads\/2025\/07\/forum.png","datePublished":"2025-07-03T18:13:47+00:00","dateModified":"2025-07-04T06:22:13+00:00","description":"La IIIe Assembl\u00e9e ouverte du Forum Humaniste Mondial se tiendra virtuellement le samedi 19 juillet 2025, \u00e0 partir de : 10 h en Argentine\/Br\u00e9sil, 7 h au","breadcrumb":{"@id":"https:\/\/www.pressenza.com\/fr\/2025\/07\/le-forum-humaniste-mondial-vous-convie-a-sa-iii%e1%b5%89-assemblee-ouverte-participez-a-lelan-humaniste-planetaire\/#breadcrumb"},"inLanguage":"fr-FR","potentialAction":[{"@type":"ReadAction","target":["https:\/\/www.pressenza.com\/fr\/2025\/07\/le-forum-humaniste-mondial-vous-convie-a-sa-iii%e1%b5%89-assemblee-ouverte-participez-a-lelan-humaniste-planetaire\/"]}]},{"@type":"ImageObject","inLanguage":"fr-FR","@id":"https:\/\/www.pressenza.com\/fr\/2025\/07\/le-forum-humaniste-mondial-vous-convie-a-sa-iii%e1%b5%89-assemblee-ouverte-participez-a-lelan-humaniste-planetaire\/#primaryimage","url":"https:\/\/www.pressenza.com\/wp-content\/uploads\/2025\/07\/forum.png","contentUrl":"https:\/\/www.pressenza.com\/wp-content\/uploads\/2025\/07\/forum.png","width":820,"height":546},{"@type":"BreadcrumbList","@id":"https:\/\/www.pressenza.com\/fr\/2025\/07\/le-forum-humaniste-mondial-vous-convie-a-sa-iii%e1%b5%89-assemblee-ouverte-participez-a-lelan-humaniste-planetaire\/#breadcrumb","itemListElement":[{"@type":"ListItem","position":1,"name":"Accueil","item":"https:\/\/www.pressenza.com\/fr\/"},{"@type":"ListItem","position":2,"name":"Le Forum Humaniste Mondial vous convie \u00e0 sa III\u1d49 Assembl\u00e9e Ouverte &#8211; Participez \u00e0 l&#8217;\u00e9lan humaniste plan\u00e9taire"}]},{"@type":"WebSite","@id":"https:\/\/www.pressenza.com\/fr\/#website","url":"https:\/\/www.pressenza.com\/fr\/","name":"Pressenza","description":"International Press Agency","publisher":{"@id":"https:\/\/www.pressenza.com\/fr\/#organization"},"potentialAction":[{"@type":"SearchAction","target":{"@type":"EntryPoint","urlTemplate":"https:\/\/www.pressenza.com\/fr\/?s={search_term_string}"},"query-input":{"@type":"PropertyValueSpecification","valueRequired":true,"valueName":"search_term_string"}}],"inLanguage":"fr-FR"},{"@type":"Organization","@id":"https:\/\/www.pressenza.com\/fr\/#organization","name":"Pressenza","url":"https:\/\/www.pressenza.com\/fr\/","logo":{"@type":"ImageObject","inLanguage":"fr-FR","@id":"https:\/\/www.pressenza.com\/fr\/#\/schema\/logo\/image\/","url":"https:\/\/www.pressenza.com\/wp-content\/uploads\/2022\/10\/pressenza_logo_200x200.jpg","contentUrl":"https:\/\/www.pressenza.com\/wp-content\/uploads\/2022\/10\/pressenza_logo_200x200.jpg","width":200,"height":200,"caption":"Pressenza"},"image":{"@id":"https:\/\/www.pressenza.com\/fr\/#\/schema\/logo\/image\/"},"sameAs":["https:\/\/www.facebook.com\/PressenzaItalia","https:\/\/x.com\/PressenzaIPA"]},{"@type":"Person","@id":"https:\/\/www.pressenza.com\/fr\/#\/schema\/person\/010e5d02bcf40965427a1289a4cc8d75","name":"Pressenza IPA","description":"News from Pressenza IPA correspondents","sameAs":["https:\/\/www.facebook.com\/pressenza","https:\/\/x.com\/PressenzaIPA"],"url":"https:\/\/www.pressenza.com\/fr\/author\/pressenza-ipa\/"}]}},"place":"","original_article_url":"","_links":{"self":[{"href":"https:\/\/www.pressenza.com\/fr\/wp-json\/wp\/v2\/posts\/2616482","targetHints":{"allow":["GET"]}}],"collection":[{"href":"https:\/\/www.pressenza.com\/fr\/wp-json\/wp\/v2\/posts"}],"about":[{"href":"https:\/\/www.pressenza.com\/fr\/wp-json\/wp\/v2\/types\/post"}],"author":[{"embeddable":true,"href":"https:\/\/www.pressenza.com\/fr\/wp-json\/wp\/v2\/users\/19"}],"replies":[{"embeddable":true,"href":"https:\/\/www.pressenza.com\/fr\/wp-json\/wp\/v2\/comments?post=2616482"}],"version-history":[{"count":11,"href":"https:\/\/www.pressenza.com\/fr\/wp-json\/wp\/v2\/posts\/2616482\/revisions"}],"predecessor-version":[{"id":2616521,"href":"https:\/\/www.pressenza.com\/fr\/wp-json\/wp\/v2\/posts\/2616482\/revisions\/2616521"}],"wp:featuredmedia":[{"embeddable":true,"href":"https:\/\/www.pressenza.com\/fr\/wp-json\/wp\/v2\/media\/2616587"}],"wp:attachment":[{"href":"https:\/\/www.pressenza.com\/fr\/wp-json\/wp\/v2\/media?parent=2616482"}],"wp:term":[{"taxonomy":"category","embeddable":true,"href":"https:\/\/www.pressenza.com\/fr\/wp-json\/wp\/v2\/categories?post=2616482"},{"taxonomy":"post_tag","embeddable":true,"href":"https:\/\/www.pressenza.com\/fr\/wp-json\/wp\/v2\/tags?post=2616482"}],"curies":[{"name":"wp","href":"https:\/\/api.w.org\/{rel}","templated":true}]}}