{"id":2608286,"date":"2025-05-31T23:13:38","date_gmt":"2025-05-31T22:13:38","guid":{"rendered":"https:\/\/www.pressenza.com\/?p=2608286"},"modified":"2025-05-31T23:13:38","modified_gmt":"2025-05-31T22:13:38","slug":"a-marseille-premiere-reunion-internationale-des-villes-informees-sur-le-trauma","status":"publish","type":"post","link":"https:\/\/www.pressenza.com\/fr\/2025\/05\/a-marseille-premiere-reunion-internationale-des-villes-informees-sur-le-trauma\/","title":{"rendered":"\u00c0 Marseille : Premi\u00e8re r\u00e9union internationale des villes inform\u00e9es sur le trauma"},"content":{"rendered":"<p>Ce jeudi 22 mai, dans le quartier de Sainte Marthe \u00e0 Marseille, l\u2019\u00e9quipe de \u00ab\u00a0Marseille, ville non-violente\u00a0\u00bb organisait sa r\u00e9union publique trimestrielle dans \u00ab L\u2019ensemble artistique Toursainte\u00a0\u00bb, un espace d\u00e9di\u00e9 \u00e0 la solidarit\u00e9 et \u00e0 la vie culturelle dans le quartier, en collaboration avec l\u2019association HAS (Habitat Alternatif Social)<a href=\"#_edn1\" name=\"_ednref1\">[i]<\/a>. Pour l\u2019occasion, l\u2019\u00e9quipe accueillait des exp\u00e9riences \u00ab\u00a0inform\u00e9 sur le trauma\u00a0\u00bb de plusieurs pays\u00a0: celles de l\u2019Etat d\u2019Oregon (\u00c9.U.)<a href=\"#_edn2\" name=\"_ednref2\">[ii]<\/a>, de Belfast (Irlande du Nord)<a href=\"#_edn3\" name=\"_ednref3\">[iii]<\/a>, Manchester<a href=\"#_edn4\" name=\"_ednref4\">[iv]<\/a> et du West Yorkshire (Angleterre)<a href=\"#_edn5\" name=\"_ednref5\">[v]<\/a>, d\u2019Oslo (Norv\u00e8ge)<a href=\"#_edn6\" name=\"_ednref6\">[vi]<\/a> et pour la France, les projets d\u00e9butant \u00e0 La Rochelle\/Ile de R\u00e9<a href=\"#_edn7\" name=\"_ednref7\">[vii]<\/a> et \u00e0 Lyon.<\/p>\n<p><strong>LES VILLES INFORM\u00c9ES SUR LE TRAUMA<\/strong><\/p>\n<p>C\u2019est dans la derni\u00e8re d\u00e9cennie du XXe si\u00e8cle qu\u2019est n\u00e9e aux Etats-Unis cette approche communautaire visant \u00e0 sensibiliser les habitants et les professionnels au fonctionnement du traumatisme et \u00e0 ses effets dans la vie personnelle et sociale\u00a0: la violence. L\u2019objectif est alors de prendre en compte ce nouveau regard pour harmoniser les politiques publiques, en les \u00e9tayant par la pratique de terrain et par les donn\u00e9es scientifiques, qui se mettent \u00e0 affluer dans les ann\u00e9es 2000, avec notamment le d\u00e9veloppement des neurosciences affectives et sociales<a href=\"#_edn8\" name=\"_ednref8\">[viii]<\/a>.<\/p>\n<p>Tarpon Springs (Etat de Floride) et Philadelphie font partie des premi\u00e8res initiatives\u00a0; le mouvement s\u2019\u00e9tend pendant les ann\u00e9es 2010 \u00e0 Chicago, Oslo, Toronto, Leeds\u2026 Depuis 2022, Marseille est la premi\u00e8re ville \u00e0 lancer le projet, sous l\u2019impulsion du psychiatre Vincent Girard<a href=\"#_edn9\" name=\"_ednref9\">[ix]<\/a>, de la psychoth\u00e9rapeute et auteure Isabelle Filliozat<a href=\"#_edn10\" name=\"_ednref10\">[x]<\/a> et de Sophie Gu\u00e9rard, adjointe au Maire de Marseille en charge de la place de l&rsquo;enfant dans la ville.<\/p>\n<p><strong>M\u00c9THODE DE TRAVAIL DES VILLES INFORM\u00c9ES SUR LE TRAUMA<\/strong><\/p>\n<p>Les volontaires de ces projets mettent en place des formations, des \u00e9v\u00e9nements et des politiques publiques pour int\u00e9grer une approche nouvelle du traumatisme, avec l\u2019objectif de prendre conscience de l\u2019enchainement de violence et de difficult\u00e9s personnelles et sociales g\u00e9n\u00e9r\u00e9s par ces exp\u00e9riences malheureuses, mais aussi de r\u00e9aliser les cons\u00e9quences en terme de sant\u00e9 publique, et de prendre en charge ces r\u00e9alit\u00e9s \u00e0 tous les niveaux d\u2019une ville (\u00e9ducation, sant\u00e9, justice, vie quotidienne\u2026), favorisant ainsi une r\u00e9silience collective, une r\u00e9solution coop\u00e9rative des conflits, une augmentation du \u00ab\u00a0bien vivre ensemble\u00a0\u00bb\u00a0: un v\u00e9ritable apport \u00e0 la culture de la non-violence. Les villes se d\u00e9clarent alors \u00ab\u00a0inform\u00e9es sur le trauma\u00a0\u00bb.<\/p>\n<p><strong>\u00a0<\/strong><strong>L\u2019APPROCHE \u00ab\u00a0TRAUMA INFORMED\u00a0\u00bb\u00a0: LES 4 R<\/strong><\/p>\n<p>Le label \u00ab\u00a0trauma informed\u00a0\u00bb n\u2019est pas une certification universelle d\u00e9livr\u00e9e par une organisation particuli\u00e8re\u00a0; c\u2019est une approche adopt\u00e9e par diverses institutions et collectivit\u00e9s\u00a0: des villes, des campus universitaires<a href=\"#_edn11\" name=\"_ednref11\">[xi]<\/a>, des institutions et collectivit\u00e9. L\u2019Agence de Sant\u00e9 Publique du Canada<a href=\"#_edn12\" name=\"_ednref12\">[xii]<\/a> a par exemple d\u00e9velopp\u00e9 certaines lignes directrices de pratiques qui tiennent compte des traumatismes et de la violence. Ces lignes mettent l\u2019accent sur la s\u00e9curisation, le choix, la r\u00e9silience et le renforcement des comp\u00e9tences psycho-sociales<a href=\"#_edn13\" name=\"_ednref13\">[xiii]<\/a>.<\/p>\n<p>4 axes (les \u00ab\u00a04 R\u00a0\u00bb)\u00a0constituent l\u2019approche \u00ab\u00a0inform\u00e9e sur le trauma\u00a0\u00bb :<\/p>\n<ol>\n<li>R\u00e9aliser ce que sont le trauma et le traumatisme et combien celui-ci est r\u00e9pandu.<\/li>\n<li>Reconna\u00eetre son impact sur les personnes et sur les groupes<\/li>\n<li>R\u00e9pondre de mani\u00e8re inclusive pour que tous se sentent entendus<\/li>\n<li>R\u00e9sister \u00e0 la re-traumatisation<\/li>\n<\/ol>\n<p><strong>LES PROJETS \u00ab\u00a0INFORM\u00c9S SUR LE TRAUMA\u00a0\u00bb \u00c0 MARSEILLE<\/strong><\/p>\n<p>L\u2019\u00e9quipe marseillaise est en train d\u2019organiser la premi\u00e8re formation collective aupr\u00e8s de tous les agents municipaux travaillant aupr\u00e8s des enfants dans les cr\u00e8ches, le 29 ao\u00fbt au D\u00f4me. La pr\u00e9sentation du projet aux 1400 agents de la Ville sera suivie d\u2019un \u00e9change en petits groupes, anim\u00e9s par les volontaires b\u00e9n\u00e9voles impliqu\u00e9s dans le projet. Une centaine de volontaires se pr\u00e9pareront \u00e0 cet encadrement, les 5, 16 et 17 juin.<\/p>\n<p>Parall\u00e8lement, le projet marseillais s\u2019organise en cercles et groupes de travail, en adoptant les outils de la gouvernance partag\u00e9e. Plusieurs exp\u00e9riences sont en marche\u00a0:<\/p>\n<p>Dans le quartier de la Cayolle et nouvellement \u00e0 Sainte Marthe\u00a0; le groupe \u00ab\u00a0Minots\u00a0\u00bb, autour des enjeux dans <img loading=\"lazy\" decoding=\"async\" class=\"alignright size-medium\" src=\"https:\/\/www.pressenza.com\/wp-content\/uploads\/2025\/05\/marseille2-1.jpg\" width=\"267\" height=\"200\" \/>l\u2019\u00e9ducation\u00a0; le groupe \u00ab\u00a0Prendre soin\u00a0\u00bb dans le domaine de la sant\u00e9\u00a0; enfin le groupe \u00ab\u00a0sensibiliser les institutions\u00a0\u00bb, aupr\u00e8s des professions de la police, de la justice et des institutions p\u00e9nitentiaires. Un cercle de r\u00e9flexion sur le <em>pouvoir d\u2019agir<\/em> est \u00e9galement en place.<\/p>\n<p>Enfin, un dipl\u00f4me universitaire a \u00e9t\u00e9 cr\u00e9\u00e9 cette ann\u00e9e, port\u00e9 par l\u2019Universit\u00e9 d\u2019Aix-Marseille et le Professeur David Da Fonseca<a href=\"#_edn14\" name=\"_ednref14\">[xiv]<\/a>, et sera reconduit \u00e0 la rentr\u00e9e 2025-2026. La r\u00e9union publique du 22 mai a d\u2019ailleurs accueilli une vingtaine d\u2019\u00e9tudiants de ce premier opus.<\/p>\n<p><strong>L\u2019APPORT D\u2019EXP\u00c9RIENCE INTERNATIONALE DE LA RENCONTRE DU 22 MAI<\/strong><\/p>\n<p><img loading=\"lazy\" decoding=\"async\" class=\"alignnone size-medium\" src=\"https:\/\/www.pressenza.com\/fr\/?attachment_id=2608293\" width=\"700\" height=\"438\" \/><\/p>\n<p>Lors de cette rencontre, les intervenants internationaux ont partag\u00e9 des t\u00e9moignages concrets et inspirants sur la mise en \u0153uvre des politiques \u00ab trauma informed \u00bb dans leurs contextes respectifs. De la formation syst\u00e9mique en Oregon \u00e0 la coordination interinstitutionnelle \u00e0 Belfast, en passant par la mobilisation citoyenne \u00e0 Manchester ou l\u2019ancrage universitaire et clinique \u00e0 Oslo, chacun a expos\u00e9 les leviers propres \u00e0 son territoire.<\/p>\n<p>Les \u00e9changes ont fait \u00e9merger plusieurs constantes : la n\u00e9cessit\u00e9 de sensibiliser largement les citoyens, de soutenir les professionnels en premi\u00e8re ligne, et de coconstruire les politiques locales avec les personnes concern\u00e9es. Les ateliers en petits groupes ont soulign\u00e9 l\u2019enjeu de passer de l\u2019intention \u00e0 l\u2019action, en structurant des outils, des m\u00e9thodes et des protocoles \u00e0 m\u00eame de p\u00e9renniser cette culture du lien et de la non-violence.<\/p>\n<p>Les intervenants ont ainsi mis en lumi\u00e8re trois piliers fondamentaux de toute politique trauma-informed ambitieuse :<\/p>\n<p>\u2013 <strong>Un ancrage scientifique solide<\/strong>, fond\u00e9 sur des collaborations universitaires, une veille active en neurosciences, et des indicateurs partag\u00e9s pour suivre les transformations ;<\/p>\n<p>\u2013 <strong>Un engagement citoyen structur\u00e9<\/strong>, mobilisant des volontaires form\u00e9s, des campagnes de sensibilisation, et des espaces de co-construction d\u00e9mocratique ;<\/p>\n<p>\u2013 <strong>Une coop\u00e9ration interprofessionnelle active<\/strong>, entre la sant\u00e9, l\u2019\u00e9ducation, la justice, le social et la s\u00e9curit\u00e9, afin d\u2019\u00e9laborer un langage commun et des pratiques partag\u00e9es.<\/p>\n<p>Leur exp\u00e9rience d\u00e9montre qu\u2019en croisant ces trois dimensions, il devient possible de faire \u00e9merger une culture publique du soin, de la r\u00e9paration et de la r\u00e9silience collective \u2014 une source d\u2019inspiration directe pour Marseille et d\u2019autres villes fran\u00e7aises.<\/p>\n<p><strong>POUR SOUTENIR ET PARTICIPER AU PROJET \u00ab\u00a0TRAUMA INFORMED\u00a0\u00bb<\/strong><\/p>\n<p><strong>\u00a0<\/strong>Informez-vous plus largement\u00a0et laissez-nous vos coordonn\u00e9es pour \u00eatre inform\u00e9.e des prochains \u00e9v\u00e9nements : <a href=\"https:\/\/www.filliozat.net\/projet-marseille-ville-non-violente\/\">https:\/\/www.filliozat.net\/projet-marseille-ville-non-violente\/<\/a><\/p>\n<p>Signez notre manifeste\u00a0: <a href=\"https:\/\/www.change.org\/p\/marseille-ville-non-violente-informee-sur-le-trauma?source_location=search\">https:\/\/www.change.org\/p\/marseille-ville-non-violente-informee-sur-le-trauma?source_location=search<\/a><\/p>\n<p>Rejoignez le groupe de volontaires pour encadrer la journ\u00e9e d\u2019information du 29 ao\u00fbt aupr\u00e8s des agents municipaux de la petite enfance\u00a0; envoyez un mail \u00e0\u00a0: sophie.queiros23@gmail.com<\/p>\n<p>A bient\u00f4t\u00a0!<\/p>\n<p>&nbsp;<\/p>\n<p><strong>Les auteur.e.s<\/strong><\/p>\n<p><strong><em>Florent Delaunay<\/em><\/strong><em> \u2013 Enseignant-formateur du secteur m\u00e9dico-social\u00a0; musicien humaniste\u00a0; cofondateur des Universit\u00e9s de l\u2019humanisme universaliste\u00a0; membre de \u00ab\u00a0Marseille Ville Non-violente\u00a0\u00bb\u00a0; <\/em><\/p>\n<p><strong><em>Julia Dussaucy<\/em><\/strong><em> \u2013 Fondatrice de la plateforme citoyenne de pair-aidance \u00ab D\u00e9j\u00e0-Vu \u00bb, secouriste en sant\u00e9 mentale (PSSM). Membre de \u00ab Marseille Ville Non-violente \u00bb, engag\u00e9e dans la cr\u00e9ation d\u2019outils num\u00e9riques et collectifs pour faire \u00e9merger une culture du soin, du lien et de la r\u00e9silience\u00a0;<\/em><\/p>\n<p><strong><em>Laurence Nabitz<\/em><\/strong><em> \u2013 Facilitatrice des dynamiques collectives et coop\u00e9ratives, coach et formatrice. Engag\u00e9e dans tout ce qui touche \u00e0 la non-violence et aux dominations\u00a0; membre de \u00ab Marseille Ville Non-violente \u00bb.<\/em><\/p>\n<p>&nbsp;<\/p>\n<p><strong>Notes<\/strong><\/p>\n<p><a href=\"#_ednref1\" name=\"_edn1\">[i]<\/a>\u00a0 &#8211; <a href=\"https:\/\/www.has.asso.fr\/\">https:\/\/www.has.asso.fr\/<\/a><\/p>\n<p><a href=\"#_ednref2\" name=\"_edn2\">[ii]<\/a> &#8211; <a href=\"https:\/\/traumainformedoregon.org\/\">https:\/\/traumainformedoregon.org\/<\/a><\/p>\n<p><a href=\"#_ednref3\" name=\"_edn3\">[iii]<\/a> &#8211; <a href=\"https:\/\/www.safeguardingni.org\/trauma-informed-approach\">https:\/\/www.safeguardingni.org\/trauma-informed-approach<\/a><\/p>\n<p><a href=\"#_ednref4\" name=\"_edn4\">[iv]<\/a> &#8211; <a href=\"https:\/\/www.trgm.co.uk\/manchester\">https:\/\/www.trgm.co.uk\/manchester<\/a><\/p>\n<p><a href=\"#_ednref5\" name=\"_edn5\">[v]<\/a> &#8211; <a href=\"https:\/\/westyorkshiretraumainformed.co.uk\/\">https:\/\/westyorkshiretraumainformed.co.uk\/<\/a><\/p>\n<p><a href=\"#_ednref6\" name=\"_edn6\">[vi]<\/a> &#8211; <a href=\"https:\/\/iopt.no\/en\/aktivitet\/videreutdanning\/\">https:\/\/iopt.no\/en\/aktivitet\/videreutdanning\/<\/a><\/p>\n<p><a href=\"#_ednref7\" name=\"_edn7\">[vii]<\/a> &#8211; <a href=\"https:\/\/etoiledesfamilles.fr\/la-rochelle-ville-informee-sur-le-trauma\/\">https:\/\/etoiledesfamilles.fr\/la-rochelle-ville-informee-sur-le-trauma\/<\/a><\/p>\n<p><a href=\"#_ednref8\" name=\"_edn8\">[viii]<\/a> &#8211; Par exemple\u00a0: <a href=\"https:\/\/www.science.org\/content\/article\/parents-emotional-trauma-may-change-their-children-s-biology-studies-mice-show-how\">https:\/\/www.science.org\/content\/article\/parents-emotional-trauma-may-change-their-children-s-biology-studies-mice-show-how<\/a><\/p>\n<p><a href=\"#_ednref9\" name=\"_edn9\">[ix]<\/a> &#8211; Vincent Girard et le projet Marseille Ville non-violente\u00a0: <a href=\"https:\/\/www.youtube.com\/watch?v=Kd7_SXMg8Cw\">https:\/\/www.youtube.com\/watch?v=Kd7_SXMg8Cw<\/a><\/p>\n<p><a href=\"#_ednref10\" name=\"_edn10\">[x]<\/a> &#8211; Isabelle Filliozat et le projet Marseille Ville non-violente\u00a0: <a href=\"https:\/\/www.youtube.com\/watch?v=H3QDH4iAXO8\">https:\/\/www.youtube.com\/watch?v=H3QDH4iAXO8<\/a><\/p>\n<p><a href=\"#_ednref11\" name=\"_edn11\">[xi]<\/a> &#8211; <a href=\"https:\/\/www.higheredtoday.org\/2022\/03\/14\/trauma-informed-colleges-begin-with-trauma-informed-leaders\/\">https:\/\/www.higheredtoday.org\/2022\/03\/14\/trauma-informed-colleges-begin-with-trauma-informed-leaders\/<\/a><\/p>\n<p><a href=\"#_ednref12\" name=\"_edn12\">[xii]<\/a> &#8211; <a href=\"https:\/\/www.canada.ca\/fr\/sante-publique\/services\/publications\/securite-et-risque-pour-sante\/approches-traumatismes-violence-politiques-pratiques.html\">https:\/\/www.canada.ca\/fr\/sante-publique\/services\/publications\/securite-et-risque-pour-sante\/approches-traumatismes-violence-politiques-pratiques.html<\/a><\/p>\n<p><a href=\"#_ednref13\" name=\"_edn13\">[xiii]<\/a> &#8211; <a href=\"https:\/\/www.santepubliquefrance.fr\/competences-psychosociales\">https:\/\/www.santepubliquefrance.fr\/competences-psychosociales<\/a><\/p>\n<p><a href=\"#_ednref14\" name=\"_edn14\">[xiv]<\/a> &#8211; <a href=\"https:\/\/smpm.univ-amu.fr\/fr\/formations\/formation-continue\/attachement-liens-competences-psychosociales-et-psychotrauma\">https:\/\/smpm.univ-amu.fr\/fr\/formations\/formation-continue\/attachement-liens-competences-psychosociales-et-psychotrauma<\/a><\/p>\n","protected":false},"excerpt":{"rendered":"<p>Ce jeudi 22 mai, dans le quartier de Sainte Marthe \u00e0 Marseille, l\u2019\u00e9quipe de \u00ab\u00a0Marseille, ville non-violente\u00a0\u00bb organisait sa r\u00e9union publique trimestrielle dans \u00ab L\u2019ensemble artistique Toursainte\u00a0\u00bb, un espace d\u00e9di\u00e9 \u00e0 la solidarit\u00e9 et \u00e0 la vie culturelle dans le&hellip;<\/p>\n","protected":false},"author":2319,"featured_media":2608289,"comment_status":"closed","ping_status":"closed","sticky":false,"template":"","format":"standard","meta":{"footnotes":""},"categories":[94,1247,98,1249,85,1248],"tags":[3109,137542,137541],"class_list":["post-2608286","post","type-post","status-publish","format-standard","has-post-thumbnail","hentry","category-culture-fr","category-diversite","category-droits-de-lhomme","category-education-sujet","category-europe-fr","category-nonviolence-sujet","tag-marseille","tag-ville-non-violente","tag-villes-informees-sur-le-trauma"],"yoast_head":"<!-- This site is optimized with the Yoast SEO plugin v27.1.1 - https:\/\/yoast.com\/product\/yoast-seo-wordpress\/ -->\n<title>\u00c0 Marseille : Premi\u00e8re r\u00e9union internationale des villes inform\u00e9es sur le trauma<\/title>\n<meta name=\"description\" content=\"Ce jeudi 22 mai, dans le quartier de Sainte Marthe \u00e0 Marseille, l\u2019\u00e9quipe de \u00ab\u00a0Marseille, ville non-violente\u00a0\u00bb organisait sa r\u00e9union publique trimestrielle\" \/>\n<meta name=\"robots\" content=\"index, follow, max-snippet:-1, max-image-preview:large, max-video-preview:-1\" \/>\n<link rel=\"canonical\" href=\"https:\/\/www.pressenza.com\/fr\/2025\/05\/a-marseille-premiere-reunion-internationale-des-villes-informees-sur-le-trauma\/\" \/>\n<meta property=\"og:locale\" content=\"fr_FR\" \/>\n<meta property=\"og:type\" content=\"article\" \/>\n<meta property=\"og:title\" content=\"\u00c0 Marseille : Premi\u00e8re r\u00e9union internationale des villes inform\u00e9es sur le trauma\" \/>\n<meta property=\"og:description\" content=\"Ce jeudi 22 mai, dans le quartier de Sainte Marthe \u00e0 Marseille, l\u2019\u00e9quipe de \u00ab\u00a0Marseille, ville non-violente\u00a0\u00bb organisait sa r\u00e9union publique trimestrielle\" \/>\n<meta property=\"og:url\" content=\"https:\/\/www.pressenza.com\/fr\/2025\/05\/a-marseille-premiere-reunion-internationale-des-villes-informees-sur-le-trauma\/\" \/>\n<meta property=\"og:site_name\" content=\"Pressenza\" \/>\n<meta property=\"article:publisher\" content=\"https:\/\/www.facebook.com\/PressenzaItalia\" \/>\n<meta property=\"article:published_time\" content=\"2025-05-31T22:13:38+00:00\" \/>\n<meta property=\"og:image\" content=\"https:\/\/www.pressenza.com\/wp-content\/uploads\/2025\/05\/ville-informee1.jpg\" \/>\n\t<meta property=\"og:image:width\" content=\"818\" \/>\n\t<meta property=\"og:image:height\" content=\"460\" \/>\n\t<meta property=\"og:image:type\" content=\"image\/jpeg\" \/>\n<meta name=\"author\" content=\"R\u00e9daction Marseille\" \/>\n<meta name=\"twitter:card\" content=\"summary_large_image\" \/>\n<meta name=\"twitter:creator\" content=\"@PressenzaIPA\" \/>\n<meta name=\"twitter:site\" content=\"@PressenzaIPA\" \/>\n<meta name=\"twitter:label1\" content=\"\u00c9crit par\" \/>\n\t<meta name=\"twitter:data1\" content=\"R\u00e9daction Marseille\" \/>\n\t<meta name=\"twitter:label2\" content=\"Dur\u00e9e de lecture estim\u00e9e\" \/>\n\t<meta name=\"twitter:data2\" content=\"7 minutes\" \/>\n<script type=\"application\/ld+json\" class=\"yoast-schema-graph\">{\"@context\":\"https:\/\/schema.org\",\"@graph\":[{\"@type\":\"Article\",\"@id\":\"https:\/\/www.pressenza.com\/fr\/2025\/05\/a-marseille-premiere-reunion-internationale-des-villes-informees-sur-le-trauma\/#article\",\"isPartOf\":{\"@id\":\"https:\/\/www.pressenza.com\/fr\/2025\/05\/a-marseille-premiere-reunion-internationale-des-villes-informees-sur-le-trauma\/\"},\"author\":{\"name\":\"R\u00e9daction Marseille\",\"@id\":\"https:\/\/www.pressenza.com\/fr\/#\/schema\/person\/d719331c1178136d115a3492afaa13d2\"},\"headline\":\"\u00c0 Marseille : Premi\u00e8re r\u00e9union internationale des villes inform\u00e9es sur le trauma\",\"datePublished\":\"2025-05-31T22:13:38+00:00\",\"mainEntityOfPage\":{\"@id\":\"https:\/\/www.pressenza.com\/fr\/2025\/05\/a-marseille-premiere-reunion-internationale-des-villes-informees-sur-le-trauma\/\"},\"wordCount\":1397,\"publisher\":{\"@id\":\"https:\/\/www.pressenza.com\/fr\/#organization\"},\"image\":{\"@id\":\"https:\/\/www.pressenza.com\/fr\/2025\/05\/a-marseille-premiere-reunion-internationale-des-villes-informees-sur-le-trauma\/#primaryimage\"},\"thumbnailUrl\":\"https:\/\/www.pressenza.com\/wp-content\/uploads\/2025\/05\/ville-informee1.jpg\",\"keywords\":[\"marseille\",\"ville non-violente\",\"villes inform\u00e9es sur le trauma\"],\"articleSection\":[\"Culture et M\u00e9dias\",\"Diversit\u00e9\",\"Droits humains\",\"Education\",\"Europe\",\"Non-violence\"],\"inLanguage\":\"fr-FR\"},{\"@type\":\"WebPage\",\"@id\":\"https:\/\/www.pressenza.com\/fr\/2025\/05\/a-marseille-premiere-reunion-internationale-des-villes-informees-sur-le-trauma\/\",\"url\":\"https:\/\/www.pressenza.com\/fr\/2025\/05\/a-marseille-premiere-reunion-internationale-des-villes-informees-sur-le-trauma\/\",\"name\":\"\u00c0 Marseille : Premi\u00e8re r\u00e9union internationale des villes inform\u00e9es sur le trauma\",\"isPartOf\":{\"@id\":\"https:\/\/www.pressenza.com\/fr\/#website\"},\"primaryImageOfPage\":{\"@id\":\"https:\/\/www.pressenza.com\/fr\/2025\/05\/a-marseille-premiere-reunion-internationale-des-villes-informees-sur-le-trauma\/#primaryimage\"},\"image\":{\"@id\":\"https:\/\/www.pressenza.com\/fr\/2025\/05\/a-marseille-premiere-reunion-internationale-des-villes-informees-sur-le-trauma\/#primaryimage\"},\"thumbnailUrl\":\"https:\/\/www.pressenza.com\/wp-content\/uploads\/2025\/05\/ville-informee1.jpg\",\"datePublished\":\"2025-05-31T22:13:38+00:00\",\"description\":\"Ce jeudi 22 mai, dans le quartier de Sainte Marthe \u00e0 Marseille, l\u2019\u00e9quipe de \u00ab\u00a0Marseille, ville non-violente\u00a0\u00bb organisait sa r\u00e9union publique trimestrielle\",\"breadcrumb\":{\"@id\":\"https:\/\/www.pressenza.com\/fr\/2025\/05\/a-marseille-premiere-reunion-internationale-des-villes-informees-sur-le-trauma\/#breadcrumb\"},\"inLanguage\":\"fr-FR\",\"potentialAction\":[{\"@type\":\"ReadAction\",\"target\":[\"https:\/\/www.pressenza.com\/fr\/2025\/05\/a-marseille-premiere-reunion-internationale-des-villes-informees-sur-le-trauma\/\"]}]},{\"@type\":\"ImageObject\",\"inLanguage\":\"fr-FR\",\"@id\":\"https:\/\/www.pressenza.com\/fr\/2025\/05\/a-marseille-premiere-reunion-internationale-des-villes-informees-sur-le-trauma\/#primaryimage\",\"url\":\"https:\/\/www.pressenza.com\/wp-content\/uploads\/2025\/05\/ville-informee1.jpg\",\"contentUrl\":\"https:\/\/www.pressenza.com\/wp-content\/uploads\/2025\/05\/ville-informee1.jpg\",\"width\":818,\"height\":460},{\"@type\":\"BreadcrumbList\",\"@id\":\"https:\/\/www.pressenza.com\/fr\/2025\/05\/a-marseille-premiere-reunion-internationale-des-villes-informees-sur-le-trauma\/#breadcrumb\",\"itemListElement\":[{\"@type\":\"ListItem\",\"position\":1,\"name\":\"Accueil\",\"item\":\"https:\/\/www.pressenza.com\/fr\/\"},{\"@type\":\"ListItem\",\"position\":2,\"name\":\"\u00c0 Marseille : Premi\u00e8re r\u00e9union internationale des villes inform\u00e9es sur le trauma\"}]},{\"@type\":\"WebSite\",\"@id\":\"https:\/\/www.pressenza.com\/fr\/#website\",\"url\":\"https:\/\/www.pressenza.com\/fr\/\",\"name\":\"Pressenza\",\"description\":\"International Press Agency\",\"publisher\":{\"@id\":\"https:\/\/www.pressenza.com\/fr\/#organization\"},\"potentialAction\":[{\"@type\":\"SearchAction\",\"target\":{\"@type\":\"EntryPoint\",\"urlTemplate\":\"https:\/\/www.pressenza.com\/fr\/?s={search_term_string}\"},\"query-input\":{\"@type\":\"PropertyValueSpecification\",\"valueRequired\":true,\"valueName\":\"search_term_string\"}}],\"inLanguage\":\"fr-FR\"},{\"@type\":\"Organization\",\"@id\":\"https:\/\/www.pressenza.com\/fr\/#organization\",\"name\":\"Pressenza\",\"url\":\"https:\/\/www.pressenza.com\/fr\/\",\"logo\":{\"@type\":\"ImageObject\",\"inLanguage\":\"fr-FR\",\"@id\":\"https:\/\/www.pressenza.com\/fr\/#\/schema\/logo\/image\/\",\"url\":\"https:\/\/www.pressenza.com\/wp-content\/uploads\/2022\/10\/pressenza_logo_200x200.jpg\",\"contentUrl\":\"https:\/\/www.pressenza.com\/wp-content\/uploads\/2022\/10\/pressenza_logo_200x200.jpg\",\"width\":200,\"height\":200,\"caption\":\"Pressenza\"},\"image\":{\"@id\":\"https:\/\/www.pressenza.com\/fr\/#\/schema\/logo\/image\/\"},\"sameAs\":[\"https:\/\/www.facebook.com\/PressenzaItalia\",\"https:\/\/x.com\/PressenzaIPA\"]},{\"@type\":\"Person\",\"@id\":\"https:\/\/www.pressenza.com\/fr\/#\/schema\/person\/d719331c1178136d115a3492afaa13d2\",\"name\":\"R\u00e9daction Marseille\",\"description\":\"News publi\u00e9es par le Bureau de Pressenza \u00e0 Marseille.\",\"url\":\"https:\/\/www.pressenza.com\/fr\/author\/redaction-marseille\/\"}]}<\/script>\n<!-- \/ Yoast SEO plugin. -->","yoast_head_json":{"title":"\u00c0 Marseille : Premi\u00e8re r\u00e9union internationale des villes inform\u00e9es sur le trauma","description":"Ce jeudi 22 mai, dans le quartier de Sainte Marthe \u00e0 Marseille, l\u2019\u00e9quipe de \u00ab\u00a0Marseille, ville non-violente\u00a0\u00bb organisait sa r\u00e9union publique trimestrielle","robots":{"index":"index","follow":"follow","max-snippet":"max-snippet:-1","max-image-preview":"max-image-preview:large","max-video-preview":"max-video-preview:-1"},"canonical":"https:\/\/www.pressenza.com\/fr\/2025\/05\/a-marseille-premiere-reunion-internationale-des-villes-informees-sur-le-trauma\/","og_locale":"fr_FR","og_type":"article","og_title":"\u00c0 Marseille : Premi\u00e8re r\u00e9union internationale des villes inform\u00e9es sur le trauma","og_description":"Ce jeudi 22 mai, dans le quartier de Sainte Marthe \u00e0 Marseille, l\u2019\u00e9quipe de \u00ab\u00a0Marseille, ville non-violente\u00a0\u00bb organisait sa r\u00e9union publique trimestrielle","og_url":"https:\/\/www.pressenza.com\/fr\/2025\/05\/a-marseille-premiere-reunion-internationale-des-villes-informees-sur-le-trauma\/","og_site_name":"Pressenza","article_publisher":"https:\/\/www.facebook.com\/PressenzaItalia","article_published_time":"2025-05-31T22:13:38+00:00","og_image":[{"width":818,"height":460,"url":"https:\/\/www.pressenza.com\/wp-content\/uploads\/2025\/05\/ville-informee1.jpg","type":"image\/jpeg"}],"author":"R\u00e9daction Marseille","twitter_card":"summary_large_image","twitter_creator":"@PressenzaIPA","twitter_site":"@PressenzaIPA","twitter_misc":{"\u00c9crit par":"R\u00e9daction Marseille","Dur\u00e9e de lecture estim\u00e9e":"7 minutes"},"schema":{"@context":"https:\/\/schema.org","@graph":[{"@type":"Article","@id":"https:\/\/www.pressenza.com\/fr\/2025\/05\/a-marseille-premiere-reunion-internationale-des-villes-informees-sur-le-trauma\/#article","isPartOf":{"@id":"https:\/\/www.pressenza.com\/fr\/2025\/05\/a-marseille-premiere-reunion-internationale-des-villes-informees-sur-le-trauma\/"},"author":{"name":"R\u00e9daction Marseille","@id":"https:\/\/www.pressenza.com\/fr\/#\/schema\/person\/d719331c1178136d115a3492afaa13d2"},"headline":"\u00c0 Marseille : Premi\u00e8re r\u00e9union internationale des villes inform\u00e9es sur le trauma","datePublished":"2025-05-31T22:13:38+00:00","mainEntityOfPage":{"@id":"https:\/\/www.pressenza.com\/fr\/2025\/05\/a-marseille-premiere-reunion-internationale-des-villes-informees-sur-le-trauma\/"},"wordCount":1397,"publisher":{"@id":"https:\/\/www.pressenza.com\/fr\/#organization"},"image":{"@id":"https:\/\/www.pressenza.com\/fr\/2025\/05\/a-marseille-premiere-reunion-internationale-des-villes-informees-sur-le-trauma\/#primaryimage"},"thumbnailUrl":"https:\/\/www.pressenza.com\/wp-content\/uploads\/2025\/05\/ville-informee1.jpg","keywords":["marseille","ville non-violente","villes inform\u00e9es sur le trauma"],"articleSection":["Culture et M\u00e9dias","Diversit\u00e9","Droits humains","Education","Europe","Non-violence"],"inLanguage":"fr-FR"},{"@type":"WebPage","@id":"https:\/\/www.pressenza.com\/fr\/2025\/05\/a-marseille-premiere-reunion-internationale-des-villes-informees-sur-le-trauma\/","url":"https:\/\/www.pressenza.com\/fr\/2025\/05\/a-marseille-premiere-reunion-internationale-des-villes-informees-sur-le-trauma\/","name":"\u00c0 Marseille : Premi\u00e8re r\u00e9union internationale des villes inform\u00e9es sur le trauma","isPartOf":{"@id":"https:\/\/www.pressenza.com\/fr\/#website"},"primaryImageOfPage":{"@id":"https:\/\/www.pressenza.com\/fr\/2025\/05\/a-marseille-premiere-reunion-internationale-des-villes-informees-sur-le-trauma\/#primaryimage"},"image":{"@id":"https:\/\/www.pressenza.com\/fr\/2025\/05\/a-marseille-premiere-reunion-internationale-des-villes-informees-sur-le-trauma\/#primaryimage"},"thumbnailUrl":"https:\/\/www.pressenza.com\/wp-content\/uploads\/2025\/05\/ville-informee1.jpg","datePublished":"2025-05-31T22:13:38+00:00","description":"Ce jeudi 22 mai, dans le quartier de Sainte Marthe \u00e0 Marseille, l\u2019\u00e9quipe de \u00ab\u00a0Marseille, ville non-violente\u00a0\u00bb organisait sa r\u00e9union publique trimestrielle","breadcrumb":{"@id":"https:\/\/www.pressenza.com\/fr\/2025\/05\/a-marseille-premiere-reunion-internationale-des-villes-informees-sur-le-trauma\/#breadcrumb"},"inLanguage":"fr-FR","potentialAction":[{"@type":"ReadAction","target":["https:\/\/www.pressenza.com\/fr\/2025\/05\/a-marseille-premiere-reunion-internationale-des-villes-informees-sur-le-trauma\/"]}]},{"@type":"ImageObject","inLanguage":"fr-FR","@id":"https:\/\/www.pressenza.com\/fr\/2025\/05\/a-marseille-premiere-reunion-internationale-des-villes-informees-sur-le-trauma\/#primaryimage","url":"https:\/\/www.pressenza.com\/wp-content\/uploads\/2025\/05\/ville-informee1.jpg","contentUrl":"https:\/\/www.pressenza.com\/wp-content\/uploads\/2025\/05\/ville-informee1.jpg","width":818,"height":460},{"@type":"BreadcrumbList","@id":"https:\/\/www.pressenza.com\/fr\/2025\/05\/a-marseille-premiere-reunion-internationale-des-villes-informees-sur-le-trauma\/#breadcrumb","itemListElement":[{"@type":"ListItem","position":1,"name":"Accueil","item":"https:\/\/www.pressenza.com\/fr\/"},{"@type":"ListItem","position":2,"name":"\u00c0 Marseille : Premi\u00e8re r\u00e9union internationale des villes inform\u00e9es sur le trauma"}]},{"@type":"WebSite","@id":"https:\/\/www.pressenza.com\/fr\/#website","url":"https:\/\/www.pressenza.com\/fr\/","name":"Pressenza","description":"International Press Agency","publisher":{"@id":"https:\/\/www.pressenza.com\/fr\/#organization"},"potentialAction":[{"@type":"SearchAction","target":{"@type":"EntryPoint","urlTemplate":"https:\/\/www.pressenza.com\/fr\/?s={search_term_string}"},"query-input":{"@type":"PropertyValueSpecification","valueRequired":true,"valueName":"search_term_string"}}],"inLanguage":"fr-FR"},{"@type":"Organization","@id":"https:\/\/www.pressenza.com\/fr\/#organization","name":"Pressenza","url":"https:\/\/www.pressenza.com\/fr\/","logo":{"@type":"ImageObject","inLanguage":"fr-FR","@id":"https:\/\/www.pressenza.com\/fr\/#\/schema\/logo\/image\/","url":"https:\/\/www.pressenza.com\/wp-content\/uploads\/2022\/10\/pressenza_logo_200x200.jpg","contentUrl":"https:\/\/www.pressenza.com\/wp-content\/uploads\/2022\/10\/pressenza_logo_200x200.jpg","width":200,"height":200,"caption":"Pressenza"},"image":{"@id":"https:\/\/www.pressenza.com\/fr\/#\/schema\/logo\/image\/"},"sameAs":["https:\/\/www.facebook.com\/PressenzaItalia","https:\/\/x.com\/PressenzaIPA"]},{"@type":"Person","@id":"https:\/\/www.pressenza.com\/fr\/#\/schema\/person\/d719331c1178136d115a3492afaa13d2","name":"R\u00e9daction Marseille","description":"News publi\u00e9es par le Bureau de Pressenza \u00e0 Marseille.","url":"https:\/\/www.pressenza.com\/fr\/author\/redaction-marseille\/"}]}},"place":"Florent Delaunay, Julia Dessaucy, Laurence Nabitz","original_article_url":"","_links":{"self":[{"href":"https:\/\/www.pressenza.com\/fr\/wp-json\/wp\/v2\/posts\/2608286","targetHints":{"allow":["GET"]}}],"collection":[{"href":"https:\/\/www.pressenza.com\/fr\/wp-json\/wp\/v2\/posts"}],"about":[{"href":"https:\/\/www.pressenza.com\/fr\/wp-json\/wp\/v2\/types\/post"}],"author":[{"embeddable":true,"href":"https:\/\/www.pressenza.com\/fr\/wp-json\/wp\/v2\/users\/2319"}],"replies":[{"embeddable":true,"href":"https:\/\/www.pressenza.com\/fr\/wp-json\/wp\/v2\/comments?post=2608286"}],"version-history":[{"count":0,"href":"https:\/\/www.pressenza.com\/fr\/wp-json\/wp\/v2\/posts\/2608286\/revisions"}],"wp:featuredmedia":[{"embeddable":true,"href":"https:\/\/www.pressenza.com\/fr\/wp-json\/wp\/v2\/media\/2608289"}],"wp:attachment":[{"href":"https:\/\/www.pressenza.com\/fr\/wp-json\/wp\/v2\/media?parent=2608286"}],"wp:term":[{"taxonomy":"category","embeddable":true,"href":"https:\/\/www.pressenza.com\/fr\/wp-json\/wp\/v2\/categories?post=2608286"},{"taxonomy":"post_tag","embeddable":true,"href":"https:\/\/www.pressenza.com\/fr\/wp-json\/wp\/v2\/tags?post=2608286"}],"curies":[{"name":"wp","href":"https:\/\/api.w.org\/{rel}","templated":true}]}}