{"id":2607636,"date":"2025-05-28T21:26:00","date_gmt":"2025-05-28T20:26:00","guid":{"rendered":"https:\/\/www.pressenza.com\/?p=2607636"},"modified":"2025-05-28T21:26:00","modified_gmt":"2025-05-28T20:26:00","slug":"pour-une-cote-divoire-democratique-et-juste","status":"publish","type":"post","link":"https:\/\/www.pressenza.com\/fr\/2025\/05\/pour-une-cote-divoire-democratique-et-juste\/","title":{"rendered":"Pour une C\u00f4te d&rsquo;Ivoire d\u00e9mocratique et juste."},"content":{"rendered":"<p><em>Voici le premier discours de <strong>SIRI Issa <\/strong>au nom du Parti Humaniste ivoirien.\u00a0 Il\u00a0 rappelle la n\u00e9cessaire vigilance pour le respect de la d\u00e9mocratie, dans un contexte \u00e9lectoral ivoirien aux pratiques trop souvent violentes.\u00a0<\/em><\/p>\n<p>Le multipartisme, instaur\u00e9 en C\u00f4te d\u2019Ivoire en 1990, avait pour vocation de garantir les droits de l\u2019homme et de consacrer l\u2019av\u00e8nement de la d\u00e9mocratie. Toutefois, force est de constater qu\u2019il a \u00e9t\u00e9 accompagn\u00e9, depuis son \u00e9mergence, de crises politiques r\u00e9currentes, souvent marqu\u00e9es par des pertes en vies humaines et d\u2019importantes destructions de biens.<\/p>\n<p>Dans ce contexte, certaines d\u00e9cisions judiciaires ayant conduit \u00e0 l\u2019exclusion de candidats lors de scrutins pass\u00e9s furent jug\u00e9es iniques par les int\u00e9ress\u00e9s et leurs partisans. Ironie du sort, ces m\u00eames acteurs, aujourd\u2019hui aux affaires, saluent avec empressement des d\u00e9cisions analogues lorsqu\u2019elles visent leurs adversaires d\u2019hier \u2014 lesquels, \u00e0 leur tour, se r\u00e9jouissaient nagu\u00e8re de leur mise \u00e0 l\u2019\u00e9cart. Ce cycle d\u2019approbation \u00e0 g\u00e9om\u00e9trie variable illustre la fragilit\u00e9 de nos convictions d\u00e9mocratiques.<\/p>\n<p>Si ces pratiques n\u2019avaient aucune incidence sur la vie des populations, on pourrait ais\u00e9ment les rel\u00e9guer au rang de simples \u00e9pisodes de revanche politique. Mais il n\u2019en est rien. Les citoyens, otages impuissants de ces affrontements, en subissent les cons\u00e9quences directes.<br \/>\nLa justice, cens\u00e9e incarner l\u2019\u00e9quit\u00e9 et la protection des libert\u00e9s fondamentales, semble aujourd\u2019hui instrumentalis\u00e9e \u00e0 des fins de r\u00e8glements de comptes personnels, devenant tant\u00f4t un champ de bataille, tant\u00f4t un rempart opportun.<br \/>\nM\u00eame au sein du corps judiciaire, l\u2019impartialit\u00e9 est mise \u00e0 mal : l\u2019interpr\u00e9tation de la loi semble d\u00e9sormais tributaire de l\u2019appartenance politique, jetant un discr\u00e9dit profond sur l\u2019\u00c9tat de droit.<\/p>\n<p>Les voix religieuses, nagu\u00e8re acclam\u00e9es pour leur sagesse et leur neutralit\u00e9 \u2014 \u00e0 l\u2019instar de Monseigneur Jean Salomon Lezouti\u00e9, alors \u00e9v\u00eaque coadjuteur du dioc\u00e8se de Yopougon, se voient musel\u00e9es par des textes de loi restrictifs. Les plus audacieux, ou t\u00e9m\u00e9raires selon les<br \/>\npoints de vue, s\u2019expriment d\u00e9sormais dans l\u2019ombre, sous la menace de repr\u00e9sailles.<br \/>\nNombre de responsables publics, pourtant cens\u00e9s incarner l\u2019exemplarit\u00e9, s\u2019illustrent par leur inconstance, reniant leurs propres d\u00e9clarations avec une l\u00e9g\u00e8ret\u00e9 d\u00e9concertante, au m\u00e9pris de la v\u00e9rit\u00e9 et de la responsabilit\u00e9.<br \/>\nLes jeunes, t\u00e9moins de ces incoh\u00e9rences, traduisent leur exasp\u00e9ration \u00e0 travers des expressions comme \u00ab\u00a0Boulanger \u00ab\u00a0, \u00ab\u00a0il donne d\u00eah\u00a0\u00bb, ou \u00ab\u00a0Dohiman, pour souligner l\u2019inconstance de dirigeants qu\u2019ils aimeraient pourtant pouvoir admirer.<br \/>\nL\u2019ensemble de ces d\u00e9rives annonce un p\u00e9ril \u00e9vident : notre navire national, pourtant face \u00e0 un iceberg visible de tous, semble foncer vers lui sans tenter d\u2019en infl\u00e9chir la trajectoire.<br \/>\nIl est imp\u00e9ratif de rappeler que les exclusions de candidats et les contentieux \u00e9lectoraux ont \u00e9t\u00e9, par le pass\u00e9, les germes de trag\u00e9dies nationales : coup d\u2019\u00c9tat, r\u00e9bellion arm\u00e9e, crises post\u00e9lectorales en 2010 ayant co\u00fbt\u00e9 la vie \u00e0 plus de 3 000 personnes, et en 2020, des violences abominables, \u00e0 l\u2019image de cette t\u00eate humaine utilis\u00e9e comme ballon de football.<\/p>\n<p>Ces drames, encore vifs dans la m\u00e9moire collective, devraient pourtant nous inciter \u00e0 la prudence et \u00e0 la lucidit\u00e9, en tirant les enseignements n\u00e9cessaires pour pr\u00e9venir toute r\u00e9cidive.<br \/>\nChacun appelle de ses v\u0153ux une \u00e9lection apais\u00e9e. Mais avons-nous, v\u00e9ritablement, une conception commune de ce qu\u2019est une \u00e9lection apais\u00e9e ?<br \/>\nPour le Parti Humaniste de C\u00f4te d\u2019Ivoire, une \u00e9lection apais\u00e9e suppose :<b><\/b><\/p>\n<ul>\n<li><b>La participation pleine et enti\u00e8re de tous les candidats, sans exclusion arbitraire ;<\/b><\/li>\n<li><b>Une commission \u00e9lectorale consensuelle et cr\u00e9dible ;<\/b><\/li>\n<li><b>Une liste \u00e9lectorale accept\u00e9e de tous, exempte de contestations;<\/b><\/li>\n<li><b>Et un processus suffisamment transparent pour que l\u2019issue du scrutin ne souffre d\u2019aucune remise en cause.<\/b><\/li>\n<\/ul>\n<p>Or, \u00e0 ce jour, des candidats sont \u00e9cart\u00e9s du processus, la commission \u00e9lectorale et la liste \u00e9lectorale font l\u2019objet de vives critiques de la part de plusieurs acteurs majeurs. Toutes les conditions sont donc r\u00e9unies pour une contestation des r\u00e9sultats, \u00e0 l\u2019issue du scrutin pr\u00e9vu\u00a0pour le 25 octobre 2025.<br \/>\nEn cons\u00e9quence, le Parti Humaniste de C\u00f4te d\u2019Ivoire appelle au respect scrupuleux des d\u00e9cisions de la Cour africaine des droits de l\u2019homme et des peuples, afin de garantir la participation de tous les candidats r\u00e9guli\u00e8rement d\u00e9clar\u00e9s.<br \/>\nNous pr\u00e9conisons \u00e9galement la recherche urgente d\u2019un consensus sur la recomposition de l\u2019organe \u00e9lectoral ainsi qu\u2019une r\u00e9vision transparente de la liste \u00e9lectorale.<br \/>\n<em>Fid\u00e8le \u00e0 ses valeurs de paix, de dialogue et de non-violence, le Parti Humaniste de C\u00f4te d\u2019Ivoire en appelle \u00e0 la responsabilit\u00e9 des leaders politiques, et invite leurs militants \u00e0 adopter, en toute circonstance, une posture pacifique et respectueuse.<\/em><\/p>\n<p>Voici la vid\u00e9o du discours :<\/p>\n<p><iframe loading=\"lazy\" title=\"COMMUNIQUE DU PHCI ELECTION 2025\" width=\"500\" height=\"281\" src=\"https:\/\/www.youtube.com\/embed\/VjWwQ7d2hvY?feature=oembed\" frameborder=\"0\" allow=\"accelerometer; autoplay; clipboard-write; encrypted-media; gyroscope; picture-in-picture; web-share\" referrerpolicy=\"strict-origin-when-cross-origin\" allowfullscreen><\/iframe><\/p>\n<p><strong>Paix \u2013 Force \u2013 Joie<\/strong><br \/>\n<strong>Fait \u00e0 Abidjan, le 27 mai 2025<\/strong><br \/>\n<strong>Pour le Parti Humaniste de C\u00f4te d\u2019Ivoire<\/strong><br \/>\n<strong>Le Pr\u00e9sident<\/strong><br \/>\n<strong>SIRI Issa<\/strong><\/p>\n","protected":false},"excerpt":{"rendered":"<p>Voici le premier discours de SIRI Issa au nom du Parti Humaniste ivoirien.\u00a0 Il\u00a0 rappelle la n\u00e9cessaire vigilance pour le respect de la d\u00e9mocratie, dans un contexte \u00e9lectoral ivoirien aux pratiques trop souvent violentes.\u00a0 Le multipartisme, instaur\u00e9 en C\u00f4te d\u2019Ivoire&hellip;<\/p>\n","protected":false},"author":2484,"featured_media":1872341,"comment_status":"closed","ping_status":"closed","sticky":false,"template":"","format":"standard","meta":{"footnotes":""},"categories":[83,11386,98,1246,1248,93],"tags":[262,3352,298,137407],"class_list":["post-2607636","post","type-post","status-publish","format-standard","has-post-thumbnail","hentry","category-africa-fr","category-contenu-original","category-droits-de-lhomme","category-humanisme-spiritualite","category-nonviolence-sujet","category-politique","tag-democratie","tag-justice","tag-paix","tag-parti-humaniste-ivoirien"],"yoast_head":"<!-- This site is optimized with the Yoast SEO plugin v27.1.1 - https:\/\/yoast.com\/product\/yoast-seo-wordpress\/ -->\n<title>Pour une C\u00f4te d&#039;Ivoire d\u00e9mocratique et juste.<\/title>\n<meta name=\"description\" content=\"Voici le premier discours de SIRI Issa au nom du Parti Humaniste ivoirien.\u00a0 Il\u00a0 rappelle la n\u00e9cessaire vigilance pour le respect de la d\u00e9mocratie, dans un\" \/>\n<meta name=\"robots\" content=\"index, follow, max-snippet:-1, max-image-preview:large, max-video-preview:-1\" \/>\n<link rel=\"canonical\" href=\"https:\/\/www.pressenza.com\/fr\/2025\/05\/pour-une-cote-divoire-democratique-et-juste\/\" \/>\n<meta property=\"og:locale\" content=\"fr_FR\" \/>\n<meta property=\"og:type\" content=\"article\" \/>\n<meta property=\"og:title\" content=\"Pour une C\u00f4te d&#039;Ivoire d\u00e9mocratique et juste.\" \/>\n<meta property=\"og:description\" content=\"Voici le premier discours de SIRI Issa au nom du Parti Humaniste ivoirien.\u00a0 Il\u00a0 rappelle la n\u00e9cessaire vigilance pour le respect de la d\u00e9mocratie, dans un\" \/>\n<meta property=\"og:url\" content=\"https:\/\/www.pressenza.com\/fr\/2025\/05\/pour-une-cote-divoire-democratique-et-juste\/\" \/>\n<meta property=\"og:site_name\" content=\"Pressenza\" \/>\n<meta property=\"article:publisher\" content=\"https:\/\/www.facebook.com\/PressenzaItalia\" \/>\n<meta property=\"article:published_time\" content=\"2025-05-28T20:26:00+00:00\" \/>\n<meta property=\"og:image\" content=\"https:\/\/www.pressenza.com\/wp-content\/uploads\/2013\/01\/Flag_of_Cote_dIvoire.svg_.png\" \/>\n\t<meta property=\"og:image:width\" content=\"450\" \/>\n\t<meta property=\"og:image:height\" content=\"300\" \/>\n\t<meta property=\"og:image:type\" content=\"image\/png\" \/>\n<meta name=\"author\" content=\"Pressenza C\u00f4te d&#039;Ivoire\" \/>\n<meta name=\"twitter:card\" content=\"summary_large_image\" \/>\n<meta name=\"twitter:creator\" content=\"@PressenzaIPA\" \/>\n<meta name=\"twitter:site\" content=\"@PressenzaIPA\" \/>\n<meta name=\"twitter:label1\" content=\"\u00c9crit par\" \/>\n\t<meta name=\"twitter:data1\" content=\"Pressenza C\u00f4te d&#039;Ivoire\" \/>\n\t<meta name=\"twitter:label2\" content=\"Dur\u00e9e de lecture estim\u00e9e\" \/>\n\t<meta name=\"twitter:data2\" content=\"4 minutes\" \/>\n<script type=\"application\/ld+json\" class=\"yoast-schema-graph\">{\"@context\":\"https:\/\/schema.org\",\"@graph\":[{\"@type\":\"Article\",\"@id\":\"https:\/\/www.pressenza.com\/fr\/2025\/05\/pour-une-cote-divoire-democratique-et-juste\/#article\",\"isPartOf\":{\"@id\":\"https:\/\/www.pressenza.com\/fr\/2025\/05\/pour-une-cote-divoire-democratique-et-juste\/\"},\"author\":{\"name\":\"Pressenza C\u00f4te d'Ivoire\",\"@id\":\"https:\/\/www.pressenza.com\/fr\/#\/schema\/person\/2daccc251dee83ecbc5ae4f41b442884\"},\"headline\":\"Pour une C\u00f4te d&rsquo;Ivoire d\u00e9mocratique et juste.\",\"datePublished\":\"2025-05-28T20:26:00+00:00\",\"mainEntityOfPage\":{\"@id\":\"https:\/\/www.pressenza.com\/fr\/2025\/05\/pour-une-cote-divoire-democratique-et-juste\/\"},\"wordCount\":861,\"publisher\":{\"@id\":\"https:\/\/www.pressenza.com\/fr\/#organization\"},\"image\":{\"@id\":\"https:\/\/www.pressenza.com\/fr\/2025\/05\/pour-une-cote-divoire-democratique-et-juste\/#primaryimage\"},\"thumbnailUrl\":\"https:\/\/www.pressenza.com\/wp-content\/uploads\/2013\/01\/Flag_of_Cote_dIvoire.svg_.png\",\"keywords\":[\"D\u00e9mocratie\",\"justice\",\"Paix\",\"Parti Humaniste ivoirien\"],\"articleSection\":[\"Afrique\",\"Contenu Original\",\"Droits humains\",\"Humanisme et Spiritualit\u00e9\",\"Non-violence\",\"Politique\"],\"inLanguage\":\"fr-FR\"},{\"@type\":\"WebPage\",\"@id\":\"https:\/\/www.pressenza.com\/fr\/2025\/05\/pour-une-cote-divoire-democratique-et-juste\/\",\"url\":\"https:\/\/www.pressenza.com\/fr\/2025\/05\/pour-une-cote-divoire-democratique-et-juste\/\",\"name\":\"Pour une C\u00f4te d'Ivoire d\u00e9mocratique et juste.\",\"isPartOf\":{\"@id\":\"https:\/\/www.pressenza.com\/fr\/#website\"},\"primaryImageOfPage\":{\"@id\":\"https:\/\/www.pressenza.com\/fr\/2025\/05\/pour-une-cote-divoire-democratique-et-juste\/#primaryimage\"},\"image\":{\"@id\":\"https:\/\/www.pressenza.com\/fr\/2025\/05\/pour-une-cote-divoire-democratique-et-juste\/#primaryimage\"},\"thumbnailUrl\":\"https:\/\/www.pressenza.com\/wp-content\/uploads\/2013\/01\/Flag_of_Cote_dIvoire.svg_.png\",\"datePublished\":\"2025-05-28T20:26:00+00:00\",\"description\":\"Voici le premier discours de SIRI Issa au nom du Parti Humaniste ivoirien.\u00a0 Il\u00a0 rappelle la n\u00e9cessaire vigilance pour le respect de la d\u00e9mocratie, dans un\",\"breadcrumb\":{\"@id\":\"https:\/\/www.pressenza.com\/fr\/2025\/05\/pour-une-cote-divoire-democratique-et-juste\/#breadcrumb\"},\"inLanguage\":\"fr-FR\",\"potentialAction\":[{\"@type\":\"ReadAction\",\"target\":[\"https:\/\/www.pressenza.com\/fr\/2025\/05\/pour-une-cote-divoire-democratique-et-juste\/\"]}]},{\"@type\":\"ImageObject\",\"inLanguage\":\"fr-FR\",\"@id\":\"https:\/\/www.pressenza.com\/fr\/2025\/05\/pour-une-cote-divoire-democratique-et-juste\/#primaryimage\",\"url\":\"https:\/\/www.pressenza.com\/wp-content\/uploads\/2013\/01\/Flag_of_Cote_dIvoire.svg_.png\",\"contentUrl\":\"https:\/\/www.pressenza.com\/wp-content\/uploads\/2013\/01\/Flag_of_Cote_dIvoire.svg_.png\",\"width\":\"450\",\"height\":\"300\"},{\"@type\":\"BreadcrumbList\",\"@id\":\"https:\/\/www.pressenza.com\/fr\/2025\/05\/pour-une-cote-divoire-democratique-et-juste\/#breadcrumb\",\"itemListElement\":[{\"@type\":\"ListItem\",\"position\":1,\"name\":\"Accueil\",\"item\":\"https:\/\/www.pressenza.com\/fr\/\"},{\"@type\":\"ListItem\",\"position\":2,\"name\":\"Pour une C\u00f4te d&rsquo;Ivoire d\u00e9mocratique et juste.\"}]},{\"@type\":\"WebSite\",\"@id\":\"https:\/\/www.pressenza.com\/fr\/#website\",\"url\":\"https:\/\/www.pressenza.com\/fr\/\",\"name\":\"Pressenza\",\"description\":\"International Press Agency\",\"publisher\":{\"@id\":\"https:\/\/www.pressenza.com\/fr\/#organization\"},\"potentialAction\":[{\"@type\":\"SearchAction\",\"target\":{\"@type\":\"EntryPoint\",\"urlTemplate\":\"https:\/\/www.pressenza.com\/fr\/?s={search_term_string}\"},\"query-input\":{\"@type\":\"PropertyValueSpecification\",\"valueRequired\":true,\"valueName\":\"search_term_string\"}}],\"inLanguage\":\"fr-FR\"},{\"@type\":\"Organization\",\"@id\":\"https:\/\/www.pressenza.com\/fr\/#organization\",\"name\":\"Pressenza\",\"url\":\"https:\/\/www.pressenza.com\/fr\/\",\"logo\":{\"@type\":\"ImageObject\",\"inLanguage\":\"fr-FR\",\"@id\":\"https:\/\/www.pressenza.com\/fr\/#\/schema\/logo\/image\/\",\"url\":\"https:\/\/www.pressenza.com\/wp-content\/uploads\/2022\/10\/pressenza_logo_200x200.jpg\",\"contentUrl\":\"https:\/\/www.pressenza.com\/wp-content\/uploads\/2022\/10\/pressenza_logo_200x200.jpg\",\"width\":200,\"height\":200,\"caption\":\"Pressenza\"},\"image\":{\"@id\":\"https:\/\/www.pressenza.com\/fr\/#\/schema\/logo\/image\/\"},\"sameAs\":[\"https:\/\/www.facebook.com\/PressenzaItalia\",\"https:\/\/x.com\/PressenzaIPA\"]},{\"@type\":\"Person\",\"@id\":\"https:\/\/www.pressenza.com\/fr\/#\/schema\/person\/2daccc251dee83ecbc5ae4f41b442884\",\"name\":\"Pressenza C\u00f4te d'Ivoire\",\"description\":\"News published by the Pressenza Bureau in Ivory Coast\",\"url\":\"https:\/\/www.pressenza.com\/fr\/author\/pressenza-cote-divoire\/\"}]}<\/script>\n<!-- \/ Yoast SEO plugin. -->","yoast_head_json":{"title":"Pour une C\u00f4te d'Ivoire d\u00e9mocratique et juste.","description":"Voici le premier discours de SIRI Issa au nom du Parti Humaniste ivoirien.\u00a0 Il\u00a0 rappelle la n\u00e9cessaire vigilance pour le respect de la d\u00e9mocratie, dans un","robots":{"index":"index","follow":"follow","max-snippet":"max-snippet:-1","max-image-preview":"max-image-preview:large","max-video-preview":"max-video-preview:-1"},"canonical":"https:\/\/www.pressenza.com\/fr\/2025\/05\/pour-une-cote-divoire-democratique-et-juste\/","og_locale":"fr_FR","og_type":"article","og_title":"Pour une C\u00f4te d'Ivoire d\u00e9mocratique et juste.","og_description":"Voici le premier discours de SIRI Issa au nom du Parti Humaniste ivoirien.\u00a0 Il\u00a0 rappelle la n\u00e9cessaire vigilance pour le respect de la d\u00e9mocratie, dans un","og_url":"https:\/\/www.pressenza.com\/fr\/2025\/05\/pour-une-cote-divoire-democratique-et-juste\/","og_site_name":"Pressenza","article_publisher":"https:\/\/www.facebook.com\/PressenzaItalia","article_published_time":"2025-05-28T20:26:00+00:00","og_image":[{"width":450,"height":300,"url":"https:\/\/www.pressenza.com\/wp-content\/uploads\/2013\/01\/Flag_of_Cote_dIvoire.svg_.png","type":"image\/png"}],"author":"Pressenza C\u00f4te d'Ivoire","twitter_card":"summary_large_image","twitter_creator":"@PressenzaIPA","twitter_site":"@PressenzaIPA","twitter_misc":{"\u00c9crit par":"Pressenza C\u00f4te d'Ivoire","Dur\u00e9e de lecture estim\u00e9e":"4 minutes"},"schema":{"@context":"https:\/\/schema.org","@graph":[{"@type":"Article","@id":"https:\/\/www.pressenza.com\/fr\/2025\/05\/pour-une-cote-divoire-democratique-et-juste\/#article","isPartOf":{"@id":"https:\/\/www.pressenza.com\/fr\/2025\/05\/pour-une-cote-divoire-democratique-et-juste\/"},"author":{"name":"Pressenza C\u00f4te d'Ivoire","@id":"https:\/\/www.pressenza.com\/fr\/#\/schema\/person\/2daccc251dee83ecbc5ae4f41b442884"},"headline":"Pour une C\u00f4te d&rsquo;Ivoire d\u00e9mocratique et juste.","datePublished":"2025-05-28T20:26:00+00:00","mainEntityOfPage":{"@id":"https:\/\/www.pressenza.com\/fr\/2025\/05\/pour-une-cote-divoire-democratique-et-juste\/"},"wordCount":861,"publisher":{"@id":"https:\/\/www.pressenza.com\/fr\/#organization"},"image":{"@id":"https:\/\/www.pressenza.com\/fr\/2025\/05\/pour-une-cote-divoire-democratique-et-juste\/#primaryimage"},"thumbnailUrl":"https:\/\/www.pressenza.com\/wp-content\/uploads\/2013\/01\/Flag_of_Cote_dIvoire.svg_.png","keywords":["D\u00e9mocratie","justice","Paix","Parti Humaniste ivoirien"],"articleSection":["Afrique","Contenu Original","Droits humains","Humanisme et Spiritualit\u00e9","Non-violence","Politique"],"inLanguage":"fr-FR"},{"@type":"WebPage","@id":"https:\/\/www.pressenza.com\/fr\/2025\/05\/pour-une-cote-divoire-democratique-et-juste\/","url":"https:\/\/www.pressenza.com\/fr\/2025\/05\/pour-une-cote-divoire-democratique-et-juste\/","name":"Pour une C\u00f4te d'Ivoire d\u00e9mocratique et juste.","isPartOf":{"@id":"https:\/\/www.pressenza.com\/fr\/#website"},"primaryImageOfPage":{"@id":"https:\/\/www.pressenza.com\/fr\/2025\/05\/pour-une-cote-divoire-democratique-et-juste\/#primaryimage"},"image":{"@id":"https:\/\/www.pressenza.com\/fr\/2025\/05\/pour-une-cote-divoire-democratique-et-juste\/#primaryimage"},"thumbnailUrl":"https:\/\/www.pressenza.com\/wp-content\/uploads\/2013\/01\/Flag_of_Cote_dIvoire.svg_.png","datePublished":"2025-05-28T20:26:00+00:00","description":"Voici le premier discours de SIRI Issa au nom du Parti Humaniste ivoirien.\u00a0 Il\u00a0 rappelle la n\u00e9cessaire vigilance pour le respect de la d\u00e9mocratie, dans un","breadcrumb":{"@id":"https:\/\/www.pressenza.com\/fr\/2025\/05\/pour-une-cote-divoire-democratique-et-juste\/#breadcrumb"},"inLanguage":"fr-FR","potentialAction":[{"@type":"ReadAction","target":["https:\/\/www.pressenza.com\/fr\/2025\/05\/pour-une-cote-divoire-democratique-et-juste\/"]}]},{"@type":"ImageObject","inLanguage":"fr-FR","@id":"https:\/\/www.pressenza.com\/fr\/2025\/05\/pour-une-cote-divoire-democratique-et-juste\/#primaryimage","url":"https:\/\/www.pressenza.com\/wp-content\/uploads\/2013\/01\/Flag_of_Cote_dIvoire.svg_.png","contentUrl":"https:\/\/www.pressenza.com\/wp-content\/uploads\/2013\/01\/Flag_of_Cote_dIvoire.svg_.png","width":"450","height":"300"},{"@type":"BreadcrumbList","@id":"https:\/\/www.pressenza.com\/fr\/2025\/05\/pour-une-cote-divoire-democratique-et-juste\/#breadcrumb","itemListElement":[{"@type":"ListItem","position":1,"name":"Accueil","item":"https:\/\/www.pressenza.com\/fr\/"},{"@type":"ListItem","position":2,"name":"Pour une C\u00f4te d&rsquo;Ivoire d\u00e9mocratique et juste."}]},{"@type":"WebSite","@id":"https:\/\/www.pressenza.com\/fr\/#website","url":"https:\/\/www.pressenza.com\/fr\/","name":"Pressenza","description":"International Press Agency","publisher":{"@id":"https:\/\/www.pressenza.com\/fr\/#organization"},"potentialAction":[{"@type":"SearchAction","target":{"@type":"EntryPoint","urlTemplate":"https:\/\/www.pressenza.com\/fr\/?s={search_term_string}"},"query-input":{"@type":"PropertyValueSpecification","valueRequired":true,"valueName":"search_term_string"}}],"inLanguage":"fr-FR"},{"@type":"Organization","@id":"https:\/\/www.pressenza.com\/fr\/#organization","name":"Pressenza","url":"https:\/\/www.pressenza.com\/fr\/","logo":{"@type":"ImageObject","inLanguage":"fr-FR","@id":"https:\/\/www.pressenza.com\/fr\/#\/schema\/logo\/image\/","url":"https:\/\/www.pressenza.com\/wp-content\/uploads\/2022\/10\/pressenza_logo_200x200.jpg","contentUrl":"https:\/\/www.pressenza.com\/wp-content\/uploads\/2022\/10\/pressenza_logo_200x200.jpg","width":200,"height":200,"caption":"Pressenza"},"image":{"@id":"https:\/\/www.pressenza.com\/fr\/#\/schema\/logo\/image\/"},"sameAs":["https:\/\/www.facebook.com\/PressenzaItalia","https:\/\/x.com\/PressenzaIPA"]},{"@type":"Person","@id":"https:\/\/www.pressenza.com\/fr\/#\/schema\/person\/2daccc251dee83ecbc5ae4f41b442884","name":"Pressenza C\u00f4te d'Ivoire","description":"News published by the Pressenza Bureau in Ivory Coast","url":"https:\/\/www.pressenza.com\/fr\/author\/pressenza-cote-divoire\/"}]}},"place":"C\u00f4te d'Ivoire","original_article_url":"","_links":{"self":[{"href":"https:\/\/www.pressenza.com\/fr\/wp-json\/wp\/v2\/posts\/2607636","targetHints":{"allow":["GET"]}}],"collection":[{"href":"https:\/\/www.pressenza.com\/fr\/wp-json\/wp\/v2\/posts"}],"about":[{"href":"https:\/\/www.pressenza.com\/fr\/wp-json\/wp\/v2\/types\/post"}],"author":[{"embeddable":true,"href":"https:\/\/www.pressenza.com\/fr\/wp-json\/wp\/v2\/users\/2484"}],"replies":[{"embeddable":true,"href":"https:\/\/www.pressenza.com\/fr\/wp-json\/wp\/v2\/comments?post=2607636"}],"version-history":[{"count":0,"href":"https:\/\/www.pressenza.com\/fr\/wp-json\/wp\/v2\/posts\/2607636\/revisions"}],"wp:featuredmedia":[{"embeddable":true,"href":"https:\/\/www.pressenza.com\/fr\/wp-json\/wp\/v2\/media\/1872341"}],"wp:attachment":[{"href":"https:\/\/www.pressenza.com\/fr\/wp-json\/wp\/v2\/media?parent=2607636"}],"wp:term":[{"taxonomy":"category","embeddable":true,"href":"https:\/\/www.pressenza.com\/fr\/wp-json\/wp\/v2\/categories?post=2607636"},{"taxonomy":"post_tag","embeddable":true,"href":"https:\/\/www.pressenza.com\/fr\/wp-json\/wp\/v2\/tags?post=2607636"}],"curies":[{"name":"wp","href":"https:\/\/api.w.org\/{rel}","templated":true}]}}