{"id":2599752,"date":"2025-04-24T23:17:47","date_gmt":"2025-04-24T22:17:47","guid":{"rendered":"https:\/\/www.pressenza.com\/?p=2599752"},"modified":"2025-04-24T23:17:47","modified_gmt":"2025-04-24T22:17:47","slug":"crise-et-revolution-non-violente","status":"publish","type":"post","link":"https:\/\/www.pressenza.com\/fr\/2025\/04\/crise-et-revolution-non-violente\/","title":{"rendered":"Crise et r\u00e9volution non-violente"},"content":{"rendered":"<p><strong>Contexte d&rsquo;acc\u00e9l\u00e9ration croissante<\/strong><\/p>\n<p>Au niveau mondial, nous vivons un moment social, politique et \u00e9conomique qui s&rsquo;acc\u00e9l\u00e8re \u00e0 un rythme exponentiel, qui ne ralentira pas, mais qui au contraire augmentera.<\/p>\n<p>Par exemple, \u00ab aujourd&rsquo;hui \u00bb, chaque nouvelle technologie a pour principale motivation de contribuer \u00e0 am\u00e9liorer l&rsquo;acc\u00e9l\u00e9ration des temps de r\u00e9ponse \u00e0 un besoin ou \u00e0 un domaine sp\u00e9cifique de votre activit\u00e9. Dans le m\u00eame temps, le nombre de domaines de recherche, de d\u00e9veloppement et de mise en \u0153uvre technologique augmente de jour en jour, d&rsquo;heure en heure, de minute en minute ; en une expansion sans contr\u00f4le, avec des vases communicants insuffisants g\u00e9n\u00e9rant une \u00ab tour de Babel \u00bb qui laisse souvent des produits obsol\u00e8tes avant m\u00eame leur commercialisation, parce qu&rsquo;une autre technologie parall\u00e8le a \u00ab chang\u00e9 le monde \u00bb vers un autre concept et une autre fa\u00e7on de vivre la vie quotidienne pour lesquels un tel produit \u00ab ne fonctionne d\u00e9j\u00e0 plus \u00bb. Ce ph\u00e9nom\u00e8ne s&rsquo;applique \u00e0 tous les domaines de l&rsquo;activit\u00e9 humaine.<\/p>\n<p><strong>Un monde inconnu que nous ne pouvons pas saisir<\/strong><\/p>\n<p>Il est essentiel de prendre en compte le contexte de l&rsquo;acc\u00e9l\u00e9ration des temps et ses implications lors de l&rsquo;analyse de la situation sociale, politique et \u00e9conomique aux niveaux mondial, continental et national. Un tel contexte se traduit par une perplexit\u00e9 croissante de la population et de ses \u00ab dirigeants \u00bb face \u00e0 l&rsquo;\u00e9volution du sc\u00e9nario, et des termes tels que \u00ab sc\u00e9nario en cours \u00bb et autres se multiplient , qui sont des euph\u00e9mismes de : \u00ab nous ne savons pas ce qui se passe, ni pourquoi, ni ce qui se passera \u00e0 court, moyen et long terme \u00bb.<\/p>\n<p>Ainsi, nous apprenons que les \u00ab d\u00e9veloppements nationaux r\u00e9ussis \u00bb ne sont plus li\u00e9s \u00e0 la d\u00e9mocratie lib\u00e9rale (les cas de la Chine, l&rsquo;Inde et la Russie). Que l&rsquo;ultra-droite est en train de mettre en \u0153uvre la r\u00e9duction syst\u00e9mique de l&rsquo;\u00c9tat-nation avec l&rsquo;approbation des majorit\u00e9s citoyennes, ou comme on les appelle aujourd\u2019hui : le public, ou les consommateurs. (Cas des Etats-Unis, de l&rsquo;Argentine et bient\u00f4t de l&rsquo;UE dans son plan de \u00ab sauvetage \u00bb militariste). Nous avons \u00e9galement appris qu&rsquo;il n&rsquo;y aura plus de \u00ab libre-\u00e9change \u00bb, plus de souverainet\u00e9, plus de d\u00e9mocratie lib\u00e9rale comme ce fut le cas jusqu&rsquo;\u00e0 pr\u00e9sent ; et que le commerce sera domin\u00e9 par le soutien militaire de chaque superpuissance,\u00a0 que les territoires \u00e9trangers seront envahis et usurp\u00e9s par la force,\u00a0 que le lib\u00e9ralisme sera \u00ab prot\u00e9g\u00e9 \u00bb en restreignant la presse, les organisations et les personnalit\u00e9s dissidentes dangereuses pour l&rsquo;Occident lib\u00e9ral.<\/p>\n<p>Dans le m\u00eame contexte, il nous appara\u00eet clairement que la position politique en faveur de la diplomatie pour arr\u00eater la guerre et construire la paix, n&rsquo;est en r\u00e9alit\u00e9 qu&rsquo;une apparence qui cache l&rsquo;antis\u00e9mitisme, le soutien \u00e0 Poutine et le d\u00e9sir de d\u00e9truire la d\u00e9mocratie occidentale, et que par cons\u00e9quent, ces voix pacifistes doivent \u00eatre retir\u00e9es des m\u00e9dias de masse, des r\u00e9seaux sociaux, pers\u00e9cut\u00e9es, emprisonn\u00e9es et finalement extermin\u00e9es au nom du bien commun du \u00ab monde civilis\u00e9 \u00bb.<\/p>\n<p>Nous avons \u00e9galement \u00e9t\u00e9 inform\u00e9s que les programmes visant \u00e0 mettre fin aux abus vitaux dont sont victimes les femmes, la dissidence sexuelle, les peuples autochtones, les enfants et les adolescents, constituent en r\u00e9alit\u00e9 un \u00ab exc\u00e8s identitaire \u00bb inacceptable, qui s&rsquo;attaque aux fondements traditionnels, religieux et historiques de la nation, et que par cons\u00e9quent, sur la base de la \u00ab l\u00e9gitime d\u00e9fense \u00bb, la violence est utilis\u00e9e pour faire taire, d\u00e9grader, et \u00e9liminer ses r\u00e9f\u00e9rents, en tant que protection du bien commun de la soci\u00e9t\u00e9 nationale affect\u00e9e.<\/p>\n<p><strong>L&rsquo;\u00c9tat et son processus de d\u00e9sint\u00e9gration<\/strong><\/p>\n<p>Prenons l&rsquo;exemple de l&rsquo;\u00c9tat chilien, un pays o\u00f9 le n\u00e9olib\u00e9ralisme a progress\u00e9 \u00e0 l&rsquo;extr\u00eame sous le couvert de la dictature civilo-militaire. Aujourd&rsquo;hui, ce pays conna\u00eet un processus de d\u00e9sint\u00e9gration de l&rsquo;\u00c9tat, o\u00f9 les services et les entit\u00e9s publics sont d\u00e9mantel\u00e9s, et financ\u00e9s quotidiennement, transf\u00e9rant les responsabilit\u00e9s ex\u00e9cutives \u00e0 des entreprises priv\u00e9es qui concentrent le pouvoir \u00e9conomique et politique, subordonnant les droits et la vie sociale aux pr\u00e9tendues lois du march\u00e9, qui sont assur\u00e9ment les int\u00e9r\u00eats de l&rsquo;\u00e9lite. Ainsi, les questions centrales du pays et les services de base de la soci\u00e9t\u00e9 chilienne sont en train d&rsquo;\u00eatre privatis\u00e9s, un ph\u00e9nom\u00e8ne en augmentation et un pilier de la doctrine n\u00e9olib\u00e9rale mise en \u0153uvre, laissant le contr\u00f4le entre les mains de groupes \u00e9conomiques qui ne cr\u00e9ent et ne font des affaires qu&rsquo;avec les n\u00e9cessit\u00e9s de la population. Dans un tel sc\u00e9nario, l&rsquo;\u00c9tat est r\u00e9duit \u00e0 une ent\u00e9l\u00e9chie (NdT <em>: \u00c9tat de parfait accomplissement de l&rsquo;\u00eatre, sommet du d\u00e9veloppement organique<\/em>) utilis\u00e9e pour sauver les int\u00e9r\u00eats des riches, dans les moments o\u00f9 ils subissent des crises \u00e9conomiques.<\/p>\n<p>Actuellement, au Chili, l&rsquo;\u00ab\u00c9tat entreprise\u00bb s&rsquo;est vu attribuer la gestion de l&rsquo;\u00e9lectricit\u00e9, de l&rsquo;eau, des banques, de la sant\u00e9, de l&rsquo;\u00e9ducation, des fonds de pension, de la t\u00e9l\u00e9phonie mobile, de la radio, de la t\u00e9l\u00e9vision et des m\u00e9dias num\u00e9riques, des transports, des produits pharmaceutiques, de la s\u00e9curit\u00e9 priv\u00e9e, de la p\u00eache, de la sylviculture, de l&rsquo;agriculture, de l&rsquo;exploitation mini\u00e8re et de la construction, ainsi que de la production et de la commercialisation des denr\u00e9es alimentaires essentielles, entre autres.<\/p>\n<p>Dans ce contexte, o\u00f9 l&rsquo;\u00e9conomie est r\u00e9gie par le march\u00e9 et o\u00f9 l&rsquo;entreprise priv\u00e9e couvre tous les domaines de la vie humaine, le pouvoir \u00e9tatique, c&rsquo;est-\u00e0-dire l&rsquo;ing\u00e9rence et la capacit\u00e9 d&rsquo;action de l&rsquo;\u00c9tat, est minimal, son r\u00f4le se limitant \u00e0 r\u00e9guler le march\u00e9 et \u00e0 corriger les probl\u00e8mes d&rsquo;allocation des ressources, raison pour laquelle nous parlons aujourd&rsquo;hui de \u00ab l&rsquo;Administration \u00bb.<\/p>\n<p>Tout gouvernement, quelle que soit sa latitude, dont les programmes placent la durabilit\u00e9 de la vie, les soins aux personnes et aux communaut\u00e9s au centre de la soci\u00e9t\u00e9, se heurte au statu quo, ce qui rend impossible la r\u00e9alisation de transformations profondes du mod\u00e8le politique, \u00e9conomique et social.<\/p>\n<p><strong>Le signe des gouvernements \u00e0 l&rsquo;\u00e8re des gauches impr\u00e9cises<\/strong><\/p>\n<p>Drapeaux et banderoles flottants, comme avant, brandis et tenus par le militantisme des partis des gauches qui parviennent \u00e0 atteindre les gouvernements pour tout changer, sans rien changer. Les gauches de la r\u00e9gion, de l&rsquo;Am\u00e9rique centrale et de l&rsquo;Am\u00e9rique du Sud, qui sont arriv\u00e9es au pouvoir avec des projets des discours et des r\u00e9cits plut\u00f4t flous et hybrides, et avec le cancer de la corruption au c\u0153ur.<\/p>\n<p>Dans le cas du Chili, les espoirs et les attentes de la population ont \u00e9t\u00e9 an\u00e9antis par un conglom\u00e9rat qui s&rsquo;est pr\u00e9sent\u00e9 comme la g\u00e9n\u00e9ration du renouveau et du changement. Il est venu donner un nouvel \u00e9lan \u00e0 l&rsquo;\u00c9tat, apr\u00e8s des ann\u00e9es de jibarisation et de d\u00e9mant\u00e8lement aux mains des pseudo-gauchistes pendant 30 ans avec la co-gouvernance des droites, transformant l&rsquo;\u00c9tat en \u00ab butin \u00bb pour les politiciens du jour, avec la corruption et l&rsquo;impunit\u00e9 des puissants comme \u00ab pain quotidien \u00bb ; ils favorisent des cycles \u00e9lectoraux politiques \u00e0 oscillation tr\u00e8s courte, qui oscillent entre eux et la droite (\u00e9conomique, politique et maintenant libertaire), dont la mission est d&rsquo;arracher et de d\u00e9poss\u00e9der le peuple des quelques droits qu&rsquo;il a encore, et qui sont maintenus, malgr\u00e9 le peu ou l&rsquo;absence de d\u00e9fense de ceux-ci, par les gauchistes qui arrivent au pouvoir.<\/p>\n<p>Ainsi, ce type de gauche, avec ses mauvais gouvernements, a donn\u00e9 lieu \u00e0 l&rsquo;\u00e9mergence de leaderships enclins au culte du chef de la droite caverneuse, court-termiste et pragmatique. Ces droites 2.0 du 21\u00e8me si\u00e8cle se manifestent sous des formes et des styles messianiques, brandissant les faux \u00e9tendards de la s\u00e9curit\u00e9 et des soins de sant\u00e9, de l&rsquo;\u00e9ducation et des retraites aux mains du priv\u00e9 (sp\u00e9culateurs financiers) comme la solution \u00e0 tous les maux contemporains. Avec des discours et des pratiques de violence qui accentuent l&rsquo;abandon, la n\u00e9gligence et l&rsquo;impuissance des populations et de leurs besoins vitaux.<\/p>\n<p><strong>Le paradigme en cours de construction<\/strong><\/p>\n<p>Nous savons qu&rsquo;il s&rsquo;agit d&rsquo;un moment de crise, qui pourrait signifier la fin d&rsquo;un chapitre de l&rsquo;histoire humaine et l&rsquo;ouverture d&rsquo;une possibilit\u00e9 future qui, si nous l&rsquo;orientons dans la bonne direction, permettrait la construction d&rsquo;un nouveau moment pour l&rsquo;humanit\u00e9.<\/p>\n<p>Nous vivons aujourd&rsquo;hui une p\u00e9riode d&rsquo;une grande production de richesses. La technologie a g\u00e9n\u00e9r\u00e9 des niveaux de production plan\u00e9taire plus \u00e9lev\u00e9s qu&rsquo;\u00e0 n&rsquo;importe quel autre moment de l&rsquo;histoire. Cette richesse a \u00e9t\u00e9 historiquement produite par l&rsquo;asservissement de nombreuses personnes et le pillage de la nature dans diff\u00e9rentes parties du monde, en particulier en Asie, en Afrique et en Am\u00e9rique latine. C&rsquo;est le mod\u00e8le extractiviste et la pr\u00e9carisation de l&#8217;emploi qui ont g\u00e9n\u00e9r\u00e9 une accumulation importante de richesses dans les \u00c9tats colonialistes et dans certains groupes d&rsquo;\u00e9lite de la soci\u00e9t\u00e9, et \u00e0 l&rsquo;\u00e9gard desquels nous avons \u00e9t\u00e9 tr\u00e8s critiques.<\/p>\n<p>A son tour, la technologie a augment\u00e9 les niveaux de ch\u00f4mage, car elle a remplac\u00e9 des emplois pr\u00e9c\u00e9demment occup\u00e9s par des personnes, ce qui a conduit \u00e0 une d\u00e9stabilisation de la dimension travail de la vie et, en m\u00eame temps, \u00e0 une augmentation de la richesse accumul\u00e9e entre peu de mains.<\/p>\n<p>Un changement important s&rsquo;annonce, et cette soci\u00e9t\u00e9 doit prendre une d\u00e9cision qui garantisse la reconnaissance du fait que la dignit\u00e9 humaine est constitu\u00e9e par chaque personne, du simple fait de na\u00eetre, de se voit garantir une subsistance \u00e0 des niveaux comparables \u00e0 cette condition. C&rsquo;est la qu\u00eate qui guide l&rsquo;Humanisme Universaliste, la construction d&rsquo;une proposition de sortie de ce mod\u00e8le qui tombe en lambeaux. Et aussi la conviction de la n\u00e9cessit\u00e9 de trouver un chemin pour r\u00e9aliser la Nation Humaine Universelle, le monde sans fronti\u00e8res auquel nous aspirons, la vision du futur qui motive les humanistes, avec toutes les bonnes volont\u00e9s, en tous lieux sur la plan\u00e8te.<\/p>\n<p><em>R\u00e9daction collaborative de M. Ang\u00e9lica Alvear Montecinos ; Guillermo Garc\u00e9s Parada ; C\u00e9sar Anguita Sanhueza et Ricardo Lisboa Henr\u00edquez. Commission de l&rsquo;opinion publique<\/em><\/p>\n<p>&nbsp;<\/p>\n<p><em>Traduit de l&rsquo;espagnol par Ginette Baudelet<\/em><\/p>\n","protected":false},"excerpt":{"rendered":"<p>Contexte d&rsquo;acc\u00e9l\u00e9ration croissante Au niveau mondial, nous vivons un moment social, politique et \u00e9conomique qui s&rsquo;acc\u00e9l\u00e8re \u00e0 un rythme exponentiel, qui ne ralentira pas, mais qui au contraire augmentera. Par exemple, \u00ab aujourd&rsquo;hui \u00bb, chaque nouvelle technologie a pour principale&hellip;<\/p>\n","protected":false},"author":386,"featured_media":2599761,"comment_status":"closed","ping_status":"closed","sticky":false,"template":"","format":"standard","meta":{"footnotes":""},"categories":[86,151,11386,93],"tags":[573,258,22212,8742],"class_list":["post-2599752","post","type-post","status-publish","format-standard","has-post-thumbnail","hentry","category-amerique-du-sud","category-communique-de-presse","category-contenu-original","category-politique","tag-chili","tag-crise","tag-politique","tag-revolution-non-violente"],"yoast_head":"<!-- This site is optimized with the Yoast SEO plugin v27.1.1 - https:\/\/yoast.com\/product\/yoast-seo-wordpress\/ -->\n<title>Crise et r\u00e9volution non-violente<\/title>\n<meta name=\"description\" content=\"Contexte d&#039;acc\u00e9l\u00e9ration croissante Au niveau mondial, nous vivons un moment social, politique et \u00e9conomique qui s&#039;acc\u00e9l\u00e8re \u00e0 un rythme exponentiel, qui ne\" \/>\n<meta name=\"robots\" content=\"index, follow, max-snippet:-1, max-image-preview:large, max-video-preview:-1\" \/>\n<link rel=\"canonical\" href=\"https:\/\/www.pressenza.com\/fr\/2025\/04\/crise-et-revolution-non-violente\/\" \/>\n<meta property=\"og:locale\" content=\"fr_FR\" \/>\n<meta property=\"og:type\" content=\"article\" \/>\n<meta property=\"og:title\" content=\"Crise et r\u00e9volution non-violente\" \/>\n<meta property=\"og:description\" content=\"Contexte d&#039;acc\u00e9l\u00e9ration croissante Au niveau mondial, nous vivons un moment social, politique et \u00e9conomique qui s&#039;acc\u00e9l\u00e8re \u00e0 un rythme exponentiel, qui ne\" \/>\n<meta property=\"og:url\" content=\"https:\/\/www.pressenza.com\/fr\/2025\/04\/crise-et-revolution-non-violente\/\" \/>\n<meta property=\"og:site_name\" content=\"Pressenza\" \/>\n<meta property=\"article:publisher\" content=\"https:\/\/www.facebook.com\/PressenzaItalia\" \/>\n<meta property=\"article:author\" content=\"https:\/\/www.facebook.com\/PartidoHumanistaChile?fref=ts\" \/>\n<meta property=\"article:published_time\" content=\"2025-04-24T22:17:47+00:00\" \/>\n<meta property=\"og:image\" content=\"https:\/\/www.pressenza.com\/wp-content\/uploads\/2025\/03\/Tiranopapel_Javiera-Consuelo.png\" \/>\n\t<meta property=\"og:image:width\" content=\"1080\" \/>\n\t<meta property=\"og:image:height\" content=\"1080\" \/>\n\t<meta property=\"og:image:type\" content=\"image\/png\" \/>\n<meta name=\"author\" content=\"Partido Humanista de Chile\" \/>\n<meta name=\"twitter:card\" content=\"summary_large_image\" \/>\n<meta name=\"twitter:creator\" content=\"@phumanista\" \/>\n<meta name=\"twitter:site\" content=\"@PressenzaIPA\" \/>\n<meta name=\"twitter:label1\" content=\"\u00c9crit par\" \/>\n\t<meta name=\"twitter:data1\" content=\"Partido Humanista de Chile\" \/>\n\t<meta name=\"twitter:label2\" content=\"Dur\u00e9e de lecture estim\u00e9e\" \/>\n\t<meta name=\"twitter:data2\" content=\"8 minutes\" \/>\n<script type=\"application\/ld+json\" class=\"yoast-schema-graph\">{\"@context\":\"https:\/\/schema.org\",\"@graph\":[{\"@type\":\"Article\",\"@id\":\"https:\/\/www.pressenza.com\/fr\/2025\/04\/crise-et-revolution-non-violente\/#article\",\"isPartOf\":{\"@id\":\"https:\/\/www.pressenza.com\/fr\/2025\/04\/crise-et-revolution-non-violente\/\"},\"author\":{\"name\":\"Partido Humanista de Chile\",\"@id\":\"https:\/\/www.pressenza.com\/fr\/#\/schema\/person\/21472c42980bab786ff5a256b8239bf5\"},\"headline\":\"Crise et r\u00e9volution non-violente\",\"datePublished\":\"2025-04-24T22:17:47+00:00\",\"mainEntityOfPage\":{\"@id\":\"https:\/\/www.pressenza.com\/fr\/2025\/04\/crise-et-revolution-non-violente\/\"},\"wordCount\":1811,\"publisher\":{\"@id\":\"https:\/\/www.pressenza.com\/fr\/#organization\"},\"image\":{\"@id\":\"https:\/\/www.pressenza.com\/fr\/2025\/04\/crise-et-revolution-non-violente\/#primaryimage\"},\"thumbnailUrl\":\"https:\/\/www.pressenza.com\/wp-content\/uploads\/2025\/03\/Tiranopapel_Javiera-Consuelo.png\",\"keywords\":[\"Chili\",\"crise\",\"Politique\",\"r\u00e9volution non-violente\"],\"articleSection\":[\"Am\u00e9rique du Sud\",\"Communiqu\u00e9s de Presse\",\"Contenu Original\",\"Politique\"],\"inLanguage\":\"fr-FR\"},{\"@type\":\"WebPage\",\"@id\":\"https:\/\/www.pressenza.com\/fr\/2025\/04\/crise-et-revolution-non-violente\/\",\"url\":\"https:\/\/www.pressenza.com\/fr\/2025\/04\/crise-et-revolution-non-violente\/\",\"name\":\"Crise et r\u00e9volution non-violente\",\"isPartOf\":{\"@id\":\"https:\/\/www.pressenza.com\/fr\/#website\"},\"primaryImageOfPage\":{\"@id\":\"https:\/\/www.pressenza.com\/fr\/2025\/04\/crise-et-revolution-non-violente\/#primaryimage\"},\"image\":{\"@id\":\"https:\/\/www.pressenza.com\/fr\/2025\/04\/crise-et-revolution-non-violente\/#primaryimage\"},\"thumbnailUrl\":\"https:\/\/www.pressenza.com\/wp-content\/uploads\/2025\/03\/Tiranopapel_Javiera-Consuelo.png\",\"datePublished\":\"2025-04-24T22:17:47+00:00\",\"description\":\"Contexte d'acc\u00e9l\u00e9ration croissante Au niveau mondial, nous vivons un moment social, politique et \u00e9conomique qui s'acc\u00e9l\u00e8re \u00e0 un rythme exponentiel, qui ne\",\"breadcrumb\":{\"@id\":\"https:\/\/www.pressenza.com\/fr\/2025\/04\/crise-et-revolution-non-violente\/#breadcrumb\"},\"inLanguage\":\"fr-FR\",\"potentialAction\":[{\"@type\":\"ReadAction\",\"target\":[\"https:\/\/www.pressenza.com\/fr\/2025\/04\/crise-et-revolution-non-violente\/\"]}]},{\"@type\":\"ImageObject\",\"inLanguage\":\"fr-FR\",\"@id\":\"https:\/\/www.pressenza.com\/fr\/2025\/04\/crise-et-revolution-non-violente\/#primaryimage\",\"url\":\"https:\/\/www.pressenza.com\/wp-content\/uploads\/2025\/03\/Tiranopapel_Javiera-Consuelo.png\",\"contentUrl\":\"https:\/\/www.pressenza.com\/wp-content\/uploads\/2025\/03\/Tiranopapel_Javiera-Consuelo.png\",\"width\":1080,\"height\":1080},{\"@type\":\"BreadcrumbList\",\"@id\":\"https:\/\/www.pressenza.com\/fr\/2025\/04\/crise-et-revolution-non-violente\/#breadcrumb\",\"itemListElement\":[{\"@type\":\"ListItem\",\"position\":1,\"name\":\"Accueil\",\"item\":\"https:\/\/www.pressenza.com\/fr\/\"},{\"@type\":\"ListItem\",\"position\":2,\"name\":\"Crise et r\u00e9volution non-violente\"}]},{\"@type\":\"WebSite\",\"@id\":\"https:\/\/www.pressenza.com\/fr\/#website\",\"url\":\"https:\/\/www.pressenza.com\/fr\/\",\"name\":\"Pressenza\",\"description\":\"International Press Agency\",\"publisher\":{\"@id\":\"https:\/\/www.pressenza.com\/fr\/#organization\"},\"potentialAction\":[{\"@type\":\"SearchAction\",\"target\":{\"@type\":\"EntryPoint\",\"urlTemplate\":\"https:\/\/www.pressenza.com\/fr\/?s={search_term_string}\"},\"query-input\":{\"@type\":\"PropertyValueSpecification\",\"valueRequired\":true,\"valueName\":\"search_term_string\"}}],\"inLanguage\":\"fr-FR\"},{\"@type\":\"Organization\",\"@id\":\"https:\/\/www.pressenza.com\/fr\/#organization\",\"name\":\"Pressenza\",\"url\":\"https:\/\/www.pressenza.com\/fr\/\",\"logo\":{\"@type\":\"ImageObject\",\"inLanguage\":\"fr-FR\",\"@id\":\"https:\/\/www.pressenza.com\/fr\/#\/schema\/logo\/image\/\",\"url\":\"https:\/\/www.pressenza.com\/wp-content\/uploads\/2022\/10\/pressenza_logo_200x200.jpg\",\"contentUrl\":\"https:\/\/www.pressenza.com\/wp-content\/uploads\/2022\/10\/pressenza_logo_200x200.jpg\",\"width\":200,\"height\":200,\"caption\":\"Pressenza\"},\"image\":{\"@id\":\"https:\/\/www.pressenza.com\/fr\/#\/schema\/logo\/image\/\"},\"sameAs\":[\"https:\/\/www.facebook.com\/PressenzaItalia\",\"https:\/\/x.com\/PressenzaIPA\"]},{\"@type\":\"Person\",\"@id\":\"https:\/\/www.pressenza.com\/fr\/#\/schema\/person\/21472c42980bab786ff5a256b8239bf5\",\"name\":\"Partido Humanista de Chile\",\"description\":\"www.partidohumanista.cl\",\"sameAs\":[\"https:\/\/www.facebook.com\/PartidoHumanistaChile?fref=ts\",\"https:\/\/x.com\/phumanista\"],\"url\":\"https:\/\/www.pressenza.com\/fr\/author\/partido-humanista-de-chile\/\"}]}<\/script>\n<!-- \/ Yoast SEO plugin. -->","yoast_head_json":{"title":"Crise et r\u00e9volution non-violente","description":"Contexte d'acc\u00e9l\u00e9ration croissante Au niveau mondial, nous vivons un moment social, politique et \u00e9conomique qui s'acc\u00e9l\u00e8re \u00e0 un rythme exponentiel, qui ne","robots":{"index":"index","follow":"follow","max-snippet":"max-snippet:-1","max-image-preview":"max-image-preview:large","max-video-preview":"max-video-preview:-1"},"canonical":"https:\/\/www.pressenza.com\/fr\/2025\/04\/crise-et-revolution-non-violente\/","og_locale":"fr_FR","og_type":"article","og_title":"Crise et r\u00e9volution non-violente","og_description":"Contexte d'acc\u00e9l\u00e9ration croissante Au niveau mondial, nous vivons un moment social, politique et \u00e9conomique qui s'acc\u00e9l\u00e8re \u00e0 un rythme exponentiel, qui ne","og_url":"https:\/\/www.pressenza.com\/fr\/2025\/04\/crise-et-revolution-non-violente\/","og_site_name":"Pressenza","article_publisher":"https:\/\/www.facebook.com\/PressenzaItalia","article_author":"https:\/\/www.facebook.com\/PartidoHumanistaChile?fref=ts","article_published_time":"2025-04-24T22:17:47+00:00","og_image":[{"width":1080,"height":1080,"url":"https:\/\/www.pressenza.com\/wp-content\/uploads\/2025\/03\/Tiranopapel_Javiera-Consuelo.png","type":"image\/png"}],"author":"Partido Humanista de Chile","twitter_card":"summary_large_image","twitter_creator":"@phumanista","twitter_site":"@PressenzaIPA","twitter_misc":{"\u00c9crit par":"Partido Humanista de Chile","Dur\u00e9e de lecture estim\u00e9e":"8 minutes"},"schema":{"@context":"https:\/\/schema.org","@graph":[{"@type":"Article","@id":"https:\/\/www.pressenza.com\/fr\/2025\/04\/crise-et-revolution-non-violente\/#article","isPartOf":{"@id":"https:\/\/www.pressenza.com\/fr\/2025\/04\/crise-et-revolution-non-violente\/"},"author":{"name":"Partido Humanista de Chile","@id":"https:\/\/www.pressenza.com\/fr\/#\/schema\/person\/21472c42980bab786ff5a256b8239bf5"},"headline":"Crise et r\u00e9volution non-violente","datePublished":"2025-04-24T22:17:47+00:00","mainEntityOfPage":{"@id":"https:\/\/www.pressenza.com\/fr\/2025\/04\/crise-et-revolution-non-violente\/"},"wordCount":1811,"publisher":{"@id":"https:\/\/www.pressenza.com\/fr\/#organization"},"image":{"@id":"https:\/\/www.pressenza.com\/fr\/2025\/04\/crise-et-revolution-non-violente\/#primaryimage"},"thumbnailUrl":"https:\/\/www.pressenza.com\/wp-content\/uploads\/2025\/03\/Tiranopapel_Javiera-Consuelo.png","keywords":["Chili","crise","Politique","r\u00e9volution non-violente"],"articleSection":["Am\u00e9rique du Sud","Communiqu\u00e9s de Presse","Contenu Original","Politique"],"inLanguage":"fr-FR"},{"@type":"WebPage","@id":"https:\/\/www.pressenza.com\/fr\/2025\/04\/crise-et-revolution-non-violente\/","url":"https:\/\/www.pressenza.com\/fr\/2025\/04\/crise-et-revolution-non-violente\/","name":"Crise et r\u00e9volution non-violente","isPartOf":{"@id":"https:\/\/www.pressenza.com\/fr\/#website"},"primaryImageOfPage":{"@id":"https:\/\/www.pressenza.com\/fr\/2025\/04\/crise-et-revolution-non-violente\/#primaryimage"},"image":{"@id":"https:\/\/www.pressenza.com\/fr\/2025\/04\/crise-et-revolution-non-violente\/#primaryimage"},"thumbnailUrl":"https:\/\/www.pressenza.com\/wp-content\/uploads\/2025\/03\/Tiranopapel_Javiera-Consuelo.png","datePublished":"2025-04-24T22:17:47+00:00","description":"Contexte d'acc\u00e9l\u00e9ration croissante Au niveau mondial, nous vivons un moment social, politique et \u00e9conomique qui s'acc\u00e9l\u00e8re \u00e0 un rythme exponentiel, qui ne","breadcrumb":{"@id":"https:\/\/www.pressenza.com\/fr\/2025\/04\/crise-et-revolution-non-violente\/#breadcrumb"},"inLanguage":"fr-FR","potentialAction":[{"@type":"ReadAction","target":["https:\/\/www.pressenza.com\/fr\/2025\/04\/crise-et-revolution-non-violente\/"]}]},{"@type":"ImageObject","inLanguage":"fr-FR","@id":"https:\/\/www.pressenza.com\/fr\/2025\/04\/crise-et-revolution-non-violente\/#primaryimage","url":"https:\/\/www.pressenza.com\/wp-content\/uploads\/2025\/03\/Tiranopapel_Javiera-Consuelo.png","contentUrl":"https:\/\/www.pressenza.com\/wp-content\/uploads\/2025\/03\/Tiranopapel_Javiera-Consuelo.png","width":1080,"height":1080},{"@type":"BreadcrumbList","@id":"https:\/\/www.pressenza.com\/fr\/2025\/04\/crise-et-revolution-non-violente\/#breadcrumb","itemListElement":[{"@type":"ListItem","position":1,"name":"Accueil","item":"https:\/\/www.pressenza.com\/fr\/"},{"@type":"ListItem","position":2,"name":"Crise et r\u00e9volution non-violente"}]},{"@type":"WebSite","@id":"https:\/\/www.pressenza.com\/fr\/#website","url":"https:\/\/www.pressenza.com\/fr\/","name":"Pressenza","description":"International Press Agency","publisher":{"@id":"https:\/\/www.pressenza.com\/fr\/#organization"},"potentialAction":[{"@type":"SearchAction","target":{"@type":"EntryPoint","urlTemplate":"https:\/\/www.pressenza.com\/fr\/?s={search_term_string}"},"query-input":{"@type":"PropertyValueSpecification","valueRequired":true,"valueName":"search_term_string"}}],"inLanguage":"fr-FR"},{"@type":"Organization","@id":"https:\/\/www.pressenza.com\/fr\/#organization","name":"Pressenza","url":"https:\/\/www.pressenza.com\/fr\/","logo":{"@type":"ImageObject","inLanguage":"fr-FR","@id":"https:\/\/www.pressenza.com\/fr\/#\/schema\/logo\/image\/","url":"https:\/\/www.pressenza.com\/wp-content\/uploads\/2022\/10\/pressenza_logo_200x200.jpg","contentUrl":"https:\/\/www.pressenza.com\/wp-content\/uploads\/2022\/10\/pressenza_logo_200x200.jpg","width":200,"height":200,"caption":"Pressenza"},"image":{"@id":"https:\/\/www.pressenza.com\/fr\/#\/schema\/logo\/image\/"},"sameAs":["https:\/\/www.facebook.com\/PressenzaItalia","https:\/\/x.com\/PressenzaIPA"]},{"@type":"Person","@id":"https:\/\/www.pressenza.com\/fr\/#\/schema\/person\/21472c42980bab786ff5a256b8239bf5","name":"Partido Humanista de Chile","description":"www.partidohumanista.cl","sameAs":["https:\/\/www.facebook.com\/PartidoHumanistaChile?fref=ts","https:\/\/x.com\/phumanista"],"url":"https:\/\/www.pressenza.com\/fr\/author\/partido-humanista-de-chile\/"}]}},"place":"Santiago du Chili","original_article_url":"","_links":{"self":[{"href":"https:\/\/www.pressenza.com\/fr\/wp-json\/wp\/v2\/posts\/2599752","targetHints":{"allow":["GET"]}}],"collection":[{"href":"https:\/\/www.pressenza.com\/fr\/wp-json\/wp\/v2\/posts"}],"about":[{"href":"https:\/\/www.pressenza.com\/fr\/wp-json\/wp\/v2\/types\/post"}],"author":[{"embeddable":true,"href":"https:\/\/www.pressenza.com\/fr\/wp-json\/wp\/v2\/users\/386"}],"replies":[{"embeddable":true,"href":"https:\/\/www.pressenza.com\/fr\/wp-json\/wp\/v2\/comments?post=2599752"}],"version-history":[{"count":0,"href":"https:\/\/www.pressenza.com\/fr\/wp-json\/wp\/v2\/posts\/2599752\/revisions"}],"wp:featuredmedia":[{"embeddable":true,"href":"https:\/\/www.pressenza.com\/fr\/wp-json\/wp\/v2\/media\/2599761"}],"wp:attachment":[{"href":"https:\/\/www.pressenza.com\/fr\/wp-json\/wp\/v2\/media?parent=2599752"}],"wp:term":[{"taxonomy":"category","embeddable":true,"href":"https:\/\/www.pressenza.com\/fr\/wp-json\/wp\/v2\/categories?post=2599752"},{"taxonomy":"post_tag","embeddable":true,"href":"https:\/\/www.pressenza.com\/fr\/wp-json\/wp\/v2\/tags?post=2599752"}],"curies":[{"name":"wp","href":"https:\/\/api.w.org\/{rel}","templated":true}]}}