{"id":2598650,"date":"2025-04-18T19:30:26","date_gmt":"2025-04-18T18:30:26","guid":{"rendered":"https:\/\/www.pressenza.com\/?p=2598650"},"modified":"2025-04-18T19:30:26","modified_gmt":"2025-04-18T18:30:26","slug":"election-canadienne-les-groupes-feministes-lancent-la-campagne-exigeons-mieux","status":"publish","type":"post","link":"https:\/\/www.pressenza.com\/fr\/2025\/04\/election-canadienne-les-groupes-feministes-lancent-la-campagne-exigeons-mieux\/","title":{"rendered":"\u00c9lection Canadienne: les groupes f\u00e9ministes lancent la campagne Exigeons mieux"},"content":{"rendered":"<p>\u00c0 l\u2019approche de l\u2019\u00e9lection f\u00e9d\u00e9rale, pr\u00e9vue le 28 avril prochain, plus de 50 organismes f\u00e9ministes de premier plan lancent le message <em>Exigeons mieux<\/em>, une campagne nationale non partisane appelant les Canadien\u00b7ne\u00b7s \u00e0 faire pression sur les politicien\u00b7ne\u00b7s afin que la r\u00e9ponse aux besoins des simples citoyen\u00b7ne\u00b7s soit la priorit\u00e9. Devant l\u2019incertitude \u00e9conomique, la hausse des co\u00fbts et les menaces \u00e0 notre souverainet\u00e9 qui s\u2019intensifient, <em>Exigeons mieux<\/em> invite les \u00e9lecteur\u00b7trice\u00b7s \u00e0 rappeler aux dirigeant\u00b7e\u00b7s leur responsabilit\u00e9 d\u2019investir dans des politiques qui prot\u00e8gent nos emplois, soutiennent les familles et nous m\u00e8nent vers un Canada plus \u00e9quitable.<\/p>\n<blockquote><p><strong>Devant une guerre commerciale perturbatrice qui menace le Canada, nous avons besoin que nos dirigeant\u00b7e\u00b7s prot\u00e8gent et renforcent l\u2019\u00e9conomie du Canada en investissant dans ses \u00e9l\u00e9ments fondamentaux, comme les soins de sant\u00e9 publics, l\u2019acc\u00e8s au logement et des services de garderie abordables \u00bb, d\u00e9clare Debbie Owusu-Akyeeah, codirectrice des politiques et du plaidoyer \u00e0 Action Canada pour la sant\u00e9 et les droits sexuels. \u00ab Pas besoin de choisir entre l\u2019\u00e9conomie et les programmes qui soutiennent tou\u00b7te\u00b7s les Canadien\u00b7ne\u00b7s : \u00e7a forme un tout. \u00bb\u00a0<\/strong><\/p><\/blockquote>\n<p>Les programmes sociaux injectent des milliards de dollars dans l\u2019\u00e9conomie, ils cr\u00e9ent des millions d\u2019emplois et ils renforcent la r\u00e9silience dont le Canada a besoin en ces temps d\u2019incertitude. L\u2019\u00e9galit\u00e9 des genres ne pas peut \u00eatre une consid\u00e9ration secondaire : c\u2019est l\u2019\u00e9pine dorsale d\u2019une \u00e9conomie robuste. Une \u00e9conomie robuste et une d\u00e9mocratie r\u00e9siliente ne vont pas \u00e0 l\u2019encontre de notre engagement pour le progr\u00e8s social \u2013 toutes ces choses se renforcent les unes les autres. Nous tou\u00b7te\u00b7s devons rappeler \u00e0 nos dirigeant\u00b7e\u00b7s leur responsabilit\u00e9 de lutter pour un Canada plus fort pour tout le monde.<\/p>\n<blockquote><p><strong>Les politiques progressistes contribuent directement \u00e0 notre stabilit\u00e9 \u00e9conomique. Le mouvement f\u00e9ministe a toujours \u00e9t\u00e9 un moteur de progr\u00e8s et d\u2019am\u00e9liorations durables, et nous ne nous arr\u00eaterons pas maintenant \u00bb, affirme Emilie Coyle, directrice g\u00e9n\u00e9rale de l\u2019Association canadienne des soci\u00e9t\u00e9s Elizabeth Fry. \u00ab Ensemble, nous pouvons enrichir la vie de chacun et chacune d\u2019entre nous.\u00a0<\/strong><\/p><\/blockquote>\n<p>\u00c0 l\u2019approche de l\u2019\u00e9lection f\u00e9d\u00e9rale, le mouvement <em>Exigeons mieux<\/em> rappelle aux \u00e9lecteur\u00b7trice\u00b7s que leur voix et leurs choix comptent. En exigeant des politiques qui prot\u00e8gent les droits de la personne, renforcent les services publics et cr\u00e9ent une soci\u00e9t\u00e9 plus \u00e9quitable, les Canadien\u00b7ne\u00b7s peuvent fa\u00e7onner un avenir o\u00f9 tout le monde a r\u00e9ellement la chance de prosp\u00e9rer. C\u2019est pour ce genre de Canada qu\u2019il vaut la peine de se battre.<\/p>\n<p>C\u2019est le moment d\u2019exiger mieux.<\/p>\n<p>Signez l\u2019engagement et joignez-vous au mouvement \u00e0 <a href=\"https:\/\/demandbettertoday.ca\/fr\/\">exigeonsmieux.ca<\/a><\/p>\n","protected":false},"excerpt":{"rendered":"<p>\u00c0 l\u2019approche de l\u2019\u00e9lection f\u00e9d\u00e9rale, pr\u00e9vue le 28 avril prochain, plus de 50 organismes f\u00e9ministes de premier plan lancent le message Exigeons mieux, une campagne nationale non partisane appelant les Canadien\u00b7ne\u00b7s \u00e0 faire pression sur les politicien\u00b7ne\u00b7s afin que la&hellip;<\/p>\n","protected":false},"author":670,"featured_media":2598653,"comment_status":"closed","ping_status":"closed","sticky":false,"template":"","format":"standard","meta":{"footnotes":""},"categories":[54509,93],"tags":[2899,1525,135767],"class_list":["post-2598650","post","type-post","status-publish","format-standard","has-post-thumbnail","hentry","category-genre-et-feminismes","category-politique","tag-canada-fr","tag-election","tag-exigeonsmieux"],"yoast_head":"<!-- This site is optimized with the Yoast SEO plugin v27.1.1 - https:\/\/yoast.com\/product\/yoast-seo-wordpress\/ -->\n<title>\u00c9lection Canadienne: les groupes f\u00e9ministes lancent la campagne Exigeons mieux<\/title>\n<meta name=\"description\" content=\"\u00c0 l\u2019approche de l\u2019\u00e9lection f\u00e9d\u00e9rale, pr\u00e9vue le 28 avril prochain, plus de 50 organismes f\u00e9ministes de premier plan lancent le message Exigeons mieux, une\" \/>\n<meta name=\"robots\" content=\"index, follow, max-snippet:-1, max-image-preview:large, max-video-preview:-1\" \/>\n<link rel=\"canonical\" href=\"https:\/\/www.pressenza.com\/fr\/2025\/04\/election-canadienne-les-groupes-feministes-lancent-la-campagne-exigeons-mieux\/\" \/>\n<meta property=\"og:locale\" content=\"fr_FR\" \/>\n<meta property=\"og:type\" content=\"article\" \/>\n<meta property=\"og:title\" content=\"\u00c9lection Canadienne: les groupes f\u00e9ministes lancent la campagne Exigeons mieux\" \/>\n<meta property=\"og:description\" content=\"\u00c0 l\u2019approche de l\u2019\u00e9lection f\u00e9d\u00e9rale, pr\u00e9vue le 28 avril prochain, plus de 50 organismes f\u00e9ministes de premier plan lancent le message Exigeons mieux, une\" \/>\n<meta property=\"og:url\" content=\"https:\/\/www.pressenza.com\/fr\/2025\/04\/election-canadienne-les-groupes-feministes-lancent-la-campagne-exigeons-mieux\/\" \/>\n<meta property=\"og:site_name\" content=\"Pressenza\" \/>\n<meta property=\"article:publisher\" content=\"https:\/\/www.facebook.com\/PressenzaItalia\" \/>\n<meta property=\"article:published_time\" content=\"2025-04-18T18:30:26+00:00\" \/>\n<meta property=\"og:image\" content=\"https:\/\/www.pressenza.com\/wp-content\/uploads\/2025\/04\/fr.png\" \/>\n\t<meta property=\"og:image:width\" content=\"892\" \/>\n\t<meta property=\"og:image:height\" content=\"381\" \/>\n\t<meta property=\"og:image:type\" content=\"image\/png\" \/>\n<meta name=\"author\" content=\"R\u00e9daction Montr\u00e9al\" \/>\n<meta name=\"twitter:card\" content=\"summary_large_image\" \/>\n<meta name=\"twitter:creator\" content=\"@PressenzaIPA\" \/>\n<meta name=\"twitter:site\" content=\"@PressenzaIPA\" \/>\n<meta name=\"twitter:label1\" content=\"\u00c9crit par\" \/>\n\t<meta name=\"twitter:data1\" content=\"R\u00e9daction Montr\u00e9al\" \/>\n\t<meta name=\"twitter:label2\" content=\"Dur\u00e9e de lecture estim\u00e9e\" \/>\n\t<meta name=\"twitter:data2\" content=\"2 minutes\" \/>\n<script type=\"application\/ld+json\" class=\"yoast-schema-graph\">{\"@context\":\"https:\/\/schema.org\",\"@graph\":[{\"@type\":\"Article\",\"@id\":\"https:\/\/www.pressenza.com\/fr\/2025\/04\/election-canadienne-les-groupes-feministes-lancent-la-campagne-exigeons-mieux\/#article\",\"isPartOf\":{\"@id\":\"https:\/\/www.pressenza.com\/fr\/2025\/04\/election-canadienne-les-groupes-feministes-lancent-la-campagne-exigeons-mieux\/\"},\"author\":{\"name\":\"R\u00e9daction Montr\u00e9al\",\"@id\":\"https:\/\/www.pressenza.com\/fr\/#\/schema\/person\/e74f468c5f420ee105d078343b0b4bf7\"},\"headline\":\"\u00c9lection Canadienne: les groupes f\u00e9ministes lancent la campagne Exigeons mieux\",\"datePublished\":\"2025-04-18T18:30:26+00:00\",\"mainEntityOfPage\":{\"@id\":\"https:\/\/www.pressenza.com\/fr\/2025\/04\/election-canadienne-les-groupes-feministes-lancent-la-campagne-exigeons-mieux\/\"},\"wordCount\":485,\"publisher\":{\"@id\":\"https:\/\/www.pressenza.com\/fr\/#organization\"},\"image\":{\"@id\":\"https:\/\/www.pressenza.com\/fr\/2025\/04\/election-canadienne-les-groupes-feministes-lancent-la-campagne-exigeons-mieux\/#primaryimage\"},\"thumbnailUrl\":\"https:\/\/www.pressenza.com\/wp-content\/uploads\/2025\/04\/fr.png\",\"keywords\":[\"Canada\",\"election\",\"exigeonsmieux\"],\"articleSection\":[\"Genre et f\u00e9minismes\",\"Politique\"],\"inLanguage\":\"fr-FR\"},{\"@type\":\"WebPage\",\"@id\":\"https:\/\/www.pressenza.com\/fr\/2025\/04\/election-canadienne-les-groupes-feministes-lancent-la-campagne-exigeons-mieux\/\",\"url\":\"https:\/\/www.pressenza.com\/fr\/2025\/04\/election-canadienne-les-groupes-feministes-lancent-la-campagne-exigeons-mieux\/\",\"name\":\"\u00c9lection Canadienne: les groupes f\u00e9ministes lancent la campagne Exigeons mieux\",\"isPartOf\":{\"@id\":\"https:\/\/www.pressenza.com\/fr\/#website\"},\"primaryImageOfPage\":{\"@id\":\"https:\/\/www.pressenza.com\/fr\/2025\/04\/election-canadienne-les-groupes-feministes-lancent-la-campagne-exigeons-mieux\/#primaryimage\"},\"image\":{\"@id\":\"https:\/\/www.pressenza.com\/fr\/2025\/04\/election-canadienne-les-groupes-feministes-lancent-la-campagne-exigeons-mieux\/#primaryimage\"},\"thumbnailUrl\":\"https:\/\/www.pressenza.com\/wp-content\/uploads\/2025\/04\/fr.png\",\"datePublished\":\"2025-04-18T18:30:26+00:00\",\"description\":\"\u00c0 l\u2019approche de l\u2019\u00e9lection f\u00e9d\u00e9rale, pr\u00e9vue le 28 avril prochain, plus de 50 organismes f\u00e9ministes de premier plan lancent le message Exigeons mieux, une\",\"breadcrumb\":{\"@id\":\"https:\/\/www.pressenza.com\/fr\/2025\/04\/election-canadienne-les-groupes-feministes-lancent-la-campagne-exigeons-mieux\/#breadcrumb\"},\"inLanguage\":\"fr-FR\",\"potentialAction\":[{\"@type\":\"ReadAction\",\"target\":[\"https:\/\/www.pressenza.com\/fr\/2025\/04\/election-canadienne-les-groupes-feministes-lancent-la-campagne-exigeons-mieux\/\"]}]},{\"@type\":\"ImageObject\",\"inLanguage\":\"fr-FR\",\"@id\":\"https:\/\/www.pressenza.com\/fr\/2025\/04\/election-canadienne-les-groupes-feministes-lancent-la-campagne-exigeons-mieux\/#primaryimage\",\"url\":\"https:\/\/www.pressenza.com\/wp-content\/uploads\/2025\/04\/fr.png\",\"contentUrl\":\"https:\/\/www.pressenza.com\/wp-content\/uploads\/2025\/04\/fr.png\",\"width\":892,\"height\":381},{\"@type\":\"BreadcrumbList\",\"@id\":\"https:\/\/www.pressenza.com\/fr\/2025\/04\/election-canadienne-les-groupes-feministes-lancent-la-campagne-exigeons-mieux\/#breadcrumb\",\"itemListElement\":[{\"@type\":\"ListItem\",\"position\":1,\"name\":\"Accueil\",\"item\":\"https:\/\/www.pressenza.com\/fr\/\"},{\"@type\":\"ListItem\",\"position\":2,\"name\":\"\u00c9lection Canadienne: les groupes f\u00e9ministes lancent la campagne Exigeons mieux\"}]},{\"@type\":\"WebSite\",\"@id\":\"https:\/\/www.pressenza.com\/fr\/#website\",\"url\":\"https:\/\/www.pressenza.com\/fr\/\",\"name\":\"Pressenza\",\"description\":\"International Press Agency\",\"publisher\":{\"@id\":\"https:\/\/www.pressenza.com\/fr\/#organization\"},\"potentialAction\":[{\"@type\":\"SearchAction\",\"target\":{\"@type\":\"EntryPoint\",\"urlTemplate\":\"https:\/\/www.pressenza.com\/fr\/?s={search_term_string}\"},\"query-input\":{\"@type\":\"PropertyValueSpecification\",\"valueRequired\":true,\"valueName\":\"search_term_string\"}}],\"inLanguage\":\"fr-FR\"},{\"@type\":\"Organization\",\"@id\":\"https:\/\/www.pressenza.com\/fr\/#organization\",\"name\":\"Pressenza\",\"url\":\"https:\/\/www.pressenza.com\/fr\/\",\"logo\":{\"@type\":\"ImageObject\",\"inLanguage\":\"fr-FR\",\"@id\":\"https:\/\/www.pressenza.com\/fr\/#\/schema\/logo\/image\/\",\"url\":\"https:\/\/www.pressenza.com\/wp-content\/uploads\/2022\/10\/pressenza_logo_200x200.jpg\",\"contentUrl\":\"https:\/\/www.pressenza.com\/wp-content\/uploads\/2022\/10\/pressenza_logo_200x200.jpg\",\"width\":200,\"height\":200,\"caption\":\"Pressenza\"},\"image\":{\"@id\":\"https:\/\/www.pressenza.com\/fr\/#\/schema\/logo\/image\/\"},\"sameAs\":[\"https:\/\/www.facebook.com\/PressenzaItalia\",\"https:\/\/x.com\/PressenzaIPA\"]},{\"@type\":\"Person\",\"@id\":\"https:\/\/www.pressenza.com\/fr\/#\/schema\/person\/e74f468c5f420ee105d078343b0b4bf7\",\"name\":\"R\u00e9daction Montr\u00e9al\",\"description\":\"News published by the Pressenza bureau in Montreal, Canada\",\"url\":\"https:\/\/www.pressenza.com\/fr\/author\/redaction-montreal\/\"}]}<\/script>\n<!-- \/ Yoast SEO plugin. -->","yoast_head_json":{"title":"\u00c9lection Canadienne: les groupes f\u00e9ministes lancent la campagne Exigeons mieux","description":"\u00c0 l\u2019approche de l\u2019\u00e9lection f\u00e9d\u00e9rale, pr\u00e9vue le 28 avril prochain, plus de 50 organismes f\u00e9ministes de premier plan lancent le message Exigeons mieux, une","robots":{"index":"index","follow":"follow","max-snippet":"max-snippet:-1","max-image-preview":"max-image-preview:large","max-video-preview":"max-video-preview:-1"},"canonical":"https:\/\/www.pressenza.com\/fr\/2025\/04\/election-canadienne-les-groupes-feministes-lancent-la-campagne-exigeons-mieux\/","og_locale":"fr_FR","og_type":"article","og_title":"\u00c9lection Canadienne: les groupes f\u00e9ministes lancent la campagne Exigeons mieux","og_description":"\u00c0 l\u2019approche de l\u2019\u00e9lection f\u00e9d\u00e9rale, pr\u00e9vue le 28 avril prochain, plus de 50 organismes f\u00e9ministes de premier plan lancent le message Exigeons mieux, une","og_url":"https:\/\/www.pressenza.com\/fr\/2025\/04\/election-canadienne-les-groupes-feministes-lancent-la-campagne-exigeons-mieux\/","og_site_name":"Pressenza","article_publisher":"https:\/\/www.facebook.com\/PressenzaItalia","article_published_time":"2025-04-18T18:30:26+00:00","og_image":[{"width":892,"height":381,"url":"https:\/\/www.pressenza.com\/wp-content\/uploads\/2025\/04\/fr.png","type":"image\/png"}],"author":"R\u00e9daction Montr\u00e9al","twitter_card":"summary_large_image","twitter_creator":"@PressenzaIPA","twitter_site":"@PressenzaIPA","twitter_misc":{"\u00c9crit par":"R\u00e9daction Montr\u00e9al","Dur\u00e9e de lecture estim\u00e9e":"2 minutes"},"schema":{"@context":"https:\/\/schema.org","@graph":[{"@type":"Article","@id":"https:\/\/www.pressenza.com\/fr\/2025\/04\/election-canadienne-les-groupes-feministes-lancent-la-campagne-exigeons-mieux\/#article","isPartOf":{"@id":"https:\/\/www.pressenza.com\/fr\/2025\/04\/election-canadienne-les-groupes-feministes-lancent-la-campagne-exigeons-mieux\/"},"author":{"name":"R\u00e9daction Montr\u00e9al","@id":"https:\/\/www.pressenza.com\/fr\/#\/schema\/person\/e74f468c5f420ee105d078343b0b4bf7"},"headline":"\u00c9lection Canadienne: les groupes f\u00e9ministes lancent la campagne Exigeons mieux","datePublished":"2025-04-18T18:30:26+00:00","mainEntityOfPage":{"@id":"https:\/\/www.pressenza.com\/fr\/2025\/04\/election-canadienne-les-groupes-feministes-lancent-la-campagne-exigeons-mieux\/"},"wordCount":485,"publisher":{"@id":"https:\/\/www.pressenza.com\/fr\/#organization"},"image":{"@id":"https:\/\/www.pressenza.com\/fr\/2025\/04\/election-canadienne-les-groupes-feministes-lancent-la-campagne-exigeons-mieux\/#primaryimage"},"thumbnailUrl":"https:\/\/www.pressenza.com\/wp-content\/uploads\/2025\/04\/fr.png","keywords":["Canada","election","exigeonsmieux"],"articleSection":["Genre et f\u00e9minismes","Politique"],"inLanguage":"fr-FR"},{"@type":"WebPage","@id":"https:\/\/www.pressenza.com\/fr\/2025\/04\/election-canadienne-les-groupes-feministes-lancent-la-campagne-exigeons-mieux\/","url":"https:\/\/www.pressenza.com\/fr\/2025\/04\/election-canadienne-les-groupes-feministes-lancent-la-campagne-exigeons-mieux\/","name":"\u00c9lection Canadienne: les groupes f\u00e9ministes lancent la campagne Exigeons mieux","isPartOf":{"@id":"https:\/\/www.pressenza.com\/fr\/#website"},"primaryImageOfPage":{"@id":"https:\/\/www.pressenza.com\/fr\/2025\/04\/election-canadienne-les-groupes-feministes-lancent-la-campagne-exigeons-mieux\/#primaryimage"},"image":{"@id":"https:\/\/www.pressenza.com\/fr\/2025\/04\/election-canadienne-les-groupes-feministes-lancent-la-campagne-exigeons-mieux\/#primaryimage"},"thumbnailUrl":"https:\/\/www.pressenza.com\/wp-content\/uploads\/2025\/04\/fr.png","datePublished":"2025-04-18T18:30:26+00:00","description":"\u00c0 l\u2019approche de l\u2019\u00e9lection f\u00e9d\u00e9rale, pr\u00e9vue le 28 avril prochain, plus de 50 organismes f\u00e9ministes de premier plan lancent le message Exigeons mieux, une","breadcrumb":{"@id":"https:\/\/www.pressenza.com\/fr\/2025\/04\/election-canadienne-les-groupes-feministes-lancent-la-campagne-exigeons-mieux\/#breadcrumb"},"inLanguage":"fr-FR","potentialAction":[{"@type":"ReadAction","target":["https:\/\/www.pressenza.com\/fr\/2025\/04\/election-canadienne-les-groupes-feministes-lancent-la-campagne-exigeons-mieux\/"]}]},{"@type":"ImageObject","inLanguage":"fr-FR","@id":"https:\/\/www.pressenza.com\/fr\/2025\/04\/election-canadienne-les-groupes-feministes-lancent-la-campagne-exigeons-mieux\/#primaryimage","url":"https:\/\/www.pressenza.com\/wp-content\/uploads\/2025\/04\/fr.png","contentUrl":"https:\/\/www.pressenza.com\/wp-content\/uploads\/2025\/04\/fr.png","width":892,"height":381},{"@type":"BreadcrumbList","@id":"https:\/\/www.pressenza.com\/fr\/2025\/04\/election-canadienne-les-groupes-feministes-lancent-la-campagne-exigeons-mieux\/#breadcrumb","itemListElement":[{"@type":"ListItem","position":1,"name":"Accueil","item":"https:\/\/www.pressenza.com\/fr\/"},{"@type":"ListItem","position":2,"name":"\u00c9lection Canadienne: les groupes f\u00e9ministes lancent la campagne Exigeons mieux"}]},{"@type":"WebSite","@id":"https:\/\/www.pressenza.com\/fr\/#website","url":"https:\/\/www.pressenza.com\/fr\/","name":"Pressenza","description":"International Press Agency","publisher":{"@id":"https:\/\/www.pressenza.com\/fr\/#organization"},"potentialAction":[{"@type":"SearchAction","target":{"@type":"EntryPoint","urlTemplate":"https:\/\/www.pressenza.com\/fr\/?s={search_term_string}"},"query-input":{"@type":"PropertyValueSpecification","valueRequired":true,"valueName":"search_term_string"}}],"inLanguage":"fr-FR"},{"@type":"Organization","@id":"https:\/\/www.pressenza.com\/fr\/#organization","name":"Pressenza","url":"https:\/\/www.pressenza.com\/fr\/","logo":{"@type":"ImageObject","inLanguage":"fr-FR","@id":"https:\/\/www.pressenza.com\/fr\/#\/schema\/logo\/image\/","url":"https:\/\/www.pressenza.com\/wp-content\/uploads\/2022\/10\/pressenza_logo_200x200.jpg","contentUrl":"https:\/\/www.pressenza.com\/wp-content\/uploads\/2022\/10\/pressenza_logo_200x200.jpg","width":200,"height":200,"caption":"Pressenza"},"image":{"@id":"https:\/\/www.pressenza.com\/fr\/#\/schema\/logo\/image\/"},"sameAs":["https:\/\/www.facebook.com\/PressenzaItalia","https:\/\/x.com\/PressenzaIPA"]},{"@type":"Person","@id":"https:\/\/www.pressenza.com\/fr\/#\/schema\/person\/e74f468c5f420ee105d078343b0b4bf7","name":"R\u00e9daction Montr\u00e9al","description":"News published by the Pressenza bureau in Montreal, Canada","url":"https:\/\/www.pressenza.com\/fr\/author\/redaction-montreal\/"}]}},"place":"","original_article_url":"","_links":{"self":[{"href":"https:\/\/www.pressenza.com\/fr\/wp-json\/wp\/v2\/posts\/2598650","targetHints":{"allow":["GET"]}}],"collection":[{"href":"https:\/\/www.pressenza.com\/fr\/wp-json\/wp\/v2\/posts"}],"about":[{"href":"https:\/\/www.pressenza.com\/fr\/wp-json\/wp\/v2\/types\/post"}],"author":[{"embeddable":true,"href":"https:\/\/www.pressenza.com\/fr\/wp-json\/wp\/v2\/users\/670"}],"replies":[{"embeddable":true,"href":"https:\/\/www.pressenza.com\/fr\/wp-json\/wp\/v2\/comments?post=2598650"}],"version-history":[{"count":0,"href":"https:\/\/www.pressenza.com\/fr\/wp-json\/wp\/v2\/posts\/2598650\/revisions"}],"wp:featuredmedia":[{"embeddable":true,"href":"https:\/\/www.pressenza.com\/fr\/wp-json\/wp\/v2\/media\/2598653"}],"wp:attachment":[{"href":"https:\/\/www.pressenza.com\/fr\/wp-json\/wp\/v2\/media?parent=2598650"}],"wp:term":[{"taxonomy":"category","embeddable":true,"href":"https:\/\/www.pressenza.com\/fr\/wp-json\/wp\/v2\/categories?post=2598650"},{"taxonomy":"post_tag","embeddable":true,"href":"https:\/\/www.pressenza.com\/fr\/wp-json\/wp\/v2\/tags?post=2598650"}],"curies":[{"name":"wp","href":"https:\/\/api.w.org\/{rel}","templated":true}]}}