{"id":2598211,"date":"2025-04-16T17:33:55","date_gmt":"2025-04-16T16:33:55","guid":{"rendered":"https:\/\/www.pressenza.com\/?p=2598211"},"modified":"2025-04-16T17:33:55","modified_gmt":"2025-04-16T16:33:55","slug":"projet-europeen-de-paix-vendredi-9-mai-a-17h00-il-est-temps-de-donner-un-signal-pour-lavenir-pacifique-de-leurope","status":"publish","type":"post","link":"https:\/\/www.pressenza.com\/fr\/2025\/04\/projet-europeen-de-paix-vendredi-9-mai-a-17h00-il-est-temps-de-donner-un-signal-pour-lavenir-pacifique-de-leurope\/","title":{"rendered":"Projet Europ\u00e9en de Paix \u2013 Vendredi 9 mai \u00e0 17h00 \u2013 il est temps de donner un signal pour l\u2019avenir pacifique de l\u2019Europe !"},"content":{"rendered":"<p><strong>\u00ab Le 9 mai \u00e0 17h00 &#8211; il est temps de donner un signal pour l&rsquo;avenir pacifique de l&rsquo;Europe ! \u00bb Action commune des militants europ\u00e9ens pour la paix.<\/strong><\/p>\n<p>\u00ab En tant que citoyenn\u00b7e europ\u00e9en\u00b7ne, je suis profond\u00e9ment inqui\u00e8t\u00b7e face au r\u00e9armement de l&rsquo;Europe. L&rsquo;Union europ\u00e9enne \u00e9tait un projet de Paix, et nous voulons la pr\u00e9server en tant que projet de Paix \u00bb. C&rsquo;est ainsi qu&rsquo;Ulrike Gu\u00e9rot invite \u00e0 participer \u00e0 cette action. Elle et d&rsquo;autres amoureux de la Paix en Europe ont lanc\u00e9 une initiative pour la Paix : \u00ab Le 9 mai, nous ferons ce que nos gouvernements ne peuvent pas faire : proclamer la Paix \u00bb !<\/p>\n<p><img loading=\"lazy\" decoding=\"async\" class=\"alignnone wp-image-2597008 aligncenter\" src=\"https:\/\/www.pressenza.com\/wp-content\/uploads\/2025\/04\/Zeitpunkt-1-300x149.jpg\" alt=\"\" width=\"489\" height=\"243\" srcset=\"https:\/\/www.pressenza.com\/wp-content\/uploads\/2025\/04\/Zeitpunkt-1-300x149.jpg 300w, https:\/\/www.pressenza.com\/wp-content\/uploads\/2025\/04\/Zeitpunkt-1.jpg 500w\" sizes=\"auto, (max-width: 489px) 100vw, 489px\" \/><\/p>\n<p style=\"padding-left: 40px; text-align: center;\"><strong>\u00ab Si l&rsquo;Union Europ\u00e9enne et ses gouvernements nationaux veulent nous entra\u00eener dans une guerre contre la Russie, ils trahissent tous les principes europ\u00e9ens fondamentaux de Paix, de D\u00e9mocratie, de Libert\u00e9 et d&rsquo;Entente entre les peuples ! C&rsquo;est pourquoi nous, les citoyens europ\u00e9ens, prenons en main l&rsquo;avenir de ce merveilleux continent ! Nous lan\u00e7ons ici le Projet Europ\u00e9en pour la Paix. Le 9 mai 2025 \u00e0 17 heures, proclamons tous ensemble la PAIX dans tous les pays du continent europ\u00e9en et dans toutes les langues europ\u00e9ennes par un acte de parole performatif ! Ensuite, faisons la f\u00eate ! \u00bb<\/strong><\/p>\n<p><strong>L&rsquo;id\u00e9e de base est d&rsquo;ouvrir la fen\u00eatre le 9 mai \u00e0 17 heures et de lire le Manifeste pour la paix.<\/strong> Ceux et celles qui souhaitent \u00e9largir l&rsquo;action de mani\u00e8re cr\u00e9ative par l&rsquo;art, des performances, des happenings ou des flashmobs sont les bienvenu\u00b7e\u00b7s. Les films et les photos de l&rsquo;action seront publi\u00e9s sur le site web dans une galerie num\u00e9rique apr\u00e8s le 9 mai 2025, afin de documenter le fait que les citoyens europ\u00e9ens sont pour la paix et non pour la guerre !<\/p>\n<p>Voici le manifeste dans son int\u00e9gralit\u00e9 :<\/p>\n<hr \/>\n<h2 class=\"stk-block-heading__text has-text-align-center\"><strong>Projet europ\u00e9en pour la paix\u00a0<\/strong>\u2013 Le Manifeste<\/h2>\n<p>Aujourd\u2019hui, le 9 mai 2025 \u2013 exactement 80 ans apr\u00e8s la fin de la Seconde Guerre mondiale, qui a co\u00fbt\u00e9 la vie \u00e0 60 millions de personnes, dont 27 millions de citoyens sovi\u00e9tiques, nous, les citoyens europ\u00e9ens, \u00e9levons la voix !\u00a0Nous avons honte de nos gouvernements et de l\u2019UE qui n\u2019ont pas retenu les le\u00e7ons du XXe si\u00e8cle. L\u2019UE, autrefois con\u00e7ue comme un projet de paix, a \u00e9t\u00e9 pervertie et a ainsi trahi l\u2019essence m\u00eame de l\u2019Europe ! Nous, les citoyens europ\u00e9ens, prenons donc aujourd\u2019hui, le 9 mai, notre destin et notre histoire en main. Nous d\u00e9clarons l\u2019\u00e9chec de l\u2019UE. Nous entamons une diplomatie citoyenne et refusons la guerre planifi\u00e9e contre la Russie ! Nous reconnaissons la coresponsabilit\u00e9 de \u00ab l\u2019Occident \u00bb, des gouvernements europ\u00e9ens et de l\u2019UE dans ce conflit.<\/p>\n<p>Nous, citoyens d\u2019Europe, nous opposons avec le European Peace Project \u00e0 l\u2019hypocrisie \u00e9hont\u00e9e et aux mensonges diffus\u00e9s aujourd\u2019hui \u2013 Journ\u00e9e de l\u2019Europe \u2013 lors des c\u00e9r\u00e9monies officielles et sur les cha\u00eenes publiques.<\/p>\n<p>Nous tendons la main aux citoyennes et citoyens d\u2019Ukraine et de Russie. Vous faites partie de la famille europ\u00e9enne et nous sommes convaincus qu\u2019ensemble, nous pouvons organiser une cohabitation pacifique sur notre continent.<\/p>\n<p>Nous avons devant les yeux les images des cimeti\u00e8res militaires \u2013 de Volgograd \u00e0 Riga et \u00e0 la Lorraine. Nous voyons les tombes fra\u00eeches que cette guerre insens\u00e9e a laiss\u00e9es en Ukraine et en Russie. Alors que la plupart des gouvernements de l\u2019UE et des responsables de la guerre\u00a0harc\u00e8lent\u00a0et refoulent ce que la guerre signifie pour la population, nous avons appris la le\u00e7on du si\u00e8cle dernier : l\u2019Europe, c\u2019est \u00ab plus jamais la guerre \u00bb !<\/p>\n<p>Nous nous souvenons des efforts de construction europ\u00e9enne du si\u00e8cle dernier et des promesses de 1989 apr\u00e8s la r\u00e9volution pacifique. Nous demandons la cr\u00e9ation d\u2019un Office europ\u00e9en de la jeunesse et de la Russie sur le mod\u00e8le de l\u2019Office franco-allemand de la jeunesse de 1963, qui a mis fin \u00e0 \u00ab l\u2019hostilit\u00e9 h\u00e9r\u00e9ditaire \u00bb entre l\u2019Allemagne et la France. Nous exigeons la fin des sanctions et la reconstruction du gazoduc Nord Stream II. Nous refusons de gaspiller l\u2019argent de nos imp\u00f4ts dans l\u2019armement et la militarisation, au d\u00e9triment de l\u2019\u00c9tat social et des infrastructures. Dans le cadre d\u2019une conf\u00e9rence de paix de l\u2019OSCE, nous demandons la cr\u00e9ation d\u2019une architecture de s\u00e9curit\u00e9 europ\u00e9enne avec la Russie et non contre elle, comme le stipule la Charte de Paris de 1990.\u00a0Nous demandons une Europe neutre, \u00e9mancip\u00e9e des \u00c9tats-Unis et jouant un r\u00f4le de m\u00e9diateur dans un monde multipolaire.\u00a0Notre Europe est post-coloniale et post-imp\u00e9riale.<\/p>\n<p>Nous, citoyens europ\u00e9ens, d\u00e9clarons par la pr\u00e9sente que cette guerre est termin\u00e9e ! Nous ne participerons pas \u00e0 ces jeux de guerre. Nous ne ferons pas de nos hommes et de nos fils des soldats, de nos filles des infirmi\u00e8res \u00e0 l\u2019h\u00f4pital et de nos pays des champs de bataille.<\/p>\n<p>Nous proposons d\u2019envoyer imm\u00e9diatement une d\u00e9l\u00e9gation de citoyens europ\u00e9ens \u00e0 Kiev et \u00e0 Moscou afin d\u2019entamer le dialogue. Nous ne resterons pas l\u00e0 \u00e0 regarder notre avenir et celui de nos enfants \u00eatre sacrifi\u00e9s sur l\u2019autel de la politique de puissance.<\/p>\n<p><strong>Vive l\u2019Europe, vive la paix, vive la libert\u00e9<\/strong><\/p>\n<p>&nbsp;<\/p>\n<p><a href=\"https:\/\/europeanpeaceproject.eu\" target=\"_blank\" rel=\"noopener\">En savoir plus sur cette initiative : https:\/\/europeanpeaceproject.eu<\/a><\/p>\n","protected":false},"excerpt":{"rendered":"<p>\u00ab Le 9 mai \u00e0 17h00 &#8211; il est temps de donner un signal pour l&rsquo;avenir pacifique de l&rsquo;Europe ! \u00bb Action commune des militants europ\u00e9ens pour la paix. \u00ab En tant que citoyenn\u00b7e europ\u00e9en\u00b7ne, je suis profond\u00e9ment inqui\u00e8t\u00b7e face&hellip;<\/p>\n","protected":false},"author":2248,"featured_media":2598223,"comment_status":"closed","ping_status":"closed","sticky":false,"template":"","format":"standard","meta":{"footnotes":""},"categories":[85,1250,93],"tags":[135664,135663],"class_list":["post-2598211","post","type-post","status-publish","format-standard","has-post-thumbnail","hentry","category-europe-fr","category-paix-desarmement","category-politique","tag-european-peace-project-fr","tag-projet-europeen-de-paix"],"yoast_head":"<!-- This site is optimized with the Yoast SEO plugin v27.1.1 - https:\/\/yoast.com\/product\/yoast-seo-wordpress\/ -->\n<title>Projet Europ\u00e9en de Paix \u2013 Vendredi 9 mai \u00e0 17h00 \u2013 il est temps de donner un signal pour l\u2019avenir pacifique de l\u2019Europe !<\/title>\n<meta name=\"description\" content=\"\u00ab Le 9 mai \u00e0 17h00 - il est temps de donner un signal pour l&#039;avenir pacifique de l&#039;Europe ! \u00bb Action commune des militants europ\u00e9ens pour la paix. \u00ab En\" \/>\n<meta name=\"robots\" content=\"index, follow, max-snippet:-1, max-image-preview:large, max-video-preview:-1\" \/>\n<link rel=\"canonical\" href=\"https:\/\/www.pressenza.com\/fr\/2025\/04\/projet-europeen-de-paix-vendredi-9-mai-a-17h00-il-est-temps-de-donner-un-signal-pour-lavenir-pacifique-de-leurope\/\" \/>\n<meta property=\"og:locale\" content=\"fr_FR\" \/>\n<meta property=\"og:type\" content=\"article\" \/>\n<meta property=\"og:title\" content=\"Projet Europ\u00e9en de Paix \u2013 Vendredi 9 mai \u00e0 17h00 \u2013 il est temps de donner un signal pour l\u2019avenir pacifique de l\u2019Europe !\" \/>\n<meta property=\"og:description\" content=\"\u00ab Le 9 mai \u00e0 17h00 - il est temps de donner un signal pour l&#039;avenir pacifique de l&#039;Europe ! \u00bb Action commune des militants europ\u00e9ens pour la paix. \u00ab En\" \/>\n<meta property=\"og:url\" content=\"https:\/\/www.pressenza.com\/fr\/2025\/04\/projet-europeen-de-paix-vendredi-9-mai-a-17h00-il-est-temps-de-donner-un-signal-pour-lavenir-pacifique-de-leurope\/\" \/>\n<meta property=\"og:site_name\" content=\"Pressenza\" \/>\n<meta property=\"article:publisher\" content=\"https:\/\/www.facebook.com\/PressenzaItalia\" \/>\n<meta property=\"article:published_time\" content=\"2025-04-16T16:33:55+00:00\" \/>\n<meta property=\"og:image\" content=\"https:\/\/www.pressenza.com\/wp-content\/uploads\/2025\/04\/european-peace-project.jpg\" \/>\n\t<meta property=\"og:image:width\" content=\"943\" \/>\n\t<meta property=\"og:image:height\" content=\"572\" \/>\n\t<meta property=\"og:image:type\" content=\"image\/jpeg\" \/>\n<meta name=\"author\" content=\"ZEITPUNKT\" \/>\n<meta name=\"twitter:card\" content=\"summary_large_image\" \/>\n<meta name=\"twitter:creator\" content=\"@PressenzaIPA\" \/>\n<meta name=\"twitter:site\" content=\"@PressenzaIPA\" \/>\n<meta name=\"twitter:label1\" content=\"\u00c9crit par\" \/>\n\t<meta name=\"twitter:data1\" content=\"ZEITPUNKT\" \/>\n\t<meta name=\"twitter:label2\" content=\"Dur\u00e9e de lecture estim\u00e9e\" \/>\n\t<meta name=\"twitter:data2\" content=\"5 minutes\" \/>\n<script type=\"application\/ld+json\" class=\"yoast-schema-graph\">{\"@context\":\"https:\/\/schema.org\",\"@graph\":[{\"@type\":\"Article\",\"@id\":\"https:\/\/www.pressenza.com\/fr\/2025\/04\/projet-europeen-de-paix-vendredi-9-mai-a-17h00-il-est-temps-de-donner-un-signal-pour-lavenir-pacifique-de-leurope\/#article\",\"isPartOf\":{\"@id\":\"https:\/\/www.pressenza.com\/fr\/2025\/04\/projet-europeen-de-paix-vendredi-9-mai-a-17h00-il-est-temps-de-donner-un-signal-pour-lavenir-pacifique-de-leurope\/\"},\"author\":{\"name\":\"ZEITPUNKT\",\"@id\":\"https:\/\/www.pressenza.com\/fr\/#\/schema\/person\/d0d3a98887409dbb1950d82e24b42010\"},\"headline\":\"Projet Europ\u00e9en de Paix \u2013 Vendredi 9 mai \u00e0 17h00 \u2013 il est temps de donner un signal pour l\u2019avenir pacifique de l\u2019Europe !\",\"datePublished\":\"2025-04-16T16:33:55+00:00\",\"mainEntityOfPage\":{\"@id\":\"https:\/\/www.pressenza.com\/fr\/2025\/04\/projet-europeen-de-paix-vendredi-9-mai-a-17h00-il-est-temps-de-donner-un-signal-pour-lavenir-pacifique-de-leurope\/\"},\"wordCount\":937,\"publisher\":{\"@id\":\"https:\/\/www.pressenza.com\/fr\/#organization\"},\"image\":{\"@id\":\"https:\/\/www.pressenza.com\/fr\/2025\/04\/projet-europeen-de-paix-vendredi-9-mai-a-17h00-il-est-temps-de-donner-un-signal-pour-lavenir-pacifique-de-leurope\/#primaryimage\"},\"thumbnailUrl\":\"https:\/\/www.pressenza.com\/wp-content\/uploads\/2025\/04\/european-peace-project.jpg\",\"keywords\":[\"European Peace Project\",\"Projet europ\u00e9en de paix\"],\"articleSection\":[\"Europe\",\"Paix et D\u00e9sarmement\",\"Politique\"],\"inLanguage\":\"fr-FR\"},{\"@type\":\"WebPage\",\"@id\":\"https:\/\/www.pressenza.com\/fr\/2025\/04\/projet-europeen-de-paix-vendredi-9-mai-a-17h00-il-est-temps-de-donner-un-signal-pour-lavenir-pacifique-de-leurope\/\",\"url\":\"https:\/\/www.pressenza.com\/fr\/2025\/04\/projet-europeen-de-paix-vendredi-9-mai-a-17h00-il-est-temps-de-donner-un-signal-pour-lavenir-pacifique-de-leurope\/\",\"name\":\"Projet Europ\u00e9en de Paix \u2013 Vendredi 9 mai \u00e0 17h00 \u2013 il est temps de donner un signal pour l\u2019avenir pacifique de l\u2019Europe !\",\"isPartOf\":{\"@id\":\"https:\/\/www.pressenza.com\/fr\/#website\"},\"primaryImageOfPage\":{\"@id\":\"https:\/\/www.pressenza.com\/fr\/2025\/04\/projet-europeen-de-paix-vendredi-9-mai-a-17h00-il-est-temps-de-donner-un-signal-pour-lavenir-pacifique-de-leurope\/#primaryimage\"},\"image\":{\"@id\":\"https:\/\/www.pressenza.com\/fr\/2025\/04\/projet-europeen-de-paix-vendredi-9-mai-a-17h00-il-est-temps-de-donner-un-signal-pour-lavenir-pacifique-de-leurope\/#primaryimage\"},\"thumbnailUrl\":\"https:\/\/www.pressenza.com\/wp-content\/uploads\/2025\/04\/european-peace-project.jpg\",\"datePublished\":\"2025-04-16T16:33:55+00:00\",\"description\":\"\u00ab Le 9 mai \u00e0 17h00 - il est temps de donner un signal pour l'avenir pacifique de l'Europe ! \u00bb Action commune des militants europ\u00e9ens pour la paix. \u00ab En\",\"breadcrumb\":{\"@id\":\"https:\/\/www.pressenza.com\/fr\/2025\/04\/projet-europeen-de-paix-vendredi-9-mai-a-17h00-il-est-temps-de-donner-un-signal-pour-lavenir-pacifique-de-leurope\/#breadcrumb\"},\"inLanguage\":\"fr-FR\",\"potentialAction\":[{\"@type\":\"ReadAction\",\"target\":[\"https:\/\/www.pressenza.com\/fr\/2025\/04\/projet-europeen-de-paix-vendredi-9-mai-a-17h00-il-est-temps-de-donner-un-signal-pour-lavenir-pacifique-de-leurope\/\"]}]},{\"@type\":\"ImageObject\",\"inLanguage\":\"fr-FR\",\"@id\":\"https:\/\/www.pressenza.com\/fr\/2025\/04\/projet-europeen-de-paix-vendredi-9-mai-a-17h00-il-est-temps-de-donner-un-signal-pour-lavenir-pacifique-de-leurope\/#primaryimage\",\"url\":\"https:\/\/www.pressenza.com\/wp-content\/uploads\/2025\/04\/european-peace-project.jpg\",\"contentUrl\":\"https:\/\/www.pressenza.com\/wp-content\/uploads\/2025\/04\/european-peace-project.jpg\",\"width\":943,\"height\":572,\"caption\":\"P\u00e1g. internet do \\\"European Peace Project\\\": https:\/\/europeanpeaceproject.eu\"},{\"@type\":\"BreadcrumbList\",\"@id\":\"https:\/\/www.pressenza.com\/fr\/2025\/04\/projet-europeen-de-paix-vendredi-9-mai-a-17h00-il-est-temps-de-donner-un-signal-pour-lavenir-pacifique-de-leurope\/#breadcrumb\",\"itemListElement\":[{\"@type\":\"ListItem\",\"position\":1,\"name\":\"Accueil\",\"item\":\"https:\/\/www.pressenza.com\/fr\/\"},{\"@type\":\"ListItem\",\"position\":2,\"name\":\"Projet Europ\u00e9en de Paix \u2013 Vendredi 9 mai \u00e0 17h00 \u2013 il est temps de donner un signal pour l\u2019avenir pacifique de l\u2019Europe !\"}]},{\"@type\":\"WebSite\",\"@id\":\"https:\/\/www.pressenza.com\/fr\/#website\",\"url\":\"https:\/\/www.pressenza.com\/fr\/\",\"name\":\"Pressenza\",\"description\":\"International Press Agency\",\"publisher\":{\"@id\":\"https:\/\/www.pressenza.com\/fr\/#organization\"},\"potentialAction\":[{\"@type\":\"SearchAction\",\"target\":{\"@type\":\"EntryPoint\",\"urlTemplate\":\"https:\/\/www.pressenza.com\/fr\/?s={search_term_string}\"},\"query-input\":{\"@type\":\"PropertyValueSpecification\",\"valueRequired\":true,\"valueName\":\"search_term_string\"}}],\"inLanguage\":\"fr-FR\"},{\"@type\":\"Organization\",\"@id\":\"https:\/\/www.pressenza.com\/fr\/#organization\",\"name\":\"Pressenza\",\"url\":\"https:\/\/www.pressenza.com\/fr\/\",\"logo\":{\"@type\":\"ImageObject\",\"inLanguage\":\"fr-FR\",\"@id\":\"https:\/\/www.pressenza.com\/fr\/#\/schema\/logo\/image\/\",\"url\":\"https:\/\/www.pressenza.com\/wp-content\/uploads\/2022\/10\/pressenza_logo_200x200.jpg\",\"contentUrl\":\"https:\/\/www.pressenza.com\/wp-content\/uploads\/2022\/10\/pressenza_logo_200x200.jpg\",\"width\":200,\"height\":200,\"caption\":\"Pressenza\"},\"image\":{\"@id\":\"https:\/\/www.pressenza.com\/fr\/#\/schema\/logo\/image\/\"},\"sameAs\":[\"https:\/\/www.facebook.com\/PressenzaItalia\",\"https:\/\/x.com\/PressenzaIPA\"]},{\"@type\":\"Person\",\"@id\":\"https:\/\/www.pressenza.com\/fr\/#\/schema\/person\/d0d3a98887409dbb1950d82e24b42010\",\"name\":\"ZEITPUNKT\",\"description\":\"Der ZEITPUNKT ist unabh\u00e4ngig von Organisationen, Parteien und Gruppierungen und wird von freien Beitr\u00e4gen der Leserinnen und Leser getragen. Das Copyright dieser Seite und ihrer Inhalte liegt beim Zeitpunkt bzw. den jeweiligen AutorInnen und ihren Verlagen. Weiterverwendung in jeder Form nur mit schriftlicher Genehmigung der Copyright-Inhaber.\",\"sameAs\":[\"https:\/\/zeitpunkt.ch\/\"],\"url\":\"https:\/\/www.pressenza.com\/fr\/author\/zeitpunkt\/\"}]}<\/script>\n<!-- \/ Yoast SEO plugin. -->","yoast_head_json":{"title":"Projet Europ\u00e9en de Paix \u2013 Vendredi 9 mai \u00e0 17h00 \u2013 il est temps de donner un signal pour l\u2019avenir pacifique de l\u2019Europe !","description":"\u00ab Le 9 mai \u00e0 17h00 - il est temps de donner un signal pour l'avenir pacifique de l'Europe ! \u00bb Action commune des militants europ\u00e9ens pour la paix. \u00ab En","robots":{"index":"index","follow":"follow","max-snippet":"max-snippet:-1","max-image-preview":"max-image-preview:large","max-video-preview":"max-video-preview:-1"},"canonical":"https:\/\/www.pressenza.com\/fr\/2025\/04\/projet-europeen-de-paix-vendredi-9-mai-a-17h00-il-est-temps-de-donner-un-signal-pour-lavenir-pacifique-de-leurope\/","og_locale":"fr_FR","og_type":"article","og_title":"Projet Europ\u00e9en de Paix \u2013 Vendredi 9 mai \u00e0 17h00 \u2013 il est temps de donner un signal pour l\u2019avenir pacifique de l\u2019Europe !","og_description":"\u00ab Le 9 mai \u00e0 17h00 - il est temps de donner un signal pour l'avenir pacifique de l'Europe ! \u00bb Action commune des militants europ\u00e9ens pour la paix. \u00ab En","og_url":"https:\/\/www.pressenza.com\/fr\/2025\/04\/projet-europeen-de-paix-vendredi-9-mai-a-17h00-il-est-temps-de-donner-un-signal-pour-lavenir-pacifique-de-leurope\/","og_site_name":"Pressenza","article_publisher":"https:\/\/www.facebook.com\/PressenzaItalia","article_published_time":"2025-04-16T16:33:55+00:00","og_image":[{"width":943,"height":572,"url":"https:\/\/www.pressenza.com\/wp-content\/uploads\/2025\/04\/european-peace-project.jpg","type":"image\/jpeg"}],"author":"ZEITPUNKT","twitter_card":"summary_large_image","twitter_creator":"@PressenzaIPA","twitter_site":"@PressenzaIPA","twitter_misc":{"\u00c9crit par":"ZEITPUNKT","Dur\u00e9e de lecture estim\u00e9e":"5 minutes"},"schema":{"@context":"https:\/\/schema.org","@graph":[{"@type":"Article","@id":"https:\/\/www.pressenza.com\/fr\/2025\/04\/projet-europeen-de-paix-vendredi-9-mai-a-17h00-il-est-temps-de-donner-un-signal-pour-lavenir-pacifique-de-leurope\/#article","isPartOf":{"@id":"https:\/\/www.pressenza.com\/fr\/2025\/04\/projet-europeen-de-paix-vendredi-9-mai-a-17h00-il-est-temps-de-donner-un-signal-pour-lavenir-pacifique-de-leurope\/"},"author":{"name":"ZEITPUNKT","@id":"https:\/\/www.pressenza.com\/fr\/#\/schema\/person\/d0d3a98887409dbb1950d82e24b42010"},"headline":"Projet Europ\u00e9en de Paix \u2013 Vendredi 9 mai \u00e0 17h00 \u2013 il est temps de donner un signal pour l\u2019avenir pacifique de l\u2019Europe !","datePublished":"2025-04-16T16:33:55+00:00","mainEntityOfPage":{"@id":"https:\/\/www.pressenza.com\/fr\/2025\/04\/projet-europeen-de-paix-vendredi-9-mai-a-17h00-il-est-temps-de-donner-un-signal-pour-lavenir-pacifique-de-leurope\/"},"wordCount":937,"publisher":{"@id":"https:\/\/www.pressenza.com\/fr\/#organization"},"image":{"@id":"https:\/\/www.pressenza.com\/fr\/2025\/04\/projet-europeen-de-paix-vendredi-9-mai-a-17h00-il-est-temps-de-donner-un-signal-pour-lavenir-pacifique-de-leurope\/#primaryimage"},"thumbnailUrl":"https:\/\/www.pressenza.com\/wp-content\/uploads\/2025\/04\/european-peace-project.jpg","keywords":["European Peace Project","Projet europ\u00e9en de paix"],"articleSection":["Europe","Paix et D\u00e9sarmement","Politique"],"inLanguage":"fr-FR"},{"@type":"WebPage","@id":"https:\/\/www.pressenza.com\/fr\/2025\/04\/projet-europeen-de-paix-vendredi-9-mai-a-17h00-il-est-temps-de-donner-un-signal-pour-lavenir-pacifique-de-leurope\/","url":"https:\/\/www.pressenza.com\/fr\/2025\/04\/projet-europeen-de-paix-vendredi-9-mai-a-17h00-il-est-temps-de-donner-un-signal-pour-lavenir-pacifique-de-leurope\/","name":"Projet Europ\u00e9en de Paix \u2013 Vendredi 9 mai \u00e0 17h00 \u2013 il est temps de donner un signal pour l\u2019avenir pacifique de l\u2019Europe !","isPartOf":{"@id":"https:\/\/www.pressenza.com\/fr\/#website"},"primaryImageOfPage":{"@id":"https:\/\/www.pressenza.com\/fr\/2025\/04\/projet-europeen-de-paix-vendredi-9-mai-a-17h00-il-est-temps-de-donner-un-signal-pour-lavenir-pacifique-de-leurope\/#primaryimage"},"image":{"@id":"https:\/\/www.pressenza.com\/fr\/2025\/04\/projet-europeen-de-paix-vendredi-9-mai-a-17h00-il-est-temps-de-donner-un-signal-pour-lavenir-pacifique-de-leurope\/#primaryimage"},"thumbnailUrl":"https:\/\/www.pressenza.com\/wp-content\/uploads\/2025\/04\/european-peace-project.jpg","datePublished":"2025-04-16T16:33:55+00:00","description":"\u00ab Le 9 mai \u00e0 17h00 - il est temps de donner un signal pour l'avenir pacifique de l'Europe ! \u00bb Action commune des militants europ\u00e9ens pour la paix. \u00ab En","breadcrumb":{"@id":"https:\/\/www.pressenza.com\/fr\/2025\/04\/projet-europeen-de-paix-vendredi-9-mai-a-17h00-il-est-temps-de-donner-un-signal-pour-lavenir-pacifique-de-leurope\/#breadcrumb"},"inLanguage":"fr-FR","potentialAction":[{"@type":"ReadAction","target":["https:\/\/www.pressenza.com\/fr\/2025\/04\/projet-europeen-de-paix-vendredi-9-mai-a-17h00-il-est-temps-de-donner-un-signal-pour-lavenir-pacifique-de-leurope\/"]}]},{"@type":"ImageObject","inLanguage":"fr-FR","@id":"https:\/\/www.pressenza.com\/fr\/2025\/04\/projet-europeen-de-paix-vendredi-9-mai-a-17h00-il-est-temps-de-donner-un-signal-pour-lavenir-pacifique-de-leurope\/#primaryimage","url":"https:\/\/www.pressenza.com\/wp-content\/uploads\/2025\/04\/european-peace-project.jpg","contentUrl":"https:\/\/www.pressenza.com\/wp-content\/uploads\/2025\/04\/european-peace-project.jpg","width":943,"height":572,"caption":"P\u00e1g. internet do \"European Peace Project\": https:\/\/europeanpeaceproject.eu"},{"@type":"BreadcrumbList","@id":"https:\/\/www.pressenza.com\/fr\/2025\/04\/projet-europeen-de-paix-vendredi-9-mai-a-17h00-il-est-temps-de-donner-un-signal-pour-lavenir-pacifique-de-leurope\/#breadcrumb","itemListElement":[{"@type":"ListItem","position":1,"name":"Accueil","item":"https:\/\/www.pressenza.com\/fr\/"},{"@type":"ListItem","position":2,"name":"Projet Europ\u00e9en de Paix \u2013 Vendredi 9 mai \u00e0 17h00 \u2013 il est temps de donner un signal pour l\u2019avenir pacifique de l\u2019Europe !"}]},{"@type":"WebSite","@id":"https:\/\/www.pressenza.com\/fr\/#website","url":"https:\/\/www.pressenza.com\/fr\/","name":"Pressenza","description":"International Press Agency","publisher":{"@id":"https:\/\/www.pressenza.com\/fr\/#organization"},"potentialAction":[{"@type":"SearchAction","target":{"@type":"EntryPoint","urlTemplate":"https:\/\/www.pressenza.com\/fr\/?s={search_term_string}"},"query-input":{"@type":"PropertyValueSpecification","valueRequired":true,"valueName":"search_term_string"}}],"inLanguage":"fr-FR"},{"@type":"Organization","@id":"https:\/\/www.pressenza.com\/fr\/#organization","name":"Pressenza","url":"https:\/\/www.pressenza.com\/fr\/","logo":{"@type":"ImageObject","inLanguage":"fr-FR","@id":"https:\/\/www.pressenza.com\/fr\/#\/schema\/logo\/image\/","url":"https:\/\/www.pressenza.com\/wp-content\/uploads\/2022\/10\/pressenza_logo_200x200.jpg","contentUrl":"https:\/\/www.pressenza.com\/wp-content\/uploads\/2022\/10\/pressenza_logo_200x200.jpg","width":200,"height":200,"caption":"Pressenza"},"image":{"@id":"https:\/\/www.pressenza.com\/fr\/#\/schema\/logo\/image\/"},"sameAs":["https:\/\/www.facebook.com\/PressenzaItalia","https:\/\/x.com\/PressenzaIPA"]},{"@type":"Person","@id":"https:\/\/www.pressenza.com\/fr\/#\/schema\/person\/d0d3a98887409dbb1950d82e24b42010","name":"ZEITPUNKT","description":"Der ZEITPUNKT ist unabh\u00e4ngig von Organisationen, Parteien und Gruppierungen und wird von freien Beitr\u00e4gen der Leserinnen und Leser getragen. Das Copyright dieser Seite und ihrer Inhalte liegt beim Zeitpunkt bzw. den jeweiligen AutorInnen und ihren Verlagen. Weiterverwendung in jeder Form nur mit schriftlicher Genehmigung der Copyright-Inhaber.","sameAs":["https:\/\/zeitpunkt.ch\/"],"url":"https:\/\/www.pressenza.com\/fr\/author\/zeitpunkt\/"}]}},"place":"Allemagne","original_article_url":"https:\/\/europeanpeaceproject.eu\/manifest-frans\/","_links":{"self":[{"href":"https:\/\/www.pressenza.com\/fr\/wp-json\/wp\/v2\/posts\/2598211","targetHints":{"allow":["GET"]}}],"collection":[{"href":"https:\/\/www.pressenza.com\/fr\/wp-json\/wp\/v2\/posts"}],"about":[{"href":"https:\/\/www.pressenza.com\/fr\/wp-json\/wp\/v2\/types\/post"}],"author":[{"embeddable":true,"href":"https:\/\/www.pressenza.com\/fr\/wp-json\/wp\/v2\/users\/2248"}],"replies":[{"embeddable":true,"href":"https:\/\/www.pressenza.com\/fr\/wp-json\/wp\/v2\/comments?post=2598211"}],"version-history":[{"count":0,"href":"https:\/\/www.pressenza.com\/fr\/wp-json\/wp\/v2\/posts\/2598211\/revisions"}],"wp:featuredmedia":[{"embeddable":true,"href":"https:\/\/www.pressenza.com\/fr\/wp-json\/wp\/v2\/media\/2598223"}],"wp:attachment":[{"href":"https:\/\/www.pressenza.com\/fr\/wp-json\/wp\/v2\/media?parent=2598211"}],"wp:term":[{"taxonomy":"category","embeddable":true,"href":"https:\/\/www.pressenza.com\/fr\/wp-json\/wp\/v2\/categories?post=2598211"},{"taxonomy":"post_tag","embeddable":true,"href":"https:\/\/www.pressenza.com\/fr\/wp-json\/wp\/v2\/tags?post=2598211"}],"curies":[{"name":"wp","href":"https:\/\/api.w.org\/{rel}","templated":true}]}}