{"id":2596497,"date":"2025-04-10T11:49:24","date_gmt":"2025-04-10T10:49:24","guid":{"rendered":"https:\/\/www.pressenza.com\/?p=2596497"},"modified":"2025-04-18T19:20:57","modified_gmt":"2025-04-18T18:20:57","slug":"femmes-autrichiennes-de-pionnieres-et-de-combattantes-resi-pesendorfer","status":"publish","type":"post","link":"https:\/\/www.pressenza.com\/fr\/2025\/04\/femmes-autrichiennes-de-pionnieres-et-de-combattantes-resi-pesendorfer\/","title":{"rendered":"Femmes autrichiennes &#8211; De pionni\u00e8res et de combattantes : Resi Pesendorfer"},"content":{"rendered":"<p><strong>Resi Pesendorfer<\/strong> (1902-1989) \u00e9tait une figure marquante de la r\u00e9sistance autrichienne contre le national-socialisme et l&rsquo;austro-fascisme. N\u00e9e Theresia Laimer le 21 juin 1902 \u00e0 Bad Ischl, elle a grandi dans des conditions modestes. Son p\u00e8re travaillait dans les salines, sa m\u00e8re est d\u00e9c\u00e9d\u00e9e tr\u00e8s t\u00f4t &#8211; un coup du sort qui a radicalement chang\u00e9 la vie de la jeune fille alors \u00e2g\u00e9e de dix ans. Afin de contribuer \u00e0 la subsistance de la famille, elle a travaill\u00e9 d\u00e8s son plus jeune \u00e2ge chez des paysans des environs.<\/p>\n<p>Son engagement politique a commenc\u00e9 dans les ann\u00e9es 1920. Elle sympathisa avec la social-d\u00e9mocratie avant d&rsquo;\u00e9pouser Ferdinand Pesendorfer en 1926, avec qui elle eut un fils. Les bouleversements politiques incit\u00e8rent le couple \u00e0 adh\u00e9rer au Parti communiste autrichien (KP\u00d6), alors interdit &#8211; une d\u00e9cision qui allait marquer sa vie de mani\u00e8re d\u00e9cisive.<\/p>\n<p><strong>La r\u00e9sistance dans l&rsquo;ombre<\/strong><\/p>\n<p>En 1937, Pesendorfer fonda dans la r\u00e9gion de Bad Ischl un groupe ill\u00e9gal de femmes qui s&rsquo;opposait au r\u00e9gime autoritaire. Ses membres se charg\u00e8rent de faire passer des messages et veill\u00e8rent \u00e0 ce que les liens entre les cellules secr\u00e8tes de la r\u00e9gion de Salzkammergut soient maintenus. M\u00eame apr\u00e8s l&rsquo;\u00ab annexion \u00bb de l&rsquo;Autriche au Reich allemand, ce travail s&rsquo;est poursuivi, malgr\u00e9 le danger croissant de la Gestapo.<\/p>\n<p>La situation s&rsquo;est aggrav\u00e9e en 1941 : une vague d&rsquo;arrestations a secou\u00e9 la r\u00e9gion. Tandis que de nombreux hommes &#8211; dont son propre mari &#8211; \u00e9taient emprisonn\u00e9s ou envoy\u00e9s au front, les t\u00e2ches des femmes augmentaient. Resi Pesendorfer a pris de plus en plus de responsabilit\u00e9s au sein de la r\u00e9sistance.<\/p>\n<p>Lorsqu&rsquo;en 1942, deux d\u00e9tenus, Karl Gitzoller et Alois Straubinger, r\u00e9ussirent \u00e0 s&rsquo;\u00e9chapper de prison, elle organisa pour Gitzoller une cachette dans la villa vide Waldh\u00fctte, o\u00f9 elle travailla comme femme de m\u00e9nage. Bri\u00e8vement arr\u00eat\u00e9e par la Gestapo, elle n&rsquo;a \u00e9chapp\u00e9 \u00e0 une d\u00e9tention prolong\u00e9e que parce qu&rsquo;aucune preuve n&rsquo;a pu \u00eatre apport\u00e9e. Son engagement ne s&rsquo;est pas d\u00e9menti. En automne 1943, elle r\u00e9ussit &#8211; avec la r\u00e9sistante Agnes Primocic et d&rsquo;autres &#8211; \u00e0 aider le prisonnier de camp de concentration Sepp Plieseis \u00e0 s&rsquo;\u00e9vader.<\/p>\n<p><strong>Le r\u00e9seau Willy-Fred<\/strong><\/p>\n<p>Apr\u00e8s l&rsquo;\u00e9vasion r\u00e9ussie de Sepp Plieseis en 1943, l&rsquo;un des groupes de r\u00e9sistance les plus actifs et les mieux organis\u00e9s de la r\u00e9gion du Salzkammergut s&rsquo;est d\u00e9velopp\u00e9 autour de lui : le groupe \u00ab Willy-Fred \u00bb. Le nom est compos\u00e9 des noms de code que Plieseis utilisait pendant sa p\u00e9riode de clandestinit\u00e9 &#8211; d&rsquo;abord \u00ab Willy \u00bb, puis \u00ab Fred \u00bb.<\/p>\n<p>Le groupe \u00e9tait constitu\u00e9 d&rsquo;une association informelle de d\u00e9serteurs, d&rsquo;opposants au nazisme pass\u00e9s dans la clandestinit\u00e9, d&rsquo;anciens d\u00e9tenus de camps de concentration et de civils courageux. Leur objectif \u00e9tait de saper le pouvoir fasciste &#8211; non pas par des actes de sabotage spectaculaires, mais par un soutien silencieux et pers\u00e9v\u00e9rant et l&rsquo;organisation d&rsquo;un r\u00e9seau vital pour les pers\u00e9cut\u00e9s.<\/p>\n<p>Le \u00ab h\u00e9risson \u00bb, un abri camoufl\u00e9 situ\u00e9 dans les montagnes recul\u00e9es pr\u00e8s d&rsquo;Ischl, jouait un r\u00f4le central \u00e0 cet \u00e9gard. Des centaines de personnes s&rsquo;y cachaient parfois pour \u00e9chapper \u00e0 la Gestapo. Mais une cachette ne suffisait pas : Ce sont des personnes comme Resi Pesendorfer, Marianne Feldhammer, Leni Egger et bien d&rsquo;autres femmes qui, par leur travail dans la vall\u00e9e, ont cr\u00e9\u00e9 les bases de la survie dans leur isolement. Elles ont organis\u00e9 des vivres, des v\u00eatements, des messages, une aide m\u00e9dicale &#8211; et au besoin des armes et des munitions.<\/p>\n<p>Leurs actions n&rsquo;\u00e9taient pas seulement courageuses, elles \u00e9taient aussi tr\u00e8s risqu\u00e9es. Le simple fait de poss\u00e9der de la viande abattue sans autorisation pouvait \u00eatre sanctionn\u00e9 par des peines draconiennes. Malgr\u00e9 cela, les participants ont tenu bon, pouss\u00e9s par leur conviction et un profond sens de la justice. Le groupe \u00ab Willy-Fred \u00bb devint ainsi l&rsquo;un des exemples les plus efficaces de r\u00e9sistance civile en Autriche et surv\u00e9cut comme une r\u00e9ponse silencieuse mais puissante \u00e0 un r\u00e9gime brutal.<\/p>\n<p><strong>Une vie dans l&rsquo;ombre &#8211; et dans la lumi\u00e8re du souvenir<\/strong><\/p>\n<p>Apr\u00e8s la fin de la guerre, Resi Pesendorfer est rest\u00e9e \u00e0 Bad Ischl, o\u00f9 elle a continu\u00e9 \u00e0 vivre modestement et en retrait, avant de s&rsquo;installer plus tard \u00e0 Ebensee. Elle se souciait peu de l&rsquo;attention du public. Au lieu de grands discours, elle choisit de s&rsquo;engager en silence : au sein du KZ-Verband, une organisation autrichienne qui r\u00e9unit les survivants des camps de concentration, les r\u00e9sistants et les victimes du fascisme. Elle y d\u00e9fendait les int\u00e9r\u00eats des victimes du national-socialisme et \u00e9tait \u00e9galement active au sein de l&rsquo;Alliance des femmes d\u00e9mocrates et de la section locale du Parti communiste autrichien (KP\u00d6).<\/p>\n<p>Son histoire est longtemps rest\u00e9e dans l&rsquo;ombre de la culture officielle du souvenir. Ce n&rsquo;est qu&rsquo;en 1985 qu&rsquo;elle est revenue sur le devant de la sc\u00e8ne, lorsque la cin\u00e9aste Ruth Beckermann a fait le portrait du mouvement de r\u00e9sistance dans la r\u00e9gion du Salzkammergut dans son film documentaire \u00ab Der Igel \u00bb (Le h\u00e9risson). Resi Pesendorfer, alors \u00e2g\u00e9e de 83 ans, y prend elle-m\u00eame la parole &#8211; doucement, avec d\u00e9termination, avec le son de sa patrie dans la voix :<\/p>\n<p>Elle est d\u00e9c\u00e9d\u00e9e le 31 octobre 1989 \u00e0 l&rsquo;\u00e2ge de 87 ans. Elle a laiss\u00e9 derri\u00e8re elle non seulement son fils, mais aussi un h\u00e9ritage silencieux : celui d&rsquo;une femme qui s&rsquo;est lev\u00e9e contre l&rsquo;injustice avec courage, d\u00e9termination et humanit\u00e9 &#8211; et qui n&rsquo;a jamais demand\u00e9 de remerciements pour cela.<\/p>\n<p>En 2024, la <strong>place Theresia Pesendorfer<\/strong> a \u00e9t\u00e9 inaugur\u00e9e \u00e0 Bad Ischl en son honneur, signe visible de la reconnaissance qui lui avait \u00e9t\u00e9 largement refus\u00e9e de son vivant.<\/p>\n<p><img loading=\"lazy\" decoding=\"async\" class=\"aligncenter size-medium\" src=\"https:\/\/www.pressenza.com\/wp-content\/uploads\/2025\/04\/ChatGPT-Image-3.-Apr.-2025-08_39_31.png\" width=\"1024\" height=\"1024\" \/><\/p>\n<h5>Resi Pesendorfer 1902 &#8211; 1989 (g\u00e9n\u00e9r\u00e9 avec IA)<\/h5>\n<p>&nbsp;<\/p>\n<p><a href=\"https:\/\/www.pressenza.com\/fr\/tag\/femmes-autrichiennes\/\">Voir tous les articles publi\u00e9s dans la s\u00e9rie Femmes Autrichiennes<\/a><\/p>\n","protected":false},"excerpt":{"rendered":"<p>Resi Pesendorfer (1902-1989) \u00e9tait une figure marquante de la r\u00e9sistance autrichienne contre le national-socialisme et l&rsquo;austro-fascisme. N\u00e9e Theresia Laimer le 21 juin 1902 \u00e0 Bad Ischl, elle a grandi dans des conditions modestes. Son p\u00e8re travaillait dans les salines, sa&hellip;<\/p>\n","protected":false},"author":1090,"featured_media":2596542,"comment_status":"closed","ping_status":"closed","sticky":false,"template":"","format":"standard","meta":{"footnotes":""},"categories":[11386,85,54509,1250,93],"tags":[9521,5346,135766,3352,135325,1775,135326],"class_list":["post-2596497","post","type-post","status-publish","format-standard","has-post-thumbnail","hentry","category-contenu-original","category-europe-fr","category-genre-et-feminismes","category-paix-desarmement","category-politique","tag-autriche","tag-fascisme","tag-femmes-autrichiennes","tag-justice","tag-resi-pesendorfer","tag-resistance","tag-salzkammergut-fr"],"yoast_head":"<!-- This site is optimized with the Yoast SEO plugin v27.1.1 - https:\/\/yoast.com\/product\/yoast-seo-wordpress\/ -->\n<title>Femmes autrichiennes - De pionni\u00e8res et de combattantes : Resi Pesendorfer<\/title>\n<meta name=\"description\" content=\"Resi Pesendorfer (1902-1989) \u00e9tait une figure marquante de la r\u00e9sistance autrichienne contre le national-socialisme et l&#039;austro-fascisme. N\u00e9e Theresia\" \/>\n<meta name=\"robots\" content=\"index, follow, max-snippet:-1, max-image-preview:large, max-video-preview:-1\" \/>\n<link rel=\"canonical\" href=\"https:\/\/www.pressenza.com\/fr\/2025\/04\/femmes-autrichiennes-de-pionnieres-et-de-combattantes-resi-pesendorfer\/\" \/>\n<meta property=\"og:locale\" content=\"fr_FR\" \/>\n<meta property=\"og:type\" content=\"article\" \/>\n<meta property=\"og:title\" content=\"Femmes autrichiennes - De pionni\u00e8res et de combattantes : Resi Pesendorfer\" \/>\n<meta property=\"og:description\" content=\"Resi Pesendorfer (1902-1989) \u00e9tait une figure marquante de la r\u00e9sistance autrichienne contre le national-socialisme et l&#039;austro-fascisme. N\u00e9e Theresia\" \/>\n<meta property=\"og:url\" content=\"https:\/\/www.pressenza.com\/fr\/2025\/04\/femmes-autrichiennes-de-pionnieres-et-de-combattantes-resi-pesendorfer\/\" \/>\n<meta property=\"og:site_name\" content=\"Pressenza\" \/>\n<meta property=\"article:publisher\" content=\"https:\/\/www.facebook.com\/PressenzaItalia\" \/>\n<meta property=\"article:published_time\" content=\"2025-04-10T10:49:24+00:00\" \/>\n<meta property=\"article:modified_time\" content=\"2025-04-18T18:20:57+00:00\" \/>\n<meta property=\"og:image\" content=\"https:\/\/www.pressenza.com\/wp-content\/uploads\/2025\/04\/theresia-pesendorfer.jpg\" \/>\n\t<meta property=\"og:image:width\" content=\"820\" \/>\n\t<meta property=\"og:image:height\" content=\"460\" \/>\n\t<meta property=\"og:image:type\" content=\"image\/jpeg\" \/>\n<meta name=\"author\" content=\"Sabine Schmitz\" \/>\n<meta name=\"twitter:card\" content=\"summary_large_image\" \/>\n<meta name=\"twitter:creator\" content=\"@PressenzaIPA\" \/>\n<meta name=\"twitter:site\" content=\"@PressenzaIPA\" \/>\n<meta name=\"twitter:label1\" content=\"\u00c9crit par\" \/>\n\t<meta name=\"twitter:data1\" content=\"Sabine Schmitz\" \/>\n\t<meta name=\"twitter:label2\" content=\"Dur\u00e9e de lecture estim\u00e9e\" \/>\n\t<meta name=\"twitter:data2\" content=\"5 minutes\" \/>\n<script type=\"application\/ld+json\" class=\"yoast-schema-graph\">{\"@context\":\"https:\/\/schema.org\",\"@graph\":[{\"@type\":\"Article\",\"@id\":\"https:\/\/www.pressenza.com\/fr\/2025\/04\/femmes-autrichiennes-de-pionnieres-et-de-combattantes-resi-pesendorfer\/#article\",\"isPartOf\":{\"@id\":\"https:\/\/www.pressenza.com\/fr\/2025\/04\/femmes-autrichiennes-de-pionnieres-et-de-combattantes-resi-pesendorfer\/\"},\"author\":{\"name\":\"Sabine Schmitz\",\"@id\":\"https:\/\/www.pressenza.com\/fr\/#\/schema\/person\/c58ad4d6610e5f63ca1e6639de615c90\"},\"headline\":\"Femmes autrichiennes &#8211; De pionni\u00e8res et de combattantes : Resi Pesendorfer\",\"datePublished\":\"2025-04-10T10:49:24+00:00\",\"dateModified\":\"2025-04-18T18:20:57+00:00\",\"mainEntityOfPage\":{\"@id\":\"https:\/\/www.pressenza.com\/fr\/2025\/04\/femmes-autrichiennes-de-pionnieres-et-de-combattantes-resi-pesendorfer\/\"},\"wordCount\":1042,\"publisher\":{\"@id\":\"https:\/\/www.pressenza.com\/fr\/#organization\"},\"image\":{\"@id\":\"https:\/\/www.pressenza.com\/fr\/2025\/04\/femmes-autrichiennes-de-pionnieres-et-de-combattantes-resi-pesendorfer\/#primaryimage\"},\"thumbnailUrl\":\"https:\/\/www.pressenza.com\/wp-content\/uploads\/2025\/04\/theresia-pesendorfer.jpg\",\"keywords\":[\"Autriche\",\"fascisme\",\"Femmes autrichiennes\",\"justice\",\"Resi Pesendorfer\",\"r\u00e9sistance\",\"Salzkammergut\"],\"articleSection\":[\"Contenu Original\",\"Europe\",\"Genre et f\u00e9minismes\",\"Paix et D\u00e9sarmement\",\"Politique\"],\"inLanguage\":\"fr-FR\"},{\"@type\":\"WebPage\",\"@id\":\"https:\/\/www.pressenza.com\/fr\/2025\/04\/femmes-autrichiennes-de-pionnieres-et-de-combattantes-resi-pesendorfer\/\",\"url\":\"https:\/\/www.pressenza.com\/fr\/2025\/04\/femmes-autrichiennes-de-pionnieres-et-de-combattantes-resi-pesendorfer\/\",\"name\":\"Femmes autrichiennes - De pionni\u00e8res et de combattantes : Resi Pesendorfer\",\"isPartOf\":{\"@id\":\"https:\/\/www.pressenza.com\/fr\/#website\"},\"primaryImageOfPage\":{\"@id\":\"https:\/\/www.pressenza.com\/fr\/2025\/04\/femmes-autrichiennes-de-pionnieres-et-de-combattantes-resi-pesendorfer\/#primaryimage\"},\"image\":{\"@id\":\"https:\/\/www.pressenza.com\/fr\/2025\/04\/femmes-autrichiennes-de-pionnieres-et-de-combattantes-resi-pesendorfer\/#primaryimage\"},\"thumbnailUrl\":\"https:\/\/www.pressenza.com\/wp-content\/uploads\/2025\/04\/theresia-pesendorfer.jpg\",\"datePublished\":\"2025-04-10T10:49:24+00:00\",\"dateModified\":\"2025-04-18T18:20:57+00:00\",\"description\":\"Resi Pesendorfer (1902-1989) \u00e9tait une figure marquante de la r\u00e9sistance autrichienne contre le national-socialisme et l'austro-fascisme. N\u00e9e Theresia\",\"breadcrumb\":{\"@id\":\"https:\/\/www.pressenza.com\/fr\/2025\/04\/femmes-autrichiennes-de-pionnieres-et-de-combattantes-resi-pesendorfer\/#breadcrumb\"},\"inLanguage\":\"fr-FR\",\"potentialAction\":[{\"@type\":\"ReadAction\",\"target\":[\"https:\/\/www.pressenza.com\/fr\/2025\/04\/femmes-autrichiennes-de-pionnieres-et-de-combattantes-resi-pesendorfer\/\"]}]},{\"@type\":\"ImageObject\",\"inLanguage\":\"fr-FR\",\"@id\":\"https:\/\/www.pressenza.com\/fr\/2025\/04\/femmes-autrichiennes-de-pionnieres-et-de-combattantes-resi-pesendorfer\/#primaryimage\",\"url\":\"https:\/\/www.pressenza.com\/wp-content\/uploads\/2025\/04\/theresia-pesendorfer.jpg\",\"contentUrl\":\"https:\/\/www.pressenza.com\/wp-content\/uploads\/2025\/04\/theresia-pesendorfer.jpg\",\"width\":820,\"height\":460},{\"@type\":\"BreadcrumbList\",\"@id\":\"https:\/\/www.pressenza.com\/fr\/2025\/04\/femmes-autrichiennes-de-pionnieres-et-de-combattantes-resi-pesendorfer\/#breadcrumb\",\"itemListElement\":[{\"@type\":\"ListItem\",\"position\":1,\"name\":\"Accueil\",\"item\":\"https:\/\/www.pressenza.com\/fr\/\"},{\"@type\":\"ListItem\",\"position\":2,\"name\":\"Femmes autrichiennes &#8211; De pionni\u00e8res et de combattantes : Resi Pesendorfer\"}]},{\"@type\":\"WebSite\",\"@id\":\"https:\/\/www.pressenza.com\/fr\/#website\",\"url\":\"https:\/\/www.pressenza.com\/fr\/\",\"name\":\"Pressenza\",\"description\":\"International Press Agency\",\"publisher\":{\"@id\":\"https:\/\/www.pressenza.com\/fr\/#organization\"},\"potentialAction\":[{\"@type\":\"SearchAction\",\"target\":{\"@type\":\"EntryPoint\",\"urlTemplate\":\"https:\/\/www.pressenza.com\/fr\/?s={search_term_string}\"},\"query-input\":{\"@type\":\"PropertyValueSpecification\",\"valueRequired\":true,\"valueName\":\"search_term_string\"}}],\"inLanguage\":\"fr-FR\"},{\"@type\":\"Organization\",\"@id\":\"https:\/\/www.pressenza.com\/fr\/#organization\",\"name\":\"Pressenza\",\"url\":\"https:\/\/www.pressenza.com\/fr\/\",\"logo\":{\"@type\":\"ImageObject\",\"inLanguage\":\"fr-FR\",\"@id\":\"https:\/\/www.pressenza.com\/fr\/#\/schema\/logo\/image\/\",\"url\":\"https:\/\/www.pressenza.com\/wp-content\/uploads\/2022\/10\/pressenza_logo_200x200.jpg\",\"contentUrl\":\"https:\/\/www.pressenza.com\/wp-content\/uploads\/2022\/10\/pressenza_logo_200x200.jpg\",\"width\":200,\"height\":200,\"caption\":\"Pressenza\"},\"image\":{\"@id\":\"https:\/\/www.pressenza.com\/fr\/#\/schema\/logo\/image\/\"},\"sameAs\":[\"https:\/\/www.facebook.com\/PressenzaItalia\",\"https:\/\/x.com\/PressenzaIPA\"]},{\"@type\":\"Person\",\"@id\":\"https:\/\/www.pressenza.com\/fr\/#\/schema\/person\/c58ad4d6610e5f63ca1e6639de615c90\",\"name\":\"Sabine Schmitz\",\"description\":\"Born in 1968, lives in Vienna and has been actively involved in humanist projects in Germany, Africa and Austria since 1990. As an editor at Pressenza, she wants to help promote positive social change through reporting that focuses on peace and non-violence.\",\"url\":\"https:\/\/www.pressenza.com\/fr\/author\/sabine-kroesen\/\"}]}<\/script>\n<!-- \/ Yoast SEO plugin. -->","yoast_head_json":{"title":"Femmes autrichiennes - De pionni\u00e8res et de combattantes : Resi Pesendorfer","description":"Resi Pesendorfer (1902-1989) \u00e9tait une figure marquante de la r\u00e9sistance autrichienne contre le national-socialisme et l'austro-fascisme. N\u00e9e Theresia","robots":{"index":"index","follow":"follow","max-snippet":"max-snippet:-1","max-image-preview":"max-image-preview:large","max-video-preview":"max-video-preview:-1"},"canonical":"https:\/\/www.pressenza.com\/fr\/2025\/04\/femmes-autrichiennes-de-pionnieres-et-de-combattantes-resi-pesendorfer\/","og_locale":"fr_FR","og_type":"article","og_title":"Femmes autrichiennes - De pionni\u00e8res et de combattantes : Resi Pesendorfer","og_description":"Resi Pesendorfer (1902-1989) \u00e9tait une figure marquante de la r\u00e9sistance autrichienne contre le national-socialisme et l'austro-fascisme. N\u00e9e Theresia","og_url":"https:\/\/www.pressenza.com\/fr\/2025\/04\/femmes-autrichiennes-de-pionnieres-et-de-combattantes-resi-pesendorfer\/","og_site_name":"Pressenza","article_publisher":"https:\/\/www.facebook.com\/PressenzaItalia","article_published_time":"2025-04-10T10:49:24+00:00","article_modified_time":"2025-04-18T18:20:57+00:00","og_image":[{"width":820,"height":460,"url":"https:\/\/www.pressenza.com\/wp-content\/uploads\/2025\/04\/theresia-pesendorfer.jpg","type":"image\/jpeg"}],"author":"Sabine Schmitz","twitter_card":"summary_large_image","twitter_creator":"@PressenzaIPA","twitter_site":"@PressenzaIPA","twitter_misc":{"\u00c9crit par":"Sabine Schmitz","Dur\u00e9e de lecture estim\u00e9e":"5 minutes"},"schema":{"@context":"https:\/\/schema.org","@graph":[{"@type":"Article","@id":"https:\/\/www.pressenza.com\/fr\/2025\/04\/femmes-autrichiennes-de-pionnieres-et-de-combattantes-resi-pesendorfer\/#article","isPartOf":{"@id":"https:\/\/www.pressenza.com\/fr\/2025\/04\/femmes-autrichiennes-de-pionnieres-et-de-combattantes-resi-pesendorfer\/"},"author":{"name":"Sabine Schmitz","@id":"https:\/\/www.pressenza.com\/fr\/#\/schema\/person\/c58ad4d6610e5f63ca1e6639de615c90"},"headline":"Femmes autrichiennes &#8211; De pionni\u00e8res et de combattantes : Resi Pesendorfer","datePublished":"2025-04-10T10:49:24+00:00","dateModified":"2025-04-18T18:20:57+00:00","mainEntityOfPage":{"@id":"https:\/\/www.pressenza.com\/fr\/2025\/04\/femmes-autrichiennes-de-pionnieres-et-de-combattantes-resi-pesendorfer\/"},"wordCount":1042,"publisher":{"@id":"https:\/\/www.pressenza.com\/fr\/#organization"},"image":{"@id":"https:\/\/www.pressenza.com\/fr\/2025\/04\/femmes-autrichiennes-de-pionnieres-et-de-combattantes-resi-pesendorfer\/#primaryimage"},"thumbnailUrl":"https:\/\/www.pressenza.com\/wp-content\/uploads\/2025\/04\/theresia-pesendorfer.jpg","keywords":["Autriche","fascisme","Femmes autrichiennes","justice","Resi Pesendorfer","r\u00e9sistance","Salzkammergut"],"articleSection":["Contenu Original","Europe","Genre et f\u00e9minismes","Paix et D\u00e9sarmement","Politique"],"inLanguage":"fr-FR"},{"@type":"WebPage","@id":"https:\/\/www.pressenza.com\/fr\/2025\/04\/femmes-autrichiennes-de-pionnieres-et-de-combattantes-resi-pesendorfer\/","url":"https:\/\/www.pressenza.com\/fr\/2025\/04\/femmes-autrichiennes-de-pionnieres-et-de-combattantes-resi-pesendorfer\/","name":"Femmes autrichiennes - De pionni\u00e8res et de combattantes : Resi Pesendorfer","isPartOf":{"@id":"https:\/\/www.pressenza.com\/fr\/#website"},"primaryImageOfPage":{"@id":"https:\/\/www.pressenza.com\/fr\/2025\/04\/femmes-autrichiennes-de-pionnieres-et-de-combattantes-resi-pesendorfer\/#primaryimage"},"image":{"@id":"https:\/\/www.pressenza.com\/fr\/2025\/04\/femmes-autrichiennes-de-pionnieres-et-de-combattantes-resi-pesendorfer\/#primaryimage"},"thumbnailUrl":"https:\/\/www.pressenza.com\/wp-content\/uploads\/2025\/04\/theresia-pesendorfer.jpg","datePublished":"2025-04-10T10:49:24+00:00","dateModified":"2025-04-18T18:20:57+00:00","description":"Resi Pesendorfer (1902-1989) \u00e9tait une figure marquante de la r\u00e9sistance autrichienne contre le national-socialisme et l'austro-fascisme. N\u00e9e Theresia","breadcrumb":{"@id":"https:\/\/www.pressenza.com\/fr\/2025\/04\/femmes-autrichiennes-de-pionnieres-et-de-combattantes-resi-pesendorfer\/#breadcrumb"},"inLanguage":"fr-FR","potentialAction":[{"@type":"ReadAction","target":["https:\/\/www.pressenza.com\/fr\/2025\/04\/femmes-autrichiennes-de-pionnieres-et-de-combattantes-resi-pesendorfer\/"]}]},{"@type":"ImageObject","inLanguage":"fr-FR","@id":"https:\/\/www.pressenza.com\/fr\/2025\/04\/femmes-autrichiennes-de-pionnieres-et-de-combattantes-resi-pesendorfer\/#primaryimage","url":"https:\/\/www.pressenza.com\/wp-content\/uploads\/2025\/04\/theresia-pesendorfer.jpg","contentUrl":"https:\/\/www.pressenza.com\/wp-content\/uploads\/2025\/04\/theresia-pesendorfer.jpg","width":820,"height":460},{"@type":"BreadcrumbList","@id":"https:\/\/www.pressenza.com\/fr\/2025\/04\/femmes-autrichiennes-de-pionnieres-et-de-combattantes-resi-pesendorfer\/#breadcrumb","itemListElement":[{"@type":"ListItem","position":1,"name":"Accueil","item":"https:\/\/www.pressenza.com\/fr\/"},{"@type":"ListItem","position":2,"name":"Femmes autrichiennes &#8211; De pionni\u00e8res et de combattantes : Resi Pesendorfer"}]},{"@type":"WebSite","@id":"https:\/\/www.pressenza.com\/fr\/#website","url":"https:\/\/www.pressenza.com\/fr\/","name":"Pressenza","description":"International Press Agency","publisher":{"@id":"https:\/\/www.pressenza.com\/fr\/#organization"},"potentialAction":[{"@type":"SearchAction","target":{"@type":"EntryPoint","urlTemplate":"https:\/\/www.pressenza.com\/fr\/?s={search_term_string}"},"query-input":{"@type":"PropertyValueSpecification","valueRequired":true,"valueName":"search_term_string"}}],"inLanguage":"fr-FR"},{"@type":"Organization","@id":"https:\/\/www.pressenza.com\/fr\/#organization","name":"Pressenza","url":"https:\/\/www.pressenza.com\/fr\/","logo":{"@type":"ImageObject","inLanguage":"fr-FR","@id":"https:\/\/www.pressenza.com\/fr\/#\/schema\/logo\/image\/","url":"https:\/\/www.pressenza.com\/wp-content\/uploads\/2022\/10\/pressenza_logo_200x200.jpg","contentUrl":"https:\/\/www.pressenza.com\/wp-content\/uploads\/2022\/10\/pressenza_logo_200x200.jpg","width":200,"height":200,"caption":"Pressenza"},"image":{"@id":"https:\/\/www.pressenza.com\/fr\/#\/schema\/logo\/image\/"},"sameAs":["https:\/\/www.facebook.com\/PressenzaItalia","https:\/\/x.com\/PressenzaIPA"]},{"@type":"Person","@id":"https:\/\/www.pressenza.com\/fr\/#\/schema\/person\/c58ad4d6610e5f63ca1e6639de615c90","name":"Sabine Schmitz","description":"Born in 1968, lives in Vienna and has been actively involved in humanist projects in Germany, Africa and Austria since 1990. As an editor at Pressenza, she wants to help promote positive social change through reporting that focuses on peace and non-violence.","url":"https:\/\/www.pressenza.com\/fr\/author\/sabine-kroesen\/"}]}},"place":"Vienne, Autriche","original_article_url":"","_links":{"self":[{"href":"https:\/\/www.pressenza.com\/fr\/wp-json\/wp\/v2\/posts\/2596497","targetHints":{"allow":["GET"]}}],"collection":[{"href":"https:\/\/www.pressenza.com\/fr\/wp-json\/wp\/v2\/posts"}],"about":[{"href":"https:\/\/www.pressenza.com\/fr\/wp-json\/wp\/v2\/types\/post"}],"author":[{"embeddable":true,"href":"https:\/\/www.pressenza.com\/fr\/wp-json\/wp\/v2\/users\/1090"}],"replies":[{"embeddable":true,"href":"https:\/\/www.pressenza.com\/fr\/wp-json\/wp\/v2\/comments?post=2596497"}],"version-history":[{"count":0,"href":"https:\/\/www.pressenza.com\/fr\/wp-json\/wp\/v2\/posts\/2596497\/revisions"}],"wp:featuredmedia":[{"embeddable":true,"href":"https:\/\/www.pressenza.com\/fr\/wp-json\/wp\/v2\/media\/2596542"}],"wp:attachment":[{"href":"https:\/\/www.pressenza.com\/fr\/wp-json\/wp\/v2\/media?parent=2596497"}],"wp:term":[{"taxonomy":"category","embeddable":true,"href":"https:\/\/www.pressenza.com\/fr\/wp-json\/wp\/v2\/categories?post=2596497"},{"taxonomy":"post_tag","embeddable":true,"href":"https:\/\/www.pressenza.com\/fr\/wp-json\/wp\/v2\/tags?post=2596497"}],"curies":[{"name":"wp","href":"https:\/\/api.w.org\/{rel}","templated":true}]}}