{"id":2596200,"date":"2025-04-08T23:32:56","date_gmt":"2025-04-08T22:32:56","guid":{"rendered":"https:\/\/www.pressenza.com\/?p=2596200"},"modified":"2025-08-10T18:08:48","modified_gmt":"2025-08-10T17:08:48","slug":"defense-civile-non-violente-dcnv-histoire-dune-notion","status":"publish","type":"post","link":"https:\/\/www.pressenza.com\/fr\/2025\/04\/defense-civile-non-violente-dcnv-histoire-dune-notion\/","title":{"rendered":"D\u00e9fense civile non-violente DCNV : Histoire d\u2019une notion"},"content":{"rendered":"<p><strong>L\u2019id\u00e9e de D\u00e9fense civile non-violente, en tant qu\u2019alternative \u00e0 la d\u00e9fense militaire classique, a d\u00e9j\u00e0 une longue histoire. Elle a connu plusieurs \u00e9tapes et s\u2019est nourrie de l\u2019exp\u00e9rience des luttes et des r\u00e9sistances civiles au XXe si\u00e8cle.<\/strong><\/p>\n<p><span lang=\"FR\">L\u2019id\u00e9e de DCNV a r\u00e9ellement pris son essor \u00e0 une \u00e9poque, les ann\u00e9es soixante, o\u00f9 la course aux armements nucl\u00e9aires commen\u00e7ait \u00e0 faire peser de graves menaces sur la paix dans le monde. De nombreux ouvrages et travaux de recherche ont alors vu le jour, des conf\u00e9rences internationales ont \u00e9t\u00e9 organis\u00e9es et des gouvernements, en Europe, ont marqu\u00e9 leur int\u00e9r\u00eat pour <\/span><span lang=\"FR\">cette <\/span><span lang=\"FR\">strat\u00e9gie de d\u00e9fense.<\/span><\/p>\n<p><strong><span lang=\"FR\">Avant la Seconde Guerre mondiale<\/span><\/strong><\/p>\n<p>Le philosophe britannique Bertrand Russell (1872-1970) est l\u2019un des tout premiers \u00e0 exposer l\u2019id\u00e9e d\u2019une r\u00e9sistance non-violente concert\u00e9e par une d\u00e9sob\u00e9issance g\u00e9n\u00e9ralis\u00e9e contre une \u00e9ventuelle invasion allemande de l\u2019Angleterre. En 1915, dans un important article intitul\u00e9 <em>La<\/em> <em>Guerre et la non-r\u00e9sistanc<\/em>e<span style=\"color: #0000ff;\">[1]<\/span>, Russell, inspir\u00e9 par les th\u00e8ses des Quakers et Tolsto\u00ef, d\u00e9fend cette option avec force tout en critiquant le recours aux armements.<\/p>\n<p>Gandhi commence \u00e0 r\u00e9fl\u00e9chir aux possibilit\u00e9s d\u2019une d\u00e9fense nationale par la r\u00e9sistance non-violente d\u00e8s 1931. Il recommande une politique de d\u00e9fense non-violente \u00e0 la Suisse en 1931<span style=\"color: #0000ff;\">[2]<\/span>, \u00e0 l\u2019Abyssinie en 1935, \u00e0 la Tch\u00e9coslovaquie en 1938 et \u00e0 la Grande-Bretagne en 1940. Toutefois, le Parti du Congr\u00e8s en Inde rejettera sa proposition de d\u00e9fense non-violente en 1939, puis en 1940.<\/p>\n<p>Dans <em>Le pouvoir de la non-violence<\/em><span style=\"color: #0000ff;\">[3]<\/span> (1934), Richard Gregg sugg\u00e8re la r\u00e9sistance non-violente comme un \u00ab\u00a0substitut \u00e0 la guerre\u00a0\u00bb. En 1937, l\u2019universitaire am\u00e9ricain quaker, Kenneth Boulding (1910-1993), dans <em>Les chemins de la gloire\u00a0: une nouvelle fa\u00e7on de faire la guerre<\/em><span style=\"color: #0000ff;\">[4]<\/span>, d\u00e9veloppe le besoin d\u2019un substitut \u00e0 la guerre et propose la r\u00e9sistance non-violente comme alternative. Il est probablement le premier \u00e0 utiliser l\u2019expression \u00ab\u00a0transarmement\u00a0\u00bb.<\/p>\n<p>Toujours avant la Seconde Guerre mondiale, il faut signaler des publications issues de divers mouvements pacifistes ou non-violents qui ont eu un impact et suscit\u00e9 des d\u00e9bats et controverses. L\u2019\u00e9ducatrice am\u00e9ricaine Jessie Wallace Hughan, fondatrice et premi\u00e8re secr\u00e9taire de la Ligue des R\u00e9sistants \u00e0 la Guerre (en 1923), publie en 1939 <em>Si nous devions \u00eatre envahis\u00a0: face \u00e0 une hypoth\u00e8se fantastique<\/em><span style=\"color: #0000ff;\">[5]<\/span>, pamphlet dans lequel elle soutient que face \u00e0 une invasion arm\u00e9e la r\u00e9sistance non-violente serait plus efficace que le recours \u00e0 la puissance militaire.<\/p>\n<p><strong>Les pionniers de la recherche<\/strong><\/p>\n<p>Mais le tournant d\u00e9cisif viendra d\u2019un militaire anglais, Stephen King-Hall, auteur en 1958 de <em>D\u00e9fense \u00e0 l\u2019\u00e8re nucl\u00e9aire<\/em><span style=\"color: #0000ff;\">[6]<\/span>. Il propose que la Grande-Bretagne renonce aux armes nucl\u00e9aires, limite fortement ses forces militaires conventionnelles et se pr\u00e9pare \u00e0 la r\u00e9sistance non-violente. En conclusion de son opuscule, il affirme sa conviction que \u00ab la pr\u00e9paration de la nation \u00e0 la r\u00e9sistance non-violente et \u00e0 l&rsquo;attaque psychologique de l&rsquo;occupant devrait constituer l&rsquo;objectif principal de la d\u00e9fense civile \u00bb<span style=\"color: #0000ff;\">[7]<\/span>. Les d\u00e9bats provoqu\u00e9s par les propositions de King Hall marque un tournant dans la prise en compte de l\u2019id\u00e9e de d\u00e9fense civile non-violente.<\/p>\n<p>Plusieurs chercheurs \u00ab\u00a0pionniers\u00a0\u00bb vont alors proposer une r\u00e9flexion nouvelle sur la r\u00e9sistance civile appliqu\u00e9e \u00e0 un syst\u00e8me de d\u00e9fense nationale. L\u2019am\u00e9ricain Gene Sharp, d\u00e8s 1958, commence \u00e0 publier une s\u00e9rie de travaux sur l\u2019action non-violente, la r\u00e9sistance civile et la d\u00e9fense non-violente. Le norv\u00e9gien Johan Galtung d\u00e9veloppe l\u2019id\u00e9e de d\u00e9fense non-violente dans une perspective plus politique et plus syst\u00e9matique dans <em>D\u00e9fense sans syst\u00e8me militaire<\/em><span style=\"color: #0000ff;\">[8]<\/span> (1959). Theodor Ebert, en Allemagne, \u00e9dite en 1962 une brochure<span style=\"color: #0000ff;\">[9]<\/span> dans laquelle il pr\u00e9sente plusieurs id\u00e9es sur la pr\u00e9paration et l\u2019organisation de ce qu\u2019il nomme une \u00ab\u00a0arm\u00e9e civile non-violente\u00a0\u00bb. Adam Roberts, professeur \u00e0 l\u2019universit\u00e9 d\u2019Oxford, publie un livre important, plusieurs fois r\u00e9\u00e9dit\u00e9 et augment\u00e9, <em>La r\u00e9sistance civile comme d\u00e9fense nationale<\/em><span style=\"color: #0000ff;\">[10] <\/span>(1963).<\/p>\n<p>Ces premiers travaux aboutissent en septembre 1964, \u00e0 une rencontre internationale \u00e0 Oxford de sp\u00e9cialistes de la d\u00e9fense consacr\u00e9e \u00e0 la \u00ab <em>civilian defence <\/em>\u00bb (d\u00e9fense civile). Il en sortira un ouvrage collectif en 1967, sous la direction d&rsquo;Adam Roberts, <em>La strat\u00e9gie de la d\u00e9fense civile<\/em><span style=\"color: #0000ff;\">[11]<\/span>, qui restera longtemps l&rsquo;ouvrage de r\u00e9f\u00e9rence sur la question.<\/p>\n<p>La surprenante r\u00e9sistance non-violente des Tch\u00e9coslovaques \u00e0 l&rsquo;invasion sovi\u00e9tique en 1968 va susciter un int\u00e9r\u00eat qui ira croissant pour cette nouvelle notion, tant parmi les responsables politiques et militaires, notamment dans les pays scandinaves, que parmi les mouvements non-violents. La mise en \u00e9chec pendant six jours des projets politiques de l&rsquo;agresseur sovi\u00e9tique du fait de la r\u00e9sistance civile improvis\u00e9e des Tch\u00e8ques a frapp\u00e9 les esprits. Celle-ci fournit une mati\u00e8re premi\u00e8re pr\u00e9cieuse pour penser et pr\u00e9parer une r\u00e9sistance planifi\u00e9e nationale face \u00e0 l&rsquo;invasion d&rsquo;un territoire par une arm\u00e9e \u00e9trang\u00e8re.<\/p>\n<p>Ainsi, \u00e0 la fin des ann\u00e9es soixante, plusieurs gouvernements ou instituts de recherche sur la s\u00e9curit\u00e9, notamment en Su\u00e8de, au Danemark, en Norv\u00e8ge et aux Pays-Bas, marquent leur int\u00e9r\u00eat pour la d\u00e9fense civile non-violente et commandent des travaux de recherche. Toutefois, bien que, dans ces milieux institutionnels, la d\u00e9fense civile non-violente ne soit pas envisag\u00e9e comme une alternative \u00e0 la d\u00e9fense militaire, mais comme un compl\u00e9ment, aucun de ces pays n\u2019a pris l\u2019initiative de mettre en place les premiers \u00e9l\u00e9ments structurants d\u2019une d\u00e9fense civile non-violente.<\/p>\n<p><strong>Conf\u00e9rences et nouveaux travaux<\/strong><\/p>\n<p>Dans les ann\u00e9es 70, des conf\u00e9rences internationales sont organis\u00e9es afin de maintenir active la recherche et l\u2019int\u00e9r\u00eat pour ce nouveau type de d\u00e9fense\u00a0: en Finlande (Tampere, octobre 1970), en Su\u00e8de (Uppsala, 1972), en Belgique (Bruxelles, 1976), en Norv\u00e8ge (Oslo, 1978), \u00e0 Omaha, Nebraska, \u00c9tats-Unis (1978 et 1982), \u00e0 Anvers (1980), \u00e0 Strasbourg (1985).<\/p>\n<p>Parmi les initiatives ind\u00e9pendantes, il faut souligner les travaux de la Commission britannique pour une autre d\u00e9fense (<em>Alternative Defence Commission<\/em>). Mise en place en 1980, cette commission r\u00e9unit des personnes repr\u00e9sentant divers mouvements et courants d\u2019opposition aux armes nucl\u00e9aires. La perspective de son travail s\u2019inscrit dans l\u2019id\u00e9e d\u2019un renoncement par l\u2019Angleterre \u00e0 tout syst\u00e8me de d\u00e9fense impliquant des armes nucl\u00e9aires. Pr\u00e9sid\u00e9e par Frank Blackaby (directeur du SIPRI de Stockholm), coordonn\u00e9e par Mickael Randle, et travaillant en lien \u00e9troit avec le d\u00e9partement \u00ab\u00a0Peace Studies\u00a0\u00bb de l\u2019Universit\u00e9 de Bradford, la Commission produit, apr\u00e8s deux ans et demi de travail, un volumineux rapport sous le titre <em>Se d\u00e9fendre sans la bombe<\/em><span style=\"color: #0000ff;\">[12]<\/span>. Le chapitre 7 (qui a \u00e9t\u00e9 publi\u00e9 par <em>ANV<\/em><span style=\"color: #0000ff;\">[13]<\/span>) est enti\u00e8rement consacr\u00e9 \u00e0 la \u00ab\u00a0d\u00e9fense par r\u00e9sistance civile\u00a0\u00bb. Il demeure l\u2019un des documents de r\u00e9flexion sur la d\u00e9fense civile non-violente parmi les plus aboutis.<\/p>\n<p>L\u2019un des auteurs les plus prolifiques sur la question est sans conteste l&rsquo;\u00e9tatsunien Gene Sharp (1928-2018), auteur en 1973 d\u2019une monumentale somme sur l\u2019action non-violente<span style=\"color: #0000ff;\">[14]<\/span> et fondateur en 1983 de l\u2019Albert Einstein Institution. Parmi les ouvrages les plus importants de Sharp sur la D\u00e9fense civile non-violente, signalons <em>Rendre l\u2019Europe invincible\u00a0: le potentiel de la dissuasion et de la d\u00e9fense civiles<\/em><span style=\"color: #0000ff;\">[15]<\/span> (1985) et <em>D\u00e9fense civile\u00a0: un syst\u00e8me post-militaire<\/em><span style=\"color: #0000ff;\">[16]<\/span> (1990). Ce dernier ouvrage a \u00e9t\u00e9 utilis\u00e9 par les gouvernements lituanien, letton et estonien lors de leur s\u00e9paration de l\u2019Union sovi\u00e9tique en 1991.<\/p>\n<p><strong>Terminologies<\/strong><\/p>\n<p>Plusieurs terminologies ont \u00e9t\u00e9 utilis\u00e9es pour nommer cette forme de d\u00e9fense. Si en France l&rsquo;expression la plus courante est \u00ab\u00a0D\u00e9fense civile non-violente\u00a0\u00bb, certains mouvements non-violents, comme le Man, ont utilis\u00e9 un temps le concept de \u00ab\u00a0d\u00e9fense populaire non-violente\u00a0\u00bb pour souligner le r\u00f4le essentiel de la base dans cette strat\u00e9gie de d\u00e9fense. En Belgique, c\u2019est l\u2019expression \u00ab\u00a0d\u00e9fense civile et populaire non-violente\u00a0\u00bb qui \u00e9tait privil\u00e9gi\u00e9e dans les ann\u00e9es 80.<\/p>\n<p>En Allemagne, Theodor Ebert a initi\u00e9 le terme de \u00ab\u00a0d\u00e9fense soci\u00e9tale\u00a0\u00bb (<em>Soziale Verteidigung<\/em>) pour montrer que la d\u00e9fense non-violente s&rsquo;applique \u00e9galement \u00e0 la d\u00e9fense des acquis sociaux contre des menaces internes aussi bien que contre des agressions ext\u00e9rieures. Cette expression veut aussi mettre l&rsquo;accent sur le lien fondamental qui existe entre les luttes sociales pour la promotion et la pr\u00e9servation des droits et des libert\u00e9s en temps de paix, et la d\u00e9fense par la soci\u00e9t\u00e9 civile de ces m\u00eames droits et libert\u00e9s en temps de crise. Enfin, l\u2019expression \u00ab\u00a0d\u00e9fense soci\u00e9tale\u00a0\u00bb entend souligner qu\u2019il ne s\u2019agit pas seulement de d\u00e9fendre des fronti\u00e8res et un territoire, mais un mode de vie et des institutions contre les intentions de l\u2019ennemi de prendre le contr\u00f4le du pays.<\/p>\n<p>En Angleterre, la Commission pour une autre d\u00e9fense adopte l&rsquo;expression \u00ab d\u00e9fense par r\u00e9sistance civile \u00bb (<em>Defence by civil resistance<\/em>), en r\u00e9f\u00e9rence aux luttes sans armes qui ont montr\u00e9 leurs potentialit\u00e9s, notamment pendant l&rsquo;occupation nazie en Europe.<\/p>\n<p>Aux \u00c9tats-Unis, l&rsquo;expression propos\u00e9e par Gene Sharp, \u00ab\u00a0d\u00e9fense bas\u00e9e sur les civils \u00bb (<em>Civilian-based Defense<\/em>), est la plus commun\u00e9ment utilis\u00e9e. L&rsquo;expression \u00ab\u00a0d\u00e9fense civile\u00a0\u00bb est \u00e9galement tr\u00e8s courante, bien que dans certains pays, comme la France, elle se rapporte davantage \u00e0 la protection civile en temps de guerre.<\/p>\n<p>L\u2019expression \u00ab\u00a0dissuasion civile\u00a0\u00bb, quant \u00e0 elle, est apparue en 1985 avec la publication de l\u2019ouvrage du m\u00eame nom. Dans cette \u00e9tude de r\u00e9f\u00e9rence, le caract\u00e8re dissuasif de la D\u00e9fense civile non-violente est mis en avant, d&rsquo;o\u00f9 l&rsquo;expression, nouvelle \u00e0 l&rsquo;\u00e9poque, de \u00ab\u00a0dissuasion civile\u00a0\u00bb.<\/p>\n<p>Il est \u00e0 noter que d\u2019autres expressions sont utilis\u00e9es ici ou l\u00e0 pour d\u00e9signer la d\u00e9fense non-violente d\u2019un pays\u00a0: \u00ab\u00a0d\u00e9fense bas\u00e9e sur la population civile\u00a0\u00bb, \u00ab\u00a0d\u00e9fense non militaire\u00a0\u00bb, \u00ab\u00a0d\u00e9fense non arm\u00e9e\u00a0\u00bb, \u00ab\u00a0d\u00e9fense non agressive\u00a0\u00bb. La derni\u00e8re expression apparue en fran\u00e7ais, issue de la traduction de \u00ab\u00a0<em>Civilian-Based Defense<\/em>\u00a0\u00bb, est celle de \u00ab\u00a0d\u00e9fense par actions civiles\u00a0\u00bb cr\u00e9\u00e9e par l\u2019Association Action Civile et D\u00e9fense.<\/p>\n<p>&nbsp;<\/p>\n<p><strong>Notes<\/strong><\/p>\n<p>[1] Bertrand Russel, \u00ab\u00a0La guerre et la non-r\u00e9sistance\u00a0\u00bb, <em>The Atlantic Monthly<\/em>, ao\u00fbt 1915, dans <em>Le pacifisme et la r\u00e9volution, \u00c9crits politiques<\/em> (1914-1918), Agone, 2014, p. 62-80.<\/p>\n<p>[2] Le 10 d\u00e9cembre 1931, lors d\u2019un meeting \u00e0 Gen\u00e8ve. <em>The Collected works of Mahatma Gandhi<\/em>, vol. 54, p.\u00a0284-285.<\/p>\n<p>[3] Richard Gregg, <em>The power of nonviolence<\/em>, J.B. Lippincott, Philadelphia, 1934.<\/p>\n<p>[4] Kenneth Boulding, <em>Path of Glory\u00a0: a new way with war<\/em>, Friends Book Center, London, 1937.<\/p>\n<p>[5] Jessie Wallace Hughan, <em>If We Should Be Invaded\u00a0: Facing a Fantastic Hypothesis<\/em>, War Resisters League, New-York, 1937.<\/p>\n<p>[6] Stephen King-Hall, <em>Defence in the nuclear age, <\/em>Victor Gollancz, London, 1958. Cet ouvrage a \u00e9t\u00e9 publi\u00e9 en fran\u00e7ais sous le titre <em>D\u00e9fense nucl\u00e9aire non-sens militaire<\/em>, aux \u00c9ditions de la Croix-du-Sud (Gen\u00e8ve, 1984) et par la revue <em>Alternatives Non-Violentes<\/em> (n\u00b0 50, d\u00e9cembre 1983).<\/p>\n<p>[7] Stephen King-Hall, <em>D\u00e9fense nucl\u00e9aire non-sens militaire<\/em> (1958), in <em>Alternatives Non-Violentes<\/em>, n\u00b0 50, d\u00e9cembre 1983, p. 42.<\/p>\n<p>[8] Johan Galtung, <em>Forsvar uten militaervesen. Et pasifistik grunnsynn<\/em>, Folkereisning Mot Krig, Oslo, 1959.<\/p>\n<p>[9] Theodor Ebert, <em>Die Gewaltfreie Zivilarmee. <\/em><em>Stimme der jungen G\u00e9n\u00e9ration<\/em>, Stuttgart, 1962\u00a0; Theodor Ebert, <em>Strategie des zivilen gewaltfreien Krieges<\/em>, Gewaltfreie Zivil-Armee (ceci devrait \u00eatre en italiques), Stuttgart, 1964.<\/p>\n<p>[10] Adam Roberts, <em>Civilian Resistance as a National Defence<\/em>, Pelican Books, England, 1963, Penguin Books, 1969.<\/p>\n<p>[11] Adam Roberts (Ed.), <em>The strategy of civilian defence. Non-violent Resistance to Agression<\/em>, Faber and Faber, London, 1967.<\/p>\n<p>[12] <em>Defence without the bomb\u00a0: the report of the Alternative Defence Commission,<\/em> Taylor and Francis, London, 1983.<\/p>\n<p>[13]<em> Alternatives Non-Violentes<\/em>, n\u00b0 43, Printemps 1983, p. 23-45.<\/p>\n<p>[14] Gene Sharp, <em>The\u00a0 politics of non-violent action<\/em>, Boston, Porter Sergent, 1973, 3 vols.<\/p>\n<p>[15] Gene Sharp, <em>Making Europe Unconquerable: The Potential of Civilian-based Deterrence and Defense, <\/em>London, Taylor &amp; Francis<em>, <\/em>1985.<\/p>\n<p>[16] Gene Sharp, <em>Civilian-Based Defense: A Post-Military Weapons System,<\/em> Princeton University Press, 1990. Traduction fran\u00e7aise\u00a0: <em>La guerre civilis\u00e9e\u00a0: la d\u00e9fense par actions civiles,<\/em> Presses Universitaires de Grenoble, 1995.<\/p>\n<p>&nbsp;<\/p>\n<p><strong>L\u2019Auteur<\/strong><\/p>\n<p><img loading=\"lazy\" decoding=\"async\" class=\"alignleft size-medium\" src=\"https:\/\/www.pressenza.com\/fr\/?attachment_id=2589521\" width=\"151\" height=\"143\" \/><\/p>\n<p>ALAIN REFALO est enseignant, membre-fondateur du Centre de ressources sur la non-violence et membre de l\u2019IRNC. Il est l\u2019auteur de <em>Le paradigme de la non-violence: itin\u00e9raire historique, s\u00e9mantique et lexicologique<\/em>, Lyon, Chronique sociale, 2023.<\/p>\n<p>&nbsp;<\/p>\n<p>&nbsp;<\/p>\n<p>&nbsp;<\/p>\n<p><em>Cet article fait partie du <a href=\"https:\/\/www.alternatives-non-violentes.org\/Revue\/Numeros\/213_La_Defense_civile_non-Violente\">Dossier La D\u00e9fense civile non-violente<\/a>, num\u00e9ro 213 (sp\u00e9cial)<\/em><em>, D\u00e9cembre 2024, <\/em><em>de la revue Alternatives non-violentes.<\/em><\/p>\n<p>&nbsp;<\/p>\n<p><em>Articles du Dossier \u2018La D\u00e9fense civile non-violente DCNV\u2019 publi\u00e9s par Pressenza <a href=\"https:\/\/www.pressenza.com\/fr\/tag\/defense-civile-non-violente\/\">en fran\u00e7ais<\/a>, <a href=\"https:\/\/www.pressenza.com\/de\/author\/alternatives-non-violentes\/\">en allemand<\/a>, <a href=\"https:\/\/www.pressenza.com\/author\/alternatives-non-violentes\/\">en anglais<\/a>.<\/em><\/p>\n","protected":false},"excerpt":{"rendered":"<p>L\u2019id\u00e9e de D\u00e9fense civile non-violente, en tant qu\u2019alternative \u00e0 la d\u00e9fense militaire classique, a d\u00e9j\u00e0 une longue histoire. Elle a connu plusieurs \u00e9tapes et s\u2019est nourrie de l\u2019exp\u00e9rience des luttes et des r\u00e9sistances civiles au XXe si\u00e8cle. L\u2019id\u00e9e de DCNV&hellip;<\/p>\n","protected":false},"author":2462,"featured_media":2596204,"comment_status":"closed","ping_status":"closed","sticky":false,"template":"","format":"standard","meta":{"footnotes":""},"categories":[98,85,40,1248],"tags":[133899,133900],"class_list":["post-2596200","post","type-post","status-publish","format-standard","has-post-thumbnail","hentry","category-droits-de-lhomme","category-europe-fr","category-international-fr","category-nonviolence-sujet","tag-dcnv","tag-defense-civile-non-violente"],"yoast_head":"<!-- This site is optimized with the Yoast SEO plugin v27.1.1 - https:\/\/yoast.com\/product\/yoast-seo-wordpress\/ -->\n<title>D\u00e9fense civile non-violente DCNV : Histoire d\u2019une notion<\/title>\n<meta name=\"description\" content=\"L\u2019id\u00e9e de D\u00e9fense civile non-violente, en tant qu\u2019alternative \u00e0 la d\u00e9fense militaire classique, a d\u00e9j\u00e0 une longue histoire. Elle a connu plusieurs \u00e9tapes\" \/>\n<meta name=\"robots\" content=\"index, follow, max-snippet:-1, max-image-preview:large, max-video-preview:-1\" \/>\n<link rel=\"canonical\" href=\"https:\/\/www.pressenza.com\/fr\/2025\/04\/defense-civile-non-violente-dcnv-histoire-dune-notion\/\" \/>\n<meta property=\"og:locale\" content=\"fr_FR\" \/>\n<meta property=\"og:type\" content=\"article\" \/>\n<meta property=\"og:title\" content=\"D\u00e9fense civile non-violente DCNV : Histoire d\u2019une notion\" \/>\n<meta property=\"og:description\" content=\"L\u2019id\u00e9e de D\u00e9fense civile non-violente, en tant qu\u2019alternative \u00e0 la d\u00e9fense militaire classique, a d\u00e9j\u00e0 une longue histoire. Elle a connu plusieurs \u00e9tapes\" \/>\n<meta property=\"og:url\" content=\"https:\/\/www.pressenza.com\/fr\/2025\/04\/defense-civile-non-violente-dcnv-histoire-dune-notion\/\" \/>\n<meta property=\"og:site_name\" content=\"Pressenza\" \/>\n<meta property=\"article:publisher\" content=\"https:\/\/www.facebook.com\/PressenzaItalia\" \/>\n<meta property=\"article:published_time\" content=\"2025-04-08T22:32:56+00:00\" \/>\n<meta property=\"article:modified_time\" content=\"2025-08-10T17:08:48+00:00\" \/>\n<meta property=\"og:image\" content=\"https:\/\/www.pressenza.com\/wp-content\/uploads\/2025\/04\/Lettonie-13-copia.jpg\" \/>\n\t<meta property=\"og:image:width\" content=\"820\" \/>\n\t<meta property=\"og:image:height\" content=\"546\" \/>\n\t<meta property=\"og:image:type\" content=\"image\/jpeg\" \/>\n<meta name=\"author\" content=\"Alternatives Non-Violentes\" \/>\n<meta name=\"twitter:card\" content=\"summary_large_image\" \/>\n<meta name=\"twitter:creator\" content=\"@PressenzaIPA\" \/>\n<meta name=\"twitter:site\" content=\"@PressenzaIPA\" \/>\n<meta name=\"twitter:label1\" content=\"\u00c9crit par\" \/>\n\t<meta name=\"twitter:data1\" content=\"Alternatives Non-Violentes\" \/>\n\t<meta name=\"twitter:label2\" content=\"Dur\u00e9e de lecture estim\u00e9e\" \/>\n\t<meta name=\"twitter:data2\" content=\"10 minutes\" \/>\n<script type=\"application\/ld+json\" class=\"yoast-schema-graph\">{\"@context\":\"https:\/\/schema.org\",\"@graph\":[{\"@type\":\"Article\",\"@id\":\"https:\/\/www.pressenza.com\/fr\/2025\/04\/defense-civile-non-violente-dcnv-histoire-dune-notion\/#article\",\"isPartOf\":{\"@id\":\"https:\/\/www.pressenza.com\/fr\/2025\/04\/defense-civile-non-violente-dcnv-histoire-dune-notion\/\"},\"author\":{\"name\":\"Alternatives Non-Violentes\",\"@id\":\"https:\/\/www.pressenza.com\/fr\/#\/schema\/person\/242e44a14be74988fffe0c35f10b6e0e\"},\"headline\":\"D\u00e9fense civile non-violente DCNV : Histoire d\u2019une notion\",\"datePublished\":\"2025-04-08T22:32:56+00:00\",\"dateModified\":\"2025-08-10T17:08:48+00:00\",\"mainEntityOfPage\":{\"@id\":\"https:\/\/www.pressenza.com\/fr\/2025\/04\/defense-civile-non-violente-dcnv-histoire-dune-notion\/\"},\"wordCount\":2085,\"publisher\":{\"@id\":\"https:\/\/www.pressenza.com\/fr\/#organization\"},\"image\":{\"@id\":\"https:\/\/www.pressenza.com\/fr\/2025\/04\/defense-civile-non-violente-dcnv-histoire-dune-notion\/#primaryimage\"},\"thumbnailUrl\":\"https:\/\/www.pressenza.com\/wp-content\/uploads\/2025\/04\/Lettonie-13-copia.jpg\",\"keywords\":[\"DCNV\",\"D\u00e9fense civile non-violente\"],\"articleSection\":[\"Droits humains\",\"Europe\",\"International\",\"Non-violence\"],\"inLanguage\":\"fr-FR\"},{\"@type\":\"WebPage\",\"@id\":\"https:\/\/www.pressenza.com\/fr\/2025\/04\/defense-civile-non-violente-dcnv-histoire-dune-notion\/\",\"url\":\"https:\/\/www.pressenza.com\/fr\/2025\/04\/defense-civile-non-violente-dcnv-histoire-dune-notion\/\",\"name\":\"D\u00e9fense civile non-violente DCNV : Histoire d\u2019une notion\",\"isPartOf\":{\"@id\":\"https:\/\/www.pressenza.com\/fr\/#website\"},\"primaryImageOfPage\":{\"@id\":\"https:\/\/www.pressenza.com\/fr\/2025\/04\/defense-civile-non-violente-dcnv-histoire-dune-notion\/#primaryimage\"},\"image\":{\"@id\":\"https:\/\/www.pressenza.com\/fr\/2025\/04\/defense-civile-non-violente-dcnv-histoire-dune-notion\/#primaryimage\"},\"thumbnailUrl\":\"https:\/\/www.pressenza.com\/wp-content\/uploads\/2025\/04\/Lettonie-13-copia.jpg\",\"datePublished\":\"2025-04-08T22:32:56+00:00\",\"dateModified\":\"2025-08-10T17:08:48+00:00\",\"description\":\"L\u2019id\u00e9e de D\u00e9fense civile non-violente, en tant qu\u2019alternative \u00e0 la d\u00e9fense militaire classique, a d\u00e9j\u00e0 une longue histoire. Elle a connu plusieurs \u00e9tapes\",\"breadcrumb\":{\"@id\":\"https:\/\/www.pressenza.com\/fr\/2025\/04\/defense-civile-non-violente-dcnv-histoire-dune-notion\/#breadcrumb\"},\"inLanguage\":\"fr-FR\",\"potentialAction\":[{\"@type\":\"ReadAction\",\"target\":[\"https:\/\/www.pressenza.com\/fr\/2025\/04\/defense-civile-non-violente-dcnv-histoire-dune-notion\/\"]}]},{\"@type\":\"ImageObject\",\"inLanguage\":\"fr-FR\",\"@id\":\"https:\/\/www.pressenza.com\/fr\/2025\/04\/defense-civile-non-violente-dcnv-histoire-dune-notion\/#primaryimage\",\"url\":\"https:\/\/www.pressenza.com\/wp-content\/uploads\/2025\/04\/Lettonie-13-copia.jpg\",\"contentUrl\":\"https:\/\/www.pressenza.com\/wp-content\/uploads\/2025\/04\/Lettonie-13-copia.jpg\",\"width\":820,\"height\":546},{\"@type\":\"BreadcrumbList\",\"@id\":\"https:\/\/www.pressenza.com\/fr\/2025\/04\/defense-civile-non-violente-dcnv-histoire-dune-notion\/#breadcrumb\",\"itemListElement\":[{\"@type\":\"ListItem\",\"position\":1,\"name\":\"Accueil\",\"item\":\"https:\/\/www.pressenza.com\/fr\/\"},{\"@type\":\"ListItem\",\"position\":2,\"name\":\"D\u00e9fense civile non-violente DCNV : Histoire d\u2019une notion\"}]},{\"@type\":\"WebSite\",\"@id\":\"https:\/\/www.pressenza.com\/fr\/#website\",\"url\":\"https:\/\/www.pressenza.com\/fr\/\",\"name\":\"Pressenza\",\"description\":\"International Press Agency\",\"publisher\":{\"@id\":\"https:\/\/www.pressenza.com\/fr\/#organization\"},\"potentialAction\":[{\"@type\":\"SearchAction\",\"target\":{\"@type\":\"EntryPoint\",\"urlTemplate\":\"https:\/\/www.pressenza.com\/fr\/?s={search_term_string}\"},\"query-input\":{\"@type\":\"PropertyValueSpecification\",\"valueRequired\":true,\"valueName\":\"search_term_string\"}}],\"inLanguage\":\"fr-FR\"},{\"@type\":\"Organization\",\"@id\":\"https:\/\/www.pressenza.com\/fr\/#organization\",\"name\":\"Pressenza\",\"url\":\"https:\/\/www.pressenza.com\/fr\/\",\"logo\":{\"@type\":\"ImageObject\",\"inLanguage\":\"fr-FR\",\"@id\":\"https:\/\/www.pressenza.com\/fr\/#\/schema\/logo\/image\/\",\"url\":\"https:\/\/www.pressenza.com\/wp-content\/uploads\/2022\/10\/pressenza_logo_200x200.jpg\",\"contentUrl\":\"https:\/\/www.pressenza.com\/wp-content\/uploads\/2022\/10\/pressenza_logo_200x200.jpg\",\"width\":200,\"height\":200,\"caption\":\"Pressenza\"},\"image\":{\"@id\":\"https:\/\/www.pressenza.com\/fr\/#\/schema\/logo\/image\/\"},\"sameAs\":[\"https:\/\/www.facebook.com\/PressenzaItalia\",\"https:\/\/x.com\/PressenzaIPA\"]},{\"@type\":\"Person\",\"@id\":\"https:\/\/www.pressenza.com\/fr\/#\/schema\/person\/242e44a14be74988fffe0c35f10b6e0e\",\"name\":\"Alternatives Non-Violentes\",\"description\":\"The magazine provides news about MAN (Movement for a Non-Violent Alternative): news briefs; an article entitled \u2018The Essentials\u2019 on a fundamental aspect of non-violence; a profile of a woman or man whose life has been marked by a commitment to non-violence; the article \u2018Agir au quotidien\u2019 (Acting on a daily basis), which presents a meaningful anecdote; etc. Non-violence is not a passive attitude but an effective alternative, based on the requirement for consistency between the end and the means. Non-violence has nothing to do with passivity or resignation. https:\/\/www.alternatives-non-violentes.org\/\",\"sameAs\":[\"https:\/\/www.alternatives-non-violentes.org\/Revue\"],\"url\":\"https:\/\/www.pressenza.com\/fr\/author\/alternatives-non-violentes\/\"}]}<\/script>\n<!-- \/ Yoast SEO plugin. -->","yoast_head_json":{"title":"D\u00e9fense civile non-violente DCNV : Histoire d\u2019une notion","description":"L\u2019id\u00e9e de D\u00e9fense civile non-violente, en tant qu\u2019alternative \u00e0 la d\u00e9fense militaire classique, a d\u00e9j\u00e0 une longue histoire. Elle a connu plusieurs \u00e9tapes","robots":{"index":"index","follow":"follow","max-snippet":"max-snippet:-1","max-image-preview":"max-image-preview:large","max-video-preview":"max-video-preview:-1"},"canonical":"https:\/\/www.pressenza.com\/fr\/2025\/04\/defense-civile-non-violente-dcnv-histoire-dune-notion\/","og_locale":"fr_FR","og_type":"article","og_title":"D\u00e9fense civile non-violente DCNV : Histoire d\u2019une notion","og_description":"L\u2019id\u00e9e de D\u00e9fense civile non-violente, en tant qu\u2019alternative \u00e0 la d\u00e9fense militaire classique, a d\u00e9j\u00e0 une longue histoire. Elle a connu plusieurs \u00e9tapes","og_url":"https:\/\/www.pressenza.com\/fr\/2025\/04\/defense-civile-non-violente-dcnv-histoire-dune-notion\/","og_site_name":"Pressenza","article_publisher":"https:\/\/www.facebook.com\/PressenzaItalia","article_published_time":"2025-04-08T22:32:56+00:00","article_modified_time":"2025-08-10T17:08:48+00:00","og_image":[{"width":820,"height":546,"url":"https:\/\/www.pressenza.com\/wp-content\/uploads\/2025\/04\/Lettonie-13-copia.jpg","type":"image\/jpeg"}],"author":"Alternatives Non-Violentes","twitter_card":"summary_large_image","twitter_creator":"@PressenzaIPA","twitter_site":"@PressenzaIPA","twitter_misc":{"\u00c9crit par":"Alternatives Non-Violentes","Dur\u00e9e de lecture estim\u00e9e":"10 minutes"},"schema":{"@context":"https:\/\/schema.org","@graph":[{"@type":"Article","@id":"https:\/\/www.pressenza.com\/fr\/2025\/04\/defense-civile-non-violente-dcnv-histoire-dune-notion\/#article","isPartOf":{"@id":"https:\/\/www.pressenza.com\/fr\/2025\/04\/defense-civile-non-violente-dcnv-histoire-dune-notion\/"},"author":{"name":"Alternatives Non-Violentes","@id":"https:\/\/www.pressenza.com\/fr\/#\/schema\/person\/242e44a14be74988fffe0c35f10b6e0e"},"headline":"D\u00e9fense civile non-violente DCNV : Histoire d\u2019une notion","datePublished":"2025-04-08T22:32:56+00:00","dateModified":"2025-08-10T17:08:48+00:00","mainEntityOfPage":{"@id":"https:\/\/www.pressenza.com\/fr\/2025\/04\/defense-civile-non-violente-dcnv-histoire-dune-notion\/"},"wordCount":2085,"publisher":{"@id":"https:\/\/www.pressenza.com\/fr\/#organization"},"image":{"@id":"https:\/\/www.pressenza.com\/fr\/2025\/04\/defense-civile-non-violente-dcnv-histoire-dune-notion\/#primaryimage"},"thumbnailUrl":"https:\/\/www.pressenza.com\/wp-content\/uploads\/2025\/04\/Lettonie-13-copia.jpg","keywords":["DCNV","D\u00e9fense civile non-violente"],"articleSection":["Droits humains","Europe","International","Non-violence"],"inLanguage":"fr-FR"},{"@type":"WebPage","@id":"https:\/\/www.pressenza.com\/fr\/2025\/04\/defense-civile-non-violente-dcnv-histoire-dune-notion\/","url":"https:\/\/www.pressenza.com\/fr\/2025\/04\/defense-civile-non-violente-dcnv-histoire-dune-notion\/","name":"D\u00e9fense civile non-violente DCNV : Histoire d\u2019une notion","isPartOf":{"@id":"https:\/\/www.pressenza.com\/fr\/#website"},"primaryImageOfPage":{"@id":"https:\/\/www.pressenza.com\/fr\/2025\/04\/defense-civile-non-violente-dcnv-histoire-dune-notion\/#primaryimage"},"image":{"@id":"https:\/\/www.pressenza.com\/fr\/2025\/04\/defense-civile-non-violente-dcnv-histoire-dune-notion\/#primaryimage"},"thumbnailUrl":"https:\/\/www.pressenza.com\/wp-content\/uploads\/2025\/04\/Lettonie-13-copia.jpg","datePublished":"2025-04-08T22:32:56+00:00","dateModified":"2025-08-10T17:08:48+00:00","description":"L\u2019id\u00e9e de D\u00e9fense civile non-violente, en tant qu\u2019alternative \u00e0 la d\u00e9fense militaire classique, a d\u00e9j\u00e0 une longue histoire. Elle a connu plusieurs \u00e9tapes","breadcrumb":{"@id":"https:\/\/www.pressenza.com\/fr\/2025\/04\/defense-civile-non-violente-dcnv-histoire-dune-notion\/#breadcrumb"},"inLanguage":"fr-FR","potentialAction":[{"@type":"ReadAction","target":["https:\/\/www.pressenza.com\/fr\/2025\/04\/defense-civile-non-violente-dcnv-histoire-dune-notion\/"]}]},{"@type":"ImageObject","inLanguage":"fr-FR","@id":"https:\/\/www.pressenza.com\/fr\/2025\/04\/defense-civile-non-violente-dcnv-histoire-dune-notion\/#primaryimage","url":"https:\/\/www.pressenza.com\/wp-content\/uploads\/2025\/04\/Lettonie-13-copia.jpg","contentUrl":"https:\/\/www.pressenza.com\/wp-content\/uploads\/2025\/04\/Lettonie-13-copia.jpg","width":820,"height":546},{"@type":"BreadcrumbList","@id":"https:\/\/www.pressenza.com\/fr\/2025\/04\/defense-civile-non-violente-dcnv-histoire-dune-notion\/#breadcrumb","itemListElement":[{"@type":"ListItem","position":1,"name":"Accueil","item":"https:\/\/www.pressenza.com\/fr\/"},{"@type":"ListItem","position":2,"name":"D\u00e9fense civile non-violente DCNV : Histoire d\u2019une notion"}]},{"@type":"WebSite","@id":"https:\/\/www.pressenza.com\/fr\/#website","url":"https:\/\/www.pressenza.com\/fr\/","name":"Pressenza","description":"International Press Agency","publisher":{"@id":"https:\/\/www.pressenza.com\/fr\/#organization"},"potentialAction":[{"@type":"SearchAction","target":{"@type":"EntryPoint","urlTemplate":"https:\/\/www.pressenza.com\/fr\/?s={search_term_string}"},"query-input":{"@type":"PropertyValueSpecification","valueRequired":true,"valueName":"search_term_string"}}],"inLanguage":"fr-FR"},{"@type":"Organization","@id":"https:\/\/www.pressenza.com\/fr\/#organization","name":"Pressenza","url":"https:\/\/www.pressenza.com\/fr\/","logo":{"@type":"ImageObject","inLanguage":"fr-FR","@id":"https:\/\/www.pressenza.com\/fr\/#\/schema\/logo\/image\/","url":"https:\/\/www.pressenza.com\/wp-content\/uploads\/2022\/10\/pressenza_logo_200x200.jpg","contentUrl":"https:\/\/www.pressenza.com\/wp-content\/uploads\/2022\/10\/pressenza_logo_200x200.jpg","width":200,"height":200,"caption":"Pressenza"},"image":{"@id":"https:\/\/www.pressenza.com\/fr\/#\/schema\/logo\/image\/"},"sameAs":["https:\/\/www.facebook.com\/PressenzaItalia","https:\/\/x.com\/PressenzaIPA"]},{"@type":"Person","@id":"https:\/\/www.pressenza.com\/fr\/#\/schema\/person\/242e44a14be74988fffe0c35f10b6e0e","name":"Alternatives Non-Violentes","description":"The magazine provides news about MAN (Movement for a Non-Violent Alternative): news briefs; an article entitled \u2018The Essentials\u2019 on a fundamental aspect of non-violence; a profile of a woman or man whose life has been marked by a commitment to non-violence; the article \u2018Agir au quotidien\u2019 (Acting on a daily basis), which presents a meaningful anecdote; etc. Non-violence is not a passive attitude but an effective alternative, based on the requirement for consistency between the end and the means. Non-violence has nothing to do with passivity or resignation. https:\/\/www.alternatives-non-violentes.org\/","sameAs":["https:\/\/www.alternatives-non-violentes.org\/Revue"],"url":"https:\/\/www.pressenza.com\/fr\/author\/alternatives-non-violentes\/"}]}},"place":"France, Alain Refalo","original_article_url":"","_links":{"self":[{"href":"https:\/\/www.pressenza.com\/fr\/wp-json\/wp\/v2\/posts\/2596200","targetHints":{"allow":["GET"]}}],"collection":[{"href":"https:\/\/www.pressenza.com\/fr\/wp-json\/wp\/v2\/posts"}],"about":[{"href":"https:\/\/www.pressenza.com\/fr\/wp-json\/wp\/v2\/types\/post"}],"author":[{"embeddable":true,"href":"https:\/\/www.pressenza.com\/fr\/wp-json\/wp\/v2\/users\/2462"}],"replies":[{"embeddable":true,"href":"https:\/\/www.pressenza.com\/fr\/wp-json\/wp\/v2\/comments?post=2596200"}],"version-history":[{"count":1,"href":"https:\/\/www.pressenza.com\/fr\/wp-json\/wp\/v2\/posts\/2596200\/revisions"}],"predecessor-version":[{"id":2626052,"href":"https:\/\/www.pressenza.com\/fr\/wp-json\/wp\/v2\/posts\/2596200\/revisions\/2626052"}],"wp:featuredmedia":[{"embeddable":true,"href":"https:\/\/www.pressenza.com\/fr\/wp-json\/wp\/v2\/media\/2596204"}],"wp:attachment":[{"href":"https:\/\/www.pressenza.com\/fr\/wp-json\/wp\/v2\/media?parent=2596200"}],"wp:term":[{"taxonomy":"category","embeddable":true,"href":"https:\/\/www.pressenza.com\/fr\/wp-json\/wp\/v2\/categories?post=2596200"},{"taxonomy":"post_tag","embeddable":true,"href":"https:\/\/www.pressenza.com\/fr\/wp-json\/wp\/v2\/tags?post=2596200"}],"curies":[{"name":"wp","href":"https:\/\/api.w.org\/{rel}","templated":true}]}}